{"id":67924,"date":"2025-01-07T10:37:47","date_gmt":"2025-01-07T09:37:47","guid":{"rendered":"https:\/\/dorogimedence.hu\/?p=67924"},"modified":"2025-01-07T10:37:47","modified_gmt":"2025-01-07T09:37:47","slug":"zold-kezdemenyezesek-dorogon-varosi-terek-fejlesztese-es-munkahelyteremtes","status":"publish","type":"post","link":"https:\/\/dorogimedence.hu\/index.php\/2025\/01\/07\/zold-kezdemenyezesek-dorogon-varosi-terek-fejlesztese-es-munkahelyteremtes\/","title":{"rendered":"Z\u00f6ld kezdem\u00e9nyez\u00e9sek Dorogon: V\u00e1rosi terek fejleszt\u00e9se \u00e9s munkahelyteremt\u00e9s"},"content":{"rendered":"<p><strong>Dorog \u00e9len j\u00e1r a z\u00f6ld kezdem\u00e9nyez\u00e9sek ter\u00e9n, amelyeket a k\u00f6z\u00f6ss\u00e9gi \u00f6sszefog\u00e1s \u00e9s a fenntarthat\u00f3 fejl\u0151d\u00e9s ir\u00e1nti elk\u00f6telezetts\u00e9g vez\u00e9rel.<\/strong><\/p>\n<p><span style=\"font-weight: 400;\">A &#8222;K\u00f6z\u00f6sen Dorog\u00e9rt Egyes\u00fclet&#8221; leg\u00fajabb projektje keret\u00e9ben 19 \u00f6r\u00f6kz\u00f6ld n\u00f6v\u00e9nyt helyeztek el a v\u00e1ros k\u00fcl\u00f6nb\u00f6z\u0151 pontjain, t\u00f6bbek k\u00f6z\u00f6tt a Nipl Stef\u00e1nia Uszoda k\u00f6rny\u00e9k\u00e9n. Ez a l\u00e9p\u00e9s nemcsak a v\u00e1rosi k\u00f6rnyezet eszt\u00e9tikai \u00e9s \u00f6kol\u00f3giai jav\u00edt\u00e1s\u00e1t c\u00e9lozza, hanem a k\u00f6z\u00f6ss\u00e9g sz\u00e1m\u00e1ra hossz\u00fa t\u00e1v\u00fa el\u0151ny\u00f6ket is k\u00edn\u00e1l.<\/span><\/p>\n<h4><b>A kezdem\u00e9nyez\u00e9s c\u00e9ljai \u00e9s hat\u00e1sa<\/b><\/h4>\n<p><span style=\"font-weight: 400;\">A projekt c\u00e9lja a v\u00e1rosi z\u00f6ldter\u00fcletek n\u00f6vel\u00e9se, amely hozz\u00e1j\u00e1rul a leveg\u0151min\u0151s\u00e9g jav\u00edt\u00e1s\u00e1hoz, a v\u00e1ros h\u0151m\u00e9rs\u00e9klet\u00e9nek cs\u00f6kkent\u00e9s\u00e9hez \u00e9s a lak\u00f3k j\u00f3l\u00e9t\u00e9hez. Az ilyen kezdem\u00e9nyez\u00e9sek k\u00f6z\u00f6ss\u00e9gi \u00e9rt\u00e9keket teremtenek, hiszen a lakosok bevon\u00e1s\u00e1val \u00e9s k\u00f6z\u00f6s er\u0151fesz\u00edt\u00e9seikkel val\u00f3sulnak meg. Az \u00f6r\u00f6kz\u00f6ldek ki\u00fcltet\u00e9se nemcsak eszt\u00e9tikai, hanem gyakorlati szempontb\u00f3l is fontos, hiszen hossz\u00fa t\u00e1von seg\u00edtenek a fenntarthat\u00f3s\u00e1gi c\u00e9lok el\u00e9r\u00e9s\u00e9ben.<\/span><\/p>\n<h4><b>Z\u00f6ld projektek \u00e9s a munkaer\u0151piac<\/b><\/h4>\n<p><span style=\"font-weight: 400;\">A fenntarthat\u00f3s\u00e1gi projektek jelent\u0151s hat\u00e1ssal vannak a helyi munkaer\u0151piacra. Az ilyen kezdem\u00e9nyez\u00e9sek ir\u00e1nti n\u00f6vekv\u0151 \u00e9rdekl\u0151d\u00e9s n\u00f6veli a keresletet t\u00e1j\u00e9p\u00edt\u00e9szek, kert\u00e9szek \u00e9s v\u00e1rostervez\u0151k ir\u00e1nt. Ezen t\u00falmen\u0151en, a z\u00f6ldter\u00fcletek fenntart\u00e1s\u00e1ra \u00e9s gondoz\u00e1s\u00e1ra ir\u00e1nyul\u00f3 munk\u00e1k hossz\u00fa t\u00e1v\u00fa foglalkoztat\u00e1si lehet\u0151s\u00e9geket teremtenek.<\/span><\/p>\n<p><span style=\"font-weight: 400;\">Az informatikai technol\u00f3gi\u00e1k is egyre nagyobb szerepet j\u00e1tszanak a fenntarthat\u00f3s\u00e1gi projektek sikeres megval\u00f3s\u00edt\u00e1s\u00e1ban. P\u00e9ld\u00e1ul az <\/span><a href=\"https:\/\/devsdata.com\/offshore-software-testing-top-agencies\/\" target=\"_blank\" rel=\"noopener\"><b><span style=\"text-decoration: underline; color: #0000ff;\">offshore software testing<\/span><\/b><\/a><span style=\"font-weight: 400;\"> seg\u00edti az olyan digit\u00e1lis rendszerek fejleszt\u00e9s\u00e9t, amelyek hat\u00e9konyan t\u00e1mogatj\u00e1k a projektek koordin\u00e1l\u00e1s\u00e1t \u00e9s nyomon k\u00f6vet\u00e9s\u00e9t. Ezen rendszerek biztos\u00edtj\u00e1k, hogy a rendelkez\u00e9sre \u00e1ll\u00f3 er\u0151forr\u00e1sokat a lehet\u0151 legjobban kihaszn\u00e1lj\u00e1k, ami elengedhetetlen a fenntarthat\u00f3s\u00e1g szempontj\u00e1b\u00f3l.<\/span><\/p>\n<h4><b>A technol\u00f3gia hozz\u00e1j\u00e1rul\u00e1sa<\/b><\/h4>\n<p><span style=\"font-weight: 400;\">A digit\u00e1lis technol\u00f3gi\u00e1k \u00e9s az innov\u00e1ci\u00f3 kulcsszerepet j\u00e1tszanak a modern z\u00f6ld kezdem\u00e9nyez\u00e9sek megval\u00f3s\u00edt\u00e1s\u00e1ban. Egyre t\u00f6bb projekt veszi ig\u00e9nybe p\u00e9ld\u00e1ul Django fejleszt\u0151k szak\u00e9rtelm\u00e9t, akik olyan webalkalmaz\u00e1sokat hoznak l\u00e9tre, amelyek seg\u00edtik az adatok elemz\u00e9s\u00e9t, a kommunik\u00e1ci\u00f3t \u00e9s az er\u0151forr\u00e1sok kezel\u00e9s\u00e9t. Egy <\/span><span style=\"text-decoration: underline; color: #0000ff;\"><a style=\"color: #0000ff;\" href=\"https:\/\/devsdata.com\/resumes\/django\/django-developer-resume-sample\/\" target=\"_blank\" rel=\"noopener\"><b>Django developer resume<\/b><\/a><\/span><span style=\"font-weight: 400;\"> \u00e1ttekint\u00e9se sor\u00e1n l\u00e1that\u00f3, hogy ezek a szakemberek milyen fontos szerepet j\u00e1tszanak a komplex fenntarthat\u00f3s\u00e1gi rendszerek tervez\u00e9s\u00e9ben \u00e9s m\u0171k\u00f6dtet\u00e9s\u00e9ben.<\/span><\/p>\n<h4><b>Helyi \u00e9s glob\u00e1lis el\u0151ny\u00f6k<\/b><\/h4>\n<p><span style=\"font-weight: 400;\">Az olyan kezdem\u00e9nyez\u00e9sek, mint a dorogi z\u00f6ld\u00edt\u00e9s, nemcsak helyi szinten, hanem glob\u00e1lis szinten is el\u0151ny\u00f6kkel j\u00e1rnak. Helyi szinten javul az \u00e9letmin\u0151s\u00e9g, n\u0151 a turizmus, \u00e9s er\u0151s\u00f6dik a k\u00f6z\u00f6ss\u00e9gi \u00f6sszetartoz\u00e1s \u00e9rz\u00e9se. Glob\u00e1lis szinten ezek a projektek p\u00e9ld\u00e1t mutatnak m\u00e1s telep\u00fcl\u00e9sek sz\u00e1m\u00e1ra, hogyan lehet fenntarthat\u00f3 m\u00f3don jav\u00edtani a v\u00e1rosi k\u00f6rnyezetet.<\/span><\/p>\n<p><span style=\"font-weight: 400;\">A munkahelyteremt\u00e9s szempontj\u00e1b\u00f3l a z\u00f6ld projektek t\u00f6bb \u00e1gazatban is fellend\u00fcl\u00e9st hoznak, bele\u00e9rtve a k\u00f6rnyezetv\u00e9delem, a technol\u00f3gia \u00e9s a k\u00f6z\u00f6ss\u00e9gi fejleszt\u00e9sek ter\u00fclet\u00e9t. Az ilyen kezdem\u00e9nyez\u00e9sek k\u00f6zvetlen \u00e9s k\u00f6zvetett m\u00f3don is hozz\u00e1j\u00e1rulnak a gazdas\u00e1gi n\u00f6veked\u00e9shez.<\/span><\/p>\n<h4><b>\u00d6sszegz\u00e9s<\/b><\/h4>\n<p><span style=\"font-weight: 400;\">A dorogi z\u00f6ld kezdem\u00e9nyez\u00e9sek p\u00e9ldak\u00e9nt szolg\u00e1lnak arra, hogy a fenntarthat\u00f3s\u00e1g \u00e9s a gazdas\u00e1gi fejl\u0151d\u00e9s k\u00e9z a k\u00e9zben j\u00e1rhat. A k\u00f6z\u00f6ss\u00e9g akt\u00edv r\u00e9szv\u00e9tele, a modern technol\u00f3giai megold\u00e1sok, mint az offshore software testing, \u00e9s a szakk\u00e9pzett munkaer\u0151, p\u00e9ld\u00e1ul a Django fejleszt\u0151k, egy\u00fcttesen biztos\u00edtj\u00e1k a projektek siker\u00e9t. Ezek a l\u00e9p\u00e9sek nemcsak a jelen, hanem a j\u00f6v\u0151 gener\u00e1ci\u00f3i sz\u00e1m\u00e1ra is fenntarthat\u00f3 \u00e9s \u00e9lhet\u0151bb k\u00f6rnyezetet teremtenek.<\/span><\/p>\n","protected":false},"excerpt":{"rendered":"<p>Dorog \u00e9len j\u00e1r a z\u00f6ld kezdem\u00e9nyez\u00e9sek ter\u00e9n, amelyeket a k\u00f6z\u00f6ss\u00e9gi \u00f6sszefog\u00e1s \u00e9s a fenntarthat\u00f3 fejl\u0151d\u00e9s ir\u00e1nti elk\u00f6telezetts\u00e9g vez\u00e9rel. A &#8222;K\u00f6z\u00f6sen Dorog\u00e9rt Egyes\u00fclet&#8221; leg\u00fajabb projektje keret\u00e9ben 19 \u00f6r\u00f6kz\u00f6ld n\u00f6v\u00e9nyt helyeztek el a v\u00e1ros k\u00fcl\u00f6nb\u00f6z\u0151 pontjain, t\u00f6bbek k\u00f6z\u00f6tt a Nipl Stef\u00e1nia Uszoda k\u00f6rny\u00e9k\u00e9n. Ez a l\u00e9p\u00e9s nemcsak a v\u00e1rosi k\u00f6rnyezet eszt\u00e9tikai \u00e9s \u00f6kol\u00f3giai jav\u00edt\u00e1s\u00e1t c\u00e9lozza, hanem a<\/p>\n","protected":false},"author":1,"featured_media":0,"comment_status":"closed","ping_status":"closed","sticky":false,"template":"","format":"standard","meta":{"ngg_post_thumbnail":0,"footnotes":""},"categories":[3],"tags":[],"class_list":{"0":"post-67924","1":"post","2":"type-post","3":"status-publish","4":"format-standard","6":"category-hirek"},"yoast_head":"<!-- This site is optimized with the Yoast SEO plugin v27.5 - https:\/\/yoast.com\/product\/yoast-seo-wordpress\/ -->\n<title>Z\u00f6ld kezdem\u00e9nyez\u00e9sek Dorogon: V\u00e1rosi terek fejleszt\u00e9se \u00e9s munkahelyteremt\u00e9s<\/title>\n<meta name=\"robots\" content=\"index, follow, max-snippet:-1, max-image-preview:large, max-video-preview:-1\" \/>\n<link rel=\"canonical\" href=\"https:\/\/dorogimedence.hu\/index.php\/2025\/01\/07\/zold-kezdemenyezesek-dorogon-varosi-terek-fejlesztese-es-munkahelyteremtes\/\" class=\"yoast-seo-meta-tag\" \/>\n<meta property=\"og:locale\" content=\"hu_HU\" class=\"yoast-seo-meta-tag\" \/>\n<meta property=\"og:type\" content=\"article\" class=\"yoast-seo-meta-tag\" \/>\n<meta property=\"og:title\" content=\"Z\u00f6ld kezdem\u00e9nyez\u00e9sek Dorogon: V\u00e1rosi terek fejleszt\u00e9se \u00e9s munkahelyteremt\u00e9s\" class=\"yoast-seo-meta-tag\" \/>\n<meta property=\"og:description\" content=\"Dorog \u00e9len j\u00e1r a z\u00f6ld kezdem\u00e9nyez\u00e9sek ter\u00e9n, amelyeket a k\u00f6z\u00f6ss\u00e9gi \u00f6sszefog\u00e1s \u00e9s a fenntarthat\u00f3 fejl\u0151d\u00e9s ir\u00e1nti elk\u00f6telezetts\u00e9g vez\u00e9rel. A &#8222;K\u00f6z\u00f6sen Dorog\u00e9rt Egyes\u00fclet&#8221; leg\u00fajabb projektje keret\u00e9ben 19 \u00f6r\u00f6kz\u00f6ld n\u00f6v\u00e9nyt helyeztek el a v\u00e1ros k\u00fcl\u00f6nb\u00f6z\u0151 pontjain, t\u00f6bbek k\u00f6z\u00f6tt a Nipl Stef\u00e1nia Uszoda k\u00f6rny\u00e9k\u00e9n. Ez a l\u00e9p\u00e9s nemcsak a v\u00e1rosi k\u00f6rnyezet eszt\u00e9tikai \u00e9s \u00f6kol\u00f3giai jav\u00edt\u00e1s\u00e1t c\u00e9lozza, hanem a\" class=\"yoast-seo-meta-tag\" \/>\n<meta property=\"og:url\" content=\"https:\/\/dorogimedence.hu\/index.php\/2025\/01\/07\/zold-kezdemenyezesek-dorogon-varosi-terek-fejlesztese-es-munkahelyteremtes\/\" class=\"yoast-seo-meta-tag\" \/>\n<meta property=\"og:site_name\" content=\"Dorogi-medence Region\u00e1lis H\u00edrport\u00e1l\" class=\"yoast-seo-meta-tag\" \/>\n<meta property=\"article:publisher\" content=\"https:\/\/www.facebook.com\/dorogimedence\/\" class=\"yoast-seo-meta-tag\" \/>\n<meta property=\"article:published_time\" content=\"2025-01-07T09:37:47+00:00\" class=\"yoast-seo-meta-tag\" \/>\n<meta property=\"og:image\" content=\"https:\/\/dorogimedence.hu\/wp-content\/uploads\/2025\/01\/zrzutekranu2025-01-06144255.png\" class=\"yoast-seo-meta-tag\" \/>\n\t<meta property=\"og:image:width\" content=\"678\" class=\"yoast-seo-meta-tag\" \/>\n\t<meta property=\"og:image:height\" content=\"380\" class=\"yoast-seo-meta-tag\" \/>\n\t<meta property=\"og:image:type\" content=\"image\/png\" class=\"yoast-seo-meta-tag\" \/>\n<meta name=\"author\" content=\"dorogimedence.hu\" class=\"yoast-seo-meta-tag\" \/>\n<meta name=\"twitter:card\" content=\"summary_large_image\" class=\"yoast-seo-meta-tag\" \/>\n<meta name=\"twitter:label1\" content=\"Szerz\u0151:\" class=\"yoast-seo-meta-tag\" \/>\n\t<meta name=\"twitter:data1\" content=\"dorogimedence.hu\" class=\"yoast-seo-meta-tag\" \/>\n\t<meta name=\"twitter:label2\" content=\"Becs\u00fclt olvas\u00e1si id\u0151\" class=\"yoast-seo-meta-tag\" \/>\n\t<meta name=\"twitter:data2\" content=\"4 perc\" class=\"yoast-seo-meta-tag\" \/>\n<script type=\"application\/ld+json\" class=\"yoast-schema-graph\">{\"@context\":\"https:\\\/\\\/schema.org\",\"@graph\":[{\"@type\":\"Article\",\"@id\":\"https:\\\/\\\/dorogimedence.hu\\\/index.php\\\/2025\\\/01\\\/07\\\/zold-kezdemenyezesek-dorogon-varosi-terek-fejlesztese-es-munkahelyteremtes\\\/#article\",\"isPartOf\":{\"@id\":\"https:\\\/\\\/dorogimedence.hu\\\/index.php\\\/2025\\\/01\\\/07\\\/zold-kezdemenyezesek-dorogon-varosi-terek-fejlesztese-es-munkahelyteremtes\\\/\"},\"author\":{\"name\":\"dorogimedence.hu\",\"@id\":\"https:\\\/\\\/dorogimedence.hu\\\/#\\\/schema\\\/person\\\/ce6091eeb7e95ecdc87890d6aa8e0fd4\"},\"headline\":\"Z\u00f6ld kezdem\u00e9nyez\u00e9sek Dorogon: V\u00e1rosi terek fejleszt\u00e9se \u00e9s munkahelyteremt\u00e9s\",\"datePublished\":\"2025-01-07T09:37:47+00:00\",\"mainEntityOfPage\":{\"@id\":\"https:\\\/\\\/dorogimedence.hu\\\/index.php\\\/2025\\\/01\\\/07\\\/zold-kezdemenyezesek-dorogon-varosi-terek-fejlesztese-es-munkahelyteremtes\\\/\"},\"wordCount\":766,\"publisher\":{\"@id\":\"https:\\\/\\\/dorogimedence.hu\\\/#organization\"},\"articleSection\":[\"H\u00edrek\"],\"inLanguage\":\"hu\"},{\"@type\":\"WebPage\",\"@id\":\"https:\\\/\\\/dorogimedence.hu\\\/index.php\\\/2025\\\/01\\\/07\\\/zold-kezdemenyezesek-dorogon-varosi-terek-fejlesztese-es-munkahelyteremtes\\\/\",\"url\":\"https:\\\/\\\/dorogimedence.hu\\\/index.php\\\/2025\\\/01\\\/07\\\/zold-kezdemenyezesek-dorogon-varosi-terek-fejlesztese-es-munkahelyteremtes\\\/\",\"name\":\"Z\u00f6ld kezdem\u00e9nyez\u00e9sek Dorogon: V\u00e1rosi terek fejleszt\u00e9se \u00e9s munkahelyteremt\u00e9s\",\"isPartOf\":{\"@id\":\"https:\\\/\\\/dorogimedence.hu\\\/#website\"},\"datePublished\":\"2025-01-07T09:37:47+00:00\",\"breadcrumb\":{\"@id\":\"https:\\\/\\\/dorogimedence.hu\\\/index.php\\\/2025\\\/01\\\/07\\\/zold-kezdemenyezesek-dorogon-varosi-terek-fejlesztese-es-munkahelyteremtes\\\/#breadcrumb\"},\"inLanguage\":\"hu\",\"potentialAction\":[{\"@type\":\"ReadAction\",\"target\":[\"https:\\\/\\\/dorogimedence.hu\\\/index.php\\\/2025\\\/01\\\/07\\\/zold-kezdemenyezesek-dorogon-varosi-terek-fejlesztese-es-munkahelyteremtes\\\/\"]}]},{\"@type\":\"BreadcrumbList\",\"@id\":\"https:\\\/\\\/dorogimedence.hu\\\/index.php\\\/2025\\\/01\\\/07\\\/zold-kezdemenyezesek-dorogon-varosi-terek-fejlesztese-es-munkahelyteremtes\\\/#breadcrumb\",\"itemListElement\":[{\"@type\":\"ListItem\",\"position\":1,\"name\":\"Kezd\u0151lap\",\"item\":\"https:\\\/\\\/dorogimedence.hu\\\/\"},{\"@type\":\"ListItem\",\"position\":2,\"name\":\"Z\u00f6ld kezdem\u00e9nyez\u00e9sek Dorogon: V\u00e1rosi terek fejleszt\u00e9se \u00e9s munkahelyteremt\u00e9s\"}]},{\"@type\":\"WebSite\",\"@id\":\"https:\\\/\\\/dorogimedence.hu\\\/#website\",\"url\":\"https:\\\/\\\/dorogimedence.hu\\\/\",\"name\":\"Dorogi-medence Region\u00e1lis H\u00edrport\u00e1l\",\"description\":\"Dorog, Keszt\u00f6lc, Le\u00e1nyv\u00e1r, Piliscs\u00e9v, Tokod, Tokodalt\u00e1r\u00f3, Csolnok, Esztergom-kertv\u00e1ros: h\u00edrek, programok\",\"publisher\":{\"@id\":\"https:\\\/\\\/dorogimedence.hu\\\/#organization\"},\"potentialAction\":[{\"@type\":\"SearchAction\",\"target\":{\"@type\":\"EntryPoint\",\"urlTemplate\":\"https:\\\/\\\/dorogimedence.hu\\\/?s={search_term_string}\"},\"query-input\":{\"@type\":\"PropertyValueSpecification\",\"valueRequired\":true,\"valueName\":\"search_term_string\"}}],\"inLanguage\":\"hu\"},{\"@type\":\"Organization\",\"@id\":\"https:\\\/\\\/dorogimedence.hu\\\/#organization\",\"name\":\"Dorogi-medence Region\u00e1lis H\u00edrport\u00e1l\",\"url\":\"https:\\\/\\\/dorogimedence.hu\\\/\",\"logo\":{\"@type\":\"ImageObject\",\"inLanguage\":\"hu\",\"@id\":\"https:\\\/\\\/dorogimedence.hu\\\/#\\\/schema\\\/logo\\\/image\\\/\",\"url\":\"https:\\\/\\\/dorogimedence.hu\\\/wp-content\\\/uploads\\\/2021\\\/04\\\/logo-feher-600.png\",\"contentUrl\":\"https:\\\/\\\/dorogimedence.hu\\\/wp-content\\\/uploads\\\/2021\\\/04\\\/logo-feher-600.png\",\"width\":600,\"height\":100,\"caption\":\"Dorogi-medence Region\u00e1lis H\u00edrport\u00e1l\"},\"image\":{\"@id\":\"https:\\\/\\\/dorogimedence.hu\\\/#\\\/schema\\\/logo\\\/image\\\/\"},\"sameAs\":[\"https:\\\/\\\/www.facebook.com\\\/dorogimedence\\\/\"]},{\"@type\":\"Person\",\"@id\":\"https:\\\/\\\/dorogimedence.hu\\\/#\\\/schema\\\/person\\\/ce6091eeb7e95ecdc87890d6aa8e0fd4\",\"name\":\"dorogimedence.hu\",\"image\":{\"@type\":\"ImageObject\",\"inLanguage\":\"hu\",\"@id\":\"\\\/\\\/www.gravatar.com\\\/avatar\\\/d8d45f8901aadff40a4af72c0b826f1d?s=96&#038;r=g&#038;d=mm\",\"url\":\"\\\/\\\/www.gravatar.com\\\/avatar\\\/d8d45f8901aadff40a4af72c0b826f1d?s=96&#038;r=g&#038;d=mm\",\"contentUrl\":\"\\\/\\\/www.gravatar.com\\\/avatar\\\/d8d45f8901aadff40a4af72c0b826f1d?s=96&#038;r=g&#038;d=mm\",\"caption\":\"dorogimedence.hu\"}}]}<\/script>\n<!-- \/ Yoast SEO plugin. -->","yoast_head_json":{"title":"Z\u00f6ld kezdem\u00e9nyez\u00e9sek Dorogon: V\u00e1rosi terek fejleszt\u00e9se \u00e9s munkahelyteremt\u00e9s","robots":{"index":"index","follow":"follow","max-snippet":"max-snippet:-1","max-image-preview":"max-image-preview:large","max-video-preview":"max-video-preview:-1"},"canonical":"https:\/\/dorogimedence.hu\/index.php\/2025\/01\/07\/zold-kezdemenyezesek-dorogon-varosi-terek-fejlesztese-es-munkahelyteremtes\/","og_locale":"hu_HU","og_type":"article","og_title":"Z\u00f6ld kezdem\u00e9nyez\u00e9sek Dorogon: V\u00e1rosi terek fejleszt\u00e9se \u00e9s munkahelyteremt\u00e9s","og_description":"Dorog \u00e9len j\u00e1r a z\u00f6ld kezdem\u00e9nyez\u00e9sek ter\u00e9n, amelyeket a k\u00f6z\u00f6ss\u00e9gi \u00f6sszefog\u00e1s \u00e9s a fenntarthat\u00f3 fejl\u0151d\u00e9s ir\u00e1nti elk\u00f6telezetts\u00e9g vez\u00e9rel. A &#8222;K\u00f6z\u00f6sen Dorog\u00e9rt Egyes\u00fclet&#8221; leg\u00fajabb projektje keret\u00e9ben 19 \u00f6r\u00f6kz\u00f6ld n\u00f6v\u00e9nyt helyeztek el a v\u00e1ros k\u00fcl\u00f6nb\u00f6z\u0151 pontjain, t\u00f6bbek k\u00f6z\u00f6tt a Nipl Stef\u00e1nia Uszoda k\u00f6rny\u00e9k\u00e9n. Ez a l\u00e9p\u00e9s nemcsak a v\u00e1rosi k\u00f6rnyezet eszt\u00e9tikai \u00e9s \u00f6kol\u00f3giai jav\u00edt\u00e1s\u00e1t c\u00e9lozza, hanem a","og_url":"https:\/\/dorogimedence.hu\/index.php\/2025\/01\/07\/zold-kezdemenyezesek-dorogon-varosi-terek-fejlesztese-es-munkahelyteremtes\/","og_site_name":"Dorogi-medence Region\u00e1lis H\u00edrport\u00e1l","article_publisher":"https:\/\/www.facebook.com\/dorogimedence\/","article_published_time":"2025-01-07T09:37:47+00:00","og_image":[{"width":678,"height":380,"url":"https:\/\/dorogimedence.hu\/wp-content\/uploads\/2025\/01\/zrzutekranu2025-01-06144255.png","type":"image\/png"}],"author":"dorogimedence.hu","twitter_card":"summary_large_image","twitter_misc":{"Szerz\u0151:":"dorogimedence.hu","Becs\u00fclt olvas\u00e1si id\u0151":"4 perc"},"schema":{"@context":"https:\/\/schema.org","@graph":[{"@type":"Article","@id":"https:\/\/dorogimedence.hu\/index.php\/2025\/01\/07\/zold-kezdemenyezesek-dorogon-varosi-terek-fejlesztese-es-munkahelyteremtes\/#article","isPartOf":{"@id":"https:\/\/dorogimedence.hu\/index.php\/2025\/01\/07\/zold-kezdemenyezesek-dorogon-varosi-terek-fejlesztese-es-munkahelyteremtes\/"},"author":{"name":"dorogimedence.hu","@id":"https:\/\/dorogimedence.hu\/#\/schema\/person\/ce6091eeb7e95ecdc87890d6aa8e0fd4"},"headline":"Z\u00f6ld kezdem\u00e9nyez\u00e9sek Dorogon: V\u00e1rosi terek fejleszt\u00e9se \u00e9s munkahelyteremt\u00e9s","datePublished":"2025-01-07T09:37:47+00:00","mainEntityOfPage":{"@id":"https:\/\/dorogimedence.hu\/index.php\/2025\/01\/07\/zold-kezdemenyezesek-dorogon-varosi-terek-fejlesztese-es-munkahelyteremtes\/"},"wordCount":766,"publisher":{"@id":"https:\/\/dorogimedence.hu\/#organization"},"articleSection":["H\u00edrek"],"inLanguage":"hu"},{"@type":"WebPage","@id":"https:\/\/dorogimedence.hu\/index.php\/2025\/01\/07\/zold-kezdemenyezesek-dorogon-varosi-terek-fejlesztese-es-munkahelyteremtes\/","url":"https:\/\/dorogimedence.hu\/index.php\/2025\/01\/07\/zold-kezdemenyezesek-dorogon-varosi-terek-fejlesztese-es-munkahelyteremtes\/","name":"Z\u00f6ld kezdem\u00e9nyez\u00e9sek Dorogon: V\u00e1rosi terek fejleszt\u00e9se \u00e9s munkahelyteremt\u00e9s","isPartOf":{"@id":"https:\/\/dorogimedence.hu\/#website"},"datePublished":"2025-01-07T09:37:47+00:00","breadcrumb":{"@id":"https:\/\/dorogimedence.hu\/index.php\/2025\/01\/07\/zold-kezdemenyezesek-dorogon-varosi-terek-fejlesztese-es-munkahelyteremtes\/#breadcrumb"},"inLanguage":"hu","potentialAction":[{"@type":"ReadAction","target":["https:\/\/dorogimedence.hu\/index.php\/2025\/01\/07\/zold-kezdemenyezesek-dorogon-varosi-terek-fejlesztese-es-munkahelyteremtes\/"]}]},{"@type":"BreadcrumbList","@id":"https:\/\/dorogimedence.hu\/index.php\/2025\/01\/07\/zold-kezdemenyezesek-dorogon-varosi-terek-fejlesztese-es-munkahelyteremtes\/#breadcrumb","itemListElement":[{"@type":"ListItem","position":1,"name":"Kezd\u0151lap","item":"https:\/\/dorogimedence.hu\/"},{"@type":"ListItem","position":2,"name":"Z\u00f6ld kezdem\u00e9nyez\u00e9sek Dorogon: V\u00e1rosi terek fejleszt\u00e9se \u00e9s munkahelyteremt\u00e9s"}]},{"@type":"WebSite","@id":"https:\/\/dorogimedence.hu\/#website","url":"https:\/\/dorogimedence.hu\/","name":"Dorogi-medence Region\u00e1lis H\u00edrport\u00e1l","description":"Dorog, Keszt\u00f6lc, Le\u00e1nyv\u00e1r, Piliscs\u00e9v, Tokod, Tokodalt\u00e1r\u00f3, Csolnok, Esztergom-kertv\u00e1ros: h\u00edrek, programok","publisher":{"@id":"https:\/\/dorogimedence.hu\/#organization"},"potentialAction":[{"@type":"SearchAction","target":{"@type":"EntryPoint","urlTemplate":"https:\/\/dorogimedence.hu\/?s={search_term_string}"},"query-input":{"@type":"PropertyValueSpecification","valueRequired":true,"valueName":"search_term_string"}}],"inLanguage":"hu"},{"@type":"Organization","@id":"https:\/\/dorogimedence.hu\/#organization","name":"Dorogi-medence Region\u00e1lis H\u00edrport\u00e1l","url":"https:\/\/dorogimedence.hu\/","logo":{"@type":"ImageObject","inLanguage":"hu","@id":"https:\/\/dorogimedence.hu\/#\/schema\/logo\/image\/","url":"https:\/\/dorogimedence.hu\/wp-content\/uploads\/2021\/04\/logo-feher-600.png","contentUrl":"https:\/\/dorogimedence.hu\/wp-content\/uploads\/2021\/04\/logo-feher-600.png","width":600,"height":100,"caption":"Dorogi-medence Region\u00e1lis H\u00edrport\u00e1l"},"image":{"@id":"https:\/\/dorogimedence.hu\/#\/schema\/logo\/image\/"},"sameAs":["https:\/\/www.facebook.com\/dorogimedence\/"]},{"@type":"Person","@id":"https:\/\/dorogimedence.hu\/#\/schema\/person\/ce6091eeb7e95ecdc87890d6aa8e0fd4","name":"dorogimedence.hu","image":{"@type":"ImageObject","inLanguage":"hu","@id":"\/\/www.gravatar.com\/avatar\/d8d45f8901aadff40a4af72c0b826f1d?s=96&#038;r=g&#038;d=mm","url":"\/\/www.gravatar.com\/avatar\/d8d45f8901aadff40a4af72c0b826f1d?s=96&#038;r=g&#038;d=mm","contentUrl":"\/\/www.gravatar.com\/avatar\/d8d45f8901aadff40a4af72c0b826f1d?s=96&#038;r=g&#038;d=mm","caption":"dorogimedence.hu"}}]}},"_links":{"self":[{"href":"https:\/\/dorogimedence.hu\/index.php\/wp-json\/wp\/v2\/posts\/67924","targetHints":{"allow":["GET"]}}],"collection":[{"href":"https:\/\/dorogimedence.hu\/index.php\/wp-json\/wp\/v2\/posts"}],"about":[{"href":"https:\/\/dorogimedence.hu\/index.php\/wp-json\/wp\/v2\/types\/post"}],"author":[{"embeddable":true,"href":"https:\/\/dorogimedence.hu\/index.php\/wp-json\/wp\/v2\/users\/1"}],"replies":[{"embeddable":true,"href":"https:\/\/dorogimedence.hu\/index.php\/wp-json\/wp\/v2\/comments?post=67924"}],"version-history":[{"count":0,"href":"https:\/\/dorogimedence.hu\/index.php\/wp-json\/wp\/v2\/posts\/67924\/revisions"}],"wp:attachment":[{"href":"https:\/\/dorogimedence.hu\/index.php\/wp-json\/wp\/v2\/media?parent=67924"}],"wp:term":[{"taxonomy":"category","embeddable":true,"href":"https:\/\/dorogimedence.hu\/index.php\/wp-json\/wp\/v2\/categories?post=67924"},{"taxonomy":"post_tag","embeddable":true,"href":"https:\/\/dorogimedence.hu\/index.php\/wp-json\/wp\/v2\/tags?post=67924"}],"curies":[{"name":"wp","href":"https:\/\/api.w.org\/{rel}","templated":true}]}}