{"id":67897,"date":"2025-01-06T09:52:56","date_gmt":"2025-01-06T08:52:56","guid":{"rendered":"https:\/\/dorogimedence.hu\/?p=67897"},"modified":"2025-01-06T09:52:56","modified_gmt":"2025-01-06T08:52:56","slug":"tati-jatekos-nyert-a-labatlani-darts-versenyen","status":"publish","type":"post","link":"https:\/\/dorogimedence.hu\/index.php\/2025\/01\/06\/tati-jatekos-nyert-a-labatlani-darts-versenyen\/","title":{"rendered":"T\u00e1ti j\u00e1t\u00e9kos nyert a l\u00e1batlani darts versenyen"},"content":{"rendered":"<p><strong>A PDC-dartsvil\u00e1gbajnoks\u00e1g \u00e1rny\u00e9k\u00e1ban rendezt\u00e9k meg a II. <\/strong><strong>D\u00e1vid Napi Darts Versenyt L\u00e1batlanon.<\/strong><\/p>\n<p>A hatvann\u00e9gy f\u0151sre tervezett esem\u00e9nyre R\u00e1cz D\u00e1vid (\u00f6tletgazda) \u00e9s a L\u00e1batlani Darts Klub ismer\u0151sei, bar\u00e1tai kaptak megh\u00edv\u00e1st, v\u00e9g\u00fcl 54 f\u0151 jelent meg 12 klub k\u00e9pviselet\u00e9ben.<\/p>\n<p>A bemeleg\u00edt\u0151 csoportmeccsek ut\u00e1n kialakult a 32-es f\u0151t\u00e1bla, ahonnan m\u00e1r egyenes kies\u00e9ses rendszerben j\u00e1tszottak tov\u00e1bb a versenyz\u0151k, innent\u0151l m\u00e1r hosszabb, 3 nyert leges meccsek k\u00f6vetkeztek az el\u0151d\u00f6nt\u0151kig. De amire a csoportmeccsek lezajlottak elk\u00e9sz\u00fclt a pince p\u00f6rk\u00f6lt, \u00edgy m\u00e1r eb\u00e9d ut\u00e1n folytat\u00f3dott a j\u00e1t\u00e9k.<\/p>\n<p>Sok-sok remek m\u00e9rk\u0151z\u00e9s, 100 pluszos kisz\u00e1ll\u00f3k \u00e9s 180-ak ut\u00e1n kialakult a legjobb 4, ahov\u00e1 4 klub legjobbjai jutottak be (Jansz\u00f3 K\u00e1roly a P\u00e1rk\u00e1nyi Darts Klub, Galba Istv\u00e1n a T\u00e1ti F\u0151nix Darts Klub, Cseh J\u00f3zsef a Tatab\u00e1nyai Sport Hotel Darts Klub \u00e9s Schmidt Barnab\u00e1s a hazai L\u00e1batlani Darts Klub k\u00e9pviselet\u00e9ben).<\/p>\n<p>Az izgalmas el\u0151d\u00f6nt\u0151k ut\u00e1n T\u00e1t \u00e9s L\u00e1batlan els\u0151sz\u00e1m\u00fa j\u00e1t\u00e9kosai jutottak a d\u00f6nt\u0151be. A 2 remek j\u00e1t\u00e9kos r\u00e9g\u00f3ta ismeri egym\u00e1st sok-sok remek csat\u00e1t v\u00edvtak m\u00e1r a T\u00e1ti Lig\u00e1ban \u00e9s az Amat\u0151r Csapatbajnoks\u00e1gban is. Nagyszer\u0171en indult a m\u00e9rk\u0151z\u00e9s sz\u00e1munkra, Schmidt Barnab\u00e1s gyorsan elh\u00fazott 2-1-re, majd 3-1-re is, innen azonban Galba Istv\u00e1n percei k\u00f6vetkeztek, egy 180-at is j\u00f3kor dobva egyenl\u00edteni tudott (3-3). Barnab\u00e1s ism\u00e9t \u00e1tvette a vezet\u00e9st 4-3-ra \u00e9s nagyon k\u00f6zel \u00e1llt a m\u00e9rk\u0151z\u00e9s megnyer\u00e9s\u00e9hez, de ism\u00e9t Istv\u00e1n nyert meg 2 leget egym\u00e1s ut\u00e1n, m\u00e9g egy 180-ast elhelyezve a t\u00e1bl\u00e1ban \u00e9s a n\u00e9pes T\u00e1ti szurkol\u00f3t\u00e1bor el\u0151tt megnyerte a versenyt. Mivel ez V\u00e1ndorkupa is egyben, \u00edgy a tavalyi gy\u0151ztest\u0151l, Kecsk\u00e9s Tam\u00e1st\u00f3l \u00e1tvette a V\u00e1ndorserleget, melyet egy \u00e9vig \u0151rizhet.<\/p>\n<p><img fetchpriority=\"high\" decoding=\"async\" class=\"alignnone size-full wp-image-67899\" src=\"https:\/\/dorogimedence.hu\/wp-content\/uploads\/2025\/01\/472562495_8935632019825763_530666138553813965_n-scaled.jpg\" alt=\"\" width=\"2560\" height=\"1152\" srcset=\"https:\/\/dorogimedence.hu\/wp-content\/uploads\/2025\/01\/472562495_8935632019825763_530666138553813965_n-scaled.jpg 2560w, https:\/\/dorogimedence.hu\/wp-content\/uploads\/2025\/01\/472562495_8935632019825763_530666138553813965_n-600x270.jpg 600w, https:\/\/dorogimedence.hu\/wp-content\/uploads\/2025\/01\/472562495_8935632019825763_530666138553813965_n-1920x864.jpg 1920w, https:\/\/dorogimedence.hu\/wp-content\/uploads\/2025\/01\/472562495_8935632019825763_530666138553813965_n-768x346.jpg 768w, https:\/\/dorogimedence.hu\/wp-content\/uploads\/2025\/01\/472562495_8935632019825763_530666138553813965_n-1536x691.jpg 1536w, https:\/\/dorogimedence.hu\/wp-content\/uploads\/2025\/01\/472562495_8935632019825763_530666138553813965_n-2048x922.jpg 2048w, https:\/\/dorogimedence.hu\/wp-content\/uploads\/2025\/01\/472562495_8935632019825763_530666138553813965_n-150x68.jpg 150w, https:\/\/dorogimedence.hu\/wp-content\/uploads\/2025\/01\/472562495_8935632019825763_530666138553813965_n-450x203.jpg 450w, https:\/\/dorogimedence.hu\/wp-content\/uploads\/2025\/01\/472562495_8935632019825763_530666138553813965_n-1200x540.jpg 1200w\" sizes=\"(max-width: 2560px) 100vw, 2560px\" \/><\/p>\n<p><strong>A II. D\u00e1vid Napi Verseny v\u00e9geredm\u00e9nye:<\/strong><\/p>\n<ol>\n<li>Galba Istv\u00e1n (T\u00e1ti F\u0151nix Darts Klub)<\/li>\n<li>Schmidt Barnab\u00e1s (L\u00e1batlani Darts Klub)<\/li>\n<li>Cseh J\u00f3zsef (Tatab\u00e1nyai Sport Hotel DC)<\/li>\n<li>Jansz\u00f3 K\u00e1roly (P\u00e1rk\u00e1nyi Darts Klub)<\/li>\n<\/ol>\n<p><strong>Legt\u00f6bb 180-as d\u00edj:<\/strong> Galba Istv\u00e1n (T\u00e1ti F\u0151nix Darts Klub)<\/p>\n<p><strong>Legnagyobb kisz\u00e1ll\u00f3 d\u00edj:<\/strong> Galba J\u00f3zsef (L\u00e1batlani Darts Klub)<\/p>\n<p><strong>Legjobb n\u0151i j\u00e1t\u00e9kos d\u00edj:<\/strong> Fazekas Andrea (\u00d6rd\u00f6glovas Darts Club Bajna)<\/p>\n<p><em>A verseny t\u00e1mogat\u00f3i: Zalanwood Bt., V Tet\u0151, Hanzlik Dekor, Varga D\u00e1niel E.V., Teller P\u00e9ter polg\u00e1rmester.<\/em><\/p>\n<p><em>Fot\u00f3k, forr\u00e1s: Schmidt Barnab\u00e1s (L\u00e1batlan Facebook csoport)<\/em><\/p>\n","protected":false},"excerpt":{"rendered":"<p>A PDC-dartsvil\u00e1gbajnoks\u00e1g \u00e1rny\u00e9k\u00e1ban rendezt\u00e9k meg a II. D\u00e1vid Napi Darts Versenyt L\u00e1batlanon. A hatvann\u00e9gy f\u0151sre tervezett esem\u00e9nyre R\u00e1cz D\u00e1vid (\u00f6tletgazda) \u00e9s a L\u00e1batlani Darts Klub ismer\u0151sei, bar\u00e1tai kaptak megh\u00edv\u00e1st, v\u00e9g\u00fcl 54 f\u0151 jelent meg 12 klub k\u00e9pviselet\u00e9ben. A bemeleg\u00edt\u0151 csoportmeccsek ut\u00e1n kialakult a 32-es f\u0151t\u00e1bla, ahonnan m\u00e1r egyenes kies\u00e9ses rendszerben j\u00e1tszottak tov\u00e1bb a versenyz\u0151k, innent\u0151l<\/p>\n","protected":false},"author":1,"featured_media":67898,"comment_status":"closed","ping_status":"closed","sticky":false,"template":"","format":"standard","meta":{"ngg_post_thumbnail":0,"footnotes":""},"categories":[3,56,5],"tags":[4416,8182,489,16],"class_list":{"0":"post-67897","1":"post","2":"type-post","3":"status-publish","4":"format-standard","5":"has-post-thumbnail","7":"category-hirek","8":"category-komarom-esztergom","9":"category-sport","10":"tag-darts","11":"tag-dartsverseny","12":"tag-labatlan","13":"tag-sport"},"yoast_head":"<!-- This site is optimized with the Yoast SEO plugin v27.4 - https:\/\/yoast.com\/product\/yoast-seo-wordpress\/ -->\n<title>T\u00e1ti j\u00e1t\u00e9kos nyert a l\u00e1batlani darts versenyen<\/title>\n<meta name=\"robots\" content=\"index, follow, max-snippet:-1, max-image-preview:large, max-video-preview:-1\" \/>\n<link rel=\"canonical\" href=\"https:\/\/dorogimedence.hu\/index.php\/2025\/01\/06\/tati-jatekos-nyert-a-labatlani-darts-versenyen\/\" class=\"yoast-seo-meta-tag\" \/>\n<meta property=\"og:locale\" content=\"hu_HU\" class=\"yoast-seo-meta-tag\" \/>\n<meta property=\"og:type\" content=\"article\" class=\"yoast-seo-meta-tag\" \/>\n<meta property=\"og:title\" content=\"T\u00e1ti j\u00e1t\u00e9kos nyert a l\u00e1batlani darts versenyen\" class=\"yoast-seo-meta-tag\" \/>\n<meta property=\"og:description\" content=\"A PDC-dartsvil\u00e1gbajnoks\u00e1g \u00e1rny\u00e9k\u00e1ban rendezt\u00e9k meg a II. D\u00e1vid Napi Darts Versenyt L\u00e1batlanon. A hatvann\u00e9gy f\u0151sre tervezett esem\u00e9nyre R\u00e1cz D\u00e1vid (\u00f6tletgazda) \u00e9s a L\u00e1batlani Darts Klub ismer\u0151sei, bar\u00e1tai kaptak megh\u00edv\u00e1st, v\u00e9g\u00fcl 54 f\u0151 jelent meg 12 klub k\u00e9pviselet\u00e9ben. A bemeleg\u00edt\u0151 csoportmeccsek ut\u00e1n kialakult a 32-es f\u0151t\u00e1bla, ahonnan m\u00e1r egyenes kies\u00e9ses rendszerben j\u00e1tszottak tov\u00e1bb a versenyz\u0151k, innent\u0151l\" class=\"yoast-seo-meta-tag\" \/>\n<meta property=\"og:url\" content=\"https:\/\/dorogimedence.hu\/index.php\/2025\/01\/06\/tati-jatekos-nyert-a-labatlani-darts-versenyen\/\" class=\"yoast-seo-meta-tag\" \/>\n<meta property=\"og:site_name\" content=\"Dorogi-medence Region\u00e1lis H\u00edrport\u00e1l\" class=\"yoast-seo-meta-tag\" \/>\n<meta property=\"article:publisher\" content=\"https:\/\/www.facebook.com\/dorogimedence\/\" class=\"yoast-seo-meta-tag\" \/>\n<meta property=\"article:published_time\" content=\"2025-01-06T08:52:56+00:00\" class=\"yoast-seo-meta-tag\" \/>\n<meta property=\"og:image\" content=\"https:\/\/dorogimedence.hu\/wp-content\/uploads\/2025\/01\/472670013_8935632219825743_8822162747211321058_n.jpg\" class=\"yoast-seo-meta-tag\" \/>\n\t<meta property=\"og:image:width\" content=\"2048\" class=\"yoast-seo-meta-tag\" \/>\n\t<meta property=\"og:image:height\" content=\"1536\" class=\"yoast-seo-meta-tag\" \/>\n\t<meta property=\"og:image:type\" content=\"image\/jpeg\" class=\"yoast-seo-meta-tag\" \/>\n<meta name=\"author\" content=\"dorogimedence.hu\" class=\"yoast-seo-meta-tag\" \/>\n<meta name=\"twitter:card\" content=\"summary_large_image\" class=\"yoast-seo-meta-tag\" \/>\n<meta name=\"twitter:label1\" content=\"Szerz\u0151:\" class=\"yoast-seo-meta-tag\" \/>\n\t<meta name=\"twitter:data1\" content=\"dorogimedence.hu\" class=\"yoast-seo-meta-tag\" \/>\n\t<meta name=\"twitter:label2\" content=\"Becs\u00fclt olvas\u00e1si id\u0151\" class=\"yoast-seo-meta-tag\" \/>\n\t<meta name=\"twitter:data2\" content=\"2 perc\" class=\"yoast-seo-meta-tag\" \/>\n<script type=\"application\/ld+json\" class=\"yoast-schema-graph\">{\"@context\":\"https:\\\/\\\/schema.org\",\"@graph\":[{\"@type\":\"Article\",\"@id\":\"https:\\\/\\\/dorogimedence.hu\\\/index.php\\\/2025\\\/01\\\/06\\\/tati-jatekos-nyert-a-labatlani-darts-versenyen\\\/#article\",\"isPartOf\":{\"@id\":\"https:\\\/\\\/dorogimedence.hu\\\/index.php\\\/2025\\\/01\\\/06\\\/tati-jatekos-nyert-a-labatlani-darts-versenyen\\\/\"},\"author\":{\"name\":\"dorogimedence.hu\",\"@id\":\"https:\\\/\\\/dorogimedence.hu\\\/#\\\/schema\\\/person\\\/ce6091eeb7e95ecdc87890d6aa8e0fd4\"},\"headline\":\"T\u00e1ti j\u00e1t\u00e9kos nyert a l\u00e1batlani darts versenyen\",\"datePublished\":\"2025-01-06T08:52:56+00:00\",\"mainEntityOfPage\":{\"@id\":\"https:\\\/\\\/dorogimedence.hu\\\/index.php\\\/2025\\\/01\\\/06\\\/tati-jatekos-nyert-a-labatlani-darts-versenyen\\\/\"},\"wordCount\":490,\"publisher\":{\"@id\":\"https:\\\/\\\/dorogimedence.hu\\\/#organization\"},\"image\":{\"@id\":\"https:\\\/\\\/dorogimedence.hu\\\/index.php\\\/2025\\\/01\\\/06\\\/tati-jatekos-nyert-a-labatlani-darts-versenyen\\\/#primaryimage\"},\"thumbnailUrl\":\"https:\\\/\\\/dorogimedence.hu\\\/wp-content\\\/uploads\\\/2025\\\/01\\\/472670013_8935632219825743_8822162747211321058_n.jpg\",\"keywords\":[\"darts\",\"dartsverseny\",\"L\u00e1batlan\",\"sport\"],\"articleSection\":[\"H\u00edrek\",\"Kom\u00e1rom-Esztergom\",\"Sport\"],\"inLanguage\":\"hu\"},{\"@type\":\"WebPage\",\"@id\":\"https:\\\/\\\/dorogimedence.hu\\\/index.php\\\/2025\\\/01\\\/06\\\/tati-jatekos-nyert-a-labatlani-darts-versenyen\\\/\",\"url\":\"https:\\\/\\\/dorogimedence.hu\\\/index.php\\\/2025\\\/01\\\/06\\\/tati-jatekos-nyert-a-labatlani-darts-versenyen\\\/\",\"name\":\"T\u00e1ti j\u00e1t\u00e9kos nyert a l\u00e1batlani darts versenyen\",\"isPartOf\":{\"@id\":\"https:\\\/\\\/dorogimedence.hu\\\/#website\"},\"primaryImageOfPage\":{\"@id\":\"https:\\\/\\\/dorogimedence.hu\\\/index.php\\\/2025\\\/01\\\/06\\\/tati-jatekos-nyert-a-labatlani-darts-versenyen\\\/#primaryimage\"},\"image\":{\"@id\":\"https:\\\/\\\/dorogimedence.hu\\\/index.php\\\/2025\\\/01\\\/06\\\/tati-jatekos-nyert-a-labatlani-darts-versenyen\\\/#primaryimage\"},\"thumbnailUrl\":\"https:\\\/\\\/dorogimedence.hu\\\/wp-content\\\/uploads\\\/2025\\\/01\\\/472670013_8935632219825743_8822162747211321058_n.jpg\",\"datePublished\":\"2025-01-06T08:52:56+00:00\",\"breadcrumb\":{\"@id\":\"https:\\\/\\\/dorogimedence.hu\\\/index.php\\\/2025\\\/01\\\/06\\\/tati-jatekos-nyert-a-labatlani-darts-versenyen\\\/#breadcrumb\"},\"inLanguage\":\"hu\",\"potentialAction\":[{\"@type\":\"ReadAction\",\"target\":[\"https:\\\/\\\/dorogimedence.hu\\\/index.php\\\/2025\\\/01\\\/06\\\/tati-jatekos-nyert-a-labatlani-darts-versenyen\\\/\"]}]},{\"@type\":\"ImageObject\",\"inLanguage\":\"hu\",\"@id\":\"https:\\\/\\\/dorogimedence.hu\\\/index.php\\\/2025\\\/01\\\/06\\\/tati-jatekos-nyert-a-labatlani-darts-versenyen\\\/#primaryimage\",\"url\":\"https:\\\/\\\/dorogimedence.hu\\\/wp-content\\\/uploads\\\/2025\\\/01\\\/472670013_8935632219825743_8822162747211321058_n.jpg\",\"contentUrl\":\"https:\\\/\\\/dorogimedence.hu\\\/wp-content\\\/uploads\\\/2025\\\/01\\\/472670013_8935632219825743_8822162747211321058_n.jpg\",\"width\":2048,\"height\":1536},{\"@type\":\"BreadcrumbList\",\"@id\":\"https:\\\/\\\/dorogimedence.hu\\\/index.php\\\/2025\\\/01\\\/06\\\/tati-jatekos-nyert-a-labatlani-darts-versenyen\\\/#breadcrumb\",\"itemListElement\":[{\"@type\":\"ListItem\",\"position\":1,\"name\":\"Kezd\u0151lap\",\"item\":\"https:\\\/\\\/dorogimedence.hu\\\/\"},{\"@type\":\"ListItem\",\"position\":2,\"name\":\"T\u00e1ti j\u00e1t\u00e9kos nyert a l\u00e1batlani darts versenyen\"}]},{\"@type\":\"WebSite\",\"@id\":\"https:\\\/\\\/dorogimedence.hu\\\/#website\",\"url\":\"https:\\\/\\\/dorogimedence.hu\\\/\",\"name\":\"Dorogi-medence Region\u00e1lis H\u00edrport\u00e1l\",\"description\":\"Dorog, Keszt\u00f6lc, Le\u00e1nyv\u00e1r, Piliscs\u00e9v, Tokod, Tokodalt\u00e1r\u00f3, Csolnok, Esztergom-kertv\u00e1ros: h\u00edrek, programok\",\"publisher\":{\"@id\":\"https:\\\/\\\/dorogimedence.hu\\\/#organization\"},\"potentialAction\":[{\"@type\":\"SearchAction\",\"target\":{\"@type\":\"EntryPoint\",\"urlTemplate\":\"https:\\\/\\\/dorogimedence.hu\\\/?s={search_term_string}\"},\"query-input\":{\"@type\":\"PropertyValueSpecification\",\"valueRequired\":true,\"valueName\":\"search_term_string\"}}],\"inLanguage\":\"hu\"},{\"@type\":\"Organization\",\"@id\":\"https:\\\/\\\/dorogimedence.hu\\\/#organization\",\"name\":\"Dorogi-medence Region\u00e1lis H\u00edrport\u00e1l\",\"url\":\"https:\\\/\\\/dorogimedence.hu\\\/\",\"logo\":{\"@type\":\"ImageObject\",\"inLanguage\":\"hu\",\"@id\":\"https:\\\/\\\/dorogimedence.hu\\\/#\\\/schema\\\/logo\\\/image\\\/\",\"url\":\"https:\\\/\\\/dorogimedence.hu\\\/wp-content\\\/uploads\\\/2021\\\/04\\\/logo-feher-600.png\",\"contentUrl\":\"https:\\\/\\\/dorogimedence.hu\\\/wp-content\\\/uploads\\\/2021\\\/04\\\/logo-feher-600.png\",\"width\":600,\"height\":100,\"caption\":\"Dorogi-medence Region\u00e1lis H\u00edrport\u00e1l\"},\"image\":{\"@id\":\"https:\\\/\\\/dorogimedence.hu\\\/#\\\/schema\\\/logo\\\/image\\\/\"},\"sameAs\":[\"https:\\\/\\\/www.facebook.com\\\/dorogimedence\\\/\"]},{\"@type\":\"Person\",\"@id\":\"https:\\\/\\\/dorogimedence.hu\\\/#\\\/schema\\\/person\\\/ce6091eeb7e95ecdc87890d6aa8e0fd4\",\"name\":\"dorogimedence.hu\",\"image\":{\"@type\":\"ImageObject\",\"inLanguage\":\"hu\",\"@id\":\"\\\/\\\/www.gravatar.com\\\/avatar\\\/d8d45f8901aadff40a4af72c0b826f1d?s=96&#038;r=g&#038;d=mm\",\"url\":\"\\\/\\\/www.gravatar.com\\\/avatar\\\/d8d45f8901aadff40a4af72c0b826f1d?s=96&#038;r=g&#038;d=mm\",\"contentUrl\":\"\\\/\\\/www.gravatar.com\\\/avatar\\\/d8d45f8901aadff40a4af72c0b826f1d?s=96&#038;r=g&#038;d=mm\",\"caption\":\"dorogimedence.hu\"}}]}<\/script>\n<!-- \/ Yoast SEO plugin. -->","yoast_head_json":{"title":"T\u00e1ti j\u00e1t\u00e9kos nyert a l\u00e1batlani darts versenyen","robots":{"index":"index","follow":"follow","max-snippet":"max-snippet:-1","max-image-preview":"max-image-preview:large","max-video-preview":"max-video-preview:-1"},"canonical":"https:\/\/dorogimedence.hu\/index.php\/2025\/01\/06\/tati-jatekos-nyert-a-labatlani-darts-versenyen\/","og_locale":"hu_HU","og_type":"article","og_title":"T\u00e1ti j\u00e1t\u00e9kos nyert a l\u00e1batlani darts versenyen","og_description":"A PDC-dartsvil\u00e1gbajnoks\u00e1g \u00e1rny\u00e9k\u00e1ban rendezt\u00e9k meg a II. D\u00e1vid Napi Darts Versenyt L\u00e1batlanon. A hatvann\u00e9gy f\u0151sre tervezett esem\u00e9nyre R\u00e1cz D\u00e1vid (\u00f6tletgazda) \u00e9s a L\u00e1batlani Darts Klub ismer\u0151sei, bar\u00e1tai kaptak megh\u00edv\u00e1st, v\u00e9g\u00fcl 54 f\u0151 jelent meg 12 klub k\u00e9pviselet\u00e9ben. A bemeleg\u00edt\u0151 csoportmeccsek ut\u00e1n kialakult a 32-es f\u0151t\u00e1bla, ahonnan m\u00e1r egyenes kies\u00e9ses rendszerben j\u00e1tszottak tov\u00e1bb a versenyz\u0151k, innent\u0151l","og_url":"https:\/\/dorogimedence.hu\/index.php\/2025\/01\/06\/tati-jatekos-nyert-a-labatlani-darts-versenyen\/","og_site_name":"Dorogi-medence Region\u00e1lis H\u00edrport\u00e1l","article_publisher":"https:\/\/www.facebook.com\/dorogimedence\/","article_published_time":"2025-01-06T08:52:56+00:00","og_image":[{"width":2048,"height":1536,"url":"https:\/\/dorogimedence.hu\/wp-content\/uploads\/2025\/01\/472670013_8935632219825743_8822162747211321058_n.jpg","type":"image\/jpeg"}],"author":"dorogimedence.hu","twitter_card":"summary_large_image","twitter_misc":{"Szerz\u0151:":"dorogimedence.hu","Becs\u00fclt olvas\u00e1si id\u0151":"2 perc"},"schema":{"@context":"https:\/\/schema.org","@graph":[{"@type":"Article","@id":"https:\/\/dorogimedence.hu\/index.php\/2025\/01\/06\/tati-jatekos-nyert-a-labatlani-darts-versenyen\/#article","isPartOf":{"@id":"https:\/\/dorogimedence.hu\/index.php\/2025\/01\/06\/tati-jatekos-nyert-a-labatlani-darts-versenyen\/"},"author":{"name":"dorogimedence.hu","@id":"https:\/\/dorogimedence.hu\/#\/schema\/person\/ce6091eeb7e95ecdc87890d6aa8e0fd4"},"headline":"T\u00e1ti j\u00e1t\u00e9kos nyert a l\u00e1batlani darts versenyen","datePublished":"2025-01-06T08:52:56+00:00","mainEntityOfPage":{"@id":"https:\/\/dorogimedence.hu\/index.php\/2025\/01\/06\/tati-jatekos-nyert-a-labatlani-darts-versenyen\/"},"wordCount":490,"publisher":{"@id":"https:\/\/dorogimedence.hu\/#organization"},"image":{"@id":"https:\/\/dorogimedence.hu\/index.php\/2025\/01\/06\/tati-jatekos-nyert-a-labatlani-darts-versenyen\/#primaryimage"},"thumbnailUrl":"https:\/\/dorogimedence.hu\/wp-content\/uploads\/2025\/01\/472670013_8935632219825743_8822162747211321058_n.jpg","keywords":["darts","dartsverseny","L\u00e1batlan","sport"],"articleSection":["H\u00edrek","Kom\u00e1rom-Esztergom","Sport"],"inLanguage":"hu"},{"@type":"WebPage","@id":"https:\/\/dorogimedence.hu\/index.php\/2025\/01\/06\/tati-jatekos-nyert-a-labatlani-darts-versenyen\/","url":"https:\/\/dorogimedence.hu\/index.php\/2025\/01\/06\/tati-jatekos-nyert-a-labatlani-darts-versenyen\/","name":"T\u00e1ti j\u00e1t\u00e9kos nyert a l\u00e1batlani darts versenyen","isPartOf":{"@id":"https:\/\/dorogimedence.hu\/#website"},"primaryImageOfPage":{"@id":"https:\/\/dorogimedence.hu\/index.php\/2025\/01\/06\/tati-jatekos-nyert-a-labatlani-darts-versenyen\/#primaryimage"},"image":{"@id":"https:\/\/dorogimedence.hu\/index.php\/2025\/01\/06\/tati-jatekos-nyert-a-labatlani-darts-versenyen\/#primaryimage"},"thumbnailUrl":"https:\/\/dorogimedence.hu\/wp-content\/uploads\/2025\/01\/472670013_8935632219825743_8822162747211321058_n.jpg","datePublished":"2025-01-06T08:52:56+00:00","breadcrumb":{"@id":"https:\/\/dorogimedence.hu\/index.php\/2025\/01\/06\/tati-jatekos-nyert-a-labatlani-darts-versenyen\/#breadcrumb"},"inLanguage":"hu","potentialAction":[{"@type":"ReadAction","target":["https:\/\/dorogimedence.hu\/index.php\/2025\/01\/06\/tati-jatekos-nyert-a-labatlani-darts-versenyen\/"]}]},{"@type":"ImageObject","inLanguage":"hu","@id":"https:\/\/dorogimedence.hu\/index.php\/2025\/01\/06\/tati-jatekos-nyert-a-labatlani-darts-versenyen\/#primaryimage","url":"https:\/\/dorogimedence.hu\/wp-content\/uploads\/2025\/01\/472670013_8935632219825743_8822162747211321058_n.jpg","contentUrl":"https:\/\/dorogimedence.hu\/wp-content\/uploads\/2025\/01\/472670013_8935632219825743_8822162747211321058_n.jpg","width":2048,"height":1536},{"@type":"BreadcrumbList","@id":"https:\/\/dorogimedence.hu\/index.php\/2025\/01\/06\/tati-jatekos-nyert-a-labatlani-darts-versenyen\/#breadcrumb","itemListElement":[{"@type":"ListItem","position":1,"name":"Kezd\u0151lap","item":"https:\/\/dorogimedence.hu\/"},{"@type":"ListItem","position":2,"name":"T\u00e1ti j\u00e1t\u00e9kos nyert a l\u00e1batlani darts versenyen"}]},{"@type":"WebSite","@id":"https:\/\/dorogimedence.hu\/#website","url":"https:\/\/dorogimedence.hu\/","name":"Dorogi-medence Region\u00e1lis H\u00edrport\u00e1l","description":"Dorog, Keszt\u00f6lc, Le\u00e1nyv\u00e1r, Piliscs\u00e9v, Tokod, Tokodalt\u00e1r\u00f3, Csolnok, Esztergom-kertv\u00e1ros: h\u00edrek, programok","publisher":{"@id":"https:\/\/dorogimedence.hu\/#organization"},"potentialAction":[{"@type":"SearchAction","target":{"@type":"EntryPoint","urlTemplate":"https:\/\/dorogimedence.hu\/?s={search_term_string}"},"query-input":{"@type":"PropertyValueSpecification","valueRequired":true,"valueName":"search_term_string"}}],"inLanguage":"hu"},{"@type":"Organization","@id":"https:\/\/dorogimedence.hu\/#organization","name":"Dorogi-medence Region\u00e1lis H\u00edrport\u00e1l","url":"https:\/\/dorogimedence.hu\/","logo":{"@type":"ImageObject","inLanguage":"hu","@id":"https:\/\/dorogimedence.hu\/#\/schema\/logo\/image\/","url":"https:\/\/dorogimedence.hu\/wp-content\/uploads\/2021\/04\/logo-feher-600.png","contentUrl":"https:\/\/dorogimedence.hu\/wp-content\/uploads\/2021\/04\/logo-feher-600.png","width":600,"height":100,"caption":"Dorogi-medence Region\u00e1lis H\u00edrport\u00e1l"},"image":{"@id":"https:\/\/dorogimedence.hu\/#\/schema\/logo\/image\/"},"sameAs":["https:\/\/www.facebook.com\/dorogimedence\/"]},{"@type":"Person","@id":"https:\/\/dorogimedence.hu\/#\/schema\/person\/ce6091eeb7e95ecdc87890d6aa8e0fd4","name":"dorogimedence.hu","image":{"@type":"ImageObject","inLanguage":"hu","@id":"\/\/www.gravatar.com\/avatar\/d8d45f8901aadff40a4af72c0b826f1d?s=96&#038;r=g&#038;d=mm","url":"\/\/www.gravatar.com\/avatar\/d8d45f8901aadff40a4af72c0b826f1d?s=96&#038;r=g&#038;d=mm","contentUrl":"\/\/www.gravatar.com\/avatar\/d8d45f8901aadff40a4af72c0b826f1d?s=96&#038;r=g&#038;d=mm","caption":"dorogimedence.hu"}}]}},"_links":{"self":[{"href":"https:\/\/dorogimedence.hu\/index.php\/wp-json\/wp\/v2\/posts\/67897","targetHints":{"allow":["GET"]}}],"collection":[{"href":"https:\/\/dorogimedence.hu\/index.php\/wp-json\/wp\/v2\/posts"}],"about":[{"href":"https:\/\/dorogimedence.hu\/index.php\/wp-json\/wp\/v2\/types\/post"}],"author":[{"embeddable":true,"href":"https:\/\/dorogimedence.hu\/index.php\/wp-json\/wp\/v2\/users\/1"}],"replies":[{"embeddable":true,"href":"https:\/\/dorogimedence.hu\/index.php\/wp-json\/wp\/v2\/comments?post=67897"}],"version-history":[{"count":0,"href":"https:\/\/dorogimedence.hu\/index.php\/wp-json\/wp\/v2\/posts\/67897\/revisions"}],"wp:featuredmedia":[{"embeddable":true,"href":"https:\/\/dorogimedence.hu\/index.php\/wp-json\/wp\/v2\/media\/67898"}],"wp:attachment":[{"href":"https:\/\/dorogimedence.hu\/index.php\/wp-json\/wp\/v2\/media?parent=67897"}],"wp:term":[{"taxonomy":"category","embeddable":true,"href":"https:\/\/dorogimedence.hu\/index.php\/wp-json\/wp\/v2\/categories?post=67897"},{"taxonomy":"post_tag","embeddable":true,"href":"https:\/\/dorogimedence.hu\/index.php\/wp-json\/wp\/v2\/tags?post=67897"}],"curies":[{"name":"wp","href":"https:\/\/api.w.org\/{rel}","templated":true}]}}