{"id":6789,"date":"2017-11-14T10:23:25","date_gmt":"2017-11-14T09:23:25","guid":{"rendered":"http:\/\/dorogimedence.hu\/?p=6789"},"modified":"2017-11-14T10:23:25","modified_gmt":"2017-11-14T09:23:25","slug":"hajvagas-mellett-kabitoszert-is-arult-vendegeinek-az-esztergomi-no","status":"publish","type":"post","link":"https:\/\/dorogimedence.hu\/index.php\/2017\/11\/14\/hajvagas-mellett-kabitoszert-is-arult-vendegeinek-az-esztergomi-no\/","title":{"rendered":"Hajv\u00e1g\u00e1s mellett k\u00e1b\u00edt\u00f3szert is \u00e1rult vend\u00e9geinek az esztergomi n\u0151"},"content":{"rendered":"<p><strong>Az Esztergomi J\u00e1r\u00e1si \u00dcgy\u00e9szs\u00e9g k\u00e1b\u00edt\u00f3szer kereskedelem b\u0171ntette miatt emelt v\u00e1dat az el\u0151zetes letart\u00f3ztat\u00e1sban l\u00e9v\u0151 23 \u00e9ves n\u0151vel szemben.<\/strong><\/p>\n<p>Az esztergomi b\u00e9relt lak\u00e1s\u00e1ban fodr\u00e1szk\u00e9nt dolgoz\u00f3 n\u0151 elhat\u00e1rozta, hogy j\u00f6vedelm\u00e9t k\u00e1b\u00edt\u00f3szerek elad\u00e1s\u00e1val eg\u00e9sz\u00edti ki. Ennek megfelel\u0151en ismeretlen szem\u00e9lyt\u0151l kannabiszt, amfetamint, ecstasy-t \u00e9s kokaint v\u00e1s\u00e1rolt, melyeket a lak\u00e1s\u00e1n \u00e1rus\u00edtott a hajny\u00edr\u00e1sra \u00e9rkez\u0151 vend\u00e9geinek, \u00e9s azok ismer\u0151seinek. A n\u0151 ezen t\u00falmen\u0151en el\u0151zetes egyeztet\u00e9st k\u00f6vet\u0151en a v\u00e1s\u00e1rl\u00f3k lak\u00e1s\u00e1ra vagy m\u00e1s megbesz\u00e9lt helysz\u00ednre is sz\u00e1ll\u00edtotta a k\u00e1b\u00edt\u00f3szereket.<\/p>\n<p>A d\u00edler a kiterjedt vev\u0151k\u00f6r\u00e9nek 2016 december\u00e9t\u0151l 2017. \u00e1prilis v\u00e9g\u00e9ig \u00e1rulta a b\u00f3d\u00edt\u00f3 hat\u00e1s\u00fa anyagokat. A n\u0151t 2017. \u00e1prilis 22. napj\u00e1n a lak\u00e1s\u00e1ban elfogt\u00e1k a rend\u0151r\u00f6k, ahol a nyomoz\u00f3k kiporci\u00f3zott k\u00e1b\u00edt\u00f3szereket, tov\u00e1bb\u00e1 az adagol\u00e1shoz sz\u00fcks\u00e9ges m\u00e9rleget foglaltak le.<\/p>\n<p>Az eladott k\u00e1b\u00edt\u00f3szer hat\u00f3anyag tartalma nem \u00e9rte el a jelent\u0151s mennyis\u00e9g als\u00f3 hat\u00e1r\u00e1t.<\/p>\n<p><strong>Az elk\u00f6vet\u0151 \u00f6sszesen 197.000 forinttal gazdagodott.<\/strong><\/p>\n<p>A b\u0171ncselekm\u00e9ny k\u00e9t \u00e9vt\u0151l nyolc \u00e9vig terjed\u0151 szabads\u00e1gveszt\u00e9ssel b\u00fcntetend\u0151.<\/p>\n<p>A n\u0151 b\u00fcntet\u0151jogi felel\u0151ss\u00e9g\u00e9r\u0151l az Esztergomi J\u00e1r\u00e1sb\u00edr\u00f3s\u00e1g d\u00f6nt.<\/p>\n<p><em>Forr\u00e1s: Kom\u00e1rom-Esztergom Megyei F\u0151\u00fcgy\u00e9szs\u00e9g Sajt\u00f3<\/em><\/p>\n","protected":false},"excerpt":{"rendered":"<p>Az Esztergomi J\u00e1r\u00e1si \u00dcgy\u00e9szs\u00e9g k\u00e1b\u00edt\u00f3szer kereskedelem b\u0171ntette miatt emelt v\u00e1dat az el\u0151zetes letart\u00f3ztat\u00e1sban l\u00e9v\u0151 23 \u00e9ves n\u0151vel szemben. Az esztergomi b\u00e9relt lak\u00e1s\u00e1ban fodr\u00e1szk\u00e9nt dolgoz\u00f3 n\u0151 elhat\u00e1rozta, hogy j\u00f6vedelm\u00e9t k\u00e1b\u00edt\u00f3szerek elad\u00e1s\u00e1val eg\u00e9sz\u00edti ki. Ennek megfelel\u0151en ismeretlen szem\u00e9lyt\u0151l kannabiszt, amfetamint, ecstasy-t \u00e9s kokaint v\u00e1s\u00e1rolt, melyeket a lak\u00e1s\u00e1n \u00e1rus\u00edtott a hajny\u00edr\u00e1sra \u00e9rkez\u0151 vend\u00e9geinek, \u00e9s azok ismer\u0151seinek. A n\u0151<\/p>\n","protected":false},"author":1,"featured_media":3720,"comment_status":"closed","ping_status":"closed","sticky":false,"template":"","format":"standard","meta":{"ngg_post_thumbnail":0,"footnotes":""},"categories":[38,3],"tags":[1042,63,529,528,326],"class_list":{"0":"post-6789","1":"post","2":"type-post","3":"status-publish","4":"format-standard","5":"has-post-thumbnail","7":"category-esztergom","8":"category-hirek","9":"tag-birosag","10":"tag-buncselekmeny","11":"tag-drog","12":"tag-kabitoszer","13":"tag-ugyeszseg"},"yoast_head":"<!-- This site is optimized with the Yoast SEO plugin v27.4 - https:\/\/yoast.com\/product\/yoast-seo-wordpress\/ -->\n<title>Hajv\u00e1g\u00e1s mellett k\u00e1b\u00edt\u00f3szert is \u00e1rult vend\u00e9geinek az esztergomi n\u0151<\/title>\n<meta name=\"robots\" content=\"index, follow, max-snippet:-1, max-image-preview:large, max-video-preview:-1\" \/>\n<link rel=\"canonical\" href=\"https:\/\/dorogimedence.hu\/index.php\/2017\/11\/14\/hajvagas-mellett-kabitoszert-is-arult-vendegeinek-az-esztergomi-no\/\" class=\"yoast-seo-meta-tag\" \/>\n<meta property=\"og:locale\" content=\"hu_HU\" class=\"yoast-seo-meta-tag\" \/>\n<meta property=\"og:type\" content=\"article\" class=\"yoast-seo-meta-tag\" \/>\n<meta property=\"og:title\" content=\"Hajv\u00e1g\u00e1s mellett k\u00e1b\u00edt\u00f3szert is \u00e1rult vend\u00e9geinek az esztergomi n\u0151\" class=\"yoast-seo-meta-tag\" \/>\n<meta property=\"og:description\" content=\"Az Esztergomi J\u00e1r\u00e1si \u00dcgy\u00e9szs\u00e9g k\u00e1b\u00edt\u00f3szer kereskedelem b\u0171ntette miatt emelt v\u00e1dat az el\u0151zetes letart\u00f3ztat\u00e1sban l\u00e9v\u0151 23 \u00e9ves n\u0151vel szemben. Az esztergomi b\u00e9relt lak\u00e1s\u00e1ban fodr\u00e1szk\u00e9nt dolgoz\u00f3 n\u0151 elhat\u00e1rozta, hogy j\u00f6vedelm\u00e9t k\u00e1b\u00edt\u00f3szerek elad\u00e1s\u00e1val eg\u00e9sz\u00edti ki. Ennek megfelel\u0151en ismeretlen szem\u00e9lyt\u0151l kannabiszt, amfetamint, ecstasy-t \u00e9s kokaint v\u00e1s\u00e1rolt, melyeket a lak\u00e1s\u00e1n \u00e1rus\u00edtott a hajny\u00edr\u00e1sra \u00e9rkez\u0151 vend\u00e9geinek, \u00e9s azok ismer\u0151seinek. A n\u0151\" class=\"yoast-seo-meta-tag\" \/>\n<meta property=\"og:url\" content=\"https:\/\/dorogimedence.hu\/index.php\/2017\/11\/14\/hajvagas-mellett-kabitoszert-is-arult-vendegeinek-az-esztergomi-no\/\" class=\"yoast-seo-meta-tag\" \/>\n<meta property=\"og:site_name\" content=\"Dorogi-medence Region\u00e1lis H\u00edrport\u00e1l\" class=\"yoast-seo-meta-tag\" \/>\n<meta property=\"article:publisher\" content=\"https:\/\/www.facebook.com\/dorogimedence\/\" class=\"yoast-seo-meta-tag\" \/>\n<meta property=\"article:published_time\" content=\"2017-11-14T09:23:25+00:00\" class=\"yoast-seo-meta-tag\" \/>\n<meta property=\"og:image\" content=\"https:\/\/i0.wp.com\/dorogimedence.hu\/wp-content\/uploads\/2017\/06\/kender.jpg?fit=670%2C365&ssl=1\" class=\"yoast-seo-meta-tag\" \/>\n\t<meta property=\"og:image:width\" content=\"670\" class=\"yoast-seo-meta-tag\" \/>\n\t<meta property=\"og:image:height\" content=\"365\" class=\"yoast-seo-meta-tag\" \/>\n\t<meta property=\"og:image:type\" content=\"image\/jpeg\" class=\"yoast-seo-meta-tag\" \/>\n<meta name=\"author\" content=\"dorogimedence.hu\" class=\"yoast-seo-meta-tag\" \/>\n<meta name=\"twitter:card\" content=\"summary_large_image\" class=\"yoast-seo-meta-tag\" \/>\n<meta name=\"twitter:label1\" content=\"Szerz\u0151:\" class=\"yoast-seo-meta-tag\" \/>\n\t<meta name=\"twitter:data1\" content=\"dorogimedence.hu\" class=\"yoast-seo-meta-tag\" \/>\n\t<meta name=\"twitter:label2\" content=\"Becs\u00fclt olvas\u00e1si id\u0151\" class=\"yoast-seo-meta-tag\" \/>\n\t<meta name=\"twitter:data2\" content=\"1 perc\" class=\"yoast-seo-meta-tag\" \/>\n<script type=\"application\/ld+json\" class=\"yoast-schema-graph\">{\"@context\":\"https:\\\/\\\/schema.org\",\"@graph\":[{\"@type\":\"Article\",\"@id\":\"https:\\\/\\\/dorogimedence.hu\\\/index.php\\\/2017\\\/11\\\/14\\\/hajvagas-mellett-kabitoszert-is-arult-vendegeinek-az-esztergomi-no\\\/#article\",\"isPartOf\":{\"@id\":\"https:\\\/\\\/dorogimedence.hu\\\/index.php\\\/2017\\\/11\\\/14\\\/hajvagas-mellett-kabitoszert-is-arult-vendegeinek-az-esztergomi-no\\\/\"},\"author\":{\"name\":\"dorogimedence.hu\",\"@id\":\"https:\\\/\\\/dorogimedence.hu\\\/#\\\/schema\\\/person\\\/ce6091eeb7e95ecdc87890d6aa8e0fd4\"},\"headline\":\"Hajv\u00e1g\u00e1s mellett k\u00e1b\u00edt\u00f3szert is \u00e1rult vend\u00e9geinek az esztergomi n\u0151\",\"datePublished\":\"2017-11-14T09:23:25+00:00\",\"mainEntityOfPage\":{\"@id\":\"https:\\\/\\\/dorogimedence.hu\\\/index.php\\\/2017\\\/11\\\/14\\\/hajvagas-mellett-kabitoszert-is-arult-vendegeinek-az-esztergomi-no\\\/\"},\"wordCount\":280,\"publisher\":{\"@id\":\"https:\\\/\\\/dorogimedence.hu\\\/#organization\"},\"image\":{\"@id\":\"https:\\\/\\\/dorogimedence.hu\\\/index.php\\\/2017\\\/11\\\/14\\\/hajvagas-mellett-kabitoszert-is-arult-vendegeinek-az-esztergomi-no\\\/#primaryimage\"},\"thumbnailUrl\":\"https:\\\/\\\/dorogimedence.hu\\\/wp-content\\\/uploads\\\/2017\\\/06\\\/kender.jpg\",\"keywords\":[\"b\u00edr\u00f3s\u00e1g\",\"b\u0171ncselekm\u00e9ny\",\"drog\",\"k\u00e1b\u00edt\u00f3szer\",\"\u00fcgy\u00e9szs\u00e9g\"],\"articleSection\":[\"Esztergom\",\"H\u00edrek\"],\"inLanguage\":\"hu\"},{\"@type\":\"WebPage\",\"@id\":\"https:\\\/\\\/dorogimedence.hu\\\/index.php\\\/2017\\\/11\\\/14\\\/hajvagas-mellett-kabitoszert-is-arult-vendegeinek-az-esztergomi-no\\\/\",\"url\":\"https:\\\/\\\/dorogimedence.hu\\\/index.php\\\/2017\\\/11\\\/14\\\/hajvagas-mellett-kabitoszert-is-arult-vendegeinek-az-esztergomi-no\\\/\",\"name\":\"Hajv\u00e1g\u00e1s mellett k\u00e1b\u00edt\u00f3szert is \u00e1rult vend\u00e9geinek az esztergomi n\u0151\",\"isPartOf\":{\"@id\":\"https:\\\/\\\/dorogimedence.hu\\\/#website\"},\"primaryImageOfPage\":{\"@id\":\"https:\\\/\\\/dorogimedence.hu\\\/index.php\\\/2017\\\/11\\\/14\\\/hajvagas-mellett-kabitoszert-is-arult-vendegeinek-az-esztergomi-no\\\/#primaryimage\"},\"image\":{\"@id\":\"https:\\\/\\\/dorogimedence.hu\\\/index.php\\\/2017\\\/11\\\/14\\\/hajvagas-mellett-kabitoszert-is-arult-vendegeinek-az-esztergomi-no\\\/#primaryimage\"},\"thumbnailUrl\":\"https:\\\/\\\/dorogimedence.hu\\\/wp-content\\\/uploads\\\/2017\\\/06\\\/kender.jpg\",\"datePublished\":\"2017-11-14T09:23:25+00:00\",\"breadcrumb\":{\"@id\":\"https:\\\/\\\/dorogimedence.hu\\\/index.php\\\/2017\\\/11\\\/14\\\/hajvagas-mellett-kabitoszert-is-arult-vendegeinek-az-esztergomi-no\\\/#breadcrumb\"},\"inLanguage\":\"hu\",\"potentialAction\":[{\"@type\":\"ReadAction\",\"target\":[\"https:\\\/\\\/dorogimedence.hu\\\/index.php\\\/2017\\\/11\\\/14\\\/hajvagas-mellett-kabitoszert-is-arult-vendegeinek-az-esztergomi-no\\\/\"]}]},{\"@type\":\"ImageObject\",\"inLanguage\":\"hu\",\"@id\":\"https:\\\/\\\/dorogimedence.hu\\\/index.php\\\/2017\\\/11\\\/14\\\/hajvagas-mellett-kabitoszert-is-arult-vendegeinek-az-esztergomi-no\\\/#primaryimage\",\"url\":\"https:\\\/\\\/dorogimedence.hu\\\/wp-content\\\/uploads\\\/2017\\\/06\\\/kender.jpg\",\"contentUrl\":\"https:\\\/\\\/dorogimedence.hu\\\/wp-content\\\/uploads\\\/2017\\\/06\\\/kender.jpg\",\"width\":670,\"height\":365},{\"@type\":\"BreadcrumbList\",\"@id\":\"https:\\\/\\\/dorogimedence.hu\\\/index.php\\\/2017\\\/11\\\/14\\\/hajvagas-mellett-kabitoszert-is-arult-vendegeinek-az-esztergomi-no\\\/#breadcrumb\",\"itemListElement\":[{\"@type\":\"ListItem\",\"position\":1,\"name\":\"Kezd\u0151lap\",\"item\":\"https:\\\/\\\/dorogimedence.hu\\\/\"},{\"@type\":\"ListItem\",\"position\":2,\"name\":\"Hajv\u00e1g\u00e1s mellett k\u00e1b\u00edt\u00f3szert is \u00e1rult vend\u00e9geinek az esztergomi n\u0151\"}]},{\"@type\":\"WebSite\",\"@id\":\"https:\\\/\\\/dorogimedence.hu\\\/#website\",\"url\":\"https:\\\/\\\/dorogimedence.hu\\\/\",\"name\":\"Dorogi-medence Region\u00e1lis H\u00edrport\u00e1l\",\"description\":\"Dorog, Keszt\u00f6lc, Le\u00e1nyv\u00e1r, Piliscs\u00e9v, Tokod, Tokodalt\u00e1r\u00f3, Csolnok, Esztergom-kertv\u00e1ros: h\u00edrek, programok\",\"publisher\":{\"@id\":\"https:\\\/\\\/dorogimedence.hu\\\/#organization\"},\"potentialAction\":[{\"@type\":\"SearchAction\",\"target\":{\"@type\":\"EntryPoint\",\"urlTemplate\":\"https:\\\/\\\/dorogimedence.hu\\\/?s={search_term_string}\"},\"query-input\":{\"@type\":\"PropertyValueSpecification\",\"valueRequired\":true,\"valueName\":\"search_term_string\"}}],\"inLanguage\":\"hu\"},{\"@type\":\"Organization\",\"@id\":\"https:\\\/\\\/dorogimedence.hu\\\/#organization\",\"name\":\"Dorogi-medence Region\u00e1lis H\u00edrport\u00e1l\",\"url\":\"https:\\\/\\\/dorogimedence.hu\\\/\",\"logo\":{\"@type\":\"ImageObject\",\"inLanguage\":\"hu\",\"@id\":\"https:\\\/\\\/dorogimedence.hu\\\/#\\\/schema\\\/logo\\\/image\\\/\",\"url\":\"https:\\\/\\\/dorogimedence.hu\\\/wp-content\\\/uploads\\\/2021\\\/04\\\/logo-feher-600.png\",\"contentUrl\":\"https:\\\/\\\/dorogimedence.hu\\\/wp-content\\\/uploads\\\/2021\\\/04\\\/logo-feher-600.png\",\"width\":600,\"height\":100,\"caption\":\"Dorogi-medence Region\u00e1lis H\u00edrport\u00e1l\"},\"image\":{\"@id\":\"https:\\\/\\\/dorogimedence.hu\\\/#\\\/schema\\\/logo\\\/image\\\/\"},\"sameAs\":[\"https:\\\/\\\/www.facebook.com\\\/dorogimedence\\\/\"]},{\"@type\":\"Person\",\"@id\":\"https:\\\/\\\/dorogimedence.hu\\\/#\\\/schema\\\/person\\\/ce6091eeb7e95ecdc87890d6aa8e0fd4\",\"name\":\"dorogimedence.hu\",\"image\":{\"@type\":\"ImageObject\",\"inLanguage\":\"hu\",\"@id\":\"\\\/\\\/www.gravatar.com\\\/avatar\\\/d8d45f8901aadff40a4af72c0b826f1d?s=96&#038;r=g&#038;d=mm\",\"url\":\"\\\/\\\/www.gravatar.com\\\/avatar\\\/d8d45f8901aadff40a4af72c0b826f1d?s=96&#038;r=g&#038;d=mm\",\"contentUrl\":\"\\\/\\\/www.gravatar.com\\\/avatar\\\/d8d45f8901aadff40a4af72c0b826f1d?s=96&#038;r=g&#038;d=mm\",\"caption\":\"dorogimedence.hu\"}}]}<\/script>\n<!-- \/ Yoast SEO plugin. -->","yoast_head_json":{"title":"Hajv\u00e1g\u00e1s mellett k\u00e1b\u00edt\u00f3szert is \u00e1rult vend\u00e9geinek az esztergomi n\u0151","robots":{"index":"index","follow":"follow","max-snippet":"max-snippet:-1","max-image-preview":"max-image-preview:large","max-video-preview":"max-video-preview:-1"},"canonical":"https:\/\/dorogimedence.hu\/index.php\/2017\/11\/14\/hajvagas-mellett-kabitoszert-is-arult-vendegeinek-az-esztergomi-no\/","og_locale":"hu_HU","og_type":"article","og_title":"Hajv\u00e1g\u00e1s mellett k\u00e1b\u00edt\u00f3szert is \u00e1rult vend\u00e9geinek az esztergomi n\u0151","og_description":"Az Esztergomi J\u00e1r\u00e1si \u00dcgy\u00e9szs\u00e9g k\u00e1b\u00edt\u00f3szer kereskedelem b\u0171ntette miatt emelt v\u00e1dat az el\u0151zetes letart\u00f3ztat\u00e1sban l\u00e9v\u0151 23 \u00e9ves n\u0151vel szemben. Az esztergomi b\u00e9relt lak\u00e1s\u00e1ban fodr\u00e1szk\u00e9nt dolgoz\u00f3 n\u0151 elhat\u00e1rozta, hogy j\u00f6vedelm\u00e9t k\u00e1b\u00edt\u00f3szerek elad\u00e1s\u00e1val eg\u00e9sz\u00edti ki. Ennek megfelel\u0151en ismeretlen szem\u00e9lyt\u0151l kannabiszt, amfetamint, ecstasy-t \u00e9s kokaint v\u00e1s\u00e1rolt, melyeket a lak\u00e1s\u00e1n \u00e1rus\u00edtott a hajny\u00edr\u00e1sra \u00e9rkez\u0151 vend\u00e9geinek, \u00e9s azok ismer\u0151seinek. A n\u0151","og_url":"https:\/\/dorogimedence.hu\/index.php\/2017\/11\/14\/hajvagas-mellett-kabitoszert-is-arult-vendegeinek-az-esztergomi-no\/","og_site_name":"Dorogi-medence Region\u00e1lis H\u00edrport\u00e1l","article_publisher":"https:\/\/www.facebook.com\/dorogimedence\/","article_published_time":"2017-11-14T09:23:25+00:00","og_image":[{"width":670,"height":365,"url":"https:\/\/i0.wp.com\/dorogimedence.hu\/wp-content\/uploads\/2017\/06\/kender.jpg?fit=670%2C365&ssl=1","type":"image\/jpeg"}],"author":"dorogimedence.hu","twitter_card":"summary_large_image","twitter_misc":{"Szerz\u0151:":"dorogimedence.hu","Becs\u00fclt olvas\u00e1si id\u0151":"1 perc"},"schema":{"@context":"https:\/\/schema.org","@graph":[{"@type":"Article","@id":"https:\/\/dorogimedence.hu\/index.php\/2017\/11\/14\/hajvagas-mellett-kabitoszert-is-arult-vendegeinek-az-esztergomi-no\/#article","isPartOf":{"@id":"https:\/\/dorogimedence.hu\/index.php\/2017\/11\/14\/hajvagas-mellett-kabitoszert-is-arult-vendegeinek-az-esztergomi-no\/"},"author":{"name":"dorogimedence.hu","@id":"https:\/\/dorogimedence.hu\/#\/schema\/person\/ce6091eeb7e95ecdc87890d6aa8e0fd4"},"headline":"Hajv\u00e1g\u00e1s mellett k\u00e1b\u00edt\u00f3szert is \u00e1rult vend\u00e9geinek az esztergomi n\u0151","datePublished":"2017-11-14T09:23:25+00:00","mainEntityOfPage":{"@id":"https:\/\/dorogimedence.hu\/index.php\/2017\/11\/14\/hajvagas-mellett-kabitoszert-is-arult-vendegeinek-az-esztergomi-no\/"},"wordCount":280,"publisher":{"@id":"https:\/\/dorogimedence.hu\/#organization"},"image":{"@id":"https:\/\/dorogimedence.hu\/index.php\/2017\/11\/14\/hajvagas-mellett-kabitoszert-is-arult-vendegeinek-az-esztergomi-no\/#primaryimage"},"thumbnailUrl":"https:\/\/dorogimedence.hu\/wp-content\/uploads\/2017\/06\/kender.jpg","keywords":["b\u00edr\u00f3s\u00e1g","b\u0171ncselekm\u00e9ny","drog","k\u00e1b\u00edt\u00f3szer","\u00fcgy\u00e9szs\u00e9g"],"articleSection":["Esztergom","H\u00edrek"],"inLanguage":"hu"},{"@type":"WebPage","@id":"https:\/\/dorogimedence.hu\/index.php\/2017\/11\/14\/hajvagas-mellett-kabitoszert-is-arult-vendegeinek-az-esztergomi-no\/","url":"https:\/\/dorogimedence.hu\/index.php\/2017\/11\/14\/hajvagas-mellett-kabitoszert-is-arult-vendegeinek-az-esztergomi-no\/","name":"Hajv\u00e1g\u00e1s mellett k\u00e1b\u00edt\u00f3szert is \u00e1rult vend\u00e9geinek az esztergomi n\u0151","isPartOf":{"@id":"https:\/\/dorogimedence.hu\/#website"},"primaryImageOfPage":{"@id":"https:\/\/dorogimedence.hu\/index.php\/2017\/11\/14\/hajvagas-mellett-kabitoszert-is-arult-vendegeinek-az-esztergomi-no\/#primaryimage"},"image":{"@id":"https:\/\/dorogimedence.hu\/index.php\/2017\/11\/14\/hajvagas-mellett-kabitoszert-is-arult-vendegeinek-az-esztergomi-no\/#primaryimage"},"thumbnailUrl":"https:\/\/dorogimedence.hu\/wp-content\/uploads\/2017\/06\/kender.jpg","datePublished":"2017-11-14T09:23:25+00:00","breadcrumb":{"@id":"https:\/\/dorogimedence.hu\/index.php\/2017\/11\/14\/hajvagas-mellett-kabitoszert-is-arult-vendegeinek-az-esztergomi-no\/#breadcrumb"},"inLanguage":"hu","potentialAction":[{"@type":"ReadAction","target":["https:\/\/dorogimedence.hu\/index.php\/2017\/11\/14\/hajvagas-mellett-kabitoszert-is-arult-vendegeinek-az-esztergomi-no\/"]}]},{"@type":"ImageObject","inLanguage":"hu","@id":"https:\/\/dorogimedence.hu\/index.php\/2017\/11\/14\/hajvagas-mellett-kabitoszert-is-arult-vendegeinek-az-esztergomi-no\/#primaryimage","url":"https:\/\/dorogimedence.hu\/wp-content\/uploads\/2017\/06\/kender.jpg","contentUrl":"https:\/\/dorogimedence.hu\/wp-content\/uploads\/2017\/06\/kender.jpg","width":670,"height":365},{"@type":"BreadcrumbList","@id":"https:\/\/dorogimedence.hu\/index.php\/2017\/11\/14\/hajvagas-mellett-kabitoszert-is-arult-vendegeinek-az-esztergomi-no\/#breadcrumb","itemListElement":[{"@type":"ListItem","position":1,"name":"Kezd\u0151lap","item":"https:\/\/dorogimedence.hu\/"},{"@type":"ListItem","position":2,"name":"Hajv\u00e1g\u00e1s mellett k\u00e1b\u00edt\u00f3szert is \u00e1rult vend\u00e9geinek az esztergomi n\u0151"}]},{"@type":"WebSite","@id":"https:\/\/dorogimedence.hu\/#website","url":"https:\/\/dorogimedence.hu\/","name":"Dorogi-medence Region\u00e1lis H\u00edrport\u00e1l","description":"Dorog, Keszt\u00f6lc, Le\u00e1nyv\u00e1r, Piliscs\u00e9v, Tokod, Tokodalt\u00e1r\u00f3, Csolnok, Esztergom-kertv\u00e1ros: h\u00edrek, programok","publisher":{"@id":"https:\/\/dorogimedence.hu\/#organization"},"potentialAction":[{"@type":"SearchAction","target":{"@type":"EntryPoint","urlTemplate":"https:\/\/dorogimedence.hu\/?s={search_term_string}"},"query-input":{"@type":"PropertyValueSpecification","valueRequired":true,"valueName":"search_term_string"}}],"inLanguage":"hu"},{"@type":"Organization","@id":"https:\/\/dorogimedence.hu\/#organization","name":"Dorogi-medence Region\u00e1lis H\u00edrport\u00e1l","url":"https:\/\/dorogimedence.hu\/","logo":{"@type":"ImageObject","inLanguage":"hu","@id":"https:\/\/dorogimedence.hu\/#\/schema\/logo\/image\/","url":"https:\/\/dorogimedence.hu\/wp-content\/uploads\/2021\/04\/logo-feher-600.png","contentUrl":"https:\/\/dorogimedence.hu\/wp-content\/uploads\/2021\/04\/logo-feher-600.png","width":600,"height":100,"caption":"Dorogi-medence Region\u00e1lis H\u00edrport\u00e1l"},"image":{"@id":"https:\/\/dorogimedence.hu\/#\/schema\/logo\/image\/"},"sameAs":["https:\/\/www.facebook.com\/dorogimedence\/"]},{"@type":"Person","@id":"https:\/\/dorogimedence.hu\/#\/schema\/person\/ce6091eeb7e95ecdc87890d6aa8e0fd4","name":"dorogimedence.hu","image":{"@type":"ImageObject","inLanguage":"hu","@id":"\/\/www.gravatar.com\/avatar\/d8d45f8901aadff40a4af72c0b826f1d?s=96&#038;r=g&#038;d=mm","url":"\/\/www.gravatar.com\/avatar\/d8d45f8901aadff40a4af72c0b826f1d?s=96&#038;r=g&#038;d=mm","contentUrl":"\/\/www.gravatar.com\/avatar\/d8d45f8901aadff40a4af72c0b826f1d?s=96&#038;r=g&#038;d=mm","caption":"dorogimedence.hu"}}]}},"_links":{"self":[{"href":"https:\/\/dorogimedence.hu\/index.php\/wp-json\/wp\/v2\/posts\/6789","targetHints":{"allow":["GET"]}}],"collection":[{"href":"https:\/\/dorogimedence.hu\/index.php\/wp-json\/wp\/v2\/posts"}],"about":[{"href":"https:\/\/dorogimedence.hu\/index.php\/wp-json\/wp\/v2\/types\/post"}],"author":[{"embeddable":true,"href":"https:\/\/dorogimedence.hu\/index.php\/wp-json\/wp\/v2\/users\/1"}],"replies":[{"embeddable":true,"href":"https:\/\/dorogimedence.hu\/index.php\/wp-json\/wp\/v2\/comments?post=6789"}],"version-history":[{"count":0,"href":"https:\/\/dorogimedence.hu\/index.php\/wp-json\/wp\/v2\/posts\/6789\/revisions"}],"wp:featuredmedia":[{"embeddable":true,"href":"https:\/\/dorogimedence.hu\/index.php\/wp-json\/wp\/v2\/media\/3720"}],"wp:attachment":[{"href":"https:\/\/dorogimedence.hu\/index.php\/wp-json\/wp\/v2\/media?parent=6789"}],"wp:term":[{"taxonomy":"category","embeddable":true,"href":"https:\/\/dorogimedence.hu\/index.php\/wp-json\/wp\/v2\/categories?post=6789"},{"taxonomy":"post_tag","embeddable":true,"href":"https:\/\/dorogimedence.hu\/index.php\/wp-json\/wp\/v2\/tags?post=6789"}],"curies":[{"name":"wp","href":"https:\/\/api.w.org\/{rel}","templated":true}]}}