{"id":67842,"date":"2025-01-02T11:43:15","date_gmt":"2025-01-02T10:43:15","guid":{"rendered":"https:\/\/dorogimedence.hu\/?p=67842"},"modified":"2025-01-02T11:43:15","modified_gmt":"2025-01-02T10:43:15","slug":"az-ev-hala-a-kurta-baing","status":"publish","type":"post","link":"https:\/\/dorogimedence.hu\/index.php\/2025\/01\/02\/az-ev-hala-a-kurta-baing\/","title":{"rendered":"Az \u00e9v hala a kurta baing"},"content":{"rendered":"<p><strong>A Magyar Haltani T\u00e1rsas\u00e1g szervez\u00e9s\u00e9ben 16. alkalommal ker\u00fclt sor az \u00c9v hala megv\u00e1laszt\u00e1s\u00e1ra. A term\u00e9szetkedvel\u0151k \u00e9s halbar\u00e1tok h\u00e1rom, haz\u00e1nkban \u0151shonos halfaj k\u00f6z\u00fcl v\u00e1laszthattak. A 2024. december 31-\u00e9n \u00e9jf\u00e9lig be\u00e9rkezett 3586 szavazat 26 sz\u00e1zal\u00e9k\u00e1val a v\u00e1g\u00f3durbincs harmadik lett, a d\u00e9v\u00e9rkeszeg 30,7 sz\u00e1zal\u00e9kkal a m\u00e1sodik, a gy\u0151ztes pedig a voksok 43,3 sz\u00e1zal\u00e9k\u00e1t szerezte meg.<\/strong><\/p>\n<p>A kurta baing, b\u00e1r apr\u00f3 m\u00e9ret\u0171, figyelemre m\u00e9lt\u00f3 halfaj. Teste megny\u00falt, ez\u00fcst\u00f6sen csillog\u00f3 pikkelyek bor\u00edtj\u00e1k, amelyek k\u00f6nnyen lev\u00e1lnak. \u00c1tlagosan 6\u20138 cm-es hossza ellen\u00e9re fontos szerepl\u0151je az \u00e1ll\u00f3vizek \u00e9s lassan \u00e1raml\u00f3 csatorn\u00e1k \u00f6kosziszt\u00e9m\u00e1j\u00e1nak.<\/p>\n<p>Jellegzetes b\u00e9lyege az oldalvonal\u00e1nak hi\u00e1nyos megjelen\u00e9se \u00e9s farokalatti \u00fasz\u00f3j\u00e1nak t\u00f6v\u00e9n l\u00e9v\u0151 pontsor. \u00c9l\u0151helyeinek cs\u00f6kken\u00e9se \u00e9s az inv\u00e1zi\u00f3s fajok terjed\u00e9se miatt \u00e1llom\u00e1nya vesz\u00e9lyeztetett\u00e9 v\u00e1lt, ez\u00e9rt v\u00e9dett fajk\u00e9nt tartj\u00e1k sz\u00e1mon. Haz\u00e1nkban v\u00e9dett faj, term\u00e9szetv\u00e9delmi \u00e9rt\u00e9ke 10.000 forint.<\/p>\n<p>Zoltai D\u00e1niel, a KEMHESZ eln\u00f6ke elmondta, a v\u00e1rmegyei horg\u00e1szsz\u00f6vets\u00e9g c\u00e9lkit\u0171z\u00e9sei k\u00f6z\u00f6tt szerepel, meg\u0151rizni vizeink \u00e9l\u0151vil\u00e1g\u00e1nak soksz\u00edn\u0171s\u00e9g\u00e9t, az abban l\u00e9v\u0151 fajok v\u00e1ltozatoss\u00e1g\u00e1t, ez\u00e9rt idegenhonos \u00e9s invaz\u00edv fajok nem ker\u00fclhetnek a Dun\u00e1ba. A ritka \u0151shonos halak k\u00f6z\u00fcl az elm\u00falt \u00e9vekben kecseg\u00e9t \u00e9s menyhalat telep\u00edtettek a foly\u00f3ba.<\/p>\n<p>A kedvez\u0151 t\u00f6rv\u00e9nyi k\u00f6rnyezet is hozz\u00e1j\u00e1rul a jelen\u0151s mennyis\u00e9g\u0171 haltelep\u00edt\u00e9shez, ez az egyre n\u00f6vekv\u0151 horg\u00e1szt\u00e1rsadalom sz\u00e1m\u00e1ra biztos\u00edtja a fog\u00e1s \u00e9lm\u00e9ny\u00e9t, az akt\u00edv kikapcsol\u00f3d\u00e1s lehet\u0151s\u00e9g\u00e9t.<\/p>\n<p><em>Sz\u00f6veg: KEMHESZ<\/em><br \/>\n<em>Fot\u00f3: Sallai Zolt\u00e1n<\/em><\/p>\n","protected":false},"excerpt":{"rendered":"<p>A Magyar Haltani T\u00e1rsas\u00e1g szervez\u00e9s\u00e9ben 16. alkalommal ker\u00fclt sor az \u00c9v hala megv\u00e1laszt\u00e1s\u00e1ra. A term\u00e9szetkedvel\u0151k \u00e9s halbar\u00e1tok h\u00e1rom, haz\u00e1nkban \u0151shonos halfaj k\u00f6z\u00fcl v\u00e1laszthattak. A 2024. december 31-\u00e9n \u00e9jf\u00e9lig be\u00e9rkezett 3586 szavazat 26 sz\u00e1zal\u00e9k\u00e1val a v\u00e1g\u00f3durbincs harmadik lett, a d\u00e9v\u00e9rkeszeg 30,7 sz\u00e1zal\u00e9kkal a m\u00e1sodik, a gy\u0151ztes pedig a voksok 43,3 sz\u00e1zal\u00e9k\u00e1t szerezte meg. A kurta baing,<\/p>\n","protected":false},"author":1,"featured_media":67588,"comment_status":"closed","ping_status":"closed","sticky":false,"template":"","format":"standard","meta":{"ngg_post_thumbnail":0,"footnotes":""},"categories":[3,6948],"tags":[5297],"class_list":{"0":"post-67842","1":"post","2":"type-post","3":"status-publish","4":"format-standard","5":"has-post-thumbnail","7":"category-hirek","8":"category-szines","9":"tag-ev-hala"},"yoast_head":"<!-- This site is optimized with the Yoast SEO plugin v27.5 - https:\/\/yoast.com\/product\/yoast-seo-wordpress\/ -->\n<title>Az \u00e9v hala a kurta baing<\/title>\n<meta name=\"robots\" content=\"index, follow, max-snippet:-1, max-image-preview:large, max-video-preview:-1\" \/>\n<link rel=\"canonical\" href=\"https:\/\/dorogimedence.hu\/index.php\/2025\/01\/02\/az-ev-hala-a-kurta-baing\/\" class=\"yoast-seo-meta-tag\" \/>\n<meta property=\"og:locale\" content=\"hu_HU\" class=\"yoast-seo-meta-tag\" \/>\n<meta property=\"og:type\" content=\"article\" class=\"yoast-seo-meta-tag\" \/>\n<meta property=\"og:title\" content=\"Az \u00e9v hala a kurta baing\" class=\"yoast-seo-meta-tag\" \/>\n<meta property=\"og:description\" content=\"A Magyar Haltani T\u00e1rsas\u00e1g szervez\u00e9s\u00e9ben 16. alkalommal ker\u00fclt sor az \u00c9v hala megv\u00e1laszt\u00e1s\u00e1ra. A term\u00e9szetkedvel\u0151k \u00e9s halbar\u00e1tok h\u00e1rom, haz\u00e1nkban \u0151shonos halfaj k\u00f6z\u00fcl v\u00e1laszthattak. A 2024. december 31-\u00e9n \u00e9jf\u00e9lig be\u00e9rkezett 3586 szavazat 26 sz\u00e1zal\u00e9k\u00e1val a v\u00e1g\u00f3durbincs harmadik lett, a d\u00e9v\u00e9rkeszeg 30,7 sz\u00e1zal\u00e9kkal a m\u00e1sodik, a gy\u0151ztes pedig a voksok 43,3 sz\u00e1zal\u00e9k\u00e1t szerezte meg. A kurta baing,\" class=\"yoast-seo-meta-tag\" \/>\n<meta property=\"og:url\" content=\"https:\/\/dorogimedence.hu\/index.php\/2025\/01\/02\/az-ev-hala-a-kurta-baing\/\" class=\"yoast-seo-meta-tag\" \/>\n<meta property=\"og:site_name\" content=\"Dorogi-medence Region\u00e1lis H\u00edrport\u00e1l\" class=\"yoast-seo-meta-tag\" \/>\n<meta property=\"article:publisher\" content=\"https:\/\/www.facebook.com\/dorogimedence\/\" class=\"yoast-seo-meta-tag\" \/>\n<meta property=\"article:published_time\" content=\"2025-01-02T10:43:15+00:00\" class=\"yoast-seo-meta-tag\" \/>\n<meta property=\"og:image\" content=\"https:\/\/dorogimedence.hu\/wp-content\/uploads\/2024\/12\/Kurtabaing-scaled.jpg\" class=\"yoast-seo-meta-tag\" \/>\n\t<meta property=\"og:image:width\" content=\"2560\" class=\"yoast-seo-meta-tag\" \/>\n\t<meta property=\"og:image:height\" content=\"1614\" class=\"yoast-seo-meta-tag\" \/>\n\t<meta property=\"og:image:type\" content=\"image\/jpeg\" class=\"yoast-seo-meta-tag\" \/>\n<meta name=\"author\" content=\"dorogimedence.hu\" class=\"yoast-seo-meta-tag\" \/>\n<meta name=\"twitter:card\" content=\"summary_large_image\" class=\"yoast-seo-meta-tag\" \/>\n<meta name=\"twitter:label1\" content=\"Szerz\u0151:\" class=\"yoast-seo-meta-tag\" \/>\n\t<meta name=\"twitter:data1\" content=\"dorogimedence.hu\" class=\"yoast-seo-meta-tag\" \/>\n\t<meta name=\"twitter:label2\" content=\"Becs\u00fclt olvas\u00e1si id\u0151\" class=\"yoast-seo-meta-tag\" \/>\n\t<meta name=\"twitter:data2\" content=\"2 perc\" class=\"yoast-seo-meta-tag\" \/>\n<script type=\"application\/ld+json\" class=\"yoast-schema-graph\">{\"@context\":\"https:\\\/\\\/schema.org\",\"@graph\":[{\"@type\":\"Article\",\"@id\":\"https:\\\/\\\/dorogimedence.hu\\\/index.php\\\/2025\\\/01\\\/02\\\/az-ev-hala-a-kurta-baing\\\/#article\",\"isPartOf\":{\"@id\":\"https:\\\/\\\/dorogimedence.hu\\\/index.php\\\/2025\\\/01\\\/02\\\/az-ev-hala-a-kurta-baing\\\/\"},\"author\":{\"name\":\"dorogimedence.hu\",\"@id\":\"https:\\\/\\\/dorogimedence.hu\\\/#\\\/schema\\\/person\\\/ce6091eeb7e95ecdc87890d6aa8e0fd4\"},\"headline\":\"Az \u00e9v hala a kurta baing\",\"datePublished\":\"2025-01-02T10:43:15+00:00\",\"mainEntityOfPage\":{\"@id\":\"https:\\\/\\\/dorogimedence.hu\\\/index.php\\\/2025\\\/01\\\/02\\\/az-ev-hala-a-kurta-baing\\\/\"},\"wordCount\":327,\"publisher\":{\"@id\":\"https:\\\/\\\/dorogimedence.hu\\\/#organization\"},\"image\":{\"@id\":\"https:\\\/\\\/dorogimedence.hu\\\/index.php\\\/2025\\\/01\\\/02\\\/az-ev-hala-a-kurta-baing\\\/#primaryimage\"},\"thumbnailUrl\":\"https:\\\/\\\/dorogimedence.hu\\\/wp-content\\\/uploads\\\/2024\\\/12\\\/Kurtabaing-scaled.jpg\",\"keywords\":[\"\u00e9v hala\"],\"articleSection\":[\"H\u00edrek\",\"Sz\u00ednes\"],\"inLanguage\":\"hu\"},{\"@type\":\"WebPage\",\"@id\":\"https:\\\/\\\/dorogimedence.hu\\\/index.php\\\/2025\\\/01\\\/02\\\/az-ev-hala-a-kurta-baing\\\/\",\"url\":\"https:\\\/\\\/dorogimedence.hu\\\/index.php\\\/2025\\\/01\\\/02\\\/az-ev-hala-a-kurta-baing\\\/\",\"name\":\"Az \u00e9v hala a kurta baing\",\"isPartOf\":{\"@id\":\"https:\\\/\\\/dorogimedence.hu\\\/#website\"},\"primaryImageOfPage\":{\"@id\":\"https:\\\/\\\/dorogimedence.hu\\\/index.php\\\/2025\\\/01\\\/02\\\/az-ev-hala-a-kurta-baing\\\/#primaryimage\"},\"image\":{\"@id\":\"https:\\\/\\\/dorogimedence.hu\\\/index.php\\\/2025\\\/01\\\/02\\\/az-ev-hala-a-kurta-baing\\\/#primaryimage\"},\"thumbnailUrl\":\"https:\\\/\\\/dorogimedence.hu\\\/wp-content\\\/uploads\\\/2024\\\/12\\\/Kurtabaing-scaled.jpg\",\"datePublished\":\"2025-01-02T10:43:15+00:00\",\"breadcrumb\":{\"@id\":\"https:\\\/\\\/dorogimedence.hu\\\/index.php\\\/2025\\\/01\\\/02\\\/az-ev-hala-a-kurta-baing\\\/#breadcrumb\"},\"inLanguage\":\"hu\",\"potentialAction\":[{\"@type\":\"ReadAction\",\"target\":[\"https:\\\/\\\/dorogimedence.hu\\\/index.php\\\/2025\\\/01\\\/02\\\/az-ev-hala-a-kurta-baing\\\/\"]}]},{\"@type\":\"ImageObject\",\"inLanguage\":\"hu\",\"@id\":\"https:\\\/\\\/dorogimedence.hu\\\/index.php\\\/2025\\\/01\\\/02\\\/az-ev-hala-a-kurta-baing\\\/#primaryimage\",\"url\":\"https:\\\/\\\/dorogimedence.hu\\\/wp-content\\\/uploads\\\/2024\\\/12\\\/Kurtabaing-scaled.jpg\",\"contentUrl\":\"https:\\\/\\\/dorogimedence.hu\\\/wp-content\\\/uploads\\\/2024\\\/12\\\/Kurtabaing-scaled.jpg\",\"width\":2560,\"height\":1614},{\"@type\":\"BreadcrumbList\",\"@id\":\"https:\\\/\\\/dorogimedence.hu\\\/index.php\\\/2025\\\/01\\\/02\\\/az-ev-hala-a-kurta-baing\\\/#breadcrumb\",\"itemListElement\":[{\"@type\":\"ListItem\",\"position\":1,\"name\":\"Kezd\u0151lap\",\"item\":\"https:\\\/\\\/dorogimedence.hu\\\/\"},{\"@type\":\"ListItem\",\"position\":2,\"name\":\"Az \u00e9v hala a kurta baing\"}]},{\"@type\":\"WebSite\",\"@id\":\"https:\\\/\\\/dorogimedence.hu\\\/#website\",\"url\":\"https:\\\/\\\/dorogimedence.hu\\\/\",\"name\":\"Dorogi-medence Region\u00e1lis H\u00edrport\u00e1l\",\"description\":\"Dorog, Keszt\u00f6lc, Le\u00e1nyv\u00e1r, Piliscs\u00e9v, Tokod, Tokodalt\u00e1r\u00f3, Csolnok, Esztergom-kertv\u00e1ros: h\u00edrek, programok\",\"publisher\":{\"@id\":\"https:\\\/\\\/dorogimedence.hu\\\/#organization\"},\"potentialAction\":[{\"@type\":\"SearchAction\",\"target\":{\"@type\":\"EntryPoint\",\"urlTemplate\":\"https:\\\/\\\/dorogimedence.hu\\\/?s={search_term_string}\"},\"query-input\":{\"@type\":\"PropertyValueSpecification\",\"valueRequired\":true,\"valueName\":\"search_term_string\"}}],\"inLanguage\":\"hu\"},{\"@type\":\"Organization\",\"@id\":\"https:\\\/\\\/dorogimedence.hu\\\/#organization\",\"name\":\"Dorogi-medence Region\u00e1lis H\u00edrport\u00e1l\",\"url\":\"https:\\\/\\\/dorogimedence.hu\\\/\",\"logo\":{\"@type\":\"ImageObject\",\"inLanguage\":\"hu\",\"@id\":\"https:\\\/\\\/dorogimedence.hu\\\/#\\\/schema\\\/logo\\\/image\\\/\",\"url\":\"https:\\\/\\\/dorogimedence.hu\\\/wp-content\\\/uploads\\\/2021\\\/04\\\/logo-feher-600.png\",\"contentUrl\":\"https:\\\/\\\/dorogimedence.hu\\\/wp-content\\\/uploads\\\/2021\\\/04\\\/logo-feher-600.png\",\"width\":600,\"height\":100,\"caption\":\"Dorogi-medence Region\u00e1lis H\u00edrport\u00e1l\"},\"image\":{\"@id\":\"https:\\\/\\\/dorogimedence.hu\\\/#\\\/schema\\\/logo\\\/image\\\/\"},\"sameAs\":[\"https:\\\/\\\/www.facebook.com\\\/dorogimedence\\\/\"]},{\"@type\":\"Person\",\"@id\":\"https:\\\/\\\/dorogimedence.hu\\\/#\\\/schema\\\/person\\\/ce6091eeb7e95ecdc87890d6aa8e0fd4\",\"name\":\"dorogimedence.hu\",\"image\":{\"@type\":\"ImageObject\",\"inLanguage\":\"hu\",\"@id\":\"\\\/\\\/www.gravatar.com\\\/avatar\\\/d8d45f8901aadff40a4af72c0b826f1d?s=96&#038;r=g&#038;d=mm\",\"url\":\"\\\/\\\/www.gravatar.com\\\/avatar\\\/d8d45f8901aadff40a4af72c0b826f1d?s=96&#038;r=g&#038;d=mm\",\"contentUrl\":\"\\\/\\\/www.gravatar.com\\\/avatar\\\/d8d45f8901aadff40a4af72c0b826f1d?s=96&#038;r=g&#038;d=mm\",\"caption\":\"dorogimedence.hu\"}}]}<\/script>\n<!-- \/ Yoast SEO plugin. -->","yoast_head_json":{"title":"Az \u00e9v hala a kurta baing","robots":{"index":"index","follow":"follow","max-snippet":"max-snippet:-1","max-image-preview":"max-image-preview:large","max-video-preview":"max-video-preview:-1"},"canonical":"https:\/\/dorogimedence.hu\/index.php\/2025\/01\/02\/az-ev-hala-a-kurta-baing\/","og_locale":"hu_HU","og_type":"article","og_title":"Az \u00e9v hala a kurta baing","og_description":"A Magyar Haltani T\u00e1rsas\u00e1g szervez\u00e9s\u00e9ben 16. alkalommal ker\u00fclt sor az \u00c9v hala megv\u00e1laszt\u00e1s\u00e1ra. A term\u00e9szetkedvel\u0151k \u00e9s halbar\u00e1tok h\u00e1rom, haz\u00e1nkban \u0151shonos halfaj k\u00f6z\u00fcl v\u00e1laszthattak. A 2024. december 31-\u00e9n \u00e9jf\u00e9lig be\u00e9rkezett 3586 szavazat 26 sz\u00e1zal\u00e9k\u00e1val a v\u00e1g\u00f3durbincs harmadik lett, a d\u00e9v\u00e9rkeszeg 30,7 sz\u00e1zal\u00e9kkal a m\u00e1sodik, a gy\u0151ztes pedig a voksok 43,3 sz\u00e1zal\u00e9k\u00e1t szerezte meg. A kurta baing,","og_url":"https:\/\/dorogimedence.hu\/index.php\/2025\/01\/02\/az-ev-hala-a-kurta-baing\/","og_site_name":"Dorogi-medence Region\u00e1lis H\u00edrport\u00e1l","article_publisher":"https:\/\/www.facebook.com\/dorogimedence\/","article_published_time":"2025-01-02T10:43:15+00:00","og_image":[{"width":2560,"height":1614,"url":"https:\/\/dorogimedence.hu\/wp-content\/uploads\/2024\/12\/Kurtabaing-scaled.jpg","type":"image\/jpeg"}],"author":"dorogimedence.hu","twitter_card":"summary_large_image","twitter_misc":{"Szerz\u0151:":"dorogimedence.hu","Becs\u00fclt olvas\u00e1si id\u0151":"2 perc"},"schema":{"@context":"https:\/\/schema.org","@graph":[{"@type":"Article","@id":"https:\/\/dorogimedence.hu\/index.php\/2025\/01\/02\/az-ev-hala-a-kurta-baing\/#article","isPartOf":{"@id":"https:\/\/dorogimedence.hu\/index.php\/2025\/01\/02\/az-ev-hala-a-kurta-baing\/"},"author":{"name":"dorogimedence.hu","@id":"https:\/\/dorogimedence.hu\/#\/schema\/person\/ce6091eeb7e95ecdc87890d6aa8e0fd4"},"headline":"Az \u00e9v hala a kurta baing","datePublished":"2025-01-02T10:43:15+00:00","mainEntityOfPage":{"@id":"https:\/\/dorogimedence.hu\/index.php\/2025\/01\/02\/az-ev-hala-a-kurta-baing\/"},"wordCount":327,"publisher":{"@id":"https:\/\/dorogimedence.hu\/#organization"},"image":{"@id":"https:\/\/dorogimedence.hu\/index.php\/2025\/01\/02\/az-ev-hala-a-kurta-baing\/#primaryimage"},"thumbnailUrl":"https:\/\/dorogimedence.hu\/wp-content\/uploads\/2024\/12\/Kurtabaing-scaled.jpg","keywords":["\u00e9v hala"],"articleSection":["H\u00edrek","Sz\u00ednes"],"inLanguage":"hu"},{"@type":"WebPage","@id":"https:\/\/dorogimedence.hu\/index.php\/2025\/01\/02\/az-ev-hala-a-kurta-baing\/","url":"https:\/\/dorogimedence.hu\/index.php\/2025\/01\/02\/az-ev-hala-a-kurta-baing\/","name":"Az \u00e9v hala a kurta baing","isPartOf":{"@id":"https:\/\/dorogimedence.hu\/#website"},"primaryImageOfPage":{"@id":"https:\/\/dorogimedence.hu\/index.php\/2025\/01\/02\/az-ev-hala-a-kurta-baing\/#primaryimage"},"image":{"@id":"https:\/\/dorogimedence.hu\/index.php\/2025\/01\/02\/az-ev-hala-a-kurta-baing\/#primaryimage"},"thumbnailUrl":"https:\/\/dorogimedence.hu\/wp-content\/uploads\/2024\/12\/Kurtabaing-scaled.jpg","datePublished":"2025-01-02T10:43:15+00:00","breadcrumb":{"@id":"https:\/\/dorogimedence.hu\/index.php\/2025\/01\/02\/az-ev-hala-a-kurta-baing\/#breadcrumb"},"inLanguage":"hu","potentialAction":[{"@type":"ReadAction","target":["https:\/\/dorogimedence.hu\/index.php\/2025\/01\/02\/az-ev-hala-a-kurta-baing\/"]}]},{"@type":"ImageObject","inLanguage":"hu","@id":"https:\/\/dorogimedence.hu\/index.php\/2025\/01\/02\/az-ev-hala-a-kurta-baing\/#primaryimage","url":"https:\/\/dorogimedence.hu\/wp-content\/uploads\/2024\/12\/Kurtabaing-scaled.jpg","contentUrl":"https:\/\/dorogimedence.hu\/wp-content\/uploads\/2024\/12\/Kurtabaing-scaled.jpg","width":2560,"height":1614},{"@type":"BreadcrumbList","@id":"https:\/\/dorogimedence.hu\/index.php\/2025\/01\/02\/az-ev-hala-a-kurta-baing\/#breadcrumb","itemListElement":[{"@type":"ListItem","position":1,"name":"Kezd\u0151lap","item":"https:\/\/dorogimedence.hu\/"},{"@type":"ListItem","position":2,"name":"Az \u00e9v hala a kurta baing"}]},{"@type":"WebSite","@id":"https:\/\/dorogimedence.hu\/#website","url":"https:\/\/dorogimedence.hu\/","name":"Dorogi-medence Region\u00e1lis H\u00edrport\u00e1l","description":"Dorog, Keszt\u00f6lc, Le\u00e1nyv\u00e1r, Piliscs\u00e9v, Tokod, Tokodalt\u00e1r\u00f3, Csolnok, Esztergom-kertv\u00e1ros: h\u00edrek, programok","publisher":{"@id":"https:\/\/dorogimedence.hu\/#organization"},"potentialAction":[{"@type":"SearchAction","target":{"@type":"EntryPoint","urlTemplate":"https:\/\/dorogimedence.hu\/?s={search_term_string}"},"query-input":{"@type":"PropertyValueSpecification","valueRequired":true,"valueName":"search_term_string"}}],"inLanguage":"hu"},{"@type":"Organization","@id":"https:\/\/dorogimedence.hu\/#organization","name":"Dorogi-medence Region\u00e1lis H\u00edrport\u00e1l","url":"https:\/\/dorogimedence.hu\/","logo":{"@type":"ImageObject","inLanguage":"hu","@id":"https:\/\/dorogimedence.hu\/#\/schema\/logo\/image\/","url":"https:\/\/dorogimedence.hu\/wp-content\/uploads\/2021\/04\/logo-feher-600.png","contentUrl":"https:\/\/dorogimedence.hu\/wp-content\/uploads\/2021\/04\/logo-feher-600.png","width":600,"height":100,"caption":"Dorogi-medence Region\u00e1lis H\u00edrport\u00e1l"},"image":{"@id":"https:\/\/dorogimedence.hu\/#\/schema\/logo\/image\/"},"sameAs":["https:\/\/www.facebook.com\/dorogimedence\/"]},{"@type":"Person","@id":"https:\/\/dorogimedence.hu\/#\/schema\/person\/ce6091eeb7e95ecdc87890d6aa8e0fd4","name":"dorogimedence.hu","image":{"@type":"ImageObject","inLanguage":"hu","@id":"\/\/www.gravatar.com\/avatar\/d8d45f8901aadff40a4af72c0b826f1d?s=96&#038;r=g&#038;d=mm","url":"\/\/www.gravatar.com\/avatar\/d8d45f8901aadff40a4af72c0b826f1d?s=96&#038;r=g&#038;d=mm","contentUrl":"\/\/www.gravatar.com\/avatar\/d8d45f8901aadff40a4af72c0b826f1d?s=96&#038;r=g&#038;d=mm","caption":"dorogimedence.hu"}}]}},"_links":{"self":[{"href":"https:\/\/dorogimedence.hu\/index.php\/wp-json\/wp\/v2\/posts\/67842","targetHints":{"allow":["GET"]}}],"collection":[{"href":"https:\/\/dorogimedence.hu\/index.php\/wp-json\/wp\/v2\/posts"}],"about":[{"href":"https:\/\/dorogimedence.hu\/index.php\/wp-json\/wp\/v2\/types\/post"}],"author":[{"embeddable":true,"href":"https:\/\/dorogimedence.hu\/index.php\/wp-json\/wp\/v2\/users\/1"}],"replies":[{"embeddable":true,"href":"https:\/\/dorogimedence.hu\/index.php\/wp-json\/wp\/v2\/comments?post=67842"}],"version-history":[{"count":0,"href":"https:\/\/dorogimedence.hu\/index.php\/wp-json\/wp\/v2\/posts\/67842\/revisions"}],"wp:featuredmedia":[{"embeddable":true,"href":"https:\/\/dorogimedence.hu\/index.php\/wp-json\/wp\/v2\/media\/67588"}],"wp:attachment":[{"href":"https:\/\/dorogimedence.hu\/index.php\/wp-json\/wp\/v2\/media?parent=67842"}],"wp:term":[{"taxonomy":"category","embeddable":true,"href":"https:\/\/dorogimedence.hu\/index.php\/wp-json\/wp\/v2\/categories?post=67842"},{"taxonomy":"post_tag","embeddable":true,"href":"https:\/\/dorogimedence.hu\/index.php\/wp-json\/wp\/v2\/tags?post=67842"}],"curies":[{"name":"wp","href":"https:\/\/api.w.org\/{rel}","templated":true}]}}