{"id":67837,"date":"2025-01-02T11:13:32","date_gmt":"2025-01-02T10:13:32","guid":{"rendered":"https:\/\/dorogimedence.hu\/?p=67837"},"modified":"2025-01-02T11:13:32","modified_gmt":"2025-01-02T10:13:32","slug":"rosszul-indult-a-mav-nak-az-uj-ev-elso-munkanapja","status":"publish","type":"post","link":"https:\/\/dorogimedence.hu\/index.php\/2025\/01\/02\/rosszul-indult-a-mav-nak-az-uj-ev-elso-munkanapja\/","title":{"rendered":"Rosszul indult a M\u00c1V-nak az \u00faj \u00e9v els\u0151 munkanapja"},"content":{"rendered":"<p class=\"article-lead entry-summary\" data-scroll-event-name=\"ScrollToArticleLead\" data-scroll-event-handled=\"true\"><strong>T\u00f6bb vonalon is m\u0171szaki hib\u00e1k nehez\u00edtik a k\u00f6zleked\u00e9st, Piliscsaba \u00e9s Esztergom k\u00f6z\u00f6tt vonatok helyett buszok j\u00e1rnak <\/strong><em>&#8211; \u00edrja a <a href=\"https:\/\/hvg.hu\/kkv\/20250102_mav-vonat-jarmuhiba-biztositoberendezes-kozlekedes-fennakadas-lazar-janos\" target=\"_blank\" rel=\"noopener\"><span style=\"text-decoration: underline; color: #0000ff;\">HVG<\/span><\/a> a M\u00e1vinform k\u00f6zlem\u00e9nye alapj\u00e1n.<\/em><strong><br \/>\n<\/strong><\/p>\n<p>A biztos\u00edt\u00f3berendez\u00e9s hib\u00e1ja miatt az esztergomi Z72-es vonatok cs\u00fct\u00f6rt\u00f6k\u00f6n csak Piliscsab\u00e1ig k\u00f6zlekednek, \u00e9s onnan is indulnak. Esztergom \u00e9s Piliscsaba k\u00f6z\u00f6tt a Vol\u00e1n j\u00e1rataival, valamint p\u00f3tl\u00f3buszokkal lehet utazni, amelyek 10.15-t\u0151l \u00e1lltak forgalomba.<\/p>\n<p>\u00c1m nem ez az egyetlen vonal, ahol kih\u00edv\u00e1sokkal k\u00fczd az \u00e1llami vas\u00fatt\u00e1rsas\u00e1g. Az els\u0151 nem k\u00f6zleked\u0151 szerelv\u00e9nyr\u0151l, a F\u00fczesabonyb\u00f3l Miskolcra tart\u00f3 5030-as \u2013 meghib\u00e1sodott \u2013 szem\u00e9lyvonatr\u00f3l 5 \u00f3ra 11 perckor adtak h\u00edrt a <em><a href=\"https:\/\/www.facebook.com\/@Mavinform1?locale=hu_HU\" target=\"_blank\" rel=\"noreferrer noopener\"><span style=\"text-decoration: underline; color: #0000ff;\">M\u00e1vinform<\/span><\/a> <\/em>oldal\u00e1n. Ennek az indul\u00e1si ideje egy\u00e9bk\u00e9nt 4 \u00f3ra 59 perc lett volna.<\/p>\n<p>K\u00e9s\u0151bb a Szolnokr\u00f3l 5:43-kor a Keleti p\u00e1lyaudvarra indul\u00f3 G60-as vonatr\u00f3l k\u00f6z\u00f6lt\u00e9k, hogy Nagyk\u00e1t\u00e1t\u00f3l m\u0171szaki ok miatt S60-ask\u00e9nt k\u00f6zlekedik tov\u00e1bb, majd egy nemzetk\u00f6zi szerelv\u00e9nyr\u0151l \u00e9rkezett h\u00edr: a Bukarestb\u0151l B\u00e9csbe tart\u00f3 Dacia EuroCity (EC 346) jelent\u0151s k\u00e9s\u00e9se miatt az eredeti szerelv\u00e9nye csak a Keleti p\u00e1lyaudvarig k\u00f6zlekedik, az utasok onnan egy k\u00f6vetkez\u0151 Railjettel vagy B\u00e9csbe tart\u00f3 EuroCityvel utazhatnak tov\u00e1bb.<\/p>\n<p>A k\u00f6vetkez\u0151 bejegyz\u00e9s a veresegyh\u00e1zi S71-es \u00e9s G71-es, valamint a V\u00e1c \u00e9s Asz\u00f3d k\u00f6z\u00f6tti S77-es vonatokr\u00f3l sz\u00f3lt: ott is j\u00e1rm\u0171hiba miatt figyelmeztettek fennakad\u00e1sra. R\u00f6viddel nyolc \u00f3ra el\u0151tt azt\u00e1n azt \u00edrt\u00e1k, hogy \u201eelvontatt\u00e1k a meghib\u00e1sodott szerelv\u00e9nyt, ism\u00e9t k\u00f6zlekedhetnek a vonatok V\u00e1c \u00e9s V\u00e1cr\u00e1t\u00f3t k\u00f6z\u00f6tt. A menetrendszer\u0171 k\u00f6zleked\u00e9s fokozatosan \u00e1ll helyre a veresegyh\u00e1zi vonalon\u201d.<\/p>\n<p>F\u00e9l nyolc el\u0151tt a Domb\u00f3v\u00e1rr\u00f3l 6:13-kor Baj\u00e1ra indul\u00f3 szem\u00e9lyvonatr\u00f3l (38712) \u00edrt\u00e1k, hogy helyette j\u00e1rm\u0171hiba miatt p\u00f3tl\u00f3busz k\u00f6zlekedik.<\/p>\n<p>A Keletib\u0151l 7:50-kor S\u00fclys\u00e1pra elindult S60-as vonat (3432) 30 perces k\u00e9s\u00e9se miatt csak Mend\u00e9ig k\u00f6zlekedik, az utasok az onnan p\u00e1r perccel k\u00e9s\u0151bb tov\u00e1bbindul\u00f3 Z60-as vonattal (3332) folytathatj\u00e1k az \u00fatjukat, amely ez\u00e9rt Pusztaszentistv\u00e1non \u00e9s Mend\u00e9n is meg\u00e1ll.<\/p>\n<p>C<span class=\"x193iq5w xeuugli x13faqbe x1vvkbs x1xmvt09 x1lliihq x1s928wv xhkezso x1gmr53x x1cpjm7i x1fgarty x1943h6x xudqn12 x3x7a5m x6prxxf xvq8zen xo1l8bm xzsf02u x1yc453h\" dir=\"auto\">s\u00fct\u00f6rt\u00f6k\u00f6n a Sz\u00e9kesfeh\u00e9rv\u00e1rr\u00f3l 10:52-kor Si\u00f3fokra (8714), valamint a Si\u00f3fokr\u00f3l 12:15-kor Sz\u00e9kesfeh\u00e9rv\u00e1rra indul\u00f3 szem\u00e9lyvonat (8725) nem k\u00f6zlekedik.<\/span><\/p>\n<p>J\u00e1rm\u0171hiba miatt cs\u00fct\u00f6rt\u00f6k d\u00e9lel\u0151tt az al\u00e1bbi v\u00e1ltoz\u00e1sokra kell sz\u00e1m\u00edtani a G43-as vonatokn\u00e1l:<\/p>\n<ul>\n<li>a K\u0151b\u00e1nya-Kispestr\u0151l 8:27-kor Sz\u00e9kesfeh\u00e9rv\u00e1rra elindult G43-as (3532) j\u00e1rm\u0171hiba miatt csak Kelenf\u00f6ldig k\u00f6zlekedik;<\/li>\n<li>a Martonv\u00e1s\u00e1rr\u00f3l 8:10-kor K\u0151b\u00e1nya-Kispestre elindult S36-os 20-30 perces k\u00e9s\u00e9ssel k\u00f6zlekedik Kelenf\u00f6ldt\u0151l,<\/li>\n<li>a Sz\u00e9kesfeh\u00e9rv\u00e1rr\u00f3l 10:18-kor K\u0151b\u00e1nya-Kispestre indul\u00f3 G43-as (3515) csak Kelenf\u00f6ldt\u0151l k\u00f6zlekedik.<\/li>\n<\/ul>\n<div dir=\"auto\">Cs\u00fct\u00f6rt\u00f6k\u00f6n a D\u00e9li p\u00e1lyaudvarr\u00f3l 9:00-kor Veszpr\u00e9mbe indult Citadella InterCity (IC 246) j\u00e1rm\u0171hiba miatt Sz\u00e9kesfeh\u00e9rv\u00e1rt\u00f3l v\u00e1rhat\u00f3an 50-60 perces k\u00e9s\u00e9ssel k\u00f6zlekedik, \u00d6sk\u00fcn \u00e9s Hajm\u00e1sk\u00e9ren is meg\u00e1ll. A fennakad\u00e1s miatt a D\u00e9li p\u00e1lyaudvarr\u00f3l eredeti menetrend szerint 7:30-kor Veszpr\u00e9mbe indult Bakony InterCity (IC 902) szerelv\u00e9nye Sz\u00e9kesfeh\u00e9rv\u00e1rt\u00f3l Citadella InterCityk\u00e9nt (IC 247) k\u00f6zlekedik tov\u00e1bb. A v\u00e1ltoz\u00e1s a Veszpr\u00e9mb\u0151l indul\u00f3 p\u00f3tl\u00f3buszt, valamint az Ajk\u00e1r\u00f3l 10:00-kor Szombathelyre indul\u00f3 Bakony InterCityt (IC 902) nem \u00e9rinti. A Szombathely fel\u00e9 tart\u00f3 utasok a Citadella InterCityvel, j\u00e1nosh\u00e1zai \u00e9s celld\u00f6m\u00f6lki \u00e1tsz\u00e1ll\u00e1ssal utazhatnak tov\u00e1bb. A Veszpr\u00e9mb\u0151l 10:02-kor a D\u00e9li p\u00e1lyaudvarra indul\u00f3 G\u00f6csej InterCity (IC 957) nem k\u00f6zlekedik, utasai az egy \u00f3r\u00e1val k\u00e9s\u0151bbi Bakony InterCityvel (IC 907) utazhatnak.<\/div>\n<p>Azt m\u00e9g szerd\u00e1n k\u00f6z\u00f6lte a M\u00c1V, hogy fels\u0151vezet\u00e9k-szakad\u00e1s vesz\u00e9ly\u00e9t elh\u00e1r\u00edt\u00f3 munk\u00e1k miatt v\u00e1ltozik a vas\u00fati menetrend az 1-es vas\u00fatvonalon cs\u00fct\u00f6rt\u00f6kt\u0151l j\u00f6v\u0151 szombatig, ez id\u0151 alatt vesz\u00e9lyes f\u00e1k kiv\u00e1g\u00e1s\u00e1t, bokrok gy\u00e9r\u00edt\u00e9s\u00e9t, valamint a fels\u0151vezet\u00e9k-rendszer tervezett id\u0151szakos karbantart\u00e1s\u00e1t v\u00e9gzi a vas\u00fatt\u00e1rsas\u00e1g.<\/p>\n<p>A munk\u00e1latok miatt az oroszl\u00e1nyi S12-es vonatok t\u00f6bbs\u00e9ge csak r\u00f6videbb \u00fatvonalon, Tatab\u00e1nya \u00e9s Oroszl\u00e1ny k\u00f6z\u00f6tt j\u00e1r, t\u00f6bb j\u00e1rat f\u0151v\u00e1rosi v\u00e9g\u00e1llom\u00e1s\u00e1t pedig \u00e1tmenetileg Budapest-Kelenf\u00f6ldre helyezik \u00e1t. M\u00f3dosulnak indul\u00e1si id\u0151k, \u00e9s ki is maradnak j\u00e1ratok, ez\u00e9rt jellemz\u0151en a reggeli \u00f3r\u00e1kban t\u00f6bb vonat meg\u00e1ll\u00e1si rendje is v\u00e1ltozik, \u00e9s mentes\u00edt\u0151 j\u00e1ratok is indulnak.<\/p>\n<p><em>Forr\u00e1s: M\u00c1VINFORM \/ HVG<\/em><\/p>\n","protected":false},"excerpt":{"rendered":"<p>T\u00f6bb vonalon is m\u0171szaki hib\u00e1k nehez\u00edtik a k\u00f6zleked\u00e9st, Piliscsaba \u00e9s Esztergom k\u00f6z\u00f6tt vonatok helyett buszok j\u00e1rnak &#8211; \u00edrja a HVG a M\u00e1vinform k\u00f6zlem\u00e9nye alapj\u00e1n. A biztos\u00edt\u00f3berendez\u00e9s hib\u00e1ja miatt az esztergomi Z72-es vonatok cs\u00fct\u00f6rt\u00f6k\u00f6n csak Piliscsab\u00e1ig k\u00f6zlekednek, \u00e9s onnan is indulnak. Esztergom \u00e9s Piliscsaba k\u00f6z\u00f6tt a Vol\u00e1n j\u00e1rataival, valamint p\u00f3tl\u00f3buszokkal lehet utazni, amelyek 10.15-t\u0151l \u00e1lltak forgalomba.<\/p>\n","protected":false},"author":1,"featured_media":9399,"comment_status":"closed","ping_status":"closed","sticky":false,"template":"","format":"standard","meta":{"ngg_post_thumbnail":0,"footnotes":""},"categories":[38,3],"tags":[292,293,381,291],"class_list":{"0":"post-67837","1":"post","2":"type-post","3":"status-publish","4":"format-standard","5":"has-post-thumbnail","7":"category-esztergom","8":"category-hirek","9":"tag-mav","10":"tag-menetrend","11":"tag-vasut","12":"tag-vonat"},"yoast_head":"<!-- This site is optimized with the Yoast SEO plugin v27.5 - https:\/\/yoast.com\/product\/yoast-seo-wordpress\/ -->\n<title>Rosszul indult a M\u00c1V-nak az \u00faj \u00e9v els\u0151 munkanapja<\/title>\n<meta name=\"robots\" content=\"index, follow, max-snippet:-1, max-image-preview:large, max-video-preview:-1\" \/>\n<link rel=\"canonical\" href=\"https:\/\/dorogimedence.hu\/index.php\/2025\/01\/02\/rosszul-indult-a-mav-nak-az-uj-ev-elso-munkanapja\/\" class=\"yoast-seo-meta-tag\" \/>\n<meta property=\"og:locale\" content=\"hu_HU\" class=\"yoast-seo-meta-tag\" \/>\n<meta property=\"og:type\" content=\"article\" class=\"yoast-seo-meta-tag\" \/>\n<meta property=\"og:title\" content=\"Rosszul indult a M\u00c1V-nak az \u00faj \u00e9v els\u0151 munkanapja\" class=\"yoast-seo-meta-tag\" \/>\n<meta property=\"og:description\" content=\"T\u00f6bb vonalon is m\u0171szaki hib\u00e1k nehez\u00edtik a k\u00f6zleked\u00e9st, Piliscsaba \u00e9s Esztergom k\u00f6z\u00f6tt vonatok helyett buszok j\u00e1rnak &#8211; \u00edrja a HVG a M\u00e1vinform k\u00f6zlem\u00e9nye alapj\u00e1n. A biztos\u00edt\u00f3berendez\u00e9s hib\u00e1ja miatt az esztergomi Z72-es vonatok cs\u00fct\u00f6rt\u00f6k\u00f6n csak Piliscsab\u00e1ig k\u00f6zlekednek, \u00e9s onnan is indulnak. Esztergom \u00e9s Piliscsaba k\u00f6z\u00f6tt a Vol\u00e1n j\u00e1rataival, valamint p\u00f3tl\u00f3buszokkal lehet utazni, amelyek 10.15-t\u0151l \u00e1lltak forgalomba.\" class=\"yoast-seo-meta-tag\" \/>\n<meta property=\"og:url\" content=\"https:\/\/dorogimedence.hu\/index.php\/2025\/01\/02\/rosszul-indult-a-mav-nak-az-uj-ev-elso-munkanapja\/\" class=\"yoast-seo-meta-tag\" \/>\n<meta property=\"og:site_name\" content=\"Dorogi-medence Region\u00e1lis H\u00edrport\u00e1l\" class=\"yoast-seo-meta-tag\" \/>\n<meta property=\"article:publisher\" content=\"https:\/\/www.facebook.com\/dorogimedence\/\" class=\"yoast-seo-meta-tag\" \/>\n<meta property=\"article:published_time\" content=\"2025-01-02T10:13:32+00:00\" class=\"yoast-seo-meta-tag\" \/>\n<meta property=\"og:image\" content=\"https:\/\/dorogimedence.hu\/wp-content\/uploads\/2018\/04\/flirt-uj-01.jpg\" class=\"yoast-seo-meta-tag\" \/>\n\t<meta property=\"og:image:width\" content=\"670\" class=\"yoast-seo-meta-tag\" \/>\n\t<meta property=\"og:image:height\" content=\"365\" class=\"yoast-seo-meta-tag\" \/>\n\t<meta property=\"og:image:type\" content=\"image\/jpeg\" class=\"yoast-seo-meta-tag\" \/>\n<meta name=\"author\" content=\"dorogimedence.hu\" class=\"yoast-seo-meta-tag\" \/>\n<meta name=\"twitter:card\" content=\"summary_large_image\" class=\"yoast-seo-meta-tag\" \/>\n<meta name=\"twitter:label1\" content=\"Szerz\u0151:\" class=\"yoast-seo-meta-tag\" \/>\n\t<meta name=\"twitter:data1\" content=\"dorogimedence.hu\" class=\"yoast-seo-meta-tag\" \/>\n\t<meta name=\"twitter:label2\" content=\"Becs\u00fclt olvas\u00e1si id\u0151\" class=\"yoast-seo-meta-tag\" \/>\n\t<meta name=\"twitter:data2\" content=\"4 perc\" class=\"yoast-seo-meta-tag\" \/>\n<script type=\"application\/ld+json\" class=\"yoast-schema-graph\">{\"@context\":\"https:\\\/\\\/schema.org\",\"@graph\":[{\"@type\":\"Article\",\"@id\":\"https:\\\/\\\/dorogimedence.hu\\\/index.php\\\/2025\\\/01\\\/02\\\/rosszul-indult-a-mav-nak-az-uj-ev-elso-munkanapja\\\/#article\",\"isPartOf\":{\"@id\":\"https:\\\/\\\/dorogimedence.hu\\\/index.php\\\/2025\\\/01\\\/02\\\/rosszul-indult-a-mav-nak-az-uj-ev-elso-munkanapja\\\/\"},\"author\":{\"name\":\"dorogimedence.hu\",\"@id\":\"https:\\\/\\\/dorogimedence.hu\\\/#\\\/schema\\\/person\\\/ce6091eeb7e95ecdc87890d6aa8e0fd4\"},\"headline\":\"Rosszul indult a M\u00c1V-nak az \u00faj \u00e9v els\u0151 munkanapja\",\"datePublished\":\"2025-01-02T10:13:32+00:00\",\"mainEntityOfPage\":{\"@id\":\"https:\\\/\\\/dorogimedence.hu\\\/index.php\\\/2025\\\/01\\\/02\\\/rosszul-indult-a-mav-nak-az-uj-ev-elso-munkanapja\\\/\"},\"wordCount\":850,\"publisher\":{\"@id\":\"https:\\\/\\\/dorogimedence.hu\\\/#organization\"},\"image\":{\"@id\":\"https:\\\/\\\/dorogimedence.hu\\\/index.php\\\/2025\\\/01\\\/02\\\/rosszul-indult-a-mav-nak-az-uj-ev-elso-munkanapja\\\/#primaryimage\"},\"thumbnailUrl\":\"https:\\\/\\\/dorogimedence.hu\\\/wp-content\\\/uploads\\\/2018\\\/04\\\/flirt-uj-01.jpg\",\"keywords\":[\"m\u00e1v\",\"menetrend\",\"vas\u00fat\",\"vonat\"],\"articleSection\":[\"Esztergom\",\"H\u00edrek\"],\"inLanguage\":\"hu\"},{\"@type\":\"WebPage\",\"@id\":\"https:\\\/\\\/dorogimedence.hu\\\/index.php\\\/2025\\\/01\\\/02\\\/rosszul-indult-a-mav-nak-az-uj-ev-elso-munkanapja\\\/\",\"url\":\"https:\\\/\\\/dorogimedence.hu\\\/index.php\\\/2025\\\/01\\\/02\\\/rosszul-indult-a-mav-nak-az-uj-ev-elso-munkanapja\\\/\",\"name\":\"Rosszul indult a M\u00c1V-nak az \u00faj \u00e9v els\u0151 munkanapja\",\"isPartOf\":{\"@id\":\"https:\\\/\\\/dorogimedence.hu\\\/#website\"},\"primaryImageOfPage\":{\"@id\":\"https:\\\/\\\/dorogimedence.hu\\\/index.php\\\/2025\\\/01\\\/02\\\/rosszul-indult-a-mav-nak-az-uj-ev-elso-munkanapja\\\/#primaryimage\"},\"image\":{\"@id\":\"https:\\\/\\\/dorogimedence.hu\\\/index.php\\\/2025\\\/01\\\/02\\\/rosszul-indult-a-mav-nak-az-uj-ev-elso-munkanapja\\\/#primaryimage\"},\"thumbnailUrl\":\"https:\\\/\\\/dorogimedence.hu\\\/wp-content\\\/uploads\\\/2018\\\/04\\\/flirt-uj-01.jpg\",\"datePublished\":\"2025-01-02T10:13:32+00:00\",\"breadcrumb\":{\"@id\":\"https:\\\/\\\/dorogimedence.hu\\\/index.php\\\/2025\\\/01\\\/02\\\/rosszul-indult-a-mav-nak-az-uj-ev-elso-munkanapja\\\/#breadcrumb\"},\"inLanguage\":\"hu\",\"potentialAction\":[{\"@type\":\"ReadAction\",\"target\":[\"https:\\\/\\\/dorogimedence.hu\\\/index.php\\\/2025\\\/01\\\/02\\\/rosszul-indult-a-mav-nak-az-uj-ev-elso-munkanapja\\\/\"]}]},{\"@type\":\"ImageObject\",\"inLanguage\":\"hu\",\"@id\":\"https:\\\/\\\/dorogimedence.hu\\\/index.php\\\/2025\\\/01\\\/02\\\/rosszul-indult-a-mav-nak-az-uj-ev-elso-munkanapja\\\/#primaryimage\",\"url\":\"https:\\\/\\\/dorogimedence.hu\\\/wp-content\\\/uploads\\\/2018\\\/04\\\/flirt-uj-01.jpg\",\"contentUrl\":\"https:\\\/\\\/dorogimedence.hu\\\/wp-content\\\/uploads\\\/2018\\\/04\\\/flirt-uj-01.jpg\",\"width\":670,\"height\":365},{\"@type\":\"BreadcrumbList\",\"@id\":\"https:\\\/\\\/dorogimedence.hu\\\/index.php\\\/2025\\\/01\\\/02\\\/rosszul-indult-a-mav-nak-az-uj-ev-elso-munkanapja\\\/#breadcrumb\",\"itemListElement\":[{\"@type\":\"ListItem\",\"position\":1,\"name\":\"Kezd\u0151lap\",\"item\":\"https:\\\/\\\/dorogimedence.hu\\\/\"},{\"@type\":\"ListItem\",\"position\":2,\"name\":\"Rosszul indult a M\u00c1V-nak az \u00faj \u00e9v els\u0151 munkanapja\"}]},{\"@type\":\"WebSite\",\"@id\":\"https:\\\/\\\/dorogimedence.hu\\\/#website\",\"url\":\"https:\\\/\\\/dorogimedence.hu\\\/\",\"name\":\"Dorogi-medence Region\u00e1lis H\u00edrport\u00e1l\",\"description\":\"Dorog, Keszt\u00f6lc, Le\u00e1nyv\u00e1r, Piliscs\u00e9v, Tokod, Tokodalt\u00e1r\u00f3, Csolnok, Esztergom-kertv\u00e1ros: h\u00edrek, programok\",\"publisher\":{\"@id\":\"https:\\\/\\\/dorogimedence.hu\\\/#organization\"},\"potentialAction\":[{\"@type\":\"SearchAction\",\"target\":{\"@type\":\"EntryPoint\",\"urlTemplate\":\"https:\\\/\\\/dorogimedence.hu\\\/?s={search_term_string}\"},\"query-input\":{\"@type\":\"PropertyValueSpecification\",\"valueRequired\":true,\"valueName\":\"search_term_string\"}}],\"inLanguage\":\"hu\"},{\"@type\":\"Organization\",\"@id\":\"https:\\\/\\\/dorogimedence.hu\\\/#organization\",\"name\":\"Dorogi-medence Region\u00e1lis H\u00edrport\u00e1l\",\"url\":\"https:\\\/\\\/dorogimedence.hu\\\/\",\"logo\":{\"@type\":\"ImageObject\",\"inLanguage\":\"hu\",\"@id\":\"https:\\\/\\\/dorogimedence.hu\\\/#\\\/schema\\\/logo\\\/image\\\/\",\"url\":\"https:\\\/\\\/dorogimedence.hu\\\/wp-content\\\/uploads\\\/2021\\\/04\\\/logo-feher-600.png\",\"contentUrl\":\"https:\\\/\\\/dorogimedence.hu\\\/wp-content\\\/uploads\\\/2021\\\/04\\\/logo-feher-600.png\",\"width\":600,\"height\":100,\"caption\":\"Dorogi-medence Region\u00e1lis H\u00edrport\u00e1l\"},\"image\":{\"@id\":\"https:\\\/\\\/dorogimedence.hu\\\/#\\\/schema\\\/logo\\\/image\\\/\"},\"sameAs\":[\"https:\\\/\\\/www.facebook.com\\\/dorogimedence\\\/\"]},{\"@type\":\"Person\",\"@id\":\"https:\\\/\\\/dorogimedence.hu\\\/#\\\/schema\\\/person\\\/ce6091eeb7e95ecdc87890d6aa8e0fd4\",\"name\":\"dorogimedence.hu\",\"image\":{\"@type\":\"ImageObject\",\"inLanguage\":\"hu\",\"@id\":\"\\\/\\\/www.gravatar.com\\\/avatar\\\/d8d45f8901aadff40a4af72c0b826f1d?s=96&#038;r=g&#038;d=mm\",\"url\":\"\\\/\\\/www.gravatar.com\\\/avatar\\\/d8d45f8901aadff40a4af72c0b826f1d?s=96&#038;r=g&#038;d=mm\",\"contentUrl\":\"\\\/\\\/www.gravatar.com\\\/avatar\\\/d8d45f8901aadff40a4af72c0b826f1d?s=96&#038;r=g&#038;d=mm\",\"caption\":\"dorogimedence.hu\"}}]}<\/script>\n<!-- \/ Yoast SEO plugin. -->","yoast_head_json":{"title":"Rosszul indult a M\u00c1V-nak az \u00faj \u00e9v els\u0151 munkanapja","robots":{"index":"index","follow":"follow","max-snippet":"max-snippet:-1","max-image-preview":"max-image-preview:large","max-video-preview":"max-video-preview:-1"},"canonical":"https:\/\/dorogimedence.hu\/index.php\/2025\/01\/02\/rosszul-indult-a-mav-nak-az-uj-ev-elso-munkanapja\/","og_locale":"hu_HU","og_type":"article","og_title":"Rosszul indult a M\u00c1V-nak az \u00faj \u00e9v els\u0151 munkanapja","og_description":"T\u00f6bb vonalon is m\u0171szaki hib\u00e1k nehez\u00edtik a k\u00f6zleked\u00e9st, Piliscsaba \u00e9s Esztergom k\u00f6z\u00f6tt vonatok helyett buszok j\u00e1rnak &#8211; \u00edrja a HVG a M\u00e1vinform k\u00f6zlem\u00e9nye alapj\u00e1n. A biztos\u00edt\u00f3berendez\u00e9s hib\u00e1ja miatt az esztergomi Z72-es vonatok cs\u00fct\u00f6rt\u00f6k\u00f6n csak Piliscsab\u00e1ig k\u00f6zlekednek, \u00e9s onnan is indulnak. Esztergom \u00e9s Piliscsaba k\u00f6z\u00f6tt a Vol\u00e1n j\u00e1rataival, valamint p\u00f3tl\u00f3buszokkal lehet utazni, amelyek 10.15-t\u0151l \u00e1lltak forgalomba.","og_url":"https:\/\/dorogimedence.hu\/index.php\/2025\/01\/02\/rosszul-indult-a-mav-nak-az-uj-ev-elso-munkanapja\/","og_site_name":"Dorogi-medence Region\u00e1lis H\u00edrport\u00e1l","article_publisher":"https:\/\/www.facebook.com\/dorogimedence\/","article_published_time":"2025-01-02T10:13:32+00:00","og_image":[{"width":670,"height":365,"url":"https:\/\/dorogimedence.hu\/wp-content\/uploads\/2018\/04\/flirt-uj-01.jpg","type":"image\/jpeg"}],"author":"dorogimedence.hu","twitter_card":"summary_large_image","twitter_misc":{"Szerz\u0151:":"dorogimedence.hu","Becs\u00fclt olvas\u00e1si id\u0151":"4 perc"},"schema":{"@context":"https:\/\/schema.org","@graph":[{"@type":"Article","@id":"https:\/\/dorogimedence.hu\/index.php\/2025\/01\/02\/rosszul-indult-a-mav-nak-az-uj-ev-elso-munkanapja\/#article","isPartOf":{"@id":"https:\/\/dorogimedence.hu\/index.php\/2025\/01\/02\/rosszul-indult-a-mav-nak-az-uj-ev-elso-munkanapja\/"},"author":{"name":"dorogimedence.hu","@id":"https:\/\/dorogimedence.hu\/#\/schema\/person\/ce6091eeb7e95ecdc87890d6aa8e0fd4"},"headline":"Rosszul indult a M\u00c1V-nak az \u00faj \u00e9v els\u0151 munkanapja","datePublished":"2025-01-02T10:13:32+00:00","mainEntityOfPage":{"@id":"https:\/\/dorogimedence.hu\/index.php\/2025\/01\/02\/rosszul-indult-a-mav-nak-az-uj-ev-elso-munkanapja\/"},"wordCount":850,"publisher":{"@id":"https:\/\/dorogimedence.hu\/#organization"},"image":{"@id":"https:\/\/dorogimedence.hu\/index.php\/2025\/01\/02\/rosszul-indult-a-mav-nak-az-uj-ev-elso-munkanapja\/#primaryimage"},"thumbnailUrl":"https:\/\/dorogimedence.hu\/wp-content\/uploads\/2018\/04\/flirt-uj-01.jpg","keywords":["m\u00e1v","menetrend","vas\u00fat","vonat"],"articleSection":["Esztergom","H\u00edrek"],"inLanguage":"hu"},{"@type":"WebPage","@id":"https:\/\/dorogimedence.hu\/index.php\/2025\/01\/02\/rosszul-indult-a-mav-nak-az-uj-ev-elso-munkanapja\/","url":"https:\/\/dorogimedence.hu\/index.php\/2025\/01\/02\/rosszul-indult-a-mav-nak-az-uj-ev-elso-munkanapja\/","name":"Rosszul indult a M\u00c1V-nak az \u00faj \u00e9v els\u0151 munkanapja","isPartOf":{"@id":"https:\/\/dorogimedence.hu\/#website"},"primaryImageOfPage":{"@id":"https:\/\/dorogimedence.hu\/index.php\/2025\/01\/02\/rosszul-indult-a-mav-nak-az-uj-ev-elso-munkanapja\/#primaryimage"},"image":{"@id":"https:\/\/dorogimedence.hu\/index.php\/2025\/01\/02\/rosszul-indult-a-mav-nak-az-uj-ev-elso-munkanapja\/#primaryimage"},"thumbnailUrl":"https:\/\/dorogimedence.hu\/wp-content\/uploads\/2018\/04\/flirt-uj-01.jpg","datePublished":"2025-01-02T10:13:32+00:00","breadcrumb":{"@id":"https:\/\/dorogimedence.hu\/index.php\/2025\/01\/02\/rosszul-indult-a-mav-nak-az-uj-ev-elso-munkanapja\/#breadcrumb"},"inLanguage":"hu","potentialAction":[{"@type":"ReadAction","target":["https:\/\/dorogimedence.hu\/index.php\/2025\/01\/02\/rosszul-indult-a-mav-nak-az-uj-ev-elso-munkanapja\/"]}]},{"@type":"ImageObject","inLanguage":"hu","@id":"https:\/\/dorogimedence.hu\/index.php\/2025\/01\/02\/rosszul-indult-a-mav-nak-az-uj-ev-elso-munkanapja\/#primaryimage","url":"https:\/\/dorogimedence.hu\/wp-content\/uploads\/2018\/04\/flirt-uj-01.jpg","contentUrl":"https:\/\/dorogimedence.hu\/wp-content\/uploads\/2018\/04\/flirt-uj-01.jpg","width":670,"height":365},{"@type":"BreadcrumbList","@id":"https:\/\/dorogimedence.hu\/index.php\/2025\/01\/02\/rosszul-indult-a-mav-nak-az-uj-ev-elso-munkanapja\/#breadcrumb","itemListElement":[{"@type":"ListItem","position":1,"name":"Kezd\u0151lap","item":"https:\/\/dorogimedence.hu\/"},{"@type":"ListItem","position":2,"name":"Rosszul indult a M\u00c1V-nak az \u00faj \u00e9v els\u0151 munkanapja"}]},{"@type":"WebSite","@id":"https:\/\/dorogimedence.hu\/#website","url":"https:\/\/dorogimedence.hu\/","name":"Dorogi-medence Region\u00e1lis H\u00edrport\u00e1l","description":"Dorog, Keszt\u00f6lc, Le\u00e1nyv\u00e1r, Piliscs\u00e9v, Tokod, Tokodalt\u00e1r\u00f3, Csolnok, Esztergom-kertv\u00e1ros: h\u00edrek, programok","publisher":{"@id":"https:\/\/dorogimedence.hu\/#organization"},"potentialAction":[{"@type":"SearchAction","target":{"@type":"EntryPoint","urlTemplate":"https:\/\/dorogimedence.hu\/?s={search_term_string}"},"query-input":{"@type":"PropertyValueSpecification","valueRequired":true,"valueName":"search_term_string"}}],"inLanguage":"hu"},{"@type":"Organization","@id":"https:\/\/dorogimedence.hu\/#organization","name":"Dorogi-medence Region\u00e1lis H\u00edrport\u00e1l","url":"https:\/\/dorogimedence.hu\/","logo":{"@type":"ImageObject","inLanguage":"hu","@id":"https:\/\/dorogimedence.hu\/#\/schema\/logo\/image\/","url":"https:\/\/dorogimedence.hu\/wp-content\/uploads\/2021\/04\/logo-feher-600.png","contentUrl":"https:\/\/dorogimedence.hu\/wp-content\/uploads\/2021\/04\/logo-feher-600.png","width":600,"height":100,"caption":"Dorogi-medence Region\u00e1lis H\u00edrport\u00e1l"},"image":{"@id":"https:\/\/dorogimedence.hu\/#\/schema\/logo\/image\/"},"sameAs":["https:\/\/www.facebook.com\/dorogimedence\/"]},{"@type":"Person","@id":"https:\/\/dorogimedence.hu\/#\/schema\/person\/ce6091eeb7e95ecdc87890d6aa8e0fd4","name":"dorogimedence.hu","image":{"@type":"ImageObject","inLanguage":"hu","@id":"\/\/www.gravatar.com\/avatar\/d8d45f8901aadff40a4af72c0b826f1d?s=96&#038;r=g&#038;d=mm","url":"\/\/www.gravatar.com\/avatar\/d8d45f8901aadff40a4af72c0b826f1d?s=96&#038;r=g&#038;d=mm","contentUrl":"\/\/www.gravatar.com\/avatar\/d8d45f8901aadff40a4af72c0b826f1d?s=96&#038;r=g&#038;d=mm","caption":"dorogimedence.hu"}}]}},"_links":{"self":[{"href":"https:\/\/dorogimedence.hu\/index.php\/wp-json\/wp\/v2\/posts\/67837","targetHints":{"allow":["GET"]}}],"collection":[{"href":"https:\/\/dorogimedence.hu\/index.php\/wp-json\/wp\/v2\/posts"}],"about":[{"href":"https:\/\/dorogimedence.hu\/index.php\/wp-json\/wp\/v2\/types\/post"}],"author":[{"embeddable":true,"href":"https:\/\/dorogimedence.hu\/index.php\/wp-json\/wp\/v2\/users\/1"}],"replies":[{"embeddable":true,"href":"https:\/\/dorogimedence.hu\/index.php\/wp-json\/wp\/v2\/comments?post=67837"}],"version-history":[{"count":0,"href":"https:\/\/dorogimedence.hu\/index.php\/wp-json\/wp\/v2\/posts\/67837\/revisions"}],"wp:featuredmedia":[{"embeddable":true,"href":"https:\/\/dorogimedence.hu\/index.php\/wp-json\/wp\/v2\/media\/9399"}],"wp:attachment":[{"href":"https:\/\/dorogimedence.hu\/index.php\/wp-json\/wp\/v2\/media?parent=67837"}],"wp:term":[{"taxonomy":"category","embeddable":true,"href":"https:\/\/dorogimedence.hu\/index.php\/wp-json\/wp\/v2\/categories?post=67837"},{"taxonomy":"post_tag","embeddable":true,"href":"https:\/\/dorogimedence.hu\/index.php\/wp-json\/wp\/v2\/tags?post=67837"}],"curies":[{"name":"wp","href":"https:\/\/api.w.org\/{rel}","templated":true}]}}