{"id":67792,"date":"2024-12-30T07:09:16","date_gmt":"2024-12-30T06:09:16","guid":{"rendered":"https:\/\/dorogimedence.hu\/?p=67792"},"modified":"2024-12-30T07:09:16","modified_gmt":"2024-12-30T06:09:16","slug":"5-erv-amiert-erdemes-elkezdened-kundalini-jogazni-2025-ben","status":"publish","type":"post","link":"https:\/\/dorogimedence.hu\/index.php\/2024\/12\/30\/5-erv-amiert-erdemes-elkezdened-kundalini-jogazni-2025-ben\/","title":{"rendered":"5 \u00e9rv, ami\u00e9rt \u00e9rdemes elkezdened kundal\u00edni j\u00f3g\u00e1zni 2025-ben"},"content":{"rendered":"<p><strong>A kundal\u00edni j\u00f3ga egyre n\u00e9pszer\u0171bb azok k\u00f6r\u00e9ben, akik testi, lelki \u00e9s szellemi egyens\u00falyra v\u00e1gynak. Ez a k\u00fcl\u00f6nleges j\u00f3ga\u00f3ra t\u00f6bb, mint egyszer\u0171 mozg\u00e1s \u00e9s l\u00e9gz\u0151gyakorlat; egy \u00e1tfog\u00f3 \u00f6nismereti \u00fat, amely b\u00e1rki sz\u00e1m\u00e1ra el\u00e9rhet\u0151. Ha m\u00e9g nem pr\u00f3b\u00e1ltad, \u00edme \u00f6t \u00e9rv, ami\u00e9rt \u00e9rdemes elkezdened kundal\u00edni j\u00f3g\u00e1zni.<\/strong><\/p>\n<h2 data-pm-slice=\"1 1 []\"><strong>1. Stresszcs\u00f6kkent\u00e9s \u00e9s bels\u0151 nyugalom<\/strong><\/h2>\n<p>A mai rohan\u00f3 vil\u00e1gban szinte mindannyian k\u00fczd\u00fcnk a stresszel. A <span style=\"text-decoration: underline; color: #0000ff;\"><a style=\"color: #0000ff; text-decoration: underline;\" href=\"https:\/\/kundaliniyoga.hu\" target=\"_blank\" rel=\"dofollow noopener\">kundal\u00edni j\u00f3ga<\/a><\/span> olyan hat\u00e9kony technik\u00e1kat k\u00edn\u00e1l, mint a tudatos l\u00e9gz\u00e9s (pr\u00e1n\u00e1j\u00e1ma), a medit\u00e1ci\u00f3 \u00e9s a relax\u00e1ci\u00f3, amelyek seg\u00edtenek lecsendes\u00edteni az elm\u00e9t \u00e9s cs\u00f6kkenteni a stresszt. Ak\u00e1r m\u00e1r n\u00e9h\u00e1ny alkalom ut\u00e1n \u00e9rezheted, hogy nyugodtabb, kiegyens\u00falyozottabb vagy. A stresszcs\u00f6kkent\u00e9s nemcsak az \u00e9rzelmi \u00e9letedre lesz pozit\u00edv hat\u00e1ssal, hanem a fizikai eg\u00e9szs\u00e9gedet is t\u00e1mogatja, mivel cs\u00f6kkenhetnek a stresszel \u00f6sszef\u00fcgg\u0151 testi panaszok, mint a magas v\u00e9rnyom\u00e1s vagy az alv\u00e1szavarok.<\/p>\n<h2><strong>2. Energiaszint n\u00f6vel\u00e9se<\/strong><\/h2>\n<p>Ha gyakran \u00e9rzed magad f\u00e1radtnak vagy kimer\u00fcltnek, a kundal\u00edni j\u00f3ga kiv\u00e1l\u00f3 megold\u00e1s lehet. A gondosan \u00f6ssze\u00e1ll\u00edtott j\u00f3gagyakorlatok \u00e9s <a href=\"https:\/\/kundaliniyoga.hu\/2024\/11\/24\/harmonia-es-egyensuly\/\" target=\"_blank\" rel=\"noopener\"><span style=\"text-decoration: underline; color: #0000ff;\">l\u00e9gz\u0151technik\u00e1k<\/span><\/a> seg\u00edtenek aktiv\u00e1lni, harmoniz\u00e1lni \u00e9s kiegyens\u00falyozni az \u00e9letenergi\u00e1t (\u00e9s ezzel egy\u00fctt a csakr\u00e1kat), ami\u00e1ltal energikusabb\u00e1 \u00e9s \u00e9leter\u0151sebb\u00e9 v\u00e1lhatsz. Ezek az energiagyakorlatok nem csup\u00e1n pillanatnyi frissess\u00e9get adnak, hanem hossz\u00fa t\u00e1von is seg\u00edtik az energiaszinted kiegyens\u00falyozott fenntart\u00e1s\u00e1t. Ez k\u00fcl\u00f6n\u00f6sen fontos a mindennapi teend\u0151k teljes\u00edt\u00e9s\u00e9hez \u00e9s a produktivit\u00e1s fokoz\u00e1s\u00e1hoz.<\/p>\n<h2><strong>3. Az \u00f6nismeret m\u00e9ly\u00edt\u00e9se<\/strong><\/h2>\n<p>A kundal\u00edni j\u00f3ga nemcsak a testet, hanem a lelket is megmozgatja. Az \u00f3r\u00e1k sor\u00e1n lehet\u0151s\u00e9ged ny\u00edlik arra, hogy m\u00e9lyebb kapcsolatba ker\u00fclj \u00f6nmagaddal, \u00e9s jobban meg\u00e9rtsd bels\u0151 folyamataidat. Ez a bels\u0151 munka seg\u00edthet felsz\u00ednre hozni \u00e9s feldolgozni a r\u00e9gi, elfojtott \u00e9rzelmeket, ami hozz\u00e1j\u00e1rulhat a gy\u00f3gyul\u00e1shoz \u00e9s a fejl\u0151d\u00e9shez. Az \u00f6nismeret m\u00e9ly\u00edt\u00e9se seg\u00edt abban, hogy tudatosabban hozz d\u00f6nt\u00e9seket, felismerd a bels\u0151 er\u0151forr\u00e1saidat, \u00e9s pozit\u00edv v\u00e1ltoz\u00e1sokat hozz az \u00e9letedbe.<\/p>\n<h2><strong>4. Eg\u00e9szs\u00e9gesebb test \u00e9s jobb \u00e9letmin\u0151s\u00e9g<\/strong><\/h2>\n<p>A kundal\u00edni j\u00f3ga \u00e1tfog\u00f3 hat\u00e1st gyakorol a testi eg\u00e9szs\u00e9gre is. Jav\u00edtja a kering\u00e9st, er\u0151s\u00edti az immunrendszert, fokozza a rugalmass\u00e1got, \u00e9s t\u00e1mogatja az em\u00e9szt\u00e9st. A rendszeres gyakorl\u00e1s seg\u00edt fenntartani az optim\u00e1lis testi \u00e9s lelki egyens\u00falyi \u00e1llapotot, ami hozz\u00e1j\u00e1rul egy min\u0151s\u00e9gibb \u00e9lethez. Emellett seg\u00edt a helytelen testtart\u00e1s jav\u00edt\u00e1s\u00e1ban \u00e9s a fizikai er\u0151nl\u00e9t n\u00f6vel\u00e9s\u00e9ben, \u00edgy id\u0151vel er\u0151sebb\u00e9 \u00e9s ellen\u00e1ll\u00f3bb\u00e1 v\u00e1lhatsz a mindennapi kih\u00edv\u00e1sokkal szemben.<\/p>\n<h2><strong>5. K\u00f6z\u00f6ss\u00e9g \u00e9s t\u00e1mogat\u00e1s<\/strong><\/h2>\n<p>A kundal\u00edni j\u00f3ga nemcsak egy egy\u00e9ni gyakorlat, hanem egy k\u00f6z\u00f6ss\u00e9g is, ahol megoszthatod tapasztalataidat \u00e9s inspir\u00e1ci\u00f3t mer\u00edthetsz m\u00e1sokb\u00f3l. Az ilyen k\u00f6rnyezet er\u0151t adhat, hogy kitarts a gyakorl\u00e1sban, \u00e9s t\u00e1mogat\u00e1st ny\u00fajt, ha nehezebb id\u0151szakokat \u00e9lsz<\/p>\n","protected":false},"excerpt":{"rendered":"<p>A kundal\u00edni j\u00f3ga egyre n\u00e9pszer\u0171bb azok k\u00f6r\u00e9ben, akik testi, lelki \u00e9s szellemi egyens\u00falyra v\u00e1gynak. Ez a k\u00fcl\u00f6nleges j\u00f3ga\u00f3ra t\u00f6bb, mint egyszer\u0171 mozg\u00e1s \u00e9s l\u00e9gz\u0151gyakorlat; egy \u00e1tfog\u00f3 \u00f6nismereti \u00fat, amely b\u00e1rki sz\u00e1m\u00e1ra el\u00e9rhet\u0151. Ha m\u00e9g nem pr\u00f3b\u00e1ltad, \u00edme \u00f6t \u00e9rv, ami\u00e9rt \u00e9rdemes elkezdened kundal\u00edni j\u00f3g\u00e1zni. 1. Stresszcs\u00f6kkent\u00e9s \u00e9s bels\u0151 nyugalom A mai rohan\u00f3 vil\u00e1gban szinte mindannyian<\/p>\n","protected":false},"author":1,"featured_media":0,"comment_status":"closed","ping_status":"closed","sticky":false,"template":"","format":"standard","meta":{"ngg_post_thumbnail":0,"footnotes":""},"categories":[3,6948],"tags":[1161],"class_list":{"0":"post-67792","1":"post","2":"type-post","3":"status-publish","4":"format-standard","6":"category-hirek","7":"category-szines","8":"tag-joga"},"yoast_head":"<!-- This site is optimized with the Yoast SEO plugin v27.5 - https:\/\/yoast.com\/product\/yoast-seo-wordpress\/ -->\n<title>5 \u00e9rv, ami\u00e9rt \u00e9rdemes elkezdened kundal\u00edni j\u00f3g\u00e1zni 2025-ben<\/title>\n<meta name=\"robots\" content=\"index, follow, max-snippet:-1, max-image-preview:large, max-video-preview:-1\" \/>\n<link rel=\"canonical\" href=\"https:\/\/dorogimedence.hu\/index.php\/2024\/12\/30\/5-erv-amiert-erdemes-elkezdened-kundalini-jogazni-2025-ben\/\" class=\"yoast-seo-meta-tag\" \/>\n<meta property=\"og:locale\" content=\"hu_HU\" class=\"yoast-seo-meta-tag\" \/>\n<meta property=\"og:type\" content=\"article\" class=\"yoast-seo-meta-tag\" \/>\n<meta property=\"og:title\" content=\"5 \u00e9rv, ami\u00e9rt \u00e9rdemes elkezdened kundal\u00edni j\u00f3g\u00e1zni 2025-ben\" class=\"yoast-seo-meta-tag\" \/>\n<meta property=\"og:description\" content=\"A kundal\u00edni j\u00f3ga egyre n\u00e9pszer\u0171bb azok k\u00f6r\u00e9ben, akik testi, lelki \u00e9s szellemi egyens\u00falyra v\u00e1gynak. Ez a k\u00fcl\u00f6nleges j\u00f3ga\u00f3ra t\u00f6bb, mint egyszer\u0171 mozg\u00e1s \u00e9s l\u00e9gz\u0151gyakorlat; egy \u00e1tfog\u00f3 \u00f6nismereti \u00fat, amely b\u00e1rki sz\u00e1m\u00e1ra el\u00e9rhet\u0151. Ha m\u00e9g nem pr\u00f3b\u00e1ltad, \u00edme \u00f6t \u00e9rv, ami\u00e9rt \u00e9rdemes elkezdened kundal\u00edni j\u00f3g\u00e1zni. 1. Stresszcs\u00f6kkent\u00e9s \u00e9s bels\u0151 nyugalom A mai rohan\u00f3 vil\u00e1gban szinte mindannyian\" class=\"yoast-seo-meta-tag\" \/>\n<meta property=\"og:url\" content=\"https:\/\/dorogimedence.hu\/index.php\/2024\/12\/30\/5-erv-amiert-erdemes-elkezdened-kundalini-jogazni-2025-ben\/\" class=\"yoast-seo-meta-tag\" \/>\n<meta property=\"og:site_name\" content=\"Dorogi-medence Region\u00e1lis H\u00edrport\u00e1l\" class=\"yoast-seo-meta-tag\" \/>\n<meta property=\"article:publisher\" content=\"https:\/\/www.facebook.com\/dorogimedence\/\" class=\"yoast-seo-meta-tag\" \/>\n<meta property=\"article:published_time\" content=\"2024-12-30T06:09:16+00:00\" class=\"yoast-seo-meta-tag\" \/>\n<meta property=\"og:image\" content=\"https:\/\/dorogimedence.hu\/wp-content\/uploads\/2024\/12\/kundalini_joga_20251.jpg\" class=\"yoast-seo-meta-tag\" \/>\n\t<meta property=\"og:image:width\" content=\"1920\" class=\"yoast-seo-meta-tag\" \/>\n\t<meta property=\"og:image:height\" content=\"1005\" class=\"yoast-seo-meta-tag\" \/>\n\t<meta property=\"og:image:type\" content=\"image\/jpeg\" class=\"yoast-seo-meta-tag\" \/>\n<meta name=\"author\" content=\"dorogimedence.hu\" class=\"yoast-seo-meta-tag\" \/>\n<meta name=\"twitter:card\" content=\"summary_large_image\" class=\"yoast-seo-meta-tag\" \/>\n<meta name=\"twitter:label1\" content=\"Szerz\u0151:\" class=\"yoast-seo-meta-tag\" \/>\n\t<meta name=\"twitter:data1\" content=\"dorogimedence.hu\" class=\"yoast-seo-meta-tag\" \/>\n\t<meta name=\"twitter:label2\" content=\"Becs\u00fclt olvas\u00e1si id\u0151\" class=\"yoast-seo-meta-tag\" \/>\n\t<meta name=\"twitter:data2\" content=\"3 perc\" class=\"yoast-seo-meta-tag\" \/>\n<script type=\"application\/ld+json\" class=\"yoast-schema-graph\">{\"@context\":\"https:\\\/\\\/schema.org\",\"@graph\":[{\"@type\":\"Article\",\"@id\":\"https:\\\/\\\/dorogimedence.hu\\\/index.php\\\/2024\\\/12\\\/30\\\/5-erv-amiert-erdemes-elkezdened-kundalini-jogazni-2025-ben\\\/#article\",\"isPartOf\":{\"@id\":\"https:\\\/\\\/dorogimedence.hu\\\/index.php\\\/2024\\\/12\\\/30\\\/5-erv-amiert-erdemes-elkezdened-kundalini-jogazni-2025-ben\\\/\"},\"author\":{\"name\":\"dorogimedence.hu\",\"@id\":\"https:\\\/\\\/dorogimedence.hu\\\/#\\\/schema\\\/person\\\/ce6091eeb7e95ecdc87890d6aa8e0fd4\"},\"headline\":\"5 \u00e9rv, ami\u00e9rt \u00e9rdemes elkezdened kundal\u00edni j\u00f3g\u00e1zni 2025-ben\",\"datePublished\":\"2024-12-30T06:09:16+00:00\",\"mainEntityOfPage\":{\"@id\":\"https:\\\/\\\/dorogimedence.hu\\\/index.php\\\/2024\\\/12\\\/30\\\/5-erv-amiert-erdemes-elkezdened-kundalini-jogazni-2025-ben\\\/\"},\"wordCount\":577,\"publisher\":{\"@id\":\"https:\\\/\\\/dorogimedence.hu\\\/#organization\"},\"keywords\":[\"j\u00f3ga\"],\"articleSection\":[\"H\u00edrek\",\"Sz\u00ednes\"],\"inLanguage\":\"hu\"},{\"@type\":\"WebPage\",\"@id\":\"https:\\\/\\\/dorogimedence.hu\\\/index.php\\\/2024\\\/12\\\/30\\\/5-erv-amiert-erdemes-elkezdened-kundalini-jogazni-2025-ben\\\/\",\"url\":\"https:\\\/\\\/dorogimedence.hu\\\/index.php\\\/2024\\\/12\\\/30\\\/5-erv-amiert-erdemes-elkezdened-kundalini-jogazni-2025-ben\\\/\",\"name\":\"5 \u00e9rv, ami\u00e9rt \u00e9rdemes elkezdened kundal\u00edni j\u00f3g\u00e1zni 2025-ben\",\"isPartOf\":{\"@id\":\"https:\\\/\\\/dorogimedence.hu\\\/#website\"},\"datePublished\":\"2024-12-30T06:09:16+00:00\",\"breadcrumb\":{\"@id\":\"https:\\\/\\\/dorogimedence.hu\\\/index.php\\\/2024\\\/12\\\/30\\\/5-erv-amiert-erdemes-elkezdened-kundalini-jogazni-2025-ben\\\/#breadcrumb\"},\"inLanguage\":\"hu\",\"potentialAction\":[{\"@type\":\"ReadAction\",\"target\":[\"https:\\\/\\\/dorogimedence.hu\\\/index.php\\\/2024\\\/12\\\/30\\\/5-erv-amiert-erdemes-elkezdened-kundalini-jogazni-2025-ben\\\/\"]}]},{\"@type\":\"BreadcrumbList\",\"@id\":\"https:\\\/\\\/dorogimedence.hu\\\/index.php\\\/2024\\\/12\\\/30\\\/5-erv-amiert-erdemes-elkezdened-kundalini-jogazni-2025-ben\\\/#breadcrumb\",\"itemListElement\":[{\"@type\":\"ListItem\",\"position\":1,\"name\":\"Kezd\u0151lap\",\"item\":\"https:\\\/\\\/dorogimedence.hu\\\/\"},{\"@type\":\"ListItem\",\"position\":2,\"name\":\"5 \u00e9rv, ami\u00e9rt \u00e9rdemes elkezdened kundal\u00edni j\u00f3g\u00e1zni 2025-ben\"}]},{\"@type\":\"WebSite\",\"@id\":\"https:\\\/\\\/dorogimedence.hu\\\/#website\",\"url\":\"https:\\\/\\\/dorogimedence.hu\\\/\",\"name\":\"Dorogi-medence Region\u00e1lis H\u00edrport\u00e1l\",\"description\":\"Dorog, Keszt\u00f6lc, Le\u00e1nyv\u00e1r, Piliscs\u00e9v, Tokod, Tokodalt\u00e1r\u00f3, Csolnok, Esztergom-kertv\u00e1ros: h\u00edrek, programok\",\"publisher\":{\"@id\":\"https:\\\/\\\/dorogimedence.hu\\\/#organization\"},\"potentialAction\":[{\"@type\":\"SearchAction\",\"target\":{\"@type\":\"EntryPoint\",\"urlTemplate\":\"https:\\\/\\\/dorogimedence.hu\\\/?s={search_term_string}\"},\"query-input\":{\"@type\":\"PropertyValueSpecification\",\"valueRequired\":true,\"valueName\":\"search_term_string\"}}],\"inLanguage\":\"hu\"},{\"@type\":\"Organization\",\"@id\":\"https:\\\/\\\/dorogimedence.hu\\\/#organization\",\"name\":\"Dorogi-medence Region\u00e1lis H\u00edrport\u00e1l\",\"url\":\"https:\\\/\\\/dorogimedence.hu\\\/\",\"logo\":{\"@type\":\"ImageObject\",\"inLanguage\":\"hu\",\"@id\":\"https:\\\/\\\/dorogimedence.hu\\\/#\\\/schema\\\/logo\\\/image\\\/\",\"url\":\"https:\\\/\\\/dorogimedence.hu\\\/wp-content\\\/uploads\\\/2021\\\/04\\\/logo-feher-600.png\",\"contentUrl\":\"https:\\\/\\\/dorogimedence.hu\\\/wp-content\\\/uploads\\\/2021\\\/04\\\/logo-feher-600.png\",\"width\":600,\"height\":100,\"caption\":\"Dorogi-medence Region\u00e1lis H\u00edrport\u00e1l\"},\"image\":{\"@id\":\"https:\\\/\\\/dorogimedence.hu\\\/#\\\/schema\\\/logo\\\/image\\\/\"},\"sameAs\":[\"https:\\\/\\\/www.facebook.com\\\/dorogimedence\\\/\"]},{\"@type\":\"Person\",\"@id\":\"https:\\\/\\\/dorogimedence.hu\\\/#\\\/schema\\\/person\\\/ce6091eeb7e95ecdc87890d6aa8e0fd4\",\"name\":\"dorogimedence.hu\",\"image\":{\"@type\":\"ImageObject\",\"inLanguage\":\"hu\",\"@id\":\"\\\/\\\/www.gravatar.com\\\/avatar\\\/d8d45f8901aadff40a4af72c0b826f1d?s=96&#038;r=g&#038;d=mm\",\"url\":\"\\\/\\\/www.gravatar.com\\\/avatar\\\/d8d45f8901aadff40a4af72c0b826f1d?s=96&#038;r=g&#038;d=mm\",\"contentUrl\":\"\\\/\\\/www.gravatar.com\\\/avatar\\\/d8d45f8901aadff40a4af72c0b826f1d?s=96&#038;r=g&#038;d=mm\",\"caption\":\"dorogimedence.hu\"}}]}<\/script>\n<!-- \/ Yoast SEO plugin. -->","yoast_head_json":{"title":"5 \u00e9rv, ami\u00e9rt \u00e9rdemes elkezdened kundal\u00edni j\u00f3g\u00e1zni 2025-ben","robots":{"index":"index","follow":"follow","max-snippet":"max-snippet:-1","max-image-preview":"max-image-preview:large","max-video-preview":"max-video-preview:-1"},"canonical":"https:\/\/dorogimedence.hu\/index.php\/2024\/12\/30\/5-erv-amiert-erdemes-elkezdened-kundalini-jogazni-2025-ben\/","og_locale":"hu_HU","og_type":"article","og_title":"5 \u00e9rv, ami\u00e9rt \u00e9rdemes elkezdened kundal\u00edni j\u00f3g\u00e1zni 2025-ben","og_description":"A kundal\u00edni j\u00f3ga egyre n\u00e9pszer\u0171bb azok k\u00f6r\u00e9ben, akik testi, lelki \u00e9s szellemi egyens\u00falyra v\u00e1gynak. Ez a k\u00fcl\u00f6nleges j\u00f3ga\u00f3ra t\u00f6bb, mint egyszer\u0171 mozg\u00e1s \u00e9s l\u00e9gz\u0151gyakorlat; egy \u00e1tfog\u00f3 \u00f6nismereti \u00fat, amely b\u00e1rki sz\u00e1m\u00e1ra el\u00e9rhet\u0151. Ha m\u00e9g nem pr\u00f3b\u00e1ltad, \u00edme \u00f6t \u00e9rv, ami\u00e9rt \u00e9rdemes elkezdened kundal\u00edni j\u00f3g\u00e1zni. 1. Stresszcs\u00f6kkent\u00e9s \u00e9s bels\u0151 nyugalom A mai rohan\u00f3 vil\u00e1gban szinte mindannyian","og_url":"https:\/\/dorogimedence.hu\/index.php\/2024\/12\/30\/5-erv-amiert-erdemes-elkezdened-kundalini-jogazni-2025-ben\/","og_site_name":"Dorogi-medence Region\u00e1lis H\u00edrport\u00e1l","article_publisher":"https:\/\/www.facebook.com\/dorogimedence\/","article_published_time":"2024-12-30T06:09:16+00:00","og_image":[{"width":1920,"height":1005,"url":"https:\/\/dorogimedence.hu\/wp-content\/uploads\/2024\/12\/kundalini_joga_20251.jpg","type":"image\/jpeg"}],"author":"dorogimedence.hu","twitter_card":"summary_large_image","twitter_misc":{"Szerz\u0151:":"dorogimedence.hu","Becs\u00fclt olvas\u00e1si id\u0151":"3 perc"},"schema":{"@context":"https:\/\/schema.org","@graph":[{"@type":"Article","@id":"https:\/\/dorogimedence.hu\/index.php\/2024\/12\/30\/5-erv-amiert-erdemes-elkezdened-kundalini-jogazni-2025-ben\/#article","isPartOf":{"@id":"https:\/\/dorogimedence.hu\/index.php\/2024\/12\/30\/5-erv-amiert-erdemes-elkezdened-kundalini-jogazni-2025-ben\/"},"author":{"name":"dorogimedence.hu","@id":"https:\/\/dorogimedence.hu\/#\/schema\/person\/ce6091eeb7e95ecdc87890d6aa8e0fd4"},"headline":"5 \u00e9rv, ami\u00e9rt \u00e9rdemes elkezdened kundal\u00edni j\u00f3g\u00e1zni 2025-ben","datePublished":"2024-12-30T06:09:16+00:00","mainEntityOfPage":{"@id":"https:\/\/dorogimedence.hu\/index.php\/2024\/12\/30\/5-erv-amiert-erdemes-elkezdened-kundalini-jogazni-2025-ben\/"},"wordCount":577,"publisher":{"@id":"https:\/\/dorogimedence.hu\/#organization"},"keywords":["j\u00f3ga"],"articleSection":["H\u00edrek","Sz\u00ednes"],"inLanguage":"hu"},{"@type":"WebPage","@id":"https:\/\/dorogimedence.hu\/index.php\/2024\/12\/30\/5-erv-amiert-erdemes-elkezdened-kundalini-jogazni-2025-ben\/","url":"https:\/\/dorogimedence.hu\/index.php\/2024\/12\/30\/5-erv-amiert-erdemes-elkezdened-kundalini-jogazni-2025-ben\/","name":"5 \u00e9rv, ami\u00e9rt \u00e9rdemes elkezdened kundal\u00edni j\u00f3g\u00e1zni 2025-ben","isPartOf":{"@id":"https:\/\/dorogimedence.hu\/#website"},"datePublished":"2024-12-30T06:09:16+00:00","breadcrumb":{"@id":"https:\/\/dorogimedence.hu\/index.php\/2024\/12\/30\/5-erv-amiert-erdemes-elkezdened-kundalini-jogazni-2025-ben\/#breadcrumb"},"inLanguage":"hu","potentialAction":[{"@type":"ReadAction","target":["https:\/\/dorogimedence.hu\/index.php\/2024\/12\/30\/5-erv-amiert-erdemes-elkezdened-kundalini-jogazni-2025-ben\/"]}]},{"@type":"BreadcrumbList","@id":"https:\/\/dorogimedence.hu\/index.php\/2024\/12\/30\/5-erv-amiert-erdemes-elkezdened-kundalini-jogazni-2025-ben\/#breadcrumb","itemListElement":[{"@type":"ListItem","position":1,"name":"Kezd\u0151lap","item":"https:\/\/dorogimedence.hu\/"},{"@type":"ListItem","position":2,"name":"5 \u00e9rv, ami\u00e9rt \u00e9rdemes elkezdened kundal\u00edni j\u00f3g\u00e1zni 2025-ben"}]},{"@type":"WebSite","@id":"https:\/\/dorogimedence.hu\/#website","url":"https:\/\/dorogimedence.hu\/","name":"Dorogi-medence Region\u00e1lis H\u00edrport\u00e1l","description":"Dorog, Keszt\u00f6lc, Le\u00e1nyv\u00e1r, Piliscs\u00e9v, Tokod, Tokodalt\u00e1r\u00f3, Csolnok, Esztergom-kertv\u00e1ros: h\u00edrek, programok","publisher":{"@id":"https:\/\/dorogimedence.hu\/#organization"},"potentialAction":[{"@type":"SearchAction","target":{"@type":"EntryPoint","urlTemplate":"https:\/\/dorogimedence.hu\/?s={search_term_string}"},"query-input":{"@type":"PropertyValueSpecification","valueRequired":true,"valueName":"search_term_string"}}],"inLanguage":"hu"},{"@type":"Organization","@id":"https:\/\/dorogimedence.hu\/#organization","name":"Dorogi-medence Region\u00e1lis H\u00edrport\u00e1l","url":"https:\/\/dorogimedence.hu\/","logo":{"@type":"ImageObject","inLanguage":"hu","@id":"https:\/\/dorogimedence.hu\/#\/schema\/logo\/image\/","url":"https:\/\/dorogimedence.hu\/wp-content\/uploads\/2021\/04\/logo-feher-600.png","contentUrl":"https:\/\/dorogimedence.hu\/wp-content\/uploads\/2021\/04\/logo-feher-600.png","width":600,"height":100,"caption":"Dorogi-medence Region\u00e1lis H\u00edrport\u00e1l"},"image":{"@id":"https:\/\/dorogimedence.hu\/#\/schema\/logo\/image\/"},"sameAs":["https:\/\/www.facebook.com\/dorogimedence\/"]},{"@type":"Person","@id":"https:\/\/dorogimedence.hu\/#\/schema\/person\/ce6091eeb7e95ecdc87890d6aa8e0fd4","name":"dorogimedence.hu","image":{"@type":"ImageObject","inLanguage":"hu","@id":"\/\/www.gravatar.com\/avatar\/d8d45f8901aadff40a4af72c0b826f1d?s=96&#038;r=g&#038;d=mm","url":"\/\/www.gravatar.com\/avatar\/d8d45f8901aadff40a4af72c0b826f1d?s=96&#038;r=g&#038;d=mm","contentUrl":"\/\/www.gravatar.com\/avatar\/d8d45f8901aadff40a4af72c0b826f1d?s=96&#038;r=g&#038;d=mm","caption":"dorogimedence.hu"}}]}},"_links":{"self":[{"href":"https:\/\/dorogimedence.hu\/index.php\/wp-json\/wp\/v2\/posts\/67792","targetHints":{"allow":["GET"]}}],"collection":[{"href":"https:\/\/dorogimedence.hu\/index.php\/wp-json\/wp\/v2\/posts"}],"about":[{"href":"https:\/\/dorogimedence.hu\/index.php\/wp-json\/wp\/v2\/types\/post"}],"author":[{"embeddable":true,"href":"https:\/\/dorogimedence.hu\/index.php\/wp-json\/wp\/v2\/users\/1"}],"replies":[{"embeddable":true,"href":"https:\/\/dorogimedence.hu\/index.php\/wp-json\/wp\/v2\/comments?post=67792"}],"version-history":[{"count":0,"href":"https:\/\/dorogimedence.hu\/index.php\/wp-json\/wp\/v2\/posts\/67792\/revisions"}],"wp:attachment":[{"href":"https:\/\/dorogimedence.hu\/index.php\/wp-json\/wp\/v2\/media?parent=67792"}],"wp:term":[{"taxonomy":"category","embeddable":true,"href":"https:\/\/dorogimedence.hu\/index.php\/wp-json\/wp\/v2\/categories?post=67792"},{"taxonomy":"post_tag","embeddable":true,"href":"https:\/\/dorogimedence.hu\/index.php\/wp-json\/wp\/v2\/tags?post=67792"}],"curies":[{"name":"wp","href":"https:\/\/api.w.org\/{rel}","templated":true}]}}