{"id":67726,"date":"2024-12-23T09:17:29","date_gmt":"2024-12-23T08:17:29","guid":{"rendered":"https:\/\/dorogimedence.hu\/?p=67726"},"modified":"2024-12-23T09:17:29","modified_gmt":"2024-12-23T08:17:29","slug":"erdo-peter-biboros-is-reszt-vett-a-menekult-csaladok-karacsonyan","status":"publish","type":"post","link":"https:\/\/dorogimedence.hu\/index.php\/2024\/12\/23\/erdo-peter-biboros-is-reszt-vett-a-menekult-csaladok-karacsonyan\/","title":{"rendered":"Erd\u0151 P\u00e9ter b\u00edboros is r\u00e9szt vett a menek\u00fclt csal\u00e1dok kar\u00e1csony\u00e1n"},"content":{"rendered":"<p><strong>A Katolikus Karit\u00e1sz id\u00e9n is hangulatos \u00fcnnepi rendezv\u00e9nnyel k\u00e9sz\u00fclt a menek\u00fclt csal\u00e1dok r\u00e9sz\u00e9re 2024. december 22-\u00e9n, melynek a Magyar Szentek temploma adott otthont. Az esem\u00e9nyen a t\u00f6bb mint 100 megaj\u00e1nd\u00e9kozott menek\u00fclt gyermek, \u00f6sszesen hatvan csal\u00e1d tapasztalhatta meg a k\u00f6z\u00f6ss\u00e9g erej\u00e9t. Jelen volt dr. Erd\u0151 P\u00e9ter b\u00edboros, pr\u00edm\u00e1s, \u00e9rsek, dr. Herczegh Anita, j\u00f3szolg\u00e1lati nagyk\u00f6vet asszony, \u00c9csy G\u00e1bor orsz\u00e1gos igazgat\u00f3 \u00e9s Klaus H\u00f6hn, a Karit\u00e1sz n\u00e9metorsz\u00e1gi j\u00f3szolg\u00e1lati nagyk\u00f6vete.<\/strong><\/p>\n<p>A \u201eMenek\u00fcltek kar\u00e1csonya\u201d elnevez\u00e9s\u0171 \u00fcnnepi rendezv\u00e9nyt <strong>J\u00f3zsef Imre<\/strong>, a Karit\u00e1sz szoci\u00e1lis szolg\u00e1ltat\u00e1si \u00e1gazat\u00e1nak vezet\u0151je nyitotta meg, aki sz\u00edv\u00e9lyesen k\u00f6sz\u00f6nt\u00f6tte a Magyar Szentek templom\u00e1ban egybegy\u0171lt hatvan menek\u00fclt csal\u00e1dot \u00e9s minden jelenl\u00e9v\u0151t. Az esem\u00e9ny k\u00fcl\u00f6nleges vend\u00e9gei k\u00f6z\u00f6tt volt dr. Erd\u0151 P\u00e9ter b\u00edboros, pr\u00edm\u00e1s, Esztergom-Budapesti \u00e9rsek, dr. Herczegh Anita, a seg\u00e9lyszervezet j\u00f3szolg\u00e1lati nagyk\u00f6vete, \u00e9s Klaus H\u00f6hn, a Karit\u00e1sz n\u00e9metorsz\u00e1gi j\u00f3szolg\u00e1lati nagyk\u00f6vete is.<\/p>\n<p>A hangulatos rendezv\u00e9ny a rem\u00e9ny \u00fczenet\u00e9r\u0151l is sz\u00f3lt. <strong>\u00c9csy G\u00e1bor atya<\/strong> osztotta meg gondolatait a m\u00e1r hagyom\u00e1nyosnak mondhat\u00f3, imm\u00e1r harmadik \u00e9ve kultur\u00e1lis programokkal gazdag\u00edtott, menek\u00fclt csal\u00e1dok sz\u00e1m\u00e1ra szervezett kar\u00e1csonyv\u00e1r\u00e1sr\u00f3l. <em>\u201eSzomor\u00fa t\u00e9ny, hogy sokuknak m\u00e1r harmadik esztendeje otthonukt\u00f3l t\u00e1vol kell meg\u00fcnnepelni J\u00e9zus Krisztus sz\u00fclet\u00e9s\u00e9t. Sajnos a h\u00e1bor\u00fa t\u00f6bb mint 1000 napja megszak\u00edt\u00e1s n\u00e9lk\u00fcl d\u00fal, felforgatva milli\u00f3k \u00e9let\u00e9t.\u201d <\/em>\u2013 fogalmazott. Besz\u00e9d\u00e9t rem\u00e9nyteli gondolatokkal z\u00e1rta, kiemelve, hogy a mai \u00fcnnep is eml\u00e9keztet arra: a legnagyobb s\u00f6t\u00e9ts\u00e9gben is felragyog a f\u00e9ny.<\/p>\n<p><img fetchpriority=\"high\" decoding=\"async\" class=\"alignnone size-full wp-image-67729\" src=\"https:\/\/dorogimedence.hu\/wp-content\/uploads\/2024\/12\/karitasz-03.jpg\" alt=\"\" width=\"1920\" height=\"1280\" srcset=\"https:\/\/dorogimedence.hu\/wp-content\/uploads\/2024\/12\/karitasz-03.jpg 1920w, https:\/\/dorogimedence.hu\/wp-content\/uploads\/2024\/12\/karitasz-03-600x400.jpg 600w, https:\/\/dorogimedence.hu\/wp-content\/uploads\/2024\/12\/karitasz-03-768x512.jpg 768w, https:\/\/dorogimedence.hu\/wp-content\/uploads\/2024\/12\/karitasz-03-1536x1024.jpg 1536w, https:\/\/dorogimedence.hu\/wp-content\/uploads\/2024\/12\/karitasz-03-150x100.jpg 150w, https:\/\/dorogimedence.hu\/wp-content\/uploads\/2024\/12\/karitasz-03-450x300.jpg 450w, https:\/\/dorogimedence.hu\/wp-content\/uploads\/2024\/12\/karitasz-03-1200x800.jpg 1200w, https:\/\/dorogimedence.hu\/wp-content\/uploads\/2024\/12\/karitasz-03-272x182.jpg 272w\" sizes=\"(max-width: 1920px) 100vw, 1920px\" \/><\/p>\n<p>A folytat\u00e1sban az \u00fcnnepi m\u0171sor keret\u00e9ben ukr\u00e1n \u00e9s magyar el\u0151ad\u00f3m\u0171v\u00e9sz gyermekek l\u00e9ptek sz\u00ednpadra, akik dalaikkal \u00e9s produkci\u00f3ikkal emelt\u00e9k az \u00fcnnep f\u00e9ny\u00e9t. Az esem\u00e9nyen a Solomia \u00c9nekst\u00fadi\u00f3 tehets\u00e9ges n\u00f6vend\u00e9kei, Rudnik Vikt\u00f3ria vezet\u00e9s\u00e9vel, leny\u0171g\u00f6z\u0151 kar\u00e1csonyi <em>&#8216;koljadka&#8217;<\/em> dalokkal var\u00e1zsolt\u00e1k el a k\u00f6z\u00f6ns\u00e9get. A F\u0151v\u00e1rosi Nagycirkusz ukr\u00e1n artistan\u00f6vend\u00e9kei pedig k\u00e1pr\u00e1zatos el\u0151ad\u00e1ssal tett\u00e9k eml\u00e9kezetess\u00e9 az est\u00e9t, amely m\u00e9lyebb \u00fczenetet hordozott: a m\u0171v\u00e9szet egyetemes nyelve k\u00e9pes hidat \u00e9p\u00edteni kult\u00far\u00e1k k\u00f6z\u00f6tt, gazdag\u00edtva \u00e9s k\u00f6zelebb hozva egym\u00e1shoz az embereket. Kiemelked\u0151 pillanata volt a napnak a Jakovlev csal\u00e1d zenei el\u0151ad\u00e1sa, akik a \u201eScsderik\u201d \u00e9s a \u201eHoldf\u00e9nyes \u00e9jszaka\u201d c\u00edm\u0171 darabokkal \u00f6rvendeztett\u00e9k meg a k\u00f6z\u00f6ns\u00e9get.<\/p>\n<p>Az \u00fcnnep lelki \u00fczenete <strong>Erd\u0151 P\u00e9ter b\u00edboros atya<\/strong> szavaiban teljesedett ki. Besz\u00e9d\u00e9ben r\u00e1mutatott: \u201e<em>Kar\u00e1csonykor maga Isten aj\u00e1nd\u00e9kozta nek\u00fcnk J\u00e9zus Krisztust, \u00e9s ez azt jelenti, hogy mi emberek megaj\u00e1nd\u00e9kozottak vagyunk.<\/em>\u201d \u2013 hangzott el. A kar\u00e1csony nemcsak az aj\u00e1nd\u00e9koz\u00e1s \u00f6r\u00f6m\u00e9r\u0151l sz\u00f3l, hanem arr\u00f3l a m\u00e9lyebb igazs\u00e1gr\u00f3l, hogy Isten szeretete m\u00e9g a legnehezebb id\u0151kben is vel\u00fcnk van. A m\u00falt tragikus pillanatai, p\u00e9ld\u00e1ul az 1956-os esem\u00e9nyek is megmutatt\u00e1k, hogy emberi er\u0151vel sokszor lehetetlen helyzeteket kell \u00e1tv\u00e9szelni, m\u00e9gis ott van a rem\u00e9nys\u00e9g. J\u00e9zus sz\u00fclet\u00e9s\u00e9vel a csal\u00e1d fontoss\u00e1g\u00e1t is kiemelte, hiszen \u0151 maga is egy szeretetteljes csal\u00e1dban j\u00f6tt a vil\u00e1gra. E gondolat jegy\u00e9ben kiemelten fontos, hogy csal\u00e1dokat aj\u00e1nd\u00e9kozhattak meg a d\u00e9lut\u00e1non.<\/p>\n<p>Erd\u0151 P\u00e9ter b\u00edboros atya im\u00e1ds\u00e1g \u00e9s \u00e1ld\u00e1s ut\u00e1n <strong>Herczegh Anita asszonnyal<\/strong> k\u00f6z\u00f6sen adta \u00e1t a gyermekeknek sz\u00e1nt aj\u00e1nd\u00e9kcsomagokat, amelyek j\u00e1t\u00e9kokat, k\u00f6nyveket, \u00e9dess\u00e9geket, keszty\u0171t \u00e9s sapk\u00e1t tartalmaztak. Emellett mind a hatvan csal\u00e1d v\u00e1s\u00e1rl\u00e1si utalv\u00e1nyt is kapott, hogy az \u00fcnnepi id\u0151szak egy kicsit gondtalanabb lehessen sz\u00e1mukra.<\/p>\n<p><img decoding=\"async\" class=\"alignnone size-full wp-image-67728\" src=\"https:\/\/dorogimedence.hu\/wp-content\/uploads\/2024\/12\/karitasz-02.jpg\" alt=\"\" width=\"1920\" height=\"1280\" srcset=\"https:\/\/dorogimedence.hu\/wp-content\/uploads\/2024\/12\/karitasz-02.jpg 1920w, https:\/\/dorogimedence.hu\/wp-content\/uploads\/2024\/12\/karitasz-02-600x400.jpg 600w, https:\/\/dorogimedence.hu\/wp-content\/uploads\/2024\/12\/karitasz-02-768x512.jpg 768w, https:\/\/dorogimedence.hu\/wp-content\/uploads\/2024\/12\/karitasz-02-1536x1024.jpg 1536w, https:\/\/dorogimedence.hu\/wp-content\/uploads\/2024\/12\/karitasz-02-150x100.jpg 150w, https:\/\/dorogimedence.hu\/wp-content\/uploads\/2024\/12\/karitasz-02-450x300.jpg 450w, https:\/\/dorogimedence.hu\/wp-content\/uploads\/2024\/12\/karitasz-02-1200x800.jpg 1200w, https:\/\/dorogimedence.hu\/wp-content\/uploads\/2024\/12\/karitasz-02-272x182.jpg 272w\" sizes=\"(max-width: 1920px) 100vw, 1920px\" \/><\/p>\n<p>A Katolikus Karit\u00e1sz tov\u00e1bbra is elk\u00f6telezett amellett, hogy a k\u00f6z\u00f6ss\u00e9gek t\u00e1mogat\u00e1s\u00e1val \u00e9s az egy\u00fctt t\u00f6lt\u00f6tt \u00fcnnepi pillanatokkal hidat \u00e9p\u00edtsen kult\u00far\u00e1k \u00e9s emberek k\u00f6z\u00f6tt. A <em>\u201eT\u00e1rj\u00e1tok ki a sz\u00edveteket!\u201d<\/em> kar\u00e1csonyi seg\u00e9lyprogram r\u00e9v\u00e9n november v\u00e9g\u00e9t\u0151l kiemelt figyelmet ford\u00edtott a s\u00e9r\u00fcl\u00e9keny csoportokra, hogy az adventi id\u0151szak sz\u00e1mukra is az \u00fcnnepet \u00e9s a f\u0171t\u00f6tt otthont jelentse. A Karit\u00e1sz munkat\u00e1rsai \u00e9s \u00f6nk\u00e9ntesei orsz\u00e1gszerte adom\u00e1nypontokat \u00e1ll\u00edtottak fel a kar\u00e1csonyi v\u00e1s\u00e1rokban, tart\u00f3s \u00e9lelmiszert gy\u0171jt\u00f6ttek, adventi programokat, szeretetvend\u00e9gs\u00e9geket szerveztek az id\u0151seknek, betegeknek, m\u00e9lyszeg\u00e9nys\u00e9gben \u00e9l\u0151knek. T\u00f6bb mint h\u00faszezer r\u00e1szorul\u00f3 gyermek kaphatott <em>angyalbatyu<\/em> aj\u00e1nd\u00e9kcsomagot, amelyeket m\u00e1r sikeresen el is juttattak a neh\u00e9z sors\u00fa csal\u00e1dokhoz vagy \u00fcnnepi keretek k\u00f6z\u00f6tt \u00e1tad\u00e1sra ker\u00fcltek az orsz\u00e1g minden pontj\u00e1n.<\/p>\n<p>B\u00e1r a kar\u00e1csonyi kamp\u00e1ny decemberben lez\u00e1rul, a r\u00e1szorul\u00f3k t\u00e1mogat\u00e1sa tov\u00e1bbra is k\u00f6z\u00f6s felel\u0151ss\u00e9g\u00fcnk. A Katolikus Karit\u00e1sz arra buzd\u00edt mindenkit, hogy lehet\u0151s\u00e9geihez m\u00e9rten tov\u00e1bbra is t\u00e1mogass\u00e1k munk\u00e1jukat, hiszen minden adom\u00e1ny \u2013 legyen az egy meleg takar\u00f3, egy t\u00e1l \u00e9tel vagy egy kedves gesztus \u2013 hozz\u00e1j\u00e1rul ahhoz, hogy senki ne maradjon mag\u00e1ra a neh\u00e9zs\u00e9gek k\u00f6zepette. Adom\u00e1nyoz\u00e1si lehet\u0151s\u00e9gekr\u0151l \u00e9s tov\u00e1bbi inform\u00e1ci\u00f3kr\u00f3l a <a href=\"http:\/\/www.karitasz.hu\" target=\"_blank\" rel=\"noopener\"><span style=\"text-decoration: underline; color: #0000ff;\">www.karitasz.hu<\/span><\/a> oldalon t\u00e1j\u00e9koz\u00f3dhatnak.<\/p>\n<p><em>Fot\u00f3k: Vermes Tibor<\/em><\/p>\n","protected":false},"excerpt":{"rendered":"<p>A Katolikus Karit\u00e1sz id\u00e9n is hangulatos \u00fcnnepi rendezv\u00e9nnyel k\u00e9sz\u00fclt a menek\u00fclt csal\u00e1dok r\u00e9sz\u00e9re 2024. december 22-\u00e9n, melynek a Magyar Szentek temploma adott otthont. Az esem\u00e9nyen a t\u00f6bb mint 100 megaj\u00e1nd\u00e9kozott menek\u00fclt gyermek, \u00f6sszesen hatvan csal\u00e1d tapasztalhatta meg a k\u00f6z\u00f6ss\u00e9g erej\u00e9t. Jelen volt dr. Erd\u0151 P\u00e9ter b\u00edboros, pr\u00edm\u00e1s, \u00e9rsek, dr. Herczegh Anita, j\u00f3szolg\u00e1lati nagyk\u00f6vet asszony, \u00c9csy<\/p>\n","protected":false},"author":1,"featured_media":67727,"comment_status":"closed","ping_status":"closed","sticky":false,"template":"","format":"standard","meta":{"ngg_post_thumbnail":0,"footnotes":""},"categories":[3],"tags":[764,5640,8176],"class_list":{"0":"post-67726","1":"post","2":"type-post","3":"status-publish","4":"format-standard","5":"has-post-thumbnail","7":"category-hirek","8":"tag-erdo-peter","9":"tag-katolikus-karitasz","10":"tag-menekultek-karacsonya"},"yoast_head":"<!-- This site is optimized with the Yoast SEO plugin v27.4 - https:\/\/yoast.com\/product\/yoast-seo-wordpress\/ -->\n<title>Erd\u0151 P\u00e9ter b\u00edboros is r\u00e9szt vett a menek\u00fclt csal\u00e1dok kar\u00e1csony\u00e1n<\/title>\n<meta name=\"robots\" content=\"index, follow, max-snippet:-1, max-image-preview:large, max-video-preview:-1\" \/>\n<link rel=\"canonical\" href=\"https:\/\/dorogimedence.hu\/index.php\/2024\/12\/23\/erdo-peter-biboros-is-reszt-vett-a-menekult-csaladok-karacsonyan\/\" class=\"yoast-seo-meta-tag\" \/>\n<meta property=\"og:locale\" content=\"hu_HU\" class=\"yoast-seo-meta-tag\" \/>\n<meta property=\"og:type\" content=\"article\" class=\"yoast-seo-meta-tag\" \/>\n<meta property=\"og:title\" content=\"Erd\u0151 P\u00e9ter b\u00edboros is r\u00e9szt vett a menek\u00fclt csal\u00e1dok kar\u00e1csony\u00e1n\" class=\"yoast-seo-meta-tag\" \/>\n<meta property=\"og:description\" content=\"A Katolikus Karit\u00e1sz id\u00e9n is hangulatos \u00fcnnepi rendezv\u00e9nnyel k\u00e9sz\u00fclt a menek\u00fclt csal\u00e1dok r\u00e9sz\u00e9re 2024. december 22-\u00e9n, melynek a Magyar Szentek temploma adott otthont. Az esem\u00e9nyen a t\u00f6bb mint 100 megaj\u00e1nd\u00e9kozott menek\u00fclt gyermek, \u00f6sszesen hatvan csal\u00e1d tapasztalhatta meg a k\u00f6z\u00f6ss\u00e9g erej\u00e9t. Jelen volt dr. Erd\u0151 P\u00e9ter b\u00edboros, pr\u00edm\u00e1s, \u00e9rsek, dr. Herczegh Anita, j\u00f3szolg\u00e1lati nagyk\u00f6vet asszony, \u00c9csy\" class=\"yoast-seo-meta-tag\" \/>\n<meta property=\"og:url\" content=\"https:\/\/dorogimedence.hu\/index.php\/2024\/12\/23\/erdo-peter-biboros-is-reszt-vett-a-menekult-csaladok-karacsonyan\/\" class=\"yoast-seo-meta-tag\" \/>\n<meta property=\"og:site_name\" content=\"Dorogi-medence Region\u00e1lis H\u00edrport\u00e1l\" class=\"yoast-seo-meta-tag\" \/>\n<meta property=\"article:publisher\" content=\"https:\/\/www.facebook.com\/dorogimedence\/\" class=\"yoast-seo-meta-tag\" \/>\n<meta property=\"article:published_time\" content=\"2024-12-23T08:17:29+00:00\" class=\"yoast-seo-meta-tag\" \/>\n<meta property=\"og:image\" content=\"https:\/\/dorogimedence.hu\/wp-content\/uploads\/2024\/12\/karitasz-01.jpg\" class=\"yoast-seo-meta-tag\" \/>\n\t<meta property=\"og:image:width\" content=\"1920\" class=\"yoast-seo-meta-tag\" \/>\n\t<meta property=\"og:image:height\" content=\"1280\" class=\"yoast-seo-meta-tag\" \/>\n\t<meta property=\"og:image:type\" content=\"image\/jpeg\" class=\"yoast-seo-meta-tag\" \/>\n<meta name=\"author\" content=\"dorogimedence.hu\" class=\"yoast-seo-meta-tag\" \/>\n<meta name=\"twitter:card\" content=\"summary_large_image\" class=\"yoast-seo-meta-tag\" \/>\n<meta name=\"twitter:label1\" content=\"Szerz\u0151:\" class=\"yoast-seo-meta-tag\" \/>\n\t<meta name=\"twitter:data1\" content=\"dorogimedence.hu\" class=\"yoast-seo-meta-tag\" \/>\n\t<meta name=\"twitter:label2\" content=\"Becs\u00fclt olvas\u00e1si id\u0151\" class=\"yoast-seo-meta-tag\" \/>\n\t<meta name=\"twitter:data2\" content=\"5 perc\" class=\"yoast-seo-meta-tag\" \/>\n<script type=\"application\/ld+json\" class=\"yoast-schema-graph\">{\"@context\":\"https:\\\/\\\/schema.org\",\"@graph\":[{\"@type\":\"Article\",\"@id\":\"https:\\\/\\\/dorogimedence.hu\\\/index.php\\\/2024\\\/12\\\/23\\\/erdo-peter-biboros-is-reszt-vett-a-menekult-csaladok-karacsonyan\\\/#article\",\"isPartOf\":{\"@id\":\"https:\\\/\\\/dorogimedence.hu\\\/index.php\\\/2024\\\/12\\\/23\\\/erdo-peter-biboros-is-reszt-vett-a-menekult-csaladok-karacsonyan\\\/\"},\"author\":{\"name\":\"dorogimedence.hu\",\"@id\":\"https:\\\/\\\/dorogimedence.hu\\\/#\\\/schema\\\/person\\\/ce6091eeb7e95ecdc87890d6aa8e0fd4\"},\"headline\":\"Erd\u0151 P\u00e9ter b\u00edboros is r\u00e9szt vett a menek\u00fclt csal\u00e1dok kar\u00e1csony\u00e1n\",\"datePublished\":\"2024-12-23T08:17:29+00:00\",\"mainEntityOfPage\":{\"@id\":\"https:\\\/\\\/dorogimedence.hu\\\/index.php\\\/2024\\\/12\\\/23\\\/erdo-peter-biboros-is-reszt-vett-a-menekult-csaladok-karacsonyan\\\/\"},\"wordCount\":1002,\"publisher\":{\"@id\":\"https:\\\/\\\/dorogimedence.hu\\\/#organization\"},\"image\":{\"@id\":\"https:\\\/\\\/dorogimedence.hu\\\/index.php\\\/2024\\\/12\\\/23\\\/erdo-peter-biboros-is-reszt-vett-a-menekult-csaladok-karacsonyan\\\/#primaryimage\"},\"thumbnailUrl\":\"https:\\\/\\\/dorogimedence.hu\\\/wp-content\\\/uploads\\\/2024\\\/12\\\/karitasz-01.jpg\",\"keywords\":[\"Erd\u0151 P\u00e9ter\",\"Katolikus Karit\u00e1sz\",\"menek\u00fcltek kar\u00e1csonya\"],\"articleSection\":[\"H\u00edrek\"],\"inLanguage\":\"hu\"},{\"@type\":\"WebPage\",\"@id\":\"https:\\\/\\\/dorogimedence.hu\\\/index.php\\\/2024\\\/12\\\/23\\\/erdo-peter-biboros-is-reszt-vett-a-menekult-csaladok-karacsonyan\\\/\",\"url\":\"https:\\\/\\\/dorogimedence.hu\\\/index.php\\\/2024\\\/12\\\/23\\\/erdo-peter-biboros-is-reszt-vett-a-menekult-csaladok-karacsonyan\\\/\",\"name\":\"Erd\u0151 P\u00e9ter b\u00edboros is r\u00e9szt vett a menek\u00fclt csal\u00e1dok kar\u00e1csony\u00e1n\",\"isPartOf\":{\"@id\":\"https:\\\/\\\/dorogimedence.hu\\\/#website\"},\"primaryImageOfPage\":{\"@id\":\"https:\\\/\\\/dorogimedence.hu\\\/index.php\\\/2024\\\/12\\\/23\\\/erdo-peter-biboros-is-reszt-vett-a-menekult-csaladok-karacsonyan\\\/#primaryimage\"},\"image\":{\"@id\":\"https:\\\/\\\/dorogimedence.hu\\\/index.php\\\/2024\\\/12\\\/23\\\/erdo-peter-biboros-is-reszt-vett-a-menekult-csaladok-karacsonyan\\\/#primaryimage\"},\"thumbnailUrl\":\"https:\\\/\\\/dorogimedence.hu\\\/wp-content\\\/uploads\\\/2024\\\/12\\\/karitasz-01.jpg\",\"datePublished\":\"2024-12-23T08:17:29+00:00\",\"breadcrumb\":{\"@id\":\"https:\\\/\\\/dorogimedence.hu\\\/index.php\\\/2024\\\/12\\\/23\\\/erdo-peter-biboros-is-reszt-vett-a-menekult-csaladok-karacsonyan\\\/#breadcrumb\"},\"inLanguage\":\"hu\",\"potentialAction\":[{\"@type\":\"ReadAction\",\"target\":[\"https:\\\/\\\/dorogimedence.hu\\\/index.php\\\/2024\\\/12\\\/23\\\/erdo-peter-biboros-is-reszt-vett-a-menekult-csaladok-karacsonyan\\\/\"]}]},{\"@type\":\"ImageObject\",\"inLanguage\":\"hu\",\"@id\":\"https:\\\/\\\/dorogimedence.hu\\\/index.php\\\/2024\\\/12\\\/23\\\/erdo-peter-biboros-is-reszt-vett-a-menekult-csaladok-karacsonyan\\\/#primaryimage\",\"url\":\"https:\\\/\\\/dorogimedence.hu\\\/wp-content\\\/uploads\\\/2024\\\/12\\\/karitasz-01.jpg\",\"contentUrl\":\"https:\\\/\\\/dorogimedence.hu\\\/wp-content\\\/uploads\\\/2024\\\/12\\\/karitasz-01.jpg\",\"width\":1920,\"height\":1280},{\"@type\":\"BreadcrumbList\",\"@id\":\"https:\\\/\\\/dorogimedence.hu\\\/index.php\\\/2024\\\/12\\\/23\\\/erdo-peter-biboros-is-reszt-vett-a-menekult-csaladok-karacsonyan\\\/#breadcrumb\",\"itemListElement\":[{\"@type\":\"ListItem\",\"position\":1,\"name\":\"Kezd\u0151lap\",\"item\":\"https:\\\/\\\/dorogimedence.hu\\\/\"},{\"@type\":\"ListItem\",\"position\":2,\"name\":\"Erd\u0151 P\u00e9ter b\u00edboros is r\u00e9szt vett a menek\u00fclt csal\u00e1dok kar\u00e1csony\u00e1n\"}]},{\"@type\":\"WebSite\",\"@id\":\"https:\\\/\\\/dorogimedence.hu\\\/#website\",\"url\":\"https:\\\/\\\/dorogimedence.hu\\\/\",\"name\":\"Dorogi-medence Region\u00e1lis H\u00edrport\u00e1l\",\"description\":\"Dorog, Keszt\u00f6lc, Le\u00e1nyv\u00e1r, Piliscs\u00e9v, Tokod, Tokodalt\u00e1r\u00f3, Csolnok, Esztergom-kertv\u00e1ros: h\u00edrek, programok\",\"publisher\":{\"@id\":\"https:\\\/\\\/dorogimedence.hu\\\/#organization\"},\"potentialAction\":[{\"@type\":\"SearchAction\",\"target\":{\"@type\":\"EntryPoint\",\"urlTemplate\":\"https:\\\/\\\/dorogimedence.hu\\\/?s={search_term_string}\"},\"query-input\":{\"@type\":\"PropertyValueSpecification\",\"valueRequired\":true,\"valueName\":\"search_term_string\"}}],\"inLanguage\":\"hu\"},{\"@type\":\"Organization\",\"@id\":\"https:\\\/\\\/dorogimedence.hu\\\/#organization\",\"name\":\"Dorogi-medence Region\u00e1lis H\u00edrport\u00e1l\",\"url\":\"https:\\\/\\\/dorogimedence.hu\\\/\",\"logo\":{\"@type\":\"ImageObject\",\"inLanguage\":\"hu\",\"@id\":\"https:\\\/\\\/dorogimedence.hu\\\/#\\\/schema\\\/logo\\\/image\\\/\",\"url\":\"https:\\\/\\\/dorogimedence.hu\\\/wp-content\\\/uploads\\\/2021\\\/04\\\/logo-feher-600.png\",\"contentUrl\":\"https:\\\/\\\/dorogimedence.hu\\\/wp-content\\\/uploads\\\/2021\\\/04\\\/logo-feher-600.png\",\"width\":600,\"height\":100,\"caption\":\"Dorogi-medence Region\u00e1lis H\u00edrport\u00e1l\"},\"image\":{\"@id\":\"https:\\\/\\\/dorogimedence.hu\\\/#\\\/schema\\\/logo\\\/image\\\/\"},\"sameAs\":[\"https:\\\/\\\/www.facebook.com\\\/dorogimedence\\\/\"]},{\"@type\":\"Person\",\"@id\":\"https:\\\/\\\/dorogimedence.hu\\\/#\\\/schema\\\/person\\\/ce6091eeb7e95ecdc87890d6aa8e0fd4\",\"name\":\"dorogimedence.hu\",\"image\":{\"@type\":\"ImageObject\",\"inLanguage\":\"hu\",\"@id\":\"\\\/\\\/www.gravatar.com\\\/avatar\\\/d8d45f8901aadff40a4af72c0b826f1d?s=96&#038;r=g&#038;d=mm\",\"url\":\"\\\/\\\/www.gravatar.com\\\/avatar\\\/d8d45f8901aadff40a4af72c0b826f1d?s=96&#038;r=g&#038;d=mm\",\"contentUrl\":\"\\\/\\\/www.gravatar.com\\\/avatar\\\/d8d45f8901aadff40a4af72c0b826f1d?s=96&#038;r=g&#038;d=mm\",\"caption\":\"dorogimedence.hu\"}}]}<\/script>\n<!-- \/ Yoast SEO plugin. -->","yoast_head_json":{"title":"Erd\u0151 P\u00e9ter b\u00edboros is r\u00e9szt vett a menek\u00fclt csal\u00e1dok kar\u00e1csony\u00e1n","robots":{"index":"index","follow":"follow","max-snippet":"max-snippet:-1","max-image-preview":"max-image-preview:large","max-video-preview":"max-video-preview:-1"},"canonical":"https:\/\/dorogimedence.hu\/index.php\/2024\/12\/23\/erdo-peter-biboros-is-reszt-vett-a-menekult-csaladok-karacsonyan\/","og_locale":"hu_HU","og_type":"article","og_title":"Erd\u0151 P\u00e9ter b\u00edboros is r\u00e9szt vett a menek\u00fclt csal\u00e1dok kar\u00e1csony\u00e1n","og_description":"A Katolikus Karit\u00e1sz id\u00e9n is hangulatos \u00fcnnepi rendezv\u00e9nnyel k\u00e9sz\u00fclt a menek\u00fclt csal\u00e1dok r\u00e9sz\u00e9re 2024. december 22-\u00e9n, melynek a Magyar Szentek temploma adott otthont. Az esem\u00e9nyen a t\u00f6bb mint 100 megaj\u00e1nd\u00e9kozott menek\u00fclt gyermek, \u00f6sszesen hatvan csal\u00e1d tapasztalhatta meg a k\u00f6z\u00f6ss\u00e9g erej\u00e9t. Jelen volt dr. Erd\u0151 P\u00e9ter b\u00edboros, pr\u00edm\u00e1s, \u00e9rsek, dr. Herczegh Anita, j\u00f3szolg\u00e1lati nagyk\u00f6vet asszony, \u00c9csy","og_url":"https:\/\/dorogimedence.hu\/index.php\/2024\/12\/23\/erdo-peter-biboros-is-reszt-vett-a-menekult-csaladok-karacsonyan\/","og_site_name":"Dorogi-medence Region\u00e1lis H\u00edrport\u00e1l","article_publisher":"https:\/\/www.facebook.com\/dorogimedence\/","article_published_time":"2024-12-23T08:17:29+00:00","og_image":[{"width":1920,"height":1280,"url":"https:\/\/dorogimedence.hu\/wp-content\/uploads\/2024\/12\/karitasz-01.jpg","type":"image\/jpeg"}],"author":"dorogimedence.hu","twitter_card":"summary_large_image","twitter_misc":{"Szerz\u0151:":"dorogimedence.hu","Becs\u00fclt olvas\u00e1si id\u0151":"5 perc"},"schema":{"@context":"https:\/\/schema.org","@graph":[{"@type":"Article","@id":"https:\/\/dorogimedence.hu\/index.php\/2024\/12\/23\/erdo-peter-biboros-is-reszt-vett-a-menekult-csaladok-karacsonyan\/#article","isPartOf":{"@id":"https:\/\/dorogimedence.hu\/index.php\/2024\/12\/23\/erdo-peter-biboros-is-reszt-vett-a-menekult-csaladok-karacsonyan\/"},"author":{"name":"dorogimedence.hu","@id":"https:\/\/dorogimedence.hu\/#\/schema\/person\/ce6091eeb7e95ecdc87890d6aa8e0fd4"},"headline":"Erd\u0151 P\u00e9ter b\u00edboros is r\u00e9szt vett a menek\u00fclt csal\u00e1dok kar\u00e1csony\u00e1n","datePublished":"2024-12-23T08:17:29+00:00","mainEntityOfPage":{"@id":"https:\/\/dorogimedence.hu\/index.php\/2024\/12\/23\/erdo-peter-biboros-is-reszt-vett-a-menekult-csaladok-karacsonyan\/"},"wordCount":1002,"publisher":{"@id":"https:\/\/dorogimedence.hu\/#organization"},"image":{"@id":"https:\/\/dorogimedence.hu\/index.php\/2024\/12\/23\/erdo-peter-biboros-is-reszt-vett-a-menekult-csaladok-karacsonyan\/#primaryimage"},"thumbnailUrl":"https:\/\/dorogimedence.hu\/wp-content\/uploads\/2024\/12\/karitasz-01.jpg","keywords":["Erd\u0151 P\u00e9ter","Katolikus Karit\u00e1sz","menek\u00fcltek kar\u00e1csonya"],"articleSection":["H\u00edrek"],"inLanguage":"hu"},{"@type":"WebPage","@id":"https:\/\/dorogimedence.hu\/index.php\/2024\/12\/23\/erdo-peter-biboros-is-reszt-vett-a-menekult-csaladok-karacsonyan\/","url":"https:\/\/dorogimedence.hu\/index.php\/2024\/12\/23\/erdo-peter-biboros-is-reszt-vett-a-menekult-csaladok-karacsonyan\/","name":"Erd\u0151 P\u00e9ter b\u00edboros is r\u00e9szt vett a menek\u00fclt csal\u00e1dok kar\u00e1csony\u00e1n","isPartOf":{"@id":"https:\/\/dorogimedence.hu\/#website"},"primaryImageOfPage":{"@id":"https:\/\/dorogimedence.hu\/index.php\/2024\/12\/23\/erdo-peter-biboros-is-reszt-vett-a-menekult-csaladok-karacsonyan\/#primaryimage"},"image":{"@id":"https:\/\/dorogimedence.hu\/index.php\/2024\/12\/23\/erdo-peter-biboros-is-reszt-vett-a-menekult-csaladok-karacsonyan\/#primaryimage"},"thumbnailUrl":"https:\/\/dorogimedence.hu\/wp-content\/uploads\/2024\/12\/karitasz-01.jpg","datePublished":"2024-12-23T08:17:29+00:00","breadcrumb":{"@id":"https:\/\/dorogimedence.hu\/index.php\/2024\/12\/23\/erdo-peter-biboros-is-reszt-vett-a-menekult-csaladok-karacsonyan\/#breadcrumb"},"inLanguage":"hu","potentialAction":[{"@type":"ReadAction","target":["https:\/\/dorogimedence.hu\/index.php\/2024\/12\/23\/erdo-peter-biboros-is-reszt-vett-a-menekult-csaladok-karacsonyan\/"]}]},{"@type":"ImageObject","inLanguage":"hu","@id":"https:\/\/dorogimedence.hu\/index.php\/2024\/12\/23\/erdo-peter-biboros-is-reszt-vett-a-menekult-csaladok-karacsonyan\/#primaryimage","url":"https:\/\/dorogimedence.hu\/wp-content\/uploads\/2024\/12\/karitasz-01.jpg","contentUrl":"https:\/\/dorogimedence.hu\/wp-content\/uploads\/2024\/12\/karitasz-01.jpg","width":1920,"height":1280},{"@type":"BreadcrumbList","@id":"https:\/\/dorogimedence.hu\/index.php\/2024\/12\/23\/erdo-peter-biboros-is-reszt-vett-a-menekult-csaladok-karacsonyan\/#breadcrumb","itemListElement":[{"@type":"ListItem","position":1,"name":"Kezd\u0151lap","item":"https:\/\/dorogimedence.hu\/"},{"@type":"ListItem","position":2,"name":"Erd\u0151 P\u00e9ter b\u00edboros is r\u00e9szt vett a menek\u00fclt csal\u00e1dok kar\u00e1csony\u00e1n"}]},{"@type":"WebSite","@id":"https:\/\/dorogimedence.hu\/#website","url":"https:\/\/dorogimedence.hu\/","name":"Dorogi-medence Region\u00e1lis H\u00edrport\u00e1l","description":"Dorog, Keszt\u00f6lc, Le\u00e1nyv\u00e1r, Piliscs\u00e9v, Tokod, Tokodalt\u00e1r\u00f3, Csolnok, Esztergom-kertv\u00e1ros: h\u00edrek, programok","publisher":{"@id":"https:\/\/dorogimedence.hu\/#organization"},"potentialAction":[{"@type":"SearchAction","target":{"@type":"EntryPoint","urlTemplate":"https:\/\/dorogimedence.hu\/?s={search_term_string}"},"query-input":{"@type":"PropertyValueSpecification","valueRequired":true,"valueName":"search_term_string"}}],"inLanguage":"hu"},{"@type":"Organization","@id":"https:\/\/dorogimedence.hu\/#organization","name":"Dorogi-medence Region\u00e1lis H\u00edrport\u00e1l","url":"https:\/\/dorogimedence.hu\/","logo":{"@type":"ImageObject","inLanguage":"hu","@id":"https:\/\/dorogimedence.hu\/#\/schema\/logo\/image\/","url":"https:\/\/dorogimedence.hu\/wp-content\/uploads\/2021\/04\/logo-feher-600.png","contentUrl":"https:\/\/dorogimedence.hu\/wp-content\/uploads\/2021\/04\/logo-feher-600.png","width":600,"height":100,"caption":"Dorogi-medence Region\u00e1lis H\u00edrport\u00e1l"},"image":{"@id":"https:\/\/dorogimedence.hu\/#\/schema\/logo\/image\/"},"sameAs":["https:\/\/www.facebook.com\/dorogimedence\/"]},{"@type":"Person","@id":"https:\/\/dorogimedence.hu\/#\/schema\/person\/ce6091eeb7e95ecdc87890d6aa8e0fd4","name":"dorogimedence.hu","image":{"@type":"ImageObject","inLanguage":"hu","@id":"\/\/www.gravatar.com\/avatar\/d8d45f8901aadff40a4af72c0b826f1d?s=96&#038;r=g&#038;d=mm","url":"\/\/www.gravatar.com\/avatar\/d8d45f8901aadff40a4af72c0b826f1d?s=96&#038;r=g&#038;d=mm","contentUrl":"\/\/www.gravatar.com\/avatar\/d8d45f8901aadff40a4af72c0b826f1d?s=96&#038;r=g&#038;d=mm","caption":"dorogimedence.hu"}}]}},"_links":{"self":[{"href":"https:\/\/dorogimedence.hu\/index.php\/wp-json\/wp\/v2\/posts\/67726","targetHints":{"allow":["GET"]}}],"collection":[{"href":"https:\/\/dorogimedence.hu\/index.php\/wp-json\/wp\/v2\/posts"}],"about":[{"href":"https:\/\/dorogimedence.hu\/index.php\/wp-json\/wp\/v2\/types\/post"}],"author":[{"embeddable":true,"href":"https:\/\/dorogimedence.hu\/index.php\/wp-json\/wp\/v2\/users\/1"}],"replies":[{"embeddable":true,"href":"https:\/\/dorogimedence.hu\/index.php\/wp-json\/wp\/v2\/comments?post=67726"}],"version-history":[{"count":0,"href":"https:\/\/dorogimedence.hu\/index.php\/wp-json\/wp\/v2\/posts\/67726\/revisions"}],"wp:featuredmedia":[{"embeddable":true,"href":"https:\/\/dorogimedence.hu\/index.php\/wp-json\/wp\/v2\/media\/67727"}],"wp:attachment":[{"href":"https:\/\/dorogimedence.hu\/index.php\/wp-json\/wp\/v2\/media?parent=67726"}],"wp:term":[{"taxonomy":"category","embeddable":true,"href":"https:\/\/dorogimedence.hu\/index.php\/wp-json\/wp\/v2\/categories?post=67726"},{"taxonomy":"post_tag","embeddable":true,"href":"https:\/\/dorogimedence.hu\/index.php\/wp-json\/wp\/v2\/tags?post=67726"}],"curies":[{"name":"wp","href":"https:\/\/api.w.org\/{rel}","templated":true}]}}