{"id":67701,"date":"2024-12-21T10:08:09","date_gmt":"2024-12-21T09:08:09","guid":{"rendered":"https:\/\/dorogimedence.hu\/?p=67701"},"modified":"2024-12-21T10:09:39","modified_gmt":"2024-12-21T09:09:39","slug":"petor-mester-visszatert","status":"publish","type":"post","link":"https:\/\/dorogimedence.hu\/index.php\/2024\/12\/21\/petor-mester-visszatert\/","title":{"rendered":"P\u00e9t\u00f6r Mester visszat\u00e9rt"},"content":{"rendered":"<p><strong><a href=\"https:\/\/dorogimedence.hu\/index.php\/2022\/01\/14\/eltuntnek-hitt-festmeny-kerult-elo-esztergomban\/\" target=\"_blank\" rel=\"noopener\"><span style=\"text-decoration: underline; color: #0000ff;\">K\u00f6zel h\u00e1rom \u00e9ve \u00edrtuk<\/span><\/a>, hogy egy k\u00fcl\u00f6nleges, k\u00f6z\u00e9pkori vend\u00e9gl\u00e1t\u00f3helyre utal\u00f3 festm\u00e9ny ker\u00fclt el\u0151, amely egykor a F\u00fcrd\u0151 Sz\u00e1ll\u00f3 fal\u00e1t d\u00edsz\u00edtette.<\/strong><\/p>\n<p>Hern\u00e1di \u00c1d\u00e1m, Esztergom Megyei Jog\u00fa V\u00e1ros polg\u00e1rmestere 2022 janu\u00e1rj\u00e1ban \u00edgy sz\u00e1molt be a j\u00f3 h\u00edrr\u0151l: \u201e\u00c9vtizedekig hom\u00e1ly fedte holl\u00e9t\u00e9t, de P\u00e9t\u00f6r Mester v\u00e9gre hazat\u00e9rt. K\u00f6sz\u00f6nj\u00fck annak az \u2013 \u00f6nmag\u00e1t megnevezni nem akar\u00f3 \u2013 esztergomi polg\u00e1rnak, aki hossz\u00fa \u00e9veken \u00e1t vigy\u00e1zott r\u00e1, hogy most, restaur\u00e1l\u00e1s ut\u00e1n, ism\u00e9t m\u00e9lt\u00f3 hely\u00e9re ker\u00fclhessen.\u201d<\/p>\n<figure id=\"attachment_67703\" aria-describedby=\"caption-attachment-67703\" style=\"width: 1200px\" class=\"wp-caption alignnone\"><img fetchpriority=\"high\" decoding=\"async\" class=\"size-full wp-image-67703\" src=\"https:\/\/dorogimedence.hu\/wp-content\/uploads\/2024\/12\/271754057_324958056306607_871997030683977527_n.webp\" alt=\"\" width=\"1200\" height=\"1341\" srcset=\"https:\/\/dorogimedence.hu\/wp-content\/uploads\/2024\/12\/271754057_324958056306607_871997030683977527_n.webp 1200w, https:\/\/dorogimedence.hu\/wp-content\/uploads\/2024\/12\/271754057_324958056306607_871997030683977527_n-537x600.webp 537w, https:\/\/dorogimedence.hu\/wp-content\/uploads\/2024\/12\/271754057_324958056306607_871997030683977527_n-768x858.webp 768w, https:\/\/dorogimedence.hu\/wp-content\/uploads\/2024\/12\/271754057_324958056306607_871997030683977527_n-150x168.webp 150w, https:\/\/dorogimedence.hu\/wp-content\/uploads\/2024\/12\/271754057_324958056306607_871997030683977527_n-450x503.webp 450w\" sizes=\"(max-width: 1200px) 100vw, 1200px\" \/><figcaption id=\"caption-attachment-67703\" class=\"wp-caption-text\">2022-ben \u00edgy n\u00e9zett ki az el\u0151ker\u00fclt festm\u00e9ny.<\/figcaption><\/figure>\n<p><strong>A polg\u00e1rmester a napokban most egy \u00fajabb j\u00f3 h\u00edrrel szolg\u00e1lt a k\u00f6z\u00f6ss\u00e9gi oldal\u00e1n. <a href=\"https:\/\/www.facebook.com\/reel\/599504279271297\"><span style=\"text-decoration: underline; color: #0000ff;\">Vide\u00f3s bejegyz\u00e9s\u00e9ben<\/span><\/a> k\u00f6z\u00f6lte, hogy restaur\u00e1l\u00e1s ut\u00e1n visszat\u00e9rt a festm\u00e9ny, ami ism\u00e9t r\u00e9gi f\u00e9ny\u00e9ben t\u00fcnd\u00f6k\u00f6l.<\/strong><\/p>\n<p><em>A kopaszon \u00e1br\u00e1zolt P\u00e9t\u00f6r Mester nem egy kital\u00e1lt alak, t\u00e9nyleg fogad\u00f3s volt a k\u00f6z\u00e9pkori Esztergomban. Egy 1279. m\u00e1rcius 29-\u00e9n kelt ad\u00e1s-v\u00e9teli oklev\u00e9l eml\u00edti a vend\u00e9gl\u00e1t\u00f3helyet. Magyarorsz\u00e1g kir\u00e1ly\u00e1nak t\u00e1rnokmestere ugyanis eladott egy ingatlant, annak hat\u00e1rainak pontos leirat\u00e1ban szerepel a fogad\u00f3. Mint az oklev\u00e9lb\u0151l kider\u00fclt, a m\u00e1r akkoriban is frekvent\u00e1lt helynek sz\u00e1m\u00edt\u00f3 Kis-Duna parton \u00e1llt a P\u00e9t\u00f6r Mester h\u00e1za. P\u00e9t\u00f6r Mester t\u00f6rt\u00e9net\u00e9r\u0151l r\u00e9szletesen az <a href=\"https:\/\/www.facebook.com\/esztergomanno\/posts\/742-%C3%A9ve-azaz-1279-ben-e-napon-keletkezett-az-az-els%C5%91-magyarorsz%C3%A1gi-%C3%ADr%C3%A1sos-eml%C3%A9k-\/10159157787941252\/\" target=\"_blank\" rel=\"noopener\"><span style=\"text-decoration: underline; color: #0000ff;\">Esztergom Anno Facebook-oldalon<\/span><\/a> olvashatnak! A bejegyz\u00e9sben egy \u00e9rdekess\u00e9g is tal\u00e1lhat\u00f3: P\u00e9t\u00f6r Mester S\u00f6r\u00f6z\u0151 \u00e9tlapja 1940-b\u0151l, amikor is peng\u0151t haszn\u00e1ltak az orsz\u00e1gban. Az <a href=\"https:\/\/artortenet.hu\/magyar-penzertekindex-arak-es-devizak-alapjan-1754-tol\/\" target=\"_blank\" rel=\"noopener\"><span style=\"text-decoration: underline;\"><span style=\"color: #0000ff; text-decoration: underline;\">\u00c1rt\u00f6rt\u00e9net.hu oldalon<\/span><\/span><\/a> tal\u00e1lhat\u00f3 p\u00e9nz\u00e9rt\u00e9kindexb\u0151l pedig azt is megtudhatjuk, hogy az 1940-es peng\u0151 2023-as \u00e1ron k\u00f6r\u00fclbel\u00fcl 1240 forintot \u00e9rhetett. P\u00e9ld\u00e1ul egy 30 fill\u00e9res paradicsomos k\u00e1poszta 415 forintos, egy k\u00e9tpeng\u0151s b\u00e9lsz\u00edn szelet 2.480 forintos, m\u00edg egy kors\u00f3 Dreher Koronas\u00f6r 570 forintos v\u00e1s\u00e1rl\u00f3\u00e9rt\u00e9ket k\u00e9pviselt.<br \/>\n<\/em><\/p>\n<p><img decoding=\"async\" class=\"alignnone size-full wp-image-67702\" src=\"https:\/\/dorogimedence.hu\/wp-content\/uploads\/2024\/12\/162366344_10159157760971252_2266982601742910917_n.png\" alt=\"\" width=\"678\" height=\"920\" srcset=\"https:\/\/dorogimedence.hu\/wp-content\/uploads\/2024\/12\/162366344_10159157760971252_2266982601742910917_n.png 678w, https:\/\/dorogimedence.hu\/wp-content\/uploads\/2024\/12\/162366344_10159157760971252_2266982601742910917_n-442x600.png 442w, https:\/\/dorogimedence.hu\/wp-content\/uploads\/2024\/12\/162366344_10159157760971252_2266982601742910917_n-150x204.png 150w, https:\/\/dorogimedence.hu\/wp-content\/uploads\/2024\/12\/162366344_10159157760971252_2266982601742910917_n-450x611.png 450w\" sizes=\"(max-width: 678px) 100vw, 678px\" \/><\/p>\n","protected":false},"excerpt":{"rendered":"<p>K\u00f6zel h\u00e1rom \u00e9ve \u00edrtuk, hogy egy k\u00fcl\u00f6nleges, k\u00f6z\u00e9pkori vend\u00e9gl\u00e1t\u00f3helyre utal\u00f3 festm\u00e9ny ker\u00fclt el\u0151, amely egykor a F\u00fcrd\u0151 Sz\u00e1ll\u00f3 fal\u00e1t d\u00edsz\u00edtette. Hern\u00e1di \u00c1d\u00e1m, Esztergom Megyei Jog\u00fa V\u00e1ros polg\u00e1rmestere 2022 janu\u00e1rj\u00e1ban \u00edgy sz\u00e1molt be a j\u00f3 h\u00edrr\u0151l: \u201e\u00c9vtizedekig hom\u00e1ly fedte holl\u00e9t\u00e9t, de P\u00e9t\u00f6r Mester v\u00e9gre hazat\u00e9rt. K\u00f6sz\u00f6nj\u00fck annak az \u2013 \u00f6nmag\u00e1t megnevezni nem akar\u00f3 \u2013 esztergomi polg\u00e1rnak,<\/p>\n","protected":false},"author":1,"featured_media":67706,"comment_status":"closed","ping_status":"closed","sticky":false,"template":"","format":"standard","meta":{"ngg_post_thumbnail":0,"footnotes":""},"categories":[38,3],"tags":[42,6221],"class_list":{"0":"post-67701","1":"post","2":"type-post","3":"status-publish","4":"format-standard","5":"has-post-thumbnail","7":"category-esztergom","8":"category-hirek","9":"tag-esztergom","10":"tag-petor-mester"},"yoast_head":"<!-- This site is optimized with the Yoast SEO plugin v27.4 - https:\/\/yoast.com\/product\/yoast-seo-wordpress\/ -->\n<title>P\u00e9t\u00f6r Mester visszat\u00e9rt<\/title>\n<meta name=\"robots\" content=\"index, follow, max-snippet:-1, max-image-preview:large, max-video-preview:-1\" \/>\n<link rel=\"canonical\" href=\"https:\/\/dorogimedence.hu\/index.php\/2024\/12\/21\/petor-mester-visszatert\/\" class=\"yoast-seo-meta-tag\" \/>\n<meta property=\"og:locale\" content=\"hu_HU\" class=\"yoast-seo-meta-tag\" \/>\n<meta property=\"og:type\" content=\"article\" class=\"yoast-seo-meta-tag\" \/>\n<meta property=\"og:title\" content=\"P\u00e9t\u00f6r Mester visszat\u00e9rt\" class=\"yoast-seo-meta-tag\" \/>\n<meta property=\"og:description\" content=\"K\u00f6zel h\u00e1rom \u00e9ve \u00edrtuk, hogy egy k\u00fcl\u00f6nleges, k\u00f6z\u00e9pkori vend\u00e9gl\u00e1t\u00f3helyre utal\u00f3 festm\u00e9ny ker\u00fclt el\u0151, amely egykor a F\u00fcrd\u0151 Sz\u00e1ll\u00f3 fal\u00e1t d\u00edsz\u00edtette. Hern\u00e1di \u00c1d\u00e1m, Esztergom Megyei Jog\u00fa V\u00e1ros polg\u00e1rmestere 2022 janu\u00e1rj\u00e1ban \u00edgy sz\u00e1molt be a j\u00f3 h\u00edrr\u0151l: \u201e\u00c9vtizedekig hom\u00e1ly fedte holl\u00e9t\u00e9t, de P\u00e9t\u00f6r Mester v\u00e9gre hazat\u00e9rt. K\u00f6sz\u00f6nj\u00fck annak az \u2013 \u00f6nmag\u00e1t megnevezni nem akar\u00f3 \u2013 esztergomi polg\u00e1rnak,\" class=\"yoast-seo-meta-tag\" \/>\n<meta property=\"og:url\" content=\"https:\/\/dorogimedence.hu\/index.php\/2024\/12\/21\/petor-mester-visszatert\/\" class=\"yoast-seo-meta-tag\" \/>\n<meta property=\"og:site_name\" content=\"Dorogi-medence Region\u00e1lis H\u00edrport\u00e1l\" class=\"yoast-seo-meta-tag\" \/>\n<meta property=\"article:publisher\" content=\"https:\/\/www.facebook.com\/dorogimedence\/\" class=\"yoast-seo-meta-tag\" \/>\n<meta property=\"article:published_time\" content=\"2024-12-21T09:08:09+00:00\" class=\"yoast-seo-meta-tag\" \/>\n<meta property=\"article:modified_time\" content=\"2024-12-21T09:09:39+00:00\" class=\"yoast-seo-meta-tag\" \/>\n<meta property=\"og:image\" content=\"https:\/\/dorogimedence.hu\/wp-content\/uploads\/2024\/12\/petor-mester.jpg\" class=\"yoast-seo-meta-tag\" \/>\n\t<meta property=\"og:image:width\" content=\"1920\" class=\"yoast-seo-meta-tag\" \/>\n\t<meta property=\"og:image:height\" content=\"970\" class=\"yoast-seo-meta-tag\" \/>\n\t<meta property=\"og:image:type\" content=\"image\/jpeg\" class=\"yoast-seo-meta-tag\" \/>\n<meta name=\"author\" content=\"dorogimedence.hu\" class=\"yoast-seo-meta-tag\" \/>\n<meta name=\"twitter:card\" content=\"summary_large_image\" class=\"yoast-seo-meta-tag\" \/>\n<meta name=\"twitter:label1\" content=\"Szerz\u0151:\" class=\"yoast-seo-meta-tag\" \/>\n\t<meta name=\"twitter:data1\" content=\"dorogimedence.hu\" class=\"yoast-seo-meta-tag\" \/>\n\t<meta name=\"twitter:label2\" content=\"Becs\u00fclt olvas\u00e1si id\u0151\" class=\"yoast-seo-meta-tag\" \/>\n\t<meta name=\"twitter:data2\" content=\"2 perc\" class=\"yoast-seo-meta-tag\" \/>\n<script type=\"application\/ld+json\" class=\"yoast-schema-graph\">{\"@context\":\"https:\\\/\\\/schema.org\",\"@graph\":[{\"@type\":\"Article\",\"@id\":\"https:\\\/\\\/dorogimedence.hu\\\/index.php\\\/2024\\\/12\\\/21\\\/petor-mester-visszatert\\\/#article\",\"isPartOf\":{\"@id\":\"https:\\\/\\\/dorogimedence.hu\\\/index.php\\\/2024\\\/12\\\/21\\\/petor-mester-visszatert\\\/\"},\"author\":{\"name\":\"dorogimedence.hu\",\"@id\":\"https:\\\/\\\/dorogimedence.hu\\\/#\\\/schema\\\/person\\\/ce6091eeb7e95ecdc87890d6aa8e0fd4\"},\"headline\":\"P\u00e9t\u00f6r Mester visszat\u00e9rt\",\"datePublished\":\"2024-12-21T09:08:09+00:00\",\"dateModified\":\"2024-12-21T09:09:39+00:00\",\"mainEntityOfPage\":{\"@id\":\"https:\\\/\\\/dorogimedence.hu\\\/index.php\\\/2024\\\/12\\\/21\\\/petor-mester-visszatert\\\/\"},\"wordCount\":382,\"publisher\":{\"@id\":\"https:\\\/\\\/dorogimedence.hu\\\/#organization\"},\"image\":{\"@id\":\"https:\\\/\\\/dorogimedence.hu\\\/index.php\\\/2024\\\/12\\\/21\\\/petor-mester-visszatert\\\/#primaryimage\"},\"thumbnailUrl\":\"https:\\\/\\\/dorogimedence.hu\\\/wp-content\\\/uploads\\\/2024\\\/12\\\/petor-mester.jpg\",\"keywords\":[\"esztergom\",\"P\u00e9t\u00f6r Mester\"],\"articleSection\":[\"Esztergom\",\"H\u00edrek\"],\"inLanguage\":\"hu\"},{\"@type\":\"WebPage\",\"@id\":\"https:\\\/\\\/dorogimedence.hu\\\/index.php\\\/2024\\\/12\\\/21\\\/petor-mester-visszatert\\\/\",\"url\":\"https:\\\/\\\/dorogimedence.hu\\\/index.php\\\/2024\\\/12\\\/21\\\/petor-mester-visszatert\\\/\",\"name\":\"P\u00e9t\u00f6r Mester visszat\u00e9rt\",\"isPartOf\":{\"@id\":\"https:\\\/\\\/dorogimedence.hu\\\/#website\"},\"primaryImageOfPage\":{\"@id\":\"https:\\\/\\\/dorogimedence.hu\\\/index.php\\\/2024\\\/12\\\/21\\\/petor-mester-visszatert\\\/#primaryimage\"},\"image\":{\"@id\":\"https:\\\/\\\/dorogimedence.hu\\\/index.php\\\/2024\\\/12\\\/21\\\/petor-mester-visszatert\\\/#primaryimage\"},\"thumbnailUrl\":\"https:\\\/\\\/dorogimedence.hu\\\/wp-content\\\/uploads\\\/2024\\\/12\\\/petor-mester.jpg\",\"datePublished\":\"2024-12-21T09:08:09+00:00\",\"dateModified\":\"2024-12-21T09:09:39+00:00\",\"breadcrumb\":{\"@id\":\"https:\\\/\\\/dorogimedence.hu\\\/index.php\\\/2024\\\/12\\\/21\\\/petor-mester-visszatert\\\/#breadcrumb\"},\"inLanguage\":\"hu\",\"potentialAction\":[{\"@type\":\"ReadAction\",\"target\":[\"https:\\\/\\\/dorogimedence.hu\\\/index.php\\\/2024\\\/12\\\/21\\\/petor-mester-visszatert\\\/\"]}]},{\"@type\":\"ImageObject\",\"inLanguage\":\"hu\",\"@id\":\"https:\\\/\\\/dorogimedence.hu\\\/index.php\\\/2024\\\/12\\\/21\\\/petor-mester-visszatert\\\/#primaryimage\",\"url\":\"https:\\\/\\\/dorogimedence.hu\\\/wp-content\\\/uploads\\\/2024\\\/12\\\/petor-mester.jpg\",\"contentUrl\":\"https:\\\/\\\/dorogimedence.hu\\\/wp-content\\\/uploads\\\/2024\\\/12\\\/petor-mester.jpg\",\"width\":1920,\"height\":970},{\"@type\":\"BreadcrumbList\",\"@id\":\"https:\\\/\\\/dorogimedence.hu\\\/index.php\\\/2024\\\/12\\\/21\\\/petor-mester-visszatert\\\/#breadcrumb\",\"itemListElement\":[{\"@type\":\"ListItem\",\"position\":1,\"name\":\"Kezd\u0151lap\",\"item\":\"https:\\\/\\\/dorogimedence.hu\\\/\"},{\"@type\":\"ListItem\",\"position\":2,\"name\":\"P\u00e9t\u00f6r Mester visszat\u00e9rt\"}]},{\"@type\":\"WebSite\",\"@id\":\"https:\\\/\\\/dorogimedence.hu\\\/#website\",\"url\":\"https:\\\/\\\/dorogimedence.hu\\\/\",\"name\":\"Dorogi-medence Region\u00e1lis H\u00edrport\u00e1l\",\"description\":\"Dorog, Keszt\u00f6lc, Le\u00e1nyv\u00e1r, Piliscs\u00e9v, Tokod, Tokodalt\u00e1r\u00f3, Csolnok, Esztergom-kertv\u00e1ros: h\u00edrek, programok\",\"publisher\":{\"@id\":\"https:\\\/\\\/dorogimedence.hu\\\/#organization\"},\"potentialAction\":[{\"@type\":\"SearchAction\",\"target\":{\"@type\":\"EntryPoint\",\"urlTemplate\":\"https:\\\/\\\/dorogimedence.hu\\\/?s={search_term_string}\"},\"query-input\":{\"@type\":\"PropertyValueSpecification\",\"valueRequired\":true,\"valueName\":\"search_term_string\"}}],\"inLanguage\":\"hu\"},{\"@type\":\"Organization\",\"@id\":\"https:\\\/\\\/dorogimedence.hu\\\/#organization\",\"name\":\"Dorogi-medence Region\u00e1lis H\u00edrport\u00e1l\",\"url\":\"https:\\\/\\\/dorogimedence.hu\\\/\",\"logo\":{\"@type\":\"ImageObject\",\"inLanguage\":\"hu\",\"@id\":\"https:\\\/\\\/dorogimedence.hu\\\/#\\\/schema\\\/logo\\\/image\\\/\",\"url\":\"https:\\\/\\\/dorogimedence.hu\\\/wp-content\\\/uploads\\\/2021\\\/04\\\/logo-feher-600.png\",\"contentUrl\":\"https:\\\/\\\/dorogimedence.hu\\\/wp-content\\\/uploads\\\/2021\\\/04\\\/logo-feher-600.png\",\"width\":600,\"height\":100,\"caption\":\"Dorogi-medence Region\u00e1lis H\u00edrport\u00e1l\"},\"image\":{\"@id\":\"https:\\\/\\\/dorogimedence.hu\\\/#\\\/schema\\\/logo\\\/image\\\/\"},\"sameAs\":[\"https:\\\/\\\/www.facebook.com\\\/dorogimedence\\\/\"]},{\"@type\":\"Person\",\"@id\":\"https:\\\/\\\/dorogimedence.hu\\\/#\\\/schema\\\/person\\\/ce6091eeb7e95ecdc87890d6aa8e0fd4\",\"name\":\"dorogimedence.hu\",\"image\":{\"@type\":\"ImageObject\",\"inLanguage\":\"hu\",\"@id\":\"\\\/\\\/www.gravatar.com\\\/avatar\\\/d8d45f8901aadff40a4af72c0b826f1d?s=96&#038;r=g&#038;d=mm\",\"url\":\"\\\/\\\/www.gravatar.com\\\/avatar\\\/d8d45f8901aadff40a4af72c0b826f1d?s=96&#038;r=g&#038;d=mm\",\"contentUrl\":\"\\\/\\\/www.gravatar.com\\\/avatar\\\/d8d45f8901aadff40a4af72c0b826f1d?s=96&#038;r=g&#038;d=mm\",\"caption\":\"dorogimedence.hu\"}}]}<\/script>\n<!-- \/ Yoast SEO plugin. -->","yoast_head_json":{"title":"P\u00e9t\u00f6r Mester visszat\u00e9rt","robots":{"index":"index","follow":"follow","max-snippet":"max-snippet:-1","max-image-preview":"max-image-preview:large","max-video-preview":"max-video-preview:-1"},"canonical":"https:\/\/dorogimedence.hu\/index.php\/2024\/12\/21\/petor-mester-visszatert\/","og_locale":"hu_HU","og_type":"article","og_title":"P\u00e9t\u00f6r Mester visszat\u00e9rt","og_description":"K\u00f6zel h\u00e1rom \u00e9ve \u00edrtuk, hogy egy k\u00fcl\u00f6nleges, k\u00f6z\u00e9pkori vend\u00e9gl\u00e1t\u00f3helyre utal\u00f3 festm\u00e9ny ker\u00fclt el\u0151, amely egykor a F\u00fcrd\u0151 Sz\u00e1ll\u00f3 fal\u00e1t d\u00edsz\u00edtette. Hern\u00e1di \u00c1d\u00e1m, Esztergom Megyei Jog\u00fa V\u00e1ros polg\u00e1rmestere 2022 janu\u00e1rj\u00e1ban \u00edgy sz\u00e1molt be a j\u00f3 h\u00edrr\u0151l: \u201e\u00c9vtizedekig hom\u00e1ly fedte holl\u00e9t\u00e9t, de P\u00e9t\u00f6r Mester v\u00e9gre hazat\u00e9rt. K\u00f6sz\u00f6nj\u00fck annak az \u2013 \u00f6nmag\u00e1t megnevezni nem akar\u00f3 \u2013 esztergomi polg\u00e1rnak,","og_url":"https:\/\/dorogimedence.hu\/index.php\/2024\/12\/21\/petor-mester-visszatert\/","og_site_name":"Dorogi-medence Region\u00e1lis H\u00edrport\u00e1l","article_publisher":"https:\/\/www.facebook.com\/dorogimedence\/","article_published_time":"2024-12-21T09:08:09+00:00","article_modified_time":"2024-12-21T09:09:39+00:00","og_image":[{"width":1920,"height":970,"url":"https:\/\/dorogimedence.hu\/wp-content\/uploads\/2024\/12\/petor-mester.jpg","type":"image\/jpeg"}],"author":"dorogimedence.hu","twitter_card":"summary_large_image","twitter_misc":{"Szerz\u0151:":"dorogimedence.hu","Becs\u00fclt olvas\u00e1si id\u0151":"2 perc"},"schema":{"@context":"https:\/\/schema.org","@graph":[{"@type":"Article","@id":"https:\/\/dorogimedence.hu\/index.php\/2024\/12\/21\/petor-mester-visszatert\/#article","isPartOf":{"@id":"https:\/\/dorogimedence.hu\/index.php\/2024\/12\/21\/petor-mester-visszatert\/"},"author":{"name":"dorogimedence.hu","@id":"https:\/\/dorogimedence.hu\/#\/schema\/person\/ce6091eeb7e95ecdc87890d6aa8e0fd4"},"headline":"P\u00e9t\u00f6r Mester visszat\u00e9rt","datePublished":"2024-12-21T09:08:09+00:00","dateModified":"2024-12-21T09:09:39+00:00","mainEntityOfPage":{"@id":"https:\/\/dorogimedence.hu\/index.php\/2024\/12\/21\/petor-mester-visszatert\/"},"wordCount":382,"publisher":{"@id":"https:\/\/dorogimedence.hu\/#organization"},"image":{"@id":"https:\/\/dorogimedence.hu\/index.php\/2024\/12\/21\/petor-mester-visszatert\/#primaryimage"},"thumbnailUrl":"https:\/\/dorogimedence.hu\/wp-content\/uploads\/2024\/12\/petor-mester.jpg","keywords":["esztergom","P\u00e9t\u00f6r Mester"],"articleSection":["Esztergom","H\u00edrek"],"inLanguage":"hu"},{"@type":"WebPage","@id":"https:\/\/dorogimedence.hu\/index.php\/2024\/12\/21\/petor-mester-visszatert\/","url":"https:\/\/dorogimedence.hu\/index.php\/2024\/12\/21\/petor-mester-visszatert\/","name":"P\u00e9t\u00f6r Mester visszat\u00e9rt","isPartOf":{"@id":"https:\/\/dorogimedence.hu\/#website"},"primaryImageOfPage":{"@id":"https:\/\/dorogimedence.hu\/index.php\/2024\/12\/21\/petor-mester-visszatert\/#primaryimage"},"image":{"@id":"https:\/\/dorogimedence.hu\/index.php\/2024\/12\/21\/petor-mester-visszatert\/#primaryimage"},"thumbnailUrl":"https:\/\/dorogimedence.hu\/wp-content\/uploads\/2024\/12\/petor-mester.jpg","datePublished":"2024-12-21T09:08:09+00:00","dateModified":"2024-12-21T09:09:39+00:00","breadcrumb":{"@id":"https:\/\/dorogimedence.hu\/index.php\/2024\/12\/21\/petor-mester-visszatert\/#breadcrumb"},"inLanguage":"hu","potentialAction":[{"@type":"ReadAction","target":["https:\/\/dorogimedence.hu\/index.php\/2024\/12\/21\/petor-mester-visszatert\/"]}]},{"@type":"ImageObject","inLanguage":"hu","@id":"https:\/\/dorogimedence.hu\/index.php\/2024\/12\/21\/petor-mester-visszatert\/#primaryimage","url":"https:\/\/dorogimedence.hu\/wp-content\/uploads\/2024\/12\/petor-mester.jpg","contentUrl":"https:\/\/dorogimedence.hu\/wp-content\/uploads\/2024\/12\/petor-mester.jpg","width":1920,"height":970},{"@type":"BreadcrumbList","@id":"https:\/\/dorogimedence.hu\/index.php\/2024\/12\/21\/petor-mester-visszatert\/#breadcrumb","itemListElement":[{"@type":"ListItem","position":1,"name":"Kezd\u0151lap","item":"https:\/\/dorogimedence.hu\/"},{"@type":"ListItem","position":2,"name":"P\u00e9t\u00f6r Mester visszat\u00e9rt"}]},{"@type":"WebSite","@id":"https:\/\/dorogimedence.hu\/#website","url":"https:\/\/dorogimedence.hu\/","name":"Dorogi-medence Region\u00e1lis H\u00edrport\u00e1l","description":"Dorog, Keszt\u00f6lc, Le\u00e1nyv\u00e1r, Piliscs\u00e9v, Tokod, Tokodalt\u00e1r\u00f3, Csolnok, Esztergom-kertv\u00e1ros: h\u00edrek, programok","publisher":{"@id":"https:\/\/dorogimedence.hu\/#organization"},"potentialAction":[{"@type":"SearchAction","target":{"@type":"EntryPoint","urlTemplate":"https:\/\/dorogimedence.hu\/?s={search_term_string}"},"query-input":{"@type":"PropertyValueSpecification","valueRequired":true,"valueName":"search_term_string"}}],"inLanguage":"hu"},{"@type":"Organization","@id":"https:\/\/dorogimedence.hu\/#organization","name":"Dorogi-medence Region\u00e1lis H\u00edrport\u00e1l","url":"https:\/\/dorogimedence.hu\/","logo":{"@type":"ImageObject","inLanguage":"hu","@id":"https:\/\/dorogimedence.hu\/#\/schema\/logo\/image\/","url":"https:\/\/dorogimedence.hu\/wp-content\/uploads\/2021\/04\/logo-feher-600.png","contentUrl":"https:\/\/dorogimedence.hu\/wp-content\/uploads\/2021\/04\/logo-feher-600.png","width":600,"height":100,"caption":"Dorogi-medence Region\u00e1lis H\u00edrport\u00e1l"},"image":{"@id":"https:\/\/dorogimedence.hu\/#\/schema\/logo\/image\/"},"sameAs":["https:\/\/www.facebook.com\/dorogimedence\/"]},{"@type":"Person","@id":"https:\/\/dorogimedence.hu\/#\/schema\/person\/ce6091eeb7e95ecdc87890d6aa8e0fd4","name":"dorogimedence.hu","image":{"@type":"ImageObject","inLanguage":"hu","@id":"\/\/www.gravatar.com\/avatar\/d8d45f8901aadff40a4af72c0b826f1d?s=96&#038;r=g&#038;d=mm","url":"\/\/www.gravatar.com\/avatar\/d8d45f8901aadff40a4af72c0b826f1d?s=96&#038;r=g&#038;d=mm","contentUrl":"\/\/www.gravatar.com\/avatar\/d8d45f8901aadff40a4af72c0b826f1d?s=96&#038;r=g&#038;d=mm","caption":"dorogimedence.hu"}}]}},"_links":{"self":[{"href":"https:\/\/dorogimedence.hu\/index.php\/wp-json\/wp\/v2\/posts\/67701","targetHints":{"allow":["GET"]}}],"collection":[{"href":"https:\/\/dorogimedence.hu\/index.php\/wp-json\/wp\/v2\/posts"}],"about":[{"href":"https:\/\/dorogimedence.hu\/index.php\/wp-json\/wp\/v2\/types\/post"}],"author":[{"embeddable":true,"href":"https:\/\/dorogimedence.hu\/index.php\/wp-json\/wp\/v2\/users\/1"}],"replies":[{"embeddable":true,"href":"https:\/\/dorogimedence.hu\/index.php\/wp-json\/wp\/v2\/comments?post=67701"}],"version-history":[{"count":0,"href":"https:\/\/dorogimedence.hu\/index.php\/wp-json\/wp\/v2\/posts\/67701\/revisions"}],"wp:featuredmedia":[{"embeddable":true,"href":"https:\/\/dorogimedence.hu\/index.php\/wp-json\/wp\/v2\/media\/67706"}],"wp:attachment":[{"href":"https:\/\/dorogimedence.hu\/index.php\/wp-json\/wp\/v2\/media?parent=67701"}],"wp:term":[{"taxonomy":"category","embeddable":true,"href":"https:\/\/dorogimedence.hu\/index.php\/wp-json\/wp\/v2\/categories?post=67701"},{"taxonomy":"post_tag","embeddable":true,"href":"https:\/\/dorogimedence.hu\/index.php\/wp-json\/wp\/v2\/tags?post=67701"}],"curies":[{"name":"wp","href":"https:\/\/api.w.org\/{rel}","templated":true}]}}