{"id":67666,"date":"2024-12-20T09:36:32","date_gmt":"2024-12-20T08:36:32","guid":{"rendered":"https:\/\/dorogimedence.hu\/?p=67666"},"modified":"2024-12-20T09:36:32","modified_gmt":"2024-12-20T08:36:32","slug":"kozlekedesbiztonsagi-kampany-indult-a-gyorsforgalmi-utakon","status":"publish","type":"post","link":"https:\/\/dorogimedence.hu\/index.php\/2024\/12\/20\/kozlekedesbiztonsagi-kampany-indult-a-gyorsforgalmi-utakon\/","title":{"rendered":"K\u00f6zleked\u00e9sbiztons\u00e1gi kamp\u00e1ny indult a gyorsforgalmi utakon"},"content":{"rendered":"<p><strong>L\u00e9tezik egy olyan el\u0151\u00edr\u00e1s, ami m\u00e1r t\u00f6bb mint 10 \u00e9ve a KRESZ r\u00e9sze, m\u00e9gis sok aut\u00f3s nem tartja be: ez az \u00fagynevezett biztons\u00e1gi foly\u00f3s\u00f3 kialak\u00edt\u00e1sa a gyorsforgalmi utakon. Ez\u00e9rt az \u00c9p\u00edt\u00e9si \u00e9s K\u00f6zleked\u00e9si Miniszt\u00e9rium a Magyar K\u00f6z\u00fattal k\u00f6z\u00f6sen kamp\u00e1nyt ind\u00edtott, hogy felh\u00edvja a j\u00e1rm\u0171vezet\u0151k figyelm\u00e9t a biztons\u00e1gi foly\u00f3s\u00f3 kialak\u00edt\u00e1s\u00e1nak fontoss\u00e1g\u00e1ra, hiszen ezzel \u00e9letet menthetnek a k\u00f6zleked\u0151k.<\/strong><\/p>\n<p>Nemcsak a seg\u00edts\u00e9gny\u00fajt\u00f3 hat\u00f3s\u00e1gok, \u00edgy a ment\u0151szolg\u00e1lat, a t\u0171zolt\u00f3k \u00e9s a rend\u0151rs\u00e9g, hanem a gyorsforgalmi utakat kezel\u0151 t\u00e1rsas\u00e1gok diszp\u00e9cserei is azt tapasztalj\u00e1k egy-egy balesetn\u00e9l, hogy a k\u00f6zleked\u0151k nem kezdenek el a forgalom lassul\u00e1sa eset\u00e9n leh\u00faz\u00f3dni \u00e9s kialak\u00edtani egy s\u00e1vot az \u00e9rkez\u0151 seg\u00edts\u00e9gnek. A biztons\u00e1gi foly\u00f3s\u00f3 a KRESZ szerint nem m\u00e1s, minthogy a bels\u0151 s\u00e1vban k\u00f6zleked\u0151k balra, m\u00edg a k\u00fcls\u0151 s\u00e1vban jobbra h\u00faz\u00f3dnak a j\u00e1rm\u0171vek, \u00fagy, hogy a m\u0171szaki- vagy le\u00e1ll\u00f3s\u00e1v is szabadon maradjon. B\u00e1r t\u00f6bb pozit\u00edv p\u00e9lda is el\u0151fordul, de az \u00e1ltal\u00e1nos tapasztalat alapj\u00e1n a legt\u00f6bbsz\u00f6r nehezen verekedik \u00e1t magukat a k\u00e9k \u00e9s s\u00e1rga villog\u00f3val \u00e9rkez\u0151 j\u00e1rm\u0171vek az \u00f6sszez\u00e1rt kocsisorokon. Pedig, ha hamarabb \u00e9s id\u0151ben oda\u00e9r a seg\u00edts\u00e9g, az ak\u00e1r \u00e9letet is menthet.<\/p>\n<p>Sajn\u00e1latos tapasztalat, hogy m\u00edg a megk\u00fcl\u00f6nb\u00f6ztet\u0151 jelz\u00e9st haszn\u00e1l\u00f3 j\u00e1rm\u0171veket valamilyen m\u00f3don elengedik az aut\u00f3sok, addig a k\u00f6z\u00fatkezel\u0151k j\u00e1rm\u0171vei m\u00e1r nem ilyen szerencs\u00e9sek. Ez az\u00e9rt is f\u00e1j\u00f3 probl\u00e9ma, mert a m\u00e9rn\u00f6ks\u00e9gi szakembereknek is fontos szerepe van egy-egy baleseti helysz\u00ednn\u00e9l, seg\u00edtenek a terel\u00e9s ki\u00e9p\u00edt\u00e9s\u00e9ben \u00e9s \u0151k takar\u00edtj\u00e1k el a t\u00f6rmel\u00e9ket, \u00edgy min\u00e9l k\u00e9s\u0151bb \u00e9rnek ki, ann\u00e1l k\u00e9s\u0151bb tudj\u00e1k megind\u00edtani \u00fajra teljes p\u00e1ly\u00e1n a forgalmat.<\/p>\n<p>Az\u00e9rt, hogy a seg\u00edts\u00e9g utat kapjon az \u00c9p\u00edt\u00e9si \u00e9s K\u00f6zleked\u00e9si Miniszt\u00e9rium elrendel\u00e9se alapj\u00e1n a Magyar K\u00f6z\u00fat 200 darab molin\u00f3t k\u00e9sz\u00edtett \u00e9s gy\u00e1rtatott le, hogy a teljes hazai gyorsforgalmi h\u00e1l\u00f3zaton, \u00edgy a koncesszi\u00f3s t\u00e1rsas\u00e1gok \u00e1ltal kezelt utakra is kihelyezhess\u00e9k ezeket a k\u00f6zleked\u00e9sbiztons\u00e1gi kamp\u00e1nyelemeket.<\/p>\n<p>A k\u00f6vetkez\u0151 hetekben az \u00fcnnepek miatt a szok\u00e1sosn\u00e1l is t\u00f6bb aut\u00f3s fog \u00fatnak indulni, a Nyugat-Eur\u00f3p\u00e1b\u00f3l \u00e9rkez\u0151 \u00e9s az orsz\u00e1gon \u00e1tvonul\u00f3 t\u00f6bb sz\u00e1zezer vagy ak\u00e1r milli\u00f3s nagys\u00e1grend\u0171 aut\u00f3s miatt tel\u00edtettebbek lesznek a s\u00e1vok, \u00e9rdemben lassulhat a forgalom \u00e9s egy apr\u00f3 koccan\u00e1s is komolyabb torl\u00f3d\u00e1sokhoz vezethet. Ez\u00e9rt a szakemberek ezzel a kamp\u00e1nnyal is szeretn\u00e9k felh\u00edvni a k\u00f6zleked\u0151k figyelm\u00e9t, hogy ha azt tapasztalj\u00e1k, hogy lassul a forgalom, h\u00faz\u00f3djanak le a s\u00e1vok sz\u00e9l\u00e9re, ezzel is seg\u00edtve, hogy a seg\u00edts\u00e9g mihamarabb oda\u00e9rjen, oda ahol sz\u00fcks\u00e9g van r\u00e1.<\/p>\n<p>A kamp\u00e1nyhoz kapcsol\u00f3d\u00f3an Nagy B\u00e1lint k\u00f6zleked\u00e9s\u00e9rt felel\u0151s \u00e1llamtitk\u00e1r nyilatkozata a k\u00f6vetkez\u0151 linken \u00e9rhet\u0151 el: <span style=\"text-decoration: underline; color: #0000ff;\"><a style=\"color: #0000ff; text-decoration: underline;\" href=\"https:\/\/www.facebook.com\/share\/v\/15e1gkxbpK\/?mibextid=wwXIfr\" target=\"_blank\" rel=\"noopener\">https:\/\/www.facebook.com\/share\/v\/15e1gkxbpK\/?mibextid=wwXIfr<\/a><\/span><\/p>\n<p><em>Forr\u00e1s: Magyar K\u00f6z\u00fat Nonprofit Zrt. Kommunik\u00e1ci\u00f3s oszt\u00e1ly<br \/>\nBor\u00edt\u00f3k\u00e9p: illusztr\u00e1ci\u00f3<br \/>\n<\/em><\/p>\n","protected":false},"excerpt":{"rendered":"<p>L\u00e9tezik egy olyan el\u0151\u00edr\u00e1s, ami m\u00e1r t\u00f6bb mint 10 \u00e9ve a KRESZ r\u00e9sze, m\u00e9gis sok aut\u00f3s nem tartja be: ez az \u00fagynevezett biztons\u00e1gi foly\u00f3s\u00f3 kialak\u00edt\u00e1sa a gyorsforgalmi utakon. Ez\u00e9rt az \u00c9p\u00edt\u00e9si \u00e9s K\u00f6zleked\u00e9si Miniszt\u00e9rium a Magyar K\u00f6z\u00fattal k\u00f6z\u00f6sen kamp\u00e1nyt ind\u00edtott, hogy felh\u00edvja a j\u00e1rm\u0171vezet\u0151k figyelm\u00e9t a biztons\u00e1gi foly\u00f3s\u00f3 kialak\u00edt\u00e1s\u00e1nak fontoss\u00e1g\u00e1ra, hiszen ezzel \u00e9letet menthetnek a<\/p>\n","protected":false},"author":1,"featured_media":67667,"comment_status":"closed","ping_status":"closed","sticky":false,"template":"","format":"standard","meta":{"ngg_post_thumbnail":0,"footnotes":""},"categories":[6934,3],"tags":[1838],"class_list":{"0":"post-67666","1":"post","2":"type-post","3":"status-publish","4":"format-standard","5":"has-post-thumbnail","7":"category-belfold","8":"category-hirek","9":"tag-magyar-kozut"},"yoast_head":"<!-- This site is optimized with the Yoast SEO plugin v27.4 - https:\/\/yoast.com\/product\/yoast-seo-wordpress\/ -->\n<title>K\u00f6zleked\u00e9sbiztons\u00e1gi kamp\u00e1ny indult a gyorsforgalmi utakon<\/title>\n<meta name=\"robots\" content=\"index, follow, max-snippet:-1, max-image-preview:large, max-video-preview:-1\" \/>\n<link rel=\"canonical\" href=\"https:\/\/dorogimedence.hu\/index.php\/2024\/12\/20\/kozlekedesbiztonsagi-kampany-indult-a-gyorsforgalmi-utakon\/\" class=\"yoast-seo-meta-tag\" \/>\n<meta property=\"og:locale\" content=\"hu_HU\" class=\"yoast-seo-meta-tag\" \/>\n<meta property=\"og:type\" content=\"article\" class=\"yoast-seo-meta-tag\" \/>\n<meta property=\"og:title\" content=\"K\u00f6zleked\u00e9sbiztons\u00e1gi kamp\u00e1ny indult a gyorsforgalmi utakon\" class=\"yoast-seo-meta-tag\" \/>\n<meta property=\"og:description\" content=\"L\u00e9tezik egy olyan el\u0151\u00edr\u00e1s, ami m\u00e1r t\u00f6bb mint 10 \u00e9ve a KRESZ r\u00e9sze, m\u00e9gis sok aut\u00f3s nem tartja be: ez az \u00fagynevezett biztons\u00e1gi foly\u00f3s\u00f3 kialak\u00edt\u00e1sa a gyorsforgalmi utakon. Ez\u00e9rt az \u00c9p\u00edt\u00e9si \u00e9s K\u00f6zleked\u00e9si Miniszt\u00e9rium a Magyar K\u00f6z\u00fattal k\u00f6z\u00f6sen kamp\u00e1nyt ind\u00edtott, hogy felh\u00edvja a j\u00e1rm\u0171vezet\u0151k figyelm\u00e9t a biztons\u00e1gi foly\u00f3s\u00f3 kialak\u00edt\u00e1s\u00e1nak fontoss\u00e1g\u00e1ra, hiszen ezzel \u00e9letet menthetnek a\" class=\"yoast-seo-meta-tag\" \/>\n<meta property=\"og:url\" content=\"https:\/\/dorogimedence.hu\/index.php\/2024\/12\/20\/kozlekedesbiztonsagi-kampany-indult-a-gyorsforgalmi-utakon\/\" class=\"yoast-seo-meta-tag\" \/>\n<meta property=\"og:site_name\" content=\"Dorogi-medence Region\u00e1lis H\u00edrport\u00e1l\" class=\"yoast-seo-meta-tag\" \/>\n<meta property=\"article:publisher\" content=\"https:\/\/www.facebook.com\/dorogimedence\/\" class=\"yoast-seo-meta-tag\" \/>\n<meta property=\"article:published_time\" content=\"2024-12-20T08:36:32+00:00\" class=\"yoast-seo-meta-tag\" \/>\n<meta property=\"og:image\" content=\"https:\/\/dorogimedence.hu\/wp-content\/uploads\/2024\/12\/pexels-grizzlybear-399636.jpg\" class=\"yoast-seo-meta-tag\" \/>\n\t<meta property=\"og:image:width\" content=\"1920\" class=\"yoast-seo-meta-tag\" \/>\n\t<meta property=\"og:image:height\" content=\"1277\" class=\"yoast-seo-meta-tag\" \/>\n\t<meta property=\"og:image:type\" content=\"image\/jpeg\" class=\"yoast-seo-meta-tag\" \/>\n<meta name=\"author\" content=\"dorogimedence.hu\" class=\"yoast-seo-meta-tag\" \/>\n<meta name=\"twitter:card\" content=\"summary_large_image\" class=\"yoast-seo-meta-tag\" \/>\n<meta name=\"twitter:label1\" content=\"Szerz\u0151:\" class=\"yoast-seo-meta-tag\" \/>\n\t<meta name=\"twitter:data1\" content=\"dorogimedence.hu\" class=\"yoast-seo-meta-tag\" \/>\n\t<meta name=\"twitter:label2\" content=\"Becs\u00fclt olvas\u00e1si id\u0151\" class=\"yoast-seo-meta-tag\" \/>\n\t<meta name=\"twitter:data2\" content=\"3 perc\" class=\"yoast-seo-meta-tag\" \/>\n<script type=\"application\/ld+json\" class=\"yoast-schema-graph\">{\"@context\":\"https:\\\/\\\/schema.org\",\"@graph\":[{\"@type\":\"Article\",\"@id\":\"https:\\\/\\\/dorogimedence.hu\\\/index.php\\\/2024\\\/12\\\/20\\\/kozlekedesbiztonsagi-kampany-indult-a-gyorsforgalmi-utakon\\\/#article\",\"isPartOf\":{\"@id\":\"https:\\\/\\\/dorogimedence.hu\\\/index.php\\\/2024\\\/12\\\/20\\\/kozlekedesbiztonsagi-kampany-indult-a-gyorsforgalmi-utakon\\\/\"},\"author\":{\"name\":\"dorogimedence.hu\",\"@id\":\"https:\\\/\\\/dorogimedence.hu\\\/#\\\/schema\\\/person\\\/ce6091eeb7e95ecdc87890d6aa8e0fd4\"},\"headline\":\"K\u00f6zleked\u00e9sbiztons\u00e1gi kamp\u00e1ny indult a gyorsforgalmi utakon\",\"datePublished\":\"2024-12-20T08:36:32+00:00\",\"mainEntityOfPage\":{\"@id\":\"https:\\\/\\\/dorogimedence.hu\\\/index.php\\\/2024\\\/12\\\/20\\\/kozlekedesbiztonsagi-kampany-indult-a-gyorsforgalmi-utakon\\\/\"},\"wordCount\":629,\"publisher\":{\"@id\":\"https:\\\/\\\/dorogimedence.hu\\\/#organization\"},\"image\":{\"@id\":\"https:\\\/\\\/dorogimedence.hu\\\/index.php\\\/2024\\\/12\\\/20\\\/kozlekedesbiztonsagi-kampany-indult-a-gyorsforgalmi-utakon\\\/#primaryimage\"},\"thumbnailUrl\":\"https:\\\/\\\/dorogimedence.hu\\\/wp-content\\\/uploads\\\/2024\\\/12\\\/pexels-grizzlybear-399636.jpg\",\"keywords\":[\"Magyar K\u00f6z\u00fat\"],\"articleSection\":[\"Belf\u00f6ld, Gazdas\u00e1g\",\"H\u00edrek\"],\"inLanguage\":\"hu\"},{\"@type\":\"WebPage\",\"@id\":\"https:\\\/\\\/dorogimedence.hu\\\/index.php\\\/2024\\\/12\\\/20\\\/kozlekedesbiztonsagi-kampany-indult-a-gyorsforgalmi-utakon\\\/\",\"url\":\"https:\\\/\\\/dorogimedence.hu\\\/index.php\\\/2024\\\/12\\\/20\\\/kozlekedesbiztonsagi-kampany-indult-a-gyorsforgalmi-utakon\\\/\",\"name\":\"K\u00f6zleked\u00e9sbiztons\u00e1gi kamp\u00e1ny indult a gyorsforgalmi utakon\",\"isPartOf\":{\"@id\":\"https:\\\/\\\/dorogimedence.hu\\\/#website\"},\"primaryImageOfPage\":{\"@id\":\"https:\\\/\\\/dorogimedence.hu\\\/index.php\\\/2024\\\/12\\\/20\\\/kozlekedesbiztonsagi-kampany-indult-a-gyorsforgalmi-utakon\\\/#primaryimage\"},\"image\":{\"@id\":\"https:\\\/\\\/dorogimedence.hu\\\/index.php\\\/2024\\\/12\\\/20\\\/kozlekedesbiztonsagi-kampany-indult-a-gyorsforgalmi-utakon\\\/#primaryimage\"},\"thumbnailUrl\":\"https:\\\/\\\/dorogimedence.hu\\\/wp-content\\\/uploads\\\/2024\\\/12\\\/pexels-grizzlybear-399636.jpg\",\"datePublished\":\"2024-12-20T08:36:32+00:00\",\"breadcrumb\":{\"@id\":\"https:\\\/\\\/dorogimedence.hu\\\/index.php\\\/2024\\\/12\\\/20\\\/kozlekedesbiztonsagi-kampany-indult-a-gyorsforgalmi-utakon\\\/#breadcrumb\"},\"inLanguage\":\"hu\",\"potentialAction\":[{\"@type\":\"ReadAction\",\"target\":[\"https:\\\/\\\/dorogimedence.hu\\\/index.php\\\/2024\\\/12\\\/20\\\/kozlekedesbiztonsagi-kampany-indult-a-gyorsforgalmi-utakon\\\/\"]}]},{\"@type\":\"ImageObject\",\"inLanguage\":\"hu\",\"@id\":\"https:\\\/\\\/dorogimedence.hu\\\/index.php\\\/2024\\\/12\\\/20\\\/kozlekedesbiztonsagi-kampany-indult-a-gyorsforgalmi-utakon\\\/#primaryimage\",\"url\":\"https:\\\/\\\/dorogimedence.hu\\\/wp-content\\\/uploads\\\/2024\\\/12\\\/pexels-grizzlybear-399636.jpg\",\"contentUrl\":\"https:\\\/\\\/dorogimedence.hu\\\/wp-content\\\/uploads\\\/2024\\\/12\\\/pexels-grizzlybear-399636.jpg\",\"width\":1920,\"height\":1277},{\"@type\":\"BreadcrumbList\",\"@id\":\"https:\\\/\\\/dorogimedence.hu\\\/index.php\\\/2024\\\/12\\\/20\\\/kozlekedesbiztonsagi-kampany-indult-a-gyorsforgalmi-utakon\\\/#breadcrumb\",\"itemListElement\":[{\"@type\":\"ListItem\",\"position\":1,\"name\":\"Kezd\u0151lap\",\"item\":\"https:\\\/\\\/dorogimedence.hu\\\/\"},{\"@type\":\"ListItem\",\"position\":2,\"name\":\"K\u00f6zleked\u00e9sbiztons\u00e1gi kamp\u00e1ny indult a gyorsforgalmi utakon\"}]},{\"@type\":\"WebSite\",\"@id\":\"https:\\\/\\\/dorogimedence.hu\\\/#website\",\"url\":\"https:\\\/\\\/dorogimedence.hu\\\/\",\"name\":\"Dorogi-medence Region\u00e1lis H\u00edrport\u00e1l\",\"description\":\"Dorog, Keszt\u00f6lc, Le\u00e1nyv\u00e1r, Piliscs\u00e9v, Tokod, Tokodalt\u00e1r\u00f3, Csolnok, Esztergom-kertv\u00e1ros: h\u00edrek, programok\",\"publisher\":{\"@id\":\"https:\\\/\\\/dorogimedence.hu\\\/#organization\"},\"potentialAction\":[{\"@type\":\"SearchAction\",\"target\":{\"@type\":\"EntryPoint\",\"urlTemplate\":\"https:\\\/\\\/dorogimedence.hu\\\/?s={search_term_string}\"},\"query-input\":{\"@type\":\"PropertyValueSpecification\",\"valueRequired\":true,\"valueName\":\"search_term_string\"}}],\"inLanguage\":\"hu\"},{\"@type\":\"Organization\",\"@id\":\"https:\\\/\\\/dorogimedence.hu\\\/#organization\",\"name\":\"Dorogi-medence Region\u00e1lis H\u00edrport\u00e1l\",\"url\":\"https:\\\/\\\/dorogimedence.hu\\\/\",\"logo\":{\"@type\":\"ImageObject\",\"inLanguage\":\"hu\",\"@id\":\"https:\\\/\\\/dorogimedence.hu\\\/#\\\/schema\\\/logo\\\/image\\\/\",\"url\":\"https:\\\/\\\/dorogimedence.hu\\\/wp-content\\\/uploads\\\/2021\\\/04\\\/logo-feher-600.png\",\"contentUrl\":\"https:\\\/\\\/dorogimedence.hu\\\/wp-content\\\/uploads\\\/2021\\\/04\\\/logo-feher-600.png\",\"width\":600,\"height\":100,\"caption\":\"Dorogi-medence Region\u00e1lis H\u00edrport\u00e1l\"},\"image\":{\"@id\":\"https:\\\/\\\/dorogimedence.hu\\\/#\\\/schema\\\/logo\\\/image\\\/\"},\"sameAs\":[\"https:\\\/\\\/www.facebook.com\\\/dorogimedence\\\/\"]},{\"@type\":\"Person\",\"@id\":\"https:\\\/\\\/dorogimedence.hu\\\/#\\\/schema\\\/person\\\/ce6091eeb7e95ecdc87890d6aa8e0fd4\",\"name\":\"dorogimedence.hu\",\"image\":{\"@type\":\"ImageObject\",\"inLanguage\":\"hu\",\"@id\":\"\\\/\\\/www.gravatar.com\\\/avatar\\\/d8d45f8901aadff40a4af72c0b826f1d?s=96&#038;r=g&#038;d=mm\",\"url\":\"\\\/\\\/www.gravatar.com\\\/avatar\\\/d8d45f8901aadff40a4af72c0b826f1d?s=96&#038;r=g&#038;d=mm\",\"contentUrl\":\"\\\/\\\/www.gravatar.com\\\/avatar\\\/d8d45f8901aadff40a4af72c0b826f1d?s=96&#038;r=g&#038;d=mm\",\"caption\":\"dorogimedence.hu\"}}]}<\/script>\n<!-- \/ Yoast SEO plugin. -->","yoast_head_json":{"title":"K\u00f6zleked\u00e9sbiztons\u00e1gi kamp\u00e1ny indult a gyorsforgalmi utakon","robots":{"index":"index","follow":"follow","max-snippet":"max-snippet:-1","max-image-preview":"max-image-preview:large","max-video-preview":"max-video-preview:-1"},"canonical":"https:\/\/dorogimedence.hu\/index.php\/2024\/12\/20\/kozlekedesbiztonsagi-kampany-indult-a-gyorsforgalmi-utakon\/","og_locale":"hu_HU","og_type":"article","og_title":"K\u00f6zleked\u00e9sbiztons\u00e1gi kamp\u00e1ny indult a gyorsforgalmi utakon","og_description":"L\u00e9tezik egy olyan el\u0151\u00edr\u00e1s, ami m\u00e1r t\u00f6bb mint 10 \u00e9ve a KRESZ r\u00e9sze, m\u00e9gis sok aut\u00f3s nem tartja be: ez az \u00fagynevezett biztons\u00e1gi foly\u00f3s\u00f3 kialak\u00edt\u00e1sa a gyorsforgalmi utakon. Ez\u00e9rt az \u00c9p\u00edt\u00e9si \u00e9s K\u00f6zleked\u00e9si Miniszt\u00e9rium a Magyar K\u00f6z\u00fattal k\u00f6z\u00f6sen kamp\u00e1nyt ind\u00edtott, hogy felh\u00edvja a j\u00e1rm\u0171vezet\u0151k figyelm\u00e9t a biztons\u00e1gi foly\u00f3s\u00f3 kialak\u00edt\u00e1s\u00e1nak fontoss\u00e1g\u00e1ra, hiszen ezzel \u00e9letet menthetnek a","og_url":"https:\/\/dorogimedence.hu\/index.php\/2024\/12\/20\/kozlekedesbiztonsagi-kampany-indult-a-gyorsforgalmi-utakon\/","og_site_name":"Dorogi-medence Region\u00e1lis H\u00edrport\u00e1l","article_publisher":"https:\/\/www.facebook.com\/dorogimedence\/","article_published_time":"2024-12-20T08:36:32+00:00","og_image":[{"width":1920,"height":1277,"url":"https:\/\/dorogimedence.hu\/wp-content\/uploads\/2024\/12\/pexels-grizzlybear-399636.jpg","type":"image\/jpeg"}],"author":"dorogimedence.hu","twitter_card":"summary_large_image","twitter_misc":{"Szerz\u0151:":"dorogimedence.hu","Becs\u00fclt olvas\u00e1si id\u0151":"3 perc"},"schema":{"@context":"https:\/\/schema.org","@graph":[{"@type":"Article","@id":"https:\/\/dorogimedence.hu\/index.php\/2024\/12\/20\/kozlekedesbiztonsagi-kampany-indult-a-gyorsforgalmi-utakon\/#article","isPartOf":{"@id":"https:\/\/dorogimedence.hu\/index.php\/2024\/12\/20\/kozlekedesbiztonsagi-kampany-indult-a-gyorsforgalmi-utakon\/"},"author":{"name":"dorogimedence.hu","@id":"https:\/\/dorogimedence.hu\/#\/schema\/person\/ce6091eeb7e95ecdc87890d6aa8e0fd4"},"headline":"K\u00f6zleked\u00e9sbiztons\u00e1gi kamp\u00e1ny indult a gyorsforgalmi utakon","datePublished":"2024-12-20T08:36:32+00:00","mainEntityOfPage":{"@id":"https:\/\/dorogimedence.hu\/index.php\/2024\/12\/20\/kozlekedesbiztonsagi-kampany-indult-a-gyorsforgalmi-utakon\/"},"wordCount":629,"publisher":{"@id":"https:\/\/dorogimedence.hu\/#organization"},"image":{"@id":"https:\/\/dorogimedence.hu\/index.php\/2024\/12\/20\/kozlekedesbiztonsagi-kampany-indult-a-gyorsforgalmi-utakon\/#primaryimage"},"thumbnailUrl":"https:\/\/dorogimedence.hu\/wp-content\/uploads\/2024\/12\/pexels-grizzlybear-399636.jpg","keywords":["Magyar K\u00f6z\u00fat"],"articleSection":["Belf\u00f6ld, Gazdas\u00e1g","H\u00edrek"],"inLanguage":"hu"},{"@type":"WebPage","@id":"https:\/\/dorogimedence.hu\/index.php\/2024\/12\/20\/kozlekedesbiztonsagi-kampany-indult-a-gyorsforgalmi-utakon\/","url":"https:\/\/dorogimedence.hu\/index.php\/2024\/12\/20\/kozlekedesbiztonsagi-kampany-indult-a-gyorsforgalmi-utakon\/","name":"K\u00f6zleked\u00e9sbiztons\u00e1gi kamp\u00e1ny indult a gyorsforgalmi utakon","isPartOf":{"@id":"https:\/\/dorogimedence.hu\/#website"},"primaryImageOfPage":{"@id":"https:\/\/dorogimedence.hu\/index.php\/2024\/12\/20\/kozlekedesbiztonsagi-kampany-indult-a-gyorsforgalmi-utakon\/#primaryimage"},"image":{"@id":"https:\/\/dorogimedence.hu\/index.php\/2024\/12\/20\/kozlekedesbiztonsagi-kampany-indult-a-gyorsforgalmi-utakon\/#primaryimage"},"thumbnailUrl":"https:\/\/dorogimedence.hu\/wp-content\/uploads\/2024\/12\/pexels-grizzlybear-399636.jpg","datePublished":"2024-12-20T08:36:32+00:00","breadcrumb":{"@id":"https:\/\/dorogimedence.hu\/index.php\/2024\/12\/20\/kozlekedesbiztonsagi-kampany-indult-a-gyorsforgalmi-utakon\/#breadcrumb"},"inLanguage":"hu","potentialAction":[{"@type":"ReadAction","target":["https:\/\/dorogimedence.hu\/index.php\/2024\/12\/20\/kozlekedesbiztonsagi-kampany-indult-a-gyorsforgalmi-utakon\/"]}]},{"@type":"ImageObject","inLanguage":"hu","@id":"https:\/\/dorogimedence.hu\/index.php\/2024\/12\/20\/kozlekedesbiztonsagi-kampany-indult-a-gyorsforgalmi-utakon\/#primaryimage","url":"https:\/\/dorogimedence.hu\/wp-content\/uploads\/2024\/12\/pexels-grizzlybear-399636.jpg","contentUrl":"https:\/\/dorogimedence.hu\/wp-content\/uploads\/2024\/12\/pexels-grizzlybear-399636.jpg","width":1920,"height":1277},{"@type":"BreadcrumbList","@id":"https:\/\/dorogimedence.hu\/index.php\/2024\/12\/20\/kozlekedesbiztonsagi-kampany-indult-a-gyorsforgalmi-utakon\/#breadcrumb","itemListElement":[{"@type":"ListItem","position":1,"name":"Kezd\u0151lap","item":"https:\/\/dorogimedence.hu\/"},{"@type":"ListItem","position":2,"name":"K\u00f6zleked\u00e9sbiztons\u00e1gi kamp\u00e1ny indult a gyorsforgalmi utakon"}]},{"@type":"WebSite","@id":"https:\/\/dorogimedence.hu\/#website","url":"https:\/\/dorogimedence.hu\/","name":"Dorogi-medence Region\u00e1lis H\u00edrport\u00e1l","description":"Dorog, Keszt\u00f6lc, Le\u00e1nyv\u00e1r, Piliscs\u00e9v, Tokod, Tokodalt\u00e1r\u00f3, Csolnok, Esztergom-kertv\u00e1ros: h\u00edrek, programok","publisher":{"@id":"https:\/\/dorogimedence.hu\/#organization"},"potentialAction":[{"@type":"SearchAction","target":{"@type":"EntryPoint","urlTemplate":"https:\/\/dorogimedence.hu\/?s={search_term_string}"},"query-input":{"@type":"PropertyValueSpecification","valueRequired":true,"valueName":"search_term_string"}}],"inLanguage":"hu"},{"@type":"Organization","@id":"https:\/\/dorogimedence.hu\/#organization","name":"Dorogi-medence Region\u00e1lis H\u00edrport\u00e1l","url":"https:\/\/dorogimedence.hu\/","logo":{"@type":"ImageObject","inLanguage":"hu","@id":"https:\/\/dorogimedence.hu\/#\/schema\/logo\/image\/","url":"https:\/\/dorogimedence.hu\/wp-content\/uploads\/2021\/04\/logo-feher-600.png","contentUrl":"https:\/\/dorogimedence.hu\/wp-content\/uploads\/2021\/04\/logo-feher-600.png","width":600,"height":100,"caption":"Dorogi-medence Region\u00e1lis H\u00edrport\u00e1l"},"image":{"@id":"https:\/\/dorogimedence.hu\/#\/schema\/logo\/image\/"},"sameAs":["https:\/\/www.facebook.com\/dorogimedence\/"]},{"@type":"Person","@id":"https:\/\/dorogimedence.hu\/#\/schema\/person\/ce6091eeb7e95ecdc87890d6aa8e0fd4","name":"dorogimedence.hu","image":{"@type":"ImageObject","inLanguage":"hu","@id":"\/\/www.gravatar.com\/avatar\/d8d45f8901aadff40a4af72c0b826f1d?s=96&#038;r=g&#038;d=mm","url":"\/\/www.gravatar.com\/avatar\/d8d45f8901aadff40a4af72c0b826f1d?s=96&#038;r=g&#038;d=mm","contentUrl":"\/\/www.gravatar.com\/avatar\/d8d45f8901aadff40a4af72c0b826f1d?s=96&#038;r=g&#038;d=mm","caption":"dorogimedence.hu"}}]}},"_links":{"self":[{"href":"https:\/\/dorogimedence.hu\/index.php\/wp-json\/wp\/v2\/posts\/67666","targetHints":{"allow":["GET"]}}],"collection":[{"href":"https:\/\/dorogimedence.hu\/index.php\/wp-json\/wp\/v2\/posts"}],"about":[{"href":"https:\/\/dorogimedence.hu\/index.php\/wp-json\/wp\/v2\/types\/post"}],"author":[{"embeddable":true,"href":"https:\/\/dorogimedence.hu\/index.php\/wp-json\/wp\/v2\/users\/1"}],"replies":[{"embeddable":true,"href":"https:\/\/dorogimedence.hu\/index.php\/wp-json\/wp\/v2\/comments?post=67666"}],"version-history":[{"count":0,"href":"https:\/\/dorogimedence.hu\/index.php\/wp-json\/wp\/v2\/posts\/67666\/revisions"}],"wp:featuredmedia":[{"embeddable":true,"href":"https:\/\/dorogimedence.hu\/index.php\/wp-json\/wp\/v2\/media\/67667"}],"wp:attachment":[{"href":"https:\/\/dorogimedence.hu\/index.php\/wp-json\/wp\/v2\/media?parent=67666"}],"wp:term":[{"taxonomy":"category","embeddable":true,"href":"https:\/\/dorogimedence.hu\/index.php\/wp-json\/wp\/v2\/categories?post=67666"},{"taxonomy":"post_tag","embeddable":true,"href":"https:\/\/dorogimedence.hu\/index.php\/wp-json\/wp\/v2\/tags?post=67666"}],"curies":[{"name":"wp","href":"https:\/\/api.w.org\/{rel}","templated":true}]}}