{"id":67649,"date":"2024-12-19T06:27:43","date_gmt":"2024-12-19T05:27:43","guid":{"rendered":"https:\/\/dorogimedence.hu\/?p=67649"},"modified":"2024-12-19T06:27:43","modified_gmt":"2024-12-19T05:27:43","slug":"roma-az-orok-varos-egy-idoutazas-2025-ben","status":"publish","type":"post","link":"https:\/\/dorogimedence.hu\/index.php\/2024\/12\/19\/roma-az-orok-varos-egy-idoutazas-2025-ben\/","title":{"rendered":"R\u00f3ma, az \u00f6r\u00f6k v\u00e1ros: Egy id\u0151utaz\u00e1s 2025-ben"},"content":{"rendered":"<p><strong>R\u00f3ma, az \u00f6r\u00f6k v\u00e1ros, tele van t\u00f6rt\u00e9nelmi eml\u00e9kekkel \u00e9s kultur\u00e1lis kincsekkel, amelyek az \u00f3kori birodalom dics\u0151s\u00e9g\u00e9t id\u00e9zik. A v\u00e1ros leny\u0171g\u00f6z\u0151 \u00e9p\u00edt\u00e9szete \u00e9s vibr\u00e1l\u00f3 \u00e9letst\u00edlusa minden l\u00e1togat\u00f3t mag\u00e1val ragad.<\/strong><\/p>\n<p><span style=\"font-weight: 400;\">R\u00f3m\u00e1ba, a t\u00f6rt\u00e9nelem \u00e9s a kult\u00fara \u00f6r\u00f6k v\u00e1ros\u00e1ba l\u00e1togatni mindig k\u00fcl\u00f6nleges \u00e9lm\u00e9ny. Azonban 2025-ben, amikor az utaz\u00e1s \u00faj dimenzi\u00f3kat nyit, a r\u00f3mai kaland m\u00e9g izgalmasabb\u00e1 v\u00e1lhat.<\/span><\/p>\n<h2><b>A t\u00f6rt\u00e9nelem \u00e9s a modernit\u00e1s tal\u00e1lkoz\u00e1sa<\/b><\/h2>\n<p><span style=\"font-weight: 400;\">R\u00f3ma olyan v\u00e1ros, ahol a m\u00falt \u00e9s a jelen szinte minden sarkon \u00f6sszefon\u00f3dik. A Colosseum \u00e1rny\u00e9k\u00e1ban s\u00e9t\u00e1lva \u00e9rezhetj\u00fck a gladi\u00e1torok harcainak hangulat\u00e1t, majd p\u00e1r l\u00e9p\u00e9ssel arr\u00e9bb egy modern k\u00e1v\u00e9z\u00f3 terasz\u00e1n \u00e9lvezhetj\u00fck az olasz k\u00e1v\u00e9 \u00edz\u00e9t. A v\u00e1rosk\u00f6zpontban tal\u00e1lhat\u00f3 t\u00f6rt\u00e9nelmi \u00e9p\u00fcletek, mint p\u00e9ld\u00e1ul a Pantheon vagy a Trevi-k\u00fat, id\u0151tlen sz\u00e9ps\u00e9g\u00fckkel var\u00e1zsolnak el minden l\u00e1togat\u00f3t.<\/span><\/p>\n<h2><b>\u00daj utak, \u00faj \u00e9lm\u00e9nyek<\/b><\/h2>\n<p><span style=\"font-weight: 400;\"><span style=\"text-decoration: underline; color: #0000ff;\"><a style=\"color: #0000ff; text-decoration: underline;\" title=\"R\u00f3mai utaz\u00e1s 2025\" href=\"https:\/\/varavilag.hu\/magazin\/romai-utazas-2025-ben:-felejthetetlen-elmenyek-italiaban-a-vallas-eveben\/10559\" target=\"_blank\" rel=\"dofollow noopener\"><strong>2025-ben R\u00f3ma<\/strong><\/a><\/span> sz\u00e1mos \u00faj lehet\u0151s\u00e9get k\u00edn\u00e1l az utaz\u00f3knak. A v\u00e1ros folyamatosan fejl\u0151dik, \u00faj m\u00fazeumok, gal\u00e9ri\u00e1k \u00e9s kultur\u00e1lis k\u00f6zpontok ny\u00edlnak. Az ut\u00f3bbi \u00e9vekben egyre nagyobb hangs\u00falyt fektetnek a fenntarthat\u00f3 turizmusra, \u00edgy sz\u00e1mos \u00faj ker\u00e9kp\u00e1r\u00fat \u00e9s gyalogos z\u00f3na teszi lehet\u0151v\u00e9, hogy k\u00e9nyelmesen \u00e9s k\u00f6rnyezetbar\u00e1t m\u00f3don fedezhess\u00fck fel a v\u00e1rost.<\/span><\/p>\n<h2><b>\u00cdzek \u00e9s illatok<\/b><\/h2>\n<p><span style=\"font-weight: 400;\">R\u00f3ma nemcsak t\u00f6rt\u00e9nelmi \u00e9s kultur\u00e1lis kincseir\u0151l h\u00edres, hanem kiv\u00e1l\u00f3 konyh\u00e1j\u00e1r\u00f3l is. A v\u00e1rosban sz\u00e1mos hagyom\u00e1nyos olasz \u00e9tterem tal\u00e1lhat\u00f3, ahol megk\u00f3stolhatjuk a h\u00edres spagetti carbonar\u00e1t, a laza\u00f1\u00e1t vagy a tiramisut. Az utcai \u00e1rusokn\u00e1l pedig friss p\u00e9k\u00e1ru, olasz sajtok \u00e9s sonk\u00e1k v\u00e1rj\u00e1k a k\u00f3stolni v\u00e1gy\u00f3kat.<\/span><\/p>\n<h2><b>Rejtett kincsek<\/b><\/h2>\n<p><span style=\"font-weight: 400;\">R\u00f3ma tele van olyan helyekkel, amelyeket a t\u00f6megturisztika m\u00e9g nem fedezett fel. A v\u00e1rosk\u00f6zpontt\u00f3l t\u00e1volabb es\u0151 ker\u00fcletekben, mint p\u00e9ld\u00e1ul Trastevere vagy Testaccio, hangulatos kis utc\u00e1k, b\u00e1rok \u00e9s \u00e9ttermek v\u00e1rj\u00e1k a kalandv\u00e1gy\u00f3 utaz\u00f3kat. Ezekben a negyedekben megismerhetj\u00fck az igazi r\u00f3mai \u00e9letet, \u00e9s olyan helyekre bukkanhatunk, ahol a turist\u00e1k ritk\u00e1n j\u00e1rnak.<\/span><\/p>\n<h2><b>R\u00f3ma, mint m\u0171v\u00e9szeti k\u00f6zpont<\/b><\/h2>\n<p><span style=\"font-weight: 400;\">R\u00f3ma nemcsak a t\u00f6rt\u00e9nelem, hanem a m\u0171v\u00e9szet v\u00e1rosa is. Sz\u00e1mos vil\u00e1gh\u00edr\u0171 m\u00fazeum, p\u00e9ld\u00e1ul a Vatik\u00e1ni M\u00fazeumok vagy a Borghese Gal\u00e9ria \u0151rzi a renesz\u00e1nsz \u00e9s a barokk kor m\u0171v\u00e9szeti kincseit. A v\u00e1ros utc\u00e1in s\u00e9t\u00e1lva pedig sz\u00e1mos m\u0171v\u00e9szeti alkot\u00e1ssal tal\u00e1lkozhatunk, amelyek m\u00e9g sz\u00ednesebb\u00e9 teszik a r\u00f3mai utcak\u00e9pet.<\/span><\/p>\n<p><img fetchpriority=\"high\" decoding=\"async\" class=\"alignnone size-full wp-image-67650\" src=\"https:\/\/dorogimedence.hu\/wp-content\/uploads\/2024\/12\/cikk_0_romai_utazas_2025-pantheon.jpg\" alt=\"\" width=\"600\" height=\"400\"><\/p>\n<h2><b>Egy utaz\u00e1s, ami megv\u00e1ltoztatja az \u00e9letet<\/b><\/h2>\n<p><span style=\"font-weight: 400;\">R\u00f3ma egy olyan v\u00e1ros, amely k\u00e9pes elvar\u00e1zsolni mindenkit. Az itt t\u00f6lt\u00f6tt id\u0151 felejthetetlen \u00e9lm\u00e9nyeket tartogat, \u00e9s olyan eml\u00e9keket szerezhet\u00fcnk, amelyek eg\u00e9sz \u00e9let\u00fcnkben elk\u00eds\u00e9rnek minket. 2025-ben m\u00e9g t\u00f6bb lehet\u0151s\u00e9g ny\u00edlik arra, hogy felfedezz\u00fck ezt a csod\u00e1latos v\u00e1rost, \u00e9s megtapasztaljuk az olasz \u00e9letst\u00edlus minden sz\u00e9ps\u00e9g\u00e9t.<\/span><\/p>\n<p><span style=\"font-weight: 400;\">A r\u00f3maiak vend\u00e9gszeretete vil\u00e1gszerte h\u00edres. Az itt \u00e9l\u0151 emberek mindig sz\u00edvesen seg\u00edtenek az utaz\u00f3knak, \u00e9s sz\u00edvesen megosztj\u00e1k vel\u00fck a helyi szok\u00e1sokat \u00e9s hagyom\u00e1nyokat. Egy r\u00f3maival val\u00f3 besz\u00e9lget\u00e9s sor\u00e1n sokat megtudhatunk az olasz kult\u00far\u00e1r\u00f3l \u00e9s t\u00f6rt\u00e9nelemr\u0151l.<\/span><\/p>\n<p><span style=\"font-weight: 400;\">Teh\u00e1t R\u00f3ma 2025-ben is olyan hely, ahol a t\u00f6rt\u00e9nelem \u00e9s a modernit\u00e1s \u00f6tv\u00f6z\u0151dik, \u00edgy a hagyom\u00e1nyok \u00e9s az \u00fajdons\u00e1gok egyar\u00e1nt jelen vannak. A v\u00e1ros sz\u00e1mos \u00faj lehet\u0151s\u00e9get k\u00edn\u00e1l az utaz\u00f3knak, legyen sz\u00f3 gasztron\u00f3mi\u00e1r\u00f3l, m\u0171v\u00e9szetr\u0151l vagy egyszer\u0171en csak a v\u00e1ros felfedez\u00e9s\u00e9r\u0151l. Ha szeretn\u00e9d megtapasztalni az \u00f6r\u00f6k v\u00e1ros var\u00e1zs\u00e1t, akkor 2025-ben R\u00f3ma az ide\u00e1lis \u00fati c\u00e9l.<\/span><\/p>\n<p><em>K\u00e9pek forr\u00e1sa: varavilag.hu<\/em><\/p>\n","protected":false},"excerpt":{"rendered":"<p>R\u00f3ma, az \u00f6r\u00f6k v\u00e1ros, tele van t\u00f6rt\u00e9nelmi eml\u00e9kekkel \u00e9s kultur\u00e1lis kincsekkel, amelyek az \u00f3kori birodalom dics\u0151s\u00e9g\u00e9t id\u00e9zik. A v\u00e1ros leny\u0171g\u00f6z\u0151 \u00e9p\u00edt\u00e9szete \u00e9s vibr\u00e1l\u00f3 \u00e9letst\u00edlusa minden l\u00e1togat\u00f3t mag\u00e1val ragad. R\u00f3m\u00e1ba, a t\u00f6rt\u00e9nelem \u00e9s a kult\u00fara \u00f6r\u00f6k v\u00e1ros\u00e1ba l\u00e1togatni mindig k\u00fcl\u00f6nleges \u00e9lm\u00e9ny. Azonban 2025-ben, amikor az utaz\u00e1s \u00faj dimenzi\u00f3kat nyit, a r\u00f3mai kaland m\u00e9g izgalmasabb\u00e1 v\u00e1lhat. A<\/p>\n","protected":false},"author":1,"featured_media":0,"comment_status":"closed","ping_status":"closed","sticky":false,"template":"","format":"standard","meta":{"ngg_post_thumbnail":0,"footnotes":""},"categories":[3],"tags":[4550,1169],"class_list":{"0":"post-67649","1":"post","2":"type-post","3":"status-publish","4":"format-standard","6":"category-hirek","7":"tag-roma","8":"tag-utazas"},"yoast_head":"<!-- This site is optimized with the Yoast SEO plugin v27.4 - https:\/\/yoast.com\/product\/yoast-seo-wordpress\/ -->\n<title>R\u00f3ma, az \u00f6r\u00f6k v\u00e1ros: Egy id\u0151utaz\u00e1s 2025-ben<\/title>\n<meta name=\"robots\" content=\"index, follow, max-snippet:-1, max-image-preview:large, max-video-preview:-1\" \/>\n<link rel=\"canonical\" href=\"https:\/\/dorogimedence.hu\/index.php\/2024\/12\/19\/roma-az-orok-varos-egy-idoutazas-2025-ben\/\" class=\"yoast-seo-meta-tag\" \/>\n<meta property=\"og:locale\" content=\"hu_HU\" class=\"yoast-seo-meta-tag\" \/>\n<meta property=\"og:type\" content=\"article\" class=\"yoast-seo-meta-tag\" \/>\n<meta property=\"og:title\" content=\"R\u00f3ma, az \u00f6r\u00f6k v\u00e1ros: Egy id\u0151utaz\u00e1s 2025-ben\" class=\"yoast-seo-meta-tag\" \/>\n<meta property=\"og:description\" content=\"R\u00f3ma, az \u00f6r\u00f6k v\u00e1ros, tele van t\u00f6rt\u00e9nelmi eml\u00e9kekkel \u00e9s kultur\u00e1lis kincsekkel, amelyek az \u00f3kori birodalom dics\u0151s\u00e9g\u00e9t id\u00e9zik. A v\u00e1ros leny\u0171g\u00f6z\u0151 \u00e9p\u00edt\u00e9szete \u00e9s vibr\u00e1l\u00f3 \u00e9letst\u00edlusa minden l\u00e1togat\u00f3t mag\u00e1val ragad. R\u00f3m\u00e1ba, a t\u00f6rt\u00e9nelem \u00e9s a kult\u00fara \u00f6r\u00f6k v\u00e1ros\u00e1ba l\u00e1togatni mindig k\u00fcl\u00f6nleges \u00e9lm\u00e9ny. Azonban 2025-ben, amikor az utaz\u00e1s \u00faj dimenzi\u00f3kat nyit, a r\u00f3mai kaland m\u00e9g izgalmasabb\u00e1 v\u00e1lhat. A\" class=\"yoast-seo-meta-tag\" \/>\n<meta property=\"og:url\" content=\"https:\/\/dorogimedence.hu\/index.php\/2024\/12\/19\/roma-az-orok-varos-egy-idoutazas-2025-ben\/\" class=\"yoast-seo-meta-tag\" \/>\n<meta property=\"og:site_name\" content=\"Dorogi-medence Region\u00e1lis H\u00edrport\u00e1l\" class=\"yoast-seo-meta-tag\" \/>\n<meta property=\"article:publisher\" content=\"https:\/\/www.facebook.com\/dorogimedence\/\" class=\"yoast-seo-meta-tag\" \/>\n<meta property=\"article:published_time\" content=\"2024-12-19T05:27:43+00:00\" class=\"yoast-seo-meta-tag\" \/>\n<meta property=\"og:image\" content=\"https:\/\/dorogimedence.hu\/wp-content\/uploads\/2024\/12\/cikk_0_romai_utazas_2025-trevikut.jpg\" class=\"yoast-seo-meta-tag\" \/>\n\t<meta property=\"og:image:width\" content=\"600\" class=\"yoast-seo-meta-tag\" \/>\n\t<meta property=\"og:image:height\" content=\"400\" class=\"yoast-seo-meta-tag\" \/>\n\t<meta property=\"og:image:type\" content=\"image\/jpeg\" class=\"yoast-seo-meta-tag\" \/>\n<meta name=\"author\" content=\"dorogimedence.hu\" class=\"yoast-seo-meta-tag\" \/>\n<meta name=\"twitter:card\" content=\"summary_large_image\" class=\"yoast-seo-meta-tag\" \/>\n<meta name=\"twitter:label1\" content=\"Szerz\u0151:\" class=\"yoast-seo-meta-tag\" \/>\n\t<meta name=\"twitter:data1\" content=\"dorogimedence.hu\" class=\"yoast-seo-meta-tag\" \/>\n\t<meta name=\"twitter:label2\" content=\"Becs\u00fclt olvas\u00e1si id\u0151\" class=\"yoast-seo-meta-tag\" \/>\n\t<meta name=\"twitter:data2\" content=\"4 perc\" class=\"yoast-seo-meta-tag\" \/>\n<script type=\"application\/ld+json\" class=\"yoast-schema-graph\">{\"@context\":\"https:\\\/\\\/schema.org\",\"@graph\":[{\"@type\":\"Article\",\"@id\":\"https:\\\/\\\/dorogimedence.hu\\\/index.php\\\/2024\\\/12\\\/19\\\/roma-az-orok-varos-egy-idoutazas-2025-ben\\\/#article\",\"isPartOf\":{\"@id\":\"https:\\\/\\\/dorogimedence.hu\\\/index.php\\\/2024\\\/12\\\/19\\\/roma-az-orok-varos-egy-idoutazas-2025-ben\\\/\"},\"author\":{\"name\":\"dorogimedence.hu\",\"@id\":\"https:\\\/\\\/dorogimedence.hu\\\/#\\\/schema\\\/person\\\/ce6091eeb7e95ecdc87890d6aa8e0fd4\"},\"headline\":\"R\u00f3ma, az \u00f6r\u00f6k v\u00e1ros: Egy id\u0151utaz\u00e1s 2025-ben\",\"datePublished\":\"2024-12-19T05:27:43+00:00\",\"mainEntityOfPage\":{\"@id\":\"https:\\\/\\\/dorogimedence.hu\\\/index.php\\\/2024\\\/12\\\/19\\\/roma-az-orok-varos-egy-idoutazas-2025-ben\\\/\"},\"wordCount\":744,\"publisher\":{\"@id\":\"https:\\\/\\\/dorogimedence.hu\\\/#organization\"},\"image\":{\"@id\":\"https:\\\/\\\/dorogimedence.hu\\\/index.php\\\/2024\\\/12\\\/19\\\/roma-az-orok-varos-egy-idoutazas-2025-ben\\\/#primaryimage\"},\"thumbnailUrl\":\"https:\\\/\\\/dorogimedence.hu\\\/wp-content\\\/uploads\\\/2024\\\/12\\\/cikk_0_romai_utazas_2025-pantheon.jpg\",\"keywords\":[\"roma\",\"utaz\u00e1s\"],\"articleSection\":[\"H\u00edrek\"],\"inLanguage\":\"hu\"},{\"@type\":\"WebPage\",\"@id\":\"https:\\\/\\\/dorogimedence.hu\\\/index.php\\\/2024\\\/12\\\/19\\\/roma-az-orok-varos-egy-idoutazas-2025-ben\\\/\",\"url\":\"https:\\\/\\\/dorogimedence.hu\\\/index.php\\\/2024\\\/12\\\/19\\\/roma-az-orok-varos-egy-idoutazas-2025-ben\\\/\",\"name\":\"R\u00f3ma, az \u00f6r\u00f6k v\u00e1ros: Egy id\u0151utaz\u00e1s 2025-ben\",\"isPartOf\":{\"@id\":\"https:\\\/\\\/dorogimedence.hu\\\/#website\"},\"primaryImageOfPage\":{\"@id\":\"https:\\\/\\\/dorogimedence.hu\\\/index.php\\\/2024\\\/12\\\/19\\\/roma-az-orok-varos-egy-idoutazas-2025-ben\\\/#primaryimage\"},\"image\":{\"@id\":\"https:\\\/\\\/dorogimedence.hu\\\/index.php\\\/2024\\\/12\\\/19\\\/roma-az-orok-varos-egy-idoutazas-2025-ben\\\/#primaryimage\"},\"thumbnailUrl\":\"https:\\\/\\\/dorogimedence.hu\\\/wp-content\\\/uploads\\\/2024\\\/12\\\/cikk_0_romai_utazas_2025-pantheon.jpg\",\"datePublished\":\"2024-12-19T05:27:43+00:00\",\"breadcrumb\":{\"@id\":\"https:\\\/\\\/dorogimedence.hu\\\/index.php\\\/2024\\\/12\\\/19\\\/roma-az-orok-varos-egy-idoutazas-2025-ben\\\/#breadcrumb\"},\"inLanguage\":\"hu\",\"potentialAction\":[{\"@type\":\"ReadAction\",\"target\":[\"https:\\\/\\\/dorogimedence.hu\\\/index.php\\\/2024\\\/12\\\/19\\\/roma-az-orok-varos-egy-idoutazas-2025-ben\\\/\"]}]},{\"@type\":\"ImageObject\",\"inLanguage\":\"hu\",\"@id\":\"https:\\\/\\\/dorogimedence.hu\\\/index.php\\\/2024\\\/12\\\/19\\\/roma-az-orok-varos-egy-idoutazas-2025-ben\\\/#primaryimage\",\"url\":\"https:\\\/\\\/dorogimedence.hu\\\/wp-content\\\/uploads\\\/2024\\\/12\\\/cikk_0_romai_utazas_2025-pantheon.jpg\",\"contentUrl\":\"https:\\\/\\\/dorogimedence.hu\\\/wp-content\\\/uploads\\\/2024\\\/12\\\/cikk_0_romai_utazas_2025-pantheon.jpg\"},{\"@type\":\"BreadcrumbList\",\"@id\":\"https:\\\/\\\/dorogimedence.hu\\\/index.php\\\/2024\\\/12\\\/19\\\/roma-az-orok-varos-egy-idoutazas-2025-ben\\\/#breadcrumb\",\"itemListElement\":[{\"@type\":\"ListItem\",\"position\":1,\"name\":\"Kezd\u0151lap\",\"item\":\"https:\\\/\\\/dorogimedence.hu\\\/\"},{\"@type\":\"ListItem\",\"position\":2,\"name\":\"R\u00f3ma, az \u00f6r\u00f6k v\u00e1ros: Egy id\u0151utaz\u00e1s 2025-ben\"}]},{\"@type\":\"WebSite\",\"@id\":\"https:\\\/\\\/dorogimedence.hu\\\/#website\",\"url\":\"https:\\\/\\\/dorogimedence.hu\\\/\",\"name\":\"Dorogi-medence Region\u00e1lis H\u00edrport\u00e1l\",\"description\":\"Dorog, Keszt\u00f6lc, Le\u00e1nyv\u00e1r, Piliscs\u00e9v, Tokod, Tokodalt\u00e1r\u00f3, Csolnok, Esztergom-kertv\u00e1ros: h\u00edrek, programok\",\"publisher\":{\"@id\":\"https:\\\/\\\/dorogimedence.hu\\\/#organization\"},\"potentialAction\":[{\"@type\":\"SearchAction\",\"target\":{\"@type\":\"EntryPoint\",\"urlTemplate\":\"https:\\\/\\\/dorogimedence.hu\\\/?s={search_term_string}\"},\"query-input\":{\"@type\":\"PropertyValueSpecification\",\"valueRequired\":true,\"valueName\":\"search_term_string\"}}],\"inLanguage\":\"hu\"},{\"@type\":\"Organization\",\"@id\":\"https:\\\/\\\/dorogimedence.hu\\\/#organization\",\"name\":\"Dorogi-medence Region\u00e1lis H\u00edrport\u00e1l\",\"url\":\"https:\\\/\\\/dorogimedence.hu\\\/\",\"logo\":{\"@type\":\"ImageObject\",\"inLanguage\":\"hu\",\"@id\":\"https:\\\/\\\/dorogimedence.hu\\\/#\\\/schema\\\/logo\\\/image\\\/\",\"url\":\"https:\\\/\\\/dorogimedence.hu\\\/wp-content\\\/uploads\\\/2021\\\/04\\\/logo-feher-600.png\",\"contentUrl\":\"https:\\\/\\\/dorogimedence.hu\\\/wp-content\\\/uploads\\\/2021\\\/04\\\/logo-feher-600.png\",\"width\":600,\"height\":100,\"caption\":\"Dorogi-medence Region\u00e1lis H\u00edrport\u00e1l\"},\"image\":{\"@id\":\"https:\\\/\\\/dorogimedence.hu\\\/#\\\/schema\\\/logo\\\/image\\\/\"},\"sameAs\":[\"https:\\\/\\\/www.facebook.com\\\/dorogimedence\\\/\"]},{\"@type\":\"Person\",\"@id\":\"https:\\\/\\\/dorogimedence.hu\\\/#\\\/schema\\\/person\\\/ce6091eeb7e95ecdc87890d6aa8e0fd4\",\"name\":\"dorogimedence.hu\",\"image\":{\"@type\":\"ImageObject\",\"inLanguage\":\"hu\",\"@id\":\"\\\/\\\/www.gravatar.com\\\/avatar\\\/d8d45f8901aadff40a4af72c0b826f1d?s=96&#038;r=g&#038;d=mm\",\"url\":\"\\\/\\\/www.gravatar.com\\\/avatar\\\/d8d45f8901aadff40a4af72c0b826f1d?s=96&#038;r=g&#038;d=mm\",\"contentUrl\":\"\\\/\\\/www.gravatar.com\\\/avatar\\\/d8d45f8901aadff40a4af72c0b826f1d?s=96&#038;r=g&#038;d=mm\",\"caption\":\"dorogimedence.hu\"}}]}<\/script>\n<!-- \/ Yoast SEO plugin. -->","yoast_head_json":{"title":"R\u00f3ma, az \u00f6r\u00f6k v\u00e1ros: Egy id\u0151utaz\u00e1s 2025-ben","robots":{"index":"index","follow":"follow","max-snippet":"max-snippet:-1","max-image-preview":"max-image-preview:large","max-video-preview":"max-video-preview:-1"},"canonical":"https:\/\/dorogimedence.hu\/index.php\/2024\/12\/19\/roma-az-orok-varos-egy-idoutazas-2025-ben\/","og_locale":"hu_HU","og_type":"article","og_title":"R\u00f3ma, az \u00f6r\u00f6k v\u00e1ros: Egy id\u0151utaz\u00e1s 2025-ben","og_description":"R\u00f3ma, az \u00f6r\u00f6k v\u00e1ros, tele van t\u00f6rt\u00e9nelmi eml\u00e9kekkel \u00e9s kultur\u00e1lis kincsekkel, amelyek az \u00f3kori birodalom dics\u0151s\u00e9g\u00e9t id\u00e9zik. A v\u00e1ros leny\u0171g\u00f6z\u0151 \u00e9p\u00edt\u00e9szete \u00e9s vibr\u00e1l\u00f3 \u00e9letst\u00edlusa minden l\u00e1togat\u00f3t mag\u00e1val ragad. R\u00f3m\u00e1ba, a t\u00f6rt\u00e9nelem \u00e9s a kult\u00fara \u00f6r\u00f6k v\u00e1ros\u00e1ba l\u00e1togatni mindig k\u00fcl\u00f6nleges \u00e9lm\u00e9ny. Azonban 2025-ben, amikor az utaz\u00e1s \u00faj dimenzi\u00f3kat nyit, a r\u00f3mai kaland m\u00e9g izgalmasabb\u00e1 v\u00e1lhat. A","og_url":"https:\/\/dorogimedence.hu\/index.php\/2024\/12\/19\/roma-az-orok-varos-egy-idoutazas-2025-ben\/","og_site_name":"Dorogi-medence Region\u00e1lis H\u00edrport\u00e1l","article_publisher":"https:\/\/www.facebook.com\/dorogimedence\/","article_published_time":"2024-12-19T05:27:43+00:00","og_image":[{"width":600,"height":400,"url":"https:\/\/dorogimedence.hu\/wp-content\/uploads\/2024\/12\/cikk_0_romai_utazas_2025-trevikut.jpg","type":"image\/jpeg"}],"author":"dorogimedence.hu","twitter_card":"summary_large_image","twitter_misc":{"Szerz\u0151:":"dorogimedence.hu","Becs\u00fclt olvas\u00e1si id\u0151":"4 perc"},"schema":{"@context":"https:\/\/schema.org","@graph":[{"@type":"Article","@id":"https:\/\/dorogimedence.hu\/index.php\/2024\/12\/19\/roma-az-orok-varos-egy-idoutazas-2025-ben\/#article","isPartOf":{"@id":"https:\/\/dorogimedence.hu\/index.php\/2024\/12\/19\/roma-az-orok-varos-egy-idoutazas-2025-ben\/"},"author":{"name":"dorogimedence.hu","@id":"https:\/\/dorogimedence.hu\/#\/schema\/person\/ce6091eeb7e95ecdc87890d6aa8e0fd4"},"headline":"R\u00f3ma, az \u00f6r\u00f6k v\u00e1ros: Egy id\u0151utaz\u00e1s 2025-ben","datePublished":"2024-12-19T05:27:43+00:00","mainEntityOfPage":{"@id":"https:\/\/dorogimedence.hu\/index.php\/2024\/12\/19\/roma-az-orok-varos-egy-idoutazas-2025-ben\/"},"wordCount":744,"publisher":{"@id":"https:\/\/dorogimedence.hu\/#organization"},"image":{"@id":"https:\/\/dorogimedence.hu\/index.php\/2024\/12\/19\/roma-az-orok-varos-egy-idoutazas-2025-ben\/#primaryimage"},"thumbnailUrl":"https:\/\/dorogimedence.hu\/wp-content\/uploads\/2024\/12\/cikk_0_romai_utazas_2025-pantheon.jpg","keywords":["roma","utaz\u00e1s"],"articleSection":["H\u00edrek"],"inLanguage":"hu"},{"@type":"WebPage","@id":"https:\/\/dorogimedence.hu\/index.php\/2024\/12\/19\/roma-az-orok-varos-egy-idoutazas-2025-ben\/","url":"https:\/\/dorogimedence.hu\/index.php\/2024\/12\/19\/roma-az-orok-varos-egy-idoutazas-2025-ben\/","name":"R\u00f3ma, az \u00f6r\u00f6k v\u00e1ros: Egy id\u0151utaz\u00e1s 2025-ben","isPartOf":{"@id":"https:\/\/dorogimedence.hu\/#website"},"primaryImageOfPage":{"@id":"https:\/\/dorogimedence.hu\/index.php\/2024\/12\/19\/roma-az-orok-varos-egy-idoutazas-2025-ben\/#primaryimage"},"image":{"@id":"https:\/\/dorogimedence.hu\/index.php\/2024\/12\/19\/roma-az-orok-varos-egy-idoutazas-2025-ben\/#primaryimage"},"thumbnailUrl":"https:\/\/dorogimedence.hu\/wp-content\/uploads\/2024\/12\/cikk_0_romai_utazas_2025-pantheon.jpg","datePublished":"2024-12-19T05:27:43+00:00","breadcrumb":{"@id":"https:\/\/dorogimedence.hu\/index.php\/2024\/12\/19\/roma-az-orok-varos-egy-idoutazas-2025-ben\/#breadcrumb"},"inLanguage":"hu","potentialAction":[{"@type":"ReadAction","target":["https:\/\/dorogimedence.hu\/index.php\/2024\/12\/19\/roma-az-orok-varos-egy-idoutazas-2025-ben\/"]}]},{"@type":"ImageObject","inLanguage":"hu","@id":"https:\/\/dorogimedence.hu\/index.php\/2024\/12\/19\/roma-az-orok-varos-egy-idoutazas-2025-ben\/#primaryimage","url":"https:\/\/dorogimedence.hu\/wp-content\/uploads\/2024\/12\/cikk_0_romai_utazas_2025-pantheon.jpg","contentUrl":"https:\/\/dorogimedence.hu\/wp-content\/uploads\/2024\/12\/cikk_0_romai_utazas_2025-pantheon.jpg"},{"@type":"BreadcrumbList","@id":"https:\/\/dorogimedence.hu\/index.php\/2024\/12\/19\/roma-az-orok-varos-egy-idoutazas-2025-ben\/#breadcrumb","itemListElement":[{"@type":"ListItem","position":1,"name":"Kezd\u0151lap","item":"https:\/\/dorogimedence.hu\/"},{"@type":"ListItem","position":2,"name":"R\u00f3ma, az \u00f6r\u00f6k v\u00e1ros: Egy id\u0151utaz\u00e1s 2025-ben"}]},{"@type":"WebSite","@id":"https:\/\/dorogimedence.hu\/#website","url":"https:\/\/dorogimedence.hu\/","name":"Dorogi-medence Region\u00e1lis H\u00edrport\u00e1l","description":"Dorog, Keszt\u00f6lc, Le\u00e1nyv\u00e1r, Piliscs\u00e9v, Tokod, Tokodalt\u00e1r\u00f3, Csolnok, Esztergom-kertv\u00e1ros: h\u00edrek, programok","publisher":{"@id":"https:\/\/dorogimedence.hu\/#organization"},"potentialAction":[{"@type":"SearchAction","target":{"@type":"EntryPoint","urlTemplate":"https:\/\/dorogimedence.hu\/?s={search_term_string}"},"query-input":{"@type":"PropertyValueSpecification","valueRequired":true,"valueName":"search_term_string"}}],"inLanguage":"hu"},{"@type":"Organization","@id":"https:\/\/dorogimedence.hu\/#organization","name":"Dorogi-medence Region\u00e1lis H\u00edrport\u00e1l","url":"https:\/\/dorogimedence.hu\/","logo":{"@type":"ImageObject","inLanguage":"hu","@id":"https:\/\/dorogimedence.hu\/#\/schema\/logo\/image\/","url":"https:\/\/dorogimedence.hu\/wp-content\/uploads\/2021\/04\/logo-feher-600.png","contentUrl":"https:\/\/dorogimedence.hu\/wp-content\/uploads\/2021\/04\/logo-feher-600.png","width":600,"height":100,"caption":"Dorogi-medence Region\u00e1lis H\u00edrport\u00e1l"},"image":{"@id":"https:\/\/dorogimedence.hu\/#\/schema\/logo\/image\/"},"sameAs":["https:\/\/www.facebook.com\/dorogimedence\/"]},{"@type":"Person","@id":"https:\/\/dorogimedence.hu\/#\/schema\/person\/ce6091eeb7e95ecdc87890d6aa8e0fd4","name":"dorogimedence.hu","image":{"@type":"ImageObject","inLanguage":"hu","@id":"\/\/www.gravatar.com\/avatar\/d8d45f8901aadff40a4af72c0b826f1d?s=96&#038;r=g&#038;d=mm","url":"\/\/www.gravatar.com\/avatar\/d8d45f8901aadff40a4af72c0b826f1d?s=96&#038;r=g&#038;d=mm","contentUrl":"\/\/www.gravatar.com\/avatar\/d8d45f8901aadff40a4af72c0b826f1d?s=96&#038;r=g&#038;d=mm","caption":"dorogimedence.hu"}}]}},"_links":{"self":[{"href":"https:\/\/dorogimedence.hu\/index.php\/wp-json\/wp\/v2\/posts\/67649","targetHints":{"allow":["GET"]}}],"collection":[{"href":"https:\/\/dorogimedence.hu\/index.php\/wp-json\/wp\/v2\/posts"}],"about":[{"href":"https:\/\/dorogimedence.hu\/index.php\/wp-json\/wp\/v2\/types\/post"}],"author":[{"embeddable":true,"href":"https:\/\/dorogimedence.hu\/index.php\/wp-json\/wp\/v2\/users\/1"}],"replies":[{"embeddable":true,"href":"https:\/\/dorogimedence.hu\/index.php\/wp-json\/wp\/v2\/comments?post=67649"}],"version-history":[{"count":0,"href":"https:\/\/dorogimedence.hu\/index.php\/wp-json\/wp\/v2\/posts\/67649\/revisions"}],"wp:attachment":[{"href":"https:\/\/dorogimedence.hu\/index.php\/wp-json\/wp\/v2\/media?parent=67649"}],"wp:term":[{"taxonomy":"category","embeddable":true,"href":"https:\/\/dorogimedence.hu\/index.php\/wp-json\/wp\/v2\/categories?post=67649"},{"taxonomy":"post_tag","embeddable":true,"href":"https:\/\/dorogimedence.hu\/index.php\/wp-json\/wp\/v2\/tags?post=67649"}],"curies":[{"name":"wp","href":"https:\/\/api.w.org\/{rel}","templated":true}]}}