{"id":67502,"date":"2024-12-12T12:35:52","date_gmt":"2024-12-12T11:35:52","guid":{"rendered":"https:\/\/dorogimedence.hu\/?p=67502"},"modified":"2024-12-12T12:35:52","modified_gmt":"2024-12-12T11:35:52","slug":"ket-esztergomi-szervezetet-tamogat-iden-karacsonykor-a-magyar-suzuki","status":"publish","type":"post","link":"https:\/\/dorogimedence.hu\/index.php\/2024\/12\/12\/ket-esztergomi-szervezetet-tamogat-iden-karacsonykor-a-magyar-suzuki\/","title":{"rendered":"K\u00e9t esztergomi szervezetet t\u00e1mogat id\u00e9n kar\u00e1csonykor a Magyar Suzuki"},"content":{"rendered":"<p><strong>A Magyar Suzuki negyedik \u00e9ve nem kar\u00e1csonyi partneraj\u00e1nd\u00e9kokra k\u00f6lt, hanem olyan helyi szervezeteket seg\u00edt, amelyek t\u00e1mogatj\u00e1k az eg\u00e9szs\u00e9g\u00fcgyet, vagy r\u00e1szorul\u00f3k, illetve h\u00e1tr\u00e1nyos helyzet\u0171ek \u00e9letk\u00f6r\u00fclm\u00e9nyeik jav\u00edt\u00e1s\u00e1\u00e9rt f\u00e1radoznak. Az elm\u00falt \u00e9vhez hasonl\u00f3an az id\u00e9n is a suzukis k\u00f6z\u00f6ss\u00e9g, a Magyar Suzuki munkat\u00e1rsai d\u00f6nt\u00f6ttek arr\u00f3l, kikhez ker\u00fclj\u00f6n az 5 milli\u00f3 forintos p\u00e9nz\u00fcgyi felaj\u00e1nl\u00e1s. <\/strong><\/p>\n<p>Felel\u0151s v\u00e1llalatk\u00e9nt a Magyar Suzuki Zrt. fontosnak tartja a helyi k\u00f6z\u00f6ss\u00e9gek \u00e9s szervezetek t\u00e1mogat\u00e1s\u00e1t. Ez\u00e9rt is d\u00f6nt\u00f6tt \u00fagy a c\u00e9g az elm\u00falt n\u00e9gy \u00e9vben, hogy kar\u00e1csonyi partneraj\u00e1nd\u00e9kok helyett region\u00e1lis szervezetek munk\u00e1j\u00e1t t\u00e1mogatja. Tavaly \u00f3ta azonban az esztergomi gy\u00e1rt\u00f3v\u00e1llalat munkat\u00e1rsai d\u00f6nthetnek arr\u00f3l, kik kapj\u00e1k a felaj\u00e1nl\u00e1st.<\/p>\n<p><img fetchpriority=\"high\" decoding=\"async\" class=\"alignnone size-full wp-image-67504\" src=\"https:\/\/dorogimedence.hu\/wp-content\/uploads\/2024\/12\/Suzuki_adomany_4.jpg\" alt=\"\" width=\"1920\" height=\"1280\" srcset=\"https:\/\/dorogimedence.hu\/wp-content\/uploads\/2024\/12\/Suzuki_adomany_4.jpg 1920w, https:\/\/dorogimedence.hu\/wp-content\/uploads\/2024\/12\/Suzuki_adomany_4-600x400.jpg 600w, https:\/\/dorogimedence.hu\/wp-content\/uploads\/2024\/12\/Suzuki_adomany_4-768x512.jpg 768w, https:\/\/dorogimedence.hu\/wp-content\/uploads\/2024\/12\/Suzuki_adomany_4-1536x1024.jpg 1536w, https:\/\/dorogimedence.hu\/wp-content\/uploads\/2024\/12\/Suzuki_adomany_4-150x100.jpg 150w, https:\/\/dorogimedence.hu\/wp-content\/uploads\/2024\/12\/Suzuki_adomany_4-450x300.jpg 450w, https:\/\/dorogimedence.hu\/wp-content\/uploads\/2024\/12\/Suzuki_adomany_4-1200x800.jpg 1200w, https:\/\/dorogimedence.hu\/wp-content\/uploads\/2024\/12\/Suzuki_adomany_4-272x182.jpg 272w\" sizes=\"(max-width: 1920px) 100vw, 1920px\" \/><\/p>\n<p>A dolgoz\u00f3k \u0151sszel jel\u00f6lhettek olyan helyi, vagyis esztergomi, illetve Esztergom k\u00f6rny\u00e9ki szervezeteket, amelyek megyei egy\u00e9szs\u00e9g\u00fcggyel, h\u00e1tr\u00e1nyos helyzet\u0171ekkel, gyermekek fejleszt\u00e9s\u00e9vel\/oktat\u00e1s\u00e1val, kult\u00far\u00e1val kapcsolatos tev\u00e9kenys\u00e9get vagy szoci\u00e1lis ell\u00e1t\u00e1st v\u00e9geznek. Az aj\u00e1nl\u00e1sok alapj\u00e1n a Szponzor\u00e1ci\u00f3s Bizotts\u00e1g \u00e1ltal \u00f6ssze\u00e1ll\u00edtott list\u00e1n szerepl\u0151 szervezetekre november k\u00f6zep\u00e9ig lehetett szavazni. A k\u00e9t legt\u00f6bb szavazatot a <strong>H\u00cdD Szoci\u00e1lis, Csal\u00e1d- \u00e9s Gyermekj\u00f3l\u00e9ti K\u00f6zpont<\/strong>, illetve az <strong>Esztergomi Ment\u0151\u00e1llom\u00e1s<\/strong> kapta. A H\u00cdD a 2,5 milli\u00f3s t\u00e1mogatst programok szervez\u00e9s\u00e9re, m\u00edg a ment\u0151szolg\u00e1lat az Orsz\u00e1gos Ment\u0151szolg\u00e1lat Alap\u00edtv\u00e1nyon kereszt\u00fcl, szint\u00e9n 2,5 milli\u00f3 forintot, ment\u00e9stechnikai eszk\u00f6z\u00f6kre ford\u00edt.<\/p>\n<p>A jelk\u00e9pes kar\u00e1csonyi k\u00e9peslapot a Magyar Suzuki r\u00e9sz\u00e9r\u0151l Atsumi Masato vez\u00e9rigazgat\u00f3, Kriszti\u00e1n R\u00f3bert vez\u00e9rigazgat\u00f3-helyettes \u00e9s Bonn\u00e1r-Csonka Zsuzsanna v\u00e1llalati kommunik\u00e1ci\u00f3s vezet\u0151 adta \u00e1t a szervezetek k\u00e9pvisel\u0151inek.<\/p>\n","protected":false},"excerpt":{"rendered":"<p>A Magyar Suzuki negyedik \u00e9ve nem kar\u00e1csonyi partneraj\u00e1nd\u00e9kokra k\u00f6lt, hanem olyan helyi szervezeteket seg\u00edt, amelyek t\u00e1mogatj\u00e1k az eg\u00e9szs\u00e9g\u00fcgyet, vagy r\u00e1szorul\u00f3k, illetve h\u00e1tr\u00e1nyos helyzet\u0171ek \u00e9letk\u00f6r\u00fclm\u00e9nyeik jav\u00edt\u00e1s\u00e1\u00e9rt f\u00e1radoznak. Az elm\u00falt \u00e9vhez hasonl\u00f3an az id\u00e9n is a suzukis k\u00f6z\u00f6ss\u00e9g, a Magyar Suzuki munkat\u00e1rsai d\u00f6nt\u00f6ttek arr\u00f3l, kikhez ker\u00fclj\u00f6n az 5 milli\u00f3 forintos p\u00e9nz\u00fcgyi felaj\u00e1nl\u00e1s. Felel\u0151s v\u00e1llalatk\u00e9nt a Magyar Suzuki<\/p>\n","protected":false},"author":1,"featured_media":67503,"comment_status":"closed","ping_status":"closed","sticky":false,"template":"","format":"standard","meta":{"ngg_post_thumbnail":0,"footnotes":""},"categories":[38,3],"tags":[42,5624,4792,261,503],"class_list":["post-67502","post","type-post","status-publish","format-standard","has-post-thumbnail","category-esztergom","category-hirek","tag-esztergom","tag-featured","tag-magyar-suzuki","tag-suzuki","tag-tamogatas"],"yoast_head":"<!-- This site is optimized with the Yoast SEO plugin v28.3 - https:\/\/yoast.com\/product\/yoast-seo-wordpress\/ -->\n<title>K\u00e9t esztergomi szervezetet t\u00e1mogat id\u00e9n kar\u00e1csonykor a Magyar Suzuki<\/title>\n<meta name=\"robots\" content=\"index, follow, max-snippet:-1, max-image-preview:large, max-video-preview:-1\" \/>\n<link rel=\"canonical\" href=\"https:\/\/dorogimedence.hu\/index.php\/2024\/12\/12\/ket-esztergomi-szervezetet-tamogat-iden-karacsonykor-a-magyar-suzuki\/\" class=\"yoast-seo-meta-tag\" \/>\n<meta property=\"og:locale\" content=\"hu_HU\" class=\"yoast-seo-meta-tag\" \/>\n<meta property=\"og:type\" content=\"article\" class=\"yoast-seo-meta-tag\" \/>\n<meta property=\"og:title\" content=\"K\u00e9t esztergomi szervezetet t\u00e1mogat id\u00e9n kar\u00e1csonykor a Magyar Suzuki\" class=\"yoast-seo-meta-tag\" \/>\n<meta property=\"og:description\" content=\"A Magyar Suzuki negyedik \u00e9ve nem kar\u00e1csonyi partneraj\u00e1nd\u00e9kokra k\u00f6lt, hanem olyan helyi szervezeteket seg\u00edt, amelyek t\u00e1mogatj\u00e1k az eg\u00e9szs\u00e9g\u00fcgyet, vagy r\u00e1szorul\u00f3k, illetve h\u00e1tr\u00e1nyos helyzet\u0171ek \u00e9letk\u00f6r\u00fclm\u00e9nyeik jav\u00edt\u00e1s\u00e1\u00e9rt f\u00e1radoznak. Az elm\u00falt \u00e9vhez hasonl\u00f3an az id\u00e9n is a suzukis k\u00f6z\u00f6ss\u00e9g, a Magyar Suzuki munkat\u00e1rsai d\u00f6nt\u00f6ttek arr\u00f3l, kikhez ker\u00fclj\u00f6n az 5 milli\u00f3 forintos p\u00e9nz\u00fcgyi felaj\u00e1nl\u00e1s. Felel\u0151s v\u00e1llalatk\u00e9nt a Magyar Suzuki\" class=\"yoast-seo-meta-tag\" \/>\n<meta property=\"og:url\" content=\"https:\/\/dorogimedence.hu\/index.php\/2024\/12\/12\/ket-esztergomi-szervezetet-tamogat-iden-karacsonykor-a-magyar-suzuki\/\" class=\"yoast-seo-meta-tag\" \/>\n<meta property=\"og:site_name\" content=\"Dorogi-medence Region\u00e1lis H\u00edrport\u00e1l\" class=\"yoast-seo-meta-tag\" \/>\n<meta property=\"article:publisher\" content=\"https:\/\/www.facebook.com\/dorogimedence\/\" class=\"yoast-seo-meta-tag\" \/>\n<meta property=\"article:published_time\" content=\"2024-12-12T11:35:52+00:00\" class=\"yoast-seo-meta-tag\" \/>\n<meta property=\"og:image\" content=\"https:\/\/dorogimedence.hu\/wp-content\/uploads\/2024\/12\/mentok.jpg\" class=\"yoast-seo-meta-tag\" \/>\n\t<meta property=\"og:image:width\" content=\"1920\" class=\"yoast-seo-meta-tag\" \/>\n\t<meta property=\"og:image:height\" content=\"970\" class=\"yoast-seo-meta-tag\" \/>\n\t<meta property=\"og:image:type\" content=\"image\/jpeg\" class=\"yoast-seo-meta-tag\" \/>\n<meta name=\"author\" content=\"dorogimedence.hu\" class=\"yoast-seo-meta-tag\" \/>\n<meta name=\"twitter:card\" content=\"summary_large_image\" class=\"yoast-seo-meta-tag\" \/>\n<meta name=\"twitter:label1\" content=\"Szerz\u0151:\" class=\"yoast-seo-meta-tag\" \/>\n\t<meta name=\"twitter:data1\" content=\"dorogimedence.hu\" class=\"yoast-seo-meta-tag\" \/>\n\t<meta name=\"twitter:label2\" content=\"Becs\u00fclt olvas\u00e1si id\u0151\" class=\"yoast-seo-meta-tag\" \/>\n\t<meta name=\"twitter:data2\" content=\"2 perc\" class=\"yoast-seo-meta-tag\" \/>\n<script type=\"application\/ld+json\" class=\"yoast-schema-graph\">{\"@context\":\"https:\\\/\\\/schema.org\",\"@graph\":[{\"@type\":\"Article\",\"@id\":\"https:\\\/\\\/dorogimedence.hu\\\/index.php\\\/2024\\\/12\\\/12\\\/ket-esztergomi-szervezetet-tamogat-iden-karacsonykor-a-magyar-suzuki\\\/#article\",\"isPartOf\":{\"@id\":\"https:\\\/\\\/dorogimedence.hu\\\/index.php\\\/2024\\\/12\\\/12\\\/ket-esztergomi-szervezetet-tamogat-iden-karacsonykor-a-magyar-suzuki\\\/\"},\"author\":{\"name\":\"dorogimedence.hu\",\"@id\":\"https:\\\/\\\/dorogimedence.hu\\\/#\\\/schema\\\/person\\\/ce6091eeb7e95ecdc87890d6aa8e0fd4\"},\"headline\":\"K\u00e9t esztergomi szervezetet t\u00e1mogat id\u00e9n kar\u00e1csonykor a Magyar Suzuki\",\"datePublished\":\"2024-12-12T11:35:52+00:00\",\"mainEntityOfPage\":{\"@id\":\"https:\\\/\\\/dorogimedence.hu\\\/index.php\\\/2024\\\/12\\\/12\\\/ket-esztergomi-szervezetet-tamogat-iden-karacsonykor-a-magyar-suzuki\\\/\"},\"wordCount\":359,\"publisher\":{\"@id\":\"https:\\\/\\\/dorogimedence.hu\\\/#organization\"},\"image\":{\"@id\":\"https:\\\/\\\/dorogimedence.hu\\\/index.php\\\/2024\\\/12\\\/12\\\/ket-esztergomi-szervezetet-tamogat-iden-karacsonykor-a-magyar-suzuki\\\/#primaryimage\"},\"thumbnailUrl\":\"https:\\\/\\\/dorogimedence.hu\\\/wp-content\\\/uploads\\\/2024\\\/12\\\/mentok.jpg\",\"keywords\":[\"esztergom\",\"featured\",\"Magyar Suzuki\",\"Suzuki\",\"t\u00e1mogat\u00e1s\"],\"articleSection\":[\"Esztergom\",\"H\u00edrek\"],\"inLanguage\":\"hu\"},{\"@type\":\"WebPage\",\"@id\":\"https:\\\/\\\/dorogimedence.hu\\\/index.php\\\/2024\\\/12\\\/12\\\/ket-esztergomi-szervezetet-tamogat-iden-karacsonykor-a-magyar-suzuki\\\/\",\"url\":\"https:\\\/\\\/dorogimedence.hu\\\/index.php\\\/2024\\\/12\\\/12\\\/ket-esztergomi-szervezetet-tamogat-iden-karacsonykor-a-magyar-suzuki\\\/\",\"name\":\"K\u00e9t esztergomi szervezetet t\u00e1mogat id\u00e9n kar\u00e1csonykor a Magyar Suzuki\",\"isPartOf\":{\"@id\":\"https:\\\/\\\/dorogimedence.hu\\\/#website\"},\"primaryImageOfPage\":{\"@id\":\"https:\\\/\\\/dorogimedence.hu\\\/index.php\\\/2024\\\/12\\\/12\\\/ket-esztergomi-szervezetet-tamogat-iden-karacsonykor-a-magyar-suzuki\\\/#primaryimage\"},\"image\":{\"@id\":\"https:\\\/\\\/dorogimedence.hu\\\/index.php\\\/2024\\\/12\\\/12\\\/ket-esztergomi-szervezetet-tamogat-iden-karacsonykor-a-magyar-suzuki\\\/#primaryimage\"},\"thumbnailUrl\":\"https:\\\/\\\/dorogimedence.hu\\\/wp-content\\\/uploads\\\/2024\\\/12\\\/mentok.jpg\",\"datePublished\":\"2024-12-12T11:35:52+00:00\",\"breadcrumb\":{\"@id\":\"https:\\\/\\\/dorogimedence.hu\\\/index.php\\\/2024\\\/12\\\/12\\\/ket-esztergomi-szervezetet-tamogat-iden-karacsonykor-a-magyar-suzuki\\\/#breadcrumb\"},\"inLanguage\":\"hu\",\"potentialAction\":[{\"@type\":\"ReadAction\",\"target\":[\"https:\\\/\\\/dorogimedence.hu\\\/index.php\\\/2024\\\/12\\\/12\\\/ket-esztergomi-szervezetet-tamogat-iden-karacsonykor-a-magyar-suzuki\\\/\"]}]},{\"@type\":\"ImageObject\",\"inLanguage\":\"hu\",\"@id\":\"https:\\\/\\\/dorogimedence.hu\\\/index.php\\\/2024\\\/12\\\/12\\\/ket-esztergomi-szervezetet-tamogat-iden-karacsonykor-a-magyar-suzuki\\\/#primaryimage\",\"url\":\"https:\\\/\\\/dorogimedence.hu\\\/wp-content\\\/uploads\\\/2024\\\/12\\\/mentok.jpg\",\"contentUrl\":\"https:\\\/\\\/dorogimedence.hu\\\/wp-content\\\/uploads\\\/2024\\\/12\\\/mentok.jpg\",\"width\":1920,\"height\":970},{\"@type\":\"BreadcrumbList\",\"@id\":\"https:\\\/\\\/dorogimedence.hu\\\/index.php\\\/2024\\\/12\\\/12\\\/ket-esztergomi-szervezetet-tamogat-iden-karacsonykor-a-magyar-suzuki\\\/#breadcrumb\",\"itemListElement\":[{\"@type\":\"ListItem\",\"position\":1,\"name\":\"Kezd\u0151lap\",\"item\":\"https:\\\/\\\/dorogimedence.hu\\\/\"},{\"@type\":\"ListItem\",\"position\":2,\"name\":\"K\u00e9t esztergomi szervezetet t\u00e1mogat id\u00e9n kar\u00e1csonykor a Magyar Suzuki\"}]},{\"@type\":\"WebSite\",\"@id\":\"https:\\\/\\\/dorogimedence.hu\\\/#website\",\"url\":\"https:\\\/\\\/dorogimedence.hu\\\/\",\"name\":\"Dorogi-medence Region\u00e1lis H\u00edrport\u00e1l\",\"description\":\"Dorog, Keszt\u00f6lc, Le\u00e1nyv\u00e1r, Piliscs\u00e9v, Tokod, Tokodalt\u00e1r\u00f3, Csolnok, Esztergom-kertv\u00e1ros: h\u00edrek, programok\",\"publisher\":{\"@id\":\"https:\\\/\\\/dorogimedence.hu\\\/#organization\"},\"potentialAction\":[{\"@type\":\"SearchAction\",\"target\":{\"@type\":\"EntryPoint\",\"urlTemplate\":\"https:\\\/\\\/dorogimedence.hu\\\/?s={search_term_string}\"},\"query-input\":{\"@type\":\"PropertyValueSpecification\",\"valueRequired\":true,\"valueName\":\"search_term_string\"}}],\"inLanguage\":\"hu\"},{\"@type\":\"Organization\",\"@id\":\"https:\\\/\\\/dorogimedence.hu\\\/#organization\",\"name\":\"Dorogi-medence Region\u00e1lis H\u00edrport\u00e1l\",\"url\":\"https:\\\/\\\/dorogimedence.hu\\\/\",\"logo\":{\"@type\":\"ImageObject\",\"inLanguage\":\"hu\",\"@id\":\"https:\\\/\\\/dorogimedence.hu\\\/#\\\/schema\\\/logo\\\/image\\\/\",\"url\":\"https:\\\/\\\/dorogimedence.hu\\\/wp-content\\\/uploads\\\/2021\\\/04\\\/logo-feher-600.png\",\"contentUrl\":\"https:\\\/\\\/dorogimedence.hu\\\/wp-content\\\/uploads\\\/2021\\\/04\\\/logo-feher-600.png\",\"width\":600,\"height\":100,\"caption\":\"Dorogi-medence Region\u00e1lis H\u00edrport\u00e1l\"},\"image\":{\"@id\":\"https:\\\/\\\/dorogimedence.hu\\\/#\\\/schema\\\/logo\\\/image\\\/\"},\"sameAs\":[\"https:\\\/\\\/www.facebook.com\\\/dorogimedence\\\/\"]},{\"@type\":\"Person\",\"@id\":\"https:\\\/\\\/dorogimedence.hu\\\/#\\\/schema\\\/person\\\/ce6091eeb7e95ecdc87890d6aa8e0fd4\",\"name\":\"dorogimedence.hu\",\"image\":{\"@type\":\"ImageObject\",\"inLanguage\":\"hu\",\"@id\":\"\\\/\\\/www.gravatar.com\\\/avatar\\\/d8d45f8901aadff40a4af72c0b826f1d?s=96&#038;r=g&#038;d=mm\",\"url\":\"\\\/\\\/www.gravatar.com\\\/avatar\\\/d8d45f8901aadff40a4af72c0b826f1d?s=96&#038;r=g&#038;d=mm\",\"contentUrl\":\"\\\/\\\/www.gravatar.com\\\/avatar\\\/d8d45f8901aadff40a4af72c0b826f1d?s=96&#038;r=g&#038;d=mm\",\"caption\":\"dorogimedence.hu\"}}]}<\/script>\n<!-- \/ Yoast SEO plugin. -->","yoast_head_json":{"title":"K\u00e9t esztergomi szervezetet t\u00e1mogat id\u00e9n kar\u00e1csonykor a Magyar Suzuki","robots":{"index":"index","follow":"follow","max-snippet":"max-snippet:-1","max-image-preview":"max-image-preview:large","max-video-preview":"max-video-preview:-1"},"canonical":"https:\/\/dorogimedence.hu\/index.php\/2024\/12\/12\/ket-esztergomi-szervezetet-tamogat-iden-karacsonykor-a-magyar-suzuki\/","og_locale":"hu_HU","og_type":"article","og_title":"K\u00e9t esztergomi szervezetet t\u00e1mogat id\u00e9n kar\u00e1csonykor a Magyar Suzuki","og_description":"A Magyar Suzuki negyedik \u00e9ve nem kar\u00e1csonyi partneraj\u00e1nd\u00e9kokra k\u00f6lt, hanem olyan helyi szervezeteket seg\u00edt, amelyek t\u00e1mogatj\u00e1k az eg\u00e9szs\u00e9g\u00fcgyet, vagy r\u00e1szorul\u00f3k, illetve h\u00e1tr\u00e1nyos helyzet\u0171ek \u00e9letk\u00f6r\u00fclm\u00e9nyeik jav\u00edt\u00e1s\u00e1\u00e9rt f\u00e1radoznak. Az elm\u00falt \u00e9vhez hasonl\u00f3an az id\u00e9n is a suzukis k\u00f6z\u00f6ss\u00e9g, a Magyar Suzuki munkat\u00e1rsai d\u00f6nt\u00f6ttek arr\u00f3l, kikhez ker\u00fclj\u00f6n az 5 milli\u00f3 forintos p\u00e9nz\u00fcgyi felaj\u00e1nl\u00e1s. Felel\u0151s v\u00e1llalatk\u00e9nt a Magyar Suzuki","og_url":"https:\/\/dorogimedence.hu\/index.php\/2024\/12\/12\/ket-esztergomi-szervezetet-tamogat-iden-karacsonykor-a-magyar-suzuki\/","og_site_name":"Dorogi-medence Region\u00e1lis H\u00edrport\u00e1l","article_publisher":"https:\/\/www.facebook.com\/dorogimedence\/","article_published_time":"2024-12-12T11:35:52+00:00","og_image":[{"width":1920,"height":970,"url":"https:\/\/dorogimedence.hu\/wp-content\/uploads\/2024\/12\/mentok.jpg","type":"image\/jpeg"}],"author":"dorogimedence.hu","twitter_card":"summary_large_image","twitter_misc":{"Szerz\u0151:":"dorogimedence.hu","Becs\u00fclt olvas\u00e1si id\u0151":"2 perc"},"schema":{"@context":"https:\/\/schema.org","@graph":[{"@type":"Article","@id":"https:\/\/dorogimedence.hu\/index.php\/2024\/12\/12\/ket-esztergomi-szervezetet-tamogat-iden-karacsonykor-a-magyar-suzuki\/#article","isPartOf":{"@id":"https:\/\/dorogimedence.hu\/index.php\/2024\/12\/12\/ket-esztergomi-szervezetet-tamogat-iden-karacsonykor-a-magyar-suzuki\/"},"author":{"name":"dorogimedence.hu","@id":"https:\/\/dorogimedence.hu\/#\/schema\/person\/ce6091eeb7e95ecdc87890d6aa8e0fd4"},"headline":"K\u00e9t esztergomi szervezetet t\u00e1mogat id\u00e9n kar\u00e1csonykor a Magyar Suzuki","datePublished":"2024-12-12T11:35:52+00:00","mainEntityOfPage":{"@id":"https:\/\/dorogimedence.hu\/index.php\/2024\/12\/12\/ket-esztergomi-szervezetet-tamogat-iden-karacsonykor-a-magyar-suzuki\/"},"wordCount":359,"publisher":{"@id":"https:\/\/dorogimedence.hu\/#organization"},"image":{"@id":"https:\/\/dorogimedence.hu\/index.php\/2024\/12\/12\/ket-esztergomi-szervezetet-tamogat-iden-karacsonykor-a-magyar-suzuki\/#primaryimage"},"thumbnailUrl":"https:\/\/dorogimedence.hu\/wp-content\/uploads\/2024\/12\/mentok.jpg","keywords":["esztergom","featured","Magyar Suzuki","Suzuki","t\u00e1mogat\u00e1s"],"articleSection":["Esztergom","H\u00edrek"],"inLanguage":"hu"},{"@type":"WebPage","@id":"https:\/\/dorogimedence.hu\/index.php\/2024\/12\/12\/ket-esztergomi-szervezetet-tamogat-iden-karacsonykor-a-magyar-suzuki\/","url":"https:\/\/dorogimedence.hu\/index.php\/2024\/12\/12\/ket-esztergomi-szervezetet-tamogat-iden-karacsonykor-a-magyar-suzuki\/","name":"K\u00e9t esztergomi szervezetet t\u00e1mogat id\u00e9n kar\u00e1csonykor a Magyar Suzuki","isPartOf":{"@id":"https:\/\/dorogimedence.hu\/#website"},"primaryImageOfPage":{"@id":"https:\/\/dorogimedence.hu\/index.php\/2024\/12\/12\/ket-esztergomi-szervezetet-tamogat-iden-karacsonykor-a-magyar-suzuki\/#primaryimage"},"image":{"@id":"https:\/\/dorogimedence.hu\/index.php\/2024\/12\/12\/ket-esztergomi-szervezetet-tamogat-iden-karacsonykor-a-magyar-suzuki\/#primaryimage"},"thumbnailUrl":"https:\/\/dorogimedence.hu\/wp-content\/uploads\/2024\/12\/mentok.jpg","datePublished":"2024-12-12T11:35:52+00:00","breadcrumb":{"@id":"https:\/\/dorogimedence.hu\/index.php\/2024\/12\/12\/ket-esztergomi-szervezetet-tamogat-iden-karacsonykor-a-magyar-suzuki\/#breadcrumb"},"inLanguage":"hu","potentialAction":[{"@type":"ReadAction","target":["https:\/\/dorogimedence.hu\/index.php\/2024\/12\/12\/ket-esztergomi-szervezetet-tamogat-iden-karacsonykor-a-magyar-suzuki\/"]}]},{"@type":"ImageObject","inLanguage":"hu","@id":"https:\/\/dorogimedence.hu\/index.php\/2024\/12\/12\/ket-esztergomi-szervezetet-tamogat-iden-karacsonykor-a-magyar-suzuki\/#primaryimage","url":"https:\/\/dorogimedence.hu\/wp-content\/uploads\/2024\/12\/mentok.jpg","contentUrl":"https:\/\/dorogimedence.hu\/wp-content\/uploads\/2024\/12\/mentok.jpg","width":1920,"height":970},{"@type":"BreadcrumbList","@id":"https:\/\/dorogimedence.hu\/index.php\/2024\/12\/12\/ket-esztergomi-szervezetet-tamogat-iden-karacsonykor-a-magyar-suzuki\/#breadcrumb","itemListElement":[{"@type":"ListItem","position":1,"name":"Kezd\u0151lap","item":"https:\/\/dorogimedence.hu\/"},{"@type":"ListItem","position":2,"name":"K\u00e9t esztergomi szervezetet t\u00e1mogat id\u00e9n kar\u00e1csonykor a Magyar Suzuki"}]},{"@type":"WebSite","@id":"https:\/\/dorogimedence.hu\/#website","url":"https:\/\/dorogimedence.hu\/","name":"Dorogi-medence Region\u00e1lis H\u00edrport\u00e1l","description":"Dorog, Keszt\u00f6lc, Le\u00e1nyv\u00e1r, Piliscs\u00e9v, Tokod, Tokodalt\u00e1r\u00f3, Csolnok, Esztergom-kertv\u00e1ros: h\u00edrek, programok","publisher":{"@id":"https:\/\/dorogimedence.hu\/#organization"},"potentialAction":[{"@type":"SearchAction","target":{"@type":"EntryPoint","urlTemplate":"https:\/\/dorogimedence.hu\/?s={search_term_string}"},"query-input":{"@type":"PropertyValueSpecification","valueRequired":true,"valueName":"search_term_string"}}],"inLanguage":"hu"},{"@type":"Organization","@id":"https:\/\/dorogimedence.hu\/#organization","name":"Dorogi-medence Region\u00e1lis H\u00edrport\u00e1l","url":"https:\/\/dorogimedence.hu\/","logo":{"@type":"ImageObject","inLanguage":"hu","@id":"https:\/\/dorogimedence.hu\/#\/schema\/logo\/image\/","url":"https:\/\/dorogimedence.hu\/wp-content\/uploads\/2021\/04\/logo-feher-600.png","contentUrl":"https:\/\/dorogimedence.hu\/wp-content\/uploads\/2021\/04\/logo-feher-600.png","width":600,"height":100,"caption":"Dorogi-medence Region\u00e1lis H\u00edrport\u00e1l"},"image":{"@id":"https:\/\/dorogimedence.hu\/#\/schema\/logo\/image\/"},"sameAs":["https:\/\/www.facebook.com\/dorogimedence\/"]},{"@type":"Person","@id":"https:\/\/dorogimedence.hu\/#\/schema\/person\/ce6091eeb7e95ecdc87890d6aa8e0fd4","name":"dorogimedence.hu","image":{"@type":"ImageObject","inLanguage":"hu","@id":"\/\/www.gravatar.com\/avatar\/d8d45f8901aadff40a4af72c0b826f1d?s=96&#038;r=g&#038;d=mm","url":"\/\/www.gravatar.com\/avatar\/d8d45f8901aadff40a4af72c0b826f1d?s=96&#038;r=g&#038;d=mm","contentUrl":"\/\/www.gravatar.com\/avatar\/d8d45f8901aadff40a4af72c0b826f1d?s=96&#038;r=g&#038;d=mm","caption":"dorogimedence.hu"}}]}},"_links":{"self":[{"href":"https:\/\/dorogimedence.hu\/index.php\/wp-json\/wp\/v2\/posts\/67502","targetHints":{"allow":["GET"]}}],"collection":[{"href":"https:\/\/dorogimedence.hu\/index.php\/wp-json\/wp\/v2\/posts"}],"about":[{"href":"https:\/\/dorogimedence.hu\/index.php\/wp-json\/wp\/v2\/types\/post"}],"author":[{"embeddable":true,"href":"https:\/\/dorogimedence.hu\/index.php\/wp-json\/wp\/v2\/users\/1"}],"replies":[{"embeddable":true,"href":"https:\/\/dorogimedence.hu\/index.php\/wp-json\/wp\/v2\/comments?post=67502"}],"version-history":[{"count":0,"href":"https:\/\/dorogimedence.hu\/index.php\/wp-json\/wp\/v2\/posts\/67502\/revisions"}],"wp:featuredmedia":[{"embeddable":true,"href":"https:\/\/dorogimedence.hu\/index.php\/wp-json\/wp\/v2\/media\/67503"}],"wp:attachment":[{"href":"https:\/\/dorogimedence.hu\/index.php\/wp-json\/wp\/v2\/media?parent=67502"}],"wp:term":[{"taxonomy":"category","embeddable":true,"href":"https:\/\/dorogimedence.hu\/index.php\/wp-json\/wp\/v2\/categories?post=67502"},{"taxonomy":"post_tag","embeddable":true,"href":"https:\/\/dorogimedence.hu\/index.php\/wp-json\/wp\/v2\/tags?post=67502"}],"curies":[{"name":"wp","href":"https:\/\/api.w.org\/{rel}","templated":true}]}}