{"id":67482,"date":"2024-12-12T11:41:19","date_gmt":"2024-12-12T10:41:19","guid":{"rendered":"https:\/\/dorogimedence.hu\/?p=67482"},"modified":"2024-12-12T11:47:33","modified_gmt":"2024-12-12T10:47:33","slug":"utotte-verte-a-korhazi-dolgozokat-a-duhos-ferfi-4","status":"publish","type":"post","link":"https:\/\/dorogimedence.hu\/index.php\/2024\/12\/12\/utotte-verte-a-korhazi-dolgozokat-a-duhos-ferfi-4\/","title":{"rendered":"\u00dct\u00f6tte-verte a k\u00f3rh\u00e1zi dolgoz\u00f3kat a d\u00fch\u00f6s f\u00e9rfi"},"content":{"rendered":"<p><strong>V\u00e1diratot ny\u00fajtottak be azzal a letart\u00f3ztat\u00e1sban l\u00e9v\u0151 f\u00e9rfivel szemben, aki k\u00f3rh\u00e1zi dolgoz\u00f3kat b\u00e1ntalmazott, illetve k\u00f3rh\u00e1zi berendez\u00e9st rong\u00e1lt meg Esztergomban.<\/strong><\/p>\n<p class=\"Default\"><span style=\"font-family: 'Arial',sans-serif;\">A v\u00e1dirat szerint a 24 \u00e9ves f\u00e9rfi 2024. \u00e1prilis 3-\u00e1n az esztergomi k\u00f3rh\u00e1z s\u00fcrg\u0151ss\u00e9gi oszt\u00e1ly\u00e1nak egyik bej\u00e1rat\u00e1n\u00e1l egy \u00e1pol\u00f3t k\u00e9tszer meg\u00fct\u00f6tt, ekkor egy betegsz\u00e1ll\u00edt\u00f3 k\u00f6z\u00e9j\u00fck \u00e1llt, akit szint\u00e9n megpr\u00f3b\u00e1lt meg\u00fctni. Az \u00e1pol\u00f3nak arcz\u00faz\u00f3d\u00e1sa keletkezett, a cselekm\u00e9nynek mintegy 20 f\u0151 volt a szemtan\u00faja.&nbsp;&nbsp; <\/span><\/p>\n<p>Ugyanez a f\u00e9rfi 2024. \u00e1prilis 6-\u00e1n este az esztergomi k\u00f3rh\u00e1z intenz\u00edv oszt\u00e1ly\u00e1ra sz\u00e1nd\u00e9kozott bemenni. Mivel \u0151t oda nem engedt\u00e9k be, d\u00fch\u00e9ben a foly\u00f3s\u00f3n l\u00e9v\u0151 t\u00e1rgyakat kezdte el rong\u00e1lni, az ajt\u00f3t r\u00e1ngatta, \u00fct\u00f6tte, egy szekr\u00e9nyt felbor\u00edtott, egy cserepes vir\u00e1got feld\u00f6nt\u00f6tt, k\u00e9t sz\u00e9ket kidobott az ablakon, valamint egy m\u00e1sik sz\u00e9ket \u00e9s egy radi\u00e1tort is megrong\u00e1lt. A rong\u00e1l\u00e1ssal okozott k\u00e1r 343.540 Ft.<\/p>\n<p><img fetchpriority=\"high\" decoding=\"async\" class=\"alignnone size-full wp-image-61067\" src=\"https:\/\/dorogimedence.hu\/wp-content\/uploads\/2024\/04\/3_3581.jpg\" alt=\"\" width=\"750\" height=\"500\" srcset=\"https:\/\/dorogimedence.hu\/wp-content\/uploads\/2024\/04\/3_3581.jpg 750w, https:\/\/dorogimedence.hu\/wp-content\/uploads\/2024\/04\/3_3581-600x400.jpg 600w, https:\/\/dorogimedence.hu\/wp-content\/uploads\/2024\/04\/3_3581-150x100.jpg 150w, https:\/\/dorogimedence.hu\/wp-content\/uploads\/2024\/04\/3_3581-450x300.jpg 450w, https:\/\/dorogimedence.hu\/wp-content\/uploads\/2024\/04\/3_3581-272x182.jpg 272w\" sizes=\"(max-width: 750px) 100vw, 750px\" \/><\/p>\n<p>Az \u0151rj\u00f6ng\u0151 f\u00e9rfi d\u00fche ezut\u00e1n a k\u00f3rh\u00e1zi szem\u00e9lyzet ellen fordult. Elindult lefel\u00e9 a l\u00e9pcs\u0151n, ahol vele szemben felfel\u00e9 k\u00f6zleked\u0151 \u00e1pol\u00f3ra, \u00e9s beteghord\u00f3ra t\u00e1madt, \u0151ket \u00fctlegelte, az \u00e1pol\u00f3t h\u00e1ton r\u00fagta, mindk\u00e9t s\u00e9rtett legurult a l\u00e9pcs\u0151n. A f\u00e9rfi ut\u00e1nuk ment, \u00e9s testszerte tov\u00e1bb \u00fctlegelte \u0151ket. A hangoskod\u00e1sra felfigyelve \u00e9s ok\u00e1t keresve egy orvos \u00e9rkezett oda, akit az elk\u00f6vet\u0151 \u00f6k\u00f6llel t\u00f6bbsz\u00f6r meg\u00fct\u00f6tt. A menek\u00fcl\u0151 orvost \u00fcld\u00f6zve az elk\u00f6vet\u0151 a seb\u00e9szeti, illetve traumatol\u00f3giai oszt\u00e1lyra pr\u00f3b\u00e1lt bejutni, azok bez\u00e1rt ajtajait \u00fctlegelte. Ezut\u00e1n a f\u00e9rfi az oda\u00e9rkez\u0151 biztons\u00e1gi \u0151rt \u00fct\u00f6tt meg \u00f6k\u00f6llel, aki ez\u00e9rt g\u00e1zsprayvel lef\u00fajta \u0151t. A gar\u00e1zda f\u00e9rfit ezut\u00e1n a helysz\u00ednre \u00e9rkez\u0151 rend\u0151r\u00f6k sokkol\u00f3eszk\u00f6z \u00e9s bilincs alkalmaz\u00e1s\u00e1val f\u00e9kezt\u00e9k meg.<\/p>\n<p>A cselekm\u00e9ny k\u00f6vetkezt\u00e9ben az \u00e1pol\u00f3 3 h\u00f3nap alatt gy\u00f3gyul\u00f3 s\u00e9r\u00fcl\u00e9st szenvedett, \u00e1llapota maradand\u00f3 fogyat\u00e9koss\u00e1gk\u00e9nt \u00e9rt\u00e9kelend\u0151. Az orvosnak okozott s\u00e9r\u00fcl\u00e9sek 2 h\u00f3nap alatt gy\u00f3gyultak, a beteghord\u00f3nak nyolc napon bel\u00fcl gy\u00f3gyul\u00f3 s\u00e9r\u00fcl\u00e9seket okoz\u00f3 cselekm\u00e9ny alkalmas volt enn\u00e9l s\u00falyosabb s\u00e9r\u00fcl\u00e9s okoz\u00e1s\u00e1ra, illetve a biztons\u00e1gi \u0151r nyolc napon bel\u00fcl gy\u00f3gyul\u00f3 s\u00e9r\u00fcl\u00e9st szenvedett.<\/p>\n<p><img decoding=\"async\" class=\"alignnone size-full wp-image-61068\" src=\"https:\/\/dorogimedence.hu\/wp-content\/uploads\/2024\/04\/2_4303.jpg\" alt=\"\" width=\"750\" height=\"500\" srcset=\"https:\/\/dorogimedence.hu\/wp-content\/uploads\/2024\/04\/2_4303.jpg 750w, https:\/\/dorogimedence.hu\/wp-content\/uploads\/2024\/04\/2_4303-600x400.jpg 600w, https:\/\/dorogimedence.hu\/wp-content\/uploads\/2024\/04\/2_4303-150x100.jpg 150w, https:\/\/dorogimedence.hu\/wp-content\/uploads\/2024\/04\/2_4303-450x300.jpg 450w, https:\/\/dorogimedence.hu\/wp-content\/uploads\/2024\/04\/2_4303-272x182.jpg 272w\" sizes=\"(max-width: 750px) 100vw, 750px\" \/><\/p>\n<p>A s\u00falyos testi s\u00e9rt\u00e9s b\u0171ntette, gar\u00e1zdas\u00e1g v\u00e9ts\u00e9ge, rong\u00e1l\u00e1s v\u00e9ts\u00e9ge miatt indult \u00fcgyben az Esztergomi J\u00e1r\u00e1si \u00dcgy\u00e9szs\u00e9g a v\u00e1diratban arra tett ind\u00edtv\u00e1nyt, hogy az Esztergomi J\u00e1r\u00e1sb\u00edr\u00f3s\u00e1g a f\u00e9rfi letart\u00f3ztat\u00e1s\u00e1t tartsa fenn, valamint b\u00f6rt\u00f6nb\u00fcntet\u00e9sre \u00e9s k\u00f6z\u00fcgyekt\u0151l eltilt\u00e1sra \u00edt\u00e9lje, valamint k\u00f6telezze a rong\u00e1l\u00e1ssal okozott k\u00e1r megt\u00e9r\u00edt\u00e9s\u00e9re.<\/p>\n<p><img decoding=\"async\" class=\"alignnone size-full wp-image-61069\" src=\"https:\/\/dorogimedence.hu\/wp-content\/uploads\/2024\/04\/1_6195.jpg\" alt=\"\" width=\"750\" height=\"500\" srcset=\"https:\/\/dorogimedence.hu\/wp-content\/uploads\/2024\/04\/1_6195.jpg 750w, https:\/\/dorogimedence.hu\/wp-content\/uploads\/2024\/04\/1_6195-600x400.jpg 600w, https:\/\/dorogimedence.hu\/wp-content\/uploads\/2024\/04\/1_6195-150x100.jpg 150w, https:\/\/dorogimedence.hu\/wp-content\/uploads\/2024\/04\/1_6195-450x300.jpg 450w, https:\/\/dorogimedence.hu\/wp-content\/uploads\/2024\/04\/1_6195-272x182.jpg 272w\" sizes=\"(max-width: 750px) 100vw, 750px\" \/><\/p>\n<p><em>Forr\u00e1s: Kom\u00e1rom-Esztergom V\u00e1rmegyei F\u0151\u00fcgy\u00e9szs\u00e9g<\/em><br \/>\n<em>Fot\u00f3k: police.hu<\/em><\/p>\n","protected":false},"excerpt":{"rendered":"<p>V\u00e1diratot ny\u00fajtottak be azzal a letart\u00f3ztat\u00e1sban l\u00e9v\u0151 f\u00e9rfivel szemben, aki k\u00f3rh\u00e1zi dolgoz\u00f3kat b\u00e1ntalmazott, illetve k\u00f3rh\u00e1zi berendez\u00e9st rong\u00e1lt meg Esztergomban. A v\u00e1dirat szerint a 24 \u00e9ves f\u00e9rfi 2024. \u00e1prilis 3-\u00e1n az esztergomi k\u00f3rh\u00e1z s\u00fcrg\u0151ss\u00e9gi oszt\u00e1ly\u00e1nak egyik bej\u00e1rat\u00e1n\u00e1l egy \u00e1pol\u00f3t k\u00e9tszer meg\u00fct\u00f6tt, ekkor egy betegsz\u00e1ll\u00edt\u00f3 k\u00f6z\u00e9j\u00fck \u00e1llt, akit szint\u00e9n megpr\u00f3b\u00e1lt meg\u00fctni. Az \u00e1pol\u00f3nak arcz\u00faz\u00f3d\u00e1sa keletkezett, a cselekm\u00e9nynek<\/p>\n","protected":false},"author":1,"featured_media":61066,"comment_status":"closed","ping_status":"closed","sticky":false,"template":"","format":"standard","meta":{"ngg_post_thumbnail":0,"footnotes":""},"categories":[38,3,39],"tags":[712,1042,63,42,61,326],"class_list":{"0":"post-67482","1":"post","2":"type-post","3":"status-publish","4":"format-standard","5":"has-post-thumbnail","7":"category-esztergom","8":"category-hirek","9":"category-kek-hirek","10":"tag-bantalmazas","11":"tag-birosag","12":"tag-buncselekmeny","13":"tag-esztergom","14":"tag-rendorsegi-hirek","15":"tag-ugyeszseg"},"yoast_head":"<!-- This site is optimized with the Yoast SEO plugin v27.5 - https:\/\/yoast.com\/product\/yoast-seo-wordpress\/ -->\n<title>\u00dct\u00f6tte-verte a k\u00f3rh\u00e1zi dolgoz\u00f3kat a d\u00fch\u00f6s f\u00e9rfi<\/title>\n<meta name=\"robots\" content=\"index, follow, max-snippet:-1, max-image-preview:large, max-video-preview:-1\" \/>\n<link rel=\"canonical\" href=\"https:\/\/dorogimedence.hu\/index.php\/2024\/12\/12\/utotte-verte-a-korhazi-dolgozokat-a-duhos-ferfi-4\/\" class=\"yoast-seo-meta-tag\" \/>\n<meta property=\"og:locale\" content=\"hu_HU\" class=\"yoast-seo-meta-tag\" \/>\n<meta property=\"og:type\" content=\"article\" class=\"yoast-seo-meta-tag\" \/>\n<meta property=\"og:title\" content=\"\u00dct\u00f6tte-verte a k\u00f3rh\u00e1zi dolgoz\u00f3kat a d\u00fch\u00f6s f\u00e9rfi\" class=\"yoast-seo-meta-tag\" \/>\n<meta property=\"og:description\" content=\"V\u00e1diratot ny\u00fajtottak be azzal a letart\u00f3ztat\u00e1sban l\u00e9v\u0151 f\u00e9rfivel szemben, aki k\u00f3rh\u00e1zi dolgoz\u00f3kat b\u00e1ntalmazott, illetve k\u00f3rh\u00e1zi berendez\u00e9st rong\u00e1lt meg Esztergomban. A v\u00e1dirat szerint a 24 \u00e9ves f\u00e9rfi 2024. \u00e1prilis 3-\u00e1n az esztergomi k\u00f3rh\u00e1z s\u00fcrg\u0151ss\u00e9gi oszt\u00e1ly\u00e1nak egyik bej\u00e1rat\u00e1n\u00e1l egy \u00e1pol\u00f3t k\u00e9tszer meg\u00fct\u00f6tt, ekkor egy betegsz\u00e1ll\u00edt\u00f3 k\u00f6z\u00e9j\u00fck \u00e1llt, akit szint\u00e9n megpr\u00f3b\u00e1lt meg\u00fctni. Az \u00e1pol\u00f3nak arcz\u00faz\u00f3d\u00e1sa keletkezett, a cselekm\u00e9nynek\" class=\"yoast-seo-meta-tag\" \/>\n<meta property=\"og:url\" content=\"https:\/\/dorogimedence.hu\/index.php\/2024\/12\/12\/utotte-verte-a-korhazi-dolgozokat-a-duhos-ferfi-4\/\" class=\"yoast-seo-meta-tag\" \/>\n<meta property=\"og:site_name\" content=\"Dorogi-medence Region\u00e1lis H\u00edrport\u00e1l\" class=\"yoast-seo-meta-tag\" \/>\n<meta property=\"article:publisher\" content=\"https:\/\/www.facebook.com\/dorogimedence\/\" class=\"yoast-seo-meta-tag\" \/>\n<meta property=\"article:published_time\" content=\"2024-12-12T10:41:19+00:00\" class=\"yoast-seo-meta-tag\" \/>\n<meta property=\"article:modified_time\" content=\"2024-12-12T10:47:33+00:00\" class=\"yoast-seo-meta-tag\" \/>\n<meta property=\"og:image\" content=\"https:\/\/dorogimedence.hu\/wp-content\/uploads\/2024\/04\/lead_3012.jpg\" class=\"yoast-seo-meta-tag\" \/>\n\t<meta property=\"og:image:width\" content=\"750\" class=\"yoast-seo-meta-tag\" \/>\n\t<meta property=\"og:image:height\" content=\"500\" class=\"yoast-seo-meta-tag\" \/>\n\t<meta property=\"og:image:type\" content=\"image\/jpeg\" class=\"yoast-seo-meta-tag\" \/>\n<meta name=\"author\" content=\"dorogimedence.hu\" class=\"yoast-seo-meta-tag\" \/>\n<meta name=\"twitter:card\" content=\"summary_large_image\" class=\"yoast-seo-meta-tag\" \/>\n<meta name=\"twitter:label1\" content=\"Szerz\u0151:\" class=\"yoast-seo-meta-tag\" \/>\n\t<meta name=\"twitter:data1\" content=\"dorogimedence.hu\" class=\"yoast-seo-meta-tag\" \/>\n\t<meta name=\"twitter:label2\" content=\"Becs\u00fclt olvas\u00e1si id\u0151\" class=\"yoast-seo-meta-tag\" \/>\n\t<meta name=\"twitter:data2\" content=\"3 perc\" class=\"yoast-seo-meta-tag\" \/>\n<script type=\"application\/ld+json\" class=\"yoast-schema-graph\">{\"@context\":\"https:\\\/\\\/schema.org\",\"@graph\":[{\"@type\":\"Article\",\"@id\":\"https:\\\/\\\/dorogimedence.hu\\\/index.php\\\/2024\\\/12\\\/12\\\/utotte-verte-a-korhazi-dolgozokat-a-duhos-ferfi-4\\\/#article\",\"isPartOf\":{\"@id\":\"https:\\\/\\\/dorogimedence.hu\\\/index.php\\\/2024\\\/12\\\/12\\\/utotte-verte-a-korhazi-dolgozokat-a-duhos-ferfi-4\\\/\"},\"author\":{\"name\":\"dorogimedence.hu\",\"@id\":\"https:\\\/\\\/dorogimedence.hu\\\/#\\\/schema\\\/person\\\/ce6091eeb7e95ecdc87890d6aa8e0fd4\"},\"headline\":\"\u00dct\u00f6tte-verte a k\u00f3rh\u00e1zi dolgoz\u00f3kat a d\u00fch\u00f6s f\u00e9rfi\",\"datePublished\":\"2024-12-12T10:41:19+00:00\",\"dateModified\":\"2024-12-12T10:47:33+00:00\",\"mainEntityOfPage\":{\"@id\":\"https:\\\/\\\/dorogimedence.hu\\\/index.php\\\/2024\\\/12\\\/12\\\/utotte-verte-a-korhazi-dolgozokat-a-duhos-ferfi-4\\\/\"},\"wordCount\":562,\"publisher\":{\"@id\":\"https:\\\/\\\/dorogimedence.hu\\\/#organization\"},\"image\":{\"@id\":\"https:\\\/\\\/dorogimedence.hu\\\/index.php\\\/2024\\\/12\\\/12\\\/utotte-verte-a-korhazi-dolgozokat-a-duhos-ferfi-4\\\/#primaryimage\"},\"thumbnailUrl\":\"https:\\\/\\\/dorogimedence.hu\\\/wp-content\\\/uploads\\\/2024\\\/04\\\/lead_3012.jpg\",\"keywords\":[\"b\u00e1ntalmaz\u00e1s\",\"b\u00edr\u00f3s\u00e1g\",\"b\u0171ncselekm\u00e9ny\",\"esztergom\",\"rend\u0151rs\u00e9gi h\u00edrek\",\"\u00fcgy\u00e9szs\u00e9g\"],\"articleSection\":[\"Esztergom\",\"H\u00edrek\",\"K\u00e9k h\u00edrek\"],\"inLanguage\":\"hu\"},{\"@type\":\"WebPage\",\"@id\":\"https:\\\/\\\/dorogimedence.hu\\\/index.php\\\/2024\\\/12\\\/12\\\/utotte-verte-a-korhazi-dolgozokat-a-duhos-ferfi-4\\\/\",\"url\":\"https:\\\/\\\/dorogimedence.hu\\\/index.php\\\/2024\\\/12\\\/12\\\/utotte-verte-a-korhazi-dolgozokat-a-duhos-ferfi-4\\\/\",\"name\":\"\u00dct\u00f6tte-verte a k\u00f3rh\u00e1zi dolgoz\u00f3kat a d\u00fch\u00f6s f\u00e9rfi\",\"isPartOf\":{\"@id\":\"https:\\\/\\\/dorogimedence.hu\\\/#website\"},\"primaryImageOfPage\":{\"@id\":\"https:\\\/\\\/dorogimedence.hu\\\/index.php\\\/2024\\\/12\\\/12\\\/utotte-verte-a-korhazi-dolgozokat-a-duhos-ferfi-4\\\/#primaryimage\"},\"image\":{\"@id\":\"https:\\\/\\\/dorogimedence.hu\\\/index.php\\\/2024\\\/12\\\/12\\\/utotte-verte-a-korhazi-dolgozokat-a-duhos-ferfi-4\\\/#primaryimage\"},\"thumbnailUrl\":\"https:\\\/\\\/dorogimedence.hu\\\/wp-content\\\/uploads\\\/2024\\\/04\\\/lead_3012.jpg\",\"datePublished\":\"2024-12-12T10:41:19+00:00\",\"dateModified\":\"2024-12-12T10:47:33+00:00\",\"breadcrumb\":{\"@id\":\"https:\\\/\\\/dorogimedence.hu\\\/index.php\\\/2024\\\/12\\\/12\\\/utotte-verte-a-korhazi-dolgozokat-a-duhos-ferfi-4\\\/#breadcrumb\"},\"inLanguage\":\"hu\",\"potentialAction\":[{\"@type\":\"ReadAction\",\"target\":[\"https:\\\/\\\/dorogimedence.hu\\\/index.php\\\/2024\\\/12\\\/12\\\/utotte-verte-a-korhazi-dolgozokat-a-duhos-ferfi-4\\\/\"]}]},{\"@type\":\"ImageObject\",\"inLanguage\":\"hu\",\"@id\":\"https:\\\/\\\/dorogimedence.hu\\\/index.php\\\/2024\\\/12\\\/12\\\/utotte-verte-a-korhazi-dolgozokat-a-duhos-ferfi-4\\\/#primaryimage\",\"url\":\"https:\\\/\\\/dorogimedence.hu\\\/wp-content\\\/uploads\\\/2024\\\/04\\\/lead_3012.jpg\",\"contentUrl\":\"https:\\\/\\\/dorogimedence.hu\\\/wp-content\\\/uploads\\\/2024\\\/04\\\/lead_3012.jpg\",\"width\":750,\"height\":500},{\"@type\":\"BreadcrumbList\",\"@id\":\"https:\\\/\\\/dorogimedence.hu\\\/index.php\\\/2024\\\/12\\\/12\\\/utotte-verte-a-korhazi-dolgozokat-a-duhos-ferfi-4\\\/#breadcrumb\",\"itemListElement\":[{\"@type\":\"ListItem\",\"position\":1,\"name\":\"Kezd\u0151lap\",\"item\":\"https:\\\/\\\/dorogimedence.hu\\\/\"},{\"@type\":\"ListItem\",\"position\":2,\"name\":\"\u00dct\u00f6tte-verte a k\u00f3rh\u00e1zi dolgoz\u00f3kat a d\u00fch\u00f6s f\u00e9rfi\"}]},{\"@type\":\"WebSite\",\"@id\":\"https:\\\/\\\/dorogimedence.hu\\\/#website\",\"url\":\"https:\\\/\\\/dorogimedence.hu\\\/\",\"name\":\"Dorogi-medence Region\u00e1lis H\u00edrport\u00e1l\",\"description\":\"Dorog, Keszt\u00f6lc, Le\u00e1nyv\u00e1r, Piliscs\u00e9v, Tokod, Tokodalt\u00e1r\u00f3, Csolnok, Esztergom-kertv\u00e1ros: h\u00edrek, programok\",\"publisher\":{\"@id\":\"https:\\\/\\\/dorogimedence.hu\\\/#organization\"},\"potentialAction\":[{\"@type\":\"SearchAction\",\"target\":{\"@type\":\"EntryPoint\",\"urlTemplate\":\"https:\\\/\\\/dorogimedence.hu\\\/?s={search_term_string}\"},\"query-input\":{\"@type\":\"PropertyValueSpecification\",\"valueRequired\":true,\"valueName\":\"search_term_string\"}}],\"inLanguage\":\"hu\"},{\"@type\":\"Organization\",\"@id\":\"https:\\\/\\\/dorogimedence.hu\\\/#organization\",\"name\":\"Dorogi-medence Region\u00e1lis H\u00edrport\u00e1l\",\"url\":\"https:\\\/\\\/dorogimedence.hu\\\/\",\"logo\":{\"@type\":\"ImageObject\",\"inLanguage\":\"hu\",\"@id\":\"https:\\\/\\\/dorogimedence.hu\\\/#\\\/schema\\\/logo\\\/image\\\/\",\"url\":\"https:\\\/\\\/dorogimedence.hu\\\/wp-content\\\/uploads\\\/2021\\\/04\\\/logo-feher-600.png\",\"contentUrl\":\"https:\\\/\\\/dorogimedence.hu\\\/wp-content\\\/uploads\\\/2021\\\/04\\\/logo-feher-600.png\",\"width\":600,\"height\":100,\"caption\":\"Dorogi-medence Region\u00e1lis H\u00edrport\u00e1l\"},\"image\":{\"@id\":\"https:\\\/\\\/dorogimedence.hu\\\/#\\\/schema\\\/logo\\\/image\\\/\"},\"sameAs\":[\"https:\\\/\\\/www.facebook.com\\\/dorogimedence\\\/\"]},{\"@type\":\"Person\",\"@id\":\"https:\\\/\\\/dorogimedence.hu\\\/#\\\/schema\\\/person\\\/ce6091eeb7e95ecdc87890d6aa8e0fd4\",\"name\":\"dorogimedence.hu\",\"image\":{\"@type\":\"ImageObject\",\"inLanguage\":\"hu\",\"@id\":\"\\\/\\\/www.gravatar.com\\\/avatar\\\/d8d45f8901aadff40a4af72c0b826f1d?s=96&#038;r=g&#038;d=mm\",\"url\":\"\\\/\\\/www.gravatar.com\\\/avatar\\\/d8d45f8901aadff40a4af72c0b826f1d?s=96&#038;r=g&#038;d=mm\",\"contentUrl\":\"\\\/\\\/www.gravatar.com\\\/avatar\\\/d8d45f8901aadff40a4af72c0b826f1d?s=96&#038;r=g&#038;d=mm\",\"caption\":\"dorogimedence.hu\"}}]}<\/script>\n<!-- \/ Yoast SEO plugin. -->","yoast_head_json":{"title":"\u00dct\u00f6tte-verte a k\u00f3rh\u00e1zi dolgoz\u00f3kat a d\u00fch\u00f6s f\u00e9rfi","robots":{"index":"index","follow":"follow","max-snippet":"max-snippet:-1","max-image-preview":"max-image-preview:large","max-video-preview":"max-video-preview:-1"},"canonical":"https:\/\/dorogimedence.hu\/index.php\/2024\/12\/12\/utotte-verte-a-korhazi-dolgozokat-a-duhos-ferfi-4\/","og_locale":"hu_HU","og_type":"article","og_title":"\u00dct\u00f6tte-verte a k\u00f3rh\u00e1zi dolgoz\u00f3kat a d\u00fch\u00f6s f\u00e9rfi","og_description":"V\u00e1diratot ny\u00fajtottak be azzal a letart\u00f3ztat\u00e1sban l\u00e9v\u0151 f\u00e9rfivel szemben, aki k\u00f3rh\u00e1zi dolgoz\u00f3kat b\u00e1ntalmazott, illetve k\u00f3rh\u00e1zi berendez\u00e9st rong\u00e1lt meg Esztergomban. A v\u00e1dirat szerint a 24 \u00e9ves f\u00e9rfi 2024. \u00e1prilis 3-\u00e1n az esztergomi k\u00f3rh\u00e1z s\u00fcrg\u0151ss\u00e9gi oszt\u00e1ly\u00e1nak egyik bej\u00e1rat\u00e1n\u00e1l egy \u00e1pol\u00f3t k\u00e9tszer meg\u00fct\u00f6tt, ekkor egy betegsz\u00e1ll\u00edt\u00f3 k\u00f6z\u00e9j\u00fck \u00e1llt, akit szint\u00e9n megpr\u00f3b\u00e1lt meg\u00fctni. Az \u00e1pol\u00f3nak arcz\u00faz\u00f3d\u00e1sa keletkezett, a cselekm\u00e9nynek","og_url":"https:\/\/dorogimedence.hu\/index.php\/2024\/12\/12\/utotte-verte-a-korhazi-dolgozokat-a-duhos-ferfi-4\/","og_site_name":"Dorogi-medence Region\u00e1lis H\u00edrport\u00e1l","article_publisher":"https:\/\/www.facebook.com\/dorogimedence\/","article_published_time":"2024-12-12T10:41:19+00:00","article_modified_time":"2024-12-12T10:47:33+00:00","og_image":[{"width":750,"height":500,"url":"https:\/\/dorogimedence.hu\/wp-content\/uploads\/2024\/04\/lead_3012.jpg","type":"image\/jpeg"}],"author":"dorogimedence.hu","twitter_card":"summary_large_image","twitter_misc":{"Szerz\u0151:":"dorogimedence.hu","Becs\u00fclt olvas\u00e1si id\u0151":"3 perc"},"schema":{"@context":"https:\/\/schema.org","@graph":[{"@type":"Article","@id":"https:\/\/dorogimedence.hu\/index.php\/2024\/12\/12\/utotte-verte-a-korhazi-dolgozokat-a-duhos-ferfi-4\/#article","isPartOf":{"@id":"https:\/\/dorogimedence.hu\/index.php\/2024\/12\/12\/utotte-verte-a-korhazi-dolgozokat-a-duhos-ferfi-4\/"},"author":{"name":"dorogimedence.hu","@id":"https:\/\/dorogimedence.hu\/#\/schema\/person\/ce6091eeb7e95ecdc87890d6aa8e0fd4"},"headline":"\u00dct\u00f6tte-verte a k\u00f3rh\u00e1zi dolgoz\u00f3kat a d\u00fch\u00f6s f\u00e9rfi","datePublished":"2024-12-12T10:41:19+00:00","dateModified":"2024-12-12T10:47:33+00:00","mainEntityOfPage":{"@id":"https:\/\/dorogimedence.hu\/index.php\/2024\/12\/12\/utotte-verte-a-korhazi-dolgozokat-a-duhos-ferfi-4\/"},"wordCount":562,"publisher":{"@id":"https:\/\/dorogimedence.hu\/#organization"},"image":{"@id":"https:\/\/dorogimedence.hu\/index.php\/2024\/12\/12\/utotte-verte-a-korhazi-dolgozokat-a-duhos-ferfi-4\/#primaryimage"},"thumbnailUrl":"https:\/\/dorogimedence.hu\/wp-content\/uploads\/2024\/04\/lead_3012.jpg","keywords":["b\u00e1ntalmaz\u00e1s","b\u00edr\u00f3s\u00e1g","b\u0171ncselekm\u00e9ny","esztergom","rend\u0151rs\u00e9gi h\u00edrek","\u00fcgy\u00e9szs\u00e9g"],"articleSection":["Esztergom","H\u00edrek","K\u00e9k h\u00edrek"],"inLanguage":"hu"},{"@type":"WebPage","@id":"https:\/\/dorogimedence.hu\/index.php\/2024\/12\/12\/utotte-verte-a-korhazi-dolgozokat-a-duhos-ferfi-4\/","url":"https:\/\/dorogimedence.hu\/index.php\/2024\/12\/12\/utotte-verte-a-korhazi-dolgozokat-a-duhos-ferfi-4\/","name":"\u00dct\u00f6tte-verte a k\u00f3rh\u00e1zi dolgoz\u00f3kat a d\u00fch\u00f6s f\u00e9rfi","isPartOf":{"@id":"https:\/\/dorogimedence.hu\/#website"},"primaryImageOfPage":{"@id":"https:\/\/dorogimedence.hu\/index.php\/2024\/12\/12\/utotte-verte-a-korhazi-dolgozokat-a-duhos-ferfi-4\/#primaryimage"},"image":{"@id":"https:\/\/dorogimedence.hu\/index.php\/2024\/12\/12\/utotte-verte-a-korhazi-dolgozokat-a-duhos-ferfi-4\/#primaryimage"},"thumbnailUrl":"https:\/\/dorogimedence.hu\/wp-content\/uploads\/2024\/04\/lead_3012.jpg","datePublished":"2024-12-12T10:41:19+00:00","dateModified":"2024-12-12T10:47:33+00:00","breadcrumb":{"@id":"https:\/\/dorogimedence.hu\/index.php\/2024\/12\/12\/utotte-verte-a-korhazi-dolgozokat-a-duhos-ferfi-4\/#breadcrumb"},"inLanguage":"hu","potentialAction":[{"@type":"ReadAction","target":["https:\/\/dorogimedence.hu\/index.php\/2024\/12\/12\/utotte-verte-a-korhazi-dolgozokat-a-duhos-ferfi-4\/"]}]},{"@type":"ImageObject","inLanguage":"hu","@id":"https:\/\/dorogimedence.hu\/index.php\/2024\/12\/12\/utotte-verte-a-korhazi-dolgozokat-a-duhos-ferfi-4\/#primaryimage","url":"https:\/\/dorogimedence.hu\/wp-content\/uploads\/2024\/04\/lead_3012.jpg","contentUrl":"https:\/\/dorogimedence.hu\/wp-content\/uploads\/2024\/04\/lead_3012.jpg","width":750,"height":500},{"@type":"BreadcrumbList","@id":"https:\/\/dorogimedence.hu\/index.php\/2024\/12\/12\/utotte-verte-a-korhazi-dolgozokat-a-duhos-ferfi-4\/#breadcrumb","itemListElement":[{"@type":"ListItem","position":1,"name":"Kezd\u0151lap","item":"https:\/\/dorogimedence.hu\/"},{"@type":"ListItem","position":2,"name":"\u00dct\u00f6tte-verte a k\u00f3rh\u00e1zi dolgoz\u00f3kat a d\u00fch\u00f6s f\u00e9rfi"}]},{"@type":"WebSite","@id":"https:\/\/dorogimedence.hu\/#website","url":"https:\/\/dorogimedence.hu\/","name":"Dorogi-medence Region\u00e1lis H\u00edrport\u00e1l","description":"Dorog, Keszt\u00f6lc, Le\u00e1nyv\u00e1r, Piliscs\u00e9v, Tokod, Tokodalt\u00e1r\u00f3, Csolnok, Esztergom-kertv\u00e1ros: h\u00edrek, programok","publisher":{"@id":"https:\/\/dorogimedence.hu\/#organization"},"potentialAction":[{"@type":"SearchAction","target":{"@type":"EntryPoint","urlTemplate":"https:\/\/dorogimedence.hu\/?s={search_term_string}"},"query-input":{"@type":"PropertyValueSpecification","valueRequired":true,"valueName":"search_term_string"}}],"inLanguage":"hu"},{"@type":"Organization","@id":"https:\/\/dorogimedence.hu\/#organization","name":"Dorogi-medence Region\u00e1lis H\u00edrport\u00e1l","url":"https:\/\/dorogimedence.hu\/","logo":{"@type":"ImageObject","inLanguage":"hu","@id":"https:\/\/dorogimedence.hu\/#\/schema\/logo\/image\/","url":"https:\/\/dorogimedence.hu\/wp-content\/uploads\/2021\/04\/logo-feher-600.png","contentUrl":"https:\/\/dorogimedence.hu\/wp-content\/uploads\/2021\/04\/logo-feher-600.png","width":600,"height":100,"caption":"Dorogi-medence Region\u00e1lis H\u00edrport\u00e1l"},"image":{"@id":"https:\/\/dorogimedence.hu\/#\/schema\/logo\/image\/"},"sameAs":["https:\/\/www.facebook.com\/dorogimedence\/"]},{"@type":"Person","@id":"https:\/\/dorogimedence.hu\/#\/schema\/person\/ce6091eeb7e95ecdc87890d6aa8e0fd4","name":"dorogimedence.hu","image":{"@type":"ImageObject","inLanguage":"hu","@id":"\/\/www.gravatar.com\/avatar\/d8d45f8901aadff40a4af72c0b826f1d?s=96&#038;r=g&#038;d=mm","url":"\/\/www.gravatar.com\/avatar\/d8d45f8901aadff40a4af72c0b826f1d?s=96&#038;r=g&#038;d=mm","contentUrl":"\/\/www.gravatar.com\/avatar\/d8d45f8901aadff40a4af72c0b826f1d?s=96&#038;r=g&#038;d=mm","caption":"dorogimedence.hu"}}]}},"_links":{"self":[{"href":"https:\/\/dorogimedence.hu\/index.php\/wp-json\/wp\/v2\/posts\/67482","targetHints":{"allow":["GET"]}}],"collection":[{"href":"https:\/\/dorogimedence.hu\/index.php\/wp-json\/wp\/v2\/posts"}],"about":[{"href":"https:\/\/dorogimedence.hu\/index.php\/wp-json\/wp\/v2\/types\/post"}],"author":[{"embeddable":true,"href":"https:\/\/dorogimedence.hu\/index.php\/wp-json\/wp\/v2\/users\/1"}],"replies":[{"embeddable":true,"href":"https:\/\/dorogimedence.hu\/index.php\/wp-json\/wp\/v2\/comments?post=67482"}],"version-history":[{"count":0,"href":"https:\/\/dorogimedence.hu\/index.php\/wp-json\/wp\/v2\/posts\/67482\/revisions"}],"wp:featuredmedia":[{"embeddable":true,"href":"https:\/\/dorogimedence.hu\/index.php\/wp-json\/wp\/v2\/media\/61066"}],"wp:attachment":[{"href":"https:\/\/dorogimedence.hu\/index.php\/wp-json\/wp\/v2\/media?parent=67482"}],"wp:term":[{"taxonomy":"category","embeddable":true,"href":"https:\/\/dorogimedence.hu\/index.php\/wp-json\/wp\/v2\/categories?post=67482"},{"taxonomy":"post_tag","embeddable":true,"href":"https:\/\/dorogimedence.hu\/index.php\/wp-json\/wp\/v2\/tags?post=67482"}],"curies":[{"name":"wp","href":"https:\/\/api.w.org\/{rel}","templated":true}]}}