{"id":67404,"date":"2024-12-09T09:46:44","date_gmt":"2024-12-09T08:46:44","guid":{"rendered":"https:\/\/dorogimedence.hu\/?p=67404"},"modified":"2024-12-09T09:46:44","modified_gmt":"2024-12-09T08:46:44","slug":"adventi-kalendariumot-hiv-vissza-a-lidl","status":"publish","type":"post","link":"https:\/\/dorogimedence.hu\/index.php\/2024\/12\/09\/adventi-kalendariumot-hiv-vissza-a-lidl\/","title":{"rendered":"Adventi kalend\u00e1riumot h\u00edv vissza a Lidl"},"content":{"rendered":"<p><strong>\u00c9rz\u00e9kszervi elt\u00e9r\u00e9s miatt visszah\u00edvj\u00e1k \u00e9s kivonj\u00e1k a forgalomb\u00f3l a Lidl Magyarorsz\u00e1g Bt. \u00e1ltal forgalmazott 75 grammos kiszerel\u00e9s\u0171 Adventi kalend\u00e1riumot<\/strong> <em>&#8211; k\u00f6z\u00f6lte a Nemzeti \u00c9lelmiszerl\u00e1nc-biztons\u00e1gi Hivatal (N\u00e9bih) a <a href=\"https:\/\/portal.nebih.gov.hu\/l\/termekvisszahivas\/1418399406\" target=\"_blank\" rel=\"noopener\"><span style=\"text-decoration: underline; color: #0000ff;\">honlapj\u00e1n<\/span><\/a>.<\/em><\/p>\n<p><strong>Term\u00e9k neve:<\/strong> Adventi kalend\u00e1rium, 75 g<\/p>\n<p><strong>Probl\u00e9ma jellege:<\/strong> \u00e9rz\u00e9kszervi elt\u00e9r\u00e9s<\/p>\n<p><strong>Min\u0151s\u00e9gmeg\u0151rz\u00e9si id\u0151:<\/strong> minden min\u0151s\u00e9gmeg\u0151rz\u00e9si id\u0151<\/p>\n<p><strong>T\u00e9telsz\u00e1m:<\/strong> minden t\u00e9tel<\/p>\n<p><strong>Int\u00e9zked\u00e9s:<\/strong> Term\u00e9kvisszah\u00edv\u00e1s, forgalomb\u00f3l kivon\u00e1s<\/p>\n<p><strong>Gy\u00e1rt\u00f3:<\/strong> Milano sp. z o.o.<\/p>\n<p><strong>Bejelent\u0151\/Forgalmaz\u00f3:<\/strong> Lidl Magyarorsz\u00e1g Bt.<\/p>\n<p>A N\u00e9bih k\u00e9ri a v\u00e1s\u00e1rl\u00f3kat, hogy az al\u00e1bbi azonos\u00edt\u00f3 adatokkal megegyez\u0151 term\u00e9keket ne fogyassz\u00e1k el! A term\u00e9kvisszah\u00edv\u00e1s kiz\u00e1r\u00f3lag a fenti adatokkal azonos\u00edtott term\u00e9kekre vonatkozik.<\/p>\n<p>Az \u00e9rintett term\u00e9kek b\u00e1rmelyik Lidl \u00fczletbe visszavihet\u0151k, a term\u00e9kek \u00e1r\u00e1t blokk n\u00e9lk\u00fcl is visszat\u00e9r\u00edtik. A Lidl Magyarorsz\u00e1g Bt. <a href=\"https:\/\/www.lidl.hu\/\" target=\"_blank\" rel=\"noopener\"><span style=\"text-decoration: underline; color: #0000ff;\">honlapj\u00e1n<\/span><\/a> t\u00e1j\u00e9koztatta v\u00e1s\u00e1rl\u00f3it, ide kattintva tekintheti meg a visszah\u00edv\u00e1sr\u00f3l sz\u00f3l\u00f3 inform\u00e1ci\u00f3kat.<\/p>\n<p><em>Forr\u00e1s: N\u00e9bih<\/em><\/p>\n","protected":false},"excerpt":{"rendered":"<p>\u00c9rz\u00e9kszervi elt\u00e9r\u00e9s miatt visszah\u00edvj\u00e1k \u00e9s kivonj\u00e1k a forgalomb\u00f3l a Lidl Magyarorsz\u00e1g Bt. \u00e1ltal forgalmazott 75 grammos kiszerel\u00e9s\u0171 Adventi kalend\u00e1riumot &#8211; k\u00f6z\u00f6lte a Nemzeti \u00c9lelmiszerl\u00e1nc-biztons\u00e1gi Hivatal (N\u00e9bih) a honlapj\u00e1n. Term\u00e9k neve: Adventi kalend\u00e1rium, 75 g Probl\u00e9ma jellege: \u00e9rz\u00e9kszervi elt\u00e9r\u00e9s Min\u0151s\u00e9gmeg\u0151rz\u00e9si id\u0151: minden min\u0151s\u00e9gmeg\u0151rz\u00e9si id\u0151 T\u00e9telsz\u00e1m: minden t\u00e9tel Int\u00e9zked\u00e9s: Term\u00e9kvisszah\u00edv\u00e1s, forgalomb\u00f3l kivon\u00e1s Gy\u00e1rt\u00f3: Milano sp. z o.o.<\/p>\n","protected":false},"author":1,"featured_media":67405,"comment_status":"closed","ping_status":"closed","sticky":false,"template":"","format":"standard","meta":{"ngg_post_thumbnail":0,"footnotes":""},"categories":[6934,3],"tags":[4629,757,2756],"class_list":{"0":"post-67404","1":"post","2":"type-post","3":"status-publish","4":"format-standard","5":"has-post-thumbnail","7":"category-belfold","8":"category-hirek","9":"tag-lidl","10":"tag-nebih","11":"tag-termekvisszahivas"},"yoast_head":"<!-- This site is optimized with the Yoast SEO plugin v27.5 - https:\/\/yoast.com\/product\/yoast-seo-wordpress\/ -->\n<title>Adventi kalend\u00e1riumot h\u00edv vissza a Lidl<\/title>\n<meta name=\"robots\" content=\"index, follow, max-snippet:-1, max-image-preview:large, max-video-preview:-1\" \/>\n<link rel=\"canonical\" href=\"https:\/\/dorogimedence.hu\/index.php\/2024\/12\/09\/adventi-kalendariumot-hiv-vissza-a-lidl\/\" class=\"yoast-seo-meta-tag\" \/>\n<meta property=\"og:locale\" content=\"hu_HU\" class=\"yoast-seo-meta-tag\" \/>\n<meta property=\"og:type\" content=\"article\" class=\"yoast-seo-meta-tag\" \/>\n<meta property=\"og:title\" content=\"Adventi kalend\u00e1riumot h\u00edv vissza a Lidl\" class=\"yoast-seo-meta-tag\" \/>\n<meta property=\"og:description\" content=\"\u00c9rz\u00e9kszervi elt\u00e9r\u00e9s miatt visszah\u00edvj\u00e1k \u00e9s kivonj\u00e1k a forgalomb\u00f3l a Lidl Magyarorsz\u00e1g Bt. \u00e1ltal forgalmazott 75 grammos kiszerel\u00e9s\u0171 Adventi kalend\u00e1riumot &#8211; k\u00f6z\u00f6lte a Nemzeti \u00c9lelmiszerl\u00e1nc-biztons\u00e1gi Hivatal (N\u00e9bih) a honlapj\u00e1n. Term\u00e9k neve: Adventi kalend\u00e1rium, 75 g Probl\u00e9ma jellege: \u00e9rz\u00e9kszervi elt\u00e9r\u00e9s Min\u0151s\u00e9gmeg\u0151rz\u00e9si id\u0151: minden min\u0151s\u00e9gmeg\u0151rz\u00e9si id\u0151 T\u00e9telsz\u00e1m: minden t\u00e9tel Int\u00e9zked\u00e9s: Term\u00e9kvisszah\u00edv\u00e1s, forgalomb\u00f3l kivon\u00e1s Gy\u00e1rt\u00f3: Milano sp. z o.o.\" class=\"yoast-seo-meta-tag\" \/>\n<meta property=\"og:url\" content=\"https:\/\/dorogimedence.hu\/index.php\/2024\/12\/09\/adventi-kalendariumot-hiv-vissza-a-lidl\/\" class=\"yoast-seo-meta-tag\" \/>\n<meta property=\"og:site_name\" content=\"Dorogi-medence Region\u00e1lis H\u00edrport\u00e1l\" class=\"yoast-seo-meta-tag\" \/>\n<meta property=\"article:publisher\" content=\"https:\/\/www.facebook.com\/dorogimedence\/\" class=\"yoast-seo-meta-tag\" \/>\n<meta property=\"article:published_time\" content=\"2024-12-09T08:46:44+00:00\" class=\"yoast-seo-meta-tag\" \/>\n<meta property=\"og:image\" content=\"https:\/\/dorogimedence.hu\/wp-content\/uploads\/2024\/12\/adventi-kalendarium.jpg\" class=\"yoast-seo-meta-tag\" \/>\n\t<meta property=\"og:image:width\" content=\"1920\" class=\"yoast-seo-meta-tag\" \/>\n\t<meta property=\"og:image:height\" content=\"970\" class=\"yoast-seo-meta-tag\" \/>\n\t<meta property=\"og:image:type\" content=\"image\/jpeg\" class=\"yoast-seo-meta-tag\" \/>\n<meta name=\"author\" content=\"dorogimedence.hu\" class=\"yoast-seo-meta-tag\" \/>\n<meta name=\"twitter:card\" content=\"summary_large_image\" class=\"yoast-seo-meta-tag\" \/>\n<meta name=\"twitter:label1\" content=\"Szerz\u0151:\" class=\"yoast-seo-meta-tag\" \/>\n\t<meta name=\"twitter:data1\" content=\"dorogimedence.hu\" class=\"yoast-seo-meta-tag\" \/>\n\t<meta name=\"twitter:label2\" content=\"Becs\u00fclt olvas\u00e1si id\u0151\" class=\"yoast-seo-meta-tag\" \/>\n\t<meta name=\"twitter:data2\" content=\"1 perc\" class=\"yoast-seo-meta-tag\" \/>\n<script type=\"application\/ld+json\" class=\"yoast-schema-graph\">{\"@context\":\"https:\\\/\\\/schema.org\",\"@graph\":[{\"@type\":\"Article\",\"@id\":\"https:\\\/\\\/dorogimedence.hu\\\/index.php\\\/2024\\\/12\\\/09\\\/adventi-kalendariumot-hiv-vissza-a-lidl\\\/#article\",\"isPartOf\":{\"@id\":\"https:\\\/\\\/dorogimedence.hu\\\/index.php\\\/2024\\\/12\\\/09\\\/adventi-kalendariumot-hiv-vissza-a-lidl\\\/\"},\"author\":{\"name\":\"dorogimedence.hu\",\"@id\":\"https:\\\/\\\/dorogimedence.hu\\\/#\\\/schema\\\/person\\\/ce6091eeb7e95ecdc87890d6aa8e0fd4\"},\"headline\":\"Adventi kalend\u00e1riumot h\u00edv vissza a Lidl\",\"datePublished\":\"2024-12-09T08:46:44+00:00\",\"mainEntityOfPage\":{\"@id\":\"https:\\\/\\\/dorogimedence.hu\\\/index.php\\\/2024\\\/12\\\/09\\\/adventi-kalendariumot-hiv-vissza-a-lidl\\\/\"},\"wordCount\":204,\"publisher\":{\"@id\":\"https:\\\/\\\/dorogimedence.hu\\\/#organization\"},\"image\":{\"@id\":\"https:\\\/\\\/dorogimedence.hu\\\/index.php\\\/2024\\\/12\\\/09\\\/adventi-kalendariumot-hiv-vissza-a-lidl\\\/#primaryimage\"},\"thumbnailUrl\":\"https:\\\/\\\/dorogimedence.hu\\\/wp-content\\\/uploads\\\/2024\\\/12\\\/adventi-kalendarium.jpg\",\"keywords\":[\"LIDL\",\"n\u00e9bih\",\"term\u00e9kvisszah\u00edv\u00e1s\"],\"articleSection\":[\"Belf\u00f6ld, Gazdas\u00e1g\",\"H\u00edrek\"],\"inLanguage\":\"hu\"},{\"@type\":\"WebPage\",\"@id\":\"https:\\\/\\\/dorogimedence.hu\\\/index.php\\\/2024\\\/12\\\/09\\\/adventi-kalendariumot-hiv-vissza-a-lidl\\\/\",\"url\":\"https:\\\/\\\/dorogimedence.hu\\\/index.php\\\/2024\\\/12\\\/09\\\/adventi-kalendariumot-hiv-vissza-a-lidl\\\/\",\"name\":\"Adventi kalend\u00e1riumot h\u00edv vissza a Lidl\",\"isPartOf\":{\"@id\":\"https:\\\/\\\/dorogimedence.hu\\\/#website\"},\"primaryImageOfPage\":{\"@id\":\"https:\\\/\\\/dorogimedence.hu\\\/index.php\\\/2024\\\/12\\\/09\\\/adventi-kalendariumot-hiv-vissza-a-lidl\\\/#primaryimage\"},\"image\":{\"@id\":\"https:\\\/\\\/dorogimedence.hu\\\/index.php\\\/2024\\\/12\\\/09\\\/adventi-kalendariumot-hiv-vissza-a-lidl\\\/#primaryimage\"},\"thumbnailUrl\":\"https:\\\/\\\/dorogimedence.hu\\\/wp-content\\\/uploads\\\/2024\\\/12\\\/adventi-kalendarium.jpg\",\"datePublished\":\"2024-12-09T08:46:44+00:00\",\"breadcrumb\":{\"@id\":\"https:\\\/\\\/dorogimedence.hu\\\/index.php\\\/2024\\\/12\\\/09\\\/adventi-kalendariumot-hiv-vissza-a-lidl\\\/#breadcrumb\"},\"inLanguage\":\"hu\",\"potentialAction\":[{\"@type\":\"ReadAction\",\"target\":[\"https:\\\/\\\/dorogimedence.hu\\\/index.php\\\/2024\\\/12\\\/09\\\/adventi-kalendariumot-hiv-vissza-a-lidl\\\/\"]}]},{\"@type\":\"ImageObject\",\"inLanguage\":\"hu\",\"@id\":\"https:\\\/\\\/dorogimedence.hu\\\/index.php\\\/2024\\\/12\\\/09\\\/adventi-kalendariumot-hiv-vissza-a-lidl\\\/#primaryimage\",\"url\":\"https:\\\/\\\/dorogimedence.hu\\\/wp-content\\\/uploads\\\/2024\\\/12\\\/adventi-kalendarium.jpg\",\"contentUrl\":\"https:\\\/\\\/dorogimedence.hu\\\/wp-content\\\/uploads\\\/2024\\\/12\\\/adventi-kalendarium.jpg\",\"width\":1920,\"height\":970},{\"@type\":\"BreadcrumbList\",\"@id\":\"https:\\\/\\\/dorogimedence.hu\\\/index.php\\\/2024\\\/12\\\/09\\\/adventi-kalendariumot-hiv-vissza-a-lidl\\\/#breadcrumb\",\"itemListElement\":[{\"@type\":\"ListItem\",\"position\":1,\"name\":\"Kezd\u0151lap\",\"item\":\"https:\\\/\\\/dorogimedence.hu\\\/\"},{\"@type\":\"ListItem\",\"position\":2,\"name\":\"Adventi kalend\u00e1riumot h\u00edv vissza a Lidl\"}]},{\"@type\":\"WebSite\",\"@id\":\"https:\\\/\\\/dorogimedence.hu\\\/#website\",\"url\":\"https:\\\/\\\/dorogimedence.hu\\\/\",\"name\":\"Dorogi-medence Region\u00e1lis H\u00edrport\u00e1l\",\"description\":\"Dorog, Keszt\u00f6lc, Le\u00e1nyv\u00e1r, Piliscs\u00e9v, Tokod, Tokodalt\u00e1r\u00f3, Csolnok, Esztergom-kertv\u00e1ros: h\u00edrek, programok\",\"publisher\":{\"@id\":\"https:\\\/\\\/dorogimedence.hu\\\/#organization\"},\"potentialAction\":[{\"@type\":\"SearchAction\",\"target\":{\"@type\":\"EntryPoint\",\"urlTemplate\":\"https:\\\/\\\/dorogimedence.hu\\\/?s={search_term_string}\"},\"query-input\":{\"@type\":\"PropertyValueSpecification\",\"valueRequired\":true,\"valueName\":\"search_term_string\"}}],\"inLanguage\":\"hu\"},{\"@type\":\"Organization\",\"@id\":\"https:\\\/\\\/dorogimedence.hu\\\/#organization\",\"name\":\"Dorogi-medence Region\u00e1lis H\u00edrport\u00e1l\",\"url\":\"https:\\\/\\\/dorogimedence.hu\\\/\",\"logo\":{\"@type\":\"ImageObject\",\"inLanguage\":\"hu\",\"@id\":\"https:\\\/\\\/dorogimedence.hu\\\/#\\\/schema\\\/logo\\\/image\\\/\",\"url\":\"https:\\\/\\\/dorogimedence.hu\\\/wp-content\\\/uploads\\\/2021\\\/04\\\/logo-feher-600.png\",\"contentUrl\":\"https:\\\/\\\/dorogimedence.hu\\\/wp-content\\\/uploads\\\/2021\\\/04\\\/logo-feher-600.png\",\"width\":600,\"height\":100,\"caption\":\"Dorogi-medence Region\u00e1lis H\u00edrport\u00e1l\"},\"image\":{\"@id\":\"https:\\\/\\\/dorogimedence.hu\\\/#\\\/schema\\\/logo\\\/image\\\/\"},\"sameAs\":[\"https:\\\/\\\/www.facebook.com\\\/dorogimedence\\\/\"]},{\"@type\":\"Person\",\"@id\":\"https:\\\/\\\/dorogimedence.hu\\\/#\\\/schema\\\/person\\\/ce6091eeb7e95ecdc87890d6aa8e0fd4\",\"name\":\"dorogimedence.hu\",\"image\":{\"@type\":\"ImageObject\",\"inLanguage\":\"hu\",\"@id\":\"\\\/\\\/www.gravatar.com\\\/avatar\\\/d8d45f8901aadff40a4af72c0b826f1d?s=96&#038;r=g&#038;d=mm\",\"url\":\"\\\/\\\/www.gravatar.com\\\/avatar\\\/d8d45f8901aadff40a4af72c0b826f1d?s=96&#038;r=g&#038;d=mm\",\"contentUrl\":\"\\\/\\\/www.gravatar.com\\\/avatar\\\/d8d45f8901aadff40a4af72c0b826f1d?s=96&#038;r=g&#038;d=mm\",\"caption\":\"dorogimedence.hu\"}}]}<\/script>\n<!-- \/ Yoast SEO plugin. -->","yoast_head_json":{"title":"Adventi kalend\u00e1riumot h\u00edv vissza a Lidl","robots":{"index":"index","follow":"follow","max-snippet":"max-snippet:-1","max-image-preview":"max-image-preview:large","max-video-preview":"max-video-preview:-1"},"canonical":"https:\/\/dorogimedence.hu\/index.php\/2024\/12\/09\/adventi-kalendariumot-hiv-vissza-a-lidl\/","og_locale":"hu_HU","og_type":"article","og_title":"Adventi kalend\u00e1riumot h\u00edv vissza a Lidl","og_description":"\u00c9rz\u00e9kszervi elt\u00e9r\u00e9s miatt visszah\u00edvj\u00e1k \u00e9s kivonj\u00e1k a forgalomb\u00f3l a Lidl Magyarorsz\u00e1g Bt. \u00e1ltal forgalmazott 75 grammos kiszerel\u00e9s\u0171 Adventi kalend\u00e1riumot &#8211; k\u00f6z\u00f6lte a Nemzeti \u00c9lelmiszerl\u00e1nc-biztons\u00e1gi Hivatal (N\u00e9bih) a honlapj\u00e1n. Term\u00e9k neve: Adventi kalend\u00e1rium, 75 g Probl\u00e9ma jellege: \u00e9rz\u00e9kszervi elt\u00e9r\u00e9s Min\u0151s\u00e9gmeg\u0151rz\u00e9si id\u0151: minden min\u0151s\u00e9gmeg\u0151rz\u00e9si id\u0151 T\u00e9telsz\u00e1m: minden t\u00e9tel Int\u00e9zked\u00e9s: Term\u00e9kvisszah\u00edv\u00e1s, forgalomb\u00f3l kivon\u00e1s Gy\u00e1rt\u00f3: Milano sp. z o.o.","og_url":"https:\/\/dorogimedence.hu\/index.php\/2024\/12\/09\/adventi-kalendariumot-hiv-vissza-a-lidl\/","og_site_name":"Dorogi-medence Region\u00e1lis H\u00edrport\u00e1l","article_publisher":"https:\/\/www.facebook.com\/dorogimedence\/","article_published_time":"2024-12-09T08:46:44+00:00","og_image":[{"width":1920,"height":970,"url":"https:\/\/dorogimedence.hu\/wp-content\/uploads\/2024\/12\/adventi-kalendarium.jpg","type":"image\/jpeg"}],"author":"dorogimedence.hu","twitter_card":"summary_large_image","twitter_misc":{"Szerz\u0151:":"dorogimedence.hu","Becs\u00fclt olvas\u00e1si id\u0151":"1 perc"},"schema":{"@context":"https:\/\/schema.org","@graph":[{"@type":"Article","@id":"https:\/\/dorogimedence.hu\/index.php\/2024\/12\/09\/adventi-kalendariumot-hiv-vissza-a-lidl\/#article","isPartOf":{"@id":"https:\/\/dorogimedence.hu\/index.php\/2024\/12\/09\/adventi-kalendariumot-hiv-vissza-a-lidl\/"},"author":{"name":"dorogimedence.hu","@id":"https:\/\/dorogimedence.hu\/#\/schema\/person\/ce6091eeb7e95ecdc87890d6aa8e0fd4"},"headline":"Adventi kalend\u00e1riumot h\u00edv vissza a Lidl","datePublished":"2024-12-09T08:46:44+00:00","mainEntityOfPage":{"@id":"https:\/\/dorogimedence.hu\/index.php\/2024\/12\/09\/adventi-kalendariumot-hiv-vissza-a-lidl\/"},"wordCount":204,"publisher":{"@id":"https:\/\/dorogimedence.hu\/#organization"},"image":{"@id":"https:\/\/dorogimedence.hu\/index.php\/2024\/12\/09\/adventi-kalendariumot-hiv-vissza-a-lidl\/#primaryimage"},"thumbnailUrl":"https:\/\/dorogimedence.hu\/wp-content\/uploads\/2024\/12\/adventi-kalendarium.jpg","keywords":["LIDL","n\u00e9bih","term\u00e9kvisszah\u00edv\u00e1s"],"articleSection":["Belf\u00f6ld, Gazdas\u00e1g","H\u00edrek"],"inLanguage":"hu"},{"@type":"WebPage","@id":"https:\/\/dorogimedence.hu\/index.php\/2024\/12\/09\/adventi-kalendariumot-hiv-vissza-a-lidl\/","url":"https:\/\/dorogimedence.hu\/index.php\/2024\/12\/09\/adventi-kalendariumot-hiv-vissza-a-lidl\/","name":"Adventi kalend\u00e1riumot h\u00edv vissza a Lidl","isPartOf":{"@id":"https:\/\/dorogimedence.hu\/#website"},"primaryImageOfPage":{"@id":"https:\/\/dorogimedence.hu\/index.php\/2024\/12\/09\/adventi-kalendariumot-hiv-vissza-a-lidl\/#primaryimage"},"image":{"@id":"https:\/\/dorogimedence.hu\/index.php\/2024\/12\/09\/adventi-kalendariumot-hiv-vissza-a-lidl\/#primaryimage"},"thumbnailUrl":"https:\/\/dorogimedence.hu\/wp-content\/uploads\/2024\/12\/adventi-kalendarium.jpg","datePublished":"2024-12-09T08:46:44+00:00","breadcrumb":{"@id":"https:\/\/dorogimedence.hu\/index.php\/2024\/12\/09\/adventi-kalendariumot-hiv-vissza-a-lidl\/#breadcrumb"},"inLanguage":"hu","potentialAction":[{"@type":"ReadAction","target":["https:\/\/dorogimedence.hu\/index.php\/2024\/12\/09\/adventi-kalendariumot-hiv-vissza-a-lidl\/"]}]},{"@type":"ImageObject","inLanguage":"hu","@id":"https:\/\/dorogimedence.hu\/index.php\/2024\/12\/09\/adventi-kalendariumot-hiv-vissza-a-lidl\/#primaryimage","url":"https:\/\/dorogimedence.hu\/wp-content\/uploads\/2024\/12\/adventi-kalendarium.jpg","contentUrl":"https:\/\/dorogimedence.hu\/wp-content\/uploads\/2024\/12\/adventi-kalendarium.jpg","width":1920,"height":970},{"@type":"BreadcrumbList","@id":"https:\/\/dorogimedence.hu\/index.php\/2024\/12\/09\/adventi-kalendariumot-hiv-vissza-a-lidl\/#breadcrumb","itemListElement":[{"@type":"ListItem","position":1,"name":"Kezd\u0151lap","item":"https:\/\/dorogimedence.hu\/"},{"@type":"ListItem","position":2,"name":"Adventi kalend\u00e1riumot h\u00edv vissza a Lidl"}]},{"@type":"WebSite","@id":"https:\/\/dorogimedence.hu\/#website","url":"https:\/\/dorogimedence.hu\/","name":"Dorogi-medence Region\u00e1lis H\u00edrport\u00e1l","description":"Dorog, Keszt\u00f6lc, Le\u00e1nyv\u00e1r, Piliscs\u00e9v, Tokod, Tokodalt\u00e1r\u00f3, Csolnok, Esztergom-kertv\u00e1ros: h\u00edrek, programok","publisher":{"@id":"https:\/\/dorogimedence.hu\/#organization"},"potentialAction":[{"@type":"SearchAction","target":{"@type":"EntryPoint","urlTemplate":"https:\/\/dorogimedence.hu\/?s={search_term_string}"},"query-input":{"@type":"PropertyValueSpecification","valueRequired":true,"valueName":"search_term_string"}}],"inLanguage":"hu"},{"@type":"Organization","@id":"https:\/\/dorogimedence.hu\/#organization","name":"Dorogi-medence Region\u00e1lis H\u00edrport\u00e1l","url":"https:\/\/dorogimedence.hu\/","logo":{"@type":"ImageObject","inLanguage":"hu","@id":"https:\/\/dorogimedence.hu\/#\/schema\/logo\/image\/","url":"https:\/\/dorogimedence.hu\/wp-content\/uploads\/2021\/04\/logo-feher-600.png","contentUrl":"https:\/\/dorogimedence.hu\/wp-content\/uploads\/2021\/04\/logo-feher-600.png","width":600,"height":100,"caption":"Dorogi-medence Region\u00e1lis H\u00edrport\u00e1l"},"image":{"@id":"https:\/\/dorogimedence.hu\/#\/schema\/logo\/image\/"},"sameAs":["https:\/\/www.facebook.com\/dorogimedence\/"]},{"@type":"Person","@id":"https:\/\/dorogimedence.hu\/#\/schema\/person\/ce6091eeb7e95ecdc87890d6aa8e0fd4","name":"dorogimedence.hu","image":{"@type":"ImageObject","inLanguage":"hu","@id":"\/\/www.gravatar.com\/avatar\/d8d45f8901aadff40a4af72c0b826f1d?s=96&#038;r=g&#038;d=mm","url":"\/\/www.gravatar.com\/avatar\/d8d45f8901aadff40a4af72c0b826f1d?s=96&#038;r=g&#038;d=mm","contentUrl":"\/\/www.gravatar.com\/avatar\/d8d45f8901aadff40a4af72c0b826f1d?s=96&#038;r=g&#038;d=mm","caption":"dorogimedence.hu"}}]}},"_links":{"self":[{"href":"https:\/\/dorogimedence.hu\/index.php\/wp-json\/wp\/v2\/posts\/67404","targetHints":{"allow":["GET"]}}],"collection":[{"href":"https:\/\/dorogimedence.hu\/index.php\/wp-json\/wp\/v2\/posts"}],"about":[{"href":"https:\/\/dorogimedence.hu\/index.php\/wp-json\/wp\/v2\/types\/post"}],"author":[{"embeddable":true,"href":"https:\/\/dorogimedence.hu\/index.php\/wp-json\/wp\/v2\/users\/1"}],"replies":[{"embeddable":true,"href":"https:\/\/dorogimedence.hu\/index.php\/wp-json\/wp\/v2\/comments?post=67404"}],"version-history":[{"count":0,"href":"https:\/\/dorogimedence.hu\/index.php\/wp-json\/wp\/v2\/posts\/67404\/revisions"}],"wp:featuredmedia":[{"embeddable":true,"href":"https:\/\/dorogimedence.hu\/index.php\/wp-json\/wp\/v2\/media\/67405"}],"wp:attachment":[{"href":"https:\/\/dorogimedence.hu\/index.php\/wp-json\/wp\/v2\/media?parent=67404"}],"wp:term":[{"taxonomy":"category","embeddable":true,"href":"https:\/\/dorogimedence.hu\/index.php\/wp-json\/wp\/v2\/categories?post=67404"},{"taxonomy":"post_tag","embeddable":true,"href":"https:\/\/dorogimedence.hu\/index.php\/wp-json\/wp\/v2\/tags?post=67404"}],"curies":[{"name":"wp","href":"https:\/\/api.w.org\/{rel}","templated":true}]}}