{"id":67401,"date":"2024-12-09T09:20:44","date_gmt":"2024-12-09T08:20:44","guid":{"rendered":"https:\/\/dorogimedence.hu\/?p=67401"},"modified":"2024-12-09T09:20:44","modified_gmt":"2024-12-09T08:20:44","slug":"europa-legkeresettebb-bunozoinek-listajara-felkerult-egy-komarom-esztergom-varmegyei-ferfi-is","status":"publish","type":"post","link":"https:\/\/dorogimedence.hu\/index.php\/2024\/12\/09\/europa-legkeresettebb-bunozoinek-listajara-felkerult-egy-komarom-esztergom-varmegyei-ferfi-is\/","title":{"rendered":"Eur\u00f3pa legkeresettebb b\u0171n\u00f6z\u0151inek list\u00e1j\u00e1ra felker\u00fclt egy Kom\u00e1rom-Esztergom v\u00e1rmegyei f\u00e9rfi is"},"content":{"rendered":"<div class=\"lead-text\">\n<div class=\"lead-text\">\n<p><strong>Seg\u00edtsd megtal\u00e1lni azokat, akiknek az \u00e9let sem dr\u00e1ga! Elindult az Europol 2024-es Most Wanted kamp\u00e1nya. K\u00e9t magyar is ott van Eur\u00f3pa legkeresettebb b\u0171n\u00f6z\u0151i k\u00f6z\u00f6tt.<\/strong><\/p>\n<\/div>\n<div class=\"body-text\">\n<p>M\u00e1r hagyom\u00e1ny, hogy az Europol \u00e9s az ENFAST, vagyis a C\u00e9lk\u00f6r\u00f6z\u00e9si Egys\u00e9gek Eur\u00f3pai H\u00e1l\u00f3zata (European Network of Fugitive Active Search Teams) k\u00fcl\u00f6nb\u00f6z\u0151 tematik\u00e1ra \u00e9p\u00edtve \u00e9vente m\u00e9diakamp\u00e1nyba kezd.<\/p>\n<p>Magyarorsz\u00e1gon a NEBEK (Nemzetk\u00f6zi B\u0171n\u00fcgyi Egy\u00fcttm\u0171k\u00f6d\u00e9si K\u00f6zpont) fogja \u00f6ssze az eur\u00f3pai \u00e9s a nemzetk\u00f6zi elfogat\u00f3parancsokat, m\u00edg a K\u00e9szenl\u00e9ti Rend\u0151rs\u00e9g Nemzeti Nyomoz\u00f3 Iroda (KR NNI) C\u00e9lk\u00f6r\u00f6z\u00e9si Oszt\u00e1lya az ENFAST h\u00e1l\u00f3zat\u00e1n kereszt\u00fcl tartja a kapcsolatot a k\u00fclf\u00f6ldi t\u00e1rshat\u00f3s\u00e1gokkal, ha s\u00falyos b\u0171ncselekm\u00e9ny miatt magyar vagy Magyarorsz\u00e1gon bujk\u00e1l\u00f3 k\u00fclf\u00f6ldi k\u00f6r\u00f6z\u00f6tt \u00fcgy\u00e9ben operat\u00edv egy\u00fcttm\u0171k\u00f6d\u00e9sre van sz\u00fcks\u00e9g. A KR NNI c\u00e9lk\u00f6r\u00f6z\u00e9si fejvad\u00e1szai munkacsoportokban vesznek r\u00e9szt, illetve magyar r\u00e9szr\u0151l \u0151k kezelik a Most Wanted oldalt.<\/p>\n<p><img decoding=\"async\" class=\"align-center\" src=\"https:\/\/www.police.hu\/sites\/default\/files\/inline-images\/EUMW_16x9_HU.jpg\" alt=\"\" data-entity-type=\"file\" data-entity-uuid=\"c4691d04-98de-49a2-9606-6354f6af93ed\">&nbsp;<\/p>\n<p>A m\u00e9diakamp\u00e1nnyal a c\u00e9l nem m\u00e1s, mint hogy elfogj\u00e1k Eur\u00f3pa legkeresettebb b\u0171n\u00f6z\u0151it. Ehhez pedig az emberek seg\u00edts\u00e9g\u00e9re van sz\u00fcks\u00e9g, hogy inform\u00e1ci\u00f3kat adjanak a hat\u00f3s\u00e1gok munk\u00e1j\u00e1hoz. Ennek \u00e9rdek\u00e9ben az uni\u00f3 rend\u0151rs\u00e9gei min\u00e9l sz\u00e9lesebb k\u00f6rben igyekeznek el\u00e9rni a lakoss\u00e1got.&nbsp;<\/p>\n<p>Az idei \u00e9v f\u00f3kusz\u00e1ban a gyilkosok \u00e1llnak. A m\u00e9diakamp\u00e1ny szlogene: <strong>\u201eV\u00e9r tapad a kez\u00fckh\u00f6z. Seg\u00edtsd megtal\u00e1lni azokat, akiknek az \u00e9let sem dr\u00e1ga!\u201d<\/strong><\/p>\n<p><span style=\"text-decoration: underline; color: #0000ff;\"><a style=\"color: #0000ff; text-decoration: underline;\" href=\"https:\/\/eumostwanted.eu\/\" target=\"_blank\" rel=\"noopener\">Eur\u00f3pa legkeresettebb b\u0171n\u00f6z\u0151inek oldal\u00e1ra<\/a><\/span> id\u00e9n k\u00e9t magyar f\u00e9rfi ker\u00fclt fel: <strong>Balogh Engelbert<\/strong> \u00e9s <strong>G\u00e1l J\u00e1nos<\/strong>. El\u0151bbit ember\u00f6l\u00e9s k\u00eds\u00e9rlete, a m\u00e1sodikat befejezett ember\u00f6l\u00e9s miatt k\u00f6r\u00f6zik.<\/p>\n<p><img decoding=\"async\" class=\"align-center\" src=\"https:\/\/www.police.hu\/sites\/default\/files\/inline-images\/2024-12-09_MostWanted-gal%C3%A9ria5.jpg\" alt=\"\" data-entity-type=\"file\" data-entity-uuid=\"0aef71ef-5ec6-4b50-9062-5800eaae1443\"><\/p>\n<h3><strong>Balogh Engelbert<\/strong> ellen <a href=\"https:\/\/www.police.hu\/hu\/koral\/elfogatoparancs-alapjan-korozott-szemelyek\/101971\" target=\"_blank\" rel=\"noopener\"><span style=\"text-decoration: underline; color: #0000ff;\">a Kom\u00e1rom-Esztergom V\u00e1rmegyei Rend\u0151r-f\u0151kapit\u00e1nys\u00e1g adott ki k\u00f6r\u00f6z\u00e9st m\u00e9g 2023 febru\u00e1rj\u00e1ban<\/span><\/a>.<\/h3>\n<p>A jelenleg 31 \u00e9ves f\u00e9rfi 2022. okt\u00f3ber 5-\u00e9n este Tatab\u00e1ny\u00e1n, a S\u00e1rberki lak\u00f3telep egyik l\u00e9pcs\u0151h\u00e1z\u00e1nak alagsori t\u00e1rol\u00f3j\u00e1ban kialak\u00edtott lak\u00e1sban volt bar\u00e1taival: k\u00e9t f\u00e9rfival \u00e9s k\u00e9t n\u0151vel. Az egyik f\u00e9rfival vit\u00e1ba keveredett az \u00e9jszaka folyam\u00e1n, majd a s\u00e9rtettet a n\u00e9zetelt\u00e9r\u00e9s sor\u00e1n hasba sz\u00farta egy k\u00e9ssel. A f\u00e9rfi \u00e9letvesz\u00e9lyes \u00e1llapotban ker\u00fclt k\u00f3rh\u00e1zba, \u00e9let\u00e9t csak a gyors orvosi beavatkoz\u00e1snak k\u00f6sz\u00f6nheti. Balogh Engelbertnek ember\u00f6l\u00e9s k\u00eds\u00e9rlete miatt kell felelnie. A fiatalember azonban megsz\u00f6k\u00f6tt a felel\u0151ss\u00e9gre von\u00e1s al\u00f3l, \u00e9s bujk\u00e1l a hat\u00f3s\u00e1gok el\u0151l. Az sem kiz\u00e1rt, hogy k\u00fclf\u00f6ld\u00f6n tart\u00f3zkodik, ez\u00e9rt a rend\u0151rs\u00e9g eur\u00f3pai \u00e9s nemzetk\u00f6zi elfogat\u00f3parancsot is kiadott ellene.<\/p>\n<p><img decoding=\"async\" class=\"align-center\" src=\"https:\/\/www.police.hu\/sites\/default\/files\/inline-images\/2024-12-09_MostWanted-gal%C3%A9ria4.jpg\" alt=\"\" data-entity-type=\"file\" data-entity-uuid=\"a0bb0d51-3239-4f30-b35b-4e7317db676a\"><\/p>\n<h3><strong>G\u00e1l J\u00e1nos<\/strong> ellen <a href=\"https:\/\/www.police.hu\/hu\/koral\/elfogatoparancs-alapjan-korozott-szemelyek\/339771\" target=\"_blank\" rel=\"noopener\"><span style=\"text-decoration: underline; color: #0000ff;\">a Hajd\u00fa-Bihar V\u00e1rmegyei Rend\u0151r-f\u0151kapit\u00e1nys\u00e1g bocs\u00e1tott ki elfogat\u00f3parancsot szeptemberben<\/span><\/a>.&nbsp;<\/h3>\n<p><img decoding=\"async\" class=\"align-left\" src=\"https:\/\/www.police.hu\/sites\/default\/files\/inline-images\/2024-12-09_MostWanted-gal%C3%A9ria2.jpg\" alt=\"\" data-entity-type=\"file\" data-entity-uuid=\"6cfe07e1-c794-4818-bf96-08d36f962de2\">&nbsp; &nbsp;&nbsp;<img decoding=\"async\" src=\"https:\/\/www.police.hu\/sites\/default\/files\/inline-images\/2024-12-09_MostWanted-gal%C3%A9ria1_0.jpg\" alt=\"\" data-entity-type=\"file\" data-entity-uuid=\"f0e2cbff-ec87-4fe1-8038-9aafe55f70fb\">&nbsp;&nbsp;<img decoding=\"async\" src=\"https:\/\/www.police.hu\/sites\/default\/files\/inline-images\/2024-12-09_MostWanted-gal%C3%A9ria3_0.jpg\" alt=\"\" data-entity-type=\"file\" data-entity-uuid=\"99fc7036-8875-4d39-9db5-1f49e70e233a\"><\/p>\n<p>A gyan\u00fa szerint a 42 \u00e9ves f\u00e9rfi szeptember 11-\u00e9n este Hajd\u00fab\u00f6sz\u00f6rm\u00e9nyben megsz\u00farta a feles\u00e9g\u00e9t \u00e9s az any\u00f3s\u00e1t egy k\u00e9ssel. A 32 \u00e9ves n\u0151 olyan s\u00falyos s\u00e9r\u00fcl\u00e9seket szenvedett, hogy m\u00e1r nem lehetett megmenteni, a helysz\u00ednen \u00e9let\u00e9t vesztette, m\u00edg 55 \u00e9ves anyj\u00e1t a ment\u0151s\u00f6k k\u00f3rh\u00e1zba sz\u00e1ll\u00edtott\u00e1k. Az elk\u00f6vet\u0151 elmenek\u00fclt a helysz\u00ednr\u0151l, \u00e9s mag\u00e1val vitte feles\u00e9g\u00e9vel k\u00f6z\u00f6s gyerek\u00fcket. A rend\u0151r\u00f6k a 4 \u00e9ves kisfi\u00fat a f\u00e9rfi egyik ismer\u0151s\u00e9n\u00e9l tal\u00e1lt\u00e1k meg s\u00e9rtetlen\u00fcl, az apa azonban megsz\u00f6k\u00f6tt. Az\u00f3ta sem tal\u00e1lj\u00e1k. Lehets\u00e9ges, hogy \u0151 is k\u00fclf\u00f6ldre menek\u00fclt, \u00edgy vele szemben szint\u00e9n eur\u00f3pai \u00e9s nemzetk\u00f6zi elfogat\u00f3parancs van \u00e9rv\u00e9nyben.<\/p>\n<p>A rend\u0151rs\u00e9g k\u00e9ri, aki b\u00e1rmelyik\u00fck tart\u00f3zkod\u00e1si hely\u00e9r\u0151l inform\u00e1ci\u00f3val rendelkezik, \u00e9rtes\u00edtse a rend\u0151rs\u00e9get! S ugyancsak k\u00e9rj\u00fck, hogy tekints\u00e9k meg az <span style=\"text-decoration: underline; color: #0000ff;\"><a style=\"color: #0000ff; text-decoration: underline;\" href=\"https:\/\/eumostwanted.eu\/\" target=\"_blank\" rel=\"noopener\">Europol Most Wanted oldal\u00e1t<\/a><\/span> is, h\u00e1tha valamelyik sz\u00f6kev\u00e9nyt felismerik, \u00e9s beugrik, hogy l\u00e1tt\u00e1k valahol. A t\u00f6bb mint 50 k\u00f6r\u00f6z\u00f6tt ugyanis b\u00e1rhol lehet vil\u00e1gszerte. Seg\u00edts\u00e9k a rend\u0151r\u00f6k munk\u00e1j\u00e1t, \u00e9s vessenek n\u00e9h\u00e1ny pillant\u00e1st a fot\u00f3kra! Ne engedj\u00e9k, hogy azok, akiknek v\u00e9r tapad a kez\u00fckh\u00f6z, szabadon legyenek!<\/p>\n<p><em>Fot\u00f3k, forr\u00e1s: police.hu<\/em><\/p>\n<\/div>\n<\/div>\n","protected":false},"excerpt":{"rendered":"<p>Seg\u00edtsd megtal\u00e1lni azokat, akiknek az \u00e9let sem dr\u00e1ga! Elindult az Europol 2024-es Most Wanted kamp\u00e1nya. K\u00e9t magyar is ott van Eur\u00f3pa legkeresettebb b\u0171n\u00f6z\u0151i k\u00f6z\u00f6tt. M\u00e1r hagyom\u00e1ny, hogy az Europol \u00e9s az ENFAST, vagyis a C\u00e9lk\u00f6r\u00f6z\u00e9si Egys\u00e9gek Eur\u00f3pai H\u00e1l\u00f3zata (European Network of Fugitive Active Search Teams) k\u00fcl\u00f6nb\u00f6z\u0151 tematik\u00e1ra \u00e9p\u00edtve \u00e9vente m\u00e9diakamp\u00e1nyba kezd. Magyarorsz\u00e1gon a NEBEK (Nemzetk\u00f6zi<\/p>\n","protected":false},"author":1,"featured_media":67402,"comment_status":"closed","ping_status":"closed","sticky":false,"template":"","format":"standard","meta":{"ngg_post_thumbnail":0,"footnotes":""},"categories":[3,39,56],"tags":[1556,6890,106,61],"class_list":{"0":"post-67401","1":"post","2":"type-post","3":"status-publish","4":"format-standard","5":"has-post-thumbnail","7":"category-hirek","8":"category-kek-hirek","9":"category-komarom-esztergom","10":"tag-elfogatoparancs","11":"tag-komarom-esztergom-varmegye","12":"tag-korozes","13":"tag-rendorsegi-hirek"},"yoast_head":"<!-- This site is optimized with the Yoast SEO plugin v27.5 - https:\/\/yoast.com\/product\/yoast-seo-wordpress\/ -->\n<title>Eur\u00f3pa legkeresettebb b\u0171n\u00f6z\u0151inek list\u00e1j\u00e1ra felker\u00fclt egy Kom\u00e1rom-Esztergom v\u00e1rmegyei f\u00e9rfi is<\/title>\n<meta name=\"robots\" content=\"index, follow, max-snippet:-1, max-image-preview:large, max-video-preview:-1\" \/>\n<link rel=\"canonical\" href=\"https:\/\/dorogimedence.hu\/index.php\/2024\/12\/09\/europa-legkeresettebb-bunozoinek-listajara-felkerult-egy-komarom-esztergom-varmegyei-ferfi-is\/\" class=\"yoast-seo-meta-tag\" \/>\n<meta property=\"og:locale\" content=\"hu_HU\" class=\"yoast-seo-meta-tag\" \/>\n<meta property=\"og:type\" content=\"article\" class=\"yoast-seo-meta-tag\" \/>\n<meta property=\"og:title\" content=\"Eur\u00f3pa legkeresettebb b\u0171n\u00f6z\u0151inek list\u00e1j\u00e1ra felker\u00fclt egy Kom\u00e1rom-Esztergom v\u00e1rmegyei f\u00e9rfi is\" class=\"yoast-seo-meta-tag\" \/>\n<meta property=\"og:description\" content=\"Seg\u00edtsd megtal\u00e1lni azokat, akiknek az \u00e9let sem dr\u00e1ga! Elindult az Europol 2024-es Most Wanted kamp\u00e1nya. K\u00e9t magyar is ott van Eur\u00f3pa legkeresettebb b\u0171n\u00f6z\u0151i k\u00f6z\u00f6tt. M\u00e1r hagyom\u00e1ny, hogy az Europol \u00e9s az ENFAST, vagyis a C\u00e9lk\u00f6r\u00f6z\u00e9si Egys\u00e9gek Eur\u00f3pai H\u00e1l\u00f3zata (European Network of Fugitive Active Search Teams) k\u00fcl\u00f6nb\u00f6z\u0151 tematik\u00e1ra \u00e9p\u00edtve \u00e9vente m\u00e9diakamp\u00e1nyba kezd. Magyarorsz\u00e1gon a NEBEK (Nemzetk\u00f6zi\" class=\"yoast-seo-meta-tag\" \/>\n<meta property=\"og:url\" content=\"https:\/\/dorogimedence.hu\/index.php\/2024\/12\/09\/europa-legkeresettebb-bunozoinek-listajara-felkerult-egy-komarom-esztergom-varmegyei-ferfi-is\/\" class=\"yoast-seo-meta-tag\" \/>\n<meta property=\"og:site_name\" content=\"Dorogi-medence Region\u00e1lis H\u00edrport\u00e1l\" class=\"yoast-seo-meta-tag\" \/>\n<meta property=\"article:publisher\" content=\"https:\/\/www.facebook.com\/dorogimedence\/\" class=\"yoast-seo-meta-tag\" \/>\n<meta property=\"article:published_time\" content=\"2024-12-09T08:20:44+00:00\" class=\"yoast-seo-meta-tag\" \/>\n<meta property=\"og:image\" content=\"https:\/\/dorogimedence.hu\/wp-content\/uploads\/2024\/12\/europol.jpg\" class=\"yoast-seo-meta-tag\" \/>\n\t<meta property=\"og:image:width\" content=\"1920\" class=\"yoast-seo-meta-tag\" \/>\n\t<meta property=\"og:image:height\" content=\"970\" class=\"yoast-seo-meta-tag\" \/>\n\t<meta property=\"og:image:type\" content=\"image\/jpeg\" class=\"yoast-seo-meta-tag\" \/>\n<meta name=\"author\" content=\"dorogimedence.hu\" class=\"yoast-seo-meta-tag\" \/>\n<meta name=\"twitter:card\" content=\"summary_large_image\" class=\"yoast-seo-meta-tag\" \/>\n<meta name=\"twitter:label1\" content=\"Szerz\u0151:\" class=\"yoast-seo-meta-tag\" \/>\n\t<meta name=\"twitter:data1\" content=\"dorogimedence.hu\" class=\"yoast-seo-meta-tag\" \/>\n\t<meta name=\"twitter:label2\" content=\"Becs\u00fclt olvas\u00e1si id\u0151\" class=\"yoast-seo-meta-tag\" \/>\n\t<meta name=\"twitter:data2\" content=\"4 perc\" class=\"yoast-seo-meta-tag\" \/>\n<script type=\"application\/ld+json\" class=\"yoast-schema-graph\">{\"@context\":\"https:\\\/\\\/schema.org\",\"@graph\":[{\"@type\":\"Article\",\"@id\":\"https:\\\/\\\/dorogimedence.hu\\\/index.php\\\/2024\\\/12\\\/09\\\/europa-legkeresettebb-bunozoinek-listajara-felkerult-egy-komarom-esztergom-varmegyei-ferfi-is\\\/#article\",\"isPartOf\":{\"@id\":\"https:\\\/\\\/dorogimedence.hu\\\/index.php\\\/2024\\\/12\\\/09\\\/europa-legkeresettebb-bunozoinek-listajara-felkerult-egy-komarom-esztergom-varmegyei-ferfi-is\\\/\"},\"author\":{\"name\":\"dorogimedence.hu\",\"@id\":\"https:\\\/\\\/dorogimedence.hu\\\/#\\\/schema\\\/person\\\/ce6091eeb7e95ecdc87890d6aa8e0fd4\"},\"headline\":\"Eur\u00f3pa legkeresettebb b\u0171n\u00f6z\u0151inek list\u00e1j\u00e1ra felker\u00fclt egy Kom\u00e1rom-Esztergom v\u00e1rmegyei f\u00e9rfi is\",\"datePublished\":\"2024-12-09T08:20:44+00:00\",\"mainEntityOfPage\":{\"@id\":\"https:\\\/\\\/dorogimedence.hu\\\/index.php\\\/2024\\\/12\\\/09\\\/europa-legkeresettebb-bunozoinek-listajara-felkerult-egy-komarom-esztergom-varmegyei-ferfi-is\\\/\"},\"wordCount\":835,\"publisher\":{\"@id\":\"https:\\\/\\\/dorogimedence.hu\\\/#organization\"},\"image\":{\"@id\":\"https:\\\/\\\/dorogimedence.hu\\\/index.php\\\/2024\\\/12\\\/09\\\/europa-legkeresettebb-bunozoinek-listajara-felkerult-egy-komarom-esztergom-varmegyei-ferfi-is\\\/#primaryimage\"},\"thumbnailUrl\":\"https:\\\/\\\/dorogimedence.hu\\\/wp-content\\\/uploads\\\/2024\\\/12\\\/europol.jpg\",\"keywords\":[\"elfogat\u00f3parancs\",\"Kom\u00e1rom-Esztergom v\u00e1rmegye\",\"k\u00f6r\u00f6z\u00e9s\",\"rend\u0151rs\u00e9gi h\u00edrek\"],\"articleSection\":[\"H\u00edrek\",\"K\u00e9k h\u00edrek\",\"Kom\u00e1rom-Esztergom\"],\"inLanguage\":\"hu\"},{\"@type\":\"WebPage\",\"@id\":\"https:\\\/\\\/dorogimedence.hu\\\/index.php\\\/2024\\\/12\\\/09\\\/europa-legkeresettebb-bunozoinek-listajara-felkerult-egy-komarom-esztergom-varmegyei-ferfi-is\\\/\",\"url\":\"https:\\\/\\\/dorogimedence.hu\\\/index.php\\\/2024\\\/12\\\/09\\\/europa-legkeresettebb-bunozoinek-listajara-felkerult-egy-komarom-esztergom-varmegyei-ferfi-is\\\/\",\"name\":\"Eur\u00f3pa legkeresettebb b\u0171n\u00f6z\u0151inek list\u00e1j\u00e1ra felker\u00fclt egy Kom\u00e1rom-Esztergom v\u00e1rmegyei f\u00e9rfi is\",\"isPartOf\":{\"@id\":\"https:\\\/\\\/dorogimedence.hu\\\/#website\"},\"primaryImageOfPage\":{\"@id\":\"https:\\\/\\\/dorogimedence.hu\\\/index.php\\\/2024\\\/12\\\/09\\\/europa-legkeresettebb-bunozoinek-listajara-felkerult-egy-komarom-esztergom-varmegyei-ferfi-is\\\/#primaryimage\"},\"image\":{\"@id\":\"https:\\\/\\\/dorogimedence.hu\\\/index.php\\\/2024\\\/12\\\/09\\\/europa-legkeresettebb-bunozoinek-listajara-felkerult-egy-komarom-esztergom-varmegyei-ferfi-is\\\/#primaryimage\"},\"thumbnailUrl\":\"https:\\\/\\\/dorogimedence.hu\\\/wp-content\\\/uploads\\\/2024\\\/12\\\/europol.jpg\",\"datePublished\":\"2024-12-09T08:20:44+00:00\",\"breadcrumb\":{\"@id\":\"https:\\\/\\\/dorogimedence.hu\\\/index.php\\\/2024\\\/12\\\/09\\\/europa-legkeresettebb-bunozoinek-listajara-felkerult-egy-komarom-esztergom-varmegyei-ferfi-is\\\/#breadcrumb\"},\"inLanguage\":\"hu\",\"potentialAction\":[{\"@type\":\"ReadAction\",\"target\":[\"https:\\\/\\\/dorogimedence.hu\\\/index.php\\\/2024\\\/12\\\/09\\\/europa-legkeresettebb-bunozoinek-listajara-felkerult-egy-komarom-esztergom-varmegyei-ferfi-is\\\/\"]}]},{\"@type\":\"ImageObject\",\"inLanguage\":\"hu\",\"@id\":\"https:\\\/\\\/dorogimedence.hu\\\/index.php\\\/2024\\\/12\\\/09\\\/europa-legkeresettebb-bunozoinek-listajara-felkerult-egy-komarom-esztergom-varmegyei-ferfi-is\\\/#primaryimage\",\"url\":\"https:\\\/\\\/dorogimedence.hu\\\/wp-content\\\/uploads\\\/2024\\\/12\\\/europol.jpg\",\"contentUrl\":\"https:\\\/\\\/dorogimedence.hu\\\/wp-content\\\/uploads\\\/2024\\\/12\\\/europol.jpg\",\"width\":1920,\"height\":970},{\"@type\":\"BreadcrumbList\",\"@id\":\"https:\\\/\\\/dorogimedence.hu\\\/index.php\\\/2024\\\/12\\\/09\\\/europa-legkeresettebb-bunozoinek-listajara-felkerult-egy-komarom-esztergom-varmegyei-ferfi-is\\\/#breadcrumb\",\"itemListElement\":[{\"@type\":\"ListItem\",\"position\":1,\"name\":\"Kezd\u0151lap\",\"item\":\"https:\\\/\\\/dorogimedence.hu\\\/\"},{\"@type\":\"ListItem\",\"position\":2,\"name\":\"Eur\u00f3pa legkeresettebb b\u0171n\u00f6z\u0151inek list\u00e1j\u00e1ra felker\u00fclt egy Kom\u00e1rom-Esztergom v\u00e1rmegyei f\u00e9rfi is\"}]},{\"@type\":\"WebSite\",\"@id\":\"https:\\\/\\\/dorogimedence.hu\\\/#website\",\"url\":\"https:\\\/\\\/dorogimedence.hu\\\/\",\"name\":\"Dorogi-medence Region\u00e1lis H\u00edrport\u00e1l\",\"description\":\"Dorog, Keszt\u00f6lc, Le\u00e1nyv\u00e1r, Piliscs\u00e9v, Tokod, Tokodalt\u00e1r\u00f3, Csolnok, Esztergom-kertv\u00e1ros: h\u00edrek, programok\",\"publisher\":{\"@id\":\"https:\\\/\\\/dorogimedence.hu\\\/#organization\"},\"potentialAction\":[{\"@type\":\"SearchAction\",\"target\":{\"@type\":\"EntryPoint\",\"urlTemplate\":\"https:\\\/\\\/dorogimedence.hu\\\/?s={search_term_string}\"},\"query-input\":{\"@type\":\"PropertyValueSpecification\",\"valueRequired\":true,\"valueName\":\"search_term_string\"}}],\"inLanguage\":\"hu\"},{\"@type\":\"Organization\",\"@id\":\"https:\\\/\\\/dorogimedence.hu\\\/#organization\",\"name\":\"Dorogi-medence Region\u00e1lis H\u00edrport\u00e1l\",\"url\":\"https:\\\/\\\/dorogimedence.hu\\\/\",\"logo\":{\"@type\":\"ImageObject\",\"inLanguage\":\"hu\",\"@id\":\"https:\\\/\\\/dorogimedence.hu\\\/#\\\/schema\\\/logo\\\/image\\\/\",\"url\":\"https:\\\/\\\/dorogimedence.hu\\\/wp-content\\\/uploads\\\/2021\\\/04\\\/logo-feher-600.png\",\"contentUrl\":\"https:\\\/\\\/dorogimedence.hu\\\/wp-content\\\/uploads\\\/2021\\\/04\\\/logo-feher-600.png\",\"width\":600,\"height\":100,\"caption\":\"Dorogi-medence Region\u00e1lis H\u00edrport\u00e1l\"},\"image\":{\"@id\":\"https:\\\/\\\/dorogimedence.hu\\\/#\\\/schema\\\/logo\\\/image\\\/\"},\"sameAs\":[\"https:\\\/\\\/www.facebook.com\\\/dorogimedence\\\/\"]},{\"@type\":\"Person\",\"@id\":\"https:\\\/\\\/dorogimedence.hu\\\/#\\\/schema\\\/person\\\/ce6091eeb7e95ecdc87890d6aa8e0fd4\",\"name\":\"dorogimedence.hu\",\"image\":{\"@type\":\"ImageObject\",\"inLanguage\":\"hu\",\"@id\":\"\\\/\\\/www.gravatar.com\\\/avatar\\\/d8d45f8901aadff40a4af72c0b826f1d?s=96&#038;r=g&#038;d=mm\",\"url\":\"\\\/\\\/www.gravatar.com\\\/avatar\\\/d8d45f8901aadff40a4af72c0b826f1d?s=96&#038;r=g&#038;d=mm\",\"contentUrl\":\"\\\/\\\/www.gravatar.com\\\/avatar\\\/d8d45f8901aadff40a4af72c0b826f1d?s=96&#038;r=g&#038;d=mm\",\"caption\":\"dorogimedence.hu\"}}]}<\/script>\n<!-- \/ Yoast SEO plugin. -->","yoast_head_json":{"title":"Eur\u00f3pa legkeresettebb b\u0171n\u00f6z\u0151inek list\u00e1j\u00e1ra felker\u00fclt egy Kom\u00e1rom-Esztergom v\u00e1rmegyei f\u00e9rfi is","robots":{"index":"index","follow":"follow","max-snippet":"max-snippet:-1","max-image-preview":"max-image-preview:large","max-video-preview":"max-video-preview:-1"},"canonical":"https:\/\/dorogimedence.hu\/index.php\/2024\/12\/09\/europa-legkeresettebb-bunozoinek-listajara-felkerult-egy-komarom-esztergom-varmegyei-ferfi-is\/","og_locale":"hu_HU","og_type":"article","og_title":"Eur\u00f3pa legkeresettebb b\u0171n\u00f6z\u0151inek list\u00e1j\u00e1ra felker\u00fclt egy Kom\u00e1rom-Esztergom v\u00e1rmegyei f\u00e9rfi is","og_description":"Seg\u00edtsd megtal\u00e1lni azokat, akiknek az \u00e9let sem dr\u00e1ga! Elindult az Europol 2024-es Most Wanted kamp\u00e1nya. K\u00e9t magyar is ott van Eur\u00f3pa legkeresettebb b\u0171n\u00f6z\u0151i k\u00f6z\u00f6tt. M\u00e1r hagyom\u00e1ny, hogy az Europol \u00e9s az ENFAST, vagyis a C\u00e9lk\u00f6r\u00f6z\u00e9si Egys\u00e9gek Eur\u00f3pai H\u00e1l\u00f3zata (European Network of Fugitive Active Search Teams) k\u00fcl\u00f6nb\u00f6z\u0151 tematik\u00e1ra \u00e9p\u00edtve \u00e9vente m\u00e9diakamp\u00e1nyba kezd. Magyarorsz\u00e1gon a NEBEK (Nemzetk\u00f6zi","og_url":"https:\/\/dorogimedence.hu\/index.php\/2024\/12\/09\/europa-legkeresettebb-bunozoinek-listajara-felkerult-egy-komarom-esztergom-varmegyei-ferfi-is\/","og_site_name":"Dorogi-medence Region\u00e1lis H\u00edrport\u00e1l","article_publisher":"https:\/\/www.facebook.com\/dorogimedence\/","article_published_time":"2024-12-09T08:20:44+00:00","og_image":[{"width":1920,"height":970,"url":"https:\/\/dorogimedence.hu\/wp-content\/uploads\/2024\/12\/europol.jpg","type":"image\/jpeg"}],"author":"dorogimedence.hu","twitter_card":"summary_large_image","twitter_misc":{"Szerz\u0151:":"dorogimedence.hu","Becs\u00fclt olvas\u00e1si id\u0151":"4 perc"},"schema":{"@context":"https:\/\/schema.org","@graph":[{"@type":"Article","@id":"https:\/\/dorogimedence.hu\/index.php\/2024\/12\/09\/europa-legkeresettebb-bunozoinek-listajara-felkerult-egy-komarom-esztergom-varmegyei-ferfi-is\/#article","isPartOf":{"@id":"https:\/\/dorogimedence.hu\/index.php\/2024\/12\/09\/europa-legkeresettebb-bunozoinek-listajara-felkerult-egy-komarom-esztergom-varmegyei-ferfi-is\/"},"author":{"name":"dorogimedence.hu","@id":"https:\/\/dorogimedence.hu\/#\/schema\/person\/ce6091eeb7e95ecdc87890d6aa8e0fd4"},"headline":"Eur\u00f3pa legkeresettebb b\u0171n\u00f6z\u0151inek list\u00e1j\u00e1ra felker\u00fclt egy Kom\u00e1rom-Esztergom v\u00e1rmegyei f\u00e9rfi is","datePublished":"2024-12-09T08:20:44+00:00","mainEntityOfPage":{"@id":"https:\/\/dorogimedence.hu\/index.php\/2024\/12\/09\/europa-legkeresettebb-bunozoinek-listajara-felkerult-egy-komarom-esztergom-varmegyei-ferfi-is\/"},"wordCount":835,"publisher":{"@id":"https:\/\/dorogimedence.hu\/#organization"},"image":{"@id":"https:\/\/dorogimedence.hu\/index.php\/2024\/12\/09\/europa-legkeresettebb-bunozoinek-listajara-felkerult-egy-komarom-esztergom-varmegyei-ferfi-is\/#primaryimage"},"thumbnailUrl":"https:\/\/dorogimedence.hu\/wp-content\/uploads\/2024\/12\/europol.jpg","keywords":["elfogat\u00f3parancs","Kom\u00e1rom-Esztergom v\u00e1rmegye","k\u00f6r\u00f6z\u00e9s","rend\u0151rs\u00e9gi h\u00edrek"],"articleSection":["H\u00edrek","K\u00e9k h\u00edrek","Kom\u00e1rom-Esztergom"],"inLanguage":"hu"},{"@type":"WebPage","@id":"https:\/\/dorogimedence.hu\/index.php\/2024\/12\/09\/europa-legkeresettebb-bunozoinek-listajara-felkerult-egy-komarom-esztergom-varmegyei-ferfi-is\/","url":"https:\/\/dorogimedence.hu\/index.php\/2024\/12\/09\/europa-legkeresettebb-bunozoinek-listajara-felkerult-egy-komarom-esztergom-varmegyei-ferfi-is\/","name":"Eur\u00f3pa legkeresettebb b\u0171n\u00f6z\u0151inek list\u00e1j\u00e1ra felker\u00fclt egy Kom\u00e1rom-Esztergom v\u00e1rmegyei f\u00e9rfi is","isPartOf":{"@id":"https:\/\/dorogimedence.hu\/#website"},"primaryImageOfPage":{"@id":"https:\/\/dorogimedence.hu\/index.php\/2024\/12\/09\/europa-legkeresettebb-bunozoinek-listajara-felkerult-egy-komarom-esztergom-varmegyei-ferfi-is\/#primaryimage"},"image":{"@id":"https:\/\/dorogimedence.hu\/index.php\/2024\/12\/09\/europa-legkeresettebb-bunozoinek-listajara-felkerult-egy-komarom-esztergom-varmegyei-ferfi-is\/#primaryimage"},"thumbnailUrl":"https:\/\/dorogimedence.hu\/wp-content\/uploads\/2024\/12\/europol.jpg","datePublished":"2024-12-09T08:20:44+00:00","breadcrumb":{"@id":"https:\/\/dorogimedence.hu\/index.php\/2024\/12\/09\/europa-legkeresettebb-bunozoinek-listajara-felkerult-egy-komarom-esztergom-varmegyei-ferfi-is\/#breadcrumb"},"inLanguage":"hu","potentialAction":[{"@type":"ReadAction","target":["https:\/\/dorogimedence.hu\/index.php\/2024\/12\/09\/europa-legkeresettebb-bunozoinek-listajara-felkerult-egy-komarom-esztergom-varmegyei-ferfi-is\/"]}]},{"@type":"ImageObject","inLanguage":"hu","@id":"https:\/\/dorogimedence.hu\/index.php\/2024\/12\/09\/europa-legkeresettebb-bunozoinek-listajara-felkerult-egy-komarom-esztergom-varmegyei-ferfi-is\/#primaryimage","url":"https:\/\/dorogimedence.hu\/wp-content\/uploads\/2024\/12\/europol.jpg","contentUrl":"https:\/\/dorogimedence.hu\/wp-content\/uploads\/2024\/12\/europol.jpg","width":1920,"height":970},{"@type":"BreadcrumbList","@id":"https:\/\/dorogimedence.hu\/index.php\/2024\/12\/09\/europa-legkeresettebb-bunozoinek-listajara-felkerult-egy-komarom-esztergom-varmegyei-ferfi-is\/#breadcrumb","itemListElement":[{"@type":"ListItem","position":1,"name":"Kezd\u0151lap","item":"https:\/\/dorogimedence.hu\/"},{"@type":"ListItem","position":2,"name":"Eur\u00f3pa legkeresettebb b\u0171n\u00f6z\u0151inek list\u00e1j\u00e1ra felker\u00fclt egy Kom\u00e1rom-Esztergom v\u00e1rmegyei f\u00e9rfi is"}]},{"@type":"WebSite","@id":"https:\/\/dorogimedence.hu\/#website","url":"https:\/\/dorogimedence.hu\/","name":"Dorogi-medence Region\u00e1lis H\u00edrport\u00e1l","description":"Dorog, Keszt\u00f6lc, Le\u00e1nyv\u00e1r, Piliscs\u00e9v, Tokod, Tokodalt\u00e1r\u00f3, Csolnok, Esztergom-kertv\u00e1ros: h\u00edrek, programok","publisher":{"@id":"https:\/\/dorogimedence.hu\/#organization"},"potentialAction":[{"@type":"SearchAction","target":{"@type":"EntryPoint","urlTemplate":"https:\/\/dorogimedence.hu\/?s={search_term_string}"},"query-input":{"@type":"PropertyValueSpecification","valueRequired":true,"valueName":"search_term_string"}}],"inLanguage":"hu"},{"@type":"Organization","@id":"https:\/\/dorogimedence.hu\/#organization","name":"Dorogi-medence Region\u00e1lis H\u00edrport\u00e1l","url":"https:\/\/dorogimedence.hu\/","logo":{"@type":"ImageObject","inLanguage":"hu","@id":"https:\/\/dorogimedence.hu\/#\/schema\/logo\/image\/","url":"https:\/\/dorogimedence.hu\/wp-content\/uploads\/2021\/04\/logo-feher-600.png","contentUrl":"https:\/\/dorogimedence.hu\/wp-content\/uploads\/2021\/04\/logo-feher-600.png","width":600,"height":100,"caption":"Dorogi-medence Region\u00e1lis H\u00edrport\u00e1l"},"image":{"@id":"https:\/\/dorogimedence.hu\/#\/schema\/logo\/image\/"},"sameAs":["https:\/\/www.facebook.com\/dorogimedence\/"]},{"@type":"Person","@id":"https:\/\/dorogimedence.hu\/#\/schema\/person\/ce6091eeb7e95ecdc87890d6aa8e0fd4","name":"dorogimedence.hu","image":{"@type":"ImageObject","inLanguage":"hu","@id":"\/\/www.gravatar.com\/avatar\/d8d45f8901aadff40a4af72c0b826f1d?s=96&#038;r=g&#038;d=mm","url":"\/\/www.gravatar.com\/avatar\/d8d45f8901aadff40a4af72c0b826f1d?s=96&#038;r=g&#038;d=mm","contentUrl":"\/\/www.gravatar.com\/avatar\/d8d45f8901aadff40a4af72c0b826f1d?s=96&#038;r=g&#038;d=mm","caption":"dorogimedence.hu"}}]}},"_links":{"self":[{"href":"https:\/\/dorogimedence.hu\/index.php\/wp-json\/wp\/v2\/posts\/67401","targetHints":{"allow":["GET"]}}],"collection":[{"href":"https:\/\/dorogimedence.hu\/index.php\/wp-json\/wp\/v2\/posts"}],"about":[{"href":"https:\/\/dorogimedence.hu\/index.php\/wp-json\/wp\/v2\/types\/post"}],"author":[{"embeddable":true,"href":"https:\/\/dorogimedence.hu\/index.php\/wp-json\/wp\/v2\/users\/1"}],"replies":[{"embeddable":true,"href":"https:\/\/dorogimedence.hu\/index.php\/wp-json\/wp\/v2\/comments?post=67401"}],"version-history":[{"count":0,"href":"https:\/\/dorogimedence.hu\/index.php\/wp-json\/wp\/v2\/posts\/67401\/revisions"}],"wp:featuredmedia":[{"embeddable":true,"href":"https:\/\/dorogimedence.hu\/index.php\/wp-json\/wp\/v2\/media\/67402"}],"wp:attachment":[{"href":"https:\/\/dorogimedence.hu\/index.php\/wp-json\/wp\/v2\/media?parent=67401"}],"wp:term":[{"taxonomy":"category","embeddable":true,"href":"https:\/\/dorogimedence.hu\/index.php\/wp-json\/wp\/v2\/categories?post=67401"},{"taxonomy":"post_tag","embeddable":true,"href":"https:\/\/dorogimedence.hu\/index.php\/wp-json\/wp\/v2\/tags?post=67401"}],"curies":[{"name":"wp","href":"https:\/\/api.w.org\/{rel}","templated":true}]}}