{"id":67371,"date":"2024-12-07T12:21:33","date_gmt":"2024-12-07T11:21:33","guid":{"rendered":"https:\/\/dorogimedence.hu\/?p=67371"},"modified":"2024-12-07T12:23:35","modified_gmt":"2024-12-07T11:23:35","slug":"mentosok-segitettek-vilagra-egy-kislanyt-varmegyenkben","status":"publish","type":"post","link":"https:\/\/dorogimedence.hu\/index.php\/2024\/12\/07\/mentosok-segitettek-vilagra-egy-kislanyt-varmegyenkben\/","title":{"rendered":"Ment\u0151s\u00f6k seg\u00edtettek vil\u00e1gra egy kisl\u00e1nyt v\u00e1rmegy\u00e9nkben"},"content":{"rendered":"<p><strong>M\u00falt h\u00e9ten egy Kom\u00e1rom-Esztergom v\u00e1rmegyei h\u00e1zasp\u00e1r k\u00e9rte a ment\u0151k gyors seg\u00edts\u00e9g\u00e9t, miut\u00e1n a v\u00e1rand\u00f3s feles\u00e9g f\u00e1j\u00e1sai hirtelen felgyorsultak<\/strong> <em>\u2013 k\u00f6z\u00f6lte az Orsz\u00e1gos Ment\u0151szolg\u00e1lat a <a href=\"https:\/\/www.facebook.com\/orszagosmentok\/posts\/pfbid035uXReouRXLrw4L2B4XpFiWoExDc5di5XHsLeWQQKXuEg1sawVBRYZWMWH75zn8Nol\" target=\"_blank\" rel=\"noopener\"><span style=\"text-decoration: underline; color: #0000ff;\">k\u00f6z\u00f6ss\u00e9gi oldal\u00e1n<\/span><\/a>.<\/em><\/p>\n<p>Az OMSZ ment\u00e9sir\u00e1ny\u00edt\u00f3ja azonnal t\u00f6bb ment\u0151egys\u00e9get riasztott a helysz\u00ednre, mik\u00f6zben vonalban maradt a riadt sz\u00fcl\u0151kkel. A helysz\u00ednre \u00e9rkez\u0151 ment\u0151s\u00f6k megvizsg\u00e1lt\u00e1k a kismam\u00e1t, majd (helyesen) \u00fagy \u00edt\u00e9lt\u00e9k, hogy m\u00e1r nincs id\u0151 k\u00f3rh\u00e1zba sietni \u00e9s felk\u00e9sz\u00fcltek a sz\u00fcl\u00e9s levezet\u00e9s\u00e9re.<\/p>\n<p>Az \u00e9desanya az \u00e9letment\u0151k seg\u00edts\u00e9g\u00e9vel mind\u00f6ssze n\u00e9h\u00e1ny perc alatt vil\u00e1gra hozta eg\u00e9szs\u00e9ges kisl\u00e1ny\u00e1t, aki r\u00f6gt\u00f6n fel is s\u00edrt. A csecsem\u0151t \u00e9s b\u00fcszke anyuk\u00e1j\u00e1t v\u00e9g\u00fcl stabil \u00e1llapotban sz\u00e1ll\u00edthatt\u00e1k k\u00f3rh\u00e1zba a ment\u0151k.<\/p>\n<p>Az \u00fajsz\u00fcl\u00f6ttnek boldog \u00e9s eg\u00e9szs\u00e9ges \u00e9letet k\u00edv\u00e1nunk, a sz\u00fcl\u0151knek \u00e9s a ment\u00e9sben r\u00e9sztvev\u0151knek gratul\u00e1lunk!<\/p>\n<p><em>Forr\u00e1s: OMSZ<\/em><br \/>\n<em>Bor\u00edt\u00f3k\u00e9p: illusztr\u00e1ci\u00f3<\/em><\/p>\n","protected":false},"excerpt":{"rendered":"<p>M\u00falt h\u00e9ten egy Kom\u00e1rom-Esztergom v\u00e1rmegyei h\u00e1zasp\u00e1r k\u00e9rte a ment\u0151k gyors seg\u00edts\u00e9g\u00e9t, miut\u00e1n a v\u00e1rand\u00f3s feles\u00e9g f\u00e1j\u00e1sai hirtelen felgyorsultak \u2013 k\u00f6z\u00f6lte az Orsz\u00e1gos Ment\u0151szolg\u00e1lat a k\u00f6z\u00f6ss\u00e9gi oldal\u00e1n. Az OMSZ ment\u00e9sir\u00e1ny\u00edt\u00f3ja azonnal t\u00f6bb ment\u0151egys\u00e9get riasztott a helysz\u00ednre, mik\u00f6zben vonalban maradt a riadt sz\u00fcl\u0151kkel. A helysz\u00ednre \u00e9rkez\u0151 ment\u0151s\u00f6k megvizsg\u00e1lt\u00e1k a kismam\u00e1t, majd (helyesen) \u00fagy \u00edt\u00e9lt\u00e9k, hogy m\u00e1r nincs<\/p>\n","protected":false},"author":1,"featured_media":67372,"comment_status":"closed","ping_status":"closed","sticky":false,"template":"","format":"standard","meta":{"ngg_post_thumbnail":0,"footnotes":""},"categories":[3,56],"tags":[6890,612,8153],"class_list":{"0":"post-67371","1":"post","2":"type-post","3":"status-publish","4":"format-standard","5":"has-post-thumbnail","7":"category-hirek","8":"category-komarom-esztergom","9":"tag-komarom-esztergom-varmegye","10":"tag-mentok","11":"tag-ujszulott"},"yoast_head":"<!-- This site is optimized with the Yoast SEO plugin v27.5 - https:\/\/yoast.com\/product\/yoast-seo-wordpress\/ -->\n<title>Ment\u0151s\u00f6k seg\u00edtettek vil\u00e1gra egy kisl\u00e1nyt v\u00e1rmegy\u00e9nkben<\/title>\n<meta name=\"robots\" content=\"index, follow, max-snippet:-1, max-image-preview:large, max-video-preview:-1\" \/>\n<link rel=\"canonical\" href=\"https:\/\/dorogimedence.hu\/index.php\/2024\/12\/07\/mentosok-segitettek-vilagra-egy-kislanyt-varmegyenkben\/\" class=\"yoast-seo-meta-tag\" \/>\n<meta property=\"og:locale\" content=\"hu_HU\" class=\"yoast-seo-meta-tag\" \/>\n<meta property=\"og:type\" content=\"article\" class=\"yoast-seo-meta-tag\" \/>\n<meta property=\"og:title\" content=\"Ment\u0151s\u00f6k seg\u00edtettek vil\u00e1gra egy kisl\u00e1nyt v\u00e1rmegy\u00e9nkben\" class=\"yoast-seo-meta-tag\" \/>\n<meta property=\"og:description\" content=\"M\u00falt h\u00e9ten egy Kom\u00e1rom-Esztergom v\u00e1rmegyei h\u00e1zasp\u00e1r k\u00e9rte a ment\u0151k gyors seg\u00edts\u00e9g\u00e9t, miut\u00e1n a v\u00e1rand\u00f3s feles\u00e9g f\u00e1j\u00e1sai hirtelen felgyorsultak \u2013 k\u00f6z\u00f6lte az Orsz\u00e1gos Ment\u0151szolg\u00e1lat a k\u00f6z\u00f6ss\u00e9gi oldal\u00e1n. Az OMSZ ment\u00e9sir\u00e1ny\u00edt\u00f3ja azonnal t\u00f6bb ment\u0151egys\u00e9get riasztott a helysz\u00ednre, mik\u00f6zben vonalban maradt a riadt sz\u00fcl\u0151kkel. A helysz\u00ednre \u00e9rkez\u0151 ment\u0151s\u00f6k megvizsg\u00e1lt\u00e1k a kismam\u00e1t, majd (helyesen) \u00fagy \u00edt\u00e9lt\u00e9k, hogy m\u00e1r nincs\" class=\"yoast-seo-meta-tag\" \/>\n<meta property=\"og:url\" content=\"https:\/\/dorogimedence.hu\/index.php\/2024\/12\/07\/mentosok-segitettek-vilagra-egy-kislanyt-varmegyenkben\/\" class=\"yoast-seo-meta-tag\" \/>\n<meta property=\"og:site_name\" content=\"Dorogi-medence Region\u00e1lis H\u00edrport\u00e1l\" class=\"yoast-seo-meta-tag\" \/>\n<meta property=\"article:publisher\" content=\"https:\/\/www.facebook.com\/dorogimedence\/\" class=\"yoast-seo-meta-tag\" \/>\n<meta property=\"article:published_time\" content=\"2024-12-07T11:21:33+00:00\" class=\"yoast-seo-meta-tag\" \/>\n<meta property=\"article:modified_time\" content=\"2024-12-07T11:23:35+00:00\" class=\"yoast-seo-meta-tag\" \/>\n<meta property=\"og:image\" content=\"https:\/\/dorogimedence.hu\/wp-content\/uploads\/2024\/12\/baby-1866623_1920.jpg\" class=\"yoast-seo-meta-tag\" \/>\n\t<meta property=\"og:image:width\" content=\"1920\" class=\"yoast-seo-meta-tag\" \/>\n\t<meta property=\"og:image:height\" content=\"1280\" class=\"yoast-seo-meta-tag\" \/>\n\t<meta property=\"og:image:type\" content=\"image\/jpeg\" class=\"yoast-seo-meta-tag\" \/>\n<meta name=\"author\" content=\"dorogimedence.hu\" class=\"yoast-seo-meta-tag\" \/>\n<meta name=\"twitter:card\" content=\"summary_large_image\" class=\"yoast-seo-meta-tag\" \/>\n<meta name=\"twitter:label1\" content=\"Szerz\u0151:\" class=\"yoast-seo-meta-tag\" \/>\n\t<meta name=\"twitter:data1\" content=\"dorogimedence.hu\" class=\"yoast-seo-meta-tag\" \/>\n\t<meta name=\"twitter:label2\" content=\"Becs\u00fclt olvas\u00e1si id\u0151\" class=\"yoast-seo-meta-tag\" \/>\n\t<meta name=\"twitter:data2\" content=\"1 perc\" class=\"yoast-seo-meta-tag\" \/>\n<script type=\"application\/ld+json\" class=\"yoast-schema-graph\">{\"@context\":\"https:\\\/\\\/schema.org\",\"@graph\":[{\"@type\":\"Article\",\"@id\":\"https:\\\/\\\/dorogimedence.hu\\\/index.php\\\/2024\\\/12\\\/07\\\/mentosok-segitettek-vilagra-egy-kislanyt-varmegyenkben\\\/#article\",\"isPartOf\":{\"@id\":\"https:\\\/\\\/dorogimedence.hu\\\/index.php\\\/2024\\\/12\\\/07\\\/mentosok-segitettek-vilagra-egy-kislanyt-varmegyenkben\\\/\"},\"author\":{\"name\":\"dorogimedence.hu\",\"@id\":\"https:\\\/\\\/dorogimedence.hu\\\/#\\\/schema\\\/person\\\/ce6091eeb7e95ecdc87890d6aa8e0fd4\"},\"headline\":\"Ment\u0151s\u00f6k seg\u00edtettek vil\u00e1gra egy kisl\u00e1nyt v\u00e1rmegy\u00e9nkben\",\"datePublished\":\"2024-12-07T11:21:33+00:00\",\"dateModified\":\"2024-12-07T11:23:35+00:00\",\"mainEntityOfPage\":{\"@id\":\"https:\\\/\\\/dorogimedence.hu\\\/index.php\\\/2024\\\/12\\\/07\\\/mentosok-segitettek-vilagra-egy-kislanyt-varmegyenkben\\\/\"},\"wordCount\":221,\"publisher\":{\"@id\":\"https:\\\/\\\/dorogimedence.hu\\\/#organization\"},\"image\":{\"@id\":\"https:\\\/\\\/dorogimedence.hu\\\/index.php\\\/2024\\\/12\\\/07\\\/mentosok-segitettek-vilagra-egy-kislanyt-varmegyenkben\\\/#primaryimage\"},\"thumbnailUrl\":\"https:\\\/\\\/dorogimedence.hu\\\/wp-content\\\/uploads\\\/2024\\\/12\\\/baby-1866623_1920.jpg\",\"keywords\":[\"Kom\u00e1rom-Esztergom v\u00e1rmegye\",\"ment\u0151k\",\"\u00fajsz\u00fcl\u00f6tt\"],\"articleSection\":[\"H\u00edrek\",\"Kom\u00e1rom-Esztergom\"],\"inLanguage\":\"hu\"},{\"@type\":\"WebPage\",\"@id\":\"https:\\\/\\\/dorogimedence.hu\\\/index.php\\\/2024\\\/12\\\/07\\\/mentosok-segitettek-vilagra-egy-kislanyt-varmegyenkben\\\/\",\"url\":\"https:\\\/\\\/dorogimedence.hu\\\/index.php\\\/2024\\\/12\\\/07\\\/mentosok-segitettek-vilagra-egy-kislanyt-varmegyenkben\\\/\",\"name\":\"Ment\u0151s\u00f6k seg\u00edtettek vil\u00e1gra egy kisl\u00e1nyt v\u00e1rmegy\u00e9nkben\",\"isPartOf\":{\"@id\":\"https:\\\/\\\/dorogimedence.hu\\\/#website\"},\"primaryImageOfPage\":{\"@id\":\"https:\\\/\\\/dorogimedence.hu\\\/index.php\\\/2024\\\/12\\\/07\\\/mentosok-segitettek-vilagra-egy-kislanyt-varmegyenkben\\\/#primaryimage\"},\"image\":{\"@id\":\"https:\\\/\\\/dorogimedence.hu\\\/index.php\\\/2024\\\/12\\\/07\\\/mentosok-segitettek-vilagra-egy-kislanyt-varmegyenkben\\\/#primaryimage\"},\"thumbnailUrl\":\"https:\\\/\\\/dorogimedence.hu\\\/wp-content\\\/uploads\\\/2024\\\/12\\\/baby-1866623_1920.jpg\",\"datePublished\":\"2024-12-07T11:21:33+00:00\",\"dateModified\":\"2024-12-07T11:23:35+00:00\",\"breadcrumb\":{\"@id\":\"https:\\\/\\\/dorogimedence.hu\\\/index.php\\\/2024\\\/12\\\/07\\\/mentosok-segitettek-vilagra-egy-kislanyt-varmegyenkben\\\/#breadcrumb\"},\"inLanguage\":\"hu\",\"potentialAction\":[{\"@type\":\"ReadAction\",\"target\":[\"https:\\\/\\\/dorogimedence.hu\\\/index.php\\\/2024\\\/12\\\/07\\\/mentosok-segitettek-vilagra-egy-kislanyt-varmegyenkben\\\/\"]}]},{\"@type\":\"ImageObject\",\"inLanguage\":\"hu\",\"@id\":\"https:\\\/\\\/dorogimedence.hu\\\/index.php\\\/2024\\\/12\\\/07\\\/mentosok-segitettek-vilagra-egy-kislanyt-varmegyenkben\\\/#primaryimage\",\"url\":\"https:\\\/\\\/dorogimedence.hu\\\/wp-content\\\/uploads\\\/2024\\\/12\\\/baby-1866623_1920.jpg\",\"contentUrl\":\"https:\\\/\\\/dorogimedence.hu\\\/wp-content\\\/uploads\\\/2024\\\/12\\\/baby-1866623_1920.jpg\",\"width\":1920,\"height\":1280},{\"@type\":\"BreadcrumbList\",\"@id\":\"https:\\\/\\\/dorogimedence.hu\\\/index.php\\\/2024\\\/12\\\/07\\\/mentosok-segitettek-vilagra-egy-kislanyt-varmegyenkben\\\/#breadcrumb\",\"itemListElement\":[{\"@type\":\"ListItem\",\"position\":1,\"name\":\"Kezd\u0151lap\",\"item\":\"https:\\\/\\\/dorogimedence.hu\\\/\"},{\"@type\":\"ListItem\",\"position\":2,\"name\":\"Ment\u0151s\u00f6k seg\u00edtettek vil\u00e1gra egy kisl\u00e1nyt v\u00e1rmegy\u00e9nkben\"}]},{\"@type\":\"WebSite\",\"@id\":\"https:\\\/\\\/dorogimedence.hu\\\/#website\",\"url\":\"https:\\\/\\\/dorogimedence.hu\\\/\",\"name\":\"Dorogi-medence Region\u00e1lis H\u00edrport\u00e1l\",\"description\":\"Dorog, Keszt\u00f6lc, Le\u00e1nyv\u00e1r, Piliscs\u00e9v, Tokod, Tokodalt\u00e1r\u00f3, Csolnok, Esztergom-kertv\u00e1ros: h\u00edrek, programok\",\"publisher\":{\"@id\":\"https:\\\/\\\/dorogimedence.hu\\\/#organization\"},\"potentialAction\":[{\"@type\":\"SearchAction\",\"target\":{\"@type\":\"EntryPoint\",\"urlTemplate\":\"https:\\\/\\\/dorogimedence.hu\\\/?s={search_term_string}\"},\"query-input\":{\"@type\":\"PropertyValueSpecification\",\"valueRequired\":true,\"valueName\":\"search_term_string\"}}],\"inLanguage\":\"hu\"},{\"@type\":\"Organization\",\"@id\":\"https:\\\/\\\/dorogimedence.hu\\\/#organization\",\"name\":\"Dorogi-medence Region\u00e1lis H\u00edrport\u00e1l\",\"url\":\"https:\\\/\\\/dorogimedence.hu\\\/\",\"logo\":{\"@type\":\"ImageObject\",\"inLanguage\":\"hu\",\"@id\":\"https:\\\/\\\/dorogimedence.hu\\\/#\\\/schema\\\/logo\\\/image\\\/\",\"url\":\"https:\\\/\\\/dorogimedence.hu\\\/wp-content\\\/uploads\\\/2021\\\/04\\\/logo-feher-600.png\",\"contentUrl\":\"https:\\\/\\\/dorogimedence.hu\\\/wp-content\\\/uploads\\\/2021\\\/04\\\/logo-feher-600.png\",\"width\":600,\"height\":100,\"caption\":\"Dorogi-medence Region\u00e1lis H\u00edrport\u00e1l\"},\"image\":{\"@id\":\"https:\\\/\\\/dorogimedence.hu\\\/#\\\/schema\\\/logo\\\/image\\\/\"},\"sameAs\":[\"https:\\\/\\\/www.facebook.com\\\/dorogimedence\\\/\"]},{\"@type\":\"Person\",\"@id\":\"https:\\\/\\\/dorogimedence.hu\\\/#\\\/schema\\\/person\\\/ce6091eeb7e95ecdc87890d6aa8e0fd4\",\"name\":\"dorogimedence.hu\",\"image\":{\"@type\":\"ImageObject\",\"inLanguage\":\"hu\",\"@id\":\"\\\/\\\/www.gravatar.com\\\/avatar\\\/d8d45f8901aadff40a4af72c0b826f1d?s=96&#038;r=g&#038;d=mm\",\"url\":\"\\\/\\\/www.gravatar.com\\\/avatar\\\/d8d45f8901aadff40a4af72c0b826f1d?s=96&#038;r=g&#038;d=mm\",\"contentUrl\":\"\\\/\\\/www.gravatar.com\\\/avatar\\\/d8d45f8901aadff40a4af72c0b826f1d?s=96&#038;r=g&#038;d=mm\",\"caption\":\"dorogimedence.hu\"}}]}<\/script>\n<!-- \/ Yoast SEO plugin. -->","yoast_head_json":{"title":"Ment\u0151s\u00f6k seg\u00edtettek vil\u00e1gra egy kisl\u00e1nyt v\u00e1rmegy\u00e9nkben","robots":{"index":"index","follow":"follow","max-snippet":"max-snippet:-1","max-image-preview":"max-image-preview:large","max-video-preview":"max-video-preview:-1"},"canonical":"https:\/\/dorogimedence.hu\/index.php\/2024\/12\/07\/mentosok-segitettek-vilagra-egy-kislanyt-varmegyenkben\/","og_locale":"hu_HU","og_type":"article","og_title":"Ment\u0151s\u00f6k seg\u00edtettek vil\u00e1gra egy kisl\u00e1nyt v\u00e1rmegy\u00e9nkben","og_description":"M\u00falt h\u00e9ten egy Kom\u00e1rom-Esztergom v\u00e1rmegyei h\u00e1zasp\u00e1r k\u00e9rte a ment\u0151k gyors seg\u00edts\u00e9g\u00e9t, miut\u00e1n a v\u00e1rand\u00f3s feles\u00e9g f\u00e1j\u00e1sai hirtelen felgyorsultak \u2013 k\u00f6z\u00f6lte az Orsz\u00e1gos Ment\u0151szolg\u00e1lat a k\u00f6z\u00f6ss\u00e9gi oldal\u00e1n. Az OMSZ ment\u00e9sir\u00e1ny\u00edt\u00f3ja azonnal t\u00f6bb ment\u0151egys\u00e9get riasztott a helysz\u00ednre, mik\u00f6zben vonalban maradt a riadt sz\u00fcl\u0151kkel. A helysz\u00ednre \u00e9rkez\u0151 ment\u0151s\u00f6k megvizsg\u00e1lt\u00e1k a kismam\u00e1t, majd (helyesen) \u00fagy \u00edt\u00e9lt\u00e9k, hogy m\u00e1r nincs","og_url":"https:\/\/dorogimedence.hu\/index.php\/2024\/12\/07\/mentosok-segitettek-vilagra-egy-kislanyt-varmegyenkben\/","og_site_name":"Dorogi-medence Region\u00e1lis H\u00edrport\u00e1l","article_publisher":"https:\/\/www.facebook.com\/dorogimedence\/","article_published_time":"2024-12-07T11:21:33+00:00","article_modified_time":"2024-12-07T11:23:35+00:00","og_image":[{"width":1920,"height":1280,"url":"https:\/\/dorogimedence.hu\/wp-content\/uploads\/2024\/12\/baby-1866623_1920.jpg","type":"image\/jpeg"}],"author":"dorogimedence.hu","twitter_card":"summary_large_image","twitter_misc":{"Szerz\u0151:":"dorogimedence.hu","Becs\u00fclt olvas\u00e1si id\u0151":"1 perc"},"schema":{"@context":"https:\/\/schema.org","@graph":[{"@type":"Article","@id":"https:\/\/dorogimedence.hu\/index.php\/2024\/12\/07\/mentosok-segitettek-vilagra-egy-kislanyt-varmegyenkben\/#article","isPartOf":{"@id":"https:\/\/dorogimedence.hu\/index.php\/2024\/12\/07\/mentosok-segitettek-vilagra-egy-kislanyt-varmegyenkben\/"},"author":{"name":"dorogimedence.hu","@id":"https:\/\/dorogimedence.hu\/#\/schema\/person\/ce6091eeb7e95ecdc87890d6aa8e0fd4"},"headline":"Ment\u0151s\u00f6k seg\u00edtettek vil\u00e1gra egy kisl\u00e1nyt v\u00e1rmegy\u00e9nkben","datePublished":"2024-12-07T11:21:33+00:00","dateModified":"2024-12-07T11:23:35+00:00","mainEntityOfPage":{"@id":"https:\/\/dorogimedence.hu\/index.php\/2024\/12\/07\/mentosok-segitettek-vilagra-egy-kislanyt-varmegyenkben\/"},"wordCount":221,"publisher":{"@id":"https:\/\/dorogimedence.hu\/#organization"},"image":{"@id":"https:\/\/dorogimedence.hu\/index.php\/2024\/12\/07\/mentosok-segitettek-vilagra-egy-kislanyt-varmegyenkben\/#primaryimage"},"thumbnailUrl":"https:\/\/dorogimedence.hu\/wp-content\/uploads\/2024\/12\/baby-1866623_1920.jpg","keywords":["Kom\u00e1rom-Esztergom v\u00e1rmegye","ment\u0151k","\u00fajsz\u00fcl\u00f6tt"],"articleSection":["H\u00edrek","Kom\u00e1rom-Esztergom"],"inLanguage":"hu"},{"@type":"WebPage","@id":"https:\/\/dorogimedence.hu\/index.php\/2024\/12\/07\/mentosok-segitettek-vilagra-egy-kislanyt-varmegyenkben\/","url":"https:\/\/dorogimedence.hu\/index.php\/2024\/12\/07\/mentosok-segitettek-vilagra-egy-kislanyt-varmegyenkben\/","name":"Ment\u0151s\u00f6k seg\u00edtettek vil\u00e1gra egy kisl\u00e1nyt v\u00e1rmegy\u00e9nkben","isPartOf":{"@id":"https:\/\/dorogimedence.hu\/#website"},"primaryImageOfPage":{"@id":"https:\/\/dorogimedence.hu\/index.php\/2024\/12\/07\/mentosok-segitettek-vilagra-egy-kislanyt-varmegyenkben\/#primaryimage"},"image":{"@id":"https:\/\/dorogimedence.hu\/index.php\/2024\/12\/07\/mentosok-segitettek-vilagra-egy-kislanyt-varmegyenkben\/#primaryimage"},"thumbnailUrl":"https:\/\/dorogimedence.hu\/wp-content\/uploads\/2024\/12\/baby-1866623_1920.jpg","datePublished":"2024-12-07T11:21:33+00:00","dateModified":"2024-12-07T11:23:35+00:00","breadcrumb":{"@id":"https:\/\/dorogimedence.hu\/index.php\/2024\/12\/07\/mentosok-segitettek-vilagra-egy-kislanyt-varmegyenkben\/#breadcrumb"},"inLanguage":"hu","potentialAction":[{"@type":"ReadAction","target":["https:\/\/dorogimedence.hu\/index.php\/2024\/12\/07\/mentosok-segitettek-vilagra-egy-kislanyt-varmegyenkben\/"]}]},{"@type":"ImageObject","inLanguage":"hu","@id":"https:\/\/dorogimedence.hu\/index.php\/2024\/12\/07\/mentosok-segitettek-vilagra-egy-kislanyt-varmegyenkben\/#primaryimage","url":"https:\/\/dorogimedence.hu\/wp-content\/uploads\/2024\/12\/baby-1866623_1920.jpg","contentUrl":"https:\/\/dorogimedence.hu\/wp-content\/uploads\/2024\/12\/baby-1866623_1920.jpg","width":1920,"height":1280},{"@type":"BreadcrumbList","@id":"https:\/\/dorogimedence.hu\/index.php\/2024\/12\/07\/mentosok-segitettek-vilagra-egy-kislanyt-varmegyenkben\/#breadcrumb","itemListElement":[{"@type":"ListItem","position":1,"name":"Kezd\u0151lap","item":"https:\/\/dorogimedence.hu\/"},{"@type":"ListItem","position":2,"name":"Ment\u0151s\u00f6k seg\u00edtettek vil\u00e1gra egy kisl\u00e1nyt v\u00e1rmegy\u00e9nkben"}]},{"@type":"WebSite","@id":"https:\/\/dorogimedence.hu\/#website","url":"https:\/\/dorogimedence.hu\/","name":"Dorogi-medence Region\u00e1lis H\u00edrport\u00e1l","description":"Dorog, Keszt\u00f6lc, Le\u00e1nyv\u00e1r, Piliscs\u00e9v, Tokod, Tokodalt\u00e1r\u00f3, Csolnok, Esztergom-kertv\u00e1ros: h\u00edrek, programok","publisher":{"@id":"https:\/\/dorogimedence.hu\/#organization"},"potentialAction":[{"@type":"SearchAction","target":{"@type":"EntryPoint","urlTemplate":"https:\/\/dorogimedence.hu\/?s={search_term_string}"},"query-input":{"@type":"PropertyValueSpecification","valueRequired":true,"valueName":"search_term_string"}}],"inLanguage":"hu"},{"@type":"Organization","@id":"https:\/\/dorogimedence.hu\/#organization","name":"Dorogi-medence Region\u00e1lis H\u00edrport\u00e1l","url":"https:\/\/dorogimedence.hu\/","logo":{"@type":"ImageObject","inLanguage":"hu","@id":"https:\/\/dorogimedence.hu\/#\/schema\/logo\/image\/","url":"https:\/\/dorogimedence.hu\/wp-content\/uploads\/2021\/04\/logo-feher-600.png","contentUrl":"https:\/\/dorogimedence.hu\/wp-content\/uploads\/2021\/04\/logo-feher-600.png","width":600,"height":100,"caption":"Dorogi-medence Region\u00e1lis H\u00edrport\u00e1l"},"image":{"@id":"https:\/\/dorogimedence.hu\/#\/schema\/logo\/image\/"},"sameAs":["https:\/\/www.facebook.com\/dorogimedence\/"]},{"@type":"Person","@id":"https:\/\/dorogimedence.hu\/#\/schema\/person\/ce6091eeb7e95ecdc87890d6aa8e0fd4","name":"dorogimedence.hu","image":{"@type":"ImageObject","inLanguage":"hu","@id":"\/\/www.gravatar.com\/avatar\/d8d45f8901aadff40a4af72c0b826f1d?s=96&#038;r=g&#038;d=mm","url":"\/\/www.gravatar.com\/avatar\/d8d45f8901aadff40a4af72c0b826f1d?s=96&#038;r=g&#038;d=mm","contentUrl":"\/\/www.gravatar.com\/avatar\/d8d45f8901aadff40a4af72c0b826f1d?s=96&#038;r=g&#038;d=mm","caption":"dorogimedence.hu"}}]}},"_links":{"self":[{"href":"https:\/\/dorogimedence.hu\/index.php\/wp-json\/wp\/v2\/posts\/67371","targetHints":{"allow":["GET"]}}],"collection":[{"href":"https:\/\/dorogimedence.hu\/index.php\/wp-json\/wp\/v2\/posts"}],"about":[{"href":"https:\/\/dorogimedence.hu\/index.php\/wp-json\/wp\/v2\/types\/post"}],"author":[{"embeddable":true,"href":"https:\/\/dorogimedence.hu\/index.php\/wp-json\/wp\/v2\/users\/1"}],"replies":[{"embeddable":true,"href":"https:\/\/dorogimedence.hu\/index.php\/wp-json\/wp\/v2\/comments?post=67371"}],"version-history":[{"count":0,"href":"https:\/\/dorogimedence.hu\/index.php\/wp-json\/wp\/v2\/posts\/67371\/revisions"}],"wp:featuredmedia":[{"embeddable":true,"href":"https:\/\/dorogimedence.hu\/index.php\/wp-json\/wp\/v2\/media\/67372"}],"wp:attachment":[{"href":"https:\/\/dorogimedence.hu\/index.php\/wp-json\/wp\/v2\/media?parent=67371"}],"wp:term":[{"taxonomy":"category","embeddable":true,"href":"https:\/\/dorogimedence.hu\/index.php\/wp-json\/wp\/v2\/categories?post=67371"},{"taxonomy":"post_tag","embeddable":true,"href":"https:\/\/dorogimedence.hu\/index.php\/wp-json\/wp\/v2\/tags?post=67371"}],"curies":[{"name":"wp","href":"https:\/\/api.w.org\/{rel}","templated":true}]}}