{"id":67358,"date":"2024-12-07T10:44:04","date_gmt":"2024-12-07T09:44:04","guid":{"rendered":"https:\/\/dorogimedence.hu\/?p=67358"},"modified":"2024-12-07T10:50:48","modified_gmt":"2024-12-07T09:50:48","slug":"kituntettek-varmegyenk-gazdasaganak-kivalosagait","status":"publish","type":"post","link":"https:\/\/dorogimedence.hu\/index.php\/2024\/12\/07\/kituntettek-varmegyenk-gazdasaganak-kivalosagait\/","title":{"rendered":"Kit\u00fcntett\u00e9k v\u00e1rmegy\u00e9nk gazdas\u00e1g\u00e1nak kiv\u00e1l\u00f3s\u00e1gait"},"content":{"rendered":"<p><strong>A v\u00e1rmegye k\u00f6zgy\u0171l\u00e9se \u00e1ltal alap\u00edtott Kom\u00e1rom-Esztergom V\u00e1rmegye Gazdas\u00e1g\u00e1\u00e9rt Kit\u00fcntet\u0151 C\u00edmeket id\u00e9n Esztergomban adt\u00e1k \u00e1t december 6-\u00e1n, p\u00e9nteken. T\u00e9rs\u00e9g\u00fcnkb\u0151l Esztergomb\u00f3l Sasv\u00e1ri B\u00e9la, Sasv\u00e1ri Viktor \u00e9s Varga Ern\u0151, m\u00edg Csolnokr\u00f3l Mr\u00e1z Szil\u00e1rd Tam\u00e1s vehetett \u00e1t elismer\u00e9st.<br \/>\n<\/strong><\/p>\n<p>Steindl Bal\u00e1zs, Esztergom alpolg\u00e1rmestere, Czunyin\u00e9 dr. Bertalan Judit orsz\u00e1ggy\u0171l\u00e9si k\u00e9pvisel\u0151, az \u00c9szaknyugat-magyarorsz\u00e1gi Gazdas\u00e1gfejleszt\u00e9si Z\u00f3na komplex fejleszt\u00e9s\u00e9\u00e9rt felel\u0151s korm\u00e1nybiztosa \u00e9s Er\u0151s G\u00e1bor orsz\u00e1ggy\u0171l\u00e9si k\u00e9pvisel\u0151, valamint Popovics Gy\u00f6rgy eln\u00f6k betegs\u00e9ge miatt Bors\u00f3 Tibor Tibor, a v\u00e1rmegyei k\u00f6zgy\u0171l\u00e9s aleln\u00f6ke k\u00f6sz\u00f6nt\u00f6tte a megjelenteket a kereskedelmi \u00e9s iparkamara \u00e9p\u00fclet\u00e9ben.<\/p>\n<p>Bors\u00f3 Tibor a k\u00f6vetkez\u0151ket emelte ki: \u2013 K\u00f6sz\u00f6net j\u00e1r mindazoknak, akik nemcsak saj\u00e1t \u00fczlet\u00fck siker\u00e9\u00e9rt dolgoznak, hanem szakmai test\u00fcleteiket is t\u00e1mogatj\u00e1k, azoknak, akik helyi termel\u0151ket karolnak fel, akik a j\u00f3 szakembereket megbecs\u00fclik, fejlesztik \u00e9s megtartj\u00e1k v\u00e1rmegy\u00e9nkben. Akik k\u00e9pz\u00e9ssel seg\u00edtik a fiatalokat, meg\u0151riznek \u0151si ismereteket, m\u0171eml\u00e9keket, t\u00e1rsadalmi szerepv\u00e1llal\u00e1sukkal sport\u00e1gak, int\u00e9zm\u00e9nyek, j\u00f3 \u00fcgyek szponzor\u00e1ci\u00f3j\u00e1ban m\u0171k\u00f6dnek k\u00f6zre, p\u00e9ld\u00e1t mutatnak kl\u00edmav\u00e9delemb\u0151l, k\u00f6rnyezettudatos technol\u00f3gi\u00e1kat alkalmaznak, h\u00edr\u00e9t viszik sz\u0171kebb haz\u00e1nknak, sikereinknek. \u00d6n\u00f6k az \u00e9l\u0151 p\u00e9ld\u00e1i annak, hogy a gazdas\u00e1gi siker \u00e9s a t\u00e1rsadalmi felel\u0151ss\u00e9gv\u00e1llal\u00e1s k\u00e9z a k\u00e9zben j\u00e1rhat.<\/p>\n<p>Er\u0151s G\u00e1bor a gazdas\u00e1g motorjainak nevezte a v\u00e1llalkoz\u00f3kat, akik nem csak \u00e1lmodni mernek, hanem cselekszenek is. K\u00f6sz\u00f6netet mondott, hogy nem csak a saj\u00e1t v\u00e1llalkoz\u00e1sukat, c\u00e9g\u00fcket \u00e9p\u00edtik, hanem az orsz\u00e1g\u00e9t, a v\u00e1rmegy\u00e9\u00e9t, a t\u00e9rs\u00e9g\u00e9t is.<\/p>\n<p>Czunyin\u00e9 dr. Bertalan Judit azt hangs\u00falyozta, hogy a foglalkoztatottak k\u00e9tharmad\u00e1t a kis- \u00e9s k\u00f6z\u00e9pv\u00e1llalkoz\u00e1sok adj\u00e1k ma Magyarorsz\u00e1gon, \u00e9s a gazdas\u00e1g szerepl\u0151inek k\u00e9tharmada is KKV. Fontos teh\u00e1t a szektor versenyk\u00e9pess\u00e9g\u00e9nek meger\u0151s\u00edt\u00e9se, amit az \u00faj gazdas\u00e1gpolitika a Demj\u00e1n S\u00e1ndor Program r\u00e9v\u00e9n hivatott szolg\u00e1lni. A koordin\u00e1l\u00e1st a d\u00edjak \u00e1tad\u00e1s\u00e1nak is helyet ad\u00f3 kereskedelmi \u00e9s iparkamar\u00e1ra, strat\u00e9giai partner\u00e9re b\u00edzta a korm\u00e1ny, mondta t\u00f6bbek k\u00f6z\u00f6tt a k\u00e9pvisel\u0151.<\/p>\n<p><img fetchpriority=\"high\" decoding=\"async\" class=\"alignnone size-full wp-image-67362\" src=\"https:\/\/dorogimedence.hu\/wp-content\/uploads\/2024\/12\/megyei-dij-02.jpg\" alt=\"\" width=\"1920\" height=\"1280\" srcset=\"https:\/\/dorogimedence.hu\/wp-content\/uploads\/2024\/12\/megyei-dij-02.jpg 1920w, https:\/\/dorogimedence.hu\/wp-content\/uploads\/2024\/12\/megyei-dij-02-600x400.jpg 600w, https:\/\/dorogimedence.hu\/wp-content\/uploads\/2024\/12\/megyei-dij-02-768x512.jpg 768w, https:\/\/dorogimedence.hu\/wp-content\/uploads\/2024\/12\/megyei-dij-02-1536x1024.jpg 1536w, https:\/\/dorogimedence.hu\/wp-content\/uploads\/2024\/12\/megyei-dij-02-150x100.jpg 150w, https:\/\/dorogimedence.hu\/wp-content\/uploads\/2024\/12\/megyei-dij-02-450x300.jpg 450w, https:\/\/dorogimedence.hu\/wp-content\/uploads\/2024\/12\/megyei-dij-02-1200x800.jpg 1200w, https:\/\/dorogimedence.hu\/wp-content\/uploads\/2024\/12\/megyei-dij-02-272x182.jpg 272w\" sizes=\"(max-width: 1920px) 100vw, 1920px\" \/><\/p>\n<h3><strong>A d\u00edjazottak a k\u00f6vetkez\u0151k<\/strong><\/h3>\n<p>Kom\u00e1rom-Esztergom V\u00e1rmegye k\u00e9zm\u0171vese (2023) Ny\u00e1ri Szandra (Neszm\u00e9ly). Egyedi, magas min\u0151s\u00e9g\u0171 cukr\u00e1szterm\u00e9keket k\u00e9sz\u00edt a tatab\u00e1nyai Duo Tortaszalonban; formatort\u00e1kat, kiv\u00e9telesen magas sz\u00ednvonalon. Elhivatotts\u00e1g\u00e1t mi sem bizony\u00edtja jobban, hogy 2009 \u00f3ta sz\u00e1mos rangos hazai \u00e9s nemzetk\u00f6zi szakmai versenyen vesz r\u00e9szt. Utolj\u00e1ra 2024. febru\u00e1rj\u00e1ban, az IKA Kulin\u00e1ris Olimpia stuttgarti verseny\u00e9n kapott arany min\u0151s\u00edt\u00e9st.<\/p>\n<p>A Kom\u00e1rom-Esztergom V\u00e1rmegye agr\u00e1rv\u00e1llalkoz\u00e1sa kit\u00fcntet\u0151 c\u00edmet a Tata-Agosty\u00e1nban tev\u00e9kenyked\u0151 Dr. Kocs Mih\u00e1ly, az \u00c1llatorvostudom\u00e1nyi Egyetem c\u00edmzetes egyetemi docense, mozg\u00e1sszervi kutat\u00f3, a magyarorsz\u00e1gi akhal-teke lovak kiv\u00e1l\u00f3 teny\u00e9szt\u0151je kapta. 2014-ben alap\u00edtotta az Akhal-teke l\u00f3teny\u00e9szt\u0151 farmj\u00e1t, melynek c\u00e9lja a g\u00e9nmeg\u0151rz\u00e9s, innov\u00e1ci\u00f3, kutat\u00e1s \u00e9s oktat\u00e1s Ezt a fajt\u00e1t alacsony egyedsz\u00e1ma ok\u00e1n 2021-ben az Agr\u00e1rminiszt\u00e9rium vesz\u00e9lyeztetett fajt\u00e1v\u00e1 min\u0151s\u00edtette, ez\u00e9rt a g\u00e9nmeg\u0151rz\u00e9s\u00e9hez komoly hazai \u00e9s nemzetk\u00f6zi \u00e9rdek f\u0171z\u0151dik. A magyarorsz\u00e1gi Akhal-teke \u00f6ssz\u00e1llom\u00e1ny 30 %-a \u00e9s az eur\u00f3pai \u00f6ssz\u00e1llom\u00e1ny 5 %-a a Teny\u00e9szt\u0151 farmj\u00e1n tal\u00e1lhat\u00f3.<\/p>\n<p>A Kom\u00e1rom-Esztergom V\u00e1rmegye egy\u00e9ni v\u00e1llalkoz\u00f3ja kit\u00fcntet\u0151 c\u00edmet 2023-ban a <strong>csolnoki Mr\u00e1z Szil\u00e1rd Tam\u00e1s aranykoszor\u00fas mester vette \u00e1t<\/strong>, a szersz\u00e1mk\u00e9sz\u00edt\u00e9s \u00e9s m\u0171anyag feldolgoz\u00e1s ter\u00fclet\u00e9n elt\u00f6lt\u00f6tt t\u00f6bb \u00e9vtizedes magas sz\u00ednvonal\u00fa szakmai tev\u00e9kenys\u00e9ge \u00e9s elhivatotts\u00e1ga elismer\u00e9sek\u00e9nt.<\/p>\n<p><img decoding=\"async\" class=\"alignnone size-full wp-image-67360\" src=\"https:\/\/dorogimedence.hu\/wp-content\/uploads\/2024\/12\/mraz-02.jpg\" alt=\"\" width=\"1920\" height=\"1280\" srcset=\"https:\/\/dorogimedence.hu\/wp-content\/uploads\/2024\/12\/mraz-02.jpg 1920w, https:\/\/dorogimedence.hu\/wp-content\/uploads\/2024\/12\/mraz-02-600x400.jpg 600w, https:\/\/dorogimedence.hu\/wp-content\/uploads\/2024\/12\/mraz-02-768x512.jpg 768w, https:\/\/dorogimedence.hu\/wp-content\/uploads\/2024\/12\/mraz-02-1536x1024.jpg 1536w, https:\/\/dorogimedence.hu\/wp-content\/uploads\/2024\/12\/mraz-02-150x100.jpg 150w, https:\/\/dorogimedence.hu\/wp-content\/uploads\/2024\/12\/mraz-02-450x300.jpg 450w, https:\/\/dorogimedence.hu\/wp-content\/uploads\/2024\/12\/mraz-02-1200x800.jpg 1200w, https:\/\/dorogimedence.hu\/wp-content\/uploads\/2024\/12\/mraz-02-272x182.jpg 272w\" sizes=\"(max-width: 1920px) 100vw, 1920px\" \/><\/p>\n<p>A 2023. \u00e9vi Kom\u00e1rom-Esztergom V\u00e1rmegye kisv\u00e1llalkoz\u00e1sa kit\u00fcntet\u0151 c\u00edmet a tatai sz\u00e9khely\u0171 AXA-Soft Kft. kapta, a v\u00e1rmegye gazdas\u00e1gi fejl\u0151d\u00e9s\u00e9t el\u0151seg\u00edt\u0151, t\u00f6bb \u00e9vtizedes kiv\u00e1l\u00f3 gazdas\u00e1gi teljes\u00edtm\u00e9nye elismer\u00e9sek\u00e9nt. A v\u00e1llalkoz\u00e1s f\u0151 tev\u00e9kenys\u00e9gi ter\u00fclete a sz\u00e1m\u00edt\u00e1s- \u00e9s irodatechnikai eszk\u00f6z\u00f6k kereskedelme \u00e9s szerv\u00edzel\u00e9se, valamint magas szint\u0171 sz\u00e1m\u00edt\u00e1stechnikai szolg\u00e1ltat\u00e1sok biztos\u00edt\u00e1sa. A d\u00edjat S\u00e1gi Zsolt \u00fcgyvezet\u0151, c\u00e9gtulajdonos vette \u00e1t.<\/p>\n<p>A 2023. \u00e9vi Kom\u00e1rom-Esztergom V\u00e1rmegye k\u00f6z\u00e9pv\u00e1llalkoz\u00e1sa kit\u00fcntet\u0151 c\u00edmet a kom\u00e1romi Kompress Nyomdaipari \u00e9s Szolg\u00e1ltat\u00f3 Kft. kapta, Kom\u00e1rom-Esztergom v\u00e1rmegye gazdas\u00e1gi fejl\u0151d\u00e9s\u00e9t el\u0151seg\u00edt\u0151, kiv\u00e1l\u00f3 gazdas\u00e1gi teljes\u00edtm\u00e9nye elismer\u00e9sek\u00e9nt. Az 1992-ben alakult, jelenleg csal\u00e1di tulajdonban l\u00e9v\u0151 nyomdaipari v\u00e1llalat munk\u00e1ja sor\u00e1n egyre nagyobb jelent\u0151s\u00e9get kap az innov\u00e1ci\u00f3 \u00e9s term\u00e9szetesen a k\u00f6rnyezetv\u00e9delmi szempontok is. A d\u00edjat Szombath G\u00e1bor \u00fcgyvezet\u0151 igazgat\u00f3 vette \u00e1t.<\/p>\n<p>2023-ban a Kom\u00e1rom-Esztergom V\u00e1rmegye nagyv\u00e1llalkoz\u00e1sa kit\u00fcntet\u0151 c\u00edmet megosztva kapta az <strong>esztergomi sz\u00e9khely\u0171 Optic World-Sasv\u00e1ri Kft. \u00e9s az Optic World &#8211; Juszt Optika Kft.<\/strong> Kom\u00e1rom-Esztergom v\u00e1rmegye gazdas\u00e1gi fejl\u0151d\u00e9s\u00e9t el\u0151seg\u00edt\u0151, az optikai eszk\u00f6z\u00f6k gy\u00e1rt\u00e1sa \u00e9s kereskedelme ter\u00fclet\u00e9n el\u00e9rt, kiv\u00e1l\u00f3 gazdas\u00e1gi teljes\u00edtm\u00e9ny\u00fck elismer\u00e9sek\u00e9nt. A d\u00edjat Sasv\u00e1ri B\u00e9la \u00e9s Sasv\u00e1ri Viktor c\u00e9gtulajdonosok vett\u00e9k \u00e1t.<\/p>\n<p><img decoding=\"async\" class=\"alignnone size-full wp-image-67359\" src=\"https:\/\/dorogimedence.hu\/wp-content\/uploads\/2024\/12\/sasvari.jpg\" alt=\"\" width=\"1920\" height=\"1280\" srcset=\"https:\/\/dorogimedence.hu\/wp-content\/uploads\/2024\/12\/sasvari.jpg 1920w, https:\/\/dorogimedence.hu\/wp-content\/uploads\/2024\/12\/sasvari-600x400.jpg 600w, https:\/\/dorogimedence.hu\/wp-content\/uploads\/2024\/12\/sasvari-768x512.jpg 768w, https:\/\/dorogimedence.hu\/wp-content\/uploads\/2024\/12\/sasvari-1536x1024.jpg 1536w, https:\/\/dorogimedence.hu\/wp-content\/uploads\/2024\/12\/sasvari-150x100.jpg 150w, https:\/\/dorogimedence.hu\/wp-content\/uploads\/2024\/12\/sasvari-450x300.jpg 450w, https:\/\/dorogimedence.hu\/wp-content\/uploads\/2024\/12\/sasvari-1200x800.jpg 1200w, https:\/\/dorogimedence.hu\/wp-content\/uploads\/2024\/12\/sasvari-272x182.jpg 272w\" sizes=\"(max-width: 1920px) 100vw, 1920px\" \/><\/p>\n<p>A 2023. \u00e9vi Kom\u00e1rom-Esztergom V\u00e1rmegye szakk\u00e9pz\u0151je kit\u00fcntet\u0151 c\u00edmet az alm\u00e1sf\u00fczit\u0151i sz\u00e9khely\u0171 H.I.X. Ipari Gy\u00e1rt\u00f3 \u00e9s Szolg\u00e1ltat\u00f3 Kft.-nek \u00edt\u00e9lt\u00e9k oda, Kom\u00e1rom-Esztergom v\u00e1rmegye gazdas\u00e1gi fejl\u0151d\u00e9s\u00e9t el\u0151seg\u00edt\u0151, a szakk\u00e9pz\u00e9s ter\u00fclet\u00e9n v\u00e9gzett kimagasl\u00f3, p\u00e9ldamutat\u00f3 szakmai munk\u00e1juk elismer\u00e9sek\u00e9nt. A c\u00e9g nagy hangs\u00falyt fektet a fiatalok k\u00e9pz\u00e9s\u00e9re. A du\u00e1lis k\u00e9pz\u00e9si rendszerben 2015-\u00f3ta k\u00e9peznek hegeszt\u0151 \u00e9s ipari g\u00e9p\u00e9sz tanul\u00f3kat.<\/p>\n<p>A 2023. \u00e9vi Kom\u00e1rom-Esztergom V\u00e1rmegye Gazdas\u00e1g\u00e1\u00e9rt \u00c9letm\u0171d\u00edjat az <strong>esztergomi, okleveles \u00e9p\u00edt\u0151m\u00e9rn\u00f6k, Varga Ern\u0151, a M\u00e9rn\u00f6ki Kamara, valamint az \u00c9p\u00edt\u00e9studom\u00e1nyi Egyes\u00fclet tagja, a Stabil Kft. t\u00f6bbs\u00e9gi tulajdonosa<\/strong> vehette \u00e1t, t\u00f6bb \u00e9vtizedes \u00e1ldozatos, magas sz\u00ednvonal\u00fa, p\u00e9ldamutat\u00f3 szakmai tev\u00e9kenys\u00e9ge elismer\u00e9sek\u00e9nt.<\/p>\n<p><img loading=\"lazy\" decoding=\"async\" class=\"alignnone size-full wp-image-67361\" src=\"https:\/\/dorogimedence.hu\/wp-content\/uploads\/2024\/12\/varga-erno.jpg\" alt=\"\" width=\"1920\" height=\"1280\" srcset=\"https:\/\/dorogimedence.hu\/wp-content\/uploads\/2024\/12\/varga-erno.jpg 1920w, https:\/\/dorogimedence.hu\/wp-content\/uploads\/2024\/12\/varga-erno-600x400.jpg 600w, https:\/\/dorogimedence.hu\/wp-content\/uploads\/2024\/12\/varga-erno-768x512.jpg 768w, https:\/\/dorogimedence.hu\/wp-content\/uploads\/2024\/12\/varga-erno-1536x1024.jpg 1536w, https:\/\/dorogimedence.hu\/wp-content\/uploads\/2024\/12\/varga-erno-150x100.jpg 150w, https:\/\/dorogimedence.hu\/wp-content\/uploads\/2024\/12\/varga-erno-450x300.jpg 450w, https:\/\/dorogimedence.hu\/wp-content\/uploads\/2024\/12\/varga-erno-1200x800.jpg 1200w, https:\/\/dorogimedence.hu\/wp-content\/uploads\/2024\/12\/varga-erno-272x182.jpg 272w\" sizes=\"(max-width: 1920px) 100vw, 1920px\" \/><\/p>\n<p>A Kom\u00e1rom-Esztergom V\u00e1rmegye Gazdas\u00e1g\u00e1\u00e9rt Kit\u00fcntet\u0151 C\u00edm K\u00fcl\u00f6nd\u00edj\u00e1t 2023-ban a tatab\u00e1nyai sz\u00e9khely\u0171 Regio Regia Nonprofit Kft. kapta, magas sz\u00ednvonal\u00fa, p\u00e9ldamutat\u00f3 szakmai tev\u00e9kenys\u00e9ge elismer\u00e9sek\u00e9nt. A Regio Regi\u00e1t a K\u00f6z\u00e9p-Dun\u00e1nt\u00fal rangos m\u00e9diumak\u00e9nt tartj\u00e1k sz\u00e1mon. A magas min\u0151s\u00e9get, melyet a lap alap\u00edt\u00e1sa \u00f3ta k\u00e9pvisel, sz\u00e1mos t\u00e1rsadalmi elismer\u00e9s, kit\u00fcntet\u00e9s is visszaigazolja. Az elismer\u00e9st Cseh Ter\u00e9z M\u00e1ria, Ve\u00e9r K\u00e1roly \u00e9s Ve\u00e9r Zolt\u00e1n c\u00e9gtulajdonosok vett\u00e9k \u00e1t.<\/p>\n<p>A 2023. \u00e9vi Kom\u00e1rom-Esztergom V\u00e1rmegye mikrov\u00e1llakoz\u00e1sa kit\u00fcntet\u0151 c\u00edmet a bokodi sz\u00e9khely\u0171 Cretio Agro Zrt. kapta. Kom\u00e1rom-Esztergom v\u00e1rmegye gazdas\u00e1gi fejl\u0151d\u00e9s\u00e9t el\u0151seg\u00edt\u0151, kiv\u00e1l\u00f3 gazdas\u00e1gi teljes\u00edtm\u00e9nye elismer\u00e9sek\u00e9nt. Az 1996-ban alakult, magyar tulajdonban l\u00e9v\u0151 n\u00f6v\u00e9nytermeszt\u00e9ssel \u00e9s \u00e1llattart\u00e1ssal foglalkoz\u00f3, bokodi sz\u00e9khellyel rendelkez\u0151 mikrov\u00e1llalkoz\u00e1s \u00e9len j\u00e1r az agr\u00e1rdigitaliz\u00e1ci\u00f3 alkalmaz\u00e1s\u00e1ban \u00e9s a fenntarthat\u00f3s\u00e1g keret\u00e9ben tov\u00e1bb szeretn\u00e9k er\u0151s\u00edteni a sz\u00e9ndioxid kibocs\u00e1t\u00e1s cs\u00f6kkent\u00e9s\u00e9t. A d\u00edjat Szab\u00f3 L\u00e1szl\u00f3 vez\u00e9rigazgat\u00f3 vette \u00e1t.<\/p>\n<p>Kom\u00e1rom-Esztergom V\u00e1rmegye Polg\u00e1r\u0151re &#8211; 2024. kit\u00fcntet\u0151 c\u00edmet Dibusz Ferenc, a Nasz\u00e1lyi S\u00f3lyom Polg\u00e1r\u0151r Egyes\u00fclet \u00e9s a Kom\u00e1rom-Esztergom Megyei Polg\u00e1r\u0151r Sz\u00f6vets\u00e9g Fel\u00fcgyel\u0151 Bizotts\u00e1g\u00e1nak eln\u00f6ke vette \u00e1t.<\/p>\n<p>Dr. Szerencs\u00e9s L\u00e1szl\u00f3, a Kom\u00e1rom-Esztergom V\u00e1rmegyei Kereskedelmi \u00e9s Iparkamara eln\u00f6ke z\u00e1rszav\u00e1ban gratul\u00e1lt a kit\u00fcntetetteknek, kiemelve, hogy siker\u00fck legink\u00e1bb annak a sok munk\u00e1nak k\u00f6sz\u00f6nhet\u0151, amit elhivatottan beletettek a v\u00e1llalkoz\u00e1sukba. \u2013 A sikerek el\u00e9r\u00e9s\u00e9hez kellett tisztess\u00e9g is, hogy b\u00edzzanak \u00d6n\u00f6kben, sz\u00edvesen m\u0171k\u00f6djenek egy\u00fctt a c\u00e9g\u00fckkel, ak\u00e1r dolgoz\u00f3k\u00e9nt, ak\u00e1r v\u00e1s\u00e1rl\u00f3k\u00e9nt \u2013 mondta az eln\u00f6k.<\/p>\n<p><em>Fot\u00f3k, forr\u00e1s: Kom\u00e1rom-Esztergom V\u00e1rmegyei \u00d6nkorm\u00e1nyzat<\/em><\/p>\n","protected":false},"excerpt":{"rendered":"<p>A v\u00e1rmegye k\u00f6zgy\u0171l\u00e9se \u00e1ltal alap\u00edtott Kom\u00e1rom-Esztergom V\u00e1rmegye Gazdas\u00e1g\u00e1\u00e9rt Kit\u00fcntet\u0151 C\u00edmeket id\u00e9n Esztergomban adt\u00e1k \u00e1t december 6-\u00e1n, p\u00e9nteken. T\u00e9rs\u00e9g\u00fcnkb\u0151l Esztergomb\u00f3l Sasv\u00e1ri B\u00e9la, Sasv\u00e1ri Viktor \u00e9s Varga Ern\u0151, m\u00edg Csolnokr\u00f3l Mr\u00e1z Szil\u00e1rd Tam\u00e1s vehetett \u00e1t elismer\u00e9st. Steindl Bal\u00e1zs, Esztergom alpolg\u00e1rmestere, Czunyin\u00e9 dr. Bertalan Judit orsz\u00e1ggy\u0171l\u00e9si k\u00e9pvisel\u0151, az \u00c9szaknyugat-magyarorsz\u00e1gi Gazdas\u00e1gfejleszt\u00e9si Z\u00f3na komplex fejleszt\u00e9s\u00e9\u00e9rt felel\u0151s korm\u00e1nybiztosa \u00e9s Er\u0151s G\u00e1bor<\/p>\n","protected":false},"author":1,"featured_media":67364,"comment_status":"closed","ping_status":"closed","sticky":false,"template":"","format":"standard","meta":{"ngg_post_thumbnail":0,"footnotes":""},"categories":[64,38,3,56],"tags":[66,594,42,5624,6890],"class_list":{"0":"post-67358","1":"post","2":"type-post","3":"status-publish","4":"format-standard","5":"has-post-thumbnail","7":"category-csolnok","8":"category-esztergom","9":"category-hirek","10":"category-komarom-esztergom","11":"tag-csolnok","12":"tag-dijatado","13":"tag-esztergom","14":"tag-featured","15":"tag-komarom-esztergom-varmegye"},"yoast_head":"<!-- This site is optimized with the Yoast SEO plugin v27.4 - https:\/\/yoast.com\/product\/yoast-seo-wordpress\/ -->\n<title>Kit\u00fcntett\u00e9k v\u00e1rmegy\u00e9nk gazdas\u00e1g\u00e1nak kiv\u00e1l\u00f3s\u00e1gait<\/title>\n<meta name=\"robots\" content=\"index, follow, max-snippet:-1, max-image-preview:large, max-video-preview:-1\" \/>\n<link rel=\"canonical\" href=\"https:\/\/dorogimedence.hu\/index.php\/2024\/12\/07\/kituntettek-varmegyenk-gazdasaganak-kivalosagait\/\" class=\"yoast-seo-meta-tag\" \/>\n<meta property=\"og:locale\" content=\"hu_HU\" class=\"yoast-seo-meta-tag\" \/>\n<meta property=\"og:type\" content=\"article\" class=\"yoast-seo-meta-tag\" \/>\n<meta property=\"og:title\" content=\"Kit\u00fcntett\u00e9k v\u00e1rmegy\u00e9nk gazdas\u00e1g\u00e1nak kiv\u00e1l\u00f3s\u00e1gait\" class=\"yoast-seo-meta-tag\" \/>\n<meta property=\"og:description\" content=\"A v\u00e1rmegye k\u00f6zgy\u0171l\u00e9se \u00e1ltal alap\u00edtott Kom\u00e1rom-Esztergom V\u00e1rmegye Gazdas\u00e1g\u00e1\u00e9rt Kit\u00fcntet\u0151 C\u00edmeket id\u00e9n Esztergomban adt\u00e1k \u00e1t december 6-\u00e1n, p\u00e9nteken. T\u00e9rs\u00e9g\u00fcnkb\u0151l Esztergomb\u00f3l Sasv\u00e1ri B\u00e9la, Sasv\u00e1ri Viktor \u00e9s Varga Ern\u0151, m\u00edg Csolnokr\u00f3l Mr\u00e1z Szil\u00e1rd Tam\u00e1s vehetett \u00e1t elismer\u00e9st. Steindl Bal\u00e1zs, Esztergom alpolg\u00e1rmestere, Czunyin\u00e9 dr. Bertalan Judit orsz\u00e1ggy\u0171l\u00e9si k\u00e9pvisel\u0151, az \u00c9szaknyugat-magyarorsz\u00e1gi Gazdas\u00e1gfejleszt\u00e9si Z\u00f3na komplex fejleszt\u00e9s\u00e9\u00e9rt felel\u0151s korm\u00e1nybiztosa \u00e9s Er\u0151s G\u00e1bor\" class=\"yoast-seo-meta-tag\" \/>\n<meta property=\"og:url\" content=\"https:\/\/dorogimedence.hu\/index.php\/2024\/12\/07\/kituntettek-varmegyenk-gazdasaganak-kivalosagait\/\" class=\"yoast-seo-meta-tag\" \/>\n<meta property=\"og:site_name\" content=\"Dorogi-medence Region\u00e1lis H\u00edrport\u00e1l\" class=\"yoast-seo-meta-tag\" \/>\n<meta property=\"article:publisher\" content=\"https:\/\/www.facebook.com\/dorogimedence\/\" class=\"yoast-seo-meta-tag\" \/>\n<meta property=\"article:published_time\" content=\"2024-12-07T09:44:04+00:00\" class=\"yoast-seo-meta-tag\" \/>\n<meta property=\"article:modified_time\" content=\"2024-12-07T09:50:48+00:00\" class=\"yoast-seo-meta-tag\" \/>\n<meta property=\"og:image\" content=\"https:\/\/dorogimedence.hu\/wp-content\/uploads\/2024\/12\/megye-dij-01.jpg\" class=\"yoast-seo-meta-tag\" \/>\n\t<meta property=\"og:image:width\" content=\"1920\" class=\"yoast-seo-meta-tag\" \/>\n\t<meta property=\"og:image:height\" content=\"1177\" class=\"yoast-seo-meta-tag\" \/>\n\t<meta property=\"og:image:type\" content=\"image\/jpeg\" class=\"yoast-seo-meta-tag\" \/>\n<meta name=\"author\" content=\"dorogimedence.hu\" class=\"yoast-seo-meta-tag\" \/>\n<meta name=\"twitter:card\" content=\"summary_large_image\" class=\"yoast-seo-meta-tag\" \/>\n<meta name=\"twitter:label1\" content=\"Szerz\u0151:\" class=\"yoast-seo-meta-tag\" \/>\n\t<meta name=\"twitter:data1\" content=\"dorogimedence.hu\" class=\"yoast-seo-meta-tag\" \/>\n\t<meta name=\"twitter:label2\" content=\"Becs\u00fclt olvas\u00e1si id\u0151\" class=\"yoast-seo-meta-tag\" \/>\n\t<meta name=\"twitter:data2\" content=\"7 perc\" class=\"yoast-seo-meta-tag\" \/>\n<script type=\"application\/ld+json\" class=\"yoast-schema-graph\">{\"@context\":\"https:\\\/\\\/schema.org\",\"@graph\":[{\"@type\":\"Article\",\"@id\":\"https:\\\/\\\/dorogimedence.hu\\\/index.php\\\/2024\\\/12\\\/07\\\/kituntettek-varmegyenk-gazdasaganak-kivalosagait\\\/#article\",\"isPartOf\":{\"@id\":\"https:\\\/\\\/dorogimedence.hu\\\/index.php\\\/2024\\\/12\\\/07\\\/kituntettek-varmegyenk-gazdasaganak-kivalosagait\\\/\"},\"author\":{\"name\":\"dorogimedence.hu\",\"@id\":\"https:\\\/\\\/dorogimedence.hu\\\/#\\\/schema\\\/person\\\/ce6091eeb7e95ecdc87890d6aa8e0fd4\"},\"headline\":\"Kit\u00fcntett\u00e9k v\u00e1rmegy\u00e9nk gazdas\u00e1g\u00e1nak kiv\u00e1l\u00f3s\u00e1gait\",\"datePublished\":\"2024-12-07T09:44:04+00:00\",\"dateModified\":\"2024-12-07T09:50:48+00:00\",\"mainEntityOfPage\":{\"@id\":\"https:\\\/\\\/dorogimedence.hu\\\/index.php\\\/2024\\\/12\\\/07\\\/kituntettek-varmegyenk-gazdasaganak-kivalosagait\\\/\"},\"wordCount\":1507,\"publisher\":{\"@id\":\"https:\\\/\\\/dorogimedence.hu\\\/#organization\"},\"image\":{\"@id\":\"https:\\\/\\\/dorogimedence.hu\\\/index.php\\\/2024\\\/12\\\/07\\\/kituntettek-varmegyenk-gazdasaganak-kivalosagait\\\/#primaryimage\"},\"thumbnailUrl\":\"https:\\\/\\\/dorogimedence.hu\\\/wp-content\\\/uploads\\\/2024\\\/12\\\/megye-dij-01.jpg\",\"keywords\":[\"Csolnok\",\"d\u00edj\u00e1tad\u00f3\",\"esztergom\",\"featured\",\"Kom\u00e1rom-Esztergom v\u00e1rmegye\"],\"articleSection\":[\"Csolnok\",\"Esztergom\",\"H\u00edrek\",\"Kom\u00e1rom-Esztergom\"],\"inLanguage\":\"hu\"},{\"@type\":\"WebPage\",\"@id\":\"https:\\\/\\\/dorogimedence.hu\\\/index.php\\\/2024\\\/12\\\/07\\\/kituntettek-varmegyenk-gazdasaganak-kivalosagait\\\/\",\"url\":\"https:\\\/\\\/dorogimedence.hu\\\/index.php\\\/2024\\\/12\\\/07\\\/kituntettek-varmegyenk-gazdasaganak-kivalosagait\\\/\",\"name\":\"Kit\u00fcntett\u00e9k v\u00e1rmegy\u00e9nk gazdas\u00e1g\u00e1nak kiv\u00e1l\u00f3s\u00e1gait\",\"isPartOf\":{\"@id\":\"https:\\\/\\\/dorogimedence.hu\\\/#website\"},\"primaryImageOfPage\":{\"@id\":\"https:\\\/\\\/dorogimedence.hu\\\/index.php\\\/2024\\\/12\\\/07\\\/kituntettek-varmegyenk-gazdasaganak-kivalosagait\\\/#primaryimage\"},\"image\":{\"@id\":\"https:\\\/\\\/dorogimedence.hu\\\/index.php\\\/2024\\\/12\\\/07\\\/kituntettek-varmegyenk-gazdasaganak-kivalosagait\\\/#primaryimage\"},\"thumbnailUrl\":\"https:\\\/\\\/dorogimedence.hu\\\/wp-content\\\/uploads\\\/2024\\\/12\\\/megye-dij-01.jpg\",\"datePublished\":\"2024-12-07T09:44:04+00:00\",\"dateModified\":\"2024-12-07T09:50:48+00:00\",\"breadcrumb\":{\"@id\":\"https:\\\/\\\/dorogimedence.hu\\\/index.php\\\/2024\\\/12\\\/07\\\/kituntettek-varmegyenk-gazdasaganak-kivalosagait\\\/#breadcrumb\"},\"inLanguage\":\"hu\",\"potentialAction\":[{\"@type\":\"ReadAction\",\"target\":[\"https:\\\/\\\/dorogimedence.hu\\\/index.php\\\/2024\\\/12\\\/07\\\/kituntettek-varmegyenk-gazdasaganak-kivalosagait\\\/\"]}]},{\"@type\":\"ImageObject\",\"inLanguage\":\"hu\",\"@id\":\"https:\\\/\\\/dorogimedence.hu\\\/index.php\\\/2024\\\/12\\\/07\\\/kituntettek-varmegyenk-gazdasaganak-kivalosagait\\\/#primaryimage\",\"url\":\"https:\\\/\\\/dorogimedence.hu\\\/wp-content\\\/uploads\\\/2024\\\/12\\\/megye-dij-01.jpg\",\"contentUrl\":\"https:\\\/\\\/dorogimedence.hu\\\/wp-content\\\/uploads\\\/2024\\\/12\\\/megye-dij-01.jpg\",\"width\":1920,\"height\":1177},{\"@type\":\"BreadcrumbList\",\"@id\":\"https:\\\/\\\/dorogimedence.hu\\\/index.php\\\/2024\\\/12\\\/07\\\/kituntettek-varmegyenk-gazdasaganak-kivalosagait\\\/#breadcrumb\",\"itemListElement\":[{\"@type\":\"ListItem\",\"position\":1,\"name\":\"Kezd\u0151lap\",\"item\":\"https:\\\/\\\/dorogimedence.hu\\\/\"},{\"@type\":\"ListItem\",\"position\":2,\"name\":\"Kit\u00fcntett\u00e9k v\u00e1rmegy\u00e9nk gazdas\u00e1g\u00e1nak kiv\u00e1l\u00f3s\u00e1gait\"}]},{\"@type\":\"WebSite\",\"@id\":\"https:\\\/\\\/dorogimedence.hu\\\/#website\",\"url\":\"https:\\\/\\\/dorogimedence.hu\\\/\",\"name\":\"Dorogi-medence Region\u00e1lis H\u00edrport\u00e1l\",\"description\":\"Dorog, Keszt\u00f6lc, Le\u00e1nyv\u00e1r, Piliscs\u00e9v, Tokod, Tokodalt\u00e1r\u00f3, Csolnok, Esztergom-kertv\u00e1ros: h\u00edrek, programok\",\"publisher\":{\"@id\":\"https:\\\/\\\/dorogimedence.hu\\\/#organization\"},\"potentialAction\":[{\"@type\":\"SearchAction\",\"target\":{\"@type\":\"EntryPoint\",\"urlTemplate\":\"https:\\\/\\\/dorogimedence.hu\\\/?s={search_term_string}\"},\"query-input\":{\"@type\":\"PropertyValueSpecification\",\"valueRequired\":true,\"valueName\":\"search_term_string\"}}],\"inLanguage\":\"hu\"},{\"@type\":\"Organization\",\"@id\":\"https:\\\/\\\/dorogimedence.hu\\\/#organization\",\"name\":\"Dorogi-medence Region\u00e1lis H\u00edrport\u00e1l\",\"url\":\"https:\\\/\\\/dorogimedence.hu\\\/\",\"logo\":{\"@type\":\"ImageObject\",\"inLanguage\":\"hu\",\"@id\":\"https:\\\/\\\/dorogimedence.hu\\\/#\\\/schema\\\/logo\\\/image\\\/\",\"url\":\"https:\\\/\\\/dorogimedence.hu\\\/wp-content\\\/uploads\\\/2021\\\/04\\\/logo-feher-600.png\",\"contentUrl\":\"https:\\\/\\\/dorogimedence.hu\\\/wp-content\\\/uploads\\\/2021\\\/04\\\/logo-feher-600.png\",\"width\":600,\"height\":100,\"caption\":\"Dorogi-medence Region\u00e1lis H\u00edrport\u00e1l\"},\"image\":{\"@id\":\"https:\\\/\\\/dorogimedence.hu\\\/#\\\/schema\\\/logo\\\/image\\\/\"},\"sameAs\":[\"https:\\\/\\\/www.facebook.com\\\/dorogimedence\\\/\"]},{\"@type\":\"Person\",\"@id\":\"https:\\\/\\\/dorogimedence.hu\\\/#\\\/schema\\\/person\\\/ce6091eeb7e95ecdc87890d6aa8e0fd4\",\"name\":\"dorogimedence.hu\",\"image\":{\"@type\":\"ImageObject\",\"inLanguage\":\"hu\",\"@id\":\"\\\/\\\/www.gravatar.com\\\/avatar\\\/d8d45f8901aadff40a4af72c0b826f1d?s=96&#038;r=g&#038;d=mm\",\"url\":\"\\\/\\\/www.gravatar.com\\\/avatar\\\/d8d45f8901aadff40a4af72c0b826f1d?s=96&#038;r=g&#038;d=mm\",\"contentUrl\":\"\\\/\\\/www.gravatar.com\\\/avatar\\\/d8d45f8901aadff40a4af72c0b826f1d?s=96&#038;r=g&#038;d=mm\",\"caption\":\"dorogimedence.hu\"}}]}<\/script>\n<!-- \/ Yoast SEO plugin. -->","yoast_head_json":{"title":"Kit\u00fcntett\u00e9k v\u00e1rmegy\u00e9nk gazdas\u00e1g\u00e1nak kiv\u00e1l\u00f3s\u00e1gait","robots":{"index":"index","follow":"follow","max-snippet":"max-snippet:-1","max-image-preview":"max-image-preview:large","max-video-preview":"max-video-preview:-1"},"canonical":"https:\/\/dorogimedence.hu\/index.php\/2024\/12\/07\/kituntettek-varmegyenk-gazdasaganak-kivalosagait\/","og_locale":"hu_HU","og_type":"article","og_title":"Kit\u00fcntett\u00e9k v\u00e1rmegy\u00e9nk gazdas\u00e1g\u00e1nak kiv\u00e1l\u00f3s\u00e1gait","og_description":"A v\u00e1rmegye k\u00f6zgy\u0171l\u00e9se \u00e1ltal alap\u00edtott Kom\u00e1rom-Esztergom V\u00e1rmegye Gazdas\u00e1g\u00e1\u00e9rt Kit\u00fcntet\u0151 C\u00edmeket id\u00e9n Esztergomban adt\u00e1k \u00e1t december 6-\u00e1n, p\u00e9nteken. T\u00e9rs\u00e9g\u00fcnkb\u0151l Esztergomb\u00f3l Sasv\u00e1ri B\u00e9la, Sasv\u00e1ri Viktor \u00e9s Varga Ern\u0151, m\u00edg Csolnokr\u00f3l Mr\u00e1z Szil\u00e1rd Tam\u00e1s vehetett \u00e1t elismer\u00e9st. Steindl Bal\u00e1zs, Esztergom alpolg\u00e1rmestere, Czunyin\u00e9 dr. Bertalan Judit orsz\u00e1ggy\u0171l\u00e9si k\u00e9pvisel\u0151, az \u00c9szaknyugat-magyarorsz\u00e1gi Gazdas\u00e1gfejleszt\u00e9si Z\u00f3na komplex fejleszt\u00e9s\u00e9\u00e9rt felel\u0151s korm\u00e1nybiztosa \u00e9s Er\u0151s G\u00e1bor","og_url":"https:\/\/dorogimedence.hu\/index.php\/2024\/12\/07\/kituntettek-varmegyenk-gazdasaganak-kivalosagait\/","og_site_name":"Dorogi-medence Region\u00e1lis H\u00edrport\u00e1l","article_publisher":"https:\/\/www.facebook.com\/dorogimedence\/","article_published_time":"2024-12-07T09:44:04+00:00","article_modified_time":"2024-12-07T09:50:48+00:00","og_image":[{"width":1920,"height":1177,"url":"https:\/\/dorogimedence.hu\/wp-content\/uploads\/2024\/12\/megye-dij-01.jpg","type":"image\/jpeg"}],"author":"dorogimedence.hu","twitter_card":"summary_large_image","twitter_misc":{"Szerz\u0151:":"dorogimedence.hu","Becs\u00fclt olvas\u00e1si id\u0151":"7 perc"},"schema":{"@context":"https:\/\/schema.org","@graph":[{"@type":"Article","@id":"https:\/\/dorogimedence.hu\/index.php\/2024\/12\/07\/kituntettek-varmegyenk-gazdasaganak-kivalosagait\/#article","isPartOf":{"@id":"https:\/\/dorogimedence.hu\/index.php\/2024\/12\/07\/kituntettek-varmegyenk-gazdasaganak-kivalosagait\/"},"author":{"name":"dorogimedence.hu","@id":"https:\/\/dorogimedence.hu\/#\/schema\/person\/ce6091eeb7e95ecdc87890d6aa8e0fd4"},"headline":"Kit\u00fcntett\u00e9k v\u00e1rmegy\u00e9nk gazdas\u00e1g\u00e1nak kiv\u00e1l\u00f3s\u00e1gait","datePublished":"2024-12-07T09:44:04+00:00","dateModified":"2024-12-07T09:50:48+00:00","mainEntityOfPage":{"@id":"https:\/\/dorogimedence.hu\/index.php\/2024\/12\/07\/kituntettek-varmegyenk-gazdasaganak-kivalosagait\/"},"wordCount":1507,"publisher":{"@id":"https:\/\/dorogimedence.hu\/#organization"},"image":{"@id":"https:\/\/dorogimedence.hu\/index.php\/2024\/12\/07\/kituntettek-varmegyenk-gazdasaganak-kivalosagait\/#primaryimage"},"thumbnailUrl":"https:\/\/dorogimedence.hu\/wp-content\/uploads\/2024\/12\/megye-dij-01.jpg","keywords":["Csolnok","d\u00edj\u00e1tad\u00f3","esztergom","featured","Kom\u00e1rom-Esztergom v\u00e1rmegye"],"articleSection":["Csolnok","Esztergom","H\u00edrek","Kom\u00e1rom-Esztergom"],"inLanguage":"hu"},{"@type":"WebPage","@id":"https:\/\/dorogimedence.hu\/index.php\/2024\/12\/07\/kituntettek-varmegyenk-gazdasaganak-kivalosagait\/","url":"https:\/\/dorogimedence.hu\/index.php\/2024\/12\/07\/kituntettek-varmegyenk-gazdasaganak-kivalosagait\/","name":"Kit\u00fcntett\u00e9k v\u00e1rmegy\u00e9nk gazdas\u00e1g\u00e1nak kiv\u00e1l\u00f3s\u00e1gait","isPartOf":{"@id":"https:\/\/dorogimedence.hu\/#website"},"primaryImageOfPage":{"@id":"https:\/\/dorogimedence.hu\/index.php\/2024\/12\/07\/kituntettek-varmegyenk-gazdasaganak-kivalosagait\/#primaryimage"},"image":{"@id":"https:\/\/dorogimedence.hu\/index.php\/2024\/12\/07\/kituntettek-varmegyenk-gazdasaganak-kivalosagait\/#primaryimage"},"thumbnailUrl":"https:\/\/dorogimedence.hu\/wp-content\/uploads\/2024\/12\/megye-dij-01.jpg","datePublished":"2024-12-07T09:44:04+00:00","dateModified":"2024-12-07T09:50:48+00:00","breadcrumb":{"@id":"https:\/\/dorogimedence.hu\/index.php\/2024\/12\/07\/kituntettek-varmegyenk-gazdasaganak-kivalosagait\/#breadcrumb"},"inLanguage":"hu","potentialAction":[{"@type":"ReadAction","target":["https:\/\/dorogimedence.hu\/index.php\/2024\/12\/07\/kituntettek-varmegyenk-gazdasaganak-kivalosagait\/"]}]},{"@type":"ImageObject","inLanguage":"hu","@id":"https:\/\/dorogimedence.hu\/index.php\/2024\/12\/07\/kituntettek-varmegyenk-gazdasaganak-kivalosagait\/#primaryimage","url":"https:\/\/dorogimedence.hu\/wp-content\/uploads\/2024\/12\/megye-dij-01.jpg","contentUrl":"https:\/\/dorogimedence.hu\/wp-content\/uploads\/2024\/12\/megye-dij-01.jpg","width":1920,"height":1177},{"@type":"BreadcrumbList","@id":"https:\/\/dorogimedence.hu\/index.php\/2024\/12\/07\/kituntettek-varmegyenk-gazdasaganak-kivalosagait\/#breadcrumb","itemListElement":[{"@type":"ListItem","position":1,"name":"Kezd\u0151lap","item":"https:\/\/dorogimedence.hu\/"},{"@type":"ListItem","position":2,"name":"Kit\u00fcntett\u00e9k v\u00e1rmegy\u00e9nk gazdas\u00e1g\u00e1nak kiv\u00e1l\u00f3s\u00e1gait"}]},{"@type":"WebSite","@id":"https:\/\/dorogimedence.hu\/#website","url":"https:\/\/dorogimedence.hu\/","name":"Dorogi-medence Region\u00e1lis H\u00edrport\u00e1l","description":"Dorog, Keszt\u00f6lc, Le\u00e1nyv\u00e1r, Piliscs\u00e9v, Tokod, Tokodalt\u00e1r\u00f3, Csolnok, Esztergom-kertv\u00e1ros: h\u00edrek, programok","publisher":{"@id":"https:\/\/dorogimedence.hu\/#organization"},"potentialAction":[{"@type":"SearchAction","target":{"@type":"EntryPoint","urlTemplate":"https:\/\/dorogimedence.hu\/?s={search_term_string}"},"query-input":{"@type":"PropertyValueSpecification","valueRequired":true,"valueName":"search_term_string"}}],"inLanguage":"hu"},{"@type":"Organization","@id":"https:\/\/dorogimedence.hu\/#organization","name":"Dorogi-medence Region\u00e1lis H\u00edrport\u00e1l","url":"https:\/\/dorogimedence.hu\/","logo":{"@type":"ImageObject","inLanguage":"hu","@id":"https:\/\/dorogimedence.hu\/#\/schema\/logo\/image\/","url":"https:\/\/dorogimedence.hu\/wp-content\/uploads\/2021\/04\/logo-feher-600.png","contentUrl":"https:\/\/dorogimedence.hu\/wp-content\/uploads\/2021\/04\/logo-feher-600.png","width":600,"height":100,"caption":"Dorogi-medence Region\u00e1lis H\u00edrport\u00e1l"},"image":{"@id":"https:\/\/dorogimedence.hu\/#\/schema\/logo\/image\/"},"sameAs":["https:\/\/www.facebook.com\/dorogimedence\/"]},{"@type":"Person","@id":"https:\/\/dorogimedence.hu\/#\/schema\/person\/ce6091eeb7e95ecdc87890d6aa8e0fd4","name":"dorogimedence.hu","image":{"@type":"ImageObject","inLanguage":"hu","@id":"\/\/www.gravatar.com\/avatar\/d8d45f8901aadff40a4af72c0b826f1d?s=96&#038;r=g&#038;d=mm","url":"\/\/www.gravatar.com\/avatar\/d8d45f8901aadff40a4af72c0b826f1d?s=96&#038;r=g&#038;d=mm","contentUrl":"\/\/www.gravatar.com\/avatar\/d8d45f8901aadff40a4af72c0b826f1d?s=96&#038;r=g&#038;d=mm","caption":"dorogimedence.hu"}}]}},"_links":{"self":[{"href":"https:\/\/dorogimedence.hu\/index.php\/wp-json\/wp\/v2\/posts\/67358","targetHints":{"allow":["GET"]}}],"collection":[{"href":"https:\/\/dorogimedence.hu\/index.php\/wp-json\/wp\/v2\/posts"}],"about":[{"href":"https:\/\/dorogimedence.hu\/index.php\/wp-json\/wp\/v2\/types\/post"}],"author":[{"embeddable":true,"href":"https:\/\/dorogimedence.hu\/index.php\/wp-json\/wp\/v2\/users\/1"}],"replies":[{"embeddable":true,"href":"https:\/\/dorogimedence.hu\/index.php\/wp-json\/wp\/v2\/comments?post=67358"}],"version-history":[{"count":0,"href":"https:\/\/dorogimedence.hu\/index.php\/wp-json\/wp\/v2\/posts\/67358\/revisions"}],"wp:featuredmedia":[{"embeddable":true,"href":"https:\/\/dorogimedence.hu\/index.php\/wp-json\/wp\/v2\/media\/67364"}],"wp:attachment":[{"href":"https:\/\/dorogimedence.hu\/index.php\/wp-json\/wp\/v2\/media?parent=67358"}],"wp:term":[{"taxonomy":"category","embeddable":true,"href":"https:\/\/dorogimedence.hu\/index.php\/wp-json\/wp\/v2\/categories?post=67358"},{"taxonomy":"post_tag","embeddable":true,"href":"https:\/\/dorogimedence.hu\/index.php\/wp-json\/wp\/v2\/tags?post=67358"}],"curies":[{"name":"wp","href":"https:\/\/api.w.org\/{rel}","templated":true}]}}