{"id":67326,"date":"2024-12-05T13:41:28","date_gmt":"2024-12-05T12:41:28","guid":{"rendered":"https:\/\/dorogimedence.hu\/?p=67326"},"modified":"2024-12-05T13:43:21","modified_gmt":"2024-12-05T12:43:21","slug":"december-5-e-a-talaj-vilagnapja","status":"publish","type":"post","link":"https:\/\/dorogimedence.hu\/index.php\/2024\/12\/05\/december-5-e-a-talaj-vilagnapja\/","title":{"rendered":"December 5-e a Talaj Vil\u00e1gnapja"},"content":{"rendered":"<p><strong>A vil\u00e1g \u00e9lelmiszer ell\u00e1t\u00e1s\u00e1nak 95%-\u00e1t talajaink biztos\u00edtj\u00e1k, mik\u00f6zben a F\u00f6ld szil\u00e1rd r\u00e9sz\u00e9nek mind\u00f6ssze 11 %-a term\u0151f\u00f6ld, azaz els\u0151sorban \u00e9lelmiszertermel\u00e9sre, legeltet\u00e9sre haszn\u00e1lt, nem erd\u0151nek min\u0151s\u00fcl\u0151 ter\u00fclet. Az EU \u00e1tlag k\u00f6zel 30 %, de haz\u00e1nkban ez az \u00e9rt\u00e9k 60% feletti. A talajok v\u00e9delm\u00e9nek egyik sz\u00fcks\u00e9ges felt\u00e9tele az erd\u0151k fennmarad\u00e1sa \u00e9s fejl\u0151d\u00e9se, amely a Pilisi Parkerd\u0151 Zrt. egyik szakmai k\u00fcldet\u00e9se. Az idei Talaj Vil\u00e1gnapja alkalm\u00e1b\u00f3l a Pilisi Parkerd\u0151 azt foglalja \u00f6ssze, hol \u00e9s hogyan lehet \u00faj erd\u0151ket l\u00e9trehozni. <\/strong><\/p>\n<p>Az Egyes\u00fclt Nemzetek Szervezete 2013. \u00e9vben fogadta el december 5.-\u00e9t a talaj vil\u00e1gnapjak\u00e9nt azzal a c\u00e9llal, hogy a bemutassa a talaj szerep\u00e9t a f\u00f6ldi \u00e9let kialakul\u00e1s\u00e1ban \u00e9s fennmarad\u00e1s\u00e1ban, \u00e9s r\u00e1vil\u00e1g\u00edtson a tudatos talajhaszn\u00e1lat fontoss\u00e1g\u00e1ra. Egy \u00e9vvel k\u00e9s\u0151bb 2015-\u00f6t az ENSZ a talaj \u00e9v\u00e9nek, m\u00edg a 2015-2024 k\u00f6z\u00f6tti id\u0151szakot a talaj \u00e9vtized\u00e9nek nyilv\u00e1n\u00edtotta. Nem csoda, hiszen az emberis\u00e9g n\u00e9pess\u00e9g\u00e9nek n\u00f6veked\u00e9s\u00e9vel ar\u00e1nyosan n\u0151 a t\u00e1pl\u00e1l\u00e9kig\u00e9ny, amit a talajon termel\u00fcnk. N\u0151 a tiszta v\u00edz szerepe, amit a talaj rendszere sz\u0171r meg \u00e9s hoz \u00fajra ihat\u00f3 form\u00e1ba, t\u00e1rol \u00e9s ad tov\u00e1bb az \u00e9lelmiszern\u00f6v\u00e9nyek fel\u00e9. Mindezt csak az eg\u00e9szs\u00e9ges talajok tudj\u00e1k biztos\u00edtani, mik\u00f6zben vil\u00e1gszerte fogynak a talajaink. \u00d3ri\u00e1si \u00fctemben \u00e9p\u00edtj\u00fck be ter\u00fcleteinket, illetve szennyezz\u00fck el talajainkat, vagy hagyjuk v\u00e9dtelen\u00fcl a talajpuszt\u00edt\u00f3 folyamatok hat\u00e1sait\u00f3l. Talajaink m\u00e1ra vesz\u00e9lyeztetett er\u0151forr\u00e1sokk\u00e1 v\u00e1ltak. Nem v\u00e9letlen teh\u00e1t ez a kit\u00fcntetett figyelem, amit a nemzetk\u00f6zi szervezetek ir\u00e1ny\u00e1b\u00f3l kap.<\/p>\n<p><em>\u201eA talajv\u00e9delem egyik legegyszer\u0171bb megold\u00e1sa a f\u00e1s\u00edt\u00e1s, erd\u0151s\u00edt\u00e9s. <\/em><em>Az erd\u0151ter\u00fcletek visszaszorul\u00e1sa mellett a kl\u00edmav\u00e1ltoz\u00e1s, a term\u0151r\u00e9teg er\u00f3zi\u00f3ja \u00e9s a talaj leroml\u00e1s\u00e1nak k\u00f6vetkezt\u00e9ben egyre t\u00f6bb olyan mez\u0151gazdas\u00e1gi m\u0171vel\u00e9s alatt \u00e1ll\u00f3 parcella van, ahol a hagyom\u00e1nyos m\u00f3dszerekkel a gazd\u00e1lkod\u00e1s egyre nehezebb\u00e9 v\u00e1lik. Ezeket a gazdas\u00e1gilag kev\u00e9sb\u00e9 \u00e9rt\u00e9kes ter\u00fcletek \u00e9rdemes a tov\u00e1bbiakban term\u00e9szet- \u00e9s k\u00f6rnyezetv\u00e9delmi szempontok alapj\u00e1n kezelni, \u00e9s ha a term\u0151helyi viszonyok megfelel\u0151ek, \u0151shonos fafajokkal beerd\u0151s\u00edthetni. Ezeknek a term\u0151f\u00f6ldeknek az \u00fajraerd\u0151s\u00edt\u00e9se nem csup\u00e1n a biodiverzit\u00e1st n\u00f6veli, helyre\u00e1ll\u00edtja a talaj term\u00e9kenys\u00e9g\u00e9t \u00e9s cs\u00f6kkenti az \u00e9ghajlatv\u00e1ltoz\u00e1s k\u00e1ros hat\u00e1sait, hanem gazdas\u00e1gilag is \u00fajra j\u00f6vedelmez\u0151v\u00e9 teheti a ter\u00fcletet.\u201d <\/em>\u2013 foglalta \u00f6ssze az \u00faj erd\u0151kkel t\u00f6rt\u00e9n\u0151 talajv\u00e9delem lehet\u0151s\u00e9geit <strong>Reinitz G\u00e1bor, a Pilisi Parkerd\u0151 Zrt. vez\u00e9rigazgat\u00f3ja. <\/strong><\/p>\n<p>Egy r\u00e9g\u00f3ta f\u00e1tlan ter\u00fclet beerd\u0151s\u00edt\u00e9se nagy k\u00f6r\u00fcltekint\u00e9st ig\u00e9nyel. Ez\u00e9rt minden esetben erd\u0151telep\u00edt\u00e9si tervet kell k\u00e9sz\u00edteni, aminek az alapja a talaj \u00e1llapot\u00e1nak vizsg\u00e1lata, azaz a term\u0151helyfelt\u00e1r\u00e1s. Ez ut\u00f3bbi egy ,,g\u00f6d\u00f6r\u201d vagy szaknyelven egy talajszelv\u00e9ny ki\u00e1s\u00e1s\u00e1val kezd\u0151dik. A felt\u00e1r\u00e1s sor\u00e1n a szakemberek elk\u00fcl\u00f6n\u00edtj\u00fck a talaj k\u00fcl\u00f6nb\u00f6z\u0151 szintjeit, illetve r\u00e9tegeit, amelyekb\u0151l mint\u00e1t vesznek a k\u00e9s\u0151bbi laborat\u00f3riumi vizsg\u00e1latokhoz. A helysz\u00edni vizsg\u00e1latok sor\u00e1n t\u00f6bbek k\u00f6z\u00f6tt a meghat\u00e1rozz\u00e1k a k\u00fcl\u00f6nb\u00f6z\u0151 kiv\u00e1l\u00e1sokat, a t\u00f6m\u00f6rs\u00e9get \u00e9s a szerkezetess\u00e9get. Ezeknek az adatoknak az \u00f6sszegz\u00e9se lehet\u0151v\u00e9 teszi a talajt\u00edpus meghat\u00e1roz\u00e1s\u00e1t, ami kiemelten fontos, hiszen a talaj \u00e9s a veget\u00e1ci\u00f3 k\u00f6z\u00f6tt szoros \u00f6sszef\u00fcgg\u00e9s van. A talaj mellett a kl\u00edm\u00e1t, a f\u00f6ldrajzi adotts\u00e1gokat (domborzat, fekv\u00e9s) \u00e9s hidrol\u00f3giai viszonyokat is figyelembe kell venni a telep\u00edtend\u0151 erd\u0151 fafaj-\u00f6sszet\u00e9tel\u00e9nek meghat\u00e1roz\u00e1sakor. Ezek alapj\u00e1n m\u00e1r megalapozott d\u00f6nt\u00e9st tudnak hozni arr\u00f3l, hogy erd\u0151telep\u00edt\u00e9sre alkalmas-e a ter\u00fclet, \u00e9s ha igen akkor milyen fafajok haszn\u00e1lhat\u00f3ak fel a telep\u00edt\u00e9s sor\u00e1n. Az \u00edgy elk\u00e9sz\u00fclt term\u0151helyfelt\u00e1r\u00e1si szakv\u00e9lem\u00e9ny szolg\u00e1l a telep\u00edt\u00e9si terv alapj\u00e1ul.<\/p>\n<p><em>\u201eA Pilisi Parkerd\u0151 Zrt. t\u00f6bb \u00e9vtizedes tapasztalattal rendelkezik az erd\u0151telep\u00edt\u00e9sek tervez\u00e9se \u00e9s kivitelez\u00e9se ter\u00e9n. Csak tavalyi \u00e9vben k\u00f6zel 50 hekt\u00e1r kor\u00e1bban mez\u0151gazdas\u00e1gi m\u0171vel\u00e9s alatt \u00e1ll\u00f3 ter\u00fcleten hajtottunk v\u00e9gre sikeres erd\u0151telep\u00edt\u00e9seket, melyek egy r\u00e9sze az \u00dajsz\u00fcl\u00f6ttek erdeje program keretei k\u00f6z\u00f6tt val\u00f3sult meg. Saj\u00e1t talajlaborat\u00f3riumunknak k\u00f6sz\u00f6nhet\u0151en gyorsan \u00e9s hat\u00e9konyan v\u00e9gezz\u00fck el a talajmint\u00e1k vizsg\u00e1lat\u00e1t, \u00edgy a tervez\u00e9si folyamat gyorsabb \u00e9s hat\u00e9konyabb.\u201d \u2013 <\/em>f\u0171zte hozz\u00e1 a Parkerd\u0151 vez\u00e9rigazgat\u00f3ja.<\/p>\n<p><em>Bor\u00edt\u00f3k\u00e9p: Pilisi Parkerd\u0151 Zrt. (Fa\u00fcltet\u00e9s a Bagossy Brothers Company-vel)<\/em><\/p>\n","protected":false},"excerpt":{"rendered":"<p>A vil\u00e1g \u00e9lelmiszer ell\u00e1t\u00e1s\u00e1nak 95%-\u00e1t talajaink biztos\u00edtj\u00e1k, mik\u00f6zben a F\u00f6ld szil\u00e1rd r\u00e9sz\u00e9nek mind\u00f6ssze 11 %-a term\u0151f\u00f6ld, azaz els\u0151sorban \u00e9lelmiszertermel\u00e9sre, legeltet\u00e9sre haszn\u00e1lt, nem erd\u0151nek min\u0151s\u00fcl\u0151 ter\u00fclet. Az EU \u00e1tlag k\u00f6zel 30 %, de haz\u00e1nkban ez az \u00e9rt\u00e9k 60% feletti. A talajok v\u00e9delm\u00e9nek egyik sz\u00fcks\u00e9ges felt\u00e9tele az erd\u0151k fennmarad\u00e1sa \u00e9s fejl\u0151d\u00e9se, amely a Pilisi Parkerd\u0151 Zrt. egyik<\/p>\n","protected":false},"author":1,"featured_media":67327,"comment_status":"closed","ping_status":"closed","sticky":false,"template":"","format":"standard","meta":{"ngg_post_thumbnail":0,"footnotes":""},"categories":[3,6948],"tags":[122,8149],"class_list":{"0":"post-67326","1":"post","2":"type-post","3":"status-publish","4":"format-standard","5":"has-post-thumbnail","7":"category-hirek","8":"category-szines","9":"tag-pilisi-parkerdo","10":"tag-talaj-vilagnapja"},"yoast_head":"<!-- This site is optimized with the Yoast SEO plugin v27.4 - https:\/\/yoast.com\/product\/yoast-seo-wordpress\/ -->\n<title>December 5-e a Talaj Vil\u00e1gnapja<\/title>\n<meta name=\"robots\" content=\"index, follow, max-snippet:-1, max-image-preview:large, max-video-preview:-1\" \/>\n<link rel=\"canonical\" href=\"https:\/\/dorogimedence.hu\/index.php\/2024\/12\/05\/december-5-e-a-talaj-vilagnapja\/\" class=\"yoast-seo-meta-tag\" \/>\n<meta property=\"og:locale\" content=\"hu_HU\" class=\"yoast-seo-meta-tag\" \/>\n<meta property=\"og:type\" content=\"article\" class=\"yoast-seo-meta-tag\" \/>\n<meta property=\"og:title\" content=\"December 5-e a Talaj Vil\u00e1gnapja\" class=\"yoast-seo-meta-tag\" \/>\n<meta property=\"og:description\" content=\"A vil\u00e1g \u00e9lelmiszer ell\u00e1t\u00e1s\u00e1nak 95%-\u00e1t talajaink biztos\u00edtj\u00e1k, mik\u00f6zben a F\u00f6ld szil\u00e1rd r\u00e9sz\u00e9nek mind\u00f6ssze 11 %-a term\u0151f\u00f6ld, azaz els\u0151sorban \u00e9lelmiszertermel\u00e9sre, legeltet\u00e9sre haszn\u00e1lt, nem erd\u0151nek min\u0151s\u00fcl\u0151 ter\u00fclet. Az EU \u00e1tlag k\u00f6zel 30 %, de haz\u00e1nkban ez az \u00e9rt\u00e9k 60% feletti. A talajok v\u00e9delm\u00e9nek egyik sz\u00fcks\u00e9ges felt\u00e9tele az erd\u0151k fennmarad\u00e1sa \u00e9s fejl\u0151d\u00e9se, amely a Pilisi Parkerd\u0151 Zrt. egyik\" class=\"yoast-seo-meta-tag\" \/>\n<meta property=\"og:url\" content=\"https:\/\/dorogimedence.hu\/index.php\/2024\/12\/05\/december-5-e-a-talaj-vilagnapja\/\" class=\"yoast-seo-meta-tag\" \/>\n<meta property=\"og:site_name\" content=\"Dorogi-medence Region\u00e1lis H\u00edrport\u00e1l\" class=\"yoast-seo-meta-tag\" \/>\n<meta property=\"article:publisher\" content=\"https:\/\/www.facebook.com\/dorogimedence\/\" class=\"yoast-seo-meta-tag\" \/>\n<meta property=\"article:published_time\" content=\"2024-12-05T12:41:28+00:00\" class=\"yoast-seo-meta-tag\" \/>\n<meta property=\"article:modified_time\" content=\"2024-12-05T12:43:21+00:00\" class=\"yoast-seo-meta-tag\" \/>\n<meta property=\"og:image\" content=\"https:\/\/dorogimedence.hu\/wp-content\/uploads\/2024\/12\/faultetes_a_bagossy_brothers-szel.jpg\" class=\"yoast-seo-meta-tag\" \/>\n\t<meta property=\"og:image:width\" content=\"1920\" class=\"yoast-seo-meta-tag\" \/>\n\t<meta property=\"og:image:height\" content=\"1278\" class=\"yoast-seo-meta-tag\" \/>\n\t<meta property=\"og:image:type\" content=\"image\/jpeg\" class=\"yoast-seo-meta-tag\" \/>\n<meta name=\"author\" content=\"dorogimedence.hu\" class=\"yoast-seo-meta-tag\" \/>\n<meta name=\"twitter:card\" content=\"summary_large_image\" class=\"yoast-seo-meta-tag\" \/>\n<meta name=\"twitter:label1\" content=\"Szerz\u0151:\" class=\"yoast-seo-meta-tag\" \/>\n\t<meta name=\"twitter:data1\" content=\"dorogimedence.hu\" class=\"yoast-seo-meta-tag\" \/>\n\t<meta name=\"twitter:label2\" content=\"Becs\u00fclt olvas\u00e1si id\u0151\" class=\"yoast-seo-meta-tag\" \/>\n\t<meta name=\"twitter:data2\" content=\"4 perc\" class=\"yoast-seo-meta-tag\" \/>\n<script type=\"application\/ld+json\" class=\"yoast-schema-graph\">{\"@context\":\"https:\\\/\\\/schema.org\",\"@graph\":[{\"@type\":\"Article\",\"@id\":\"https:\\\/\\\/dorogimedence.hu\\\/index.php\\\/2024\\\/12\\\/05\\\/december-5-e-a-talaj-vilagnapja\\\/#article\",\"isPartOf\":{\"@id\":\"https:\\\/\\\/dorogimedence.hu\\\/index.php\\\/2024\\\/12\\\/05\\\/december-5-e-a-talaj-vilagnapja\\\/\"},\"author\":{\"name\":\"dorogimedence.hu\",\"@id\":\"https:\\\/\\\/dorogimedence.hu\\\/#\\\/schema\\\/person\\\/ce6091eeb7e95ecdc87890d6aa8e0fd4\"},\"headline\":\"December 5-e a Talaj Vil\u00e1gnapja\",\"datePublished\":\"2024-12-05T12:41:28+00:00\",\"dateModified\":\"2024-12-05T12:43:21+00:00\",\"mainEntityOfPage\":{\"@id\":\"https:\\\/\\\/dorogimedence.hu\\\/index.php\\\/2024\\\/12\\\/05\\\/december-5-e-a-talaj-vilagnapja\\\/\"},\"wordCount\":893,\"publisher\":{\"@id\":\"https:\\\/\\\/dorogimedence.hu\\\/#organization\"},\"image\":{\"@id\":\"https:\\\/\\\/dorogimedence.hu\\\/index.php\\\/2024\\\/12\\\/05\\\/december-5-e-a-talaj-vilagnapja\\\/#primaryimage\"},\"thumbnailUrl\":\"https:\\\/\\\/dorogimedence.hu\\\/wp-content\\\/uploads\\\/2024\\\/12\\\/faultetes_a_bagossy_brothers-szel.jpg\",\"keywords\":[\"Pilisi Parkerd\u0151\",\"Talaj Vil\u00e1gnapja\"],\"articleSection\":[\"H\u00edrek\",\"Sz\u00ednes\"],\"inLanguage\":\"hu\"},{\"@type\":\"WebPage\",\"@id\":\"https:\\\/\\\/dorogimedence.hu\\\/index.php\\\/2024\\\/12\\\/05\\\/december-5-e-a-talaj-vilagnapja\\\/\",\"url\":\"https:\\\/\\\/dorogimedence.hu\\\/index.php\\\/2024\\\/12\\\/05\\\/december-5-e-a-talaj-vilagnapja\\\/\",\"name\":\"December 5-e a Talaj Vil\u00e1gnapja\",\"isPartOf\":{\"@id\":\"https:\\\/\\\/dorogimedence.hu\\\/#website\"},\"primaryImageOfPage\":{\"@id\":\"https:\\\/\\\/dorogimedence.hu\\\/index.php\\\/2024\\\/12\\\/05\\\/december-5-e-a-talaj-vilagnapja\\\/#primaryimage\"},\"image\":{\"@id\":\"https:\\\/\\\/dorogimedence.hu\\\/index.php\\\/2024\\\/12\\\/05\\\/december-5-e-a-talaj-vilagnapja\\\/#primaryimage\"},\"thumbnailUrl\":\"https:\\\/\\\/dorogimedence.hu\\\/wp-content\\\/uploads\\\/2024\\\/12\\\/faultetes_a_bagossy_brothers-szel.jpg\",\"datePublished\":\"2024-12-05T12:41:28+00:00\",\"dateModified\":\"2024-12-05T12:43:21+00:00\",\"breadcrumb\":{\"@id\":\"https:\\\/\\\/dorogimedence.hu\\\/index.php\\\/2024\\\/12\\\/05\\\/december-5-e-a-talaj-vilagnapja\\\/#breadcrumb\"},\"inLanguage\":\"hu\",\"potentialAction\":[{\"@type\":\"ReadAction\",\"target\":[\"https:\\\/\\\/dorogimedence.hu\\\/index.php\\\/2024\\\/12\\\/05\\\/december-5-e-a-talaj-vilagnapja\\\/\"]}]},{\"@type\":\"ImageObject\",\"inLanguage\":\"hu\",\"@id\":\"https:\\\/\\\/dorogimedence.hu\\\/index.php\\\/2024\\\/12\\\/05\\\/december-5-e-a-talaj-vilagnapja\\\/#primaryimage\",\"url\":\"https:\\\/\\\/dorogimedence.hu\\\/wp-content\\\/uploads\\\/2024\\\/12\\\/faultetes_a_bagossy_brothers-szel.jpg\",\"contentUrl\":\"https:\\\/\\\/dorogimedence.hu\\\/wp-content\\\/uploads\\\/2024\\\/12\\\/faultetes_a_bagossy_brothers-szel.jpg\",\"width\":1920,\"height\":1278},{\"@type\":\"BreadcrumbList\",\"@id\":\"https:\\\/\\\/dorogimedence.hu\\\/index.php\\\/2024\\\/12\\\/05\\\/december-5-e-a-talaj-vilagnapja\\\/#breadcrumb\",\"itemListElement\":[{\"@type\":\"ListItem\",\"position\":1,\"name\":\"Kezd\u0151lap\",\"item\":\"https:\\\/\\\/dorogimedence.hu\\\/\"},{\"@type\":\"ListItem\",\"position\":2,\"name\":\"December 5-e a Talaj Vil\u00e1gnapja\"}]},{\"@type\":\"WebSite\",\"@id\":\"https:\\\/\\\/dorogimedence.hu\\\/#website\",\"url\":\"https:\\\/\\\/dorogimedence.hu\\\/\",\"name\":\"Dorogi-medence Region\u00e1lis H\u00edrport\u00e1l\",\"description\":\"Dorog, Keszt\u00f6lc, Le\u00e1nyv\u00e1r, Piliscs\u00e9v, Tokod, Tokodalt\u00e1r\u00f3, Csolnok, Esztergom-kertv\u00e1ros: h\u00edrek, programok\",\"publisher\":{\"@id\":\"https:\\\/\\\/dorogimedence.hu\\\/#organization\"},\"potentialAction\":[{\"@type\":\"SearchAction\",\"target\":{\"@type\":\"EntryPoint\",\"urlTemplate\":\"https:\\\/\\\/dorogimedence.hu\\\/?s={search_term_string}\"},\"query-input\":{\"@type\":\"PropertyValueSpecification\",\"valueRequired\":true,\"valueName\":\"search_term_string\"}}],\"inLanguage\":\"hu\"},{\"@type\":\"Organization\",\"@id\":\"https:\\\/\\\/dorogimedence.hu\\\/#organization\",\"name\":\"Dorogi-medence Region\u00e1lis H\u00edrport\u00e1l\",\"url\":\"https:\\\/\\\/dorogimedence.hu\\\/\",\"logo\":{\"@type\":\"ImageObject\",\"inLanguage\":\"hu\",\"@id\":\"https:\\\/\\\/dorogimedence.hu\\\/#\\\/schema\\\/logo\\\/image\\\/\",\"url\":\"https:\\\/\\\/dorogimedence.hu\\\/wp-content\\\/uploads\\\/2021\\\/04\\\/logo-feher-600.png\",\"contentUrl\":\"https:\\\/\\\/dorogimedence.hu\\\/wp-content\\\/uploads\\\/2021\\\/04\\\/logo-feher-600.png\",\"width\":600,\"height\":100,\"caption\":\"Dorogi-medence Region\u00e1lis H\u00edrport\u00e1l\"},\"image\":{\"@id\":\"https:\\\/\\\/dorogimedence.hu\\\/#\\\/schema\\\/logo\\\/image\\\/\"},\"sameAs\":[\"https:\\\/\\\/www.facebook.com\\\/dorogimedence\\\/\"]},{\"@type\":\"Person\",\"@id\":\"https:\\\/\\\/dorogimedence.hu\\\/#\\\/schema\\\/person\\\/ce6091eeb7e95ecdc87890d6aa8e0fd4\",\"name\":\"dorogimedence.hu\",\"image\":{\"@type\":\"ImageObject\",\"inLanguage\":\"hu\",\"@id\":\"\\\/\\\/www.gravatar.com\\\/avatar\\\/d8d45f8901aadff40a4af72c0b826f1d?s=96&#038;r=g&#038;d=mm\",\"url\":\"\\\/\\\/www.gravatar.com\\\/avatar\\\/d8d45f8901aadff40a4af72c0b826f1d?s=96&#038;r=g&#038;d=mm\",\"contentUrl\":\"\\\/\\\/www.gravatar.com\\\/avatar\\\/d8d45f8901aadff40a4af72c0b826f1d?s=96&#038;r=g&#038;d=mm\",\"caption\":\"dorogimedence.hu\"}}]}<\/script>\n<!-- \/ Yoast SEO plugin. -->","yoast_head_json":{"title":"December 5-e a Talaj Vil\u00e1gnapja","robots":{"index":"index","follow":"follow","max-snippet":"max-snippet:-1","max-image-preview":"max-image-preview:large","max-video-preview":"max-video-preview:-1"},"canonical":"https:\/\/dorogimedence.hu\/index.php\/2024\/12\/05\/december-5-e-a-talaj-vilagnapja\/","og_locale":"hu_HU","og_type":"article","og_title":"December 5-e a Talaj Vil\u00e1gnapja","og_description":"A vil\u00e1g \u00e9lelmiszer ell\u00e1t\u00e1s\u00e1nak 95%-\u00e1t talajaink biztos\u00edtj\u00e1k, mik\u00f6zben a F\u00f6ld szil\u00e1rd r\u00e9sz\u00e9nek mind\u00f6ssze 11 %-a term\u0151f\u00f6ld, azaz els\u0151sorban \u00e9lelmiszertermel\u00e9sre, legeltet\u00e9sre haszn\u00e1lt, nem erd\u0151nek min\u0151s\u00fcl\u0151 ter\u00fclet. Az EU \u00e1tlag k\u00f6zel 30 %, de haz\u00e1nkban ez az \u00e9rt\u00e9k 60% feletti. A talajok v\u00e9delm\u00e9nek egyik sz\u00fcks\u00e9ges felt\u00e9tele az erd\u0151k fennmarad\u00e1sa \u00e9s fejl\u0151d\u00e9se, amely a Pilisi Parkerd\u0151 Zrt. egyik","og_url":"https:\/\/dorogimedence.hu\/index.php\/2024\/12\/05\/december-5-e-a-talaj-vilagnapja\/","og_site_name":"Dorogi-medence Region\u00e1lis H\u00edrport\u00e1l","article_publisher":"https:\/\/www.facebook.com\/dorogimedence\/","article_published_time":"2024-12-05T12:41:28+00:00","article_modified_time":"2024-12-05T12:43:21+00:00","og_image":[{"width":1920,"height":1278,"url":"https:\/\/dorogimedence.hu\/wp-content\/uploads\/2024\/12\/faultetes_a_bagossy_brothers-szel.jpg","type":"image\/jpeg"}],"author":"dorogimedence.hu","twitter_card":"summary_large_image","twitter_misc":{"Szerz\u0151:":"dorogimedence.hu","Becs\u00fclt olvas\u00e1si id\u0151":"4 perc"},"schema":{"@context":"https:\/\/schema.org","@graph":[{"@type":"Article","@id":"https:\/\/dorogimedence.hu\/index.php\/2024\/12\/05\/december-5-e-a-talaj-vilagnapja\/#article","isPartOf":{"@id":"https:\/\/dorogimedence.hu\/index.php\/2024\/12\/05\/december-5-e-a-talaj-vilagnapja\/"},"author":{"name":"dorogimedence.hu","@id":"https:\/\/dorogimedence.hu\/#\/schema\/person\/ce6091eeb7e95ecdc87890d6aa8e0fd4"},"headline":"December 5-e a Talaj Vil\u00e1gnapja","datePublished":"2024-12-05T12:41:28+00:00","dateModified":"2024-12-05T12:43:21+00:00","mainEntityOfPage":{"@id":"https:\/\/dorogimedence.hu\/index.php\/2024\/12\/05\/december-5-e-a-talaj-vilagnapja\/"},"wordCount":893,"publisher":{"@id":"https:\/\/dorogimedence.hu\/#organization"},"image":{"@id":"https:\/\/dorogimedence.hu\/index.php\/2024\/12\/05\/december-5-e-a-talaj-vilagnapja\/#primaryimage"},"thumbnailUrl":"https:\/\/dorogimedence.hu\/wp-content\/uploads\/2024\/12\/faultetes_a_bagossy_brothers-szel.jpg","keywords":["Pilisi Parkerd\u0151","Talaj Vil\u00e1gnapja"],"articleSection":["H\u00edrek","Sz\u00ednes"],"inLanguage":"hu"},{"@type":"WebPage","@id":"https:\/\/dorogimedence.hu\/index.php\/2024\/12\/05\/december-5-e-a-talaj-vilagnapja\/","url":"https:\/\/dorogimedence.hu\/index.php\/2024\/12\/05\/december-5-e-a-talaj-vilagnapja\/","name":"December 5-e a Talaj Vil\u00e1gnapja","isPartOf":{"@id":"https:\/\/dorogimedence.hu\/#website"},"primaryImageOfPage":{"@id":"https:\/\/dorogimedence.hu\/index.php\/2024\/12\/05\/december-5-e-a-talaj-vilagnapja\/#primaryimage"},"image":{"@id":"https:\/\/dorogimedence.hu\/index.php\/2024\/12\/05\/december-5-e-a-talaj-vilagnapja\/#primaryimage"},"thumbnailUrl":"https:\/\/dorogimedence.hu\/wp-content\/uploads\/2024\/12\/faultetes_a_bagossy_brothers-szel.jpg","datePublished":"2024-12-05T12:41:28+00:00","dateModified":"2024-12-05T12:43:21+00:00","breadcrumb":{"@id":"https:\/\/dorogimedence.hu\/index.php\/2024\/12\/05\/december-5-e-a-talaj-vilagnapja\/#breadcrumb"},"inLanguage":"hu","potentialAction":[{"@type":"ReadAction","target":["https:\/\/dorogimedence.hu\/index.php\/2024\/12\/05\/december-5-e-a-talaj-vilagnapja\/"]}]},{"@type":"ImageObject","inLanguage":"hu","@id":"https:\/\/dorogimedence.hu\/index.php\/2024\/12\/05\/december-5-e-a-talaj-vilagnapja\/#primaryimage","url":"https:\/\/dorogimedence.hu\/wp-content\/uploads\/2024\/12\/faultetes_a_bagossy_brothers-szel.jpg","contentUrl":"https:\/\/dorogimedence.hu\/wp-content\/uploads\/2024\/12\/faultetes_a_bagossy_brothers-szel.jpg","width":1920,"height":1278},{"@type":"BreadcrumbList","@id":"https:\/\/dorogimedence.hu\/index.php\/2024\/12\/05\/december-5-e-a-talaj-vilagnapja\/#breadcrumb","itemListElement":[{"@type":"ListItem","position":1,"name":"Kezd\u0151lap","item":"https:\/\/dorogimedence.hu\/"},{"@type":"ListItem","position":2,"name":"December 5-e a Talaj Vil\u00e1gnapja"}]},{"@type":"WebSite","@id":"https:\/\/dorogimedence.hu\/#website","url":"https:\/\/dorogimedence.hu\/","name":"Dorogi-medence Region\u00e1lis H\u00edrport\u00e1l","description":"Dorog, Keszt\u00f6lc, Le\u00e1nyv\u00e1r, Piliscs\u00e9v, Tokod, Tokodalt\u00e1r\u00f3, Csolnok, Esztergom-kertv\u00e1ros: h\u00edrek, programok","publisher":{"@id":"https:\/\/dorogimedence.hu\/#organization"},"potentialAction":[{"@type":"SearchAction","target":{"@type":"EntryPoint","urlTemplate":"https:\/\/dorogimedence.hu\/?s={search_term_string}"},"query-input":{"@type":"PropertyValueSpecification","valueRequired":true,"valueName":"search_term_string"}}],"inLanguage":"hu"},{"@type":"Organization","@id":"https:\/\/dorogimedence.hu\/#organization","name":"Dorogi-medence Region\u00e1lis H\u00edrport\u00e1l","url":"https:\/\/dorogimedence.hu\/","logo":{"@type":"ImageObject","inLanguage":"hu","@id":"https:\/\/dorogimedence.hu\/#\/schema\/logo\/image\/","url":"https:\/\/dorogimedence.hu\/wp-content\/uploads\/2021\/04\/logo-feher-600.png","contentUrl":"https:\/\/dorogimedence.hu\/wp-content\/uploads\/2021\/04\/logo-feher-600.png","width":600,"height":100,"caption":"Dorogi-medence Region\u00e1lis H\u00edrport\u00e1l"},"image":{"@id":"https:\/\/dorogimedence.hu\/#\/schema\/logo\/image\/"},"sameAs":["https:\/\/www.facebook.com\/dorogimedence\/"]},{"@type":"Person","@id":"https:\/\/dorogimedence.hu\/#\/schema\/person\/ce6091eeb7e95ecdc87890d6aa8e0fd4","name":"dorogimedence.hu","image":{"@type":"ImageObject","inLanguage":"hu","@id":"\/\/www.gravatar.com\/avatar\/d8d45f8901aadff40a4af72c0b826f1d?s=96&#038;r=g&#038;d=mm","url":"\/\/www.gravatar.com\/avatar\/d8d45f8901aadff40a4af72c0b826f1d?s=96&#038;r=g&#038;d=mm","contentUrl":"\/\/www.gravatar.com\/avatar\/d8d45f8901aadff40a4af72c0b826f1d?s=96&#038;r=g&#038;d=mm","caption":"dorogimedence.hu"}}]}},"_links":{"self":[{"href":"https:\/\/dorogimedence.hu\/index.php\/wp-json\/wp\/v2\/posts\/67326","targetHints":{"allow":["GET"]}}],"collection":[{"href":"https:\/\/dorogimedence.hu\/index.php\/wp-json\/wp\/v2\/posts"}],"about":[{"href":"https:\/\/dorogimedence.hu\/index.php\/wp-json\/wp\/v2\/types\/post"}],"author":[{"embeddable":true,"href":"https:\/\/dorogimedence.hu\/index.php\/wp-json\/wp\/v2\/users\/1"}],"replies":[{"embeddable":true,"href":"https:\/\/dorogimedence.hu\/index.php\/wp-json\/wp\/v2\/comments?post=67326"}],"version-history":[{"count":0,"href":"https:\/\/dorogimedence.hu\/index.php\/wp-json\/wp\/v2\/posts\/67326\/revisions"}],"wp:featuredmedia":[{"embeddable":true,"href":"https:\/\/dorogimedence.hu\/index.php\/wp-json\/wp\/v2\/media\/67327"}],"wp:attachment":[{"href":"https:\/\/dorogimedence.hu\/index.php\/wp-json\/wp\/v2\/media?parent=67326"}],"wp:term":[{"taxonomy":"category","embeddable":true,"href":"https:\/\/dorogimedence.hu\/index.php\/wp-json\/wp\/v2\/categories?post=67326"},{"taxonomy":"post_tag","embeddable":true,"href":"https:\/\/dorogimedence.hu\/index.php\/wp-json\/wp\/v2\/tags?post=67326"}],"curies":[{"name":"wp","href":"https:\/\/api.w.org\/{rel}","templated":true}]}}