{"id":67281,"date":"2024-12-03T14:05:48","date_gmt":"2024-12-03T13:05:48","guid":{"rendered":"https:\/\/dorogimedence.hu\/?p=67281"},"modified":"2024-12-03T14:05:48","modified_gmt":"2024-12-03T13:05:48","slug":"valtozasok-a-kozossegi-kozlekedesben","status":"publish","type":"post","link":"https:\/\/dorogimedence.hu\/index.php\/2024\/12\/03\/valtozasok-a-kozossegi-kozlekedesben\/","title":{"rendered":"V\u00e1ltoz\u00e1sok a k\u00f6z\u00f6ss\u00e9gi k\u00f6zleked\u00e9sben"},"content":{"rendered":"<p><strong><a href=\"https:\/\/dorogimedence.hu\/index.php\/2024\/12\/02\/uj-menetrend-jon-a-mav-volan-csoportnal\/\" target=\"_blank\" rel=\"noopener\"><span style=\"text-decoration: underline; color: #0000ff;\">Kor\u00e1bban \u00edrtuk<\/span><\/a>, hogy 2024. december 15-\u00e9t\u0151l \u00faj menetrendet vezet be a M\u00c1V-Vol\u00e1n-csoport, amely t\u00e9rs\u00e9g\u00fcnket is \u00e9rinti. T\u00f6bbek k\u00f6z\u00f6tt megsz\u0171nik a 815-\u00f6s sz\u00e1m\u00fa Budapest\u2013Dorog\u2013S\u00fctt\u0151 aut\u00f3buszj\u00e1rat, viszont Esztergom \u00e9s Mogyor\u00f3sb\u00e1nya k\u00f6z\u00f6tt b\u0151v\u00fcl a k\u00f6zvetlen j\u00e1ratok sz\u00e1ma.<\/strong><\/p>\n<p>Az <strong>Esztergom \u2013 Nyerges\u00fajfalu \u2013 Dunaalm\u00e1s<\/strong> \u00fatvonalon k\u00f6zleked\u0151 aut\u00f3buszj\u00e1ratok menetrendje kism\u00e9rt\u00e9kben v\u00e1ltozik, melynek eredm\u00e9nyek\u00e9ppen&nbsp;egyenletesebb eloszl\u00e1s szerint k\u00f6zlekednek.<\/p>\n<p><strong>Dorog, Vas\u00fat\u00e1llom\u00e1son Nyerges\u00fajfalu ir\u00e1ny\u00e1ba az aut\u00f3buszok a tov\u00e1bbiakban is csatlakoznak<\/strong> a Budapest fel\u0151l \u00e9rkez\u0151, illetve Budapest fel\u00e9 indul\u00f3 Z72-es vonatokhoz: munkanapokon 30, h\u00e9tv\u00e9g\u00e9n \u00e9s \u00fcnnepnapokon 60 percenk\u00e9nt.<\/p>\n<p>A fenti m\u00f3dos\u00edt\u00e1ssal egy\u00fctt a <strong>815<\/strong>-\u00f6s sz\u00e1m\u00fa <em>Budapest\u2013Pilisv\u00f6r\u00f6sv\u00e1r\u2013Dorog\u2013Nyerges\u00fajfalu\u2013S\u00fctt\u0151<\/em> aut\u00f3buszj\u00e1ratok a tov\u00e1bbiakban nem k\u00f6zlekednek. Tokodalt\u00e1r\u00f3, Tokod, T\u00e1t, Nyerges\u00fajfalu, L\u00e1batlan, S\u00fctt\u0151 telep\u00fcl\u00e9sek \u00e9s Budapest k\u00f6z\u00f6tt utazni a Z72-es vonatokhoz eg\u00e9sz nap 30, illetve 60 percenk\u00e9nt Dorogon csatlakoz\u00f3 buszokkal lehets\u00e9ges ezent\u00fal.<\/p>\n<p>A d\u00e9lut\u00e1ni id\u0151szakban Esztergomb\u00f3l jelenleg jellemz\u0151en csak Nyerges\u00fajfaluig, Dorog \u00e9rint\u00e9se n\u00e9lk\u00fcl k\u00f6zleked\u0151 gyorsj\u00e1ratok hosszabb \u00fatvonalon, S\u00fctt\u0151ig, illetve Tatab\u00e1ny\u00e1ig k\u00f6zlekednek, ez\u00e1ltal a Nyerges\u00fajfalun t\u00fal elhelyezked\u0151 telep\u00fcl\u00e9sekre a jelenlegin\u00e9l gyorsabb eljut\u00e1si lehet\u0151s\u00e9get is biztos\u00edtunk Esztergomb\u00f3l.<\/p>\n<p><strong>Baj\u00f3t telep\u00fcl\u00e9sr\u0151l <\/strong>a jelenlegin\u00e9l jelent\u0151sen<strong> t\u00f6bb k\u00f6zvetlen aut\u00f3buszj\u00e1rat <\/strong>k\u00f6zlekedik <em>Dorog\u2013Esztergom<\/em> ir\u00e1ny\u00e1ba.<\/p>\n<p>Munkanapokon d\u00e9lut\u00e1n <strong>Esztergom \u00e9s Mogyor\u00f3sb\u00e1nya k\u00f6z\u00f6tt<\/strong> b\u0151v\u00fcl a k\u00f6zvetlen aut\u00f3buszj\u00e1ratok sz\u00e1ma.<\/p>\n<p><strong>\u00c9rintett vonalak:<\/strong><\/p>\n<ul>\n<li>1721 Gy\u0151r\u2013Kom\u00e1rom\u2013Esztergom<\/li>\n<li>802 Esztergom &#8211; Tokodalt\u00e1r\u00f3 &#8211; Nyerges\u00fajfalu &#8211; L\u00e1batlan \u2013 S\u00fctt\u0151 (megsz\u0171nik)<\/li>\n<li>803 Esztergom\u2013T\u00e1t\u2013Dunaalm\u00e1s\u2013Kom\u00e1rom<\/li>\n<li>804 Tatab\u00e1nya\u2013Tata\u2013Dunaalm\u00e1s\u2013Dorog\u2013Esztergom<\/li>\n<li>808 Esztergom &#8211; Dorog &#8211; Nyerges\u00fajfalu &#8211; Baj\u00f3t &#8211; P\u00e9lif\u00f6ldszentkereszt<\/li>\n<li>809 Esztergom-Dorog-T\u00e1t-Mogyor\u00f3sb\u00e1nya<\/li>\n<li>814 Tatab\u00e1nya\u2013Tata\u2013Dunaalm\u00e1s\u2013T\u00e1t\u2013Esztergom<\/li>\n<li>819 Esztergom &#8211; Mogyor\u00f3sb\u00e1nya<\/li>\n<\/ul>\n<p><strong>Neszm\u00e9lyr\u0151l \u00e9s Dunaalm\u00e1sr\u00f3l<\/strong> a jelenlegin\u00e9l <strong>t\u00f6bb k\u00f6zvetlen aut\u00f3buszj\u00e1rat<\/strong> k\u00f6zlekedik <strong>Kom\u00e1rom ir\u00e1ny\u00e1ba:<\/strong> a buszok munkanapokon jellemz\u0151en \u00f3r\u00e1nk\u00e9nt, h\u00e9tv\u00e9g\u00e9n pedig a vonatokkal hangoltan 2 \u00f3r\u00e1nk\u00e9nt indulnak.<\/p>\n<p><strong>Alm\u00e1sf\u00fczit\u0151 \u00e9s Kom\u00e1rom k\u00f6z\u00f6tt<\/strong> szint\u00e9n <strong>\u00fctemes<\/strong> aut\u00f3buszmenetrendet vezetnek be:<\/p>\n<ul>\n<li>munkanapokon\n<ul>\n<li>reggel 06:30\u201308:00 k\u00f6z\u00f6tt Kom\u00e1rom fel\u00e9 15-20 percenk\u00e9nt,<\/li>\n<li>d\u00e9lut\u00e1n 13:15\u201315:45 k\u00f6z\u00f6tt Alm\u00e1sf\u00fczit\u0151 fel\u00e9 egys\u00e9gesen 15 percenk\u00e9nt,<\/li>\n<li>egy\u00e9b id\u0151szakokban 30 percenk\u00e9nt,<\/li>\n<\/ul>\n<\/li>\n<li>h\u00e9tv\u00e9g\u00e9n 60 percenk\u00e9nt k\u00f6zlekednek az aut\u00f3buszok.<\/li>\n<\/ul>\n<p><strong>\u00c9rintett vonalak:<\/strong><\/p>\n<ul>\n<li>1721 Gy\u0151r\u2013Kom\u00e1rom\u2013Esztergom<\/li>\n<li>803 Esztergom\u2013T\u00e1t\u2013Dunaalm\u00e1s\u2013Kom\u00e1rom<\/li>\n<li>8653 Alm\u00e1sf\u00fcz\u00edt\u0151\u2013Neszm\u00e9ly (megsz\u0171nik)<\/li>\n<li>8659 Alm\u00e1sf\u00fczit\u0151 &#8211; Kom\u00e1rom (megsz\u0171nik)<\/li>\n<li>8660 Kom\u00e1rom\u2013Alm\u00e1sf\u00fczit\u0151<\/li>\n<li>8661 Alm\u00e1sf\u00fczit\u0151\u2013Kom\u00e1rom\u2013\u00c1cs<\/li>\n<li>8659 Alm\u00e1sf\u00fczit\u0151 \u2013 Kom\u00e1rom (megsz\u0171nik)<\/li>\n<\/ul>\n<p>A fenti menetrend-m\u00f3dos\u00edt\u00e1sok miatt a t\u00e9rs\u00e9gben az al\u00e1bbi vonalakon is v\u00e1ltozik kism\u00e9rt\u00e9kben a menetrend, els\u0151sorban a jobb aut\u00f3buszos \u00e9s vas\u00fati csatlakoz\u00e1sok biztos\u00edt\u00e1sa \u00e9rdek\u00e9ben:<\/p>\n<ul>\n<li>8546 S\u00fctt\u0151\u2013Nyerges\u00fajfalu\u2013Nagys\u00e1p\u2013Ep\u00f6l<\/li>\n<li>8549 Nyerges\u00fajfalu\u2013S\u00fctt\u0151\u2013Tardos<\/li>\n<\/ul>\n<p>A tov\u00e1bbi menetrend m\u00f3dos\u00edt\u00e1sok <span style=\"color: #0000ff;\"><a style=\"color: #0000ff;\" href=\"https:\/\/www.volanbusz.hu\/hu\/hirek\/hir\/43425\" target=\"_blank\" rel=\"noopener\"><span style=\"text-decoration: underline;\">ide kattintva<\/span><\/a><\/span> \u00e9rhet\u0151k el!<\/p>\n<figure id=\"attachment_67282\" aria-describedby=\"caption-attachment-67282\" style=\"width: 3029px\" class=\"wp-caption alignnone\"><a href=\"https:\/\/www.volanbusz.hu\/files\/public\/utastaj_kepek\/2024\/KEM_valtozasok_terkep_241215.pdf\" target=\"_blank\" rel=\"noopener\"><img fetchpriority=\"high\" decoding=\"async\" class=\"size-full wp-image-67282\" src=\"https:\/\/dorogimedence.hu\/wp-content\/uploads\/2024\/12\/KEM_valtozasok_terkep_241215.png\" alt=\"\" width=\"3029\" height=\"2461\" srcset=\"https:\/\/dorogimedence.hu\/wp-content\/uploads\/2024\/12\/KEM_valtozasok_terkep_241215.png 3029w, https:\/\/dorogimedence.hu\/wp-content\/uploads\/2024\/12\/KEM_valtozasok_terkep_241215-600x487.png 600w, https:\/\/dorogimedence.hu\/wp-content\/uploads\/2024\/12\/KEM_valtozasok_terkep_241215-1920x1560.png 1920w, https:\/\/dorogimedence.hu\/wp-content\/uploads\/2024\/12\/KEM_valtozasok_terkep_241215-768x624.png 768w, https:\/\/dorogimedence.hu\/wp-content\/uploads\/2024\/12\/KEM_valtozasok_terkep_241215-1536x1248.png 1536w, https:\/\/dorogimedence.hu\/wp-content\/uploads\/2024\/12\/KEM_valtozasok_terkep_241215-2048x1664.png 2048w, https:\/\/dorogimedence.hu\/wp-content\/uploads\/2024\/12\/KEM_valtozasok_terkep_241215-150x122.png 150w, https:\/\/dorogimedence.hu\/wp-content\/uploads\/2024\/12\/KEM_valtozasok_terkep_241215-450x366.png 450w, https:\/\/dorogimedence.hu\/wp-content\/uploads\/2024\/12\/KEM_valtozasok_terkep_241215-1200x975.png 1200w\" sizes=\"(max-width: 3029px) 100vw, 3029px\" \/><\/a><figcaption id=\"caption-attachment-67282\" class=\"wp-caption-text\">A t\u00e9rk\u00e9pre kattintva az pdf-ben is megtekintehet\u0151<\/figcaption><\/figure>\n<p><em>Forr\u00e1s: volanbusz.hu<\/em><\/p>\n","protected":false},"excerpt":{"rendered":"<p>Kor\u00e1bban \u00edrtuk, hogy 2024. december 15-\u00e9t\u0151l \u00faj menetrendet vezet be a M\u00c1V-Vol\u00e1n-csoport, amely t\u00e9rs\u00e9g\u00fcnket is \u00e9rinti. T\u00f6bbek k\u00f6z\u00f6tt megsz\u0171nik a 815-\u00f6s sz\u00e1m\u00fa Budapest\u2013Dorog\u2013S\u00fctt\u0151 aut\u00f3buszj\u00e1rat, viszont Esztergom \u00e9s Mogyor\u00f3sb\u00e1nya k\u00f6z\u00f6tt b\u0151v\u00fcl a k\u00f6zvetlen j\u00e1ratok sz\u00e1ma. Az Esztergom \u2013 Nyerges\u00fajfalu \u2013 Dunaalm\u00e1s \u00fatvonalon k\u00f6zleked\u0151 aut\u00f3buszj\u00e1ratok menetrendje kism\u00e9rt\u00e9kben v\u00e1ltozik, melynek eredm\u00e9nyek\u00e9ppen&nbsp;egyenletesebb eloszl\u00e1s szerint k\u00f6zlekednek. Dorog, Vas\u00fat\u00e1llom\u00e1son Nyerges\u00fajfalu ir\u00e1ny\u00e1ba<\/p>\n","protected":false},"author":1,"featured_media":43735,"comment_status":"closed","ping_status":"closed","sticky":false,"template":"","format":"standard","meta":{"ngg_post_thumbnail":0,"footnotes":""},"categories":[2,38,3,56,1390],"tags":[458,1043,5624,293,1015],"class_list":{"0":"post-67281","1":"post","2":"type-post","3":"status-publish","4":"format-standard","5":"has-post-thumbnail","7":"category-dorog","8":"category-esztergom","9":"category-hirek","10":"category-komarom-esztergom","11":"category-nyergesujfalu","12":"tag-autobusz","13":"tag-busz","14":"tag-featured","15":"tag-menetrend","16":"tag-volanbusz"},"yoast_head":"<!-- This site is optimized with the Yoast SEO plugin v27.4 - https:\/\/yoast.com\/product\/yoast-seo-wordpress\/ -->\n<title>V\u00e1ltoz\u00e1sok a k\u00f6z\u00f6ss\u00e9gi k\u00f6zleked\u00e9sben<\/title>\n<meta name=\"robots\" content=\"index, follow, max-snippet:-1, max-image-preview:large, max-video-preview:-1\" \/>\n<link rel=\"canonical\" href=\"https:\/\/dorogimedence.hu\/index.php\/2024\/12\/03\/valtozasok-a-kozossegi-kozlekedesben\/\" class=\"yoast-seo-meta-tag\" \/>\n<meta property=\"og:locale\" content=\"hu_HU\" class=\"yoast-seo-meta-tag\" \/>\n<meta property=\"og:type\" content=\"article\" class=\"yoast-seo-meta-tag\" \/>\n<meta property=\"og:title\" content=\"V\u00e1ltoz\u00e1sok a k\u00f6z\u00f6ss\u00e9gi k\u00f6zleked\u00e9sben\" class=\"yoast-seo-meta-tag\" \/>\n<meta property=\"og:description\" content=\"Kor\u00e1bban \u00edrtuk, hogy 2024. december 15-\u00e9t\u0151l \u00faj menetrendet vezet be a M\u00c1V-Vol\u00e1n-csoport, amely t\u00e9rs\u00e9g\u00fcnket is \u00e9rinti. T\u00f6bbek k\u00f6z\u00f6tt megsz\u0171nik a 815-\u00f6s sz\u00e1m\u00fa Budapest\u2013Dorog\u2013S\u00fctt\u0151 aut\u00f3buszj\u00e1rat, viszont Esztergom \u00e9s Mogyor\u00f3sb\u00e1nya k\u00f6z\u00f6tt b\u0151v\u00fcl a k\u00f6zvetlen j\u00e1ratok sz\u00e1ma. Az Esztergom \u2013 Nyerges\u00fajfalu \u2013 Dunaalm\u00e1s \u00fatvonalon k\u00f6zleked\u0151 aut\u00f3buszj\u00e1ratok menetrendje kism\u00e9rt\u00e9kben v\u00e1ltozik, melynek eredm\u00e9nyek\u00e9ppen&nbsp;egyenletesebb eloszl\u00e1s szerint k\u00f6zlekednek. Dorog, Vas\u00fat\u00e1llom\u00e1son Nyerges\u00fajfalu ir\u00e1ny\u00e1ba\" class=\"yoast-seo-meta-tag\" \/>\n<meta property=\"og:url\" content=\"https:\/\/dorogimedence.hu\/index.php\/2024\/12\/03\/valtozasok-a-kozossegi-kozlekedesben\/\" class=\"yoast-seo-meta-tag\" \/>\n<meta property=\"og:site_name\" content=\"Dorogi-medence Region\u00e1lis H\u00edrport\u00e1l\" class=\"yoast-seo-meta-tag\" \/>\n<meta property=\"article:publisher\" content=\"https:\/\/www.facebook.com\/dorogimedence\/\" class=\"yoast-seo-meta-tag\" \/>\n<meta property=\"article:published_time\" content=\"2024-12-03T13:05:48+00:00\" class=\"yoast-seo-meta-tag\" \/>\n<meta property=\"og:image\" content=\"https:\/\/dorogimedence.hu\/wp-content\/uploads\/2022\/06\/buszatado-08.jpg\" class=\"yoast-seo-meta-tag\" \/>\n\t<meta property=\"og:image:width\" content=\"1920\" class=\"yoast-seo-meta-tag\" \/>\n\t<meta property=\"og:image:height\" content=\"1280\" class=\"yoast-seo-meta-tag\" \/>\n\t<meta property=\"og:image:type\" content=\"image\/jpeg\" class=\"yoast-seo-meta-tag\" \/>\n<meta name=\"author\" content=\"dorogimedence.hu\" class=\"yoast-seo-meta-tag\" \/>\n<meta name=\"twitter:card\" content=\"summary_large_image\" class=\"yoast-seo-meta-tag\" \/>\n<meta name=\"twitter:label1\" content=\"Szerz\u0151:\" class=\"yoast-seo-meta-tag\" \/>\n\t<meta name=\"twitter:data1\" content=\"dorogimedence.hu\" class=\"yoast-seo-meta-tag\" \/>\n\t<meta name=\"twitter:label2\" content=\"Becs\u00fclt olvas\u00e1si id\u0151\" class=\"yoast-seo-meta-tag\" \/>\n\t<meta name=\"twitter:data2\" content=\"3 perc\" class=\"yoast-seo-meta-tag\" \/>\n<script type=\"application\/ld+json\" class=\"yoast-schema-graph\">{\"@context\":\"https:\\\/\\\/schema.org\",\"@graph\":[{\"@type\":\"Article\",\"@id\":\"https:\\\/\\\/dorogimedence.hu\\\/index.php\\\/2024\\\/12\\\/03\\\/valtozasok-a-kozossegi-kozlekedesben\\\/#article\",\"isPartOf\":{\"@id\":\"https:\\\/\\\/dorogimedence.hu\\\/index.php\\\/2024\\\/12\\\/03\\\/valtozasok-a-kozossegi-kozlekedesben\\\/\"},\"author\":{\"name\":\"dorogimedence.hu\",\"@id\":\"https:\\\/\\\/dorogimedence.hu\\\/#\\\/schema\\\/person\\\/ce6091eeb7e95ecdc87890d6aa8e0fd4\"},\"headline\":\"V\u00e1ltoz\u00e1sok a k\u00f6z\u00f6ss\u00e9gi k\u00f6zleked\u00e9sben\",\"datePublished\":\"2024-12-03T13:05:48+00:00\",\"mainEntityOfPage\":{\"@id\":\"https:\\\/\\\/dorogimedence.hu\\\/index.php\\\/2024\\\/12\\\/03\\\/valtozasok-a-kozossegi-kozlekedesben\\\/\"},\"wordCount\":617,\"publisher\":{\"@id\":\"https:\\\/\\\/dorogimedence.hu\\\/#organization\"},\"image\":{\"@id\":\"https:\\\/\\\/dorogimedence.hu\\\/index.php\\\/2024\\\/12\\\/03\\\/valtozasok-a-kozossegi-kozlekedesben\\\/#primaryimage\"},\"thumbnailUrl\":\"https:\\\/\\\/dorogimedence.hu\\\/wp-content\\\/uploads\\\/2022\\\/06\\\/buszatado-08.jpg\",\"keywords\":[\"aut\u00f3busz\",\"busz\",\"featured\",\"menetrend\",\"vol\u00e1nbusz\"],\"articleSection\":[\"Dorog\",\"Esztergom\",\"H\u00edrek\",\"Kom\u00e1rom-Esztergom\",\"Nyerges\u00fajfalu\"],\"inLanguage\":\"hu\"},{\"@type\":\"WebPage\",\"@id\":\"https:\\\/\\\/dorogimedence.hu\\\/index.php\\\/2024\\\/12\\\/03\\\/valtozasok-a-kozossegi-kozlekedesben\\\/\",\"url\":\"https:\\\/\\\/dorogimedence.hu\\\/index.php\\\/2024\\\/12\\\/03\\\/valtozasok-a-kozossegi-kozlekedesben\\\/\",\"name\":\"V\u00e1ltoz\u00e1sok a k\u00f6z\u00f6ss\u00e9gi k\u00f6zleked\u00e9sben\",\"isPartOf\":{\"@id\":\"https:\\\/\\\/dorogimedence.hu\\\/#website\"},\"primaryImageOfPage\":{\"@id\":\"https:\\\/\\\/dorogimedence.hu\\\/index.php\\\/2024\\\/12\\\/03\\\/valtozasok-a-kozossegi-kozlekedesben\\\/#primaryimage\"},\"image\":{\"@id\":\"https:\\\/\\\/dorogimedence.hu\\\/index.php\\\/2024\\\/12\\\/03\\\/valtozasok-a-kozossegi-kozlekedesben\\\/#primaryimage\"},\"thumbnailUrl\":\"https:\\\/\\\/dorogimedence.hu\\\/wp-content\\\/uploads\\\/2022\\\/06\\\/buszatado-08.jpg\",\"datePublished\":\"2024-12-03T13:05:48+00:00\",\"breadcrumb\":{\"@id\":\"https:\\\/\\\/dorogimedence.hu\\\/index.php\\\/2024\\\/12\\\/03\\\/valtozasok-a-kozossegi-kozlekedesben\\\/#breadcrumb\"},\"inLanguage\":\"hu\",\"potentialAction\":[{\"@type\":\"ReadAction\",\"target\":[\"https:\\\/\\\/dorogimedence.hu\\\/index.php\\\/2024\\\/12\\\/03\\\/valtozasok-a-kozossegi-kozlekedesben\\\/\"]}]},{\"@type\":\"ImageObject\",\"inLanguage\":\"hu\",\"@id\":\"https:\\\/\\\/dorogimedence.hu\\\/index.php\\\/2024\\\/12\\\/03\\\/valtozasok-a-kozossegi-kozlekedesben\\\/#primaryimage\",\"url\":\"https:\\\/\\\/dorogimedence.hu\\\/wp-content\\\/uploads\\\/2022\\\/06\\\/buszatado-08.jpg\",\"contentUrl\":\"https:\\\/\\\/dorogimedence.hu\\\/wp-content\\\/uploads\\\/2022\\\/06\\\/buszatado-08.jpg\",\"width\":1920,\"height\":1280},{\"@type\":\"BreadcrumbList\",\"@id\":\"https:\\\/\\\/dorogimedence.hu\\\/index.php\\\/2024\\\/12\\\/03\\\/valtozasok-a-kozossegi-kozlekedesben\\\/#breadcrumb\",\"itemListElement\":[{\"@type\":\"ListItem\",\"position\":1,\"name\":\"Kezd\u0151lap\",\"item\":\"https:\\\/\\\/dorogimedence.hu\\\/\"},{\"@type\":\"ListItem\",\"position\":2,\"name\":\"V\u00e1ltoz\u00e1sok a k\u00f6z\u00f6ss\u00e9gi k\u00f6zleked\u00e9sben\"}]},{\"@type\":\"WebSite\",\"@id\":\"https:\\\/\\\/dorogimedence.hu\\\/#website\",\"url\":\"https:\\\/\\\/dorogimedence.hu\\\/\",\"name\":\"Dorogi-medence Region\u00e1lis H\u00edrport\u00e1l\",\"description\":\"Dorog, Keszt\u00f6lc, Le\u00e1nyv\u00e1r, Piliscs\u00e9v, Tokod, Tokodalt\u00e1r\u00f3, Csolnok, Esztergom-kertv\u00e1ros: h\u00edrek, programok\",\"publisher\":{\"@id\":\"https:\\\/\\\/dorogimedence.hu\\\/#organization\"},\"potentialAction\":[{\"@type\":\"SearchAction\",\"target\":{\"@type\":\"EntryPoint\",\"urlTemplate\":\"https:\\\/\\\/dorogimedence.hu\\\/?s={search_term_string}\"},\"query-input\":{\"@type\":\"PropertyValueSpecification\",\"valueRequired\":true,\"valueName\":\"search_term_string\"}}],\"inLanguage\":\"hu\"},{\"@type\":\"Organization\",\"@id\":\"https:\\\/\\\/dorogimedence.hu\\\/#organization\",\"name\":\"Dorogi-medence Region\u00e1lis H\u00edrport\u00e1l\",\"url\":\"https:\\\/\\\/dorogimedence.hu\\\/\",\"logo\":{\"@type\":\"ImageObject\",\"inLanguage\":\"hu\",\"@id\":\"https:\\\/\\\/dorogimedence.hu\\\/#\\\/schema\\\/logo\\\/image\\\/\",\"url\":\"https:\\\/\\\/dorogimedence.hu\\\/wp-content\\\/uploads\\\/2021\\\/04\\\/logo-feher-600.png\",\"contentUrl\":\"https:\\\/\\\/dorogimedence.hu\\\/wp-content\\\/uploads\\\/2021\\\/04\\\/logo-feher-600.png\",\"width\":600,\"height\":100,\"caption\":\"Dorogi-medence Region\u00e1lis H\u00edrport\u00e1l\"},\"image\":{\"@id\":\"https:\\\/\\\/dorogimedence.hu\\\/#\\\/schema\\\/logo\\\/image\\\/\"},\"sameAs\":[\"https:\\\/\\\/www.facebook.com\\\/dorogimedence\\\/\"]},{\"@type\":\"Person\",\"@id\":\"https:\\\/\\\/dorogimedence.hu\\\/#\\\/schema\\\/person\\\/ce6091eeb7e95ecdc87890d6aa8e0fd4\",\"name\":\"dorogimedence.hu\",\"image\":{\"@type\":\"ImageObject\",\"inLanguage\":\"hu\",\"@id\":\"\\\/\\\/www.gravatar.com\\\/avatar\\\/d8d45f8901aadff40a4af72c0b826f1d?s=96&#038;r=g&#038;d=mm\",\"url\":\"\\\/\\\/www.gravatar.com\\\/avatar\\\/d8d45f8901aadff40a4af72c0b826f1d?s=96&#038;r=g&#038;d=mm\",\"contentUrl\":\"\\\/\\\/www.gravatar.com\\\/avatar\\\/d8d45f8901aadff40a4af72c0b826f1d?s=96&#038;r=g&#038;d=mm\",\"caption\":\"dorogimedence.hu\"}}]}<\/script>\n<!-- \/ Yoast SEO plugin. -->","yoast_head_json":{"title":"V\u00e1ltoz\u00e1sok a k\u00f6z\u00f6ss\u00e9gi k\u00f6zleked\u00e9sben","robots":{"index":"index","follow":"follow","max-snippet":"max-snippet:-1","max-image-preview":"max-image-preview:large","max-video-preview":"max-video-preview:-1"},"canonical":"https:\/\/dorogimedence.hu\/index.php\/2024\/12\/03\/valtozasok-a-kozossegi-kozlekedesben\/","og_locale":"hu_HU","og_type":"article","og_title":"V\u00e1ltoz\u00e1sok a k\u00f6z\u00f6ss\u00e9gi k\u00f6zleked\u00e9sben","og_description":"Kor\u00e1bban \u00edrtuk, hogy 2024. december 15-\u00e9t\u0151l \u00faj menetrendet vezet be a M\u00c1V-Vol\u00e1n-csoport, amely t\u00e9rs\u00e9g\u00fcnket is \u00e9rinti. T\u00f6bbek k\u00f6z\u00f6tt megsz\u0171nik a 815-\u00f6s sz\u00e1m\u00fa Budapest\u2013Dorog\u2013S\u00fctt\u0151 aut\u00f3buszj\u00e1rat, viszont Esztergom \u00e9s Mogyor\u00f3sb\u00e1nya k\u00f6z\u00f6tt b\u0151v\u00fcl a k\u00f6zvetlen j\u00e1ratok sz\u00e1ma. Az Esztergom \u2013 Nyerges\u00fajfalu \u2013 Dunaalm\u00e1s \u00fatvonalon k\u00f6zleked\u0151 aut\u00f3buszj\u00e1ratok menetrendje kism\u00e9rt\u00e9kben v\u00e1ltozik, melynek eredm\u00e9nyek\u00e9ppen&nbsp;egyenletesebb eloszl\u00e1s szerint k\u00f6zlekednek. Dorog, Vas\u00fat\u00e1llom\u00e1son Nyerges\u00fajfalu ir\u00e1ny\u00e1ba","og_url":"https:\/\/dorogimedence.hu\/index.php\/2024\/12\/03\/valtozasok-a-kozossegi-kozlekedesben\/","og_site_name":"Dorogi-medence Region\u00e1lis H\u00edrport\u00e1l","article_publisher":"https:\/\/www.facebook.com\/dorogimedence\/","article_published_time":"2024-12-03T13:05:48+00:00","og_image":[{"width":1920,"height":1280,"url":"https:\/\/dorogimedence.hu\/wp-content\/uploads\/2022\/06\/buszatado-08.jpg","type":"image\/jpeg"}],"author":"dorogimedence.hu","twitter_card":"summary_large_image","twitter_misc":{"Szerz\u0151:":"dorogimedence.hu","Becs\u00fclt olvas\u00e1si id\u0151":"3 perc"},"schema":{"@context":"https:\/\/schema.org","@graph":[{"@type":"Article","@id":"https:\/\/dorogimedence.hu\/index.php\/2024\/12\/03\/valtozasok-a-kozossegi-kozlekedesben\/#article","isPartOf":{"@id":"https:\/\/dorogimedence.hu\/index.php\/2024\/12\/03\/valtozasok-a-kozossegi-kozlekedesben\/"},"author":{"name":"dorogimedence.hu","@id":"https:\/\/dorogimedence.hu\/#\/schema\/person\/ce6091eeb7e95ecdc87890d6aa8e0fd4"},"headline":"V\u00e1ltoz\u00e1sok a k\u00f6z\u00f6ss\u00e9gi k\u00f6zleked\u00e9sben","datePublished":"2024-12-03T13:05:48+00:00","mainEntityOfPage":{"@id":"https:\/\/dorogimedence.hu\/index.php\/2024\/12\/03\/valtozasok-a-kozossegi-kozlekedesben\/"},"wordCount":617,"publisher":{"@id":"https:\/\/dorogimedence.hu\/#organization"},"image":{"@id":"https:\/\/dorogimedence.hu\/index.php\/2024\/12\/03\/valtozasok-a-kozossegi-kozlekedesben\/#primaryimage"},"thumbnailUrl":"https:\/\/dorogimedence.hu\/wp-content\/uploads\/2022\/06\/buszatado-08.jpg","keywords":["aut\u00f3busz","busz","featured","menetrend","vol\u00e1nbusz"],"articleSection":["Dorog","Esztergom","H\u00edrek","Kom\u00e1rom-Esztergom","Nyerges\u00fajfalu"],"inLanguage":"hu"},{"@type":"WebPage","@id":"https:\/\/dorogimedence.hu\/index.php\/2024\/12\/03\/valtozasok-a-kozossegi-kozlekedesben\/","url":"https:\/\/dorogimedence.hu\/index.php\/2024\/12\/03\/valtozasok-a-kozossegi-kozlekedesben\/","name":"V\u00e1ltoz\u00e1sok a k\u00f6z\u00f6ss\u00e9gi k\u00f6zleked\u00e9sben","isPartOf":{"@id":"https:\/\/dorogimedence.hu\/#website"},"primaryImageOfPage":{"@id":"https:\/\/dorogimedence.hu\/index.php\/2024\/12\/03\/valtozasok-a-kozossegi-kozlekedesben\/#primaryimage"},"image":{"@id":"https:\/\/dorogimedence.hu\/index.php\/2024\/12\/03\/valtozasok-a-kozossegi-kozlekedesben\/#primaryimage"},"thumbnailUrl":"https:\/\/dorogimedence.hu\/wp-content\/uploads\/2022\/06\/buszatado-08.jpg","datePublished":"2024-12-03T13:05:48+00:00","breadcrumb":{"@id":"https:\/\/dorogimedence.hu\/index.php\/2024\/12\/03\/valtozasok-a-kozossegi-kozlekedesben\/#breadcrumb"},"inLanguage":"hu","potentialAction":[{"@type":"ReadAction","target":["https:\/\/dorogimedence.hu\/index.php\/2024\/12\/03\/valtozasok-a-kozossegi-kozlekedesben\/"]}]},{"@type":"ImageObject","inLanguage":"hu","@id":"https:\/\/dorogimedence.hu\/index.php\/2024\/12\/03\/valtozasok-a-kozossegi-kozlekedesben\/#primaryimage","url":"https:\/\/dorogimedence.hu\/wp-content\/uploads\/2022\/06\/buszatado-08.jpg","contentUrl":"https:\/\/dorogimedence.hu\/wp-content\/uploads\/2022\/06\/buszatado-08.jpg","width":1920,"height":1280},{"@type":"BreadcrumbList","@id":"https:\/\/dorogimedence.hu\/index.php\/2024\/12\/03\/valtozasok-a-kozossegi-kozlekedesben\/#breadcrumb","itemListElement":[{"@type":"ListItem","position":1,"name":"Kezd\u0151lap","item":"https:\/\/dorogimedence.hu\/"},{"@type":"ListItem","position":2,"name":"V\u00e1ltoz\u00e1sok a k\u00f6z\u00f6ss\u00e9gi k\u00f6zleked\u00e9sben"}]},{"@type":"WebSite","@id":"https:\/\/dorogimedence.hu\/#website","url":"https:\/\/dorogimedence.hu\/","name":"Dorogi-medence Region\u00e1lis H\u00edrport\u00e1l","description":"Dorog, Keszt\u00f6lc, Le\u00e1nyv\u00e1r, Piliscs\u00e9v, Tokod, Tokodalt\u00e1r\u00f3, Csolnok, Esztergom-kertv\u00e1ros: h\u00edrek, programok","publisher":{"@id":"https:\/\/dorogimedence.hu\/#organization"},"potentialAction":[{"@type":"SearchAction","target":{"@type":"EntryPoint","urlTemplate":"https:\/\/dorogimedence.hu\/?s={search_term_string}"},"query-input":{"@type":"PropertyValueSpecification","valueRequired":true,"valueName":"search_term_string"}}],"inLanguage":"hu"},{"@type":"Organization","@id":"https:\/\/dorogimedence.hu\/#organization","name":"Dorogi-medence Region\u00e1lis H\u00edrport\u00e1l","url":"https:\/\/dorogimedence.hu\/","logo":{"@type":"ImageObject","inLanguage":"hu","@id":"https:\/\/dorogimedence.hu\/#\/schema\/logo\/image\/","url":"https:\/\/dorogimedence.hu\/wp-content\/uploads\/2021\/04\/logo-feher-600.png","contentUrl":"https:\/\/dorogimedence.hu\/wp-content\/uploads\/2021\/04\/logo-feher-600.png","width":600,"height":100,"caption":"Dorogi-medence Region\u00e1lis H\u00edrport\u00e1l"},"image":{"@id":"https:\/\/dorogimedence.hu\/#\/schema\/logo\/image\/"},"sameAs":["https:\/\/www.facebook.com\/dorogimedence\/"]},{"@type":"Person","@id":"https:\/\/dorogimedence.hu\/#\/schema\/person\/ce6091eeb7e95ecdc87890d6aa8e0fd4","name":"dorogimedence.hu","image":{"@type":"ImageObject","inLanguage":"hu","@id":"\/\/www.gravatar.com\/avatar\/d8d45f8901aadff40a4af72c0b826f1d?s=96&#038;r=g&#038;d=mm","url":"\/\/www.gravatar.com\/avatar\/d8d45f8901aadff40a4af72c0b826f1d?s=96&#038;r=g&#038;d=mm","contentUrl":"\/\/www.gravatar.com\/avatar\/d8d45f8901aadff40a4af72c0b826f1d?s=96&#038;r=g&#038;d=mm","caption":"dorogimedence.hu"}}]}},"_links":{"self":[{"href":"https:\/\/dorogimedence.hu\/index.php\/wp-json\/wp\/v2\/posts\/67281","targetHints":{"allow":["GET"]}}],"collection":[{"href":"https:\/\/dorogimedence.hu\/index.php\/wp-json\/wp\/v2\/posts"}],"about":[{"href":"https:\/\/dorogimedence.hu\/index.php\/wp-json\/wp\/v2\/types\/post"}],"author":[{"embeddable":true,"href":"https:\/\/dorogimedence.hu\/index.php\/wp-json\/wp\/v2\/users\/1"}],"replies":[{"embeddable":true,"href":"https:\/\/dorogimedence.hu\/index.php\/wp-json\/wp\/v2\/comments?post=67281"}],"version-history":[{"count":0,"href":"https:\/\/dorogimedence.hu\/index.php\/wp-json\/wp\/v2\/posts\/67281\/revisions"}],"wp:featuredmedia":[{"embeddable":true,"href":"https:\/\/dorogimedence.hu\/index.php\/wp-json\/wp\/v2\/media\/43735"}],"wp:attachment":[{"href":"https:\/\/dorogimedence.hu\/index.php\/wp-json\/wp\/v2\/media?parent=67281"}],"wp:term":[{"taxonomy":"category","embeddable":true,"href":"https:\/\/dorogimedence.hu\/index.php\/wp-json\/wp\/v2\/categories?post=67281"},{"taxonomy":"post_tag","embeddable":true,"href":"https:\/\/dorogimedence.hu\/index.php\/wp-json\/wp\/v2\/tags?post=67281"}],"curies":[{"name":"wp","href":"https:\/\/api.w.org\/{rel}","templated":true}]}}