{"id":67193,"date":"2024-11-29T11:57:11","date_gmt":"2024-11-29T10:57:11","guid":{"rendered":"https:\/\/dorogimedence.hu\/?p=67193"},"modified":"2024-11-29T15:32:36","modified_gmt":"2024-11-29T14:32:36","slug":"rendvedelmi-bemutatot-tartottak-az-esztergomi-gezasok","status":"publish","type":"post","link":"https:\/\/dorogimedence.hu\/index.php\/2024\/11\/29\/rendvedelmi-bemutatot-tartottak-az-esztergomi-gezasok\/","title":{"rendered":"Rendv\u00e9delmi bemutat\u00f3t tartottak az esztergomi G\u00e9z\u00e1sok"},"content":{"rendered":"<div class=\"lead-text\">\n<p><strong>Nemr\u00e9g m\u00e9g a 24 \u00f3r\u00e1s l\u00f6v\u00e9szet idej\u00e9n d\u00f6r\u00f6gtek a fegyverek az esztergomi Central European Bodyguard Academy (CEBA) ter\u00fclet\u00e9n, most rendv\u00e9delmi k\u00e9pz\u00e9sben r\u00e9szt vev\u0151 di\u00e1kok lept\u00e9k el az int\u00e9zm\u00e9nyt. J\u00f6v\u0151 \u0151szt\u0151l elindul itt az emelt szint\u0171 rend\u00e9sztechnikus-k\u00e9pz\u00e9s, amely a rend\u0151rs\u00e9gnek is adhat ut\u00e1np\u00f3tl\u00e1st b\u0151ven.<\/strong><\/p>\n<p>&#8222;\u00c1llunk a tatami sz\u00e9l\u00e9n, \u00e9s azt l\u00e1tjuk, hogy a tatamin h\u00fasz fiatal egyszerre esik el. Mintha valami alig \u00e9szrevehet\u0151 t\u00e1rgyban botlottak volna meg, \u00e1m err\u0151l sz\u00f3 sincs, csup\u00e1n az es\u00e9st gyakorolj\u00e1k. Az es\u00e9st, ami kit\u00fcntetetten fontos, m\u00e1r-m\u00e1r \u00e9letment\u0151 mozdulat a cselg\u00e1ncs vagy az int\u00e9zked\u00e9staktikai k\u00e9pz\u00e9s sor\u00e1n.&#8221; &#8211; \u00edrja Trencs\u00e9nyi Zolt\u00e1n a Zsaru Magazinban, majd folytatja: a tatamin az Esztergomi Szakk\u00e9pz\u00e9si Centrum G\u00e9za Fejedelem Technikum \u00e9s Szakk\u00e9pz\u0151 Iskola rendv\u00e9delmi k\u00e9pz\u00e9sben r\u00e9szt vev\u0151 di\u00e1kjai esnek-kelnek. A helysz\u00edn pedig a CEBA Kft. oktat\u00f3k\u00f6zpontja, amely ugyancsak a v\u00e1rosban tal\u00e1lhat\u00f3. Az oktat\u00f3k\u00f6zpont kit\u0171n\u0151 lehet\u0151s\u00e9get biztos\u00edt a rendv\u00e9delmi k\u00e9pz\u00e9shez, ez a helysz\u00edne a gyakorlati \u00f3r\u00e1knak, itt lehet fejleszteni az er\u0151t \u00e9s az \u00e1ll\u00f3k\u00e9pess\u00e9get, gyakorolni az \u00f6nv\u00e9delmet, az int\u00e9zked\u00e9staktik\u00e1t \u00e9s a l\u00f6v\u00e9szetet.<\/p>\n<p><img fetchpriority=\"high\" decoding=\"async\" class=\"alignnone size-full wp-image-67196\" src=\"https:\/\/dorogimedence.hu\/wp-content\/uploads\/2024\/11\/Esztergom_CEBA-rendvedelmi-kepzes_20241107_02_fm.jpg\" alt=\"\" width=\"1920\" height=\"1280\" srcset=\"https:\/\/dorogimedence.hu\/wp-content\/uploads\/2024\/11\/Esztergom_CEBA-rendvedelmi-kepzes_20241107_02_fm.jpg 1920w, https:\/\/dorogimedence.hu\/wp-content\/uploads\/2024\/11\/Esztergom_CEBA-rendvedelmi-kepzes_20241107_02_fm-600x400.jpg 600w, https:\/\/dorogimedence.hu\/wp-content\/uploads\/2024\/11\/Esztergom_CEBA-rendvedelmi-kepzes_20241107_02_fm-768x512.jpg 768w, https:\/\/dorogimedence.hu\/wp-content\/uploads\/2024\/11\/Esztergom_CEBA-rendvedelmi-kepzes_20241107_02_fm-1536x1024.jpg 1536w, https:\/\/dorogimedence.hu\/wp-content\/uploads\/2024\/11\/Esztergom_CEBA-rendvedelmi-kepzes_20241107_02_fm-150x100.jpg 150w, https:\/\/dorogimedence.hu\/wp-content\/uploads\/2024\/11\/Esztergom_CEBA-rendvedelmi-kepzes_20241107_02_fm-450x300.jpg 450w, https:\/\/dorogimedence.hu\/wp-content\/uploads\/2024\/11\/Esztergom_CEBA-rendvedelmi-kepzes_20241107_02_fm-1200x800.jpg 1200w, https:\/\/dorogimedence.hu\/wp-content\/uploads\/2024\/11\/Esztergom_CEBA-rendvedelmi-kepzes_20241107_02_fm-272x182.jpg 272w\" sizes=\"(max-width: 1920px) 100vw, 1920px\" \/><\/p>\n<p>\u2013 Ez eredetileg egy civil oktat\u00f3k\u00f6zpont, ahol test\u0151r\u00f6k k\u00e9pz\u00e9se folyt, folyik \u2013 kezdi Keresztesi Zsolt, a CEBA oktat\u00f3k\u00f6zpontj\u00e1nak vezet\u0151je, az objektum tulajdonosa, oktat\u00f3. \u2013 Ezt a b\u00e1zist siker\u00fclt olyan szintre fejleszten\u00fcnk, hogy ker\u00edt\u00e9sen bel\u00fcl a test\u0151rk\u00e9pz\u00e9s valamennyi tananyag\u00e1t tudjuk oktatni a l\u00f6v\u00e9szett\u0151l az aut\u00f3vezet\u00e9sig, a k\u00f6zelharct\u00f3l az elm\u00e9letig. A koronav\u00edrus-j\u00e1rv\u00e1ny ut\u00e1n n\u00e9mileg cs\u00f6kkent a k\u00fclf\u00f6ldi \u00e9rdekl\u0151d\u0151k sz\u00e1ma, \u00edgy id\u0151 \u00e9s hely szabadult fel arra, hogy a G\u00e9za Fejedelem Technikum \u00e9s Szakk\u00e9pz\u0151 Iskola rend\u00e9sztanul\u00f3it fogadni tudjuk, \u00e9s P\u00e9ter Val\u00e9ria oktat\u00f3val k\u00f6z\u00f6sen v\u00e9gezz\u00fck a gyakorlati k\u00e9pz\u00e9s\u00fcket. \u00c9rdekess\u00e9gk\u00e9ppen: ugyanazokat a k\u00f6r\u00fclm\u00e9nyeket, felt\u00e9teleket kapj\u00e1k meg itt, amit az ugyancsak n\u00e1lunk v\u00e9gzett test\u0151r\u00f6k, akik k\u00f6z\u00fcl volt, aki David Beckhamet, Bruce Willist vagy egy\u00e9b vil\u00e1gszt\u00e1rokat, politikusokat v\u00e9dett kor\u00e1bban. Oktat\u00f3ink Michael Jackson test\u0151r\u00e9t\u0151l is tanult\u00e1k a szakma fort\u00e9lyait, akivel t\u00f6bb szem\u00e9lyv\u00e9delmi munk\u00e1ban is egy\u00fctt dolgoztak.<\/p>\n<p><img decoding=\"async\" class=\"alignnone size-full wp-image-67195\" src=\"https:\/\/dorogimedence.hu\/wp-content\/uploads\/2024\/11\/Esztergom_CEBA-rendvedelmi-kepzes_20241107_01_Keresztesi-Zsolt_fm.jpg\" alt=\"\" width=\"750\" height=\"500\" srcset=\"https:\/\/dorogimedence.hu\/wp-content\/uploads\/2024\/11\/Esztergom_CEBA-rendvedelmi-kepzes_20241107_01_Keresztesi-Zsolt_fm.jpg 750w, https:\/\/dorogimedence.hu\/wp-content\/uploads\/2024\/11\/Esztergom_CEBA-rendvedelmi-kepzes_20241107_01_Keresztesi-Zsolt_fm-600x400.jpg 600w, https:\/\/dorogimedence.hu\/wp-content\/uploads\/2024\/11\/Esztergom_CEBA-rendvedelmi-kepzes_20241107_01_Keresztesi-Zsolt_fm-150x100.jpg 150w, https:\/\/dorogimedence.hu\/wp-content\/uploads\/2024\/11\/Esztergom_CEBA-rendvedelmi-kepzes_20241107_01_Keresztesi-Zsolt_fm-450x300.jpg 450w, https:\/\/dorogimedence.hu\/wp-content\/uploads\/2024\/11\/Esztergom_CEBA-rendvedelmi-kepzes_20241107_01_Keresztesi-Zsolt_fm-272x182.jpg 272w\" sizes=\"(max-width: 750px) 100vw, 750px\" \/><\/p>\n<p>Mik\u00f6zben a fiatalok a b\u00e1zison kialak\u00edtott \u00e9s a gyakorl\u00e1shoz haszn\u00e1lt lak\u00e1sban, kocsmai helysz\u00ednen az int\u00e9zked\u00e9staktik\u00e1t gyakorolj\u00e1k, egy m\u00e1sik csoport pedig a l\u0151tud\u00e1s\u00e1t m\u00e9ly\u00edti el, Keresztesi Zsolt a terveir\u0151l is besz\u00e1mol.<\/p>\n<p>\u2013 Magyarorsz\u00e1gon, k\u00f6z\u00e9piskolai szinten, 64 helyen l\u00e9tezik rend\u00e9szk\u00e9pz\u00e9s, j\u00f6v\u0151 \u0151sszel a szakk\u00e9pz\u00e9si centrummal k\u00f6z\u00f6sen egy \u00e1llamilag finansz\u00edrozott, \u00e9retts\u00e9gizetteknek sz\u00f3l\u00f3, k\u00e9t\u00e9ves, nappali k\u00e9pz\u00e9st is ind\u00edtunk, amelynek sor\u00e1n a di\u00e1koknak m\u00e1r nem kell k\u00f6zismereti t\u00e1rgyakat tanulniuk, csak a szakm\u00e1val kell foglalkozniuk \u2013 mondja Keresztesi Zsolt. \u2013 A 2025 szeptember\u00e9ben tanul\u00f3i jogviszonyban indul\u00f3, a test\u0151rk\u00e9pz\u00e9s tananyag\u00e1val b\u0151v\u00edtett, rend\u00e9szeti rend\u00e9sztechnikus-k\u00e9pz\u00e9sre felvehet\u0151k \u00e9letkora maximum 25 \u00e9v lehet, valamint \u00e9retts\u00e9gizett, eur\u00f3pai uni\u00f3s \u00e1llampolg\u00e1roknak kell lenni\u00fck. A k\u00e9pz\u00e9s sor\u00e1n felk\u00e9sz\u00edtj\u00fck a tanul\u00f3kat arra, hogy a civil szakm\u00e1ban is sz\u00e1mos vizsgak\u00f6vetelm\u00e9nynek megfelelhessenek. \u00cdgy teh\u00e1t ez a k\u00e9pz\u00e9s ut\u00e1np\u00f3tl\u00e1st biztos\u00edthat a civil vagyonv\u00e9delemnek, a rend\u0151rs\u00e9gnek \u00e9s a katasztr\u00f3fav\u00e9delemnek egyar\u00e1nt.<\/p>\n<p><img decoding=\"async\" class=\"alignnone size-full wp-image-67197\" src=\"https:\/\/dorogimedence.hu\/wp-content\/uploads\/2024\/11\/Esztergom_CEBA-rendvedelmi-kepzes_20241107_06_fm.jpg\" alt=\"\" width=\"1920\" height=\"1280\" srcset=\"https:\/\/dorogimedence.hu\/wp-content\/uploads\/2024\/11\/Esztergom_CEBA-rendvedelmi-kepzes_20241107_06_fm.jpg 1920w, https:\/\/dorogimedence.hu\/wp-content\/uploads\/2024\/11\/Esztergom_CEBA-rendvedelmi-kepzes_20241107_06_fm-600x400.jpg 600w, https:\/\/dorogimedence.hu\/wp-content\/uploads\/2024\/11\/Esztergom_CEBA-rendvedelmi-kepzes_20241107_06_fm-768x512.jpg 768w, https:\/\/dorogimedence.hu\/wp-content\/uploads\/2024\/11\/Esztergom_CEBA-rendvedelmi-kepzes_20241107_06_fm-1536x1024.jpg 1536w, https:\/\/dorogimedence.hu\/wp-content\/uploads\/2024\/11\/Esztergom_CEBA-rendvedelmi-kepzes_20241107_06_fm-150x100.jpg 150w, https:\/\/dorogimedence.hu\/wp-content\/uploads\/2024\/11\/Esztergom_CEBA-rendvedelmi-kepzes_20241107_06_fm-450x300.jpg 450w, https:\/\/dorogimedence.hu\/wp-content\/uploads\/2024\/11\/Esztergom_CEBA-rendvedelmi-kepzes_20241107_06_fm-1200x800.jpg 1200w, https:\/\/dorogimedence.hu\/wp-content\/uploads\/2024\/11\/Esztergom_CEBA-rendvedelmi-kepzes_20241107_06_fm-272x182.jpg 272w\" sizes=\"(max-width: 1920px) 100vw, 1920px\" \/><\/p>\n<p><em>Fot\u00f3k: F\u00fcl\u00f6p M\u00e1t\u00e9<\/em><br \/>\n<em>Forr\u00e1s: Trencs\u00e9nyi Zolt\u00e1n \/ Zsaru Magazin \/ police.hu<\/em><\/p>\n<\/div>\n","protected":false},"excerpt":{"rendered":"<p>Nemr\u00e9g m\u00e9g a 24 \u00f3r\u00e1s l\u00f6v\u00e9szet idej\u00e9n d\u00f6r\u00f6gtek a fegyverek az esztergomi Central European Bodyguard Academy (CEBA) ter\u00fclet\u00e9n, most rendv\u00e9delmi k\u00e9pz\u00e9sben r\u00e9szt vev\u0151 di\u00e1kok lept\u00e9k el az int\u00e9zm\u00e9nyt. J\u00f6v\u0151 \u0151szt\u0151l elindul itt az emelt szint\u0171 rend\u00e9sztechnikus-k\u00e9pz\u00e9s, amely a rend\u0151rs\u00e9gnek is adhat ut\u00e1np\u00f3tl\u00e1st b\u0151ven. &#8222;\u00c1llunk a tatami sz\u00e9l\u00e9n, \u00e9s azt l\u00e1tjuk, hogy a tatamin h\u00fasz fiatal<\/p>\n","protected":false},"author":1,"featured_media":67194,"comment_status":"closed","ping_status":"closed","sticky":false,"template":"","format":"standard","meta":{"ngg_post_thumbnail":0,"footnotes":""},"categories":[38,3],"tags":[42,2360,61],"class_list":{"0":"post-67193","1":"post","2":"type-post","3":"status-publish","4":"format-standard","5":"has-post-thumbnail","7":"category-esztergom","8":"category-hirek","9":"tag-esztergom","10":"tag-kepzes","11":"tag-rendorsegi-hirek"},"yoast_head":"<!-- This site is optimized with the Yoast SEO plugin v27.5 - https:\/\/yoast.com\/product\/yoast-seo-wordpress\/ -->\n<title>Rendv\u00e9delmi bemutat\u00f3t tartottak az esztergomi G\u00e9z\u00e1sok<\/title>\n<meta name=\"robots\" content=\"index, follow, max-snippet:-1, max-image-preview:large, max-video-preview:-1\" \/>\n<link rel=\"canonical\" href=\"https:\/\/dorogimedence.hu\/index.php\/2024\/11\/29\/rendvedelmi-bemutatot-tartottak-az-esztergomi-gezasok\/\" class=\"yoast-seo-meta-tag\" \/>\n<meta property=\"og:locale\" content=\"hu_HU\" class=\"yoast-seo-meta-tag\" \/>\n<meta property=\"og:type\" content=\"article\" class=\"yoast-seo-meta-tag\" \/>\n<meta property=\"og:title\" content=\"Rendv\u00e9delmi bemutat\u00f3t tartottak az esztergomi G\u00e9z\u00e1sok\" class=\"yoast-seo-meta-tag\" \/>\n<meta property=\"og:description\" content=\"Nemr\u00e9g m\u00e9g a 24 \u00f3r\u00e1s l\u00f6v\u00e9szet idej\u00e9n d\u00f6r\u00f6gtek a fegyverek az esztergomi Central European Bodyguard Academy (CEBA) ter\u00fclet\u00e9n, most rendv\u00e9delmi k\u00e9pz\u00e9sben r\u00e9szt vev\u0151 di\u00e1kok lept\u00e9k el az int\u00e9zm\u00e9nyt. J\u00f6v\u0151 \u0151szt\u0151l elindul itt az emelt szint\u0171 rend\u00e9sztechnikus-k\u00e9pz\u00e9s, amely a rend\u0151rs\u00e9gnek is adhat ut\u00e1np\u00f3tl\u00e1st b\u0151ven. &#8222;\u00c1llunk a tatami sz\u00e9l\u00e9n, \u00e9s azt l\u00e1tjuk, hogy a tatamin h\u00fasz fiatal\" class=\"yoast-seo-meta-tag\" \/>\n<meta property=\"og:url\" content=\"https:\/\/dorogimedence.hu\/index.php\/2024\/11\/29\/rendvedelmi-bemutatot-tartottak-az-esztergomi-gezasok\/\" class=\"yoast-seo-meta-tag\" \/>\n<meta property=\"og:site_name\" content=\"Dorogi-medence Region\u00e1lis H\u00edrport\u00e1l\" class=\"yoast-seo-meta-tag\" \/>\n<meta property=\"article:publisher\" content=\"https:\/\/www.facebook.com\/dorogimedence\/\" class=\"yoast-seo-meta-tag\" \/>\n<meta property=\"article:published_time\" content=\"2024-11-29T10:57:11+00:00\" class=\"yoast-seo-meta-tag\" \/>\n<meta property=\"article:modified_time\" content=\"2024-11-29T14:32:36+00:00\" class=\"yoast-seo-meta-tag\" \/>\n<meta property=\"og:image\" content=\"https:\/\/dorogimedence.hu\/wp-content\/uploads\/2024\/11\/Esztergom_CEBA-rendvedelmi-kepzes_20241107_08_fm.jpg\" class=\"yoast-seo-meta-tag\" \/>\n\t<meta property=\"og:image:width\" content=\"1920\" class=\"yoast-seo-meta-tag\" \/>\n\t<meta property=\"og:image:height\" content=\"1280\" class=\"yoast-seo-meta-tag\" \/>\n\t<meta property=\"og:image:type\" content=\"image\/jpeg\" class=\"yoast-seo-meta-tag\" \/>\n<meta name=\"author\" content=\"dorogimedence.hu\" class=\"yoast-seo-meta-tag\" \/>\n<meta name=\"twitter:card\" content=\"summary_large_image\" class=\"yoast-seo-meta-tag\" \/>\n<meta name=\"twitter:label1\" content=\"Szerz\u0151:\" class=\"yoast-seo-meta-tag\" \/>\n\t<meta name=\"twitter:data1\" content=\"dorogimedence.hu\" class=\"yoast-seo-meta-tag\" \/>\n\t<meta name=\"twitter:label2\" content=\"Becs\u00fclt olvas\u00e1si id\u0151\" class=\"yoast-seo-meta-tag\" \/>\n\t<meta name=\"twitter:data2\" content=\"3 perc\" class=\"yoast-seo-meta-tag\" \/>\n<script type=\"application\/ld+json\" class=\"yoast-schema-graph\">{\"@context\":\"https:\\\/\\\/schema.org\",\"@graph\":[{\"@type\":\"Article\",\"@id\":\"https:\\\/\\\/dorogimedence.hu\\\/index.php\\\/2024\\\/11\\\/29\\\/rendvedelmi-bemutatot-tartottak-az-esztergomi-gezasok\\\/#article\",\"isPartOf\":{\"@id\":\"https:\\\/\\\/dorogimedence.hu\\\/index.php\\\/2024\\\/11\\\/29\\\/rendvedelmi-bemutatot-tartottak-az-esztergomi-gezasok\\\/\"},\"author\":{\"name\":\"dorogimedence.hu\",\"@id\":\"https:\\\/\\\/dorogimedence.hu\\\/#\\\/schema\\\/person\\\/ce6091eeb7e95ecdc87890d6aa8e0fd4\"},\"headline\":\"Rendv\u00e9delmi bemutat\u00f3t tartottak az esztergomi G\u00e9z\u00e1sok\",\"datePublished\":\"2024-11-29T10:57:11+00:00\",\"dateModified\":\"2024-11-29T14:32:36+00:00\",\"mainEntityOfPage\":{\"@id\":\"https:\\\/\\\/dorogimedence.hu\\\/index.php\\\/2024\\\/11\\\/29\\\/rendvedelmi-bemutatot-tartottak-az-esztergomi-gezasok\\\/\"},\"wordCount\":687,\"publisher\":{\"@id\":\"https:\\\/\\\/dorogimedence.hu\\\/#organization\"},\"image\":{\"@id\":\"https:\\\/\\\/dorogimedence.hu\\\/index.php\\\/2024\\\/11\\\/29\\\/rendvedelmi-bemutatot-tartottak-az-esztergomi-gezasok\\\/#primaryimage\"},\"thumbnailUrl\":\"https:\\\/\\\/dorogimedence.hu\\\/wp-content\\\/uploads\\\/2024\\\/11\\\/Esztergom_CEBA-rendvedelmi-kepzes_20241107_08_fm.jpg\",\"keywords\":[\"esztergom\",\"k\u00e9pz\u00e9s\",\"rend\u0151rs\u00e9gi h\u00edrek\"],\"articleSection\":[\"Esztergom\",\"H\u00edrek\"],\"inLanguage\":\"hu\"},{\"@type\":\"WebPage\",\"@id\":\"https:\\\/\\\/dorogimedence.hu\\\/index.php\\\/2024\\\/11\\\/29\\\/rendvedelmi-bemutatot-tartottak-az-esztergomi-gezasok\\\/\",\"url\":\"https:\\\/\\\/dorogimedence.hu\\\/index.php\\\/2024\\\/11\\\/29\\\/rendvedelmi-bemutatot-tartottak-az-esztergomi-gezasok\\\/\",\"name\":\"Rendv\u00e9delmi bemutat\u00f3t tartottak az esztergomi G\u00e9z\u00e1sok\",\"isPartOf\":{\"@id\":\"https:\\\/\\\/dorogimedence.hu\\\/#website\"},\"primaryImageOfPage\":{\"@id\":\"https:\\\/\\\/dorogimedence.hu\\\/index.php\\\/2024\\\/11\\\/29\\\/rendvedelmi-bemutatot-tartottak-az-esztergomi-gezasok\\\/#primaryimage\"},\"image\":{\"@id\":\"https:\\\/\\\/dorogimedence.hu\\\/index.php\\\/2024\\\/11\\\/29\\\/rendvedelmi-bemutatot-tartottak-az-esztergomi-gezasok\\\/#primaryimage\"},\"thumbnailUrl\":\"https:\\\/\\\/dorogimedence.hu\\\/wp-content\\\/uploads\\\/2024\\\/11\\\/Esztergom_CEBA-rendvedelmi-kepzes_20241107_08_fm.jpg\",\"datePublished\":\"2024-11-29T10:57:11+00:00\",\"dateModified\":\"2024-11-29T14:32:36+00:00\",\"breadcrumb\":{\"@id\":\"https:\\\/\\\/dorogimedence.hu\\\/index.php\\\/2024\\\/11\\\/29\\\/rendvedelmi-bemutatot-tartottak-az-esztergomi-gezasok\\\/#breadcrumb\"},\"inLanguage\":\"hu\",\"potentialAction\":[{\"@type\":\"ReadAction\",\"target\":[\"https:\\\/\\\/dorogimedence.hu\\\/index.php\\\/2024\\\/11\\\/29\\\/rendvedelmi-bemutatot-tartottak-az-esztergomi-gezasok\\\/\"]}]},{\"@type\":\"ImageObject\",\"inLanguage\":\"hu\",\"@id\":\"https:\\\/\\\/dorogimedence.hu\\\/index.php\\\/2024\\\/11\\\/29\\\/rendvedelmi-bemutatot-tartottak-az-esztergomi-gezasok\\\/#primaryimage\",\"url\":\"https:\\\/\\\/dorogimedence.hu\\\/wp-content\\\/uploads\\\/2024\\\/11\\\/Esztergom_CEBA-rendvedelmi-kepzes_20241107_08_fm.jpg\",\"contentUrl\":\"https:\\\/\\\/dorogimedence.hu\\\/wp-content\\\/uploads\\\/2024\\\/11\\\/Esztergom_CEBA-rendvedelmi-kepzes_20241107_08_fm.jpg\",\"width\":1920,\"height\":1280},{\"@type\":\"BreadcrumbList\",\"@id\":\"https:\\\/\\\/dorogimedence.hu\\\/index.php\\\/2024\\\/11\\\/29\\\/rendvedelmi-bemutatot-tartottak-az-esztergomi-gezasok\\\/#breadcrumb\",\"itemListElement\":[{\"@type\":\"ListItem\",\"position\":1,\"name\":\"Kezd\u0151lap\",\"item\":\"https:\\\/\\\/dorogimedence.hu\\\/\"},{\"@type\":\"ListItem\",\"position\":2,\"name\":\"Rendv\u00e9delmi bemutat\u00f3t tartottak az esztergomi G\u00e9z\u00e1sok\"}]},{\"@type\":\"WebSite\",\"@id\":\"https:\\\/\\\/dorogimedence.hu\\\/#website\",\"url\":\"https:\\\/\\\/dorogimedence.hu\\\/\",\"name\":\"Dorogi-medence Region\u00e1lis H\u00edrport\u00e1l\",\"description\":\"Dorog, Keszt\u00f6lc, Le\u00e1nyv\u00e1r, Piliscs\u00e9v, Tokod, Tokodalt\u00e1r\u00f3, Csolnok, Esztergom-kertv\u00e1ros: h\u00edrek, programok\",\"publisher\":{\"@id\":\"https:\\\/\\\/dorogimedence.hu\\\/#organization\"},\"potentialAction\":[{\"@type\":\"SearchAction\",\"target\":{\"@type\":\"EntryPoint\",\"urlTemplate\":\"https:\\\/\\\/dorogimedence.hu\\\/?s={search_term_string}\"},\"query-input\":{\"@type\":\"PropertyValueSpecification\",\"valueRequired\":true,\"valueName\":\"search_term_string\"}}],\"inLanguage\":\"hu\"},{\"@type\":\"Organization\",\"@id\":\"https:\\\/\\\/dorogimedence.hu\\\/#organization\",\"name\":\"Dorogi-medence Region\u00e1lis H\u00edrport\u00e1l\",\"url\":\"https:\\\/\\\/dorogimedence.hu\\\/\",\"logo\":{\"@type\":\"ImageObject\",\"inLanguage\":\"hu\",\"@id\":\"https:\\\/\\\/dorogimedence.hu\\\/#\\\/schema\\\/logo\\\/image\\\/\",\"url\":\"https:\\\/\\\/dorogimedence.hu\\\/wp-content\\\/uploads\\\/2021\\\/04\\\/logo-feher-600.png\",\"contentUrl\":\"https:\\\/\\\/dorogimedence.hu\\\/wp-content\\\/uploads\\\/2021\\\/04\\\/logo-feher-600.png\",\"width\":600,\"height\":100,\"caption\":\"Dorogi-medence Region\u00e1lis H\u00edrport\u00e1l\"},\"image\":{\"@id\":\"https:\\\/\\\/dorogimedence.hu\\\/#\\\/schema\\\/logo\\\/image\\\/\"},\"sameAs\":[\"https:\\\/\\\/www.facebook.com\\\/dorogimedence\\\/\"]},{\"@type\":\"Person\",\"@id\":\"https:\\\/\\\/dorogimedence.hu\\\/#\\\/schema\\\/person\\\/ce6091eeb7e95ecdc87890d6aa8e0fd4\",\"name\":\"dorogimedence.hu\",\"image\":{\"@type\":\"ImageObject\",\"inLanguage\":\"hu\",\"@id\":\"\\\/\\\/www.gravatar.com\\\/avatar\\\/d8d45f8901aadff40a4af72c0b826f1d?s=96&#038;r=g&#038;d=mm\",\"url\":\"\\\/\\\/www.gravatar.com\\\/avatar\\\/d8d45f8901aadff40a4af72c0b826f1d?s=96&#038;r=g&#038;d=mm\",\"contentUrl\":\"\\\/\\\/www.gravatar.com\\\/avatar\\\/d8d45f8901aadff40a4af72c0b826f1d?s=96&#038;r=g&#038;d=mm\",\"caption\":\"dorogimedence.hu\"}}]}<\/script>\n<!-- \/ Yoast SEO plugin. -->","yoast_head_json":{"title":"Rendv\u00e9delmi bemutat\u00f3t tartottak az esztergomi G\u00e9z\u00e1sok","robots":{"index":"index","follow":"follow","max-snippet":"max-snippet:-1","max-image-preview":"max-image-preview:large","max-video-preview":"max-video-preview:-1"},"canonical":"https:\/\/dorogimedence.hu\/index.php\/2024\/11\/29\/rendvedelmi-bemutatot-tartottak-az-esztergomi-gezasok\/","og_locale":"hu_HU","og_type":"article","og_title":"Rendv\u00e9delmi bemutat\u00f3t tartottak az esztergomi G\u00e9z\u00e1sok","og_description":"Nemr\u00e9g m\u00e9g a 24 \u00f3r\u00e1s l\u00f6v\u00e9szet idej\u00e9n d\u00f6r\u00f6gtek a fegyverek az esztergomi Central European Bodyguard Academy (CEBA) ter\u00fclet\u00e9n, most rendv\u00e9delmi k\u00e9pz\u00e9sben r\u00e9szt vev\u0151 di\u00e1kok lept\u00e9k el az int\u00e9zm\u00e9nyt. J\u00f6v\u0151 \u0151szt\u0151l elindul itt az emelt szint\u0171 rend\u00e9sztechnikus-k\u00e9pz\u00e9s, amely a rend\u0151rs\u00e9gnek is adhat ut\u00e1np\u00f3tl\u00e1st b\u0151ven. &#8222;\u00c1llunk a tatami sz\u00e9l\u00e9n, \u00e9s azt l\u00e1tjuk, hogy a tatamin h\u00fasz fiatal","og_url":"https:\/\/dorogimedence.hu\/index.php\/2024\/11\/29\/rendvedelmi-bemutatot-tartottak-az-esztergomi-gezasok\/","og_site_name":"Dorogi-medence Region\u00e1lis H\u00edrport\u00e1l","article_publisher":"https:\/\/www.facebook.com\/dorogimedence\/","article_published_time":"2024-11-29T10:57:11+00:00","article_modified_time":"2024-11-29T14:32:36+00:00","og_image":[{"width":1920,"height":1280,"url":"https:\/\/dorogimedence.hu\/wp-content\/uploads\/2024\/11\/Esztergom_CEBA-rendvedelmi-kepzes_20241107_08_fm.jpg","type":"image\/jpeg"}],"author":"dorogimedence.hu","twitter_card":"summary_large_image","twitter_misc":{"Szerz\u0151:":"dorogimedence.hu","Becs\u00fclt olvas\u00e1si id\u0151":"3 perc"},"schema":{"@context":"https:\/\/schema.org","@graph":[{"@type":"Article","@id":"https:\/\/dorogimedence.hu\/index.php\/2024\/11\/29\/rendvedelmi-bemutatot-tartottak-az-esztergomi-gezasok\/#article","isPartOf":{"@id":"https:\/\/dorogimedence.hu\/index.php\/2024\/11\/29\/rendvedelmi-bemutatot-tartottak-az-esztergomi-gezasok\/"},"author":{"name":"dorogimedence.hu","@id":"https:\/\/dorogimedence.hu\/#\/schema\/person\/ce6091eeb7e95ecdc87890d6aa8e0fd4"},"headline":"Rendv\u00e9delmi bemutat\u00f3t tartottak az esztergomi G\u00e9z\u00e1sok","datePublished":"2024-11-29T10:57:11+00:00","dateModified":"2024-11-29T14:32:36+00:00","mainEntityOfPage":{"@id":"https:\/\/dorogimedence.hu\/index.php\/2024\/11\/29\/rendvedelmi-bemutatot-tartottak-az-esztergomi-gezasok\/"},"wordCount":687,"publisher":{"@id":"https:\/\/dorogimedence.hu\/#organization"},"image":{"@id":"https:\/\/dorogimedence.hu\/index.php\/2024\/11\/29\/rendvedelmi-bemutatot-tartottak-az-esztergomi-gezasok\/#primaryimage"},"thumbnailUrl":"https:\/\/dorogimedence.hu\/wp-content\/uploads\/2024\/11\/Esztergom_CEBA-rendvedelmi-kepzes_20241107_08_fm.jpg","keywords":["esztergom","k\u00e9pz\u00e9s","rend\u0151rs\u00e9gi h\u00edrek"],"articleSection":["Esztergom","H\u00edrek"],"inLanguage":"hu"},{"@type":"WebPage","@id":"https:\/\/dorogimedence.hu\/index.php\/2024\/11\/29\/rendvedelmi-bemutatot-tartottak-az-esztergomi-gezasok\/","url":"https:\/\/dorogimedence.hu\/index.php\/2024\/11\/29\/rendvedelmi-bemutatot-tartottak-az-esztergomi-gezasok\/","name":"Rendv\u00e9delmi bemutat\u00f3t tartottak az esztergomi G\u00e9z\u00e1sok","isPartOf":{"@id":"https:\/\/dorogimedence.hu\/#website"},"primaryImageOfPage":{"@id":"https:\/\/dorogimedence.hu\/index.php\/2024\/11\/29\/rendvedelmi-bemutatot-tartottak-az-esztergomi-gezasok\/#primaryimage"},"image":{"@id":"https:\/\/dorogimedence.hu\/index.php\/2024\/11\/29\/rendvedelmi-bemutatot-tartottak-az-esztergomi-gezasok\/#primaryimage"},"thumbnailUrl":"https:\/\/dorogimedence.hu\/wp-content\/uploads\/2024\/11\/Esztergom_CEBA-rendvedelmi-kepzes_20241107_08_fm.jpg","datePublished":"2024-11-29T10:57:11+00:00","dateModified":"2024-11-29T14:32:36+00:00","breadcrumb":{"@id":"https:\/\/dorogimedence.hu\/index.php\/2024\/11\/29\/rendvedelmi-bemutatot-tartottak-az-esztergomi-gezasok\/#breadcrumb"},"inLanguage":"hu","potentialAction":[{"@type":"ReadAction","target":["https:\/\/dorogimedence.hu\/index.php\/2024\/11\/29\/rendvedelmi-bemutatot-tartottak-az-esztergomi-gezasok\/"]}]},{"@type":"ImageObject","inLanguage":"hu","@id":"https:\/\/dorogimedence.hu\/index.php\/2024\/11\/29\/rendvedelmi-bemutatot-tartottak-az-esztergomi-gezasok\/#primaryimage","url":"https:\/\/dorogimedence.hu\/wp-content\/uploads\/2024\/11\/Esztergom_CEBA-rendvedelmi-kepzes_20241107_08_fm.jpg","contentUrl":"https:\/\/dorogimedence.hu\/wp-content\/uploads\/2024\/11\/Esztergom_CEBA-rendvedelmi-kepzes_20241107_08_fm.jpg","width":1920,"height":1280},{"@type":"BreadcrumbList","@id":"https:\/\/dorogimedence.hu\/index.php\/2024\/11\/29\/rendvedelmi-bemutatot-tartottak-az-esztergomi-gezasok\/#breadcrumb","itemListElement":[{"@type":"ListItem","position":1,"name":"Kezd\u0151lap","item":"https:\/\/dorogimedence.hu\/"},{"@type":"ListItem","position":2,"name":"Rendv\u00e9delmi bemutat\u00f3t tartottak az esztergomi G\u00e9z\u00e1sok"}]},{"@type":"WebSite","@id":"https:\/\/dorogimedence.hu\/#website","url":"https:\/\/dorogimedence.hu\/","name":"Dorogi-medence Region\u00e1lis H\u00edrport\u00e1l","description":"Dorog, Keszt\u00f6lc, Le\u00e1nyv\u00e1r, Piliscs\u00e9v, Tokod, Tokodalt\u00e1r\u00f3, Csolnok, Esztergom-kertv\u00e1ros: h\u00edrek, programok","publisher":{"@id":"https:\/\/dorogimedence.hu\/#organization"},"potentialAction":[{"@type":"SearchAction","target":{"@type":"EntryPoint","urlTemplate":"https:\/\/dorogimedence.hu\/?s={search_term_string}"},"query-input":{"@type":"PropertyValueSpecification","valueRequired":true,"valueName":"search_term_string"}}],"inLanguage":"hu"},{"@type":"Organization","@id":"https:\/\/dorogimedence.hu\/#organization","name":"Dorogi-medence Region\u00e1lis H\u00edrport\u00e1l","url":"https:\/\/dorogimedence.hu\/","logo":{"@type":"ImageObject","inLanguage":"hu","@id":"https:\/\/dorogimedence.hu\/#\/schema\/logo\/image\/","url":"https:\/\/dorogimedence.hu\/wp-content\/uploads\/2021\/04\/logo-feher-600.png","contentUrl":"https:\/\/dorogimedence.hu\/wp-content\/uploads\/2021\/04\/logo-feher-600.png","width":600,"height":100,"caption":"Dorogi-medence Region\u00e1lis H\u00edrport\u00e1l"},"image":{"@id":"https:\/\/dorogimedence.hu\/#\/schema\/logo\/image\/"},"sameAs":["https:\/\/www.facebook.com\/dorogimedence\/"]},{"@type":"Person","@id":"https:\/\/dorogimedence.hu\/#\/schema\/person\/ce6091eeb7e95ecdc87890d6aa8e0fd4","name":"dorogimedence.hu","image":{"@type":"ImageObject","inLanguage":"hu","@id":"\/\/www.gravatar.com\/avatar\/d8d45f8901aadff40a4af72c0b826f1d?s=96&#038;r=g&#038;d=mm","url":"\/\/www.gravatar.com\/avatar\/d8d45f8901aadff40a4af72c0b826f1d?s=96&#038;r=g&#038;d=mm","contentUrl":"\/\/www.gravatar.com\/avatar\/d8d45f8901aadff40a4af72c0b826f1d?s=96&#038;r=g&#038;d=mm","caption":"dorogimedence.hu"}}]}},"_links":{"self":[{"href":"https:\/\/dorogimedence.hu\/index.php\/wp-json\/wp\/v2\/posts\/67193","targetHints":{"allow":["GET"]}}],"collection":[{"href":"https:\/\/dorogimedence.hu\/index.php\/wp-json\/wp\/v2\/posts"}],"about":[{"href":"https:\/\/dorogimedence.hu\/index.php\/wp-json\/wp\/v2\/types\/post"}],"author":[{"embeddable":true,"href":"https:\/\/dorogimedence.hu\/index.php\/wp-json\/wp\/v2\/users\/1"}],"replies":[{"embeddable":true,"href":"https:\/\/dorogimedence.hu\/index.php\/wp-json\/wp\/v2\/comments?post=67193"}],"version-history":[{"count":0,"href":"https:\/\/dorogimedence.hu\/index.php\/wp-json\/wp\/v2\/posts\/67193\/revisions"}],"wp:featuredmedia":[{"embeddable":true,"href":"https:\/\/dorogimedence.hu\/index.php\/wp-json\/wp\/v2\/media\/67194"}],"wp:attachment":[{"href":"https:\/\/dorogimedence.hu\/index.php\/wp-json\/wp\/v2\/media?parent=67193"}],"wp:term":[{"taxonomy":"category","embeddable":true,"href":"https:\/\/dorogimedence.hu\/index.php\/wp-json\/wp\/v2\/categories?post=67193"},{"taxonomy":"post_tag","embeddable":true,"href":"https:\/\/dorogimedence.hu\/index.php\/wp-json\/wp\/v2\/tags?post=67193"}],"curies":[{"name":"wp","href":"https:\/\/api.w.org\/{rel}","templated":true}]}}