{"id":67178,"date":"2024-11-29T10:47:04","date_gmt":"2024-11-29T09:47:04","guid":{"rendered":"https:\/\/dorogimedence.hu\/?p=67178"},"modified":"2024-11-29T10:47:04","modified_gmt":"2024-11-29T09:47:04","slug":"a-szamos-ket-kategoriaban-is-jeleskedett-az-ev-szaloncukra-versenyen","status":"publish","type":"post","link":"https:\/\/dorogimedence.hu\/index.php\/2024\/11\/29\/a-szamos-ket-kategoriaban-is-jeleskedett-az-ev-szaloncukra-versenyen\/","title":{"rendered":"A Szamos k\u00e9t kateg\u00f3ri\u00e1ban is jeleskedett Az \u00c9v Szaloncukra versenyen"},"content":{"rendered":"<p><strong>Id\u00e9n m\u00e1r \u00f6t\u00f6dik alkalommal rendezt\u00e9k meg Az \u00c9v Szaloncukra versenyt, amin az \u00f6sszes hazai szaloncukrokat gy\u00e1rt\u00f3 cukr\u00e1szda \u00e9s gy\u00e1rt\u00f3 szaloncukrai ringbe sz\u00e1llhattak. <span class=\"x193iq5w xeuugli x13faqbe x1vvkbs x1xmvt09 x1lliihq x1s928wv xhkezso x1gmr53x x1cpjm7i x1fgarty x1943h6x xudqn12 x3x7a5m x6prxxf xvq8zen xo1l8bm xzsf02u x1yc453h\" dir=\"auto\">A Szamos a Feketeribizli gy\u00fcm\u00f6lcszsel\u00e9 \u00e9tcsokol\u00e1d\u00e9val Az \u00e9v zsel\u00e9s szaloncukra 1. helyez\u00e9st \u00e9rt el, m\u00edg a M\u00e1lna gy\u00fcm\u00f6lcszsel\u00e9 \u00e9tcsokol\u00e1d\u00e9val Az \u00e9v zsel\u00e9s szaloncukra 2. helyezett lett.<\/span><br \/>\n<\/strong><\/p>\n<p>Az \u00c9v Szaloncukra d\u00edj mellett id\u00e9n is sz\u00e1mos \u00faj kateg\u00f3ri\u00e1ban is versenyezhettek a gy\u00e1rt\u00f3k. Az \u00faj kateg\u00f3ri\u00e1k \u00f6ssze\u00e1ll\u00edt\u00e1s\u00e1ban a <b>Magyar \u00c9dess\u00e9ggy\u00e1rt\u00f3k Sz\u00f6vets\u00e9ge<\/b> is seg\u00edts\u00e9get ny\u00fajtott. Az elm\u00falt \u00e9vekben n\u00e9pszer\u0171v\u00e9 v\u00e1lt \u201c\u00edzek versenye\u201d siker\u00e9n felbuzdulva id\u00e9n ism\u00e9t \u00faj \u00edzeknek lett egy\u00e9ni versenykateg\u00f3ri\u00e1ja.<\/p>\n<p>A k\u00f3stol\u00f3kat most is a Facebookon v\u00e1lasztott\u00e1k ki \u00e9s a zs\u0171riz\u00e9sben a civil zs\u0171rin t\u00fal a megh\u00edvott szt\u00e1rok mellett a <b>Szeretem a csokit<\/b> TikTok-csatorna vide\u00f3s p\u00e1rosa \u00e9s a <b>Nagycsal\u00e1dosok Kispesti Egyes\u00fclet\u00e9nek<\/b> tagjai \u00e9s vezet\u0151i is seg\u00edts\u00e9g\u00e9re voltak a csapatnak.<\/p>\n<p>Id\u00e9n ism\u00e9t a szakmai kateg\u00f3ri\u00e1ban is nevezhettek a gy\u00e1rt\u00f3k. Ebben a kateg\u00f3ri\u00e1ban azonban gy\u00e1rt\u00f3nk\u00e9nt csak h\u00e1rom szaloncukorral indulhattak. A zs\u0171ri szakmai szempontokat \u00e9s a szaloncukor formai elv\u00e1r\u00e1sait is figyelembe vette a d\u00f6nt\u00e9skor. A szakmai zs\u0171riben Barta Enik\u0151 cukr\u00e1sz, G\u00e1csi Zolt\u00e1n, a Csokol\u00e1d\u00e9 Akad\u00e9mia szakmai vezet\u0151je, Erd\u00e9lyi Bal\u00e1zs a Magyar Cukr\u00e1sz Ipartest\u00fclet szakmai eln\u00f6ke, Abrud\u00e1n Zsolt, a New York K\u00e1v\u00e9h\u00e1z chefje, Mih\u00e1ly Lajos szak\u00e1csmester \u00e9s cukr\u00e1sz, valamint Veszely Attila Nemzetk\u00f6zi Csokol\u00e1d\u00e9 b\u00edr\u00e1l\u00f3 csokol\u00e1d\u00e9mester \u00e9s mestercukr\u00e1sz d\u00f6nt\u00f6tt a szaloncukrokr\u00f3l. A szakmai k\u00f3stol\u00f3 az Ibis Styles Budapest Center Hotelben zajlott a hotel t\u00e1mogat\u00e1s\u00e1nak j\u00f3volt\u00e1b\u00f3l.&nbsp;<\/p>\n<p>A mester zs\u0171ri mellett id\u00e9n \u00fajra a gyerekek is k\u00fcl\u00f6n f\u00f3kuszba ker\u00fcltek a Gyerekek kedvence kateg\u00f3ri\u00e1val, amiben csak gyerekek k\u00f3stolt\u00e1k a gy\u00e1rt\u00f3k \u00e1ltal k\u00fcl\u00f6n nekik sz\u00e1nt szaloncukrokat.<\/p>\n<p>Kov\u00e1cs \u00c1d\u00e1m \u00e9s Kov\u00e1cs Gergely a verseny szervez\u0151i elmondt\u00e1k, hogy a verseny id\u00e9n tov\u00e1bb n\u00f6vekedett \u00e9s p\u00e1r \u00e9rdekes sz\u00e1mot is megosztottak a versenyr\u0151l:&nbsp;<\/p>\n<ul>\n<li aria-level=\"1\">Az \u00c9v Szaloncukra verseny gy\u0151zteseit <b>157 szaloncukor <\/b>k\u00f6z\u00fcl v\u00e1lasztott\u00e1k ki.&nbsp;<\/li>\n<li aria-level=\"1\">A verseny 8<b> kateg\u00f3ri\u00e1j\u00e1nak<\/b> a zs\u0171riz\u00e9sben t\u00f6bb, mint <b>300 k\u00f3stol\u00f3<\/b> seg\u00edtett.&nbsp;<\/li>\n<li aria-level=\"1\">A k\u00f3stol\u00e1sokra t\u00f6bb, mint <b>7000 szem<\/b> szaloncukrot osztottak ki zs\u0171riz\u00e9sre, hogy megtal\u00e1lj\u00e1k a 16<b> gy\u0151ztest<\/b>.<\/li>\n<\/ul>\n<p>Az \u00c9v Szaloncukra 2024 c\u00edmet a makl\u00e1ri <b>St\u00fchmer K\u00f6rtezsel\u00e9s-muskot\u00e1lyos szaloncukra <\/b>nyerte el<b>,<\/b> a m\u00e1sodik helyezett a gyulai<b> K\u00e9zm\u0171ves Cukr\u00e1szda Bailey\u2019s k\u00e1v\u00e9s szaloncukra<\/b> lett, m\u00edg a harmadik helyen a <b>Suly\u00e1n Cukr\u00e1szda szaloncukra v\u00e9gzett<\/b>.<\/p>\n<p>Az szakmai kateg\u00f3ria gy\u0151ztese a gyulai <b>K\u00e9zm\u0171ves Cukr\u00e1szda Bailey\u2019s k\u00e1v\u00e9s szaloncukra<\/b> lett, m\u00e1sodik helyen v\u00e9gzett a soltvadkerti <b>Szent Korona Cukr\u00e1szda V\u00f6r\u00f6sboros m\u00e1lna szaloncukra<\/b>, a harmadik pedig a <b>Szent Korona Cukr\u00e1szda Pilvax Pet\u0151fi 200 s\u00f3s karamell\u00e1s k\u00e1v\u00e9s szaloncukra <\/b>lett.<\/p>\n<p>Az \u201c\u00edzek verseny\u00e9ben\u201d id\u00e9n a legkedveltebb szaloncukor fajta, a zsel\u00e9s szaloncukor kiemelt kateg\u00f3ria volt, de id\u00e9n \u00faj \u00edzkateg\u00f3riak\u00e9nt jelent meg a s\u00f3s karamella, az alkoholos italok ihlette szaloncukrok \u00e9s a desszert ihlette szaloncukrok kateg\u00f3ria is. A legjobb zsel\u00e9s szaloncukor a <b>Szamos feketeribizli zsel\u00e9s szaloncukra<\/b> lett, a m\u00e1sodik szint\u00e9n a Szamost\u00f3l egy m\u00e1lnazsel\u00e9s szaloncukor lett \u00e9s harmadik helyen v\u00e9gzett a <b>Szerencsi Retro gy\u00fcm\u00f6lcs\u00edz\u0171<\/b> szaloncukra. A legjobb s\u00f3s karamell\u00e1s szaloncukor a kiskunlach\u00e1zi <b>Demeter Chocolate s\u00f3s karamell\u00e1s szaloncukra <\/b>az alkoholos italok ihlette kateg\u00f3ri\u00e1ban a gyulai K\u00e9zm\u0171ves Cukr\u00e1szda<b> Bailey\u2019s k\u00e1v\u00e9s szaloncukra<\/b> lett, a legjobb desszertek ihlette szaloncukor kateg\u00f3ri\u00e1ban a szilv\u00e1sgomb\u00f3c ihlette <b>szilv\u00e1s fah\u00e9jas szaloncukra<\/b> lett a szombathelyi Chocofive-t\u00f3l<b>.<\/b><\/p>\n<p>A gyerekek kedvence kateg\u00f3ri\u00e1ban az els\u0151 helyez\u00e9st \u00e9rt el a Chocofive <b>robban\u00f3cukros szaloncukra<\/b>, a m\u00e1sodik a Suly\u00e1n Cukr\u00e1szda popcornos robban\u00f3cukros szaloncukra lett, a harmadik pedig a p\u00e1pai Ricsi Cukr\u00e1szda Kinder szaloncukra, <b>az \u00c9v \u00daj \u00edze az orosh\u00e1zi H\u00f3vir\u00e1g Fagylaltb\u00e1r barackos-mogyor\u00f3s szaloncukra lett,<\/b> amit az id\u00e9n el\u0151sz\u00f6r megjelen\u0151 \u00faj term\u00e9kek k\u00f6z\u00fcl v\u00e1lasztottak ki.<\/p>\n<p><b>A d\u00edjazottak:<\/b><\/p>\n<p><b>Az \u00c9v Szaloncukra gy\u0151ztesei:<\/b><\/p>\n<ol>\n<li>St\u00fchmer &#8211; k\u00f6rtezsel\u00e9s-muskot\u00e1lyos szaloncukor<\/li>\n<li>Gyulai K\u00e9zm\u0171ves Cukr\u00e1szda &#8211; Bailey\u2019s-k\u00e1v\u00e9 szaloncukor<\/li>\n<li>Suly\u00e1n Cukr\u00e1szda mogyor\u00f3kr\u00e9mes chips-es nug\u00e1t szaloncukor<\/li>\n<\/ol>\n<p><b>Az \u00c9v Szaloncukra szakmai kateg\u00f3ria gy\u0151ztes szaloncukrai:<\/b><\/p>\n<ol>\n<li>Gyulai K\u00e9zm\u0171ves Cukr\u00e1szda &#8211; Bailey\u2019s-k\u00e1v\u00e9 szaloncukor<\/li>\n<li>Szent Korona Cukr\u00e1szda &#8211; Frittmann v\u00f6r\u00f6sboros m\u00e1ln\u00e1s szaloncukor<\/li>\n<li>Szent Korona Cukr\u00e1szda &#8211; Pilvax &#8211; Pet\u0151fi 200 s\u00f3s karamell\u00e1s k\u00e1v\u00e9s szaloncukor<\/li>\n<\/ol>\n<p><b>A legjobb zsel\u00e9s szaloncukrok:<\/b><\/p>\n<ol>\n<li>Szamos<b> &#8211; <\/b>feketeribizli gy\u00fcm\u00f6lcszsel\u00e9 szaloncukor \u00e9tcsokol\u00e1d\u00e9val m\u00e1rtva<\/li>\n<li>Szamos<b> &#8211; <\/b>m\u00e1lna gy\u00fcm\u00f6lcszsel\u00e9 szaloncukor \u00e9tcsokol\u00e1d\u00e9val m\u00e1rtva<\/li>\n<li>Szerencsi Bonbon &#8211; RETRO \u00e9tcsokol\u00e1d\u00e9val m\u00e1rtott gy\u00fcm\u00f6lcs\u00edz\u0171 zsel\u00e9s szaloncukor<\/li>\n<\/ol>\n<p><b>A gyerekek kedvenc szaloncukrai:<\/b><\/p>\n<ol>\n<li>Chocofive Kft. &#8211; robban\u00f3cukros szaloncukor<\/li>\n<li>Suly\u00e1n Cukr\u00e1szda &#8211; robban\u00f3cukros popcornos feh\u00e9r csokol\u00e1d\u00e9 tr\u00fcffel szaloncukor<\/li>\n<li>Ricsi Cukr\u00e1szda &#8211; Kinder szaloncukor<\/li>\n<\/ol>\n<p><b>A legjobb s\u00f3s karamell\u00e1s szaloncukor:<\/b> Demeter Chocolate s\u00f3s karamell\u00e1s szaloncukor<\/p>\n<p><b>A legjobb alkoholos italok ihlette szaloncukor: <\/b>Gyulai K\u00e9zm\u0171ves Cukr\u00e1szda &#8211; Bailey\u2019s-k\u00e1v\u00e9 szaloncukor<\/p>\n<p><b>A legjobb desszert ihlette szaloncukor:<\/b> Chocofive Kft szilv\u00e1sgomb\u00f3c &#8211; szilv\u00e1s fah\u00e9jas szaloncukor<\/p>\n<p><b>Az \u00c9v \u00daj \u00cdze:<\/b> H\u00f3vir\u00e1g Fagylaltb\u00e1r barackos-mogyor\u00f3s szaloncukor<\/p>\n<p><b>Tov\u00e1bbi inform\u00e1ci\u00f3:<\/b>&nbsp;<span style=\"text-decoration: underline; color: #3366ff;\"><a style=\"color: #3366ff;\" href=\"http:\/\/www.azevszaloncukra.hu\" target=\"_blank\" rel=\"noopener\">www.azevszaloncukra.hu<\/a><\/span><\/p>\n","protected":false},"excerpt":{"rendered":"<p>Id\u00e9n m\u00e1r \u00f6t\u00f6dik alkalommal rendezt\u00e9k meg Az \u00c9v Szaloncukra versenyt, amin az \u00f6sszes hazai szaloncukrokat gy\u00e1rt\u00f3 cukr\u00e1szda \u00e9s gy\u00e1rt\u00f3 szaloncukrai ringbe sz\u00e1llhattak. A Szamos a Feketeribizli gy\u00fcm\u00f6lcszsel\u00e9 \u00e9tcsokol\u00e1d\u00e9val Az \u00e9v zsel\u00e9s szaloncukra 1. helyez\u00e9st \u00e9rt el, m\u00edg a M\u00e1lna gy\u00fcm\u00f6lcszsel\u00e9 \u00e9tcsokol\u00e1d\u00e9val Az \u00e9v zsel\u00e9s szaloncukra 2. helyezett lett. Az \u00c9v Szaloncukra d\u00edj mellett id\u00e9n is<\/p>\n","protected":false},"author":1,"featured_media":67179,"comment_status":"closed","ping_status":"closed","sticky":false,"template":"","format":"standard","meta":{"ngg_post_thumbnail":0,"footnotes":""},"categories":[3,6948],"tags":[8136,7563,8135],"class_list":{"0":"post-67178","1":"post","2":"type-post","3":"status-publish","4":"format-standard","5":"has-post-thumbnail","7":"category-hirek","8":"category-szines","9":"tag-az-ev-szaloncukra","10":"tag-szaloncukor","11":"tag-szamos"},"yoast_head":"<!-- This site is optimized with the Yoast SEO plugin v27.5 - https:\/\/yoast.com\/product\/yoast-seo-wordpress\/ -->\n<title>A Szamos k\u00e9t kateg\u00f3ri\u00e1ban is jeleskedett Az \u00c9v Szaloncukra versenyen<\/title>\n<meta name=\"robots\" content=\"index, follow, max-snippet:-1, max-image-preview:large, max-video-preview:-1\" \/>\n<link rel=\"canonical\" href=\"https:\/\/dorogimedence.hu\/index.php\/2024\/11\/29\/a-szamos-ket-kategoriaban-is-jeleskedett-az-ev-szaloncukra-versenyen\/\" class=\"yoast-seo-meta-tag\" \/>\n<meta property=\"og:locale\" content=\"hu_HU\" class=\"yoast-seo-meta-tag\" \/>\n<meta property=\"og:type\" content=\"article\" class=\"yoast-seo-meta-tag\" \/>\n<meta property=\"og:title\" content=\"A Szamos k\u00e9t kateg\u00f3ri\u00e1ban is jeleskedett Az \u00c9v Szaloncukra versenyen\" class=\"yoast-seo-meta-tag\" \/>\n<meta property=\"og:description\" content=\"Id\u00e9n m\u00e1r \u00f6t\u00f6dik alkalommal rendezt\u00e9k meg Az \u00c9v Szaloncukra versenyt, amin az \u00f6sszes hazai szaloncukrokat gy\u00e1rt\u00f3 cukr\u00e1szda \u00e9s gy\u00e1rt\u00f3 szaloncukrai ringbe sz\u00e1llhattak. A Szamos a Feketeribizli gy\u00fcm\u00f6lcszsel\u00e9 \u00e9tcsokol\u00e1d\u00e9val Az \u00e9v zsel\u00e9s szaloncukra 1. helyez\u00e9st \u00e9rt el, m\u00edg a M\u00e1lna gy\u00fcm\u00f6lcszsel\u00e9 \u00e9tcsokol\u00e1d\u00e9val Az \u00e9v zsel\u00e9s szaloncukra 2. helyezett lett. Az \u00c9v Szaloncukra d\u00edj mellett id\u00e9n is\" class=\"yoast-seo-meta-tag\" \/>\n<meta property=\"og:url\" content=\"https:\/\/dorogimedence.hu\/index.php\/2024\/11\/29\/a-szamos-ket-kategoriaban-is-jeleskedett-az-ev-szaloncukra-versenyen\/\" class=\"yoast-seo-meta-tag\" \/>\n<meta property=\"og:site_name\" content=\"Dorogi-medence Region\u00e1lis H\u00edrport\u00e1l\" class=\"yoast-seo-meta-tag\" \/>\n<meta property=\"article:publisher\" content=\"https:\/\/www.facebook.com\/dorogimedence\/\" class=\"yoast-seo-meta-tag\" \/>\n<meta property=\"article:published_time\" content=\"2024-11-29T09:47:04+00:00\" class=\"yoast-seo-meta-tag\" \/>\n<meta property=\"og:image\" content=\"https:\/\/dorogimedence.hu\/wp-content\/uploads\/2024\/11\/szamos.jpg\" class=\"yoast-seo-meta-tag\" \/>\n\t<meta property=\"og:image:width\" content=\"1920\" class=\"yoast-seo-meta-tag\" \/>\n\t<meta property=\"og:image:height\" content=\"970\" class=\"yoast-seo-meta-tag\" \/>\n\t<meta property=\"og:image:type\" content=\"image\/jpeg\" class=\"yoast-seo-meta-tag\" \/>\n<meta name=\"author\" content=\"dorogimedence.hu\" class=\"yoast-seo-meta-tag\" \/>\n<meta name=\"twitter:card\" content=\"summary_large_image\" class=\"yoast-seo-meta-tag\" \/>\n<meta name=\"twitter:label1\" content=\"Szerz\u0151:\" class=\"yoast-seo-meta-tag\" \/>\n\t<meta name=\"twitter:data1\" content=\"dorogimedence.hu\" class=\"yoast-seo-meta-tag\" \/>\n\t<meta name=\"twitter:label2\" content=\"Becs\u00fclt olvas\u00e1si id\u0151\" class=\"yoast-seo-meta-tag\" \/>\n\t<meta name=\"twitter:data2\" content=\"5 perc\" class=\"yoast-seo-meta-tag\" \/>\n<script type=\"application\/ld+json\" class=\"yoast-schema-graph\">{\"@context\":\"https:\\\/\\\/schema.org\",\"@graph\":[{\"@type\":\"Article\",\"@id\":\"https:\\\/\\\/dorogimedence.hu\\\/index.php\\\/2024\\\/11\\\/29\\\/a-szamos-ket-kategoriaban-is-jeleskedett-az-ev-szaloncukra-versenyen\\\/#article\",\"isPartOf\":{\"@id\":\"https:\\\/\\\/dorogimedence.hu\\\/index.php\\\/2024\\\/11\\\/29\\\/a-szamos-ket-kategoriaban-is-jeleskedett-az-ev-szaloncukra-versenyen\\\/\"},\"author\":{\"name\":\"dorogimedence.hu\",\"@id\":\"https:\\\/\\\/dorogimedence.hu\\\/#\\\/schema\\\/person\\\/ce6091eeb7e95ecdc87890d6aa8e0fd4\"},\"headline\":\"A Szamos k\u00e9t kateg\u00f3ri\u00e1ban is jeleskedett Az \u00c9v Szaloncukra versenyen\",\"datePublished\":\"2024-11-29T09:47:04+00:00\",\"mainEntityOfPage\":{\"@id\":\"https:\\\/\\\/dorogimedence.hu\\\/index.php\\\/2024\\\/11\\\/29\\\/a-szamos-ket-kategoriaban-is-jeleskedett-az-ev-szaloncukra-versenyen\\\/\"},\"wordCount\":1041,\"publisher\":{\"@id\":\"https:\\\/\\\/dorogimedence.hu\\\/#organization\"},\"image\":{\"@id\":\"https:\\\/\\\/dorogimedence.hu\\\/index.php\\\/2024\\\/11\\\/29\\\/a-szamos-ket-kategoriaban-is-jeleskedett-az-ev-szaloncukra-versenyen\\\/#primaryimage\"},\"thumbnailUrl\":\"https:\\\/\\\/dorogimedence.hu\\\/wp-content\\\/uploads\\\/2024\\\/11\\\/szamos.jpg\",\"keywords\":[\"Az \u00e9v szaloncukra\",\"szaloncukor\",\"Szamos\"],\"articleSection\":[\"H\u00edrek\",\"Sz\u00ednes\"],\"inLanguage\":\"hu\"},{\"@type\":\"WebPage\",\"@id\":\"https:\\\/\\\/dorogimedence.hu\\\/index.php\\\/2024\\\/11\\\/29\\\/a-szamos-ket-kategoriaban-is-jeleskedett-az-ev-szaloncukra-versenyen\\\/\",\"url\":\"https:\\\/\\\/dorogimedence.hu\\\/index.php\\\/2024\\\/11\\\/29\\\/a-szamos-ket-kategoriaban-is-jeleskedett-az-ev-szaloncukra-versenyen\\\/\",\"name\":\"A Szamos k\u00e9t kateg\u00f3ri\u00e1ban is jeleskedett Az \u00c9v Szaloncukra versenyen\",\"isPartOf\":{\"@id\":\"https:\\\/\\\/dorogimedence.hu\\\/#website\"},\"primaryImageOfPage\":{\"@id\":\"https:\\\/\\\/dorogimedence.hu\\\/index.php\\\/2024\\\/11\\\/29\\\/a-szamos-ket-kategoriaban-is-jeleskedett-az-ev-szaloncukra-versenyen\\\/#primaryimage\"},\"image\":{\"@id\":\"https:\\\/\\\/dorogimedence.hu\\\/index.php\\\/2024\\\/11\\\/29\\\/a-szamos-ket-kategoriaban-is-jeleskedett-az-ev-szaloncukra-versenyen\\\/#primaryimage\"},\"thumbnailUrl\":\"https:\\\/\\\/dorogimedence.hu\\\/wp-content\\\/uploads\\\/2024\\\/11\\\/szamos.jpg\",\"datePublished\":\"2024-11-29T09:47:04+00:00\",\"breadcrumb\":{\"@id\":\"https:\\\/\\\/dorogimedence.hu\\\/index.php\\\/2024\\\/11\\\/29\\\/a-szamos-ket-kategoriaban-is-jeleskedett-az-ev-szaloncukra-versenyen\\\/#breadcrumb\"},\"inLanguage\":\"hu\",\"potentialAction\":[{\"@type\":\"ReadAction\",\"target\":[\"https:\\\/\\\/dorogimedence.hu\\\/index.php\\\/2024\\\/11\\\/29\\\/a-szamos-ket-kategoriaban-is-jeleskedett-az-ev-szaloncukra-versenyen\\\/\"]}]},{\"@type\":\"ImageObject\",\"inLanguage\":\"hu\",\"@id\":\"https:\\\/\\\/dorogimedence.hu\\\/index.php\\\/2024\\\/11\\\/29\\\/a-szamos-ket-kategoriaban-is-jeleskedett-az-ev-szaloncukra-versenyen\\\/#primaryimage\",\"url\":\"https:\\\/\\\/dorogimedence.hu\\\/wp-content\\\/uploads\\\/2024\\\/11\\\/szamos.jpg\",\"contentUrl\":\"https:\\\/\\\/dorogimedence.hu\\\/wp-content\\\/uploads\\\/2024\\\/11\\\/szamos.jpg\",\"width\":1920,\"height\":970},{\"@type\":\"BreadcrumbList\",\"@id\":\"https:\\\/\\\/dorogimedence.hu\\\/index.php\\\/2024\\\/11\\\/29\\\/a-szamos-ket-kategoriaban-is-jeleskedett-az-ev-szaloncukra-versenyen\\\/#breadcrumb\",\"itemListElement\":[{\"@type\":\"ListItem\",\"position\":1,\"name\":\"Kezd\u0151lap\",\"item\":\"https:\\\/\\\/dorogimedence.hu\\\/\"},{\"@type\":\"ListItem\",\"position\":2,\"name\":\"A Szamos k\u00e9t kateg\u00f3ri\u00e1ban is jeleskedett Az \u00c9v Szaloncukra versenyen\"}]},{\"@type\":\"WebSite\",\"@id\":\"https:\\\/\\\/dorogimedence.hu\\\/#website\",\"url\":\"https:\\\/\\\/dorogimedence.hu\\\/\",\"name\":\"Dorogi-medence Region\u00e1lis H\u00edrport\u00e1l\",\"description\":\"Dorog, Keszt\u00f6lc, Le\u00e1nyv\u00e1r, Piliscs\u00e9v, Tokod, Tokodalt\u00e1r\u00f3, Csolnok, Esztergom-kertv\u00e1ros: h\u00edrek, programok\",\"publisher\":{\"@id\":\"https:\\\/\\\/dorogimedence.hu\\\/#organization\"},\"potentialAction\":[{\"@type\":\"SearchAction\",\"target\":{\"@type\":\"EntryPoint\",\"urlTemplate\":\"https:\\\/\\\/dorogimedence.hu\\\/?s={search_term_string}\"},\"query-input\":{\"@type\":\"PropertyValueSpecification\",\"valueRequired\":true,\"valueName\":\"search_term_string\"}}],\"inLanguage\":\"hu\"},{\"@type\":\"Organization\",\"@id\":\"https:\\\/\\\/dorogimedence.hu\\\/#organization\",\"name\":\"Dorogi-medence Region\u00e1lis H\u00edrport\u00e1l\",\"url\":\"https:\\\/\\\/dorogimedence.hu\\\/\",\"logo\":{\"@type\":\"ImageObject\",\"inLanguage\":\"hu\",\"@id\":\"https:\\\/\\\/dorogimedence.hu\\\/#\\\/schema\\\/logo\\\/image\\\/\",\"url\":\"https:\\\/\\\/dorogimedence.hu\\\/wp-content\\\/uploads\\\/2021\\\/04\\\/logo-feher-600.png\",\"contentUrl\":\"https:\\\/\\\/dorogimedence.hu\\\/wp-content\\\/uploads\\\/2021\\\/04\\\/logo-feher-600.png\",\"width\":600,\"height\":100,\"caption\":\"Dorogi-medence Region\u00e1lis H\u00edrport\u00e1l\"},\"image\":{\"@id\":\"https:\\\/\\\/dorogimedence.hu\\\/#\\\/schema\\\/logo\\\/image\\\/\"},\"sameAs\":[\"https:\\\/\\\/www.facebook.com\\\/dorogimedence\\\/\"]},{\"@type\":\"Person\",\"@id\":\"https:\\\/\\\/dorogimedence.hu\\\/#\\\/schema\\\/person\\\/ce6091eeb7e95ecdc87890d6aa8e0fd4\",\"name\":\"dorogimedence.hu\",\"image\":{\"@type\":\"ImageObject\",\"inLanguage\":\"hu\",\"@id\":\"\\\/\\\/www.gravatar.com\\\/avatar\\\/d8d45f8901aadff40a4af72c0b826f1d?s=96&#038;r=g&#038;d=mm\",\"url\":\"\\\/\\\/www.gravatar.com\\\/avatar\\\/d8d45f8901aadff40a4af72c0b826f1d?s=96&#038;r=g&#038;d=mm\",\"contentUrl\":\"\\\/\\\/www.gravatar.com\\\/avatar\\\/d8d45f8901aadff40a4af72c0b826f1d?s=96&#038;r=g&#038;d=mm\",\"caption\":\"dorogimedence.hu\"}}]}<\/script>\n<!-- \/ Yoast SEO plugin. -->","yoast_head_json":{"title":"A Szamos k\u00e9t kateg\u00f3ri\u00e1ban is jeleskedett Az \u00c9v Szaloncukra versenyen","robots":{"index":"index","follow":"follow","max-snippet":"max-snippet:-1","max-image-preview":"max-image-preview:large","max-video-preview":"max-video-preview:-1"},"canonical":"https:\/\/dorogimedence.hu\/index.php\/2024\/11\/29\/a-szamos-ket-kategoriaban-is-jeleskedett-az-ev-szaloncukra-versenyen\/","og_locale":"hu_HU","og_type":"article","og_title":"A Szamos k\u00e9t kateg\u00f3ri\u00e1ban is jeleskedett Az \u00c9v Szaloncukra versenyen","og_description":"Id\u00e9n m\u00e1r \u00f6t\u00f6dik alkalommal rendezt\u00e9k meg Az \u00c9v Szaloncukra versenyt, amin az \u00f6sszes hazai szaloncukrokat gy\u00e1rt\u00f3 cukr\u00e1szda \u00e9s gy\u00e1rt\u00f3 szaloncukrai ringbe sz\u00e1llhattak. A Szamos a Feketeribizli gy\u00fcm\u00f6lcszsel\u00e9 \u00e9tcsokol\u00e1d\u00e9val Az \u00e9v zsel\u00e9s szaloncukra 1. helyez\u00e9st \u00e9rt el, m\u00edg a M\u00e1lna gy\u00fcm\u00f6lcszsel\u00e9 \u00e9tcsokol\u00e1d\u00e9val Az \u00e9v zsel\u00e9s szaloncukra 2. helyezett lett. Az \u00c9v Szaloncukra d\u00edj mellett id\u00e9n is","og_url":"https:\/\/dorogimedence.hu\/index.php\/2024\/11\/29\/a-szamos-ket-kategoriaban-is-jeleskedett-az-ev-szaloncukra-versenyen\/","og_site_name":"Dorogi-medence Region\u00e1lis H\u00edrport\u00e1l","article_publisher":"https:\/\/www.facebook.com\/dorogimedence\/","article_published_time":"2024-11-29T09:47:04+00:00","og_image":[{"width":1920,"height":970,"url":"https:\/\/dorogimedence.hu\/wp-content\/uploads\/2024\/11\/szamos.jpg","type":"image\/jpeg"}],"author":"dorogimedence.hu","twitter_card":"summary_large_image","twitter_misc":{"Szerz\u0151:":"dorogimedence.hu","Becs\u00fclt olvas\u00e1si id\u0151":"5 perc"},"schema":{"@context":"https:\/\/schema.org","@graph":[{"@type":"Article","@id":"https:\/\/dorogimedence.hu\/index.php\/2024\/11\/29\/a-szamos-ket-kategoriaban-is-jeleskedett-az-ev-szaloncukra-versenyen\/#article","isPartOf":{"@id":"https:\/\/dorogimedence.hu\/index.php\/2024\/11\/29\/a-szamos-ket-kategoriaban-is-jeleskedett-az-ev-szaloncukra-versenyen\/"},"author":{"name":"dorogimedence.hu","@id":"https:\/\/dorogimedence.hu\/#\/schema\/person\/ce6091eeb7e95ecdc87890d6aa8e0fd4"},"headline":"A Szamos k\u00e9t kateg\u00f3ri\u00e1ban is jeleskedett Az \u00c9v Szaloncukra versenyen","datePublished":"2024-11-29T09:47:04+00:00","mainEntityOfPage":{"@id":"https:\/\/dorogimedence.hu\/index.php\/2024\/11\/29\/a-szamos-ket-kategoriaban-is-jeleskedett-az-ev-szaloncukra-versenyen\/"},"wordCount":1041,"publisher":{"@id":"https:\/\/dorogimedence.hu\/#organization"},"image":{"@id":"https:\/\/dorogimedence.hu\/index.php\/2024\/11\/29\/a-szamos-ket-kategoriaban-is-jeleskedett-az-ev-szaloncukra-versenyen\/#primaryimage"},"thumbnailUrl":"https:\/\/dorogimedence.hu\/wp-content\/uploads\/2024\/11\/szamos.jpg","keywords":["Az \u00e9v szaloncukra","szaloncukor","Szamos"],"articleSection":["H\u00edrek","Sz\u00ednes"],"inLanguage":"hu"},{"@type":"WebPage","@id":"https:\/\/dorogimedence.hu\/index.php\/2024\/11\/29\/a-szamos-ket-kategoriaban-is-jeleskedett-az-ev-szaloncukra-versenyen\/","url":"https:\/\/dorogimedence.hu\/index.php\/2024\/11\/29\/a-szamos-ket-kategoriaban-is-jeleskedett-az-ev-szaloncukra-versenyen\/","name":"A Szamos k\u00e9t kateg\u00f3ri\u00e1ban is jeleskedett Az \u00c9v Szaloncukra versenyen","isPartOf":{"@id":"https:\/\/dorogimedence.hu\/#website"},"primaryImageOfPage":{"@id":"https:\/\/dorogimedence.hu\/index.php\/2024\/11\/29\/a-szamos-ket-kategoriaban-is-jeleskedett-az-ev-szaloncukra-versenyen\/#primaryimage"},"image":{"@id":"https:\/\/dorogimedence.hu\/index.php\/2024\/11\/29\/a-szamos-ket-kategoriaban-is-jeleskedett-az-ev-szaloncukra-versenyen\/#primaryimage"},"thumbnailUrl":"https:\/\/dorogimedence.hu\/wp-content\/uploads\/2024\/11\/szamos.jpg","datePublished":"2024-11-29T09:47:04+00:00","breadcrumb":{"@id":"https:\/\/dorogimedence.hu\/index.php\/2024\/11\/29\/a-szamos-ket-kategoriaban-is-jeleskedett-az-ev-szaloncukra-versenyen\/#breadcrumb"},"inLanguage":"hu","potentialAction":[{"@type":"ReadAction","target":["https:\/\/dorogimedence.hu\/index.php\/2024\/11\/29\/a-szamos-ket-kategoriaban-is-jeleskedett-az-ev-szaloncukra-versenyen\/"]}]},{"@type":"ImageObject","inLanguage":"hu","@id":"https:\/\/dorogimedence.hu\/index.php\/2024\/11\/29\/a-szamos-ket-kategoriaban-is-jeleskedett-az-ev-szaloncukra-versenyen\/#primaryimage","url":"https:\/\/dorogimedence.hu\/wp-content\/uploads\/2024\/11\/szamos.jpg","contentUrl":"https:\/\/dorogimedence.hu\/wp-content\/uploads\/2024\/11\/szamos.jpg","width":1920,"height":970},{"@type":"BreadcrumbList","@id":"https:\/\/dorogimedence.hu\/index.php\/2024\/11\/29\/a-szamos-ket-kategoriaban-is-jeleskedett-az-ev-szaloncukra-versenyen\/#breadcrumb","itemListElement":[{"@type":"ListItem","position":1,"name":"Kezd\u0151lap","item":"https:\/\/dorogimedence.hu\/"},{"@type":"ListItem","position":2,"name":"A Szamos k\u00e9t kateg\u00f3ri\u00e1ban is jeleskedett Az \u00c9v Szaloncukra versenyen"}]},{"@type":"WebSite","@id":"https:\/\/dorogimedence.hu\/#website","url":"https:\/\/dorogimedence.hu\/","name":"Dorogi-medence Region\u00e1lis H\u00edrport\u00e1l","description":"Dorog, Keszt\u00f6lc, Le\u00e1nyv\u00e1r, Piliscs\u00e9v, Tokod, Tokodalt\u00e1r\u00f3, Csolnok, Esztergom-kertv\u00e1ros: h\u00edrek, programok","publisher":{"@id":"https:\/\/dorogimedence.hu\/#organization"},"potentialAction":[{"@type":"SearchAction","target":{"@type":"EntryPoint","urlTemplate":"https:\/\/dorogimedence.hu\/?s={search_term_string}"},"query-input":{"@type":"PropertyValueSpecification","valueRequired":true,"valueName":"search_term_string"}}],"inLanguage":"hu"},{"@type":"Organization","@id":"https:\/\/dorogimedence.hu\/#organization","name":"Dorogi-medence Region\u00e1lis H\u00edrport\u00e1l","url":"https:\/\/dorogimedence.hu\/","logo":{"@type":"ImageObject","inLanguage":"hu","@id":"https:\/\/dorogimedence.hu\/#\/schema\/logo\/image\/","url":"https:\/\/dorogimedence.hu\/wp-content\/uploads\/2021\/04\/logo-feher-600.png","contentUrl":"https:\/\/dorogimedence.hu\/wp-content\/uploads\/2021\/04\/logo-feher-600.png","width":600,"height":100,"caption":"Dorogi-medence Region\u00e1lis H\u00edrport\u00e1l"},"image":{"@id":"https:\/\/dorogimedence.hu\/#\/schema\/logo\/image\/"},"sameAs":["https:\/\/www.facebook.com\/dorogimedence\/"]},{"@type":"Person","@id":"https:\/\/dorogimedence.hu\/#\/schema\/person\/ce6091eeb7e95ecdc87890d6aa8e0fd4","name":"dorogimedence.hu","image":{"@type":"ImageObject","inLanguage":"hu","@id":"\/\/www.gravatar.com\/avatar\/d8d45f8901aadff40a4af72c0b826f1d?s=96&#038;r=g&#038;d=mm","url":"\/\/www.gravatar.com\/avatar\/d8d45f8901aadff40a4af72c0b826f1d?s=96&#038;r=g&#038;d=mm","contentUrl":"\/\/www.gravatar.com\/avatar\/d8d45f8901aadff40a4af72c0b826f1d?s=96&#038;r=g&#038;d=mm","caption":"dorogimedence.hu"}}]}},"_links":{"self":[{"href":"https:\/\/dorogimedence.hu\/index.php\/wp-json\/wp\/v2\/posts\/67178","targetHints":{"allow":["GET"]}}],"collection":[{"href":"https:\/\/dorogimedence.hu\/index.php\/wp-json\/wp\/v2\/posts"}],"about":[{"href":"https:\/\/dorogimedence.hu\/index.php\/wp-json\/wp\/v2\/types\/post"}],"author":[{"embeddable":true,"href":"https:\/\/dorogimedence.hu\/index.php\/wp-json\/wp\/v2\/users\/1"}],"replies":[{"embeddable":true,"href":"https:\/\/dorogimedence.hu\/index.php\/wp-json\/wp\/v2\/comments?post=67178"}],"version-history":[{"count":0,"href":"https:\/\/dorogimedence.hu\/index.php\/wp-json\/wp\/v2\/posts\/67178\/revisions"}],"wp:featuredmedia":[{"embeddable":true,"href":"https:\/\/dorogimedence.hu\/index.php\/wp-json\/wp\/v2\/media\/67179"}],"wp:attachment":[{"href":"https:\/\/dorogimedence.hu\/index.php\/wp-json\/wp\/v2\/media?parent=67178"}],"wp:term":[{"taxonomy":"category","embeddable":true,"href":"https:\/\/dorogimedence.hu\/index.php\/wp-json\/wp\/v2\/categories?post=67178"},{"taxonomy":"post_tag","embeddable":true,"href":"https:\/\/dorogimedence.hu\/index.php\/wp-json\/wp\/v2\/tags?post=67178"}],"curies":[{"name":"wp","href":"https:\/\/api.w.org\/{rel}","templated":true}]}}