{"id":67130,"date":"2024-11-27T17:13:50","date_gmt":"2024-11-27T16:13:50","guid":{"rendered":"https:\/\/dorogimedence.hu\/?p=67130"},"modified":"2024-12-04T13:03:11","modified_gmt":"2024-12-04T12:03:11","slug":"huszonnyolc-ferohelyes-bolcsodet-epitettek-tokod-uveggyarban","status":"publish","type":"post","link":"https:\/\/dorogimedence.hu\/index.php\/2024\/11\/27\/huszonnyolc-ferohelyes-bolcsodet-epitettek-tokod-uveggyarban\/","title":{"rendered":"Huszonnyolc f\u00e9r\u0151helyes b\u00f6lcs\u0151d\u00e9t \u00e9p\u00edtettek Tokod-\u00dcveggy\u00e1rban"},"content":{"rendered":"<p><strong>November 27-\u00e9n adt\u00e1k \u00e1t az \u00fajonnan \u00e9p\u00edtett Mesev\u00e1r B\u00f6lcs\u0151d\u00e9t, amely a 2019-ben \u00e1tadott Mesev\u00e1r \u00d3voda mellett kapott helyet.<\/strong><\/p>\n<p>A Helyre\u00e1ll\u00edt\u00e1si \u00e9s Ellen\u00e1ll\u00f3k\u00e9pess\u00e9gi Eszk\u00f6z programban megval\u00f3s\u00edtott RRF-1.1.2-21-2022-00086 azonos\u00edt\u00f3sz\u00e1m\u00fa projekt keret\u00e9ben a megl\u00e9v\u0151 \u00f3voda\u00e9p\u00fclet szomsz\u00e9ds\u00e1g\u00e1ban egy \u00f6sszesen 28 f\u00e9r\u0151helyes, 2 csoportos b\u00f6lcs\u0151de l\u00e9tes\u00fclt Tokod-\u00dcveggy\u00e1r telep\u00fcl\u00e9sr\u00e9szen 419,99 milli\u00f3 forint eur\u00f3pai uni\u00f3s t\u00e1mogat\u00e1s seg\u00edts\u00e9g\u00e9vel.<\/p>\n<p><img fetchpriority=\"high\" decoding=\"async\" class=\"alignnone size-full wp-image-67133\" src=\"https:\/\/dorogimedence.hu\/wp-content\/uploads\/2024\/11\/IMG_0205.jpg\" alt=\"\" width=\"1920\" height=\"1280\" srcset=\"https:\/\/dorogimedence.hu\/wp-content\/uploads\/2024\/11\/IMG_0205.jpg 1920w, https:\/\/dorogimedence.hu\/wp-content\/uploads\/2024\/11\/IMG_0205-600x400.jpg 600w, https:\/\/dorogimedence.hu\/wp-content\/uploads\/2024\/11\/IMG_0205-768x512.jpg 768w, https:\/\/dorogimedence.hu\/wp-content\/uploads\/2024\/11\/IMG_0205-1536x1024.jpg 1536w, https:\/\/dorogimedence.hu\/wp-content\/uploads\/2024\/11\/IMG_0205-150x100.jpg 150w, https:\/\/dorogimedence.hu\/wp-content\/uploads\/2024\/11\/IMG_0205-450x300.jpg 450w, https:\/\/dorogimedence.hu\/wp-content\/uploads\/2024\/11\/IMG_0205-1200x800.jpg 1200w, https:\/\/dorogimedence.hu\/wp-content\/uploads\/2024\/11\/IMG_0205-272x182.jpg 272w\" sizes=\"(max-width: 1920px) 100vw, 1920px\" \/><\/p>\n<p>A Mesev\u00e1r \u00d3voda \u00e9s Mini B\u00f6lcs\u0151de \u00faj telephelyek\u00e9nt l\u00e9trej\u00f6tt int\u00e9zm\u00e9ny 250 n\u00e9gyzetm\u00e9ter hasznos alapter\u00fclettel rendelkezik. A tervez\u00e9skor \u00e9s a k\u00e9s\u0151bbi kivitelez\u00e9sekor az energiahat\u00e9konys\u00e1g fontos szempont volt, a meg\u00fajul\u00f3 energiaforr\u00e1soknak k\u00f6sz\u00f6nhet\u0151en, illetve a k\u00f6rnyezettudatos m\u0171szaki megold\u00e1sok r\u00e9v\u00e9n az \u00faj b\u00f6lcs\u0151de fenntart\u00e1si k\u00f6lts\u00e9gei hossz\u00fat\u00e1von is alacsonyak lehetnek.<\/p>\n<p><img decoding=\"async\" class=\"alignnone size-full wp-image-67134\" src=\"https:\/\/dorogimedence.hu\/wp-content\/uploads\/2024\/11\/IMG_0201.jpg\" alt=\"\" width=\"1920\" height=\"1280\" srcset=\"https:\/\/dorogimedence.hu\/wp-content\/uploads\/2024\/11\/IMG_0201.jpg 1920w, https:\/\/dorogimedence.hu\/wp-content\/uploads\/2024\/11\/IMG_0201-600x400.jpg 600w, https:\/\/dorogimedence.hu\/wp-content\/uploads\/2024\/11\/IMG_0201-768x512.jpg 768w, https:\/\/dorogimedence.hu\/wp-content\/uploads\/2024\/11\/IMG_0201-1536x1024.jpg 1536w, https:\/\/dorogimedence.hu\/wp-content\/uploads\/2024\/11\/IMG_0201-150x100.jpg 150w, https:\/\/dorogimedence.hu\/wp-content\/uploads\/2024\/11\/IMG_0201-450x300.jpg 450w, https:\/\/dorogimedence.hu\/wp-content\/uploads\/2024\/11\/IMG_0201-1200x800.jpg 1200w, https:\/\/dorogimedence.hu\/wp-content\/uploads\/2024\/11\/IMG_0201-272x182.jpg 272w\" sizes=\"(max-width: 1920px) 100vw, 1920px\" \/><\/p>\n<p>A projekt sor\u00e1n fontos elv\u00e1r\u00e1s volt az is, hogy az energiahat\u00e9kony \u00e9p\u00fclet a telep\u00fcl\u00e9sk\u00e9pbe is illeszkedjen. A b\u00f6lcs\u0151de meg\u00e9p\u00edt\u00e9s\u00e9hez kapcsol\u00f3dva 6 darab parkol\u00f3hely is l\u00e9tes\u00fclt, melyb\u0151l egy akad\u00e1lymentes\u00edtett. A mozg\u00e1skorl\u00e1tozott szem\u00e9lyekre val\u00f3 tekintettel a b\u00f6lcs\u0151de rendelkezik akad\u00e1lymentes\u00edtett mosd\u00f3val is, tov\u00e1bb\u00e1 egy\u00e9b, az \u00e9p\u00fclet komplex akad\u00e1lymentes\u00edt\u00e9s\u00e9t szolg\u00e1l\u00f3 tev\u00e9kenys\u00e9gek is megval\u00f3sulnak. A b\u00f6lcs\u0151d\u00e9hez egy udvari j\u00e1t\u00e9kokkal ell\u00e1tott j\u00e1tsz\u00f3kert is tartozik, az ehhez kapcsol\u00f3d\u00f3 k\u00f6rnyezet kialak\u00edt\u00e1sa \u00e9rdek\u00e9ben \u0151shonos n\u00f6v\u00e9nyfajokat telep\u00edtettek. Az int\u00e9zm\u00e9ny rendelkezik babakocsi- \u00e9s ker\u00e9kp\u00e1rt\u00e1rol\u00f3val is, t\u00e1lal\u00f3konyha is l\u00e9tes\u00fclt, a kivitelez\u00e9s mellett az elnyert t\u00e1mogat\u00e1sb\u00f3l a sz\u00fcks\u00e9ges modern eszk\u00f6z\u00f6k beszerz\u00e9se is megt\u00f6rt\u00e9nt.<\/p>\n<p><img decoding=\"async\" class=\"alignnone size-full wp-image-67132\" src=\"https:\/\/dorogimedence.hu\/wp-content\/uploads\/2024\/11\/IMG_0198.jpg\" alt=\"\" width=\"1920\" height=\"1280\" srcset=\"https:\/\/dorogimedence.hu\/wp-content\/uploads\/2024\/11\/IMG_0198.jpg 1920w, https:\/\/dorogimedence.hu\/wp-content\/uploads\/2024\/11\/IMG_0198-600x400.jpg 600w, https:\/\/dorogimedence.hu\/wp-content\/uploads\/2024\/11\/IMG_0198-768x512.jpg 768w, https:\/\/dorogimedence.hu\/wp-content\/uploads\/2024\/11\/IMG_0198-1536x1024.jpg 1536w, https:\/\/dorogimedence.hu\/wp-content\/uploads\/2024\/11\/IMG_0198-150x100.jpg 150w, https:\/\/dorogimedence.hu\/wp-content\/uploads\/2024\/11\/IMG_0198-450x300.jpg 450w, https:\/\/dorogimedence.hu\/wp-content\/uploads\/2024\/11\/IMG_0198-1200x800.jpg 1200w, https:\/\/dorogimedence.hu\/wp-content\/uploads\/2024\/11\/IMG_0198-272x182.jpg 272w\" sizes=\"(max-width: 1920px) 100vw, 1920px\" \/><\/p>\n<p>Az \u00e1tad\u00f3 \u00fcnneps\u00e9gen <strong>B\u00e1nhidi L\u00e1szl\u00f3, Tokod polg\u00e1rmestere<\/strong> k\u00f6sz\u00f6nt\u00f6tte a sz\u00e9p sz\u00e1m\u00fa megjelenteket. \u201eEz a mai nap nem csup\u00e1n az \u00e9p\u00fclet falainak birtokbav\u00e9tel\u00e9t jelenti, hanem sokkal ink\u00e1bb egy \u00faj kezdetet, amely j\u00f6v\u0151nk szempontj\u00e1b\u00f3l elengedhetetlen\u00fcl fontos \u00e9rt\u00e9keket hozhat. Ez a b\u00f6lcs\u0151de sz\u00e1munkra nem kiz\u00e1r\u00f3lag egy \u00faj helysz\u00edn, egy \u00faj \u00e9p\u00edtm\u00e9ny, hanem a k\u00f6z\u00f6ss\u00e9g\u00fcnk sz\u00edve is, amit nagy szeretettel hoztunk l\u00e9tre.\u201d \u2013 mondta a polg\u00e1rmester, majd hozz\u00e1tette: \u201eAz itt dolgoz\u00f3 pedag\u00f3gus \u00e9s szakember koll\u00e9gan\u0151im \u00e9s koll\u00e9g\u00e1im mindent meg fognak tenni annak \u00e9rdek\u00e9ben, hogy telep\u00fcl\u00e9s\u00fcnk legifjabb lak\u00f3i a lehet\u0151 legjobb k\u00f6rnyezetben tanuljanak, fejl\u0151djenek, \u00e9s tal\u00e1n, ami a legfontosabb, hogy boldogan \u00e9lhess\u00e9k meg mindennapjaikat.\u201d Ezut\u00e1n B\u00e1nhidi L\u00e1szl\u00f3 megk\u00f6sz\u00f6nte mindenkinek a munk\u00e1j\u00e1t, aki r\u00e9szt vett a beruh\u00e1z\u00e1sban, majd Konfuciusz id\u00e9zet\u00e9vel z\u00e1rta szavait: \u201eHa egy \u00e9vre tervezel \u00fcltess rizst, ha 10 \u00e9vre tervezel \u00fcltess f\u00e1t, ha 100 \u00e9vre tervezel, oktasd \u00e9s neveld a gyerekeket.\u201d<\/p>\n<p><img loading=\"lazy\" decoding=\"async\" class=\"alignnone size-full wp-image-67135\" src=\"https:\/\/dorogimedence.hu\/wp-content\/uploads\/2024\/11\/IMG_0244.jpg\" alt=\"\" width=\"1920\" height=\"1280\" srcset=\"https:\/\/dorogimedence.hu\/wp-content\/uploads\/2024\/11\/IMG_0244.jpg 1920w, https:\/\/dorogimedence.hu\/wp-content\/uploads\/2024\/11\/IMG_0244-600x400.jpg 600w, https:\/\/dorogimedence.hu\/wp-content\/uploads\/2024\/11\/IMG_0244-768x512.jpg 768w, https:\/\/dorogimedence.hu\/wp-content\/uploads\/2024\/11\/IMG_0244-1536x1024.jpg 1536w, https:\/\/dorogimedence.hu\/wp-content\/uploads\/2024\/11\/IMG_0244-150x100.jpg 150w, https:\/\/dorogimedence.hu\/wp-content\/uploads\/2024\/11\/IMG_0244-450x300.jpg 450w, https:\/\/dorogimedence.hu\/wp-content\/uploads\/2024\/11\/IMG_0244-1200x800.jpg 1200w, https:\/\/dorogimedence.hu\/wp-content\/uploads\/2024\/11\/IMG_0244-272x182.jpg 272w\" sizes=\"(max-width: 1920px) 100vw, 1920px\" \/><\/p>\n<p>\u201eEz az \u00e9p\u00fclet nem csup\u00e1n egy \u00e9p\u00fclet, ez a kis lurk\u00f3knak a j\u00f6v\u0151. Mindig azt szoktam mondani, hogy a gyerekek a legt\u00f6bb idej\u00fcket abban az int\u00e9zm\u00e9nyben t\u00f6ltik, ahov\u00e1 a sz\u00fcleik biztons\u00e1ggal beadt\u00e1k \u0151ket\u201d \u2013 mondta <strong>Er\u0151s G\u00e1bor, a t\u00e9rs\u00e9g orsz\u00e1ggy\u0171l\u00e9si k\u00e9pvisel\u0151je<\/strong>, majd kiemelte, hogy erre az \u00e9p\u00fcletre igaz\u00e1n b\u00fcszk\u00e9k lehet\u00fcnk, hiszen ebben az \u00e9vben Kom\u00e1rom-Esztergom v\u00e1rmegy\u00e9ben az \u00c9v h\u00e1za lesz. \u201e\u00c9n b\u00edzok abban, hogy ha egy \u00e9p\u00fclet meg\u00e9p\u00fcl, az csak egy r\u00e9sze. Az igazi \u00e9let most fog kezd\u0151dni. \u00c9s az nem m\u00e1s, mint a gyerekek zsivaja.\u201d \u2013 ezekkel a szavakkal z\u00e1rta gondolatait a k\u00e9pvisel\u0151.<\/p>\n<p><img loading=\"lazy\" decoding=\"async\" class=\"alignnone size-full wp-image-67136\" src=\"https:\/\/dorogimedence.hu\/wp-content\/uploads\/2024\/11\/IMG_0273.jpg\" alt=\"\" width=\"1920\" height=\"1280\" srcset=\"https:\/\/dorogimedence.hu\/wp-content\/uploads\/2024\/11\/IMG_0273.jpg 1920w, https:\/\/dorogimedence.hu\/wp-content\/uploads\/2024\/11\/IMG_0273-600x400.jpg 600w, https:\/\/dorogimedence.hu\/wp-content\/uploads\/2024\/11\/IMG_0273-768x512.jpg 768w, https:\/\/dorogimedence.hu\/wp-content\/uploads\/2024\/11\/IMG_0273-1536x1024.jpg 1536w, https:\/\/dorogimedence.hu\/wp-content\/uploads\/2024\/11\/IMG_0273-150x100.jpg 150w, https:\/\/dorogimedence.hu\/wp-content\/uploads\/2024\/11\/IMG_0273-450x300.jpg 450w, https:\/\/dorogimedence.hu\/wp-content\/uploads\/2024\/11\/IMG_0273-1200x800.jpg 1200w, https:\/\/dorogimedence.hu\/wp-content\/uploads\/2024\/11\/IMG_0273-272x182.jpg 272w\" sizes=\"(max-width: 1920px) 100vw, 1920px\" \/><\/p>\n<p>Harmadikk\u00e9nt <strong>Aknain\u00e9 Sz\u00f3da Krisztina, az int\u00e9zm\u00e9ny f\u0151igazgat\u00f3ja<\/strong> j\u00e1rult a mikrofonokhoz, aki elmondta, hogy k\u00fcl\u00f6n\u00f6s jelent\u0151s\u00e9ggel b\u00edr sz\u00e1m\u00e1ra ez a nap, hiszen a vend\u00e9gek k\u00f6z\u00f6tt k\u00f6sz\u00f6ntheti \u00e9desanyj\u00e1t, aki 28 \u00e9vvel ezel\u0151tt, 1986-ban Tokod faluban adhatta \u00e1t ennek a b\u00f6lcs\u0151d\u00e9nek a sz\u00e9khelyint\u00e9zm\u00e9ny\u00e9t, az \u00f3vod\u00e1t. \u201eMost, 2024-ben itt \u00e1llhatok, abban a kiv\u00e9teles helyzetben vagyok, igaz, nem k\u00f6zvetlen ut\u00f3djak\u00e9nt, de b\u0151v\u00edthetem munk\u00e1j\u00e1t, \u00e9s ugyanazzal az elk\u00f6telezetts\u00e9ggel adhatom \u00e1t az \u00f3vod\u00e1hoz tartoz\u00f3 korszer\u0171 \u00e9s modern b\u00f6lcs\u0151d\u00e9t.\u201d \u2013 jegyezte meg az int\u00e9zm\u00e9nyvezet\u0151 asszony, majd kiemelte, hogy ez az \u00faj b\u00f6lcs\u0151de nem csak egy modern \u00e9p\u00fclet, hanem egy olyan hely, amely a legkisebbek fejl\u0151d\u00e9s\u00e9t, a csal\u00e1dok t\u00e1mogat\u00e1s\u00e1t \u00e9s a k\u00f6z\u00f6ss\u00e9g j\u00f6v\u0151j\u00e9t szolg\u00e1lja.\u201d<\/p>\n<p><img loading=\"lazy\" decoding=\"async\" class=\"alignnone size-full wp-image-67137\" src=\"https:\/\/dorogimedence.hu\/wp-content\/uploads\/2024\/11\/IMG_0303.jpg\" alt=\"\" width=\"1920\" height=\"1280\" srcset=\"https:\/\/dorogimedence.hu\/wp-content\/uploads\/2024\/11\/IMG_0303.jpg 1920w, https:\/\/dorogimedence.hu\/wp-content\/uploads\/2024\/11\/IMG_0303-600x400.jpg 600w, https:\/\/dorogimedence.hu\/wp-content\/uploads\/2024\/11\/IMG_0303-768x512.jpg 768w, https:\/\/dorogimedence.hu\/wp-content\/uploads\/2024\/11\/IMG_0303-1536x1024.jpg 1536w, https:\/\/dorogimedence.hu\/wp-content\/uploads\/2024\/11\/IMG_0303-150x100.jpg 150w, https:\/\/dorogimedence.hu\/wp-content\/uploads\/2024\/11\/IMG_0303-450x300.jpg 450w, https:\/\/dorogimedence.hu\/wp-content\/uploads\/2024\/11\/IMG_0303-1200x800.jpg 1200w, https:\/\/dorogimedence.hu\/wp-content\/uploads\/2024\/11\/IMG_0303-272x182.jpg 272w\" sizes=\"(max-width: 1920px) 100vw, 1920px\" \/><\/p>\n<p>A besz\u00e9dek ut\u00e1n a jelenl\u00e9v\u0151k a tokodi \u00f3vod\u00e1sok m\u0171sor\u00e1t tekinthett\u00e9k meg, majd Sz\u0151cs L\u00e1szl\u00f3 atya meg\u00e1ldotta az int\u00e9zm\u00e9nyt. Ezut\u00e1n eml\u00e9kplaketteket adtak \u00e1t azoknak, akik r\u00e9szt vettek a beruh\u00e1z\u00e1sban, v\u00e9g\u00fcl pedig \u00e1tv\u00e1gt\u00e1k a nemzeti sz\u00edn\u0171 szalagot is. Az \u00fcnneps\u00e9g tov\u00e1bbi r\u00e9sz\u00e9ben Dank\u00f3 Krist\u00f3f, az \u00e9p\u00fclet tervez\u0151je mutatta be a helyis\u00e9geket, akit\u0151l az \u00e9rdekl\u0151d\u0151k az \u00e1ll\u00f3fogad\u00e1s sor\u00e1n is k\u00e9rdezhettek.<\/p>\n<p><img loading=\"lazy\" decoding=\"async\" class=\"alignnone size-full wp-image-67138\" src=\"https:\/\/dorogimedence.hu\/wp-content\/uploads\/2024\/11\/IMG_0323.jpg\" alt=\"\" width=\"1920\" height=\"1280\" srcset=\"https:\/\/dorogimedence.hu\/wp-content\/uploads\/2024\/11\/IMG_0323.jpg 1920w, https:\/\/dorogimedence.hu\/wp-content\/uploads\/2024\/11\/IMG_0323-600x400.jpg 600w, https:\/\/dorogimedence.hu\/wp-content\/uploads\/2024\/11\/IMG_0323-768x512.jpg 768w, https:\/\/dorogimedence.hu\/wp-content\/uploads\/2024\/11\/IMG_0323-1536x1024.jpg 1536w, https:\/\/dorogimedence.hu\/wp-content\/uploads\/2024\/11\/IMG_0323-150x100.jpg 150w, https:\/\/dorogimedence.hu\/wp-content\/uploads\/2024\/11\/IMG_0323-450x300.jpg 450w, https:\/\/dorogimedence.hu\/wp-content\/uploads\/2024\/11\/IMG_0323-1200x800.jpg 1200w, https:\/\/dorogimedence.hu\/wp-content\/uploads\/2024\/11\/IMG_0323-272x182.jpg 272w\" sizes=\"(max-width: 1920px) 100vw, 1920px\" \/> <img loading=\"lazy\" decoding=\"async\" class=\"alignnone size-full wp-image-67139\" src=\"https:\/\/dorogimedence.hu\/wp-content\/uploads\/2024\/11\/IMG_0352.jpg\" alt=\"\" width=\"1920\" height=\"1280\" srcset=\"https:\/\/dorogimedence.hu\/wp-content\/uploads\/2024\/11\/IMG_0352.jpg 1920w, https:\/\/dorogimedence.hu\/wp-content\/uploads\/2024\/11\/IMG_0352-600x400.jpg 600w, https:\/\/dorogimedence.hu\/wp-content\/uploads\/2024\/11\/IMG_0352-768x512.jpg 768w, https:\/\/dorogimedence.hu\/wp-content\/uploads\/2024\/11\/IMG_0352-1536x1024.jpg 1536w, https:\/\/dorogimedence.hu\/wp-content\/uploads\/2024\/11\/IMG_0352-150x100.jpg 150w, https:\/\/dorogimedence.hu\/wp-content\/uploads\/2024\/11\/IMG_0352-450x300.jpg 450w, https:\/\/dorogimedence.hu\/wp-content\/uploads\/2024\/11\/IMG_0352-1200x800.jpg 1200w, https:\/\/dorogimedence.hu\/wp-content\/uploads\/2024\/11\/IMG_0352-272x182.jpg 272w\" sizes=\"(max-width: 1920px) 100vw, 1920px\" \/> <img loading=\"lazy\" decoding=\"async\" class=\"alignnone size-full wp-image-67140\" src=\"https:\/\/dorogimedence.hu\/wp-content\/uploads\/2024\/11\/IMG_0377.jpg\" alt=\"\" width=\"1920\" height=\"1280\" srcset=\"https:\/\/dorogimedence.hu\/wp-content\/uploads\/2024\/11\/IMG_0377.jpg 1920w, https:\/\/dorogimedence.hu\/wp-content\/uploads\/2024\/11\/IMG_0377-600x400.jpg 600w, https:\/\/dorogimedence.hu\/wp-content\/uploads\/2024\/11\/IMG_0377-768x512.jpg 768w, https:\/\/dorogimedence.hu\/wp-content\/uploads\/2024\/11\/IMG_0377-1536x1024.jpg 1536w, https:\/\/dorogimedence.hu\/wp-content\/uploads\/2024\/11\/IMG_0377-150x100.jpg 150w, https:\/\/dorogimedence.hu\/wp-content\/uploads\/2024\/11\/IMG_0377-450x300.jpg 450w, https:\/\/dorogimedence.hu\/wp-content\/uploads\/2024\/11\/IMG_0377-1200x800.jpg 1200w, https:\/\/dorogimedence.hu\/wp-content\/uploads\/2024\/11\/IMG_0377-272x182.jpg 272w\" sizes=\"(max-width: 1920px) 100vw, 1920px\" \/><\/p>\n","protected":false},"excerpt":{"rendered":"<p>November 27-\u00e9n adt\u00e1k \u00e1t az \u00fajonnan \u00e9p\u00edtett Mesev\u00e1r B\u00f6lcs\u0151d\u00e9t, amely a 2019-ben \u00e1tadott Mesev\u00e1r \u00d3voda mellett kapott helyet. A Helyre\u00e1ll\u00edt\u00e1si \u00e9s Ellen\u00e1ll\u00f3k\u00e9pess\u00e9gi Eszk\u00f6z programban megval\u00f3s\u00edtott RRF-1.1.2-21-2022-00086 azonos\u00edt\u00f3sz\u00e1m\u00fa projekt keret\u00e9ben a megl\u00e9v\u0151 \u00f3voda\u00e9p\u00fclet szomsz\u00e9ds\u00e1g\u00e1ban egy \u00f6sszesen 28 f\u00e9r\u0151helyes, 2 csoportos b\u00f6lcs\u0151de l\u00e9tes\u00fclt Tokod-\u00dcveggy\u00e1r telep\u00fcl\u00e9sr\u00e9szen 419,99 milli\u00f3 forint eur\u00f3pai uni\u00f3s t\u00e1mogat\u00e1s seg\u00edts\u00e9g\u00e9vel. A Mesev\u00e1r \u00d3voda \u00e9s Mini<\/p>\n","protected":false},"author":1,"featured_media":67131,"comment_status":"closed","ping_status":"closed","sticky":false,"template":"","format":"standard","meta":{"ngg_post_thumbnail":0,"footnotes":""},"categories":[3,6],"tags":[2367,724,183,5624,8130,12,1466],"class_list":{"0":"post-67130","1":"post","2":"type-post","3":"status-publish","4":"format-standard","5":"has-post-thumbnail","7":"category-hirek","8":"category-tokod","9":"tag-atado-unnepseg","10":"tag-beruhazas","11":"tag-bolcsode","12":"tag-featured","13":"tag-mesevar-bolcsode","14":"tag-tokod","15":"tag-tokod-uveggyar"},"yoast_head":"<!-- This site is optimized with the Yoast SEO plugin v27.5 - https:\/\/yoast.com\/product\/yoast-seo-wordpress\/ -->\n<title>Huszonnyolc f\u00e9r\u0151helyes b\u00f6lcs\u0151d\u00e9t \u00e9p\u00edtettek Tokod-\u00dcveggy\u00e1rban<\/title>\n<meta name=\"robots\" content=\"index, follow, max-snippet:-1, max-image-preview:large, max-video-preview:-1\" \/>\n<link rel=\"canonical\" href=\"https:\/\/dorogimedence.hu\/index.php\/2024\/11\/27\/huszonnyolc-ferohelyes-bolcsodet-epitettek-tokod-uveggyarban\/\" class=\"yoast-seo-meta-tag\" \/>\n<meta property=\"og:locale\" content=\"hu_HU\" class=\"yoast-seo-meta-tag\" \/>\n<meta property=\"og:type\" content=\"article\" class=\"yoast-seo-meta-tag\" \/>\n<meta property=\"og:title\" content=\"Huszonnyolc f\u00e9r\u0151helyes b\u00f6lcs\u0151d\u00e9t \u00e9p\u00edtettek Tokod-\u00dcveggy\u00e1rban\" class=\"yoast-seo-meta-tag\" \/>\n<meta property=\"og:description\" content=\"November 27-\u00e9n adt\u00e1k \u00e1t az \u00fajonnan \u00e9p\u00edtett Mesev\u00e1r B\u00f6lcs\u0151d\u00e9t, amely a 2019-ben \u00e1tadott Mesev\u00e1r \u00d3voda mellett kapott helyet. A Helyre\u00e1ll\u00edt\u00e1si \u00e9s Ellen\u00e1ll\u00f3k\u00e9pess\u00e9gi Eszk\u00f6z programban megval\u00f3s\u00edtott RRF-1.1.2-21-2022-00086 azonos\u00edt\u00f3sz\u00e1m\u00fa projekt keret\u00e9ben a megl\u00e9v\u0151 \u00f3voda\u00e9p\u00fclet szomsz\u00e9ds\u00e1g\u00e1ban egy \u00f6sszesen 28 f\u00e9r\u0151helyes, 2 csoportos b\u00f6lcs\u0151de l\u00e9tes\u00fclt Tokod-\u00dcveggy\u00e1r telep\u00fcl\u00e9sr\u00e9szen 419,99 milli\u00f3 forint eur\u00f3pai uni\u00f3s t\u00e1mogat\u00e1s seg\u00edts\u00e9g\u00e9vel. A Mesev\u00e1r \u00d3voda \u00e9s Mini\" class=\"yoast-seo-meta-tag\" \/>\n<meta property=\"og:url\" content=\"https:\/\/dorogimedence.hu\/index.php\/2024\/11\/27\/huszonnyolc-ferohelyes-bolcsodet-epitettek-tokod-uveggyarban\/\" class=\"yoast-seo-meta-tag\" \/>\n<meta property=\"og:site_name\" content=\"Dorogi-medence Region\u00e1lis H\u00edrport\u00e1l\" class=\"yoast-seo-meta-tag\" \/>\n<meta property=\"article:publisher\" content=\"https:\/\/www.facebook.com\/dorogimedence\/\" class=\"yoast-seo-meta-tag\" \/>\n<meta property=\"article:published_time\" content=\"2024-11-27T16:13:50+00:00\" class=\"yoast-seo-meta-tag\" \/>\n<meta property=\"article:modified_time\" content=\"2024-12-04T12:03:11+00:00\" class=\"yoast-seo-meta-tag\" \/>\n<meta property=\"og:image\" content=\"https:\/\/dorogimedence.hu\/wp-content\/uploads\/2024\/11\/IMG_0194.jpg\" class=\"yoast-seo-meta-tag\" \/>\n\t<meta property=\"og:image:width\" content=\"1920\" class=\"yoast-seo-meta-tag\" \/>\n\t<meta property=\"og:image:height\" content=\"1280\" class=\"yoast-seo-meta-tag\" \/>\n\t<meta property=\"og:image:type\" content=\"image\/jpeg\" class=\"yoast-seo-meta-tag\" \/>\n<meta name=\"author\" content=\"dorogimedence.hu\" class=\"yoast-seo-meta-tag\" \/>\n<meta name=\"twitter:card\" content=\"summary_large_image\" class=\"yoast-seo-meta-tag\" \/>\n<meta name=\"twitter:label1\" content=\"Szerz\u0151:\" class=\"yoast-seo-meta-tag\" \/>\n\t<meta name=\"twitter:data1\" content=\"dorogimedence.hu\" class=\"yoast-seo-meta-tag\" \/>\n\t<meta name=\"twitter:label2\" content=\"Becs\u00fclt olvas\u00e1si id\u0151\" class=\"yoast-seo-meta-tag\" \/>\n\t<meta name=\"twitter:data2\" content=\"5 perc\" class=\"yoast-seo-meta-tag\" \/>\n<script type=\"application\/ld+json\" class=\"yoast-schema-graph\">{\"@context\":\"https:\\\/\\\/schema.org\",\"@graph\":[{\"@type\":\"Article\",\"@id\":\"https:\\\/\\\/dorogimedence.hu\\\/index.php\\\/2024\\\/11\\\/27\\\/huszonnyolc-ferohelyes-bolcsodet-epitettek-tokod-uveggyarban\\\/#article\",\"isPartOf\":{\"@id\":\"https:\\\/\\\/dorogimedence.hu\\\/index.php\\\/2024\\\/11\\\/27\\\/huszonnyolc-ferohelyes-bolcsodet-epitettek-tokod-uveggyarban\\\/\"},\"author\":{\"name\":\"dorogimedence.hu\",\"@id\":\"https:\\\/\\\/dorogimedence.hu\\\/#\\\/schema\\\/person\\\/ce6091eeb7e95ecdc87890d6aa8e0fd4\"},\"headline\":\"Huszonnyolc f\u00e9r\u0151helyes b\u00f6lcs\u0151d\u00e9t \u00e9p\u00edtettek Tokod-\u00dcveggy\u00e1rban\",\"datePublished\":\"2024-11-27T16:13:50+00:00\",\"dateModified\":\"2024-12-04T12:03:11+00:00\",\"mainEntityOfPage\":{\"@id\":\"https:\\\/\\\/dorogimedence.hu\\\/index.php\\\/2024\\\/11\\\/27\\\/huszonnyolc-ferohelyes-bolcsodet-epitettek-tokod-uveggyarban\\\/\"},\"wordCount\":944,\"publisher\":{\"@id\":\"https:\\\/\\\/dorogimedence.hu\\\/#organization\"},\"image\":{\"@id\":\"https:\\\/\\\/dorogimedence.hu\\\/index.php\\\/2024\\\/11\\\/27\\\/huszonnyolc-ferohelyes-bolcsodet-epitettek-tokod-uveggyarban\\\/#primaryimage\"},\"thumbnailUrl\":\"https:\\\/\\\/dorogimedence.hu\\\/wp-content\\\/uploads\\\/2024\\\/11\\\/IMG_0194.jpg\",\"keywords\":[\"\u00e1tad\u00f3 \u00fcnneps\u00e9g\",\"beruh\u00e1z\u00e1s\",\"b\u00f6lcs\u00f6de\",\"featured\",\"Mesev\u00e1r B\u00f6lcs\u0151de\",\"Tokod\",\"Tokod-\u00dcveggy\u00e1r\"],\"articleSection\":[\"H\u00edrek\",\"Tokod\"],\"inLanguage\":\"hu\"},{\"@type\":\"WebPage\",\"@id\":\"https:\\\/\\\/dorogimedence.hu\\\/index.php\\\/2024\\\/11\\\/27\\\/huszonnyolc-ferohelyes-bolcsodet-epitettek-tokod-uveggyarban\\\/\",\"url\":\"https:\\\/\\\/dorogimedence.hu\\\/index.php\\\/2024\\\/11\\\/27\\\/huszonnyolc-ferohelyes-bolcsodet-epitettek-tokod-uveggyarban\\\/\",\"name\":\"Huszonnyolc f\u00e9r\u0151helyes b\u00f6lcs\u0151d\u00e9t \u00e9p\u00edtettek Tokod-\u00dcveggy\u00e1rban\",\"isPartOf\":{\"@id\":\"https:\\\/\\\/dorogimedence.hu\\\/#website\"},\"primaryImageOfPage\":{\"@id\":\"https:\\\/\\\/dorogimedence.hu\\\/index.php\\\/2024\\\/11\\\/27\\\/huszonnyolc-ferohelyes-bolcsodet-epitettek-tokod-uveggyarban\\\/#primaryimage\"},\"image\":{\"@id\":\"https:\\\/\\\/dorogimedence.hu\\\/index.php\\\/2024\\\/11\\\/27\\\/huszonnyolc-ferohelyes-bolcsodet-epitettek-tokod-uveggyarban\\\/#primaryimage\"},\"thumbnailUrl\":\"https:\\\/\\\/dorogimedence.hu\\\/wp-content\\\/uploads\\\/2024\\\/11\\\/IMG_0194.jpg\",\"datePublished\":\"2024-11-27T16:13:50+00:00\",\"dateModified\":\"2024-12-04T12:03:11+00:00\",\"breadcrumb\":{\"@id\":\"https:\\\/\\\/dorogimedence.hu\\\/index.php\\\/2024\\\/11\\\/27\\\/huszonnyolc-ferohelyes-bolcsodet-epitettek-tokod-uveggyarban\\\/#breadcrumb\"},\"inLanguage\":\"hu\",\"potentialAction\":[{\"@type\":\"ReadAction\",\"target\":[\"https:\\\/\\\/dorogimedence.hu\\\/index.php\\\/2024\\\/11\\\/27\\\/huszonnyolc-ferohelyes-bolcsodet-epitettek-tokod-uveggyarban\\\/\"]}]},{\"@type\":\"ImageObject\",\"inLanguage\":\"hu\",\"@id\":\"https:\\\/\\\/dorogimedence.hu\\\/index.php\\\/2024\\\/11\\\/27\\\/huszonnyolc-ferohelyes-bolcsodet-epitettek-tokod-uveggyarban\\\/#primaryimage\",\"url\":\"https:\\\/\\\/dorogimedence.hu\\\/wp-content\\\/uploads\\\/2024\\\/11\\\/IMG_0194.jpg\",\"contentUrl\":\"https:\\\/\\\/dorogimedence.hu\\\/wp-content\\\/uploads\\\/2024\\\/11\\\/IMG_0194.jpg\",\"width\":1920,\"height\":1280},{\"@type\":\"BreadcrumbList\",\"@id\":\"https:\\\/\\\/dorogimedence.hu\\\/index.php\\\/2024\\\/11\\\/27\\\/huszonnyolc-ferohelyes-bolcsodet-epitettek-tokod-uveggyarban\\\/#breadcrumb\",\"itemListElement\":[{\"@type\":\"ListItem\",\"position\":1,\"name\":\"Kezd\u0151lap\",\"item\":\"https:\\\/\\\/dorogimedence.hu\\\/\"},{\"@type\":\"ListItem\",\"position\":2,\"name\":\"Huszonnyolc f\u00e9r\u0151helyes b\u00f6lcs\u0151d\u00e9t \u00e9p\u00edtettek Tokod-\u00dcveggy\u00e1rban\"}]},{\"@type\":\"WebSite\",\"@id\":\"https:\\\/\\\/dorogimedence.hu\\\/#website\",\"url\":\"https:\\\/\\\/dorogimedence.hu\\\/\",\"name\":\"Dorogi-medence Region\u00e1lis H\u00edrport\u00e1l\",\"description\":\"Dorog, Keszt\u00f6lc, Le\u00e1nyv\u00e1r, Piliscs\u00e9v, Tokod, Tokodalt\u00e1r\u00f3, Csolnok, Esztergom-kertv\u00e1ros: h\u00edrek, programok\",\"publisher\":{\"@id\":\"https:\\\/\\\/dorogimedence.hu\\\/#organization\"},\"potentialAction\":[{\"@type\":\"SearchAction\",\"target\":{\"@type\":\"EntryPoint\",\"urlTemplate\":\"https:\\\/\\\/dorogimedence.hu\\\/?s={search_term_string}\"},\"query-input\":{\"@type\":\"PropertyValueSpecification\",\"valueRequired\":true,\"valueName\":\"search_term_string\"}}],\"inLanguage\":\"hu\"},{\"@type\":\"Organization\",\"@id\":\"https:\\\/\\\/dorogimedence.hu\\\/#organization\",\"name\":\"Dorogi-medence Region\u00e1lis H\u00edrport\u00e1l\",\"url\":\"https:\\\/\\\/dorogimedence.hu\\\/\",\"logo\":{\"@type\":\"ImageObject\",\"inLanguage\":\"hu\",\"@id\":\"https:\\\/\\\/dorogimedence.hu\\\/#\\\/schema\\\/logo\\\/image\\\/\",\"url\":\"https:\\\/\\\/dorogimedence.hu\\\/wp-content\\\/uploads\\\/2021\\\/04\\\/logo-feher-600.png\",\"contentUrl\":\"https:\\\/\\\/dorogimedence.hu\\\/wp-content\\\/uploads\\\/2021\\\/04\\\/logo-feher-600.png\",\"width\":600,\"height\":100,\"caption\":\"Dorogi-medence Region\u00e1lis H\u00edrport\u00e1l\"},\"image\":{\"@id\":\"https:\\\/\\\/dorogimedence.hu\\\/#\\\/schema\\\/logo\\\/image\\\/\"},\"sameAs\":[\"https:\\\/\\\/www.facebook.com\\\/dorogimedence\\\/\"]},{\"@type\":\"Person\",\"@id\":\"https:\\\/\\\/dorogimedence.hu\\\/#\\\/schema\\\/person\\\/ce6091eeb7e95ecdc87890d6aa8e0fd4\",\"name\":\"dorogimedence.hu\",\"image\":{\"@type\":\"ImageObject\",\"inLanguage\":\"hu\",\"@id\":\"\\\/\\\/www.gravatar.com\\\/avatar\\\/d8d45f8901aadff40a4af72c0b826f1d?s=96&#038;r=g&#038;d=mm\",\"url\":\"\\\/\\\/www.gravatar.com\\\/avatar\\\/d8d45f8901aadff40a4af72c0b826f1d?s=96&#038;r=g&#038;d=mm\",\"contentUrl\":\"\\\/\\\/www.gravatar.com\\\/avatar\\\/d8d45f8901aadff40a4af72c0b826f1d?s=96&#038;r=g&#038;d=mm\",\"caption\":\"dorogimedence.hu\"}}]}<\/script>\n<!-- \/ Yoast SEO plugin. -->","yoast_head_json":{"title":"Huszonnyolc f\u00e9r\u0151helyes b\u00f6lcs\u0151d\u00e9t \u00e9p\u00edtettek Tokod-\u00dcveggy\u00e1rban","robots":{"index":"index","follow":"follow","max-snippet":"max-snippet:-1","max-image-preview":"max-image-preview:large","max-video-preview":"max-video-preview:-1"},"canonical":"https:\/\/dorogimedence.hu\/index.php\/2024\/11\/27\/huszonnyolc-ferohelyes-bolcsodet-epitettek-tokod-uveggyarban\/","og_locale":"hu_HU","og_type":"article","og_title":"Huszonnyolc f\u00e9r\u0151helyes b\u00f6lcs\u0151d\u00e9t \u00e9p\u00edtettek Tokod-\u00dcveggy\u00e1rban","og_description":"November 27-\u00e9n adt\u00e1k \u00e1t az \u00fajonnan \u00e9p\u00edtett Mesev\u00e1r B\u00f6lcs\u0151d\u00e9t, amely a 2019-ben \u00e1tadott Mesev\u00e1r \u00d3voda mellett kapott helyet. A Helyre\u00e1ll\u00edt\u00e1si \u00e9s Ellen\u00e1ll\u00f3k\u00e9pess\u00e9gi Eszk\u00f6z programban megval\u00f3s\u00edtott RRF-1.1.2-21-2022-00086 azonos\u00edt\u00f3sz\u00e1m\u00fa projekt keret\u00e9ben a megl\u00e9v\u0151 \u00f3voda\u00e9p\u00fclet szomsz\u00e9ds\u00e1g\u00e1ban egy \u00f6sszesen 28 f\u00e9r\u0151helyes, 2 csoportos b\u00f6lcs\u0151de l\u00e9tes\u00fclt Tokod-\u00dcveggy\u00e1r telep\u00fcl\u00e9sr\u00e9szen 419,99 milli\u00f3 forint eur\u00f3pai uni\u00f3s t\u00e1mogat\u00e1s seg\u00edts\u00e9g\u00e9vel. A Mesev\u00e1r \u00d3voda \u00e9s Mini","og_url":"https:\/\/dorogimedence.hu\/index.php\/2024\/11\/27\/huszonnyolc-ferohelyes-bolcsodet-epitettek-tokod-uveggyarban\/","og_site_name":"Dorogi-medence Region\u00e1lis H\u00edrport\u00e1l","article_publisher":"https:\/\/www.facebook.com\/dorogimedence\/","article_published_time":"2024-11-27T16:13:50+00:00","article_modified_time":"2024-12-04T12:03:11+00:00","og_image":[{"width":1920,"height":1280,"url":"https:\/\/dorogimedence.hu\/wp-content\/uploads\/2024\/11\/IMG_0194.jpg","type":"image\/jpeg"}],"author":"dorogimedence.hu","twitter_card":"summary_large_image","twitter_misc":{"Szerz\u0151:":"dorogimedence.hu","Becs\u00fclt olvas\u00e1si id\u0151":"5 perc"},"schema":{"@context":"https:\/\/schema.org","@graph":[{"@type":"Article","@id":"https:\/\/dorogimedence.hu\/index.php\/2024\/11\/27\/huszonnyolc-ferohelyes-bolcsodet-epitettek-tokod-uveggyarban\/#article","isPartOf":{"@id":"https:\/\/dorogimedence.hu\/index.php\/2024\/11\/27\/huszonnyolc-ferohelyes-bolcsodet-epitettek-tokod-uveggyarban\/"},"author":{"name":"dorogimedence.hu","@id":"https:\/\/dorogimedence.hu\/#\/schema\/person\/ce6091eeb7e95ecdc87890d6aa8e0fd4"},"headline":"Huszonnyolc f\u00e9r\u0151helyes b\u00f6lcs\u0151d\u00e9t \u00e9p\u00edtettek Tokod-\u00dcveggy\u00e1rban","datePublished":"2024-11-27T16:13:50+00:00","dateModified":"2024-12-04T12:03:11+00:00","mainEntityOfPage":{"@id":"https:\/\/dorogimedence.hu\/index.php\/2024\/11\/27\/huszonnyolc-ferohelyes-bolcsodet-epitettek-tokod-uveggyarban\/"},"wordCount":944,"publisher":{"@id":"https:\/\/dorogimedence.hu\/#organization"},"image":{"@id":"https:\/\/dorogimedence.hu\/index.php\/2024\/11\/27\/huszonnyolc-ferohelyes-bolcsodet-epitettek-tokod-uveggyarban\/#primaryimage"},"thumbnailUrl":"https:\/\/dorogimedence.hu\/wp-content\/uploads\/2024\/11\/IMG_0194.jpg","keywords":["\u00e1tad\u00f3 \u00fcnneps\u00e9g","beruh\u00e1z\u00e1s","b\u00f6lcs\u00f6de","featured","Mesev\u00e1r B\u00f6lcs\u0151de","Tokod","Tokod-\u00dcveggy\u00e1r"],"articleSection":["H\u00edrek","Tokod"],"inLanguage":"hu"},{"@type":"WebPage","@id":"https:\/\/dorogimedence.hu\/index.php\/2024\/11\/27\/huszonnyolc-ferohelyes-bolcsodet-epitettek-tokod-uveggyarban\/","url":"https:\/\/dorogimedence.hu\/index.php\/2024\/11\/27\/huszonnyolc-ferohelyes-bolcsodet-epitettek-tokod-uveggyarban\/","name":"Huszonnyolc f\u00e9r\u0151helyes b\u00f6lcs\u0151d\u00e9t \u00e9p\u00edtettek Tokod-\u00dcveggy\u00e1rban","isPartOf":{"@id":"https:\/\/dorogimedence.hu\/#website"},"primaryImageOfPage":{"@id":"https:\/\/dorogimedence.hu\/index.php\/2024\/11\/27\/huszonnyolc-ferohelyes-bolcsodet-epitettek-tokod-uveggyarban\/#primaryimage"},"image":{"@id":"https:\/\/dorogimedence.hu\/index.php\/2024\/11\/27\/huszonnyolc-ferohelyes-bolcsodet-epitettek-tokod-uveggyarban\/#primaryimage"},"thumbnailUrl":"https:\/\/dorogimedence.hu\/wp-content\/uploads\/2024\/11\/IMG_0194.jpg","datePublished":"2024-11-27T16:13:50+00:00","dateModified":"2024-12-04T12:03:11+00:00","breadcrumb":{"@id":"https:\/\/dorogimedence.hu\/index.php\/2024\/11\/27\/huszonnyolc-ferohelyes-bolcsodet-epitettek-tokod-uveggyarban\/#breadcrumb"},"inLanguage":"hu","potentialAction":[{"@type":"ReadAction","target":["https:\/\/dorogimedence.hu\/index.php\/2024\/11\/27\/huszonnyolc-ferohelyes-bolcsodet-epitettek-tokod-uveggyarban\/"]}]},{"@type":"ImageObject","inLanguage":"hu","@id":"https:\/\/dorogimedence.hu\/index.php\/2024\/11\/27\/huszonnyolc-ferohelyes-bolcsodet-epitettek-tokod-uveggyarban\/#primaryimage","url":"https:\/\/dorogimedence.hu\/wp-content\/uploads\/2024\/11\/IMG_0194.jpg","contentUrl":"https:\/\/dorogimedence.hu\/wp-content\/uploads\/2024\/11\/IMG_0194.jpg","width":1920,"height":1280},{"@type":"BreadcrumbList","@id":"https:\/\/dorogimedence.hu\/index.php\/2024\/11\/27\/huszonnyolc-ferohelyes-bolcsodet-epitettek-tokod-uveggyarban\/#breadcrumb","itemListElement":[{"@type":"ListItem","position":1,"name":"Kezd\u0151lap","item":"https:\/\/dorogimedence.hu\/"},{"@type":"ListItem","position":2,"name":"Huszonnyolc f\u00e9r\u0151helyes b\u00f6lcs\u0151d\u00e9t \u00e9p\u00edtettek Tokod-\u00dcveggy\u00e1rban"}]},{"@type":"WebSite","@id":"https:\/\/dorogimedence.hu\/#website","url":"https:\/\/dorogimedence.hu\/","name":"Dorogi-medence Region\u00e1lis H\u00edrport\u00e1l","description":"Dorog, Keszt\u00f6lc, Le\u00e1nyv\u00e1r, Piliscs\u00e9v, Tokod, Tokodalt\u00e1r\u00f3, Csolnok, Esztergom-kertv\u00e1ros: h\u00edrek, programok","publisher":{"@id":"https:\/\/dorogimedence.hu\/#organization"},"potentialAction":[{"@type":"SearchAction","target":{"@type":"EntryPoint","urlTemplate":"https:\/\/dorogimedence.hu\/?s={search_term_string}"},"query-input":{"@type":"PropertyValueSpecification","valueRequired":true,"valueName":"search_term_string"}}],"inLanguage":"hu"},{"@type":"Organization","@id":"https:\/\/dorogimedence.hu\/#organization","name":"Dorogi-medence Region\u00e1lis H\u00edrport\u00e1l","url":"https:\/\/dorogimedence.hu\/","logo":{"@type":"ImageObject","inLanguage":"hu","@id":"https:\/\/dorogimedence.hu\/#\/schema\/logo\/image\/","url":"https:\/\/dorogimedence.hu\/wp-content\/uploads\/2021\/04\/logo-feher-600.png","contentUrl":"https:\/\/dorogimedence.hu\/wp-content\/uploads\/2021\/04\/logo-feher-600.png","width":600,"height":100,"caption":"Dorogi-medence Region\u00e1lis H\u00edrport\u00e1l"},"image":{"@id":"https:\/\/dorogimedence.hu\/#\/schema\/logo\/image\/"},"sameAs":["https:\/\/www.facebook.com\/dorogimedence\/"]},{"@type":"Person","@id":"https:\/\/dorogimedence.hu\/#\/schema\/person\/ce6091eeb7e95ecdc87890d6aa8e0fd4","name":"dorogimedence.hu","image":{"@type":"ImageObject","inLanguage":"hu","@id":"\/\/www.gravatar.com\/avatar\/d8d45f8901aadff40a4af72c0b826f1d?s=96&#038;r=g&#038;d=mm","url":"\/\/www.gravatar.com\/avatar\/d8d45f8901aadff40a4af72c0b826f1d?s=96&#038;r=g&#038;d=mm","contentUrl":"\/\/www.gravatar.com\/avatar\/d8d45f8901aadff40a4af72c0b826f1d?s=96&#038;r=g&#038;d=mm","caption":"dorogimedence.hu"}}]}},"_links":{"self":[{"href":"https:\/\/dorogimedence.hu\/index.php\/wp-json\/wp\/v2\/posts\/67130","targetHints":{"allow":["GET"]}}],"collection":[{"href":"https:\/\/dorogimedence.hu\/index.php\/wp-json\/wp\/v2\/posts"}],"about":[{"href":"https:\/\/dorogimedence.hu\/index.php\/wp-json\/wp\/v2\/types\/post"}],"author":[{"embeddable":true,"href":"https:\/\/dorogimedence.hu\/index.php\/wp-json\/wp\/v2\/users\/1"}],"replies":[{"embeddable":true,"href":"https:\/\/dorogimedence.hu\/index.php\/wp-json\/wp\/v2\/comments?post=67130"}],"version-history":[{"count":0,"href":"https:\/\/dorogimedence.hu\/index.php\/wp-json\/wp\/v2\/posts\/67130\/revisions"}],"wp:featuredmedia":[{"embeddable":true,"href":"https:\/\/dorogimedence.hu\/index.php\/wp-json\/wp\/v2\/media\/67131"}],"wp:attachment":[{"href":"https:\/\/dorogimedence.hu\/index.php\/wp-json\/wp\/v2\/media?parent=67130"}],"wp:term":[{"taxonomy":"category","embeddable":true,"href":"https:\/\/dorogimedence.hu\/index.php\/wp-json\/wp\/v2\/categories?post=67130"},{"taxonomy":"post_tag","embeddable":true,"href":"https:\/\/dorogimedence.hu\/index.php\/wp-json\/wp\/v2\/tags?post=67130"}],"curies":[{"name":"wp","href":"https:\/\/api.w.org\/{rel}","templated":true}]}}