{"id":66980,"date":"2024-11-22T16:16:05","date_gmt":"2024-11-22T15:16:05","guid":{"rendered":"https:\/\/dorogimedence.hu\/?p=66980"},"modified":"2024-11-24T11:27:40","modified_gmt":"2024-11-24T10:27:40","slug":"palyavalasztasi-napot-tartottak-esztergomban","status":"publish","type":"post","link":"https:\/\/dorogimedence.hu\/index.php\/2024\/11\/22\/palyavalasztasi-napot-tartottak-esztergomban\/","title":{"rendered":"P\u00e1lyav\u00e1laszt\u00e1si napot tartottak Esztergomban"},"content":{"rendered":"<p><strong>November 21-\u00e9n Esztergomban tartotta a Kom\u00e1rom-Esztergom V\u00e1rmegyei Korm\u00e1nyhivatal az idei m\u00e1sodik P\u00e1lyav\u00e1laszt\u00e1si \u00e9s Szakmanapj\u00e1t, amely sok \u00e9rdekl\u0151d\u0151t vonzott a Suzuki Ar\u00e9n\u00e1ba.<\/strong><\/p>\n<p>A rendezv\u00e9nyen 45 ki\u00e1ll\u00edt\u00f3 v\u00e1rta a l\u00e1togat\u00f3kat, k\u00f6zt\u00fck k\u00f6z\u00e9piskol\u00e1k, v\u00e1llalatok, szakmai szervezetek \u00e9s egy egyetem is. A tov\u00e1bbtanul\u00e1si lehet\u0151s\u00e9gek mellett \u00edgy a k\u00fcl\u00f6nb\u00f6z\u0151 k\u00e9pz\u00e9si form\u00e1kr\u00f3l, \u00f6szt\u00f6nd\u00edjakr\u00f3l, gyakorlati oktat\u00e1sokr\u00f3l \u00e9s p\u00e1lyak\u00e9pekr\u0151l is inform\u00e1l\u00f3dhattak a r\u00e9sztvev\u0151k. Az interakt\u00edv standok, szakmaszimul\u00e1torok mellett tesztekkel \u00e9s k\u00e9rd\u0151\u00edvekkel is rendelkez\u00e9sre \u00e1lltak szakembereink. A rend\u0151rs\u00e9g standj\u00e1n\u00e1l p\u00e9ld\u00e1ul az \u00e9rdekl\u0151d\u0151k rend\u0151r\u00f6ket k\u00e9rdezhettek hivat\u00e1sukr\u00f3l, testk\u00f6zelb\u0151l tekinthett\u00e9k meg az egyes szakter\u00fcletek \u00e1ltal haszn\u00e1lt eszk\u00f6z\u00f6ket, valamint baleset- \u00e9s b\u0171nmegel\u0151z\u00e9si inform\u00e1ci\u00f3kat kaphattak.<\/p>\n<p>Tov\u00e1bbi k\u00e9pek <a href=\"https:\/\/kormanyhivatalok.hu\/kormanyhivatalok\/komarom-esztergom\/megye\/hirek\/hir\/fiataloknak-segitettunk-palyavalasztasi\" target=\"_blank\" rel=\"noopener\"><span style=\"text-decoration: underline; color: #0000ff;\">ide kattintva<\/span><\/a> tekinthet\u0151k meg!<\/p>\n<p><em>Bor\u00edt\u00f3k\u00e9p: Kom\u00e1rom-Esztergom V\u00e1rmegyei Korm\u00e1nyhivatal<br \/>\nForr\u00e1s: Kom\u00e1rom-Esztergom V\u00e1rmegyei Korm\u00e1nyhivatal \/ Rend\u0151rs\u00e9g<br \/>\n<\/em><\/p>\n","protected":false},"excerpt":{"rendered":"<p>November 21-\u00e9n Esztergomban tartotta a Kom\u00e1rom-Esztergom V\u00e1rmegyei Korm\u00e1nyhivatal az idei m\u00e1sodik P\u00e1lyav\u00e1laszt\u00e1si \u00e9s Szakmanapj\u00e1t, amely sok \u00e9rdekl\u0151d\u0151t vonzott a Suzuki Ar\u00e9n\u00e1ba. A rendezv\u00e9nyen 45 ki\u00e1ll\u00edt\u00f3 v\u00e1rta a l\u00e1togat\u00f3kat, k\u00f6zt\u00fck k\u00f6z\u00e9piskol\u00e1k, v\u00e1llalatok, szakmai szervezetek \u00e9s egy egyetem is. A tov\u00e1bbtanul\u00e1si lehet\u0151s\u00e9gek mellett \u00edgy a k\u00fcl\u00f6nb\u00f6z\u0151 k\u00e9pz\u00e9si form\u00e1kr\u00f3l, \u00f6szt\u00f6nd\u00edjakr\u00f3l, gyakorlati oktat\u00e1sokr\u00f3l \u00e9s p\u00e1lyak\u00e9pekr\u0151l is inform\u00e1l\u00f3dhattak a r\u00e9sztvev\u0151k.<\/p>\n","protected":false},"author":1,"featured_media":66981,"comment_status":"closed","ping_status":"closed","sticky":false,"template":"","format":"standard","meta":{"ngg_post_thumbnail":0,"footnotes":""},"categories":[38,3],"tags":[42,5624,8119],"class_list":{"0":"post-66980","1":"post","2":"type-post","3":"status-publish","4":"format-standard","5":"has-post-thumbnail","7":"category-esztergom","8":"category-hirek","9":"tag-esztergom","10":"tag-featured","11":"tag-palyavalasztasi-nap"},"yoast_head":"<!-- This site is optimized with the Yoast SEO plugin v27.5 - https:\/\/yoast.com\/product\/yoast-seo-wordpress\/ -->\n<title>P\u00e1lyav\u00e1laszt\u00e1si napot tartottak Esztergomban<\/title>\n<meta name=\"robots\" content=\"index, follow, max-snippet:-1, max-image-preview:large, max-video-preview:-1\" \/>\n<link rel=\"canonical\" href=\"https:\/\/dorogimedence.hu\/index.php\/2024\/11\/22\/palyavalasztasi-napot-tartottak-esztergomban\/\" class=\"yoast-seo-meta-tag\" \/>\n<meta property=\"og:locale\" content=\"hu_HU\" class=\"yoast-seo-meta-tag\" \/>\n<meta property=\"og:type\" content=\"article\" class=\"yoast-seo-meta-tag\" \/>\n<meta property=\"og:title\" content=\"P\u00e1lyav\u00e1laszt\u00e1si napot tartottak Esztergomban\" class=\"yoast-seo-meta-tag\" \/>\n<meta property=\"og:description\" content=\"November 21-\u00e9n Esztergomban tartotta a Kom\u00e1rom-Esztergom V\u00e1rmegyei Korm\u00e1nyhivatal az idei m\u00e1sodik P\u00e1lyav\u00e1laszt\u00e1si \u00e9s Szakmanapj\u00e1t, amely sok \u00e9rdekl\u0151d\u0151t vonzott a Suzuki Ar\u00e9n\u00e1ba. A rendezv\u00e9nyen 45 ki\u00e1ll\u00edt\u00f3 v\u00e1rta a l\u00e1togat\u00f3kat, k\u00f6zt\u00fck k\u00f6z\u00e9piskol\u00e1k, v\u00e1llalatok, szakmai szervezetek \u00e9s egy egyetem is. A tov\u00e1bbtanul\u00e1si lehet\u0151s\u00e9gek mellett \u00edgy a k\u00fcl\u00f6nb\u00f6z\u0151 k\u00e9pz\u00e9si form\u00e1kr\u00f3l, \u00f6szt\u00f6nd\u00edjakr\u00f3l, gyakorlati oktat\u00e1sokr\u00f3l \u00e9s p\u00e1lyak\u00e9pekr\u0151l is inform\u00e1l\u00f3dhattak a r\u00e9sztvev\u0151k.\" class=\"yoast-seo-meta-tag\" \/>\n<meta property=\"og:url\" content=\"https:\/\/dorogimedence.hu\/index.php\/2024\/11\/22\/palyavalasztasi-napot-tartottak-esztergomban\/\" class=\"yoast-seo-meta-tag\" \/>\n<meta property=\"og:site_name\" content=\"Dorogi-medence Region\u00e1lis H\u00edrport\u00e1l\" class=\"yoast-seo-meta-tag\" \/>\n<meta property=\"article:publisher\" content=\"https:\/\/www.facebook.com\/dorogimedence\/\" class=\"yoast-seo-meta-tag\" \/>\n<meta property=\"article:published_time\" content=\"2024-11-22T15:16:05+00:00\" class=\"yoast-seo-meta-tag\" \/>\n<meta property=\"article:modified_time\" content=\"2024-11-24T10:27:40+00:00\" class=\"yoast-seo-meta-tag\" \/>\n<meta property=\"og:image\" content=\"https:\/\/dorogimedence.hu\/wp-content\/uploads\/2024\/11\/7-dsc_0100.jpg\" class=\"yoast-seo-meta-tag\" \/>\n\t<meta property=\"og:image:width\" content=\"1026\" class=\"yoast-seo-meta-tag\" \/>\n\t<meta property=\"og:image:height\" content=\"684\" class=\"yoast-seo-meta-tag\" \/>\n\t<meta property=\"og:image:type\" content=\"image\/jpeg\" class=\"yoast-seo-meta-tag\" \/>\n<meta name=\"author\" content=\"dorogimedence.hu\" class=\"yoast-seo-meta-tag\" \/>\n<meta name=\"twitter:card\" content=\"summary_large_image\" class=\"yoast-seo-meta-tag\" \/>\n<meta name=\"twitter:label1\" content=\"Szerz\u0151:\" class=\"yoast-seo-meta-tag\" \/>\n\t<meta name=\"twitter:data1\" content=\"dorogimedence.hu\" class=\"yoast-seo-meta-tag\" \/>\n\t<meta name=\"twitter:label2\" content=\"Becs\u00fclt olvas\u00e1si id\u0151\" class=\"yoast-seo-meta-tag\" \/>\n\t<meta name=\"twitter:data2\" content=\"1 perc\" class=\"yoast-seo-meta-tag\" \/>\n<script type=\"application\/ld+json\" class=\"yoast-schema-graph\">{\"@context\":\"https:\\\/\\\/schema.org\",\"@graph\":[{\"@type\":\"Article\",\"@id\":\"https:\\\/\\\/dorogimedence.hu\\\/index.php\\\/2024\\\/11\\\/22\\\/palyavalasztasi-napot-tartottak-esztergomban\\\/#article\",\"isPartOf\":{\"@id\":\"https:\\\/\\\/dorogimedence.hu\\\/index.php\\\/2024\\\/11\\\/22\\\/palyavalasztasi-napot-tartottak-esztergomban\\\/\"},\"author\":{\"name\":\"dorogimedence.hu\",\"@id\":\"https:\\\/\\\/dorogimedence.hu\\\/#\\\/schema\\\/person\\\/ce6091eeb7e95ecdc87890d6aa8e0fd4\"},\"headline\":\"P\u00e1lyav\u00e1laszt\u00e1si napot tartottak Esztergomban\",\"datePublished\":\"2024-11-22T15:16:05+00:00\",\"dateModified\":\"2024-11-24T10:27:40+00:00\",\"mainEntityOfPage\":{\"@id\":\"https:\\\/\\\/dorogimedence.hu\\\/index.php\\\/2024\\\/11\\\/22\\\/palyavalasztasi-napot-tartottak-esztergomban\\\/\"},\"wordCount\":205,\"publisher\":{\"@id\":\"https:\\\/\\\/dorogimedence.hu\\\/#organization\"},\"image\":{\"@id\":\"https:\\\/\\\/dorogimedence.hu\\\/index.php\\\/2024\\\/11\\\/22\\\/palyavalasztasi-napot-tartottak-esztergomban\\\/#primaryimage\"},\"thumbnailUrl\":\"https:\\\/\\\/dorogimedence.hu\\\/wp-content\\\/uploads\\\/2024\\\/11\\\/7-dsc_0100.jpg\",\"keywords\":[\"esztergom\",\"featured\",\"p\u00e1lyav\u00e1laszt\u00e1si nap\"],\"articleSection\":[\"Esztergom\",\"H\u00edrek\"],\"inLanguage\":\"hu\"},{\"@type\":\"WebPage\",\"@id\":\"https:\\\/\\\/dorogimedence.hu\\\/index.php\\\/2024\\\/11\\\/22\\\/palyavalasztasi-napot-tartottak-esztergomban\\\/\",\"url\":\"https:\\\/\\\/dorogimedence.hu\\\/index.php\\\/2024\\\/11\\\/22\\\/palyavalasztasi-napot-tartottak-esztergomban\\\/\",\"name\":\"P\u00e1lyav\u00e1laszt\u00e1si napot tartottak Esztergomban\",\"isPartOf\":{\"@id\":\"https:\\\/\\\/dorogimedence.hu\\\/#website\"},\"primaryImageOfPage\":{\"@id\":\"https:\\\/\\\/dorogimedence.hu\\\/index.php\\\/2024\\\/11\\\/22\\\/palyavalasztasi-napot-tartottak-esztergomban\\\/#primaryimage\"},\"image\":{\"@id\":\"https:\\\/\\\/dorogimedence.hu\\\/index.php\\\/2024\\\/11\\\/22\\\/palyavalasztasi-napot-tartottak-esztergomban\\\/#primaryimage\"},\"thumbnailUrl\":\"https:\\\/\\\/dorogimedence.hu\\\/wp-content\\\/uploads\\\/2024\\\/11\\\/7-dsc_0100.jpg\",\"datePublished\":\"2024-11-22T15:16:05+00:00\",\"dateModified\":\"2024-11-24T10:27:40+00:00\",\"breadcrumb\":{\"@id\":\"https:\\\/\\\/dorogimedence.hu\\\/index.php\\\/2024\\\/11\\\/22\\\/palyavalasztasi-napot-tartottak-esztergomban\\\/#breadcrumb\"},\"inLanguage\":\"hu\",\"potentialAction\":[{\"@type\":\"ReadAction\",\"target\":[\"https:\\\/\\\/dorogimedence.hu\\\/index.php\\\/2024\\\/11\\\/22\\\/palyavalasztasi-napot-tartottak-esztergomban\\\/\"]}]},{\"@type\":\"ImageObject\",\"inLanguage\":\"hu\",\"@id\":\"https:\\\/\\\/dorogimedence.hu\\\/index.php\\\/2024\\\/11\\\/22\\\/palyavalasztasi-napot-tartottak-esztergomban\\\/#primaryimage\",\"url\":\"https:\\\/\\\/dorogimedence.hu\\\/wp-content\\\/uploads\\\/2024\\\/11\\\/7-dsc_0100.jpg\",\"contentUrl\":\"https:\\\/\\\/dorogimedence.hu\\\/wp-content\\\/uploads\\\/2024\\\/11\\\/7-dsc_0100.jpg\",\"width\":1026,\"height\":684},{\"@type\":\"BreadcrumbList\",\"@id\":\"https:\\\/\\\/dorogimedence.hu\\\/index.php\\\/2024\\\/11\\\/22\\\/palyavalasztasi-napot-tartottak-esztergomban\\\/#breadcrumb\",\"itemListElement\":[{\"@type\":\"ListItem\",\"position\":1,\"name\":\"Kezd\u0151lap\",\"item\":\"https:\\\/\\\/dorogimedence.hu\\\/\"},{\"@type\":\"ListItem\",\"position\":2,\"name\":\"P\u00e1lyav\u00e1laszt\u00e1si napot tartottak Esztergomban\"}]},{\"@type\":\"WebSite\",\"@id\":\"https:\\\/\\\/dorogimedence.hu\\\/#website\",\"url\":\"https:\\\/\\\/dorogimedence.hu\\\/\",\"name\":\"Dorogi-medence Region\u00e1lis H\u00edrport\u00e1l\",\"description\":\"Dorog, Keszt\u00f6lc, Le\u00e1nyv\u00e1r, Piliscs\u00e9v, Tokod, Tokodalt\u00e1r\u00f3, Csolnok, Esztergom-kertv\u00e1ros: h\u00edrek, programok\",\"publisher\":{\"@id\":\"https:\\\/\\\/dorogimedence.hu\\\/#organization\"},\"potentialAction\":[{\"@type\":\"SearchAction\",\"target\":{\"@type\":\"EntryPoint\",\"urlTemplate\":\"https:\\\/\\\/dorogimedence.hu\\\/?s={search_term_string}\"},\"query-input\":{\"@type\":\"PropertyValueSpecification\",\"valueRequired\":true,\"valueName\":\"search_term_string\"}}],\"inLanguage\":\"hu\"},{\"@type\":\"Organization\",\"@id\":\"https:\\\/\\\/dorogimedence.hu\\\/#organization\",\"name\":\"Dorogi-medence Region\u00e1lis H\u00edrport\u00e1l\",\"url\":\"https:\\\/\\\/dorogimedence.hu\\\/\",\"logo\":{\"@type\":\"ImageObject\",\"inLanguage\":\"hu\",\"@id\":\"https:\\\/\\\/dorogimedence.hu\\\/#\\\/schema\\\/logo\\\/image\\\/\",\"url\":\"https:\\\/\\\/dorogimedence.hu\\\/wp-content\\\/uploads\\\/2021\\\/04\\\/logo-feher-600.png\",\"contentUrl\":\"https:\\\/\\\/dorogimedence.hu\\\/wp-content\\\/uploads\\\/2021\\\/04\\\/logo-feher-600.png\",\"width\":600,\"height\":100,\"caption\":\"Dorogi-medence Region\u00e1lis H\u00edrport\u00e1l\"},\"image\":{\"@id\":\"https:\\\/\\\/dorogimedence.hu\\\/#\\\/schema\\\/logo\\\/image\\\/\"},\"sameAs\":[\"https:\\\/\\\/www.facebook.com\\\/dorogimedence\\\/\"]},{\"@type\":\"Person\",\"@id\":\"https:\\\/\\\/dorogimedence.hu\\\/#\\\/schema\\\/person\\\/ce6091eeb7e95ecdc87890d6aa8e0fd4\",\"name\":\"dorogimedence.hu\",\"image\":{\"@type\":\"ImageObject\",\"inLanguage\":\"hu\",\"@id\":\"\\\/\\\/www.gravatar.com\\\/avatar\\\/d8d45f8901aadff40a4af72c0b826f1d?s=96&#038;r=g&#038;d=mm\",\"url\":\"\\\/\\\/www.gravatar.com\\\/avatar\\\/d8d45f8901aadff40a4af72c0b826f1d?s=96&#038;r=g&#038;d=mm\",\"contentUrl\":\"\\\/\\\/www.gravatar.com\\\/avatar\\\/d8d45f8901aadff40a4af72c0b826f1d?s=96&#038;r=g&#038;d=mm\",\"caption\":\"dorogimedence.hu\"}}]}<\/script>\n<!-- \/ Yoast SEO plugin. -->","yoast_head_json":{"title":"P\u00e1lyav\u00e1laszt\u00e1si napot tartottak Esztergomban","robots":{"index":"index","follow":"follow","max-snippet":"max-snippet:-1","max-image-preview":"max-image-preview:large","max-video-preview":"max-video-preview:-1"},"canonical":"https:\/\/dorogimedence.hu\/index.php\/2024\/11\/22\/palyavalasztasi-napot-tartottak-esztergomban\/","og_locale":"hu_HU","og_type":"article","og_title":"P\u00e1lyav\u00e1laszt\u00e1si napot tartottak Esztergomban","og_description":"November 21-\u00e9n Esztergomban tartotta a Kom\u00e1rom-Esztergom V\u00e1rmegyei Korm\u00e1nyhivatal az idei m\u00e1sodik P\u00e1lyav\u00e1laszt\u00e1si \u00e9s Szakmanapj\u00e1t, amely sok \u00e9rdekl\u0151d\u0151t vonzott a Suzuki Ar\u00e9n\u00e1ba. A rendezv\u00e9nyen 45 ki\u00e1ll\u00edt\u00f3 v\u00e1rta a l\u00e1togat\u00f3kat, k\u00f6zt\u00fck k\u00f6z\u00e9piskol\u00e1k, v\u00e1llalatok, szakmai szervezetek \u00e9s egy egyetem is. A tov\u00e1bbtanul\u00e1si lehet\u0151s\u00e9gek mellett \u00edgy a k\u00fcl\u00f6nb\u00f6z\u0151 k\u00e9pz\u00e9si form\u00e1kr\u00f3l, \u00f6szt\u00f6nd\u00edjakr\u00f3l, gyakorlati oktat\u00e1sokr\u00f3l \u00e9s p\u00e1lyak\u00e9pekr\u0151l is inform\u00e1l\u00f3dhattak a r\u00e9sztvev\u0151k.","og_url":"https:\/\/dorogimedence.hu\/index.php\/2024\/11\/22\/palyavalasztasi-napot-tartottak-esztergomban\/","og_site_name":"Dorogi-medence Region\u00e1lis H\u00edrport\u00e1l","article_publisher":"https:\/\/www.facebook.com\/dorogimedence\/","article_published_time":"2024-11-22T15:16:05+00:00","article_modified_time":"2024-11-24T10:27:40+00:00","og_image":[{"width":1026,"height":684,"url":"https:\/\/dorogimedence.hu\/wp-content\/uploads\/2024\/11\/7-dsc_0100.jpg","type":"image\/jpeg"}],"author":"dorogimedence.hu","twitter_card":"summary_large_image","twitter_misc":{"Szerz\u0151:":"dorogimedence.hu","Becs\u00fclt olvas\u00e1si id\u0151":"1 perc"},"schema":{"@context":"https:\/\/schema.org","@graph":[{"@type":"Article","@id":"https:\/\/dorogimedence.hu\/index.php\/2024\/11\/22\/palyavalasztasi-napot-tartottak-esztergomban\/#article","isPartOf":{"@id":"https:\/\/dorogimedence.hu\/index.php\/2024\/11\/22\/palyavalasztasi-napot-tartottak-esztergomban\/"},"author":{"name":"dorogimedence.hu","@id":"https:\/\/dorogimedence.hu\/#\/schema\/person\/ce6091eeb7e95ecdc87890d6aa8e0fd4"},"headline":"P\u00e1lyav\u00e1laszt\u00e1si napot tartottak Esztergomban","datePublished":"2024-11-22T15:16:05+00:00","dateModified":"2024-11-24T10:27:40+00:00","mainEntityOfPage":{"@id":"https:\/\/dorogimedence.hu\/index.php\/2024\/11\/22\/palyavalasztasi-napot-tartottak-esztergomban\/"},"wordCount":205,"publisher":{"@id":"https:\/\/dorogimedence.hu\/#organization"},"image":{"@id":"https:\/\/dorogimedence.hu\/index.php\/2024\/11\/22\/palyavalasztasi-napot-tartottak-esztergomban\/#primaryimage"},"thumbnailUrl":"https:\/\/dorogimedence.hu\/wp-content\/uploads\/2024\/11\/7-dsc_0100.jpg","keywords":["esztergom","featured","p\u00e1lyav\u00e1laszt\u00e1si nap"],"articleSection":["Esztergom","H\u00edrek"],"inLanguage":"hu"},{"@type":"WebPage","@id":"https:\/\/dorogimedence.hu\/index.php\/2024\/11\/22\/palyavalasztasi-napot-tartottak-esztergomban\/","url":"https:\/\/dorogimedence.hu\/index.php\/2024\/11\/22\/palyavalasztasi-napot-tartottak-esztergomban\/","name":"P\u00e1lyav\u00e1laszt\u00e1si napot tartottak Esztergomban","isPartOf":{"@id":"https:\/\/dorogimedence.hu\/#website"},"primaryImageOfPage":{"@id":"https:\/\/dorogimedence.hu\/index.php\/2024\/11\/22\/palyavalasztasi-napot-tartottak-esztergomban\/#primaryimage"},"image":{"@id":"https:\/\/dorogimedence.hu\/index.php\/2024\/11\/22\/palyavalasztasi-napot-tartottak-esztergomban\/#primaryimage"},"thumbnailUrl":"https:\/\/dorogimedence.hu\/wp-content\/uploads\/2024\/11\/7-dsc_0100.jpg","datePublished":"2024-11-22T15:16:05+00:00","dateModified":"2024-11-24T10:27:40+00:00","breadcrumb":{"@id":"https:\/\/dorogimedence.hu\/index.php\/2024\/11\/22\/palyavalasztasi-napot-tartottak-esztergomban\/#breadcrumb"},"inLanguage":"hu","potentialAction":[{"@type":"ReadAction","target":["https:\/\/dorogimedence.hu\/index.php\/2024\/11\/22\/palyavalasztasi-napot-tartottak-esztergomban\/"]}]},{"@type":"ImageObject","inLanguage":"hu","@id":"https:\/\/dorogimedence.hu\/index.php\/2024\/11\/22\/palyavalasztasi-napot-tartottak-esztergomban\/#primaryimage","url":"https:\/\/dorogimedence.hu\/wp-content\/uploads\/2024\/11\/7-dsc_0100.jpg","contentUrl":"https:\/\/dorogimedence.hu\/wp-content\/uploads\/2024\/11\/7-dsc_0100.jpg","width":1026,"height":684},{"@type":"BreadcrumbList","@id":"https:\/\/dorogimedence.hu\/index.php\/2024\/11\/22\/palyavalasztasi-napot-tartottak-esztergomban\/#breadcrumb","itemListElement":[{"@type":"ListItem","position":1,"name":"Kezd\u0151lap","item":"https:\/\/dorogimedence.hu\/"},{"@type":"ListItem","position":2,"name":"P\u00e1lyav\u00e1laszt\u00e1si napot tartottak Esztergomban"}]},{"@type":"WebSite","@id":"https:\/\/dorogimedence.hu\/#website","url":"https:\/\/dorogimedence.hu\/","name":"Dorogi-medence Region\u00e1lis H\u00edrport\u00e1l","description":"Dorog, Keszt\u00f6lc, Le\u00e1nyv\u00e1r, Piliscs\u00e9v, Tokod, Tokodalt\u00e1r\u00f3, Csolnok, Esztergom-kertv\u00e1ros: h\u00edrek, programok","publisher":{"@id":"https:\/\/dorogimedence.hu\/#organization"},"potentialAction":[{"@type":"SearchAction","target":{"@type":"EntryPoint","urlTemplate":"https:\/\/dorogimedence.hu\/?s={search_term_string}"},"query-input":{"@type":"PropertyValueSpecification","valueRequired":true,"valueName":"search_term_string"}}],"inLanguage":"hu"},{"@type":"Organization","@id":"https:\/\/dorogimedence.hu\/#organization","name":"Dorogi-medence Region\u00e1lis H\u00edrport\u00e1l","url":"https:\/\/dorogimedence.hu\/","logo":{"@type":"ImageObject","inLanguage":"hu","@id":"https:\/\/dorogimedence.hu\/#\/schema\/logo\/image\/","url":"https:\/\/dorogimedence.hu\/wp-content\/uploads\/2021\/04\/logo-feher-600.png","contentUrl":"https:\/\/dorogimedence.hu\/wp-content\/uploads\/2021\/04\/logo-feher-600.png","width":600,"height":100,"caption":"Dorogi-medence Region\u00e1lis H\u00edrport\u00e1l"},"image":{"@id":"https:\/\/dorogimedence.hu\/#\/schema\/logo\/image\/"},"sameAs":["https:\/\/www.facebook.com\/dorogimedence\/"]},{"@type":"Person","@id":"https:\/\/dorogimedence.hu\/#\/schema\/person\/ce6091eeb7e95ecdc87890d6aa8e0fd4","name":"dorogimedence.hu","image":{"@type":"ImageObject","inLanguage":"hu","@id":"\/\/www.gravatar.com\/avatar\/d8d45f8901aadff40a4af72c0b826f1d?s=96&#038;r=g&#038;d=mm","url":"\/\/www.gravatar.com\/avatar\/d8d45f8901aadff40a4af72c0b826f1d?s=96&#038;r=g&#038;d=mm","contentUrl":"\/\/www.gravatar.com\/avatar\/d8d45f8901aadff40a4af72c0b826f1d?s=96&#038;r=g&#038;d=mm","caption":"dorogimedence.hu"}}]}},"_links":{"self":[{"href":"https:\/\/dorogimedence.hu\/index.php\/wp-json\/wp\/v2\/posts\/66980","targetHints":{"allow":["GET"]}}],"collection":[{"href":"https:\/\/dorogimedence.hu\/index.php\/wp-json\/wp\/v2\/posts"}],"about":[{"href":"https:\/\/dorogimedence.hu\/index.php\/wp-json\/wp\/v2\/types\/post"}],"author":[{"embeddable":true,"href":"https:\/\/dorogimedence.hu\/index.php\/wp-json\/wp\/v2\/users\/1"}],"replies":[{"embeddable":true,"href":"https:\/\/dorogimedence.hu\/index.php\/wp-json\/wp\/v2\/comments?post=66980"}],"version-history":[{"count":0,"href":"https:\/\/dorogimedence.hu\/index.php\/wp-json\/wp\/v2\/posts\/66980\/revisions"}],"wp:featuredmedia":[{"embeddable":true,"href":"https:\/\/dorogimedence.hu\/index.php\/wp-json\/wp\/v2\/media\/66981"}],"wp:attachment":[{"href":"https:\/\/dorogimedence.hu\/index.php\/wp-json\/wp\/v2\/media?parent=66980"}],"wp:term":[{"taxonomy":"category","embeddable":true,"href":"https:\/\/dorogimedence.hu\/index.php\/wp-json\/wp\/v2\/categories?post=66980"},{"taxonomy":"post_tag","embeddable":true,"href":"https:\/\/dorogimedence.hu\/index.php\/wp-json\/wp\/v2\/tags?post=66980"}],"curies":[{"name":"wp","href":"https:\/\/api.w.org\/{rel}","templated":true}]}}