{"id":66909,"date":"2024-11-20T15:42:03","date_gmt":"2024-11-20T14:42:03","guid":{"rendered":"https:\/\/dorogimedence.hu\/?p=66909"},"modified":"2024-11-20T15:42:03","modified_gmt":"2024-11-20T14:42:03","slug":"varmegyenkbol-is-erkeztek-az-iskolai-agressziokezelesi-konferenciara","status":"publish","type":"post","link":"https:\/\/dorogimedence.hu\/index.php\/2024\/11\/20\/varmegyenkbol-is-erkeztek-az-iskolai-agressziokezelesi-konferenciara\/","title":{"rendered":"V\u00e1rmegy\u00e9nkb\u0151l is \u00e9rkeztek az Iskolai Agresszi\u00f3kezel\u00e9si Konferenci\u00e1ra"},"content":{"rendered":"<p><strong>November 16-\u00e1n, a Tolerancia vil\u00e1gnapj\u00e1n, imm\u00e1r 6. alkalommal ker\u00fclt megrendez\u00e9sre az Orsz\u00e1gos Iskolai Agresszi\u00f3kezel\u00e9si Konferencia a Vir\u00e1gozz \u00e9s Prosper\u00e1lj K\u00f6zhaszn\u00fa Alap\u00edtv\u00e1ny szervez\u00e9s\u00e9ben, Az \u00fat a boldogs\u00e1ghoz nemzetk\u00f6zi mozgalom keret\u00e9n bel\u00fcl.<\/strong><\/p>\n<p>Az alap\u00edtv\u00e1ny \u00e1ltal szervezett konferenci\u00e1n t\u00f6bb, mint 120 int\u00e9zm\u00e9nyvezet\u0151, iskolapszichol\u00f3gus, tan\u00edt\u00f3, tan\u00e1r, csal\u00e1dseg\u00edt\u0151 \u00e9s gyermekv\u00e9delmi szakember gy\u0171lt \u00f6ssze, hogy gyakorlatias \u00e9s m\u0171k\u00f6d\u0151 megold\u00e1sokat tal\u00e1ljanak az iskolai agresszi\u00f3 n\u00f6vekv\u0151 probl\u00e9m\u00e1j\u00e1ra. Az esem\u00e9nyre nemcsak Budapestr\u0151l, hanem szerte az orsz\u00e1gb\u00f3l, B\u00e1cs-Kiskun, Baranya, B\u00e9k\u00e9s, Csongr\u00e1d-Csan\u00e1d, Gy\u0151r-Moson-Sopron, Hajd\u00fa-Bihar, Heves, J\u00e1sz-Nagykun-Szolnok, Kom\u00e1rom-Esztergom, Pest, Szabolcs-Szatm\u00e1r-Bereg, Tolna, Vas, Veszpr\u00e9m v\u00e1rmegy\u00e9b\u0151l, valamint a hat\u00e1ron t\u00falr\u00f3l, Erd\u00e9lyb\u0151l is \u00e9rkeztek \u00e9rdekl\u0151d\u0151k.<\/p>\n<p>A konferencia c\u00e9lja az volt, hogy a pedag\u00f3gusokat \u00e9s szakembereket felv\u00e9rtezze olyan eszk\u00f6z\u00f6kkel, amelyekkel eredm\u00e9nyesen l\u00e9phetnek fel az iskolai agresszi\u00f3, a bullying, a heccel\u00e9s \u00e9s online zaklat\u00e1s ellen, valamint hat\u00e9kony seg\u00edts\u00e9get ny\u00fajtson ezek megel\u0151z\u00e9s\u00e9hez. Az el\u0151ad\u00e1sokat olyan elismert szakemberek tartott\u00e1k, mint dr. T\u00e1pai M\u00e1ria az integrat\u00edv megold\u00e1sok szakorvosa, Nov\u00e1k Ferenc agresszi\u00f3kezel\u00e9si specialista \u00e9s viselked\u00e9skutat\u00f3, dr. \u00d6kr\u00f6s Tam\u00e1s \u00fcgyv\u00e9d, Mak\u00f3 G\u00e1bor kommunik\u00e1ci\u00f3s szak\u00e9rt\u0151, m\u00edg Nov\u00e1k Ant\u00f3nia az Iskolai Elfogad\u00e1s Programr\u00f3l \u00e9s Etikus Iskola Programr\u00f3l besz\u00e9lt \u00e9s osztotta meg tapasztalatait.<\/p>\n<p>A tan\u00e1rok kiemelt\u00e9k, hogy a konferencia gyakorlatias megk\u00f6zel\u00edt\u00e9se \u00e9s bar\u00e1ts\u00e1gos l\u00e9gk\u00f6re nemcsak \u00faj m\u00f3dszereket adott a kez\u00fckbe, hanem motiv\u00e1ci\u00f3t is arra, hogy v\u00e1ltoz\u00e1st hozzanak az iskolai k\u00f6z\u00f6ss\u00e9g\u00fck \u00e9let\u00e9be. \u201eR\u00e9g\u00f3ta hi\u00e1nyoztak olyan gyakorlati tan\u00e1csok, amelyek val\u00f3ban alkalmazhat\u00f3k a mindennapi munk\u00e1ban. Ez a konferencia nemcsak megold\u00e1sokat adott, hanem inspir\u00e1lt is.\u201d \u2013 nyilatkozta egy r\u00e9sztvev\u0151.<\/p>\n<p>Az alap\u00edtv\u00e1ny eln\u00f6ke, Nov\u00e1k Ant\u00f3nia, hangs\u00falyozta: \u201eMindannyiunk felel\u0151ss\u00e9ge fell\u00e9pni az iskolai agresszi\u00f3, bullying \u00e9s az egyre gyakoribb internetes zaklat\u00e1s ellen, melyek m\u00e1r nemcsak az iskol\u00e1k falain bel\u00fcl mutatkoznak, hanem t\u00falmutatnak azon. Ha figyelmen k\u00edv\u00fcl hagyjuk ezt a probl\u00e9m\u00e1t, annak s\u00falyos k\u00f6vetkezm\u00e9nyei lehetnek: elszigetel\u0151d\u0151 gyermekek, roml\u00f3 tanulm\u00e1nyi eredm\u00e9nyek \u00e9s egy m\u00e9rgez\u0151 iskolai l\u00e9gk\u00f6r. Ezzel szemben, ha \u00f6sszefogunk, \u00e9s hat\u00e9kony programokkal \u00e9s eszk\u00f6z\u00f6kkel t\u00e1mogatjuk a pedag\u00f3gusokat abban, hogy sikeresen kezelj\u00e9k ezeket a helyzeteket, megteremthetj\u00fck azt a biztons\u00e1gos \u00e9s elfogad\u00f3 k\u00f6zeget, ahol a gyermekek \u00e9s pedag\u00f3gusok bar\u00e1ts\u00e1gosabb l\u00e9gk\u00f6rben, t\u00f6bb \u00f6r\u00f6m\u00f6t meg\u00e9lve, harmonikusan \u00e9lhetnek, fejl\u0151dhetnek.\u201d<\/p>\n<p>A konferencia r\u00e1mutatott, hogy az iskolai agresszi\u00f3 nemcsak az oktat\u00e1si int\u00e9zm\u00e9nyek probl\u00e9m\u00e1ja, hanem t\u00e1rsadalmi \u00fcgy, amely m\u00e1r mindannyiunkra hat\u00e1ssal van, \u00edgy mindannyiunk figyelm\u00e9t \u00e9s felel\u0151ss\u00e9gv\u00e1llal\u00e1s\u00e1t ig\u00e9nyli. Az \u00f6sszefog\u00e1s \u00e9s a cselekv\u00e9s nemcsak a konfliktusokat tudja cs\u00f6kkenteni a gyerekk\u00f6z\u00f6ss\u00e9gek \u00e9let\u00e9ben, hanem hossz\u00fa t\u00e1von megteremti egy er\u0151szakmentes j\u00f6v\u0151 alapjait is.<\/p>\n<p><em>Forr\u00e1s: Vir\u00e1gozz \u00e9s Prosper\u00e1lj K\u00f6zhaszn\u00fa Alap\u00edtv\u00e1ny<\/em><\/p>\n","protected":false},"excerpt":{"rendered":"<p>November 16-\u00e1n, a Tolerancia vil\u00e1gnapj\u00e1n, imm\u00e1r 6. alkalommal ker\u00fclt megrendez\u00e9sre az Orsz\u00e1gos Iskolai Agresszi\u00f3kezel\u00e9si Konferencia a Vir\u00e1gozz \u00e9s Prosper\u00e1lj K\u00f6zhaszn\u00fa Alap\u00edtv\u00e1ny szervez\u00e9s\u00e9ben, Az \u00fat a boldogs\u00e1ghoz nemzetk\u00f6zi mozgalom keret\u00e9n bel\u00fcl. Az alap\u00edtv\u00e1ny \u00e1ltal szervezett konferenci\u00e1n t\u00f6bb, mint 120 int\u00e9zm\u00e9nyvezet\u0151, iskolapszichol\u00f3gus, tan\u00edt\u00f3, tan\u00e1r, csal\u00e1dseg\u00edt\u0151 \u00e9s gyermekv\u00e9delmi szakember gy\u0171lt \u00f6ssze, hogy gyakorlatias \u00e9s m\u0171k\u00f6d\u0151 megold\u00e1sokat tal\u00e1ljanak az<\/p>\n","protected":false},"author":1,"featured_media":0,"comment_status":"closed","ping_status":"closed","sticky":false,"template":"","format":"standard","meta":{"ngg_post_thumbnail":0,"footnotes":""},"categories":[3,56],"tags":[6890,321],"class_list":{"0":"post-66909","1":"post","2":"type-post","3":"status-publish","4":"format-standard","6":"category-hirek","7":"category-komarom-esztergom","8":"tag-komarom-esztergom-varmegye","9":"tag-konferencia"},"yoast_head":"<!-- This site is optimized with the Yoast SEO plugin v27.4 - https:\/\/yoast.com\/product\/yoast-seo-wordpress\/ -->\n<title>V\u00e1rmegy\u00e9nkb\u0151l is \u00e9rkeztek az Iskolai Agresszi\u00f3kezel\u00e9si Konferenci\u00e1ra<\/title>\n<meta name=\"robots\" content=\"index, follow, max-snippet:-1, max-image-preview:large, max-video-preview:-1\" \/>\n<link rel=\"canonical\" href=\"https:\/\/dorogimedence.hu\/index.php\/2024\/11\/20\/varmegyenkbol-is-erkeztek-az-iskolai-agressziokezelesi-konferenciara\/\" class=\"yoast-seo-meta-tag\" \/>\n<meta property=\"og:locale\" content=\"hu_HU\" class=\"yoast-seo-meta-tag\" \/>\n<meta property=\"og:type\" content=\"article\" class=\"yoast-seo-meta-tag\" \/>\n<meta property=\"og:title\" content=\"V\u00e1rmegy\u00e9nkb\u0151l is \u00e9rkeztek az Iskolai Agresszi\u00f3kezel\u00e9si Konferenci\u00e1ra\" class=\"yoast-seo-meta-tag\" \/>\n<meta property=\"og:description\" content=\"November 16-\u00e1n, a Tolerancia vil\u00e1gnapj\u00e1n, imm\u00e1r 6. alkalommal ker\u00fclt megrendez\u00e9sre az Orsz\u00e1gos Iskolai Agresszi\u00f3kezel\u00e9si Konferencia a Vir\u00e1gozz \u00e9s Prosper\u00e1lj K\u00f6zhaszn\u00fa Alap\u00edtv\u00e1ny szervez\u00e9s\u00e9ben, Az \u00fat a boldogs\u00e1ghoz nemzetk\u00f6zi mozgalom keret\u00e9n bel\u00fcl. Az alap\u00edtv\u00e1ny \u00e1ltal szervezett konferenci\u00e1n t\u00f6bb, mint 120 int\u00e9zm\u00e9nyvezet\u0151, iskolapszichol\u00f3gus, tan\u00edt\u00f3, tan\u00e1r, csal\u00e1dseg\u00edt\u0151 \u00e9s gyermekv\u00e9delmi szakember gy\u0171lt \u00f6ssze, hogy gyakorlatias \u00e9s m\u0171k\u00f6d\u0151 megold\u00e1sokat tal\u00e1ljanak az\" class=\"yoast-seo-meta-tag\" \/>\n<meta property=\"og:url\" content=\"https:\/\/dorogimedence.hu\/index.php\/2024\/11\/20\/varmegyenkbol-is-erkeztek-az-iskolai-agressziokezelesi-konferenciara\/\" class=\"yoast-seo-meta-tag\" \/>\n<meta property=\"og:site_name\" content=\"Dorogi-medence Region\u00e1lis H\u00edrport\u00e1l\" class=\"yoast-seo-meta-tag\" \/>\n<meta property=\"article:publisher\" content=\"https:\/\/www.facebook.com\/dorogimedence\/\" class=\"yoast-seo-meta-tag\" \/>\n<meta property=\"article:published_time\" content=\"2024-11-20T14:42:03+00:00\" class=\"yoast-seo-meta-tag\" \/>\n<meta property=\"og:image\" content=\"https:\/\/dorogimedence.hu\/wp-content\/uploads\/2024\/11\/iskolai-agresszikezelesi-konferencia-2024-2.jpeg\" class=\"yoast-seo-meta-tag\" \/>\n\t<meta property=\"og:image:width\" content=\"640\" class=\"yoast-seo-meta-tag\" \/>\n\t<meta property=\"og:image:height\" content=\"427\" class=\"yoast-seo-meta-tag\" \/>\n\t<meta property=\"og:image:type\" content=\"image\/jpeg\" class=\"yoast-seo-meta-tag\" \/>\n<meta name=\"author\" content=\"dorogimedence.hu\" class=\"yoast-seo-meta-tag\" \/>\n<meta name=\"twitter:card\" content=\"summary_large_image\" class=\"yoast-seo-meta-tag\" \/>\n<meta name=\"twitter:label1\" content=\"Szerz\u0151:\" class=\"yoast-seo-meta-tag\" \/>\n\t<meta name=\"twitter:data1\" content=\"dorogimedence.hu\" class=\"yoast-seo-meta-tag\" \/>\n\t<meta name=\"twitter:label2\" content=\"Becs\u00fclt olvas\u00e1si id\u0151\" class=\"yoast-seo-meta-tag\" \/>\n\t<meta name=\"twitter:data2\" content=\"3 perc\" class=\"yoast-seo-meta-tag\" \/>\n<script type=\"application\/ld+json\" class=\"yoast-schema-graph\">{\"@context\":\"https:\\\/\\\/schema.org\",\"@graph\":[{\"@type\":\"Article\",\"@id\":\"https:\\\/\\\/dorogimedence.hu\\\/index.php\\\/2024\\\/11\\\/20\\\/varmegyenkbol-is-erkeztek-az-iskolai-agressziokezelesi-konferenciara\\\/#article\",\"isPartOf\":{\"@id\":\"https:\\\/\\\/dorogimedence.hu\\\/index.php\\\/2024\\\/11\\\/20\\\/varmegyenkbol-is-erkeztek-az-iskolai-agressziokezelesi-konferenciara\\\/\"},\"author\":{\"name\":\"dorogimedence.hu\",\"@id\":\"https:\\\/\\\/dorogimedence.hu\\\/#\\\/schema\\\/person\\\/ce6091eeb7e95ecdc87890d6aa8e0fd4\"},\"headline\":\"V\u00e1rmegy\u00e9nkb\u0151l is \u00e9rkeztek az Iskolai Agresszi\u00f3kezel\u00e9si Konferenci\u00e1ra\",\"datePublished\":\"2024-11-20T14:42:03+00:00\",\"mainEntityOfPage\":{\"@id\":\"https:\\\/\\\/dorogimedence.hu\\\/index.php\\\/2024\\\/11\\\/20\\\/varmegyenkbol-is-erkeztek-az-iskolai-agressziokezelesi-konferenciara\\\/\"},\"wordCount\":590,\"publisher\":{\"@id\":\"https:\\\/\\\/dorogimedence.hu\\\/#organization\"},\"keywords\":[\"Kom\u00e1rom-Esztergom v\u00e1rmegye\",\"konferencia\"],\"articleSection\":[\"H\u00edrek\",\"Kom\u00e1rom-Esztergom\"],\"inLanguage\":\"hu\"},{\"@type\":\"WebPage\",\"@id\":\"https:\\\/\\\/dorogimedence.hu\\\/index.php\\\/2024\\\/11\\\/20\\\/varmegyenkbol-is-erkeztek-az-iskolai-agressziokezelesi-konferenciara\\\/\",\"url\":\"https:\\\/\\\/dorogimedence.hu\\\/index.php\\\/2024\\\/11\\\/20\\\/varmegyenkbol-is-erkeztek-az-iskolai-agressziokezelesi-konferenciara\\\/\",\"name\":\"V\u00e1rmegy\u00e9nkb\u0151l is \u00e9rkeztek az Iskolai Agresszi\u00f3kezel\u00e9si Konferenci\u00e1ra\",\"isPartOf\":{\"@id\":\"https:\\\/\\\/dorogimedence.hu\\\/#website\"},\"datePublished\":\"2024-11-20T14:42:03+00:00\",\"breadcrumb\":{\"@id\":\"https:\\\/\\\/dorogimedence.hu\\\/index.php\\\/2024\\\/11\\\/20\\\/varmegyenkbol-is-erkeztek-az-iskolai-agressziokezelesi-konferenciara\\\/#breadcrumb\"},\"inLanguage\":\"hu\",\"potentialAction\":[{\"@type\":\"ReadAction\",\"target\":[\"https:\\\/\\\/dorogimedence.hu\\\/index.php\\\/2024\\\/11\\\/20\\\/varmegyenkbol-is-erkeztek-az-iskolai-agressziokezelesi-konferenciara\\\/\"]}]},{\"@type\":\"BreadcrumbList\",\"@id\":\"https:\\\/\\\/dorogimedence.hu\\\/index.php\\\/2024\\\/11\\\/20\\\/varmegyenkbol-is-erkeztek-az-iskolai-agressziokezelesi-konferenciara\\\/#breadcrumb\",\"itemListElement\":[{\"@type\":\"ListItem\",\"position\":1,\"name\":\"Kezd\u0151lap\",\"item\":\"https:\\\/\\\/dorogimedence.hu\\\/\"},{\"@type\":\"ListItem\",\"position\":2,\"name\":\"V\u00e1rmegy\u00e9nkb\u0151l is \u00e9rkeztek az Iskolai Agresszi\u00f3kezel\u00e9si Konferenci\u00e1ra\"}]},{\"@type\":\"WebSite\",\"@id\":\"https:\\\/\\\/dorogimedence.hu\\\/#website\",\"url\":\"https:\\\/\\\/dorogimedence.hu\\\/\",\"name\":\"Dorogi-medence Region\u00e1lis H\u00edrport\u00e1l\",\"description\":\"Dorog, Keszt\u00f6lc, Le\u00e1nyv\u00e1r, Piliscs\u00e9v, Tokod, Tokodalt\u00e1r\u00f3, Csolnok, Esztergom-kertv\u00e1ros: h\u00edrek, programok\",\"publisher\":{\"@id\":\"https:\\\/\\\/dorogimedence.hu\\\/#organization\"},\"potentialAction\":[{\"@type\":\"SearchAction\",\"target\":{\"@type\":\"EntryPoint\",\"urlTemplate\":\"https:\\\/\\\/dorogimedence.hu\\\/?s={search_term_string}\"},\"query-input\":{\"@type\":\"PropertyValueSpecification\",\"valueRequired\":true,\"valueName\":\"search_term_string\"}}],\"inLanguage\":\"hu\"},{\"@type\":\"Organization\",\"@id\":\"https:\\\/\\\/dorogimedence.hu\\\/#organization\",\"name\":\"Dorogi-medence Region\u00e1lis H\u00edrport\u00e1l\",\"url\":\"https:\\\/\\\/dorogimedence.hu\\\/\",\"logo\":{\"@type\":\"ImageObject\",\"inLanguage\":\"hu\",\"@id\":\"https:\\\/\\\/dorogimedence.hu\\\/#\\\/schema\\\/logo\\\/image\\\/\",\"url\":\"https:\\\/\\\/dorogimedence.hu\\\/wp-content\\\/uploads\\\/2021\\\/04\\\/logo-feher-600.png\",\"contentUrl\":\"https:\\\/\\\/dorogimedence.hu\\\/wp-content\\\/uploads\\\/2021\\\/04\\\/logo-feher-600.png\",\"width\":600,\"height\":100,\"caption\":\"Dorogi-medence Region\u00e1lis H\u00edrport\u00e1l\"},\"image\":{\"@id\":\"https:\\\/\\\/dorogimedence.hu\\\/#\\\/schema\\\/logo\\\/image\\\/\"},\"sameAs\":[\"https:\\\/\\\/www.facebook.com\\\/dorogimedence\\\/\"]},{\"@type\":\"Person\",\"@id\":\"https:\\\/\\\/dorogimedence.hu\\\/#\\\/schema\\\/person\\\/ce6091eeb7e95ecdc87890d6aa8e0fd4\",\"name\":\"dorogimedence.hu\",\"image\":{\"@type\":\"ImageObject\",\"inLanguage\":\"hu\",\"@id\":\"\\\/\\\/www.gravatar.com\\\/avatar\\\/d8d45f8901aadff40a4af72c0b826f1d?s=96&#038;r=g&#038;d=mm\",\"url\":\"\\\/\\\/www.gravatar.com\\\/avatar\\\/d8d45f8901aadff40a4af72c0b826f1d?s=96&#038;r=g&#038;d=mm\",\"contentUrl\":\"\\\/\\\/www.gravatar.com\\\/avatar\\\/d8d45f8901aadff40a4af72c0b826f1d?s=96&#038;r=g&#038;d=mm\",\"caption\":\"dorogimedence.hu\"}}]}<\/script>\n<!-- \/ Yoast SEO plugin. -->","yoast_head_json":{"title":"V\u00e1rmegy\u00e9nkb\u0151l is \u00e9rkeztek az Iskolai Agresszi\u00f3kezel\u00e9si Konferenci\u00e1ra","robots":{"index":"index","follow":"follow","max-snippet":"max-snippet:-1","max-image-preview":"max-image-preview:large","max-video-preview":"max-video-preview:-1"},"canonical":"https:\/\/dorogimedence.hu\/index.php\/2024\/11\/20\/varmegyenkbol-is-erkeztek-az-iskolai-agressziokezelesi-konferenciara\/","og_locale":"hu_HU","og_type":"article","og_title":"V\u00e1rmegy\u00e9nkb\u0151l is \u00e9rkeztek az Iskolai Agresszi\u00f3kezel\u00e9si Konferenci\u00e1ra","og_description":"November 16-\u00e1n, a Tolerancia vil\u00e1gnapj\u00e1n, imm\u00e1r 6. alkalommal ker\u00fclt megrendez\u00e9sre az Orsz\u00e1gos Iskolai Agresszi\u00f3kezel\u00e9si Konferencia a Vir\u00e1gozz \u00e9s Prosper\u00e1lj K\u00f6zhaszn\u00fa Alap\u00edtv\u00e1ny szervez\u00e9s\u00e9ben, Az \u00fat a boldogs\u00e1ghoz nemzetk\u00f6zi mozgalom keret\u00e9n bel\u00fcl. Az alap\u00edtv\u00e1ny \u00e1ltal szervezett konferenci\u00e1n t\u00f6bb, mint 120 int\u00e9zm\u00e9nyvezet\u0151, iskolapszichol\u00f3gus, tan\u00edt\u00f3, tan\u00e1r, csal\u00e1dseg\u00edt\u0151 \u00e9s gyermekv\u00e9delmi szakember gy\u0171lt \u00f6ssze, hogy gyakorlatias \u00e9s m\u0171k\u00f6d\u0151 megold\u00e1sokat tal\u00e1ljanak az","og_url":"https:\/\/dorogimedence.hu\/index.php\/2024\/11\/20\/varmegyenkbol-is-erkeztek-az-iskolai-agressziokezelesi-konferenciara\/","og_site_name":"Dorogi-medence Region\u00e1lis H\u00edrport\u00e1l","article_publisher":"https:\/\/www.facebook.com\/dorogimedence\/","article_published_time":"2024-11-20T14:42:03+00:00","og_image":[{"width":640,"height":427,"url":"https:\/\/dorogimedence.hu\/wp-content\/uploads\/2024\/11\/iskolai-agresszikezelesi-konferencia-2024-2.jpeg","type":"image\/jpeg"}],"author":"dorogimedence.hu","twitter_card":"summary_large_image","twitter_misc":{"Szerz\u0151:":"dorogimedence.hu","Becs\u00fclt olvas\u00e1si id\u0151":"3 perc"},"schema":{"@context":"https:\/\/schema.org","@graph":[{"@type":"Article","@id":"https:\/\/dorogimedence.hu\/index.php\/2024\/11\/20\/varmegyenkbol-is-erkeztek-az-iskolai-agressziokezelesi-konferenciara\/#article","isPartOf":{"@id":"https:\/\/dorogimedence.hu\/index.php\/2024\/11\/20\/varmegyenkbol-is-erkeztek-az-iskolai-agressziokezelesi-konferenciara\/"},"author":{"name":"dorogimedence.hu","@id":"https:\/\/dorogimedence.hu\/#\/schema\/person\/ce6091eeb7e95ecdc87890d6aa8e0fd4"},"headline":"V\u00e1rmegy\u00e9nkb\u0151l is \u00e9rkeztek az Iskolai Agresszi\u00f3kezel\u00e9si Konferenci\u00e1ra","datePublished":"2024-11-20T14:42:03+00:00","mainEntityOfPage":{"@id":"https:\/\/dorogimedence.hu\/index.php\/2024\/11\/20\/varmegyenkbol-is-erkeztek-az-iskolai-agressziokezelesi-konferenciara\/"},"wordCount":590,"publisher":{"@id":"https:\/\/dorogimedence.hu\/#organization"},"keywords":["Kom\u00e1rom-Esztergom v\u00e1rmegye","konferencia"],"articleSection":["H\u00edrek","Kom\u00e1rom-Esztergom"],"inLanguage":"hu"},{"@type":"WebPage","@id":"https:\/\/dorogimedence.hu\/index.php\/2024\/11\/20\/varmegyenkbol-is-erkeztek-az-iskolai-agressziokezelesi-konferenciara\/","url":"https:\/\/dorogimedence.hu\/index.php\/2024\/11\/20\/varmegyenkbol-is-erkeztek-az-iskolai-agressziokezelesi-konferenciara\/","name":"V\u00e1rmegy\u00e9nkb\u0151l is \u00e9rkeztek az Iskolai Agresszi\u00f3kezel\u00e9si Konferenci\u00e1ra","isPartOf":{"@id":"https:\/\/dorogimedence.hu\/#website"},"datePublished":"2024-11-20T14:42:03+00:00","breadcrumb":{"@id":"https:\/\/dorogimedence.hu\/index.php\/2024\/11\/20\/varmegyenkbol-is-erkeztek-az-iskolai-agressziokezelesi-konferenciara\/#breadcrumb"},"inLanguage":"hu","potentialAction":[{"@type":"ReadAction","target":["https:\/\/dorogimedence.hu\/index.php\/2024\/11\/20\/varmegyenkbol-is-erkeztek-az-iskolai-agressziokezelesi-konferenciara\/"]}]},{"@type":"BreadcrumbList","@id":"https:\/\/dorogimedence.hu\/index.php\/2024\/11\/20\/varmegyenkbol-is-erkeztek-az-iskolai-agressziokezelesi-konferenciara\/#breadcrumb","itemListElement":[{"@type":"ListItem","position":1,"name":"Kezd\u0151lap","item":"https:\/\/dorogimedence.hu\/"},{"@type":"ListItem","position":2,"name":"V\u00e1rmegy\u00e9nkb\u0151l is \u00e9rkeztek az Iskolai Agresszi\u00f3kezel\u00e9si Konferenci\u00e1ra"}]},{"@type":"WebSite","@id":"https:\/\/dorogimedence.hu\/#website","url":"https:\/\/dorogimedence.hu\/","name":"Dorogi-medence Region\u00e1lis H\u00edrport\u00e1l","description":"Dorog, Keszt\u00f6lc, Le\u00e1nyv\u00e1r, Piliscs\u00e9v, Tokod, Tokodalt\u00e1r\u00f3, Csolnok, Esztergom-kertv\u00e1ros: h\u00edrek, programok","publisher":{"@id":"https:\/\/dorogimedence.hu\/#organization"},"potentialAction":[{"@type":"SearchAction","target":{"@type":"EntryPoint","urlTemplate":"https:\/\/dorogimedence.hu\/?s={search_term_string}"},"query-input":{"@type":"PropertyValueSpecification","valueRequired":true,"valueName":"search_term_string"}}],"inLanguage":"hu"},{"@type":"Organization","@id":"https:\/\/dorogimedence.hu\/#organization","name":"Dorogi-medence Region\u00e1lis H\u00edrport\u00e1l","url":"https:\/\/dorogimedence.hu\/","logo":{"@type":"ImageObject","inLanguage":"hu","@id":"https:\/\/dorogimedence.hu\/#\/schema\/logo\/image\/","url":"https:\/\/dorogimedence.hu\/wp-content\/uploads\/2021\/04\/logo-feher-600.png","contentUrl":"https:\/\/dorogimedence.hu\/wp-content\/uploads\/2021\/04\/logo-feher-600.png","width":600,"height":100,"caption":"Dorogi-medence Region\u00e1lis H\u00edrport\u00e1l"},"image":{"@id":"https:\/\/dorogimedence.hu\/#\/schema\/logo\/image\/"},"sameAs":["https:\/\/www.facebook.com\/dorogimedence\/"]},{"@type":"Person","@id":"https:\/\/dorogimedence.hu\/#\/schema\/person\/ce6091eeb7e95ecdc87890d6aa8e0fd4","name":"dorogimedence.hu","image":{"@type":"ImageObject","inLanguage":"hu","@id":"\/\/www.gravatar.com\/avatar\/d8d45f8901aadff40a4af72c0b826f1d?s=96&#038;r=g&#038;d=mm","url":"\/\/www.gravatar.com\/avatar\/d8d45f8901aadff40a4af72c0b826f1d?s=96&#038;r=g&#038;d=mm","contentUrl":"\/\/www.gravatar.com\/avatar\/d8d45f8901aadff40a4af72c0b826f1d?s=96&#038;r=g&#038;d=mm","caption":"dorogimedence.hu"}}]}},"_links":{"self":[{"href":"https:\/\/dorogimedence.hu\/index.php\/wp-json\/wp\/v2\/posts\/66909","targetHints":{"allow":["GET"]}}],"collection":[{"href":"https:\/\/dorogimedence.hu\/index.php\/wp-json\/wp\/v2\/posts"}],"about":[{"href":"https:\/\/dorogimedence.hu\/index.php\/wp-json\/wp\/v2\/types\/post"}],"author":[{"embeddable":true,"href":"https:\/\/dorogimedence.hu\/index.php\/wp-json\/wp\/v2\/users\/1"}],"replies":[{"embeddable":true,"href":"https:\/\/dorogimedence.hu\/index.php\/wp-json\/wp\/v2\/comments?post=66909"}],"version-history":[{"count":0,"href":"https:\/\/dorogimedence.hu\/index.php\/wp-json\/wp\/v2\/posts\/66909\/revisions"}],"wp:attachment":[{"href":"https:\/\/dorogimedence.hu\/index.php\/wp-json\/wp\/v2\/media?parent=66909"}],"wp:term":[{"taxonomy":"category","embeddable":true,"href":"https:\/\/dorogimedence.hu\/index.php\/wp-json\/wp\/v2\/categories?post=66909"},{"taxonomy":"post_tag","embeddable":true,"href":"https:\/\/dorogimedence.hu\/index.php\/wp-json\/wp\/v2\/tags?post=66909"}],"curies":[{"name":"wp","href":"https:\/\/api.w.org\/{rel}","templated":true}]}}