{"id":66634,"date":"2024-11-12T15:42:00","date_gmt":"2024-11-12T14:42:00","guid":{"rendered":"https:\/\/dorogimedence.hu\/?p=66634"},"modified":"2024-11-12T15:42:00","modified_gmt":"2024-11-12T14:42:00","slug":"a-15-eves-jubileumat-unneplo-tati-szerdai-festok-kiallitasa","status":"publish","type":"post","link":"https:\/\/dorogimedence.hu\/index.php\/2024\/11\/12\/a-15-eves-jubileumat-unneplo-tati-szerdai-festok-kiallitasa\/","title":{"rendered":"A 15 \u00e9ves jubileum\u00e1t \u00fcnnepl\u0151 T\u00e1ti Szerdai Fest\u0151k ki\u00e1ll\u00edt\u00e1sa"},"content":{"rendered":"<p><strong>November 17-\u00e9n, vas\u00e1rnap 17 \u00f3rakor nyitj\u00e1k meg a 15 \u00c9ves T\u00e1ti Szerdai Fest\u0151k c\u00edm\u0171 ki\u00e1ll\u00edt\u00e1st, melynek helysz\u00edne a T\u00e1t V\u00e1ros \u00d6nkorm\u00e1nyzat Kult\u00farh\u00e1z \u00e9s K\u00f6nyvt\u00e1r.<\/strong><\/p>\n<p>A ki\u00e1ll\u00edt\u00e1st megnyitja \u00e9s k\u00f6sz\u00f6nt\u0151t mond:<br \/>\n<strong>Turi Lajos<\/strong><br \/>\n<em>T\u00e1t v\u00e1ros polg\u00e1rmestere<\/em><\/p>\n<p>A ki\u00e1ll\u00edt\u00e1st bemutatja:<br \/>\n<strong>Simon M. Veronika<\/strong><br \/>\n<em>Cserh\u00e1t-Munk\u00e1csy \u00e9s Holl\u00f3 L\u00e1szl\u00f3 d\u00edjas KUNST MEISTER fest\u0151m\u0171v\u00e9sz<\/em><\/p>\n<p>K\u00f6zrem\u0171k\u00f6dik:<br \/>\n<strong>Enyedi B\u00e9la<\/strong><br \/>\n<em>kort\u00e1rs m\u0171v\u00e9sz, fest\u0151, k\u00f6lt\u0151, el\u0151ad\u00f3 \u00e9nekes<\/em><\/p>\n<p><strong>Ki\u00e1ll\u00edt\u00f3k:<\/strong><br \/>\nK\u00c1TAI FERENCN\u00c9<br \/>\nROBOTKA L\u00c1SZL\u00d3<br \/>\nSZ\u00d3DA J\u00d3ZSEFN\u00c9<br \/>\nP\u00c1NCZ\u00c9L B\u00c9L\u00c1N\u00c9 B\u00c9RCES ILONA<br \/>\nWUTZELN\u00c9 KISS MAGDOLNA<br \/>\nJ\u00d3ZSA \u00c9VA ANDREA<br \/>\nBOTH X\u00c9NIA<br \/>\nBRAUN \u00c1GNES<br \/>\nSZILASN\u00c9 V\u00c1LENT ILONA<br \/>\nTISCH ERZS\u00c9BET<br \/>\nB\u0150SZ \u00c1RP\u00c1DN\u00c9<br \/>\nNAGYV\u00c1RADIN\u00c9 KOM\u00c1R MAGDOLNA<br \/>\nROTBAUER L\u00c1SZL\u00d3N\u00c9<br \/>\nGER\u00c1N\u00c9 KOTOL\u00c1CSI ZSUZSANNA<br \/>\nER\u0150S FERENC<br \/>\nSA\u00c1R HAJ\u00d3S ERZS\u00c9BET<br \/>\nN\u00c1DASI \u2013 B\u0150HM M\u00c1RTA<\/p>\n<p>A ki\u00e1ll\u00edt\u00e1s megtekinthet\u0151 2024. november 17. \u2013 december 12. k\u00f6z\u00f6tt.<\/p>\n<p><a href=\"https:\/\/www.facebook.com\/events\/537286419290809\" target=\"_blank\" rel=\"noopener\"><span style=\"text-decoration: underline;\"><span style=\"color: #0000ff;\"><strong>Facebook esem\u00e9ny&gt;&gt;<\/strong><\/span><\/span><\/a><\/p>\n<p><img fetchpriority=\"high\" decoding=\"async\" class=\"alignnone size-full wp-image-66635\" src=\"https:\/\/dorogimedence.hu\/wp-content\/uploads\/2024\/11\/meghivonet.png\" alt=\"\" width=\"1240\" height=\"1754\" srcset=\"https:\/\/dorogimedence.hu\/wp-content\/uploads\/2024\/11\/meghivonet.png 1240w, https:\/\/dorogimedence.hu\/wp-content\/uploads\/2024\/11\/meghivonet-424x600.png 424w, https:\/\/dorogimedence.hu\/wp-content\/uploads\/2024\/11\/meghivonet-768x1086.png 768w, https:\/\/dorogimedence.hu\/wp-content\/uploads\/2024\/11\/meghivonet-1086x1536.png 1086w, https:\/\/dorogimedence.hu\/wp-content\/uploads\/2024\/11\/meghivonet-150x212.png 150w, https:\/\/dorogimedence.hu\/wp-content\/uploads\/2024\/11\/meghivonet-450x637.png 450w, https:\/\/dorogimedence.hu\/wp-content\/uploads\/2024\/11\/meghivonet-1200x1697.png 1200w\" sizes=\"(max-width: 1240px) 100vw, 1240px\" \/><\/p>\n","protected":false},"excerpt":{"rendered":"<p>November 17-\u00e9n, vas\u00e1rnap 17 \u00f3rakor nyitj\u00e1k meg a 15 \u00c9ves T\u00e1ti Szerdai Fest\u0151k c\u00edm\u0171 ki\u00e1ll\u00edt\u00e1st, melynek helysz\u00edne a T\u00e1t V\u00e1ros \u00d6nkorm\u00e1nyzat Kult\u00farh\u00e1z \u00e9s K\u00f6nyvt\u00e1r. A ki\u00e1ll\u00edt\u00e1st megnyitja \u00e9s k\u00f6sz\u00f6nt\u0151t mond: Turi Lajos T\u00e1t v\u00e1ros polg\u00e1rmestere A ki\u00e1ll\u00edt\u00e1st bemutatja: Simon M. Veronika Cserh\u00e1t-Munk\u00e1csy \u00e9s Holl\u00f3 L\u00e1szl\u00f3 d\u00edjas KUNST MEISTER fest\u0151m\u0171v\u00e9sz K\u00f6zrem\u0171k\u00f6dik: Enyedi B\u00e9la kort\u00e1rs m\u0171v\u00e9sz, fest\u0151,<\/p>\n","protected":false},"author":1,"featured_media":66636,"comment_status":"closed","ping_status":"closed","sticky":false,"template":"","format":"standard","meta":{"ngg_post_thumbnail":0,"footnotes":""},"categories":[3,3561,110],"tags":[194,101,116,111,8101],"class_list":{"0":"post-66634","1":"post","2":"type-post","3":"status-publish","4":"format-standard","5":"has-post-thumbnail","7":"category-hirek","8":"category-programok","9":"category-tat","10":"tag-kiallitas","11":"tag-program","12":"tag-programok","13":"tag-tat","14":"tag-tati-szerdai-festok"},"yoast_head":"<!-- This site is optimized with the Yoast SEO plugin v27.4 - https:\/\/yoast.com\/product\/yoast-seo-wordpress\/ -->\n<title>A 15 \u00e9ves jubileum\u00e1t \u00fcnnepl\u0151 T\u00e1ti Szerdai Fest\u0151k ki\u00e1ll\u00edt\u00e1sa<\/title>\n<meta name=\"robots\" content=\"index, follow, max-snippet:-1, max-image-preview:large, max-video-preview:-1\" \/>\n<link rel=\"canonical\" href=\"https:\/\/dorogimedence.hu\/index.php\/2024\/11\/12\/a-15-eves-jubileumat-unneplo-tati-szerdai-festok-kiallitasa\/\" class=\"yoast-seo-meta-tag\" \/>\n<meta property=\"og:locale\" content=\"hu_HU\" class=\"yoast-seo-meta-tag\" \/>\n<meta property=\"og:type\" content=\"article\" class=\"yoast-seo-meta-tag\" \/>\n<meta property=\"og:title\" content=\"A 15 \u00e9ves jubileum\u00e1t \u00fcnnepl\u0151 T\u00e1ti Szerdai Fest\u0151k ki\u00e1ll\u00edt\u00e1sa\" class=\"yoast-seo-meta-tag\" \/>\n<meta property=\"og:description\" content=\"November 17-\u00e9n, vas\u00e1rnap 17 \u00f3rakor nyitj\u00e1k meg a 15 \u00c9ves T\u00e1ti Szerdai Fest\u0151k c\u00edm\u0171 ki\u00e1ll\u00edt\u00e1st, melynek helysz\u00edne a T\u00e1t V\u00e1ros \u00d6nkorm\u00e1nyzat Kult\u00farh\u00e1z \u00e9s K\u00f6nyvt\u00e1r. A ki\u00e1ll\u00edt\u00e1st megnyitja \u00e9s k\u00f6sz\u00f6nt\u0151t mond: Turi Lajos T\u00e1t v\u00e1ros polg\u00e1rmestere A ki\u00e1ll\u00edt\u00e1st bemutatja: Simon M. Veronika Cserh\u00e1t-Munk\u00e1csy \u00e9s Holl\u00f3 L\u00e1szl\u00f3 d\u00edjas KUNST MEISTER fest\u0151m\u0171v\u00e9sz K\u00f6zrem\u0171k\u00f6dik: Enyedi B\u00e9la kort\u00e1rs m\u0171v\u00e9sz, fest\u0151,\" class=\"yoast-seo-meta-tag\" \/>\n<meta property=\"og:url\" content=\"https:\/\/dorogimedence.hu\/index.php\/2024\/11\/12\/a-15-eves-jubileumat-unneplo-tati-szerdai-festok-kiallitasa\/\" class=\"yoast-seo-meta-tag\" \/>\n<meta property=\"og:site_name\" content=\"Dorogi-medence Region\u00e1lis H\u00edrport\u00e1l\" class=\"yoast-seo-meta-tag\" \/>\n<meta property=\"article:publisher\" content=\"https:\/\/www.facebook.com\/dorogimedence\/\" class=\"yoast-seo-meta-tag\" \/>\n<meta property=\"article:published_time\" content=\"2024-11-12T14:42:00+00:00\" class=\"yoast-seo-meta-tag\" \/>\n<meta property=\"og:image\" content=\"https:\/\/dorogimedence.hu\/wp-content\/uploads\/2024\/11\/tati-szerdai-festok.jpg\" class=\"yoast-seo-meta-tag\" \/>\n\t<meta property=\"og:image:width\" content=\"1920\" class=\"yoast-seo-meta-tag\" \/>\n\t<meta property=\"og:image:height\" content=\"970\" class=\"yoast-seo-meta-tag\" \/>\n\t<meta property=\"og:image:type\" content=\"image\/jpeg\" class=\"yoast-seo-meta-tag\" \/>\n<meta name=\"author\" content=\"dorogimedence.hu\" class=\"yoast-seo-meta-tag\" \/>\n<meta name=\"twitter:card\" content=\"summary_large_image\" class=\"yoast-seo-meta-tag\" \/>\n<meta name=\"twitter:label1\" content=\"Szerz\u0151:\" class=\"yoast-seo-meta-tag\" \/>\n\t<meta name=\"twitter:data1\" content=\"dorogimedence.hu\" class=\"yoast-seo-meta-tag\" \/>\n\t<meta name=\"twitter:label2\" content=\"Becs\u00fclt olvas\u00e1si id\u0151\" class=\"yoast-seo-meta-tag\" \/>\n\t<meta name=\"twitter:data2\" content=\"1 perc\" class=\"yoast-seo-meta-tag\" \/>\n<script type=\"application\/ld+json\" class=\"yoast-schema-graph\">{\"@context\":\"https:\\\/\\\/schema.org\",\"@graph\":[{\"@type\":\"Article\",\"@id\":\"https:\\\/\\\/dorogimedence.hu\\\/index.php\\\/2024\\\/11\\\/12\\\/a-15-eves-jubileumat-unneplo-tati-szerdai-festok-kiallitasa\\\/#article\",\"isPartOf\":{\"@id\":\"https:\\\/\\\/dorogimedence.hu\\\/index.php\\\/2024\\\/11\\\/12\\\/a-15-eves-jubileumat-unneplo-tati-szerdai-festok-kiallitasa\\\/\"},\"author\":{\"name\":\"dorogimedence.hu\",\"@id\":\"https:\\\/\\\/dorogimedence.hu\\\/#\\\/schema\\\/person\\\/ce6091eeb7e95ecdc87890d6aa8e0fd4\"},\"headline\":\"A 15 \u00e9ves jubileum\u00e1t \u00fcnnepl\u0151 T\u00e1ti Szerdai Fest\u0151k ki\u00e1ll\u00edt\u00e1sa\",\"datePublished\":\"2024-11-12T14:42:00+00:00\",\"mainEntityOfPage\":{\"@id\":\"https:\\\/\\\/dorogimedence.hu\\\/index.php\\\/2024\\\/11\\\/12\\\/a-15-eves-jubileumat-unneplo-tati-szerdai-festok-kiallitasa\\\/\"},\"wordCount\":206,\"publisher\":{\"@id\":\"https:\\\/\\\/dorogimedence.hu\\\/#organization\"},\"image\":{\"@id\":\"https:\\\/\\\/dorogimedence.hu\\\/index.php\\\/2024\\\/11\\\/12\\\/a-15-eves-jubileumat-unneplo-tati-szerdai-festok-kiallitasa\\\/#primaryimage\"},\"thumbnailUrl\":\"https:\\\/\\\/dorogimedence.hu\\\/wp-content\\\/uploads\\\/2024\\\/11\\\/tati-szerdai-festok.jpg\",\"keywords\":[\"ki\u00e1ll\u00edt\u00e1s\",\"program\",\"programok\",\"T\u00e1t\",\"T\u00e1ti Szerdai Fest\u0151k\"],\"articleSection\":[\"H\u00edrek\",\"Programok\",\"T\u00e1t\"],\"inLanguage\":\"hu\"},{\"@type\":\"WebPage\",\"@id\":\"https:\\\/\\\/dorogimedence.hu\\\/index.php\\\/2024\\\/11\\\/12\\\/a-15-eves-jubileumat-unneplo-tati-szerdai-festok-kiallitasa\\\/\",\"url\":\"https:\\\/\\\/dorogimedence.hu\\\/index.php\\\/2024\\\/11\\\/12\\\/a-15-eves-jubileumat-unneplo-tati-szerdai-festok-kiallitasa\\\/\",\"name\":\"A 15 \u00e9ves jubileum\u00e1t \u00fcnnepl\u0151 T\u00e1ti Szerdai Fest\u0151k ki\u00e1ll\u00edt\u00e1sa\",\"isPartOf\":{\"@id\":\"https:\\\/\\\/dorogimedence.hu\\\/#website\"},\"primaryImageOfPage\":{\"@id\":\"https:\\\/\\\/dorogimedence.hu\\\/index.php\\\/2024\\\/11\\\/12\\\/a-15-eves-jubileumat-unneplo-tati-szerdai-festok-kiallitasa\\\/#primaryimage\"},\"image\":{\"@id\":\"https:\\\/\\\/dorogimedence.hu\\\/index.php\\\/2024\\\/11\\\/12\\\/a-15-eves-jubileumat-unneplo-tati-szerdai-festok-kiallitasa\\\/#primaryimage\"},\"thumbnailUrl\":\"https:\\\/\\\/dorogimedence.hu\\\/wp-content\\\/uploads\\\/2024\\\/11\\\/tati-szerdai-festok.jpg\",\"datePublished\":\"2024-11-12T14:42:00+00:00\",\"breadcrumb\":{\"@id\":\"https:\\\/\\\/dorogimedence.hu\\\/index.php\\\/2024\\\/11\\\/12\\\/a-15-eves-jubileumat-unneplo-tati-szerdai-festok-kiallitasa\\\/#breadcrumb\"},\"inLanguage\":\"hu\",\"potentialAction\":[{\"@type\":\"ReadAction\",\"target\":[\"https:\\\/\\\/dorogimedence.hu\\\/index.php\\\/2024\\\/11\\\/12\\\/a-15-eves-jubileumat-unneplo-tati-szerdai-festok-kiallitasa\\\/\"]}]},{\"@type\":\"ImageObject\",\"inLanguage\":\"hu\",\"@id\":\"https:\\\/\\\/dorogimedence.hu\\\/index.php\\\/2024\\\/11\\\/12\\\/a-15-eves-jubileumat-unneplo-tati-szerdai-festok-kiallitasa\\\/#primaryimage\",\"url\":\"https:\\\/\\\/dorogimedence.hu\\\/wp-content\\\/uploads\\\/2024\\\/11\\\/tati-szerdai-festok.jpg\",\"contentUrl\":\"https:\\\/\\\/dorogimedence.hu\\\/wp-content\\\/uploads\\\/2024\\\/11\\\/tati-szerdai-festok.jpg\",\"width\":1920,\"height\":970},{\"@type\":\"BreadcrumbList\",\"@id\":\"https:\\\/\\\/dorogimedence.hu\\\/index.php\\\/2024\\\/11\\\/12\\\/a-15-eves-jubileumat-unneplo-tati-szerdai-festok-kiallitasa\\\/#breadcrumb\",\"itemListElement\":[{\"@type\":\"ListItem\",\"position\":1,\"name\":\"Kezd\u0151lap\",\"item\":\"https:\\\/\\\/dorogimedence.hu\\\/\"},{\"@type\":\"ListItem\",\"position\":2,\"name\":\"A 15 \u00e9ves jubileum\u00e1t \u00fcnnepl\u0151 T\u00e1ti Szerdai Fest\u0151k ki\u00e1ll\u00edt\u00e1sa\"}]},{\"@type\":\"WebSite\",\"@id\":\"https:\\\/\\\/dorogimedence.hu\\\/#website\",\"url\":\"https:\\\/\\\/dorogimedence.hu\\\/\",\"name\":\"Dorogi-medence Region\u00e1lis H\u00edrport\u00e1l\",\"description\":\"Dorog, Keszt\u00f6lc, Le\u00e1nyv\u00e1r, Piliscs\u00e9v, Tokod, Tokodalt\u00e1r\u00f3, Csolnok, Esztergom-kertv\u00e1ros: h\u00edrek, programok\",\"publisher\":{\"@id\":\"https:\\\/\\\/dorogimedence.hu\\\/#organization\"},\"potentialAction\":[{\"@type\":\"SearchAction\",\"target\":{\"@type\":\"EntryPoint\",\"urlTemplate\":\"https:\\\/\\\/dorogimedence.hu\\\/?s={search_term_string}\"},\"query-input\":{\"@type\":\"PropertyValueSpecification\",\"valueRequired\":true,\"valueName\":\"search_term_string\"}}],\"inLanguage\":\"hu\"},{\"@type\":\"Organization\",\"@id\":\"https:\\\/\\\/dorogimedence.hu\\\/#organization\",\"name\":\"Dorogi-medence Region\u00e1lis H\u00edrport\u00e1l\",\"url\":\"https:\\\/\\\/dorogimedence.hu\\\/\",\"logo\":{\"@type\":\"ImageObject\",\"inLanguage\":\"hu\",\"@id\":\"https:\\\/\\\/dorogimedence.hu\\\/#\\\/schema\\\/logo\\\/image\\\/\",\"url\":\"https:\\\/\\\/dorogimedence.hu\\\/wp-content\\\/uploads\\\/2021\\\/04\\\/logo-feher-600.png\",\"contentUrl\":\"https:\\\/\\\/dorogimedence.hu\\\/wp-content\\\/uploads\\\/2021\\\/04\\\/logo-feher-600.png\",\"width\":600,\"height\":100,\"caption\":\"Dorogi-medence Region\u00e1lis H\u00edrport\u00e1l\"},\"image\":{\"@id\":\"https:\\\/\\\/dorogimedence.hu\\\/#\\\/schema\\\/logo\\\/image\\\/\"},\"sameAs\":[\"https:\\\/\\\/www.facebook.com\\\/dorogimedence\\\/\"]},{\"@type\":\"Person\",\"@id\":\"https:\\\/\\\/dorogimedence.hu\\\/#\\\/schema\\\/person\\\/ce6091eeb7e95ecdc87890d6aa8e0fd4\",\"name\":\"dorogimedence.hu\",\"image\":{\"@type\":\"ImageObject\",\"inLanguage\":\"hu\",\"@id\":\"\\\/\\\/www.gravatar.com\\\/avatar\\\/d8d45f8901aadff40a4af72c0b826f1d?s=96&#038;r=g&#038;d=mm\",\"url\":\"\\\/\\\/www.gravatar.com\\\/avatar\\\/d8d45f8901aadff40a4af72c0b826f1d?s=96&#038;r=g&#038;d=mm\",\"contentUrl\":\"\\\/\\\/www.gravatar.com\\\/avatar\\\/d8d45f8901aadff40a4af72c0b826f1d?s=96&#038;r=g&#038;d=mm\",\"caption\":\"dorogimedence.hu\"}}]}<\/script>\n<!-- \/ Yoast SEO plugin. -->","yoast_head_json":{"title":"A 15 \u00e9ves jubileum\u00e1t \u00fcnnepl\u0151 T\u00e1ti Szerdai Fest\u0151k ki\u00e1ll\u00edt\u00e1sa","robots":{"index":"index","follow":"follow","max-snippet":"max-snippet:-1","max-image-preview":"max-image-preview:large","max-video-preview":"max-video-preview:-1"},"canonical":"https:\/\/dorogimedence.hu\/index.php\/2024\/11\/12\/a-15-eves-jubileumat-unneplo-tati-szerdai-festok-kiallitasa\/","og_locale":"hu_HU","og_type":"article","og_title":"A 15 \u00e9ves jubileum\u00e1t \u00fcnnepl\u0151 T\u00e1ti Szerdai Fest\u0151k ki\u00e1ll\u00edt\u00e1sa","og_description":"November 17-\u00e9n, vas\u00e1rnap 17 \u00f3rakor nyitj\u00e1k meg a 15 \u00c9ves T\u00e1ti Szerdai Fest\u0151k c\u00edm\u0171 ki\u00e1ll\u00edt\u00e1st, melynek helysz\u00edne a T\u00e1t V\u00e1ros \u00d6nkorm\u00e1nyzat Kult\u00farh\u00e1z \u00e9s K\u00f6nyvt\u00e1r. A ki\u00e1ll\u00edt\u00e1st megnyitja \u00e9s k\u00f6sz\u00f6nt\u0151t mond: Turi Lajos T\u00e1t v\u00e1ros polg\u00e1rmestere A ki\u00e1ll\u00edt\u00e1st bemutatja: Simon M. Veronika Cserh\u00e1t-Munk\u00e1csy \u00e9s Holl\u00f3 L\u00e1szl\u00f3 d\u00edjas KUNST MEISTER fest\u0151m\u0171v\u00e9sz K\u00f6zrem\u0171k\u00f6dik: Enyedi B\u00e9la kort\u00e1rs m\u0171v\u00e9sz, fest\u0151,","og_url":"https:\/\/dorogimedence.hu\/index.php\/2024\/11\/12\/a-15-eves-jubileumat-unneplo-tati-szerdai-festok-kiallitasa\/","og_site_name":"Dorogi-medence Region\u00e1lis H\u00edrport\u00e1l","article_publisher":"https:\/\/www.facebook.com\/dorogimedence\/","article_published_time":"2024-11-12T14:42:00+00:00","og_image":[{"width":1920,"height":970,"url":"https:\/\/dorogimedence.hu\/wp-content\/uploads\/2024\/11\/tati-szerdai-festok.jpg","type":"image\/jpeg"}],"author":"dorogimedence.hu","twitter_card":"summary_large_image","twitter_misc":{"Szerz\u0151:":"dorogimedence.hu","Becs\u00fclt olvas\u00e1si id\u0151":"1 perc"},"schema":{"@context":"https:\/\/schema.org","@graph":[{"@type":"Article","@id":"https:\/\/dorogimedence.hu\/index.php\/2024\/11\/12\/a-15-eves-jubileumat-unneplo-tati-szerdai-festok-kiallitasa\/#article","isPartOf":{"@id":"https:\/\/dorogimedence.hu\/index.php\/2024\/11\/12\/a-15-eves-jubileumat-unneplo-tati-szerdai-festok-kiallitasa\/"},"author":{"name":"dorogimedence.hu","@id":"https:\/\/dorogimedence.hu\/#\/schema\/person\/ce6091eeb7e95ecdc87890d6aa8e0fd4"},"headline":"A 15 \u00e9ves jubileum\u00e1t \u00fcnnepl\u0151 T\u00e1ti Szerdai Fest\u0151k ki\u00e1ll\u00edt\u00e1sa","datePublished":"2024-11-12T14:42:00+00:00","mainEntityOfPage":{"@id":"https:\/\/dorogimedence.hu\/index.php\/2024\/11\/12\/a-15-eves-jubileumat-unneplo-tati-szerdai-festok-kiallitasa\/"},"wordCount":206,"publisher":{"@id":"https:\/\/dorogimedence.hu\/#organization"},"image":{"@id":"https:\/\/dorogimedence.hu\/index.php\/2024\/11\/12\/a-15-eves-jubileumat-unneplo-tati-szerdai-festok-kiallitasa\/#primaryimage"},"thumbnailUrl":"https:\/\/dorogimedence.hu\/wp-content\/uploads\/2024\/11\/tati-szerdai-festok.jpg","keywords":["ki\u00e1ll\u00edt\u00e1s","program","programok","T\u00e1t","T\u00e1ti Szerdai Fest\u0151k"],"articleSection":["H\u00edrek","Programok","T\u00e1t"],"inLanguage":"hu"},{"@type":"WebPage","@id":"https:\/\/dorogimedence.hu\/index.php\/2024\/11\/12\/a-15-eves-jubileumat-unneplo-tati-szerdai-festok-kiallitasa\/","url":"https:\/\/dorogimedence.hu\/index.php\/2024\/11\/12\/a-15-eves-jubileumat-unneplo-tati-szerdai-festok-kiallitasa\/","name":"A 15 \u00e9ves jubileum\u00e1t \u00fcnnepl\u0151 T\u00e1ti Szerdai Fest\u0151k ki\u00e1ll\u00edt\u00e1sa","isPartOf":{"@id":"https:\/\/dorogimedence.hu\/#website"},"primaryImageOfPage":{"@id":"https:\/\/dorogimedence.hu\/index.php\/2024\/11\/12\/a-15-eves-jubileumat-unneplo-tati-szerdai-festok-kiallitasa\/#primaryimage"},"image":{"@id":"https:\/\/dorogimedence.hu\/index.php\/2024\/11\/12\/a-15-eves-jubileumat-unneplo-tati-szerdai-festok-kiallitasa\/#primaryimage"},"thumbnailUrl":"https:\/\/dorogimedence.hu\/wp-content\/uploads\/2024\/11\/tati-szerdai-festok.jpg","datePublished":"2024-11-12T14:42:00+00:00","breadcrumb":{"@id":"https:\/\/dorogimedence.hu\/index.php\/2024\/11\/12\/a-15-eves-jubileumat-unneplo-tati-szerdai-festok-kiallitasa\/#breadcrumb"},"inLanguage":"hu","potentialAction":[{"@type":"ReadAction","target":["https:\/\/dorogimedence.hu\/index.php\/2024\/11\/12\/a-15-eves-jubileumat-unneplo-tati-szerdai-festok-kiallitasa\/"]}]},{"@type":"ImageObject","inLanguage":"hu","@id":"https:\/\/dorogimedence.hu\/index.php\/2024\/11\/12\/a-15-eves-jubileumat-unneplo-tati-szerdai-festok-kiallitasa\/#primaryimage","url":"https:\/\/dorogimedence.hu\/wp-content\/uploads\/2024\/11\/tati-szerdai-festok.jpg","contentUrl":"https:\/\/dorogimedence.hu\/wp-content\/uploads\/2024\/11\/tati-szerdai-festok.jpg","width":1920,"height":970},{"@type":"BreadcrumbList","@id":"https:\/\/dorogimedence.hu\/index.php\/2024\/11\/12\/a-15-eves-jubileumat-unneplo-tati-szerdai-festok-kiallitasa\/#breadcrumb","itemListElement":[{"@type":"ListItem","position":1,"name":"Kezd\u0151lap","item":"https:\/\/dorogimedence.hu\/"},{"@type":"ListItem","position":2,"name":"A 15 \u00e9ves jubileum\u00e1t \u00fcnnepl\u0151 T\u00e1ti Szerdai Fest\u0151k ki\u00e1ll\u00edt\u00e1sa"}]},{"@type":"WebSite","@id":"https:\/\/dorogimedence.hu\/#website","url":"https:\/\/dorogimedence.hu\/","name":"Dorogi-medence Region\u00e1lis H\u00edrport\u00e1l","description":"Dorog, Keszt\u00f6lc, Le\u00e1nyv\u00e1r, Piliscs\u00e9v, Tokod, Tokodalt\u00e1r\u00f3, Csolnok, Esztergom-kertv\u00e1ros: h\u00edrek, programok","publisher":{"@id":"https:\/\/dorogimedence.hu\/#organization"},"potentialAction":[{"@type":"SearchAction","target":{"@type":"EntryPoint","urlTemplate":"https:\/\/dorogimedence.hu\/?s={search_term_string}"},"query-input":{"@type":"PropertyValueSpecification","valueRequired":true,"valueName":"search_term_string"}}],"inLanguage":"hu"},{"@type":"Organization","@id":"https:\/\/dorogimedence.hu\/#organization","name":"Dorogi-medence Region\u00e1lis H\u00edrport\u00e1l","url":"https:\/\/dorogimedence.hu\/","logo":{"@type":"ImageObject","inLanguage":"hu","@id":"https:\/\/dorogimedence.hu\/#\/schema\/logo\/image\/","url":"https:\/\/dorogimedence.hu\/wp-content\/uploads\/2021\/04\/logo-feher-600.png","contentUrl":"https:\/\/dorogimedence.hu\/wp-content\/uploads\/2021\/04\/logo-feher-600.png","width":600,"height":100,"caption":"Dorogi-medence Region\u00e1lis H\u00edrport\u00e1l"},"image":{"@id":"https:\/\/dorogimedence.hu\/#\/schema\/logo\/image\/"},"sameAs":["https:\/\/www.facebook.com\/dorogimedence\/"]},{"@type":"Person","@id":"https:\/\/dorogimedence.hu\/#\/schema\/person\/ce6091eeb7e95ecdc87890d6aa8e0fd4","name":"dorogimedence.hu","image":{"@type":"ImageObject","inLanguage":"hu","@id":"\/\/www.gravatar.com\/avatar\/d8d45f8901aadff40a4af72c0b826f1d?s=96&#038;r=g&#038;d=mm","url":"\/\/www.gravatar.com\/avatar\/d8d45f8901aadff40a4af72c0b826f1d?s=96&#038;r=g&#038;d=mm","contentUrl":"\/\/www.gravatar.com\/avatar\/d8d45f8901aadff40a4af72c0b826f1d?s=96&#038;r=g&#038;d=mm","caption":"dorogimedence.hu"}}]}},"_links":{"self":[{"href":"https:\/\/dorogimedence.hu\/index.php\/wp-json\/wp\/v2\/posts\/66634","targetHints":{"allow":["GET"]}}],"collection":[{"href":"https:\/\/dorogimedence.hu\/index.php\/wp-json\/wp\/v2\/posts"}],"about":[{"href":"https:\/\/dorogimedence.hu\/index.php\/wp-json\/wp\/v2\/types\/post"}],"author":[{"embeddable":true,"href":"https:\/\/dorogimedence.hu\/index.php\/wp-json\/wp\/v2\/users\/1"}],"replies":[{"embeddable":true,"href":"https:\/\/dorogimedence.hu\/index.php\/wp-json\/wp\/v2\/comments?post=66634"}],"version-history":[{"count":0,"href":"https:\/\/dorogimedence.hu\/index.php\/wp-json\/wp\/v2\/posts\/66634\/revisions"}],"wp:featuredmedia":[{"embeddable":true,"href":"https:\/\/dorogimedence.hu\/index.php\/wp-json\/wp\/v2\/media\/66636"}],"wp:attachment":[{"href":"https:\/\/dorogimedence.hu\/index.php\/wp-json\/wp\/v2\/media?parent=66634"}],"wp:term":[{"taxonomy":"category","embeddable":true,"href":"https:\/\/dorogimedence.hu\/index.php\/wp-json\/wp\/v2\/categories?post=66634"},{"taxonomy":"post_tag","embeddable":true,"href":"https:\/\/dorogimedence.hu\/index.php\/wp-json\/wp\/v2\/tags?post=66634"}],"curies":[{"name":"wp","href":"https:\/\/api.w.org\/{rel}","templated":true}]}}