{"id":66457,"date":"2024-11-05T08:13:00","date_gmt":"2024-11-05T07:13:00","guid":{"rendered":"https:\/\/dorogimedence.hu\/?p=66457"},"modified":"2024-11-05T08:13:00","modified_gmt":"2024-11-05T07:13:00","slug":"elindult-az-ev-faja-2025-szavazas","status":"publish","type":"post","link":"https:\/\/dorogimedence.hu\/index.php\/2024\/11\/05\/elindult-az-ev-faja-2025-szavazas\/","title":{"rendered":"Elindult az \u00c9v F\u00e1ja 2025 szavaz\u00e1s"},"content":{"rendered":"<p><strong>Az Orsz\u00e1gos Erd\u00e9szeti Egyes\u00fclet mozgalma 1996 \u00f3ta minden \u00e9vben megv\u00e1lasztja az \u00e9v fafaj\u00e1t. Az \u00c9v F\u00e1ja szavaz\u00e1s c\u00e9lja az adott \u0151shonos fafajjal kapcsolatos figyelemfelh\u00edv\u00e1s, ismeretterjeszt\u00e9s az erd\u00e9sz szakemberek \u00e9s a sz\u00e9lesebb nagyk\u00f6z\u00f6ns\u00e9g sz\u00e1m\u00e1ra egyar\u00e1nt. 2024-ben a megtisztel\u0151 c\u00edmet a szavazatok alapj\u00e1n az&nbsp;eur\u00f3pai vagy k\u00f6z\u00f6ns\u00e9ges b\u00fckk, a&nbsp;Fagus sylvatica&nbsp;nyerte.<\/strong><\/p>\n<p>Az Orsz\u00e1gos Erd\u00e9szeti Egyes\u00fclet \u00e9s az \u00c9v F\u00e1ja Kurat\u00f3rium 2013 \u00f3ta minden \u00e9vben aj\u00e1nl\u00e1st tesz h\u00e1rom fafajra, melyek k\u00f6z\u00fcl az \u00c9v F\u00e1j\u00e1t szavaz\u00e1ssal v\u00e1lasztj\u00e1k meg. Id\u00e9n okt\u00f3ber 29-t\u0151l november 20-ig lehet szavazni az <span style=\"color: #0000ff;\"><strong><u><a style=\"color: #0000ff;\" href=\"http:\/\/www.azevfaja.hu\/\" target=\"_blank\" rel=\"noopener\" data-auth=\"NotApplicable\">\u00c9v f\u00e1ja tematikus honlap<\/a><\/u><\/strong><\/span>on a jel\u00f6ltekre, ahol figyelemmel k\u00eds\u00e9rhet\u0151 a szavaz\u00e1s \u00e1ll\u00e1sa is.<\/p>\n<p><strong><u>Az \u00c9v f\u00e1ja 2025 szavaz\u00e1s jel\u00f6ltjei:<\/u><\/strong><\/p>\n<p><strong>Kecskef\u0171z (Salix caprea)<\/strong><\/p>\n<p>Fatermet\u0171 egyedei ritkas\u00e1gsz\u00e1mba mennek, mivel \u00e9vsz\u00e1zadokon kereszt\u00fcl gyomf\u00e1nak tekintett\u00e9k. Egyetlen f\u0171zfajunk, amely t\u00f6bbletv\u00edz n\u00e9lk\u00fcl \u00e9l, az Alf\u00f6ld\u00f6n kimondottan ritka. A h\u00fasv\u00e9ti bark\u00e1t r\u00e9szben ez a faj szolg\u00e1ltatja. A f\u00fczekhez igen sok olyan rovarfaj k\u00f6t\u0151dik, ami nem \u00e9l meg m\u00e1s n\u00f6v\u00e9nyeken, ez\u00e9rt nagyon fontos szerepe van az \u00e9letk\u00f6z\u00f6ss\u00e9gekben.<\/p>\n<p><img fetchpriority=\"high\" decoding=\"async\" class=\"alignnone size-full wp-image-66458\" src=\"https:\/\/dorogimedence.hu\/wp-content\/uploads\/2024\/11\/575w_575h_kecskefuz-termos-viragzat-20180424142828.jpg\" alt=\"\" width=\"575\" height=\"575\" srcset=\"https:\/\/dorogimedence.hu\/wp-content\/uploads\/2024\/11\/575w_575h_kecskefuz-termos-viragzat-20180424142828.jpg 575w, https:\/\/dorogimedence.hu\/wp-content\/uploads\/2024\/11\/575w_575h_kecskefuz-termos-viragzat-20180424142828-300x300.jpg 300w, https:\/\/dorogimedence.hu\/wp-content\/uploads\/2024\/11\/575w_575h_kecskefuz-termos-viragzat-20180424142828-150x150.jpg 150w, https:\/\/dorogimedence.hu\/wp-content\/uploads\/2024\/11\/575w_575h_kecskefuz-termos-viragzat-20180424142828-450x450.jpg 450w\" sizes=\"(max-width: 575px) 100vw, 575px\" \/><\/p>\n<p><strong>Korai juhar (Acer platanoides)<\/strong><\/p>\n<p>A hegy- \u00e9s dombvid\u00e9kek \u00fcde erdeinek elegyf\u00e1ja, lombfakad\u00e1s el\u0151tti, korai vir\u00e1gz\u00e1sa \u00e1rulja el jelenl\u00e9t\u00e9t. Alf\u00f6ldi ter\u00fcleteinken sz\u00edvesen k\u00f6lt\u00f6zik be az als\u00f3 lombszint n\u00e9lk\u00fcli term\u00e9szetszer\u0171 \u00e1llom\u00e1nyokba. Sz\u00e1mos fajt\u00e1j\u00e1t alkalmazz\u00e1k a kert\u00e9szek.<\/p>\n<p><img decoding=\"async\" class=\"alignnone size-full wp-image-66459\" src=\"https:\/\/dorogimedence.hu\/wp-content\/uploads\/2024\/11\/575w_575h_korai-juhar-habitus-crop-20200911143017.jpg\" alt=\"\" width=\"575\" height=\"575\" srcset=\"https:\/\/dorogimedence.hu\/wp-content\/uploads\/2024\/11\/575w_575h_korai-juhar-habitus-crop-20200911143017.jpg 575w, https:\/\/dorogimedence.hu\/wp-content\/uploads\/2024\/11\/575w_575h_korai-juhar-habitus-crop-20200911143017-300x300.jpg 300w, https:\/\/dorogimedence.hu\/wp-content\/uploads\/2024\/11\/575w_575h_korai-juhar-habitus-crop-20200911143017-150x150.jpg 150w, https:\/\/dorogimedence.hu\/wp-content\/uploads\/2024\/11\/575w_575h_korai-juhar-habitus-crop-20200911143017-450x450.jpg 450w\" sizes=\"(max-width: 575px) 100vw, 575px\" \/><\/p>\n<p><strong>Rezg\u0151 ny\u00e1r (Populus tremula)<\/strong><\/p>\n<p>Hegy- \u00e9s dombvid\u00e9keink jellemz\u0151 pion\u00edr fafaja, fontos szerepe van az erod\u00e1lt, lepusztult talajok \u00fajra erd\u0151s\u00fcl\u00e9s\u00e9ben. A rezg\u0151 nevet onnan kapta, hogy a legkisebb sz\u00e9lmozg\u00e1s hat\u00e1s\u00e1ra levelei laz\u00e1n elkezdenek \u201erezegni\u201d. Innen a sz\u00f3l\u00e1s \u201ereszket, mint a ny\u00e1rfalev\u00e9l\u201d. Eleg\u00e1ns megjelen\u00e9s\u00e9vel n\u00f6veli erdeink eszt\u00e9tikai \u00e9rt\u00e9k\u00e9t, sz\u00e1mos faj k\u00f6t\u0151dik hozz\u00e1.<\/p>\n<p><img decoding=\"async\" class=\"alignnone size-full wp-image-66460\" src=\"https:\/\/dorogimedence.hu\/wp-content\/uploads\/2024\/11\/575w_575h_rezgo-nyar-habitus-crop-20200914113344.jpg\" alt=\"\" width=\"575\" height=\"575\" srcset=\"https:\/\/dorogimedence.hu\/wp-content\/uploads\/2024\/11\/575w_575h_rezgo-nyar-habitus-crop-20200914113344.jpg 575w, https:\/\/dorogimedence.hu\/wp-content\/uploads\/2024\/11\/575w_575h_rezgo-nyar-habitus-crop-20200914113344-300x300.jpg 300w, https:\/\/dorogimedence.hu\/wp-content\/uploads\/2024\/11\/575w_575h_rezgo-nyar-habitus-crop-20200914113344-150x150.jpg 150w, https:\/\/dorogimedence.hu\/wp-content\/uploads\/2024\/11\/575w_575h_rezgo-nyar-habitus-crop-20200914113344-450x450.jpg 450w\" sizes=\"(max-width: 575px) 100vw, 575px\" \/><\/p>\n<p><strong>V\u00e1lassz \u00e9s szavazz a 2025-\u00f6s \u00c9v F\u00e1j\u00e1ra!<br \/>\n<\/strong><\/p>\n","protected":false},"excerpt":{"rendered":"<p>Az Orsz\u00e1gos Erd\u00e9szeti Egyes\u00fclet mozgalma 1996 \u00f3ta minden \u00e9vben megv\u00e1lasztja az \u00e9v fafaj\u00e1t. Az \u00c9v F\u00e1ja szavaz\u00e1s c\u00e9lja az adott \u0151shonos fafajjal kapcsolatos figyelemfelh\u00edv\u00e1s, ismeretterjeszt\u00e9s az erd\u00e9sz szakemberek \u00e9s a sz\u00e9lesebb nagyk\u00f6z\u00f6ns\u00e9g sz\u00e1m\u00e1ra egyar\u00e1nt. 2024-ben a megtisztel\u0151 c\u00edmet a szavazatok alapj\u00e1n az&nbsp;eur\u00f3pai vagy k\u00f6z\u00f6ns\u00e9ges b\u00fckk, a&nbsp;Fagus sylvatica&nbsp;nyerte. Az Orsz\u00e1gos Erd\u00e9szeti Egyes\u00fclet \u00e9s az \u00c9v F\u00e1ja<\/p>\n","protected":false},"author":1,"featured_media":66461,"comment_status":"closed","ping_status":"closed","sticky":false,"template":"","format":"standard","meta":{"ngg_post_thumbnail":0,"footnotes":""},"categories":[3,6948],"tags":[6093],"class_list":{"0":"post-66457","1":"post","2":"type-post","3":"status-publish","4":"format-standard","5":"has-post-thumbnail","7":"category-hirek","8":"category-szines","9":"tag-ev-faja"},"yoast_head":"<!-- This site is optimized with the Yoast SEO plugin v27.5 - https:\/\/yoast.com\/product\/yoast-seo-wordpress\/ -->\n<title>Elindult az \u00c9v F\u00e1ja 2025 szavaz\u00e1s<\/title>\n<meta name=\"robots\" content=\"index, follow, max-snippet:-1, max-image-preview:large, max-video-preview:-1\" \/>\n<link rel=\"canonical\" href=\"https:\/\/dorogimedence.hu\/index.php\/2024\/11\/05\/elindult-az-ev-faja-2025-szavazas\/\" class=\"yoast-seo-meta-tag\" \/>\n<meta property=\"og:locale\" content=\"hu_HU\" class=\"yoast-seo-meta-tag\" \/>\n<meta property=\"og:type\" content=\"article\" class=\"yoast-seo-meta-tag\" \/>\n<meta property=\"og:title\" content=\"Elindult az \u00c9v F\u00e1ja 2025 szavaz\u00e1s\" class=\"yoast-seo-meta-tag\" \/>\n<meta property=\"og:description\" content=\"Az Orsz\u00e1gos Erd\u00e9szeti Egyes\u00fclet mozgalma 1996 \u00f3ta minden \u00e9vben megv\u00e1lasztja az \u00e9v fafaj\u00e1t. Az \u00c9v F\u00e1ja szavaz\u00e1s c\u00e9lja az adott \u0151shonos fafajjal kapcsolatos figyelemfelh\u00edv\u00e1s, ismeretterjeszt\u00e9s az erd\u00e9sz szakemberek \u00e9s a sz\u00e9lesebb nagyk\u00f6z\u00f6ns\u00e9g sz\u00e1m\u00e1ra egyar\u00e1nt. 2024-ben a megtisztel\u0151 c\u00edmet a szavazatok alapj\u00e1n az&nbsp;eur\u00f3pai vagy k\u00f6z\u00f6ns\u00e9ges b\u00fckk, a&nbsp;Fagus sylvatica&nbsp;nyerte. Az Orsz\u00e1gos Erd\u00e9szeti Egyes\u00fclet \u00e9s az \u00c9v F\u00e1ja\" class=\"yoast-seo-meta-tag\" \/>\n<meta property=\"og:url\" content=\"https:\/\/dorogimedence.hu\/index.php\/2024\/11\/05\/elindult-az-ev-faja-2025-szavazas\/\" class=\"yoast-seo-meta-tag\" \/>\n<meta property=\"og:site_name\" content=\"Dorogi-medence Region\u00e1lis H\u00edrport\u00e1l\" class=\"yoast-seo-meta-tag\" \/>\n<meta property=\"article:publisher\" content=\"https:\/\/www.facebook.com\/dorogimedence\/\" class=\"yoast-seo-meta-tag\" \/>\n<meta property=\"article:published_time\" content=\"2024-11-05T07:13:00+00:00\" class=\"yoast-seo-meta-tag\" \/>\n<meta property=\"og:image\" content=\"https:\/\/dorogimedence.hu\/wp-content\/uploads\/2024\/11\/azevfaja-02.jpg\" class=\"yoast-seo-meta-tag\" \/>\n\t<meta property=\"og:image:width\" content=\"1920\" class=\"yoast-seo-meta-tag\" \/>\n\t<meta property=\"og:image:height\" content=\"970\" class=\"yoast-seo-meta-tag\" \/>\n\t<meta property=\"og:image:type\" content=\"image\/jpeg\" class=\"yoast-seo-meta-tag\" \/>\n<meta name=\"author\" content=\"dorogimedence.hu\" class=\"yoast-seo-meta-tag\" \/>\n<meta name=\"twitter:card\" content=\"summary_large_image\" class=\"yoast-seo-meta-tag\" \/>\n<meta name=\"twitter:label1\" content=\"Szerz\u0151:\" class=\"yoast-seo-meta-tag\" \/>\n\t<meta name=\"twitter:data1\" content=\"dorogimedence.hu\" class=\"yoast-seo-meta-tag\" \/>\n\t<meta name=\"twitter:label2\" content=\"Becs\u00fclt olvas\u00e1si id\u0151\" class=\"yoast-seo-meta-tag\" \/>\n\t<meta name=\"twitter:data2\" content=\"2 perc\" class=\"yoast-seo-meta-tag\" \/>\n<script type=\"application\/ld+json\" class=\"yoast-schema-graph\">{\"@context\":\"https:\\\/\\\/schema.org\",\"@graph\":[{\"@type\":\"Article\",\"@id\":\"https:\\\/\\\/dorogimedence.hu\\\/index.php\\\/2024\\\/11\\\/05\\\/elindult-az-ev-faja-2025-szavazas\\\/#article\",\"isPartOf\":{\"@id\":\"https:\\\/\\\/dorogimedence.hu\\\/index.php\\\/2024\\\/11\\\/05\\\/elindult-az-ev-faja-2025-szavazas\\\/\"},\"author\":{\"name\":\"dorogimedence.hu\",\"@id\":\"https:\\\/\\\/dorogimedence.hu\\\/#\\\/schema\\\/person\\\/ce6091eeb7e95ecdc87890d6aa8e0fd4\"},\"headline\":\"Elindult az \u00c9v F\u00e1ja 2025 szavaz\u00e1s\",\"datePublished\":\"2024-11-05T07:13:00+00:00\",\"mainEntityOfPage\":{\"@id\":\"https:\\\/\\\/dorogimedence.hu\\\/index.php\\\/2024\\\/11\\\/05\\\/elindult-az-ev-faja-2025-szavazas\\\/\"},\"wordCount\":386,\"publisher\":{\"@id\":\"https:\\\/\\\/dorogimedence.hu\\\/#organization\"},\"image\":{\"@id\":\"https:\\\/\\\/dorogimedence.hu\\\/index.php\\\/2024\\\/11\\\/05\\\/elindult-az-ev-faja-2025-szavazas\\\/#primaryimage\"},\"thumbnailUrl\":\"https:\\\/\\\/dorogimedence.hu\\\/wp-content\\\/uploads\\\/2024\\\/11\\\/azevfaja-02.jpg\",\"keywords\":[\"\u00c9v F\u00e1ja\"],\"articleSection\":[\"H\u00edrek\",\"Sz\u00ednes\"],\"inLanguage\":\"hu\"},{\"@type\":\"WebPage\",\"@id\":\"https:\\\/\\\/dorogimedence.hu\\\/index.php\\\/2024\\\/11\\\/05\\\/elindult-az-ev-faja-2025-szavazas\\\/\",\"url\":\"https:\\\/\\\/dorogimedence.hu\\\/index.php\\\/2024\\\/11\\\/05\\\/elindult-az-ev-faja-2025-szavazas\\\/\",\"name\":\"Elindult az \u00c9v F\u00e1ja 2025 szavaz\u00e1s\",\"isPartOf\":{\"@id\":\"https:\\\/\\\/dorogimedence.hu\\\/#website\"},\"primaryImageOfPage\":{\"@id\":\"https:\\\/\\\/dorogimedence.hu\\\/index.php\\\/2024\\\/11\\\/05\\\/elindult-az-ev-faja-2025-szavazas\\\/#primaryimage\"},\"image\":{\"@id\":\"https:\\\/\\\/dorogimedence.hu\\\/index.php\\\/2024\\\/11\\\/05\\\/elindult-az-ev-faja-2025-szavazas\\\/#primaryimage\"},\"thumbnailUrl\":\"https:\\\/\\\/dorogimedence.hu\\\/wp-content\\\/uploads\\\/2024\\\/11\\\/azevfaja-02.jpg\",\"datePublished\":\"2024-11-05T07:13:00+00:00\",\"breadcrumb\":{\"@id\":\"https:\\\/\\\/dorogimedence.hu\\\/index.php\\\/2024\\\/11\\\/05\\\/elindult-az-ev-faja-2025-szavazas\\\/#breadcrumb\"},\"inLanguage\":\"hu\",\"potentialAction\":[{\"@type\":\"ReadAction\",\"target\":[\"https:\\\/\\\/dorogimedence.hu\\\/index.php\\\/2024\\\/11\\\/05\\\/elindult-az-ev-faja-2025-szavazas\\\/\"]}]},{\"@type\":\"ImageObject\",\"inLanguage\":\"hu\",\"@id\":\"https:\\\/\\\/dorogimedence.hu\\\/index.php\\\/2024\\\/11\\\/05\\\/elindult-az-ev-faja-2025-szavazas\\\/#primaryimage\",\"url\":\"https:\\\/\\\/dorogimedence.hu\\\/wp-content\\\/uploads\\\/2024\\\/11\\\/azevfaja-02.jpg\",\"contentUrl\":\"https:\\\/\\\/dorogimedence.hu\\\/wp-content\\\/uploads\\\/2024\\\/11\\\/azevfaja-02.jpg\",\"width\":1920,\"height\":970},{\"@type\":\"BreadcrumbList\",\"@id\":\"https:\\\/\\\/dorogimedence.hu\\\/index.php\\\/2024\\\/11\\\/05\\\/elindult-az-ev-faja-2025-szavazas\\\/#breadcrumb\",\"itemListElement\":[{\"@type\":\"ListItem\",\"position\":1,\"name\":\"Kezd\u0151lap\",\"item\":\"https:\\\/\\\/dorogimedence.hu\\\/\"},{\"@type\":\"ListItem\",\"position\":2,\"name\":\"Elindult az \u00c9v F\u00e1ja 2025 szavaz\u00e1s\"}]},{\"@type\":\"WebSite\",\"@id\":\"https:\\\/\\\/dorogimedence.hu\\\/#website\",\"url\":\"https:\\\/\\\/dorogimedence.hu\\\/\",\"name\":\"Dorogi-medence Region\u00e1lis H\u00edrport\u00e1l\",\"description\":\"Dorog, Keszt\u00f6lc, Le\u00e1nyv\u00e1r, Piliscs\u00e9v, Tokod, Tokodalt\u00e1r\u00f3, Csolnok, Esztergom-kertv\u00e1ros: h\u00edrek, programok\",\"publisher\":{\"@id\":\"https:\\\/\\\/dorogimedence.hu\\\/#organization\"},\"potentialAction\":[{\"@type\":\"SearchAction\",\"target\":{\"@type\":\"EntryPoint\",\"urlTemplate\":\"https:\\\/\\\/dorogimedence.hu\\\/?s={search_term_string}\"},\"query-input\":{\"@type\":\"PropertyValueSpecification\",\"valueRequired\":true,\"valueName\":\"search_term_string\"}}],\"inLanguage\":\"hu\"},{\"@type\":\"Organization\",\"@id\":\"https:\\\/\\\/dorogimedence.hu\\\/#organization\",\"name\":\"Dorogi-medence Region\u00e1lis H\u00edrport\u00e1l\",\"url\":\"https:\\\/\\\/dorogimedence.hu\\\/\",\"logo\":{\"@type\":\"ImageObject\",\"inLanguage\":\"hu\",\"@id\":\"https:\\\/\\\/dorogimedence.hu\\\/#\\\/schema\\\/logo\\\/image\\\/\",\"url\":\"https:\\\/\\\/dorogimedence.hu\\\/wp-content\\\/uploads\\\/2021\\\/04\\\/logo-feher-600.png\",\"contentUrl\":\"https:\\\/\\\/dorogimedence.hu\\\/wp-content\\\/uploads\\\/2021\\\/04\\\/logo-feher-600.png\",\"width\":600,\"height\":100,\"caption\":\"Dorogi-medence Region\u00e1lis H\u00edrport\u00e1l\"},\"image\":{\"@id\":\"https:\\\/\\\/dorogimedence.hu\\\/#\\\/schema\\\/logo\\\/image\\\/\"},\"sameAs\":[\"https:\\\/\\\/www.facebook.com\\\/dorogimedence\\\/\"]},{\"@type\":\"Person\",\"@id\":\"https:\\\/\\\/dorogimedence.hu\\\/#\\\/schema\\\/person\\\/ce6091eeb7e95ecdc87890d6aa8e0fd4\",\"name\":\"dorogimedence.hu\",\"image\":{\"@type\":\"ImageObject\",\"inLanguage\":\"hu\",\"@id\":\"\\\/\\\/www.gravatar.com\\\/avatar\\\/d8d45f8901aadff40a4af72c0b826f1d?s=96&#038;r=g&#038;d=mm\",\"url\":\"\\\/\\\/www.gravatar.com\\\/avatar\\\/d8d45f8901aadff40a4af72c0b826f1d?s=96&#038;r=g&#038;d=mm\",\"contentUrl\":\"\\\/\\\/www.gravatar.com\\\/avatar\\\/d8d45f8901aadff40a4af72c0b826f1d?s=96&#038;r=g&#038;d=mm\",\"caption\":\"dorogimedence.hu\"}}]}<\/script>\n<!-- \/ Yoast SEO plugin. -->","yoast_head_json":{"title":"Elindult az \u00c9v F\u00e1ja 2025 szavaz\u00e1s","robots":{"index":"index","follow":"follow","max-snippet":"max-snippet:-1","max-image-preview":"max-image-preview:large","max-video-preview":"max-video-preview:-1"},"canonical":"https:\/\/dorogimedence.hu\/index.php\/2024\/11\/05\/elindult-az-ev-faja-2025-szavazas\/","og_locale":"hu_HU","og_type":"article","og_title":"Elindult az \u00c9v F\u00e1ja 2025 szavaz\u00e1s","og_description":"Az Orsz\u00e1gos Erd\u00e9szeti Egyes\u00fclet mozgalma 1996 \u00f3ta minden \u00e9vben megv\u00e1lasztja az \u00e9v fafaj\u00e1t. Az \u00c9v F\u00e1ja szavaz\u00e1s c\u00e9lja az adott \u0151shonos fafajjal kapcsolatos figyelemfelh\u00edv\u00e1s, ismeretterjeszt\u00e9s az erd\u00e9sz szakemberek \u00e9s a sz\u00e9lesebb nagyk\u00f6z\u00f6ns\u00e9g sz\u00e1m\u00e1ra egyar\u00e1nt. 2024-ben a megtisztel\u0151 c\u00edmet a szavazatok alapj\u00e1n az&nbsp;eur\u00f3pai vagy k\u00f6z\u00f6ns\u00e9ges b\u00fckk, a&nbsp;Fagus sylvatica&nbsp;nyerte. Az Orsz\u00e1gos Erd\u00e9szeti Egyes\u00fclet \u00e9s az \u00c9v F\u00e1ja","og_url":"https:\/\/dorogimedence.hu\/index.php\/2024\/11\/05\/elindult-az-ev-faja-2025-szavazas\/","og_site_name":"Dorogi-medence Region\u00e1lis H\u00edrport\u00e1l","article_publisher":"https:\/\/www.facebook.com\/dorogimedence\/","article_published_time":"2024-11-05T07:13:00+00:00","og_image":[{"width":1920,"height":970,"url":"https:\/\/dorogimedence.hu\/wp-content\/uploads\/2024\/11\/azevfaja-02.jpg","type":"image\/jpeg"}],"author":"dorogimedence.hu","twitter_card":"summary_large_image","twitter_misc":{"Szerz\u0151:":"dorogimedence.hu","Becs\u00fclt olvas\u00e1si id\u0151":"2 perc"},"schema":{"@context":"https:\/\/schema.org","@graph":[{"@type":"Article","@id":"https:\/\/dorogimedence.hu\/index.php\/2024\/11\/05\/elindult-az-ev-faja-2025-szavazas\/#article","isPartOf":{"@id":"https:\/\/dorogimedence.hu\/index.php\/2024\/11\/05\/elindult-az-ev-faja-2025-szavazas\/"},"author":{"name":"dorogimedence.hu","@id":"https:\/\/dorogimedence.hu\/#\/schema\/person\/ce6091eeb7e95ecdc87890d6aa8e0fd4"},"headline":"Elindult az \u00c9v F\u00e1ja 2025 szavaz\u00e1s","datePublished":"2024-11-05T07:13:00+00:00","mainEntityOfPage":{"@id":"https:\/\/dorogimedence.hu\/index.php\/2024\/11\/05\/elindult-az-ev-faja-2025-szavazas\/"},"wordCount":386,"publisher":{"@id":"https:\/\/dorogimedence.hu\/#organization"},"image":{"@id":"https:\/\/dorogimedence.hu\/index.php\/2024\/11\/05\/elindult-az-ev-faja-2025-szavazas\/#primaryimage"},"thumbnailUrl":"https:\/\/dorogimedence.hu\/wp-content\/uploads\/2024\/11\/azevfaja-02.jpg","keywords":["\u00c9v F\u00e1ja"],"articleSection":["H\u00edrek","Sz\u00ednes"],"inLanguage":"hu"},{"@type":"WebPage","@id":"https:\/\/dorogimedence.hu\/index.php\/2024\/11\/05\/elindult-az-ev-faja-2025-szavazas\/","url":"https:\/\/dorogimedence.hu\/index.php\/2024\/11\/05\/elindult-az-ev-faja-2025-szavazas\/","name":"Elindult az \u00c9v F\u00e1ja 2025 szavaz\u00e1s","isPartOf":{"@id":"https:\/\/dorogimedence.hu\/#website"},"primaryImageOfPage":{"@id":"https:\/\/dorogimedence.hu\/index.php\/2024\/11\/05\/elindult-az-ev-faja-2025-szavazas\/#primaryimage"},"image":{"@id":"https:\/\/dorogimedence.hu\/index.php\/2024\/11\/05\/elindult-az-ev-faja-2025-szavazas\/#primaryimage"},"thumbnailUrl":"https:\/\/dorogimedence.hu\/wp-content\/uploads\/2024\/11\/azevfaja-02.jpg","datePublished":"2024-11-05T07:13:00+00:00","breadcrumb":{"@id":"https:\/\/dorogimedence.hu\/index.php\/2024\/11\/05\/elindult-az-ev-faja-2025-szavazas\/#breadcrumb"},"inLanguage":"hu","potentialAction":[{"@type":"ReadAction","target":["https:\/\/dorogimedence.hu\/index.php\/2024\/11\/05\/elindult-az-ev-faja-2025-szavazas\/"]}]},{"@type":"ImageObject","inLanguage":"hu","@id":"https:\/\/dorogimedence.hu\/index.php\/2024\/11\/05\/elindult-az-ev-faja-2025-szavazas\/#primaryimage","url":"https:\/\/dorogimedence.hu\/wp-content\/uploads\/2024\/11\/azevfaja-02.jpg","contentUrl":"https:\/\/dorogimedence.hu\/wp-content\/uploads\/2024\/11\/azevfaja-02.jpg","width":1920,"height":970},{"@type":"BreadcrumbList","@id":"https:\/\/dorogimedence.hu\/index.php\/2024\/11\/05\/elindult-az-ev-faja-2025-szavazas\/#breadcrumb","itemListElement":[{"@type":"ListItem","position":1,"name":"Kezd\u0151lap","item":"https:\/\/dorogimedence.hu\/"},{"@type":"ListItem","position":2,"name":"Elindult az \u00c9v F\u00e1ja 2025 szavaz\u00e1s"}]},{"@type":"WebSite","@id":"https:\/\/dorogimedence.hu\/#website","url":"https:\/\/dorogimedence.hu\/","name":"Dorogi-medence Region\u00e1lis H\u00edrport\u00e1l","description":"Dorog, Keszt\u00f6lc, Le\u00e1nyv\u00e1r, Piliscs\u00e9v, Tokod, Tokodalt\u00e1r\u00f3, Csolnok, Esztergom-kertv\u00e1ros: h\u00edrek, programok","publisher":{"@id":"https:\/\/dorogimedence.hu\/#organization"},"potentialAction":[{"@type":"SearchAction","target":{"@type":"EntryPoint","urlTemplate":"https:\/\/dorogimedence.hu\/?s={search_term_string}"},"query-input":{"@type":"PropertyValueSpecification","valueRequired":true,"valueName":"search_term_string"}}],"inLanguage":"hu"},{"@type":"Organization","@id":"https:\/\/dorogimedence.hu\/#organization","name":"Dorogi-medence Region\u00e1lis H\u00edrport\u00e1l","url":"https:\/\/dorogimedence.hu\/","logo":{"@type":"ImageObject","inLanguage":"hu","@id":"https:\/\/dorogimedence.hu\/#\/schema\/logo\/image\/","url":"https:\/\/dorogimedence.hu\/wp-content\/uploads\/2021\/04\/logo-feher-600.png","contentUrl":"https:\/\/dorogimedence.hu\/wp-content\/uploads\/2021\/04\/logo-feher-600.png","width":600,"height":100,"caption":"Dorogi-medence Region\u00e1lis H\u00edrport\u00e1l"},"image":{"@id":"https:\/\/dorogimedence.hu\/#\/schema\/logo\/image\/"},"sameAs":["https:\/\/www.facebook.com\/dorogimedence\/"]},{"@type":"Person","@id":"https:\/\/dorogimedence.hu\/#\/schema\/person\/ce6091eeb7e95ecdc87890d6aa8e0fd4","name":"dorogimedence.hu","image":{"@type":"ImageObject","inLanguage":"hu","@id":"\/\/www.gravatar.com\/avatar\/d8d45f8901aadff40a4af72c0b826f1d?s=96&#038;r=g&#038;d=mm","url":"\/\/www.gravatar.com\/avatar\/d8d45f8901aadff40a4af72c0b826f1d?s=96&#038;r=g&#038;d=mm","contentUrl":"\/\/www.gravatar.com\/avatar\/d8d45f8901aadff40a4af72c0b826f1d?s=96&#038;r=g&#038;d=mm","caption":"dorogimedence.hu"}}]}},"_links":{"self":[{"href":"https:\/\/dorogimedence.hu\/index.php\/wp-json\/wp\/v2\/posts\/66457","targetHints":{"allow":["GET"]}}],"collection":[{"href":"https:\/\/dorogimedence.hu\/index.php\/wp-json\/wp\/v2\/posts"}],"about":[{"href":"https:\/\/dorogimedence.hu\/index.php\/wp-json\/wp\/v2\/types\/post"}],"author":[{"embeddable":true,"href":"https:\/\/dorogimedence.hu\/index.php\/wp-json\/wp\/v2\/users\/1"}],"replies":[{"embeddable":true,"href":"https:\/\/dorogimedence.hu\/index.php\/wp-json\/wp\/v2\/comments?post=66457"}],"version-history":[{"count":0,"href":"https:\/\/dorogimedence.hu\/index.php\/wp-json\/wp\/v2\/posts\/66457\/revisions"}],"wp:featuredmedia":[{"embeddable":true,"href":"https:\/\/dorogimedence.hu\/index.php\/wp-json\/wp\/v2\/media\/66461"}],"wp:attachment":[{"href":"https:\/\/dorogimedence.hu\/index.php\/wp-json\/wp\/v2\/media?parent=66457"}],"wp:term":[{"taxonomy":"category","embeddable":true,"href":"https:\/\/dorogimedence.hu\/index.php\/wp-json\/wp\/v2\/categories?post=66457"},{"taxonomy":"post_tag","embeddable":true,"href":"https:\/\/dorogimedence.hu\/index.php\/wp-json\/wp\/v2\/tags?post=66457"}],"curies":[{"name":"wp","href":"https:\/\/api.w.org\/{rel}","templated":true}]}}