{"id":66413,"date":"2024-11-03T09:18:33","date_gmt":"2024-11-03T08:18:33","guid":{"rendered":"https:\/\/dorogimedence.hu\/?p=66413"},"modified":"2024-11-03T09:22:02","modified_gmt":"2024-11-03T08:22:02","slug":"gyorben-kapott-ki-eloszor-az-esztergom","status":"publish","type":"post","link":"https:\/\/dorogimedence.hu\/index.php\/2024\/11\/03\/gyorben-kapott-ki-eloszor-az-esztergom\/","title":{"rendered":"Gy\u0151rben kapott ki el\u0151sz\u00f6r az Esztergom"},"content":{"rendered":"<p><strong>A Gy\u0151ri ETO hazai p\u00e1ly\u00e1n magabiztosan m\u00falta fel\u00fcl az \u00fajonck\u00e9nt eddig hib\u00e1tlan Esztergomot a n\u0151i k\u00e9zilabda NB I 7. fordul\u00f3j\u00e1ban, november 2-\u00e1n, szombaton.<\/strong><\/p>\n<p>Komolyan vette az esztergomiak elleni tal\u00e1lkoz\u00f3t az ETO, Per Johansson nem tartal\u00e9kolt az \u00fajonc ellen, ugyanis Elek G\u00e1bor\u00e9k remek\u00fcl rajtoltak. Ez\u00fattal elmaradt a brav\u00far, f\u00f6l\u00e9nyes sikert arattak a gy\u0151riek, \u00e9s imm\u00e1ron m\u00e1r csak \u0151k hib\u00e1tlanok az \u00e9lvonalban. A kisalf\u00f6ldiek siker\u00e9ben f\u0151szerepet j\u00e1tszott a 13 v\u00e9d\u00e9ssel z\u00e1r\u00f3 Hatadou Sako.&nbsp;<\/p>\n<p>Az Esztergom kedden \u2013 Elek sz\u00fclet\u00e9snapj\u00e1n \u2013 \u00e9pp a szakember egykori klubj\u00e1t, a c\u00edmv\u00e9d\u0151 \u00e9s az elm\u00falt id\u00e9nyben kupagy\u0151ztes Ferencv\u00e1rost fogadja, amely ez\u00fattal a Vasast m\u00falta fel\u00fcl 39\u201321-re. A n\u00e9pligetiekn\u00e9l visszat\u00e9rt s\u00e9r\u00fcl\u00e9s\u00e9b\u0151l Sz\u00f6ll\u0151si-Z\u00e1csik Szandra.<\/p>\n<p><strong>N\u0150I K\u00c9ZILABDA NB I &#8211; <\/strong><strong>7. FORDUL\u00d3<\/strong><br \/>\n<strong>GY\u0150RI AUDI ETO KC<\/strong><strong>\u2013<\/strong><strong>MOL ESZTERGOM 43<\/strong>\u2013<strong>20 (20\u20138)<\/strong><br \/>\n<strong>Gy\u0151r, 3944<\/strong> n\u00e9z\u0151. <strong>V:<\/strong> Andorka, Hucker.<\/p>\n<p><strong>GY\u0150R:<\/strong> SAKO \u2013 GY\u0150RI-LUK\u00c1CS 4, Housheer 5 (3), NZE-MINKO 5, BRATTSET DALE 7, Breist\u00f6l 4, Van Wetering 1. <strong>Csere:<\/strong> Gy\u0151ri A. (kapus), K. J\u00f6rgensen 2, De Paula 4, Blohm 4, Rju Un Hi 1, Hovden 2, Fodor Cs. 4. <strong>Edz\u0151:<\/strong> Per Johansson<\/p>\n<p><strong>ESZTERGOM:<\/strong> T\u00f3th Nikolett \u2013 Kov\u00e1cs Anett 1, Majoros K., Kisfaludy 1, FARAG\u00d3 LEA 5 (2), Szucs\u00e1nszki, Hajtai 2. <strong>Csere:<\/strong> Herczeg (kapus), Ballai B. 3, K\u00e1rm\u00e1n, Nick 1, Horv\u00e1th F. 1, Tepl\u00e1n 2, Bede 1, Mlinko 2, Kiss D. 1. <strong>Edz\u0151:<\/strong> Elek G\u00e1bor<\/p>\n<p><strong>Az eredm\u00e9ny alakul\u00e1sa<\/strong>. <strong>5. perc:<\/strong> 3\u20130. <strong>9. p.:<\/strong> 5\u20133. <strong>15. p.:<\/strong> 9\u20134. <strong>20. p.:<\/strong> 13\u20135. <strong>25. p.:<\/strong> 17\u20138. <strong>35. p.:<\/strong> 22\u201311. <strong>41. p.:<\/strong> 26\u201312. <strong>48.<\/strong> <strong>p.:<\/strong> 31\u201316. <strong>53. p.:<\/strong> 36\u201318. <strong>58. p.:<\/strong> 40\u201320.&nbsp;<br \/>\n<strong>Ki\u00e1ll\u00edt\u00e1sok.<\/strong> 4, ill. 6 perc<br \/>\n<strong>H\u00e9tm\u00e9teresek:<\/strong> 4\/3, ill. 2\/2<\/p>\n<p><strong>MESTERM\u00c9RLEG<\/strong><br \/>\n<strong>Per Johansson:<\/strong> \u2013 Az Odense elleni veres\u00e9g ut\u00e1n rendet kellett tenni a fejekben, ezzel a v\u00e9dekez\u00e9ssel \u00fagy \u00e9rzem visszat\u00e9rt\u00fcnk a j\u00f3 \u00fatra. Ez volt az eddigi legnagyobb k\u00fcl\u00f6nbs\u00e9g\u0171 gy\u0151zelm\u00fcnk, de fontosabb, hogy hatvan percen kereszt\u00fcl tudtak egym\u00e1s\u00e9rt k\u00fczdeni a j\u00e1t\u00e9kosaink.<br \/>\n<strong>Elek G\u00e1bor:<\/strong> \u2013 Jobban is megnehez\u00edthett\u00fck volna az ETO dolg\u00e1t, de edz\u0151partnerek voltunk, ledar\u00e1ltak benn\u00fcnket. Kevesen j\u00e1rnak gy\u0151zni Gy\u0151rbe, mi se ezzel az elk\u00e9pzel\u00e9ssel j\u00f6tt\u00fcnk, de kicsivel t\u00f6bbet v\u00e1rtam a csapatt\u00f3l.<\/p>\n<p><em>Forr\u00e1s: <span style=\"color: #0000ff;\"><a style=\"color: #0000ff;\" href=\"https:\/\/www.nemzetisport.hu\/kezilabda\/2024\/11\/noi-kezilabda-nb-i-gyorben-kapott-ki-eloszor-az-ujonc-esztergom\" target=\"_blank\" rel=\"noopener\"><span style=\"text-decoration: underline;\">Nemzeti Sport<\/span><\/a><\/span><\/em><br \/>\n<em>Bor\u00edt\u00f3k\u00e9p: Esztergom Handball Facebook oldal<\/em><\/p>\n","protected":false},"excerpt":{"rendered":"<p>A Gy\u0151ri ETO hazai p\u00e1ly\u00e1n magabiztosan m\u00falta fel\u00fcl az \u00fajonck\u00e9nt eddig hib\u00e1tlan Esztergomot a n\u0151i k\u00e9zilabda NB I 7. fordul\u00f3j\u00e1ban, november 2-\u00e1n, szombaton. Komolyan vette az esztergomiak elleni tal\u00e1lkoz\u00f3t az ETO, Per Johansson nem tartal\u00e9kolt az \u00fajonc ellen, ugyanis Elek G\u00e1bor\u00e9k remek\u00fcl rajtoltak. Ez\u00fattal elmaradt a brav\u00far, f\u00f6l\u00e9nyes sikert arattak a gy\u0151riek, \u00e9s imm\u00e1ron m\u00e1r<\/p>\n","protected":false},"author":1,"featured_media":66414,"comment_status":"closed","ping_status":"closed","sticky":false,"template":"","format":"standard","meta":{"ngg_post_thumbnail":0,"footnotes":""},"categories":[38,3,5],"tags":[42,2311,355,8025,16],"class_list":{"0":"post-66413","1":"post","2":"type-post","3":"status-publish","4":"format-standard","5":"has-post-thumbnail","7":"category-esztergom","8":"category-hirek","9":"category-sport","10":"tag-esztergom","11":"tag-gyor","12":"tag-kezilabda","13":"tag-mol-esztergom","14":"tag-sport"},"yoast_head":"<!-- This site is optimized with the Yoast SEO plugin v27.5 - https:\/\/yoast.com\/product\/yoast-seo-wordpress\/ -->\n<title>Gy\u0151rben kapott ki el\u0151sz\u00f6r az Esztergom<\/title>\n<meta name=\"robots\" content=\"index, follow, max-snippet:-1, max-image-preview:large, max-video-preview:-1\" \/>\n<link rel=\"canonical\" href=\"https:\/\/dorogimedence.hu\/index.php\/2024\/11\/03\/gyorben-kapott-ki-eloszor-az-esztergom\/\" class=\"yoast-seo-meta-tag\" \/>\n<meta property=\"og:locale\" content=\"hu_HU\" class=\"yoast-seo-meta-tag\" \/>\n<meta property=\"og:type\" content=\"article\" class=\"yoast-seo-meta-tag\" \/>\n<meta property=\"og:title\" content=\"Gy\u0151rben kapott ki el\u0151sz\u00f6r az Esztergom\" class=\"yoast-seo-meta-tag\" \/>\n<meta property=\"og:description\" content=\"A Gy\u0151ri ETO hazai p\u00e1ly\u00e1n magabiztosan m\u00falta fel\u00fcl az \u00fajonck\u00e9nt eddig hib\u00e1tlan Esztergomot a n\u0151i k\u00e9zilabda NB I 7. fordul\u00f3j\u00e1ban, november 2-\u00e1n, szombaton. Komolyan vette az esztergomiak elleni tal\u00e1lkoz\u00f3t az ETO, Per Johansson nem tartal\u00e9kolt az \u00fajonc ellen, ugyanis Elek G\u00e1bor\u00e9k remek\u00fcl rajtoltak. Ez\u00fattal elmaradt a brav\u00far, f\u00f6l\u00e9nyes sikert arattak a gy\u0151riek, \u00e9s imm\u00e1ron m\u00e1r\" class=\"yoast-seo-meta-tag\" \/>\n<meta property=\"og:url\" content=\"https:\/\/dorogimedence.hu\/index.php\/2024\/11\/03\/gyorben-kapott-ki-eloszor-az-esztergom\/\" class=\"yoast-seo-meta-tag\" \/>\n<meta property=\"og:site_name\" content=\"Dorogi-medence Region\u00e1lis H\u00edrport\u00e1l\" class=\"yoast-seo-meta-tag\" \/>\n<meta property=\"article:publisher\" content=\"https:\/\/www.facebook.com\/dorogimedence\/\" class=\"yoast-seo-meta-tag\" \/>\n<meta property=\"article:published_time\" content=\"2024-11-03T08:18:33+00:00\" class=\"yoast-seo-meta-tag\" \/>\n<meta property=\"article:modified_time\" content=\"2024-11-03T08:22:02+00:00\" class=\"yoast-seo-meta-tag\" \/>\n<meta property=\"og:image\" content=\"https:\/\/dorogimedence.hu\/wp-content\/uploads\/2024\/11\/465480739_17954812862840640_6256004107052726553_n.jpg\" class=\"yoast-seo-meta-tag\" \/>\n\t<meta property=\"og:image:width\" content=\"1080\" class=\"yoast-seo-meta-tag\" \/>\n\t<meta property=\"og:image:height\" content=\"608\" class=\"yoast-seo-meta-tag\" \/>\n\t<meta property=\"og:image:type\" content=\"image\/jpeg\" class=\"yoast-seo-meta-tag\" \/>\n<meta name=\"author\" content=\"dorogimedence.hu\" class=\"yoast-seo-meta-tag\" \/>\n<meta name=\"twitter:card\" content=\"summary_large_image\" class=\"yoast-seo-meta-tag\" \/>\n<meta name=\"twitter:label1\" content=\"Szerz\u0151:\" class=\"yoast-seo-meta-tag\" \/>\n\t<meta name=\"twitter:data1\" content=\"dorogimedence.hu\" class=\"yoast-seo-meta-tag\" \/>\n\t<meta name=\"twitter:label2\" content=\"Becs\u00fclt olvas\u00e1si id\u0151\" class=\"yoast-seo-meta-tag\" \/>\n\t<meta name=\"twitter:data2\" content=\"2 perc\" class=\"yoast-seo-meta-tag\" \/>\n<script type=\"application\/ld+json\" class=\"yoast-schema-graph\">{\"@context\":\"https:\\\/\\\/schema.org\",\"@graph\":[{\"@type\":\"Article\",\"@id\":\"https:\\\/\\\/dorogimedence.hu\\\/index.php\\\/2024\\\/11\\\/03\\\/gyorben-kapott-ki-eloszor-az-esztergom\\\/#article\",\"isPartOf\":{\"@id\":\"https:\\\/\\\/dorogimedence.hu\\\/index.php\\\/2024\\\/11\\\/03\\\/gyorben-kapott-ki-eloszor-az-esztergom\\\/\"},\"author\":{\"name\":\"dorogimedence.hu\",\"@id\":\"https:\\\/\\\/dorogimedence.hu\\\/#\\\/schema\\\/person\\\/ce6091eeb7e95ecdc87890d6aa8e0fd4\"},\"headline\":\"Gy\u0151rben kapott ki el\u0151sz\u00f6r az Esztergom\",\"datePublished\":\"2024-11-03T08:18:33+00:00\",\"dateModified\":\"2024-11-03T08:22:02+00:00\",\"mainEntityOfPage\":{\"@id\":\"https:\\\/\\\/dorogimedence.hu\\\/index.php\\\/2024\\\/11\\\/03\\\/gyorben-kapott-ki-eloszor-az-esztergom\\\/\"},\"wordCount\":404,\"publisher\":{\"@id\":\"https:\\\/\\\/dorogimedence.hu\\\/#organization\"},\"image\":{\"@id\":\"https:\\\/\\\/dorogimedence.hu\\\/index.php\\\/2024\\\/11\\\/03\\\/gyorben-kapott-ki-eloszor-az-esztergom\\\/#primaryimage\"},\"thumbnailUrl\":\"https:\\\/\\\/dorogimedence.hu\\\/wp-content\\\/uploads\\\/2024\\\/11\\\/465480739_17954812862840640_6256004107052726553_n.jpg\",\"keywords\":[\"esztergom\",\"Gy\u0151r\",\"k\u00e9zilabda\",\"Mol Esztergom\",\"sport\"],\"articleSection\":[\"Esztergom\",\"H\u00edrek\",\"Sport\"],\"inLanguage\":\"hu\"},{\"@type\":\"WebPage\",\"@id\":\"https:\\\/\\\/dorogimedence.hu\\\/index.php\\\/2024\\\/11\\\/03\\\/gyorben-kapott-ki-eloszor-az-esztergom\\\/\",\"url\":\"https:\\\/\\\/dorogimedence.hu\\\/index.php\\\/2024\\\/11\\\/03\\\/gyorben-kapott-ki-eloszor-az-esztergom\\\/\",\"name\":\"Gy\u0151rben kapott ki el\u0151sz\u00f6r az Esztergom\",\"isPartOf\":{\"@id\":\"https:\\\/\\\/dorogimedence.hu\\\/#website\"},\"primaryImageOfPage\":{\"@id\":\"https:\\\/\\\/dorogimedence.hu\\\/index.php\\\/2024\\\/11\\\/03\\\/gyorben-kapott-ki-eloszor-az-esztergom\\\/#primaryimage\"},\"image\":{\"@id\":\"https:\\\/\\\/dorogimedence.hu\\\/index.php\\\/2024\\\/11\\\/03\\\/gyorben-kapott-ki-eloszor-az-esztergom\\\/#primaryimage\"},\"thumbnailUrl\":\"https:\\\/\\\/dorogimedence.hu\\\/wp-content\\\/uploads\\\/2024\\\/11\\\/465480739_17954812862840640_6256004107052726553_n.jpg\",\"datePublished\":\"2024-11-03T08:18:33+00:00\",\"dateModified\":\"2024-11-03T08:22:02+00:00\",\"breadcrumb\":{\"@id\":\"https:\\\/\\\/dorogimedence.hu\\\/index.php\\\/2024\\\/11\\\/03\\\/gyorben-kapott-ki-eloszor-az-esztergom\\\/#breadcrumb\"},\"inLanguage\":\"hu\",\"potentialAction\":[{\"@type\":\"ReadAction\",\"target\":[\"https:\\\/\\\/dorogimedence.hu\\\/index.php\\\/2024\\\/11\\\/03\\\/gyorben-kapott-ki-eloszor-az-esztergom\\\/\"]}]},{\"@type\":\"ImageObject\",\"inLanguage\":\"hu\",\"@id\":\"https:\\\/\\\/dorogimedence.hu\\\/index.php\\\/2024\\\/11\\\/03\\\/gyorben-kapott-ki-eloszor-az-esztergom\\\/#primaryimage\",\"url\":\"https:\\\/\\\/dorogimedence.hu\\\/wp-content\\\/uploads\\\/2024\\\/11\\\/465480739_17954812862840640_6256004107052726553_n.jpg\",\"contentUrl\":\"https:\\\/\\\/dorogimedence.hu\\\/wp-content\\\/uploads\\\/2024\\\/11\\\/465480739_17954812862840640_6256004107052726553_n.jpg\",\"width\":1080,\"height\":608},{\"@type\":\"BreadcrumbList\",\"@id\":\"https:\\\/\\\/dorogimedence.hu\\\/index.php\\\/2024\\\/11\\\/03\\\/gyorben-kapott-ki-eloszor-az-esztergom\\\/#breadcrumb\",\"itemListElement\":[{\"@type\":\"ListItem\",\"position\":1,\"name\":\"Kezd\u0151lap\",\"item\":\"https:\\\/\\\/dorogimedence.hu\\\/\"},{\"@type\":\"ListItem\",\"position\":2,\"name\":\"Gy\u0151rben kapott ki el\u0151sz\u00f6r az Esztergom\"}]},{\"@type\":\"WebSite\",\"@id\":\"https:\\\/\\\/dorogimedence.hu\\\/#website\",\"url\":\"https:\\\/\\\/dorogimedence.hu\\\/\",\"name\":\"Dorogi-medence Region\u00e1lis H\u00edrport\u00e1l\",\"description\":\"Dorog, Keszt\u00f6lc, Le\u00e1nyv\u00e1r, Piliscs\u00e9v, Tokod, Tokodalt\u00e1r\u00f3, Csolnok, Esztergom-kertv\u00e1ros: h\u00edrek, programok\",\"publisher\":{\"@id\":\"https:\\\/\\\/dorogimedence.hu\\\/#organization\"},\"potentialAction\":[{\"@type\":\"SearchAction\",\"target\":{\"@type\":\"EntryPoint\",\"urlTemplate\":\"https:\\\/\\\/dorogimedence.hu\\\/?s={search_term_string}\"},\"query-input\":{\"@type\":\"PropertyValueSpecification\",\"valueRequired\":true,\"valueName\":\"search_term_string\"}}],\"inLanguage\":\"hu\"},{\"@type\":\"Organization\",\"@id\":\"https:\\\/\\\/dorogimedence.hu\\\/#organization\",\"name\":\"Dorogi-medence Region\u00e1lis H\u00edrport\u00e1l\",\"url\":\"https:\\\/\\\/dorogimedence.hu\\\/\",\"logo\":{\"@type\":\"ImageObject\",\"inLanguage\":\"hu\",\"@id\":\"https:\\\/\\\/dorogimedence.hu\\\/#\\\/schema\\\/logo\\\/image\\\/\",\"url\":\"https:\\\/\\\/dorogimedence.hu\\\/wp-content\\\/uploads\\\/2021\\\/04\\\/logo-feher-600.png\",\"contentUrl\":\"https:\\\/\\\/dorogimedence.hu\\\/wp-content\\\/uploads\\\/2021\\\/04\\\/logo-feher-600.png\",\"width\":600,\"height\":100,\"caption\":\"Dorogi-medence Region\u00e1lis H\u00edrport\u00e1l\"},\"image\":{\"@id\":\"https:\\\/\\\/dorogimedence.hu\\\/#\\\/schema\\\/logo\\\/image\\\/\"},\"sameAs\":[\"https:\\\/\\\/www.facebook.com\\\/dorogimedence\\\/\"]},{\"@type\":\"Person\",\"@id\":\"https:\\\/\\\/dorogimedence.hu\\\/#\\\/schema\\\/person\\\/ce6091eeb7e95ecdc87890d6aa8e0fd4\",\"name\":\"dorogimedence.hu\",\"image\":{\"@type\":\"ImageObject\",\"inLanguage\":\"hu\",\"@id\":\"\\\/\\\/www.gravatar.com\\\/avatar\\\/d8d45f8901aadff40a4af72c0b826f1d?s=96&#038;r=g&#038;d=mm\",\"url\":\"\\\/\\\/www.gravatar.com\\\/avatar\\\/d8d45f8901aadff40a4af72c0b826f1d?s=96&#038;r=g&#038;d=mm\",\"contentUrl\":\"\\\/\\\/www.gravatar.com\\\/avatar\\\/d8d45f8901aadff40a4af72c0b826f1d?s=96&#038;r=g&#038;d=mm\",\"caption\":\"dorogimedence.hu\"}}]}<\/script>\n<!-- \/ Yoast SEO plugin. -->","yoast_head_json":{"title":"Gy\u0151rben kapott ki el\u0151sz\u00f6r az Esztergom","robots":{"index":"index","follow":"follow","max-snippet":"max-snippet:-1","max-image-preview":"max-image-preview:large","max-video-preview":"max-video-preview:-1"},"canonical":"https:\/\/dorogimedence.hu\/index.php\/2024\/11\/03\/gyorben-kapott-ki-eloszor-az-esztergom\/","og_locale":"hu_HU","og_type":"article","og_title":"Gy\u0151rben kapott ki el\u0151sz\u00f6r az Esztergom","og_description":"A Gy\u0151ri ETO hazai p\u00e1ly\u00e1n magabiztosan m\u00falta fel\u00fcl az \u00fajonck\u00e9nt eddig hib\u00e1tlan Esztergomot a n\u0151i k\u00e9zilabda NB I 7. fordul\u00f3j\u00e1ban, november 2-\u00e1n, szombaton. Komolyan vette az esztergomiak elleni tal\u00e1lkoz\u00f3t az ETO, Per Johansson nem tartal\u00e9kolt az \u00fajonc ellen, ugyanis Elek G\u00e1bor\u00e9k remek\u00fcl rajtoltak. Ez\u00fattal elmaradt a brav\u00far, f\u00f6l\u00e9nyes sikert arattak a gy\u0151riek, \u00e9s imm\u00e1ron m\u00e1r","og_url":"https:\/\/dorogimedence.hu\/index.php\/2024\/11\/03\/gyorben-kapott-ki-eloszor-az-esztergom\/","og_site_name":"Dorogi-medence Region\u00e1lis H\u00edrport\u00e1l","article_publisher":"https:\/\/www.facebook.com\/dorogimedence\/","article_published_time":"2024-11-03T08:18:33+00:00","article_modified_time":"2024-11-03T08:22:02+00:00","og_image":[{"width":1080,"height":608,"url":"https:\/\/dorogimedence.hu\/wp-content\/uploads\/2024\/11\/465480739_17954812862840640_6256004107052726553_n.jpg","type":"image\/jpeg"}],"author":"dorogimedence.hu","twitter_card":"summary_large_image","twitter_misc":{"Szerz\u0151:":"dorogimedence.hu","Becs\u00fclt olvas\u00e1si id\u0151":"2 perc"},"schema":{"@context":"https:\/\/schema.org","@graph":[{"@type":"Article","@id":"https:\/\/dorogimedence.hu\/index.php\/2024\/11\/03\/gyorben-kapott-ki-eloszor-az-esztergom\/#article","isPartOf":{"@id":"https:\/\/dorogimedence.hu\/index.php\/2024\/11\/03\/gyorben-kapott-ki-eloszor-az-esztergom\/"},"author":{"name":"dorogimedence.hu","@id":"https:\/\/dorogimedence.hu\/#\/schema\/person\/ce6091eeb7e95ecdc87890d6aa8e0fd4"},"headline":"Gy\u0151rben kapott ki el\u0151sz\u00f6r az Esztergom","datePublished":"2024-11-03T08:18:33+00:00","dateModified":"2024-11-03T08:22:02+00:00","mainEntityOfPage":{"@id":"https:\/\/dorogimedence.hu\/index.php\/2024\/11\/03\/gyorben-kapott-ki-eloszor-az-esztergom\/"},"wordCount":404,"publisher":{"@id":"https:\/\/dorogimedence.hu\/#organization"},"image":{"@id":"https:\/\/dorogimedence.hu\/index.php\/2024\/11\/03\/gyorben-kapott-ki-eloszor-az-esztergom\/#primaryimage"},"thumbnailUrl":"https:\/\/dorogimedence.hu\/wp-content\/uploads\/2024\/11\/465480739_17954812862840640_6256004107052726553_n.jpg","keywords":["esztergom","Gy\u0151r","k\u00e9zilabda","Mol Esztergom","sport"],"articleSection":["Esztergom","H\u00edrek","Sport"],"inLanguage":"hu"},{"@type":"WebPage","@id":"https:\/\/dorogimedence.hu\/index.php\/2024\/11\/03\/gyorben-kapott-ki-eloszor-az-esztergom\/","url":"https:\/\/dorogimedence.hu\/index.php\/2024\/11\/03\/gyorben-kapott-ki-eloszor-az-esztergom\/","name":"Gy\u0151rben kapott ki el\u0151sz\u00f6r az Esztergom","isPartOf":{"@id":"https:\/\/dorogimedence.hu\/#website"},"primaryImageOfPage":{"@id":"https:\/\/dorogimedence.hu\/index.php\/2024\/11\/03\/gyorben-kapott-ki-eloszor-az-esztergom\/#primaryimage"},"image":{"@id":"https:\/\/dorogimedence.hu\/index.php\/2024\/11\/03\/gyorben-kapott-ki-eloszor-az-esztergom\/#primaryimage"},"thumbnailUrl":"https:\/\/dorogimedence.hu\/wp-content\/uploads\/2024\/11\/465480739_17954812862840640_6256004107052726553_n.jpg","datePublished":"2024-11-03T08:18:33+00:00","dateModified":"2024-11-03T08:22:02+00:00","breadcrumb":{"@id":"https:\/\/dorogimedence.hu\/index.php\/2024\/11\/03\/gyorben-kapott-ki-eloszor-az-esztergom\/#breadcrumb"},"inLanguage":"hu","potentialAction":[{"@type":"ReadAction","target":["https:\/\/dorogimedence.hu\/index.php\/2024\/11\/03\/gyorben-kapott-ki-eloszor-az-esztergom\/"]}]},{"@type":"ImageObject","inLanguage":"hu","@id":"https:\/\/dorogimedence.hu\/index.php\/2024\/11\/03\/gyorben-kapott-ki-eloszor-az-esztergom\/#primaryimage","url":"https:\/\/dorogimedence.hu\/wp-content\/uploads\/2024\/11\/465480739_17954812862840640_6256004107052726553_n.jpg","contentUrl":"https:\/\/dorogimedence.hu\/wp-content\/uploads\/2024\/11\/465480739_17954812862840640_6256004107052726553_n.jpg","width":1080,"height":608},{"@type":"BreadcrumbList","@id":"https:\/\/dorogimedence.hu\/index.php\/2024\/11\/03\/gyorben-kapott-ki-eloszor-az-esztergom\/#breadcrumb","itemListElement":[{"@type":"ListItem","position":1,"name":"Kezd\u0151lap","item":"https:\/\/dorogimedence.hu\/"},{"@type":"ListItem","position":2,"name":"Gy\u0151rben kapott ki el\u0151sz\u00f6r az Esztergom"}]},{"@type":"WebSite","@id":"https:\/\/dorogimedence.hu\/#website","url":"https:\/\/dorogimedence.hu\/","name":"Dorogi-medence Region\u00e1lis H\u00edrport\u00e1l","description":"Dorog, Keszt\u00f6lc, Le\u00e1nyv\u00e1r, Piliscs\u00e9v, Tokod, Tokodalt\u00e1r\u00f3, Csolnok, Esztergom-kertv\u00e1ros: h\u00edrek, programok","publisher":{"@id":"https:\/\/dorogimedence.hu\/#organization"},"potentialAction":[{"@type":"SearchAction","target":{"@type":"EntryPoint","urlTemplate":"https:\/\/dorogimedence.hu\/?s={search_term_string}"},"query-input":{"@type":"PropertyValueSpecification","valueRequired":true,"valueName":"search_term_string"}}],"inLanguage":"hu"},{"@type":"Organization","@id":"https:\/\/dorogimedence.hu\/#organization","name":"Dorogi-medence Region\u00e1lis H\u00edrport\u00e1l","url":"https:\/\/dorogimedence.hu\/","logo":{"@type":"ImageObject","inLanguage":"hu","@id":"https:\/\/dorogimedence.hu\/#\/schema\/logo\/image\/","url":"https:\/\/dorogimedence.hu\/wp-content\/uploads\/2021\/04\/logo-feher-600.png","contentUrl":"https:\/\/dorogimedence.hu\/wp-content\/uploads\/2021\/04\/logo-feher-600.png","width":600,"height":100,"caption":"Dorogi-medence Region\u00e1lis H\u00edrport\u00e1l"},"image":{"@id":"https:\/\/dorogimedence.hu\/#\/schema\/logo\/image\/"},"sameAs":["https:\/\/www.facebook.com\/dorogimedence\/"]},{"@type":"Person","@id":"https:\/\/dorogimedence.hu\/#\/schema\/person\/ce6091eeb7e95ecdc87890d6aa8e0fd4","name":"dorogimedence.hu","image":{"@type":"ImageObject","inLanguage":"hu","@id":"\/\/www.gravatar.com\/avatar\/d8d45f8901aadff40a4af72c0b826f1d?s=96&#038;r=g&#038;d=mm","url":"\/\/www.gravatar.com\/avatar\/d8d45f8901aadff40a4af72c0b826f1d?s=96&#038;r=g&#038;d=mm","contentUrl":"\/\/www.gravatar.com\/avatar\/d8d45f8901aadff40a4af72c0b826f1d?s=96&#038;r=g&#038;d=mm","caption":"dorogimedence.hu"}}]}},"_links":{"self":[{"href":"https:\/\/dorogimedence.hu\/index.php\/wp-json\/wp\/v2\/posts\/66413","targetHints":{"allow":["GET"]}}],"collection":[{"href":"https:\/\/dorogimedence.hu\/index.php\/wp-json\/wp\/v2\/posts"}],"about":[{"href":"https:\/\/dorogimedence.hu\/index.php\/wp-json\/wp\/v2\/types\/post"}],"author":[{"embeddable":true,"href":"https:\/\/dorogimedence.hu\/index.php\/wp-json\/wp\/v2\/users\/1"}],"replies":[{"embeddable":true,"href":"https:\/\/dorogimedence.hu\/index.php\/wp-json\/wp\/v2\/comments?post=66413"}],"version-history":[{"count":0,"href":"https:\/\/dorogimedence.hu\/index.php\/wp-json\/wp\/v2\/posts\/66413\/revisions"}],"wp:featuredmedia":[{"embeddable":true,"href":"https:\/\/dorogimedence.hu\/index.php\/wp-json\/wp\/v2\/media\/66414"}],"wp:attachment":[{"href":"https:\/\/dorogimedence.hu\/index.php\/wp-json\/wp\/v2\/media?parent=66413"}],"wp:term":[{"taxonomy":"category","embeddable":true,"href":"https:\/\/dorogimedence.hu\/index.php\/wp-json\/wp\/v2\/categories?post=66413"},{"taxonomy":"post_tag","embeddable":true,"href":"https:\/\/dorogimedence.hu\/index.php\/wp-json\/wp\/v2\/tags?post=66413"}],"curies":[{"name":"wp","href":"https:\/\/api.w.org\/{rel}","templated":true}]}}