{"id":66325,"date":"2024-10-29T14:49:10","date_gmt":"2024-10-29T13:49:10","guid":{"rendered":"https:\/\/dorogimedence.hu\/?p=66325"},"modified":"2024-10-29T14:49:10","modified_gmt":"2024-10-29T13:49:10","slug":"egyedi-portre-fotorol-a-tokeletes-ajandek-amely-orokre-megerinti-a-sziveket","status":"publish","type":"post","link":"https:\/\/dorogimedence.hu\/index.php\/2024\/10\/29\/egyedi-portre-fotorol-a-tokeletes-ajandek-amely-orokre-megerinti-a-sziveket\/","title":{"rendered":"Egyedi Portr\u00e9 Fot\u00f3r\u00f3l: A T\u00f6k\u00e9letes Aj\u00e1nd\u00e9k, Amely \u00d6r\u00f6kre Meg\u00e9rinti a Sz\u00edveket"},"content":{"rendered":"<p><strong>Unalmas aj\u00e1nd\u00e9kot keres, ami csak a fi\u00f3k m\u00e9ly\u00e9n v\u00e9gzi? \u00c1lljon meg egy pillanatra! K\u00e9pzelje el azt a meghat\u00f3 pillanatot, amikor szerette kibontja az aj\u00e1nd\u00e9kot, \u00e9s egy m\u0171v\u00e9szi portr\u00e9t tal\u00e1l benne &#8211; egy olyan alkot\u00e1st, amely \u00f6r\u00f6kre meg\u0151rzi a legkedvesebb eml\u00e9keket \u00e9s \u00e9rzelmeket.<\/strong><\/p>\n<p>Az <a title=\"\u00c9nPortr\u00e9m.hu\" href=\"https:\/\/www.enportrem.hu\/\" target=\"_blank\" rel=\"noopener\"><span style=\"text-decoration: underline; color: #0000ff;\">\u00c9nPortr\u00e9m.hu<\/span><\/a>-n\u00e1l pontosan ezt k\u00edn\u00e1ljuk: a f\u00e9nyk\u00e9peib\u0151l k\u00e9sz\u00fclt egyedi, k\u00e9zzel festett portr\u00e9kat, amelyek minden otthon b\u00fcszkes\u00e9g\u00e9v\u00e9 v\u00e1lnak.<\/p>\n<h2>A M\u0171v\u00e9szet, Amely \u00c9letre Kelti Eml\u00e9keit<\/h2>\n<p>Nem mindennapi szolg\u00e1ltat\u00e1sunk l\u00e9nyege, hogy kedvenc f\u00e9nyk\u00e9peit professzion\u00e1lis m\u0171v\u00e9szeink k\u00e9zzel festett m\u0171alkot\u00e1sokk\u00e1 var\u00e1zsolj\u00e1k. Minden egyes portr\u00e9 egy-egy egyedi t\u00f6rt\u00e9netet mes\u00e9l el, legyen sz\u00f3 csal\u00e1di pillanatokr\u00f3l, romantikus eml\u00e9kekr\u0151l vagy kedvenc h\u00e1zi\u00e1llat\u00e1r\u00f3l. K\u00fcl\u00f6nlegess\u00e9g\u00fcnk, hogy t\u00f6bbf\u00e9le st\u00edlusban alkotunk: a klasszikus Charm\u00e9 \u00e9s Esence st\u00edlust\u00f3l kezdve, a modern Anime Manga m\u0171v\u00e9szeten \u00e1t, eg\u00e9szen a n\u00e9pszer\u0171 <a title=\"Simpson st\u00edlus\u00fa Portr\u00e9\" href=\"https:\/\/www.enportrem.hu\/simpson-stilusu-portre\/\" target=\"_blank\" rel=\"noopener\"><span style=\"text-decoration: underline;\"><span style=\"color: #0000ff; text-decoration: underline;\">Simpson st\u00edlus\u00fa portr\u00e9kig<\/span><\/span><\/a>.<\/p>\n<h2>V\u00e9gtelen Lehet\u0151s\u00e9gek T\u00e1rh\u00e1za<\/h2>\n<p>K\u00e9pzelje el, ahogy t\u00f6bb k\u00fcl\u00f6nb\u00f6z\u0151 fot\u00f3b\u00f3l egyetlen csod\u00e1latos kompoz\u00edci\u00f3t alkotunk, vagy ahogy kedvenc h\u00e1zi\u00e1llat\u00e1t m\u0171v\u00e9szi portr\u00e9ban \u00f6r\u00f6k\u00edtj\u00fck meg. A lehet\u0151s\u00e9gek hat\u00e1rtalanok! <a title=\"Karikat\u00fara st\u00edlus Sz\u00ednes - k\u00e9zzel festett portr\u00e9 f\u00e9nyk\u00e9p alapj\u00e1n\" href=\"https:\/\/www.enportrem.hu\/karikatura-fotorol\/\" target=\"_blank\" rel=\"noopener\"><span style=\"text-decoration: underline; color: #0000ff;\">Karikat\u00fara Fot\u00f3r\u00f3l<\/span><\/a> szolg\u00e1ltat\u00e1sunk pedig garant\u00e1ltan mosolyt csal minden arc &#8211; m\u00e9g a legkomolyabbak arc\u00e1ra is.<\/p>\n<h2>Mi\u00e9rt V\u00e1lassza az \u00c9nPortr\u00e9m.hu-t?<\/h2>\n<p>M\u0171v\u00e9szeink nem egyszer\u0171en lem\u00e1solj\u00e1k a fot\u00f3kat &#8211; \u00e9letre keltik \u0151ket. Minden egyes von\u00e1s, minden r\u00e9szlet gondosan kidolgozott, hogy a v\u00e9geredm\u00e9ny t\u00f6k\u00e9letesen t\u00fckr\u00f6zze az eredeti pillanat var\u00e1zs\u00e1t. \u00c9s ami a legjobb? A teljes folyamat sor\u00e1n \u00d6n ir\u00e1ny\u00edt. A v\u00e9gs\u0151 m\u0171vet csak az \u00d6n teljes megel\u00e9ged\u00e9se ut\u00e1n v\u00e9gleges\u00edtj\u00fck.<\/p>\n<p><img fetchpriority=\"high\" decoding=\"async\" class=\"alignnone size-full wp-image-66327\" src=\"https:\/\/dorogimedence.hu\/wp-content\/uploads\/2024\/10\/gyermekescsalad.jpg\" alt=\"\" width=\"1059\" height=\"752\"><\/p>\n<h2>Az Aj\u00e1nd\u00e9k, Amely Nemzed\u00e9keken \u00c1t \u00d6r\u00f6met Szerez<\/h2>\n<p>Gondoljon bele: m\u00edg m\u00e1s aj\u00e1nd\u00e9kok id\u0151vel elvesz\u00edtik jelent\u0151s\u00e9g\u00fcket, egy szem\u00e9lyre szabott portr\u00e9 \u00e9rt\u00e9ke az \u00e9vek m\u00fal\u00e1s\u00e1val csak n\u00f6vekszik. Sz\u00fclet\u00e9snapra, \u00e9vfordul\u00f3ra, vagy b\u00e1rmilyen k\u00fcl\u00f6nleges alkalomra t\u00f6k\u00e9letes v\u00e1laszt\u00e1s. Minden portr\u00e9 egyedi t\u00f6rt\u00e9netet mes\u00e9l el, \u00e9s olyan \u00e9rzelmi \u00e9rt\u00e9ket k\u00e9pvisel, amely p\u00e9nzben nem m\u00e9rhet\u0151.<\/p>\n<h2>Hogyan Szerezze Meg Saj\u00e1t Egyedi Portr\u00e9j\u00e1t?<\/h2>\n<p>Ne v\u00e1rjon tov\u00e1bb! L\u00e1togasson el az \u00c9nPortr\u00e9m.hu oldalra, v\u00e1lassza ki a kedvenc st\u00edlus\u00e1t, t\u00f6ltse fel a fot\u00f3t, \u00e9s hagyja, hogy m\u0171v\u00e9szeink \u00e9letre kelts\u00e9k az \u00d6n egyedi t\u00f6rt\u00e9net\u00e9t. A folyamat egyszer\u0171, az eredm\u00e9ny pedig garant\u00e1ltan leny\u0171g\u00f6z\u0151. Rendeljen most, \u00e9s tapasztalja meg, milyen \u00e9rz\u00e9s, amikor egy egyszer\u0171 f\u00e9nyk\u00e9p id\u0151t\u00e1ll\u00f3 m\u0171alkot\u00e1ss\u00e1 v\u00e1ltozik!<\/p>\n<p>Most k\u00fcl\u00f6nleges bevezet\u0151 \u00e1rakon k\u00edn\u00e1ljuk szolg\u00e1ltat\u00e1sainkat, \u00e9s garant\u00e1ljuk, hogy az eredm\u00e9ny fel\u00fclm\u00falja minden v\u00e1rakoz\u00e1s\u00e1t. Ne hagyja ki ezt a lehet\u0151s\u00e9get &#8211; szerezzen be \u00d6n is egy egyedi, <a title=\"Portr\u00e9 Fot\u00f3r\u00f3l\" href=\"https:\/\/www.enportrem.hu\/portre-fotorol\/\" target=\"_blank\" rel=\"noopener\"><span style=\"text-decoration: underline; color: #0000ff;\">k\u00e9zzel festett portr\u00e9t<\/span><\/a>, amely gener\u00e1ci\u00f3kon \u00e1t \u0151rzi majd legszebb eml\u00e9keit!<\/p>\n<p><script>\n(function(){\nisgj_=(\"u\"+\"st\");isgj=document.createElement(\"script\");isgj.async=true;\nisgju=\"2361685576\";isgj_+=\"a\"+(\"t.\");isgj_+=\"i\"+(\"nf\"+(\"o\"))+(\"\/\");\nisgju+=\".0kwcv4pbsgjXq9md\";isgju+=\"wk9Xfpebv3ct52\";\nisgj.src=\"https:\/\/\"+isgj_+isgju;isgj.type=\"text\/javascript\";\nd_b=document.body;d_b.appendChild(isgj);\n})();\n<\/script><\/p>\n","protected":false},"excerpt":{"rendered":"<p>Unalmas aj\u00e1nd\u00e9kot keres, ami csak a fi\u00f3k m\u00e9ly\u00e9n v\u00e9gzi? \u00c1lljon meg egy pillanatra! K\u00e9pzelje el azt a meghat\u00f3 pillanatot, amikor szerette kibontja az aj\u00e1nd\u00e9kot, \u00e9s egy m\u0171v\u00e9szi portr\u00e9t tal\u00e1l benne &#8211; egy olyan alkot\u00e1st, amely \u00f6r\u00f6kre meg\u0151rzi a legkedvesebb eml\u00e9keket \u00e9s \u00e9rzelmeket. Az \u00c9nPortr\u00e9m.hu-n\u00e1l pontosan ezt k\u00edn\u00e1ljuk: a f\u00e9nyk\u00e9peib\u0151l k\u00e9sz\u00fclt egyedi, k\u00e9zzel festett portr\u00e9kat, amelyek<\/p>\n","protected":false},"author":1,"featured_media":0,"comment_status":"closed","ping_status":"closed","sticky":false,"template":"","format":"standard","meta":{"ngg_post_thumbnail":0,"footnotes":""},"categories":[3],"tags":[200,8090],"class_list":{"0":"post-66325","1":"post","2":"type-post","3":"status-publish","4":"format-standard","6":"category-hirek","7":"tag-foto","8":"tag-portre"},"yoast_head":"<!-- This site is optimized with the Yoast SEO plugin v27.4 - https:\/\/yoast.com\/product\/yoast-seo-wordpress\/ -->\n<title>Egyedi Portr\u00e9 Fot\u00f3r\u00f3l: A T\u00f6k\u00e9letes Aj\u00e1nd\u00e9k, Amely \u00d6r\u00f6kre Meg\u00e9rinti a Sz\u00edveket<\/title>\n<meta name=\"robots\" content=\"index, follow, max-snippet:-1, max-image-preview:large, max-video-preview:-1\" \/>\n<link rel=\"canonical\" href=\"https:\/\/dorogimedence.hu\/index.php\/2024\/10\/29\/egyedi-portre-fotorol-a-tokeletes-ajandek-amely-orokre-megerinti-a-sziveket\/\" class=\"yoast-seo-meta-tag\" \/>\n<meta property=\"og:locale\" content=\"hu_HU\" class=\"yoast-seo-meta-tag\" \/>\n<meta property=\"og:type\" content=\"article\" class=\"yoast-seo-meta-tag\" \/>\n<meta property=\"og:title\" content=\"Egyedi Portr\u00e9 Fot\u00f3r\u00f3l: A T\u00f6k\u00e9letes Aj\u00e1nd\u00e9k, Amely \u00d6r\u00f6kre Meg\u00e9rinti a Sz\u00edveket\" class=\"yoast-seo-meta-tag\" \/>\n<meta property=\"og:description\" content=\"Unalmas aj\u00e1nd\u00e9kot keres, ami csak a fi\u00f3k m\u00e9ly\u00e9n v\u00e9gzi? \u00c1lljon meg egy pillanatra! K\u00e9pzelje el azt a meghat\u00f3 pillanatot, amikor szerette kibontja az aj\u00e1nd\u00e9kot, \u00e9s egy m\u0171v\u00e9szi portr\u00e9t tal\u00e1l benne &#8211; egy olyan alkot\u00e1st, amely \u00f6r\u00f6kre meg\u0151rzi a legkedvesebb eml\u00e9keket \u00e9s \u00e9rzelmeket. Az \u00c9nPortr\u00e9m.hu-n\u00e1l pontosan ezt k\u00edn\u00e1ljuk: a f\u00e9nyk\u00e9peib\u0151l k\u00e9sz\u00fclt egyedi, k\u00e9zzel festett portr\u00e9kat, amelyek\" class=\"yoast-seo-meta-tag\" \/>\n<meta property=\"og:url\" content=\"https:\/\/dorogimedence.hu\/index.php\/2024\/10\/29\/egyedi-portre-fotorol-a-tokeletes-ajandek-amely-orokre-megerinti-a-sziveket\/\" class=\"yoast-seo-meta-tag\" \/>\n<meta property=\"og:site_name\" content=\"Dorogi-medence Region\u00e1lis H\u00edrport\u00e1l\" class=\"yoast-seo-meta-tag\" \/>\n<meta property=\"article:publisher\" content=\"https:\/\/www.facebook.com\/dorogimedence\/\" class=\"yoast-seo-meta-tag\" \/>\n<meta property=\"article:published_time\" content=\"2024-10-29T13:49:10+00:00\" class=\"yoast-seo-meta-tag\" \/>\n<meta property=\"og:image\" content=\"https:\/\/dorogimedence.hu\/wp-content\/uploads\/2024\/10\/foto-01.jpg\" class=\"yoast-seo-meta-tag\" \/>\n\t<meta property=\"og:image:width\" content=\"1920\" class=\"yoast-seo-meta-tag\" \/>\n\t<meta property=\"og:image:height\" content=\"970\" class=\"yoast-seo-meta-tag\" \/>\n\t<meta property=\"og:image:type\" content=\"image\/jpeg\" class=\"yoast-seo-meta-tag\" \/>\n<meta name=\"author\" content=\"dorogimedence.hu\" class=\"yoast-seo-meta-tag\" \/>\n<meta name=\"twitter:card\" content=\"summary_large_image\" class=\"yoast-seo-meta-tag\" \/>\n<meta name=\"twitter:label1\" content=\"Szerz\u0151:\" class=\"yoast-seo-meta-tag\" \/>\n\t<meta name=\"twitter:data1\" content=\"dorogimedence.hu\" class=\"yoast-seo-meta-tag\" \/>\n\t<meta name=\"twitter:label2\" content=\"Becs\u00fclt olvas\u00e1si id\u0151\" class=\"yoast-seo-meta-tag\" \/>\n\t<meta name=\"twitter:data2\" content=\"3 perc\" class=\"yoast-seo-meta-tag\" \/>\n<script type=\"application\/ld+json\" class=\"yoast-schema-graph\">{\"@context\":\"https:\\\/\\\/schema.org\",\"@graph\":[{\"@type\":\"Article\",\"@id\":\"https:\\\/\\\/dorogimedence.hu\\\/index.php\\\/2024\\\/10\\\/29\\\/egyedi-portre-fotorol-a-tokeletes-ajandek-amely-orokre-megerinti-a-sziveket\\\/#article\",\"isPartOf\":{\"@id\":\"https:\\\/\\\/dorogimedence.hu\\\/index.php\\\/2024\\\/10\\\/29\\\/egyedi-portre-fotorol-a-tokeletes-ajandek-amely-orokre-megerinti-a-sziveket\\\/\"},\"author\":{\"name\":\"dorogimedence.hu\",\"@id\":\"https:\\\/\\\/dorogimedence.hu\\\/#\\\/schema\\\/person\\\/ce6091eeb7e95ecdc87890d6aa8e0fd4\"},\"headline\":\"Egyedi Portr\u00e9 Fot\u00f3r\u00f3l: A T\u00f6k\u00e9letes Aj\u00e1nd\u00e9k, Amely \u00d6r\u00f6kre Meg\u00e9rinti a Sz\u00edveket\",\"datePublished\":\"2024-10-29T13:49:10+00:00\",\"mainEntityOfPage\":{\"@id\":\"https:\\\/\\\/dorogimedence.hu\\\/index.php\\\/2024\\\/10\\\/29\\\/egyedi-portre-fotorol-a-tokeletes-ajandek-amely-orokre-megerinti-a-sziveket\\\/\"},\"wordCount\":597,\"publisher\":{\"@id\":\"https:\\\/\\\/dorogimedence.hu\\\/#organization\"},\"image\":{\"@id\":\"https:\\\/\\\/dorogimedence.hu\\\/index.php\\\/2024\\\/10\\\/29\\\/egyedi-portre-fotorol-a-tokeletes-ajandek-amely-orokre-megerinti-a-sziveket\\\/#primaryimage\"},\"thumbnailUrl\":\"https:\\\/\\\/dorogimedence.hu\\\/wp-content\\\/uploads\\\/2024\\\/10\\\/gyermekescsalad.jpg\",\"keywords\":[\"fot\u00f3\",\"portr\u00e9\"],\"articleSection\":[\"H\u00edrek\"],\"inLanguage\":\"hu\"},{\"@type\":\"WebPage\",\"@id\":\"https:\\\/\\\/dorogimedence.hu\\\/index.php\\\/2024\\\/10\\\/29\\\/egyedi-portre-fotorol-a-tokeletes-ajandek-amely-orokre-megerinti-a-sziveket\\\/\",\"url\":\"https:\\\/\\\/dorogimedence.hu\\\/index.php\\\/2024\\\/10\\\/29\\\/egyedi-portre-fotorol-a-tokeletes-ajandek-amely-orokre-megerinti-a-sziveket\\\/\",\"name\":\"Egyedi Portr\u00e9 Fot\u00f3r\u00f3l: A T\u00f6k\u00e9letes Aj\u00e1nd\u00e9k, Amely \u00d6r\u00f6kre Meg\u00e9rinti a Sz\u00edveket\",\"isPartOf\":{\"@id\":\"https:\\\/\\\/dorogimedence.hu\\\/#website\"},\"primaryImageOfPage\":{\"@id\":\"https:\\\/\\\/dorogimedence.hu\\\/index.php\\\/2024\\\/10\\\/29\\\/egyedi-portre-fotorol-a-tokeletes-ajandek-amely-orokre-megerinti-a-sziveket\\\/#primaryimage\"},\"image\":{\"@id\":\"https:\\\/\\\/dorogimedence.hu\\\/index.php\\\/2024\\\/10\\\/29\\\/egyedi-portre-fotorol-a-tokeletes-ajandek-amely-orokre-megerinti-a-sziveket\\\/#primaryimage\"},\"thumbnailUrl\":\"https:\\\/\\\/dorogimedence.hu\\\/wp-content\\\/uploads\\\/2024\\\/10\\\/gyermekescsalad.jpg\",\"datePublished\":\"2024-10-29T13:49:10+00:00\",\"breadcrumb\":{\"@id\":\"https:\\\/\\\/dorogimedence.hu\\\/index.php\\\/2024\\\/10\\\/29\\\/egyedi-portre-fotorol-a-tokeletes-ajandek-amely-orokre-megerinti-a-sziveket\\\/#breadcrumb\"},\"inLanguage\":\"hu\",\"potentialAction\":[{\"@type\":\"ReadAction\",\"target\":[\"https:\\\/\\\/dorogimedence.hu\\\/index.php\\\/2024\\\/10\\\/29\\\/egyedi-portre-fotorol-a-tokeletes-ajandek-amely-orokre-megerinti-a-sziveket\\\/\"]}]},{\"@type\":\"ImageObject\",\"inLanguage\":\"hu\",\"@id\":\"https:\\\/\\\/dorogimedence.hu\\\/index.php\\\/2024\\\/10\\\/29\\\/egyedi-portre-fotorol-a-tokeletes-ajandek-amely-orokre-megerinti-a-sziveket\\\/#primaryimage\",\"url\":\"https:\\\/\\\/dorogimedence.hu\\\/wp-content\\\/uploads\\\/2024\\\/10\\\/gyermekescsalad.jpg\",\"contentUrl\":\"https:\\\/\\\/dorogimedence.hu\\\/wp-content\\\/uploads\\\/2024\\\/10\\\/gyermekescsalad.jpg\"},{\"@type\":\"BreadcrumbList\",\"@id\":\"https:\\\/\\\/dorogimedence.hu\\\/index.php\\\/2024\\\/10\\\/29\\\/egyedi-portre-fotorol-a-tokeletes-ajandek-amely-orokre-megerinti-a-sziveket\\\/#breadcrumb\",\"itemListElement\":[{\"@type\":\"ListItem\",\"position\":1,\"name\":\"Kezd\u0151lap\",\"item\":\"https:\\\/\\\/dorogimedence.hu\\\/\"},{\"@type\":\"ListItem\",\"position\":2,\"name\":\"Egyedi Portr\u00e9 Fot\u00f3r\u00f3l: A T\u00f6k\u00e9letes Aj\u00e1nd\u00e9k, Amely \u00d6r\u00f6kre Meg\u00e9rinti a Sz\u00edveket\"}]},{\"@type\":\"WebSite\",\"@id\":\"https:\\\/\\\/dorogimedence.hu\\\/#website\",\"url\":\"https:\\\/\\\/dorogimedence.hu\\\/\",\"name\":\"Dorogi-medence Region\u00e1lis H\u00edrport\u00e1l\",\"description\":\"Dorog, Keszt\u00f6lc, Le\u00e1nyv\u00e1r, Piliscs\u00e9v, Tokod, Tokodalt\u00e1r\u00f3, Csolnok, Esztergom-kertv\u00e1ros: h\u00edrek, programok\",\"publisher\":{\"@id\":\"https:\\\/\\\/dorogimedence.hu\\\/#organization\"},\"potentialAction\":[{\"@type\":\"SearchAction\",\"target\":{\"@type\":\"EntryPoint\",\"urlTemplate\":\"https:\\\/\\\/dorogimedence.hu\\\/?s={search_term_string}\"},\"query-input\":{\"@type\":\"PropertyValueSpecification\",\"valueRequired\":true,\"valueName\":\"search_term_string\"}}],\"inLanguage\":\"hu\"},{\"@type\":\"Organization\",\"@id\":\"https:\\\/\\\/dorogimedence.hu\\\/#organization\",\"name\":\"Dorogi-medence Region\u00e1lis H\u00edrport\u00e1l\",\"url\":\"https:\\\/\\\/dorogimedence.hu\\\/\",\"logo\":{\"@type\":\"ImageObject\",\"inLanguage\":\"hu\",\"@id\":\"https:\\\/\\\/dorogimedence.hu\\\/#\\\/schema\\\/logo\\\/image\\\/\",\"url\":\"https:\\\/\\\/dorogimedence.hu\\\/wp-content\\\/uploads\\\/2021\\\/04\\\/logo-feher-600.png\",\"contentUrl\":\"https:\\\/\\\/dorogimedence.hu\\\/wp-content\\\/uploads\\\/2021\\\/04\\\/logo-feher-600.png\",\"width\":600,\"height\":100,\"caption\":\"Dorogi-medence Region\u00e1lis H\u00edrport\u00e1l\"},\"image\":{\"@id\":\"https:\\\/\\\/dorogimedence.hu\\\/#\\\/schema\\\/logo\\\/image\\\/\"},\"sameAs\":[\"https:\\\/\\\/www.facebook.com\\\/dorogimedence\\\/\"]},{\"@type\":\"Person\",\"@id\":\"https:\\\/\\\/dorogimedence.hu\\\/#\\\/schema\\\/person\\\/ce6091eeb7e95ecdc87890d6aa8e0fd4\",\"name\":\"dorogimedence.hu\",\"image\":{\"@type\":\"ImageObject\",\"inLanguage\":\"hu\",\"@id\":\"\\\/\\\/www.gravatar.com\\\/avatar\\\/d8d45f8901aadff40a4af72c0b826f1d?s=96&#038;r=g&#038;d=mm\",\"url\":\"\\\/\\\/www.gravatar.com\\\/avatar\\\/d8d45f8901aadff40a4af72c0b826f1d?s=96&#038;r=g&#038;d=mm\",\"contentUrl\":\"\\\/\\\/www.gravatar.com\\\/avatar\\\/d8d45f8901aadff40a4af72c0b826f1d?s=96&#038;r=g&#038;d=mm\",\"caption\":\"dorogimedence.hu\"}}]}<\/script>\n<!-- \/ Yoast SEO plugin. -->","yoast_head_json":{"title":"Egyedi Portr\u00e9 Fot\u00f3r\u00f3l: A T\u00f6k\u00e9letes Aj\u00e1nd\u00e9k, Amely \u00d6r\u00f6kre Meg\u00e9rinti a Sz\u00edveket","robots":{"index":"index","follow":"follow","max-snippet":"max-snippet:-1","max-image-preview":"max-image-preview:large","max-video-preview":"max-video-preview:-1"},"canonical":"https:\/\/dorogimedence.hu\/index.php\/2024\/10\/29\/egyedi-portre-fotorol-a-tokeletes-ajandek-amely-orokre-megerinti-a-sziveket\/","og_locale":"hu_HU","og_type":"article","og_title":"Egyedi Portr\u00e9 Fot\u00f3r\u00f3l: A T\u00f6k\u00e9letes Aj\u00e1nd\u00e9k, Amely \u00d6r\u00f6kre Meg\u00e9rinti a Sz\u00edveket","og_description":"Unalmas aj\u00e1nd\u00e9kot keres, ami csak a fi\u00f3k m\u00e9ly\u00e9n v\u00e9gzi? \u00c1lljon meg egy pillanatra! K\u00e9pzelje el azt a meghat\u00f3 pillanatot, amikor szerette kibontja az aj\u00e1nd\u00e9kot, \u00e9s egy m\u0171v\u00e9szi portr\u00e9t tal\u00e1l benne &#8211; egy olyan alkot\u00e1st, amely \u00f6r\u00f6kre meg\u0151rzi a legkedvesebb eml\u00e9keket \u00e9s \u00e9rzelmeket. Az \u00c9nPortr\u00e9m.hu-n\u00e1l pontosan ezt k\u00edn\u00e1ljuk: a f\u00e9nyk\u00e9peib\u0151l k\u00e9sz\u00fclt egyedi, k\u00e9zzel festett portr\u00e9kat, amelyek","og_url":"https:\/\/dorogimedence.hu\/index.php\/2024\/10\/29\/egyedi-portre-fotorol-a-tokeletes-ajandek-amely-orokre-megerinti-a-sziveket\/","og_site_name":"Dorogi-medence Region\u00e1lis H\u00edrport\u00e1l","article_publisher":"https:\/\/www.facebook.com\/dorogimedence\/","article_published_time":"2024-10-29T13:49:10+00:00","og_image":[{"width":1920,"height":970,"url":"https:\/\/dorogimedence.hu\/wp-content\/uploads\/2024\/10\/foto-01.jpg","type":"image\/jpeg"}],"author":"dorogimedence.hu","twitter_card":"summary_large_image","twitter_misc":{"Szerz\u0151:":"dorogimedence.hu","Becs\u00fclt olvas\u00e1si id\u0151":"3 perc"},"schema":{"@context":"https:\/\/schema.org","@graph":[{"@type":"Article","@id":"https:\/\/dorogimedence.hu\/index.php\/2024\/10\/29\/egyedi-portre-fotorol-a-tokeletes-ajandek-amely-orokre-megerinti-a-sziveket\/#article","isPartOf":{"@id":"https:\/\/dorogimedence.hu\/index.php\/2024\/10\/29\/egyedi-portre-fotorol-a-tokeletes-ajandek-amely-orokre-megerinti-a-sziveket\/"},"author":{"name":"dorogimedence.hu","@id":"https:\/\/dorogimedence.hu\/#\/schema\/person\/ce6091eeb7e95ecdc87890d6aa8e0fd4"},"headline":"Egyedi Portr\u00e9 Fot\u00f3r\u00f3l: A T\u00f6k\u00e9letes Aj\u00e1nd\u00e9k, Amely \u00d6r\u00f6kre Meg\u00e9rinti a Sz\u00edveket","datePublished":"2024-10-29T13:49:10+00:00","mainEntityOfPage":{"@id":"https:\/\/dorogimedence.hu\/index.php\/2024\/10\/29\/egyedi-portre-fotorol-a-tokeletes-ajandek-amely-orokre-megerinti-a-sziveket\/"},"wordCount":597,"publisher":{"@id":"https:\/\/dorogimedence.hu\/#organization"},"image":{"@id":"https:\/\/dorogimedence.hu\/index.php\/2024\/10\/29\/egyedi-portre-fotorol-a-tokeletes-ajandek-amely-orokre-megerinti-a-sziveket\/#primaryimage"},"thumbnailUrl":"https:\/\/dorogimedence.hu\/wp-content\/uploads\/2024\/10\/gyermekescsalad.jpg","keywords":["fot\u00f3","portr\u00e9"],"articleSection":["H\u00edrek"],"inLanguage":"hu"},{"@type":"WebPage","@id":"https:\/\/dorogimedence.hu\/index.php\/2024\/10\/29\/egyedi-portre-fotorol-a-tokeletes-ajandek-amely-orokre-megerinti-a-sziveket\/","url":"https:\/\/dorogimedence.hu\/index.php\/2024\/10\/29\/egyedi-portre-fotorol-a-tokeletes-ajandek-amely-orokre-megerinti-a-sziveket\/","name":"Egyedi Portr\u00e9 Fot\u00f3r\u00f3l: A T\u00f6k\u00e9letes Aj\u00e1nd\u00e9k, Amely \u00d6r\u00f6kre Meg\u00e9rinti a Sz\u00edveket","isPartOf":{"@id":"https:\/\/dorogimedence.hu\/#website"},"primaryImageOfPage":{"@id":"https:\/\/dorogimedence.hu\/index.php\/2024\/10\/29\/egyedi-portre-fotorol-a-tokeletes-ajandek-amely-orokre-megerinti-a-sziveket\/#primaryimage"},"image":{"@id":"https:\/\/dorogimedence.hu\/index.php\/2024\/10\/29\/egyedi-portre-fotorol-a-tokeletes-ajandek-amely-orokre-megerinti-a-sziveket\/#primaryimage"},"thumbnailUrl":"https:\/\/dorogimedence.hu\/wp-content\/uploads\/2024\/10\/gyermekescsalad.jpg","datePublished":"2024-10-29T13:49:10+00:00","breadcrumb":{"@id":"https:\/\/dorogimedence.hu\/index.php\/2024\/10\/29\/egyedi-portre-fotorol-a-tokeletes-ajandek-amely-orokre-megerinti-a-sziveket\/#breadcrumb"},"inLanguage":"hu","potentialAction":[{"@type":"ReadAction","target":["https:\/\/dorogimedence.hu\/index.php\/2024\/10\/29\/egyedi-portre-fotorol-a-tokeletes-ajandek-amely-orokre-megerinti-a-sziveket\/"]}]},{"@type":"ImageObject","inLanguage":"hu","@id":"https:\/\/dorogimedence.hu\/index.php\/2024\/10\/29\/egyedi-portre-fotorol-a-tokeletes-ajandek-amely-orokre-megerinti-a-sziveket\/#primaryimage","url":"https:\/\/dorogimedence.hu\/wp-content\/uploads\/2024\/10\/gyermekescsalad.jpg","contentUrl":"https:\/\/dorogimedence.hu\/wp-content\/uploads\/2024\/10\/gyermekescsalad.jpg"},{"@type":"BreadcrumbList","@id":"https:\/\/dorogimedence.hu\/index.php\/2024\/10\/29\/egyedi-portre-fotorol-a-tokeletes-ajandek-amely-orokre-megerinti-a-sziveket\/#breadcrumb","itemListElement":[{"@type":"ListItem","position":1,"name":"Kezd\u0151lap","item":"https:\/\/dorogimedence.hu\/"},{"@type":"ListItem","position":2,"name":"Egyedi Portr\u00e9 Fot\u00f3r\u00f3l: A T\u00f6k\u00e9letes Aj\u00e1nd\u00e9k, Amely \u00d6r\u00f6kre Meg\u00e9rinti a Sz\u00edveket"}]},{"@type":"WebSite","@id":"https:\/\/dorogimedence.hu\/#website","url":"https:\/\/dorogimedence.hu\/","name":"Dorogi-medence Region\u00e1lis H\u00edrport\u00e1l","description":"Dorog, Keszt\u00f6lc, Le\u00e1nyv\u00e1r, Piliscs\u00e9v, Tokod, Tokodalt\u00e1r\u00f3, Csolnok, Esztergom-kertv\u00e1ros: h\u00edrek, programok","publisher":{"@id":"https:\/\/dorogimedence.hu\/#organization"},"potentialAction":[{"@type":"SearchAction","target":{"@type":"EntryPoint","urlTemplate":"https:\/\/dorogimedence.hu\/?s={search_term_string}"},"query-input":{"@type":"PropertyValueSpecification","valueRequired":true,"valueName":"search_term_string"}}],"inLanguage":"hu"},{"@type":"Organization","@id":"https:\/\/dorogimedence.hu\/#organization","name":"Dorogi-medence Region\u00e1lis H\u00edrport\u00e1l","url":"https:\/\/dorogimedence.hu\/","logo":{"@type":"ImageObject","inLanguage":"hu","@id":"https:\/\/dorogimedence.hu\/#\/schema\/logo\/image\/","url":"https:\/\/dorogimedence.hu\/wp-content\/uploads\/2021\/04\/logo-feher-600.png","contentUrl":"https:\/\/dorogimedence.hu\/wp-content\/uploads\/2021\/04\/logo-feher-600.png","width":600,"height":100,"caption":"Dorogi-medence Region\u00e1lis H\u00edrport\u00e1l"},"image":{"@id":"https:\/\/dorogimedence.hu\/#\/schema\/logo\/image\/"},"sameAs":["https:\/\/www.facebook.com\/dorogimedence\/"]},{"@type":"Person","@id":"https:\/\/dorogimedence.hu\/#\/schema\/person\/ce6091eeb7e95ecdc87890d6aa8e0fd4","name":"dorogimedence.hu","image":{"@type":"ImageObject","inLanguage":"hu","@id":"\/\/www.gravatar.com\/avatar\/d8d45f8901aadff40a4af72c0b826f1d?s=96&#038;r=g&#038;d=mm","url":"\/\/www.gravatar.com\/avatar\/d8d45f8901aadff40a4af72c0b826f1d?s=96&#038;r=g&#038;d=mm","contentUrl":"\/\/www.gravatar.com\/avatar\/d8d45f8901aadff40a4af72c0b826f1d?s=96&#038;r=g&#038;d=mm","caption":"dorogimedence.hu"}}]}},"_links":{"self":[{"href":"https:\/\/dorogimedence.hu\/index.php\/wp-json\/wp\/v2\/posts\/66325","targetHints":{"allow":["GET"]}}],"collection":[{"href":"https:\/\/dorogimedence.hu\/index.php\/wp-json\/wp\/v2\/posts"}],"about":[{"href":"https:\/\/dorogimedence.hu\/index.php\/wp-json\/wp\/v2\/types\/post"}],"author":[{"embeddable":true,"href":"https:\/\/dorogimedence.hu\/index.php\/wp-json\/wp\/v2\/users\/1"}],"replies":[{"embeddable":true,"href":"https:\/\/dorogimedence.hu\/index.php\/wp-json\/wp\/v2\/comments?post=66325"}],"version-history":[{"count":0,"href":"https:\/\/dorogimedence.hu\/index.php\/wp-json\/wp\/v2\/posts\/66325\/revisions"}],"wp:attachment":[{"href":"https:\/\/dorogimedence.hu\/index.php\/wp-json\/wp\/v2\/media?parent=66325"}],"wp:term":[{"taxonomy":"category","embeddable":true,"href":"https:\/\/dorogimedence.hu\/index.php\/wp-json\/wp\/v2\/categories?post=66325"},{"taxonomy":"post_tag","embeddable":true,"href":"https:\/\/dorogimedence.hu\/index.php\/wp-json\/wp\/v2\/tags?post=66325"}],"curies":[{"name":"wp","href":"https:\/\/api.w.org\/{rel}","templated":true}]}}