{"id":66295,"date":"2024-10-28T13:16:34","date_gmt":"2024-10-28T12:16:34","guid":{"rendered":"https:\/\/dorogimedence.hu\/?p=66295"},"modified":"2024-10-30T13:39:02","modified_gmt":"2024-10-30T12:39:02","slug":"dorogi-diakolimpiai-bajnokot-unnepeltek-abonyban","status":"publish","type":"post","link":"https:\/\/dorogimedence.hu\/index.php\/2024\/10\/28\/dorogi-diakolimpiai-bajnokot-unnepeltek-abonyban\/","title":{"rendered":"Dorogi di\u00e1kolimpiai bajnokot \u00fcnnepeltek Abonyban"},"content":{"rendered":"<div class=\"elementor-element elementor-element-fb29dc6 elementor-widget elementor-widget-theme-post-content\" data-id=\"fb29dc6\" data-element_type=\"widget\" data-widget_type=\"theme-post-content.default\">\n<div class=\"elementor-widget-container\">\n<p><strong>Abonyban, a Varga Istv\u00e1n V\u00e1rosi Sportcsarnokban rendezt\u00e9k meg az idei U15-\u00f6s szabadfog\u00e1s\u00fa di\u00e1kolimpiai orsz\u00e1gos d\u00f6nt\u0151j\u00e9t okt\u00f3ber 26-\u00e1n, szombaton, amelyen Skult\u00e9ty S\u00e1ndorra eml\u00e9keztek. A Dorogi AC-KIMBA n\u00e9gy birk\u00f3z\u00f3val k\u00e9pviselte mag\u00e1t a versenyen, ahol Szil\u00e1gyi Dominik di\u00e1kolimpiai bajnok lett.<\/strong><\/p>\n<p>A r\u00e9sztvev\u0151 versenyz\u0151k \u00e1ltal\u00e1nos iskol\u00e1juk sz\u00edneit k\u00e9pviselt\u00e9k a di\u00e1kolimpiai bajnoks\u00e1gon, azonban az MBSZ versenyrendszere az igazolt klubjukat jelen\u00edtteti meg az eredm\u00e9nyekben.<\/p>\n<p>A serd\u00fcl\u0151kor\u00fa versenyz\u0151k k\u00f6z\u00fcl 132-en sz\u00e1lltak harcba a 11 di\u00e1kolimpiai bajnoki c\u00edm\u00e9rt. A Vasas P\u00e9csi Szebaszti\u00e1n, Sumejko Kiril \u00e9s L\u00e1ng Vince r\u00e9v\u00e9n h\u00e1rom s\u00falycsoportban is arany\u00e9rmet \u00fcnnepelhetett, m\u00edg egy-egy els\u0151 helyezettje lett a h\u00e1zigazda Abonynak, a Dorognak, az ESMTK-nak, a J\u00e1szber\u00e9nynek, a Cegl\u00e9dnek, a Gy\u0151rnek, a Kertv\u00e1rosnak \u00e9s a Ny\u00e1rsap\u00e1tnak is.<\/p>\n<p>A legn\u00e9pesebb s\u00falycsoportban a cegl\u00e9di M\u00e1t\u00e9 Mikl\u00f3s v\u00e9gzett az \u00e9len, miut\u00e1n \u00f6t m\u00e9rk\u0151z\u00e9st siker\u00fclt megnyernie szombaton Abonyban. A fiatal versenyz\u0151 a legt\u00f6bb \u00f6sszecsap\u00e1s\u00e1t magabiztos birk\u00f3z\u00e1ssal hozta, a fin\u00e1l\u00e9ban n\u00e9gypontos el\u0151nyn\u00e9l fektette k\u00e9tv\u00e1llra b\u00f3csai riv\u00e1lis\u00e1t.<\/p>\n<p><img fetchpriority=\"high\" decoding=\"async\" class=\"alignnone size-full wp-image-66297\" src=\"https:\/\/dorogimedence.hu\/wp-content\/uploads\/2024\/10\/0013523_serdulo-szabadfogasu-diakolimpia-abonyban.jpeg\" alt=\"\" width=\"600\" height=\"400\" srcset=\"https:\/\/dorogimedence.hu\/wp-content\/uploads\/2024\/10\/0013523_serdulo-szabadfogasu-diakolimpia-abonyban.jpeg 600w, https:\/\/dorogimedence.hu\/wp-content\/uploads\/2024\/10\/0013523_serdulo-szabadfogasu-diakolimpia-abonyban-150x100.jpeg 150w, https:\/\/dorogimedence.hu\/wp-content\/uploads\/2024\/10\/0013523_serdulo-szabadfogasu-diakolimpia-abonyban-450x300.jpeg 450w, https:\/\/dorogimedence.hu\/wp-content\/uploads\/2024\/10\/0013523_serdulo-szabadfogasu-diakolimpia-abonyban-272x182.jpeg 272w\" sizes=\"(max-width: 600px) 100vw, 600px\" \/><\/p>\n<p><strong>A 2024. \u00e9vi U15-\u00f6s szabadfog\u00e1s\u00fa di\u00e1kolimpiai bajnokok:<\/strong><br \/>\n<strong>38 kg:<\/strong> Csontos P\u00e1l (Ny\u00e1rsap\u00e1ti VSE)<br \/>\n<strong>41 kg:<\/strong> P\u00e9csi Szebaszti\u00e1n (Vasas SC)<br \/>\n<strong>44 kg:<\/strong> Scheiling L\u0151rinc (Kertv\u00e1rosi SE)<br \/>\n<strong>48 kg:<\/strong> Kajdi Korn\u00e9l (Gy\u0151ri AC)<br \/>\n<strong>52 kg:<\/strong> Sumejko Kiril (Vasas SC)<br \/>\n<strong>57 kg:<\/strong> M\u00e1t\u00e9 Mikl\u00f3s (Cegl\u00e9di VSE-KIMBA)<br \/>\n<strong>62 kg:<\/strong> L\u00e1ng Vince (Vasas SC)<br \/>\n<strong>68 kg:<\/strong> Tugyi Z\u00e9t\u00e9ny (J\u00e1szber\u00e9nyi BC)<br \/>\n<strong>75 kg:<\/strong> Antaly S\u00e1ndor (ESMTK-KIMBA)<br \/>\n<strong>85 kg:<\/strong> Szil\u00e1gyi Dominik (Dorogi AC-KIMBA)<br \/>\n<strong>+ 85 kg:<\/strong> Kemencz\u00e9s \u00c1ron (Abonyi BC-KIMBA)<\/p>\n<p><strong>A 2024. \u00e9vi U15-\u00f6s szabadfog\u00e1s\u00fa di\u00e1kolimpiai bajnoks\u00e1g teljes eredm\u00e9nylist\u00e1j\u00e1t <a href=\"https:\/\/birkozoszov.hu\/images\/uploaded\/eredmenyek-2024\/u15-szf-diakolimpia-eredm20241026abony.pdf\" target=\"_blank\" rel=\"noopener\"><span style=\"text-decoration: underline; color: #0000ff;\">ITT<\/span><\/a> lehet megtekinteni!<\/strong><\/p>\n<p><strong>A versenyen k\u00f6zrem\u0171k\u00f6d\u0151 b\u00edr\u00f3k:<\/strong> Asztalos B\u00e1lint (eln\u00f6k), Kajt\u00e1n Oliv\u00e9r, Major S\u00e1ndor, Szarka Imre, Szil\u00e1gyi Gy\u00f6rgy, Sipos Zsolt, Seregi Bal\u00e1zs, Szenczi Rich\u00e1rd, Garami Erik, Nagy M\u00e1t\u00e9. <strong>Versenyiroda:<\/strong> F\u00e9k Szabolcs, Iv\u00e1ncsics Babita, B\u00edr\u00f3 Roland.<\/p>\n<p><em>Fot\u00f3k, forr\u00e1s: birkozoszov.hu \/ dorogiac.hu<\/em><\/p>\n<\/div>\n<\/div>\n","protected":false},"excerpt":{"rendered":"<p>Abonyban, a Varga Istv\u00e1n V\u00e1rosi Sportcsarnokban rendezt\u00e9k meg az idei U15-\u00f6s szabadfog\u00e1s\u00fa di\u00e1kolimpiai orsz\u00e1gos d\u00f6nt\u0151j\u00e9t okt\u00f3ber 26-\u00e1n, szombaton, amelyen Skult\u00e9ty S\u00e1ndorra eml\u00e9keztek. A Dorogi AC-KIMBA n\u00e9gy birk\u00f3z\u00f3val k\u00e9pviselte mag\u00e1t a versenyen, ahol Szil\u00e1gyi Dominik di\u00e1kolimpiai bajnok lett. A r\u00e9sztvev\u0151 versenyz\u0151k \u00e1ltal\u00e1nos iskol\u00e1juk sz\u00edneit k\u00e9pviselt\u00e9k a di\u00e1kolimpiai bajnoks\u00e1gon, azonban az MBSZ versenyrendszere az igazolt klubjukat jelen\u00edtteti<\/p>\n","protected":false},"author":1,"featured_media":66296,"comment_status":"closed","ping_status":"closed","sticky":false,"template":"","format":"standard","meta":{"ngg_post_thumbnail":0,"footnotes":""},"categories":[2,3,5],"tags":[356,1132,15,4037,5624,16],"class_list":{"0":"post-66295","1":"post","2":"type-post","3":"status-publish","4":"format-standard","5":"has-post-thumbnail","7":"category-dorog","8":"category-hirek","9":"category-sport","10":"tag-birkozas","11":"tag-diakolimpia","12":"tag-dorog","13":"tag-dorogi-ac","14":"tag-featured","15":"tag-sport"},"yoast_head":"<!-- This site is optimized with the Yoast SEO plugin v27.5 - https:\/\/yoast.com\/product\/yoast-seo-wordpress\/ -->\n<title>Dorogi di\u00e1kolimpiai bajnokot \u00fcnnepeltek Abonyban<\/title>\n<meta name=\"robots\" content=\"index, follow, max-snippet:-1, max-image-preview:large, max-video-preview:-1\" \/>\n<link rel=\"canonical\" href=\"https:\/\/dorogimedence.hu\/index.php\/2024\/10\/28\/dorogi-diakolimpiai-bajnokot-unnepeltek-abonyban\/\" class=\"yoast-seo-meta-tag\" \/>\n<meta property=\"og:locale\" content=\"hu_HU\" class=\"yoast-seo-meta-tag\" \/>\n<meta property=\"og:type\" content=\"article\" class=\"yoast-seo-meta-tag\" \/>\n<meta property=\"og:title\" content=\"Dorogi di\u00e1kolimpiai bajnokot \u00fcnnepeltek Abonyban\" class=\"yoast-seo-meta-tag\" \/>\n<meta property=\"og:description\" content=\"Abonyban, a Varga Istv\u00e1n V\u00e1rosi Sportcsarnokban rendezt\u00e9k meg az idei U15-\u00f6s szabadfog\u00e1s\u00fa di\u00e1kolimpiai orsz\u00e1gos d\u00f6nt\u0151j\u00e9t okt\u00f3ber 26-\u00e1n, szombaton, amelyen Skult\u00e9ty S\u00e1ndorra eml\u00e9keztek. A Dorogi AC-KIMBA n\u00e9gy birk\u00f3z\u00f3val k\u00e9pviselte mag\u00e1t a versenyen, ahol Szil\u00e1gyi Dominik di\u00e1kolimpiai bajnok lett. A r\u00e9sztvev\u0151 versenyz\u0151k \u00e1ltal\u00e1nos iskol\u00e1juk sz\u00edneit k\u00e9pviselt\u00e9k a di\u00e1kolimpiai bajnoks\u00e1gon, azonban az MBSZ versenyrendszere az igazolt klubjukat jelen\u00edtteti\" class=\"yoast-seo-meta-tag\" \/>\n<meta property=\"og:url\" content=\"https:\/\/dorogimedence.hu\/index.php\/2024\/10\/28\/dorogi-diakolimpiai-bajnokot-unnepeltek-abonyban\/\" class=\"yoast-seo-meta-tag\" \/>\n<meta property=\"og:site_name\" content=\"Dorogi-medence Region\u00e1lis H\u00edrport\u00e1l\" class=\"yoast-seo-meta-tag\" \/>\n<meta property=\"article:publisher\" content=\"https:\/\/www.facebook.com\/dorogimedence\/\" class=\"yoast-seo-meta-tag\" \/>\n<meta property=\"article:published_time\" content=\"2024-10-28T12:16:34+00:00\" class=\"yoast-seo-meta-tag\" \/>\n<meta property=\"article:modified_time\" content=\"2024-10-30T12:39:02+00:00\" class=\"yoast-seo-meta-tag\" \/>\n<meta property=\"og:image\" content=\"https:\/\/dorogimedence.hu\/wp-content\/uploads\/2024\/10\/DAC-hirek-kiemelt-kep-18-1-2.png\" class=\"yoast-seo-meta-tag\" \/>\n\t<meta property=\"og:image:width\" content=\"1200\" class=\"yoast-seo-meta-tag\" \/>\n\t<meta property=\"og:image:height\" content=\"600\" class=\"yoast-seo-meta-tag\" \/>\n\t<meta property=\"og:image:type\" content=\"image\/png\" class=\"yoast-seo-meta-tag\" \/>\n<meta name=\"author\" content=\"dorogimedence.hu\" class=\"yoast-seo-meta-tag\" \/>\n<meta name=\"twitter:card\" content=\"summary_large_image\" class=\"yoast-seo-meta-tag\" \/>\n<meta name=\"twitter:label1\" content=\"Szerz\u0151:\" class=\"yoast-seo-meta-tag\" \/>\n\t<meta name=\"twitter:data1\" content=\"dorogimedence.hu\" class=\"yoast-seo-meta-tag\" \/>\n\t<meta name=\"twitter:label2\" content=\"Becs\u00fclt olvas\u00e1si id\u0151\" class=\"yoast-seo-meta-tag\" \/>\n\t<meta name=\"twitter:data2\" content=\"2 perc\" class=\"yoast-seo-meta-tag\" \/>\n<script type=\"application\/ld+json\" class=\"yoast-schema-graph\">{\"@context\":\"https:\\\/\\\/schema.org\",\"@graph\":[{\"@type\":\"Article\",\"@id\":\"https:\\\/\\\/dorogimedence.hu\\\/index.php\\\/2024\\\/10\\\/28\\\/dorogi-diakolimpiai-bajnokot-unnepeltek-abonyban\\\/#article\",\"isPartOf\":{\"@id\":\"https:\\\/\\\/dorogimedence.hu\\\/index.php\\\/2024\\\/10\\\/28\\\/dorogi-diakolimpiai-bajnokot-unnepeltek-abonyban\\\/\"},\"author\":{\"name\":\"dorogimedence.hu\",\"@id\":\"https:\\\/\\\/dorogimedence.hu\\\/#\\\/schema\\\/person\\\/ce6091eeb7e95ecdc87890d6aa8e0fd4\"},\"headline\":\"Dorogi di\u00e1kolimpiai bajnokot \u00fcnnepeltek Abonyban\",\"datePublished\":\"2024-10-28T12:16:34+00:00\",\"dateModified\":\"2024-10-30T12:39:02+00:00\",\"mainEntityOfPage\":{\"@id\":\"https:\\\/\\\/dorogimedence.hu\\\/index.php\\\/2024\\\/10\\\/28\\\/dorogi-diakolimpiai-bajnokot-unnepeltek-abonyban\\\/\"},\"wordCount\":395,\"publisher\":{\"@id\":\"https:\\\/\\\/dorogimedence.hu\\\/#organization\"},\"image\":{\"@id\":\"https:\\\/\\\/dorogimedence.hu\\\/index.php\\\/2024\\\/10\\\/28\\\/dorogi-diakolimpiai-bajnokot-unnepeltek-abonyban\\\/#primaryimage\"},\"thumbnailUrl\":\"https:\\\/\\\/dorogimedence.hu\\\/wp-content\\\/uploads\\\/2024\\\/10\\\/DAC-hirek-kiemelt-kep-18-1-2.png\",\"keywords\":[\"birk\u00f3z\u00e1s\",\"di\u00e1kolimpia\",\"Dorog\",\"Dorogi AC\",\"featured\",\"sport\"],\"articleSection\":[\"Dorog\",\"H\u00edrek\",\"Sport\"],\"inLanguage\":\"hu\"},{\"@type\":\"WebPage\",\"@id\":\"https:\\\/\\\/dorogimedence.hu\\\/index.php\\\/2024\\\/10\\\/28\\\/dorogi-diakolimpiai-bajnokot-unnepeltek-abonyban\\\/\",\"url\":\"https:\\\/\\\/dorogimedence.hu\\\/index.php\\\/2024\\\/10\\\/28\\\/dorogi-diakolimpiai-bajnokot-unnepeltek-abonyban\\\/\",\"name\":\"Dorogi di\u00e1kolimpiai bajnokot \u00fcnnepeltek Abonyban\",\"isPartOf\":{\"@id\":\"https:\\\/\\\/dorogimedence.hu\\\/#website\"},\"primaryImageOfPage\":{\"@id\":\"https:\\\/\\\/dorogimedence.hu\\\/index.php\\\/2024\\\/10\\\/28\\\/dorogi-diakolimpiai-bajnokot-unnepeltek-abonyban\\\/#primaryimage\"},\"image\":{\"@id\":\"https:\\\/\\\/dorogimedence.hu\\\/index.php\\\/2024\\\/10\\\/28\\\/dorogi-diakolimpiai-bajnokot-unnepeltek-abonyban\\\/#primaryimage\"},\"thumbnailUrl\":\"https:\\\/\\\/dorogimedence.hu\\\/wp-content\\\/uploads\\\/2024\\\/10\\\/DAC-hirek-kiemelt-kep-18-1-2.png\",\"datePublished\":\"2024-10-28T12:16:34+00:00\",\"dateModified\":\"2024-10-30T12:39:02+00:00\",\"breadcrumb\":{\"@id\":\"https:\\\/\\\/dorogimedence.hu\\\/index.php\\\/2024\\\/10\\\/28\\\/dorogi-diakolimpiai-bajnokot-unnepeltek-abonyban\\\/#breadcrumb\"},\"inLanguage\":\"hu\",\"potentialAction\":[{\"@type\":\"ReadAction\",\"target\":[\"https:\\\/\\\/dorogimedence.hu\\\/index.php\\\/2024\\\/10\\\/28\\\/dorogi-diakolimpiai-bajnokot-unnepeltek-abonyban\\\/\"]}]},{\"@type\":\"ImageObject\",\"inLanguage\":\"hu\",\"@id\":\"https:\\\/\\\/dorogimedence.hu\\\/index.php\\\/2024\\\/10\\\/28\\\/dorogi-diakolimpiai-bajnokot-unnepeltek-abonyban\\\/#primaryimage\",\"url\":\"https:\\\/\\\/dorogimedence.hu\\\/wp-content\\\/uploads\\\/2024\\\/10\\\/DAC-hirek-kiemelt-kep-18-1-2.png\",\"contentUrl\":\"https:\\\/\\\/dorogimedence.hu\\\/wp-content\\\/uploads\\\/2024\\\/10\\\/DAC-hirek-kiemelt-kep-18-1-2.png\",\"width\":1200,\"height\":600},{\"@type\":\"BreadcrumbList\",\"@id\":\"https:\\\/\\\/dorogimedence.hu\\\/index.php\\\/2024\\\/10\\\/28\\\/dorogi-diakolimpiai-bajnokot-unnepeltek-abonyban\\\/#breadcrumb\",\"itemListElement\":[{\"@type\":\"ListItem\",\"position\":1,\"name\":\"Kezd\u0151lap\",\"item\":\"https:\\\/\\\/dorogimedence.hu\\\/\"},{\"@type\":\"ListItem\",\"position\":2,\"name\":\"Dorogi di\u00e1kolimpiai bajnokot \u00fcnnepeltek Abonyban\"}]},{\"@type\":\"WebSite\",\"@id\":\"https:\\\/\\\/dorogimedence.hu\\\/#website\",\"url\":\"https:\\\/\\\/dorogimedence.hu\\\/\",\"name\":\"Dorogi-medence Region\u00e1lis H\u00edrport\u00e1l\",\"description\":\"Dorog, Keszt\u00f6lc, Le\u00e1nyv\u00e1r, Piliscs\u00e9v, Tokod, Tokodalt\u00e1r\u00f3, Csolnok, Esztergom-kertv\u00e1ros: h\u00edrek, programok\",\"publisher\":{\"@id\":\"https:\\\/\\\/dorogimedence.hu\\\/#organization\"},\"potentialAction\":[{\"@type\":\"SearchAction\",\"target\":{\"@type\":\"EntryPoint\",\"urlTemplate\":\"https:\\\/\\\/dorogimedence.hu\\\/?s={search_term_string}\"},\"query-input\":{\"@type\":\"PropertyValueSpecification\",\"valueRequired\":true,\"valueName\":\"search_term_string\"}}],\"inLanguage\":\"hu\"},{\"@type\":\"Organization\",\"@id\":\"https:\\\/\\\/dorogimedence.hu\\\/#organization\",\"name\":\"Dorogi-medence Region\u00e1lis H\u00edrport\u00e1l\",\"url\":\"https:\\\/\\\/dorogimedence.hu\\\/\",\"logo\":{\"@type\":\"ImageObject\",\"inLanguage\":\"hu\",\"@id\":\"https:\\\/\\\/dorogimedence.hu\\\/#\\\/schema\\\/logo\\\/image\\\/\",\"url\":\"https:\\\/\\\/dorogimedence.hu\\\/wp-content\\\/uploads\\\/2021\\\/04\\\/logo-feher-600.png\",\"contentUrl\":\"https:\\\/\\\/dorogimedence.hu\\\/wp-content\\\/uploads\\\/2021\\\/04\\\/logo-feher-600.png\",\"width\":600,\"height\":100,\"caption\":\"Dorogi-medence Region\u00e1lis H\u00edrport\u00e1l\"},\"image\":{\"@id\":\"https:\\\/\\\/dorogimedence.hu\\\/#\\\/schema\\\/logo\\\/image\\\/\"},\"sameAs\":[\"https:\\\/\\\/www.facebook.com\\\/dorogimedence\\\/\"]},{\"@type\":\"Person\",\"@id\":\"https:\\\/\\\/dorogimedence.hu\\\/#\\\/schema\\\/person\\\/ce6091eeb7e95ecdc87890d6aa8e0fd4\",\"name\":\"dorogimedence.hu\",\"image\":{\"@type\":\"ImageObject\",\"inLanguage\":\"hu\",\"@id\":\"\\\/\\\/www.gravatar.com\\\/avatar\\\/d8d45f8901aadff40a4af72c0b826f1d?s=96&#038;r=g&#038;d=mm\",\"url\":\"\\\/\\\/www.gravatar.com\\\/avatar\\\/d8d45f8901aadff40a4af72c0b826f1d?s=96&#038;r=g&#038;d=mm\",\"contentUrl\":\"\\\/\\\/www.gravatar.com\\\/avatar\\\/d8d45f8901aadff40a4af72c0b826f1d?s=96&#038;r=g&#038;d=mm\",\"caption\":\"dorogimedence.hu\"}}]}<\/script>\n<!-- \/ Yoast SEO plugin. -->","yoast_head_json":{"title":"Dorogi di\u00e1kolimpiai bajnokot \u00fcnnepeltek Abonyban","robots":{"index":"index","follow":"follow","max-snippet":"max-snippet:-1","max-image-preview":"max-image-preview:large","max-video-preview":"max-video-preview:-1"},"canonical":"https:\/\/dorogimedence.hu\/index.php\/2024\/10\/28\/dorogi-diakolimpiai-bajnokot-unnepeltek-abonyban\/","og_locale":"hu_HU","og_type":"article","og_title":"Dorogi di\u00e1kolimpiai bajnokot \u00fcnnepeltek Abonyban","og_description":"Abonyban, a Varga Istv\u00e1n V\u00e1rosi Sportcsarnokban rendezt\u00e9k meg az idei U15-\u00f6s szabadfog\u00e1s\u00fa di\u00e1kolimpiai orsz\u00e1gos d\u00f6nt\u0151j\u00e9t okt\u00f3ber 26-\u00e1n, szombaton, amelyen Skult\u00e9ty S\u00e1ndorra eml\u00e9keztek. A Dorogi AC-KIMBA n\u00e9gy birk\u00f3z\u00f3val k\u00e9pviselte mag\u00e1t a versenyen, ahol Szil\u00e1gyi Dominik di\u00e1kolimpiai bajnok lett. A r\u00e9sztvev\u0151 versenyz\u0151k \u00e1ltal\u00e1nos iskol\u00e1juk sz\u00edneit k\u00e9pviselt\u00e9k a di\u00e1kolimpiai bajnoks\u00e1gon, azonban az MBSZ versenyrendszere az igazolt klubjukat jelen\u00edtteti","og_url":"https:\/\/dorogimedence.hu\/index.php\/2024\/10\/28\/dorogi-diakolimpiai-bajnokot-unnepeltek-abonyban\/","og_site_name":"Dorogi-medence Region\u00e1lis H\u00edrport\u00e1l","article_publisher":"https:\/\/www.facebook.com\/dorogimedence\/","article_published_time":"2024-10-28T12:16:34+00:00","article_modified_time":"2024-10-30T12:39:02+00:00","og_image":[{"width":1200,"height":600,"url":"https:\/\/dorogimedence.hu\/wp-content\/uploads\/2024\/10\/DAC-hirek-kiemelt-kep-18-1-2.png","type":"image\/png"}],"author":"dorogimedence.hu","twitter_card":"summary_large_image","twitter_misc":{"Szerz\u0151:":"dorogimedence.hu","Becs\u00fclt olvas\u00e1si id\u0151":"2 perc"},"schema":{"@context":"https:\/\/schema.org","@graph":[{"@type":"Article","@id":"https:\/\/dorogimedence.hu\/index.php\/2024\/10\/28\/dorogi-diakolimpiai-bajnokot-unnepeltek-abonyban\/#article","isPartOf":{"@id":"https:\/\/dorogimedence.hu\/index.php\/2024\/10\/28\/dorogi-diakolimpiai-bajnokot-unnepeltek-abonyban\/"},"author":{"name":"dorogimedence.hu","@id":"https:\/\/dorogimedence.hu\/#\/schema\/person\/ce6091eeb7e95ecdc87890d6aa8e0fd4"},"headline":"Dorogi di\u00e1kolimpiai bajnokot \u00fcnnepeltek Abonyban","datePublished":"2024-10-28T12:16:34+00:00","dateModified":"2024-10-30T12:39:02+00:00","mainEntityOfPage":{"@id":"https:\/\/dorogimedence.hu\/index.php\/2024\/10\/28\/dorogi-diakolimpiai-bajnokot-unnepeltek-abonyban\/"},"wordCount":395,"publisher":{"@id":"https:\/\/dorogimedence.hu\/#organization"},"image":{"@id":"https:\/\/dorogimedence.hu\/index.php\/2024\/10\/28\/dorogi-diakolimpiai-bajnokot-unnepeltek-abonyban\/#primaryimage"},"thumbnailUrl":"https:\/\/dorogimedence.hu\/wp-content\/uploads\/2024\/10\/DAC-hirek-kiemelt-kep-18-1-2.png","keywords":["birk\u00f3z\u00e1s","di\u00e1kolimpia","Dorog","Dorogi AC","featured","sport"],"articleSection":["Dorog","H\u00edrek","Sport"],"inLanguage":"hu"},{"@type":"WebPage","@id":"https:\/\/dorogimedence.hu\/index.php\/2024\/10\/28\/dorogi-diakolimpiai-bajnokot-unnepeltek-abonyban\/","url":"https:\/\/dorogimedence.hu\/index.php\/2024\/10\/28\/dorogi-diakolimpiai-bajnokot-unnepeltek-abonyban\/","name":"Dorogi di\u00e1kolimpiai bajnokot \u00fcnnepeltek Abonyban","isPartOf":{"@id":"https:\/\/dorogimedence.hu\/#website"},"primaryImageOfPage":{"@id":"https:\/\/dorogimedence.hu\/index.php\/2024\/10\/28\/dorogi-diakolimpiai-bajnokot-unnepeltek-abonyban\/#primaryimage"},"image":{"@id":"https:\/\/dorogimedence.hu\/index.php\/2024\/10\/28\/dorogi-diakolimpiai-bajnokot-unnepeltek-abonyban\/#primaryimage"},"thumbnailUrl":"https:\/\/dorogimedence.hu\/wp-content\/uploads\/2024\/10\/DAC-hirek-kiemelt-kep-18-1-2.png","datePublished":"2024-10-28T12:16:34+00:00","dateModified":"2024-10-30T12:39:02+00:00","breadcrumb":{"@id":"https:\/\/dorogimedence.hu\/index.php\/2024\/10\/28\/dorogi-diakolimpiai-bajnokot-unnepeltek-abonyban\/#breadcrumb"},"inLanguage":"hu","potentialAction":[{"@type":"ReadAction","target":["https:\/\/dorogimedence.hu\/index.php\/2024\/10\/28\/dorogi-diakolimpiai-bajnokot-unnepeltek-abonyban\/"]}]},{"@type":"ImageObject","inLanguage":"hu","@id":"https:\/\/dorogimedence.hu\/index.php\/2024\/10\/28\/dorogi-diakolimpiai-bajnokot-unnepeltek-abonyban\/#primaryimage","url":"https:\/\/dorogimedence.hu\/wp-content\/uploads\/2024\/10\/DAC-hirek-kiemelt-kep-18-1-2.png","contentUrl":"https:\/\/dorogimedence.hu\/wp-content\/uploads\/2024\/10\/DAC-hirek-kiemelt-kep-18-1-2.png","width":1200,"height":600},{"@type":"BreadcrumbList","@id":"https:\/\/dorogimedence.hu\/index.php\/2024\/10\/28\/dorogi-diakolimpiai-bajnokot-unnepeltek-abonyban\/#breadcrumb","itemListElement":[{"@type":"ListItem","position":1,"name":"Kezd\u0151lap","item":"https:\/\/dorogimedence.hu\/"},{"@type":"ListItem","position":2,"name":"Dorogi di\u00e1kolimpiai bajnokot \u00fcnnepeltek Abonyban"}]},{"@type":"WebSite","@id":"https:\/\/dorogimedence.hu\/#website","url":"https:\/\/dorogimedence.hu\/","name":"Dorogi-medence Region\u00e1lis H\u00edrport\u00e1l","description":"Dorog, Keszt\u00f6lc, Le\u00e1nyv\u00e1r, Piliscs\u00e9v, Tokod, Tokodalt\u00e1r\u00f3, Csolnok, Esztergom-kertv\u00e1ros: h\u00edrek, programok","publisher":{"@id":"https:\/\/dorogimedence.hu\/#organization"},"potentialAction":[{"@type":"SearchAction","target":{"@type":"EntryPoint","urlTemplate":"https:\/\/dorogimedence.hu\/?s={search_term_string}"},"query-input":{"@type":"PropertyValueSpecification","valueRequired":true,"valueName":"search_term_string"}}],"inLanguage":"hu"},{"@type":"Organization","@id":"https:\/\/dorogimedence.hu\/#organization","name":"Dorogi-medence Region\u00e1lis H\u00edrport\u00e1l","url":"https:\/\/dorogimedence.hu\/","logo":{"@type":"ImageObject","inLanguage":"hu","@id":"https:\/\/dorogimedence.hu\/#\/schema\/logo\/image\/","url":"https:\/\/dorogimedence.hu\/wp-content\/uploads\/2021\/04\/logo-feher-600.png","contentUrl":"https:\/\/dorogimedence.hu\/wp-content\/uploads\/2021\/04\/logo-feher-600.png","width":600,"height":100,"caption":"Dorogi-medence Region\u00e1lis H\u00edrport\u00e1l"},"image":{"@id":"https:\/\/dorogimedence.hu\/#\/schema\/logo\/image\/"},"sameAs":["https:\/\/www.facebook.com\/dorogimedence\/"]},{"@type":"Person","@id":"https:\/\/dorogimedence.hu\/#\/schema\/person\/ce6091eeb7e95ecdc87890d6aa8e0fd4","name":"dorogimedence.hu","image":{"@type":"ImageObject","inLanguage":"hu","@id":"\/\/www.gravatar.com\/avatar\/d8d45f8901aadff40a4af72c0b826f1d?s=96&#038;r=g&#038;d=mm","url":"\/\/www.gravatar.com\/avatar\/d8d45f8901aadff40a4af72c0b826f1d?s=96&#038;r=g&#038;d=mm","contentUrl":"\/\/www.gravatar.com\/avatar\/d8d45f8901aadff40a4af72c0b826f1d?s=96&#038;r=g&#038;d=mm","caption":"dorogimedence.hu"}}]}},"_links":{"self":[{"href":"https:\/\/dorogimedence.hu\/index.php\/wp-json\/wp\/v2\/posts\/66295","targetHints":{"allow":["GET"]}}],"collection":[{"href":"https:\/\/dorogimedence.hu\/index.php\/wp-json\/wp\/v2\/posts"}],"about":[{"href":"https:\/\/dorogimedence.hu\/index.php\/wp-json\/wp\/v2\/types\/post"}],"author":[{"embeddable":true,"href":"https:\/\/dorogimedence.hu\/index.php\/wp-json\/wp\/v2\/users\/1"}],"replies":[{"embeddable":true,"href":"https:\/\/dorogimedence.hu\/index.php\/wp-json\/wp\/v2\/comments?post=66295"}],"version-history":[{"count":0,"href":"https:\/\/dorogimedence.hu\/index.php\/wp-json\/wp\/v2\/posts\/66295\/revisions"}],"wp:featuredmedia":[{"embeddable":true,"href":"https:\/\/dorogimedence.hu\/index.php\/wp-json\/wp\/v2\/media\/66296"}],"wp:attachment":[{"href":"https:\/\/dorogimedence.hu\/index.php\/wp-json\/wp\/v2\/media?parent=66295"}],"wp:term":[{"taxonomy":"category","embeddable":true,"href":"https:\/\/dorogimedence.hu\/index.php\/wp-json\/wp\/v2\/categories?post=66295"},{"taxonomy":"post_tag","embeddable":true,"href":"https:\/\/dorogimedence.hu\/index.php\/wp-json\/wp\/v2\/tags?post=66295"}],"curies":[{"name":"wp","href":"https:\/\/api.w.org\/{rel}","templated":true}]}}