{"id":66288,"date":"2024-10-28T09:37:06","date_gmt":"2024-10-28T08:37:06","guid":{"rendered":"https:\/\/dorogimedence.hu\/?p=66288"},"modified":"2024-10-28T09:37:06","modified_gmt":"2024-10-28T08:37:06","slug":"befejezodott-a-forgalomra-veszelyes-fak-kivagasa-a-pilisben","status":"publish","type":"post","link":"https:\/\/dorogimedence.hu\/index.php\/2024\/10\/28\/befejezodott-a-forgalomra-veszelyes-fak-kivagasa-a-pilisben\/","title":{"rendered":"Befejez\u0151d\u00f6tt a forgalomra vesz\u00e9lyes f\u00e1k kiv\u00e1g\u00e1sa a Pilisben"},"content":{"rendered":"<p><strong>Az elm\u00falt \u00e9vek sz\u00e9ls\u0151s\u00e9ges id\u0151j\u00e1r\u00e1sa miatt egyes id\u0151szakokban a Pilisben is voltak olyan \u00fatszakaszok, ahol m\u00e9g az \u00e9p \u00e9s fiatal f\u00e1kat is kid\u00f6nt\u00f6tte az \u00fatra a viharos sz\u00e9l vagy a nagyobb mennyis\u00e9g\u0171, magas v\u00edztartalm\u00fa tapad\u00f3 h\u00f3. Ezek balesetvesz\u00e9lyes helyzeteket teremtettek, ez\u00e9rt munkacsoport alakult a Pilisi Parkerd\u0151, a Duna-Ipoly Nemzeti Park \u00e9s a Magyar K\u00f6z\u00fat r\u00e9szv\u00e9tel\u00e9vel, hogy kijel\u00f6lj\u00e9k az \u00e9let- \u00e9s vagyonbiztons\u00e1got vesz\u00e9lyeztet\u0151 faegyedeket.<\/strong><\/p>\n<p>A munkacsoport els\u0151 k\u00f6rben a 1111-es sz\u00e1m\u00fa Budakal\u00e1sz-Dobog\u00f3k\u0151-Esztergom \u00f6sszek\u00f6t\u0151 \u00fat mintegy 9 kilom\u00e9teres, Kom\u00e1rom-Esztergom v\u00e1rmegyei szakasz\u00e1n v\u00e9gezte el a potenci\u00e1lisan balestvesz\u00e9lyes f\u00e1k kijel\u00f6l\u00e9s\u00e9t. A vesz\u00e9lyes f\u00e1k fele k\u00f6z\u00fati, a m\u00e1sik r\u00e9sze pedig az \u00fatt\u00f3l kicsit t\u00e1volabb es\u0151 ter\u00fcletekre esett, de egy fakid\u0151l\u00e9s\u00e9n\u00e9l ugyan\u00fagy balesetvesz\u00e9lyt jelenthettek volna a k\u00f6z\u00faton k\u00f6zleked\u0151kre.<\/p>\n<p>A munk\u00e1latok az illet\u00e9kes hat\u00f3s\u00e1gi elrendel\u00e9sek alapj\u00e1n 2024. augusztus v\u00e9g\u00e9n kezd\u0151dtek. Az \u00f6sszetett \u00e9s t\u00f6bb t\u00e1rsas\u00e1g kooper\u00e1ci\u00f3j\u00e1val megval\u00f3sult munk\u00e1k okt\u00f3ber k\u00f6zep\u00e9n fejez\u0151dtek be. Az el\u0151zetesen kijel\u00f6lt \u00e9s balesetvesz\u00e9lyesnek min\u0151s\u00edtett f\u00e1k kiv\u00e1g\u00e1sa megt\u00f6rt\u00e9nt, ezen fel\u00fcl pedig a r\u00e9zs\u0171ben tal\u00e1lhat\u00f3 cserj\u00e9ket is elt\u00e1vol\u00edtott\u00e1k a szakemberek. Ez alapj\u00e1n elmondhat\u00f3, hogy a fakid\u0151l\u00e9sek kock\u00e1zata jelent\u0151s m\u00e9rt\u00e9kben cs\u00f6kkent az \u00fatszakaszon.<\/p>\n<p>A szakemberek ugyanakkor felh\u00edvj\u00e1k a figyelmet, hogy sz\u00e9ls\u0151s\u00e9ges id\u0151j\u00e1r\u00e1si k\u00f6r\u00fclm\u00e9nyek k\u00f6z\u00f6tt nem z\u00e1rhat\u00f3 ki 100 sz\u00e1zal\u00e9kosan, hogy egy esetleges fakid\u0151l\u00e9s ne legyen bizonyos m\u00e9rt\u00e9kben hat\u00e1ssal a k\u00f6z\u00fati k\u00f6zleked\u00e9sre az \u00e9rintett szakaszon, ez\u00e9rt ilyen id\u0151szakokban ugyan\u00fagy vegy\u00e9k komolyan a hat\u00f3s\u00e1gok figyelmeztet\u00e9s\u00e9t.<\/p>\n<p>A Pilisi Parkerd\u0151 \u00e9s a Magyar K\u00f6z\u00fat ez\u00faton szeretn\u00e9 megk\u00f6sz\u00f6nni a lakoss\u00e1g t\u00fcrelm\u00e9t \u00e9s meg\u00e9rt\u00e9s\u00e9t, amit a korl\u00e1toz\u00e1ssal \u00e9rintett id\u0151szakokban tan\u00fas\u00edtottak.<\/p>\n<p><em>Forr\u00e1s: Magyar K\u00f6z\u00fat Nonprofit Zrt. Kommunik\u00e1ci\u00f3s oszt\u00e1ly<br \/>\nBor\u00edt\u00f3k\u00e9p: illusztr\u00e1ci\u00f3<br \/>\n<\/em><\/p>\n","protected":false},"excerpt":{"rendered":"<p>Az elm\u00falt \u00e9vek sz\u00e9ls\u0151s\u00e9ges id\u0151j\u00e1r\u00e1sa miatt egyes id\u0151szakokban a Pilisben is voltak olyan \u00fatszakaszok, ahol m\u00e9g az \u00e9p \u00e9s fiatal f\u00e1kat is kid\u00f6nt\u00f6tte az \u00fatra a viharos sz\u00e9l vagy a nagyobb mennyis\u00e9g\u0171, magas v\u00edztartalm\u00fa tapad\u00f3 h\u00f3. Ezek balesetvesz\u00e9lyes helyzeteket teremtettek, ez\u00e9rt munkacsoport alakult a Pilisi Parkerd\u0151, a Duna-Ipoly Nemzeti Park \u00e9s a Magyar K\u00f6z\u00fat r\u00e9szv\u00e9tel\u00e9vel,<\/p>\n","protected":false},"author":1,"featured_media":64072,"comment_status":"closed","ping_status":"closed","sticky":false,"template":"","format":"standard","meta":{"ngg_post_thumbnail":0,"footnotes":""},"categories":[38,3],"tags":[42,3535,1838,151],"class_list":{"0":"post-66288","1":"post","2":"type-post","3":"status-publish","4":"format-standard","5":"has-post-thumbnail","7":"category-esztergom","8":"category-hirek","9":"tag-esztergom","10":"tag-fakivagas","11":"tag-magyar-kozut","12":"tag-pilis"},"yoast_head":"<!-- This site is optimized with the Yoast SEO plugin v27.5 - https:\/\/yoast.com\/product\/yoast-seo-wordpress\/ -->\n<title>Befejez\u0151d\u00f6tt a forgalomra vesz\u00e9lyes f\u00e1k kiv\u00e1g\u00e1sa a Pilisben<\/title>\n<meta name=\"robots\" content=\"index, follow, max-snippet:-1, max-image-preview:large, max-video-preview:-1\" \/>\n<link rel=\"canonical\" href=\"https:\/\/dorogimedence.hu\/index.php\/2024\/10\/28\/befejezodott-a-forgalomra-veszelyes-fak-kivagasa-a-pilisben\/\" class=\"yoast-seo-meta-tag\" \/>\n<meta property=\"og:locale\" content=\"hu_HU\" class=\"yoast-seo-meta-tag\" \/>\n<meta property=\"og:type\" content=\"article\" class=\"yoast-seo-meta-tag\" \/>\n<meta property=\"og:title\" content=\"Befejez\u0151d\u00f6tt a forgalomra vesz\u00e9lyes f\u00e1k kiv\u00e1g\u00e1sa a Pilisben\" class=\"yoast-seo-meta-tag\" \/>\n<meta property=\"og:description\" content=\"Az elm\u00falt \u00e9vek sz\u00e9ls\u0151s\u00e9ges id\u0151j\u00e1r\u00e1sa miatt egyes id\u0151szakokban a Pilisben is voltak olyan \u00fatszakaszok, ahol m\u00e9g az \u00e9p \u00e9s fiatal f\u00e1kat is kid\u00f6nt\u00f6tte az \u00fatra a viharos sz\u00e9l vagy a nagyobb mennyis\u00e9g\u0171, magas v\u00edztartalm\u00fa tapad\u00f3 h\u00f3. Ezek balesetvesz\u00e9lyes helyzeteket teremtettek, ez\u00e9rt munkacsoport alakult a Pilisi Parkerd\u0151, a Duna-Ipoly Nemzeti Park \u00e9s a Magyar K\u00f6z\u00fat r\u00e9szv\u00e9tel\u00e9vel,\" class=\"yoast-seo-meta-tag\" \/>\n<meta property=\"og:url\" content=\"https:\/\/dorogimedence.hu\/index.php\/2024\/10\/28\/befejezodott-a-forgalomra-veszelyes-fak-kivagasa-a-pilisben\/\" class=\"yoast-seo-meta-tag\" \/>\n<meta property=\"og:site_name\" content=\"Dorogi-medence Region\u00e1lis H\u00edrport\u00e1l\" class=\"yoast-seo-meta-tag\" \/>\n<meta property=\"article:publisher\" content=\"https:\/\/www.facebook.com\/dorogimedence\/\" class=\"yoast-seo-meta-tag\" \/>\n<meta property=\"article:published_time\" content=\"2024-10-28T08:37:06+00:00\" class=\"yoast-seo-meta-tag\" \/>\n<meta property=\"og:image\" content=\"https:\/\/dorogimedence.hu\/wp-content\/uploads\/2024\/08\/forest-4272923_1920.jpg\" class=\"yoast-seo-meta-tag\" \/>\n\t<meta property=\"og:image:width\" content=\"1920\" class=\"yoast-seo-meta-tag\" \/>\n\t<meta property=\"og:image:height\" content=\"1275\" class=\"yoast-seo-meta-tag\" \/>\n\t<meta property=\"og:image:type\" content=\"image\/jpeg\" class=\"yoast-seo-meta-tag\" \/>\n<meta name=\"author\" content=\"dorogimedence.hu\" class=\"yoast-seo-meta-tag\" \/>\n<meta name=\"twitter:card\" content=\"summary_large_image\" class=\"yoast-seo-meta-tag\" \/>\n<meta name=\"twitter:label1\" content=\"Szerz\u0151:\" class=\"yoast-seo-meta-tag\" \/>\n\t<meta name=\"twitter:data1\" content=\"dorogimedence.hu\" class=\"yoast-seo-meta-tag\" \/>\n\t<meta name=\"twitter:label2\" content=\"Becs\u00fclt olvas\u00e1si id\u0151\" class=\"yoast-seo-meta-tag\" \/>\n\t<meta name=\"twitter:data2\" content=\"2 perc\" class=\"yoast-seo-meta-tag\" \/>\n<script type=\"application\/ld+json\" class=\"yoast-schema-graph\">{\"@context\":\"https:\\\/\\\/schema.org\",\"@graph\":[{\"@type\":\"Article\",\"@id\":\"https:\\\/\\\/dorogimedence.hu\\\/index.php\\\/2024\\\/10\\\/28\\\/befejezodott-a-forgalomra-veszelyes-fak-kivagasa-a-pilisben\\\/#article\",\"isPartOf\":{\"@id\":\"https:\\\/\\\/dorogimedence.hu\\\/index.php\\\/2024\\\/10\\\/28\\\/befejezodott-a-forgalomra-veszelyes-fak-kivagasa-a-pilisben\\\/\"},\"author\":{\"name\":\"dorogimedence.hu\",\"@id\":\"https:\\\/\\\/dorogimedence.hu\\\/#\\\/schema\\\/person\\\/ce6091eeb7e95ecdc87890d6aa8e0fd4\"},\"headline\":\"Befejez\u0151d\u00f6tt a forgalomra vesz\u00e9lyes f\u00e1k kiv\u00e1g\u00e1sa a Pilisben\",\"datePublished\":\"2024-10-28T08:37:06+00:00\",\"mainEntityOfPage\":{\"@id\":\"https:\\\/\\\/dorogimedence.hu\\\/index.php\\\/2024\\\/10\\\/28\\\/befejezodott-a-forgalomra-veszelyes-fak-kivagasa-a-pilisben\\\/\"},\"wordCount\":416,\"publisher\":{\"@id\":\"https:\\\/\\\/dorogimedence.hu\\\/#organization\"},\"image\":{\"@id\":\"https:\\\/\\\/dorogimedence.hu\\\/index.php\\\/2024\\\/10\\\/28\\\/befejezodott-a-forgalomra-veszelyes-fak-kivagasa-a-pilisben\\\/#primaryimage\"},\"thumbnailUrl\":\"https:\\\/\\\/dorogimedence.hu\\\/wp-content\\\/uploads\\\/2024\\\/08\\\/forest-4272923_1920.jpg\",\"keywords\":[\"esztergom\",\"fakiv\u00e1g\u00e1s\",\"Magyar K\u00f6z\u00fat\",\"Pilis\"],\"articleSection\":[\"Esztergom\",\"H\u00edrek\"],\"inLanguage\":\"hu\"},{\"@type\":\"WebPage\",\"@id\":\"https:\\\/\\\/dorogimedence.hu\\\/index.php\\\/2024\\\/10\\\/28\\\/befejezodott-a-forgalomra-veszelyes-fak-kivagasa-a-pilisben\\\/\",\"url\":\"https:\\\/\\\/dorogimedence.hu\\\/index.php\\\/2024\\\/10\\\/28\\\/befejezodott-a-forgalomra-veszelyes-fak-kivagasa-a-pilisben\\\/\",\"name\":\"Befejez\u0151d\u00f6tt a forgalomra vesz\u00e9lyes f\u00e1k kiv\u00e1g\u00e1sa a Pilisben\",\"isPartOf\":{\"@id\":\"https:\\\/\\\/dorogimedence.hu\\\/#website\"},\"primaryImageOfPage\":{\"@id\":\"https:\\\/\\\/dorogimedence.hu\\\/index.php\\\/2024\\\/10\\\/28\\\/befejezodott-a-forgalomra-veszelyes-fak-kivagasa-a-pilisben\\\/#primaryimage\"},\"image\":{\"@id\":\"https:\\\/\\\/dorogimedence.hu\\\/index.php\\\/2024\\\/10\\\/28\\\/befejezodott-a-forgalomra-veszelyes-fak-kivagasa-a-pilisben\\\/#primaryimage\"},\"thumbnailUrl\":\"https:\\\/\\\/dorogimedence.hu\\\/wp-content\\\/uploads\\\/2024\\\/08\\\/forest-4272923_1920.jpg\",\"datePublished\":\"2024-10-28T08:37:06+00:00\",\"breadcrumb\":{\"@id\":\"https:\\\/\\\/dorogimedence.hu\\\/index.php\\\/2024\\\/10\\\/28\\\/befejezodott-a-forgalomra-veszelyes-fak-kivagasa-a-pilisben\\\/#breadcrumb\"},\"inLanguage\":\"hu\",\"potentialAction\":[{\"@type\":\"ReadAction\",\"target\":[\"https:\\\/\\\/dorogimedence.hu\\\/index.php\\\/2024\\\/10\\\/28\\\/befejezodott-a-forgalomra-veszelyes-fak-kivagasa-a-pilisben\\\/\"]}]},{\"@type\":\"ImageObject\",\"inLanguage\":\"hu\",\"@id\":\"https:\\\/\\\/dorogimedence.hu\\\/index.php\\\/2024\\\/10\\\/28\\\/befejezodott-a-forgalomra-veszelyes-fak-kivagasa-a-pilisben\\\/#primaryimage\",\"url\":\"https:\\\/\\\/dorogimedence.hu\\\/wp-content\\\/uploads\\\/2024\\\/08\\\/forest-4272923_1920.jpg\",\"contentUrl\":\"https:\\\/\\\/dorogimedence.hu\\\/wp-content\\\/uploads\\\/2024\\\/08\\\/forest-4272923_1920.jpg\",\"width\":1920,\"height\":1275},{\"@type\":\"BreadcrumbList\",\"@id\":\"https:\\\/\\\/dorogimedence.hu\\\/index.php\\\/2024\\\/10\\\/28\\\/befejezodott-a-forgalomra-veszelyes-fak-kivagasa-a-pilisben\\\/#breadcrumb\",\"itemListElement\":[{\"@type\":\"ListItem\",\"position\":1,\"name\":\"Kezd\u0151lap\",\"item\":\"https:\\\/\\\/dorogimedence.hu\\\/\"},{\"@type\":\"ListItem\",\"position\":2,\"name\":\"Befejez\u0151d\u00f6tt a forgalomra vesz\u00e9lyes f\u00e1k kiv\u00e1g\u00e1sa a Pilisben\"}]},{\"@type\":\"WebSite\",\"@id\":\"https:\\\/\\\/dorogimedence.hu\\\/#website\",\"url\":\"https:\\\/\\\/dorogimedence.hu\\\/\",\"name\":\"Dorogi-medence Region\u00e1lis H\u00edrport\u00e1l\",\"description\":\"Dorog, Keszt\u00f6lc, Le\u00e1nyv\u00e1r, Piliscs\u00e9v, Tokod, Tokodalt\u00e1r\u00f3, Csolnok, Esztergom-kertv\u00e1ros: h\u00edrek, programok\",\"publisher\":{\"@id\":\"https:\\\/\\\/dorogimedence.hu\\\/#organization\"},\"potentialAction\":[{\"@type\":\"SearchAction\",\"target\":{\"@type\":\"EntryPoint\",\"urlTemplate\":\"https:\\\/\\\/dorogimedence.hu\\\/?s={search_term_string}\"},\"query-input\":{\"@type\":\"PropertyValueSpecification\",\"valueRequired\":true,\"valueName\":\"search_term_string\"}}],\"inLanguage\":\"hu\"},{\"@type\":\"Organization\",\"@id\":\"https:\\\/\\\/dorogimedence.hu\\\/#organization\",\"name\":\"Dorogi-medence Region\u00e1lis H\u00edrport\u00e1l\",\"url\":\"https:\\\/\\\/dorogimedence.hu\\\/\",\"logo\":{\"@type\":\"ImageObject\",\"inLanguage\":\"hu\",\"@id\":\"https:\\\/\\\/dorogimedence.hu\\\/#\\\/schema\\\/logo\\\/image\\\/\",\"url\":\"https:\\\/\\\/dorogimedence.hu\\\/wp-content\\\/uploads\\\/2021\\\/04\\\/logo-feher-600.png\",\"contentUrl\":\"https:\\\/\\\/dorogimedence.hu\\\/wp-content\\\/uploads\\\/2021\\\/04\\\/logo-feher-600.png\",\"width\":600,\"height\":100,\"caption\":\"Dorogi-medence Region\u00e1lis H\u00edrport\u00e1l\"},\"image\":{\"@id\":\"https:\\\/\\\/dorogimedence.hu\\\/#\\\/schema\\\/logo\\\/image\\\/\"},\"sameAs\":[\"https:\\\/\\\/www.facebook.com\\\/dorogimedence\\\/\"]},{\"@type\":\"Person\",\"@id\":\"https:\\\/\\\/dorogimedence.hu\\\/#\\\/schema\\\/person\\\/ce6091eeb7e95ecdc87890d6aa8e0fd4\",\"name\":\"dorogimedence.hu\",\"image\":{\"@type\":\"ImageObject\",\"inLanguage\":\"hu\",\"@id\":\"\\\/\\\/www.gravatar.com\\\/avatar\\\/d8d45f8901aadff40a4af72c0b826f1d?s=96&#038;r=g&#038;d=mm\",\"url\":\"\\\/\\\/www.gravatar.com\\\/avatar\\\/d8d45f8901aadff40a4af72c0b826f1d?s=96&#038;r=g&#038;d=mm\",\"contentUrl\":\"\\\/\\\/www.gravatar.com\\\/avatar\\\/d8d45f8901aadff40a4af72c0b826f1d?s=96&#038;r=g&#038;d=mm\",\"caption\":\"dorogimedence.hu\"}}]}<\/script>\n<!-- \/ Yoast SEO plugin. -->","yoast_head_json":{"title":"Befejez\u0151d\u00f6tt a forgalomra vesz\u00e9lyes f\u00e1k kiv\u00e1g\u00e1sa a Pilisben","robots":{"index":"index","follow":"follow","max-snippet":"max-snippet:-1","max-image-preview":"max-image-preview:large","max-video-preview":"max-video-preview:-1"},"canonical":"https:\/\/dorogimedence.hu\/index.php\/2024\/10\/28\/befejezodott-a-forgalomra-veszelyes-fak-kivagasa-a-pilisben\/","og_locale":"hu_HU","og_type":"article","og_title":"Befejez\u0151d\u00f6tt a forgalomra vesz\u00e9lyes f\u00e1k kiv\u00e1g\u00e1sa a Pilisben","og_description":"Az elm\u00falt \u00e9vek sz\u00e9ls\u0151s\u00e9ges id\u0151j\u00e1r\u00e1sa miatt egyes id\u0151szakokban a Pilisben is voltak olyan \u00fatszakaszok, ahol m\u00e9g az \u00e9p \u00e9s fiatal f\u00e1kat is kid\u00f6nt\u00f6tte az \u00fatra a viharos sz\u00e9l vagy a nagyobb mennyis\u00e9g\u0171, magas v\u00edztartalm\u00fa tapad\u00f3 h\u00f3. Ezek balesetvesz\u00e9lyes helyzeteket teremtettek, ez\u00e9rt munkacsoport alakult a Pilisi Parkerd\u0151, a Duna-Ipoly Nemzeti Park \u00e9s a Magyar K\u00f6z\u00fat r\u00e9szv\u00e9tel\u00e9vel,","og_url":"https:\/\/dorogimedence.hu\/index.php\/2024\/10\/28\/befejezodott-a-forgalomra-veszelyes-fak-kivagasa-a-pilisben\/","og_site_name":"Dorogi-medence Region\u00e1lis H\u00edrport\u00e1l","article_publisher":"https:\/\/www.facebook.com\/dorogimedence\/","article_published_time":"2024-10-28T08:37:06+00:00","og_image":[{"width":1920,"height":1275,"url":"https:\/\/dorogimedence.hu\/wp-content\/uploads\/2024\/08\/forest-4272923_1920.jpg","type":"image\/jpeg"}],"author":"dorogimedence.hu","twitter_card":"summary_large_image","twitter_misc":{"Szerz\u0151:":"dorogimedence.hu","Becs\u00fclt olvas\u00e1si id\u0151":"2 perc"},"schema":{"@context":"https:\/\/schema.org","@graph":[{"@type":"Article","@id":"https:\/\/dorogimedence.hu\/index.php\/2024\/10\/28\/befejezodott-a-forgalomra-veszelyes-fak-kivagasa-a-pilisben\/#article","isPartOf":{"@id":"https:\/\/dorogimedence.hu\/index.php\/2024\/10\/28\/befejezodott-a-forgalomra-veszelyes-fak-kivagasa-a-pilisben\/"},"author":{"name":"dorogimedence.hu","@id":"https:\/\/dorogimedence.hu\/#\/schema\/person\/ce6091eeb7e95ecdc87890d6aa8e0fd4"},"headline":"Befejez\u0151d\u00f6tt a forgalomra vesz\u00e9lyes f\u00e1k kiv\u00e1g\u00e1sa a Pilisben","datePublished":"2024-10-28T08:37:06+00:00","mainEntityOfPage":{"@id":"https:\/\/dorogimedence.hu\/index.php\/2024\/10\/28\/befejezodott-a-forgalomra-veszelyes-fak-kivagasa-a-pilisben\/"},"wordCount":416,"publisher":{"@id":"https:\/\/dorogimedence.hu\/#organization"},"image":{"@id":"https:\/\/dorogimedence.hu\/index.php\/2024\/10\/28\/befejezodott-a-forgalomra-veszelyes-fak-kivagasa-a-pilisben\/#primaryimage"},"thumbnailUrl":"https:\/\/dorogimedence.hu\/wp-content\/uploads\/2024\/08\/forest-4272923_1920.jpg","keywords":["esztergom","fakiv\u00e1g\u00e1s","Magyar K\u00f6z\u00fat","Pilis"],"articleSection":["Esztergom","H\u00edrek"],"inLanguage":"hu"},{"@type":"WebPage","@id":"https:\/\/dorogimedence.hu\/index.php\/2024\/10\/28\/befejezodott-a-forgalomra-veszelyes-fak-kivagasa-a-pilisben\/","url":"https:\/\/dorogimedence.hu\/index.php\/2024\/10\/28\/befejezodott-a-forgalomra-veszelyes-fak-kivagasa-a-pilisben\/","name":"Befejez\u0151d\u00f6tt a forgalomra vesz\u00e9lyes f\u00e1k kiv\u00e1g\u00e1sa a Pilisben","isPartOf":{"@id":"https:\/\/dorogimedence.hu\/#website"},"primaryImageOfPage":{"@id":"https:\/\/dorogimedence.hu\/index.php\/2024\/10\/28\/befejezodott-a-forgalomra-veszelyes-fak-kivagasa-a-pilisben\/#primaryimage"},"image":{"@id":"https:\/\/dorogimedence.hu\/index.php\/2024\/10\/28\/befejezodott-a-forgalomra-veszelyes-fak-kivagasa-a-pilisben\/#primaryimage"},"thumbnailUrl":"https:\/\/dorogimedence.hu\/wp-content\/uploads\/2024\/08\/forest-4272923_1920.jpg","datePublished":"2024-10-28T08:37:06+00:00","breadcrumb":{"@id":"https:\/\/dorogimedence.hu\/index.php\/2024\/10\/28\/befejezodott-a-forgalomra-veszelyes-fak-kivagasa-a-pilisben\/#breadcrumb"},"inLanguage":"hu","potentialAction":[{"@type":"ReadAction","target":["https:\/\/dorogimedence.hu\/index.php\/2024\/10\/28\/befejezodott-a-forgalomra-veszelyes-fak-kivagasa-a-pilisben\/"]}]},{"@type":"ImageObject","inLanguage":"hu","@id":"https:\/\/dorogimedence.hu\/index.php\/2024\/10\/28\/befejezodott-a-forgalomra-veszelyes-fak-kivagasa-a-pilisben\/#primaryimage","url":"https:\/\/dorogimedence.hu\/wp-content\/uploads\/2024\/08\/forest-4272923_1920.jpg","contentUrl":"https:\/\/dorogimedence.hu\/wp-content\/uploads\/2024\/08\/forest-4272923_1920.jpg","width":1920,"height":1275},{"@type":"BreadcrumbList","@id":"https:\/\/dorogimedence.hu\/index.php\/2024\/10\/28\/befejezodott-a-forgalomra-veszelyes-fak-kivagasa-a-pilisben\/#breadcrumb","itemListElement":[{"@type":"ListItem","position":1,"name":"Kezd\u0151lap","item":"https:\/\/dorogimedence.hu\/"},{"@type":"ListItem","position":2,"name":"Befejez\u0151d\u00f6tt a forgalomra vesz\u00e9lyes f\u00e1k kiv\u00e1g\u00e1sa a Pilisben"}]},{"@type":"WebSite","@id":"https:\/\/dorogimedence.hu\/#website","url":"https:\/\/dorogimedence.hu\/","name":"Dorogi-medence Region\u00e1lis H\u00edrport\u00e1l","description":"Dorog, Keszt\u00f6lc, Le\u00e1nyv\u00e1r, Piliscs\u00e9v, Tokod, Tokodalt\u00e1r\u00f3, Csolnok, Esztergom-kertv\u00e1ros: h\u00edrek, programok","publisher":{"@id":"https:\/\/dorogimedence.hu\/#organization"},"potentialAction":[{"@type":"SearchAction","target":{"@type":"EntryPoint","urlTemplate":"https:\/\/dorogimedence.hu\/?s={search_term_string}"},"query-input":{"@type":"PropertyValueSpecification","valueRequired":true,"valueName":"search_term_string"}}],"inLanguage":"hu"},{"@type":"Organization","@id":"https:\/\/dorogimedence.hu\/#organization","name":"Dorogi-medence Region\u00e1lis H\u00edrport\u00e1l","url":"https:\/\/dorogimedence.hu\/","logo":{"@type":"ImageObject","inLanguage":"hu","@id":"https:\/\/dorogimedence.hu\/#\/schema\/logo\/image\/","url":"https:\/\/dorogimedence.hu\/wp-content\/uploads\/2021\/04\/logo-feher-600.png","contentUrl":"https:\/\/dorogimedence.hu\/wp-content\/uploads\/2021\/04\/logo-feher-600.png","width":600,"height":100,"caption":"Dorogi-medence Region\u00e1lis H\u00edrport\u00e1l"},"image":{"@id":"https:\/\/dorogimedence.hu\/#\/schema\/logo\/image\/"},"sameAs":["https:\/\/www.facebook.com\/dorogimedence\/"]},{"@type":"Person","@id":"https:\/\/dorogimedence.hu\/#\/schema\/person\/ce6091eeb7e95ecdc87890d6aa8e0fd4","name":"dorogimedence.hu","image":{"@type":"ImageObject","inLanguage":"hu","@id":"\/\/www.gravatar.com\/avatar\/d8d45f8901aadff40a4af72c0b826f1d?s=96&#038;r=g&#038;d=mm","url":"\/\/www.gravatar.com\/avatar\/d8d45f8901aadff40a4af72c0b826f1d?s=96&#038;r=g&#038;d=mm","contentUrl":"\/\/www.gravatar.com\/avatar\/d8d45f8901aadff40a4af72c0b826f1d?s=96&#038;r=g&#038;d=mm","caption":"dorogimedence.hu"}}]}},"_links":{"self":[{"href":"https:\/\/dorogimedence.hu\/index.php\/wp-json\/wp\/v2\/posts\/66288","targetHints":{"allow":["GET"]}}],"collection":[{"href":"https:\/\/dorogimedence.hu\/index.php\/wp-json\/wp\/v2\/posts"}],"about":[{"href":"https:\/\/dorogimedence.hu\/index.php\/wp-json\/wp\/v2\/types\/post"}],"author":[{"embeddable":true,"href":"https:\/\/dorogimedence.hu\/index.php\/wp-json\/wp\/v2\/users\/1"}],"replies":[{"embeddable":true,"href":"https:\/\/dorogimedence.hu\/index.php\/wp-json\/wp\/v2\/comments?post=66288"}],"version-history":[{"count":0,"href":"https:\/\/dorogimedence.hu\/index.php\/wp-json\/wp\/v2\/posts\/66288\/revisions"}],"wp:featuredmedia":[{"embeddable":true,"href":"https:\/\/dorogimedence.hu\/index.php\/wp-json\/wp\/v2\/media\/64072"}],"wp:attachment":[{"href":"https:\/\/dorogimedence.hu\/index.php\/wp-json\/wp\/v2\/media?parent=66288"}],"wp:term":[{"taxonomy":"category","embeddable":true,"href":"https:\/\/dorogimedence.hu\/index.php\/wp-json\/wp\/v2\/categories?post=66288"},{"taxonomy":"post_tag","embeddable":true,"href":"https:\/\/dorogimedence.hu\/index.php\/wp-json\/wp\/v2\/tags?post=66288"}],"curies":[{"name":"wp","href":"https:\/\/api.w.org\/{rel}","templated":true}]}}