{"id":66183,"date":"2024-10-24T10:25:29","date_gmt":"2024-10-24T08:25:29","guid":{"rendered":"https:\/\/dorogimedence.hu\/?p=66183"},"modified":"2024-10-25T09:23:59","modified_gmt":"2024-10-25T07:23:59","slug":"pro-urbe-esztergom-kitunteteseket-adtak-at","status":"publish","type":"post","link":"https:\/\/dorogimedence.hu\/index.php\/2024\/10\/24\/pro-urbe-esztergom-kitunteteseket-adtak-at\/","title":{"rendered":"Pro Urbe Esztergom kit\u00fcntet\u00e9seket adtak \u00e1t"},"content":{"rendered":"<p><strong>Okt\u00f3ber 23-\u00e1n Esztergomban, a V\u00e1rmegyeh\u00e1za d\u00edszterm\u00e9ben eml\u00e9keztek az 1956-os forradalom \u00e9s szabads\u00e1gharc h\u0151seire.<\/strong><\/p>\n<p>A Himnusz el\u00e9nekl\u00e9se ut\u00e1n \u00fcnnepi besz\u00e9deket hallgathattak meg az \u00e9rdekl\u0151d\u0151k, amit egy m\u0171sor k\u00f6vetett. Az \u00fcnneps\u00e9g keret\u00e9ben \u00e1tadt\u00e1k a \u201ePro Urbe Esztergom\u201d kit\u00fcntet\u00e9seket. Az idei \u00e9vben P\u00e1lmai Andrea, a Bog\u00e1ncs Kutya- \u00e9s Kis\u00e1llatotthon Alap\u00edtv\u00e1ny vezet\u0151je, valamint D\u00e1vid Bal\u00e1zs, az \u00e1rv\u00edzi v\u00e9dekez\u00e9sek sor\u00e1n ny\u00fajtott \u00e9vtizedes, kiemelked\u0151 \u00e9s \u00e1ldozatos munk\u00e1j\u00e1\u00e9rt kapta meg az elismer\u00e9st.<\/p>\n<p><img fetchpriority=\"high\" decoding=\"async\" class=\"alignnone size-full wp-image-66186\" src=\"https:\/\/dorogimedence.hu\/wp-content\/uploads\/2024\/10\/463886074_573714661861659_7424159683010423312_n.jpg\" alt=\"\" width=\"2048\" height=\"1366\" srcset=\"https:\/\/dorogimedence.hu\/wp-content\/uploads\/2024\/10\/463886074_573714661861659_7424159683010423312_n.jpg 2048w, https:\/\/dorogimedence.hu\/wp-content\/uploads\/2024\/10\/463886074_573714661861659_7424159683010423312_n-600x400.jpg 600w, https:\/\/dorogimedence.hu\/wp-content\/uploads\/2024\/10\/463886074_573714661861659_7424159683010423312_n-1920x1281.jpg 1920w, https:\/\/dorogimedence.hu\/wp-content\/uploads\/2024\/10\/463886074_573714661861659_7424159683010423312_n-768x512.jpg 768w, https:\/\/dorogimedence.hu\/wp-content\/uploads\/2024\/10\/463886074_573714661861659_7424159683010423312_n-1536x1025.jpg 1536w, https:\/\/dorogimedence.hu\/wp-content\/uploads\/2024\/10\/463886074_573714661861659_7424159683010423312_n-150x100.jpg 150w, https:\/\/dorogimedence.hu\/wp-content\/uploads\/2024\/10\/463886074_573714661861659_7424159683010423312_n-450x300.jpg 450w, https:\/\/dorogimedence.hu\/wp-content\/uploads\/2024\/10\/463886074_573714661861659_7424159683010423312_n-1200x800.jpg 1200w, https:\/\/dorogimedence.hu\/wp-content\/uploads\/2024\/10\/463886074_573714661861659_7424159683010423312_n-272x182.jpg 272w\" sizes=\"(max-width: 2048px) 100vw, 2048px\" \/><\/p>\n<p>Ezut\u00e1n Hern\u00e1di \u00c1d\u00e1mnak, Esztergom Megyei Jog\u00fa V\u00e1ros polg\u00e1rmester\u00e9nek \u00e1tadt\u00e1k az \u201e\u00c9v polg\u00e1rmestere\u201d d\u00edjat. Az elismer\u00e9st m\u00e9g kor\u00e1bban, <a href=\"https:\/\/dorogimedence.hu\/index.php\/2024\/09\/19\/hernadi-adam-lett-az-ev-polgarmestere\/\" target=\"_blank\" rel=\"noopener\"><span style=\"text-decoration: underline; color: #0000ff;\">szeptember 18-\u00e1n \u00edt\u00e9lt\u00e9k oda neki<\/span><\/a>, azonban az \u00e1rv\u00edzv\u00e9delmi helyzetre val\u00f3 tekintettel nem tudott r\u00e9szt venni az akkori karcagi d\u00edj\u00e1tad\u00f3 \u00fcnneps\u00e9gen.<\/p>\n<p><img decoding=\"async\" class=\"alignnone size-full wp-image-66185\" src=\"https:\/\/dorogimedence.hu\/wp-content\/uploads\/2024\/10\/463841444_573714775194981_7462248717731863596_n.jpg\" alt=\"\" width=\"2048\" height=\"1366\" srcset=\"https:\/\/dorogimedence.hu\/wp-content\/uploads\/2024\/10\/463841444_573714775194981_7462248717731863596_n.jpg 2048w, https:\/\/dorogimedence.hu\/wp-content\/uploads\/2024\/10\/463841444_573714775194981_7462248717731863596_n-600x400.jpg 600w, https:\/\/dorogimedence.hu\/wp-content\/uploads\/2024\/10\/463841444_573714775194981_7462248717731863596_n-1920x1281.jpg 1920w, https:\/\/dorogimedence.hu\/wp-content\/uploads\/2024\/10\/463841444_573714775194981_7462248717731863596_n-768x512.jpg 768w, https:\/\/dorogimedence.hu\/wp-content\/uploads\/2024\/10\/463841444_573714775194981_7462248717731863596_n-1536x1025.jpg 1536w, https:\/\/dorogimedence.hu\/wp-content\/uploads\/2024\/10\/463841444_573714775194981_7462248717731863596_n-150x100.jpg 150w, https:\/\/dorogimedence.hu\/wp-content\/uploads\/2024\/10\/463841444_573714775194981_7462248717731863596_n-450x300.jpg 450w, https:\/\/dorogimedence.hu\/wp-content\/uploads\/2024\/10\/463841444_573714775194981_7462248717731863596_n-1200x800.jpg 1200w, https:\/\/dorogimedence.hu\/wp-content\/uploads\/2024\/10\/463841444_573714775194981_7462248717731863596_n-272x182.jpg 272w\" sizes=\"(max-width: 2048px) 100vw, 2048px\" \/><\/p>\n<p>A megeml\u00e9kez\u00e9s koszor\u00faz\u00e1ssal z\u00e1rult a v\u00e1rosh\u00e1za fal\u00e1n elhelyezett eml\u00e9kt\u00e1bl\u00e1n\u00e1l.<\/p>\n<p><img decoding=\"async\" class=\"alignnone size-full wp-image-66187\" src=\"https:\/\/dorogimedence.hu\/wp-content\/uploads\/2024\/10\/464326688_573714858528306_5809549468071710839_n.jpg\" alt=\"\" width=\"2048\" height=\"1366\" srcset=\"https:\/\/dorogimedence.hu\/wp-content\/uploads\/2024\/10\/464326688_573714858528306_5809549468071710839_n.jpg 2048w, https:\/\/dorogimedence.hu\/wp-content\/uploads\/2024\/10\/464326688_573714858528306_5809549468071710839_n-600x400.jpg 600w, https:\/\/dorogimedence.hu\/wp-content\/uploads\/2024\/10\/464326688_573714858528306_5809549468071710839_n-1920x1281.jpg 1920w, https:\/\/dorogimedence.hu\/wp-content\/uploads\/2024\/10\/464326688_573714858528306_5809549468071710839_n-768x512.jpg 768w, https:\/\/dorogimedence.hu\/wp-content\/uploads\/2024\/10\/464326688_573714858528306_5809549468071710839_n-1536x1025.jpg 1536w, https:\/\/dorogimedence.hu\/wp-content\/uploads\/2024\/10\/464326688_573714858528306_5809549468071710839_n-150x100.jpg 150w, https:\/\/dorogimedence.hu\/wp-content\/uploads\/2024\/10\/464326688_573714858528306_5809549468071710839_n-450x300.jpg 450w, https:\/\/dorogimedence.hu\/wp-content\/uploads\/2024\/10\/464326688_573714858528306_5809549468071710839_n-1200x800.jpg 1200w, https:\/\/dorogimedence.hu\/wp-content\/uploads\/2024\/10\/464326688_573714858528306_5809549468071710839_n-272x182.jpg 272w\" sizes=\"(max-width: 2048px) 100vw, 2048px\" \/><\/p>\n<p><em>Fot\u00f3k: Hern\u00e1di \u00c1d\u00e1m \/ Er\u0151s G\u00e1bor Facebook-oldala<\/em><\/p>\n","protected":false},"excerpt":{"rendered":"<p>Okt\u00f3ber 23-\u00e1n Esztergomban, a V\u00e1rmegyeh\u00e1za d\u00edszterm\u00e9ben eml\u00e9keztek az 1956-os forradalom \u00e9s szabads\u00e1gharc h\u0151seire. A Himnusz el\u00e9nekl\u00e9se ut\u00e1n \u00fcnnepi besz\u00e9deket hallgathattak meg az \u00e9rdekl\u0151d\u0151k, amit egy m\u0171sor k\u00f6vetett. Az \u00fcnneps\u00e9g keret\u00e9ben \u00e1tadt\u00e1k a \u201ePro Urbe Esztergom\u201d kit\u00fcntet\u00e9seket. Az idei \u00e9vben P\u00e1lmai Andrea, a Bog\u00e1ncs Kutya- \u00e9s Kis\u00e1llatotthon Alap\u00edtv\u00e1ny vezet\u0151je, valamint D\u00e1vid Bal\u00e1zs, az \u00e1rv\u00edzi v\u00e9dekez\u00e9sek sor\u00e1n<\/p>\n","protected":false},"author":1,"featured_media":66184,"comment_status":"closed","ping_status":"closed","sticky":false,"template":"","format":"standard","meta":{"ngg_post_thumbnail":0,"footnotes":""},"categories":[38,3],"tags":[6052,42,5624,192,1728,5912],"class_list":{"0":"post-66183","1":"post","2":"type-post","3":"status-publish","4":"format-standard","5":"has-post-thumbnail","7":"category-esztergom","8":"category-hirek","9":"tag-1956-os-forradalom-es-szabadsagharc","10":"tag-esztergom","11":"tag-featured","12":"tag-megemlekezes","13":"tag-oktober-23","14":"tag-pro-urbe-esztergom"},"yoast_head":"<!-- This site is optimized with the Yoast SEO plugin v27.4 - https:\/\/yoast.com\/product\/yoast-seo-wordpress\/ -->\n<title>Pro Urbe Esztergom kit\u00fcntet\u00e9seket adtak \u00e1t<\/title>\n<meta name=\"robots\" content=\"index, follow, max-snippet:-1, max-image-preview:large, max-video-preview:-1\" \/>\n<link rel=\"canonical\" href=\"https:\/\/dorogimedence.hu\/index.php\/2024\/10\/24\/pro-urbe-esztergom-kitunteteseket-adtak-at\/\" class=\"yoast-seo-meta-tag\" \/>\n<meta property=\"og:locale\" content=\"hu_HU\" class=\"yoast-seo-meta-tag\" \/>\n<meta property=\"og:type\" content=\"article\" class=\"yoast-seo-meta-tag\" \/>\n<meta property=\"og:title\" content=\"Pro Urbe Esztergom kit\u00fcntet\u00e9seket adtak \u00e1t\" class=\"yoast-seo-meta-tag\" \/>\n<meta property=\"og:description\" content=\"Okt\u00f3ber 23-\u00e1n Esztergomban, a V\u00e1rmegyeh\u00e1za d\u00edszterm\u00e9ben eml\u00e9keztek az 1956-os forradalom \u00e9s szabads\u00e1gharc h\u0151seire. A Himnusz el\u00e9nekl\u00e9se ut\u00e1n \u00fcnnepi besz\u00e9deket hallgathattak meg az \u00e9rdekl\u0151d\u0151k, amit egy m\u0171sor k\u00f6vetett. Az \u00fcnneps\u00e9g keret\u00e9ben \u00e1tadt\u00e1k a \u201ePro Urbe Esztergom\u201d kit\u00fcntet\u00e9seket. Az idei \u00e9vben P\u00e1lmai Andrea, a Bog\u00e1ncs Kutya- \u00e9s Kis\u00e1llatotthon Alap\u00edtv\u00e1ny vezet\u0151je, valamint D\u00e1vid Bal\u00e1zs, az \u00e1rv\u00edzi v\u00e9dekez\u00e9sek sor\u00e1n\" class=\"yoast-seo-meta-tag\" \/>\n<meta property=\"og:url\" content=\"https:\/\/dorogimedence.hu\/index.php\/2024\/10\/24\/pro-urbe-esztergom-kitunteteseket-adtak-at\/\" class=\"yoast-seo-meta-tag\" \/>\n<meta property=\"og:site_name\" content=\"Dorogi-medence Region\u00e1lis H\u00edrport\u00e1l\" class=\"yoast-seo-meta-tag\" \/>\n<meta property=\"article:publisher\" content=\"https:\/\/www.facebook.com\/dorogimedence\/\" class=\"yoast-seo-meta-tag\" \/>\n<meta property=\"article:published_time\" content=\"2024-10-24T08:25:29+00:00\" class=\"yoast-seo-meta-tag\" \/>\n<meta property=\"article:modified_time\" content=\"2024-10-25T07:23:59+00:00\" class=\"yoast-seo-meta-tag\" \/>\n<meta property=\"og:image\" content=\"https:\/\/dorogimedence.hu\/wp-content\/uploads\/2024\/10\/464331002_1085985386870533_5477533736644522547_n.jpg\" class=\"yoast-seo-meta-tag\" \/>\n\t<meta property=\"og:image:width\" content=\"2048\" class=\"yoast-seo-meta-tag\" \/>\n\t<meta property=\"og:image:height\" content=\"1154\" class=\"yoast-seo-meta-tag\" \/>\n\t<meta property=\"og:image:type\" content=\"image\/jpeg\" class=\"yoast-seo-meta-tag\" \/>\n<meta name=\"author\" content=\"dorogimedence.hu\" class=\"yoast-seo-meta-tag\" \/>\n<meta name=\"twitter:card\" content=\"summary_large_image\" class=\"yoast-seo-meta-tag\" \/>\n<meta name=\"twitter:label1\" content=\"Szerz\u0151:\" class=\"yoast-seo-meta-tag\" \/>\n\t<meta name=\"twitter:data1\" content=\"dorogimedence.hu\" class=\"yoast-seo-meta-tag\" \/>\n\t<meta name=\"twitter:label2\" content=\"Becs\u00fclt olvas\u00e1si id\u0151\" class=\"yoast-seo-meta-tag\" \/>\n\t<meta name=\"twitter:data2\" content=\"1 perc\" class=\"yoast-seo-meta-tag\" \/>\n<script type=\"application\/ld+json\" class=\"yoast-schema-graph\">{\"@context\":\"https:\\\/\\\/schema.org\",\"@graph\":[{\"@type\":\"Article\",\"@id\":\"https:\\\/\\\/dorogimedence.hu\\\/index.php\\\/2024\\\/10\\\/24\\\/pro-urbe-esztergom-kitunteteseket-adtak-at\\\/#article\",\"isPartOf\":{\"@id\":\"https:\\\/\\\/dorogimedence.hu\\\/index.php\\\/2024\\\/10\\\/24\\\/pro-urbe-esztergom-kitunteteseket-adtak-at\\\/\"},\"author\":{\"name\":\"dorogimedence.hu\",\"@id\":\"https:\\\/\\\/dorogimedence.hu\\\/#\\\/schema\\\/person\\\/ce6091eeb7e95ecdc87890d6aa8e0fd4\"},\"headline\":\"Pro Urbe Esztergom kit\u00fcntet\u00e9seket adtak \u00e1t\",\"datePublished\":\"2024-10-24T08:25:29+00:00\",\"dateModified\":\"2024-10-25T07:23:59+00:00\",\"mainEntityOfPage\":{\"@id\":\"https:\\\/\\\/dorogimedence.hu\\\/index.php\\\/2024\\\/10\\\/24\\\/pro-urbe-esztergom-kitunteteseket-adtak-at\\\/\"},\"wordCount\":201,\"publisher\":{\"@id\":\"https:\\\/\\\/dorogimedence.hu\\\/#organization\"},\"image\":{\"@id\":\"https:\\\/\\\/dorogimedence.hu\\\/index.php\\\/2024\\\/10\\\/24\\\/pro-urbe-esztergom-kitunteteseket-adtak-at\\\/#primaryimage\"},\"thumbnailUrl\":\"https:\\\/\\\/dorogimedence.hu\\\/wp-content\\\/uploads\\\/2024\\\/10\\\/464331002_1085985386870533_5477533736644522547_n.jpg\",\"keywords\":[\"1956-os forradalom \u00e9s szabads\u00e1gharc\",\"esztergom\",\"featured\",\"megeml\u00e9kez\u00e9s\",\"okt\u00f3ber 23.\",\"Pro Urbe Esztergom\"],\"articleSection\":[\"Esztergom\",\"H\u00edrek\"],\"inLanguage\":\"hu\"},{\"@type\":\"WebPage\",\"@id\":\"https:\\\/\\\/dorogimedence.hu\\\/index.php\\\/2024\\\/10\\\/24\\\/pro-urbe-esztergom-kitunteteseket-adtak-at\\\/\",\"url\":\"https:\\\/\\\/dorogimedence.hu\\\/index.php\\\/2024\\\/10\\\/24\\\/pro-urbe-esztergom-kitunteteseket-adtak-at\\\/\",\"name\":\"Pro Urbe Esztergom kit\u00fcntet\u00e9seket adtak \u00e1t\",\"isPartOf\":{\"@id\":\"https:\\\/\\\/dorogimedence.hu\\\/#website\"},\"primaryImageOfPage\":{\"@id\":\"https:\\\/\\\/dorogimedence.hu\\\/index.php\\\/2024\\\/10\\\/24\\\/pro-urbe-esztergom-kitunteteseket-adtak-at\\\/#primaryimage\"},\"image\":{\"@id\":\"https:\\\/\\\/dorogimedence.hu\\\/index.php\\\/2024\\\/10\\\/24\\\/pro-urbe-esztergom-kitunteteseket-adtak-at\\\/#primaryimage\"},\"thumbnailUrl\":\"https:\\\/\\\/dorogimedence.hu\\\/wp-content\\\/uploads\\\/2024\\\/10\\\/464331002_1085985386870533_5477533736644522547_n.jpg\",\"datePublished\":\"2024-10-24T08:25:29+00:00\",\"dateModified\":\"2024-10-25T07:23:59+00:00\",\"breadcrumb\":{\"@id\":\"https:\\\/\\\/dorogimedence.hu\\\/index.php\\\/2024\\\/10\\\/24\\\/pro-urbe-esztergom-kitunteteseket-adtak-at\\\/#breadcrumb\"},\"inLanguage\":\"hu\",\"potentialAction\":[{\"@type\":\"ReadAction\",\"target\":[\"https:\\\/\\\/dorogimedence.hu\\\/index.php\\\/2024\\\/10\\\/24\\\/pro-urbe-esztergom-kitunteteseket-adtak-at\\\/\"]}]},{\"@type\":\"ImageObject\",\"inLanguage\":\"hu\",\"@id\":\"https:\\\/\\\/dorogimedence.hu\\\/index.php\\\/2024\\\/10\\\/24\\\/pro-urbe-esztergom-kitunteteseket-adtak-at\\\/#primaryimage\",\"url\":\"https:\\\/\\\/dorogimedence.hu\\\/wp-content\\\/uploads\\\/2024\\\/10\\\/464331002_1085985386870533_5477533736644522547_n.jpg\",\"contentUrl\":\"https:\\\/\\\/dorogimedence.hu\\\/wp-content\\\/uploads\\\/2024\\\/10\\\/464331002_1085985386870533_5477533736644522547_n.jpg\",\"width\":2048,\"height\":1154},{\"@type\":\"BreadcrumbList\",\"@id\":\"https:\\\/\\\/dorogimedence.hu\\\/index.php\\\/2024\\\/10\\\/24\\\/pro-urbe-esztergom-kitunteteseket-adtak-at\\\/#breadcrumb\",\"itemListElement\":[{\"@type\":\"ListItem\",\"position\":1,\"name\":\"Kezd\u0151lap\",\"item\":\"https:\\\/\\\/dorogimedence.hu\\\/\"},{\"@type\":\"ListItem\",\"position\":2,\"name\":\"Pro Urbe Esztergom kit\u00fcntet\u00e9seket adtak \u00e1t\"}]},{\"@type\":\"WebSite\",\"@id\":\"https:\\\/\\\/dorogimedence.hu\\\/#website\",\"url\":\"https:\\\/\\\/dorogimedence.hu\\\/\",\"name\":\"Dorogi-medence Region\u00e1lis H\u00edrport\u00e1l\",\"description\":\"Dorog, Keszt\u00f6lc, Le\u00e1nyv\u00e1r, Piliscs\u00e9v, Tokod, Tokodalt\u00e1r\u00f3, Csolnok, Esztergom-kertv\u00e1ros: h\u00edrek, programok\",\"publisher\":{\"@id\":\"https:\\\/\\\/dorogimedence.hu\\\/#organization\"},\"potentialAction\":[{\"@type\":\"SearchAction\",\"target\":{\"@type\":\"EntryPoint\",\"urlTemplate\":\"https:\\\/\\\/dorogimedence.hu\\\/?s={search_term_string}\"},\"query-input\":{\"@type\":\"PropertyValueSpecification\",\"valueRequired\":true,\"valueName\":\"search_term_string\"}}],\"inLanguage\":\"hu\"},{\"@type\":\"Organization\",\"@id\":\"https:\\\/\\\/dorogimedence.hu\\\/#organization\",\"name\":\"Dorogi-medence Region\u00e1lis H\u00edrport\u00e1l\",\"url\":\"https:\\\/\\\/dorogimedence.hu\\\/\",\"logo\":{\"@type\":\"ImageObject\",\"inLanguage\":\"hu\",\"@id\":\"https:\\\/\\\/dorogimedence.hu\\\/#\\\/schema\\\/logo\\\/image\\\/\",\"url\":\"https:\\\/\\\/dorogimedence.hu\\\/wp-content\\\/uploads\\\/2021\\\/04\\\/logo-feher-600.png\",\"contentUrl\":\"https:\\\/\\\/dorogimedence.hu\\\/wp-content\\\/uploads\\\/2021\\\/04\\\/logo-feher-600.png\",\"width\":600,\"height\":100,\"caption\":\"Dorogi-medence Region\u00e1lis H\u00edrport\u00e1l\"},\"image\":{\"@id\":\"https:\\\/\\\/dorogimedence.hu\\\/#\\\/schema\\\/logo\\\/image\\\/\"},\"sameAs\":[\"https:\\\/\\\/www.facebook.com\\\/dorogimedence\\\/\"]},{\"@type\":\"Person\",\"@id\":\"https:\\\/\\\/dorogimedence.hu\\\/#\\\/schema\\\/person\\\/ce6091eeb7e95ecdc87890d6aa8e0fd4\",\"name\":\"dorogimedence.hu\",\"image\":{\"@type\":\"ImageObject\",\"inLanguage\":\"hu\",\"@id\":\"\\\/\\\/www.gravatar.com\\\/avatar\\\/d8d45f8901aadff40a4af72c0b826f1d?s=96&#038;r=g&#038;d=mm\",\"url\":\"\\\/\\\/www.gravatar.com\\\/avatar\\\/d8d45f8901aadff40a4af72c0b826f1d?s=96&#038;r=g&#038;d=mm\",\"contentUrl\":\"\\\/\\\/www.gravatar.com\\\/avatar\\\/d8d45f8901aadff40a4af72c0b826f1d?s=96&#038;r=g&#038;d=mm\",\"caption\":\"dorogimedence.hu\"}}]}<\/script>\n<!-- \/ Yoast SEO plugin. -->","yoast_head_json":{"title":"Pro Urbe Esztergom kit\u00fcntet\u00e9seket adtak \u00e1t","robots":{"index":"index","follow":"follow","max-snippet":"max-snippet:-1","max-image-preview":"max-image-preview:large","max-video-preview":"max-video-preview:-1"},"canonical":"https:\/\/dorogimedence.hu\/index.php\/2024\/10\/24\/pro-urbe-esztergom-kitunteteseket-adtak-at\/","og_locale":"hu_HU","og_type":"article","og_title":"Pro Urbe Esztergom kit\u00fcntet\u00e9seket adtak \u00e1t","og_description":"Okt\u00f3ber 23-\u00e1n Esztergomban, a V\u00e1rmegyeh\u00e1za d\u00edszterm\u00e9ben eml\u00e9keztek az 1956-os forradalom \u00e9s szabads\u00e1gharc h\u0151seire. A Himnusz el\u00e9nekl\u00e9se ut\u00e1n \u00fcnnepi besz\u00e9deket hallgathattak meg az \u00e9rdekl\u0151d\u0151k, amit egy m\u0171sor k\u00f6vetett. Az \u00fcnneps\u00e9g keret\u00e9ben \u00e1tadt\u00e1k a \u201ePro Urbe Esztergom\u201d kit\u00fcntet\u00e9seket. Az idei \u00e9vben P\u00e1lmai Andrea, a Bog\u00e1ncs Kutya- \u00e9s Kis\u00e1llatotthon Alap\u00edtv\u00e1ny vezet\u0151je, valamint D\u00e1vid Bal\u00e1zs, az \u00e1rv\u00edzi v\u00e9dekez\u00e9sek sor\u00e1n","og_url":"https:\/\/dorogimedence.hu\/index.php\/2024\/10\/24\/pro-urbe-esztergom-kitunteteseket-adtak-at\/","og_site_name":"Dorogi-medence Region\u00e1lis H\u00edrport\u00e1l","article_publisher":"https:\/\/www.facebook.com\/dorogimedence\/","article_published_time":"2024-10-24T08:25:29+00:00","article_modified_time":"2024-10-25T07:23:59+00:00","og_image":[{"width":2048,"height":1154,"url":"https:\/\/dorogimedence.hu\/wp-content\/uploads\/2024\/10\/464331002_1085985386870533_5477533736644522547_n.jpg","type":"image\/jpeg"}],"author":"dorogimedence.hu","twitter_card":"summary_large_image","twitter_misc":{"Szerz\u0151:":"dorogimedence.hu","Becs\u00fclt olvas\u00e1si id\u0151":"1 perc"},"schema":{"@context":"https:\/\/schema.org","@graph":[{"@type":"Article","@id":"https:\/\/dorogimedence.hu\/index.php\/2024\/10\/24\/pro-urbe-esztergom-kitunteteseket-adtak-at\/#article","isPartOf":{"@id":"https:\/\/dorogimedence.hu\/index.php\/2024\/10\/24\/pro-urbe-esztergom-kitunteteseket-adtak-at\/"},"author":{"name":"dorogimedence.hu","@id":"https:\/\/dorogimedence.hu\/#\/schema\/person\/ce6091eeb7e95ecdc87890d6aa8e0fd4"},"headline":"Pro Urbe Esztergom kit\u00fcntet\u00e9seket adtak \u00e1t","datePublished":"2024-10-24T08:25:29+00:00","dateModified":"2024-10-25T07:23:59+00:00","mainEntityOfPage":{"@id":"https:\/\/dorogimedence.hu\/index.php\/2024\/10\/24\/pro-urbe-esztergom-kitunteteseket-adtak-at\/"},"wordCount":201,"publisher":{"@id":"https:\/\/dorogimedence.hu\/#organization"},"image":{"@id":"https:\/\/dorogimedence.hu\/index.php\/2024\/10\/24\/pro-urbe-esztergom-kitunteteseket-adtak-at\/#primaryimage"},"thumbnailUrl":"https:\/\/dorogimedence.hu\/wp-content\/uploads\/2024\/10\/464331002_1085985386870533_5477533736644522547_n.jpg","keywords":["1956-os forradalom \u00e9s szabads\u00e1gharc","esztergom","featured","megeml\u00e9kez\u00e9s","okt\u00f3ber 23.","Pro Urbe Esztergom"],"articleSection":["Esztergom","H\u00edrek"],"inLanguage":"hu"},{"@type":"WebPage","@id":"https:\/\/dorogimedence.hu\/index.php\/2024\/10\/24\/pro-urbe-esztergom-kitunteteseket-adtak-at\/","url":"https:\/\/dorogimedence.hu\/index.php\/2024\/10\/24\/pro-urbe-esztergom-kitunteteseket-adtak-at\/","name":"Pro Urbe Esztergom kit\u00fcntet\u00e9seket adtak \u00e1t","isPartOf":{"@id":"https:\/\/dorogimedence.hu\/#website"},"primaryImageOfPage":{"@id":"https:\/\/dorogimedence.hu\/index.php\/2024\/10\/24\/pro-urbe-esztergom-kitunteteseket-adtak-at\/#primaryimage"},"image":{"@id":"https:\/\/dorogimedence.hu\/index.php\/2024\/10\/24\/pro-urbe-esztergom-kitunteteseket-adtak-at\/#primaryimage"},"thumbnailUrl":"https:\/\/dorogimedence.hu\/wp-content\/uploads\/2024\/10\/464331002_1085985386870533_5477533736644522547_n.jpg","datePublished":"2024-10-24T08:25:29+00:00","dateModified":"2024-10-25T07:23:59+00:00","breadcrumb":{"@id":"https:\/\/dorogimedence.hu\/index.php\/2024\/10\/24\/pro-urbe-esztergom-kitunteteseket-adtak-at\/#breadcrumb"},"inLanguage":"hu","potentialAction":[{"@type":"ReadAction","target":["https:\/\/dorogimedence.hu\/index.php\/2024\/10\/24\/pro-urbe-esztergom-kitunteteseket-adtak-at\/"]}]},{"@type":"ImageObject","inLanguage":"hu","@id":"https:\/\/dorogimedence.hu\/index.php\/2024\/10\/24\/pro-urbe-esztergom-kitunteteseket-adtak-at\/#primaryimage","url":"https:\/\/dorogimedence.hu\/wp-content\/uploads\/2024\/10\/464331002_1085985386870533_5477533736644522547_n.jpg","contentUrl":"https:\/\/dorogimedence.hu\/wp-content\/uploads\/2024\/10\/464331002_1085985386870533_5477533736644522547_n.jpg","width":2048,"height":1154},{"@type":"BreadcrumbList","@id":"https:\/\/dorogimedence.hu\/index.php\/2024\/10\/24\/pro-urbe-esztergom-kitunteteseket-adtak-at\/#breadcrumb","itemListElement":[{"@type":"ListItem","position":1,"name":"Kezd\u0151lap","item":"https:\/\/dorogimedence.hu\/"},{"@type":"ListItem","position":2,"name":"Pro Urbe Esztergom kit\u00fcntet\u00e9seket adtak \u00e1t"}]},{"@type":"WebSite","@id":"https:\/\/dorogimedence.hu\/#website","url":"https:\/\/dorogimedence.hu\/","name":"Dorogi-medence Region\u00e1lis H\u00edrport\u00e1l","description":"Dorog, Keszt\u00f6lc, Le\u00e1nyv\u00e1r, Piliscs\u00e9v, Tokod, Tokodalt\u00e1r\u00f3, Csolnok, Esztergom-kertv\u00e1ros: h\u00edrek, programok","publisher":{"@id":"https:\/\/dorogimedence.hu\/#organization"},"potentialAction":[{"@type":"SearchAction","target":{"@type":"EntryPoint","urlTemplate":"https:\/\/dorogimedence.hu\/?s={search_term_string}"},"query-input":{"@type":"PropertyValueSpecification","valueRequired":true,"valueName":"search_term_string"}}],"inLanguage":"hu"},{"@type":"Organization","@id":"https:\/\/dorogimedence.hu\/#organization","name":"Dorogi-medence Region\u00e1lis H\u00edrport\u00e1l","url":"https:\/\/dorogimedence.hu\/","logo":{"@type":"ImageObject","inLanguage":"hu","@id":"https:\/\/dorogimedence.hu\/#\/schema\/logo\/image\/","url":"https:\/\/dorogimedence.hu\/wp-content\/uploads\/2021\/04\/logo-feher-600.png","contentUrl":"https:\/\/dorogimedence.hu\/wp-content\/uploads\/2021\/04\/logo-feher-600.png","width":600,"height":100,"caption":"Dorogi-medence Region\u00e1lis H\u00edrport\u00e1l"},"image":{"@id":"https:\/\/dorogimedence.hu\/#\/schema\/logo\/image\/"},"sameAs":["https:\/\/www.facebook.com\/dorogimedence\/"]},{"@type":"Person","@id":"https:\/\/dorogimedence.hu\/#\/schema\/person\/ce6091eeb7e95ecdc87890d6aa8e0fd4","name":"dorogimedence.hu","image":{"@type":"ImageObject","inLanguage":"hu","@id":"\/\/www.gravatar.com\/avatar\/d8d45f8901aadff40a4af72c0b826f1d?s=96&#038;r=g&#038;d=mm","url":"\/\/www.gravatar.com\/avatar\/d8d45f8901aadff40a4af72c0b826f1d?s=96&#038;r=g&#038;d=mm","contentUrl":"\/\/www.gravatar.com\/avatar\/d8d45f8901aadff40a4af72c0b826f1d?s=96&#038;r=g&#038;d=mm","caption":"dorogimedence.hu"}}]}},"_links":{"self":[{"href":"https:\/\/dorogimedence.hu\/index.php\/wp-json\/wp\/v2\/posts\/66183","targetHints":{"allow":["GET"]}}],"collection":[{"href":"https:\/\/dorogimedence.hu\/index.php\/wp-json\/wp\/v2\/posts"}],"about":[{"href":"https:\/\/dorogimedence.hu\/index.php\/wp-json\/wp\/v2\/types\/post"}],"author":[{"embeddable":true,"href":"https:\/\/dorogimedence.hu\/index.php\/wp-json\/wp\/v2\/users\/1"}],"replies":[{"embeddable":true,"href":"https:\/\/dorogimedence.hu\/index.php\/wp-json\/wp\/v2\/comments?post=66183"}],"version-history":[{"count":0,"href":"https:\/\/dorogimedence.hu\/index.php\/wp-json\/wp\/v2\/posts\/66183\/revisions"}],"wp:featuredmedia":[{"embeddable":true,"href":"https:\/\/dorogimedence.hu\/index.php\/wp-json\/wp\/v2\/media\/66184"}],"wp:attachment":[{"href":"https:\/\/dorogimedence.hu\/index.php\/wp-json\/wp\/v2\/media?parent=66183"}],"wp:term":[{"taxonomy":"category","embeddable":true,"href":"https:\/\/dorogimedence.hu\/index.php\/wp-json\/wp\/v2\/categories?post=66183"},{"taxonomy":"post_tag","embeddable":true,"href":"https:\/\/dorogimedence.hu\/index.php\/wp-json\/wp\/v2\/tags?post=66183"}],"curies":[{"name":"wp","href":"https:\/\/api.w.org\/{rel}","templated":true}]}}