{"id":66157,"date":"2024-10-23T12:12:50","date_gmt":"2024-10-23T10:12:50","guid":{"rendered":"https:\/\/dorogimedence.hu\/?p=66157"},"modified":"2024-10-23T12:12:50","modified_gmt":"2024-10-23T10:12:50","slug":"megemlekezest-tartottak-a-dorogi-56-os-emlekkonel-2","status":"publish","type":"post","link":"https:\/\/dorogimedence.hu\/index.php\/2024\/10\/23\/megemlekezest-tartottak-a-dorogi-56-os-emlekkonel-2\/","title":{"rendered":"Megeml\u00e9kez\u00e9st tartottak a dorogi \u201956-os eml\u00e9kk\u0151n\u00e9l"},"content":{"rendered":"<p><strong>Okt\u00f3ber 23-\u00e1n megeml\u00e9kez\u00e9st tartottak az 1956-os forradalom \u00e9s szabads\u00e1gharc 68. \u00e9vfordul\u00f3ja alkalm\u00e1b\u00f3l Dorogon, a H\u0151s\u00f6k ter\u00e9n tal\u00e1lhat\u00f3 \u201956-os eml\u00e9kk\u0151n\u00e9l.<\/strong><\/p>\n<p>A Himnusz el\u00e9nekl\u00e9se ut\u00e1n a dorogi Pet\u0151fi S\u00e1ndor \u00c1ltal\u00e1nos Iskola sz\u00ednj\u00e1tsz\u00f3 k\u00f6r\u00e9nek \u201ePusk\u00e1k \u00e9s Pusk\u00e1s\u00e9k\u201d c\u00edm\u0171 m\u0171sor\u00e1t tekinthett\u00e9k meg a r\u00e9sztvev\u0151k. A di\u00e1kokat Bog\u00e1r-B\u00f3di Bernadett k\u00e9sz\u00edtette fel.<\/p>\n<p><img fetchpriority=\"high\" decoding=\"async\" class=\"alignnone size-full wp-image-66159\" src=\"https:\/\/dorogimedence.hu\/wp-content\/uploads\/2024\/10\/IMG_0126.jpg\" alt=\"\" width=\"1920\" height=\"1280\" srcset=\"https:\/\/dorogimedence.hu\/wp-content\/uploads\/2024\/10\/IMG_0126.jpg 1920w, https:\/\/dorogimedence.hu\/wp-content\/uploads\/2024\/10\/IMG_0126-600x400.jpg 600w, https:\/\/dorogimedence.hu\/wp-content\/uploads\/2024\/10\/IMG_0126-768x512.jpg 768w, https:\/\/dorogimedence.hu\/wp-content\/uploads\/2024\/10\/IMG_0126-1536x1024.jpg 1536w, https:\/\/dorogimedence.hu\/wp-content\/uploads\/2024\/10\/IMG_0126-150x100.jpg 150w, https:\/\/dorogimedence.hu\/wp-content\/uploads\/2024\/10\/IMG_0126-450x300.jpg 450w, https:\/\/dorogimedence.hu\/wp-content\/uploads\/2024\/10\/IMG_0126-1200x800.jpg 1200w, https:\/\/dorogimedence.hu\/wp-content\/uploads\/2024\/10\/IMG_0126-272x182.jpg 272w\" sizes=\"(max-width: 1920px) 100vw, 1920px\" \/><\/p>\n<p>A m\u0171sor ut\u00e1n az eml\u00e9kk\u0151n\u00e9l koszor\u00fat helyezett el Er\u0151s G\u00e1bor, a t\u00e9rs\u00e9g orsz\u00e1ggy\u0171l\u00e9si k\u00e9pvisel\u0151je, dr. Szerencs\u00e9s Gergely Istv\u00e1n, a Kom\u00e1rom-Esztergom v\u00e1rmegyei k\u00f6zgy\u0171l\u00e9s aleln\u00f6ke, Dorog V\u00e1ros \u00d6nkorm\u00e1nyzat\u00e1nak nev\u00e9ben dr. Tittmann J\u00e1nos polg\u00e1rmester, J\u00e1szber\u00e9nyi K\u00e1roly \u00e9s Nagy Attila alpolg\u00e1rmesterek, Dorog V\u00e1ros N\u00e9met, Roma, Szlov\u00e1k Nemzetis\u00e9gi \u00d6nkorm\u00e1nyzatok, Dorog V\u00e1ros int\u00e9zm\u00e9nyei, dr. Bolehradsky Szilveszter rend\u0151r ezredes, a Dorog Rend\u0151rkapit\u00e1nys\u00e1g vezet\u0151je, Dorog V\u00e1ros Bar\u00e1tainak Egyes\u00fclete, Dorogi Ipartest\u00fclet, Dorogi Nyugd\u00edjas Egyes\u00fclet, V\u00e1rosi Nyugd\u00edjas Egyes\u00fclet, Demokratikus Koal\u00edci\u00f3 dorogi szervezete, MSZP dorogi szervezete, Mi Haz\u00e1nk Mozgalom dorogi szervezete, Baumit Kft., Richter Gedeon Nyrt. Dorogi Fi\u00f3ktelepe, Veolia Energia Magyarorsz\u00e1g Zrt.<\/p>\n<p>A koszor\u00faz\u00e1s ut\u00e1n a megel\u00e9kez\u00e9s z\u00e1r\u00e1sak\u00e9nt a r\u00e9sztvev\u0151k k\u00f6z\u00f6sen el\u00e9nekelt\u00e9k a Sz\u00f3zatot.<\/p>\n<p><img decoding=\"async\" class=\"alignnone size-full wp-image-66160\" src=\"https:\/\/dorogimedence.hu\/wp-content\/uploads\/2024\/10\/IMG_0107.jpg\" alt=\"\" width=\"1920\" height=\"1280\" srcset=\"https:\/\/dorogimedence.hu\/wp-content\/uploads\/2024\/10\/IMG_0107.jpg 1920w, https:\/\/dorogimedence.hu\/wp-content\/uploads\/2024\/10\/IMG_0107-600x400.jpg 600w, https:\/\/dorogimedence.hu\/wp-content\/uploads\/2024\/10\/IMG_0107-768x512.jpg 768w, https:\/\/dorogimedence.hu\/wp-content\/uploads\/2024\/10\/IMG_0107-1536x1024.jpg 1536w, https:\/\/dorogimedence.hu\/wp-content\/uploads\/2024\/10\/IMG_0107-150x100.jpg 150w, https:\/\/dorogimedence.hu\/wp-content\/uploads\/2024\/10\/IMG_0107-450x300.jpg 450w, https:\/\/dorogimedence.hu\/wp-content\/uploads\/2024\/10\/IMG_0107-1200x800.jpg 1200w, https:\/\/dorogimedence.hu\/wp-content\/uploads\/2024\/10\/IMG_0107-272x182.jpg 272w\" sizes=\"(max-width: 1920px) 100vw, 1920px\" \/> <img decoding=\"async\" class=\"alignnone size-full wp-image-66161\" src=\"https:\/\/dorogimedence.hu\/wp-content\/uploads\/2024\/10\/IMG_0108.jpg\" alt=\"\" width=\"1920\" height=\"1280\" srcset=\"https:\/\/dorogimedence.hu\/wp-content\/uploads\/2024\/10\/IMG_0108.jpg 1920w, https:\/\/dorogimedence.hu\/wp-content\/uploads\/2024\/10\/IMG_0108-600x400.jpg 600w, https:\/\/dorogimedence.hu\/wp-content\/uploads\/2024\/10\/IMG_0108-768x512.jpg 768w, https:\/\/dorogimedence.hu\/wp-content\/uploads\/2024\/10\/IMG_0108-1536x1024.jpg 1536w, https:\/\/dorogimedence.hu\/wp-content\/uploads\/2024\/10\/IMG_0108-150x100.jpg 150w, https:\/\/dorogimedence.hu\/wp-content\/uploads\/2024\/10\/IMG_0108-450x300.jpg 450w, https:\/\/dorogimedence.hu\/wp-content\/uploads\/2024\/10\/IMG_0108-1200x800.jpg 1200w, https:\/\/dorogimedence.hu\/wp-content\/uploads\/2024\/10\/IMG_0108-272x182.jpg 272w\" sizes=\"(max-width: 1920px) 100vw, 1920px\" \/> <img loading=\"lazy\" decoding=\"async\" class=\"alignnone size-full wp-image-66162\" src=\"https:\/\/dorogimedence.hu\/wp-content\/uploads\/2024\/10\/IMG_0120.jpg\" alt=\"\" width=\"1920\" height=\"1280\" srcset=\"https:\/\/dorogimedence.hu\/wp-content\/uploads\/2024\/10\/IMG_0120.jpg 1920w, https:\/\/dorogimedence.hu\/wp-content\/uploads\/2024\/10\/IMG_0120-600x400.jpg 600w, https:\/\/dorogimedence.hu\/wp-content\/uploads\/2024\/10\/IMG_0120-768x512.jpg 768w, https:\/\/dorogimedence.hu\/wp-content\/uploads\/2024\/10\/IMG_0120-1536x1024.jpg 1536w, https:\/\/dorogimedence.hu\/wp-content\/uploads\/2024\/10\/IMG_0120-150x100.jpg 150w, https:\/\/dorogimedence.hu\/wp-content\/uploads\/2024\/10\/IMG_0120-450x300.jpg 450w, https:\/\/dorogimedence.hu\/wp-content\/uploads\/2024\/10\/IMG_0120-1200x800.jpg 1200w, https:\/\/dorogimedence.hu\/wp-content\/uploads\/2024\/10\/IMG_0120-272x182.jpg 272w\" sizes=\"(max-width: 1920px) 100vw, 1920px\" \/> <img loading=\"lazy\" decoding=\"async\" class=\"alignnone size-full wp-image-66163\" src=\"https:\/\/dorogimedence.hu\/wp-content\/uploads\/2024\/10\/IMG_0130.jpg\" alt=\"\" width=\"1920\" height=\"1280\" srcset=\"https:\/\/dorogimedence.hu\/wp-content\/uploads\/2024\/10\/IMG_0130.jpg 1920w, https:\/\/dorogimedence.hu\/wp-content\/uploads\/2024\/10\/IMG_0130-600x400.jpg 600w, https:\/\/dorogimedence.hu\/wp-content\/uploads\/2024\/10\/IMG_0130-768x512.jpg 768w, https:\/\/dorogimedence.hu\/wp-content\/uploads\/2024\/10\/IMG_0130-1536x1024.jpg 1536w, https:\/\/dorogimedence.hu\/wp-content\/uploads\/2024\/10\/IMG_0130-150x100.jpg 150w, https:\/\/dorogimedence.hu\/wp-content\/uploads\/2024\/10\/IMG_0130-450x300.jpg 450w, https:\/\/dorogimedence.hu\/wp-content\/uploads\/2024\/10\/IMG_0130-1200x800.jpg 1200w, https:\/\/dorogimedence.hu\/wp-content\/uploads\/2024\/10\/IMG_0130-272x182.jpg 272w\" sizes=\"(max-width: 1920px) 100vw, 1920px\" \/> <img loading=\"lazy\" decoding=\"async\" class=\"alignnone size-full wp-image-66164\" src=\"https:\/\/dorogimedence.hu\/wp-content\/uploads\/2024\/10\/IMG_0144.jpg\" alt=\"\" width=\"1920\" height=\"1280\" srcset=\"https:\/\/dorogimedence.hu\/wp-content\/uploads\/2024\/10\/IMG_0144.jpg 1920w, https:\/\/dorogimedence.hu\/wp-content\/uploads\/2024\/10\/IMG_0144-600x400.jpg 600w, https:\/\/dorogimedence.hu\/wp-content\/uploads\/2024\/10\/IMG_0144-768x512.jpg 768w, https:\/\/dorogimedence.hu\/wp-content\/uploads\/2024\/10\/IMG_0144-1536x1024.jpg 1536w, https:\/\/dorogimedence.hu\/wp-content\/uploads\/2024\/10\/IMG_0144-150x100.jpg 150w, https:\/\/dorogimedence.hu\/wp-content\/uploads\/2024\/10\/IMG_0144-450x300.jpg 450w, https:\/\/dorogimedence.hu\/wp-content\/uploads\/2024\/10\/IMG_0144-1200x800.jpg 1200w, https:\/\/dorogimedence.hu\/wp-content\/uploads\/2024\/10\/IMG_0144-272x182.jpg 272w\" sizes=\"(max-width: 1920px) 100vw, 1920px\" \/> <img loading=\"lazy\" decoding=\"async\" class=\"alignnone size-full wp-image-66165\" src=\"https:\/\/dorogimedence.hu\/wp-content\/uploads\/2024\/10\/IMG_0145.jpg\" alt=\"\" width=\"1920\" height=\"1280\" srcset=\"https:\/\/dorogimedence.hu\/wp-content\/uploads\/2024\/10\/IMG_0145.jpg 1920w, https:\/\/dorogimedence.hu\/wp-content\/uploads\/2024\/10\/IMG_0145-600x400.jpg 600w, https:\/\/dorogimedence.hu\/wp-content\/uploads\/2024\/10\/IMG_0145-768x512.jpg 768w, https:\/\/dorogimedence.hu\/wp-content\/uploads\/2024\/10\/IMG_0145-1536x1024.jpg 1536w, https:\/\/dorogimedence.hu\/wp-content\/uploads\/2024\/10\/IMG_0145-150x100.jpg 150w, https:\/\/dorogimedence.hu\/wp-content\/uploads\/2024\/10\/IMG_0145-450x300.jpg 450w, https:\/\/dorogimedence.hu\/wp-content\/uploads\/2024\/10\/IMG_0145-1200x800.jpg 1200w, https:\/\/dorogimedence.hu\/wp-content\/uploads\/2024\/10\/IMG_0145-272x182.jpg 272w\" sizes=\"(max-width: 1920px) 100vw, 1920px\" \/> <img loading=\"lazy\" decoding=\"async\" class=\"alignnone size-full wp-image-66166\" src=\"https:\/\/dorogimedence.hu\/wp-content\/uploads\/2024\/10\/IMG_0147.jpg\" alt=\"\" width=\"1920\" height=\"1280\" srcset=\"https:\/\/dorogimedence.hu\/wp-content\/uploads\/2024\/10\/IMG_0147.jpg 1920w, https:\/\/dorogimedence.hu\/wp-content\/uploads\/2024\/10\/IMG_0147-600x400.jpg 600w, https:\/\/dorogimedence.hu\/wp-content\/uploads\/2024\/10\/IMG_0147-768x512.jpg 768w, https:\/\/dorogimedence.hu\/wp-content\/uploads\/2024\/10\/IMG_0147-1536x1024.jpg 1536w, https:\/\/dorogimedence.hu\/wp-content\/uploads\/2024\/10\/IMG_0147-150x100.jpg 150w, https:\/\/dorogimedence.hu\/wp-content\/uploads\/2024\/10\/IMG_0147-450x300.jpg 450w, https:\/\/dorogimedence.hu\/wp-content\/uploads\/2024\/10\/IMG_0147-1200x800.jpg 1200w, https:\/\/dorogimedence.hu\/wp-content\/uploads\/2024\/10\/IMG_0147-272x182.jpg 272w\" sizes=\"(max-width: 1920px) 100vw, 1920px\" \/> <img loading=\"lazy\" decoding=\"async\" class=\"alignnone size-full wp-image-66167\" src=\"https:\/\/dorogimedence.hu\/wp-content\/uploads\/2024\/10\/IMG_0151.jpg\" alt=\"\" width=\"1920\" height=\"1280\" srcset=\"https:\/\/dorogimedence.hu\/wp-content\/uploads\/2024\/10\/IMG_0151.jpg 1920w, https:\/\/dorogimedence.hu\/wp-content\/uploads\/2024\/10\/IMG_0151-600x400.jpg 600w, https:\/\/dorogimedence.hu\/wp-content\/uploads\/2024\/10\/IMG_0151-768x512.jpg 768w, https:\/\/dorogimedence.hu\/wp-content\/uploads\/2024\/10\/IMG_0151-1536x1024.jpg 1536w, https:\/\/dorogimedence.hu\/wp-content\/uploads\/2024\/10\/IMG_0151-150x100.jpg 150w, https:\/\/dorogimedence.hu\/wp-content\/uploads\/2024\/10\/IMG_0151-450x300.jpg 450w, https:\/\/dorogimedence.hu\/wp-content\/uploads\/2024\/10\/IMG_0151-1200x800.jpg 1200w, https:\/\/dorogimedence.hu\/wp-content\/uploads\/2024\/10\/IMG_0151-272x182.jpg 272w\" sizes=\"(max-width: 1920px) 100vw, 1920px\" \/> <img loading=\"lazy\" decoding=\"async\" class=\"alignnone size-full wp-image-66168\" src=\"https:\/\/dorogimedence.hu\/wp-content\/uploads\/2024\/10\/IMG_0164.jpg\" alt=\"\" width=\"1920\" height=\"1280\" srcset=\"https:\/\/dorogimedence.hu\/wp-content\/uploads\/2024\/10\/IMG_0164.jpg 1920w, https:\/\/dorogimedence.hu\/wp-content\/uploads\/2024\/10\/IMG_0164-600x400.jpg 600w, https:\/\/dorogimedence.hu\/wp-content\/uploads\/2024\/10\/IMG_0164-768x512.jpg 768w, https:\/\/dorogimedence.hu\/wp-content\/uploads\/2024\/10\/IMG_0164-1536x1024.jpg 1536w, https:\/\/dorogimedence.hu\/wp-content\/uploads\/2024\/10\/IMG_0164-150x100.jpg 150w, https:\/\/dorogimedence.hu\/wp-content\/uploads\/2024\/10\/IMG_0164-450x300.jpg 450w, https:\/\/dorogimedence.hu\/wp-content\/uploads\/2024\/10\/IMG_0164-1200x800.jpg 1200w, https:\/\/dorogimedence.hu\/wp-content\/uploads\/2024\/10\/IMG_0164-272x182.jpg 272w\" sizes=\"(max-width: 1920px) 100vw, 1920px\" \/><\/p>\n<p><img loading=\"lazy\" decoding=\"async\" class=\"alignnone size-full wp-image-66170\" src=\"https:\/\/dorogimedence.hu\/wp-content\/uploads\/2024\/10\/IMG_0166-1.jpg\" alt=\"\" width=\"1920\" height=\"1280\" srcset=\"https:\/\/dorogimedence.hu\/wp-content\/uploads\/2024\/10\/IMG_0166-1.jpg 1920w, https:\/\/dorogimedence.hu\/wp-content\/uploads\/2024\/10\/IMG_0166-1-600x400.jpg 600w, https:\/\/dorogimedence.hu\/wp-content\/uploads\/2024\/10\/IMG_0166-1-768x512.jpg 768w, https:\/\/dorogimedence.hu\/wp-content\/uploads\/2024\/10\/IMG_0166-1-1536x1024.jpg 1536w, https:\/\/dorogimedence.hu\/wp-content\/uploads\/2024\/10\/IMG_0166-1-150x100.jpg 150w, https:\/\/dorogimedence.hu\/wp-content\/uploads\/2024\/10\/IMG_0166-1-450x300.jpg 450w, https:\/\/dorogimedence.hu\/wp-content\/uploads\/2024\/10\/IMG_0166-1-1200x800.jpg 1200w, https:\/\/dorogimedence.hu\/wp-content\/uploads\/2024\/10\/IMG_0166-1-272x182.jpg 272w\" sizes=\"(max-width: 1920px) 100vw, 1920px\" \/><\/p>\n","protected":false},"excerpt":{"rendered":"<p>Okt\u00f3ber 23-\u00e1n megeml\u00e9kez\u00e9st tartottak az 1956-os forradalom \u00e9s szabads\u00e1gharc 68. \u00e9vfordul\u00f3ja alkalm\u00e1b\u00f3l Dorogon, a H\u0151s\u00f6k ter\u00e9n tal\u00e1lhat\u00f3 \u201956-os eml\u00e9kk\u0151n\u00e9l. A Himnusz el\u00e9nekl\u00e9se ut\u00e1n a dorogi Pet\u0151fi S\u00e1ndor \u00c1ltal\u00e1nos Iskola sz\u00ednj\u00e1tsz\u00f3 k\u00f6r\u00e9nek \u201ePusk\u00e1k \u00e9s Pusk\u00e1s\u00e9k\u201d c\u00edm\u0171 m\u0171sor\u00e1t tekinthett\u00e9k meg a r\u00e9sztvev\u0151k. A di\u00e1kokat Bog\u00e1r-B\u00f3di Bernadett k\u00e9sz\u00edtette fel. A m\u0171sor ut\u00e1n az eml\u00e9kk\u0151n\u00e9l koszor\u00fat helyezett el Er\u0151s<\/p>\n","protected":false},"author":1,"featured_media":66158,"comment_status":"closed","ping_status":"closed","sticky":false,"template":"","format":"standard","meta":{"ngg_post_thumbnail":0,"footnotes":""},"categories":[2,3],"tags":[6052,15,5624,192],"class_list":{"0":"post-66157","1":"post","2":"type-post","3":"status-publish","4":"format-standard","5":"has-post-thumbnail","7":"category-dorog","8":"category-hirek","9":"tag-1956-os-forradalom-es-szabadsagharc","10":"tag-dorog","11":"tag-featured","12":"tag-megemlekezes"},"yoast_head":"<!-- This site is optimized with the Yoast SEO plugin v27.4 - https:\/\/yoast.com\/product\/yoast-seo-wordpress\/ -->\n<title>Megeml\u00e9kez\u00e9st tartottak a dorogi \u201956-os eml\u00e9kk\u0151n\u00e9l<\/title>\n<meta name=\"robots\" content=\"index, follow, max-snippet:-1, max-image-preview:large, max-video-preview:-1\" \/>\n<link rel=\"canonical\" href=\"https:\/\/dorogimedence.hu\/index.php\/2024\/10\/23\/megemlekezest-tartottak-a-dorogi-56-os-emlekkonel-2\/\" class=\"yoast-seo-meta-tag\" \/>\n<meta property=\"og:locale\" content=\"hu_HU\" class=\"yoast-seo-meta-tag\" \/>\n<meta property=\"og:type\" content=\"article\" class=\"yoast-seo-meta-tag\" \/>\n<meta property=\"og:title\" content=\"Megeml\u00e9kez\u00e9st tartottak a dorogi \u201956-os eml\u00e9kk\u0151n\u00e9l\" class=\"yoast-seo-meta-tag\" \/>\n<meta property=\"og:description\" content=\"Okt\u00f3ber 23-\u00e1n megeml\u00e9kez\u00e9st tartottak az 1956-os forradalom \u00e9s szabads\u00e1gharc 68. \u00e9vfordul\u00f3ja alkalm\u00e1b\u00f3l Dorogon, a H\u0151s\u00f6k ter\u00e9n tal\u00e1lhat\u00f3 \u201956-os eml\u00e9kk\u0151n\u00e9l. A Himnusz el\u00e9nekl\u00e9se ut\u00e1n a dorogi Pet\u0151fi S\u00e1ndor \u00c1ltal\u00e1nos Iskola sz\u00ednj\u00e1tsz\u00f3 k\u00f6r\u00e9nek \u201ePusk\u00e1k \u00e9s Pusk\u00e1s\u00e9k\u201d c\u00edm\u0171 m\u0171sor\u00e1t tekinthett\u00e9k meg a r\u00e9sztvev\u0151k. A di\u00e1kokat Bog\u00e1r-B\u00f3di Bernadett k\u00e9sz\u00edtette fel. A m\u0171sor ut\u00e1n az eml\u00e9kk\u0151n\u00e9l koszor\u00fat helyezett el Er\u0151s\" class=\"yoast-seo-meta-tag\" \/>\n<meta property=\"og:url\" content=\"https:\/\/dorogimedence.hu\/index.php\/2024\/10\/23\/megemlekezest-tartottak-a-dorogi-56-os-emlekkonel-2\/\" class=\"yoast-seo-meta-tag\" \/>\n<meta property=\"og:site_name\" content=\"Dorogi-medence Region\u00e1lis H\u00edrport\u00e1l\" class=\"yoast-seo-meta-tag\" \/>\n<meta property=\"article:publisher\" content=\"https:\/\/www.facebook.com\/dorogimedence\/\" class=\"yoast-seo-meta-tag\" \/>\n<meta property=\"article:published_time\" content=\"2024-10-23T10:12:50+00:00\" class=\"yoast-seo-meta-tag\" \/>\n<meta property=\"og:image\" content=\"https:\/\/dorogimedence.hu\/wp-content\/uploads\/2024\/10\/IMG_0169.jpg\" class=\"yoast-seo-meta-tag\" \/>\n\t<meta property=\"og:image:width\" content=\"1920\" class=\"yoast-seo-meta-tag\" \/>\n\t<meta property=\"og:image:height\" content=\"1280\" class=\"yoast-seo-meta-tag\" \/>\n\t<meta property=\"og:image:type\" content=\"image\/jpeg\" class=\"yoast-seo-meta-tag\" \/>\n<meta name=\"author\" content=\"dorogimedence.hu\" class=\"yoast-seo-meta-tag\" \/>\n<meta name=\"twitter:card\" content=\"summary_large_image\" class=\"yoast-seo-meta-tag\" \/>\n<meta name=\"twitter:label1\" content=\"Szerz\u0151:\" class=\"yoast-seo-meta-tag\" \/>\n\t<meta name=\"twitter:data1\" content=\"dorogimedence.hu\" class=\"yoast-seo-meta-tag\" \/>\n\t<meta name=\"twitter:label2\" content=\"Becs\u00fclt olvas\u00e1si id\u0151\" class=\"yoast-seo-meta-tag\" \/>\n\t<meta name=\"twitter:data2\" content=\"1 perc\" class=\"yoast-seo-meta-tag\" \/>\n<script type=\"application\/ld+json\" class=\"yoast-schema-graph\">{\"@context\":\"https:\\\/\\\/schema.org\",\"@graph\":[{\"@type\":\"Article\",\"@id\":\"https:\\\/\\\/dorogimedence.hu\\\/index.php\\\/2024\\\/10\\\/23\\\/megemlekezest-tartottak-a-dorogi-56-os-emlekkonel-2\\\/#article\",\"isPartOf\":{\"@id\":\"https:\\\/\\\/dorogimedence.hu\\\/index.php\\\/2024\\\/10\\\/23\\\/megemlekezest-tartottak-a-dorogi-56-os-emlekkonel-2\\\/\"},\"author\":{\"name\":\"dorogimedence.hu\",\"@id\":\"https:\\\/\\\/dorogimedence.hu\\\/#\\\/schema\\\/person\\\/ce6091eeb7e95ecdc87890d6aa8e0fd4\"},\"headline\":\"Megeml\u00e9kez\u00e9st tartottak a dorogi \u201956-os eml\u00e9kk\u0151n\u00e9l\",\"datePublished\":\"2024-10-23T10:12:50+00:00\",\"mainEntityOfPage\":{\"@id\":\"https:\\\/\\\/dorogimedence.hu\\\/index.php\\\/2024\\\/10\\\/23\\\/megemlekezest-tartottak-a-dorogi-56-os-emlekkonel-2\\\/\"},\"wordCount\":272,\"publisher\":{\"@id\":\"https:\\\/\\\/dorogimedence.hu\\\/#organization\"},\"image\":{\"@id\":\"https:\\\/\\\/dorogimedence.hu\\\/index.php\\\/2024\\\/10\\\/23\\\/megemlekezest-tartottak-a-dorogi-56-os-emlekkonel-2\\\/#primaryimage\"},\"thumbnailUrl\":\"https:\\\/\\\/dorogimedence.hu\\\/wp-content\\\/uploads\\\/2024\\\/10\\\/IMG_0169.jpg\",\"keywords\":[\"1956-os forradalom \u00e9s szabads\u00e1gharc\",\"Dorog\",\"featured\",\"megeml\u00e9kez\u00e9s\"],\"articleSection\":[\"Dorog\",\"H\u00edrek\"],\"inLanguage\":\"hu\"},{\"@type\":\"WebPage\",\"@id\":\"https:\\\/\\\/dorogimedence.hu\\\/index.php\\\/2024\\\/10\\\/23\\\/megemlekezest-tartottak-a-dorogi-56-os-emlekkonel-2\\\/\",\"url\":\"https:\\\/\\\/dorogimedence.hu\\\/index.php\\\/2024\\\/10\\\/23\\\/megemlekezest-tartottak-a-dorogi-56-os-emlekkonel-2\\\/\",\"name\":\"Megeml\u00e9kez\u00e9st tartottak a dorogi \u201956-os eml\u00e9kk\u0151n\u00e9l\",\"isPartOf\":{\"@id\":\"https:\\\/\\\/dorogimedence.hu\\\/#website\"},\"primaryImageOfPage\":{\"@id\":\"https:\\\/\\\/dorogimedence.hu\\\/index.php\\\/2024\\\/10\\\/23\\\/megemlekezest-tartottak-a-dorogi-56-os-emlekkonel-2\\\/#primaryimage\"},\"image\":{\"@id\":\"https:\\\/\\\/dorogimedence.hu\\\/index.php\\\/2024\\\/10\\\/23\\\/megemlekezest-tartottak-a-dorogi-56-os-emlekkonel-2\\\/#primaryimage\"},\"thumbnailUrl\":\"https:\\\/\\\/dorogimedence.hu\\\/wp-content\\\/uploads\\\/2024\\\/10\\\/IMG_0169.jpg\",\"datePublished\":\"2024-10-23T10:12:50+00:00\",\"breadcrumb\":{\"@id\":\"https:\\\/\\\/dorogimedence.hu\\\/index.php\\\/2024\\\/10\\\/23\\\/megemlekezest-tartottak-a-dorogi-56-os-emlekkonel-2\\\/#breadcrumb\"},\"inLanguage\":\"hu\",\"potentialAction\":[{\"@type\":\"ReadAction\",\"target\":[\"https:\\\/\\\/dorogimedence.hu\\\/index.php\\\/2024\\\/10\\\/23\\\/megemlekezest-tartottak-a-dorogi-56-os-emlekkonel-2\\\/\"]}]},{\"@type\":\"ImageObject\",\"inLanguage\":\"hu\",\"@id\":\"https:\\\/\\\/dorogimedence.hu\\\/index.php\\\/2024\\\/10\\\/23\\\/megemlekezest-tartottak-a-dorogi-56-os-emlekkonel-2\\\/#primaryimage\",\"url\":\"https:\\\/\\\/dorogimedence.hu\\\/wp-content\\\/uploads\\\/2024\\\/10\\\/IMG_0169.jpg\",\"contentUrl\":\"https:\\\/\\\/dorogimedence.hu\\\/wp-content\\\/uploads\\\/2024\\\/10\\\/IMG_0169.jpg\",\"width\":1920,\"height\":1280},{\"@type\":\"BreadcrumbList\",\"@id\":\"https:\\\/\\\/dorogimedence.hu\\\/index.php\\\/2024\\\/10\\\/23\\\/megemlekezest-tartottak-a-dorogi-56-os-emlekkonel-2\\\/#breadcrumb\",\"itemListElement\":[{\"@type\":\"ListItem\",\"position\":1,\"name\":\"Kezd\u0151lap\",\"item\":\"https:\\\/\\\/dorogimedence.hu\\\/\"},{\"@type\":\"ListItem\",\"position\":2,\"name\":\"Megeml\u00e9kez\u00e9st tartottak a dorogi \u201956-os eml\u00e9kk\u0151n\u00e9l\"}]},{\"@type\":\"WebSite\",\"@id\":\"https:\\\/\\\/dorogimedence.hu\\\/#website\",\"url\":\"https:\\\/\\\/dorogimedence.hu\\\/\",\"name\":\"Dorogi-medence Region\u00e1lis H\u00edrport\u00e1l\",\"description\":\"Dorog, Keszt\u00f6lc, Le\u00e1nyv\u00e1r, Piliscs\u00e9v, Tokod, Tokodalt\u00e1r\u00f3, Csolnok, Esztergom-kertv\u00e1ros: h\u00edrek, programok\",\"publisher\":{\"@id\":\"https:\\\/\\\/dorogimedence.hu\\\/#organization\"},\"potentialAction\":[{\"@type\":\"SearchAction\",\"target\":{\"@type\":\"EntryPoint\",\"urlTemplate\":\"https:\\\/\\\/dorogimedence.hu\\\/?s={search_term_string}\"},\"query-input\":{\"@type\":\"PropertyValueSpecification\",\"valueRequired\":true,\"valueName\":\"search_term_string\"}}],\"inLanguage\":\"hu\"},{\"@type\":\"Organization\",\"@id\":\"https:\\\/\\\/dorogimedence.hu\\\/#organization\",\"name\":\"Dorogi-medence Region\u00e1lis H\u00edrport\u00e1l\",\"url\":\"https:\\\/\\\/dorogimedence.hu\\\/\",\"logo\":{\"@type\":\"ImageObject\",\"inLanguage\":\"hu\",\"@id\":\"https:\\\/\\\/dorogimedence.hu\\\/#\\\/schema\\\/logo\\\/image\\\/\",\"url\":\"https:\\\/\\\/dorogimedence.hu\\\/wp-content\\\/uploads\\\/2021\\\/04\\\/logo-feher-600.png\",\"contentUrl\":\"https:\\\/\\\/dorogimedence.hu\\\/wp-content\\\/uploads\\\/2021\\\/04\\\/logo-feher-600.png\",\"width\":600,\"height\":100,\"caption\":\"Dorogi-medence Region\u00e1lis H\u00edrport\u00e1l\"},\"image\":{\"@id\":\"https:\\\/\\\/dorogimedence.hu\\\/#\\\/schema\\\/logo\\\/image\\\/\"},\"sameAs\":[\"https:\\\/\\\/www.facebook.com\\\/dorogimedence\\\/\"]},{\"@type\":\"Person\",\"@id\":\"https:\\\/\\\/dorogimedence.hu\\\/#\\\/schema\\\/person\\\/ce6091eeb7e95ecdc87890d6aa8e0fd4\",\"name\":\"dorogimedence.hu\",\"image\":{\"@type\":\"ImageObject\",\"inLanguage\":\"hu\",\"@id\":\"\\\/\\\/www.gravatar.com\\\/avatar\\\/d8d45f8901aadff40a4af72c0b826f1d?s=96&#038;r=g&#038;d=mm\",\"url\":\"\\\/\\\/www.gravatar.com\\\/avatar\\\/d8d45f8901aadff40a4af72c0b826f1d?s=96&#038;r=g&#038;d=mm\",\"contentUrl\":\"\\\/\\\/www.gravatar.com\\\/avatar\\\/d8d45f8901aadff40a4af72c0b826f1d?s=96&#038;r=g&#038;d=mm\",\"caption\":\"dorogimedence.hu\"}}]}<\/script>\n<!-- \/ Yoast SEO plugin. -->","yoast_head_json":{"title":"Megeml\u00e9kez\u00e9st tartottak a dorogi \u201956-os eml\u00e9kk\u0151n\u00e9l","robots":{"index":"index","follow":"follow","max-snippet":"max-snippet:-1","max-image-preview":"max-image-preview:large","max-video-preview":"max-video-preview:-1"},"canonical":"https:\/\/dorogimedence.hu\/index.php\/2024\/10\/23\/megemlekezest-tartottak-a-dorogi-56-os-emlekkonel-2\/","og_locale":"hu_HU","og_type":"article","og_title":"Megeml\u00e9kez\u00e9st tartottak a dorogi \u201956-os eml\u00e9kk\u0151n\u00e9l","og_description":"Okt\u00f3ber 23-\u00e1n megeml\u00e9kez\u00e9st tartottak az 1956-os forradalom \u00e9s szabads\u00e1gharc 68. \u00e9vfordul\u00f3ja alkalm\u00e1b\u00f3l Dorogon, a H\u0151s\u00f6k ter\u00e9n tal\u00e1lhat\u00f3 \u201956-os eml\u00e9kk\u0151n\u00e9l. A Himnusz el\u00e9nekl\u00e9se ut\u00e1n a dorogi Pet\u0151fi S\u00e1ndor \u00c1ltal\u00e1nos Iskola sz\u00ednj\u00e1tsz\u00f3 k\u00f6r\u00e9nek \u201ePusk\u00e1k \u00e9s Pusk\u00e1s\u00e9k\u201d c\u00edm\u0171 m\u0171sor\u00e1t tekinthett\u00e9k meg a r\u00e9sztvev\u0151k. A di\u00e1kokat Bog\u00e1r-B\u00f3di Bernadett k\u00e9sz\u00edtette fel. A m\u0171sor ut\u00e1n az eml\u00e9kk\u0151n\u00e9l koszor\u00fat helyezett el Er\u0151s","og_url":"https:\/\/dorogimedence.hu\/index.php\/2024\/10\/23\/megemlekezest-tartottak-a-dorogi-56-os-emlekkonel-2\/","og_site_name":"Dorogi-medence Region\u00e1lis H\u00edrport\u00e1l","article_publisher":"https:\/\/www.facebook.com\/dorogimedence\/","article_published_time":"2024-10-23T10:12:50+00:00","og_image":[{"width":1920,"height":1280,"url":"https:\/\/dorogimedence.hu\/wp-content\/uploads\/2024\/10\/IMG_0169.jpg","type":"image\/jpeg"}],"author":"dorogimedence.hu","twitter_card":"summary_large_image","twitter_misc":{"Szerz\u0151:":"dorogimedence.hu","Becs\u00fclt olvas\u00e1si id\u0151":"1 perc"},"schema":{"@context":"https:\/\/schema.org","@graph":[{"@type":"Article","@id":"https:\/\/dorogimedence.hu\/index.php\/2024\/10\/23\/megemlekezest-tartottak-a-dorogi-56-os-emlekkonel-2\/#article","isPartOf":{"@id":"https:\/\/dorogimedence.hu\/index.php\/2024\/10\/23\/megemlekezest-tartottak-a-dorogi-56-os-emlekkonel-2\/"},"author":{"name":"dorogimedence.hu","@id":"https:\/\/dorogimedence.hu\/#\/schema\/person\/ce6091eeb7e95ecdc87890d6aa8e0fd4"},"headline":"Megeml\u00e9kez\u00e9st tartottak a dorogi \u201956-os eml\u00e9kk\u0151n\u00e9l","datePublished":"2024-10-23T10:12:50+00:00","mainEntityOfPage":{"@id":"https:\/\/dorogimedence.hu\/index.php\/2024\/10\/23\/megemlekezest-tartottak-a-dorogi-56-os-emlekkonel-2\/"},"wordCount":272,"publisher":{"@id":"https:\/\/dorogimedence.hu\/#organization"},"image":{"@id":"https:\/\/dorogimedence.hu\/index.php\/2024\/10\/23\/megemlekezest-tartottak-a-dorogi-56-os-emlekkonel-2\/#primaryimage"},"thumbnailUrl":"https:\/\/dorogimedence.hu\/wp-content\/uploads\/2024\/10\/IMG_0169.jpg","keywords":["1956-os forradalom \u00e9s szabads\u00e1gharc","Dorog","featured","megeml\u00e9kez\u00e9s"],"articleSection":["Dorog","H\u00edrek"],"inLanguage":"hu"},{"@type":"WebPage","@id":"https:\/\/dorogimedence.hu\/index.php\/2024\/10\/23\/megemlekezest-tartottak-a-dorogi-56-os-emlekkonel-2\/","url":"https:\/\/dorogimedence.hu\/index.php\/2024\/10\/23\/megemlekezest-tartottak-a-dorogi-56-os-emlekkonel-2\/","name":"Megeml\u00e9kez\u00e9st tartottak a dorogi \u201956-os eml\u00e9kk\u0151n\u00e9l","isPartOf":{"@id":"https:\/\/dorogimedence.hu\/#website"},"primaryImageOfPage":{"@id":"https:\/\/dorogimedence.hu\/index.php\/2024\/10\/23\/megemlekezest-tartottak-a-dorogi-56-os-emlekkonel-2\/#primaryimage"},"image":{"@id":"https:\/\/dorogimedence.hu\/index.php\/2024\/10\/23\/megemlekezest-tartottak-a-dorogi-56-os-emlekkonel-2\/#primaryimage"},"thumbnailUrl":"https:\/\/dorogimedence.hu\/wp-content\/uploads\/2024\/10\/IMG_0169.jpg","datePublished":"2024-10-23T10:12:50+00:00","breadcrumb":{"@id":"https:\/\/dorogimedence.hu\/index.php\/2024\/10\/23\/megemlekezest-tartottak-a-dorogi-56-os-emlekkonel-2\/#breadcrumb"},"inLanguage":"hu","potentialAction":[{"@type":"ReadAction","target":["https:\/\/dorogimedence.hu\/index.php\/2024\/10\/23\/megemlekezest-tartottak-a-dorogi-56-os-emlekkonel-2\/"]}]},{"@type":"ImageObject","inLanguage":"hu","@id":"https:\/\/dorogimedence.hu\/index.php\/2024\/10\/23\/megemlekezest-tartottak-a-dorogi-56-os-emlekkonel-2\/#primaryimage","url":"https:\/\/dorogimedence.hu\/wp-content\/uploads\/2024\/10\/IMG_0169.jpg","contentUrl":"https:\/\/dorogimedence.hu\/wp-content\/uploads\/2024\/10\/IMG_0169.jpg","width":1920,"height":1280},{"@type":"BreadcrumbList","@id":"https:\/\/dorogimedence.hu\/index.php\/2024\/10\/23\/megemlekezest-tartottak-a-dorogi-56-os-emlekkonel-2\/#breadcrumb","itemListElement":[{"@type":"ListItem","position":1,"name":"Kezd\u0151lap","item":"https:\/\/dorogimedence.hu\/"},{"@type":"ListItem","position":2,"name":"Megeml\u00e9kez\u00e9st tartottak a dorogi \u201956-os eml\u00e9kk\u0151n\u00e9l"}]},{"@type":"WebSite","@id":"https:\/\/dorogimedence.hu\/#website","url":"https:\/\/dorogimedence.hu\/","name":"Dorogi-medence Region\u00e1lis H\u00edrport\u00e1l","description":"Dorog, Keszt\u00f6lc, Le\u00e1nyv\u00e1r, Piliscs\u00e9v, Tokod, Tokodalt\u00e1r\u00f3, Csolnok, Esztergom-kertv\u00e1ros: h\u00edrek, programok","publisher":{"@id":"https:\/\/dorogimedence.hu\/#organization"},"potentialAction":[{"@type":"SearchAction","target":{"@type":"EntryPoint","urlTemplate":"https:\/\/dorogimedence.hu\/?s={search_term_string}"},"query-input":{"@type":"PropertyValueSpecification","valueRequired":true,"valueName":"search_term_string"}}],"inLanguage":"hu"},{"@type":"Organization","@id":"https:\/\/dorogimedence.hu\/#organization","name":"Dorogi-medence Region\u00e1lis H\u00edrport\u00e1l","url":"https:\/\/dorogimedence.hu\/","logo":{"@type":"ImageObject","inLanguage":"hu","@id":"https:\/\/dorogimedence.hu\/#\/schema\/logo\/image\/","url":"https:\/\/dorogimedence.hu\/wp-content\/uploads\/2021\/04\/logo-feher-600.png","contentUrl":"https:\/\/dorogimedence.hu\/wp-content\/uploads\/2021\/04\/logo-feher-600.png","width":600,"height":100,"caption":"Dorogi-medence Region\u00e1lis H\u00edrport\u00e1l"},"image":{"@id":"https:\/\/dorogimedence.hu\/#\/schema\/logo\/image\/"},"sameAs":["https:\/\/www.facebook.com\/dorogimedence\/"]},{"@type":"Person","@id":"https:\/\/dorogimedence.hu\/#\/schema\/person\/ce6091eeb7e95ecdc87890d6aa8e0fd4","name":"dorogimedence.hu","image":{"@type":"ImageObject","inLanguage":"hu","@id":"\/\/www.gravatar.com\/avatar\/d8d45f8901aadff40a4af72c0b826f1d?s=96&#038;r=g&#038;d=mm","url":"\/\/www.gravatar.com\/avatar\/d8d45f8901aadff40a4af72c0b826f1d?s=96&#038;r=g&#038;d=mm","contentUrl":"\/\/www.gravatar.com\/avatar\/d8d45f8901aadff40a4af72c0b826f1d?s=96&#038;r=g&#038;d=mm","caption":"dorogimedence.hu"}}]}},"_links":{"self":[{"href":"https:\/\/dorogimedence.hu\/index.php\/wp-json\/wp\/v2\/posts\/66157","targetHints":{"allow":["GET"]}}],"collection":[{"href":"https:\/\/dorogimedence.hu\/index.php\/wp-json\/wp\/v2\/posts"}],"about":[{"href":"https:\/\/dorogimedence.hu\/index.php\/wp-json\/wp\/v2\/types\/post"}],"author":[{"embeddable":true,"href":"https:\/\/dorogimedence.hu\/index.php\/wp-json\/wp\/v2\/users\/1"}],"replies":[{"embeddable":true,"href":"https:\/\/dorogimedence.hu\/index.php\/wp-json\/wp\/v2\/comments?post=66157"}],"version-history":[{"count":0,"href":"https:\/\/dorogimedence.hu\/index.php\/wp-json\/wp\/v2\/posts\/66157\/revisions"}],"wp:featuredmedia":[{"embeddable":true,"href":"https:\/\/dorogimedence.hu\/index.php\/wp-json\/wp\/v2\/media\/66158"}],"wp:attachment":[{"href":"https:\/\/dorogimedence.hu\/index.php\/wp-json\/wp\/v2\/media?parent=66157"}],"wp:term":[{"taxonomy":"category","embeddable":true,"href":"https:\/\/dorogimedence.hu\/index.php\/wp-json\/wp\/v2\/categories?post=66157"},{"taxonomy":"post_tag","embeddable":true,"href":"https:\/\/dorogimedence.hu\/index.php\/wp-json\/wp\/v2\/tags?post=66157"}],"curies":[{"name":"wp","href":"https:\/\/api.w.org\/{rel}","templated":true}]}}