{"id":65948,"date":"2024-10-17T11:20:34","date_gmt":"2024-10-17T09:20:34","guid":{"rendered":"https:\/\/dorogimedence.hu\/?p=65948"},"modified":"2024-10-17T11:20:34","modified_gmt":"2024-10-17T09:20:34","slug":"iden-is-kinyitotta-kapuit-a-terseg-egyetlen-karacsonyi-boltja","status":"publish","type":"post","link":"https:\/\/dorogimedence.hu\/index.php\/2024\/10\/17\/iden-is-kinyitotta-kapuit-a-terseg-egyetlen-karacsonyi-boltja\/","title":{"rendered":"Id\u00e9n is kinyitotta kapuit a t\u00e9rs\u00e9g egyetlen kar\u00e1csonyi boltja"},"content":{"rendered":"<p><strong>Szeretn\u00e9l nyugodtan el\u0151k\u00e9sz\u00fclni a kar\u00e1csonyra? Ne hagyd az utols\u00f3 pillanatokra! L\u00e1togass el m\u00e1r most a t\u00e9rs\u00e9g egyetlen kar\u00e1csonyi boltj\u00e1ba, melyet Dorogon a B\u00e9csi \u00fat 63. sz\u00e1m alatt tal\u00e1lsz meg. <\/strong><\/p>\n<p>A kar\u00e1csonyi k\u00e9sz\u00fcl\u0151d\u00e9s a n\u00e9pszer\u0171 Christmas FM okt\u00f3ber 1-jei indul\u00e1s\u00e1val elkezd\u0151d\u00f6tt. Okt\u00f3ber 5-\u00e9n pedig a <a href=\"https:\/\/www.facebook.com\/alldoorhome\" target=\"_blank\" rel=\"noopener\"><span style=\"text-decoration: underline; color: #0000ff;\">Dorogi B\u00e9csi \u00dati Kar\u00e1csony H\u00e1z<\/span><\/a> is kit\u00e1rta kapuit, hogy id\u00e9n is a legcsod\u00e1latosabb dekor\u00e1ci\u00f3kkal var\u00e1zsolhassunk igazi kar\u00e1csonyi hangulatot otthonunkba.<\/p>\n<p><img fetchpriority=\"high\" decoding=\"async\" class=\"alignnone size-full wp-image-65950\" src=\"https:\/\/dorogimedence.hu\/wp-content\/uploads\/2024\/10\/IMG_0080.jpg\" alt=\"\" width=\"1920\" height=\"1280\" srcset=\"https:\/\/dorogimedence.hu\/wp-content\/uploads\/2024\/10\/IMG_0080.jpg 1920w, https:\/\/dorogimedence.hu\/wp-content\/uploads\/2024\/10\/IMG_0080-600x400.jpg 600w, https:\/\/dorogimedence.hu\/wp-content\/uploads\/2024\/10\/IMG_0080-768x512.jpg 768w, https:\/\/dorogimedence.hu\/wp-content\/uploads\/2024\/10\/IMG_0080-1536x1024.jpg 1536w, https:\/\/dorogimedence.hu\/wp-content\/uploads\/2024\/10\/IMG_0080-150x100.jpg 150w, https:\/\/dorogimedence.hu\/wp-content\/uploads\/2024\/10\/IMG_0080-450x300.jpg 450w, https:\/\/dorogimedence.hu\/wp-content\/uploads\/2024\/10\/IMG_0080-1200x800.jpg 1200w, https:\/\/dorogimedence.hu\/wp-content\/uploads\/2024\/10\/IMG_0080-272x182.jpg 272w\" sizes=\"(max-width: 1920px) 100vw, 1920px\" \/><\/p>\n<p>Mikul\u00e1sos \u00f3ri\u00e1sker\u00e9k? T\u00e1ncol\u00f3 grincsek? Mosolyg\u00f3s angyalok? Hatalmas di\u00f3t\u00f6r\u0151k? Csod\u00e1latosan feld\u00edsz\u00edtett m\u0171feny\u0151? Makett kar\u00e1csonyi falvak? H\u00f3g\u00f6mb\u00f6k? Ezeket itt mind megtal\u00e1lod, s\u0151t, m\u00e9g medv\u00e9t sem kell keresned az erd\u0151ben, hiszen egy eg\u00e9sz macicsal\u00e1d v\u00e1r az \u00fczletben! L\u00e1tt\u00e1l m\u00e1r kar\u00e1csonyi falut hatalmas terepasztalon? Itt ezt is megn\u00e9zheted!<\/p>\n<p><strong>Kerti \u00e9s lak\u00e1sdekor\u00e1ci\u00f3k\u00e9rt, k\u00fcl\u00f6nleges aj\u00e1nd\u00e9kok\u00e9rt keresd fel a Kar\u00e1csony H\u00e1zat h\u00e9tf\u0151t\u0151l p\u00e9ntekig 8-t\u00f3l 17 \u00f3r\u00e1ig, vagy szombaton 8-t\u00f3l 12 \u00f3r\u00e1ig.<\/strong><\/p>\n<p>K\u00e9peken mutatunk n\u00e9h\u00e1ny term\u00e9ket az \u00fczlet k\u00edn\u00e1lat\u00e1b\u00f3l. Te melyik cukis\u00e1got vinn\u00e9d haza legsz\u00edvesebben?<\/p>\n<p><img decoding=\"async\" class=\"alignnone size-full wp-image-65951\" src=\"https:\/\/dorogimedence.hu\/wp-content\/uploads\/2024\/10\/IMG_0056.jpg\" alt=\"\" width=\"1920\" height=\"1280\" srcset=\"https:\/\/dorogimedence.hu\/wp-content\/uploads\/2024\/10\/IMG_0056.jpg 1920w, https:\/\/dorogimedence.hu\/wp-content\/uploads\/2024\/10\/IMG_0056-600x400.jpg 600w, https:\/\/dorogimedence.hu\/wp-content\/uploads\/2024\/10\/IMG_0056-768x512.jpg 768w, https:\/\/dorogimedence.hu\/wp-content\/uploads\/2024\/10\/IMG_0056-1536x1024.jpg 1536w, https:\/\/dorogimedence.hu\/wp-content\/uploads\/2024\/10\/IMG_0056-150x100.jpg 150w, https:\/\/dorogimedence.hu\/wp-content\/uploads\/2024\/10\/IMG_0056-450x300.jpg 450w, https:\/\/dorogimedence.hu\/wp-content\/uploads\/2024\/10\/IMG_0056-1200x800.jpg 1200w, https:\/\/dorogimedence.hu\/wp-content\/uploads\/2024\/10\/IMG_0056-272x182.jpg 272w\" sizes=\"(max-width: 1920px) 100vw, 1920px\" \/> <img decoding=\"async\" class=\"alignnone size-full wp-image-65952\" src=\"https:\/\/dorogimedence.hu\/wp-content\/uploads\/2024\/10\/IMG_0061.jpg\" alt=\"\" width=\"1920\" height=\"1280\" srcset=\"https:\/\/dorogimedence.hu\/wp-content\/uploads\/2024\/10\/IMG_0061.jpg 1920w, https:\/\/dorogimedence.hu\/wp-content\/uploads\/2024\/10\/IMG_0061-600x400.jpg 600w, https:\/\/dorogimedence.hu\/wp-content\/uploads\/2024\/10\/IMG_0061-768x512.jpg 768w, https:\/\/dorogimedence.hu\/wp-content\/uploads\/2024\/10\/IMG_0061-1536x1024.jpg 1536w, https:\/\/dorogimedence.hu\/wp-content\/uploads\/2024\/10\/IMG_0061-150x100.jpg 150w, https:\/\/dorogimedence.hu\/wp-content\/uploads\/2024\/10\/IMG_0061-450x300.jpg 450w, https:\/\/dorogimedence.hu\/wp-content\/uploads\/2024\/10\/IMG_0061-1200x800.jpg 1200w, https:\/\/dorogimedence.hu\/wp-content\/uploads\/2024\/10\/IMG_0061-272x182.jpg 272w\" sizes=\"(max-width: 1920px) 100vw, 1920px\" \/> <img loading=\"lazy\" decoding=\"async\" class=\"alignnone size-full wp-image-65953\" src=\"https:\/\/dorogimedence.hu\/wp-content\/uploads\/2024\/10\/IMG_0064.jpg\" alt=\"\" width=\"1920\" height=\"1280\" srcset=\"https:\/\/dorogimedence.hu\/wp-content\/uploads\/2024\/10\/IMG_0064.jpg 1920w, https:\/\/dorogimedence.hu\/wp-content\/uploads\/2024\/10\/IMG_0064-600x400.jpg 600w, https:\/\/dorogimedence.hu\/wp-content\/uploads\/2024\/10\/IMG_0064-768x512.jpg 768w, https:\/\/dorogimedence.hu\/wp-content\/uploads\/2024\/10\/IMG_0064-1536x1024.jpg 1536w, https:\/\/dorogimedence.hu\/wp-content\/uploads\/2024\/10\/IMG_0064-150x100.jpg 150w, https:\/\/dorogimedence.hu\/wp-content\/uploads\/2024\/10\/IMG_0064-450x300.jpg 450w, https:\/\/dorogimedence.hu\/wp-content\/uploads\/2024\/10\/IMG_0064-1200x800.jpg 1200w, https:\/\/dorogimedence.hu\/wp-content\/uploads\/2024\/10\/IMG_0064-272x182.jpg 272w\" sizes=\"(max-width: 1920px) 100vw, 1920px\" \/> <img loading=\"lazy\" decoding=\"async\" class=\"alignnone size-full wp-image-65954\" src=\"https:\/\/dorogimedence.hu\/wp-content\/uploads\/2024\/10\/IMG_0065.jpg\" alt=\"\" width=\"1920\" height=\"1280\" srcset=\"https:\/\/dorogimedence.hu\/wp-content\/uploads\/2024\/10\/IMG_0065.jpg 1920w, https:\/\/dorogimedence.hu\/wp-content\/uploads\/2024\/10\/IMG_0065-600x400.jpg 600w, https:\/\/dorogimedence.hu\/wp-content\/uploads\/2024\/10\/IMG_0065-768x512.jpg 768w, https:\/\/dorogimedence.hu\/wp-content\/uploads\/2024\/10\/IMG_0065-1536x1024.jpg 1536w, https:\/\/dorogimedence.hu\/wp-content\/uploads\/2024\/10\/IMG_0065-150x100.jpg 150w, https:\/\/dorogimedence.hu\/wp-content\/uploads\/2024\/10\/IMG_0065-450x300.jpg 450w, https:\/\/dorogimedence.hu\/wp-content\/uploads\/2024\/10\/IMG_0065-1200x800.jpg 1200w, https:\/\/dorogimedence.hu\/wp-content\/uploads\/2024\/10\/IMG_0065-272x182.jpg 272w\" sizes=\"(max-width: 1920px) 100vw, 1920px\" \/> <img loading=\"lazy\" decoding=\"async\" class=\"alignnone size-full wp-image-65955\" src=\"https:\/\/dorogimedence.hu\/wp-content\/uploads\/2024\/10\/IMG_0072.jpg\" alt=\"\" width=\"1920\" height=\"1280\" srcset=\"https:\/\/dorogimedence.hu\/wp-content\/uploads\/2024\/10\/IMG_0072.jpg 1920w, https:\/\/dorogimedence.hu\/wp-content\/uploads\/2024\/10\/IMG_0072-600x400.jpg 600w, https:\/\/dorogimedence.hu\/wp-content\/uploads\/2024\/10\/IMG_0072-768x512.jpg 768w, https:\/\/dorogimedence.hu\/wp-content\/uploads\/2024\/10\/IMG_0072-1536x1024.jpg 1536w, https:\/\/dorogimedence.hu\/wp-content\/uploads\/2024\/10\/IMG_0072-150x100.jpg 150w, https:\/\/dorogimedence.hu\/wp-content\/uploads\/2024\/10\/IMG_0072-450x300.jpg 450w, https:\/\/dorogimedence.hu\/wp-content\/uploads\/2024\/10\/IMG_0072-1200x800.jpg 1200w, https:\/\/dorogimedence.hu\/wp-content\/uploads\/2024\/10\/IMG_0072-272x182.jpg 272w\" sizes=\"(max-width: 1920px) 100vw, 1920px\" \/> <img loading=\"lazy\" decoding=\"async\" class=\"alignnone size-full wp-image-65956\" src=\"https:\/\/dorogimedence.hu\/wp-content\/uploads\/2024\/10\/IMG_0074.jpg\" alt=\"\" width=\"1920\" height=\"1280\" srcset=\"https:\/\/dorogimedence.hu\/wp-content\/uploads\/2024\/10\/IMG_0074.jpg 1920w, https:\/\/dorogimedence.hu\/wp-content\/uploads\/2024\/10\/IMG_0074-600x400.jpg 600w, https:\/\/dorogimedence.hu\/wp-content\/uploads\/2024\/10\/IMG_0074-768x512.jpg 768w, https:\/\/dorogimedence.hu\/wp-content\/uploads\/2024\/10\/IMG_0074-1536x1024.jpg 1536w, https:\/\/dorogimedence.hu\/wp-content\/uploads\/2024\/10\/IMG_0074-150x100.jpg 150w, https:\/\/dorogimedence.hu\/wp-content\/uploads\/2024\/10\/IMG_0074-450x300.jpg 450w, https:\/\/dorogimedence.hu\/wp-content\/uploads\/2024\/10\/IMG_0074-1200x800.jpg 1200w, https:\/\/dorogimedence.hu\/wp-content\/uploads\/2024\/10\/IMG_0074-272x182.jpg 272w\" sizes=\"(max-width: 1920px) 100vw, 1920px\" \/> <img loading=\"lazy\" decoding=\"async\" class=\"alignnone size-full wp-image-65957\" src=\"https:\/\/dorogimedence.hu\/wp-content\/uploads\/2024\/10\/IMG_0075.jpg\" alt=\"\" width=\"1920\" height=\"1280\" srcset=\"https:\/\/dorogimedence.hu\/wp-content\/uploads\/2024\/10\/IMG_0075.jpg 1920w, https:\/\/dorogimedence.hu\/wp-content\/uploads\/2024\/10\/IMG_0075-600x400.jpg 600w, https:\/\/dorogimedence.hu\/wp-content\/uploads\/2024\/10\/IMG_0075-768x512.jpg 768w, https:\/\/dorogimedence.hu\/wp-content\/uploads\/2024\/10\/IMG_0075-1536x1024.jpg 1536w, https:\/\/dorogimedence.hu\/wp-content\/uploads\/2024\/10\/IMG_0075-150x100.jpg 150w, https:\/\/dorogimedence.hu\/wp-content\/uploads\/2024\/10\/IMG_0075-450x300.jpg 450w, https:\/\/dorogimedence.hu\/wp-content\/uploads\/2024\/10\/IMG_0075-1200x800.jpg 1200w, https:\/\/dorogimedence.hu\/wp-content\/uploads\/2024\/10\/IMG_0075-272x182.jpg 272w\" sizes=\"(max-width: 1920px) 100vw, 1920px\" \/> <img loading=\"lazy\" decoding=\"async\" class=\"alignnone size-full wp-image-65958\" src=\"https:\/\/dorogimedence.hu\/wp-content\/uploads\/2024\/10\/IMG_0076.jpg\" alt=\"\" width=\"1920\" height=\"1280\" srcset=\"https:\/\/dorogimedence.hu\/wp-content\/uploads\/2024\/10\/IMG_0076.jpg 1920w, https:\/\/dorogimedence.hu\/wp-content\/uploads\/2024\/10\/IMG_0076-600x400.jpg 600w, https:\/\/dorogimedence.hu\/wp-content\/uploads\/2024\/10\/IMG_0076-768x512.jpg 768w, https:\/\/dorogimedence.hu\/wp-content\/uploads\/2024\/10\/IMG_0076-1536x1024.jpg 1536w, https:\/\/dorogimedence.hu\/wp-content\/uploads\/2024\/10\/IMG_0076-150x100.jpg 150w, https:\/\/dorogimedence.hu\/wp-content\/uploads\/2024\/10\/IMG_0076-450x300.jpg 450w, https:\/\/dorogimedence.hu\/wp-content\/uploads\/2024\/10\/IMG_0076-1200x800.jpg 1200w, https:\/\/dorogimedence.hu\/wp-content\/uploads\/2024\/10\/IMG_0076-272x182.jpg 272w\" sizes=\"(max-width: 1920px) 100vw, 1920px\" \/><\/p>\n<p><img loading=\"lazy\" decoding=\"async\" class=\"alignnone size-full wp-image-65959\" src=\"https:\/\/dorogimedence.hu\/wp-content\/uploads\/2024\/10\/karacsony-haz.jpg\" alt=\"\" width=\"1920\" height=\"1418\" srcset=\"https:\/\/dorogimedence.hu\/wp-content\/uploads\/2024\/10\/karacsony-haz.jpg 1920w, https:\/\/dorogimedence.hu\/wp-content\/uploads\/2024\/10\/karacsony-haz-600x443.jpg 600w, https:\/\/dorogimedence.hu\/wp-content\/uploads\/2024\/10\/karacsony-haz-768x567.jpg 768w, https:\/\/dorogimedence.hu\/wp-content\/uploads\/2024\/10\/karacsony-haz-1536x1134.jpg 1536w, https:\/\/dorogimedence.hu\/wp-content\/uploads\/2024\/10\/karacsony-haz-150x111.jpg 150w, https:\/\/dorogimedence.hu\/wp-content\/uploads\/2024\/10\/karacsony-haz-450x332.jpg 450w, https:\/\/dorogimedence.hu\/wp-content\/uploads\/2024\/10\/karacsony-haz-1200x886.jpg 1200w\" sizes=\"(max-width: 1920px) 100vw, 1920px\" \/><\/p>\n","protected":false},"excerpt":{"rendered":"<p>Szeretn\u00e9l nyugodtan el\u0151k\u00e9sz\u00fclni a kar\u00e1csonyra? Ne hagyd az utols\u00f3 pillanatokra! L\u00e1togass el m\u00e1r most a t\u00e9rs\u00e9g egyetlen kar\u00e1csonyi boltj\u00e1ba, melyet Dorogon a B\u00e9csi \u00fat 63. sz\u00e1m alatt tal\u00e1lsz meg. A kar\u00e1csonyi k\u00e9sz\u00fcl\u0151d\u00e9s a n\u00e9pszer\u0171 Christmas FM okt\u00f3ber 1-jei indul\u00e1s\u00e1val elkezd\u0151d\u00f6tt. Okt\u00f3ber 5-\u00e9n pedig a Dorogi B\u00e9csi \u00dati Kar\u00e1csony H\u00e1z is kit\u00e1rta kapuit, hogy id\u00e9n is<\/p>\n","protected":false},"author":1,"featured_media":65949,"comment_status":"closed","ping_status":"closed","sticky":false,"template":"","format":"standard","meta":{"ngg_post_thumbnail":0,"footnotes":""},"categories":[2,3],"tags":[5434,15,5624,1787,8072],"class_list":{"0":"post-65948","1":"post","2":"type-post","3":"status-publish","4":"format-standard","5":"has-post-thumbnail","7":"category-dorog","8":"category-hirek","9":"tag-dekoracio","10":"tag-dorog","11":"tag-featured","12":"tag-karacsony","13":"tag-karacsony-haz"},"yoast_head":"<!-- This site is optimized with the Yoast SEO plugin v27.4 - https:\/\/yoast.com\/product\/yoast-seo-wordpress\/ -->\n<title>Id\u00e9n is kinyitotta kapuit a t\u00e9rs\u00e9g egyetlen kar\u00e1csonyi boltja<\/title>\n<meta name=\"robots\" content=\"index, follow, max-snippet:-1, max-image-preview:large, max-video-preview:-1\" \/>\n<link rel=\"canonical\" href=\"https:\/\/dorogimedence.hu\/index.php\/2024\/10\/17\/iden-is-kinyitotta-kapuit-a-terseg-egyetlen-karacsonyi-boltja\/\" class=\"yoast-seo-meta-tag\" \/>\n<meta property=\"og:locale\" content=\"hu_HU\" class=\"yoast-seo-meta-tag\" \/>\n<meta property=\"og:type\" content=\"article\" class=\"yoast-seo-meta-tag\" \/>\n<meta property=\"og:title\" content=\"Id\u00e9n is kinyitotta kapuit a t\u00e9rs\u00e9g egyetlen kar\u00e1csonyi boltja\" class=\"yoast-seo-meta-tag\" \/>\n<meta property=\"og:description\" content=\"Szeretn\u00e9l nyugodtan el\u0151k\u00e9sz\u00fclni a kar\u00e1csonyra? Ne hagyd az utols\u00f3 pillanatokra! L\u00e1togass el m\u00e1r most a t\u00e9rs\u00e9g egyetlen kar\u00e1csonyi boltj\u00e1ba, melyet Dorogon a B\u00e9csi \u00fat 63. sz\u00e1m alatt tal\u00e1lsz meg. A kar\u00e1csonyi k\u00e9sz\u00fcl\u0151d\u00e9s a n\u00e9pszer\u0171 Christmas FM okt\u00f3ber 1-jei indul\u00e1s\u00e1val elkezd\u0151d\u00f6tt. Okt\u00f3ber 5-\u00e9n pedig a Dorogi B\u00e9csi \u00dati Kar\u00e1csony H\u00e1z is kit\u00e1rta kapuit, hogy id\u00e9n is\" class=\"yoast-seo-meta-tag\" \/>\n<meta property=\"og:url\" content=\"https:\/\/dorogimedence.hu\/index.php\/2024\/10\/17\/iden-is-kinyitotta-kapuit-a-terseg-egyetlen-karacsonyi-boltja\/\" class=\"yoast-seo-meta-tag\" \/>\n<meta property=\"og:site_name\" content=\"Dorogi-medence Region\u00e1lis H\u00edrport\u00e1l\" class=\"yoast-seo-meta-tag\" \/>\n<meta property=\"article:publisher\" content=\"https:\/\/www.facebook.com\/dorogimedence\/\" class=\"yoast-seo-meta-tag\" \/>\n<meta property=\"article:published_time\" content=\"2024-10-17T09:20:34+00:00\" class=\"yoast-seo-meta-tag\" \/>\n<meta property=\"og:image\" content=\"https:\/\/dorogimedence.hu\/wp-content\/uploads\/2024\/10\/IMG_0078.jpg\" class=\"yoast-seo-meta-tag\" \/>\n\t<meta property=\"og:image:width\" content=\"1920\" class=\"yoast-seo-meta-tag\" \/>\n\t<meta property=\"og:image:height\" content=\"1280\" class=\"yoast-seo-meta-tag\" \/>\n\t<meta property=\"og:image:type\" content=\"image\/jpeg\" class=\"yoast-seo-meta-tag\" \/>\n<meta name=\"author\" content=\"dorogimedence.hu\" class=\"yoast-seo-meta-tag\" \/>\n<meta name=\"twitter:card\" content=\"summary_large_image\" class=\"yoast-seo-meta-tag\" \/>\n<meta name=\"twitter:label1\" content=\"Szerz\u0151:\" class=\"yoast-seo-meta-tag\" \/>\n\t<meta name=\"twitter:data1\" content=\"dorogimedence.hu\" class=\"yoast-seo-meta-tag\" \/>\n\t<meta name=\"twitter:label2\" content=\"Becs\u00fclt olvas\u00e1si id\u0151\" class=\"yoast-seo-meta-tag\" \/>\n\t<meta name=\"twitter:data2\" content=\"1 perc\" class=\"yoast-seo-meta-tag\" \/>\n<script type=\"application\/ld+json\" class=\"yoast-schema-graph\">{\"@context\":\"https:\\\/\\\/schema.org\",\"@graph\":[{\"@type\":\"Article\",\"@id\":\"https:\\\/\\\/dorogimedence.hu\\\/index.php\\\/2024\\\/10\\\/17\\\/iden-is-kinyitotta-kapuit-a-terseg-egyetlen-karacsonyi-boltja\\\/#article\",\"isPartOf\":{\"@id\":\"https:\\\/\\\/dorogimedence.hu\\\/index.php\\\/2024\\\/10\\\/17\\\/iden-is-kinyitotta-kapuit-a-terseg-egyetlen-karacsonyi-boltja\\\/\"},\"author\":{\"name\":\"dorogimedence.hu\",\"@id\":\"https:\\\/\\\/dorogimedence.hu\\\/#\\\/schema\\\/person\\\/ce6091eeb7e95ecdc87890d6aa8e0fd4\"},\"headline\":\"Id\u00e9n is kinyitotta kapuit a t\u00e9rs\u00e9g egyetlen kar\u00e1csonyi boltja\",\"datePublished\":\"2024-10-17T09:20:34+00:00\",\"mainEntityOfPage\":{\"@id\":\"https:\\\/\\\/dorogimedence.hu\\\/index.php\\\/2024\\\/10\\\/17\\\/iden-is-kinyitotta-kapuit-a-terseg-egyetlen-karacsonyi-boltja\\\/\"},\"wordCount\":246,\"publisher\":{\"@id\":\"https:\\\/\\\/dorogimedence.hu\\\/#organization\"},\"image\":{\"@id\":\"https:\\\/\\\/dorogimedence.hu\\\/index.php\\\/2024\\\/10\\\/17\\\/iden-is-kinyitotta-kapuit-a-terseg-egyetlen-karacsonyi-boltja\\\/#primaryimage\"},\"thumbnailUrl\":\"https:\\\/\\\/dorogimedence.hu\\\/wp-content\\\/uploads\\\/2024\\\/10\\\/IMG_0078.jpg\",\"keywords\":[\"dekor\u00e1ci\u00f3\",\"Dorog\",\"featured\",\"kar\u00e1csony\",\"Kar\u00e1csony H\u00e1z\"],\"articleSection\":[\"Dorog\",\"H\u00edrek\"],\"inLanguage\":\"hu\"},{\"@type\":\"WebPage\",\"@id\":\"https:\\\/\\\/dorogimedence.hu\\\/index.php\\\/2024\\\/10\\\/17\\\/iden-is-kinyitotta-kapuit-a-terseg-egyetlen-karacsonyi-boltja\\\/\",\"url\":\"https:\\\/\\\/dorogimedence.hu\\\/index.php\\\/2024\\\/10\\\/17\\\/iden-is-kinyitotta-kapuit-a-terseg-egyetlen-karacsonyi-boltja\\\/\",\"name\":\"Id\u00e9n is kinyitotta kapuit a t\u00e9rs\u00e9g egyetlen kar\u00e1csonyi boltja\",\"isPartOf\":{\"@id\":\"https:\\\/\\\/dorogimedence.hu\\\/#website\"},\"primaryImageOfPage\":{\"@id\":\"https:\\\/\\\/dorogimedence.hu\\\/index.php\\\/2024\\\/10\\\/17\\\/iden-is-kinyitotta-kapuit-a-terseg-egyetlen-karacsonyi-boltja\\\/#primaryimage\"},\"image\":{\"@id\":\"https:\\\/\\\/dorogimedence.hu\\\/index.php\\\/2024\\\/10\\\/17\\\/iden-is-kinyitotta-kapuit-a-terseg-egyetlen-karacsonyi-boltja\\\/#primaryimage\"},\"thumbnailUrl\":\"https:\\\/\\\/dorogimedence.hu\\\/wp-content\\\/uploads\\\/2024\\\/10\\\/IMG_0078.jpg\",\"datePublished\":\"2024-10-17T09:20:34+00:00\",\"breadcrumb\":{\"@id\":\"https:\\\/\\\/dorogimedence.hu\\\/index.php\\\/2024\\\/10\\\/17\\\/iden-is-kinyitotta-kapuit-a-terseg-egyetlen-karacsonyi-boltja\\\/#breadcrumb\"},\"inLanguage\":\"hu\",\"potentialAction\":[{\"@type\":\"ReadAction\",\"target\":[\"https:\\\/\\\/dorogimedence.hu\\\/index.php\\\/2024\\\/10\\\/17\\\/iden-is-kinyitotta-kapuit-a-terseg-egyetlen-karacsonyi-boltja\\\/\"]}]},{\"@type\":\"ImageObject\",\"inLanguage\":\"hu\",\"@id\":\"https:\\\/\\\/dorogimedence.hu\\\/index.php\\\/2024\\\/10\\\/17\\\/iden-is-kinyitotta-kapuit-a-terseg-egyetlen-karacsonyi-boltja\\\/#primaryimage\",\"url\":\"https:\\\/\\\/dorogimedence.hu\\\/wp-content\\\/uploads\\\/2024\\\/10\\\/IMG_0078.jpg\",\"contentUrl\":\"https:\\\/\\\/dorogimedence.hu\\\/wp-content\\\/uploads\\\/2024\\\/10\\\/IMG_0078.jpg\",\"width\":1920,\"height\":1280},{\"@type\":\"BreadcrumbList\",\"@id\":\"https:\\\/\\\/dorogimedence.hu\\\/index.php\\\/2024\\\/10\\\/17\\\/iden-is-kinyitotta-kapuit-a-terseg-egyetlen-karacsonyi-boltja\\\/#breadcrumb\",\"itemListElement\":[{\"@type\":\"ListItem\",\"position\":1,\"name\":\"Kezd\u0151lap\",\"item\":\"https:\\\/\\\/dorogimedence.hu\\\/\"},{\"@type\":\"ListItem\",\"position\":2,\"name\":\"Id\u00e9n is kinyitotta kapuit a t\u00e9rs\u00e9g egyetlen kar\u00e1csonyi boltja\"}]},{\"@type\":\"WebSite\",\"@id\":\"https:\\\/\\\/dorogimedence.hu\\\/#website\",\"url\":\"https:\\\/\\\/dorogimedence.hu\\\/\",\"name\":\"Dorogi-medence Region\u00e1lis H\u00edrport\u00e1l\",\"description\":\"Dorog, Keszt\u00f6lc, Le\u00e1nyv\u00e1r, Piliscs\u00e9v, Tokod, Tokodalt\u00e1r\u00f3, Csolnok, Esztergom-kertv\u00e1ros: h\u00edrek, programok\",\"publisher\":{\"@id\":\"https:\\\/\\\/dorogimedence.hu\\\/#organization\"},\"potentialAction\":[{\"@type\":\"SearchAction\",\"target\":{\"@type\":\"EntryPoint\",\"urlTemplate\":\"https:\\\/\\\/dorogimedence.hu\\\/?s={search_term_string}\"},\"query-input\":{\"@type\":\"PropertyValueSpecification\",\"valueRequired\":true,\"valueName\":\"search_term_string\"}}],\"inLanguage\":\"hu\"},{\"@type\":\"Organization\",\"@id\":\"https:\\\/\\\/dorogimedence.hu\\\/#organization\",\"name\":\"Dorogi-medence Region\u00e1lis H\u00edrport\u00e1l\",\"url\":\"https:\\\/\\\/dorogimedence.hu\\\/\",\"logo\":{\"@type\":\"ImageObject\",\"inLanguage\":\"hu\",\"@id\":\"https:\\\/\\\/dorogimedence.hu\\\/#\\\/schema\\\/logo\\\/image\\\/\",\"url\":\"https:\\\/\\\/dorogimedence.hu\\\/wp-content\\\/uploads\\\/2021\\\/04\\\/logo-feher-600.png\",\"contentUrl\":\"https:\\\/\\\/dorogimedence.hu\\\/wp-content\\\/uploads\\\/2021\\\/04\\\/logo-feher-600.png\",\"width\":600,\"height\":100,\"caption\":\"Dorogi-medence Region\u00e1lis H\u00edrport\u00e1l\"},\"image\":{\"@id\":\"https:\\\/\\\/dorogimedence.hu\\\/#\\\/schema\\\/logo\\\/image\\\/\"},\"sameAs\":[\"https:\\\/\\\/www.facebook.com\\\/dorogimedence\\\/\"]},{\"@type\":\"Person\",\"@id\":\"https:\\\/\\\/dorogimedence.hu\\\/#\\\/schema\\\/person\\\/ce6091eeb7e95ecdc87890d6aa8e0fd4\",\"name\":\"dorogimedence.hu\",\"image\":{\"@type\":\"ImageObject\",\"inLanguage\":\"hu\",\"@id\":\"\\\/\\\/www.gravatar.com\\\/avatar\\\/d8d45f8901aadff40a4af72c0b826f1d?s=96&#038;r=g&#038;d=mm\",\"url\":\"\\\/\\\/www.gravatar.com\\\/avatar\\\/d8d45f8901aadff40a4af72c0b826f1d?s=96&#038;r=g&#038;d=mm\",\"contentUrl\":\"\\\/\\\/www.gravatar.com\\\/avatar\\\/d8d45f8901aadff40a4af72c0b826f1d?s=96&#038;r=g&#038;d=mm\",\"caption\":\"dorogimedence.hu\"}}]}<\/script>\n<!-- \/ Yoast SEO plugin. -->","yoast_head_json":{"title":"Id\u00e9n is kinyitotta kapuit a t\u00e9rs\u00e9g egyetlen kar\u00e1csonyi boltja","robots":{"index":"index","follow":"follow","max-snippet":"max-snippet:-1","max-image-preview":"max-image-preview:large","max-video-preview":"max-video-preview:-1"},"canonical":"https:\/\/dorogimedence.hu\/index.php\/2024\/10\/17\/iden-is-kinyitotta-kapuit-a-terseg-egyetlen-karacsonyi-boltja\/","og_locale":"hu_HU","og_type":"article","og_title":"Id\u00e9n is kinyitotta kapuit a t\u00e9rs\u00e9g egyetlen kar\u00e1csonyi boltja","og_description":"Szeretn\u00e9l nyugodtan el\u0151k\u00e9sz\u00fclni a kar\u00e1csonyra? Ne hagyd az utols\u00f3 pillanatokra! L\u00e1togass el m\u00e1r most a t\u00e9rs\u00e9g egyetlen kar\u00e1csonyi boltj\u00e1ba, melyet Dorogon a B\u00e9csi \u00fat 63. sz\u00e1m alatt tal\u00e1lsz meg. A kar\u00e1csonyi k\u00e9sz\u00fcl\u0151d\u00e9s a n\u00e9pszer\u0171 Christmas FM okt\u00f3ber 1-jei indul\u00e1s\u00e1val elkezd\u0151d\u00f6tt. Okt\u00f3ber 5-\u00e9n pedig a Dorogi B\u00e9csi \u00dati Kar\u00e1csony H\u00e1z is kit\u00e1rta kapuit, hogy id\u00e9n is","og_url":"https:\/\/dorogimedence.hu\/index.php\/2024\/10\/17\/iden-is-kinyitotta-kapuit-a-terseg-egyetlen-karacsonyi-boltja\/","og_site_name":"Dorogi-medence Region\u00e1lis H\u00edrport\u00e1l","article_publisher":"https:\/\/www.facebook.com\/dorogimedence\/","article_published_time":"2024-10-17T09:20:34+00:00","og_image":[{"width":1920,"height":1280,"url":"https:\/\/dorogimedence.hu\/wp-content\/uploads\/2024\/10\/IMG_0078.jpg","type":"image\/jpeg"}],"author":"dorogimedence.hu","twitter_card":"summary_large_image","twitter_misc":{"Szerz\u0151:":"dorogimedence.hu","Becs\u00fclt olvas\u00e1si id\u0151":"1 perc"},"schema":{"@context":"https:\/\/schema.org","@graph":[{"@type":"Article","@id":"https:\/\/dorogimedence.hu\/index.php\/2024\/10\/17\/iden-is-kinyitotta-kapuit-a-terseg-egyetlen-karacsonyi-boltja\/#article","isPartOf":{"@id":"https:\/\/dorogimedence.hu\/index.php\/2024\/10\/17\/iden-is-kinyitotta-kapuit-a-terseg-egyetlen-karacsonyi-boltja\/"},"author":{"name":"dorogimedence.hu","@id":"https:\/\/dorogimedence.hu\/#\/schema\/person\/ce6091eeb7e95ecdc87890d6aa8e0fd4"},"headline":"Id\u00e9n is kinyitotta kapuit a t\u00e9rs\u00e9g egyetlen kar\u00e1csonyi boltja","datePublished":"2024-10-17T09:20:34+00:00","mainEntityOfPage":{"@id":"https:\/\/dorogimedence.hu\/index.php\/2024\/10\/17\/iden-is-kinyitotta-kapuit-a-terseg-egyetlen-karacsonyi-boltja\/"},"wordCount":246,"publisher":{"@id":"https:\/\/dorogimedence.hu\/#organization"},"image":{"@id":"https:\/\/dorogimedence.hu\/index.php\/2024\/10\/17\/iden-is-kinyitotta-kapuit-a-terseg-egyetlen-karacsonyi-boltja\/#primaryimage"},"thumbnailUrl":"https:\/\/dorogimedence.hu\/wp-content\/uploads\/2024\/10\/IMG_0078.jpg","keywords":["dekor\u00e1ci\u00f3","Dorog","featured","kar\u00e1csony","Kar\u00e1csony H\u00e1z"],"articleSection":["Dorog","H\u00edrek"],"inLanguage":"hu"},{"@type":"WebPage","@id":"https:\/\/dorogimedence.hu\/index.php\/2024\/10\/17\/iden-is-kinyitotta-kapuit-a-terseg-egyetlen-karacsonyi-boltja\/","url":"https:\/\/dorogimedence.hu\/index.php\/2024\/10\/17\/iden-is-kinyitotta-kapuit-a-terseg-egyetlen-karacsonyi-boltja\/","name":"Id\u00e9n is kinyitotta kapuit a t\u00e9rs\u00e9g egyetlen kar\u00e1csonyi boltja","isPartOf":{"@id":"https:\/\/dorogimedence.hu\/#website"},"primaryImageOfPage":{"@id":"https:\/\/dorogimedence.hu\/index.php\/2024\/10\/17\/iden-is-kinyitotta-kapuit-a-terseg-egyetlen-karacsonyi-boltja\/#primaryimage"},"image":{"@id":"https:\/\/dorogimedence.hu\/index.php\/2024\/10\/17\/iden-is-kinyitotta-kapuit-a-terseg-egyetlen-karacsonyi-boltja\/#primaryimage"},"thumbnailUrl":"https:\/\/dorogimedence.hu\/wp-content\/uploads\/2024\/10\/IMG_0078.jpg","datePublished":"2024-10-17T09:20:34+00:00","breadcrumb":{"@id":"https:\/\/dorogimedence.hu\/index.php\/2024\/10\/17\/iden-is-kinyitotta-kapuit-a-terseg-egyetlen-karacsonyi-boltja\/#breadcrumb"},"inLanguage":"hu","potentialAction":[{"@type":"ReadAction","target":["https:\/\/dorogimedence.hu\/index.php\/2024\/10\/17\/iden-is-kinyitotta-kapuit-a-terseg-egyetlen-karacsonyi-boltja\/"]}]},{"@type":"ImageObject","inLanguage":"hu","@id":"https:\/\/dorogimedence.hu\/index.php\/2024\/10\/17\/iden-is-kinyitotta-kapuit-a-terseg-egyetlen-karacsonyi-boltja\/#primaryimage","url":"https:\/\/dorogimedence.hu\/wp-content\/uploads\/2024\/10\/IMG_0078.jpg","contentUrl":"https:\/\/dorogimedence.hu\/wp-content\/uploads\/2024\/10\/IMG_0078.jpg","width":1920,"height":1280},{"@type":"BreadcrumbList","@id":"https:\/\/dorogimedence.hu\/index.php\/2024\/10\/17\/iden-is-kinyitotta-kapuit-a-terseg-egyetlen-karacsonyi-boltja\/#breadcrumb","itemListElement":[{"@type":"ListItem","position":1,"name":"Kezd\u0151lap","item":"https:\/\/dorogimedence.hu\/"},{"@type":"ListItem","position":2,"name":"Id\u00e9n is kinyitotta kapuit a t\u00e9rs\u00e9g egyetlen kar\u00e1csonyi boltja"}]},{"@type":"WebSite","@id":"https:\/\/dorogimedence.hu\/#website","url":"https:\/\/dorogimedence.hu\/","name":"Dorogi-medence Region\u00e1lis H\u00edrport\u00e1l","description":"Dorog, Keszt\u00f6lc, Le\u00e1nyv\u00e1r, Piliscs\u00e9v, Tokod, Tokodalt\u00e1r\u00f3, Csolnok, Esztergom-kertv\u00e1ros: h\u00edrek, programok","publisher":{"@id":"https:\/\/dorogimedence.hu\/#organization"},"potentialAction":[{"@type":"SearchAction","target":{"@type":"EntryPoint","urlTemplate":"https:\/\/dorogimedence.hu\/?s={search_term_string}"},"query-input":{"@type":"PropertyValueSpecification","valueRequired":true,"valueName":"search_term_string"}}],"inLanguage":"hu"},{"@type":"Organization","@id":"https:\/\/dorogimedence.hu\/#organization","name":"Dorogi-medence Region\u00e1lis H\u00edrport\u00e1l","url":"https:\/\/dorogimedence.hu\/","logo":{"@type":"ImageObject","inLanguage":"hu","@id":"https:\/\/dorogimedence.hu\/#\/schema\/logo\/image\/","url":"https:\/\/dorogimedence.hu\/wp-content\/uploads\/2021\/04\/logo-feher-600.png","contentUrl":"https:\/\/dorogimedence.hu\/wp-content\/uploads\/2021\/04\/logo-feher-600.png","width":600,"height":100,"caption":"Dorogi-medence Region\u00e1lis H\u00edrport\u00e1l"},"image":{"@id":"https:\/\/dorogimedence.hu\/#\/schema\/logo\/image\/"},"sameAs":["https:\/\/www.facebook.com\/dorogimedence\/"]},{"@type":"Person","@id":"https:\/\/dorogimedence.hu\/#\/schema\/person\/ce6091eeb7e95ecdc87890d6aa8e0fd4","name":"dorogimedence.hu","image":{"@type":"ImageObject","inLanguage":"hu","@id":"\/\/www.gravatar.com\/avatar\/d8d45f8901aadff40a4af72c0b826f1d?s=96&#038;r=g&#038;d=mm","url":"\/\/www.gravatar.com\/avatar\/d8d45f8901aadff40a4af72c0b826f1d?s=96&#038;r=g&#038;d=mm","contentUrl":"\/\/www.gravatar.com\/avatar\/d8d45f8901aadff40a4af72c0b826f1d?s=96&#038;r=g&#038;d=mm","caption":"dorogimedence.hu"}}]}},"_links":{"self":[{"href":"https:\/\/dorogimedence.hu\/index.php\/wp-json\/wp\/v2\/posts\/65948","targetHints":{"allow":["GET"]}}],"collection":[{"href":"https:\/\/dorogimedence.hu\/index.php\/wp-json\/wp\/v2\/posts"}],"about":[{"href":"https:\/\/dorogimedence.hu\/index.php\/wp-json\/wp\/v2\/types\/post"}],"author":[{"embeddable":true,"href":"https:\/\/dorogimedence.hu\/index.php\/wp-json\/wp\/v2\/users\/1"}],"replies":[{"embeddable":true,"href":"https:\/\/dorogimedence.hu\/index.php\/wp-json\/wp\/v2\/comments?post=65948"}],"version-history":[{"count":0,"href":"https:\/\/dorogimedence.hu\/index.php\/wp-json\/wp\/v2\/posts\/65948\/revisions"}],"wp:featuredmedia":[{"embeddable":true,"href":"https:\/\/dorogimedence.hu\/index.php\/wp-json\/wp\/v2\/media\/65949"}],"wp:attachment":[{"href":"https:\/\/dorogimedence.hu\/index.php\/wp-json\/wp\/v2\/media?parent=65948"}],"wp:term":[{"taxonomy":"category","embeddable":true,"href":"https:\/\/dorogimedence.hu\/index.php\/wp-json\/wp\/v2\/categories?post=65948"},{"taxonomy":"post_tag","embeddable":true,"href":"https:\/\/dorogimedence.hu\/index.php\/wp-json\/wp\/v2\/tags?post=65948"}],"curies":[{"name":"wp","href":"https:\/\/api.w.org\/{rel}","templated":true}]}}