{"id":65889,"date":"2024-10-15T13:42:09","date_gmt":"2024-10-15T11:42:09","guid":{"rendered":"https:\/\/dorogimedence.hu\/?p=65889"},"modified":"2024-10-15T13:42:09","modified_gmt":"2024-10-15T11:42:09","slug":"koltoladak-kihelyezesevel-segitjuk-a-telepuleslako-ragcsalopusztito-baglyok-kolteset","status":"publish","type":"post","link":"https:\/\/dorogimedence.hu\/index.php\/2024\/10\/15\/koltoladak-kihelyezesevel-segitjuk-a-telepuleslako-ragcsalopusztito-baglyok-kolteset\/","title":{"rendered":"K\u00f6lt\u0151l\u00e1d\u00e1k kihelyez\u00e9s\u00e9vel seg\u00edtj\u00fck a telep\u00fcl\u00e9slak\u00f3, r\u00e1gcs\u00e1l\u00f3puszt\u00edt\u00f3 baglyok k\u00f6lt\u00e9s\u00e9t"},"content":{"rendered":"<p><strong>Magyarorsz\u00e1g t\u00edz f\u00e9szkel\u0151 bagolyfaj\u00e1b\u00f3l \u00f6t lakott ter\u00fcleteken is \u00e9l vagy kimondottan emberk\u00f6vet\u0151nek sz\u00e1m\u00edt. Telep\u00fcl\u00e9si jelenl\u00e9t\u00fck az\u00e9rt is fontos, mert ezek a madarak els\u0151sorban kisr\u00e1gcs\u00e1l\u00f3kkal t\u00e1pl\u00e1lkoznak \u00e9s fi\u00f3k\u00e1ikat is ezekkel etetik. \u00cdgy biol\u00f3giai \u00faton seg\u00edtenek kord\u00e1ban tartani a v\u00e1rosokban is probl\u00e9m\u00e1t okoz\u00f3 egereket \u00e9s patk\u00e1nyokat. <\/strong><\/p>\n<p>Hi\u00e1nyukban ezek \u00e1llom\u00e1nyapaszt\u00e1s\u00e1t a h\u00e1zi- \u00e9s t\u00e1rs\u00e1llatok mellet az emberre is vesz\u00e9lyes m\u00e9rgezett csalik kihelyez\u00e9s\u00e9vel kell megoldani. Egyetlen erdei f\u00fclesbagoly \u00e9vente ezern\u00e9l (!) is t\u00f6bb r\u00e1gcs\u00e1l\u00f3t zs\u00e1km\u00e1nyol, <span style=\"color: #0000ff;\"><a style=\"color: #0000ff;\" href=\"https:\/\/www.mme.hu\/erdei-fulesbagoly-telelohelyek-felmerese-december-marcius#jo_ez_nekunk\" target=\"_blank\" rel=\"noopener\"><span style=\"text-decoration: underline;\">ami a n\u00e9pes telel\u0151csapatok eset\u00e9ben m\u00e1r \u00f3ri\u00e1si sz\u00e1mot jelent<\/span><\/a><\/span>, a kisebb termet\u0171 bagolyfajok ezek mellett rengeteg k\u00e1rtev\u0151 rovart is elfogyasztanak, ez\u00e9rt nem mindegy, hogy lakott ter\u00fcleteinken mennyi \u00e9l, \u00e9l-e egy\u00e1ltal\u00e1n ezekb\u0151l a madarakb\u00f3l. Megteleped\u00e9s\u00fck egyik legf\u0151bb akad\u00e1ly\u00e1t gyakran a megfelel\u0151 f\u00e9szkel\u0151helyek hi\u00e1nya jelenti. A baglyok ugyanis nem tudnak f\u00e9szket \u00e9p\u00edteni, k\u00f6lt\u00e9s\u00fckh\u00f6z korhadt \u00fcregekkel, vastag t\u00f6rzsel\u00e1gaz\u00e1ssal rendelkez\u0151 id\u0151s f\u00e1kra; nagy test\u0171 hark\u00e1lyok od\u00faira; varj\u00faf\u00e9l\u00e9k, g\u00f3lya, eger\u00e9sz\u00f6lyv f\u00e9szkeire; egyes fajoknak nyitott padl\u00e1sokra van sz\u00fcks\u00e9ge.<\/p>\n<p>Leggyakoribb baglyunk, az erdei f\u00fclesbagoly elfoglalja az \u00e1gvill\u00e1ba kihelyezett vessz\u0151kosarat, de sz\u00edvesen bek\u00f6lt\u00f6zik f\u00e1ra, \u00e9p\u00fcletfalra r\u00f6gz\u00edtett, f\u00e9lig nyitott el\u0151oldal\u00fa v\u00e9rcsel\u00e1d\u00e1kba is. A legink\u00e1bb emberk\u00f6vet\u0151 gy\u00f6ngybagoly templomok toronys\u00fcveg\u00e9be, padl\u00e1sokra vagy l\u00e1bazatra telep\u00edtett k\u00f6lt\u0151l\u00e1d\u00e1kkal; a macskabagoly, a kisebb test\u0171 kuvik \u00e9s f\u00fcleskuvik pedig nagym\u00e9ret\u0171 mesters\u00e9ges od\u00fakkal seg\u00edthet\u0151. A baglyoknak kirakott m\u0171f\u00e9szkek, mesters\u00e9ges od\u00fak eset\u00e9ben alapelv, hogy ezekbe mindig kell sz\u00e1raz f\u0171, hullott lomb vagy faforg\u00e1cs f\u00e9szekanyagot tenni, amibe a toj\u00f3 alak\u00edtja ki a toj\u00e1soknak a f\u00e9szekm\u00e9lyed\u00e9st.&nbsp; R\u00e9szletek: <span style=\"text-decoration: underline; color: #0000ff;\"><a style=\"color: #0000ff; text-decoration: underline;\" href=\"https:\/\/www.mme.hu\/baglyok-koltesenek-segitese\" target=\"_blank\" rel=\"noopener\">https:\/\/www.mme.hu\/baglyok-koltesenek-segitese<\/a><\/span><\/p>\n<p>Szerencs\u00e9re ma m\u00e1r rendelkez\u00fcnk azokkal az ismeretekkel, melynek k\u00f6sz\u00f6nhet\u0151en <a href=\"http:\/\/www.mme.hu\/oduk_es_koltoladak\" target=\"_blank\" rel=\"noopener\"><span style=\"text-decoration: underline; color: #0000ff;\">sz\u00e1mos mad\u00e1rfaj megteleped\u00e9s\u00e9t seg\u00edthetj\u00fck mesters\u00e9ges f\u00e9szkel\u0151helyekkel<\/span><\/a>, Magyarorsz\u00e1g ugyanis a vil\u00e1g els\u0151 orsz\u00e1gai k\u00f6z\u00f6tt kezdte el sz\u00e9les k\u00f6rben alkalmazni, fejleszteni ezeket az 1905-ben, a Baranya megyei K\u00e1r\u00e1szon megalakult Els\u0151 Magyar F\u00e9szekod\u00fagy\u00e1rnak k\u00f6sz\u00f6nhet\u0151en is.<\/p>\n<p><em>Bor\u00edt\u00f3k\u00e9p: Orb\u00e1n Zolt\u00e1n<\/em><br \/>\n<em>Forr\u00e1s: MME<\/em><\/p>\n","protected":false},"excerpt":{"rendered":"<p>Magyarorsz\u00e1g t\u00edz f\u00e9szkel\u0151 bagolyfaj\u00e1b\u00f3l \u00f6t lakott ter\u00fcleteken is \u00e9l vagy kimondottan emberk\u00f6vet\u0151nek sz\u00e1m\u00edt. Telep\u00fcl\u00e9si jelenl\u00e9t\u00fck az\u00e9rt is fontos, mert ezek a madarak els\u0151sorban kisr\u00e1gcs\u00e1l\u00f3kkal t\u00e1pl\u00e1lkoznak \u00e9s fi\u00f3k\u00e1ikat is ezekkel etetik. \u00cdgy biol\u00f3giai \u00faton seg\u00edtenek kord\u00e1ban tartani a v\u00e1rosokban is probl\u00e9m\u00e1t okoz\u00f3 egereket \u00e9s patk\u00e1nyokat. Hi\u00e1nyukban ezek \u00e1llom\u00e1nyapaszt\u00e1s\u00e1t a h\u00e1zi- \u00e9s t\u00e1rs\u00e1llatok mellet az emberre is<\/p>\n","protected":false},"author":1,"featured_media":65890,"comment_status":"closed","ping_status":"closed","sticky":false,"template":"","format":"standard","meta":{"ngg_post_thumbnail":0,"footnotes":""},"categories":[3,6948],"tags":[8069,7390],"class_list":{"0":"post-65889","1":"post","2":"type-post","3":"status-publish","4":"format-standard","5":"has-post-thumbnail","7":"category-hirek","8":"category-szines","9":"tag-bagoly","10":"tag-koltes"},"yoast_head":"<!-- This site is optimized with the Yoast SEO plugin v27.4 - https:\/\/yoast.com\/product\/yoast-seo-wordpress\/ -->\n<title>K\u00f6lt\u0151l\u00e1d\u00e1k kihelyez\u00e9s\u00e9vel seg\u00edtj\u00fck a telep\u00fcl\u00e9slak\u00f3, r\u00e1gcs\u00e1l\u00f3puszt\u00edt\u00f3 baglyok k\u00f6lt\u00e9s\u00e9t<\/title>\n<meta name=\"robots\" content=\"index, follow, max-snippet:-1, max-image-preview:large, max-video-preview:-1\" \/>\n<link rel=\"canonical\" href=\"https:\/\/dorogimedence.hu\/index.php\/2024\/10\/15\/koltoladak-kihelyezesevel-segitjuk-a-telepuleslako-ragcsalopusztito-baglyok-kolteset\/\" class=\"yoast-seo-meta-tag\" \/>\n<meta property=\"og:locale\" content=\"hu_HU\" class=\"yoast-seo-meta-tag\" \/>\n<meta property=\"og:type\" content=\"article\" class=\"yoast-seo-meta-tag\" \/>\n<meta property=\"og:title\" content=\"K\u00f6lt\u0151l\u00e1d\u00e1k kihelyez\u00e9s\u00e9vel seg\u00edtj\u00fck a telep\u00fcl\u00e9slak\u00f3, r\u00e1gcs\u00e1l\u00f3puszt\u00edt\u00f3 baglyok k\u00f6lt\u00e9s\u00e9t\" class=\"yoast-seo-meta-tag\" \/>\n<meta property=\"og:description\" content=\"Magyarorsz\u00e1g t\u00edz f\u00e9szkel\u0151 bagolyfaj\u00e1b\u00f3l \u00f6t lakott ter\u00fcleteken is \u00e9l vagy kimondottan emberk\u00f6vet\u0151nek sz\u00e1m\u00edt. Telep\u00fcl\u00e9si jelenl\u00e9t\u00fck az\u00e9rt is fontos, mert ezek a madarak els\u0151sorban kisr\u00e1gcs\u00e1l\u00f3kkal t\u00e1pl\u00e1lkoznak \u00e9s fi\u00f3k\u00e1ikat is ezekkel etetik. \u00cdgy biol\u00f3giai \u00faton seg\u00edtenek kord\u00e1ban tartani a v\u00e1rosokban is probl\u00e9m\u00e1t okoz\u00f3 egereket \u00e9s patk\u00e1nyokat. Hi\u00e1nyukban ezek \u00e1llom\u00e1nyapaszt\u00e1s\u00e1t a h\u00e1zi- \u00e9s t\u00e1rs\u00e1llatok mellet az emberre is\" class=\"yoast-seo-meta-tag\" \/>\n<meta property=\"og:url\" content=\"https:\/\/dorogimedence.hu\/index.php\/2024\/10\/15\/koltoladak-kihelyezesevel-segitjuk-a-telepuleslako-ragcsalopusztito-baglyok-kolteset\/\" class=\"yoast-seo-meta-tag\" \/>\n<meta property=\"og:site_name\" content=\"Dorogi-medence Region\u00e1lis H\u00edrport\u00e1l\" class=\"yoast-seo-meta-tag\" \/>\n<meta property=\"article:publisher\" content=\"https:\/\/www.facebook.com\/dorogimedence\/\" class=\"yoast-seo-meta-tag\" \/>\n<meta property=\"article:published_time\" content=\"2024-10-15T11:42:09+00:00\" class=\"yoast-seo-meta-tag\" \/>\n<meta property=\"og:image\" content=\"https:\/\/dorogimedence.hu\/wp-content\/uploads\/2024\/10\/erdei_fulesbagoly_mufeszek_vesszokosar_harsfan_telen_Budapest_20160220_Orban_Zoltan_0009.jpg\" class=\"yoast-seo-meta-tag\" \/>\n\t<meta property=\"og:image:width\" content=\"1140\" class=\"yoast-seo-meta-tag\" \/>\n\t<meta property=\"og:image:height\" content=\"760\" class=\"yoast-seo-meta-tag\" \/>\n\t<meta property=\"og:image:type\" content=\"image\/jpeg\" class=\"yoast-seo-meta-tag\" \/>\n<meta name=\"author\" content=\"dorogimedence.hu\" class=\"yoast-seo-meta-tag\" \/>\n<meta name=\"twitter:card\" content=\"summary_large_image\" class=\"yoast-seo-meta-tag\" \/>\n<meta name=\"twitter:label1\" content=\"Szerz\u0151:\" class=\"yoast-seo-meta-tag\" \/>\n\t<meta name=\"twitter:data1\" content=\"dorogimedence.hu\" class=\"yoast-seo-meta-tag\" \/>\n\t<meta name=\"twitter:label2\" content=\"Becs\u00fclt olvas\u00e1si id\u0151\" class=\"yoast-seo-meta-tag\" \/>\n\t<meta name=\"twitter:data2\" content=\"2 perc\" class=\"yoast-seo-meta-tag\" \/>\n<script type=\"application\/ld+json\" class=\"yoast-schema-graph\">{\"@context\":\"https:\\\/\\\/schema.org\",\"@graph\":[{\"@type\":\"Article\",\"@id\":\"https:\\\/\\\/dorogimedence.hu\\\/index.php\\\/2024\\\/10\\\/15\\\/koltoladak-kihelyezesevel-segitjuk-a-telepuleslako-ragcsalopusztito-baglyok-kolteset\\\/#article\",\"isPartOf\":{\"@id\":\"https:\\\/\\\/dorogimedence.hu\\\/index.php\\\/2024\\\/10\\\/15\\\/koltoladak-kihelyezesevel-segitjuk-a-telepuleslako-ragcsalopusztito-baglyok-kolteset\\\/\"},\"author\":{\"name\":\"dorogimedence.hu\",\"@id\":\"https:\\\/\\\/dorogimedence.hu\\\/#\\\/schema\\\/person\\\/ce6091eeb7e95ecdc87890d6aa8e0fd4\"},\"headline\":\"K\u00f6lt\u0151l\u00e1d\u00e1k kihelyez\u00e9s\u00e9vel seg\u00edtj\u00fck a telep\u00fcl\u00e9slak\u00f3, r\u00e1gcs\u00e1l\u00f3puszt\u00edt\u00f3 baglyok k\u00f6lt\u00e9s\u00e9t\",\"datePublished\":\"2024-10-15T11:42:09+00:00\",\"mainEntityOfPage\":{\"@id\":\"https:\\\/\\\/dorogimedence.hu\\\/index.php\\\/2024\\\/10\\\/15\\\/koltoladak-kihelyezesevel-segitjuk-a-telepuleslako-ragcsalopusztito-baglyok-kolteset\\\/\"},\"wordCount\":469,\"publisher\":{\"@id\":\"https:\\\/\\\/dorogimedence.hu\\\/#organization\"},\"image\":{\"@id\":\"https:\\\/\\\/dorogimedence.hu\\\/index.php\\\/2024\\\/10\\\/15\\\/koltoladak-kihelyezesevel-segitjuk-a-telepuleslako-ragcsalopusztito-baglyok-kolteset\\\/#primaryimage\"},\"thumbnailUrl\":\"https:\\\/\\\/dorogimedence.hu\\\/wp-content\\\/uploads\\\/2024\\\/10\\\/erdei_fulesbagoly_mufeszek_vesszokosar_harsfan_telen_Budapest_20160220_Orban_Zoltan_0009.jpg\",\"keywords\":[\"bagoly\",\"k\u00f6lt\u00e9s\"],\"articleSection\":[\"H\u00edrek\",\"Sz\u00ednes\"],\"inLanguage\":\"hu\"},{\"@type\":\"WebPage\",\"@id\":\"https:\\\/\\\/dorogimedence.hu\\\/index.php\\\/2024\\\/10\\\/15\\\/koltoladak-kihelyezesevel-segitjuk-a-telepuleslako-ragcsalopusztito-baglyok-kolteset\\\/\",\"url\":\"https:\\\/\\\/dorogimedence.hu\\\/index.php\\\/2024\\\/10\\\/15\\\/koltoladak-kihelyezesevel-segitjuk-a-telepuleslako-ragcsalopusztito-baglyok-kolteset\\\/\",\"name\":\"K\u00f6lt\u0151l\u00e1d\u00e1k kihelyez\u00e9s\u00e9vel seg\u00edtj\u00fck a telep\u00fcl\u00e9slak\u00f3, r\u00e1gcs\u00e1l\u00f3puszt\u00edt\u00f3 baglyok k\u00f6lt\u00e9s\u00e9t\",\"isPartOf\":{\"@id\":\"https:\\\/\\\/dorogimedence.hu\\\/#website\"},\"primaryImageOfPage\":{\"@id\":\"https:\\\/\\\/dorogimedence.hu\\\/index.php\\\/2024\\\/10\\\/15\\\/koltoladak-kihelyezesevel-segitjuk-a-telepuleslako-ragcsalopusztito-baglyok-kolteset\\\/#primaryimage\"},\"image\":{\"@id\":\"https:\\\/\\\/dorogimedence.hu\\\/index.php\\\/2024\\\/10\\\/15\\\/koltoladak-kihelyezesevel-segitjuk-a-telepuleslako-ragcsalopusztito-baglyok-kolteset\\\/#primaryimage\"},\"thumbnailUrl\":\"https:\\\/\\\/dorogimedence.hu\\\/wp-content\\\/uploads\\\/2024\\\/10\\\/erdei_fulesbagoly_mufeszek_vesszokosar_harsfan_telen_Budapest_20160220_Orban_Zoltan_0009.jpg\",\"datePublished\":\"2024-10-15T11:42:09+00:00\",\"breadcrumb\":{\"@id\":\"https:\\\/\\\/dorogimedence.hu\\\/index.php\\\/2024\\\/10\\\/15\\\/koltoladak-kihelyezesevel-segitjuk-a-telepuleslako-ragcsalopusztito-baglyok-kolteset\\\/#breadcrumb\"},\"inLanguage\":\"hu\",\"potentialAction\":[{\"@type\":\"ReadAction\",\"target\":[\"https:\\\/\\\/dorogimedence.hu\\\/index.php\\\/2024\\\/10\\\/15\\\/koltoladak-kihelyezesevel-segitjuk-a-telepuleslako-ragcsalopusztito-baglyok-kolteset\\\/\"]}]},{\"@type\":\"ImageObject\",\"inLanguage\":\"hu\",\"@id\":\"https:\\\/\\\/dorogimedence.hu\\\/index.php\\\/2024\\\/10\\\/15\\\/koltoladak-kihelyezesevel-segitjuk-a-telepuleslako-ragcsalopusztito-baglyok-kolteset\\\/#primaryimage\",\"url\":\"https:\\\/\\\/dorogimedence.hu\\\/wp-content\\\/uploads\\\/2024\\\/10\\\/erdei_fulesbagoly_mufeszek_vesszokosar_harsfan_telen_Budapest_20160220_Orban_Zoltan_0009.jpg\",\"contentUrl\":\"https:\\\/\\\/dorogimedence.hu\\\/wp-content\\\/uploads\\\/2024\\\/10\\\/erdei_fulesbagoly_mufeszek_vesszokosar_harsfan_telen_Budapest_20160220_Orban_Zoltan_0009.jpg\",\"width\":1140,\"height\":760},{\"@type\":\"BreadcrumbList\",\"@id\":\"https:\\\/\\\/dorogimedence.hu\\\/index.php\\\/2024\\\/10\\\/15\\\/koltoladak-kihelyezesevel-segitjuk-a-telepuleslako-ragcsalopusztito-baglyok-kolteset\\\/#breadcrumb\",\"itemListElement\":[{\"@type\":\"ListItem\",\"position\":1,\"name\":\"Kezd\u0151lap\",\"item\":\"https:\\\/\\\/dorogimedence.hu\\\/\"},{\"@type\":\"ListItem\",\"position\":2,\"name\":\"K\u00f6lt\u0151l\u00e1d\u00e1k kihelyez\u00e9s\u00e9vel seg\u00edtj\u00fck a telep\u00fcl\u00e9slak\u00f3, r\u00e1gcs\u00e1l\u00f3puszt\u00edt\u00f3 baglyok k\u00f6lt\u00e9s\u00e9t\"}]},{\"@type\":\"WebSite\",\"@id\":\"https:\\\/\\\/dorogimedence.hu\\\/#website\",\"url\":\"https:\\\/\\\/dorogimedence.hu\\\/\",\"name\":\"Dorogi-medence Region\u00e1lis H\u00edrport\u00e1l\",\"description\":\"Dorog, Keszt\u00f6lc, Le\u00e1nyv\u00e1r, Piliscs\u00e9v, Tokod, Tokodalt\u00e1r\u00f3, Csolnok, Esztergom-kertv\u00e1ros: h\u00edrek, programok\",\"publisher\":{\"@id\":\"https:\\\/\\\/dorogimedence.hu\\\/#organization\"},\"potentialAction\":[{\"@type\":\"SearchAction\",\"target\":{\"@type\":\"EntryPoint\",\"urlTemplate\":\"https:\\\/\\\/dorogimedence.hu\\\/?s={search_term_string}\"},\"query-input\":{\"@type\":\"PropertyValueSpecification\",\"valueRequired\":true,\"valueName\":\"search_term_string\"}}],\"inLanguage\":\"hu\"},{\"@type\":\"Organization\",\"@id\":\"https:\\\/\\\/dorogimedence.hu\\\/#organization\",\"name\":\"Dorogi-medence Region\u00e1lis H\u00edrport\u00e1l\",\"url\":\"https:\\\/\\\/dorogimedence.hu\\\/\",\"logo\":{\"@type\":\"ImageObject\",\"inLanguage\":\"hu\",\"@id\":\"https:\\\/\\\/dorogimedence.hu\\\/#\\\/schema\\\/logo\\\/image\\\/\",\"url\":\"https:\\\/\\\/dorogimedence.hu\\\/wp-content\\\/uploads\\\/2021\\\/04\\\/logo-feher-600.png\",\"contentUrl\":\"https:\\\/\\\/dorogimedence.hu\\\/wp-content\\\/uploads\\\/2021\\\/04\\\/logo-feher-600.png\",\"width\":600,\"height\":100,\"caption\":\"Dorogi-medence Region\u00e1lis H\u00edrport\u00e1l\"},\"image\":{\"@id\":\"https:\\\/\\\/dorogimedence.hu\\\/#\\\/schema\\\/logo\\\/image\\\/\"},\"sameAs\":[\"https:\\\/\\\/www.facebook.com\\\/dorogimedence\\\/\"]},{\"@type\":\"Person\",\"@id\":\"https:\\\/\\\/dorogimedence.hu\\\/#\\\/schema\\\/person\\\/ce6091eeb7e95ecdc87890d6aa8e0fd4\",\"name\":\"dorogimedence.hu\",\"image\":{\"@type\":\"ImageObject\",\"inLanguage\":\"hu\",\"@id\":\"\\\/\\\/www.gravatar.com\\\/avatar\\\/d8d45f8901aadff40a4af72c0b826f1d?s=96&#038;r=g&#038;d=mm\",\"url\":\"\\\/\\\/www.gravatar.com\\\/avatar\\\/d8d45f8901aadff40a4af72c0b826f1d?s=96&#038;r=g&#038;d=mm\",\"contentUrl\":\"\\\/\\\/www.gravatar.com\\\/avatar\\\/d8d45f8901aadff40a4af72c0b826f1d?s=96&#038;r=g&#038;d=mm\",\"caption\":\"dorogimedence.hu\"}}]}<\/script>\n<!-- \/ Yoast SEO plugin. -->","yoast_head_json":{"title":"K\u00f6lt\u0151l\u00e1d\u00e1k kihelyez\u00e9s\u00e9vel seg\u00edtj\u00fck a telep\u00fcl\u00e9slak\u00f3, r\u00e1gcs\u00e1l\u00f3puszt\u00edt\u00f3 baglyok k\u00f6lt\u00e9s\u00e9t","robots":{"index":"index","follow":"follow","max-snippet":"max-snippet:-1","max-image-preview":"max-image-preview:large","max-video-preview":"max-video-preview:-1"},"canonical":"https:\/\/dorogimedence.hu\/index.php\/2024\/10\/15\/koltoladak-kihelyezesevel-segitjuk-a-telepuleslako-ragcsalopusztito-baglyok-kolteset\/","og_locale":"hu_HU","og_type":"article","og_title":"K\u00f6lt\u0151l\u00e1d\u00e1k kihelyez\u00e9s\u00e9vel seg\u00edtj\u00fck a telep\u00fcl\u00e9slak\u00f3, r\u00e1gcs\u00e1l\u00f3puszt\u00edt\u00f3 baglyok k\u00f6lt\u00e9s\u00e9t","og_description":"Magyarorsz\u00e1g t\u00edz f\u00e9szkel\u0151 bagolyfaj\u00e1b\u00f3l \u00f6t lakott ter\u00fcleteken is \u00e9l vagy kimondottan emberk\u00f6vet\u0151nek sz\u00e1m\u00edt. Telep\u00fcl\u00e9si jelenl\u00e9t\u00fck az\u00e9rt is fontos, mert ezek a madarak els\u0151sorban kisr\u00e1gcs\u00e1l\u00f3kkal t\u00e1pl\u00e1lkoznak \u00e9s fi\u00f3k\u00e1ikat is ezekkel etetik. \u00cdgy biol\u00f3giai \u00faton seg\u00edtenek kord\u00e1ban tartani a v\u00e1rosokban is probl\u00e9m\u00e1t okoz\u00f3 egereket \u00e9s patk\u00e1nyokat. Hi\u00e1nyukban ezek \u00e1llom\u00e1nyapaszt\u00e1s\u00e1t a h\u00e1zi- \u00e9s t\u00e1rs\u00e1llatok mellet az emberre is","og_url":"https:\/\/dorogimedence.hu\/index.php\/2024\/10\/15\/koltoladak-kihelyezesevel-segitjuk-a-telepuleslako-ragcsalopusztito-baglyok-kolteset\/","og_site_name":"Dorogi-medence Region\u00e1lis H\u00edrport\u00e1l","article_publisher":"https:\/\/www.facebook.com\/dorogimedence\/","article_published_time":"2024-10-15T11:42:09+00:00","og_image":[{"width":1140,"height":760,"url":"https:\/\/dorogimedence.hu\/wp-content\/uploads\/2024\/10\/erdei_fulesbagoly_mufeszek_vesszokosar_harsfan_telen_Budapest_20160220_Orban_Zoltan_0009.jpg","type":"image\/jpeg"}],"author":"dorogimedence.hu","twitter_card":"summary_large_image","twitter_misc":{"Szerz\u0151:":"dorogimedence.hu","Becs\u00fclt olvas\u00e1si id\u0151":"2 perc"},"schema":{"@context":"https:\/\/schema.org","@graph":[{"@type":"Article","@id":"https:\/\/dorogimedence.hu\/index.php\/2024\/10\/15\/koltoladak-kihelyezesevel-segitjuk-a-telepuleslako-ragcsalopusztito-baglyok-kolteset\/#article","isPartOf":{"@id":"https:\/\/dorogimedence.hu\/index.php\/2024\/10\/15\/koltoladak-kihelyezesevel-segitjuk-a-telepuleslako-ragcsalopusztito-baglyok-kolteset\/"},"author":{"name":"dorogimedence.hu","@id":"https:\/\/dorogimedence.hu\/#\/schema\/person\/ce6091eeb7e95ecdc87890d6aa8e0fd4"},"headline":"K\u00f6lt\u0151l\u00e1d\u00e1k kihelyez\u00e9s\u00e9vel seg\u00edtj\u00fck a telep\u00fcl\u00e9slak\u00f3, r\u00e1gcs\u00e1l\u00f3puszt\u00edt\u00f3 baglyok k\u00f6lt\u00e9s\u00e9t","datePublished":"2024-10-15T11:42:09+00:00","mainEntityOfPage":{"@id":"https:\/\/dorogimedence.hu\/index.php\/2024\/10\/15\/koltoladak-kihelyezesevel-segitjuk-a-telepuleslako-ragcsalopusztito-baglyok-kolteset\/"},"wordCount":469,"publisher":{"@id":"https:\/\/dorogimedence.hu\/#organization"},"image":{"@id":"https:\/\/dorogimedence.hu\/index.php\/2024\/10\/15\/koltoladak-kihelyezesevel-segitjuk-a-telepuleslako-ragcsalopusztito-baglyok-kolteset\/#primaryimage"},"thumbnailUrl":"https:\/\/dorogimedence.hu\/wp-content\/uploads\/2024\/10\/erdei_fulesbagoly_mufeszek_vesszokosar_harsfan_telen_Budapest_20160220_Orban_Zoltan_0009.jpg","keywords":["bagoly","k\u00f6lt\u00e9s"],"articleSection":["H\u00edrek","Sz\u00ednes"],"inLanguage":"hu"},{"@type":"WebPage","@id":"https:\/\/dorogimedence.hu\/index.php\/2024\/10\/15\/koltoladak-kihelyezesevel-segitjuk-a-telepuleslako-ragcsalopusztito-baglyok-kolteset\/","url":"https:\/\/dorogimedence.hu\/index.php\/2024\/10\/15\/koltoladak-kihelyezesevel-segitjuk-a-telepuleslako-ragcsalopusztito-baglyok-kolteset\/","name":"K\u00f6lt\u0151l\u00e1d\u00e1k kihelyez\u00e9s\u00e9vel seg\u00edtj\u00fck a telep\u00fcl\u00e9slak\u00f3, r\u00e1gcs\u00e1l\u00f3puszt\u00edt\u00f3 baglyok k\u00f6lt\u00e9s\u00e9t","isPartOf":{"@id":"https:\/\/dorogimedence.hu\/#website"},"primaryImageOfPage":{"@id":"https:\/\/dorogimedence.hu\/index.php\/2024\/10\/15\/koltoladak-kihelyezesevel-segitjuk-a-telepuleslako-ragcsalopusztito-baglyok-kolteset\/#primaryimage"},"image":{"@id":"https:\/\/dorogimedence.hu\/index.php\/2024\/10\/15\/koltoladak-kihelyezesevel-segitjuk-a-telepuleslako-ragcsalopusztito-baglyok-kolteset\/#primaryimage"},"thumbnailUrl":"https:\/\/dorogimedence.hu\/wp-content\/uploads\/2024\/10\/erdei_fulesbagoly_mufeszek_vesszokosar_harsfan_telen_Budapest_20160220_Orban_Zoltan_0009.jpg","datePublished":"2024-10-15T11:42:09+00:00","breadcrumb":{"@id":"https:\/\/dorogimedence.hu\/index.php\/2024\/10\/15\/koltoladak-kihelyezesevel-segitjuk-a-telepuleslako-ragcsalopusztito-baglyok-kolteset\/#breadcrumb"},"inLanguage":"hu","potentialAction":[{"@type":"ReadAction","target":["https:\/\/dorogimedence.hu\/index.php\/2024\/10\/15\/koltoladak-kihelyezesevel-segitjuk-a-telepuleslako-ragcsalopusztito-baglyok-kolteset\/"]}]},{"@type":"ImageObject","inLanguage":"hu","@id":"https:\/\/dorogimedence.hu\/index.php\/2024\/10\/15\/koltoladak-kihelyezesevel-segitjuk-a-telepuleslako-ragcsalopusztito-baglyok-kolteset\/#primaryimage","url":"https:\/\/dorogimedence.hu\/wp-content\/uploads\/2024\/10\/erdei_fulesbagoly_mufeszek_vesszokosar_harsfan_telen_Budapest_20160220_Orban_Zoltan_0009.jpg","contentUrl":"https:\/\/dorogimedence.hu\/wp-content\/uploads\/2024\/10\/erdei_fulesbagoly_mufeszek_vesszokosar_harsfan_telen_Budapest_20160220_Orban_Zoltan_0009.jpg","width":1140,"height":760},{"@type":"BreadcrumbList","@id":"https:\/\/dorogimedence.hu\/index.php\/2024\/10\/15\/koltoladak-kihelyezesevel-segitjuk-a-telepuleslako-ragcsalopusztito-baglyok-kolteset\/#breadcrumb","itemListElement":[{"@type":"ListItem","position":1,"name":"Kezd\u0151lap","item":"https:\/\/dorogimedence.hu\/"},{"@type":"ListItem","position":2,"name":"K\u00f6lt\u0151l\u00e1d\u00e1k kihelyez\u00e9s\u00e9vel seg\u00edtj\u00fck a telep\u00fcl\u00e9slak\u00f3, r\u00e1gcs\u00e1l\u00f3puszt\u00edt\u00f3 baglyok k\u00f6lt\u00e9s\u00e9t"}]},{"@type":"WebSite","@id":"https:\/\/dorogimedence.hu\/#website","url":"https:\/\/dorogimedence.hu\/","name":"Dorogi-medence Region\u00e1lis H\u00edrport\u00e1l","description":"Dorog, Keszt\u00f6lc, Le\u00e1nyv\u00e1r, Piliscs\u00e9v, Tokod, Tokodalt\u00e1r\u00f3, Csolnok, Esztergom-kertv\u00e1ros: h\u00edrek, programok","publisher":{"@id":"https:\/\/dorogimedence.hu\/#organization"},"potentialAction":[{"@type":"SearchAction","target":{"@type":"EntryPoint","urlTemplate":"https:\/\/dorogimedence.hu\/?s={search_term_string}"},"query-input":{"@type":"PropertyValueSpecification","valueRequired":true,"valueName":"search_term_string"}}],"inLanguage":"hu"},{"@type":"Organization","@id":"https:\/\/dorogimedence.hu\/#organization","name":"Dorogi-medence Region\u00e1lis H\u00edrport\u00e1l","url":"https:\/\/dorogimedence.hu\/","logo":{"@type":"ImageObject","inLanguage":"hu","@id":"https:\/\/dorogimedence.hu\/#\/schema\/logo\/image\/","url":"https:\/\/dorogimedence.hu\/wp-content\/uploads\/2021\/04\/logo-feher-600.png","contentUrl":"https:\/\/dorogimedence.hu\/wp-content\/uploads\/2021\/04\/logo-feher-600.png","width":600,"height":100,"caption":"Dorogi-medence Region\u00e1lis H\u00edrport\u00e1l"},"image":{"@id":"https:\/\/dorogimedence.hu\/#\/schema\/logo\/image\/"},"sameAs":["https:\/\/www.facebook.com\/dorogimedence\/"]},{"@type":"Person","@id":"https:\/\/dorogimedence.hu\/#\/schema\/person\/ce6091eeb7e95ecdc87890d6aa8e0fd4","name":"dorogimedence.hu","image":{"@type":"ImageObject","inLanguage":"hu","@id":"\/\/www.gravatar.com\/avatar\/d8d45f8901aadff40a4af72c0b826f1d?s=96&#038;r=g&#038;d=mm","url":"\/\/www.gravatar.com\/avatar\/d8d45f8901aadff40a4af72c0b826f1d?s=96&#038;r=g&#038;d=mm","contentUrl":"\/\/www.gravatar.com\/avatar\/d8d45f8901aadff40a4af72c0b826f1d?s=96&#038;r=g&#038;d=mm","caption":"dorogimedence.hu"}}]}},"_links":{"self":[{"href":"https:\/\/dorogimedence.hu\/index.php\/wp-json\/wp\/v2\/posts\/65889","targetHints":{"allow":["GET"]}}],"collection":[{"href":"https:\/\/dorogimedence.hu\/index.php\/wp-json\/wp\/v2\/posts"}],"about":[{"href":"https:\/\/dorogimedence.hu\/index.php\/wp-json\/wp\/v2\/types\/post"}],"author":[{"embeddable":true,"href":"https:\/\/dorogimedence.hu\/index.php\/wp-json\/wp\/v2\/users\/1"}],"replies":[{"embeddable":true,"href":"https:\/\/dorogimedence.hu\/index.php\/wp-json\/wp\/v2\/comments?post=65889"}],"version-history":[{"count":0,"href":"https:\/\/dorogimedence.hu\/index.php\/wp-json\/wp\/v2\/posts\/65889\/revisions"}],"wp:featuredmedia":[{"embeddable":true,"href":"https:\/\/dorogimedence.hu\/index.php\/wp-json\/wp\/v2\/media\/65890"}],"wp:attachment":[{"href":"https:\/\/dorogimedence.hu\/index.php\/wp-json\/wp\/v2\/media?parent=65889"}],"wp:term":[{"taxonomy":"category","embeddable":true,"href":"https:\/\/dorogimedence.hu\/index.php\/wp-json\/wp\/v2\/categories?post=65889"},{"taxonomy":"post_tag","embeddable":true,"href":"https:\/\/dorogimedence.hu\/index.php\/wp-json\/wp\/v2\/tags?post=65889"}],"curies":[{"name":"wp","href":"https:\/\/api.w.org\/{rel}","templated":true}]}}