{"id":6582,"date":"2017-11-14T07:05:10","date_gmt":"2017-11-14T06:05:10","guid":{"rendered":"http:\/\/dorogimedence.hu\/?p=6582"},"modified":"2017-11-14T07:05:55","modified_gmt":"2017-11-14T06:05:55","slug":"mindenkinek-mast-jelent-a-boldogsag","status":"publish","type":"post","link":"https:\/\/dorogimedence.hu\/index.php\/2017\/11\/14\/mindenkinek-mast-jelent-a-boldogsag\/","title":{"rendered":"Mindenkinek m\u00e1st jelent a boldogs\u00e1g!"},"content":{"rendered":"<p><strong>A boldogs\u00e1got mindannyiunknak meg kell tal\u00e1lni. T\u00f6rekedj\u00fcnk arra, hogy az \u00e9letnek a pozit\u00edv oldal\u00e1t szeml\u00e9lj\u00fck. Term\u00e9szetesen ezt k\u00f6nny\u0171 mondani, azonban nem lehetetlen ezt megcsin\u00e1lni.<\/strong><\/p>\n<p>Mindenki m\u00e1sban lelheti meg az \u00f6r\u00f6met. Vannak, akik szakmai \u00e9let\u00fcket szeretn\u00e9k el\u0151bbre vinni, \u00e9s ezzel egyidej\u0171leg karriert csin\u00e1lni. Amennyiben ezt szeretn\u00e9nk, akkor fel kell v\u00e9rtezn\u00fcnk magunkat arra, hogy kem\u00e9nyen kell dolgoznunk. Karriert legegyszer\u0171bben multinacion\u00e1lis v\u00e1llalatokn\u00e1l lehet csin\u00e1lni, hiszen nagyv\u00e1llalatokn\u00e1l sokkal egyszer\u0171bben fentebb lehet ker\u00fclni azon a bizonyos rangl\u00e9tr\u00e1n.<\/p>\n<p>A munka mellett sz\u00fcks\u00e9g\u00fcnk lehet stabil p\u00e1rkapcsolatra is. Manaps\u00e1g nem egyszer\u0171 megtal\u00e1lni azt a t\u00e1rsat, akivel egy \u00e9leten \u00e1t egy\u00fctt tudunk \u00e9lni. Azonban semmi sem lehetetlen. Egyet tartsunk szem el\u0151tt. Amennyiben nincs p\u00e1rkapcsolatunk, ne g\u00f6rcs\u00f6lj\u00fcnk r\u00e1 a t\u00e9m\u00e1ra, mert ez nem seg\u00edthet rajtunk. El\u0151bb vagy ut\u00f3bb mindannyian megtal\u00e1ljuk azt a t\u00e1rsat, akit mindig is kerest\u00fcnk. Mindny\u00e1jan v\u00e1gyunk biztons\u00e1gra, \u00e9s arra is, hogy legyen valaki mellett\u00fcnk a neh\u00e9z helyzetekben is. Egyed\u00fcl sokkal nehezebb boldogulni az \u00e9letben, de ha van mellett\u00fcnk valaki, akkor k\u00f6nnyebb\u00e9 v\u00e1lhat \u00e9let\u00fcnk.<\/p>\n<p>A p\u00e1rkapcsolatot megel\u0151zi a randev\u00fa. Ilyenkor arra t\u00f6reksz\u00fcnk, hogy a lehet\u0151 legjobban n\u00e9zz\u00fcnk ki. A k\u00fcls\u0151 is \u00e9ppolyan fontos, mint a bels\u0151 tulajdons\u00e1g. Manaps\u00e1g sokat adunk a k\u00fcls\u0151nkre. Egy\u00e1ltal\u00e1n nem mindegy hogyan jelen\u00fcnk meg h\u00e9tk\u00f6znap, a munkahely\u00fcnk\u00f6n, vagy egy randev\u00fan. Ruh\u00e1zatunkat mindig kell\u0151 gondoss\u00e1ggal \u00e1ll\u00edtsuk \u00f6ssze. Sokkal jobban \u00e9rezhetj\u00fck magunkat akkor, ha \u00f6lt\u00f6z\u00e9k\u00fcnket fel tudjuk friss\u00edteni k\u00fcl\u00f6nb\u00f6z\u0151 kieg\u00e9sz\u00edt\u0151kkel. Napjainkban, az internet vil\u00e1g\u00e1ban m\u00e1r egy\u00e1ltal\u00e1n nem vagyunk r\u00e1szorulva arra, hogy szem\u00e9lyesen l\u00e1togassuk meg a pl\u00e1za \u00fczleteit, amikor mindenre r\u00e1bukkanhatunk egy helyen is. A kieg\u00e9sz\u00edt\u0151k k\u00f6z\u00e9 sorolhat\u00f3ak a k\u00fcl\u00f6nb\u00f6z\u0151 nyak\u00e9kek, karl\u00e1ncok, t\u00e1sk\u00e1k, \u00e9s f\u00fclbeval\u00f3k.<\/p>\n<p>Sokszor megfeledkez\u00fcnk az egyik legfontosabb kieg\u00e9sz\u00edt\u0151r\u0151l, ami val\u00f3ban \u00f6lt\u00f6ztet. <strong>Ez pedig nem m\u00e1s, mint egy <a href=\"https:\/\/www.mutatosora.hu\/spl\/246461\/Ferfi-karorak\" target=\"_blank\" rel=\"noopener\"><span style=\"text-decoration: underline; color: #0000ff;\">trendi f\u00e9rfi\u00f3ra<\/span><\/a>.<\/strong> Egy \u00f3r\u00e1t b\u00e1rhov\u00e1 fel tudunk venni, hiszen azonk\u00edv\u00fcl hogy le tudjuk r\u00f3la olvasni az id\u0151t, t\u00f6k\u00e9letesen kieg\u00e9sz\u00edthetj\u00fck vele \u00f6lt\u00f6z\u00e9k\u00fcnket. Amennyiben internetr\u0151l szeretn\u00e9nk rendelni, fontos lehet sz\u00e1munka az, hogy megb\u00edzhat\u00f3 honlapr\u00f3l tudjunk t\u00e1j\u00e9koz\u00f3dni.<strong> Ha be\u00fctj\u00fck a Google keres\u0151j\u00e9be a mutat\u00f3s \u00f3ra szavakat, akkor egy olyan honlapon tal\u00e1lhatjuk magunkat, ahol biztons\u00e1gon meg tudjuk rendelni a k\u00edv\u00e1nt term\u00e9keket.<\/strong> Sz\u00e1mos \u00f3rat\u00edpust, \u00e9s egy\u00e9b kieg\u00e9sz\u00edt\u0151t is megn\u00e9zhet\u00fcnk a honlapon. A facebookon is \u00e9rdemes aktiviz\u00e1lni magunkat, mert az \u00faj kieg\u00e9sz\u00edt\u0151kr\u0151l, \u00e9s \u00f3rat\u00edpusokr\u00f3l a k\u00f6z\u00f6ss\u00e9gi port\u00e1lon \u00e9rtes\u00fclhet\u00fcnk a legk\u00f6nnyebben. Mindezeken t\u00fal b\u00e1tran iratkozzunk fel a honlap h\u00edrlevel\u00e9re is, hogy m\u00e9g t\u00f6bb aktualit\u00e1ssal tal\u00e1lkozzunk.<\/p>\n<p>A<a href=\"https:\/\/www.mutatosora.hu\/spl\/674159\/Noi-karorak\" target=\"_blank\" rel=\"noopener\"><span style=\"text-decoration: underline; color: #0000ff;\"><strong> divatos n\u0151i \u00f3r\u00e1k <\/strong><\/span><\/a>v\u00e1laszt\u00e9k\u00e1ban megtal\u00e1lhat\u00f3 a Geneva Rolett, \u00e9s az MxRe Mesh m\u00e1rk\u00e1val rendelkez\u0151 kar\u00f3ra is. A Geneva Rolett jellemz\u0151i k\u00f6z\u00e9 tartozik a nagym\u00e9ret\u0171, kerek, vastag, ez\u00fcstsz\u00edn\u0171 \u00f3rah\u00e1z. A kar\u00f3r\u00e1n fekete sz\u00e1mlap, ez\u00fcstsz\u00edn\u0171, egyedileg d\u00edsz\u00edtett, nagym\u00e9ret\u0171 arab sz\u00e1mok tal\u00e1lhat\u00f3ak. K\u00fcl\u00f6nlegess\u00e9ge abban rejlik, hogy k\u00f6vekkel d\u00edsz\u00edtett, kisebb m\u00e9ret\u0171 \u00f3rah\u00e1z az \u00f3r\u00e1ban lelhet\u0151 fel. Ezzel a kar\u00f3r\u00e1val ak\u00e1r extravag\u00e1ns st\u00edlust is k\u00e9pviselhet\u00fcnk. Lakkozott fekete sz\u00edn\u0171 szintetikus b\u0151rsz\u00edja, \u00e9s ez\u00fcstsz\u00edn\u0171 csatja m\u00e9g ink\u00e1bb kiemeli a vag\u00e1ny st\u00edlust. Az MxRe Mesh kar\u00f3ra aranysz\u00edn\u0171 f\u00e9m sz\u00edja \u00e9s kerek \u00f3rah\u00e1za egyedi megjelen\u00e9st adhat nek\u00fcnk. Tov\u00e1bb\u00e1 az \u00f3ra ov\u00e1lis tokkal, feh\u00e9r sz\u00e1mlappal \u00e9s fekete vonaljelz\u00e9ssel tekinthet\u0151 meg a honlapon. <strong>Sz\u00e1mos egyedi \u00f3rat\u00edpus el\u00e9rhet\u0151 a weboldalon!<\/strong><\/p>\n<p><img fetchpriority=\"high\" decoding=\"async\" class=\"alignnone size-full wp-image-6583\" src=\"https:\/\/dorogimedence.hu\/wp-content\/uploads\/2017\/11\/ora-02.jpg\" alt=\"\" width=\"670\" height=\"670\" srcset=\"https:\/\/dorogimedence.hu\/wp-content\/uploads\/2017\/11\/ora-02.jpg 670w, https:\/\/dorogimedence.hu\/wp-content\/uploads\/2017\/11\/ora-02-150x150.jpg 150w, https:\/\/dorogimedence.hu\/wp-content\/uploads\/2017\/11\/ora-02-300x300.jpg 300w, https:\/\/dorogimedence.hu\/wp-content\/uploads\/2017\/11\/ora-02-53x53.jpg 53w\" sizes=\"(max-width: 670px) 100vw, 670px\" \/><\/p>\n","protected":false},"excerpt":{"rendered":"<p>A boldogs\u00e1got mindannyiunknak meg kell tal\u00e1lni. T\u00f6rekedj\u00fcnk arra, hogy az \u00e9letnek a pozit\u00edv oldal\u00e1t szeml\u00e9lj\u00fck. Term\u00e9szetesen ezt k\u00f6nny\u0171 mondani, azonban nem lehetetlen ezt megcsin\u00e1lni. Mindenki m\u00e1sban lelheti meg az \u00f6r\u00f6met. Vannak, akik szakmai \u00e9let\u00fcket szeretn\u00e9k el\u0151bbre vinni, \u00e9s ezzel egyidej\u0171leg karriert csin\u00e1lni. Amennyiben ezt szeretn\u00e9nk, akkor fel kell v\u00e9rtezn\u00fcnk magunkat arra, hogy kem\u00e9nyen kell dolgoznunk.<\/p>\n","protected":false},"author":1,"featured_media":6584,"comment_status":"closed","ping_status":"closed","sticky":false,"template":"","format":"standard","meta":{"ngg_post_thumbnail":0,"footnotes":""},"categories":[3],"tags":[404,1787,1788,1786,1789],"class_list":{"0":"post-6582","1":"post","2":"type-post","3":"status-publish","4":"format-standard","5":"has-post-thumbnail","7":"category-hirek","8":"tag-ajandek","9":"tag-karacsony","10":"tag-karora","11":"tag-mutatos-ora","12":"tag-ora"},"yoast_head":"<!-- This site is optimized with the Yoast SEO plugin v27.4 - https:\/\/yoast.com\/product\/yoast-seo-wordpress\/ -->\n<title>Mindenkinek m\u00e1st jelent a boldogs\u00e1g!<\/title>\n<meta name=\"robots\" content=\"index, follow, max-snippet:-1, max-image-preview:large, max-video-preview:-1\" \/>\n<link rel=\"canonical\" href=\"https:\/\/dorogimedence.hu\/index.php\/2017\/11\/14\/mindenkinek-mast-jelent-a-boldogsag\/\" class=\"yoast-seo-meta-tag\" \/>\n<meta property=\"og:locale\" content=\"hu_HU\" class=\"yoast-seo-meta-tag\" \/>\n<meta property=\"og:type\" content=\"article\" class=\"yoast-seo-meta-tag\" \/>\n<meta property=\"og:title\" content=\"Mindenkinek m\u00e1st jelent a boldogs\u00e1g!\" class=\"yoast-seo-meta-tag\" \/>\n<meta property=\"og:description\" content=\"A boldogs\u00e1got mindannyiunknak meg kell tal\u00e1lni. T\u00f6rekedj\u00fcnk arra, hogy az \u00e9letnek a pozit\u00edv oldal\u00e1t szeml\u00e9lj\u00fck. Term\u00e9szetesen ezt k\u00f6nny\u0171 mondani, azonban nem lehetetlen ezt megcsin\u00e1lni. Mindenki m\u00e1sban lelheti meg az \u00f6r\u00f6met. Vannak, akik szakmai \u00e9let\u00fcket szeretn\u00e9k el\u0151bbre vinni, \u00e9s ezzel egyidej\u0171leg karriert csin\u00e1lni. Amennyiben ezt szeretn\u00e9nk, akkor fel kell v\u00e9rtezn\u00fcnk magunkat arra, hogy kem\u00e9nyen kell dolgoznunk.\" class=\"yoast-seo-meta-tag\" \/>\n<meta property=\"og:url\" content=\"https:\/\/dorogimedence.hu\/index.php\/2017\/11\/14\/mindenkinek-mast-jelent-a-boldogsag\/\" class=\"yoast-seo-meta-tag\" \/>\n<meta property=\"og:site_name\" content=\"Dorogi-medence Region\u00e1lis H\u00edrport\u00e1l\" class=\"yoast-seo-meta-tag\" \/>\n<meta property=\"article:publisher\" content=\"https:\/\/www.facebook.com\/dorogimedence\/\" class=\"yoast-seo-meta-tag\" \/>\n<meta property=\"article:published_time\" content=\"2017-11-14T06:05:10+00:00\" class=\"yoast-seo-meta-tag\" \/>\n<meta property=\"article:modified_time\" content=\"2017-11-14T06:05:55+00:00\" class=\"yoast-seo-meta-tag\" \/>\n<meta property=\"og:image\" content=\"https:\/\/i0.wp.com\/dorogimedence.hu\/wp-content\/uploads\/2017\/11\/ora-01.jpg?fit=670%2C365&ssl=1\" class=\"yoast-seo-meta-tag\" \/>\n\t<meta property=\"og:image:width\" content=\"670\" class=\"yoast-seo-meta-tag\" \/>\n\t<meta property=\"og:image:height\" content=\"365\" class=\"yoast-seo-meta-tag\" \/>\n\t<meta property=\"og:image:type\" content=\"image\/jpeg\" class=\"yoast-seo-meta-tag\" \/>\n<meta name=\"author\" content=\"dorogimedence.hu\" class=\"yoast-seo-meta-tag\" \/>\n<meta name=\"twitter:card\" content=\"summary_large_image\" class=\"yoast-seo-meta-tag\" \/>\n<meta name=\"twitter:label1\" content=\"Szerz\u0151:\" class=\"yoast-seo-meta-tag\" \/>\n\t<meta name=\"twitter:data1\" content=\"dorogimedence.hu\" class=\"yoast-seo-meta-tag\" \/>\n\t<meta name=\"twitter:label2\" content=\"Becs\u00fclt olvas\u00e1si id\u0151\" class=\"yoast-seo-meta-tag\" \/>\n\t<meta name=\"twitter:data2\" content=\"4 perc\" class=\"yoast-seo-meta-tag\" \/>\n<script type=\"application\/ld+json\" class=\"yoast-schema-graph\">{\"@context\":\"https:\\\/\\\/schema.org\",\"@graph\":[{\"@type\":\"Article\",\"@id\":\"https:\\\/\\\/dorogimedence.hu\\\/index.php\\\/2017\\\/11\\\/14\\\/mindenkinek-mast-jelent-a-boldogsag\\\/#article\",\"isPartOf\":{\"@id\":\"https:\\\/\\\/dorogimedence.hu\\\/index.php\\\/2017\\\/11\\\/14\\\/mindenkinek-mast-jelent-a-boldogsag\\\/\"},\"author\":{\"name\":\"dorogimedence.hu\",\"@id\":\"https:\\\/\\\/dorogimedence.hu\\\/#\\\/schema\\\/person\\\/ce6091eeb7e95ecdc87890d6aa8e0fd4\"},\"headline\":\"Mindenkinek m\u00e1st jelent a boldogs\u00e1g!\",\"datePublished\":\"2017-11-14T06:05:10+00:00\",\"dateModified\":\"2017-11-14T06:05:55+00:00\",\"mainEntityOfPage\":{\"@id\":\"https:\\\/\\\/dorogimedence.hu\\\/index.php\\\/2017\\\/11\\\/14\\\/mindenkinek-mast-jelent-a-boldogsag\\\/\"},\"wordCount\":736,\"publisher\":{\"@id\":\"https:\\\/\\\/dorogimedence.hu\\\/#organization\"},\"image\":{\"@id\":\"https:\\\/\\\/dorogimedence.hu\\\/index.php\\\/2017\\\/11\\\/14\\\/mindenkinek-mast-jelent-a-boldogsag\\\/#primaryimage\"},\"thumbnailUrl\":\"https:\\\/\\\/dorogimedence.hu\\\/wp-content\\\/uploads\\\/2017\\\/11\\\/ora-01.jpg\",\"keywords\":[\"aj\u00e1nd\u00e9k\",\"kar\u00e1csony\",\"kar\u00f3ra\",\"mutat\u00f3s \u00f3ra\",\"\u00f3ra\"],\"articleSection\":[\"H\u00edrek\"],\"inLanguage\":\"hu\"},{\"@type\":\"WebPage\",\"@id\":\"https:\\\/\\\/dorogimedence.hu\\\/index.php\\\/2017\\\/11\\\/14\\\/mindenkinek-mast-jelent-a-boldogsag\\\/\",\"url\":\"https:\\\/\\\/dorogimedence.hu\\\/index.php\\\/2017\\\/11\\\/14\\\/mindenkinek-mast-jelent-a-boldogsag\\\/\",\"name\":\"Mindenkinek m\u00e1st jelent a boldogs\u00e1g!\",\"isPartOf\":{\"@id\":\"https:\\\/\\\/dorogimedence.hu\\\/#website\"},\"primaryImageOfPage\":{\"@id\":\"https:\\\/\\\/dorogimedence.hu\\\/index.php\\\/2017\\\/11\\\/14\\\/mindenkinek-mast-jelent-a-boldogsag\\\/#primaryimage\"},\"image\":{\"@id\":\"https:\\\/\\\/dorogimedence.hu\\\/index.php\\\/2017\\\/11\\\/14\\\/mindenkinek-mast-jelent-a-boldogsag\\\/#primaryimage\"},\"thumbnailUrl\":\"https:\\\/\\\/dorogimedence.hu\\\/wp-content\\\/uploads\\\/2017\\\/11\\\/ora-01.jpg\",\"datePublished\":\"2017-11-14T06:05:10+00:00\",\"dateModified\":\"2017-11-14T06:05:55+00:00\",\"breadcrumb\":{\"@id\":\"https:\\\/\\\/dorogimedence.hu\\\/index.php\\\/2017\\\/11\\\/14\\\/mindenkinek-mast-jelent-a-boldogsag\\\/#breadcrumb\"},\"inLanguage\":\"hu\",\"potentialAction\":[{\"@type\":\"ReadAction\",\"target\":[\"https:\\\/\\\/dorogimedence.hu\\\/index.php\\\/2017\\\/11\\\/14\\\/mindenkinek-mast-jelent-a-boldogsag\\\/\"]}]},{\"@type\":\"ImageObject\",\"inLanguage\":\"hu\",\"@id\":\"https:\\\/\\\/dorogimedence.hu\\\/index.php\\\/2017\\\/11\\\/14\\\/mindenkinek-mast-jelent-a-boldogsag\\\/#primaryimage\",\"url\":\"https:\\\/\\\/dorogimedence.hu\\\/wp-content\\\/uploads\\\/2017\\\/11\\\/ora-01.jpg\",\"contentUrl\":\"https:\\\/\\\/dorogimedence.hu\\\/wp-content\\\/uploads\\\/2017\\\/11\\\/ora-01.jpg\",\"width\":670,\"height\":365},{\"@type\":\"BreadcrumbList\",\"@id\":\"https:\\\/\\\/dorogimedence.hu\\\/index.php\\\/2017\\\/11\\\/14\\\/mindenkinek-mast-jelent-a-boldogsag\\\/#breadcrumb\",\"itemListElement\":[{\"@type\":\"ListItem\",\"position\":1,\"name\":\"Kezd\u0151lap\",\"item\":\"https:\\\/\\\/dorogimedence.hu\\\/\"},{\"@type\":\"ListItem\",\"position\":2,\"name\":\"Mindenkinek m\u00e1st jelent a boldogs\u00e1g!\"}]},{\"@type\":\"WebSite\",\"@id\":\"https:\\\/\\\/dorogimedence.hu\\\/#website\",\"url\":\"https:\\\/\\\/dorogimedence.hu\\\/\",\"name\":\"Dorogi-medence Region\u00e1lis H\u00edrport\u00e1l\",\"description\":\"Dorog, Keszt\u00f6lc, Le\u00e1nyv\u00e1r, Piliscs\u00e9v, Tokod, Tokodalt\u00e1r\u00f3, Csolnok, Esztergom-kertv\u00e1ros: h\u00edrek, programok\",\"publisher\":{\"@id\":\"https:\\\/\\\/dorogimedence.hu\\\/#organization\"},\"potentialAction\":[{\"@type\":\"SearchAction\",\"target\":{\"@type\":\"EntryPoint\",\"urlTemplate\":\"https:\\\/\\\/dorogimedence.hu\\\/?s={search_term_string}\"},\"query-input\":{\"@type\":\"PropertyValueSpecification\",\"valueRequired\":true,\"valueName\":\"search_term_string\"}}],\"inLanguage\":\"hu\"},{\"@type\":\"Organization\",\"@id\":\"https:\\\/\\\/dorogimedence.hu\\\/#organization\",\"name\":\"Dorogi-medence Region\u00e1lis H\u00edrport\u00e1l\",\"url\":\"https:\\\/\\\/dorogimedence.hu\\\/\",\"logo\":{\"@type\":\"ImageObject\",\"inLanguage\":\"hu\",\"@id\":\"https:\\\/\\\/dorogimedence.hu\\\/#\\\/schema\\\/logo\\\/image\\\/\",\"url\":\"https:\\\/\\\/dorogimedence.hu\\\/wp-content\\\/uploads\\\/2021\\\/04\\\/logo-feher-600.png\",\"contentUrl\":\"https:\\\/\\\/dorogimedence.hu\\\/wp-content\\\/uploads\\\/2021\\\/04\\\/logo-feher-600.png\",\"width\":600,\"height\":100,\"caption\":\"Dorogi-medence Region\u00e1lis H\u00edrport\u00e1l\"},\"image\":{\"@id\":\"https:\\\/\\\/dorogimedence.hu\\\/#\\\/schema\\\/logo\\\/image\\\/\"},\"sameAs\":[\"https:\\\/\\\/www.facebook.com\\\/dorogimedence\\\/\"]},{\"@type\":\"Person\",\"@id\":\"https:\\\/\\\/dorogimedence.hu\\\/#\\\/schema\\\/person\\\/ce6091eeb7e95ecdc87890d6aa8e0fd4\",\"name\":\"dorogimedence.hu\",\"image\":{\"@type\":\"ImageObject\",\"inLanguage\":\"hu\",\"@id\":\"\\\/\\\/www.gravatar.com\\\/avatar\\\/d8d45f8901aadff40a4af72c0b826f1d?s=96&#038;r=g&#038;d=mm\",\"url\":\"\\\/\\\/www.gravatar.com\\\/avatar\\\/d8d45f8901aadff40a4af72c0b826f1d?s=96&#038;r=g&#038;d=mm\",\"contentUrl\":\"\\\/\\\/www.gravatar.com\\\/avatar\\\/d8d45f8901aadff40a4af72c0b826f1d?s=96&#038;r=g&#038;d=mm\",\"caption\":\"dorogimedence.hu\"}}]}<\/script>\n<!-- \/ Yoast SEO plugin. -->","yoast_head_json":{"title":"Mindenkinek m\u00e1st jelent a boldogs\u00e1g!","robots":{"index":"index","follow":"follow","max-snippet":"max-snippet:-1","max-image-preview":"max-image-preview:large","max-video-preview":"max-video-preview:-1"},"canonical":"https:\/\/dorogimedence.hu\/index.php\/2017\/11\/14\/mindenkinek-mast-jelent-a-boldogsag\/","og_locale":"hu_HU","og_type":"article","og_title":"Mindenkinek m\u00e1st jelent a boldogs\u00e1g!","og_description":"A boldogs\u00e1got mindannyiunknak meg kell tal\u00e1lni. T\u00f6rekedj\u00fcnk arra, hogy az \u00e9letnek a pozit\u00edv oldal\u00e1t szeml\u00e9lj\u00fck. Term\u00e9szetesen ezt k\u00f6nny\u0171 mondani, azonban nem lehetetlen ezt megcsin\u00e1lni. Mindenki m\u00e1sban lelheti meg az \u00f6r\u00f6met. Vannak, akik szakmai \u00e9let\u00fcket szeretn\u00e9k el\u0151bbre vinni, \u00e9s ezzel egyidej\u0171leg karriert csin\u00e1lni. Amennyiben ezt szeretn\u00e9nk, akkor fel kell v\u00e9rtezn\u00fcnk magunkat arra, hogy kem\u00e9nyen kell dolgoznunk.","og_url":"https:\/\/dorogimedence.hu\/index.php\/2017\/11\/14\/mindenkinek-mast-jelent-a-boldogsag\/","og_site_name":"Dorogi-medence Region\u00e1lis H\u00edrport\u00e1l","article_publisher":"https:\/\/www.facebook.com\/dorogimedence\/","article_published_time":"2017-11-14T06:05:10+00:00","article_modified_time":"2017-11-14T06:05:55+00:00","og_image":[{"width":670,"height":365,"url":"https:\/\/i0.wp.com\/dorogimedence.hu\/wp-content\/uploads\/2017\/11\/ora-01.jpg?fit=670%2C365&ssl=1","type":"image\/jpeg"}],"author":"dorogimedence.hu","twitter_card":"summary_large_image","twitter_misc":{"Szerz\u0151:":"dorogimedence.hu","Becs\u00fclt olvas\u00e1si id\u0151":"4 perc"},"schema":{"@context":"https:\/\/schema.org","@graph":[{"@type":"Article","@id":"https:\/\/dorogimedence.hu\/index.php\/2017\/11\/14\/mindenkinek-mast-jelent-a-boldogsag\/#article","isPartOf":{"@id":"https:\/\/dorogimedence.hu\/index.php\/2017\/11\/14\/mindenkinek-mast-jelent-a-boldogsag\/"},"author":{"name":"dorogimedence.hu","@id":"https:\/\/dorogimedence.hu\/#\/schema\/person\/ce6091eeb7e95ecdc87890d6aa8e0fd4"},"headline":"Mindenkinek m\u00e1st jelent a boldogs\u00e1g!","datePublished":"2017-11-14T06:05:10+00:00","dateModified":"2017-11-14T06:05:55+00:00","mainEntityOfPage":{"@id":"https:\/\/dorogimedence.hu\/index.php\/2017\/11\/14\/mindenkinek-mast-jelent-a-boldogsag\/"},"wordCount":736,"publisher":{"@id":"https:\/\/dorogimedence.hu\/#organization"},"image":{"@id":"https:\/\/dorogimedence.hu\/index.php\/2017\/11\/14\/mindenkinek-mast-jelent-a-boldogsag\/#primaryimage"},"thumbnailUrl":"https:\/\/dorogimedence.hu\/wp-content\/uploads\/2017\/11\/ora-01.jpg","keywords":["aj\u00e1nd\u00e9k","kar\u00e1csony","kar\u00f3ra","mutat\u00f3s \u00f3ra","\u00f3ra"],"articleSection":["H\u00edrek"],"inLanguage":"hu"},{"@type":"WebPage","@id":"https:\/\/dorogimedence.hu\/index.php\/2017\/11\/14\/mindenkinek-mast-jelent-a-boldogsag\/","url":"https:\/\/dorogimedence.hu\/index.php\/2017\/11\/14\/mindenkinek-mast-jelent-a-boldogsag\/","name":"Mindenkinek m\u00e1st jelent a boldogs\u00e1g!","isPartOf":{"@id":"https:\/\/dorogimedence.hu\/#website"},"primaryImageOfPage":{"@id":"https:\/\/dorogimedence.hu\/index.php\/2017\/11\/14\/mindenkinek-mast-jelent-a-boldogsag\/#primaryimage"},"image":{"@id":"https:\/\/dorogimedence.hu\/index.php\/2017\/11\/14\/mindenkinek-mast-jelent-a-boldogsag\/#primaryimage"},"thumbnailUrl":"https:\/\/dorogimedence.hu\/wp-content\/uploads\/2017\/11\/ora-01.jpg","datePublished":"2017-11-14T06:05:10+00:00","dateModified":"2017-11-14T06:05:55+00:00","breadcrumb":{"@id":"https:\/\/dorogimedence.hu\/index.php\/2017\/11\/14\/mindenkinek-mast-jelent-a-boldogsag\/#breadcrumb"},"inLanguage":"hu","potentialAction":[{"@type":"ReadAction","target":["https:\/\/dorogimedence.hu\/index.php\/2017\/11\/14\/mindenkinek-mast-jelent-a-boldogsag\/"]}]},{"@type":"ImageObject","inLanguage":"hu","@id":"https:\/\/dorogimedence.hu\/index.php\/2017\/11\/14\/mindenkinek-mast-jelent-a-boldogsag\/#primaryimage","url":"https:\/\/dorogimedence.hu\/wp-content\/uploads\/2017\/11\/ora-01.jpg","contentUrl":"https:\/\/dorogimedence.hu\/wp-content\/uploads\/2017\/11\/ora-01.jpg","width":670,"height":365},{"@type":"BreadcrumbList","@id":"https:\/\/dorogimedence.hu\/index.php\/2017\/11\/14\/mindenkinek-mast-jelent-a-boldogsag\/#breadcrumb","itemListElement":[{"@type":"ListItem","position":1,"name":"Kezd\u0151lap","item":"https:\/\/dorogimedence.hu\/"},{"@type":"ListItem","position":2,"name":"Mindenkinek m\u00e1st jelent a boldogs\u00e1g!"}]},{"@type":"WebSite","@id":"https:\/\/dorogimedence.hu\/#website","url":"https:\/\/dorogimedence.hu\/","name":"Dorogi-medence Region\u00e1lis H\u00edrport\u00e1l","description":"Dorog, Keszt\u00f6lc, Le\u00e1nyv\u00e1r, Piliscs\u00e9v, Tokod, Tokodalt\u00e1r\u00f3, Csolnok, Esztergom-kertv\u00e1ros: h\u00edrek, programok","publisher":{"@id":"https:\/\/dorogimedence.hu\/#organization"},"potentialAction":[{"@type":"SearchAction","target":{"@type":"EntryPoint","urlTemplate":"https:\/\/dorogimedence.hu\/?s={search_term_string}"},"query-input":{"@type":"PropertyValueSpecification","valueRequired":true,"valueName":"search_term_string"}}],"inLanguage":"hu"},{"@type":"Organization","@id":"https:\/\/dorogimedence.hu\/#organization","name":"Dorogi-medence Region\u00e1lis H\u00edrport\u00e1l","url":"https:\/\/dorogimedence.hu\/","logo":{"@type":"ImageObject","inLanguage":"hu","@id":"https:\/\/dorogimedence.hu\/#\/schema\/logo\/image\/","url":"https:\/\/dorogimedence.hu\/wp-content\/uploads\/2021\/04\/logo-feher-600.png","contentUrl":"https:\/\/dorogimedence.hu\/wp-content\/uploads\/2021\/04\/logo-feher-600.png","width":600,"height":100,"caption":"Dorogi-medence Region\u00e1lis H\u00edrport\u00e1l"},"image":{"@id":"https:\/\/dorogimedence.hu\/#\/schema\/logo\/image\/"},"sameAs":["https:\/\/www.facebook.com\/dorogimedence\/"]},{"@type":"Person","@id":"https:\/\/dorogimedence.hu\/#\/schema\/person\/ce6091eeb7e95ecdc87890d6aa8e0fd4","name":"dorogimedence.hu","image":{"@type":"ImageObject","inLanguage":"hu","@id":"\/\/www.gravatar.com\/avatar\/d8d45f8901aadff40a4af72c0b826f1d?s=96&#038;r=g&#038;d=mm","url":"\/\/www.gravatar.com\/avatar\/d8d45f8901aadff40a4af72c0b826f1d?s=96&#038;r=g&#038;d=mm","contentUrl":"\/\/www.gravatar.com\/avatar\/d8d45f8901aadff40a4af72c0b826f1d?s=96&#038;r=g&#038;d=mm","caption":"dorogimedence.hu"}}]}},"_links":{"self":[{"href":"https:\/\/dorogimedence.hu\/index.php\/wp-json\/wp\/v2\/posts\/6582","targetHints":{"allow":["GET"]}}],"collection":[{"href":"https:\/\/dorogimedence.hu\/index.php\/wp-json\/wp\/v2\/posts"}],"about":[{"href":"https:\/\/dorogimedence.hu\/index.php\/wp-json\/wp\/v2\/types\/post"}],"author":[{"embeddable":true,"href":"https:\/\/dorogimedence.hu\/index.php\/wp-json\/wp\/v2\/users\/1"}],"replies":[{"embeddable":true,"href":"https:\/\/dorogimedence.hu\/index.php\/wp-json\/wp\/v2\/comments?post=6582"}],"version-history":[{"count":0,"href":"https:\/\/dorogimedence.hu\/index.php\/wp-json\/wp\/v2\/posts\/6582\/revisions"}],"wp:featuredmedia":[{"embeddable":true,"href":"https:\/\/dorogimedence.hu\/index.php\/wp-json\/wp\/v2\/media\/6584"}],"wp:attachment":[{"href":"https:\/\/dorogimedence.hu\/index.php\/wp-json\/wp\/v2\/media?parent=6582"}],"wp:term":[{"taxonomy":"category","embeddable":true,"href":"https:\/\/dorogimedence.hu\/index.php\/wp-json\/wp\/v2\/categories?post=6582"},{"taxonomy":"post_tag","embeddable":true,"href":"https:\/\/dorogimedence.hu\/index.php\/wp-json\/wp\/v2\/tags?post=6582"}],"curies":[{"name":"wp","href":"https:\/\/api.w.org\/{rel}","templated":true}]}}