{"id":65114,"date":"2024-09-25T13:40:02","date_gmt":"2024-09-25T11:40:02","guid":{"rendered":"https:\/\/dorogimedence.hu\/?p=65114"},"modified":"2024-09-25T13:40:02","modified_gmt":"2024-09-25T11:40:02","slug":"20-eves-a-rakosivipera-vedelmi-kozpont","status":"publish","type":"post","link":"https:\/\/dorogimedence.hu\/index.php\/2024\/09\/25\/20-eves-a-rakosivipera-vedelmi-kozpont\/","title":{"rendered":"20 \u00e9ves a R\u00e1kosivipera-v\u00e9delmi K\u00f6zpont"},"content":{"rendered":"<p><strong>Az id\u00e9n 20 \u00e9ves fenn\u00e1ll\u00e1s\u00e1t \u00fcnnepl\u0151 R\u00e1kosivipera-v\u00e9delmi K\u00f6zpontban a ny\u00e1r folyam\u00e1n 40 n\u0151st\u00e9ny \u00f6sszesen 523 ut\u00f3dja \u2013 261 h\u00edm \u00e9s 262 n\u0151st\u00e9ny \u2013 j\u00f6tt a vil\u00e1gra, \u00e9s ezzel a jubileumi \u00e9vben, 2024. j\u00falius 24-\u00e9n megsz\u00fcletett a fajmeg\u0151rz\u00e9st c\u00e9lz\u00f3 teny\u00e9szt\u00e9si program <a href=\"https:\/\/mme.hu\/hirek\/2024\/09\/05\/megszuletett_rakosi_viperak_uj_generacioja\" target=\"_blank\" rel=\"noopener\"><span style=\"text-decoration: underline; color: #0000ff;\">5000. r\u00e1kosi viper\u00e1ja<\/span><\/a> is.<\/strong><\/p>\n<p>A fajt M\u00e9hely Lajos \u00edrta le 1893-ban a R\u00e1koson (ma Budapest XVI. \u00e9s XVII. ker\u00fcletei) gy\u0171jt\u00f6tt p\u00e9ld\u00e1nyok alapj\u00e1n. \u00c9l\u0151hely\u00e9t a nedves, v\u00e1ltozatos szerkezet\u0171, zsomb\u00e9kokkal gazdag\u00edtott, r\u00e9szben v\u00edzbor\u00edtott l\u00e1pr\u00e9tek \u00e9s legel\u0151k k\u00e9pezik. A r\u00e1kosi vipera kiz\u00e1r\u00f3lag a K\u00e1rp\u00e1t-medenc\u00e9ben fordul el\u0151, haz\u00e1nkban jelenleg alig egy tucat elszigetelt popul\u00e1ci\u00f3ja ismert a Kiskuns\u00e1gi, illetve a Fert\u0151-Hans\u00e1g Nemzeti Park ter\u00fclet\u00e9r\u0151l &#8211; ez\u00e9rt fokozottan v\u00e9dett, term\u00e9szetv\u00e9delmi \u00e9rt\u00e9ke 1 milli\u00f3 forint. Az 50 cm-t alig meghalad\u00f3, gyenge m\u00e9rg\u0171 \u00e9s nem t\u00e1mad\u00e9kony k\u00edgy\u00f3 t\u00e1pl\u00e1l\u00e9ka t\u00falnyom\u00f3 t\u00f6bbs\u00e9g\u00e9ben s\u00e1sk\u00e1kb\u00f3l, sz\u00f6csk\u00e9kb\u0151l, illetve kism\u00e9ret\u0171 gy\u00edkokb\u00f3l \u00e1ll. A telet dombh\u00e1takban l\u00e9v\u0151 r\u00e1gcs\u00e1l\u00f3j\u00e1ratokba h\u00faz\u00f3dva, hibern\u00e1lt \u00e1llapotban v\u00e9szeli \u00e1t.<\/p>\n<p>A vil\u00e1gon egyed\u00fcl\u00e1ll\u00f3 <a href=\"https:\/\/www.rakosivipera.hu\/fajvedelmi-program\/\" target=\"_blank\" rel=\"noopener\"><span style=\"text-decoration: underline; color: #0000ff;\">R\u00e1kosvipera-v\u00e9delmi K\u00f6zpont<\/span><\/a> az MME \u00e9s a Kiskuns\u00e1gi Nemzeti Park Igazgat\u00f3s\u00e1g egy\u00fcttm\u0171k\u00f6d\u00e9s\u00e9ben 2004-ben l\u00e9tes\u00fclt a nemzeti park ter\u00fclet\u00e9n. A v\u00e9delmi strat\u00e9gi\u00e1ban megfogalmazott c\u00e9lok v\u00e9grehajt\u00e1s\u00e1ban komoly seg\u00edts\u00e9get jelentettek az Eur\u00f3pai Bizotts\u00e1g LIFE-Alapj\u00e1t\u00f3l elnyert t\u00e1mogat\u00e1sok, melyekhez az \u00f6nr\u00e9szt a magyar \u00e1llam biztos\u00edtotta. Az indul\u00e1st k\u00f6vet\u0151en elindult teny\u00e9szt\u00e9s sikereinek k\u00f6sz\u00f6nhet\u0151en 2010-ben megt\u00f6rt\u00e9nt az els\u0151 fogs\u00e1gban sz\u00fcletett r\u00e1kosi viper\u00e1k kibocs\u00e1t\u00e1sa, mely alkalmat az akkori k\u00f6zt\u00e1rsas\u00e1gi eln\u00f6k, S\u00f3lyom L\u00e1szl\u00f3 is megtisztelt jelenl\u00e9t\u00e9vel, illetve akt\u00edvan k\u00f6zrem\u0171k\u00f6d\u00f6tt az els\u0151 k\u00e9t vipera szabadon enged\u00e9s\u00e9ben. Napjainkig 1020 ivar\u00e9rett r\u00e1kosi vipera ker\u00fcl ki helyre\u00e1ll\u00edtott vagy term\u00e9szetes \u00e9l\u0151hely\u00e9re, 14 kibocs\u00e1jt\u00e1si helysz\u00ednen.<\/p>\n<p>Az idei jubileumi \u00e9vben is lezajlott a szeptember els\u0151 szombatj\u00e1n imm\u00e1ron hagyom\u00e1nyoss\u00e1 <a href=\"https:\/\/www.rakosivipera.hu\/2024\/09\/09\/rakosi-vipera-napja-2\/\" target=\"_blank\" rel=\"noopener\"><span style=\"text-decoration: underline; color: #0000ff;\">R\u00e1kosi Vipera Nap<\/span><\/a>. A R\u00e1kosivipera-v\u00e9delmi K\u00f6zpontban, a F\u0151v\u00e1rosi \u00c1llat- \u00e9s N\u00f6v\u00e9nykertben, a Szegedi Vadasparkban, a Kecskem\u00e9ti Vadaskertben, a Gy\u0151ri Xantus J\u00e1nos \u00c1llatkertben \u00e9s az \u00d3csai T\u00e1jh\u00e1zban csal\u00e1di nap keret\u00e9ben ismerkedhettek az \u00e9rdekl\u0151d\u0151k a vil\u00e1g egyik legritk\u00e1bb gerinces faj\u00e1val. A k\u00f6zpontban a b\u00e1trabbak az id\u00e9n sz\u00fcletett, csup\u00e1n p\u00e1r h\u00f3napos k\u00edgy\u00f3k etet\u00e9s\u00e9be is beseg\u00edthettek.<\/p>\n<p><em>Bor\u00edt\u00f3k\u00e9p: \u00dajsz\u00fcl\u00f6tt r\u00e1kosi vipera (fot\u00f3: Halpern B\u00e1lint)<\/em><\/p>\n","protected":false},"excerpt":{"rendered":"<p>Az id\u00e9n 20 \u00e9ves fenn\u00e1ll\u00e1s\u00e1t \u00fcnnepl\u0151 R\u00e1kosivipera-v\u00e9delmi K\u00f6zpontban a ny\u00e1r folyam\u00e1n 40 n\u0151st\u00e9ny \u00f6sszesen 523 ut\u00f3dja \u2013 261 h\u00edm \u00e9s 262 n\u0151st\u00e9ny \u2013 j\u00f6tt a vil\u00e1gra, \u00e9s ezzel a jubileumi \u00e9vben, 2024. j\u00falius 24-\u00e9n megsz\u00fcletett a fajmeg\u0151rz\u00e9st c\u00e9lz\u00f3 teny\u00e9szt\u00e9si program 5000. r\u00e1kosi viper\u00e1ja is. A fajt M\u00e9hely Lajos \u00edrta le 1893-ban a R\u00e1koson (ma Budapest<\/p>\n","protected":false},"author":1,"featured_media":0,"comment_status":"closed","ping_status":"closed","sticky":false,"template":"","format":"standard","meta":{"ngg_post_thumbnail":0,"footnotes":""},"categories":[3,6948],"tags":[8035,8034],"class_list":{"0":"post-65114","1":"post","2":"type-post","3":"status-publish","4":"format-standard","6":"category-hirek","7":"category-szines","8":"tag-rakosi-vipera","9":"tag-vipera"},"yoast_head":"<!-- This site is optimized with the Yoast SEO plugin v27.4 - https:\/\/yoast.com\/product\/yoast-seo-wordpress\/ -->\n<title>20 \u00e9ves a R\u00e1kosivipera-v\u00e9delmi K\u00f6zpont<\/title>\n<meta name=\"robots\" content=\"index, follow, max-snippet:-1, max-image-preview:large, max-video-preview:-1\" \/>\n<link rel=\"canonical\" href=\"https:\/\/dorogimedence.hu\/index.php\/2024\/09\/25\/20-eves-a-rakosivipera-vedelmi-kozpont\/\" class=\"yoast-seo-meta-tag\" \/>\n<meta property=\"og:locale\" content=\"hu_HU\" class=\"yoast-seo-meta-tag\" \/>\n<meta property=\"og:type\" content=\"article\" class=\"yoast-seo-meta-tag\" \/>\n<meta property=\"og:title\" content=\"20 \u00e9ves a R\u00e1kosivipera-v\u00e9delmi K\u00f6zpont\" class=\"yoast-seo-meta-tag\" \/>\n<meta property=\"og:description\" content=\"Az id\u00e9n 20 \u00e9ves fenn\u00e1ll\u00e1s\u00e1t \u00fcnnepl\u0151 R\u00e1kosivipera-v\u00e9delmi K\u00f6zpontban a ny\u00e1r folyam\u00e1n 40 n\u0151st\u00e9ny \u00f6sszesen 523 ut\u00f3dja \u2013 261 h\u00edm \u00e9s 262 n\u0151st\u00e9ny \u2013 j\u00f6tt a vil\u00e1gra, \u00e9s ezzel a jubileumi \u00e9vben, 2024. j\u00falius 24-\u00e9n megsz\u00fcletett a fajmeg\u0151rz\u00e9st c\u00e9lz\u00f3 teny\u00e9szt\u00e9si program 5000. r\u00e1kosi viper\u00e1ja is. A fajt M\u00e9hely Lajos \u00edrta le 1893-ban a R\u00e1koson (ma Budapest\" class=\"yoast-seo-meta-tag\" \/>\n<meta property=\"og:url\" content=\"https:\/\/dorogimedence.hu\/index.php\/2024\/09\/25\/20-eves-a-rakosivipera-vedelmi-kozpont\/\" class=\"yoast-seo-meta-tag\" \/>\n<meta property=\"og:site_name\" content=\"Dorogi-medence Region\u00e1lis H\u00edrport\u00e1l\" class=\"yoast-seo-meta-tag\" \/>\n<meta property=\"article:publisher\" content=\"https:\/\/www.facebook.com\/dorogimedence\/\" class=\"yoast-seo-meta-tag\" \/>\n<meta property=\"article:published_time\" content=\"2024-09-25T11:40:02+00:00\" class=\"yoast-seo-meta-tag\" \/>\n<meta property=\"og:image\" content=\"https:\/\/dorogimedence.hu\/wp-content\/uploads\/2024\/09\/IMG_0237.jpg\" class=\"yoast-seo-meta-tag\" \/>\n\t<meta property=\"og:image:width\" content=\"904\" class=\"yoast-seo-meta-tag\" \/>\n\t<meta property=\"og:image:height\" content=\"555\" class=\"yoast-seo-meta-tag\" \/>\n\t<meta property=\"og:image:type\" content=\"image\/jpeg\" class=\"yoast-seo-meta-tag\" \/>\n<meta name=\"author\" content=\"dorogimedence.hu\" class=\"yoast-seo-meta-tag\" \/>\n<meta name=\"twitter:card\" content=\"summary_large_image\" class=\"yoast-seo-meta-tag\" \/>\n<meta name=\"twitter:label1\" content=\"Szerz\u0151:\" class=\"yoast-seo-meta-tag\" \/>\n\t<meta name=\"twitter:data1\" content=\"dorogimedence.hu\" class=\"yoast-seo-meta-tag\" \/>\n\t<meta name=\"twitter:label2\" content=\"Becs\u00fclt olvas\u00e1si id\u0151\" class=\"yoast-seo-meta-tag\" \/>\n\t<meta name=\"twitter:data2\" content=\"3 perc\" class=\"yoast-seo-meta-tag\" \/>\n<script type=\"application\/ld+json\" class=\"yoast-schema-graph\">{\"@context\":\"https:\\\/\\\/schema.org\",\"@graph\":[{\"@type\":\"Article\",\"@id\":\"https:\\\/\\\/dorogimedence.hu\\\/index.php\\\/2024\\\/09\\\/25\\\/20-eves-a-rakosivipera-vedelmi-kozpont\\\/#article\",\"isPartOf\":{\"@id\":\"https:\\\/\\\/dorogimedence.hu\\\/index.php\\\/2024\\\/09\\\/25\\\/20-eves-a-rakosivipera-vedelmi-kozpont\\\/\"},\"author\":{\"name\":\"dorogimedence.hu\",\"@id\":\"https:\\\/\\\/dorogimedence.hu\\\/#\\\/schema\\\/person\\\/ce6091eeb7e95ecdc87890d6aa8e0fd4\"},\"headline\":\"20 \u00e9ves a R\u00e1kosivipera-v\u00e9delmi K\u00f6zpont\",\"datePublished\":\"2024-09-25T11:40:02+00:00\",\"mainEntityOfPage\":{\"@id\":\"https:\\\/\\\/dorogimedence.hu\\\/index.php\\\/2024\\\/09\\\/25\\\/20-eves-a-rakosivipera-vedelmi-kozpont\\\/\"},\"wordCount\":512,\"publisher\":{\"@id\":\"https:\\\/\\\/dorogimedence.hu\\\/#organization\"},\"keywords\":[\"r\u00e1kosi vipera\",\"vipera\"],\"articleSection\":[\"H\u00edrek\",\"Sz\u00ednes\"],\"inLanguage\":\"hu\"},{\"@type\":\"WebPage\",\"@id\":\"https:\\\/\\\/dorogimedence.hu\\\/index.php\\\/2024\\\/09\\\/25\\\/20-eves-a-rakosivipera-vedelmi-kozpont\\\/\",\"url\":\"https:\\\/\\\/dorogimedence.hu\\\/index.php\\\/2024\\\/09\\\/25\\\/20-eves-a-rakosivipera-vedelmi-kozpont\\\/\",\"name\":\"20 \u00e9ves a R\u00e1kosivipera-v\u00e9delmi K\u00f6zpont\",\"isPartOf\":{\"@id\":\"https:\\\/\\\/dorogimedence.hu\\\/#website\"},\"datePublished\":\"2024-09-25T11:40:02+00:00\",\"breadcrumb\":{\"@id\":\"https:\\\/\\\/dorogimedence.hu\\\/index.php\\\/2024\\\/09\\\/25\\\/20-eves-a-rakosivipera-vedelmi-kozpont\\\/#breadcrumb\"},\"inLanguage\":\"hu\",\"potentialAction\":[{\"@type\":\"ReadAction\",\"target\":[\"https:\\\/\\\/dorogimedence.hu\\\/index.php\\\/2024\\\/09\\\/25\\\/20-eves-a-rakosivipera-vedelmi-kozpont\\\/\"]}]},{\"@type\":\"BreadcrumbList\",\"@id\":\"https:\\\/\\\/dorogimedence.hu\\\/index.php\\\/2024\\\/09\\\/25\\\/20-eves-a-rakosivipera-vedelmi-kozpont\\\/#breadcrumb\",\"itemListElement\":[{\"@type\":\"ListItem\",\"position\":1,\"name\":\"Kezd\u0151lap\",\"item\":\"https:\\\/\\\/dorogimedence.hu\\\/\"},{\"@type\":\"ListItem\",\"position\":2,\"name\":\"20 \u00e9ves a R\u00e1kosivipera-v\u00e9delmi K\u00f6zpont\"}]},{\"@type\":\"WebSite\",\"@id\":\"https:\\\/\\\/dorogimedence.hu\\\/#website\",\"url\":\"https:\\\/\\\/dorogimedence.hu\\\/\",\"name\":\"Dorogi-medence Region\u00e1lis H\u00edrport\u00e1l\",\"description\":\"Dorog, Keszt\u00f6lc, Le\u00e1nyv\u00e1r, Piliscs\u00e9v, Tokod, Tokodalt\u00e1r\u00f3, Csolnok, Esztergom-kertv\u00e1ros: h\u00edrek, programok\",\"publisher\":{\"@id\":\"https:\\\/\\\/dorogimedence.hu\\\/#organization\"},\"potentialAction\":[{\"@type\":\"SearchAction\",\"target\":{\"@type\":\"EntryPoint\",\"urlTemplate\":\"https:\\\/\\\/dorogimedence.hu\\\/?s={search_term_string}\"},\"query-input\":{\"@type\":\"PropertyValueSpecification\",\"valueRequired\":true,\"valueName\":\"search_term_string\"}}],\"inLanguage\":\"hu\"},{\"@type\":\"Organization\",\"@id\":\"https:\\\/\\\/dorogimedence.hu\\\/#organization\",\"name\":\"Dorogi-medence Region\u00e1lis H\u00edrport\u00e1l\",\"url\":\"https:\\\/\\\/dorogimedence.hu\\\/\",\"logo\":{\"@type\":\"ImageObject\",\"inLanguage\":\"hu\",\"@id\":\"https:\\\/\\\/dorogimedence.hu\\\/#\\\/schema\\\/logo\\\/image\\\/\",\"url\":\"https:\\\/\\\/dorogimedence.hu\\\/wp-content\\\/uploads\\\/2021\\\/04\\\/logo-feher-600.png\",\"contentUrl\":\"https:\\\/\\\/dorogimedence.hu\\\/wp-content\\\/uploads\\\/2021\\\/04\\\/logo-feher-600.png\",\"width\":600,\"height\":100,\"caption\":\"Dorogi-medence Region\u00e1lis H\u00edrport\u00e1l\"},\"image\":{\"@id\":\"https:\\\/\\\/dorogimedence.hu\\\/#\\\/schema\\\/logo\\\/image\\\/\"},\"sameAs\":[\"https:\\\/\\\/www.facebook.com\\\/dorogimedence\\\/\"]},{\"@type\":\"Person\",\"@id\":\"https:\\\/\\\/dorogimedence.hu\\\/#\\\/schema\\\/person\\\/ce6091eeb7e95ecdc87890d6aa8e0fd4\",\"name\":\"dorogimedence.hu\",\"image\":{\"@type\":\"ImageObject\",\"inLanguage\":\"hu\",\"@id\":\"\\\/\\\/www.gravatar.com\\\/avatar\\\/d8d45f8901aadff40a4af72c0b826f1d?s=96&#038;r=g&#038;d=mm\",\"url\":\"\\\/\\\/www.gravatar.com\\\/avatar\\\/d8d45f8901aadff40a4af72c0b826f1d?s=96&#038;r=g&#038;d=mm\",\"contentUrl\":\"\\\/\\\/www.gravatar.com\\\/avatar\\\/d8d45f8901aadff40a4af72c0b826f1d?s=96&#038;r=g&#038;d=mm\",\"caption\":\"dorogimedence.hu\"}}]}<\/script>\n<!-- \/ Yoast SEO plugin. -->","yoast_head_json":{"title":"20 \u00e9ves a R\u00e1kosivipera-v\u00e9delmi K\u00f6zpont","robots":{"index":"index","follow":"follow","max-snippet":"max-snippet:-1","max-image-preview":"max-image-preview:large","max-video-preview":"max-video-preview:-1"},"canonical":"https:\/\/dorogimedence.hu\/index.php\/2024\/09\/25\/20-eves-a-rakosivipera-vedelmi-kozpont\/","og_locale":"hu_HU","og_type":"article","og_title":"20 \u00e9ves a R\u00e1kosivipera-v\u00e9delmi K\u00f6zpont","og_description":"Az id\u00e9n 20 \u00e9ves fenn\u00e1ll\u00e1s\u00e1t \u00fcnnepl\u0151 R\u00e1kosivipera-v\u00e9delmi K\u00f6zpontban a ny\u00e1r folyam\u00e1n 40 n\u0151st\u00e9ny \u00f6sszesen 523 ut\u00f3dja \u2013 261 h\u00edm \u00e9s 262 n\u0151st\u00e9ny \u2013 j\u00f6tt a vil\u00e1gra, \u00e9s ezzel a jubileumi \u00e9vben, 2024. j\u00falius 24-\u00e9n megsz\u00fcletett a fajmeg\u0151rz\u00e9st c\u00e9lz\u00f3 teny\u00e9szt\u00e9si program 5000. r\u00e1kosi viper\u00e1ja is. A fajt M\u00e9hely Lajos \u00edrta le 1893-ban a R\u00e1koson (ma Budapest","og_url":"https:\/\/dorogimedence.hu\/index.php\/2024\/09\/25\/20-eves-a-rakosivipera-vedelmi-kozpont\/","og_site_name":"Dorogi-medence Region\u00e1lis H\u00edrport\u00e1l","article_publisher":"https:\/\/www.facebook.com\/dorogimedence\/","article_published_time":"2024-09-25T11:40:02+00:00","og_image":[{"width":904,"height":555,"url":"https:\/\/dorogimedence.hu\/wp-content\/uploads\/2024\/09\/IMG_0237.jpg","type":"image\/jpeg"}],"author":"dorogimedence.hu","twitter_card":"summary_large_image","twitter_misc":{"Szerz\u0151:":"dorogimedence.hu","Becs\u00fclt olvas\u00e1si id\u0151":"3 perc"},"schema":{"@context":"https:\/\/schema.org","@graph":[{"@type":"Article","@id":"https:\/\/dorogimedence.hu\/index.php\/2024\/09\/25\/20-eves-a-rakosivipera-vedelmi-kozpont\/#article","isPartOf":{"@id":"https:\/\/dorogimedence.hu\/index.php\/2024\/09\/25\/20-eves-a-rakosivipera-vedelmi-kozpont\/"},"author":{"name":"dorogimedence.hu","@id":"https:\/\/dorogimedence.hu\/#\/schema\/person\/ce6091eeb7e95ecdc87890d6aa8e0fd4"},"headline":"20 \u00e9ves a R\u00e1kosivipera-v\u00e9delmi K\u00f6zpont","datePublished":"2024-09-25T11:40:02+00:00","mainEntityOfPage":{"@id":"https:\/\/dorogimedence.hu\/index.php\/2024\/09\/25\/20-eves-a-rakosivipera-vedelmi-kozpont\/"},"wordCount":512,"publisher":{"@id":"https:\/\/dorogimedence.hu\/#organization"},"keywords":["r\u00e1kosi vipera","vipera"],"articleSection":["H\u00edrek","Sz\u00ednes"],"inLanguage":"hu"},{"@type":"WebPage","@id":"https:\/\/dorogimedence.hu\/index.php\/2024\/09\/25\/20-eves-a-rakosivipera-vedelmi-kozpont\/","url":"https:\/\/dorogimedence.hu\/index.php\/2024\/09\/25\/20-eves-a-rakosivipera-vedelmi-kozpont\/","name":"20 \u00e9ves a R\u00e1kosivipera-v\u00e9delmi K\u00f6zpont","isPartOf":{"@id":"https:\/\/dorogimedence.hu\/#website"},"datePublished":"2024-09-25T11:40:02+00:00","breadcrumb":{"@id":"https:\/\/dorogimedence.hu\/index.php\/2024\/09\/25\/20-eves-a-rakosivipera-vedelmi-kozpont\/#breadcrumb"},"inLanguage":"hu","potentialAction":[{"@type":"ReadAction","target":["https:\/\/dorogimedence.hu\/index.php\/2024\/09\/25\/20-eves-a-rakosivipera-vedelmi-kozpont\/"]}]},{"@type":"BreadcrumbList","@id":"https:\/\/dorogimedence.hu\/index.php\/2024\/09\/25\/20-eves-a-rakosivipera-vedelmi-kozpont\/#breadcrumb","itemListElement":[{"@type":"ListItem","position":1,"name":"Kezd\u0151lap","item":"https:\/\/dorogimedence.hu\/"},{"@type":"ListItem","position":2,"name":"20 \u00e9ves a R\u00e1kosivipera-v\u00e9delmi K\u00f6zpont"}]},{"@type":"WebSite","@id":"https:\/\/dorogimedence.hu\/#website","url":"https:\/\/dorogimedence.hu\/","name":"Dorogi-medence Region\u00e1lis H\u00edrport\u00e1l","description":"Dorog, Keszt\u00f6lc, Le\u00e1nyv\u00e1r, Piliscs\u00e9v, Tokod, Tokodalt\u00e1r\u00f3, Csolnok, Esztergom-kertv\u00e1ros: h\u00edrek, programok","publisher":{"@id":"https:\/\/dorogimedence.hu\/#organization"},"potentialAction":[{"@type":"SearchAction","target":{"@type":"EntryPoint","urlTemplate":"https:\/\/dorogimedence.hu\/?s={search_term_string}"},"query-input":{"@type":"PropertyValueSpecification","valueRequired":true,"valueName":"search_term_string"}}],"inLanguage":"hu"},{"@type":"Organization","@id":"https:\/\/dorogimedence.hu\/#organization","name":"Dorogi-medence Region\u00e1lis H\u00edrport\u00e1l","url":"https:\/\/dorogimedence.hu\/","logo":{"@type":"ImageObject","inLanguage":"hu","@id":"https:\/\/dorogimedence.hu\/#\/schema\/logo\/image\/","url":"https:\/\/dorogimedence.hu\/wp-content\/uploads\/2021\/04\/logo-feher-600.png","contentUrl":"https:\/\/dorogimedence.hu\/wp-content\/uploads\/2021\/04\/logo-feher-600.png","width":600,"height":100,"caption":"Dorogi-medence Region\u00e1lis H\u00edrport\u00e1l"},"image":{"@id":"https:\/\/dorogimedence.hu\/#\/schema\/logo\/image\/"},"sameAs":["https:\/\/www.facebook.com\/dorogimedence\/"]},{"@type":"Person","@id":"https:\/\/dorogimedence.hu\/#\/schema\/person\/ce6091eeb7e95ecdc87890d6aa8e0fd4","name":"dorogimedence.hu","image":{"@type":"ImageObject","inLanguage":"hu","@id":"\/\/www.gravatar.com\/avatar\/d8d45f8901aadff40a4af72c0b826f1d?s=96&#038;r=g&#038;d=mm","url":"\/\/www.gravatar.com\/avatar\/d8d45f8901aadff40a4af72c0b826f1d?s=96&#038;r=g&#038;d=mm","contentUrl":"\/\/www.gravatar.com\/avatar\/d8d45f8901aadff40a4af72c0b826f1d?s=96&#038;r=g&#038;d=mm","caption":"dorogimedence.hu"}}]}},"_links":{"self":[{"href":"https:\/\/dorogimedence.hu\/index.php\/wp-json\/wp\/v2\/posts\/65114","targetHints":{"allow":["GET"]}}],"collection":[{"href":"https:\/\/dorogimedence.hu\/index.php\/wp-json\/wp\/v2\/posts"}],"about":[{"href":"https:\/\/dorogimedence.hu\/index.php\/wp-json\/wp\/v2\/types\/post"}],"author":[{"embeddable":true,"href":"https:\/\/dorogimedence.hu\/index.php\/wp-json\/wp\/v2\/users\/1"}],"replies":[{"embeddable":true,"href":"https:\/\/dorogimedence.hu\/index.php\/wp-json\/wp\/v2\/comments?post=65114"}],"version-history":[{"count":0,"href":"https:\/\/dorogimedence.hu\/index.php\/wp-json\/wp\/v2\/posts\/65114\/revisions"}],"wp:attachment":[{"href":"https:\/\/dorogimedence.hu\/index.php\/wp-json\/wp\/v2\/media?parent=65114"}],"wp:term":[{"taxonomy":"category","embeddable":true,"href":"https:\/\/dorogimedence.hu\/index.php\/wp-json\/wp\/v2\/categories?post=65114"},{"taxonomy":"post_tag","embeddable":true,"href":"https:\/\/dorogimedence.hu\/index.php\/wp-json\/wp\/v2\/tags?post=65114"}],"curies":[{"name":"wp","href":"https:\/\/api.w.org\/{rel}","templated":true}]}}