{"id":65083,"date":"2024-09-23T15:54:37","date_gmt":"2024-09-23T13:54:37","guid":{"rendered":"https:\/\/dorogimedence.hu\/?p=65083"},"modified":"2024-09-23T15:54:37","modified_gmt":"2024-09-23T13:54:37","slug":"ma-van-a-nemzetkozi-hulladekgyujto-nap-5-tipp-a-felelossegteljes-epitkezeshez","status":"publish","type":"post","link":"https:\/\/dorogimedence.hu\/index.php\/2024\/09\/23\/ma-van-a-nemzetkozi-hulladekgyujto-nap-5-tipp-a-felelossegteljes-epitkezeshez\/","title":{"rendered":"Ma van a nemzetk\u00f6zi hullad\u00e9kgy\u0171jt\u0151 nap: 5 tipp a felel\u0151ss\u00e9gteljes \u00e9p\u00edtkez\u00e9shez"},"content":{"rendered":"<p><strong>A szeptember 23-i Nemzetk\u00f6zi hullad\u00e9kgy\u0171jt\u0151 nap arra h\u00edvja fel a figyelmet, hogy az anyagok \u00fajrahasznos\u00edt\u00e1sa, a k\u00f6rnyezettudatos tervez\u00e9s \u00e9s a hullad\u00e9k minimaliz\u00e1l\u00e1sa alapvet\u0151 fontoss\u00e1g\u00fa \u2013 k\u00fcl\u00f6n\u00f6sen az \u00e9p\u00edt\u0151iparban, ahol a fenntarthat\u00f3s\u00e1g \u00e9s a k\u00f6rnyezetv\u00e9delem \u00e9rdek\u00e9ben ezek az elvek m\u00e9g nagyobb hangs\u00falyt kapnak. Ez alkalomb\u00f3l a dorogi Baumit szak\u00e9rt\u0151i tan\u00e1csokkal seg\u00edt a fenntarthat\u00f3 \u00e9p\u00edtkez\u00e9s el\u00e9r\u00e9s\u00e9hez. <\/strong><\/p>\n<p>A glob\u00e1lis hullad\u00e9kprobl\u00e9ma egyre \u00e9get\u0151bb\u00e9 v\u00e1lik, \u00e9s minden ipar\u00e1gnak, \u00edgy az \u00e9p\u00edt\u0151iparnak is komoly szerepet kell v\u00e1llalnia a megold\u00e1sban. Az \u00e9p\u00edt\u0151iparban keletkez\u0151 hullad\u00e9k mennyis\u00e9ge \u00e9vr\u0151l \u00e9vre n\u0151, ami komoly kih\u00edv\u00e1st jelent a fenntarthat\u00f3 fejl\u0151d\u00e9s szempontj\u00e1b\u00f3l. A szeptember 23-i Nemzetk\u00f6zi hullad\u00e9kgy\u0171jt\u0151 nap az \u00fajrahasznos\u00edt\u00e1s \u00e9s a fenntarthat\u00f3bb alternat\u00edv\u00e1k v\u00e1laszt\u00e1s\u00e1nak jelent\u0151s\u00e9g\u00e9re, valamint a szelekt\u00edv hullad\u00e9kgy\u0171jt\u00e9s fontoss\u00e1g\u00e1ra h\u00edvja fel a figyelmet.<\/p>\n<p>A felel\u0151ss\u00e9gteljes \u00e9p\u00edtkez\u00e9s\u00e9rt az \u00e9p\u00edtkez\u0151k \u00e9s a kivitelez\u0151k is sokat tehetnek. Ebben seg\u00edti \u0151ket a Baumit Kft. alkalmaz\u00e1stechnikai szak\u00e9rt\u0151je, K\u00e9kesy P\u00e9ter az al\u00e1bbi tan\u00e1csokkal:<\/p>\n<ol>\n<li><strong>Az \u00e9p\u00edtkez\u00e9s alapos megtervez\u00e9se, bele\u00e9rtve a sz\u00fcks\u00e9ges anyagok pontos kisz\u00e1m\u00edt\u00e1s\u00e1t, seg\u00edt elker\u00fclni a felesleges hullad\u00e9k keletkez\u00e9s\u00e9t<\/strong>. Ehhez a legt\u00f6bb \u00e9p\u00edt\u00e9si v\u00e1llalat, mint a Baumit Kft. minden seg\u00edts\u00e9get megad a felhaszn\u00e1l\u00f3k sz\u00e1m\u00e1ra (pl. online fugakalkul\u00e1tor, telefonos \u00e9s szem\u00e9lyes tan\u00e1csad\u00e1s\u2026). A sz\u00fcks\u00e9ges mennyis\u00e9g pontos ismerete egy\u00e9bk\u00e9nt az\u00e9rt is fontos, mert a feleslegesen \u201enyakunkon maradt\u201d anyagokat \u00e1ltal\u00e1ban nem lehet visszav\u00e1ltani, \u00e9s mivel t\u00e1rolhat\u00f3s\u00e1gi idej\u00fck sem korl\u00e1tlan, ez\u00e9rt egy id\u0151 ut\u00e1n maguk is hullad\u00e9kk\u00e1 v\u00e1lnak.<\/li>\n<li><strong> \u00dajrahasznos\u00edthat\u00f3 anyagok v\u00e1laszt\u00e1sa, valamint az \u00fajrahasznos\u00edtott \u00e9p\u00edt\u0151anyagok haszn\u00e1lata jelent\u0151sen cs\u00f6kkentheti az \u00e9p\u00edtkez\u00e9s \u00f6kol\u00f3giai l\u00e1bnyom\u00e1t.<\/strong> Ennek egy j\u00f3 m\u00f3dja lehet a fenntarthat\u00f3 csomagol\u00e1s haszn\u00e1lata, mint a Baumit All In Beton B20, melynek csomagol\u00e1sa kever\u00e9s k\u00f6zben felold\u00f3dik, \u00e9s a beton r\u00e9sz\u00e9v\u00e9 v\u00e1lik, r\u00e1ad\u00e1sul rostjai term\u00e9szetes sz\u00e1ler\u0151s\u00edt\u00e9sk\u00e9nt is szolg\u00e1lnak. \u00cdgy nem keletkezik hullad\u00e9k, \u00e9s a kivitelez\u0151t is kevesebb porterhel\u00e9s \u00e9ri. Az ilyen innov\u00e1ci\u00f3k kulcsfontoss\u00e1g\u00faak a hullad\u00e9kcs\u00f6kkent\u00e9s \u00e9s a fenntarthat\u00f3 j\u00f6v\u0151 \u00e9rdek\u00e9ben.<\/li>\n<li><strong> \u00c9p\u00edtkez\u00e9s k\u00f6zben, a k\u00fcl\u00f6nb\u00f6z\u0151 t\u00edpus\u00fa hullad\u00e9kok szelekt\u00edv gy\u0171jt\u00e9se \u00e9s elk\u00fcl\u00f6n\u00edt\u00e9se el\u0151seg\u00edtheti azok \u00fajrahasznos\u00edt\u00e1s\u00e1t.<\/strong> M\u00e1r az \u00e9p\u00edtkez\u00e9s kezdeti szakasz\u00e1ban javasolt k\u00fcl\u00f6n kont\u00e9nereket biztos\u00edtani az egyes anyagok sz\u00e1m\u00e1ra, \u00edgy elker\u00fclhet\u0151, hogy az anyagok keveredjenek, megnehez\u00edtve az \u00fajrahasznos\u00edt\u00e1st. P\u00e9ld\u00e1ul a beton adal\u00e9kanyagk\u00e9nt \u00faj beton k\u00e9sz\u00edt\u00e9s\u00e9hez haszn\u00e1lhat\u00f3, m\u00edg a fa alap\u00fa hullad\u00e9kb\u00f3l forg\u00e1cslapok, rostlemezek k\u00e9sz\u00edthet\u0151k, amelyek tov\u00e1bbi \u00e9p\u00edt\u00e9si c\u00e9lokra haszn\u00e1lhat\u00f3k.<\/li>\n<li><strong> \u00c9rdemes t\u00e1j\u00e9koz\u00f3dni a hullad\u00e9kkezel\u00e9si lehet\u0151s\u00e9gekr\u0151l, vagyis arr\u00f3l, hogy a keletkez\u0151 hullad\u00e9kot hogyan lehet szakszer\u0171en kezelni, \u00fajrahasznos\u00edtani.<\/strong> Ezen bel\u00fcl kiemelten fontos figyelni a helyi rendeletekre, amelyek meghat\u00e1rozhatj\u00e1k, hogy mely anyagokat kell k\u00fcl\u00f6n kezelni, illetve, hogy milyen ar\u00e1nyban k\u00f6telez\u0151 \u00fajrahasznos\u00edtani az \u00e9p\u00edtkez\u00e9s sor\u00e1n keletkez\u0151 hullad\u00e9kot. Magyarorsz\u00e1gon sz\u00e1mos olyan hullad\u00e9kfeldolgoz\u00f3 l\u00e9tes\u00edtm\u00e9ny m\u0171k\u00f6dik, ahol az \u00e9p\u00edt\u00e9si t\u00f6rmel\u00e9ket \u00e1tv\u00e1logatj\u00e1k \u00e9s hasznos\u00edtj\u00e1k, p\u00e9ld\u00e1ul \u00fat\u00e9p\u00edt\u00e9si alapanyagk\u00e9nt.<\/li>\n<li><strong> Fontos az olyan \u00e9p\u00edt\u0151anyagok \u00e9s technol\u00f3gi\u00e1k alkalmaz\u00e1sa, amelyek hossz\u00fa t\u00e1von fenntarthat\u00f3ak \u00e9s cs\u00f6kkentik az energiafelhaszn\u00e1l\u00e1st.<\/strong> A fenntarthat\u00f3 \u00e9p\u00edt\u0151anyagok haszn\u00e1lata nemcsak a k\u00f6rnyezet v\u00e9delme miatt l\u00e9nyeges, de az \u00e9p\u00fcletek hossz\u00fa t\u00e1v\u00fa fenntarthat\u00f3s\u00e1g\u00e1t is el\u0151seg\u00edti. P\u00e9ld\u00e1ul a magas h\u0151szigetel\u0151 k\u00e9pess\u00e9g\u0171 anyagok alkalmaz\u00e1sa cs\u00f6kkenti a f\u0171t\u00e9si \u00e9s h\u0171t\u00e9si energiaig\u00e9nyt, amely jelent\u0151s k\u00f6lts\u00e9gmegtakar\u00edt\u00e1st eredm\u00e9nyezhet. Egyes h\u0151szigetel\u0151 rendszerek, mint p\u00e9ld\u00e1ul a Baumit Star \u00c1sv\u00e1nyi, ak\u00e1r 40%-kal is m\u00e9rs\u00e9kelhetik az energiafogyaszt\u00e1st, hozz\u00e1j\u00e1rulva ezzel a fenntarthat\u00f3bb \u00e9p\u00edt\u00e9si gyakorlatokhoz.<\/li>\n<\/ol>\n<p><em>\u201eTiszt\u00e1ban vagyunk azzal, hogy a Baumit All In Beton B20 \u00e9s a term\u00e9kbe \u00e9p\u00fcl\u0151 felold\u00f3d\u00f3 csomagol\u00e1s els\u0151sorban a j\u00f6v\u0151 \u00edg\u00e9retes megold\u00e1sa. \u00c9ppen ez\u00e9rt nem is azt tartjuk fontosnak, hogy mekkora az \u00e9rt\u00e9kes\u00edtett mennyis\u00e9g, hanem a folyamatosan tapasztalhat\u00f3 \u00e9s egyre n\u00f6vekv\u0151 \u00e9rdekl\u0151d\u00e9st, mely azt bizony\u00edtja, hogy ez a fejleszt\u00e9s j\u00f3 ir\u00e1nyba mutat.\u201d<\/em> \u2013 mondta el K\u00e9kesy P\u00e9ter, a Baumit alkalmaz\u00e1stechnikai vezet\u0151je.<\/p>\n","protected":false},"excerpt":{"rendered":"<p>A szeptember 23-i Nemzetk\u00f6zi hullad\u00e9kgy\u0171jt\u0151 nap arra h\u00edvja fel a figyelmet, hogy az anyagok \u00fajrahasznos\u00edt\u00e1sa, a k\u00f6rnyezettudatos tervez\u00e9s \u00e9s a hullad\u00e9k minimaliz\u00e1l\u00e1sa alapvet\u0151 fontoss\u00e1g\u00fa \u2013 k\u00fcl\u00f6n\u00f6sen az \u00e9p\u00edt\u0151iparban, ahol a fenntarthat\u00f3s\u00e1g \u00e9s a k\u00f6rnyezetv\u00e9delem \u00e9rdek\u00e9ben ezek az elvek m\u00e9g nagyobb hangs\u00falyt kapnak. Ez alkalomb\u00f3l a dorogi Baumit szak\u00e9rt\u0151i tan\u00e1csokkal seg\u00edt a fenntarthat\u00f3 \u00e9p\u00edtkez\u00e9s el\u00e9r\u00e9s\u00e9hez. A<\/p>\n","protected":false},"author":1,"featured_media":65084,"comment_status":"closed","ping_status":"closed","sticky":false,"template":"","format":"standard","meta":{"ngg_post_thumbnail":0,"footnotes":""},"categories":[3],"tags":[800,8029],"class_list":{"0":"post-65083","1":"post","2":"type-post","3":"status-publish","4":"format-standard","5":"has-post-thumbnail","7":"category-hirek","8":"tag-baumit","9":"tag-nemzetkozi-hulladekgyujto-nap"},"yoast_head":"<!-- This site is optimized with the Yoast SEO plugin v27.5 - https:\/\/yoast.com\/product\/yoast-seo-wordpress\/ -->\n<title>Ma van a nemzetk\u00f6zi hullad\u00e9kgy\u0171jt\u0151 nap: 5 tipp a felel\u0151ss\u00e9gteljes \u00e9p\u00edtkez\u00e9shez<\/title>\n<meta name=\"robots\" content=\"index, follow, max-snippet:-1, max-image-preview:large, max-video-preview:-1\" \/>\n<link rel=\"canonical\" href=\"https:\/\/dorogimedence.hu\/index.php\/2024\/09\/23\/ma-van-a-nemzetkozi-hulladekgyujto-nap-5-tipp-a-felelossegteljes-epitkezeshez\/\" class=\"yoast-seo-meta-tag\" \/>\n<meta property=\"og:locale\" content=\"hu_HU\" class=\"yoast-seo-meta-tag\" \/>\n<meta property=\"og:type\" content=\"article\" class=\"yoast-seo-meta-tag\" \/>\n<meta property=\"og:title\" content=\"Ma van a nemzetk\u00f6zi hullad\u00e9kgy\u0171jt\u0151 nap: 5 tipp a felel\u0151ss\u00e9gteljes \u00e9p\u00edtkez\u00e9shez\" class=\"yoast-seo-meta-tag\" \/>\n<meta property=\"og:description\" content=\"A szeptember 23-i Nemzetk\u00f6zi hullad\u00e9kgy\u0171jt\u0151 nap arra h\u00edvja fel a figyelmet, hogy az anyagok \u00fajrahasznos\u00edt\u00e1sa, a k\u00f6rnyezettudatos tervez\u00e9s \u00e9s a hullad\u00e9k minimaliz\u00e1l\u00e1sa alapvet\u0151 fontoss\u00e1g\u00fa \u2013 k\u00fcl\u00f6n\u00f6sen az \u00e9p\u00edt\u0151iparban, ahol a fenntarthat\u00f3s\u00e1g \u00e9s a k\u00f6rnyezetv\u00e9delem \u00e9rdek\u00e9ben ezek az elvek m\u00e9g nagyobb hangs\u00falyt kapnak. Ez alkalomb\u00f3l a dorogi Baumit szak\u00e9rt\u0151i tan\u00e1csokkal seg\u00edt a fenntarthat\u00f3 \u00e9p\u00edtkez\u00e9s el\u00e9r\u00e9s\u00e9hez. A\" class=\"yoast-seo-meta-tag\" \/>\n<meta property=\"og:url\" content=\"https:\/\/dorogimedence.hu\/index.php\/2024\/09\/23\/ma-van-a-nemzetkozi-hulladekgyujto-nap-5-tipp-a-felelossegteljes-epitkezeshez\/\" class=\"yoast-seo-meta-tag\" \/>\n<meta property=\"og:site_name\" content=\"Dorogi-medence Region\u00e1lis H\u00edrport\u00e1l\" class=\"yoast-seo-meta-tag\" \/>\n<meta property=\"article:publisher\" content=\"https:\/\/www.facebook.com\/dorogimedence\/\" class=\"yoast-seo-meta-tag\" \/>\n<meta property=\"article:published_time\" content=\"2024-09-23T13:54:37+00:00\" class=\"yoast-seo-meta-tag\" \/>\n<meta property=\"og:image\" content=\"https:\/\/dorogimedence.hu\/wp-content\/uploads\/2024\/09\/baumit.jpg\" class=\"yoast-seo-meta-tag\" \/>\n\t<meta property=\"og:image:width\" content=\"1920\" class=\"yoast-seo-meta-tag\" \/>\n\t<meta property=\"og:image:height\" content=\"970\" class=\"yoast-seo-meta-tag\" \/>\n\t<meta property=\"og:image:type\" content=\"image\/jpeg\" class=\"yoast-seo-meta-tag\" \/>\n<meta name=\"author\" content=\"dorogimedence.hu\" class=\"yoast-seo-meta-tag\" \/>\n<meta name=\"twitter:card\" content=\"summary_large_image\" class=\"yoast-seo-meta-tag\" \/>\n<meta name=\"twitter:label1\" content=\"Szerz\u0151:\" class=\"yoast-seo-meta-tag\" \/>\n\t<meta name=\"twitter:data1\" content=\"dorogimedence.hu\" class=\"yoast-seo-meta-tag\" \/>\n\t<meta name=\"twitter:label2\" content=\"Becs\u00fclt olvas\u00e1si id\u0151\" class=\"yoast-seo-meta-tag\" \/>\n\t<meta name=\"twitter:data2\" content=\"4 perc\" class=\"yoast-seo-meta-tag\" \/>\n<script type=\"application\/ld+json\" class=\"yoast-schema-graph\">{\"@context\":\"https:\\\/\\\/schema.org\",\"@graph\":[{\"@type\":\"Article\",\"@id\":\"https:\\\/\\\/dorogimedence.hu\\\/index.php\\\/2024\\\/09\\\/23\\\/ma-van-a-nemzetkozi-hulladekgyujto-nap-5-tipp-a-felelossegteljes-epitkezeshez\\\/#article\",\"isPartOf\":{\"@id\":\"https:\\\/\\\/dorogimedence.hu\\\/index.php\\\/2024\\\/09\\\/23\\\/ma-van-a-nemzetkozi-hulladekgyujto-nap-5-tipp-a-felelossegteljes-epitkezeshez\\\/\"},\"author\":{\"name\":\"dorogimedence.hu\",\"@id\":\"https:\\\/\\\/dorogimedence.hu\\\/#\\\/schema\\\/person\\\/ce6091eeb7e95ecdc87890d6aa8e0fd4\"},\"headline\":\"Ma van a nemzetk\u00f6zi hullad\u00e9kgy\u0171jt\u0151 nap: 5 tipp a felel\u0151ss\u00e9gteljes \u00e9p\u00edtkez\u00e9shez\",\"datePublished\":\"2024-09-23T13:54:37+00:00\",\"mainEntityOfPage\":{\"@id\":\"https:\\\/\\\/dorogimedence.hu\\\/index.php\\\/2024\\\/09\\\/23\\\/ma-van-a-nemzetkozi-hulladekgyujto-nap-5-tipp-a-felelossegteljes-epitkezeshez\\\/\"},\"wordCount\":898,\"publisher\":{\"@id\":\"https:\\\/\\\/dorogimedence.hu\\\/#organization\"},\"image\":{\"@id\":\"https:\\\/\\\/dorogimedence.hu\\\/index.php\\\/2024\\\/09\\\/23\\\/ma-van-a-nemzetkozi-hulladekgyujto-nap-5-tipp-a-felelossegteljes-epitkezeshez\\\/#primaryimage\"},\"thumbnailUrl\":\"https:\\\/\\\/dorogimedence.hu\\\/wp-content\\\/uploads\\\/2024\\\/09\\\/baumit.jpg\",\"keywords\":[\"Baumit\",\"nemzetk\u00f6zi hullad\u00e9kgy\u0171jt\u0151 nap\"],\"articleSection\":[\"H\u00edrek\"],\"inLanguage\":\"hu\"},{\"@type\":\"WebPage\",\"@id\":\"https:\\\/\\\/dorogimedence.hu\\\/index.php\\\/2024\\\/09\\\/23\\\/ma-van-a-nemzetkozi-hulladekgyujto-nap-5-tipp-a-felelossegteljes-epitkezeshez\\\/\",\"url\":\"https:\\\/\\\/dorogimedence.hu\\\/index.php\\\/2024\\\/09\\\/23\\\/ma-van-a-nemzetkozi-hulladekgyujto-nap-5-tipp-a-felelossegteljes-epitkezeshez\\\/\",\"name\":\"Ma van a nemzetk\u00f6zi hullad\u00e9kgy\u0171jt\u0151 nap: 5 tipp a felel\u0151ss\u00e9gteljes \u00e9p\u00edtkez\u00e9shez\",\"isPartOf\":{\"@id\":\"https:\\\/\\\/dorogimedence.hu\\\/#website\"},\"primaryImageOfPage\":{\"@id\":\"https:\\\/\\\/dorogimedence.hu\\\/index.php\\\/2024\\\/09\\\/23\\\/ma-van-a-nemzetkozi-hulladekgyujto-nap-5-tipp-a-felelossegteljes-epitkezeshez\\\/#primaryimage\"},\"image\":{\"@id\":\"https:\\\/\\\/dorogimedence.hu\\\/index.php\\\/2024\\\/09\\\/23\\\/ma-van-a-nemzetkozi-hulladekgyujto-nap-5-tipp-a-felelossegteljes-epitkezeshez\\\/#primaryimage\"},\"thumbnailUrl\":\"https:\\\/\\\/dorogimedence.hu\\\/wp-content\\\/uploads\\\/2024\\\/09\\\/baumit.jpg\",\"datePublished\":\"2024-09-23T13:54:37+00:00\",\"breadcrumb\":{\"@id\":\"https:\\\/\\\/dorogimedence.hu\\\/index.php\\\/2024\\\/09\\\/23\\\/ma-van-a-nemzetkozi-hulladekgyujto-nap-5-tipp-a-felelossegteljes-epitkezeshez\\\/#breadcrumb\"},\"inLanguage\":\"hu\",\"potentialAction\":[{\"@type\":\"ReadAction\",\"target\":[\"https:\\\/\\\/dorogimedence.hu\\\/index.php\\\/2024\\\/09\\\/23\\\/ma-van-a-nemzetkozi-hulladekgyujto-nap-5-tipp-a-felelossegteljes-epitkezeshez\\\/\"]}]},{\"@type\":\"ImageObject\",\"inLanguage\":\"hu\",\"@id\":\"https:\\\/\\\/dorogimedence.hu\\\/index.php\\\/2024\\\/09\\\/23\\\/ma-van-a-nemzetkozi-hulladekgyujto-nap-5-tipp-a-felelossegteljes-epitkezeshez\\\/#primaryimage\",\"url\":\"https:\\\/\\\/dorogimedence.hu\\\/wp-content\\\/uploads\\\/2024\\\/09\\\/baumit.jpg\",\"contentUrl\":\"https:\\\/\\\/dorogimedence.hu\\\/wp-content\\\/uploads\\\/2024\\\/09\\\/baumit.jpg\",\"width\":1920,\"height\":970},{\"@type\":\"BreadcrumbList\",\"@id\":\"https:\\\/\\\/dorogimedence.hu\\\/index.php\\\/2024\\\/09\\\/23\\\/ma-van-a-nemzetkozi-hulladekgyujto-nap-5-tipp-a-felelossegteljes-epitkezeshez\\\/#breadcrumb\",\"itemListElement\":[{\"@type\":\"ListItem\",\"position\":1,\"name\":\"Kezd\u0151lap\",\"item\":\"https:\\\/\\\/dorogimedence.hu\\\/\"},{\"@type\":\"ListItem\",\"position\":2,\"name\":\"Ma van a nemzetk\u00f6zi hullad\u00e9kgy\u0171jt\u0151 nap: 5 tipp a felel\u0151ss\u00e9gteljes \u00e9p\u00edtkez\u00e9shez\"}]},{\"@type\":\"WebSite\",\"@id\":\"https:\\\/\\\/dorogimedence.hu\\\/#website\",\"url\":\"https:\\\/\\\/dorogimedence.hu\\\/\",\"name\":\"Dorogi-medence Region\u00e1lis H\u00edrport\u00e1l\",\"description\":\"Dorog, Keszt\u00f6lc, Le\u00e1nyv\u00e1r, Piliscs\u00e9v, Tokod, Tokodalt\u00e1r\u00f3, Csolnok, Esztergom-kertv\u00e1ros: h\u00edrek, programok\",\"publisher\":{\"@id\":\"https:\\\/\\\/dorogimedence.hu\\\/#organization\"},\"potentialAction\":[{\"@type\":\"SearchAction\",\"target\":{\"@type\":\"EntryPoint\",\"urlTemplate\":\"https:\\\/\\\/dorogimedence.hu\\\/?s={search_term_string}\"},\"query-input\":{\"@type\":\"PropertyValueSpecification\",\"valueRequired\":true,\"valueName\":\"search_term_string\"}}],\"inLanguage\":\"hu\"},{\"@type\":\"Organization\",\"@id\":\"https:\\\/\\\/dorogimedence.hu\\\/#organization\",\"name\":\"Dorogi-medence Region\u00e1lis H\u00edrport\u00e1l\",\"url\":\"https:\\\/\\\/dorogimedence.hu\\\/\",\"logo\":{\"@type\":\"ImageObject\",\"inLanguage\":\"hu\",\"@id\":\"https:\\\/\\\/dorogimedence.hu\\\/#\\\/schema\\\/logo\\\/image\\\/\",\"url\":\"https:\\\/\\\/dorogimedence.hu\\\/wp-content\\\/uploads\\\/2021\\\/04\\\/logo-feher-600.png\",\"contentUrl\":\"https:\\\/\\\/dorogimedence.hu\\\/wp-content\\\/uploads\\\/2021\\\/04\\\/logo-feher-600.png\",\"width\":600,\"height\":100,\"caption\":\"Dorogi-medence Region\u00e1lis H\u00edrport\u00e1l\"},\"image\":{\"@id\":\"https:\\\/\\\/dorogimedence.hu\\\/#\\\/schema\\\/logo\\\/image\\\/\"},\"sameAs\":[\"https:\\\/\\\/www.facebook.com\\\/dorogimedence\\\/\"]},{\"@type\":\"Person\",\"@id\":\"https:\\\/\\\/dorogimedence.hu\\\/#\\\/schema\\\/person\\\/ce6091eeb7e95ecdc87890d6aa8e0fd4\",\"name\":\"dorogimedence.hu\",\"image\":{\"@type\":\"ImageObject\",\"inLanguage\":\"hu\",\"@id\":\"\\\/\\\/www.gravatar.com\\\/avatar\\\/d8d45f8901aadff40a4af72c0b826f1d?s=96&#038;r=g&#038;d=mm\",\"url\":\"\\\/\\\/www.gravatar.com\\\/avatar\\\/d8d45f8901aadff40a4af72c0b826f1d?s=96&#038;r=g&#038;d=mm\",\"contentUrl\":\"\\\/\\\/www.gravatar.com\\\/avatar\\\/d8d45f8901aadff40a4af72c0b826f1d?s=96&#038;r=g&#038;d=mm\",\"caption\":\"dorogimedence.hu\"}}]}<\/script>\n<!-- \/ Yoast SEO plugin. -->","yoast_head_json":{"title":"Ma van a nemzetk\u00f6zi hullad\u00e9kgy\u0171jt\u0151 nap: 5 tipp a felel\u0151ss\u00e9gteljes \u00e9p\u00edtkez\u00e9shez","robots":{"index":"index","follow":"follow","max-snippet":"max-snippet:-1","max-image-preview":"max-image-preview:large","max-video-preview":"max-video-preview:-1"},"canonical":"https:\/\/dorogimedence.hu\/index.php\/2024\/09\/23\/ma-van-a-nemzetkozi-hulladekgyujto-nap-5-tipp-a-felelossegteljes-epitkezeshez\/","og_locale":"hu_HU","og_type":"article","og_title":"Ma van a nemzetk\u00f6zi hullad\u00e9kgy\u0171jt\u0151 nap: 5 tipp a felel\u0151ss\u00e9gteljes \u00e9p\u00edtkez\u00e9shez","og_description":"A szeptember 23-i Nemzetk\u00f6zi hullad\u00e9kgy\u0171jt\u0151 nap arra h\u00edvja fel a figyelmet, hogy az anyagok \u00fajrahasznos\u00edt\u00e1sa, a k\u00f6rnyezettudatos tervez\u00e9s \u00e9s a hullad\u00e9k minimaliz\u00e1l\u00e1sa alapvet\u0151 fontoss\u00e1g\u00fa \u2013 k\u00fcl\u00f6n\u00f6sen az \u00e9p\u00edt\u0151iparban, ahol a fenntarthat\u00f3s\u00e1g \u00e9s a k\u00f6rnyezetv\u00e9delem \u00e9rdek\u00e9ben ezek az elvek m\u00e9g nagyobb hangs\u00falyt kapnak. Ez alkalomb\u00f3l a dorogi Baumit szak\u00e9rt\u0151i tan\u00e1csokkal seg\u00edt a fenntarthat\u00f3 \u00e9p\u00edtkez\u00e9s el\u00e9r\u00e9s\u00e9hez. A","og_url":"https:\/\/dorogimedence.hu\/index.php\/2024\/09\/23\/ma-van-a-nemzetkozi-hulladekgyujto-nap-5-tipp-a-felelossegteljes-epitkezeshez\/","og_site_name":"Dorogi-medence Region\u00e1lis H\u00edrport\u00e1l","article_publisher":"https:\/\/www.facebook.com\/dorogimedence\/","article_published_time":"2024-09-23T13:54:37+00:00","og_image":[{"width":1920,"height":970,"url":"https:\/\/dorogimedence.hu\/wp-content\/uploads\/2024\/09\/baumit.jpg","type":"image\/jpeg"}],"author":"dorogimedence.hu","twitter_card":"summary_large_image","twitter_misc":{"Szerz\u0151:":"dorogimedence.hu","Becs\u00fclt olvas\u00e1si id\u0151":"4 perc"},"schema":{"@context":"https:\/\/schema.org","@graph":[{"@type":"Article","@id":"https:\/\/dorogimedence.hu\/index.php\/2024\/09\/23\/ma-van-a-nemzetkozi-hulladekgyujto-nap-5-tipp-a-felelossegteljes-epitkezeshez\/#article","isPartOf":{"@id":"https:\/\/dorogimedence.hu\/index.php\/2024\/09\/23\/ma-van-a-nemzetkozi-hulladekgyujto-nap-5-tipp-a-felelossegteljes-epitkezeshez\/"},"author":{"name":"dorogimedence.hu","@id":"https:\/\/dorogimedence.hu\/#\/schema\/person\/ce6091eeb7e95ecdc87890d6aa8e0fd4"},"headline":"Ma van a nemzetk\u00f6zi hullad\u00e9kgy\u0171jt\u0151 nap: 5 tipp a felel\u0151ss\u00e9gteljes \u00e9p\u00edtkez\u00e9shez","datePublished":"2024-09-23T13:54:37+00:00","mainEntityOfPage":{"@id":"https:\/\/dorogimedence.hu\/index.php\/2024\/09\/23\/ma-van-a-nemzetkozi-hulladekgyujto-nap-5-tipp-a-felelossegteljes-epitkezeshez\/"},"wordCount":898,"publisher":{"@id":"https:\/\/dorogimedence.hu\/#organization"},"image":{"@id":"https:\/\/dorogimedence.hu\/index.php\/2024\/09\/23\/ma-van-a-nemzetkozi-hulladekgyujto-nap-5-tipp-a-felelossegteljes-epitkezeshez\/#primaryimage"},"thumbnailUrl":"https:\/\/dorogimedence.hu\/wp-content\/uploads\/2024\/09\/baumit.jpg","keywords":["Baumit","nemzetk\u00f6zi hullad\u00e9kgy\u0171jt\u0151 nap"],"articleSection":["H\u00edrek"],"inLanguage":"hu"},{"@type":"WebPage","@id":"https:\/\/dorogimedence.hu\/index.php\/2024\/09\/23\/ma-van-a-nemzetkozi-hulladekgyujto-nap-5-tipp-a-felelossegteljes-epitkezeshez\/","url":"https:\/\/dorogimedence.hu\/index.php\/2024\/09\/23\/ma-van-a-nemzetkozi-hulladekgyujto-nap-5-tipp-a-felelossegteljes-epitkezeshez\/","name":"Ma van a nemzetk\u00f6zi hullad\u00e9kgy\u0171jt\u0151 nap: 5 tipp a felel\u0151ss\u00e9gteljes \u00e9p\u00edtkez\u00e9shez","isPartOf":{"@id":"https:\/\/dorogimedence.hu\/#website"},"primaryImageOfPage":{"@id":"https:\/\/dorogimedence.hu\/index.php\/2024\/09\/23\/ma-van-a-nemzetkozi-hulladekgyujto-nap-5-tipp-a-felelossegteljes-epitkezeshez\/#primaryimage"},"image":{"@id":"https:\/\/dorogimedence.hu\/index.php\/2024\/09\/23\/ma-van-a-nemzetkozi-hulladekgyujto-nap-5-tipp-a-felelossegteljes-epitkezeshez\/#primaryimage"},"thumbnailUrl":"https:\/\/dorogimedence.hu\/wp-content\/uploads\/2024\/09\/baumit.jpg","datePublished":"2024-09-23T13:54:37+00:00","breadcrumb":{"@id":"https:\/\/dorogimedence.hu\/index.php\/2024\/09\/23\/ma-van-a-nemzetkozi-hulladekgyujto-nap-5-tipp-a-felelossegteljes-epitkezeshez\/#breadcrumb"},"inLanguage":"hu","potentialAction":[{"@type":"ReadAction","target":["https:\/\/dorogimedence.hu\/index.php\/2024\/09\/23\/ma-van-a-nemzetkozi-hulladekgyujto-nap-5-tipp-a-felelossegteljes-epitkezeshez\/"]}]},{"@type":"ImageObject","inLanguage":"hu","@id":"https:\/\/dorogimedence.hu\/index.php\/2024\/09\/23\/ma-van-a-nemzetkozi-hulladekgyujto-nap-5-tipp-a-felelossegteljes-epitkezeshez\/#primaryimage","url":"https:\/\/dorogimedence.hu\/wp-content\/uploads\/2024\/09\/baumit.jpg","contentUrl":"https:\/\/dorogimedence.hu\/wp-content\/uploads\/2024\/09\/baumit.jpg","width":1920,"height":970},{"@type":"BreadcrumbList","@id":"https:\/\/dorogimedence.hu\/index.php\/2024\/09\/23\/ma-van-a-nemzetkozi-hulladekgyujto-nap-5-tipp-a-felelossegteljes-epitkezeshez\/#breadcrumb","itemListElement":[{"@type":"ListItem","position":1,"name":"Kezd\u0151lap","item":"https:\/\/dorogimedence.hu\/"},{"@type":"ListItem","position":2,"name":"Ma van a nemzetk\u00f6zi hullad\u00e9kgy\u0171jt\u0151 nap: 5 tipp a felel\u0151ss\u00e9gteljes \u00e9p\u00edtkez\u00e9shez"}]},{"@type":"WebSite","@id":"https:\/\/dorogimedence.hu\/#website","url":"https:\/\/dorogimedence.hu\/","name":"Dorogi-medence Region\u00e1lis H\u00edrport\u00e1l","description":"Dorog, Keszt\u00f6lc, Le\u00e1nyv\u00e1r, Piliscs\u00e9v, Tokod, Tokodalt\u00e1r\u00f3, Csolnok, Esztergom-kertv\u00e1ros: h\u00edrek, programok","publisher":{"@id":"https:\/\/dorogimedence.hu\/#organization"},"potentialAction":[{"@type":"SearchAction","target":{"@type":"EntryPoint","urlTemplate":"https:\/\/dorogimedence.hu\/?s={search_term_string}"},"query-input":{"@type":"PropertyValueSpecification","valueRequired":true,"valueName":"search_term_string"}}],"inLanguage":"hu"},{"@type":"Organization","@id":"https:\/\/dorogimedence.hu\/#organization","name":"Dorogi-medence Region\u00e1lis H\u00edrport\u00e1l","url":"https:\/\/dorogimedence.hu\/","logo":{"@type":"ImageObject","inLanguage":"hu","@id":"https:\/\/dorogimedence.hu\/#\/schema\/logo\/image\/","url":"https:\/\/dorogimedence.hu\/wp-content\/uploads\/2021\/04\/logo-feher-600.png","contentUrl":"https:\/\/dorogimedence.hu\/wp-content\/uploads\/2021\/04\/logo-feher-600.png","width":600,"height":100,"caption":"Dorogi-medence Region\u00e1lis H\u00edrport\u00e1l"},"image":{"@id":"https:\/\/dorogimedence.hu\/#\/schema\/logo\/image\/"},"sameAs":["https:\/\/www.facebook.com\/dorogimedence\/"]},{"@type":"Person","@id":"https:\/\/dorogimedence.hu\/#\/schema\/person\/ce6091eeb7e95ecdc87890d6aa8e0fd4","name":"dorogimedence.hu","image":{"@type":"ImageObject","inLanguage":"hu","@id":"\/\/www.gravatar.com\/avatar\/d8d45f8901aadff40a4af72c0b826f1d?s=96&#038;r=g&#038;d=mm","url":"\/\/www.gravatar.com\/avatar\/d8d45f8901aadff40a4af72c0b826f1d?s=96&#038;r=g&#038;d=mm","contentUrl":"\/\/www.gravatar.com\/avatar\/d8d45f8901aadff40a4af72c0b826f1d?s=96&#038;r=g&#038;d=mm","caption":"dorogimedence.hu"}}]}},"_links":{"self":[{"href":"https:\/\/dorogimedence.hu\/index.php\/wp-json\/wp\/v2\/posts\/65083","targetHints":{"allow":["GET"]}}],"collection":[{"href":"https:\/\/dorogimedence.hu\/index.php\/wp-json\/wp\/v2\/posts"}],"about":[{"href":"https:\/\/dorogimedence.hu\/index.php\/wp-json\/wp\/v2\/types\/post"}],"author":[{"embeddable":true,"href":"https:\/\/dorogimedence.hu\/index.php\/wp-json\/wp\/v2\/users\/1"}],"replies":[{"embeddable":true,"href":"https:\/\/dorogimedence.hu\/index.php\/wp-json\/wp\/v2\/comments?post=65083"}],"version-history":[{"count":0,"href":"https:\/\/dorogimedence.hu\/index.php\/wp-json\/wp\/v2\/posts\/65083\/revisions"}],"wp:featuredmedia":[{"embeddable":true,"href":"https:\/\/dorogimedence.hu\/index.php\/wp-json\/wp\/v2\/media\/65084"}],"wp:attachment":[{"href":"https:\/\/dorogimedence.hu\/index.php\/wp-json\/wp\/v2\/media?parent=65083"}],"wp:term":[{"taxonomy":"category","embeddable":true,"href":"https:\/\/dorogimedence.hu\/index.php\/wp-json\/wp\/v2\/categories?post=65083"},{"taxonomy":"post_tag","embeddable":true,"href":"https:\/\/dorogimedence.hu\/index.php\/wp-json\/wp\/v2\/tags?post=65083"}],"curies":[{"name":"wp","href":"https:\/\/api.w.org\/{rel}","templated":true}]}}