{"id":6508,"date":"2017-10-30T06:37:25","date_gmt":"2017-10-30T05:37:25","guid":{"rendered":"http:\/\/dorogimedence.hu\/?p=6508"},"modified":"2017-10-30T06:37:25","modified_gmt":"2017-10-30T05:37:25","slug":"viharkarok-tersegunkben-3","status":"publish","type":"post","link":"https:\/\/dorogimedence.hu\/index.php\/2017\/10\/30\/viharkarok-tersegunkben-3\/","title":{"rendered":"Vihark\u00e1rok t\u00e9rs\u00e9g\u00fcnkben"},"content":{"rendered":"<p><strong>T\u00e9rs\u00e9g\u00fcnk t\u0171zolt\u00f3inak akadt dolga rendesen okt\u00f3ber 29-\u00e9n, vas\u00e1rnap. A nagy sebess\u00e9g\u0171 sz\u00e9ll\u00f6k\u00e9sek rengeteg k\u00e1rt okoztak Dorogon, illetve a k\u00f6rnyez\u0151 telep\u00fcl\u00e9seken. A Pilis-tet\u0151n 125 km\/h-\u00e1s sz\u00e9ll\u00f6k\u00e9st is m\u00e9rtek.<\/strong><\/p>\n<p>A dorogi uszod\u00e1n\u00e1l az \u00faton egy trambulin szabadult el, a f\u00e1k is sorra t\u00f6rtek kett\u00e9 a B\u00e9csi udvarban, a Baross G\u00e1bor lak\u00f3telepen, a K\u00f6zt\u00e1rsas\u00e1g \u00faton \u00e9s a v\u00e1ros t\u00f6bb pontjain. A Schmidt S\u00e1ndor lak\u00f3telepen gy\u00f6kerest\u00fcl csavart ki egy f\u00e1t a vihar. A kid\u0151lt f\u00e1k miatt v\u00e1rosszerte t\u00f6bb aut\u00f3 is k\u00e1rosodott. A keszt\u00f6lciek sem j\u00e1rtak szerencs\u00e9sebben, Isten csap\u00e1s\u00e1t k\u00f6vethett\u00e9k nyomon, hiszen n\u00e1luk a temet\u0151ben \u00e1ll\u00f3 ravataloz\u00f3 tetej\u00e9t t\u00e9pte sz\u00e9t a vihar.<\/p>\n<p><em><strong>A vihark\u00e1rokr\u00f3l tov\u00e1bbi k\u00e9peket a <a href=\"http:\/\/dorog-esztergom-idojarasa.hu\/dorog-esztergom-tersege\/orkan-ereju-szel-varhato-vasarnap\/\" target=\"_blank\" rel=\"noopener\"><span style=\"text-decoration: underline; color: #0000ff;\">Dorog-Esztergom T\u00e9rs\u00e9g\u00e9nek id\u0151j\u00e1r\u00e1sa port\u00e1lon<\/span><\/a> tekinthet\u00fcnk meg!<br \/>\n<\/strong><\/em><\/p>\n<p><img fetchpriority=\"high\" decoding=\"async\" class=\"alignnone size-full wp-image-6509\" src=\"https:\/\/dorogimedence.hu\/wp-content\/uploads\/2017\/10\/vihar-trambulin.jpg\" alt=\"\" width=\"540\" height=\"365\" srcset=\"https:\/\/dorogimedence.hu\/wp-content\/uploads\/2017\/10\/vihar-trambulin.jpg 540w, https:\/\/dorogimedence.hu\/wp-content\/uploads\/2017\/10\/vihar-trambulin-300x203.jpg 300w\" sizes=\"(max-width: 540px) 100vw, 540px\" \/><\/p>\n<p><em>Fot\u00f3k: dorog-esztergom-idojarasa.hu<\/em><\/p>\n","protected":false},"excerpt":{"rendered":"<p>T\u00e9rs\u00e9g\u00fcnk t\u0171zolt\u00f3inak akadt dolga rendesen okt\u00f3ber 29-\u00e9n, vas\u00e1rnap. A nagy sebess\u00e9g\u0171 sz\u00e9ll\u00f6k\u00e9sek rengeteg k\u00e1rt okoztak Dorogon, illetve a k\u00f6rnyez\u0151 telep\u00fcl\u00e9seken. A Pilis-tet\u0151n 125 km\/h-\u00e1s sz\u00e9ll\u00f6k\u00e9st is m\u00e9rtek. A dorogi uszod\u00e1n\u00e1l az \u00faton egy trambulin szabadult el, a f\u00e1k is sorra t\u00f6rtek kett\u00e9 a B\u00e9csi udvarban, a Baross G\u00e1bor lak\u00f3telepen, a K\u00f6zt\u00e1rsas\u00e1g \u00faton \u00e9s a v\u00e1ros<\/p>\n","protected":false},"author":1,"featured_media":6510,"comment_status":"closed","ping_status":"closed","sticky":false,"template":"","format":"standard","meta":{"ngg_post_thumbnail":0,"footnotes":""},"categories":[2,3,8],"tags":[15,58,175,129,1769,1771],"class_list":{"0":"post-6508","1":"post","2":"type-post","3":"status-publish","4":"format-standard","5":"has-post-thumbnail","7":"category-dorog","8":"category-hirek","9":"category-kesztolc","10":"tag-dorog","11":"tag-idojaras","12":"tag-katasztrofavedelem","13":"tag-kesztolc","14":"tag-szellokes","15":"tag-viharkarok"},"yoast_head":"<!-- This site is optimized with the Yoast SEO plugin v27.4 - https:\/\/yoast.com\/product\/yoast-seo-wordpress\/ -->\n<title>Vihark\u00e1rok t\u00e9rs\u00e9g\u00fcnkben<\/title>\n<meta name=\"robots\" content=\"index, follow, max-snippet:-1, max-image-preview:large, max-video-preview:-1\" \/>\n<link rel=\"canonical\" href=\"https:\/\/dorogimedence.hu\/index.php\/2017\/10\/30\/viharkarok-tersegunkben-3\/\" class=\"yoast-seo-meta-tag\" \/>\n<meta property=\"og:locale\" content=\"hu_HU\" class=\"yoast-seo-meta-tag\" \/>\n<meta property=\"og:type\" content=\"article\" class=\"yoast-seo-meta-tag\" \/>\n<meta property=\"og:title\" content=\"Vihark\u00e1rok t\u00e9rs\u00e9g\u00fcnkben\" class=\"yoast-seo-meta-tag\" \/>\n<meta property=\"og:description\" content=\"T\u00e9rs\u00e9g\u00fcnk t\u0171zolt\u00f3inak akadt dolga rendesen okt\u00f3ber 29-\u00e9n, vas\u00e1rnap. A nagy sebess\u00e9g\u0171 sz\u00e9ll\u00f6k\u00e9sek rengeteg k\u00e1rt okoztak Dorogon, illetve a k\u00f6rnyez\u0151 telep\u00fcl\u00e9seken. A Pilis-tet\u0151n 125 km\/h-\u00e1s sz\u00e9ll\u00f6k\u00e9st is m\u00e9rtek. A dorogi uszod\u00e1n\u00e1l az \u00faton egy trambulin szabadult el, a f\u00e1k is sorra t\u00f6rtek kett\u00e9 a B\u00e9csi udvarban, a Baross G\u00e1bor lak\u00f3telepen, a K\u00f6zt\u00e1rsas\u00e1g \u00faton \u00e9s a v\u00e1ros\" class=\"yoast-seo-meta-tag\" \/>\n<meta property=\"og:url\" content=\"https:\/\/dorogimedence.hu\/index.php\/2017\/10\/30\/viharkarok-tersegunkben-3\/\" class=\"yoast-seo-meta-tag\" \/>\n<meta property=\"og:site_name\" content=\"Dorogi-medence Region\u00e1lis H\u00edrport\u00e1l\" class=\"yoast-seo-meta-tag\" \/>\n<meta property=\"article:publisher\" content=\"https:\/\/www.facebook.com\/dorogimedence\/\" class=\"yoast-seo-meta-tag\" \/>\n<meta property=\"article:published_time\" content=\"2017-10-30T05:37:25+00:00\" class=\"yoast-seo-meta-tag\" \/>\n<meta property=\"og:image\" content=\"https:\/\/i0.wp.com\/dorogimedence.hu\/wp-content\/uploads\/2017\/10\/vihar-auto.jpg?fit=670%2C365&ssl=1\" class=\"yoast-seo-meta-tag\" \/>\n\t<meta property=\"og:image:width\" content=\"670\" class=\"yoast-seo-meta-tag\" \/>\n\t<meta property=\"og:image:height\" content=\"365\" class=\"yoast-seo-meta-tag\" \/>\n\t<meta property=\"og:image:type\" content=\"image\/jpeg\" class=\"yoast-seo-meta-tag\" \/>\n<meta name=\"author\" content=\"dorogimedence.hu\" class=\"yoast-seo-meta-tag\" \/>\n<meta name=\"twitter:card\" content=\"summary_large_image\" class=\"yoast-seo-meta-tag\" \/>\n<meta name=\"twitter:label1\" content=\"Szerz\u0151:\" class=\"yoast-seo-meta-tag\" \/>\n\t<meta name=\"twitter:data1\" content=\"dorogimedence.hu\" class=\"yoast-seo-meta-tag\" \/>\n\t<meta name=\"twitter:label2\" content=\"Becs\u00fclt olvas\u00e1si id\u0151\" class=\"yoast-seo-meta-tag\" \/>\n\t<meta name=\"twitter:data2\" content=\"1 perc\" class=\"yoast-seo-meta-tag\" \/>\n<script type=\"application\/ld+json\" class=\"yoast-schema-graph\">{\"@context\":\"https:\\\/\\\/schema.org\",\"@graph\":[{\"@type\":\"Article\",\"@id\":\"https:\\\/\\\/dorogimedence.hu\\\/index.php\\\/2017\\\/10\\\/30\\\/viharkarok-tersegunkben-3\\\/#article\",\"isPartOf\":{\"@id\":\"https:\\\/\\\/dorogimedence.hu\\\/index.php\\\/2017\\\/10\\\/30\\\/viharkarok-tersegunkben-3\\\/\"},\"author\":{\"name\":\"dorogimedence.hu\",\"@id\":\"https:\\\/\\\/dorogimedence.hu\\\/#\\\/schema\\\/person\\\/ce6091eeb7e95ecdc87890d6aa8e0fd4\"},\"headline\":\"Vihark\u00e1rok t\u00e9rs\u00e9g\u00fcnkben\",\"datePublished\":\"2017-10-30T05:37:25+00:00\",\"mainEntityOfPage\":{\"@id\":\"https:\\\/\\\/dorogimedence.hu\\\/index.php\\\/2017\\\/10\\\/30\\\/viharkarok-tersegunkben-3\\\/\"},\"wordCount\":186,\"publisher\":{\"@id\":\"https:\\\/\\\/dorogimedence.hu\\\/#organization\"},\"image\":{\"@id\":\"https:\\\/\\\/dorogimedence.hu\\\/index.php\\\/2017\\\/10\\\/30\\\/viharkarok-tersegunkben-3\\\/#primaryimage\"},\"thumbnailUrl\":\"https:\\\/\\\/dorogimedence.hu\\\/wp-content\\\/uploads\\\/2017\\\/10\\\/vihar-auto.jpg\",\"keywords\":[\"Dorog\",\"id\u0151j\u00e1r\u00e1s\",\"katasztr\u00f3fav\u00e9delem\",\"Keszt\u00f6lc\",\"sz\u00e9ll\u00f6k\u00e9s\",\"vihark\u00e1rok\"],\"articleSection\":[\"Dorog\",\"H\u00edrek\",\"Keszt\u00f6lc\"],\"inLanguage\":\"hu\"},{\"@type\":\"WebPage\",\"@id\":\"https:\\\/\\\/dorogimedence.hu\\\/index.php\\\/2017\\\/10\\\/30\\\/viharkarok-tersegunkben-3\\\/\",\"url\":\"https:\\\/\\\/dorogimedence.hu\\\/index.php\\\/2017\\\/10\\\/30\\\/viharkarok-tersegunkben-3\\\/\",\"name\":\"Vihark\u00e1rok t\u00e9rs\u00e9g\u00fcnkben\",\"isPartOf\":{\"@id\":\"https:\\\/\\\/dorogimedence.hu\\\/#website\"},\"primaryImageOfPage\":{\"@id\":\"https:\\\/\\\/dorogimedence.hu\\\/index.php\\\/2017\\\/10\\\/30\\\/viharkarok-tersegunkben-3\\\/#primaryimage\"},\"image\":{\"@id\":\"https:\\\/\\\/dorogimedence.hu\\\/index.php\\\/2017\\\/10\\\/30\\\/viharkarok-tersegunkben-3\\\/#primaryimage\"},\"thumbnailUrl\":\"https:\\\/\\\/dorogimedence.hu\\\/wp-content\\\/uploads\\\/2017\\\/10\\\/vihar-auto.jpg\",\"datePublished\":\"2017-10-30T05:37:25+00:00\",\"breadcrumb\":{\"@id\":\"https:\\\/\\\/dorogimedence.hu\\\/index.php\\\/2017\\\/10\\\/30\\\/viharkarok-tersegunkben-3\\\/#breadcrumb\"},\"inLanguage\":\"hu\",\"potentialAction\":[{\"@type\":\"ReadAction\",\"target\":[\"https:\\\/\\\/dorogimedence.hu\\\/index.php\\\/2017\\\/10\\\/30\\\/viharkarok-tersegunkben-3\\\/\"]}]},{\"@type\":\"ImageObject\",\"inLanguage\":\"hu\",\"@id\":\"https:\\\/\\\/dorogimedence.hu\\\/index.php\\\/2017\\\/10\\\/30\\\/viharkarok-tersegunkben-3\\\/#primaryimage\",\"url\":\"https:\\\/\\\/dorogimedence.hu\\\/wp-content\\\/uploads\\\/2017\\\/10\\\/vihar-auto.jpg\",\"contentUrl\":\"https:\\\/\\\/dorogimedence.hu\\\/wp-content\\\/uploads\\\/2017\\\/10\\\/vihar-auto.jpg\",\"width\":670,\"height\":365},{\"@type\":\"BreadcrumbList\",\"@id\":\"https:\\\/\\\/dorogimedence.hu\\\/index.php\\\/2017\\\/10\\\/30\\\/viharkarok-tersegunkben-3\\\/#breadcrumb\",\"itemListElement\":[{\"@type\":\"ListItem\",\"position\":1,\"name\":\"Kezd\u0151lap\",\"item\":\"https:\\\/\\\/dorogimedence.hu\\\/\"},{\"@type\":\"ListItem\",\"position\":2,\"name\":\"Vihark\u00e1rok t\u00e9rs\u00e9g\u00fcnkben\"}]},{\"@type\":\"WebSite\",\"@id\":\"https:\\\/\\\/dorogimedence.hu\\\/#website\",\"url\":\"https:\\\/\\\/dorogimedence.hu\\\/\",\"name\":\"Dorogi-medence Region\u00e1lis H\u00edrport\u00e1l\",\"description\":\"Dorog, Keszt\u00f6lc, Le\u00e1nyv\u00e1r, Piliscs\u00e9v, Tokod, Tokodalt\u00e1r\u00f3, Csolnok, Esztergom-kertv\u00e1ros: h\u00edrek, programok\",\"publisher\":{\"@id\":\"https:\\\/\\\/dorogimedence.hu\\\/#organization\"},\"potentialAction\":[{\"@type\":\"SearchAction\",\"target\":{\"@type\":\"EntryPoint\",\"urlTemplate\":\"https:\\\/\\\/dorogimedence.hu\\\/?s={search_term_string}\"},\"query-input\":{\"@type\":\"PropertyValueSpecification\",\"valueRequired\":true,\"valueName\":\"search_term_string\"}}],\"inLanguage\":\"hu\"},{\"@type\":\"Organization\",\"@id\":\"https:\\\/\\\/dorogimedence.hu\\\/#organization\",\"name\":\"Dorogi-medence Region\u00e1lis H\u00edrport\u00e1l\",\"url\":\"https:\\\/\\\/dorogimedence.hu\\\/\",\"logo\":{\"@type\":\"ImageObject\",\"inLanguage\":\"hu\",\"@id\":\"https:\\\/\\\/dorogimedence.hu\\\/#\\\/schema\\\/logo\\\/image\\\/\",\"url\":\"https:\\\/\\\/dorogimedence.hu\\\/wp-content\\\/uploads\\\/2021\\\/04\\\/logo-feher-600.png\",\"contentUrl\":\"https:\\\/\\\/dorogimedence.hu\\\/wp-content\\\/uploads\\\/2021\\\/04\\\/logo-feher-600.png\",\"width\":600,\"height\":100,\"caption\":\"Dorogi-medence Region\u00e1lis H\u00edrport\u00e1l\"},\"image\":{\"@id\":\"https:\\\/\\\/dorogimedence.hu\\\/#\\\/schema\\\/logo\\\/image\\\/\"},\"sameAs\":[\"https:\\\/\\\/www.facebook.com\\\/dorogimedence\\\/\"]},{\"@type\":\"Person\",\"@id\":\"https:\\\/\\\/dorogimedence.hu\\\/#\\\/schema\\\/person\\\/ce6091eeb7e95ecdc87890d6aa8e0fd4\",\"name\":\"dorogimedence.hu\",\"image\":{\"@type\":\"ImageObject\",\"inLanguage\":\"hu\",\"@id\":\"\\\/\\\/www.gravatar.com\\\/avatar\\\/d8d45f8901aadff40a4af72c0b826f1d?s=96&#038;r=g&#038;d=mm\",\"url\":\"\\\/\\\/www.gravatar.com\\\/avatar\\\/d8d45f8901aadff40a4af72c0b826f1d?s=96&#038;r=g&#038;d=mm\",\"contentUrl\":\"\\\/\\\/www.gravatar.com\\\/avatar\\\/d8d45f8901aadff40a4af72c0b826f1d?s=96&#038;r=g&#038;d=mm\",\"caption\":\"dorogimedence.hu\"}}]}<\/script>\n<!-- \/ Yoast SEO plugin. -->","yoast_head_json":{"title":"Vihark\u00e1rok t\u00e9rs\u00e9g\u00fcnkben","robots":{"index":"index","follow":"follow","max-snippet":"max-snippet:-1","max-image-preview":"max-image-preview:large","max-video-preview":"max-video-preview:-1"},"canonical":"https:\/\/dorogimedence.hu\/index.php\/2017\/10\/30\/viharkarok-tersegunkben-3\/","og_locale":"hu_HU","og_type":"article","og_title":"Vihark\u00e1rok t\u00e9rs\u00e9g\u00fcnkben","og_description":"T\u00e9rs\u00e9g\u00fcnk t\u0171zolt\u00f3inak akadt dolga rendesen okt\u00f3ber 29-\u00e9n, vas\u00e1rnap. A nagy sebess\u00e9g\u0171 sz\u00e9ll\u00f6k\u00e9sek rengeteg k\u00e1rt okoztak Dorogon, illetve a k\u00f6rnyez\u0151 telep\u00fcl\u00e9seken. A Pilis-tet\u0151n 125 km\/h-\u00e1s sz\u00e9ll\u00f6k\u00e9st is m\u00e9rtek. A dorogi uszod\u00e1n\u00e1l az \u00faton egy trambulin szabadult el, a f\u00e1k is sorra t\u00f6rtek kett\u00e9 a B\u00e9csi udvarban, a Baross G\u00e1bor lak\u00f3telepen, a K\u00f6zt\u00e1rsas\u00e1g \u00faton \u00e9s a v\u00e1ros","og_url":"https:\/\/dorogimedence.hu\/index.php\/2017\/10\/30\/viharkarok-tersegunkben-3\/","og_site_name":"Dorogi-medence Region\u00e1lis H\u00edrport\u00e1l","article_publisher":"https:\/\/www.facebook.com\/dorogimedence\/","article_published_time":"2017-10-30T05:37:25+00:00","og_image":[{"width":670,"height":365,"url":"https:\/\/i0.wp.com\/dorogimedence.hu\/wp-content\/uploads\/2017\/10\/vihar-auto.jpg?fit=670%2C365&ssl=1","type":"image\/jpeg"}],"author":"dorogimedence.hu","twitter_card":"summary_large_image","twitter_misc":{"Szerz\u0151:":"dorogimedence.hu","Becs\u00fclt olvas\u00e1si id\u0151":"1 perc"},"schema":{"@context":"https:\/\/schema.org","@graph":[{"@type":"Article","@id":"https:\/\/dorogimedence.hu\/index.php\/2017\/10\/30\/viharkarok-tersegunkben-3\/#article","isPartOf":{"@id":"https:\/\/dorogimedence.hu\/index.php\/2017\/10\/30\/viharkarok-tersegunkben-3\/"},"author":{"name":"dorogimedence.hu","@id":"https:\/\/dorogimedence.hu\/#\/schema\/person\/ce6091eeb7e95ecdc87890d6aa8e0fd4"},"headline":"Vihark\u00e1rok t\u00e9rs\u00e9g\u00fcnkben","datePublished":"2017-10-30T05:37:25+00:00","mainEntityOfPage":{"@id":"https:\/\/dorogimedence.hu\/index.php\/2017\/10\/30\/viharkarok-tersegunkben-3\/"},"wordCount":186,"publisher":{"@id":"https:\/\/dorogimedence.hu\/#organization"},"image":{"@id":"https:\/\/dorogimedence.hu\/index.php\/2017\/10\/30\/viharkarok-tersegunkben-3\/#primaryimage"},"thumbnailUrl":"https:\/\/dorogimedence.hu\/wp-content\/uploads\/2017\/10\/vihar-auto.jpg","keywords":["Dorog","id\u0151j\u00e1r\u00e1s","katasztr\u00f3fav\u00e9delem","Keszt\u00f6lc","sz\u00e9ll\u00f6k\u00e9s","vihark\u00e1rok"],"articleSection":["Dorog","H\u00edrek","Keszt\u00f6lc"],"inLanguage":"hu"},{"@type":"WebPage","@id":"https:\/\/dorogimedence.hu\/index.php\/2017\/10\/30\/viharkarok-tersegunkben-3\/","url":"https:\/\/dorogimedence.hu\/index.php\/2017\/10\/30\/viharkarok-tersegunkben-3\/","name":"Vihark\u00e1rok t\u00e9rs\u00e9g\u00fcnkben","isPartOf":{"@id":"https:\/\/dorogimedence.hu\/#website"},"primaryImageOfPage":{"@id":"https:\/\/dorogimedence.hu\/index.php\/2017\/10\/30\/viharkarok-tersegunkben-3\/#primaryimage"},"image":{"@id":"https:\/\/dorogimedence.hu\/index.php\/2017\/10\/30\/viharkarok-tersegunkben-3\/#primaryimage"},"thumbnailUrl":"https:\/\/dorogimedence.hu\/wp-content\/uploads\/2017\/10\/vihar-auto.jpg","datePublished":"2017-10-30T05:37:25+00:00","breadcrumb":{"@id":"https:\/\/dorogimedence.hu\/index.php\/2017\/10\/30\/viharkarok-tersegunkben-3\/#breadcrumb"},"inLanguage":"hu","potentialAction":[{"@type":"ReadAction","target":["https:\/\/dorogimedence.hu\/index.php\/2017\/10\/30\/viharkarok-tersegunkben-3\/"]}]},{"@type":"ImageObject","inLanguage":"hu","@id":"https:\/\/dorogimedence.hu\/index.php\/2017\/10\/30\/viharkarok-tersegunkben-3\/#primaryimage","url":"https:\/\/dorogimedence.hu\/wp-content\/uploads\/2017\/10\/vihar-auto.jpg","contentUrl":"https:\/\/dorogimedence.hu\/wp-content\/uploads\/2017\/10\/vihar-auto.jpg","width":670,"height":365},{"@type":"BreadcrumbList","@id":"https:\/\/dorogimedence.hu\/index.php\/2017\/10\/30\/viharkarok-tersegunkben-3\/#breadcrumb","itemListElement":[{"@type":"ListItem","position":1,"name":"Kezd\u0151lap","item":"https:\/\/dorogimedence.hu\/"},{"@type":"ListItem","position":2,"name":"Vihark\u00e1rok t\u00e9rs\u00e9g\u00fcnkben"}]},{"@type":"WebSite","@id":"https:\/\/dorogimedence.hu\/#website","url":"https:\/\/dorogimedence.hu\/","name":"Dorogi-medence Region\u00e1lis H\u00edrport\u00e1l","description":"Dorog, Keszt\u00f6lc, Le\u00e1nyv\u00e1r, Piliscs\u00e9v, Tokod, Tokodalt\u00e1r\u00f3, Csolnok, Esztergom-kertv\u00e1ros: h\u00edrek, programok","publisher":{"@id":"https:\/\/dorogimedence.hu\/#organization"},"potentialAction":[{"@type":"SearchAction","target":{"@type":"EntryPoint","urlTemplate":"https:\/\/dorogimedence.hu\/?s={search_term_string}"},"query-input":{"@type":"PropertyValueSpecification","valueRequired":true,"valueName":"search_term_string"}}],"inLanguage":"hu"},{"@type":"Organization","@id":"https:\/\/dorogimedence.hu\/#organization","name":"Dorogi-medence Region\u00e1lis H\u00edrport\u00e1l","url":"https:\/\/dorogimedence.hu\/","logo":{"@type":"ImageObject","inLanguage":"hu","@id":"https:\/\/dorogimedence.hu\/#\/schema\/logo\/image\/","url":"https:\/\/dorogimedence.hu\/wp-content\/uploads\/2021\/04\/logo-feher-600.png","contentUrl":"https:\/\/dorogimedence.hu\/wp-content\/uploads\/2021\/04\/logo-feher-600.png","width":600,"height":100,"caption":"Dorogi-medence Region\u00e1lis H\u00edrport\u00e1l"},"image":{"@id":"https:\/\/dorogimedence.hu\/#\/schema\/logo\/image\/"},"sameAs":["https:\/\/www.facebook.com\/dorogimedence\/"]},{"@type":"Person","@id":"https:\/\/dorogimedence.hu\/#\/schema\/person\/ce6091eeb7e95ecdc87890d6aa8e0fd4","name":"dorogimedence.hu","image":{"@type":"ImageObject","inLanguage":"hu","@id":"\/\/www.gravatar.com\/avatar\/d8d45f8901aadff40a4af72c0b826f1d?s=96&#038;r=g&#038;d=mm","url":"\/\/www.gravatar.com\/avatar\/d8d45f8901aadff40a4af72c0b826f1d?s=96&#038;r=g&#038;d=mm","contentUrl":"\/\/www.gravatar.com\/avatar\/d8d45f8901aadff40a4af72c0b826f1d?s=96&#038;r=g&#038;d=mm","caption":"dorogimedence.hu"}}]}},"_links":{"self":[{"href":"https:\/\/dorogimedence.hu\/index.php\/wp-json\/wp\/v2\/posts\/6508","targetHints":{"allow":["GET"]}}],"collection":[{"href":"https:\/\/dorogimedence.hu\/index.php\/wp-json\/wp\/v2\/posts"}],"about":[{"href":"https:\/\/dorogimedence.hu\/index.php\/wp-json\/wp\/v2\/types\/post"}],"author":[{"embeddable":true,"href":"https:\/\/dorogimedence.hu\/index.php\/wp-json\/wp\/v2\/users\/1"}],"replies":[{"embeddable":true,"href":"https:\/\/dorogimedence.hu\/index.php\/wp-json\/wp\/v2\/comments?post=6508"}],"version-history":[{"count":0,"href":"https:\/\/dorogimedence.hu\/index.php\/wp-json\/wp\/v2\/posts\/6508\/revisions"}],"wp:featuredmedia":[{"embeddable":true,"href":"https:\/\/dorogimedence.hu\/index.php\/wp-json\/wp\/v2\/media\/6510"}],"wp:attachment":[{"href":"https:\/\/dorogimedence.hu\/index.php\/wp-json\/wp\/v2\/media?parent=6508"}],"wp:term":[{"taxonomy":"category","embeddable":true,"href":"https:\/\/dorogimedence.hu\/index.php\/wp-json\/wp\/v2\/categories?post=6508"},{"taxonomy":"post_tag","embeddable":true,"href":"https:\/\/dorogimedence.hu\/index.php\/wp-json\/wp\/v2\/tags?post=6508"}],"curies":[{"name":"wp","href":"https:\/\/api.w.org\/{rel}","templated":true}]}}