{"id":6497,"date":"2017-10-29T06:50:07","date_gmt":"2017-10-29T05:50:07","guid":{"rendered":"http:\/\/dorogimedence.hu\/?p=6497"},"modified":"2017-10-29T06:50:07","modified_gmt":"2017-10-29T05:50:07","slug":"vadat-emeletek-a-tati-amokfutoval-szemben","status":"publish","type":"post","link":"https:\/\/dorogimedence.hu\/index.php\/2017\/10\/29\/vadat-emeletek-a-tati-amokfutoval-szemben\/","title":{"rendered":"V\u00e1dat emeletek a t\u00e1ti \u00e1mokfut\u00f3val szemben"},"content":{"rendered":"<p><strong>A Tatab\u00e1nyai Rend\u0151rkapit\u00e1nys\u00e1g k\u00f6z\u00fati baleset gondatlan okoz\u00e1sa v\u00e9ts\u00e9g elk\u00f6vet\u00e9s\u00e9nek megalapozott gyan\u00faja miatt folytatott b\u00fcntet\u0151elj\u00e1r\u00e1st egy 26 \u00e9ves t\u00e1ti lakos ellen. A tatab\u00e1nyai rend\u0151r\u00f6k v\u00e1demel\u00e9si javaslattal fejezt\u00e9k be a nyomoz\u00e1st a baleset okoz\u00f3j\u00e1val szemben.<br \/>\n<\/strong><\/p>\n<p>A f\u00e9rfi 2017. szeptember 19-\u00e9n 16 \u00f3ra 45 perckor egy Citroen t\u00edpus\u00fa g\u00e9pkocsival k\u00f6zlekedett a 1105-\u00f6s sz\u00e1m\u00fa \u00faton Szomor ir\u00e1ny\u00e1b\u00f3l, Bajna ir\u00e1ny\u00e1ba. Halad\u00e1sa sor\u00e1n j\u00e1rm\u0171ve sebess\u00e9g\u00e9t nem az \u00fatviszonyoknak megfelel\u0151en v\u00e1lasztotta meg. Az el\u0151tte k\u00f6zleked\u0151 g\u00e9pkocsi f\u00e9kezett \u00e9s a 26 \u00e9ves vezet\u0151 is f\u00e9kezte g\u00e9pj\u00e1rm\u0171v\u00e9t. Az es\u0151z\u00e9st\u0151l vizes \u00fatburkolaton a Citroen szem\u00e9lyg\u00e9pkocsi \u00e1tsodr\u00f3dott a menetir\u00e1ny szerinti bal oldali forgalmi s\u00e1vba, ahol front\u00e1lisan \u00f6ssze\u00fctk\u00f6z\u00f6tt egy vele szemben k\u00f6zleked\u0151 BMW t\u00edpus\u00fa g\u00e9pkocsival. A Citroen g\u00e9pj\u00e1rm\u0171 vezet\u0151je \u00e9s utasa a baleset sor\u00e1n s\u00falyosan s\u00e9r\u00fclt.<\/p>\n<p>A baleset vizsg\u00e1l\u00f3i a napokban a baleset okoz\u00f3j\u00e1val szemben az elj\u00e1r\u00e1st befejezt\u00e9k \u00e9s az iratokat v\u00e1demel\u00e9si javaslattal a Tatab\u00e1nyai J\u00e1r\u00e1si \u00e9s Nyomoz\u00f3 \u00dcgy\u00e9szs\u00e9gnek megk\u00fcldt\u00e9k.<\/p>\n<p><em>Fot\u00f3, forr\u00e1s: police.hu<\/em><\/p>\n","protected":false},"excerpt":{"rendered":"<p>A Tatab\u00e1nyai Rend\u0151rkapit\u00e1nys\u00e1g k\u00f6z\u00fati baleset gondatlan okoz\u00e1sa v\u00e9ts\u00e9g elk\u00f6vet\u00e9s\u00e9nek megalapozott gyan\u00faja miatt folytatott b\u00fcntet\u0151elj\u00e1r\u00e1st egy 26 \u00e9ves t\u00e1ti lakos ellen. A tatab\u00e1nyai rend\u0151r\u00f6k v\u00e1demel\u00e9si javaslattal fejezt\u00e9k be a nyomoz\u00e1st a baleset okoz\u00f3j\u00e1val szemben. A f\u00e9rfi 2017. szeptember 19-\u00e9n 16 \u00f3ra 45 perckor egy Citroen t\u00edpus\u00fa g\u00e9pkocsival k\u00f6zlekedett a 1105-\u00f6s sz\u00e1m\u00fa \u00faton Szomor ir\u00e1ny\u00e1b\u00f3l, Bajna ir\u00e1ny\u00e1ba.<\/p>\n","protected":false},"author":1,"featured_media":6498,"comment_status":"closed","ping_status":"closed","sticky":false,"template":"","format":"standard","meta":{"ngg_post_thumbnail":0,"footnotes":""},"categories":[3,39,110],"tags":[45,44,1042,111,252],"class_list":{"0":"post-6497","1":"post","2":"type-post","3":"status-publish","4":"format-standard","5":"has-post-thumbnail","7":"category-hirek","8":"category-kek-hirek","9":"category-tat","10":"tag-autobaleset","11":"tag-baleset","12":"tag-birosag","13":"tag-tat","14":"tag-vademeles"},"yoast_head":"<!-- This site is optimized with the Yoast SEO plugin v27.5 - https:\/\/yoast.com\/product\/yoast-seo-wordpress\/ -->\n<title>V\u00e1dat emeletek a t\u00e1ti \u00e1mokfut\u00f3val szemben<\/title>\n<meta name=\"robots\" content=\"index, follow, max-snippet:-1, max-image-preview:large, max-video-preview:-1\" \/>\n<link rel=\"canonical\" href=\"https:\/\/dorogimedence.hu\/index.php\/2017\/10\/29\/vadat-emeletek-a-tati-amokfutoval-szemben\/\" class=\"yoast-seo-meta-tag\" \/>\n<meta property=\"og:locale\" content=\"hu_HU\" class=\"yoast-seo-meta-tag\" \/>\n<meta property=\"og:type\" content=\"article\" class=\"yoast-seo-meta-tag\" \/>\n<meta property=\"og:title\" content=\"V\u00e1dat emeletek a t\u00e1ti \u00e1mokfut\u00f3val szemben\" class=\"yoast-seo-meta-tag\" \/>\n<meta property=\"og:description\" content=\"A Tatab\u00e1nyai Rend\u0151rkapit\u00e1nys\u00e1g k\u00f6z\u00fati baleset gondatlan okoz\u00e1sa v\u00e9ts\u00e9g elk\u00f6vet\u00e9s\u00e9nek megalapozott gyan\u00faja miatt folytatott b\u00fcntet\u0151elj\u00e1r\u00e1st egy 26 \u00e9ves t\u00e1ti lakos ellen. A tatab\u00e1nyai rend\u0151r\u00f6k v\u00e1demel\u00e9si javaslattal fejezt\u00e9k be a nyomoz\u00e1st a baleset okoz\u00f3j\u00e1val szemben. A f\u00e9rfi 2017. szeptember 19-\u00e9n 16 \u00f3ra 45 perckor egy Citroen t\u00edpus\u00fa g\u00e9pkocsival k\u00f6zlekedett a 1105-\u00f6s sz\u00e1m\u00fa \u00faton Szomor ir\u00e1ny\u00e1b\u00f3l, Bajna ir\u00e1ny\u00e1ba.\" class=\"yoast-seo-meta-tag\" \/>\n<meta property=\"og:url\" content=\"https:\/\/dorogimedence.hu\/index.php\/2017\/10\/29\/vadat-emeletek-a-tati-amokfutoval-szemben\/\" class=\"yoast-seo-meta-tag\" \/>\n<meta property=\"og:site_name\" content=\"Dorogi-medence Region\u00e1lis H\u00edrport\u00e1l\" class=\"yoast-seo-meta-tag\" \/>\n<meta property=\"article:publisher\" content=\"https:\/\/www.facebook.com\/dorogimedence\/\" class=\"yoast-seo-meta-tag\" \/>\n<meta property=\"article:published_time\" content=\"2017-10-29T05:50:07+00:00\" class=\"yoast-seo-meta-tag\" \/>\n<meta property=\"og:image\" content=\"https:\/\/i0.wp.com\/dorogimedence.hu\/wp-content\/uploads\/2017\/10\/tat-baleset-002.jpg?fit=670%2C365&ssl=1\" class=\"yoast-seo-meta-tag\" \/>\n\t<meta property=\"og:image:width\" content=\"670\" class=\"yoast-seo-meta-tag\" \/>\n\t<meta property=\"og:image:height\" content=\"365\" class=\"yoast-seo-meta-tag\" \/>\n\t<meta property=\"og:image:type\" content=\"image\/jpeg\" class=\"yoast-seo-meta-tag\" \/>\n<meta name=\"author\" content=\"dorogimedence.hu\" class=\"yoast-seo-meta-tag\" \/>\n<meta name=\"twitter:card\" content=\"summary_large_image\" class=\"yoast-seo-meta-tag\" \/>\n<meta name=\"twitter:label1\" content=\"Szerz\u0151:\" class=\"yoast-seo-meta-tag\" \/>\n\t<meta name=\"twitter:data1\" content=\"dorogimedence.hu\" class=\"yoast-seo-meta-tag\" \/>\n\t<meta name=\"twitter:label2\" content=\"Becs\u00fclt olvas\u00e1si id\u0151\" class=\"yoast-seo-meta-tag\" \/>\n\t<meta name=\"twitter:data2\" content=\"1 perc\" class=\"yoast-seo-meta-tag\" \/>\n<script type=\"application\/ld+json\" class=\"yoast-schema-graph\">{\"@context\":\"https:\\\/\\\/schema.org\",\"@graph\":[{\"@type\":\"Article\",\"@id\":\"https:\\\/\\\/dorogimedence.hu\\\/index.php\\\/2017\\\/10\\\/29\\\/vadat-emeletek-a-tati-amokfutoval-szemben\\\/#article\",\"isPartOf\":{\"@id\":\"https:\\\/\\\/dorogimedence.hu\\\/index.php\\\/2017\\\/10\\\/29\\\/vadat-emeletek-a-tati-amokfutoval-szemben\\\/\"},\"author\":{\"name\":\"dorogimedence.hu\",\"@id\":\"https:\\\/\\\/dorogimedence.hu\\\/#\\\/schema\\\/person\\\/ce6091eeb7e95ecdc87890d6aa8e0fd4\"},\"headline\":\"V\u00e1dat emeletek a t\u00e1ti \u00e1mokfut\u00f3val szemben\",\"datePublished\":\"2017-10-29T05:50:07+00:00\",\"mainEntityOfPage\":{\"@id\":\"https:\\\/\\\/dorogimedence.hu\\\/index.php\\\/2017\\\/10\\\/29\\\/vadat-emeletek-a-tati-amokfutoval-szemben\\\/\"},\"wordCount\":241,\"publisher\":{\"@id\":\"https:\\\/\\\/dorogimedence.hu\\\/#organization\"},\"image\":{\"@id\":\"https:\\\/\\\/dorogimedence.hu\\\/index.php\\\/2017\\\/10\\\/29\\\/vadat-emeletek-a-tati-amokfutoval-szemben\\\/#primaryimage\"},\"thumbnailUrl\":\"https:\\\/\\\/dorogimedence.hu\\\/wp-content\\\/uploads\\\/2017\\\/10\\\/tat-baleset-002.jpg\",\"keywords\":[\"aut\u00f3baleset\",\"baleset\",\"b\u00edr\u00f3s\u00e1g\",\"T\u00e1t\",\"v\u00e1demel\u00e9s\"],\"articleSection\":[\"H\u00edrek\",\"K\u00e9k h\u00edrek\",\"T\u00e1t\"],\"inLanguage\":\"hu\"},{\"@type\":\"WebPage\",\"@id\":\"https:\\\/\\\/dorogimedence.hu\\\/index.php\\\/2017\\\/10\\\/29\\\/vadat-emeletek-a-tati-amokfutoval-szemben\\\/\",\"url\":\"https:\\\/\\\/dorogimedence.hu\\\/index.php\\\/2017\\\/10\\\/29\\\/vadat-emeletek-a-tati-amokfutoval-szemben\\\/\",\"name\":\"V\u00e1dat emeletek a t\u00e1ti \u00e1mokfut\u00f3val szemben\",\"isPartOf\":{\"@id\":\"https:\\\/\\\/dorogimedence.hu\\\/#website\"},\"primaryImageOfPage\":{\"@id\":\"https:\\\/\\\/dorogimedence.hu\\\/index.php\\\/2017\\\/10\\\/29\\\/vadat-emeletek-a-tati-amokfutoval-szemben\\\/#primaryimage\"},\"image\":{\"@id\":\"https:\\\/\\\/dorogimedence.hu\\\/index.php\\\/2017\\\/10\\\/29\\\/vadat-emeletek-a-tati-amokfutoval-szemben\\\/#primaryimage\"},\"thumbnailUrl\":\"https:\\\/\\\/dorogimedence.hu\\\/wp-content\\\/uploads\\\/2017\\\/10\\\/tat-baleset-002.jpg\",\"datePublished\":\"2017-10-29T05:50:07+00:00\",\"breadcrumb\":{\"@id\":\"https:\\\/\\\/dorogimedence.hu\\\/index.php\\\/2017\\\/10\\\/29\\\/vadat-emeletek-a-tati-amokfutoval-szemben\\\/#breadcrumb\"},\"inLanguage\":\"hu\",\"potentialAction\":[{\"@type\":\"ReadAction\",\"target\":[\"https:\\\/\\\/dorogimedence.hu\\\/index.php\\\/2017\\\/10\\\/29\\\/vadat-emeletek-a-tati-amokfutoval-szemben\\\/\"]}]},{\"@type\":\"ImageObject\",\"inLanguage\":\"hu\",\"@id\":\"https:\\\/\\\/dorogimedence.hu\\\/index.php\\\/2017\\\/10\\\/29\\\/vadat-emeletek-a-tati-amokfutoval-szemben\\\/#primaryimage\",\"url\":\"https:\\\/\\\/dorogimedence.hu\\\/wp-content\\\/uploads\\\/2017\\\/10\\\/tat-baleset-002.jpg\",\"contentUrl\":\"https:\\\/\\\/dorogimedence.hu\\\/wp-content\\\/uploads\\\/2017\\\/10\\\/tat-baleset-002.jpg\",\"width\":670,\"height\":365},{\"@type\":\"BreadcrumbList\",\"@id\":\"https:\\\/\\\/dorogimedence.hu\\\/index.php\\\/2017\\\/10\\\/29\\\/vadat-emeletek-a-tati-amokfutoval-szemben\\\/#breadcrumb\",\"itemListElement\":[{\"@type\":\"ListItem\",\"position\":1,\"name\":\"Kezd\u0151lap\",\"item\":\"https:\\\/\\\/dorogimedence.hu\\\/\"},{\"@type\":\"ListItem\",\"position\":2,\"name\":\"V\u00e1dat emeletek a t\u00e1ti \u00e1mokfut\u00f3val szemben\"}]},{\"@type\":\"WebSite\",\"@id\":\"https:\\\/\\\/dorogimedence.hu\\\/#website\",\"url\":\"https:\\\/\\\/dorogimedence.hu\\\/\",\"name\":\"Dorogi-medence Region\u00e1lis H\u00edrport\u00e1l\",\"description\":\"Dorog, Keszt\u00f6lc, Le\u00e1nyv\u00e1r, Piliscs\u00e9v, Tokod, Tokodalt\u00e1r\u00f3, Csolnok, Esztergom-kertv\u00e1ros: h\u00edrek, programok\",\"publisher\":{\"@id\":\"https:\\\/\\\/dorogimedence.hu\\\/#organization\"},\"potentialAction\":[{\"@type\":\"SearchAction\",\"target\":{\"@type\":\"EntryPoint\",\"urlTemplate\":\"https:\\\/\\\/dorogimedence.hu\\\/?s={search_term_string}\"},\"query-input\":{\"@type\":\"PropertyValueSpecification\",\"valueRequired\":true,\"valueName\":\"search_term_string\"}}],\"inLanguage\":\"hu\"},{\"@type\":\"Organization\",\"@id\":\"https:\\\/\\\/dorogimedence.hu\\\/#organization\",\"name\":\"Dorogi-medence Region\u00e1lis H\u00edrport\u00e1l\",\"url\":\"https:\\\/\\\/dorogimedence.hu\\\/\",\"logo\":{\"@type\":\"ImageObject\",\"inLanguage\":\"hu\",\"@id\":\"https:\\\/\\\/dorogimedence.hu\\\/#\\\/schema\\\/logo\\\/image\\\/\",\"url\":\"https:\\\/\\\/dorogimedence.hu\\\/wp-content\\\/uploads\\\/2021\\\/04\\\/logo-feher-600.png\",\"contentUrl\":\"https:\\\/\\\/dorogimedence.hu\\\/wp-content\\\/uploads\\\/2021\\\/04\\\/logo-feher-600.png\",\"width\":600,\"height\":100,\"caption\":\"Dorogi-medence Region\u00e1lis H\u00edrport\u00e1l\"},\"image\":{\"@id\":\"https:\\\/\\\/dorogimedence.hu\\\/#\\\/schema\\\/logo\\\/image\\\/\"},\"sameAs\":[\"https:\\\/\\\/www.facebook.com\\\/dorogimedence\\\/\"]},{\"@type\":\"Person\",\"@id\":\"https:\\\/\\\/dorogimedence.hu\\\/#\\\/schema\\\/person\\\/ce6091eeb7e95ecdc87890d6aa8e0fd4\",\"name\":\"dorogimedence.hu\",\"image\":{\"@type\":\"ImageObject\",\"inLanguage\":\"hu\",\"@id\":\"\\\/\\\/www.gravatar.com\\\/avatar\\\/d8d45f8901aadff40a4af72c0b826f1d?s=96&#038;r=g&#038;d=mm\",\"url\":\"\\\/\\\/www.gravatar.com\\\/avatar\\\/d8d45f8901aadff40a4af72c0b826f1d?s=96&#038;r=g&#038;d=mm\",\"contentUrl\":\"\\\/\\\/www.gravatar.com\\\/avatar\\\/d8d45f8901aadff40a4af72c0b826f1d?s=96&#038;r=g&#038;d=mm\",\"caption\":\"dorogimedence.hu\"}}]}<\/script>\n<!-- \/ Yoast SEO plugin. -->","yoast_head_json":{"title":"V\u00e1dat emeletek a t\u00e1ti \u00e1mokfut\u00f3val szemben","robots":{"index":"index","follow":"follow","max-snippet":"max-snippet:-1","max-image-preview":"max-image-preview:large","max-video-preview":"max-video-preview:-1"},"canonical":"https:\/\/dorogimedence.hu\/index.php\/2017\/10\/29\/vadat-emeletek-a-tati-amokfutoval-szemben\/","og_locale":"hu_HU","og_type":"article","og_title":"V\u00e1dat emeletek a t\u00e1ti \u00e1mokfut\u00f3val szemben","og_description":"A Tatab\u00e1nyai Rend\u0151rkapit\u00e1nys\u00e1g k\u00f6z\u00fati baleset gondatlan okoz\u00e1sa v\u00e9ts\u00e9g elk\u00f6vet\u00e9s\u00e9nek megalapozott gyan\u00faja miatt folytatott b\u00fcntet\u0151elj\u00e1r\u00e1st egy 26 \u00e9ves t\u00e1ti lakos ellen. A tatab\u00e1nyai rend\u0151r\u00f6k v\u00e1demel\u00e9si javaslattal fejezt\u00e9k be a nyomoz\u00e1st a baleset okoz\u00f3j\u00e1val szemben. A f\u00e9rfi 2017. szeptember 19-\u00e9n 16 \u00f3ra 45 perckor egy Citroen t\u00edpus\u00fa g\u00e9pkocsival k\u00f6zlekedett a 1105-\u00f6s sz\u00e1m\u00fa \u00faton Szomor ir\u00e1ny\u00e1b\u00f3l, Bajna ir\u00e1ny\u00e1ba.","og_url":"https:\/\/dorogimedence.hu\/index.php\/2017\/10\/29\/vadat-emeletek-a-tati-amokfutoval-szemben\/","og_site_name":"Dorogi-medence Region\u00e1lis H\u00edrport\u00e1l","article_publisher":"https:\/\/www.facebook.com\/dorogimedence\/","article_published_time":"2017-10-29T05:50:07+00:00","og_image":[{"width":670,"height":365,"url":"https:\/\/i0.wp.com\/dorogimedence.hu\/wp-content\/uploads\/2017\/10\/tat-baleset-002.jpg?fit=670%2C365&ssl=1","type":"image\/jpeg"}],"author":"dorogimedence.hu","twitter_card":"summary_large_image","twitter_misc":{"Szerz\u0151:":"dorogimedence.hu","Becs\u00fclt olvas\u00e1si id\u0151":"1 perc"},"schema":{"@context":"https:\/\/schema.org","@graph":[{"@type":"Article","@id":"https:\/\/dorogimedence.hu\/index.php\/2017\/10\/29\/vadat-emeletek-a-tati-amokfutoval-szemben\/#article","isPartOf":{"@id":"https:\/\/dorogimedence.hu\/index.php\/2017\/10\/29\/vadat-emeletek-a-tati-amokfutoval-szemben\/"},"author":{"name":"dorogimedence.hu","@id":"https:\/\/dorogimedence.hu\/#\/schema\/person\/ce6091eeb7e95ecdc87890d6aa8e0fd4"},"headline":"V\u00e1dat emeletek a t\u00e1ti \u00e1mokfut\u00f3val szemben","datePublished":"2017-10-29T05:50:07+00:00","mainEntityOfPage":{"@id":"https:\/\/dorogimedence.hu\/index.php\/2017\/10\/29\/vadat-emeletek-a-tati-amokfutoval-szemben\/"},"wordCount":241,"publisher":{"@id":"https:\/\/dorogimedence.hu\/#organization"},"image":{"@id":"https:\/\/dorogimedence.hu\/index.php\/2017\/10\/29\/vadat-emeletek-a-tati-amokfutoval-szemben\/#primaryimage"},"thumbnailUrl":"https:\/\/dorogimedence.hu\/wp-content\/uploads\/2017\/10\/tat-baleset-002.jpg","keywords":["aut\u00f3baleset","baleset","b\u00edr\u00f3s\u00e1g","T\u00e1t","v\u00e1demel\u00e9s"],"articleSection":["H\u00edrek","K\u00e9k h\u00edrek","T\u00e1t"],"inLanguage":"hu"},{"@type":"WebPage","@id":"https:\/\/dorogimedence.hu\/index.php\/2017\/10\/29\/vadat-emeletek-a-tati-amokfutoval-szemben\/","url":"https:\/\/dorogimedence.hu\/index.php\/2017\/10\/29\/vadat-emeletek-a-tati-amokfutoval-szemben\/","name":"V\u00e1dat emeletek a t\u00e1ti \u00e1mokfut\u00f3val szemben","isPartOf":{"@id":"https:\/\/dorogimedence.hu\/#website"},"primaryImageOfPage":{"@id":"https:\/\/dorogimedence.hu\/index.php\/2017\/10\/29\/vadat-emeletek-a-tati-amokfutoval-szemben\/#primaryimage"},"image":{"@id":"https:\/\/dorogimedence.hu\/index.php\/2017\/10\/29\/vadat-emeletek-a-tati-amokfutoval-szemben\/#primaryimage"},"thumbnailUrl":"https:\/\/dorogimedence.hu\/wp-content\/uploads\/2017\/10\/tat-baleset-002.jpg","datePublished":"2017-10-29T05:50:07+00:00","breadcrumb":{"@id":"https:\/\/dorogimedence.hu\/index.php\/2017\/10\/29\/vadat-emeletek-a-tati-amokfutoval-szemben\/#breadcrumb"},"inLanguage":"hu","potentialAction":[{"@type":"ReadAction","target":["https:\/\/dorogimedence.hu\/index.php\/2017\/10\/29\/vadat-emeletek-a-tati-amokfutoval-szemben\/"]}]},{"@type":"ImageObject","inLanguage":"hu","@id":"https:\/\/dorogimedence.hu\/index.php\/2017\/10\/29\/vadat-emeletek-a-tati-amokfutoval-szemben\/#primaryimage","url":"https:\/\/dorogimedence.hu\/wp-content\/uploads\/2017\/10\/tat-baleset-002.jpg","contentUrl":"https:\/\/dorogimedence.hu\/wp-content\/uploads\/2017\/10\/tat-baleset-002.jpg","width":670,"height":365},{"@type":"BreadcrumbList","@id":"https:\/\/dorogimedence.hu\/index.php\/2017\/10\/29\/vadat-emeletek-a-tati-amokfutoval-szemben\/#breadcrumb","itemListElement":[{"@type":"ListItem","position":1,"name":"Kezd\u0151lap","item":"https:\/\/dorogimedence.hu\/"},{"@type":"ListItem","position":2,"name":"V\u00e1dat emeletek a t\u00e1ti \u00e1mokfut\u00f3val szemben"}]},{"@type":"WebSite","@id":"https:\/\/dorogimedence.hu\/#website","url":"https:\/\/dorogimedence.hu\/","name":"Dorogi-medence Region\u00e1lis H\u00edrport\u00e1l","description":"Dorog, Keszt\u00f6lc, Le\u00e1nyv\u00e1r, Piliscs\u00e9v, Tokod, Tokodalt\u00e1r\u00f3, Csolnok, Esztergom-kertv\u00e1ros: h\u00edrek, programok","publisher":{"@id":"https:\/\/dorogimedence.hu\/#organization"},"potentialAction":[{"@type":"SearchAction","target":{"@type":"EntryPoint","urlTemplate":"https:\/\/dorogimedence.hu\/?s={search_term_string}"},"query-input":{"@type":"PropertyValueSpecification","valueRequired":true,"valueName":"search_term_string"}}],"inLanguage":"hu"},{"@type":"Organization","@id":"https:\/\/dorogimedence.hu\/#organization","name":"Dorogi-medence Region\u00e1lis H\u00edrport\u00e1l","url":"https:\/\/dorogimedence.hu\/","logo":{"@type":"ImageObject","inLanguage":"hu","@id":"https:\/\/dorogimedence.hu\/#\/schema\/logo\/image\/","url":"https:\/\/dorogimedence.hu\/wp-content\/uploads\/2021\/04\/logo-feher-600.png","contentUrl":"https:\/\/dorogimedence.hu\/wp-content\/uploads\/2021\/04\/logo-feher-600.png","width":600,"height":100,"caption":"Dorogi-medence Region\u00e1lis H\u00edrport\u00e1l"},"image":{"@id":"https:\/\/dorogimedence.hu\/#\/schema\/logo\/image\/"},"sameAs":["https:\/\/www.facebook.com\/dorogimedence\/"]},{"@type":"Person","@id":"https:\/\/dorogimedence.hu\/#\/schema\/person\/ce6091eeb7e95ecdc87890d6aa8e0fd4","name":"dorogimedence.hu","image":{"@type":"ImageObject","inLanguage":"hu","@id":"\/\/www.gravatar.com\/avatar\/d8d45f8901aadff40a4af72c0b826f1d?s=96&#038;r=g&#038;d=mm","url":"\/\/www.gravatar.com\/avatar\/d8d45f8901aadff40a4af72c0b826f1d?s=96&#038;r=g&#038;d=mm","contentUrl":"\/\/www.gravatar.com\/avatar\/d8d45f8901aadff40a4af72c0b826f1d?s=96&#038;r=g&#038;d=mm","caption":"dorogimedence.hu"}}]}},"_links":{"self":[{"href":"https:\/\/dorogimedence.hu\/index.php\/wp-json\/wp\/v2\/posts\/6497","targetHints":{"allow":["GET"]}}],"collection":[{"href":"https:\/\/dorogimedence.hu\/index.php\/wp-json\/wp\/v2\/posts"}],"about":[{"href":"https:\/\/dorogimedence.hu\/index.php\/wp-json\/wp\/v2\/types\/post"}],"author":[{"embeddable":true,"href":"https:\/\/dorogimedence.hu\/index.php\/wp-json\/wp\/v2\/users\/1"}],"replies":[{"embeddable":true,"href":"https:\/\/dorogimedence.hu\/index.php\/wp-json\/wp\/v2\/comments?post=6497"}],"version-history":[{"count":0,"href":"https:\/\/dorogimedence.hu\/index.php\/wp-json\/wp\/v2\/posts\/6497\/revisions"}],"wp:featuredmedia":[{"embeddable":true,"href":"https:\/\/dorogimedence.hu\/index.php\/wp-json\/wp\/v2\/media\/6498"}],"wp:attachment":[{"href":"https:\/\/dorogimedence.hu\/index.php\/wp-json\/wp\/v2\/media?parent=6497"}],"wp:term":[{"taxonomy":"category","embeddable":true,"href":"https:\/\/dorogimedence.hu\/index.php\/wp-json\/wp\/v2\/categories?post=6497"},{"taxonomy":"post_tag","embeddable":true,"href":"https:\/\/dorogimedence.hu\/index.php\/wp-json\/wp\/v2\/tags?post=6497"}],"curies":[{"name":"wp","href":"https:\/\/api.w.org\/{rel}","templated":true}]}}