{"id":64852,"date":"2024-09-16T09:23:01","date_gmt":"2024-09-16T07:23:01","guid":{"rendered":"https:\/\/dorogimedence.hu\/?p=64852"},"modified":"2024-09-16T09:23:01","modified_gmt":"2024-09-16T07:23:01","slug":"a-mai-naptol-az-esztergomi-vonalon-is-kalauz-nelkul-kozlekednek-egyes-vonatok","status":"publish","type":"post","link":"https:\/\/dorogimedence.hu\/index.php\/2024\/09\/16\/a-mai-naptol-az-esztergomi-vonalon-is-kalauz-nelkul-kozlekednek-egyes-vonatok\/","title":{"rendered":"A mai napt\u00f3l az esztergomi vonalon is kalauz n\u00e9lk\u00fcl k\u00f6zlekednek egyes vonatok"},"content":{"rendered":"<div class=\"field-lead\">\n<p><strong>A M\u00c1V-START szeptember 16-t\u00f3l a Budapest \u00e9s Esztergom k\u00f6z\u00f6tti vonalon, valamint a Budapest\u2013Gy\u0151r vonalon is bevezeti a kalauz n\u00e9lk\u00fcli k\u00f6zleked\u00e9st egyes j\u00e1ratokon. Ez a k\u00e9t vonal is a r\u00e9sze annak a k\u00f6telez\u0151 jegyel\u0151v\u00e9teli z\u00f3n\u00e1nak, amelyen bel\u00fcl a vonatokon szeptember elej\u00e9t\u0151l m\u00e1r csak \u00e9rv\u00e9nyes menetjeggyel, b\u00e9rlettel vagy egy\u00e9b utaz\u00e1sra jogos\u00edt\u00f3 okm\u00e1nnyal szabad felsz\u00e1llni, ezek hi\u00e1ny\u00e1ban pedig csak jelent\u0151sen magasabb p\u00f3td\u00edjjal lehet menetjegyet v\u00e1s\u00e1rolni. Sz\u00far\u00f3pr\u00f3baszer\u0171 ellen\u0151rz\u00e9sekre tov\u00e1bbra is sz\u00e1m\u00edtani kell a kalauz n\u00e9lk\u00fcl k\u00f6zleked\u0151 j\u00e1ratokon is. <\/strong><\/p>\n<\/div>\n<div class=\"field-body\">\n<p>A Pilisv\u00f6r\u00f6sv\u00e1r \u00e9s R\u00e1kos k\u00f6z\u00f6tt k\u00f6zleked\u0151 <strong>S76-os<\/strong> vonatok <strong>tavasszal <\/strong>pilot jelleggel j\u00e1rtak jegyvizsg\u00e1l\u00f3 n\u00e9lk\u00fcl. Ezt figyelembe v\u00e9ve szeptember elej\u00e9t\u0151l ezen a viszonylaton m\u00e1r minden vonat tervezetten, menetrend szerint kalauz n\u00e9lk\u00fcli j\u00e1ratk\u00e9nt k\u00f6zlekedik. A tavaszi-ny\u00e1ri <strong>tesztel\u00e9si \u00e9s \u00e9rt\u00e9kel\u00e9si folyamatot k\u00f6vet\u0151en<\/strong> pedig sz\u00e1mos, a felt\u00e9teleknek megfelel\u0151 <strong>el\u0151v\u00e1rosi \u00e9s vid\u00e9ki vonalra is kiterjesztik<\/strong> a \u2013 Nyugat-Eur\u00f3p\u00e1ban \u00e9s n\u00e9h\u00e1ny t\u00e9rs\u00e9gbeli orsz\u00e1gban m\u00e1r megszokott \u2013 <strong>kalauz n\u00e9lk\u00fcli k\u00f6zleked\u00e9st.<\/strong> Az utasok biztons\u00e1ga tov\u00e1bbra is a legfontosabb, \u00edgy <strong>csak olyan viszonylatokon \u00e9s j\u00e1ratokon<\/strong> vezetik be, ahol<strong> minden felt\u00e9tel adott<\/strong> ehhez.<\/p>\n<div class=\"bluebox\">A folyamat r\u00e9sze, hogy <strong>szeptember 16-t\u00f3l<\/strong> az <strong>esztergomi vonal S72-es \u00e9s Z72-es j\u00e1ratainak nagy r\u00e9sze<\/strong>, valamint a <strong>gy\u0151ri f\u0151vonalon<\/strong> a reggeli cs\u00facsid\u0151szakban <strong>Bicske \u00e9s Budapest\u2013Kelenf\u00f6ld<\/strong> k\u00f6z\u00f6tt k\u00f6zleked\u0151 <strong>G10-es<\/strong>, n\u00e9h\u00e1ny <strong>\u00e9jszakai S10-es<\/strong>, valamint a <strong>h\u00e9tv\u00e9gente<\/strong> k\u00f6zleked\u0151 egyes <strong>R\u00e1ba InterR\u00e9gi\u00f3<\/strong> vonatokon sem lesz \u00e1lland\u00f3 jegyvizsg\u00e1l\u00f3i jelenl\u00e9t. Szeptember v\u00e9g\u00e9n a sz\u00e9kesfeh\u00e9rv\u00e1ri \u00e9s a pusztaszabolcsi, okt\u00f3ber k\u00f6zep\u00e9n a cegl\u00e9di, szolnoki, \u00fajsz\u00e1szi \u00e9s g\u00f6d\u00f6ll\u0151i vonalra is kiterjesztik az \u00faj rendszert. Az utasokat id\u0151ben t\u00e1j\u00e9koztatj\u00e1k a v\u00e1ltoz\u00e1sokr\u00f3l.<\/div>\n<div>&nbsp;<\/div>\n<div class=\"bluebox\">A <strong>kiindul\u00e1si \u00e1llom\u00e1sr\u00f3l,<\/strong> illetve minden <strong>nagyobb forgalm\u00fa \u00e1llom\u00e1sr\u00f3l<\/strong> t\u00f6rt\u00e9n\u0151 indul\u00e1st k\u00f6vet\u0151en a fed\u00e9lzeti hangosbemond\u00f3n kereszt\u00fcl <strong>felh\u00edvj\u00e1k az utasok figyelm\u00e9t <\/strong>arra, hogy az adott <strong>vonat kalauz n\u00e9lk\u00fcl k\u00f6zlekedik.<\/strong> Ezzel egy\u00fctt jelzik azt is, hogy <strong>v\u00e9szhelyzet eset\u00e9n<\/strong> haszn\u00e1lj\u00e1k az ajt\u00f3k mellett elhelyezett v\u00e9szh\u00edv\u00f3t. Ugyanis az utasok a fed\u00e9lzeten t\u00f6rt\u00e9n\u0151 rendk\u00edv\u00fcli helyzet, pl. egy utas rosszull\u00e9te vagy egy\u00e9b m\u00f3don nem \u00e9szlelhet\u0151 m\u0171szaki rendelleness\u00e9g eset\u00e9n a v\u00e9szh\u00edv\u00f3 seg\u00edts\u00e9g\u00e9vel vehetik fel a kapcsolatot a mozdonyvezet\u0151vel, aki azonnal int\u00e9zkedik. <strong>Fontos, hogy<\/strong> <strong>a mozdonyvezet\u0151t a v\u00e9szh\u00edv\u00f3n csak t\u00e9nyleges v\u00e9szhelyzet eset\u00e9n<\/strong> <strong>h\u00edvj\u00e1k!<\/strong><\/div>\n<div class=\"yellowbox\">A kalauz n\u00e9lk\u00fcli rendszer kiterjeszt\u00e9s\u00e9vel egyid\u0151ben <strong>k\u00f6telez\u0151 jegyel\u0151v\u00e9teli z\u00f3n\u00e1t<\/strong> vezetett be a vas\u00fatt\u00e1rsas\u00e1g. A <strong>f\u0151v\u00e1rosban, illetve az el\u0151v\u00e1rosi vonalakon<\/strong> valamennyi vonatra <strong>m\u00e1r csak \u00e9rv\u00e9nyes menetjeggyel, b\u00e9rlettel, vagy egy\u00e9b utaz\u00e1sra jogos\u00edt\u00f3 okm\u00e1nnyal lehet<\/strong> <strong>felsz\u00e1llni<\/strong>, vagyis <strong>k\u00f6telez\u0151 az el\u0151v\u00e9teli jegyv\u00e1s\u00e1rl\u00e1s<\/strong>.<\/p>\n<p>Fontos tudni, hogy \u00e9rv\u00e9nyes jegy vagy b\u00e9rlet hi\u00e1ny\u00e1ban a <strong>p\u00f3td\u00edj \u00f6sszege<\/strong> jelent\u0151sen magasabb a kor\u00e1bbiakt\u00f3l: <strong>egys\u00e9gesen<\/strong> <strong>25 ezer forint<\/strong>. A k\u00f6telez\u0151 jegyel\u0151v\u00e9teli z\u00f3na kijel\u00f6l\u00e9s\u00e9t k\u00f6vet\u0151 els\u0151 id\u0151szakban a rendszeres vagy <strong>sz\u00far\u00f3pr\u00f3baszer\u0171 ellen\u0151rz\u00e9st<\/strong> v\u00e9gz\u0151 munkat\u00e1rsak c\u00e9lja ugyanakkor nem a b\u00fcntet\u00e9s, hanem az, hogy tudatos\u00edts\u00e1k az utasokban az \u00faj szab\u00e1lyokat, felt\u00e9teleket. <strong>November 2-ig<\/strong> azok az utasok, akik a z\u00f3n\u00e1ban \u00e9rv\u00e9nyes menetjegy n\u00e9lk\u00fcl sz\u00e1llnak fel, csak figyelmeztet\u00e9sben \u00e9s a kor\u00e1bbi, <strong>m\u00e9rs\u00e9kelt \u00f6sszeg\u0171 p\u00f3td\u00edjban<\/strong> r\u00e9szes\u00fclnek.<\/div>\n<div class=\"bluebox\">Az utaz\u00e1s sor\u00e1n felmer\u00fcl\u0151 utaz\u00e1si k\u00e9rd\u00e9seket a M\u00c1VDIREKT telefonos \u00fcgyf\u00e9lszolg\u00e1lat\u00e1n vagy a M\u00c1V-VOL\u00c1N-csoport \u00faj utaz\u00e1stervez\u0151j\u00e9n az EMMA-n \u00e9s a M\u00c1V appon kereszt\u00fcl lehet tiszt\u00e1zni, ezek el\u00e9rhet\u0151s\u00e9g\u00e9r\u0151l is t\u00e1j\u00e9koztatj\u00e1k az utasokat.<\/div>\n<div>&nbsp;<\/div>\n<div class=\"bluebox\"><em>Forr\u00e1s: M\u00c1V Zrt. Kommunik\u00e1ci\u00f3s Igazgat\u00f3s\u00e1g<\/em><\/div>\n<\/div>\n","protected":false},"excerpt":{"rendered":"<p>A M\u00c1V-START szeptember 16-t\u00f3l a Budapest \u00e9s Esztergom k\u00f6z\u00f6tti vonalon, valamint a Budapest\u2013Gy\u0151r vonalon is bevezeti a kalauz n\u00e9lk\u00fcli k\u00f6zleked\u00e9st egyes j\u00e1ratokon. Ez a k\u00e9t vonal is a r\u00e9sze annak a k\u00f6telez\u0151 jegyel\u0151v\u00e9teli z\u00f3n\u00e1nak, amelyen bel\u00fcl a vonatokon szeptember elej\u00e9t\u0151l m\u00e1r csak \u00e9rv\u00e9nyes menetjeggyel, b\u00e9rlettel vagy egy\u00e9b utaz\u00e1sra jogos\u00edt\u00f3 okm\u00e1nnyal szabad felsz\u00e1llni, ezek hi\u00e1ny\u00e1ban pedig<\/p>\n","protected":false},"author":1,"featured_media":0,"comment_status":"closed","ping_status":"closed","sticky":false,"template":"","format":"standard","meta":{"ngg_post_thumbnail":0,"footnotes":""},"categories":[3],"tags":[292,381,291],"class_list":{"0":"post-64852","1":"post","2":"type-post","3":"status-publish","4":"format-standard","6":"category-hirek","7":"tag-mav","8":"tag-vasut","9":"tag-vonat"},"yoast_head":"<!-- This site is optimized with the Yoast SEO plugin v27.5 - https:\/\/yoast.com\/product\/yoast-seo-wordpress\/ -->\n<title>A mai napt\u00f3l az esztergomi vonalon is kalauz n\u00e9lk\u00fcl k\u00f6zlekednek egyes vonatok<\/title>\n<meta name=\"robots\" content=\"index, follow, max-snippet:-1, max-image-preview:large, max-video-preview:-1\" \/>\n<link rel=\"canonical\" href=\"https:\/\/dorogimedence.hu\/index.php\/2024\/09\/16\/a-mai-naptol-az-esztergomi-vonalon-is-kalauz-nelkul-kozlekednek-egyes-vonatok\/\" class=\"yoast-seo-meta-tag\" \/>\n<meta property=\"og:locale\" content=\"hu_HU\" class=\"yoast-seo-meta-tag\" \/>\n<meta property=\"og:type\" content=\"article\" class=\"yoast-seo-meta-tag\" \/>\n<meta property=\"og:title\" content=\"A mai napt\u00f3l az esztergomi vonalon is kalauz n\u00e9lk\u00fcl k\u00f6zlekednek egyes vonatok\" class=\"yoast-seo-meta-tag\" \/>\n<meta property=\"og:description\" content=\"A M\u00c1V-START szeptember 16-t\u00f3l a Budapest \u00e9s Esztergom k\u00f6z\u00f6tti vonalon, valamint a Budapest\u2013Gy\u0151r vonalon is bevezeti a kalauz n\u00e9lk\u00fcli k\u00f6zleked\u00e9st egyes j\u00e1ratokon. Ez a k\u00e9t vonal is a r\u00e9sze annak a k\u00f6telez\u0151 jegyel\u0151v\u00e9teli z\u00f3n\u00e1nak, amelyen bel\u00fcl a vonatokon szeptember elej\u00e9t\u0151l m\u00e1r csak \u00e9rv\u00e9nyes menetjeggyel, b\u00e9rlettel vagy egy\u00e9b utaz\u00e1sra jogos\u00edt\u00f3 okm\u00e1nnyal szabad felsz\u00e1llni, ezek hi\u00e1ny\u00e1ban pedig\" class=\"yoast-seo-meta-tag\" \/>\n<meta property=\"og:url\" content=\"https:\/\/dorogimedence.hu\/index.php\/2024\/09\/16\/a-mai-naptol-az-esztergomi-vonalon-is-kalauz-nelkul-kozlekednek-egyes-vonatok\/\" class=\"yoast-seo-meta-tag\" \/>\n<meta property=\"og:site_name\" content=\"Dorogi-medence Region\u00e1lis H\u00edrport\u00e1l\" class=\"yoast-seo-meta-tag\" \/>\n<meta property=\"article:publisher\" content=\"https:\/\/www.facebook.com\/dorogimedence\/\" class=\"yoast-seo-meta-tag\" \/>\n<meta property=\"article:published_time\" content=\"2024-09-16T07:23:01+00:00\" class=\"yoast-seo-meta-tag\" \/>\n<meta property=\"og:image\" content=\"https:\/\/dorogimedence.hu\/wp-content\/uploads\/2022\/06\/jegyvizsgalo_mav-start_0.jpg\" class=\"yoast-seo-meta-tag\" \/>\n\t<meta property=\"og:image:width\" content=\"1260\" class=\"yoast-seo-meta-tag\" \/>\n\t<meta property=\"og:image:height\" content=\"840\" class=\"yoast-seo-meta-tag\" \/>\n\t<meta property=\"og:image:type\" content=\"image\/jpeg\" class=\"yoast-seo-meta-tag\" \/>\n<meta name=\"author\" content=\"dorogimedence.hu\" class=\"yoast-seo-meta-tag\" \/>\n<meta name=\"twitter:card\" content=\"summary_large_image\" class=\"yoast-seo-meta-tag\" \/>\n<meta name=\"twitter:label1\" content=\"Szerz\u0151:\" class=\"yoast-seo-meta-tag\" \/>\n\t<meta name=\"twitter:data1\" content=\"dorogimedence.hu\" class=\"yoast-seo-meta-tag\" \/>\n\t<meta name=\"twitter:label2\" content=\"Becs\u00fclt olvas\u00e1si id\u0151\" class=\"yoast-seo-meta-tag\" \/>\n\t<meta name=\"twitter:data2\" content=\"4 perc\" class=\"yoast-seo-meta-tag\" \/>\n<script type=\"application\/ld+json\" class=\"yoast-schema-graph\">{\"@context\":\"https:\\\/\\\/schema.org\",\"@graph\":[{\"@type\":\"Article\",\"@id\":\"https:\\\/\\\/dorogimedence.hu\\\/index.php\\\/2024\\\/09\\\/16\\\/a-mai-naptol-az-esztergomi-vonalon-is-kalauz-nelkul-kozlekednek-egyes-vonatok\\\/#article\",\"isPartOf\":{\"@id\":\"https:\\\/\\\/dorogimedence.hu\\\/index.php\\\/2024\\\/09\\\/16\\\/a-mai-naptol-az-esztergomi-vonalon-is-kalauz-nelkul-kozlekednek-egyes-vonatok\\\/\"},\"author\":{\"name\":\"dorogimedence.hu\",\"@id\":\"https:\\\/\\\/dorogimedence.hu\\\/#\\\/schema\\\/person\\\/ce6091eeb7e95ecdc87890d6aa8e0fd4\"},\"headline\":\"A mai napt\u00f3l az esztergomi vonalon is kalauz n\u00e9lk\u00fcl k\u00f6zlekednek egyes vonatok\",\"datePublished\":\"2024-09-16T07:23:01+00:00\",\"mainEntityOfPage\":{\"@id\":\"https:\\\/\\\/dorogimedence.hu\\\/index.php\\\/2024\\\/09\\\/16\\\/a-mai-naptol-az-esztergomi-vonalon-is-kalauz-nelkul-kozlekednek-egyes-vonatok\\\/\"},\"wordCount\":779,\"publisher\":{\"@id\":\"https:\\\/\\\/dorogimedence.hu\\\/#organization\"},\"keywords\":[\"m\u00e1v\",\"vas\u00fat\",\"vonat\"],\"articleSection\":[\"H\u00edrek\"],\"inLanguage\":\"hu\"},{\"@type\":\"WebPage\",\"@id\":\"https:\\\/\\\/dorogimedence.hu\\\/index.php\\\/2024\\\/09\\\/16\\\/a-mai-naptol-az-esztergomi-vonalon-is-kalauz-nelkul-kozlekednek-egyes-vonatok\\\/\",\"url\":\"https:\\\/\\\/dorogimedence.hu\\\/index.php\\\/2024\\\/09\\\/16\\\/a-mai-naptol-az-esztergomi-vonalon-is-kalauz-nelkul-kozlekednek-egyes-vonatok\\\/\",\"name\":\"A mai napt\u00f3l az esztergomi vonalon is kalauz n\u00e9lk\u00fcl k\u00f6zlekednek egyes vonatok\",\"isPartOf\":{\"@id\":\"https:\\\/\\\/dorogimedence.hu\\\/#website\"},\"datePublished\":\"2024-09-16T07:23:01+00:00\",\"breadcrumb\":{\"@id\":\"https:\\\/\\\/dorogimedence.hu\\\/index.php\\\/2024\\\/09\\\/16\\\/a-mai-naptol-az-esztergomi-vonalon-is-kalauz-nelkul-kozlekednek-egyes-vonatok\\\/#breadcrumb\"},\"inLanguage\":\"hu\",\"potentialAction\":[{\"@type\":\"ReadAction\",\"target\":[\"https:\\\/\\\/dorogimedence.hu\\\/index.php\\\/2024\\\/09\\\/16\\\/a-mai-naptol-az-esztergomi-vonalon-is-kalauz-nelkul-kozlekednek-egyes-vonatok\\\/\"]}]},{\"@type\":\"BreadcrumbList\",\"@id\":\"https:\\\/\\\/dorogimedence.hu\\\/index.php\\\/2024\\\/09\\\/16\\\/a-mai-naptol-az-esztergomi-vonalon-is-kalauz-nelkul-kozlekednek-egyes-vonatok\\\/#breadcrumb\",\"itemListElement\":[{\"@type\":\"ListItem\",\"position\":1,\"name\":\"Kezd\u0151lap\",\"item\":\"https:\\\/\\\/dorogimedence.hu\\\/\"},{\"@type\":\"ListItem\",\"position\":2,\"name\":\"A mai napt\u00f3l az esztergomi vonalon is kalauz n\u00e9lk\u00fcl k\u00f6zlekednek egyes vonatok\"}]},{\"@type\":\"WebSite\",\"@id\":\"https:\\\/\\\/dorogimedence.hu\\\/#website\",\"url\":\"https:\\\/\\\/dorogimedence.hu\\\/\",\"name\":\"Dorogi-medence Region\u00e1lis H\u00edrport\u00e1l\",\"description\":\"Dorog, Keszt\u00f6lc, Le\u00e1nyv\u00e1r, Piliscs\u00e9v, Tokod, Tokodalt\u00e1r\u00f3, Csolnok, Esztergom-kertv\u00e1ros: h\u00edrek, programok\",\"publisher\":{\"@id\":\"https:\\\/\\\/dorogimedence.hu\\\/#organization\"},\"potentialAction\":[{\"@type\":\"SearchAction\",\"target\":{\"@type\":\"EntryPoint\",\"urlTemplate\":\"https:\\\/\\\/dorogimedence.hu\\\/?s={search_term_string}\"},\"query-input\":{\"@type\":\"PropertyValueSpecification\",\"valueRequired\":true,\"valueName\":\"search_term_string\"}}],\"inLanguage\":\"hu\"},{\"@type\":\"Organization\",\"@id\":\"https:\\\/\\\/dorogimedence.hu\\\/#organization\",\"name\":\"Dorogi-medence Region\u00e1lis H\u00edrport\u00e1l\",\"url\":\"https:\\\/\\\/dorogimedence.hu\\\/\",\"logo\":{\"@type\":\"ImageObject\",\"inLanguage\":\"hu\",\"@id\":\"https:\\\/\\\/dorogimedence.hu\\\/#\\\/schema\\\/logo\\\/image\\\/\",\"url\":\"https:\\\/\\\/dorogimedence.hu\\\/wp-content\\\/uploads\\\/2021\\\/04\\\/logo-feher-600.png\",\"contentUrl\":\"https:\\\/\\\/dorogimedence.hu\\\/wp-content\\\/uploads\\\/2021\\\/04\\\/logo-feher-600.png\",\"width\":600,\"height\":100,\"caption\":\"Dorogi-medence Region\u00e1lis H\u00edrport\u00e1l\"},\"image\":{\"@id\":\"https:\\\/\\\/dorogimedence.hu\\\/#\\\/schema\\\/logo\\\/image\\\/\"},\"sameAs\":[\"https:\\\/\\\/www.facebook.com\\\/dorogimedence\\\/\"]},{\"@type\":\"Person\",\"@id\":\"https:\\\/\\\/dorogimedence.hu\\\/#\\\/schema\\\/person\\\/ce6091eeb7e95ecdc87890d6aa8e0fd4\",\"name\":\"dorogimedence.hu\",\"image\":{\"@type\":\"ImageObject\",\"inLanguage\":\"hu\",\"@id\":\"\\\/\\\/www.gravatar.com\\\/avatar\\\/d8d45f8901aadff40a4af72c0b826f1d?s=96&#038;r=g&#038;d=mm\",\"url\":\"\\\/\\\/www.gravatar.com\\\/avatar\\\/d8d45f8901aadff40a4af72c0b826f1d?s=96&#038;r=g&#038;d=mm\",\"contentUrl\":\"\\\/\\\/www.gravatar.com\\\/avatar\\\/d8d45f8901aadff40a4af72c0b826f1d?s=96&#038;r=g&#038;d=mm\",\"caption\":\"dorogimedence.hu\"}}]}<\/script>\n<!-- \/ Yoast SEO plugin. -->","yoast_head_json":{"title":"A mai napt\u00f3l az esztergomi vonalon is kalauz n\u00e9lk\u00fcl k\u00f6zlekednek egyes vonatok","robots":{"index":"index","follow":"follow","max-snippet":"max-snippet:-1","max-image-preview":"max-image-preview:large","max-video-preview":"max-video-preview:-1"},"canonical":"https:\/\/dorogimedence.hu\/index.php\/2024\/09\/16\/a-mai-naptol-az-esztergomi-vonalon-is-kalauz-nelkul-kozlekednek-egyes-vonatok\/","og_locale":"hu_HU","og_type":"article","og_title":"A mai napt\u00f3l az esztergomi vonalon is kalauz n\u00e9lk\u00fcl k\u00f6zlekednek egyes vonatok","og_description":"A M\u00c1V-START szeptember 16-t\u00f3l a Budapest \u00e9s Esztergom k\u00f6z\u00f6tti vonalon, valamint a Budapest\u2013Gy\u0151r vonalon is bevezeti a kalauz n\u00e9lk\u00fcli k\u00f6zleked\u00e9st egyes j\u00e1ratokon. Ez a k\u00e9t vonal is a r\u00e9sze annak a k\u00f6telez\u0151 jegyel\u0151v\u00e9teli z\u00f3n\u00e1nak, amelyen bel\u00fcl a vonatokon szeptember elej\u00e9t\u0151l m\u00e1r csak \u00e9rv\u00e9nyes menetjeggyel, b\u00e9rlettel vagy egy\u00e9b utaz\u00e1sra jogos\u00edt\u00f3 okm\u00e1nnyal szabad felsz\u00e1llni, ezek hi\u00e1ny\u00e1ban pedig","og_url":"https:\/\/dorogimedence.hu\/index.php\/2024\/09\/16\/a-mai-naptol-az-esztergomi-vonalon-is-kalauz-nelkul-kozlekednek-egyes-vonatok\/","og_site_name":"Dorogi-medence Region\u00e1lis H\u00edrport\u00e1l","article_publisher":"https:\/\/www.facebook.com\/dorogimedence\/","article_published_time":"2024-09-16T07:23:01+00:00","og_image":[{"width":1260,"height":840,"url":"https:\/\/dorogimedence.hu\/wp-content\/uploads\/2022\/06\/jegyvizsgalo_mav-start_0.jpg","type":"image\/jpeg"}],"author":"dorogimedence.hu","twitter_card":"summary_large_image","twitter_misc":{"Szerz\u0151:":"dorogimedence.hu","Becs\u00fclt olvas\u00e1si id\u0151":"4 perc"},"schema":{"@context":"https:\/\/schema.org","@graph":[{"@type":"Article","@id":"https:\/\/dorogimedence.hu\/index.php\/2024\/09\/16\/a-mai-naptol-az-esztergomi-vonalon-is-kalauz-nelkul-kozlekednek-egyes-vonatok\/#article","isPartOf":{"@id":"https:\/\/dorogimedence.hu\/index.php\/2024\/09\/16\/a-mai-naptol-az-esztergomi-vonalon-is-kalauz-nelkul-kozlekednek-egyes-vonatok\/"},"author":{"name":"dorogimedence.hu","@id":"https:\/\/dorogimedence.hu\/#\/schema\/person\/ce6091eeb7e95ecdc87890d6aa8e0fd4"},"headline":"A mai napt\u00f3l az esztergomi vonalon is kalauz n\u00e9lk\u00fcl k\u00f6zlekednek egyes vonatok","datePublished":"2024-09-16T07:23:01+00:00","mainEntityOfPage":{"@id":"https:\/\/dorogimedence.hu\/index.php\/2024\/09\/16\/a-mai-naptol-az-esztergomi-vonalon-is-kalauz-nelkul-kozlekednek-egyes-vonatok\/"},"wordCount":779,"publisher":{"@id":"https:\/\/dorogimedence.hu\/#organization"},"keywords":["m\u00e1v","vas\u00fat","vonat"],"articleSection":["H\u00edrek"],"inLanguage":"hu"},{"@type":"WebPage","@id":"https:\/\/dorogimedence.hu\/index.php\/2024\/09\/16\/a-mai-naptol-az-esztergomi-vonalon-is-kalauz-nelkul-kozlekednek-egyes-vonatok\/","url":"https:\/\/dorogimedence.hu\/index.php\/2024\/09\/16\/a-mai-naptol-az-esztergomi-vonalon-is-kalauz-nelkul-kozlekednek-egyes-vonatok\/","name":"A mai napt\u00f3l az esztergomi vonalon is kalauz n\u00e9lk\u00fcl k\u00f6zlekednek egyes vonatok","isPartOf":{"@id":"https:\/\/dorogimedence.hu\/#website"},"datePublished":"2024-09-16T07:23:01+00:00","breadcrumb":{"@id":"https:\/\/dorogimedence.hu\/index.php\/2024\/09\/16\/a-mai-naptol-az-esztergomi-vonalon-is-kalauz-nelkul-kozlekednek-egyes-vonatok\/#breadcrumb"},"inLanguage":"hu","potentialAction":[{"@type":"ReadAction","target":["https:\/\/dorogimedence.hu\/index.php\/2024\/09\/16\/a-mai-naptol-az-esztergomi-vonalon-is-kalauz-nelkul-kozlekednek-egyes-vonatok\/"]}]},{"@type":"BreadcrumbList","@id":"https:\/\/dorogimedence.hu\/index.php\/2024\/09\/16\/a-mai-naptol-az-esztergomi-vonalon-is-kalauz-nelkul-kozlekednek-egyes-vonatok\/#breadcrumb","itemListElement":[{"@type":"ListItem","position":1,"name":"Kezd\u0151lap","item":"https:\/\/dorogimedence.hu\/"},{"@type":"ListItem","position":2,"name":"A mai napt\u00f3l az esztergomi vonalon is kalauz n\u00e9lk\u00fcl k\u00f6zlekednek egyes vonatok"}]},{"@type":"WebSite","@id":"https:\/\/dorogimedence.hu\/#website","url":"https:\/\/dorogimedence.hu\/","name":"Dorogi-medence Region\u00e1lis H\u00edrport\u00e1l","description":"Dorog, Keszt\u00f6lc, Le\u00e1nyv\u00e1r, Piliscs\u00e9v, Tokod, Tokodalt\u00e1r\u00f3, Csolnok, Esztergom-kertv\u00e1ros: h\u00edrek, programok","publisher":{"@id":"https:\/\/dorogimedence.hu\/#organization"},"potentialAction":[{"@type":"SearchAction","target":{"@type":"EntryPoint","urlTemplate":"https:\/\/dorogimedence.hu\/?s={search_term_string}"},"query-input":{"@type":"PropertyValueSpecification","valueRequired":true,"valueName":"search_term_string"}}],"inLanguage":"hu"},{"@type":"Organization","@id":"https:\/\/dorogimedence.hu\/#organization","name":"Dorogi-medence Region\u00e1lis H\u00edrport\u00e1l","url":"https:\/\/dorogimedence.hu\/","logo":{"@type":"ImageObject","inLanguage":"hu","@id":"https:\/\/dorogimedence.hu\/#\/schema\/logo\/image\/","url":"https:\/\/dorogimedence.hu\/wp-content\/uploads\/2021\/04\/logo-feher-600.png","contentUrl":"https:\/\/dorogimedence.hu\/wp-content\/uploads\/2021\/04\/logo-feher-600.png","width":600,"height":100,"caption":"Dorogi-medence Region\u00e1lis H\u00edrport\u00e1l"},"image":{"@id":"https:\/\/dorogimedence.hu\/#\/schema\/logo\/image\/"},"sameAs":["https:\/\/www.facebook.com\/dorogimedence\/"]},{"@type":"Person","@id":"https:\/\/dorogimedence.hu\/#\/schema\/person\/ce6091eeb7e95ecdc87890d6aa8e0fd4","name":"dorogimedence.hu","image":{"@type":"ImageObject","inLanguage":"hu","@id":"\/\/www.gravatar.com\/avatar\/d8d45f8901aadff40a4af72c0b826f1d?s=96&#038;r=g&#038;d=mm","url":"\/\/www.gravatar.com\/avatar\/d8d45f8901aadff40a4af72c0b826f1d?s=96&#038;r=g&#038;d=mm","contentUrl":"\/\/www.gravatar.com\/avatar\/d8d45f8901aadff40a4af72c0b826f1d?s=96&#038;r=g&#038;d=mm","caption":"dorogimedence.hu"}}]}},"_links":{"self":[{"href":"https:\/\/dorogimedence.hu\/index.php\/wp-json\/wp\/v2\/posts\/64852","targetHints":{"allow":["GET"]}}],"collection":[{"href":"https:\/\/dorogimedence.hu\/index.php\/wp-json\/wp\/v2\/posts"}],"about":[{"href":"https:\/\/dorogimedence.hu\/index.php\/wp-json\/wp\/v2\/types\/post"}],"author":[{"embeddable":true,"href":"https:\/\/dorogimedence.hu\/index.php\/wp-json\/wp\/v2\/users\/1"}],"replies":[{"embeddable":true,"href":"https:\/\/dorogimedence.hu\/index.php\/wp-json\/wp\/v2\/comments?post=64852"}],"version-history":[{"count":0,"href":"https:\/\/dorogimedence.hu\/index.php\/wp-json\/wp\/v2\/posts\/64852\/revisions"}],"wp:attachment":[{"href":"https:\/\/dorogimedence.hu\/index.php\/wp-json\/wp\/v2\/media?parent=64852"}],"wp:term":[{"taxonomy":"category","embeddable":true,"href":"https:\/\/dorogimedence.hu\/index.php\/wp-json\/wp\/v2\/categories?post=64852"},{"taxonomy":"post_tag","embeddable":true,"href":"https:\/\/dorogimedence.hu\/index.php\/wp-json\/wp\/v2\/tags?post=64852"}],"curies":[{"name":"wp","href":"https:\/\/api.w.org\/{rel}","templated":true}]}}