{"id":64761,"date":"2024-09-11T08:12:22","date_gmt":"2024-09-11T06:12:22","guid":{"rendered":"https:\/\/dorogimedence.hu\/?p=64761"},"modified":"2024-09-11T08:12:22","modified_gmt":"2024-09-11T06:12:22","slug":"a-mav-es-az-oktatasi-hivatal-kozosen-lep-fel-a-balesetmegelozes-erdekeben","status":"publish","type":"post","link":"https:\/\/dorogimedence.hu\/index.php\/2024\/09\/11\/a-mav-es-az-oktatasi-hivatal-kozosen-lep-fel-a-balesetmegelozes-erdekeben\/","title":{"rendered":"A M\u00c1V \u00e9s az Oktat\u00e1si Hivatal k\u00f6z\u00f6sen l\u00e9p fel a balesetmegel\u0151z\u00e9s \u00e9rdek\u00e9ben"},"content":{"rendered":"<div class=\"field-lead\">\n<p><strong>Sz\u00f6rny\u0171 trag\u00e9di\u00e1kkal z\u00e1rult a ny\u00e1ri sz\u00fcnid\u0151 \u00e9s kezd\u0151d\u00f6tt az \u00faj tan\u00e9v, amelyeknek elszenved\u0151i gyerekek, fiatalok voltak.&nbsp;<\/strong><strong>Az elm\u00falt egy h\u00f3napban k\u00e9t tin\u00e9dzser tragikus hal\u00e1l\u00e1t \u00e9s k\u00e9t fiatal \u00e9letvesz\u00e9lyes s\u00e9r\u00fcl\u00e9s\u00e9t okozta a figyelmetlens\u00e9g, k\u00f6zleked\u00e9s k\u00f6zben a f\u00fclhallgat\u00f3 haszn\u00e1lata, a telefon nyomkod\u00e1sa \u00e9s a tiltott vas\u00fat\u00fczemi ter\u00fcleten tart\u00f3zkod\u00e1s. Az \u00faj tan\u00e9v kezdet\u00e9vel a vas\u00fatt\u00e1rsas\u00e1g az Oktat\u00e1si Hivatallal k\u00f6z\u00f6sen kezdett balesetmegel\u0151z\u0151 tev\u00e9kenys\u00e9gbe, a fiatalokat \u00e9rint\u0151 vas\u00fati baleseteket helyezve a k\u00f6z\u00e9ppontba.<\/strong><\/p>\n<\/div>\n<div class=\"field-body\">\n<p>Id\u00e9n a M\u00c1V h\u00e1l\u00f3zat\u00e1n m\u00e1r 56 baleset t\u00f6rt\u00e9nt vas\u00fati \u00e1tj\u00e1r\u00f3ban (tizenn\u00e9ggyel t\u00f6bb mint a tavalyi \u00e9s hasonl\u00f3 id\u0151szak\u00e1ban), amelyek sor\u00e1n tizen\u00f6ten vesztett\u00e9k \u00e9let\u00fcket. A figyelmetlens\u00e9g \u00e9s a KRESZ szab\u00e1lyok megszeg\u00e9se miatt m\u00e1r 90 esetben g\u00e1zolt embert a vonat, ebb\u0151l 11 baleset t\u00f6rt\u00e9nt vas\u00fati \u00e1tj\u00e1r\u00f3ban. A tavalyi \u00e9v azonos id\u0151szak\u00e1ban 26 esetben g\u00e1zolt embert a vonat.<\/p>\n<p><img fetchpriority=\"high\" decoding=\"async\" class=\"media-element file-width-680\" title=\"Id\u00e9n a M\u00c1V h\u00e1l\u00f3zat\u00e1n m\u00e1r 56 baleset t\u00f6rt\u00e9nt vas\u00fati \u00e1tj\u00e1r\u00f3ban \" src=\"https:\/\/www.mavcsoport.hu\/sites\/default\/files\/styles\/width_680\/public\/upload\/vasuti_atjaro.jpeg?itok=TPyXOjKM\" alt=\"Id\u00e9n a M\u00c1V h\u00e1l\u00f3zat\u00e1n m\u00e1r 56 baleset t\u00f6rt\u00e9nt vas\u00fati \u00e1tj\u00e1r\u00f3ban \" width=\"680\" height=\"453\" data-delta=\"1\"><\/p>\n<p>Az elm\u00falt k\u00e9t h\u00e9tben k\u00e9t tin\u00e9dzser tragikus hal\u00e1l\u00e1t \u00e9s egy fiatal s\u00falyos s\u00e9r\u00fcl\u00e9s\u00e9t okozta a figyelmetlens\u00e9g \u00e9s a KRESZ szab\u00e1lyok megszeg\u00e9se a s\u00edneken. A minden esetben v\u00e9tlen mozdonyvezet\u0151k s\u00falyos traum\u00e1t \u00e9lnek \u00e1t a balesetek sor\u00e1n, k\u00fcl\u00f6n\u00f6sen akkor, amikor fiatalt g\u00e1zolnak hal\u00e1lra. H\u00e1rom hete egy fiatal \u00e9letvesz\u00e9lyesen megs\u00e9r\u00fclt, amikor vas\u00fat\u00fczemi ter\u00fcleten felm\u00e1szott egy vas\u00fati kocsi tetej\u00e9re, \u00e9s \u00e1ram\u00fct\u00e9s \u00e9rte.<\/p>\n<p>A fiatalokat \u00e9rt vas\u00fati balesetek sz\u00e1m\u00e1nak visszaszor\u00edt\u00e1sa \u00e9rdek\u00e9ben a M\u00c1V az Oktat\u00e1si Hivatal egy\u00fcttm\u0171k\u00f6d\u00e9s\u00e9t k\u00e9rte a fiatalok eduk\u00e1l\u00e1s\u00e1ra \u00e9s annak \u00e9rdek\u00e9ben, hogy a S\u00edN-T\u00c9R balesetmegel\u0151z\u00e9si c\u00e9l\u00fa ismeretterjeszt\u0151 filmsorozat epiz\u00f3djai min\u00e9l t\u00f6bb di\u00e1khoz eljuthassanak. A vas\u00fatt\u00e1rsas\u00e1g t\u00f6bb mint 2800 iskol\u00e1hoz eljuttathatta a legfontosabb vas\u00fatbiztons\u00e1gi szab\u00e1lyokat, valamint Moln\u00e1r P\u00e9ter mozdonyvezet\u0151 <a tabindex=\"0\" href=\"https:\/\/www.youtube.com\/shorts\/RLs89hnCDdQ\" target=\"_blank\" rel=\"noopener\"><strong><span style=\"text-decoration: underline; color: #0000ff;\">vide\u00f3\u00fczenet\u00e9t<\/span><\/strong><\/a>, amelyben \u0151 is k\u00e9ri a szab\u00e1lyok betart\u00e1s\u00e1t.<\/p>\n<p>A M\u00c1V H\u00e4rtlein K\u00e1roly, a BME Fizikai Int\u00e9zet mesteroktat\u00f3ja k\u00f6zrem\u0171k\u00f6d\u00e9s\u00e9vel S\u00cdN-T\u00c9R c\u00edmmel ismeretterjeszt\u0151 kisfilmeket k\u00e9sz\u00edtett, amelyekben a szab\u00e1lyk\u00f6vet\u0151 k\u00f6zleked\u00e9s fontoss\u00e1g\u00e1ra h\u00edvj\u00e1k fel a figyelmet. A sorozat h\u00e1rom epiz\u00f3dj\u00e1nak t\u00e9m\u00e1it a vas\u00faton legjellemz\u0151bb, tragikus kimenetel\u0171 vagy s\u00falyos s\u00e9r\u00fcl\u00e9sekkel j\u00e1r\u00f3 balesetek adt\u00e1k. A S\u00cdN-T\u00c9R sorozat a f\u00e9k\u00fat, az elsodr\u00e1si hat\u00e1r \u00e9s az \u00e1ram\u00fct\u00e9s t\u00e9mak\u00f6r\u00e9ben mutatja be \u00e9rthet\u0151en, l\u00e1tv\u00e1nyosan, a fizika t\u00f6rv\u00e9nyszer\u0171s\u00e9geivel al\u00e1t\u00e1masztva a balesetek okait. Az ismeretterjeszt\u0151 filmsorozat epiz\u00f3djait a pedag\u00f3gusok el\u00e9rhetik a <a tabindex=\"0\" href=\"https:\/\/www.nkp.hu\/media\/kereso\/vas%C3%BAtbiztons%C3%A1g\" target=\"_blank\" rel=\"noopener\"><span style=\"text-decoration: underline; color: #0000ff;\">Nemzeti K\u00f6znevel\u00e9si Port\u00e1l oldal\u00e1n<\/span><\/a>.<\/p>\n<p><strong>Hegyi Zsolt, a M\u00c1V vez\u00e9rigazgat\u00f3ja<\/strong>&nbsp;hangs\u00falyozta: \u201eA balesetek m\u00f6g\u00f6tti okok k\u00f6z\u00f6tt az els\u0151 a figyelmetlens\u00e9g: egyre t\u00f6bbet foglalkozunk a mobiltelefonunkkal, egyre t\u00f6bbet haszn\u00e1lunk f\u00fclhallgat\u00f3t \u00e9s ez nem csak a tin\u00e9dzserekre jellemz\u0151, hanem r\u00e1nk feln\u0151ttekre is. Ez pedig vas\u00fati \u00fat\u00e1tj\u00e1r\u00f3kn\u00e1l trag\u00e9di\u00e1ba torkolhat. Minden egyes vonat vezet\u0151\u00e1ll\u00e1s\u00e1n \u00fcl egy mozdonyvezet\u0151 koll\u00e9g\u00e1nk, koll\u00e9gan\u0151nk, akik munk\u00e1jukat v\u00e9gzik, \u00e9desany\u00e1k, \u00e9desap\u00e1k, akik a testi \u00e9ps\u00e9g\u00fckkel, de ak\u00e1r az \u00e9let\u00fckkel is fizethetnek m\u00e1sok hib\u00e1ja miatt egy vas\u00fati \u00e1tj\u00e1r\u00f3n \u00e1thaladva. Azt szeretn\u00e9m k\u00e9rni mindenkit\u0151l, k\u00e9tszer is gondolja meg, miel\u0151tt a s\u00ednekre l\u00e9p, hiszen a pillanatnyi figyelmetlens\u00e9g is hal\u00e1los balesethez vezethet. Szorosan egy\u00fcttm\u0171k\u00f6d\u00fcnk az Oktat\u00e1si Hivatallal, hogy min\u00e9l t\u00f6bb di\u00e1khoz eljuthassanak legfontosabb vas\u00fatbiztons\u00e1gi \u00fczeneteink. Vigy\u00e1zzunk egym\u00e1sra!\u201d&nbsp;<\/p>\n<p><a class=\"colorbox init-colorbox-processed cboxElement\" tabindex=\"0\" title=\"Hegyi Zsolt, a M\u00c1V vez\u00e9rigazgat\u00f3ja \" href=\"https:\/\/www.mavcsoport.hu\/sites\/default\/files\/styles\/width_1260\/public\/upload\/hegyi_zsolt_mav.jpeg?itok=bH2gUqrk\" data-colorbox-gallery=\"\" data-cbox-img-attrs=\"{&quot;title&quot;: &quot;Hegyi Zsolt, a M\u00c1V vez\u00e9rigazgat\u00f3ja &quot;, &quot;alt&quot;: &quot;Hegyi Zsolt, a M\u00c1V vez\u00e9rigazgat\u00f3ja &quot;}\"><img decoding=\"async\" class=\"media-element file-width-680-colorbox\" title=\"Hegyi Zsolt, a M\u00c1V vez\u00e9rigazgat\u00f3ja \" src=\"https:\/\/www.mavcsoport.hu\/sites\/default\/files\/styles\/width_680\/public\/upload\/hegyi_zsolt_mav.jpeg?itok=9K0v7ckB\" alt=\"Hegyi Zsolt, a M\u00c1V vez\u00e9rigazgat\u00f3ja \" width=\"680\" height=\"453\" data-delta=\"2\"><\/a><\/p>\n<p><strong>Sipos Imre, az Oktat\u00e1si Hivatal eln\u00f6khelyettese<\/strong> elmondta: \u201eAmikor a M\u00c1V megkeresett benn\u00fcnket azzal, hogy k\u00e9sz\u00fclt h\u00e1rom darab vas\u00fatbiztons\u00e1gi vide\u00f3, amelyeket el kellene juttatni az oktat\u00e1si int\u00e9zm\u00e9nyekbe, term\u00e9szetesen nem volt k\u00e9rd\u00e9s, hogy ebben az egy\u00fcttm\u0171k\u00f6d\u00e9sben r\u00e9szt vesz\u00fcnk, hiszen nagyon fontosnak tartjuk az eduk\u00e1l\u00e1st ezen a ter\u00fcleten is. A f\u00e9k\u00fat, az \u00e1ram\u00fct\u00e9s \u00e9s az elsodr\u00e1s t\u00e9mak\u00f6r\u00e9t feldolgoz\u00f3 h\u00e1rom filmet m\u00e1r elhelyezt\u00fck a Nemzeti K\u00f6znevel\u00e9si Port\u00e1l m\u00e9diat\u00e1r\u00e1ban. Azt is el\u0151k\u00e9sz\u00edtj\u00fck, hogy a fizika tant\u00e1rgy tananyag\u00e1ban az adott \u00e9vfolyamon &#8211; amikor ezekr\u0151l a t\u00e9m\u00e1kr\u00f3l tanulnak a gyerekek &#8211; ezeket a filmeket el\u00e9rhetik a pedag\u00f3gusok, \u00e9s levet\u00edthetik. A k\u00e9s\u0151bbiekben is a M\u00c1V rendelkez\u00e9s\u00e9re \u00e1llunk hasonl\u00f3 kezdem\u00e9nyez\u00e9sekben, hiszen mi is fontosnak tartjuk tanul\u00f3ink, gyermekeink, pedag\u00f3gusaink biztons\u00e1g\u00e1t.\u201d<\/p>\n<p><a class=\"colorbox init-colorbox-processed cboxElement\" tabindex=\"0\" title=\"Sipos Imre, az Oktat\u00e1si Hivatal eln\u00f6khelyettese \" href=\"https:\/\/www.mavcsoport.hu\/sites\/default\/files\/styles\/width_1260\/public\/upload\/sipos_imre_oh.jpeg?itok=rJ9K9TbS\" data-colorbox-gallery=\"\" data-cbox-img-attrs=\"{&quot;title&quot;: &quot;Sipos Imre, az Oktat\u00e1si Hivatal eln\u00f6khelyettese &quot;, &quot;alt&quot;: &quot;Sipos Imre, az Oktat\u00e1si Hivatal eln\u00f6khelyettese &quot;}\"><img decoding=\"async\" class=\"media-element file-width-680-colorbox\" title=\"Sipos Imre, az Oktat\u00e1si Hivatal eln\u00f6khelyettese \" src=\"https:\/\/www.mavcsoport.hu\/sites\/default\/files\/styles\/width_680\/public\/upload\/sipos_imre_oh.jpeg?itok=t1-6hSWu\" alt=\"Sipos Imre, az Oktat\u00e1si Hivatal eln\u00f6khelyettese \" width=\"680\" height=\"453\" data-delta=\"3\"><\/a><\/p>\n<p><strong>Moln\u00e1r P\u00e9ter, a M\u00c1V-START mozdonyvezet\u0151je<\/strong> elmondta: \u201eEgy g\u00e1zol\u00e1snak minimum k\u00e9t elszenved\u0151 alanya van. Az egyik az \u00e1ldozat, a m\u00e1sik pedig, akir\u0151l tal\u00e1n kevesebb sz\u00f3 esik, a mozdonyvezet\u0151. A mozdonyvezet\u0151k mi vagyunk, \u00e9s sz\u00e1munkra rendk\u00edv\u00fcl megterhel\u0151 \u00e9s negat\u00edv \u00e9lm\u00e9ny, amikor egy baleset megt\u00f6rt\u00e9nik. Csak a szerencs\u00e9nek tudhatjuk be, ha a k\u00f6z\u00fat-vas\u00fat tal\u00e1lkoz\u00e1s\u00e1n\u00e1l az \u00fctk\u00f6z\u00e9s \u00e9ppen nem egy kamionnal t\u00f6rt\u00e9nik, hiszen volt olyan baleset, amely sajnos a mozdonyvezet\u0151 koll\u00e9g\u00e1nk hal\u00e1l\u00e1val v\u00e9gz\u0151d\u00f6tt. \u0150k csak elmentek dolgozni, azonban onnan m\u00e1r nem t\u00e9rhettek haza. Nagyon neh\u00e9z egy ilyen eset ut\u00e1n lesz\u00e1llni a mozdonyr\u00f3l, nagyon neh\u00e9z odamenni, \u00e9s megn\u00e9zni, hogy mi t\u00f6rt\u00e9nt. Felejthetetlen csattan\u00e1sok, szagok, illetve felejthetetlen momentumok, amelyeket soha nem lehet kit\u00f6r\u00f6lni az eml\u00e9kezet\u00fcnkb\u0151l. Nek\u00fcnk is van csal\u00e1dunk, nek\u00fcnk is vannak szeretteink. Nagyon neh\u00e9z egy baleset ut\u00e1n hazamenni, hiszen ekkor kezd\u0151dik el az esem\u00e9nyek feldolgoz\u00e1sa. De nek\u00fcnk ez a hivat\u00e1sunk, nek\u00fcnk mihamarabb vissza kell \u00e1llnunk a munk\u00e1ba.\u201d<\/p>\n<p><a class=\"colorbox init-colorbox-processed cboxElement\" tabindex=\"0\" title=\"Moln\u00e1r P\u00e9ter, a M\u00c1V-START mozdonyvezet\u0151je \" href=\"https:\/\/www.mavcsoport.hu\/sites\/default\/files\/styles\/width_1260\/public\/upload\/molnar_peter_mav-start.jpeg?itok=K7bjdGYH\" data-colorbox-gallery=\"\" data-cbox-img-attrs=\"{&quot;title&quot;: &quot;Moln\u00e1r P\u00e9ter, a M\u00c1V-START mozdonyvezet\u0151je &quot;, &quot;alt&quot;: &quot;Moln\u00e1r P\u00e9ter, a M\u00c1V-START mozdonyvezet\u0151je &quot;}\"><img loading=\"lazy\" decoding=\"async\" class=\"media-element file-width-680-colorbox\" title=\"Moln\u00e1r P\u00e9ter, a M\u00c1V-START mozdonyvezet\u0151je \" src=\"https:\/\/www.mavcsoport.hu\/sites\/default\/files\/styles\/width_680\/public\/upload\/molnar_peter_mav-start.jpeg?itok=UPrBZIYn\" alt=\"Moln\u00e1r P\u00e9ter, a M\u00c1V-START mozdonyvezet\u0151je \" width=\"680\" height=\"453\" data-delta=\"4\"><\/a><\/p>\n<p>A M\u00c1V hossz\u00fa \u00e9vek \u00f3ta fokozott balesetmegel\u0151z\u00e9si kamp\u00e1nyt folytat a vas\u00fati balesetek sz\u00e1m\u00e1nak visszaszor\u00edt\u00e1sa \u00e9rdek\u00e9ben, k\u00fcl\u00f6n\u00f6s figyelmet ford\u00edtva a gyermekek, fiatalok eduk\u00e1l\u00e1s\u00e1ra. Ahogy a kor\u00e1bbi \u00e9vekben, a vas\u00fatt\u00e1rsas\u00e1g id\u00e9n is igyekezett a lehet\u0151 leghat\u00e9konyabban felh\u00edvni a gyermekek, fiatalok figyelm\u00e9t a legfontosabb vas\u00fatbiztons\u00e1gi szab\u00e1lyokra.<\/p>\n<p>A ny\u00e1ri sz\u00fcnet el\u0151tti id\u0151szakban a M\u00c1V \u00e9s az ORFK-OBB balesetmegel\u0151z\u00e9si c\u00e9l\u00fa rajzp\u00e1ly\u00e1zatot hirdetett iskol\u00e1soknak, amelynek t\u00e9m\u00e1ja a biztons\u00e1gos k\u00f6zleked\u00e9s. T\u00e9mav\u00e1laszt\u00e1skor a gyerekek a k\u00f6zleked\u00e9si helyzetek \u00e1ttekint\u00e9se sor\u00e1n megismerhett\u00e9k azokat a legfontosabb k\u00f6zleked\u00e9si szab\u00e1lyokat, amelyek megszeg\u00e9se balesethez vezethet.<\/p>\n<p>Az iskolai sz\u00fcnet elej\u00e9n, a vas\u00faton a fiatalokra leselked\u0151 vesz\u00e9lyekre h\u00edvta fel a figyelmet a M\u00c1V, majd pedig eg\u00e9sz ny\u00e1ron vas\u00fatbiztons\u00e1gi kitelep\u00fcl\u00e9seken tan\u00edtott\u00e1k a gyerekeket \u00e9s csal\u00e1dokat a szab\u00e1lyk\u00f6vet\u0151 k\u00f6zleked\u00e9sre a Balaton ment\u00e9n \u00e9s a Velencei t\u00f3n\u00e1l. A vas\u00fatbiztons\u00e1g p\u00e9csi szakemberei az Erzs\u00e9bet t\u00e1bor minden turnus\u00e1ban balesetmegel\u0151z\u00e9si kv\u00edzekkel, j\u00e1t\u00e9kos m\u00f3dszerekkel tan\u00edtott\u00e1k a gyermekeket a H\u0151s\u00f6k napj\u00e1n. A tan\u00e9v sor\u00e1n a ter\u00fcleti vas\u00fatbiztons\u00e1gi szervezetek szakemberei rendszeresen tartanak iskol\u00e1kban balesetmegel\u0151z\u00e9si c\u00e9l\u00fa oktat\u00f3 el\u0151ad\u00e1sokat.<\/p>\n<p>Sok baleset abb\u00f3l ad\u00f3dik, hogy a k\u00f6zleked\u0151k rosszul m\u00e9rik fel a k\u00f6zeled\u0151 vonat sebess\u00e9g\u00e9t, illetve a vas\u00fati szerelv\u00e9ny f\u00e9kt\u00e1vols\u00e1g\u00e1t. A fiatalok az \u00e9let\u00fcket kock\u00e1ztatj\u00e1k, amikor egy j\u00f3l siker\u00fclt vide\u00f3 kedv\u00e9\u00e9rt az utols\u00f3 pillanatban ugranak el az \u00e9rkez\u0151 vonat el\u0151l. Gyakori baleseti ok, hogy a peronon, a vas\u00fati s\u00ednek mellett v\u00e1rakoz\u00f3k figyelmetlenek, \u00e9s nem tartj\u00e1k be a biztons\u00e1gos t\u00e1vols\u00e1got a p\u00e1ly\u00e1t\u00f3l. Jellemz\u0151en fiatalok az \u00e1ldozatai vagy s\u00falyos s\u00e9r\u00fcltjei azoknak az \u00e1ram\u00fct\u00e9ses baleseteknek is, amelyeket a vas\u00fati j\u00e1rm\u0171vek tetej\u00e9re felm\u00e1szva szenvednek el.<\/p>\n<p>B\u00e1r a M\u00c1V minden m\u00f3don dolgozik a balesetek sz\u00e1m\u00e1nak visszaszor\u00edt\u00e1sa \u00e9rdek\u00e9ben, ism\u00e9telten felh\u00edvja a figyelmet, hogy vas\u00fat\u00fczemi ter\u00fcleten tart\u00f3zkodni \u00e9letvesz\u00e9lyes \u00e9s tilos! Csak a kijel\u00f6lt vas\u00fati \u00e1tj\u00e1r\u00f3ban szabad \u00e1tmenni a s\u00edneken. A vas\u00fati \u00e1tj\u00e1r\u00f3t mindig kiemelt k\u00f6r\u00fcltekint\u00e9ssel kell megk\u00f6zel\u00edteni!<\/p>\n<ul>\n<li>Vas\u00fat\u00fczemi ter\u00fcleten tart\u00f3zkodni \u00e9letvesz\u00e9lyes \u00e9s tilos! Csak a kijel\u00f6lt vas\u00fati \u00e1tj\u00e1r\u00f3ban szabad \u00e1tmenni a s\u00edneken. A vas\u00fati \u00e1tj\u00e1r\u00f3t mindig kiemelt k\u00f6r\u00fcltekint\u00e9ssel kell megk\u00f6zel\u00edteni!<\/li>\n<li>Nem szabad k\u00f6zleked\u00e9s k\u00f6zben f\u00fclhallgat\u00f3t haszn\u00e1lni, vagy a telefont nyomkodni, mert ez elvonja a figyelmet a vesz\u00e9lyekr\u0151l.<\/li>\n<li>A labirintkorl\u00e1t arra szolg\u00e1l, hogy a vas\u00fati v\u00e1g\u00e1nyokon val\u00f3 \u00e1thalad\u00e1s el\u0151tt lass\u00edtsa a k\u00f6zleked\u00e9st, \u00e9s kialak\u00edt\u00e1s\u00e1val el\u0151seg\u00edtse, hogy a gyalogos vagy ker\u00e9kp\u00e1ros mindk\u00e9t ir\u00e1nyba k\u00f6r\u00fcl n\u00e9zzen, miel\u0151tt a s\u00ednekre l\u00e9p.<\/li>\n<li>A f\u00e9nysoromp\u00f3 felv\u00e1ltva villog\u00f3 piros f\u00e9nye azt jelenti, hogy nem szabad \u00e1tmenni a s\u00edneken, mert j\u00f6n a vonat. Ha a vonat elhaladt, v\u00e1rjuk meg a f\u00e9nysoromp\u00f3 feh\u00e9r villog\u00f3 jelz\u00e9s\u00e9t. Miel\u0151tt a s\u00ednekre l\u00e9p\u00fcnk, mindig gy\u0151z\u0151dj\u00fcnk meg r\u00f3la, hogy egyik ir\u00e1nyb\u00f3l sem \u00e9rkezik vonat!<\/li>\n<li>Tilos \u00e9s \u00e9letvesz\u00e9lyes felm\u00e1szni a vas\u00fati kocsikra vagy a fels\u0151vezet\u00e9k tart\u00f3oszlop\u00e1ra! A villamos fels\u0151vezet\u00e9k megk\u00f6zel\u00edt\u00e9se is \u00e9letvesz\u00e9lyes, m\u00e1r 2 m\u00e9teres t\u00e1vols\u00e1gt\u00f3l \u00e1ram\u00fct\u00e9st, s\u00falyos vagy \u00e9letvesz\u00e9lyes \u00e9g\u00e9st okozhat. M\u00e1r \u00f6nmag\u00e1ban az 5-6 m\u00e9ter magas j\u00e1rm\u0171 tetej\u00e9r\u0151l val\u00f3 lecs\u00fasz\u00e1s is s\u00falyos s\u00e9r\u00fcl\u00e9seket okozhat, vagy ak\u00e1r hal\u00e1los k\u00f6vetkezm\u00e9nnyel is j\u00e1rhat. Szigor\u00faan tilos a j\u00e1rm\u0171vek al\u00e1 menni, alattuk \u00e1tb\u00fajni, illetve azok tetej\u00e9re felm\u00e1szni.<\/li>\n<li>Az \u00e9let\u00fckkel j\u00e1tszanak azok a fiatalok, akik sz\u00f3rakoz\u00e1sb\u00f3l a vonat el\u00e9 szaladnak, majd elugranak az \u00e9rkez\u0151 j\u00e1rm\u0171 el\u0151l. A vonat val\u00f3s sebess\u00e9g\u00e9t nagyon neh\u00e9z \u00e9rz\u00e9kelni, r\u00e1ad\u00e1sul a vas\u00fati szerelv\u00e9ny f\u00e9kt\u00e1vols\u00e1ga is t\u00f6bbsz\u00e1z m\u00e9ter, ez\u00e9rt a hirtelen meg\u00e1ll\u00edt\u00e1sa es\u00e9lytelen!&nbsp;<\/li>\n<li>A vas\u00fati s\u00ednre k\u00f6veket, idegen anyagokat helyezni, a vonatot megdob\u00e1lni szigor\u00faan tilos! Ezek a cselekedetek s\u00falyosan vesz\u00e9lyeztetik a k\u00f6zleked\u0151 vonatok biztons\u00e1g\u00e1t, hiszen azok szolg\u00e1latk\u00e9ptelens\u00e9g\u00e9t, sz\u00e9ls\u0151s\u00e9ges esetben sikl\u00e1s\u00e1t is okozhatj\u00e1k. A s\u00ednre helyezett t\u00e1rgy \u00e9szlel\u00e9s\u00e9t k\u00f6vet\u0151 v\u00e9szf\u00e9kez\u00e9s k\u00f6vetkezm\u00e9nyek\u00e9nt az utasok \u00e9s a vonat szem\u00e9lyzete is megs\u00e9r\u00fclhet. Az ilyen jelleg\u0171 cselekm\u00e9nyeket minden esetben feljelent\u00e9s k\u00f6vet..<\/li>\n<\/ul>\n<p>A balesetek visszaszor\u00edt\u00e1sa \u00e9rdek\u00e9ben a M\u00c1V 2022 \u00e1prilis\u00e1ban, <a tabindex=\"0\" href=\"https:\/\/www.mavcsoport.hu\/mav-csoport\/bemutatkozas\/vasutbiztonsag\" target=\"_blank\" rel=\"noopener\"><span style=\"text-decoration: underline; color: #0000ff;\">\u00c9rj haza biztons\u00e1gban<\/span><\/a>! c\u00edmmel elind\u00edtotta orsz\u00e1gos balesetmegel\u0151z\u0151 kamp\u00e1ny\u00e1t, amely a lakoss\u00e1g \u00e1ltal\u00e1nos eduk\u00e1l\u00e1s\u00e1t, a probl\u00e9m\u00e1ra val\u00f3 r\u00e1vil\u00e1g\u00edt\u00e1st t\u0171zte ki c\u00e9lul, els\u0151sorban a figyelemfelkelt\u00e9s \u00e9s a k\u00f6zleked\u00e9si mor\u00e1l jav\u00edt\u00e1sa \u00e9rdek\u00e9ben.<\/p>\n<p><em>Fot\u00f3k, forr\u00e1s: M\u00c1V Zrt. Kommunik\u00e1ci\u00f3s Igazgat\u00f3s\u00e1g<\/em><\/p>\n<\/div>\n","protected":false},"excerpt":{"rendered":"<p>Sz\u00f6rny\u0171 trag\u00e9di\u00e1kkal z\u00e1rult a ny\u00e1ri sz\u00fcnid\u0151 \u00e9s kezd\u0151d\u00f6tt az \u00faj tan\u00e9v, amelyeknek elszenved\u0151i gyerekek, fiatalok voltak.&nbsp;Az elm\u00falt egy h\u00f3napban k\u00e9t tin\u00e9dzser tragikus hal\u00e1l\u00e1t \u00e9s k\u00e9t fiatal \u00e9letvesz\u00e9lyes s\u00e9r\u00fcl\u00e9s\u00e9t okozta a figyelmetlens\u00e9g, k\u00f6zleked\u00e9s k\u00f6zben a f\u00fclhallgat\u00f3 haszn\u00e1lata, a telefon nyomkod\u00e1sa \u00e9s a tiltott vas\u00fat\u00fczemi ter\u00fcleten tart\u00f3zkod\u00e1s. Az \u00faj tan\u00e9v kezdet\u00e9vel a vas\u00fatt\u00e1rsas\u00e1g az Oktat\u00e1si Hivatallal k\u00f6z\u00f6sen<\/p>\n","protected":false},"author":1,"featured_media":64530,"comment_status":"closed","ping_status":"closed","sticky":false,"template":"","format":"standard","meta":{"ngg_post_thumbnail":0,"footnotes":""},"categories":[6934,3],"tags":[44,292,381,291],"class_list":{"0":"post-64761","1":"post","2":"type-post","3":"status-publish","4":"format-standard","5":"has-post-thumbnail","7":"category-belfold","8":"category-hirek","9":"tag-baleset","10":"tag-mav","11":"tag-vasut","12":"tag-vonat"},"yoast_head":"<!-- This site is optimized with the Yoast SEO plugin v27.5 - https:\/\/yoast.com\/product\/yoast-seo-wordpress\/ -->\n<title>A M\u00c1V \u00e9s az Oktat\u00e1si Hivatal k\u00f6z\u00f6sen l\u00e9p fel a balesetmegel\u0151z\u00e9s \u00e9rdek\u00e9ben<\/title>\n<meta name=\"robots\" content=\"index, follow, max-snippet:-1, max-image-preview:large, max-video-preview:-1\" \/>\n<link rel=\"canonical\" href=\"https:\/\/dorogimedence.hu\/index.php\/2024\/09\/11\/a-mav-es-az-oktatasi-hivatal-kozosen-lep-fel-a-balesetmegelozes-erdekeben\/\" class=\"yoast-seo-meta-tag\" \/>\n<meta property=\"og:locale\" content=\"hu_HU\" class=\"yoast-seo-meta-tag\" \/>\n<meta property=\"og:type\" content=\"article\" class=\"yoast-seo-meta-tag\" \/>\n<meta property=\"og:title\" content=\"A M\u00c1V \u00e9s az Oktat\u00e1si Hivatal k\u00f6z\u00f6sen l\u00e9p fel a balesetmegel\u0151z\u00e9s \u00e9rdek\u00e9ben\" class=\"yoast-seo-meta-tag\" \/>\n<meta property=\"og:description\" content=\"Sz\u00f6rny\u0171 trag\u00e9di\u00e1kkal z\u00e1rult a ny\u00e1ri sz\u00fcnid\u0151 \u00e9s kezd\u0151d\u00f6tt az \u00faj tan\u00e9v, amelyeknek elszenved\u0151i gyerekek, fiatalok voltak.&nbsp;Az elm\u00falt egy h\u00f3napban k\u00e9t tin\u00e9dzser tragikus hal\u00e1l\u00e1t \u00e9s k\u00e9t fiatal \u00e9letvesz\u00e9lyes s\u00e9r\u00fcl\u00e9s\u00e9t okozta a figyelmetlens\u00e9g, k\u00f6zleked\u00e9s k\u00f6zben a f\u00fclhallgat\u00f3 haszn\u00e1lata, a telefon nyomkod\u00e1sa \u00e9s a tiltott vas\u00fat\u00fczemi ter\u00fcleten tart\u00f3zkod\u00e1s. Az \u00faj tan\u00e9v kezdet\u00e9vel a vas\u00fatt\u00e1rsas\u00e1g az Oktat\u00e1si Hivatallal k\u00f6z\u00f6sen\" class=\"yoast-seo-meta-tag\" \/>\n<meta property=\"og:url\" content=\"https:\/\/dorogimedence.hu\/index.php\/2024\/09\/11\/a-mav-es-az-oktatasi-hivatal-kozosen-lep-fel-a-balesetmegelozes-erdekeben\/\" class=\"yoast-seo-meta-tag\" \/>\n<meta property=\"og:site_name\" content=\"Dorogi-medence Region\u00e1lis H\u00edrport\u00e1l\" class=\"yoast-seo-meta-tag\" \/>\n<meta property=\"article:publisher\" content=\"https:\/\/www.facebook.com\/dorogimedence\/\" class=\"yoast-seo-meta-tag\" \/>\n<meta property=\"article:published_time\" content=\"2024-09-11T06:12:22+00:00\" class=\"yoast-seo-meta-tag\" \/>\n<meta property=\"og:image\" content=\"https:\/\/dorogimedence.hu\/wp-content\/uploads\/2024\/09\/maxresdefault.jpg\" class=\"yoast-seo-meta-tag\" \/>\n\t<meta property=\"og:image:width\" content=\"1280\" class=\"yoast-seo-meta-tag\" \/>\n\t<meta property=\"og:image:height\" content=\"720\" class=\"yoast-seo-meta-tag\" \/>\n\t<meta property=\"og:image:type\" content=\"image\/jpeg\" class=\"yoast-seo-meta-tag\" \/>\n<meta name=\"author\" content=\"dorogimedence.hu\" class=\"yoast-seo-meta-tag\" \/>\n<meta name=\"twitter:card\" content=\"summary_large_image\" class=\"yoast-seo-meta-tag\" \/>\n<meta name=\"twitter:label1\" content=\"Szerz\u0151:\" class=\"yoast-seo-meta-tag\" \/>\n\t<meta name=\"twitter:data1\" content=\"dorogimedence.hu\" class=\"yoast-seo-meta-tag\" \/>\n\t<meta name=\"twitter:label2\" content=\"Becs\u00fclt olvas\u00e1si id\u0151\" class=\"yoast-seo-meta-tag\" \/>\n\t<meta name=\"twitter:data2\" content=\"10 perc\" class=\"yoast-seo-meta-tag\" \/>\n<script type=\"application\/ld+json\" class=\"yoast-schema-graph\">{\"@context\":\"https:\\\/\\\/schema.org\",\"@graph\":[{\"@type\":\"Article\",\"@id\":\"https:\\\/\\\/dorogimedence.hu\\\/index.php\\\/2024\\\/09\\\/11\\\/a-mav-es-az-oktatasi-hivatal-kozosen-lep-fel-a-balesetmegelozes-erdekeben\\\/#article\",\"isPartOf\":{\"@id\":\"https:\\\/\\\/dorogimedence.hu\\\/index.php\\\/2024\\\/09\\\/11\\\/a-mav-es-az-oktatasi-hivatal-kozosen-lep-fel-a-balesetmegelozes-erdekeben\\\/\"},\"author\":{\"name\":\"dorogimedence.hu\",\"@id\":\"https:\\\/\\\/dorogimedence.hu\\\/#\\\/schema\\\/person\\\/ce6091eeb7e95ecdc87890d6aa8e0fd4\"},\"headline\":\"A M\u00c1V \u00e9s az Oktat\u00e1si Hivatal k\u00f6z\u00f6sen l\u00e9p fel a balesetmegel\u0151z\u00e9s \u00e9rdek\u00e9ben\",\"datePublished\":\"2024-09-11T06:12:22+00:00\",\"mainEntityOfPage\":{\"@id\":\"https:\\\/\\\/dorogimedence.hu\\\/index.php\\\/2024\\\/09\\\/11\\\/a-mav-es-az-oktatasi-hivatal-kozosen-lep-fel-a-balesetmegelozes-erdekeben\\\/\"},\"wordCount\":2081,\"publisher\":{\"@id\":\"https:\\\/\\\/dorogimedence.hu\\\/#organization\"},\"image\":{\"@id\":\"https:\\\/\\\/dorogimedence.hu\\\/index.php\\\/2024\\\/09\\\/11\\\/a-mav-es-az-oktatasi-hivatal-kozosen-lep-fel-a-balesetmegelozes-erdekeben\\\/#primaryimage\"},\"thumbnailUrl\":\"https:\\\/\\\/dorogimedence.hu\\\/wp-content\\\/uploads\\\/2024\\\/09\\\/maxresdefault.jpg\",\"keywords\":[\"baleset\",\"m\u00e1v\",\"vas\u00fat\",\"vonat\"],\"articleSection\":[\"Belf\u00f6ld, Gazdas\u00e1g\",\"H\u00edrek\"],\"inLanguage\":\"hu\"},{\"@type\":\"WebPage\",\"@id\":\"https:\\\/\\\/dorogimedence.hu\\\/index.php\\\/2024\\\/09\\\/11\\\/a-mav-es-az-oktatasi-hivatal-kozosen-lep-fel-a-balesetmegelozes-erdekeben\\\/\",\"url\":\"https:\\\/\\\/dorogimedence.hu\\\/index.php\\\/2024\\\/09\\\/11\\\/a-mav-es-az-oktatasi-hivatal-kozosen-lep-fel-a-balesetmegelozes-erdekeben\\\/\",\"name\":\"A M\u00c1V \u00e9s az Oktat\u00e1si Hivatal k\u00f6z\u00f6sen l\u00e9p fel a balesetmegel\u0151z\u00e9s \u00e9rdek\u00e9ben\",\"isPartOf\":{\"@id\":\"https:\\\/\\\/dorogimedence.hu\\\/#website\"},\"primaryImageOfPage\":{\"@id\":\"https:\\\/\\\/dorogimedence.hu\\\/index.php\\\/2024\\\/09\\\/11\\\/a-mav-es-az-oktatasi-hivatal-kozosen-lep-fel-a-balesetmegelozes-erdekeben\\\/#primaryimage\"},\"image\":{\"@id\":\"https:\\\/\\\/dorogimedence.hu\\\/index.php\\\/2024\\\/09\\\/11\\\/a-mav-es-az-oktatasi-hivatal-kozosen-lep-fel-a-balesetmegelozes-erdekeben\\\/#primaryimage\"},\"thumbnailUrl\":\"https:\\\/\\\/dorogimedence.hu\\\/wp-content\\\/uploads\\\/2024\\\/09\\\/maxresdefault.jpg\",\"datePublished\":\"2024-09-11T06:12:22+00:00\",\"breadcrumb\":{\"@id\":\"https:\\\/\\\/dorogimedence.hu\\\/index.php\\\/2024\\\/09\\\/11\\\/a-mav-es-az-oktatasi-hivatal-kozosen-lep-fel-a-balesetmegelozes-erdekeben\\\/#breadcrumb\"},\"inLanguage\":\"hu\",\"potentialAction\":[{\"@type\":\"ReadAction\",\"target\":[\"https:\\\/\\\/dorogimedence.hu\\\/index.php\\\/2024\\\/09\\\/11\\\/a-mav-es-az-oktatasi-hivatal-kozosen-lep-fel-a-balesetmegelozes-erdekeben\\\/\"]}]},{\"@type\":\"ImageObject\",\"inLanguage\":\"hu\",\"@id\":\"https:\\\/\\\/dorogimedence.hu\\\/index.php\\\/2024\\\/09\\\/11\\\/a-mav-es-az-oktatasi-hivatal-kozosen-lep-fel-a-balesetmegelozes-erdekeben\\\/#primaryimage\",\"url\":\"https:\\\/\\\/dorogimedence.hu\\\/wp-content\\\/uploads\\\/2024\\\/09\\\/maxresdefault.jpg\",\"contentUrl\":\"https:\\\/\\\/dorogimedence.hu\\\/wp-content\\\/uploads\\\/2024\\\/09\\\/maxresdefault.jpg\",\"width\":1280,\"height\":720},{\"@type\":\"BreadcrumbList\",\"@id\":\"https:\\\/\\\/dorogimedence.hu\\\/index.php\\\/2024\\\/09\\\/11\\\/a-mav-es-az-oktatasi-hivatal-kozosen-lep-fel-a-balesetmegelozes-erdekeben\\\/#breadcrumb\",\"itemListElement\":[{\"@type\":\"ListItem\",\"position\":1,\"name\":\"Kezd\u0151lap\",\"item\":\"https:\\\/\\\/dorogimedence.hu\\\/\"},{\"@type\":\"ListItem\",\"position\":2,\"name\":\"A M\u00c1V \u00e9s az Oktat\u00e1si Hivatal k\u00f6z\u00f6sen l\u00e9p fel a balesetmegel\u0151z\u00e9s \u00e9rdek\u00e9ben\"}]},{\"@type\":\"WebSite\",\"@id\":\"https:\\\/\\\/dorogimedence.hu\\\/#website\",\"url\":\"https:\\\/\\\/dorogimedence.hu\\\/\",\"name\":\"Dorogi-medence Region\u00e1lis H\u00edrport\u00e1l\",\"description\":\"Dorog, Keszt\u00f6lc, Le\u00e1nyv\u00e1r, Piliscs\u00e9v, Tokod, Tokodalt\u00e1r\u00f3, Csolnok, Esztergom-kertv\u00e1ros: h\u00edrek, programok\",\"publisher\":{\"@id\":\"https:\\\/\\\/dorogimedence.hu\\\/#organization\"},\"potentialAction\":[{\"@type\":\"SearchAction\",\"target\":{\"@type\":\"EntryPoint\",\"urlTemplate\":\"https:\\\/\\\/dorogimedence.hu\\\/?s={search_term_string}\"},\"query-input\":{\"@type\":\"PropertyValueSpecification\",\"valueRequired\":true,\"valueName\":\"search_term_string\"}}],\"inLanguage\":\"hu\"},{\"@type\":\"Organization\",\"@id\":\"https:\\\/\\\/dorogimedence.hu\\\/#organization\",\"name\":\"Dorogi-medence Region\u00e1lis H\u00edrport\u00e1l\",\"url\":\"https:\\\/\\\/dorogimedence.hu\\\/\",\"logo\":{\"@type\":\"ImageObject\",\"inLanguage\":\"hu\",\"@id\":\"https:\\\/\\\/dorogimedence.hu\\\/#\\\/schema\\\/logo\\\/image\\\/\",\"url\":\"https:\\\/\\\/dorogimedence.hu\\\/wp-content\\\/uploads\\\/2021\\\/04\\\/logo-feher-600.png\",\"contentUrl\":\"https:\\\/\\\/dorogimedence.hu\\\/wp-content\\\/uploads\\\/2021\\\/04\\\/logo-feher-600.png\",\"width\":600,\"height\":100,\"caption\":\"Dorogi-medence Region\u00e1lis H\u00edrport\u00e1l\"},\"image\":{\"@id\":\"https:\\\/\\\/dorogimedence.hu\\\/#\\\/schema\\\/logo\\\/image\\\/\"},\"sameAs\":[\"https:\\\/\\\/www.facebook.com\\\/dorogimedence\\\/\"]},{\"@type\":\"Person\",\"@id\":\"https:\\\/\\\/dorogimedence.hu\\\/#\\\/schema\\\/person\\\/ce6091eeb7e95ecdc87890d6aa8e0fd4\",\"name\":\"dorogimedence.hu\",\"image\":{\"@type\":\"ImageObject\",\"inLanguage\":\"hu\",\"@id\":\"\\\/\\\/www.gravatar.com\\\/avatar\\\/d8d45f8901aadff40a4af72c0b826f1d?s=96&#038;r=g&#038;d=mm\",\"url\":\"\\\/\\\/www.gravatar.com\\\/avatar\\\/d8d45f8901aadff40a4af72c0b826f1d?s=96&#038;r=g&#038;d=mm\",\"contentUrl\":\"\\\/\\\/www.gravatar.com\\\/avatar\\\/d8d45f8901aadff40a4af72c0b826f1d?s=96&#038;r=g&#038;d=mm\",\"caption\":\"dorogimedence.hu\"}}]}<\/script>\n<!-- \/ Yoast SEO plugin. -->","yoast_head_json":{"title":"A M\u00c1V \u00e9s az Oktat\u00e1si Hivatal k\u00f6z\u00f6sen l\u00e9p fel a balesetmegel\u0151z\u00e9s \u00e9rdek\u00e9ben","robots":{"index":"index","follow":"follow","max-snippet":"max-snippet:-1","max-image-preview":"max-image-preview:large","max-video-preview":"max-video-preview:-1"},"canonical":"https:\/\/dorogimedence.hu\/index.php\/2024\/09\/11\/a-mav-es-az-oktatasi-hivatal-kozosen-lep-fel-a-balesetmegelozes-erdekeben\/","og_locale":"hu_HU","og_type":"article","og_title":"A M\u00c1V \u00e9s az Oktat\u00e1si Hivatal k\u00f6z\u00f6sen l\u00e9p fel a balesetmegel\u0151z\u00e9s \u00e9rdek\u00e9ben","og_description":"Sz\u00f6rny\u0171 trag\u00e9di\u00e1kkal z\u00e1rult a ny\u00e1ri sz\u00fcnid\u0151 \u00e9s kezd\u0151d\u00f6tt az \u00faj tan\u00e9v, amelyeknek elszenved\u0151i gyerekek, fiatalok voltak.&nbsp;Az elm\u00falt egy h\u00f3napban k\u00e9t tin\u00e9dzser tragikus hal\u00e1l\u00e1t \u00e9s k\u00e9t fiatal \u00e9letvesz\u00e9lyes s\u00e9r\u00fcl\u00e9s\u00e9t okozta a figyelmetlens\u00e9g, k\u00f6zleked\u00e9s k\u00f6zben a f\u00fclhallgat\u00f3 haszn\u00e1lata, a telefon nyomkod\u00e1sa \u00e9s a tiltott vas\u00fat\u00fczemi ter\u00fcleten tart\u00f3zkod\u00e1s. Az \u00faj tan\u00e9v kezdet\u00e9vel a vas\u00fatt\u00e1rsas\u00e1g az Oktat\u00e1si Hivatallal k\u00f6z\u00f6sen","og_url":"https:\/\/dorogimedence.hu\/index.php\/2024\/09\/11\/a-mav-es-az-oktatasi-hivatal-kozosen-lep-fel-a-balesetmegelozes-erdekeben\/","og_site_name":"Dorogi-medence Region\u00e1lis H\u00edrport\u00e1l","article_publisher":"https:\/\/www.facebook.com\/dorogimedence\/","article_published_time":"2024-09-11T06:12:22+00:00","og_image":[{"width":1280,"height":720,"url":"https:\/\/dorogimedence.hu\/wp-content\/uploads\/2024\/09\/maxresdefault.jpg","type":"image\/jpeg"}],"author":"dorogimedence.hu","twitter_card":"summary_large_image","twitter_misc":{"Szerz\u0151:":"dorogimedence.hu","Becs\u00fclt olvas\u00e1si id\u0151":"10 perc"},"schema":{"@context":"https:\/\/schema.org","@graph":[{"@type":"Article","@id":"https:\/\/dorogimedence.hu\/index.php\/2024\/09\/11\/a-mav-es-az-oktatasi-hivatal-kozosen-lep-fel-a-balesetmegelozes-erdekeben\/#article","isPartOf":{"@id":"https:\/\/dorogimedence.hu\/index.php\/2024\/09\/11\/a-mav-es-az-oktatasi-hivatal-kozosen-lep-fel-a-balesetmegelozes-erdekeben\/"},"author":{"name":"dorogimedence.hu","@id":"https:\/\/dorogimedence.hu\/#\/schema\/person\/ce6091eeb7e95ecdc87890d6aa8e0fd4"},"headline":"A M\u00c1V \u00e9s az Oktat\u00e1si Hivatal k\u00f6z\u00f6sen l\u00e9p fel a balesetmegel\u0151z\u00e9s \u00e9rdek\u00e9ben","datePublished":"2024-09-11T06:12:22+00:00","mainEntityOfPage":{"@id":"https:\/\/dorogimedence.hu\/index.php\/2024\/09\/11\/a-mav-es-az-oktatasi-hivatal-kozosen-lep-fel-a-balesetmegelozes-erdekeben\/"},"wordCount":2081,"publisher":{"@id":"https:\/\/dorogimedence.hu\/#organization"},"image":{"@id":"https:\/\/dorogimedence.hu\/index.php\/2024\/09\/11\/a-mav-es-az-oktatasi-hivatal-kozosen-lep-fel-a-balesetmegelozes-erdekeben\/#primaryimage"},"thumbnailUrl":"https:\/\/dorogimedence.hu\/wp-content\/uploads\/2024\/09\/maxresdefault.jpg","keywords":["baleset","m\u00e1v","vas\u00fat","vonat"],"articleSection":["Belf\u00f6ld, Gazdas\u00e1g","H\u00edrek"],"inLanguage":"hu"},{"@type":"WebPage","@id":"https:\/\/dorogimedence.hu\/index.php\/2024\/09\/11\/a-mav-es-az-oktatasi-hivatal-kozosen-lep-fel-a-balesetmegelozes-erdekeben\/","url":"https:\/\/dorogimedence.hu\/index.php\/2024\/09\/11\/a-mav-es-az-oktatasi-hivatal-kozosen-lep-fel-a-balesetmegelozes-erdekeben\/","name":"A M\u00c1V \u00e9s az Oktat\u00e1si Hivatal k\u00f6z\u00f6sen l\u00e9p fel a balesetmegel\u0151z\u00e9s \u00e9rdek\u00e9ben","isPartOf":{"@id":"https:\/\/dorogimedence.hu\/#website"},"primaryImageOfPage":{"@id":"https:\/\/dorogimedence.hu\/index.php\/2024\/09\/11\/a-mav-es-az-oktatasi-hivatal-kozosen-lep-fel-a-balesetmegelozes-erdekeben\/#primaryimage"},"image":{"@id":"https:\/\/dorogimedence.hu\/index.php\/2024\/09\/11\/a-mav-es-az-oktatasi-hivatal-kozosen-lep-fel-a-balesetmegelozes-erdekeben\/#primaryimage"},"thumbnailUrl":"https:\/\/dorogimedence.hu\/wp-content\/uploads\/2024\/09\/maxresdefault.jpg","datePublished":"2024-09-11T06:12:22+00:00","breadcrumb":{"@id":"https:\/\/dorogimedence.hu\/index.php\/2024\/09\/11\/a-mav-es-az-oktatasi-hivatal-kozosen-lep-fel-a-balesetmegelozes-erdekeben\/#breadcrumb"},"inLanguage":"hu","potentialAction":[{"@type":"ReadAction","target":["https:\/\/dorogimedence.hu\/index.php\/2024\/09\/11\/a-mav-es-az-oktatasi-hivatal-kozosen-lep-fel-a-balesetmegelozes-erdekeben\/"]}]},{"@type":"ImageObject","inLanguage":"hu","@id":"https:\/\/dorogimedence.hu\/index.php\/2024\/09\/11\/a-mav-es-az-oktatasi-hivatal-kozosen-lep-fel-a-balesetmegelozes-erdekeben\/#primaryimage","url":"https:\/\/dorogimedence.hu\/wp-content\/uploads\/2024\/09\/maxresdefault.jpg","contentUrl":"https:\/\/dorogimedence.hu\/wp-content\/uploads\/2024\/09\/maxresdefault.jpg","width":1280,"height":720},{"@type":"BreadcrumbList","@id":"https:\/\/dorogimedence.hu\/index.php\/2024\/09\/11\/a-mav-es-az-oktatasi-hivatal-kozosen-lep-fel-a-balesetmegelozes-erdekeben\/#breadcrumb","itemListElement":[{"@type":"ListItem","position":1,"name":"Kezd\u0151lap","item":"https:\/\/dorogimedence.hu\/"},{"@type":"ListItem","position":2,"name":"A M\u00c1V \u00e9s az Oktat\u00e1si Hivatal k\u00f6z\u00f6sen l\u00e9p fel a balesetmegel\u0151z\u00e9s \u00e9rdek\u00e9ben"}]},{"@type":"WebSite","@id":"https:\/\/dorogimedence.hu\/#website","url":"https:\/\/dorogimedence.hu\/","name":"Dorogi-medence Region\u00e1lis H\u00edrport\u00e1l","description":"Dorog, Keszt\u00f6lc, Le\u00e1nyv\u00e1r, Piliscs\u00e9v, Tokod, Tokodalt\u00e1r\u00f3, Csolnok, Esztergom-kertv\u00e1ros: h\u00edrek, programok","publisher":{"@id":"https:\/\/dorogimedence.hu\/#organization"},"potentialAction":[{"@type":"SearchAction","target":{"@type":"EntryPoint","urlTemplate":"https:\/\/dorogimedence.hu\/?s={search_term_string}"},"query-input":{"@type":"PropertyValueSpecification","valueRequired":true,"valueName":"search_term_string"}}],"inLanguage":"hu"},{"@type":"Organization","@id":"https:\/\/dorogimedence.hu\/#organization","name":"Dorogi-medence Region\u00e1lis H\u00edrport\u00e1l","url":"https:\/\/dorogimedence.hu\/","logo":{"@type":"ImageObject","inLanguage":"hu","@id":"https:\/\/dorogimedence.hu\/#\/schema\/logo\/image\/","url":"https:\/\/dorogimedence.hu\/wp-content\/uploads\/2021\/04\/logo-feher-600.png","contentUrl":"https:\/\/dorogimedence.hu\/wp-content\/uploads\/2021\/04\/logo-feher-600.png","width":600,"height":100,"caption":"Dorogi-medence Region\u00e1lis H\u00edrport\u00e1l"},"image":{"@id":"https:\/\/dorogimedence.hu\/#\/schema\/logo\/image\/"},"sameAs":["https:\/\/www.facebook.com\/dorogimedence\/"]},{"@type":"Person","@id":"https:\/\/dorogimedence.hu\/#\/schema\/person\/ce6091eeb7e95ecdc87890d6aa8e0fd4","name":"dorogimedence.hu","image":{"@type":"ImageObject","inLanguage":"hu","@id":"\/\/www.gravatar.com\/avatar\/d8d45f8901aadff40a4af72c0b826f1d?s=96&#038;r=g&#038;d=mm","url":"\/\/www.gravatar.com\/avatar\/d8d45f8901aadff40a4af72c0b826f1d?s=96&#038;r=g&#038;d=mm","contentUrl":"\/\/www.gravatar.com\/avatar\/d8d45f8901aadff40a4af72c0b826f1d?s=96&#038;r=g&#038;d=mm","caption":"dorogimedence.hu"}}]}},"_links":{"self":[{"href":"https:\/\/dorogimedence.hu\/index.php\/wp-json\/wp\/v2\/posts\/64761","targetHints":{"allow":["GET"]}}],"collection":[{"href":"https:\/\/dorogimedence.hu\/index.php\/wp-json\/wp\/v2\/posts"}],"about":[{"href":"https:\/\/dorogimedence.hu\/index.php\/wp-json\/wp\/v2\/types\/post"}],"author":[{"embeddable":true,"href":"https:\/\/dorogimedence.hu\/index.php\/wp-json\/wp\/v2\/users\/1"}],"replies":[{"embeddable":true,"href":"https:\/\/dorogimedence.hu\/index.php\/wp-json\/wp\/v2\/comments?post=64761"}],"version-history":[{"count":0,"href":"https:\/\/dorogimedence.hu\/index.php\/wp-json\/wp\/v2\/posts\/64761\/revisions"}],"wp:featuredmedia":[{"embeddable":true,"href":"https:\/\/dorogimedence.hu\/index.php\/wp-json\/wp\/v2\/media\/64530"}],"wp:attachment":[{"href":"https:\/\/dorogimedence.hu\/index.php\/wp-json\/wp\/v2\/media?parent=64761"}],"wp:term":[{"taxonomy":"category","embeddable":true,"href":"https:\/\/dorogimedence.hu\/index.php\/wp-json\/wp\/v2\/categories?post=64761"},{"taxonomy":"post_tag","embeddable":true,"href":"https:\/\/dorogimedence.hu\/index.php\/wp-json\/wp\/v2\/tags?post=64761"}],"curies":[{"name":"wp","href":"https:\/\/api.w.org\/{rel}","templated":true}]}}