{"id":6469,"date":"2017-10-27T14:19:15","date_gmt":"2017-10-27T12:19:15","guid":{"rendered":"http:\/\/dorogimedence.hu\/?p=6469"},"modified":"2017-10-27T14:19:15","modified_gmt":"2017-10-27T12:19:15","slug":"elrajtoltak-a-hataron-atnyulo-palyazatok","status":"publish","type":"post","link":"https:\/\/dorogimedence.hu\/index.php\/2017\/10\/27\/elrajtoltak-a-hataron-atnyulo-palyazatok\/","title":{"rendered":"Elrajtoltak a hat\u00e1ron \u00e1tny\u00fal\u00f3 p\u00e1ly\u00e1zatok"},"content":{"rendered":"<p><strong>Ker\u00e9kp\u00e1rutak \u00e9p\u00edt\u00e9se, term\u00e9szeti \u00e9l\u0151helyek meg\u00f3v\u00e1sa, ker\u00e9kp\u00e1rk\u00f6lcs\u00f6nz\u0151 rendszer ki\u00e9p\u00edt\u00e9se, interakt\u00edv tematikus parkok kialak\u00edt\u00e1sa \u2013 t\u00f6bbek k\u00f6z\u00f6tt ezek a projektek val\u00f3sulnak meg hamarosan megy\u00e9nkben sz\u00e1mottev\u0151 uni\u00f3s t\u00e1mogat\u00e1s seg\u00edts\u00e9g\u00e9vel, hat\u00e1ron \u00fatny\u00fal\u00f3 egy\u00fcttm\u0171k\u00f6d\u00e9s keret\u00e9ben. A nyertes projektekr\u0151l sajt\u00f3t\u00e1j\u00e9koztat\u00f3 keret\u00e9ben sz\u00e1moltak be a megye orsz\u00e1ggy\u0171l\u00e9si k\u00e9pvisel\u0151i, fejleszt\u00e9si biztosa \u00e9s a megyei k\u00f6zgy\u0171l\u00e9s eln\u00f6ke.<\/strong><\/p>\n<p>Az Interreg V-A Szlov\u00e1kia Magyarorsz\u00e1g Egy\u00fcttm\u0171k\u00f6d\u00e9si Program a 2014-2020 id\u0151szakban a kor\u00e1bbi egy\u00fcttm\u0171k\u00f6d\u00e9si program folytat\u00e1sa, amelynek c\u00e9lja \u2013 hasonl\u00f3an az el\u0151dj\u00e9hez &#8211; a magyar-szlov\u00e1k t\u00e9rs\u00e9g fejleszt\u00e9se. A p\u00e1ly\u00e1zati felh\u00edv\u00e1sokat n\u00e9gy priorit\u00e1si tengely ment\u00e9n hirdett\u00e9k meg: term\u00e9szet \u00e9s kult\u00fara, hat\u00e1ron \u00e1tny\u00fal\u00f3 mobilit\u00e1s, fenntarthat\u00f3 \u00e9s min\u0151s\u00e9gi foglalkoztat\u00e1s el\u0151mozd\u00edt\u00e1sa \u00e9s a munkav\u00e1llal\u00f3i mobilit\u00e1s t\u00e1mogat\u00e1sa, valamint a k\u00f6zint\u00e9zm\u00e9nyek \u00e9s a hat\u00e1rt\u00e9rs\u00e9gben \u00e9l\u0151 emberek hat\u00e1ron \u00e1tny\u00fal\u00f3 egy\u00fcttm\u0171k\u00f6d\u00e9s\u00e9nek el\u0151seg\u00edt\u00e9se.<\/p>\n<p>A neszm\u00e9lyi M\u0171vel\u0151d\u00e9si H\u00e1zban p\u00e9nteki d\u00e9lel\u0151tt tartott sajt\u00f3t\u00e1j\u00e9koztat\u00f3t Janovics Istv\u00e1n, Neszm\u00e9ly polg\u00e1rmestere nyitotta meg, aki a k\u00f6zs\u00e9g nyertes projektjeit ismertette. Popovics Gy\u00f6rgy, a megyei k\u00f6zgy\u0171l\u00e9s eln\u00f6ke hangs\u00falyozta, az els\u0151 p\u00e1ly\u00e1zati felh\u00edv\u00e1s keret\u00e9ben a p\u00e1ly\u00e1z\u00f3 szervezetek r\u00e9sz\u00e9r\u0151l szinte minden felsorolt tengelyen t\u00f6bbsz\u00f6r\u00f6s volt a t\u00faljelentkez\u00e9s, a megval\u00f3s\u00edt\u00e1sra mintegy 67,5 milli\u00f3 EUR indikat\u00edv ERFA (Eur\u00f3pai Region\u00e1lis Fejleszt\u00e9si Alap) keret \u00e1ll rendelkez\u00e9sre. \u201e<em>Kom\u00e1rom-Esztergom megye j\u00f3l szerepelt, hiszen 11 megyei telep\u00fcl\u00e9st \u00e9rint\u0151 18 db nyertes projekttel b\u00fcszk\u00e9lkedhet\u00fcnk. Ennek k\u00f6sz\u00f6nhet\u0151en 1,5 milli\u00e1rd forint \u00e9rkezik a megy\u00e9be<\/em>\u201d \u2013 mondta.<\/p>\n<p>V\u00f6lner P\u00e1l fejleszt\u00e9si biztos kiemelte, az Interreg program abban is \u00fatt\u00f6r\u0151, hogy a k\u00e9t orsz\u00e1g k\u00f6z\u00f6tti kapcsolatokat maxim\u00e1lisan er\u0151s\u00edti \u2013 ezen a ter\u00fcleten is be tudjuk bizony\u00edtani, hogy egy\u00fctt tudunk m\u0171k\u00f6dni. \u201e<em>Ma nem tudok a megy\u00e9ben olyan telep\u00fcl\u00e9st mondani, amely valamely p\u00e1ly\u00e1zati program keret\u00e9ben ne r\u00e9szes\u00fclne t\u00e1mogat\u00e1sban. Meger\u0151s\u00f6dt\u00fcnk, ezt az er\u0151t kell megtartani \u00e9s a j\u00f6v\u0151re \u00fagy \u00e1t\u00f6r\u00f6k\u00edteni, hogy ez a t\u00e9rs\u00e9g megmarad\u00e1s\u00e1t, fejl\u0151d\u00e9s\u00e9t szolg\u00e1lja<\/em>\u201d &#8211; tette hozz\u00e1 Czunyin\u00e9 Dr. Bertalan Judit orsz\u00e1ggy\u0171l\u00e9si k\u00e9pvisel\u0151. Bencsik J\u00e1nos orsz\u00e1ggy\u0171l\u00e9si k\u00e9pvisel\u0151 gratul\u00e1lt a remek munk\u00e1hoz, amelynek k\u00f6sz\u00f6nhet\u0151en a megye rem\u00e9nyteljes j\u00f6v\u0151 el\u0151tt \u00e1ll, \u00e9s a t\u00e9rs\u00e9gben olyan fejleszt\u00e9sek val\u00f3sulnak meg, amely az itt \u00e9l\u0151 emberek \u00f6r\u00f6m\u00e9re szolg\u00e1lnak. \u201e<em>Az eredm\u00e9nyek csakis az egy\u00fcttm\u0171k\u00f6d\u00e9sen, a p\u00e1rbesz\u00e9den alapulnak. Ha versenyt\u00e1rsakk\u00e9nt tekint\u00fcnk egym\u00e1sra, akkor nem tudunk akkora er\u0151t felmutatni, amely sikeress\u00e9 tesz benn\u00fcnket a t\u00e9rs\u00e9gen k\u00edv\u00fcli verseng\u00e9sben<\/em>\u201d \u2013 mondta.<\/p>\n<p><img fetchpriority=\"high\" decoding=\"async\" class=\"alignnone size-full wp-image-6470\" src=\"https:\/\/dorogimedence.hu\/wp-content\/uploads\/2017\/10\/hataron-atnyulo-01.jpg\" alt=\"\" width=\"670\" height=\"365\" srcset=\"https:\/\/dorogimedence.hu\/wp-content\/uploads\/2017\/10\/hataron-atnyulo-01.jpg 670w, https:\/\/dorogimedence.hu\/wp-content\/uploads\/2017\/10\/hataron-atnyulo-01-300x163.jpg 300w\" sizes=\"(max-width: 670px) 100vw, 670px\" \/><\/p>\n<p>A projektek teljes k\u00f6lts\u00e9gvet\u00e9s\u00e9t tekintve a legnagyobb beruh\u00e1z\u00e1s a CULTIPLAY interakt\u00edv tematikus parkok kialak\u00edt\u00e1sa, amely megy\u00e9nk n\u00e9gy telep\u00fcl\u00e9s\u00e9t \u00e9rinti \u2013 Kisb\u00e9rt, Oroszl\u00e1nyt, Kom\u00e1romot \u00e9s Tat\u00e1t. Ezeken a helysz\u00edneken a kialak\u00edt\u00e1sra ker\u00fcl\u0151, nem csak a gyermekek sz\u00e1m\u00e1ra alkalmas nagym\u00e9ret\u0171 parkok egy \u2013egy m\u00e1sik, hat\u00e1ron t\u00fali bekapcsol\u00f3d\u00f3 v\u00e1ros turisztikai nevezetess\u00e9g\u00e9t form\u00e1zz\u00e1k majd meg. A teljes k\u00f6lts\u00e9gvet\u00e9st tekintve jelent\u0151s fejleszt\u00e9s tov\u00e1bb\u00e1 a megy\u00e9ben a SacraVelo- ker\u00e9kp\u00e1ros zar\u00e1ndokutak ki\u00e9p\u00edt\u00e9se is \u2013 a megyei szakaszt \u00fagy alak\u00edtottuk ki, hogy a megy\u00e9ben tal\u00e1lhat\u00f3 \u00f6t M\u00e1ria-kegyhely ker\u00e9kp\u00e1ros \u00f6sszek\u00f6t\u00e9se k\u00e9pezze a h\u00e1l\u00f3zat gerinc\u00e9t, melyet k\u00e9t \u00fatvonalon k\u00f6t\u00fcnk \u00f6ssze Gy\u0151r-Moson-Sopron megye h\u00e1l\u00f3zat\u00e1val. Jelent\u0151s \u00f6sszeg\u0171 beruh\u00e1z\u00e1s val\u00f3sul meg Tatab\u00e1ny\u00e1n, Neszm\u00e9lyen, Alm\u00e1sf\u00fczit\u0151n \u00e9s Tat\u00e1n is.<\/p>\n<p>A Kom\u00e1rom-Esztergom Megyei \u00d6nkorm\u00e1nyzat t\u00e1rstulajdon\u00e1ban l\u00e9v\u0151, a tatab\u00e1nyai sz\u00e9khely\u0171 R\u00e1ba-Duna-V\u00e1g ETT 4 nyertes projekttel b\u00fcszk\u00e9lkedhet: az ez\u00fcst gazdas\u00e1g, a n\u00f6v\u00e9nyi ipar, a k\u00f6rk\u00f6r\u00f6s gazdas\u00e1g \u00e9s az aut\u00f3ipar ter\u00fclet\u00e9n val\u00f3s\u00edt meg projekteket hat\u00e1ron \u00e1tny\u00fal\u00f3 egy\u00fcttm\u0171k\u00f6d\u00e9s keret\u00e9ben. A nyertes projekteket Vasi Emma, az RDV ETT igazgat\u00f3ja mutatta be, kieg\u00e9sz\u00edtve a Kisprojekt Alap r\u00e9szleteivel, melynek menedzsel\u00e9s\u00e9vel sz\u00e1mos kisebb, a nyugati hat\u00e1rt\u00e9rs\u00e9get \u00e9rint\u0151 projekt megval\u00f3s\u00edt\u00e1s\u00e1hoz j\u00e1rulhatnak hozz\u00e1.<\/p>\n<p>A nyertes projektek t\u00e1mogat\u00e1si intenzit\u00e1sa igen kedvez\u0151, hiszen a projektek teljes k\u00f6lts\u00e9gvet\u00e9s\u00e9nek 85 sz\u00e1zal\u00e9k\u00e1t az uni\u00f3s t\u00e1mogat\u00e1s (ERFA) adja, 10 sz\u00e1zal\u00e9k nemzeti \u00f6nr\u00e9szb\u0151l, \u00e9s 5 sz\u00e1zal\u00e9k p\u00e1ly\u00e1z\u00f3i \u00f6nr\u00e9szb\u0151l val\u00f3sulnak meg.<\/p>\n<p><a href=\"https:\/\/dorogimedence.hu\/feltolt\/nyertes-palyazatok.pdf\" target=\"_blank\" rel=\"noopener\"><span style=\"text-decoration: underline; color: #0000ff;\"><strong>A nyertes p\u00e1ly\u00e1zatokat itt tekinthetj\u00fck meg&gt;&gt;<\/strong><\/span><\/a><\/p>\n<p><em>Fot\u00f3, forr\u00e1s: KEM\u00d6H Sajt\u00f3<\/em><\/p>\n","protected":false},"excerpt":{"rendered":"<p>Ker\u00e9kp\u00e1rutak \u00e9p\u00edt\u00e9se, term\u00e9szeti \u00e9l\u0151helyek meg\u00f3v\u00e1sa, ker\u00e9kp\u00e1rk\u00f6lcs\u00f6nz\u0151 rendszer ki\u00e9p\u00edt\u00e9se, interakt\u00edv tematikus parkok kialak\u00edt\u00e1sa \u2013 t\u00f6bbek k\u00f6z\u00f6tt ezek a projektek val\u00f3sulnak meg hamarosan megy\u00e9nkben sz\u00e1mottev\u0151 uni\u00f3s t\u00e1mogat\u00e1s seg\u00edts\u00e9g\u00e9vel, hat\u00e1ron \u00fatny\u00fal\u00f3 egy\u00fcttm\u0171k\u00f6d\u00e9s keret\u00e9ben. A nyertes projektekr\u0151l sajt\u00f3t\u00e1j\u00e9koztat\u00f3 keret\u00e9ben sz\u00e1moltak be a megye orsz\u00e1ggy\u0171l\u00e9si k\u00e9pvisel\u0151i, fejleszt\u00e9si biztosa \u00e9s a megyei k\u00f6zgy\u0171l\u00e9s eln\u00f6ke. Az Interreg V-A Szlov\u00e1kia Magyarorsz\u00e1g Egy\u00fcttm\u0171k\u00f6d\u00e9si Program<\/p>\n","protected":false},"author":1,"featured_media":6471,"comment_status":"closed","ping_status":"closed","sticky":false,"template":"","format":"standard","meta":{"ngg_post_thumbnail":0,"footnotes":""},"categories":[38,3,56],"tags":[42,1765,1764,74,1753],"class_list":{"0":"post-6469","1":"post","2":"type-post","3":"status-publish","4":"format-standard","5":"has-post-thumbnail","7":"category-esztergom","8":"category-hirek","9":"category-komarom-esztergom","10":"tag-esztergom","11":"tag-hataron-atnyulo-palyazat","12":"tag-komarom-esztergom-megyei-onkormanyzat","13":"tag-palyazat","14":"tag-unios-palyazat"},"yoast_head":"<!-- This site is optimized with the Yoast SEO plugin v27.4 - https:\/\/yoast.com\/product\/yoast-seo-wordpress\/ -->\n<title>Elrajtoltak a hat\u00e1ron \u00e1tny\u00fal\u00f3 p\u00e1ly\u00e1zatok<\/title>\n<meta name=\"robots\" content=\"index, follow, max-snippet:-1, max-image-preview:large, max-video-preview:-1\" \/>\n<link rel=\"canonical\" href=\"https:\/\/dorogimedence.hu\/index.php\/2017\/10\/27\/elrajtoltak-a-hataron-atnyulo-palyazatok\/\" class=\"yoast-seo-meta-tag\" \/>\n<meta property=\"og:locale\" content=\"hu_HU\" class=\"yoast-seo-meta-tag\" \/>\n<meta property=\"og:type\" content=\"article\" class=\"yoast-seo-meta-tag\" \/>\n<meta property=\"og:title\" content=\"Elrajtoltak a hat\u00e1ron \u00e1tny\u00fal\u00f3 p\u00e1ly\u00e1zatok\" class=\"yoast-seo-meta-tag\" \/>\n<meta property=\"og:description\" content=\"Ker\u00e9kp\u00e1rutak \u00e9p\u00edt\u00e9se, term\u00e9szeti \u00e9l\u0151helyek meg\u00f3v\u00e1sa, ker\u00e9kp\u00e1rk\u00f6lcs\u00f6nz\u0151 rendszer ki\u00e9p\u00edt\u00e9se, interakt\u00edv tematikus parkok kialak\u00edt\u00e1sa \u2013 t\u00f6bbek k\u00f6z\u00f6tt ezek a projektek val\u00f3sulnak meg hamarosan megy\u00e9nkben sz\u00e1mottev\u0151 uni\u00f3s t\u00e1mogat\u00e1s seg\u00edts\u00e9g\u00e9vel, hat\u00e1ron \u00fatny\u00fal\u00f3 egy\u00fcttm\u0171k\u00f6d\u00e9s keret\u00e9ben. A nyertes projektekr\u0151l sajt\u00f3t\u00e1j\u00e9koztat\u00f3 keret\u00e9ben sz\u00e1moltak be a megye orsz\u00e1ggy\u0171l\u00e9si k\u00e9pvisel\u0151i, fejleszt\u00e9si biztosa \u00e9s a megyei k\u00f6zgy\u0171l\u00e9s eln\u00f6ke. Az Interreg V-A Szlov\u00e1kia Magyarorsz\u00e1g Egy\u00fcttm\u0171k\u00f6d\u00e9si Program\" class=\"yoast-seo-meta-tag\" \/>\n<meta property=\"og:url\" content=\"https:\/\/dorogimedence.hu\/index.php\/2017\/10\/27\/elrajtoltak-a-hataron-atnyulo-palyazatok\/\" class=\"yoast-seo-meta-tag\" \/>\n<meta property=\"og:site_name\" content=\"Dorogi-medence Region\u00e1lis H\u00edrport\u00e1l\" class=\"yoast-seo-meta-tag\" \/>\n<meta property=\"article:publisher\" content=\"https:\/\/www.facebook.com\/dorogimedence\/\" class=\"yoast-seo-meta-tag\" \/>\n<meta property=\"article:published_time\" content=\"2017-10-27T12:19:15+00:00\" class=\"yoast-seo-meta-tag\" \/>\n<meta property=\"og:image\" content=\"https:\/\/i0.wp.com\/dorogimedence.hu\/wp-content\/uploads\/2017\/10\/hataron-atnyulo-02.jpg?fit=670%2C365&ssl=1\" class=\"yoast-seo-meta-tag\" \/>\n\t<meta property=\"og:image:width\" content=\"670\" class=\"yoast-seo-meta-tag\" \/>\n\t<meta property=\"og:image:height\" content=\"365\" class=\"yoast-seo-meta-tag\" \/>\n\t<meta property=\"og:image:type\" content=\"image\/jpeg\" class=\"yoast-seo-meta-tag\" \/>\n<meta name=\"author\" content=\"dorogimedence.hu\" class=\"yoast-seo-meta-tag\" \/>\n<meta name=\"twitter:card\" content=\"summary_large_image\" class=\"yoast-seo-meta-tag\" \/>\n<meta name=\"twitter:label1\" content=\"Szerz\u0151:\" class=\"yoast-seo-meta-tag\" \/>\n\t<meta name=\"twitter:data1\" content=\"dorogimedence.hu\" class=\"yoast-seo-meta-tag\" \/>\n\t<meta name=\"twitter:label2\" content=\"Becs\u00fclt olvas\u00e1si id\u0151\" class=\"yoast-seo-meta-tag\" \/>\n\t<meta name=\"twitter:data2\" content=\"5 perc\" class=\"yoast-seo-meta-tag\" \/>\n<script type=\"application\/ld+json\" class=\"yoast-schema-graph\">{\"@context\":\"https:\\\/\\\/schema.org\",\"@graph\":[{\"@type\":\"Article\",\"@id\":\"https:\\\/\\\/dorogimedence.hu\\\/index.php\\\/2017\\\/10\\\/27\\\/elrajtoltak-a-hataron-atnyulo-palyazatok\\\/#article\",\"isPartOf\":{\"@id\":\"https:\\\/\\\/dorogimedence.hu\\\/index.php\\\/2017\\\/10\\\/27\\\/elrajtoltak-a-hataron-atnyulo-palyazatok\\\/\"},\"author\":{\"name\":\"dorogimedence.hu\",\"@id\":\"https:\\\/\\\/dorogimedence.hu\\\/#\\\/schema\\\/person\\\/ce6091eeb7e95ecdc87890d6aa8e0fd4\"},\"headline\":\"Elrajtoltak a hat\u00e1ron \u00e1tny\u00fal\u00f3 p\u00e1ly\u00e1zatok\",\"datePublished\":\"2017-10-27T12:19:15+00:00\",\"mainEntityOfPage\":{\"@id\":\"https:\\\/\\\/dorogimedence.hu\\\/index.php\\\/2017\\\/10\\\/27\\\/elrajtoltak-a-hataron-atnyulo-palyazatok\\\/\"},\"wordCount\":939,\"publisher\":{\"@id\":\"https:\\\/\\\/dorogimedence.hu\\\/#organization\"},\"image\":{\"@id\":\"https:\\\/\\\/dorogimedence.hu\\\/index.php\\\/2017\\\/10\\\/27\\\/elrajtoltak-a-hataron-atnyulo-palyazatok\\\/#primaryimage\"},\"thumbnailUrl\":\"https:\\\/\\\/dorogimedence.hu\\\/wp-content\\\/uploads\\\/2017\\\/10\\\/hataron-atnyulo-02.jpg\",\"keywords\":[\"esztergom\",\"hat\u00e1ron \u00e1tny\u00fal\u00f3 p\u00e1ly\u00e1zat\",\"Kom\u00e1rom-Esztergom Megyei \u00d6nkorm\u00e1nyzat\",\"p\u00e1ly\u00e1zat\",\"uni\u00f3s p\u00e1ly\u00e1zat\"],\"articleSection\":[\"Esztergom\",\"H\u00edrek\",\"Kom\u00e1rom-Esztergom\"],\"inLanguage\":\"hu\"},{\"@type\":\"WebPage\",\"@id\":\"https:\\\/\\\/dorogimedence.hu\\\/index.php\\\/2017\\\/10\\\/27\\\/elrajtoltak-a-hataron-atnyulo-palyazatok\\\/\",\"url\":\"https:\\\/\\\/dorogimedence.hu\\\/index.php\\\/2017\\\/10\\\/27\\\/elrajtoltak-a-hataron-atnyulo-palyazatok\\\/\",\"name\":\"Elrajtoltak a hat\u00e1ron \u00e1tny\u00fal\u00f3 p\u00e1ly\u00e1zatok\",\"isPartOf\":{\"@id\":\"https:\\\/\\\/dorogimedence.hu\\\/#website\"},\"primaryImageOfPage\":{\"@id\":\"https:\\\/\\\/dorogimedence.hu\\\/index.php\\\/2017\\\/10\\\/27\\\/elrajtoltak-a-hataron-atnyulo-palyazatok\\\/#primaryimage\"},\"image\":{\"@id\":\"https:\\\/\\\/dorogimedence.hu\\\/index.php\\\/2017\\\/10\\\/27\\\/elrajtoltak-a-hataron-atnyulo-palyazatok\\\/#primaryimage\"},\"thumbnailUrl\":\"https:\\\/\\\/dorogimedence.hu\\\/wp-content\\\/uploads\\\/2017\\\/10\\\/hataron-atnyulo-02.jpg\",\"datePublished\":\"2017-10-27T12:19:15+00:00\",\"breadcrumb\":{\"@id\":\"https:\\\/\\\/dorogimedence.hu\\\/index.php\\\/2017\\\/10\\\/27\\\/elrajtoltak-a-hataron-atnyulo-palyazatok\\\/#breadcrumb\"},\"inLanguage\":\"hu\",\"potentialAction\":[{\"@type\":\"ReadAction\",\"target\":[\"https:\\\/\\\/dorogimedence.hu\\\/index.php\\\/2017\\\/10\\\/27\\\/elrajtoltak-a-hataron-atnyulo-palyazatok\\\/\"]}]},{\"@type\":\"ImageObject\",\"inLanguage\":\"hu\",\"@id\":\"https:\\\/\\\/dorogimedence.hu\\\/index.php\\\/2017\\\/10\\\/27\\\/elrajtoltak-a-hataron-atnyulo-palyazatok\\\/#primaryimage\",\"url\":\"https:\\\/\\\/dorogimedence.hu\\\/wp-content\\\/uploads\\\/2017\\\/10\\\/hataron-atnyulo-02.jpg\",\"contentUrl\":\"https:\\\/\\\/dorogimedence.hu\\\/wp-content\\\/uploads\\\/2017\\\/10\\\/hataron-atnyulo-02.jpg\",\"width\":670,\"height\":365},{\"@type\":\"BreadcrumbList\",\"@id\":\"https:\\\/\\\/dorogimedence.hu\\\/index.php\\\/2017\\\/10\\\/27\\\/elrajtoltak-a-hataron-atnyulo-palyazatok\\\/#breadcrumb\",\"itemListElement\":[{\"@type\":\"ListItem\",\"position\":1,\"name\":\"Kezd\u0151lap\",\"item\":\"https:\\\/\\\/dorogimedence.hu\\\/\"},{\"@type\":\"ListItem\",\"position\":2,\"name\":\"Elrajtoltak a hat\u00e1ron \u00e1tny\u00fal\u00f3 p\u00e1ly\u00e1zatok\"}]},{\"@type\":\"WebSite\",\"@id\":\"https:\\\/\\\/dorogimedence.hu\\\/#website\",\"url\":\"https:\\\/\\\/dorogimedence.hu\\\/\",\"name\":\"Dorogi-medence Region\u00e1lis H\u00edrport\u00e1l\",\"description\":\"Dorog, Keszt\u00f6lc, Le\u00e1nyv\u00e1r, Piliscs\u00e9v, Tokod, Tokodalt\u00e1r\u00f3, Csolnok, Esztergom-kertv\u00e1ros: h\u00edrek, programok\",\"publisher\":{\"@id\":\"https:\\\/\\\/dorogimedence.hu\\\/#organization\"},\"potentialAction\":[{\"@type\":\"SearchAction\",\"target\":{\"@type\":\"EntryPoint\",\"urlTemplate\":\"https:\\\/\\\/dorogimedence.hu\\\/?s={search_term_string}\"},\"query-input\":{\"@type\":\"PropertyValueSpecification\",\"valueRequired\":true,\"valueName\":\"search_term_string\"}}],\"inLanguage\":\"hu\"},{\"@type\":\"Organization\",\"@id\":\"https:\\\/\\\/dorogimedence.hu\\\/#organization\",\"name\":\"Dorogi-medence Region\u00e1lis H\u00edrport\u00e1l\",\"url\":\"https:\\\/\\\/dorogimedence.hu\\\/\",\"logo\":{\"@type\":\"ImageObject\",\"inLanguage\":\"hu\",\"@id\":\"https:\\\/\\\/dorogimedence.hu\\\/#\\\/schema\\\/logo\\\/image\\\/\",\"url\":\"https:\\\/\\\/dorogimedence.hu\\\/wp-content\\\/uploads\\\/2021\\\/04\\\/logo-feher-600.png\",\"contentUrl\":\"https:\\\/\\\/dorogimedence.hu\\\/wp-content\\\/uploads\\\/2021\\\/04\\\/logo-feher-600.png\",\"width\":600,\"height\":100,\"caption\":\"Dorogi-medence Region\u00e1lis H\u00edrport\u00e1l\"},\"image\":{\"@id\":\"https:\\\/\\\/dorogimedence.hu\\\/#\\\/schema\\\/logo\\\/image\\\/\"},\"sameAs\":[\"https:\\\/\\\/www.facebook.com\\\/dorogimedence\\\/\"]},{\"@type\":\"Person\",\"@id\":\"https:\\\/\\\/dorogimedence.hu\\\/#\\\/schema\\\/person\\\/ce6091eeb7e95ecdc87890d6aa8e0fd4\",\"name\":\"dorogimedence.hu\",\"image\":{\"@type\":\"ImageObject\",\"inLanguage\":\"hu\",\"@id\":\"\\\/\\\/www.gravatar.com\\\/avatar\\\/d8d45f8901aadff40a4af72c0b826f1d?s=96&#038;r=g&#038;d=mm\",\"url\":\"\\\/\\\/www.gravatar.com\\\/avatar\\\/d8d45f8901aadff40a4af72c0b826f1d?s=96&#038;r=g&#038;d=mm\",\"contentUrl\":\"\\\/\\\/www.gravatar.com\\\/avatar\\\/d8d45f8901aadff40a4af72c0b826f1d?s=96&#038;r=g&#038;d=mm\",\"caption\":\"dorogimedence.hu\"}}]}<\/script>\n<!-- \/ Yoast SEO plugin. -->","yoast_head_json":{"title":"Elrajtoltak a hat\u00e1ron \u00e1tny\u00fal\u00f3 p\u00e1ly\u00e1zatok","robots":{"index":"index","follow":"follow","max-snippet":"max-snippet:-1","max-image-preview":"max-image-preview:large","max-video-preview":"max-video-preview:-1"},"canonical":"https:\/\/dorogimedence.hu\/index.php\/2017\/10\/27\/elrajtoltak-a-hataron-atnyulo-palyazatok\/","og_locale":"hu_HU","og_type":"article","og_title":"Elrajtoltak a hat\u00e1ron \u00e1tny\u00fal\u00f3 p\u00e1ly\u00e1zatok","og_description":"Ker\u00e9kp\u00e1rutak \u00e9p\u00edt\u00e9se, term\u00e9szeti \u00e9l\u0151helyek meg\u00f3v\u00e1sa, ker\u00e9kp\u00e1rk\u00f6lcs\u00f6nz\u0151 rendszer ki\u00e9p\u00edt\u00e9se, interakt\u00edv tematikus parkok kialak\u00edt\u00e1sa \u2013 t\u00f6bbek k\u00f6z\u00f6tt ezek a projektek val\u00f3sulnak meg hamarosan megy\u00e9nkben sz\u00e1mottev\u0151 uni\u00f3s t\u00e1mogat\u00e1s seg\u00edts\u00e9g\u00e9vel, hat\u00e1ron \u00fatny\u00fal\u00f3 egy\u00fcttm\u0171k\u00f6d\u00e9s keret\u00e9ben. A nyertes projektekr\u0151l sajt\u00f3t\u00e1j\u00e9koztat\u00f3 keret\u00e9ben sz\u00e1moltak be a megye orsz\u00e1ggy\u0171l\u00e9si k\u00e9pvisel\u0151i, fejleszt\u00e9si biztosa \u00e9s a megyei k\u00f6zgy\u0171l\u00e9s eln\u00f6ke. Az Interreg V-A Szlov\u00e1kia Magyarorsz\u00e1g Egy\u00fcttm\u0171k\u00f6d\u00e9si Program","og_url":"https:\/\/dorogimedence.hu\/index.php\/2017\/10\/27\/elrajtoltak-a-hataron-atnyulo-palyazatok\/","og_site_name":"Dorogi-medence Region\u00e1lis H\u00edrport\u00e1l","article_publisher":"https:\/\/www.facebook.com\/dorogimedence\/","article_published_time":"2017-10-27T12:19:15+00:00","og_image":[{"width":670,"height":365,"url":"https:\/\/i0.wp.com\/dorogimedence.hu\/wp-content\/uploads\/2017\/10\/hataron-atnyulo-02.jpg?fit=670%2C365&ssl=1","type":"image\/jpeg"}],"author":"dorogimedence.hu","twitter_card":"summary_large_image","twitter_misc":{"Szerz\u0151:":"dorogimedence.hu","Becs\u00fclt olvas\u00e1si id\u0151":"5 perc"},"schema":{"@context":"https:\/\/schema.org","@graph":[{"@type":"Article","@id":"https:\/\/dorogimedence.hu\/index.php\/2017\/10\/27\/elrajtoltak-a-hataron-atnyulo-palyazatok\/#article","isPartOf":{"@id":"https:\/\/dorogimedence.hu\/index.php\/2017\/10\/27\/elrajtoltak-a-hataron-atnyulo-palyazatok\/"},"author":{"name":"dorogimedence.hu","@id":"https:\/\/dorogimedence.hu\/#\/schema\/person\/ce6091eeb7e95ecdc87890d6aa8e0fd4"},"headline":"Elrajtoltak a hat\u00e1ron \u00e1tny\u00fal\u00f3 p\u00e1ly\u00e1zatok","datePublished":"2017-10-27T12:19:15+00:00","mainEntityOfPage":{"@id":"https:\/\/dorogimedence.hu\/index.php\/2017\/10\/27\/elrajtoltak-a-hataron-atnyulo-palyazatok\/"},"wordCount":939,"publisher":{"@id":"https:\/\/dorogimedence.hu\/#organization"},"image":{"@id":"https:\/\/dorogimedence.hu\/index.php\/2017\/10\/27\/elrajtoltak-a-hataron-atnyulo-palyazatok\/#primaryimage"},"thumbnailUrl":"https:\/\/dorogimedence.hu\/wp-content\/uploads\/2017\/10\/hataron-atnyulo-02.jpg","keywords":["esztergom","hat\u00e1ron \u00e1tny\u00fal\u00f3 p\u00e1ly\u00e1zat","Kom\u00e1rom-Esztergom Megyei \u00d6nkorm\u00e1nyzat","p\u00e1ly\u00e1zat","uni\u00f3s p\u00e1ly\u00e1zat"],"articleSection":["Esztergom","H\u00edrek","Kom\u00e1rom-Esztergom"],"inLanguage":"hu"},{"@type":"WebPage","@id":"https:\/\/dorogimedence.hu\/index.php\/2017\/10\/27\/elrajtoltak-a-hataron-atnyulo-palyazatok\/","url":"https:\/\/dorogimedence.hu\/index.php\/2017\/10\/27\/elrajtoltak-a-hataron-atnyulo-palyazatok\/","name":"Elrajtoltak a hat\u00e1ron \u00e1tny\u00fal\u00f3 p\u00e1ly\u00e1zatok","isPartOf":{"@id":"https:\/\/dorogimedence.hu\/#website"},"primaryImageOfPage":{"@id":"https:\/\/dorogimedence.hu\/index.php\/2017\/10\/27\/elrajtoltak-a-hataron-atnyulo-palyazatok\/#primaryimage"},"image":{"@id":"https:\/\/dorogimedence.hu\/index.php\/2017\/10\/27\/elrajtoltak-a-hataron-atnyulo-palyazatok\/#primaryimage"},"thumbnailUrl":"https:\/\/dorogimedence.hu\/wp-content\/uploads\/2017\/10\/hataron-atnyulo-02.jpg","datePublished":"2017-10-27T12:19:15+00:00","breadcrumb":{"@id":"https:\/\/dorogimedence.hu\/index.php\/2017\/10\/27\/elrajtoltak-a-hataron-atnyulo-palyazatok\/#breadcrumb"},"inLanguage":"hu","potentialAction":[{"@type":"ReadAction","target":["https:\/\/dorogimedence.hu\/index.php\/2017\/10\/27\/elrajtoltak-a-hataron-atnyulo-palyazatok\/"]}]},{"@type":"ImageObject","inLanguage":"hu","@id":"https:\/\/dorogimedence.hu\/index.php\/2017\/10\/27\/elrajtoltak-a-hataron-atnyulo-palyazatok\/#primaryimage","url":"https:\/\/dorogimedence.hu\/wp-content\/uploads\/2017\/10\/hataron-atnyulo-02.jpg","contentUrl":"https:\/\/dorogimedence.hu\/wp-content\/uploads\/2017\/10\/hataron-atnyulo-02.jpg","width":670,"height":365},{"@type":"BreadcrumbList","@id":"https:\/\/dorogimedence.hu\/index.php\/2017\/10\/27\/elrajtoltak-a-hataron-atnyulo-palyazatok\/#breadcrumb","itemListElement":[{"@type":"ListItem","position":1,"name":"Kezd\u0151lap","item":"https:\/\/dorogimedence.hu\/"},{"@type":"ListItem","position":2,"name":"Elrajtoltak a hat\u00e1ron \u00e1tny\u00fal\u00f3 p\u00e1ly\u00e1zatok"}]},{"@type":"WebSite","@id":"https:\/\/dorogimedence.hu\/#website","url":"https:\/\/dorogimedence.hu\/","name":"Dorogi-medence Region\u00e1lis H\u00edrport\u00e1l","description":"Dorog, Keszt\u00f6lc, Le\u00e1nyv\u00e1r, Piliscs\u00e9v, Tokod, Tokodalt\u00e1r\u00f3, Csolnok, Esztergom-kertv\u00e1ros: h\u00edrek, programok","publisher":{"@id":"https:\/\/dorogimedence.hu\/#organization"},"potentialAction":[{"@type":"SearchAction","target":{"@type":"EntryPoint","urlTemplate":"https:\/\/dorogimedence.hu\/?s={search_term_string}"},"query-input":{"@type":"PropertyValueSpecification","valueRequired":true,"valueName":"search_term_string"}}],"inLanguage":"hu"},{"@type":"Organization","@id":"https:\/\/dorogimedence.hu\/#organization","name":"Dorogi-medence Region\u00e1lis H\u00edrport\u00e1l","url":"https:\/\/dorogimedence.hu\/","logo":{"@type":"ImageObject","inLanguage":"hu","@id":"https:\/\/dorogimedence.hu\/#\/schema\/logo\/image\/","url":"https:\/\/dorogimedence.hu\/wp-content\/uploads\/2021\/04\/logo-feher-600.png","contentUrl":"https:\/\/dorogimedence.hu\/wp-content\/uploads\/2021\/04\/logo-feher-600.png","width":600,"height":100,"caption":"Dorogi-medence Region\u00e1lis H\u00edrport\u00e1l"},"image":{"@id":"https:\/\/dorogimedence.hu\/#\/schema\/logo\/image\/"},"sameAs":["https:\/\/www.facebook.com\/dorogimedence\/"]},{"@type":"Person","@id":"https:\/\/dorogimedence.hu\/#\/schema\/person\/ce6091eeb7e95ecdc87890d6aa8e0fd4","name":"dorogimedence.hu","image":{"@type":"ImageObject","inLanguage":"hu","@id":"\/\/www.gravatar.com\/avatar\/d8d45f8901aadff40a4af72c0b826f1d?s=96&#038;r=g&#038;d=mm","url":"\/\/www.gravatar.com\/avatar\/d8d45f8901aadff40a4af72c0b826f1d?s=96&#038;r=g&#038;d=mm","contentUrl":"\/\/www.gravatar.com\/avatar\/d8d45f8901aadff40a4af72c0b826f1d?s=96&#038;r=g&#038;d=mm","caption":"dorogimedence.hu"}}]}},"_links":{"self":[{"href":"https:\/\/dorogimedence.hu\/index.php\/wp-json\/wp\/v2\/posts\/6469","targetHints":{"allow":["GET"]}}],"collection":[{"href":"https:\/\/dorogimedence.hu\/index.php\/wp-json\/wp\/v2\/posts"}],"about":[{"href":"https:\/\/dorogimedence.hu\/index.php\/wp-json\/wp\/v2\/types\/post"}],"author":[{"embeddable":true,"href":"https:\/\/dorogimedence.hu\/index.php\/wp-json\/wp\/v2\/users\/1"}],"replies":[{"embeddable":true,"href":"https:\/\/dorogimedence.hu\/index.php\/wp-json\/wp\/v2\/comments?post=6469"}],"version-history":[{"count":0,"href":"https:\/\/dorogimedence.hu\/index.php\/wp-json\/wp\/v2\/posts\/6469\/revisions"}],"wp:featuredmedia":[{"embeddable":true,"href":"https:\/\/dorogimedence.hu\/index.php\/wp-json\/wp\/v2\/media\/6471"}],"wp:attachment":[{"href":"https:\/\/dorogimedence.hu\/index.php\/wp-json\/wp\/v2\/media?parent=6469"}],"wp:term":[{"taxonomy":"category","embeddable":true,"href":"https:\/\/dorogimedence.hu\/index.php\/wp-json\/wp\/v2\/categories?post=6469"},{"taxonomy":"post_tag","embeddable":true,"href":"https:\/\/dorogimedence.hu\/index.php\/wp-json\/wp\/v2\/tags?post=6469"}],"curies":[{"name":"wp","href":"https:\/\/api.w.org\/{rel}","templated":true}]}}