{"id":64650,"date":"2024-09-06T11:58:12","date_gmt":"2024-09-06T09:58:12","guid":{"rendered":"https:\/\/dorogimedence.hu\/?p=64650"},"modified":"2024-09-06T11:58:12","modified_gmt":"2024-09-06T09:58:12","slug":"uj-palyazati-lehetoseg-nyilt-a-diszkerteszeti-kisvallalkozasok-tamogatasara","status":"publish","type":"post","link":"https:\/\/dorogimedence.hu\/index.php\/2024\/09\/06\/uj-palyazati-lehetoseg-nyilt-a-diszkerteszeti-kisvallalkozasok-tamogatasara\/","title":{"rendered":"\u00daj p\u00e1ly\u00e1zati lehet\u0151s\u00e9g ny\u00edlt a d\u00edszkert\u00e9szeti kisv\u00e1llalkoz\u00e1sok t\u00e1mogat\u00e1s\u00e1ra"},"content":{"rendered":"<p><strong>\u00daj vid\u00e9kfejleszt\u00e9si p\u00e1ly\u00e1zati felh\u00edv\u00e1s jelent meg 1,6 milli\u00e1rd forint keret\u00f6sszeggel, amelyre a vid\u00e9ki t\u00e9rs\u00e9gben m\u0171k\u00f6d\u0151, d\u00edszn\u00f6v\u00e9ny-el\u0151\u00e1ll\u00edt\u00e1ssal, kereskedelemmel vagy z\u00f6ldter\u00fclet-kezel\u00e9ssel foglalkoz\u00f3 mikro-, vagy kisv\u00e1llalkoz\u00e1sok jelentkezhetnek. <\/strong><\/p>\n<p>A felh\u00edv\u00e1s szerint a p\u00e1ly\u00e1z\u00f3 v\u00e1llalkoz\u00e1sok a m\u0171k\u00f6d\u00e9s\u00fckh\u00f6z sz\u00fcks\u00e9ges l\u00e9tes\u00edtm\u00e9nyek \u00e9p\u00edt\u00e9s\u00e9hez, telephely\u00fck b\u0151v\u00edt\u00e9s\u00e9hez, fel\u00faj\u00edt\u00e1s\u00e1hoz vagy korszer\u0171s\u00edt\u00e9s\u00e9hez ig\u00e9nyelhetnek t\u00e1mogat\u00e1st. Az \u00e9p\u00edt\u00e9s mellett lehet\u0151v\u00e9 v\u00e1lik t\u00f6bbek k\u00f6z\u00f6tt \u00faj g\u00e9pek \u00e9s eszk\u00f6z\u00f6k, technol\u00f3gi\u00e1k beszerz\u00e9se, de f\u0171t\u00e9si energia ig\u00e9nyek kiel\u00e9g\u00edt\u00e9s\u00e9t seg\u00edt\u0151 bizonyos meg\u00fajul\u00f3 energiaforr\u00e1sok alkalmaz\u00e1sa is.<\/p>\n<p>A p\u00e1ly\u00e1z\u00e1s felt\u00e9tele, hogy az \u00e9rintett v\u00e1llalkoz\u00e1s a t\u00e1mogat\u00e1si k\u00e9relem beny\u00fajt\u00e1s\u00e1t megel\u0151z\u0151, vagy amennyiben erre vonatkoz\u00f3an nem rendelkezik adatokkal, az azt megel\u0151z\u0151 teljes lez\u00e1rt \u00fczleti \u00e9vben az \u00e9rt\u00e9kes\u00edt\u00e9s nett\u00f3 \u00e1rbev\u00e9tele vonatkoz\u00e1s\u00e1ban 40 sz\u00e1zal\u00e9kot meg nem halad\u00f3 mez\u0151gazdas\u00e1gi, illetve 50 sz\u00e1zal\u00e9kot meg nem halad\u00f3 erd\u0151gazd\u00e1lkod\u00e1si nett\u00f3 \u00e1rbev\u00e9tellel rendelkezzen, tov\u00e1bb\u00e1 sz\u00e9khely\u00fck, telephely\u00fck vagy fi\u00f3ktelep\u00fck vid\u00e9ki t\u00e9rs\u00e9gben tal\u00e1lhat\u00f3. Egy projekt kapcs\u00e1n legfeljebb 36,5 milli\u00f3 forint t\u00e1mogat\u00e1s nyerhet\u0151 el, \u00e9s a p\u00e9nz\u00fcgyi hozz\u00e1j\u00e1rul\u00e1s maxim\u00e1lis m\u00e9rt\u00e9ke az \u00f6sszes elsz\u00e1molhat\u00f3 k\u00f6lts\u00e9g 65 sz\u00e1zal\u00e9ka lehet, figyelemmel az eur\u00f3pai uni\u00f3s \u00e1llami t\u00e1mogat\u00e1si szab\u00e1lyokra.<\/p>\n<p>A t\u00e1mogat\u00e1si k\u00e9relmek beny\u00fajt\u00e1s\u00e1ra 2024. okt\u00f3ber 29-t\u0151l lesz lehet\u0151s\u00e9g. A felh\u00edv\u00e1s \u00e9s a hozz\u00e1 kapcsol\u00f3d\u00f3 t\u00e1j\u00e9koztat\u00f3 anyagok, mell\u00e9kletek az Agr\u00e1rminiszt\u00e9rium tematikus weboldal\u00e1n, a <a href=\"https:\/\/kap.gov.hu\" target=\"_blank\" rel=\"noopener\"><span style=\"text-decoration: underline; color: #0000ff;\">https:\/\/kap.gov.hu<\/span><\/a> fel\u00fcleten tal\u00e1lhat\u00f3k.<\/p>\n<p><em>Forr\u00e1s: Agr\u00e1rminiszt\u00e9rium Sajt\u00f3iroda<\/em><\/p>\n","protected":false},"excerpt":{"rendered":"<p>\u00daj vid\u00e9kfejleszt\u00e9si p\u00e1ly\u00e1zati felh\u00edv\u00e1s jelent meg 1,6 milli\u00e1rd forint keret\u00f6sszeggel, amelyre a vid\u00e9ki t\u00e9rs\u00e9gben m\u0171k\u00f6d\u0151, d\u00edszn\u00f6v\u00e9ny-el\u0151\u00e1ll\u00edt\u00e1ssal, kereskedelemmel vagy z\u00f6ldter\u00fclet-kezel\u00e9ssel foglalkoz\u00f3 mikro-, vagy kisv\u00e1llalkoz\u00e1sok jelentkezhetnek. A felh\u00edv\u00e1s szerint a p\u00e1ly\u00e1z\u00f3 v\u00e1llalkoz\u00e1sok a m\u0171k\u00f6d\u00e9s\u00fckh\u00f6z sz\u00fcks\u00e9ges l\u00e9tes\u00edtm\u00e9nyek \u00e9p\u00edt\u00e9s\u00e9hez, telephely\u00fck b\u0151v\u00edt\u00e9s\u00e9hez, fel\u00faj\u00edt\u00e1s\u00e1hoz vagy korszer\u0171s\u00edt\u00e9s\u00e9hez ig\u00e9nyelhetnek t\u00e1mogat\u00e1st. Az \u00e9p\u00edt\u00e9s mellett lehet\u0151v\u00e9 v\u00e1lik t\u00f6bbek k\u00f6z\u00f6tt \u00faj g\u00e9pek \u00e9s eszk\u00f6z\u00f6k, technol\u00f3gi\u00e1k beszerz\u00e9se,<\/p>\n","protected":false},"author":1,"featured_media":64652,"comment_status":"closed","ping_status":"closed","sticky":false,"template":"","format":"standard","meta":{"ngg_post_thumbnail":0,"footnotes":""},"categories":[6934,3],"tags":[8002,74],"class_list":{"0":"post-64650","1":"post","2":"type-post","3":"status-publish","4":"format-standard","5":"has-post-thumbnail","7":"category-belfold","8":"category-hirek","9":"tag-diszkerteszet","10":"tag-palyazat"},"yoast_head":"<!-- This site is optimized with the Yoast SEO plugin v27.4 - https:\/\/yoast.com\/product\/yoast-seo-wordpress\/ -->\n<title>\u00daj p\u00e1ly\u00e1zati lehet\u0151s\u00e9g ny\u00edlt a d\u00edszkert\u00e9szeti kisv\u00e1llalkoz\u00e1sok t\u00e1mogat\u00e1s\u00e1ra<\/title>\n<meta name=\"robots\" content=\"index, follow, max-snippet:-1, max-image-preview:large, max-video-preview:-1\" \/>\n<link rel=\"canonical\" href=\"https:\/\/dorogimedence.hu\/index.php\/2024\/09\/06\/uj-palyazati-lehetoseg-nyilt-a-diszkerteszeti-kisvallalkozasok-tamogatasara\/\" class=\"yoast-seo-meta-tag\" \/>\n<meta property=\"og:locale\" content=\"hu_HU\" class=\"yoast-seo-meta-tag\" \/>\n<meta property=\"og:type\" content=\"article\" class=\"yoast-seo-meta-tag\" \/>\n<meta property=\"og:title\" content=\"\u00daj p\u00e1ly\u00e1zati lehet\u0151s\u00e9g ny\u00edlt a d\u00edszkert\u00e9szeti kisv\u00e1llalkoz\u00e1sok t\u00e1mogat\u00e1s\u00e1ra\" class=\"yoast-seo-meta-tag\" \/>\n<meta property=\"og:description\" content=\"\u00daj vid\u00e9kfejleszt\u00e9si p\u00e1ly\u00e1zati felh\u00edv\u00e1s jelent meg 1,6 milli\u00e1rd forint keret\u00f6sszeggel, amelyre a vid\u00e9ki t\u00e9rs\u00e9gben m\u0171k\u00f6d\u0151, d\u00edszn\u00f6v\u00e9ny-el\u0151\u00e1ll\u00edt\u00e1ssal, kereskedelemmel vagy z\u00f6ldter\u00fclet-kezel\u00e9ssel foglalkoz\u00f3 mikro-, vagy kisv\u00e1llalkoz\u00e1sok jelentkezhetnek. A felh\u00edv\u00e1s szerint a p\u00e1ly\u00e1z\u00f3 v\u00e1llalkoz\u00e1sok a m\u0171k\u00f6d\u00e9s\u00fckh\u00f6z sz\u00fcks\u00e9ges l\u00e9tes\u00edtm\u00e9nyek \u00e9p\u00edt\u00e9s\u00e9hez, telephely\u00fck b\u0151v\u00edt\u00e9s\u00e9hez, fel\u00faj\u00edt\u00e1s\u00e1hoz vagy korszer\u0171s\u00edt\u00e9s\u00e9hez ig\u00e9nyelhetnek t\u00e1mogat\u00e1st. Az \u00e9p\u00edt\u00e9s mellett lehet\u0151v\u00e9 v\u00e1lik t\u00f6bbek k\u00f6z\u00f6tt \u00faj g\u00e9pek \u00e9s eszk\u00f6z\u00f6k, technol\u00f3gi\u00e1k beszerz\u00e9se,\" class=\"yoast-seo-meta-tag\" \/>\n<meta property=\"og:url\" content=\"https:\/\/dorogimedence.hu\/index.php\/2024\/09\/06\/uj-palyazati-lehetoseg-nyilt-a-diszkerteszeti-kisvallalkozasok-tamogatasara\/\" class=\"yoast-seo-meta-tag\" \/>\n<meta property=\"og:site_name\" content=\"Dorogi-medence Region\u00e1lis H\u00edrport\u00e1l\" class=\"yoast-seo-meta-tag\" \/>\n<meta property=\"article:publisher\" content=\"https:\/\/www.facebook.com\/dorogimedence\/\" class=\"yoast-seo-meta-tag\" \/>\n<meta property=\"article:published_time\" content=\"2024-09-06T09:58:12+00:00\" class=\"yoast-seo-meta-tag\" \/>\n<meta property=\"og:image\" content=\"https:\/\/dorogimedence.hu\/wp-content\/uploads\/2024\/09\/horticulture-2779709_1920-1.jpg\" class=\"yoast-seo-meta-tag\" \/>\n\t<meta property=\"og:image:width\" content=\"1920\" class=\"yoast-seo-meta-tag\" \/>\n\t<meta property=\"og:image:height\" content=\"1227\" class=\"yoast-seo-meta-tag\" \/>\n\t<meta property=\"og:image:type\" content=\"image\/jpeg\" class=\"yoast-seo-meta-tag\" \/>\n<meta name=\"author\" content=\"dorogimedence.hu\" class=\"yoast-seo-meta-tag\" \/>\n<meta name=\"twitter:card\" content=\"summary_large_image\" class=\"yoast-seo-meta-tag\" \/>\n<meta name=\"twitter:label1\" content=\"Szerz\u0151:\" class=\"yoast-seo-meta-tag\" \/>\n\t<meta name=\"twitter:data1\" content=\"dorogimedence.hu\" class=\"yoast-seo-meta-tag\" \/>\n\t<meta name=\"twitter:label2\" content=\"Becs\u00fclt olvas\u00e1si id\u0151\" class=\"yoast-seo-meta-tag\" \/>\n\t<meta name=\"twitter:data2\" content=\"2 perc\" class=\"yoast-seo-meta-tag\" \/>\n<script type=\"application\/ld+json\" class=\"yoast-schema-graph\">{\"@context\":\"https:\\\/\\\/schema.org\",\"@graph\":[{\"@type\":\"Article\",\"@id\":\"https:\\\/\\\/dorogimedence.hu\\\/index.php\\\/2024\\\/09\\\/06\\\/uj-palyazati-lehetoseg-nyilt-a-diszkerteszeti-kisvallalkozasok-tamogatasara\\\/#article\",\"isPartOf\":{\"@id\":\"https:\\\/\\\/dorogimedence.hu\\\/index.php\\\/2024\\\/09\\\/06\\\/uj-palyazati-lehetoseg-nyilt-a-diszkerteszeti-kisvallalkozasok-tamogatasara\\\/\"},\"author\":{\"name\":\"dorogimedence.hu\",\"@id\":\"https:\\\/\\\/dorogimedence.hu\\\/#\\\/schema\\\/person\\\/ce6091eeb7e95ecdc87890d6aa8e0fd4\"},\"headline\":\"\u00daj p\u00e1ly\u00e1zati lehet\u0151s\u00e9g ny\u00edlt a d\u00edszkert\u00e9szeti kisv\u00e1llalkoz\u00e1sok t\u00e1mogat\u00e1s\u00e1ra\",\"datePublished\":\"2024-09-06T09:58:12+00:00\",\"mainEntityOfPage\":{\"@id\":\"https:\\\/\\\/dorogimedence.hu\\\/index.php\\\/2024\\\/09\\\/06\\\/uj-palyazati-lehetoseg-nyilt-a-diszkerteszeti-kisvallalkozasok-tamogatasara\\\/\"},\"wordCount\":369,\"publisher\":{\"@id\":\"https:\\\/\\\/dorogimedence.hu\\\/#organization\"},\"image\":{\"@id\":\"https:\\\/\\\/dorogimedence.hu\\\/index.php\\\/2024\\\/09\\\/06\\\/uj-palyazati-lehetoseg-nyilt-a-diszkerteszeti-kisvallalkozasok-tamogatasara\\\/#primaryimage\"},\"thumbnailUrl\":\"https:\\\/\\\/dorogimedence.hu\\\/wp-content\\\/uploads\\\/2024\\\/09\\\/horticulture-2779709_1920-1.jpg\",\"keywords\":[\"d\u00edszkert\u00e9szet\",\"p\u00e1ly\u00e1zat\"],\"articleSection\":[\"Belf\u00f6ld, Gazdas\u00e1g\",\"H\u00edrek\"],\"inLanguage\":\"hu\"},{\"@type\":\"WebPage\",\"@id\":\"https:\\\/\\\/dorogimedence.hu\\\/index.php\\\/2024\\\/09\\\/06\\\/uj-palyazati-lehetoseg-nyilt-a-diszkerteszeti-kisvallalkozasok-tamogatasara\\\/\",\"url\":\"https:\\\/\\\/dorogimedence.hu\\\/index.php\\\/2024\\\/09\\\/06\\\/uj-palyazati-lehetoseg-nyilt-a-diszkerteszeti-kisvallalkozasok-tamogatasara\\\/\",\"name\":\"\u00daj p\u00e1ly\u00e1zati lehet\u0151s\u00e9g ny\u00edlt a d\u00edszkert\u00e9szeti kisv\u00e1llalkoz\u00e1sok t\u00e1mogat\u00e1s\u00e1ra\",\"isPartOf\":{\"@id\":\"https:\\\/\\\/dorogimedence.hu\\\/#website\"},\"primaryImageOfPage\":{\"@id\":\"https:\\\/\\\/dorogimedence.hu\\\/index.php\\\/2024\\\/09\\\/06\\\/uj-palyazati-lehetoseg-nyilt-a-diszkerteszeti-kisvallalkozasok-tamogatasara\\\/#primaryimage\"},\"image\":{\"@id\":\"https:\\\/\\\/dorogimedence.hu\\\/index.php\\\/2024\\\/09\\\/06\\\/uj-palyazati-lehetoseg-nyilt-a-diszkerteszeti-kisvallalkozasok-tamogatasara\\\/#primaryimage\"},\"thumbnailUrl\":\"https:\\\/\\\/dorogimedence.hu\\\/wp-content\\\/uploads\\\/2024\\\/09\\\/horticulture-2779709_1920-1.jpg\",\"datePublished\":\"2024-09-06T09:58:12+00:00\",\"breadcrumb\":{\"@id\":\"https:\\\/\\\/dorogimedence.hu\\\/index.php\\\/2024\\\/09\\\/06\\\/uj-palyazati-lehetoseg-nyilt-a-diszkerteszeti-kisvallalkozasok-tamogatasara\\\/#breadcrumb\"},\"inLanguage\":\"hu\",\"potentialAction\":[{\"@type\":\"ReadAction\",\"target\":[\"https:\\\/\\\/dorogimedence.hu\\\/index.php\\\/2024\\\/09\\\/06\\\/uj-palyazati-lehetoseg-nyilt-a-diszkerteszeti-kisvallalkozasok-tamogatasara\\\/\"]}]},{\"@type\":\"ImageObject\",\"inLanguage\":\"hu\",\"@id\":\"https:\\\/\\\/dorogimedence.hu\\\/index.php\\\/2024\\\/09\\\/06\\\/uj-palyazati-lehetoseg-nyilt-a-diszkerteszeti-kisvallalkozasok-tamogatasara\\\/#primaryimage\",\"url\":\"https:\\\/\\\/dorogimedence.hu\\\/wp-content\\\/uploads\\\/2024\\\/09\\\/horticulture-2779709_1920-1.jpg\",\"contentUrl\":\"https:\\\/\\\/dorogimedence.hu\\\/wp-content\\\/uploads\\\/2024\\\/09\\\/horticulture-2779709_1920-1.jpg\",\"width\":1920,\"height\":1227},{\"@type\":\"BreadcrumbList\",\"@id\":\"https:\\\/\\\/dorogimedence.hu\\\/index.php\\\/2024\\\/09\\\/06\\\/uj-palyazati-lehetoseg-nyilt-a-diszkerteszeti-kisvallalkozasok-tamogatasara\\\/#breadcrumb\",\"itemListElement\":[{\"@type\":\"ListItem\",\"position\":1,\"name\":\"Kezd\u0151lap\",\"item\":\"https:\\\/\\\/dorogimedence.hu\\\/\"},{\"@type\":\"ListItem\",\"position\":2,\"name\":\"\u00daj p\u00e1ly\u00e1zati lehet\u0151s\u00e9g ny\u00edlt a d\u00edszkert\u00e9szeti kisv\u00e1llalkoz\u00e1sok t\u00e1mogat\u00e1s\u00e1ra\"}]},{\"@type\":\"WebSite\",\"@id\":\"https:\\\/\\\/dorogimedence.hu\\\/#website\",\"url\":\"https:\\\/\\\/dorogimedence.hu\\\/\",\"name\":\"Dorogi-medence Region\u00e1lis H\u00edrport\u00e1l\",\"description\":\"Dorog, Keszt\u00f6lc, Le\u00e1nyv\u00e1r, Piliscs\u00e9v, Tokod, Tokodalt\u00e1r\u00f3, Csolnok, Esztergom-kertv\u00e1ros: h\u00edrek, programok\",\"publisher\":{\"@id\":\"https:\\\/\\\/dorogimedence.hu\\\/#organization\"},\"potentialAction\":[{\"@type\":\"SearchAction\",\"target\":{\"@type\":\"EntryPoint\",\"urlTemplate\":\"https:\\\/\\\/dorogimedence.hu\\\/?s={search_term_string}\"},\"query-input\":{\"@type\":\"PropertyValueSpecification\",\"valueRequired\":true,\"valueName\":\"search_term_string\"}}],\"inLanguage\":\"hu\"},{\"@type\":\"Organization\",\"@id\":\"https:\\\/\\\/dorogimedence.hu\\\/#organization\",\"name\":\"Dorogi-medence Region\u00e1lis H\u00edrport\u00e1l\",\"url\":\"https:\\\/\\\/dorogimedence.hu\\\/\",\"logo\":{\"@type\":\"ImageObject\",\"inLanguage\":\"hu\",\"@id\":\"https:\\\/\\\/dorogimedence.hu\\\/#\\\/schema\\\/logo\\\/image\\\/\",\"url\":\"https:\\\/\\\/dorogimedence.hu\\\/wp-content\\\/uploads\\\/2021\\\/04\\\/logo-feher-600.png\",\"contentUrl\":\"https:\\\/\\\/dorogimedence.hu\\\/wp-content\\\/uploads\\\/2021\\\/04\\\/logo-feher-600.png\",\"width\":600,\"height\":100,\"caption\":\"Dorogi-medence Region\u00e1lis H\u00edrport\u00e1l\"},\"image\":{\"@id\":\"https:\\\/\\\/dorogimedence.hu\\\/#\\\/schema\\\/logo\\\/image\\\/\"},\"sameAs\":[\"https:\\\/\\\/www.facebook.com\\\/dorogimedence\\\/\"]},{\"@type\":\"Person\",\"@id\":\"https:\\\/\\\/dorogimedence.hu\\\/#\\\/schema\\\/person\\\/ce6091eeb7e95ecdc87890d6aa8e0fd4\",\"name\":\"dorogimedence.hu\",\"image\":{\"@type\":\"ImageObject\",\"inLanguage\":\"hu\",\"@id\":\"\\\/\\\/www.gravatar.com\\\/avatar\\\/d8d45f8901aadff40a4af72c0b826f1d?s=96&#038;r=g&#038;d=mm\",\"url\":\"\\\/\\\/www.gravatar.com\\\/avatar\\\/d8d45f8901aadff40a4af72c0b826f1d?s=96&#038;r=g&#038;d=mm\",\"contentUrl\":\"\\\/\\\/www.gravatar.com\\\/avatar\\\/d8d45f8901aadff40a4af72c0b826f1d?s=96&#038;r=g&#038;d=mm\",\"caption\":\"dorogimedence.hu\"}}]}<\/script>\n<!-- \/ Yoast SEO plugin. -->","yoast_head_json":{"title":"\u00daj p\u00e1ly\u00e1zati lehet\u0151s\u00e9g ny\u00edlt a d\u00edszkert\u00e9szeti kisv\u00e1llalkoz\u00e1sok t\u00e1mogat\u00e1s\u00e1ra","robots":{"index":"index","follow":"follow","max-snippet":"max-snippet:-1","max-image-preview":"max-image-preview:large","max-video-preview":"max-video-preview:-1"},"canonical":"https:\/\/dorogimedence.hu\/index.php\/2024\/09\/06\/uj-palyazati-lehetoseg-nyilt-a-diszkerteszeti-kisvallalkozasok-tamogatasara\/","og_locale":"hu_HU","og_type":"article","og_title":"\u00daj p\u00e1ly\u00e1zati lehet\u0151s\u00e9g ny\u00edlt a d\u00edszkert\u00e9szeti kisv\u00e1llalkoz\u00e1sok t\u00e1mogat\u00e1s\u00e1ra","og_description":"\u00daj vid\u00e9kfejleszt\u00e9si p\u00e1ly\u00e1zati felh\u00edv\u00e1s jelent meg 1,6 milli\u00e1rd forint keret\u00f6sszeggel, amelyre a vid\u00e9ki t\u00e9rs\u00e9gben m\u0171k\u00f6d\u0151, d\u00edszn\u00f6v\u00e9ny-el\u0151\u00e1ll\u00edt\u00e1ssal, kereskedelemmel vagy z\u00f6ldter\u00fclet-kezel\u00e9ssel foglalkoz\u00f3 mikro-, vagy kisv\u00e1llalkoz\u00e1sok jelentkezhetnek. A felh\u00edv\u00e1s szerint a p\u00e1ly\u00e1z\u00f3 v\u00e1llalkoz\u00e1sok a m\u0171k\u00f6d\u00e9s\u00fckh\u00f6z sz\u00fcks\u00e9ges l\u00e9tes\u00edtm\u00e9nyek \u00e9p\u00edt\u00e9s\u00e9hez, telephely\u00fck b\u0151v\u00edt\u00e9s\u00e9hez, fel\u00faj\u00edt\u00e1s\u00e1hoz vagy korszer\u0171s\u00edt\u00e9s\u00e9hez ig\u00e9nyelhetnek t\u00e1mogat\u00e1st. Az \u00e9p\u00edt\u00e9s mellett lehet\u0151v\u00e9 v\u00e1lik t\u00f6bbek k\u00f6z\u00f6tt \u00faj g\u00e9pek \u00e9s eszk\u00f6z\u00f6k, technol\u00f3gi\u00e1k beszerz\u00e9se,","og_url":"https:\/\/dorogimedence.hu\/index.php\/2024\/09\/06\/uj-palyazati-lehetoseg-nyilt-a-diszkerteszeti-kisvallalkozasok-tamogatasara\/","og_site_name":"Dorogi-medence Region\u00e1lis H\u00edrport\u00e1l","article_publisher":"https:\/\/www.facebook.com\/dorogimedence\/","article_published_time":"2024-09-06T09:58:12+00:00","og_image":[{"width":1920,"height":1227,"url":"https:\/\/dorogimedence.hu\/wp-content\/uploads\/2024\/09\/horticulture-2779709_1920-1.jpg","type":"image\/jpeg"}],"author":"dorogimedence.hu","twitter_card":"summary_large_image","twitter_misc":{"Szerz\u0151:":"dorogimedence.hu","Becs\u00fclt olvas\u00e1si id\u0151":"2 perc"},"schema":{"@context":"https:\/\/schema.org","@graph":[{"@type":"Article","@id":"https:\/\/dorogimedence.hu\/index.php\/2024\/09\/06\/uj-palyazati-lehetoseg-nyilt-a-diszkerteszeti-kisvallalkozasok-tamogatasara\/#article","isPartOf":{"@id":"https:\/\/dorogimedence.hu\/index.php\/2024\/09\/06\/uj-palyazati-lehetoseg-nyilt-a-diszkerteszeti-kisvallalkozasok-tamogatasara\/"},"author":{"name":"dorogimedence.hu","@id":"https:\/\/dorogimedence.hu\/#\/schema\/person\/ce6091eeb7e95ecdc87890d6aa8e0fd4"},"headline":"\u00daj p\u00e1ly\u00e1zati lehet\u0151s\u00e9g ny\u00edlt a d\u00edszkert\u00e9szeti kisv\u00e1llalkoz\u00e1sok t\u00e1mogat\u00e1s\u00e1ra","datePublished":"2024-09-06T09:58:12+00:00","mainEntityOfPage":{"@id":"https:\/\/dorogimedence.hu\/index.php\/2024\/09\/06\/uj-palyazati-lehetoseg-nyilt-a-diszkerteszeti-kisvallalkozasok-tamogatasara\/"},"wordCount":369,"publisher":{"@id":"https:\/\/dorogimedence.hu\/#organization"},"image":{"@id":"https:\/\/dorogimedence.hu\/index.php\/2024\/09\/06\/uj-palyazati-lehetoseg-nyilt-a-diszkerteszeti-kisvallalkozasok-tamogatasara\/#primaryimage"},"thumbnailUrl":"https:\/\/dorogimedence.hu\/wp-content\/uploads\/2024\/09\/horticulture-2779709_1920-1.jpg","keywords":["d\u00edszkert\u00e9szet","p\u00e1ly\u00e1zat"],"articleSection":["Belf\u00f6ld, Gazdas\u00e1g","H\u00edrek"],"inLanguage":"hu"},{"@type":"WebPage","@id":"https:\/\/dorogimedence.hu\/index.php\/2024\/09\/06\/uj-palyazati-lehetoseg-nyilt-a-diszkerteszeti-kisvallalkozasok-tamogatasara\/","url":"https:\/\/dorogimedence.hu\/index.php\/2024\/09\/06\/uj-palyazati-lehetoseg-nyilt-a-diszkerteszeti-kisvallalkozasok-tamogatasara\/","name":"\u00daj p\u00e1ly\u00e1zati lehet\u0151s\u00e9g ny\u00edlt a d\u00edszkert\u00e9szeti kisv\u00e1llalkoz\u00e1sok t\u00e1mogat\u00e1s\u00e1ra","isPartOf":{"@id":"https:\/\/dorogimedence.hu\/#website"},"primaryImageOfPage":{"@id":"https:\/\/dorogimedence.hu\/index.php\/2024\/09\/06\/uj-palyazati-lehetoseg-nyilt-a-diszkerteszeti-kisvallalkozasok-tamogatasara\/#primaryimage"},"image":{"@id":"https:\/\/dorogimedence.hu\/index.php\/2024\/09\/06\/uj-palyazati-lehetoseg-nyilt-a-diszkerteszeti-kisvallalkozasok-tamogatasara\/#primaryimage"},"thumbnailUrl":"https:\/\/dorogimedence.hu\/wp-content\/uploads\/2024\/09\/horticulture-2779709_1920-1.jpg","datePublished":"2024-09-06T09:58:12+00:00","breadcrumb":{"@id":"https:\/\/dorogimedence.hu\/index.php\/2024\/09\/06\/uj-palyazati-lehetoseg-nyilt-a-diszkerteszeti-kisvallalkozasok-tamogatasara\/#breadcrumb"},"inLanguage":"hu","potentialAction":[{"@type":"ReadAction","target":["https:\/\/dorogimedence.hu\/index.php\/2024\/09\/06\/uj-palyazati-lehetoseg-nyilt-a-diszkerteszeti-kisvallalkozasok-tamogatasara\/"]}]},{"@type":"ImageObject","inLanguage":"hu","@id":"https:\/\/dorogimedence.hu\/index.php\/2024\/09\/06\/uj-palyazati-lehetoseg-nyilt-a-diszkerteszeti-kisvallalkozasok-tamogatasara\/#primaryimage","url":"https:\/\/dorogimedence.hu\/wp-content\/uploads\/2024\/09\/horticulture-2779709_1920-1.jpg","contentUrl":"https:\/\/dorogimedence.hu\/wp-content\/uploads\/2024\/09\/horticulture-2779709_1920-1.jpg","width":1920,"height":1227},{"@type":"BreadcrumbList","@id":"https:\/\/dorogimedence.hu\/index.php\/2024\/09\/06\/uj-palyazati-lehetoseg-nyilt-a-diszkerteszeti-kisvallalkozasok-tamogatasara\/#breadcrumb","itemListElement":[{"@type":"ListItem","position":1,"name":"Kezd\u0151lap","item":"https:\/\/dorogimedence.hu\/"},{"@type":"ListItem","position":2,"name":"\u00daj p\u00e1ly\u00e1zati lehet\u0151s\u00e9g ny\u00edlt a d\u00edszkert\u00e9szeti kisv\u00e1llalkoz\u00e1sok t\u00e1mogat\u00e1s\u00e1ra"}]},{"@type":"WebSite","@id":"https:\/\/dorogimedence.hu\/#website","url":"https:\/\/dorogimedence.hu\/","name":"Dorogi-medence Region\u00e1lis H\u00edrport\u00e1l","description":"Dorog, Keszt\u00f6lc, Le\u00e1nyv\u00e1r, Piliscs\u00e9v, Tokod, Tokodalt\u00e1r\u00f3, Csolnok, Esztergom-kertv\u00e1ros: h\u00edrek, programok","publisher":{"@id":"https:\/\/dorogimedence.hu\/#organization"},"potentialAction":[{"@type":"SearchAction","target":{"@type":"EntryPoint","urlTemplate":"https:\/\/dorogimedence.hu\/?s={search_term_string}"},"query-input":{"@type":"PropertyValueSpecification","valueRequired":true,"valueName":"search_term_string"}}],"inLanguage":"hu"},{"@type":"Organization","@id":"https:\/\/dorogimedence.hu\/#organization","name":"Dorogi-medence Region\u00e1lis H\u00edrport\u00e1l","url":"https:\/\/dorogimedence.hu\/","logo":{"@type":"ImageObject","inLanguage":"hu","@id":"https:\/\/dorogimedence.hu\/#\/schema\/logo\/image\/","url":"https:\/\/dorogimedence.hu\/wp-content\/uploads\/2021\/04\/logo-feher-600.png","contentUrl":"https:\/\/dorogimedence.hu\/wp-content\/uploads\/2021\/04\/logo-feher-600.png","width":600,"height":100,"caption":"Dorogi-medence Region\u00e1lis H\u00edrport\u00e1l"},"image":{"@id":"https:\/\/dorogimedence.hu\/#\/schema\/logo\/image\/"},"sameAs":["https:\/\/www.facebook.com\/dorogimedence\/"]},{"@type":"Person","@id":"https:\/\/dorogimedence.hu\/#\/schema\/person\/ce6091eeb7e95ecdc87890d6aa8e0fd4","name":"dorogimedence.hu","image":{"@type":"ImageObject","inLanguage":"hu","@id":"\/\/www.gravatar.com\/avatar\/d8d45f8901aadff40a4af72c0b826f1d?s=96&#038;r=g&#038;d=mm","url":"\/\/www.gravatar.com\/avatar\/d8d45f8901aadff40a4af72c0b826f1d?s=96&#038;r=g&#038;d=mm","contentUrl":"\/\/www.gravatar.com\/avatar\/d8d45f8901aadff40a4af72c0b826f1d?s=96&#038;r=g&#038;d=mm","caption":"dorogimedence.hu"}}]}},"_links":{"self":[{"href":"https:\/\/dorogimedence.hu\/index.php\/wp-json\/wp\/v2\/posts\/64650","targetHints":{"allow":["GET"]}}],"collection":[{"href":"https:\/\/dorogimedence.hu\/index.php\/wp-json\/wp\/v2\/posts"}],"about":[{"href":"https:\/\/dorogimedence.hu\/index.php\/wp-json\/wp\/v2\/types\/post"}],"author":[{"embeddable":true,"href":"https:\/\/dorogimedence.hu\/index.php\/wp-json\/wp\/v2\/users\/1"}],"replies":[{"embeddable":true,"href":"https:\/\/dorogimedence.hu\/index.php\/wp-json\/wp\/v2\/comments?post=64650"}],"version-history":[{"count":0,"href":"https:\/\/dorogimedence.hu\/index.php\/wp-json\/wp\/v2\/posts\/64650\/revisions"}],"wp:featuredmedia":[{"embeddable":true,"href":"https:\/\/dorogimedence.hu\/index.php\/wp-json\/wp\/v2\/media\/64652"}],"wp:attachment":[{"href":"https:\/\/dorogimedence.hu\/index.php\/wp-json\/wp\/v2\/media?parent=64650"}],"wp:term":[{"taxonomy":"category","embeddable":true,"href":"https:\/\/dorogimedence.hu\/index.php\/wp-json\/wp\/v2\/categories?post=64650"},{"taxonomy":"post_tag","embeddable":true,"href":"https:\/\/dorogimedence.hu\/index.php\/wp-json\/wp\/v2\/tags?post=64650"}],"curies":[{"name":"wp","href":"https:\/\/api.w.org\/{rel}","templated":true}]}}