{"id":64631,"date":"2024-09-05T11:53:09","date_gmt":"2024-09-05T09:53:09","guid":{"rendered":"https:\/\/dorogimedence.hu\/?p=64631"},"modified":"2024-09-07T13:54:21","modified_gmt":"2024-09-07T11:54:21","slug":"folytatodik-a-richter-egeszsegvaros-oktoberben-esztergomba-is-elerkezik","status":"publish","type":"post","link":"https:\/\/dorogimedence.hu\/index.php\/2024\/09\/05\/folytatodik-a-richter-egeszsegvaros-oktoberben-esztergomba-is-elerkezik\/","title":{"rendered":"Folytat\u00f3dik a Richter Eg\u00e9szs\u00e9gv\u00e1ros, okt\u00f3berben Esztergomba is el\u00e9rkezik"},"content":{"rendered":"<div class=\" bd-postcontent-9 bd-tagstyles bd-contentlayout-offset\">\n<p><strong>Id\u00e9n \u0151sszel \u00fajabb telep\u00fcl\u00e9sekre l\u00e1togat el a Richter Gedeon Nyrt. eg\u00e9szs\u00e9gmeg\u0151rz\u00e9st \u00e9s prevenci\u00f3t t\u00e1mogat\u00f3 rendezv\u00e9nysorozata, amely t\u00f6bb mint egy \u00e9vtizede j\u00e1rja az orsz\u00e1got ingyenes eg\u00e9szs\u00e9g\u00fcgyi sz\u0171r\u00e9sekkel, tan\u00e1csad\u00e1sokkal \u00e9s el\u0151ad\u00e1sokkal, hogy t\u00e1mogassa a hazai eg\u00e9szs\u00e9g\u00fcgyi ell\u00e1t\u00f3rendszert. A gy\u00f3gyszergy\u00e1rt\u00f3 v\u00e1llalat azzal a c\u00e9llal ind\u00edtotta el 2009-ben a programot, hogy mindenki sz\u00e1m\u00e1ra hozz\u00e1f\u00e9rhet\u0151v\u00e9 tegye a prevenci\u00f3s szolg\u00e1ltat\u00e1sokat, ez\u00e1ltal seg\u00edtve a lakosok eg\u00e9szs\u00e9gmeg\u0151rz\u00e9s\u00e9t, a helyi eg\u00e9szs\u00e9g\u00fcgyi int\u00e9zm\u00e9nyek prevenci\u00f3s tev\u00e9kenys\u00e9g\u00e9t, valamint anyagi t\u00e1mogat\u00e1st is biztos\u00edtson sz\u00e1mukra a sz\u00fcks\u00e9ges fejleszt\u00e9sek megval\u00f3s\u00edt\u00e1s\u00e1hoz. Az elm\u00falt 15 \u00e9vben 104 Eg\u00e9szs\u00e9gv\u00e1ros ker\u00fclt megrendez\u00e9sre, t\u00f6bb mint 235.000 ingyenes sz\u0171r\u00e9sen vehettek r\u00e9szt a lakosok, \u00e9s az eg\u00e9szs\u00e9g\u00fcgyi int\u00e9zm\u00e9nyek \u00f6sszesen t\u00f6bb mint 668 milli\u00f3 forint t\u00e1mogat\u00e1sban r\u00e9szes\u00fcltek. <\/strong><\/p>\n<p>A Richter Eg\u00e9szs\u00e9gv\u00e1ros program keret\u00e9ben a l\u00e1togat\u00f3k <strong>ingyenesen, el\u0151zetes regisztr\u00e1ci\u00f3 n\u00e9lk\u00fcl<\/strong> vehetnek r\u00e9szt k\u00fcl\u00f6nb\u00f6z\u0151 <strong>sz\u0171r\u0151vizsg\u00e1latokon<\/strong>, <strong>eg\u00e9szs\u00e9g\u00fcgyi tan\u00e1csad\u00e1sokon <\/strong>\u00e9s <strong>el\u0151ad\u00e1sokon<\/strong>. Az eg\u00e9szs\u00e9gmeg\u0151rz\u00e9s \u00e9s a betegs\u00e9gek megel\u0151z\u00e9se alapvet\u0151 fontoss\u00e1g\u00fa a hossz\u00fa \u00e9s min\u0151s\u00e9gi \u00e9let \u00e9rdek\u00e9ben, ez\u00e9rt a program kiemelt c\u00e9lja, hogy <strong>kort\u00f3l \u00e9s nemt\u0151l f\u00fcggetlen\u00fcl<\/strong> a lehet\u0151 legt\u00f6bb ember vegyen r\u00e9szt a programokon.<\/p>\n<p>Az eg\u00e9szs\u00e9g\u00fcgyi programelemeken t\u00fal az Eg\u00e9szs\u00e9gv\u00e1ros <strong>interakt\u00edv, sz\u00f3rakoztat\u00f3 csal\u00e1di programoknak<\/strong> is helyet ad, hogy a helysz\u00ednre l\u00e1togat\u00f3k k\u00f6tetlen, vid\u00e1m hangulatban tehessenek l\u00e9p\u00e9seket saj\u00e1t eg\u00e9szs\u00e9g\u00fck meg\u0151rz\u00e9s\u00e9\u00e9rt.<\/p>\n<p>A Richter Eg\u00e9szs\u00e9gv\u00e1ros keret\u00e9ben a<strong>&nbsp;magyar gy\u00f3gyszergy\u00e1rt\u00f3 v\u00e1llalat id\u00e9n is 3,5 milli\u00f3 forintos alapt\u00e1mogat\u00e1sban r\u00e9szes\u00edti a programban r\u00e9szt vev\u0151 eg\u00e9szs\u00e9g\u00fcgyi int\u00e9zm\u00e9nyeket<\/strong>. Ezt az \u00f6sszeget&nbsp;<strong>a lakosok aktivit\u00e1sukkal tov\u00e1bb n\u00f6velhetik<\/strong>, ugyanis az Eg\u00e9szs\u00e9gs\u00e9t\u00e1kon, az el\u0151ad\u00e1sokon, sz\u0171r\u00e9seken, tan\u00e1csad\u00e1sokon val\u00f3 r\u00e9szv\u00e9tel\u00fckkel, illetve az Eg\u00e9szs\u00e9gv\u00e1ros hivatalos Facebook oldal\u00e1n megosztott online \u00e9l\u0151 k\u00f6zvet\u00edt\u00e9sekre adott aktivit\u00e1saikkal<strong>&nbsp;adom\u00e1nypontokat gy\u0171jtenek,<\/strong>&nbsp;melyek <strong>pontonk\u00e9nt 500 forinttal n\u00f6velik az adom\u00e1nyalapot<\/strong>. A helysz\u00ednre val\u00f3 <strong>els\u0151 bel\u00e9p\u00e9s\u00e9rt<\/strong> <strong>dupla,<\/strong> <strong>1.000 forintot \u00e9r\u0151 adom\u00e1nypont<\/strong> j\u00e1r. A pontok a nap v\u00e9g\u00e9n \u00e9rt\u00e9kes forintokk\u00e1 v\u00e1lnak, amit eszk\u00f6z\u00f6k beszerz\u00e9s\u00e9re, infrastrukt\u00fara fejleszt\u00e9s\u00e9re ford\u00edthatnak a r\u00e9sztvev\u0151 eg\u00e9szs\u00e9g\u00fcgyi int\u00e9zm\u00e9nyek.<\/p>\n<p><img fetchpriority=\"high\" decoding=\"async\" src=\"https:\/\/www.egeszsegvaros.hu\/images\/2023\/08\/EV_infografika_2023_Web.jpg\" alt=\"\" width=\"1920\" height=\"456\" data-alt=\"EV infografika 2023 Web\"><\/p>\n<p><strong>Id\u00e9n \u0151sszel h\u00e1rom helysz\u00ednre \u00e9rkezik a Richter Eg\u00e9szs\u00e9gv\u00e1ros<\/strong><\/p>\n<ul>\n<li><strong> szeptember 28. \u2013 Budapest III. ker\u00fclet \u2013 Csob\u00e1nka t\u00e9r<br \/>\n<\/strong><strong>T\u00e1mogatott int\u00e9zm\u00e9ny:<\/strong> Szent Margit Rendel\u0151int\u00e9zet<br \/>\n<strong>Adom\u00e1nyc\u00e9l:<\/strong> A Csob\u00e1nka t\u00e9ri Szakrendel\u0151 infrastruktur\u00e1lis fejleszt\u00e9se<\/li>\n<\/ul>\n<ul>\n<li><strong> okt\u00f3ber 5. \u2013 Ny\u00edregyh\u00e1za \u2013<\/strong> <strong>Kossuth t\u00e9r<br \/>\n<\/strong><strong>T\u00e1mogatott int\u00e9zm\u00e9ny:<\/strong> Ny\u00edregyh\u00e1zi J\u00f3sa Andr\u00e1s Tagk\u00f3rh\u00e1z<br \/>\n<strong>Adom\u00e1nyc\u00e9l:<\/strong> A k\u00f3rtermek \u00e1rny\u00e9kol\u00e1stechnikai fejleszt\u00e9se<\/li>\n<\/ul>\n<ul>\n<li><strong> okt\u00f3ber 12. \u2013 Esztergom \u2013 Sz\u00e9chenyi t\u00e9r<br \/>\n<\/strong><strong>T\u00e1mogatott int\u00e9zm\u00e9ny:<\/strong> Esztergomi Vaszary Kolos K\u00f3rh\u00e1z<br \/>\n<strong>Adom\u00e1nyc\u00e9l:<\/strong> Csonts\u0171r\u0171s\u00e9g m\u00e9r\u0151 k\u00e9sz\u00fcl\u00e9k beszerz\u00e9se<\/li>\n<\/ul>\n<p><strong>Eg\u00e9szs\u00e9gv\u00e1ros a Facebookon is <\/strong><\/p>\n<p>Id\u00e9n is \u00e9rdemes figyelemmel k\u00eds\u00e9rni a k\u00f6z\u00f6ss\u00e9gi m\u00e9dia oldalunkat, hiszen a r\u00e9szletes programokat \u00e9s a rendezv\u00e9nyekkel kapcsolatos tov\u00e1bbi hasznos inform\u00e1ci\u00f3kat folyamatosan megjelen\u00edtj\u00fck az Eg\u00e9szs\u00e9gv\u00e1ros hivatalos&nbsp;<a href=\"https:\/\/www.facebook.com\/richteregeszsegvaros\" target=\"_blank\" rel=\"noopener\"><span style=\"text-decoration: underline; color: #0000ff;\">Facebook-oldal\u00e1n<\/span><\/a>, a helysz\u00ednekhez tartoz\u00f3 Facebook esem\u00e9nyekben pedig tov\u00e1bbi izgalmas r\u00e9szleteket osztunk meg a rendezv\u00e9nyr\u0151l.<\/p>\n<p>Tal\u00e1lkozzunk az Eg\u00e9szs\u00e9gv\u00e1roson!<\/p>\n<p>https:\/\/www.facebook.com\/100063456432066\/videos\/1213967293070423<\/p>\n<\/div>\n","protected":false},"excerpt":{"rendered":"<p>Id\u00e9n \u0151sszel \u00fajabb telep\u00fcl\u00e9sekre l\u00e1togat el a Richter Gedeon Nyrt. eg\u00e9szs\u00e9gmeg\u0151rz\u00e9st \u00e9s prevenci\u00f3t t\u00e1mogat\u00f3 rendezv\u00e9nysorozata, amely t\u00f6bb mint egy \u00e9vtizede j\u00e1rja az orsz\u00e1got ingyenes eg\u00e9szs\u00e9g\u00fcgyi sz\u0171r\u00e9sekkel, tan\u00e1csad\u00e1sokkal \u00e9s el\u0151ad\u00e1sokkal, hogy t\u00e1mogassa a hazai eg\u00e9szs\u00e9g\u00fcgyi ell\u00e1t\u00f3rendszert. A gy\u00f3gyszergy\u00e1rt\u00f3 v\u00e1llalat azzal a c\u00e9llal ind\u00edtotta el 2009-ben a programot, hogy mindenki sz\u00e1m\u00e1ra hozz\u00e1f\u00e9rhet\u0151v\u00e9 tegye a prevenci\u00f3s szolg\u00e1ltat\u00e1sokat, ez\u00e1ltal<\/p>\n","protected":false},"author":1,"featured_media":64632,"comment_status":"closed","ping_status":"closed","sticky":false,"template":"","format":"standard","meta":{"ngg_post_thumbnail":0,"footnotes":""},"categories":[38,3,3561],"tags":[42,5624,101,116,4060,5894,417],"class_list":{"0":"post-64631","1":"post","2":"type-post","3":"status-publish","4":"format-standard","5":"has-post-thumbnail","7":"category-esztergom","8":"category-hirek","9":"category-programok","10":"tag-esztergom","11":"tag-featured","12":"tag-program","13":"tag-programok","14":"tag-richter","15":"tag-richter-egeszsegvaros","16":"tag-richter-gedeon"},"yoast_head":"<!-- This site is optimized with the Yoast SEO plugin v27.4 - https:\/\/yoast.com\/product\/yoast-seo-wordpress\/ -->\n<title>Folytat\u00f3dik a Richter Eg\u00e9szs\u00e9gv\u00e1ros, okt\u00f3berben Esztergomba is el\u00e9rkezik<\/title>\n<meta name=\"robots\" content=\"index, follow, max-snippet:-1, max-image-preview:large, max-video-preview:-1\" \/>\n<link rel=\"canonical\" href=\"https:\/\/dorogimedence.hu\/index.php\/2024\/09\/05\/folytatodik-a-richter-egeszsegvaros-oktoberben-esztergomba-is-elerkezik\/\" class=\"yoast-seo-meta-tag\" \/>\n<meta property=\"og:locale\" content=\"hu_HU\" class=\"yoast-seo-meta-tag\" \/>\n<meta property=\"og:type\" content=\"article\" class=\"yoast-seo-meta-tag\" \/>\n<meta property=\"og:title\" content=\"Folytat\u00f3dik a Richter Eg\u00e9szs\u00e9gv\u00e1ros, okt\u00f3berben Esztergomba is el\u00e9rkezik\" class=\"yoast-seo-meta-tag\" \/>\n<meta property=\"og:description\" content=\"Id\u00e9n \u0151sszel \u00fajabb telep\u00fcl\u00e9sekre l\u00e1togat el a Richter Gedeon Nyrt. eg\u00e9szs\u00e9gmeg\u0151rz\u00e9st \u00e9s prevenci\u00f3t t\u00e1mogat\u00f3 rendezv\u00e9nysorozata, amely t\u00f6bb mint egy \u00e9vtizede j\u00e1rja az orsz\u00e1got ingyenes eg\u00e9szs\u00e9g\u00fcgyi sz\u0171r\u00e9sekkel, tan\u00e1csad\u00e1sokkal \u00e9s el\u0151ad\u00e1sokkal, hogy t\u00e1mogassa a hazai eg\u00e9szs\u00e9g\u00fcgyi ell\u00e1t\u00f3rendszert. A gy\u00f3gyszergy\u00e1rt\u00f3 v\u00e1llalat azzal a c\u00e9llal ind\u00edtotta el 2009-ben a programot, hogy mindenki sz\u00e1m\u00e1ra hozz\u00e1f\u00e9rhet\u0151v\u00e9 tegye a prevenci\u00f3s szolg\u00e1ltat\u00e1sokat, ez\u00e1ltal\" class=\"yoast-seo-meta-tag\" \/>\n<meta property=\"og:url\" content=\"https:\/\/dorogimedence.hu\/index.php\/2024\/09\/05\/folytatodik-a-richter-egeszsegvaros-oktoberben-esztergomba-is-elerkezik\/\" class=\"yoast-seo-meta-tag\" \/>\n<meta property=\"og:site_name\" content=\"Dorogi-medence Region\u00e1lis H\u00edrport\u00e1l\" class=\"yoast-seo-meta-tag\" \/>\n<meta property=\"article:publisher\" content=\"https:\/\/www.facebook.com\/dorogimedence\/\" class=\"yoast-seo-meta-tag\" \/>\n<meta property=\"article:published_time\" content=\"2024-09-05T09:53:09+00:00\" class=\"yoast-seo-meta-tag\" \/>\n<meta property=\"article:modified_time\" content=\"2024-09-07T11:54:21+00:00\" class=\"yoast-seo-meta-tag\" \/>\n<meta property=\"og:image\" content=\"https:\/\/dorogimedence.hu\/wp-content\/uploads\/2024\/09\/richter.jpg\" class=\"yoast-seo-meta-tag\" \/>\n\t<meta property=\"og:image:width\" content=\"1920\" class=\"yoast-seo-meta-tag\" \/>\n\t<meta property=\"og:image:height\" content=\"970\" class=\"yoast-seo-meta-tag\" \/>\n\t<meta property=\"og:image:type\" content=\"image\/jpeg\" class=\"yoast-seo-meta-tag\" \/>\n<meta name=\"author\" content=\"dorogimedence.hu\" class=\"yoast-seo-meta-tag\" \/>\n<meta name=\"twitter:card\" content=\"summary_large_image\" class=\"yoast-seo-meta-tag\" \/>\n<meta name=\"twitter:label1\" content=\"Szerz\u0151:\" class=\"yoast-seo-meta-tag\" \/>\n\t<meta name=\"twitter:data1\" content=\"dorogimedence.hu\" class=\"yoast-seo-meta-tag\" \/>\n\t<meta name=\"twitter:label2\" content=\"Becs\u00fclt olvas\u00e1si id\u0151\" class=\"yoast-seo-meta-tag\" \/>\n\t<meta name=\"twitter:data2\" content=\"3 perc\" class=\"yoast-seo-meta-tag\" \/>\n<script type=\"application\/ld+json\" class=\"yoast-schema-graph\">{\"@context\":\"https:\\\/\\\/schema.org\",\"@graph\":[{\"@type\":\"Article\",\"@id\":\"https:\\\/\\\/dorogimedence.hu\\\/index.php\\\/2024\\\/09\\\/05\\\/folytatodik-a-richter-egeszsegvaros-oktoberben-esztergomba-is-elerkezik\\\/#article\",\"isPartOf\":{\"@id\":\"https:\\\/\\\/dorogimedence.hu\\\/index.php\\\/2024\\\/09\\\/05\\\/folytatodik-a-richter-egeszsegvaros-oktoberben-esztergomba-is-elerkezik\\\/\"},\"author\":{\"name\":\"dorogimedence.hu\",\"@id\":\"https:\\\/\\\/dorogimedence.hu\\\/#\\\/schema\\\/person\\\/ce6091eeb7e95ecdc87890d6aa8e0fd4\"},\"headline\":\"Folytat\u00f3dik a Richter Eg\u00e9szs\u00e9gv\u00e1ros, okt\u00f3berben Esztergomba is el\u00e9rkezik\",\"datePublished\":\"2024-09-05T09:53:09+00:00\",\"dateModified\":\"2024-09-07T11:54:21+00:00\",\"mainEntityOfPage\":{\"@id\":\"https:\\\/\\\/dorogimedence.hu\\\/index.php\\\/2024\\\/09\\\/05\\\/folytatodik-a-richter-egeszsegvaros-oktoberben-esztergomba-is-elerkezik\\\/\"},\"wordCount\":702,\"publisher\":{\"@id\":\"https:\\\/\\\/dorogimedence.hu\\\/#organization\"},\"image\":{\"@id\":\"https:\\\/\\\/dorogimedence.hu\\\/index.php\\\/2024\\\/09\\\/05\\\/folytatodik-a-richter-egeszsegvaros-oktoberben-esztergomba-is-elerkezik\\\/#primaryimage\"},\"thumbnailUrl\":\"https:\\\/\\\/dorogimedence.hu\\\/wp-content\\\/uploads\\\/2024\\\/09\\\/richter.jpg\",\"keywords\":[\"esztergom\",\"featured\",\"program\",\"programok\",\"richter\",\"Richter Eg\u00e9szs\u00e9gv\u00e1ros\",\"Richter Gedeon\"],\"articleSection\":[\"Esztergom\",\"H\u00edrek\",\"Programok\"],\"inLanguage\":\"hu\"},{\"@type\":\"WebPage\",\"@id\":\"https:\\\/\\\/dorogimedence.hu\\\/index.php\\\/2024\\\/09\\\/05\\\/folytatodik-a-richter-egeszsegvaros-oktoberben-esztergomba-is-elerkezik\\\/\",\"url\":\"https:\\\/\\\/dorogimedence.hu\\\/index.php\\\/2024\\\/09\\\/05\\\/folytatodik-a-richter-egeszsegvaros-oktoberben-esztergomba-is-elerkezik\\\/\",\"name\":\"Folytat\u00f3dik a Richter Eg\u00e9szs\u00e9gv\u00e1ros, okt\u00f3berben Esztergomba is el\u00e9rkezik\",\"isPartOf\":{\"@id\":\"https:\\\/\\\/dorogimedence.hu\\\/#website\"},\"primaryImageOfPage\":{\"@id\":\"https:\\\/\\\/dorogimedence.hu\\\/index.php\\\/2024\\\/09\\\/05\\\/folytatodik-a-richter-egeszsegvaros-oktoberben-esztergomba-is-elerkezik\\\/#primaryimage\"},\"image\":{\"@id\":\"https:\\\/\\\/dorogimedence.hu\\\/index.php\\\/2024\\\/09\\\/05\\\/folytatodik-a-richter-egeszsegvaros-oktoberben-esztergomba-is-elerkezik\\\/#primaryimage\"},\"thumbnailUrl\":\"https:\\\/\\\/dorogimedence.hu\\\/wp-content\\\/uploads\\\/2024\\\/09\\\/richter.jpg\",\"datePublished\":\"2024-09-05T09:53:09+00:00\",\"dateModified\":\"2024-09-07T11:54:21+00:00\",\"breadcrumb\":{\"@id\":\"https:\\\/\\\/dorogimedence.hu\\\/index.php\\\/2024\\\/09\\\/05\\\/folytatodik-a-richter-egeszsegvaros-oktoberben-esztergomba-is-elerkezik\\\/#breadcrumb\"},\"inLanguage\":\"hu\",\"potentialAction\":[{\"@type\":\"ReadAction\",\"target\":[\"https:\\\/\\\/dorogimedence.hu\\\/index.php\\\/2024\\\/09\\\/05\\\/folytatodik-a-richter-egeszsegvaros-oktoberben-esztergomba-is-elerkezik\\\/\"]}]},{\"@type\":\"ImageObject\",\"inLanguage\":\"hu\",\"@id\":\"https:\\\/\\\/dorogimedence.hu\\\/index.php\\\/2024\\\/09\\\/05\\\/folytatodik-a-richter-egeszsegvaros-oktoberben-esztergomba-is-elerkezik\\\/#primaryimage\",\"url\":\"https:\\\/\\\/dorogimedence.hu\\\/wp-content\\\/uploads\\\/2024\\\/09\\\/richter.jpg\",\"contentUrl\":\"https:\\\/\\\/dorogimedence.hu\\\/wp-content\\\/uploads\\\/2024\\\/09\\\/richter.jpg\",\"width\":1920,\"height\":970},{\"@type\":\"BreadcrumbList\",\"@id\":\"https:\\\/\\\/dorogimedence.hu\\\/index.php\\\/2024\\\/09\\\/05\\\/folytatodik-a-richter-egeszsegvaros-oktoberben-esztergomba-is-elerkezik\\\/#breadcrumb\",\"itemListElement\":[{\"@type\":\"ListItem\",\"position\":1,\"name\":\"Kezd\u0151lap\",\"item\":\"https:\\\/\\\/dorogimedence.hu\\\/\"},{\"@type\":\"ListItem\",\"position\":2,\"name\":\"Folytat\u00f3dik a Richter Eg\u00e9szs\u00e9gv\u00e1ros, okt\u00f3berben Esztergomba is el\u00e9rkezik\"}]},{\"@type\":\"WebSite\",\"@id\":\"https:\\\/\\\/dorogimedence.hu\\\/#website\",\"url\":\"https:\\\/\\\/dorogimedence.hu\\\/\",\"name\":\"Dorogi-medence Region\u00e1lis H\u00edrport\u00e1l\",\"description\":\"Dorog, Keszt\u00f6lc, Le\u00e1nyv\u00e1r, Piliscs\u00e9v, Tokod, Tokodalt\u00e1r\u00f3, Csolnok, Esztergom-kertv\u00e1ros: h\u00edrek, programok\",\"publisher\":{\"@id\":\"https:\\\/\\\/dorogimedence.hu\\\/#organization\"},\"potentialAction\":[{\"@type\":\"SearchAction\",\"target\":{\"@type\":\"EntryPoint\",\"urlTemplate\":\"https:\\\/\\\/dorogimedence.hu\\\/?s={search_term_string}\"},\"query-input\":{\"@type\":\"PropertyValueSpecification\",\"valueRequired\":true,\"valueName\":\"search_term_string\"}}],\"inLanguage\":\"hu\"},{\"@type\":\"Organization\",\"@id\":\"https:\\\/\\\/dorogimedence.hu\\\/#organization\",\"name\":\"Dorogi-medence Region\u00e1lis H\u00edrport\u00e1l\",\"url\":\"https:\\\/\\\/dorogimedence.hu\\\/\",\"logo\":{\"@type\":\"ImageObject\",\"inLanguage\":\"hu\",\"@id\":\"https:\\\/\\\/dorogimedence.hu\\\/#\\\/schema\\\/logo\\\/image\\\/\",\"url\":\"https:\\\/\\\/dorogimedence.hu\\\/wp-content\\\/uploads\\\/2021\\\/04\\\/logo-feher-600.png\",\"contentUrl\":\"https:\\\/\\\/dorogimedence.hu\\\/wp-content\\\/uploads\\\/2021\\\/04\\\/logo-feher-600.png\",\"width\":600,\"height\":100,\"caption\":\"Dorogi-medence Region\u00e1lis H\u00edrport\u00e1l\"},\"image\":{\"@id\":\"https:\\\/\\\/dorogimedence.hu\\\/#\\\/schema\\\/logo\\\/image\\\/\"},\"sameAs\":[\"https:\\\/\\\/www.facebook.com\\\/dorogimedence\\\/\"]},{\"@type\":\"Person\",\"@id\":\"https:\\\/\\\/dorogimedence.hu\\\/#\\\/schema\\\/person\\\/ce6091eeb7e95ecdc87890d6aa8e0fd4\",\"name\":\"dorogimedence.hu\",\"image\":{\"@type\":\"ImageObject\",\"inLanguage\":\"hu\",\"@id\":\"\\\/\\\/www.gravatar.com\\\/avatar\\\/d8d45f8901aadff40a4af72c0b826f1d?s=96&#038;r=g&#038;d=mm\",\"url\":\"\\\/\\\/www.gravatar.com\\\/avatar\\\/d8d45f8901aadff40a4af72c0b826f1d?s=96&#038;r=g&#038;d=mm\",\"contentUrl\":\"\\\/\\\/www.gravatar.com\\\/avatar\\\/d8d45f8901aadff40a4af72c0b826f1d?s=96&#038;r=g&#038;d=mm\",\"caption\":\"dorogimedence.hu\"}}]}<\/script>\n<!-- \/ Yoast SEO plugin. -->","yoast_head_json":{"title":"Folytat\u00f3dik a Richter Eg\u00e9szs\u00e9gv\u00e1ros, okt\u00f3berben Esztergomba is el\u00e9rkezik","robots":{"index":"index","follow":"follow","max-snippet":"max-snippet:-1","max-image-preview":"max-image-preview:large","max-video-preview":"max-video-preview:-1"},"canonical":"https:\/\/dorogimedence.hu\/index.php\/2024\/09\/05\/folytatodik-a-richter-egeszsegvaros-oktoberben-esztergomba-is-elerkezik\/","og_locale":"hu_HU","og_type":"article","og_title":"Folytat\u00f3dik a Richter Eg\u00e9szs\u00e9gv\u00e1ros, okt\u00f3berben Esztergomba is el\u00e9rkezik","og_description":"Id\u00e9n \u0151sszel \u00fajabb telep\u00fcl\u00e9sekre l\u00e1togat el a Richter Gedeon Nyrt. eg\u00e9szs\u00e9gmeg\u0151rz\u00e9st \u00e9s prevenci\u00f3t t\u00e1mogat\u00f3 rendezv\u00e9nysorozata, amely t\u00f6bb mint egy \u00e9vtizede j\u00e1rja az orsz\u00e1got ingyenes eg\u00e9szs\u00e9g\u00fcgyi sz\u0171r\u00e9sekkel, tan\u00e1csad\u00e1sokkal \u00e9s el\u0151ad\u00e1sokkal, hogy t\u00e1mogassa a hazai eg\u00e9szs\u00e9g\u00fcgyi ell\u00e1t\u00f3rendszert. A gy\u00f3gyszergy\u00e1rt\u00f3 v\u00e1llalat azzal a c\u00e9llal ind\u00edtotta el 2009-ben a programot, hogy mindenki sz\u00e1m\u00e1ra hozz\u00e1f\u00e9rhet\u0151v\u00e9 tegye a prevenci\u00f3s szolg\u00e1ltat\u00e1sokat, ez\u00e1ltal","og_url":"https:\/\/dorogimedence.hu\/index.php\/2024\/09\/05\/folytatodik-a-richter-egeszsegvaros-oktoberben-esztergomba-is-elerkezik\/","og_site_name":"Dorogi-medence Region\u00e1lis H\u00edrport\u00e1l","article_publisher":"https:\/\/www.facebook.com\/dorogimedence\/","article_published_time":"2024-09-05T09:53:09+00:00","article_modified_time":"2024-09-07T11:54:21+00:00","og_image":[{"width":1920,"height":970,"url":"https:\/\/dorogimedence.hu\/wp-content\/uploads\/2024\/09\/richter.jpg","type":"image\/jpeg"}],"author":"dorogimedence.hu","twitter_card":"summary_large_image","twitter_misc":{"Szerz\u0151:":"dorogimedence.hu","Becs\u00fclt olvas\u00e1si id\u0151":"3 perc"},"schema":{"@context":"https:\/\/schema.org","@graph":[{"@type":"Article","@id":"https:\/\/dorogimedence.hu\/index.php\/2024\/09\/05\/folytatodik-a-richter-egeszsegvaros-oktoberben-esztergomba-is-elerkezik\/#article","isPartOf":{"@id":"https:\/\/dorogimedence.hu\/index.php\/2024\/09\/05\/folytatodik-a-richter-egeszsegvaros-oktoberben-esztergomba-is-elerkezik\/"},"author":{"name":"dorogimedence.hu","@id":"https:\/\/dorogimedence.hu\/#\/schema\/person\/ce6091eeb7e95ecdc87890d6aa8e0fd4"},"headline":"Folytat\u00f3dik a Richter Eg\u00e9szs\u00e9gv\u00e1ros, okt\u00f3berben Esztergomba is el\u00e9rkezik","datePublished":"2024-09-05T09:53:09+00:00","dateModified":"2024-09-07T11:54:21+00:00","mainEntityOfPage":{"@id":"https:\/\/dorogimedence.hu\/index.php\/2024\/09\/05\/folytatodik-a-richter-egeszsegvaros-oktoberben-esztergomba-is-elerkezik\/"},"wordCount":702,"publisher":{"@id":"https:\/\/dorogimedence.hu\/#organization"},"image":{"@id":"https:\/\/dorogimedence.hu\/index.php\/2024\/09\/05\/folytatodik-a-richter-egeszsegvaros-oktoberben-esztergomba-is-elerkezik\/#primaryimage"},"thumbnailUrl":"https:\/\/dorogimedence.hu\/wp-content\/uploads\/2024\/09\/richter.jpg","keywords":["esztergom","featured","program","programok","richter","Richter Eg\u00e9szs\u00e9gv\u00e1ros","Richter Gedeon"],"articleSection":["Esztergom","H\u00edrek","Programok"],"inLanguage":"hu"},{"@type":"WebPage","@id":"https:\/\/dorogimedence.hu\/index.php\/2024\/09\/05\/folytatodik-a-richter-egeszsegvaros-oktoberben-esztergomba-is-elerkezik\/","url":"https:\/\/dorogimedence.hu\/index.php\/2024\/09\/05\/folytatodik-a-richter-egeszsegvaros-oktoberben-esztergomba-is-elerkezik\/","name":"Folytat\u00f3dik a Richter Eg\u00e9szs\u00e9gv\u00e1ros, okt\u00f3berben Esztergomba is el\u00e9rkezik","isPartOf":{"@id":"https:\/\/dorogimedence.hu\/#website"},"primaryImageOfPage":{"@id":"https:\/\/dorogimedence.hu\/index.php\/2024\/09\/05\/folytatodik-a-richter-egeszsegvaros-oktoberben-esztergomba-is-elerkezik\/#primaryimage"},"image":{"@id":"https:\/\/dorogimedence.hu\/index.php\/2024\/09\/05\/folytatodik-a-richter-egeszsegvaros-oktoberben-esztergomba-is-elerkezik\/#primaryimage"},"thumbnailUrl":"https:\/\/dorogimedence.hu\/wp-content\/uploads\/2024\/09\/richter.jpg","datePublished":"2024-09-05T09:53:09+00:00","dateModified":"2024-09-07T11:54:21+00:00","breadcrumb":{"@id":"https:\/\/dorogimedence.hu\/index.php\/2024\/09\/05\/folytatodik-a-richter-egeszsegvaros-oktoberben-esztergomba-is-elerkezik\/#breadcrumb"},"inLanguage":"hu","potentialAction":[{"@type":"ReadAction","target":["https:\/\/dorogimedence.hu\/index.php\/2024\/09\/05\/folytatodik-a-richter-egeszsegvaros-oktoberben-esztergomba-is-elerkezik\/"]}]},{"@type":"ImageObject","inLanguage":"hu","@id":"https:\/\/dorogimedence.hu\/index.php\/2024\/09\/05\/folytatodik-a-richter-egeszsegvaros-oktoberben-esztergomba-is-elerkezik\/#primaryimage","url":"https:\/\/dorogimedence.hu\/wp-content\/uploads\/2024\/09\/richter.jpg","contentUrl":"https:\/\/dorogimedence.hu\/wp-content\/uploads\/2024\/09\/richter.jpg","width":1920,"height":970},{"@type":"BreadcrumbList","@id":"https:\/\/dorogimedence.hu\/index.php\/2024\/09\/05\/folytatodik-a-richter-egeszsegvaros-oktoberben-esztergomba-is-elerkezik\/#breadcrumb","itemListElement":[{"@type":"ListItem","position":1,"name":"Kezd\u0151lap","item":"https:\/\/dorogimedence.hu\/"},{"@type":"ListItem","position":2,"name":"Folytat\u00f3dik a Richter Eg\u00e9szs\u00e9gv\u00e1ros, okt\u00f3berben Esztergomba is el\u00e9rkezik"}]},{"@type":"WebSite","@id":"https:\/\/dorogimedence.hu\/#website","url":"https:\/\/dorogimedence.hu\/","name":"Dorogi-medence Region\u00e1lis H\u00edrport\u00e1l","description":"Dorog, Keszt\u00f6lc, Le\u00e1nyv\u00e1r, Piliscs\u00e9v, Tokod, Tokodalt\u00e1r\u00f3, Csolnok, Esztergom-kertv\u00e1ros: h\u00edrek, programok","publisher":{"@id":"https:\/\/dorogimedence.hu\/#organization"},"potentialAction":[{"@type":"SearchAction","target":{"@type":"EntryPoint","urlTemplate":"https:\/\/dorogimedence.hu\/?s={search_term_string}"},"query-input":{"@type":"PropertyValueSpecification","valueRequired":true,"valueName":"search_term_string"}}],"inLanguage":"hu"},{"@type":"Organization","@id":"https:\/\/dorogimedence.hu\/#organization","name":"Dorogi-medence Region\u00e1lis H\u00edrport\u00e1l","url":"https:\/\/dorogimedence.hu\/","logo":{"@type":"ImageObject","inLanguage":"hu","@id":"https:\/\/dorogimedence.hu\/#\/schema\/logo\/image\/","url":"https:\/\/dorogimedence.hu\/wp-content\/uploads\/2021\/04\/logo-feher-600.png","contentUrl":"https:\/\/dorogimedence.hu\/wp-content\/uploads\/2021\/04\/logo-feher-600.png","width":600,"height":100,"caption":"Dorogi-medence Region\u00e1lis H\u00edrport\u00e1l"},"image":{"@id":"https:\/\/dorogimedence.hu\/#\/schema\/logo\/image\/"},"sameAs":["https:\/\/www.facebook.com\/dorogimedence\/"]},{"@type":"Person","@id":"https:\/\/dorogimedence.hu\/#\/schema\/person\/ce6091eeb7e95ecdc87890d6aa8e0fd4","name":"dorogimedence.hu","image":{"@type":"ImageObject","inLanguage":"hu","@id":"\/\/www.gravatar.com\/avatar\/d8d45f8901aadff40a4af72c0b826f1d?s=96&#038;r=g&#038;d=mm","url":"\/\/www.gravatar.com\/avatar\/d8d45f8901aadff40a4af72c0b826f1d?s=96&#038;r=g&#038;d=mm","contentUrl":"\/\/www.gravatar.com\/avatar\/d8d45f8901aadff40a4af72c0b826f1d?s=96&#038;r=g&#038;d=mm","caption":"dorogimedence.hu"}}]}},"_links":{"self":[{"href":"https:\/\/dorogimedence.hu\/index.php\/wp-json\/wp\/v2\/posts\/64631","targetHints":{"allow":["GET"]}}],"collection":[{"href":"https:\/\/dorogimedence.hu\/index.php\/wp-json\/wp\/v2\/posts"}],"about":[{"href":"https:\/\/dorogimedence.hu\/index.php\/wp-json\/wp\/v2\/types\/post"}],"author":[{"embeddable":true,"href":"https:\/\/dorogimedence.hu\/index.php\/wp-json\/wp\/v2\/users\/1"}],"replies":[{"embeddable":true,"href":"https:\/\/dorogimedence.hu\/index.php\/wp-json\/wp\/v2\/comments?post=64631"}],"version-history":[{"count":0,"href":"https:\/\/dorogimedence.hu\/index.php\/wp-json\/wp\/v2\/posts\/64631\/revisions"}],"wp:featuredmedia":[{"embeddable":true,"href":"https:\/\/dorogimedence.hu\/index.php\/wp-json\/wp\/v2\/media\/64632"}],"wp:attachment":[{"href":"https:\/\/dorogimedence.hu\/index.php\/wp-json\/wp\/v2\/media?parent=64631"}],"wp:term":[{"taxonomy":"category","embeddable":true,"href":"https:\/\/dorogimedence.hu\/index.php\/wp-json\/wp\/v2\/categories?post=64631"},{"taxonomy":"post_tag","embeddable":true,"href":"https:\/\/dorogimedence.hu\/index.php\/wp-json\/wp\/v2\/tags?post=64631"}],"curies":[{"name":"wp","href":"https:\/\/api.w.org\/{rel}","templated":true}]}}