{"id":64622,"date":"2024-09-05T11:36:00","date_gmt":"2024-09-05T09:36:00","guid":{"rendered":"https:\/\/dorogimedence.hu\/?p=64622"},"modified":"2024-09-05T11:36:00","modified_gmt":"2024-09-05T09:36:00","slug":"osz-szuret-igen-mustgaz-nem","status":"publish","type":"post","link":"https:\/\/dorogimedence.hu\/index.php\/2024\/09\/05\/osz-szuret-igen-mustgaz-nem\/","title":{"rendered":"\u0150sz, sz\u00fcret \u2013 igen! Mustg\u00e1z \u2013 nem!"},"content":{"rendered":"<div class=\"article-descript\">\n<p><strong>Minden \u00e9vben orsz\u00e1gszerte t\u00f6bb alkalommal riasztj\u00e1k mustg\u00e1zzal kapcsolatos esethez a t\u0171zolt\u00f3kat, ahol az esetek egy r\u00e9sz\u00e9ben m\u00e1r nem lehet seg\u00edteni az \u00e1ldozaton. Kell\u0151 odafigyel\u00e9ssel a trag\u00e9di\u00e1k elker\u00fclhet\u0151k.<\/strong><\/p>\n<\/div>\n<div class=\"text\">\n<p>A sz\u0151l\u0151 lev\u00e9nek erjed\u00e9sekor mustg\u00e1z keletkezik. A&nbsp;must erjed\u00e9sekor felszabadul\u00f3 sz\u00e9n-dioxid hal\u00e1los vesz\u00e9lyt jelenthet, hiszen nehezebb a leveg\u0151n\u00e9l, a pinc\u00e9kben alulr\u00f3l felfel\u00e9 terjeszkedve gy\u0171lhet \u00f6ssze, kiszor\u00edtva az oxig\u00e9nt a helyis\u00e9gb\u0151l. A balesetek megel\u0151z\u00e9se \u00e9rdek\u00e9ben gondoskodni kell a pinc\u00e9k megfelel\u0151 szell\u0151z\u00e9s\u00e9r\u0151l, \u00e9s \u00e9rdemes g\u00e1z\u00e9rz\u00e9kel\u0151 riaszt\u00f3berendez\u00e9st is felszerelni.<\/p>\n<p>Egy liter erjed\u0151 must csaknem&nbsp;42&nbsp;liter sz\u00e9n-dioxidot termel, amely \u00f6nmag\u00e1ban nem m\u00e9rgez\u0151, azonban mivel m\u00e1sf\u00e9lszer nehezebb a leveg\u0151n\u00e9l, egy szell\u0151z\u00e9s n\u00e9lk\u00fcli pinc\u00e9b\u0151l kiszor\u00edtja azt. Aki ilyen helyis\u00e9gbe megy le, r\u00f6vid id\u0151 alatt oxig\u00e9nhi\u00e1nyos \u00e1llapotba ker\u00fcl, amelynek jellegzetes t\u00fcnete a sz\u00e9d\u00fcl\u00e9s \u00e9s a f\u00e1radts\u00e1g\u00e9rzet. Ezeket eszm\u00e9letveszt\u00e9s, v\u00e9g\u00fcl fullad\u00e1s k\u00f6vetheti. A sz\u00e9n-dioxiddal tel\u00edtett pinc\u00e9be csak a k\u00fcls\u0151 leveg\u0151t\u0151l f\u00fcggetlen\u00edtett, \u00fagynevezett s\u0171r\u00edtett leveg\u0151s l\u00e9gz\u0151k\u00e9sz\u00fcl\u00e9kben szabad bemenni, ez\u00e9rt aki mustg\u00e1zzal kapcsolatos balesetet \u00e9szlel, azonnal h\u00edvja a&nbsp;112-es seg\u00e9lyh\u00edv\u00f3 sz\u00e1mot \u00e9s k\u00e9rje a t\u0171zolt\u00f3k seg\u00edts\u00e9g\u00e9t!<\/p>\n<p><em>Bor\u00edt\u00f3k\u00e9p: illusztr\u00e1ci\u00f3<\/em><br \/>\n<em>Forr\u00e1s: Katasztr\u00f3fav\u00e9delem<\/em><\/p>\n<\/div>\n","protected":false},"excerpt":{"rendered":"<p>Minden \u00e9vben orsz\u00e1gszerte t\u00f6bb alkalommal riasztj\u00e1k mustg\u00e1zzal kapcsolatos esethez a t\u0171zolt\u00f3kat, ahol az esetek egy r\u00e9sz\u00e9ben m\u00e1r nem lehet seg\u00edteni az \u00e1ldozaton. Kell\u0151 odafigyel\u00e9ssel a trag\u00e9di\u00e1k elker\u00fclhet\u0151k. A sz\u0151l\u0151 lev\u00e9nek erjed\u00e9sekor mustg\u00e1z keletkezik. A&nbsp;must erjed\u00e9sekor felszabadul\u00f3 sz\u00e9n-dioxid hal\u00e1los vesz\u00e9lyt jelenthet, hiszen nehezebb a leveg\u0151n\u00e9l, a pinc\u00e9kben alulr\u00f3l felfel\u00e9 terjeszkedve gy\u0171lhet \u00f6ssze, kiszor\u00edtva az oxig\u00e9nt a<\/p>\n","protected":false},"author":1,"featured_media":64623,"comment_status":"closed","ping_status":"closed","sticky":false,"template":"","format":"standard","meta":{"ngg_post_thumbnail":0,"footnotes":""},"categories":[3],"tags":[175,1459,65],"class_list":{"0":"post-64622","1":"post","2":"type-post","3":"status-publish","4":"format-standard","5":"has-post-thumbnail","7":"category-hirek","8":"tag-katasztrofavedelem","9":"tag-mustgaz","10":"tag-tuzoltosag"},"yoast_head":"<!-- This site is optimized with the Yoast SEO plugin v27.5 - https:\/\/yoast.com\/product\/yoast-seo-wordpress\/ -->\n<title>\u0150sz, sz\u00fcret \u2013 igen! Mustg\u00e1z \u2013 nem!<\/title>\n<meta name=\"robots\" content=\"index, follow, max-snippet:-1, max-image-preview:large, max-video-preview:-1\" \/>\n<link rel=\"canonical\" href=\"https:\/\/dorogimedence.hu\/index.php\/2024\/09\/05\/osz-szuret-igen-mustgaz-nem\/\" class=\"yoast-seo-meta-tag\" \/>\n<meta property=\"og:locale\" content=\"hu_HU\" class=\"yoast-seo-meta-tag\" \/>\n<meta property=\"og:type\" content=\"article\" class=\"yoast-seo-meta-tag\" \/>\n<meta property=\"og:title\" content=\"\u0150sz, sz\u00fcret \u2013 igen! Mustg\u00e1z \u2013 nem!\" class=\"yoast-seo-meta-tag\" \/>\n<meta property=\"og:description\" content=\"Minden \u00e9vben orsz\u00e1gszerte t\u00f6bb alkalommal riasztj\u00e1k mustg\u00e1zzal kapcsolatos esethez a t\u0171zolt\u00f3kat, ahol az esetek egy r\u00e9sz\u00e9ben m\u00e1r nem lehet seg\u00edteni az \u00e1ldozaton. Kell\u0151 odafigyel\u00e9ssel a trag\u00e9di\u00e1k elker\u00fclhet\u0151k. A sz\u0151l\u0151 lev\u00e9nek erjed\u00e9sekor mustg\u00e1z keletkezik. A&nbsp;must erjed\u00e9sekor felszabadul\u00f3 sz\u00e9n-dioxid hal\u00e1los vesz\u00e9lyt jelenthet, hiszen nehezebb a leveg\u0151n\u00e9l, a pinc\u00e9kben alulr\u00f3l felfel\u00e9 terjeszkedve gy\u0171lhet \u00f6ssze, kiszor\u00edtva az oxig\u00e9nt a\" class=\"yoast-seo-meta-tag\" \/>\n<meta property=\"og:url\" content=\"https:\/\/dorogimedence.hu\/index.php\/2024\/09\/05\/osz-szuret-igen-mustgaz-nem\/\" class=\"yoast-seo-meta-tag\" \/>\n<meta property=\"og:site_name\" content=\"Dorogi-medence Region\u00e1lis H\u00edrport\u00e1l\" class=\"yoast-seo-meta-tag\" \/>\n<meta property=\"article:publisher\" content=\"https:\/\/www.facebook.com\/dorogimedence\/\" class=\"yoast-seo-meta-tag\" \/>\n<meta property=\"article:published_time\" content=\"2024-09-05T09:36:00+00:00\" class=\"yoast-seo-meta-tag\" \/>\n<meta property=\"og:image\" content=\"https:\/\/dorogimedence.hu\/wp-content\/uploads\/2024\/09\/komarom.katasztrofavedelem.jpg\" class=\"yoast-seo-meta-tag\" \/>\n\t<meta property=\"og:image:width\" content=\"969\" class=\"yoast-seo-meta-tag\" \/>\n\t<meta property=\"og:image:height\" content=\"515\" class=\"yoast-seo-meta-tag\" \/>\n\t<meta property=\"og:image:type\" content=\"image\/jpeg\" class=\"yoast-seo-meta-tag\" \/>\n<meta name=\"author\" content=\"dorogimedence.hu\" class=\"yoast-seo-meta-tag\" \/>\n<meta name=\"twitter:card\" content=\"summary_large_image\" class=\"yoast-seo-meta-tag\" \/>\n<meta name=\"twitter:label1\" content=\"Szerz\u0151:\" class=\"yoast-seo-meta-tag\" \/>\n\t<meta name=\"twitter:data1\" content=\"dorogimedence.hu\" class=\"yoast-seo-meta-tag\" \/>\n\t<meta name=\"twitter:label2\" content=\"Becs\u00fclt olvas\u00e1si id\u0151\" class=\"yoast-seo-meta-tag\" \/>\n\t<meta name=\"twitter:data2\" content=\"1 perc\" class=\"yoast-seo-meta-tag\" \/>\n<script type=\"application\/ld+json\" class=\"yoast-schema-graph\">{\"@context\":\"https:\\\/\\\/schema.org\",\"@graph\":[{\"@type\":\"Article\",\"@id\":\"https:\\\/\\\/dorogimedence.hu\\\/index.php\\\/2024\\\/09\\\/05\\\/osz-szuret-igen-mustgaz-nem\\\/#article\",\"isPartOf\":{\"@id\":\"https:\\\/\\\/dorogimedence.hu\\\/index.php\\\/2024\\\/09\\\/05\\\/osz-szuret-igen-mustgaz-nem\\\/\"},\"author\":{\"name\":\"dorogimedence.hu\",\"@id\":\"https:\\\/\\\/dorogimedence.hu\\\/#\\\/schema\\\/person\\\/ce6091eeb7e95ecdc87890d6aa8e0fd4\"},\"headline\":\"\u0150sz, sz\u00fcret \u2013 igen! Mustg\u00e1z \u2013 nem!\",\"datePublished\":\"2024-09-05T09:36:00+00:00\",\"mainEntityOfPage\":{\"@id\":\"https:\\\/\\\/dorogimedence.hu\\\/index.php\\\/2024\\\/09\\\/05\\\/osz-szuret-igen-mustgaz-nem\\\/\"},\"wordCount\":280,\"publisher\":{\"@id\":\"https:\\\/\\\/dorogimedence.hu\\\/#organization\"},\"image\":{\"@id\":\"https:\\\/\\\/dorogimedence.hu\\\/index.php\\\/2024\\\/09\\\/05\\\/osz-szuret-igen-mustgaz-nem\\\/#primaryimage\"},\"thumbnailUrl\":\"https:\\\/\\\/dorogimedence.hu\\\/wp-content\\\/uploads\\\/2024\\\/09\\\/komarom.katasztrofavedelem.jpg\",\"keywords\":[\"katasztr\u00f3fav\u00e9delem\",\"mustg\u00e1z\",\"t\u0171zolt\u00f3s\u00e1g\"],\"articleSection\":[\"H\u00edrek\"],\"inLanguage\":\"hu\"},{\"@type\":\"WebPage\",\"@id\":\"https:\\\/\\\/dorogimedence.hu\\\/index.php\\\/2024\\\/09\\\/05\\\/osz-szuret-igen-mustgaz-nem\\\/\",\"url\":\"https:\\\/\\\/dorogimedence.hu\\\/index.php\\\/2024\\\/09\\\/05\\\/osz-szuret-igen-mustgaz-nem\\\/\",\"name\":\"\u0150sz, sz\u00fcret \u2013 igen! Mustg\u00e1z \u2013 nem!\",\"isPartOf\":{\"@id\":\"https:\\\/\\\/dorogimedence.hu\\\/#website\"},\"primaryImageOfPage\":{\"@id\":\"https:\\\/\\\/dorogimedence.hu\\\/index.php\\\/2024\\\/09\\\/05\\\/osz-szuret-igen-mustgaz-nem\\\/#primaryimage\"},\"image\":{\"@id\":\"https:\\\/\\\/dorogimedence.hu\\\/index.php\\\/2024\\\/09\\\/05\\\/osz-szuret-igen-mustgaz-nem\\\/#primaryimage\"},\"thumbnailUrl\":\"https:\\\/\\\/dorogimedence.hu\\\/wp-content\\\/uploads\\\/2024\\\/09\\\/komarom.katasztrofavedelem.jpg\",\"datePublished\":\"2024-09-05T09:36:00+00:00\",\"breadcrumb\":{\"@id\":\"https:\\\/\\\/dorogimedence.hu\\\/index.php\\\/2024\\\/09\\\/05\\\/osz-szuret-igen-mustgaz-nem\\\/#breadcrumb\"},\"inLanguage\":\"hu\",\"potentialAction\":[{\"@type\":\"ReadAction\",\"target\":[\"https:\\\/\\\/dorogimedence.hu\\\/index.php\\\/2024\\\/09\\\/05\\\/osz-szuret-igen-mustgaz-nem\\\/\"]}]},{\"@type\":\"ImageObject\",\"inLanguage\":\"hu\",\"@id\":\"https:\\\/\\\/dorogimedence.hu\\\/index.php\\\/2024\\\/09\\\/05\\\/osz-szuret-igen-mustgaz-nem\\\/#primaryimage\",\"url\":\"https:\\\/\\\/dorogimedence.hu\\\/wp-content\\\/uploads\\\/2024\\\/09\\\/komarom.katasztrofavedelem.jpg\",\"contentUrl\":\"https:\\\/\\\/dorogimedence.hu\\\/wp-content\\\/uploads\\\/2024\\\/09\\\/komarom.katasztrofavedelem.jpg\",\"width\":969,\"height\":515},{\"@type\":\"BreadcrumbList\",\"@id\":\"https:\\\/\\\/dorogimedence.hu\\\/index.php\\\/2024\\\/09\\\/05\\\/osz-szuret-igen-mustgaz-nem\\\/#breadcrumb\",\"itemListElement\":[{\"@type\":\"ListItem\",\"position\":1,\"name\":\"Kezd\u0151lap\",\"item\":\"https:\\\/\\\/dorogimedence.hu\\\/\"},{\"@type\":\"ListItem\",\"position\":2,\"name\":\"\u0150sz, sz\u00fcret \u2013 igen! Mustg\u00e1z \u2013 nem!\"}]},{\"@type\":\"WebSite\",\"@id\":\"https:\\\/\\\/dorogimedence.hu\\\/#website\",\"url\":\"https:\\\/\\\/dorogimedence.hu\\\/\",\"name\":\"Dorogi-medence Region\u00e1lis H\u00edrport\u00e1l\",\"description\":\"Dorog, Keszt\u00f6lc, Le\u00e1nyv\u00e1r, Piliscs\u00e9v, Tokod, Tokodalt\u00e1r\u00f3, Csolnok, Esztergom-kertv\u00e1ros: h\u00edrek, programok\",\"publisher\":{\"@id\":\"https:\\\/\\\/dorogimedence.hu\\\/#organization\"},\"potentialAction\":[{\"@type\":\"SearchAction\",\"target\":{\"@type\":\"EntryPoint\",\"urlTemplate\":\"https:\\\/\\\/dorogimedence.hu\\\/?s={search_term_string}\"},\"query-input\":{\"@type\":\"PropertyValueSpecification\",\"valueRequired\":true,\"valueName\":\"search_term_string\"}}],\"inLanguage\":\"hu\"},{\"@type\":\"Organization\",\"@id\":\"https:\\\/\\\/dorogimedence.hu\\\/#organization\",\"name\":\"Dorogi-medence Region\u00e1lis H\u00edrport\u00e1l\",\"url\":\"https:\\\/\\\/dorogimedence.hu\\\/\",\"logo\":{\"@type\":\"ImageObject\",\"inLanguage\":\"hu\",\"@id\":\"https:\\\/\\\/dorogimedence.hu\\\/#\\\/schema\\\/logo\\\/image\\\/\",\"url\":\"https:\\\/\\\/dorogimedence.hu\\\/wp-content\\\/uploads\\\/2021\\\/04\\\/logo-feher-600.png\",\"contentUrl\":\"https:\\\/\\\/dorogimedence.hu\\\/wp-content\\\/uploads\\\/2021\\\/04\\\/logo-feher-600.png\",\"width\":600,\"height\":100,\"caption\":\"Dorogi-medence Region\u00e1lis H\u00edrport\u00e1l\"},\"image\":{\"@id\":\"https:\\\/\\\/dorogimedence.hu\\\/#\\\/schema\\\/logo\\\/image\\\/\"},\"sameAs\":[\"https:\\\/\\\/www.facebook.com\\\/dorogimedence\\\/\"]},{\"@type\":\"Person\",\"@id\":\"https:\\\/\\\/dorogimedence.hu\\\/#\\\/schema\\\/person\\\/ce6091eeb7e95ecdc87890d6aa8e0fd4\",\"name\":\"dorogimedence.hu\",\"image\":{\"@type\":\"ImageObject\",\"inLanguage\":\"hu\",\"@id\":\"\\\/\\\/www.gravatar.com\\\/avatar\\\/d8d45f8901aadff40a4af72c0b826f1d?s=96&#038;r=g&#038;d=mm\",\"url\":\"\\\/\\\/www.gravatar.com\\\/avatar\\\/d8d45f8901aadff40a4af72c0b826f1d?s=96&#038;r=g&#038;d=mm\",\"contentUrl\":\"\\\/\\\/www.gravatar.com\\\/avatar\\\/d8d45f8901aadff40a4af72c0b826f1d?s=96&#038;r=g&#038;d=mm\",\"caption\":\"dorogimedence.hu\"}}]}<\/script>\n<!-- \/ Yoast SEO plugin. -->","yoast_head_json":{"title":"\u0150sz, sz\u00fcret \u2013 igen! Mustg\u00e1z \u2013 nem!","robots":{"index":"index","follow":"follow","max-snippet":"max-snippet:-1","max-image-preview":"max-image-preview:large","max-video-preview":"max-video-preview:-1"},"canonical":"https:\/\/dorogimedence.hu\/index.php\/2024\/09\/05\/osz-szuret-igen-mustgaz-nem\/","og_locale":"hu_HU","og_type":"article","og_title":"\u0150sz, sz\u00fcret \u2013 igen! Mustg\u00e1z \u2013 nem!","og_description":"Minden \u00e9vben orsz\u00e1gszerte t\u00f6bb alkalommal riasztj\u00e1k mustg\u00e1zzal kapcsolatos esethez a t\u0171zolt\u00f3kat, ahol az esetek egy r\u00e9sz\u00e9ben m\u00e1r nem lehet seg\u00edteni az \u00e1ldozaton. Kell\u0151 odafigyel\u00e9ssel a trag\u00e9di\u00e1k elker\u00fclhet\u0151k. A sz\u0151l\u0151 lev\u00e9nek erjed\u00e9sekor mustg\u00e1z keletkezik. A&nbsp;must erjed\u00e9sekor felszabadul\u00f3 sz\u00e9n-dioxid hal\u00e1los vesz\u00e9lyt jelenthet, hiszen nehezebb a leveg\u0151n\u00e9l, a pinc\u00e9kben alulr\u00f3l felfel\u00e9 terjeszkedve gy\u0171lhet \u00f6ssze, kiszor\u00edtva az oxig\u00e9nt a","og_url":"https:\/\/dorogimedence.hu\/index.php\/2024\/09\/05\/osz-szuret-igen-mustgaz-nem\/","og_site_name":"Dorogi-medence Region\u00e1lis H\u00edrport\u00e1l","article_publisher":"https:\/\/www.facebook.com\/dorogimedence\/","article_published_time":"2024-09-05T09:36:00+00:00","og_image":[{"width":969,"height":515,"url":"https:\/\/dorogimedence.hu\/wp-content\/uploads\/2024\/09\/komarom.katasztrofavedelem.jpg","type":"image\/jpeg"}],"author":"dorogimedence.hu","twitter_card":"summary_large_image","twitter_misc":{"Szerz\u0151:":"dorogimedence.hu","Becs\u00fclt olvas\u00e1si id\u0151":"1 perc"},"schema":{"@context":"https:\/\/schema.org","@graph":[{"@type":"Article","@id":"https:\/\/dorogimedence.hu\/index.php\/2024\/09\/05\/osz-szuret-igen-mustgaz-nem\/#article","isPartOf":{"@id":"https:\/\/dorogimedence.hu\/index.php\/2024\/09\/05\/osz-szuret-igen-mustgaz-nem\/"},"author":{"name":"dorogimedence.hu","@id":"https:\/\/dorogimedence.hu\/#\/schema\/person\/ce6091eeb7e95ecdc87890d6aa8e0fd4"},"headline":"\u0150sz, sz\u00fcret \u2013 igen! Mustg\u00e1z \u2013 nem!","datePublished":"2024-09-05T09:36:00+00:00","mainEntityOfPage":{"@id":"https:\/\/dorogimedence.hu\/index.php\/2024\/09\/05\/osz-szuret-igen-mustgaz-nem\/"},"wordCount":280,"publisher":{"@id":"https:\/\/dorogimedence.hu\/#organization"},"image":{"@id":"https:\/\/dorogimedence.hu\/index.php\/2024\/09\/05\/osz-szuret-igen-mustgaz-nem\/#primaryimage"},"thumbnailUrl":"https:\/\/dorogimedence.hu\/wp-content\/uploads\/2024\/09\/komarom.katasztrofavedelem.jpg","keywords":["katasztr\u00f3fav\u00e9delem","mustg\u00e1z","t\u0171zolt\u00f3s\u00e1g"],"articleSection":["H\u00edrek"],"inLanguage":"hu"},{"@type":"WebPage","@id":"https:\/\/dorogimedence.hu\/index.php\/2024\/09\/05\/osz-szuret-igen-mustgaz-nem\/","url":"https:\/\/dorogimedence.hu\/index.php\/2024\/09\/05\/osz-szuret-igen-mustgaz-nem\/","name":"\u0150sz, sz\u00fcret \u2013 igen! Mustg\u00e1z \u2013 nem!","isPartOf":{"@id":"https:\/\/dorogimedence.hu\/#website"},"primaryImageOfPage":{"@id":"https:\/\/dorogimedence.hu\/index.php\/2024\/09\/05\/osz-szuret-igen-mustgaz-nem\/#primaryimage"},"image":{"@id":"https:\/\/dorogimedence.hu\/index.php\/2024\/09\/05\/osz-szuret-igen-mustgaz-nem\/#primaryimage"},"thumbnailUrl":"https:\/\/dorogimedence.hu\/wp-content\/uploads\/2024\/09\/komarom.katasztrofavedelem.jpg","datePublished":"2024-09-05T09:36:00+00:00","breadcrumb":{"@id":"https:\/\/dorogimedence.hu\/index.php\/2024\/09\/05\/osz-szuret-igen-mustgaz-nem\/#breadcrumb"},"inLanguage":"hu","potentialAction":[{"@type":"ReadAction","target":["https:\/\/dorogimedence.hu\/index.php\/2024\/09\/05\/osz-szuret-igen-mustgaz-nem\/"]}]},{"@type":"ImageObject","inLanguage":"hu","@id":"https:\/\/dorogimedence.hu\/index.php\/2024\/09\/05\/osz-szuret-igen-mustgaz-nem\/#primaryimage","url":"https:\/\/dorogimedence.hu\/wp-content\/uploads\/2024\/09\/komarom.katasztrofavedelem.jpg","contentUrl":"https:\/\/dorogimedence.hu\/wp-content\/uploads\/2024\/09\/komarom.katasztrofavedelem.jpg","width":969,"height":515},{"@type":"BreadcrumbList","@id":"https:\/\/dorogimedence.hu\/index.php\/2024\/09\/05\/osz-szuret-igen-mustgaz-nem\/#breadcrumb","itemListElement":[{"@type":"ListItem","position":1,"name":"Kezd\u0151lap","item":"https:\/\/dorogimedence.hu\/"},{"@type":"ListItem","position":2,"name":"\u0150sz, sz\u00fcret \u2013 igen! Mustg\u00e1z \u2013 nem!"}]},{"@type":"WebSite","@id":"https:\/\/dorogimedence.hu\/#website","url":"https:\/\/dorogimedence.hu\/","name":"Dorogi-medence Region\u00e1lis H\u00edrport\u00e1l","description":"Dorog, Keszt\u00f6lc, Le\u00e1nyv\u00e1r, Piliscs\u00e9v, Tokod, Tokodalt\u00e1r\u00f3, Csolnok, Esztergom-kertv\u00e1ros: h\u00edrek, programok","publisher":{"@id":"https:\/\/dorogimedence.hu\/#organization"},"potentialAction":[{"@type":"SearchAction","target":{"@type":"EntryPoint","urlTemplate":"https:\/\/dorogimedence.hu\/?s={search_term_string}"},"query-input":{"@type":"PropertyValueSpecification","valueRequired":true,"valueName":"search_term_string"}}],"inLanguage":"hu"},{"@type":"Organization","@id":"https:\/\/dorogimedence.hu\/#organization","name":"Dorogi-medence Region\u00e1lis H\u00edrport\u00e1l","url":"https:\/\/dorogimedence.hu\/","logo":{"@type":"ImageObject","inLanguage":"hu","@id":"https:\/\/dorogimedence.hu\/#\/schema\/logo\/image\/","url":"https:\/\/dorogimedence.hu\/wp-content\/uploads\/2021\/04\/logo-feher-600.png","contentUrl":"https:\/\/dorogimedence.hu\/wp-content\/uploads\/2021\/04\/logo-feher-600.png","width":600,"height":100,"caption":"Dorogi-medence Region\u00e1lis H\u00edrport\u00e1l"},"image":{"@id":"https:\/\/dorogimedence.hu\/#\/schema\/logo\/image\/"},"sameAs":["https:\/\/www.facebook.com\/dorogimedence\/"]},{"@type":"Person","@id":"https:\/\/dorogimedence.hu\/#\/schema\/person\/ce6091eeb7e95ecdc87890d6aa8e0fd4","name":"dorogimedence.hu","image":{"@type":"ImageObject","inLanguage":"hu","@id":"\/\/www.gravatar.com\/avatar\/d8d45f8901aadff40a4af72c0b826f1d?s=96&#038;r=g&#038;d=mm","url":"\/\/www.gravatar.com\/avatar\/d8d45f8901aadff40a4af72c0b826f1d?s=96&#038;r=g&#038;d=mm","contentUrl":"\/\/www.gravatar.com\/avatar\/d8d45f8901aadff40a4af72c0b826f1d?s=96&#038;r=g&#038;d=mm","caption":"dorogimedence.hu"}}]}},"_links":{"self":[{"href":"https:\/\/dorogimedence.hu\/index.php\/wp-json\/wp\/v2\/posts\/64622","targetHints":{"allow":["GET"]}}],"collection":[{"href":"https:\/\/dorogimedence.hu\/index.php\/wp-json\/wp\/v2\/posts"}],"about":[{"href":"https:\/\/dorogimedence.hu\/index.php\/wp-json\/wp\/v2\/types\/post"}],"author":[{"embeddable":true,"href":"https:\/\/dorogimedence.hu\/index.php\/wp-json\/wp\/v2\/users\/1"}],"replies":[{"embeddable":true,"href":"https:\/\/dorogimedence.hu\/index.php\/wp-json\/wp\/v2\/comments?post=64622"}],"version-history":[{"count":0,"href":"https:\/\/dorogimedence.hu\/index.php\/wp-json\/wp\/v2\/posts\/64622\/revisions"}],"wp:featuredmedia":[{"embeddable":true,"href":"https:\/\/dorogimedence.hu\/index.php\/wp-json\/wp\/v2\/media\/64623"}],"wp:attachment":[{"href":"https:\/\/dorogimedence.hu\/index.php\/wp-json\/wp\/v2\/media?parent=64622"}],"wp:term":[{"taxonomy":"category","embeddable":true,"href":"https:\/\/dorogimedence.hu\/index.php\/wp-json\/wp\/v2\/categories?post=64622"},{"taxonomy":"post_tag","embeddable":true,"href":"https:\/\/dorogimedence.hu\/index.php\/wp-json\/wp\/v2\/tags?post=64622"}],"curies":[{"name":"wp","href":"https:\/\/api.w.org\/{rel}","templated":true}]}}