{"id":64601,"date":"2024-09-04T13:44:57","date_gmt":"2024-09-04T11:44:57","guid":{"rendered":"https:\/\/dorogimedence.hu\/?p=64601"},"modified":"2024-09-04T13:44:57","modified_gmt":"2024-09-04T11:44:57","slug":"nem-gondoskodtak-kiskoru-gyermekeikrol","status":"publish","type":"post","link":"https:\/\/dorogimedence.hu\/index.php\/2024\/09\/04\/nem-gondoskodtak-kiskoru-gyermekeikrol\/","title":{"rendered":"Nem gondoskodtak kiskor\u00fa gyermekeikr\u0151l"},"content":{"rendered":"<p><strong>Nem joger\u0151sen b\u00f6rt\u00f6nb\u00fcntet\u00e9sre \u00edt\u00e9lt\u00e9k azokat a sz\u00fcl\u0151ket, akik nem gondoskodtak kiskor\u00fa gyermekeikr\u0151l. A sz\u00fcl\u0151k ink\u00e1bb sz\u00f3rakoztak \u00e9s aut\u00f3t vettek, minthogy a gyermekek megfelel\u0151 \u00e9lelmez\u00e9s\u00e9r\u0151l, ruh\u00e1ztat\u00e1s\u00e1r\u00f3l gondoskodtak volna.<\/strong><\/p>\n<p>A meg\u00e1llap\u00edtott t\u00e9ny\u00e1ll\u00e1s szerint a f\u00e9rfi \u00e9s a n\u0151 k\u00e9t k\u00f6z\u00f6s kiskor\u00fa gyermek\u00fck nevel\u00e9s\u00e9b\u0151l ad\u00f3d\u00f3&nbsp;k\u00f6telezetts\u00e9geiket s\u00falyosan megszegt\u00e9k. A n\u0151 nem dolgozott, a f\u00e9rfinek sem volt rendszeres j\u00f6vedelme, a befolyt p\u00e9nzt nem osztott\u00e1k be megfelel\u0151en, abb\u00f3l nem t\u00fczel\u0151t, \u00e9lelmiszert, a gyermekeknek t\u00e1pszert, pelenk\u00e1t, \u00e9vszaknak megfelel\u0151 ruh\u00e1t v\u00e1s\u00e1roltak, hanem mobiltelefont \u00e9s g\u00e9pj\u00e1rm\u0171vet vettek, noha egyik sem rendelkezett jogos\u00edtv\u00e1nnyal.<\/p>\n<p>A f\u00e9rfi enged\u00e9ly n\u00e9lk\u00fcl vezette az aut\u00f3t, emiatt 10 alkalommal szab\u00e1lys\u00e9rt\u00e9si b\u00edrs\u00e1got kapott. A sz\u00fcl\u0151k 2020 nyar\u00e1n nagyobb \u00f6sszeg\u0171 ad\u00f3visszat\u00e9r\u00edt\u00e9st kaptak a gyermekek ut\u00e1n, de ekkor sem gondoskodtak t\u00fczel\u0151r\u0151l, meleg ruh\u00e1kr\u00f3l, tart\u00f3s \u00e9lelmiszerekr\u0151l, a v\u00edzd\u00edj tartoz\u00e1s kifizet\u00e9s\u00e9r\u0151l.&nbsp;<\/p>\n<p>A v\u00e1dlottak a lak\u00e1st \u00e9s k\u00f6rnyezet\u00fcket elhanyagolt\u00e1k. A n\u0151 nem gondoskodott a gyermekek megfelel\u0151 \u00e9lelmez\u00e9s\u00e9r\u0151l, tiszt\u00e1lkod\u00e1s\u00e1r\u00f3l, a ruh\u00e1zat mos\u00e1s\u00e1r\u00f3l, a napjait els\u0151dlegesen sz\u00f3rakoz\u00e1ssal, internetez\u00e9ssel t\u00f6lt\u00f6tte. A sz\u00fcl\u0151k a gyermekekkel nem j\u00e1tszottak, nem foglalkoztak, nem besz\u00e9ltek hozz\u00e1juk.&nbsp;<\/p>\n<p>A sz\u00fcl\u0151k a kiskor\u00fa s\u00e9rtettek nevel\u00e9s\u00e9t \u00e9s gondoz\u00e1s\u00e1t s\u00falyos m\u00e9rt\u00e9kben elhanyagolt\u00e1k, \u00e9s ennek eredm\u00e9nyek\u00e9ppen 2021. nyar\u00e1n az akkor m\u00e1r t\u00f6bb, mint 4 \u00e9ves \u00e9s 2,5 \u00e9ves kiskor\u00fa gyermek nem besz\u00e9lt, test\u00fck\u00f6n elfert\u0151z\u00f6tt sebek voltak. Mindk\u00e9t gyermek \u00e9rzelmileg s\u00e9r\u00fclt a csal\u00e1di k\u00f6rnyezetben, szocializ\u00e1ci\u00f3s t\u00e9ren a fejl\u0151d\u00e9sben elmaradtak.&nbsp;A s\u00e9rtetteket a gy\u00e1mhat\u00f3s\u00e1g a csal\u00e1db\u00f3l kiemelte, \u00e9s nevel\u0151sz\u00fcl\u0151kn\u00e9l helyezte el.&nbsp;<\/p>\n<p>A b\u00edr\u00f3s\u00e1g 2021-ben kiskor\u00fa vesz\u00e9lyeztet\u00e9s\u00e9nek b\u0171ntette miatt a n\u0151t 1 \u00e9v b\u00f6rt\u00f6nb\u00fcntet\u00e9sre \u00edt\u00e9lte, melynek v\u00e9grehajt\u00e1s\u00e1t 2 \u00e9vre felf\u00fcggesztette, a f\u00e9rfit, mint visszaes\u0151t 1 \u00e9v 3 h\u00f3nap b\u00f6rt\u00f6nb\u00fcntet\u00e9sre \u00e9s 2 \u00e9v k\u00f6z\u00fcgyekt\u0151l eltilt\u00e1sra \u00edt\u00e9lte.<\/p>\n<p>Az Esztergomi J\u00e1r\u00e1si \u00dcgy\u00e9szs\u00e9g v\u00e1dirat alapj\u00e1n az Esztergomi J\u00e1r\u00e1sb\u00edr\u00f3s\u00e1g kiskor\u00fa vesz\u00e9lyeztet\u00e9s\u00e9nek b\u0171ntette miatt indult \u00fcgyben tartott folytat\u00f3lagos t\u00e1rgyal\u00e1son hozott \u00edt\u00e9letet a sz\u00fcl\u0151kkel szemben. A b\u00edr\u00f3s\u00e1g a v\u00e1dlott n\u0151t 2 \u00e9v b\u00f6rt\u00f6nb\u00fcntet\u00e9sre, 3 \u00e9v k\u00f6z\u00fcgyekt\u0151l eltilt\u00e1sra, a f\u00e9rfit 1 \u00e9v 6 h\u00f3nap b\u00f6rt\u00f6nb\u00fcntet\u00e9sre \u00e9s 2 \u00e9v k\u00f6z\u00fcgyekt\u0151l eltilt\u00e1sra \u00edt\u00e9lte, a v\u00e1dlottak sz\u00fcl\u0151i fel\u00fcgyeleti jog\u00e1t megsz\u00fcntette, tov\u00e1bb\u00e1 3-3 \u00e9vre eltiltotta \u0151ket b\u00e1rmely olyan foglalkoz\u00e1s gyakorl\u00e1s\u00e1t\u00f3l vagy egy\u00e9b tev\u00e9kenys\u00e9gt\u0151l, amelynek keret\u00e9ben 18. \u00e9let\u00e9v\u00e9t be nem t\u00f6lt\u00f6tt szem\u00e9ly nevel\u00e9s\u00e9t, fel\u00fcgyelet\u00e9t, gondoz\u00e1s\u00e1t, gy\u00f3gykezel\u00e9s\u00e9t v\u00e9gzi, illetve ilyen szem\u00e9llyel egy\u00e9b hatalmi befoly\u00e1si viszonyban \u00e1ll. Az \u00edt\u00e9letet az \u00fcgy\u00e9sz tudom\u00e1sul vette, azonban az nem joger\u0151s, mivel a v\u00e1dlottak \u00e9s v\u00e9d\u0151k fellebbez\u00e9st jelentettek be.&nbsp;<\/p>\n<p><em>Forr\u00e1s: Kom\u00e1rom-Esztergom V\u00e1rmegyei F\u0151\u00fcgy\u00e9szs\u00e9g \/ Tatab\u00e1nyai T\u00f6rv\u00e9nysz\u00e9k<br \/>\nBor\u00edt\u00f3k\u00e9p: illusztr\u00e1ci\u00f3<br \/>\n<\/em><\/p>\n","protected":false},"excerpt":{"rendered":"<p>Nem joger\u0151sen b\u00f6rt\u00f6nb\u00fcntet\u00e9sre \u00edt\u00e9lt\u00e9k azokat a sz\u00fcl\u0151ket, akik nem gondoskodtak kiskor\u00fa gyermekeikr\u0151l. A sz\u00fcl\u0151k ink\u00e1bb sz\u00f3rakoztak \u00e9s aut\u00f3t vettek, minthogy a gyermekek megfelel\u0151 \u00e9lelmez\u00e9s\u00e9r\u0151l, ruh\u00e1ztat\u00e1s\u00e1r\u00f3l gondoskodtak volna. A meg\u00e1llap\u00edtott t\u00e9ny\u00e1ll\u00e1s szerint a f\u00e9rfi \u00e9s a n\u0151 k\u00e9t k\u00f6z\u00f6s kiskor\u00fa gyermek\u00fck nevel\u00e9s\u00e9b\u0151l ad\u00f3d\u00f3&nbsp;k\u00f6telezetts\u00e9geiket s\u00falyosan megszegt\u00e9k. A n\u0151 nem dolgozott, a f\u00e9rfinek sem volt rendszeres j\u00f6vedelme, a<\/p>\n","protected":false},"author":1,"featured_media":62906,"comment_status":"closed","ping_status":"closed","sticky":false,"template":"","format":"standard","meta":{"ngg_post_thumbnail":0,"footnotes":""},"categories":[38,3,39],"tags":[1042,42,61,326],"class_list":{"0":"post-64601","1":"post","2":"type-post","3":"status-publish","4":"format-standard","5":"has-post-thumbnail","7":"category-esztergom","8":"category-hirek","9":"category-kek-hirek","10":"tag-birosag","11":"tag-esztergom","12":"tag-rendorsegi-hirek","13":"tag-ugyeszseg"},"yoast_head":"<!-- This site is optimized with the Yoast SEO plugin v27.4 - https:\/\/yoast.com\/product\/yoast-seo-wordpress\/ -->\n<title>Nem gondoskodtak kiskor\u00fa gyermekeikr\u0151l<\/title>\n<meta name=\"robots\" content=\"index, follow, max-snippet:-1, max-image-preview:large, max-video-preview:-1\" \/>\n<link rel=\"canonical\" href=\"https:\/\/dorogimedence.hu\/index.php\/2024\/09\/04\/nem-gondoskodtak-kiskoru-gyermekeikrol\/\" class=\"yoast-seo-meta-tag\" \/>\n<meta property=\"og:locale\" content=\"hu_HU\" class=\"yoast-seo-meta-tag\" \/>\n<meta property=\"og:type\" content=\"article\" class=\"yoast-seo-meta-tag\" \/>\n<meta property=\"og:title\" content=\"Nem gondoskodtak kiskor\u00fa gyermekeikr\u0151l\" class=\"yoast-seo-meta-tag\" \/>\n<meta property=\"og:description\" content=\"Nem joger\u0151sen b\u00f6rt\u00f6nb\u00fcntet\u00e9sre \u00edt\u00e9lt\u00e9k azokat a sz\u00fcl\u0151ket, akik nem gondoskodtak kiskor\u00fa gyermekeikr\u0151l. A sz\u00fcl\u0151k ink\u00e1bb sz\u00f3rakoztak \u00e9s aut\u00f3t vettek, minthogy a gyermekek megfelel\u0151 \u00e9lelmez\u00e9s\u00e9r\u0151l, ruh\u00e1ztat\u00e1s\u00e1r\u00f3l gondoskodtak volna. A meg\u00e1llap\u00edtott t\u00e9ny\u00e1ll\u00e1s szerint a f\u00e9rfi \u00e9s a n\u0151 k\u00e9t k\u00f6z\u00f6s kiskor\u00fa gyermek\u00fck nevel\u00e9s\u00e9b\u0151l ad\u00f3d\u00f3&nbsp;k\u00f6telezetts\u00e9geiket s\u00falyosan megszegt\u00e9k. A n\u0151 nem dolgozott, a f\u00e9rfinek sem volt rendszeres j\u00f6vedelme, a\" class=\"yoast-seo-meta-tag\" \/>\n<meta property=\"og:url\" content=\"https:\/\/dorogimedence.hu\/index.php\/2024\/09\/04\/nem-gondoskodtak-kiskoru-gyermekeikrol\/\" class=\"yoast-seo-meta-tag\" \/>\n<meta property=\"og:site_name\" content=\"Dorogi-medence Region\u00e1lis H\u00edrport\u00e1l\" class=\"yoast-seo-meta-tag\" \/>\n<meta property=\"article:publisher\" content=\"https:\/\/www.facebook.com\/dorogimedence\/\" class=\"yoast-seo-meta-tag\" \/>\n<meta property=\"article:published_time\" content=\"2024-09-04T11:44:57+00:00\" class=\"yoast-seo-meta-tag\" \/>\n<meta property=\"og:image\" content=\"https:\/\/dorogimedence.hu\/wp-content\/uploads\/2024\/06\/pexels-cottonbro-4874400.jpg\" class=\"yoast-seo-meta-tag\" \/>\n\t<meta property=\"og:image:width\" content=\"1920\" class=\"yoast-seo-meta-tag\" \/>\n\t<meta property=\"og:image:height\" content=\"1280\" class=\"yoast-seo-meta-tag\" \/>\n\t<meta property=\"og:image:type\" content=\"image\/jpeg\" class=\"yoast-seo-meta-tag\" \/>\n<meta name=\"author\" content=\"dorogimedence.hu\" class=\"yoast-seo-meta-tag\" \/>\n<meta name=\"twitter:card\" content=\"summary_large_image\" class=\"yoast-seo-meta-tag\" \/>\n<meta name=\"twitter:label1\" content=\"Szerz\u0151:\" class=\"yoast-seo-meta-tag\" \/>\n\t<meta name=\"twitter:data1\" content=\"dorogimedence.hu\" class=\"yoast-seo-meta-tag\" \/>\n\t<meta name=\"twitter:label2\" content=\"Becs\u00fclt olvas\u00e1si id\u0151\" class=\"yoast-seo-meta-tag\" \/>\n\t<meta name=\"twitter:data2\" content=\"3 perc\" class=\"yoast-seo-meta-tag\" \/>\n<script type=\"application\/ld+json\" class=\"yoast-schema-graph\">{\"@context\":\"https:\\\/\\\/schema.org\",\"@graph\":[{\"@type\":\"Article\",\"@id\":\"https:\\\/\\\/dorogimedence.hu\\\/index.php\\\/2024\\\/09\\\/04\\\/nem-gondoskodtak-kiskoru-gyermekeikrol\\\/#article\",\"isPartOf\":{\"@id\":\"https:\\\/\\\/dorogimedence.hu\\\/index.php\\\/2024\\\/09\\\/04\\\/nem-gondoskodtak-kiskoru-gyermekeikrol\\\/\"},\"author\":{\"name\":\"dorogimedence.hu\",\"@id\":\"https:\\\/\\\/dorogimedence.hu\\\/#\\\/schema\\\/person\\\/ce6091eeb7e95ecdc87890d6aa8e0fd4\"},\"headline\":\"Nem gondoskodtak kiskor\u00fa gyermekeikr\u0151l\",\"datePublished\":\"2024-09-04T11:44:57+00:00\",\"mainEntityOfPage\":{\"@id\":\"https:\\\/\\\/dorogimedence.hu\\\/index.php\\\/2024\\\/09\\\/04\\\/nem-gondoskodtak-kiskoru-gyermekeikrol\\\/\"},\"wordCount\":643,\"publisher\":{\"@id\":\"https:\\\/\\\/dorogimedence.hu\\\/#organization\"},\"image\":{\"@id\":\"https:\\\/\\\/dorogimedence.hu\\\/index.php\\\/2024\\\/09\\\/04\\\/nem-gondoskodtak-kiskoru-gyermekeikrol\\\/#primaryimage\"},\"thumbnailUrl\":\"https:\\\/\\\/dorogimedence.hu\\\/wp-content\\\/uploads\\\/2024\\\/06\\\/pexels-cottonbro-4874400.jpg\",\"keywords\":[\"b\u00edr\u00f3s\u00e1g\",\"esztergom\",\"rend\u0151rs\u00e9gi h\u00edrek\",\"\u00fcgy\u00e9szs\u00e9g\"],\"articleSection\":[\"Esztergom\",\"H\u00edrek\",\"K\u00e9k h\u00edrek\"],\"inLanguage\":\"hu\"},{\"@type\":\"WebPage\",\"@id\":\"https:\\\/\\\/dorogimedence.hu\\\/index.php\\\/2024\\\/09\\\/04\\\/nem-gondoskodtak-kiskoru-gyermekeikrol\\\/\",\"url\":\"https:\\\/\\\/dorogimedence.hu\\\/index.php\\\/2024\\\/09\\\/04\\\/nem-gondoskodtak-kiskoru-gyermekeikrol\\\/\",\"name\":\"Nem gondoskodtak kiskor\u00fa gyermekeikr\u0151l\",\"isPartOf\":{\"@id\":\"https:\\\/\\\/dorogimedence.hu\\\/#website\"},\"primaryImageOfPage\":{\"@id\":\"https:\\\/\\\/dorogimedence.hu\\\/index.php\\\/2024\\\/09\\\/04\\\/nem-gondoskodtak-kiskoru-gyermekeikrol\\\/#primaryimage\"},\"image\":{\"@id\":\"https:\\\/\\\/dorogimedence.hu\\\/index.php\\\/2024\\\/09\\\/04\\\/nem-gondoskodtak-kiskoru-gyermekeikrol\\\/#primaryimage\"},\"thumbnailUrl\":\"https:\\\/\\\/dorogimedence.hu\\\/wp-content\\\/uploads\\\/2024\\\/06\\\/pexels-cottonbro-4874400.jpg\",\"datePublished\":\"2024-09-04T11:44:57+00:00\",\"breadcrumb\":{\"@id\":\"https:\\\/\\\/dorogimedence.hu\\\/index.php\\\/2024\\\/09\\\/04\\\/nem-gondoskodtak-kiskoru-gyermekeikrol\\\/#breadcrumb\"},\"inLanguage\":\"hu\",\"potentialAction\":[{\"@type\":\"ReadAction\",\"target\":[\"https:\\\/\\\/dorogimedence.hu\\\/index.php\\\/2024\\\/09\\\/04\\\/nem-gondoskodtak-kiskoru-gyermekeikrol\\\/\"]}]},{\"@type\":\"ImageObject\",\"inLanguage\":\"hu\",\"@id\":\"https:\\\/\\\/dorogimedence.hu\\\/index.php\\\/2024\\\/09\\\/04\\\/nem-gondoskodtak-kiskoru-gyermekeikrol\\\/#primaryimage\",\"url\":\"https:\\\/\\\/dorogimedence.hu\\\/wp-content\\\/uploads\\\/2024\\\/06\\\/pexels-cottonbro-4874400.jpg\",\"contentUrl\":\"https:\\\/\\\/dorogimedence.hu\\\/wp-content\\\/uploads\\\/2024\\\/06\\\/pexels-cottonbro-4874400.jpg\",\"width\":1920,\"height\":1280},{\"@type\":\"BreadcrumbList\",\"@id\":\"https:\\\/\\\/dorogimedence.hu\\\/index.php\\\/2024\\\/09\\\/04\\\/nem-gondoskodtak-kiskoru-gyermekeikrol\\\/#breadcrumb\",\"itemListElement\":[{\"@type\":\"ListItem\",\"position\":1,\"name\":\"Kezd\u0151lap\",\"item\":\"https:\\\/\\\/dorogimedence.hu\\\/\"},{\"@type\":\"ListItem\",\"position\":2,\"name\":\"Nem gondoskodtak kiskor\u00fa gyermekeikr\u0151l\"}]},{\"@type\":\"WebSite\",\"@id\":\"https:\\\/\\\/dorogimedence.hu\\\/#website\",\"url\":\"https:\\\/\\\/dorogimedence.hu\\\/\",\"name\":\"Dorogi-medence Region\u00e1lis H\u00edrport\u00e1l\",\"description\":\"Dorog, Keszt\u00f6lc, Le\u00e1nyv\u00e1r, Piliscs\u00e9v, Tokod, Tokodalt\u00e1r\u00f3, Csolnok, Esztergom-kertv\u00e1ros: h\u00edrek, programok\",\"publisher\":{\"@id\":\"https:\\\/\\\/dorogimedence.hu\\\/#organization\"},\"potentialAction\":[{\"@type\":\"SearchAction\",\"target\":{\"@type\":\"EntryPoint\",\"urlTemplate\":\"https:\\\/\\\/dorogimedence.hu\\\/?s={search_term_string}\"},\"query-input\":{\"@type\":\"PropertyValueSpecification\",\"valueRequired\":true,\"valueName\":\"search_term_string\"}}],\"inLanguage\":\"hu\"},{\"@type\":\"Organization\",\"@id\":\"https:\\\/\\\/dorogimedence.hu\\\/#organization\",\"name\":\"Dorogi-medence Region\u00e1lis H\u00edrport\u00e1l\",\"url\":\"https:\\\/\\\/dorogimedence.hu\\\/\",\"logo\":{\"@type\":\"ImageObject\",\"inLanguage\":\"hu\",\"@id\":\"https:\\\/\\\/dorogimedence.hu\\\/#\\\/schema\\\/logo\\\/image\\\/\",\"url\":\"https:\\\/\\\/dorogimedence.hu\\\/wp-content\\\/uploads\\\/2021\\\/04\\\/logo-feher-600.png\",\"contentUrl\":\"https:\\\/\\\/dorogimedence.hu\\\/wp-content\\\/uploads\\\/2021\\\/04\\\/logo-feher-600.png\",\"width\":600,\"height\":100,\"caption\":\"Dorogi-medence Region\u00e1lis H\u00edrport\u00e1l\"},\"image\":{\"@id\":\"https:\\\/\\\/dorogimedence.hu\\\/#\\\/schema\\\/logo\\\/image\\\/\"},\"sameAs\":[\"https:\\\/\\\/www.facebook.com\\\/dorogimedence\\\/\"]},{\"@type\":\"Person\",\"@id\":\"https:\\\/\\\/dorogimedence.hu\\\/#\\\/schema\\\/person\\\/ce6091eeb7e95ecdc87890d6aa8e0fd4\",\"name\":\"dorogimedence.hu\",\"image\":{\"@type\":\"ImageObject\",\"inLanguage\":\"hu\",\"@id\":\"\\\/\\\/www.gravatar.com\\\/avatar\\\/d8d45f8901aadff40a4af72c0b826f1d?s=96&#038;r=g&#038;d=mm\",\"url\":\"\\\/\\\/www.gravatar.com\\\/avatar\\\/d8d45f8901aadff40a4af72c0b826f1d?s=96&#038;r=g&#038;d=mm\",\"contentUrl\":\"\\\/\\\/www.gravatar.com\\\/avatar\\\/d8d45f8901aadff40a4af72c0b826f1d?s=96&#038;r=g&#038;d=mm\",\"caption\":\"dorogimedence.hu\"}}]}<\/script>\n<!-- \/ Yoast SEO plugin. -->","yoast_head_json":{"title":"Nem gondoskodtak kiskor\u00fa gyermekeikr\u0151l","robots":{"index":"index","follow":"follow","max-snippet":"max-snippet:-1","max-image-preview":"max-image-preview:large","max-video-preview":"max-video-preview:-1"},"canonical":"https:\/\/dorogimedence.hu\/index.php\/2024\/09\/04\/nem-gondoskodtak-kiskoru-gyermekeikrol\/","og_locale":"hu_HU","og_type":"article","og_title":"Nem gondoskodtak kiskor\u00fa gyermekeikr\u0151l","og_description":"Nem joger\u0151sen b\u00f6rt\u00f6nb\u00fcntet\u00e9sre \u00edt\u00e9lt\u00e9k azokat a sz\u00fcl\u0151ket, akik nem gondoskodtak kiskor\u00fa gyermekeikr\u0151l. A sz\u00fcl\u0151k ink\u00e1bb sz\u00f3rakoztak \u00e9s aut\u00f3t vettek, minthogy a gyermekek megfelel\u0151 \u00e9lelmez\u00e9s\u00e9r\u0151l, ruh\u00e1ztat\u00e1s\u00e1r\u00f3l gondoskodtak volna. A meg\u00e1llap\u00edtott t\u00e9ny\u00e1ll\u00e1s szerint a f\u00e9rfi \u00e9s a n\u0151 k\u00e9t k\u00f6z\u00f6s kiskor\u00fa gyermek\u00fck nevel\u00e9s\u00e9b\u0151l ad\u00f3d\u00f3&nbsp;k\u00f6telezetts\u00e9geiket s\u00falyosan megszegt\u00e9k. A n\u0151 nem dolgozott, a f\u00e9rfinek sem volt rendszeres j\u00f6vedelme, a","og_url":"https:\/\/dorogimedence.hu\/index.php\/2024\/09\/04\/nem-gondoskodtak-kiskoru-gyermekeikrol\/","og_site_name":"Dorogi-medence Region\u00e1lis H\u00edrport\u00e1l","article_publisher":"https:\/\/www.facebook.com\/dorogimedence\/","article_published_time":"2024-09-04T11:44:57+00:00","og_image":[{"width":1920,"height":1280,"url":"https:\/\/dorogimedence.hu\/wp-content\/uploads\/2024\/06\/pexels-cottonbro-4874400.jpg","type":"image\/jpeg"}],"author":"dorogimedence.hu","twitter_card":"summary_large_image","twitter_misc":{"Szerz\u0151:":"dorogimedence.hu","Becs\u00fclt olvas\u00e1si id\u0151":"3 perc"},"schema":{"@context":"https:\/\/schema.org","@graph":[{"@type":"Article","@id":"https:\/\/dorogimedence.hu\/index.php\/2024\/09\/04\/nem-gondoskodtak-kiskoru-gyermekeikrol\/#article","isPartOf":{"@id":"https:\/\/dorogimedence.hu\/index.php\/2024\/09\/04\/nem-gondoskodtak-kiskoru-gyermekeikrol\/"},"author":{"name":"dorogimedence.hu","@id":"https:\/\/dorogimedence.hu\/#\/schema\/person\/ce6091eeb7e95ecdc87890d6aa8e0fd4"},"headline":"Nem gondoskodtak kiskor\u00fa gyermekeikr\u0151l","datePublished":"2024-09-04T11:44:57+00:00","mainEntityOfPage":{"@id":"https:\/\/dorogimedence.hu\/index.php\/2024\/09\/04\/nem-gondoskodtak-kiskoru-gyermekeikrol\/"},"wordCount":643,"publisher":{"@id":"https:\/\/dorogimedence.hu\/#organization"},"image":{"@id":"https:\/\/dorogimedence.hu\/index.php\/2024\/09\/04\/nem-gondoskodtak-kiskoru-gyermekeikrol\/#primaryimage"},"thumbnailUrl":"https:\/\/dorogimedence.hu\/wp-content\/uploads\/2024\/06\/pexels-cottonbro-4874400.jpg","keywords":["b\u00edr\u00f3s\u00e1g","esztergom","rend\u0151rs\u00e9gi h\u00edrek","\u00fcgy\u00e9szs\u00e9g"],"articleSection":["Esztergom","H\u00edrek","K\u00e9k h\u00edrek"],"inLanguage":"hu"},{"@type":"WebPage","@id":"https:\/\/dorogimedence.hu\/index.php\/2024\/09\/04\/nem-gondoskodtak-kiskoru-gyermekeikrol\/","url":"https:\/\/dorogimedence.hu\/index.php\/2024\/09\/04\/nem-gondoskodtak-kiskoru-gyermekeikrol\/","name":"Nem gondoskodtak kiskor\u00fa gyermekeikr\u0151l","isPartOf":{"@id":"https:\/\/dorogimedence.hu\/#website"},"primaryImageOfPage":{"@id":"https:\/\/dorogimedence.hu\/index.php\/2024\/09\/04\/nem-gondoskodtak-kiskoru-gyermekeikrol\/#primaryimage"},"image":{"@id":"https:\/\/dorogimedence.hu\/index.php\/2024\/09\/04\/nem-gondoskodtak-kiskoru-gyermekeikrol\/#primaryimage"},"thumbnailUrl":"https:\/\/dorogimedence.hu\/wp-content\/uploads\/2024\/06\/pexels-cottonbro-4874400.jpg","datePublished":"2024-09-04T11:44:57+00:00","breadcrumb":{"@id":"https:\/\/dorogimedence.hu\/index.php\/2024\/09\/04\/nem-gondoskodtak-kiskoru-gyermekeikrol\/#breadcrumb"},"inLanguage":"hu","potentialAction":[{"@type":"ReadAction","target":["https:\/\/dorogimedence.hu\/index.php\/2024\/09\/04\/nem-gondoskodtak-kiskoru-gyermekeikrol\/"]}]},{"@type":"ImageObject","inLanguage":"hu","@id":"https:\/\/dorogimedence.hu\/index.php\/2024\/09\/04\/nem-gondoskodtak-kiskoru-gyermekeikrol\/#primaryimage","url":"https:\/\/dorogimedence.hu\/wp-content\/uploads\/2024\/06\/pexels-cottonbro-4874400.jpg","contentUrl":"https:\/\/dorogimedence.hu\/wp-content\/uploads\/2024\/06\/pexels-cottonbro-4874400.jpg","width":1920,"height":1280},{"@type":"BreadcrumbList","@id":"https:\/\/dorogimedence.hu\/index.php\/2024\/09\/04\/nem-gondoskodtak-kiskoru-gyermekeikrol\/#breadcrumb","itemListElement":[{"@type":"ListItem","position":1,"name":"Kezd\u0151lap","item":"https:\/\/dorogimedence.hu\/"},{"@type":"ListItem","position":2,"name":"Nem gondoskodtak kiskor\u00fa gyermekeikr\u0151l"}]},{"@type":"WebSite","@id":"https:\/\/dorogimedence.hu\/#website","url":"https:\/\/dorogimedence.hu\/","name":"Dorogi-medence Region\u00e1lis H\u00edrport\u00e1l","description":"Dorog, Keszt\u00f6lc, Le\u00e1nyv\u00e1r, Piliscs\u00e9v, Tokod, Tokodalt\u00e1r\u00f3, Csolnok, Esztergom-kertv\u00e1ros: h\u00edrek, programok","publisher":{"@id":"https:\/\/dorogimedence.hu\/#organization"},"potentialAction":[{"@type":"SearchAction","target":{"@type":"EntryPoint","urlTemplate":"https:\/\/dorogimedence.hu\/?s={search_term_string}"},"query-input":{"@type":"PropertyValueSpecification","valueRequired":true,"valueName":"search_term_string"}}],"inLanguage":"hu"},{"@type":"Organization","@id":"https:\/\/dorogimedence.hu\/#organization","name":"Dorogi-medence Region\u00e1lis H\u00edrport\u00e1l","url":"https:\/\/dorogimedence.hu\/","logo":{"@type":"ImageObject","inLanguage":"hu","@id":"https:\/\/dorogimedence.hu\/#\/schema\/logo\/image\/","url":"https:\/\/dorogimedence.hu\/wp-content\/uploads\/2021\/04\/logo-feher-600.png","contentUrl":"https:\/\/dorogimedence.hu\/wp-content\/uploads\/2021\/04\/logo-feher-600.png","width":600,"height":100,"caption":"Dorogi-medence Region\u00e1lis H\u00edrport\u00e1l"},"image":{"@id":"https:\/\/dorogimedence.hu\/#\/schema\/logo\/image\/"},"sameAs":["https:\/\/www.facebook.com\/dorogimedence\/"]},{"@type":"Person","@id":"https:\/\/dorogimedence.hu\/#\/schema\/person\/ce6091eeb7e95ecdc87890d6aa8e0fd4","name":"dorogimedence.hu","image":{"@type":"ImageObject","inLanguage":"hu","@id":"\/\/www.gravatar.com\/avatar\/d8d45f8901aadff40a4af72c0b826f1d?s=96&#038;r=g&#038;d=mm","url":"\/\/www.gravatar.com\/avatar\/d8d45f8901aadff40a4af72c0b826f1d?s=96&#038;r=g&#038;d=mm","contentUrl":"\/\/www.gravatar.com\/avatar\/d8d45f8901aadff40a4af72c0b826f1d?s=96&#038;r=g&#038;d=mm","caption":"dorogimedence.hu"}}]}},"_links":{"self":[{"href":"https:\/\/dorogimedence.hu\/index.php\/wp-json\/wp\/v2\/posts\/64601","targetHints":{"allow":["GET"]}}],"collection":[{"href":"https:\/\/dorogimedence.hu\/index.php\/wp-json\/wp\/v2\/posts"}],"about":[{"href":"https:\/\/dorogimedence.hu\/index.php\/wp-json\/wp\/v2\/types\/post"}],"author":[{"embeddable":true,"href":"https:\/\/dorogimedence.hu\/index.php\/wp-json\/wp\/v2\/users\/1"}],"replies":[{"embeddable":true,"href":"https:\/\/dorogimedence.hu\/index.php\/wp-json\/wp\/v2\/comments?post=64601"}],"version-history":[{"count":0,"href":"https:\/\/dorogimedence.hu\/index.php\/wp-json\/wp\/v2\/posts\/64601\/revisions"}],"wp:featuredmedia":[{"embeddable":true,"href":"https:\/\/dorogimedence.hu\/index.php\/wp-json\/wp\/v2\/media\/62906"}],"wp:attachment":[{"href":"https:\/\/dorogimedence.hu\/index.php\/wp-json\/wp\/v2\/media?parent=64601"}],"wp:term":[{"taxonomy":"category","embeddable":true,"href":"https:\/\/dorogimedence.hu\/index.php\/wp-json\/wp\/v2\/categories?post=64601"},{"taxonomy":"post_tag","embeddable":true,"href":"https:\/\/dorogimedence.hu\/index.php\/wp-json\/wp\/v2\/tags?post=64601"}],"curies":[{"name":"wp","href":"https:\/\/api.w.org\/{rel}","templated":true}]}}