{"id":64597,"date":"2024-09-04T11:59:02","date_gmt":"2024-09-04T09:59:02","guid":{"rendered":"https:\/\/dorogimedence.hu\/?p=64597"},"modified":"2024-09-04T12:00:19","modified_gmt":"2024-09-04T10:00:19","slug":"hetfon-szabadteri-tuzekhez-riasztottak-tersegunk-tuzoltoit","status":"publish","type":"post","link":"https:\/\/dorogimedence.hu\/index.php\/2024\/09\/04\/hetfon-szabadteri-tuzekhez-riasztottak-tersegunk-tuzoltoit\/","title":{"rendered":"H\u00e9tf\u0151n szabadt\u00e9ri t\u00fczekhez riasztott\u00e1k t\u00e9rs\u00e9g\u00fcnk t\u0171zolt\u00f3it"},"content":{"rendered":"<div class=\"article-descript\">\n<p><strong>Szeptember 3-\u00e1n, h\u00e9tf\u0151n szabadt\u00e9ri t\u00fczekhez riasztott\u00e1k a l\u00e1nglovagokat Esztergomba \u00e9s L\u00e1batlanra.<\/strong><\/p>\n<\/div>\n<div class=\"text\">\n<p>Egy kiv\u00e1gott fa csonkja izzott Esztergomban, a Nagy-Duna s\u00e9t\u00e1nyon. Az esztergomi hivat\u00e1sos t\u0171zolt\u00f3k egy v\u00edzsug\u00e1rral megsz\u00fcntett\u00e9k az izz\u00e1st.<\/p>\n<p>Sz\u00e1raz aljn\u00f6v\u00e9nyzet \u00e9gett d\u00e9lut\u00e1n k\u00e9t hekt\u00e1rnyi ter\u00fcleten, L\u00e1batlan k\u00fclter\u00fclet\u00e9n. A nyerges\u00fajfalui \u00e9s bajnai hivat\u00e1sos t\u0171zolt\u00f3k egy v\u00edzsug\u00e1rral, h\u00e1ti avarolt\u00f3kkal \u00e9s k\u00e9ziszersz\u00e1mokkal oltott\u00e1k el a t\u00fczet.<\/p>\n<p><i>A szabadt\u00e9ri t\u00fczek elker\u00fcl\u00e9se \u00e9rdek\u00e9ben tartsuk be a t\u0171zv\u00e9delmi szab\u00e1lyokat. Ha jogszab\u00e1ly m\u00e1sk\u00e9nt nem rendelkezik, a l\u00e1bon \u00e1ll\u00f3 n\u00f6v\u00e9nyzet, a n\u00e1das \u00e9s a tarl\u00f3, a kerti munk\u00e1latok sor\u00e1n keletkezett hullad\u00e9k szabadt\u00e9ri \u00e9get\u00e9se tilos. A t\u0171zv\u00e9delmi el\u0151\u00edr\u00e1sok megszeg\u00e9s\u00e9\u00e9rt az okozott k\u00e1r \u00e9s a vesz\u00e9ly m\u00e9rt\u00e9k\u00e9t\u0151l f\u00fcgg\u0151en h\u00faszezer forintt\u00f3l ak\u00e1r h\u00e1rom milli\u00f3 forintig terjed\u0151 b\u00edrs\u00e1ggal is j\u00e1rhat.<\/i><\/p>\n<p><em>Forr\u00e1s: Katasztr\u00f3fav\u00e9delem<\/em><\/p>\n<\/div>\n","protected":false},"excerpt":{"rendered":"<p>Szeptember 3-\u00e1n, h\u00e9tf\u0151n szabadt\u00e9ri t\u00fczekhez riasztott\u00e1k a l\u00e1nglovagokat Esztergomba \u00e9s L\u00e1batlanra. Egy kiv\u00e1gott fa csonkja izzott Esztergomban, a Nagy-Duna s\u00e9t\u00e1nyon. Az esztergomi hivat\u00e1sos t\u0171zolt\u00f3k egy v\u00edzsug\u00e1rral megsz\u00fcntett\u00e9k az izz\u00e1st. Sz\u00e1raz aljn\u00f6v\u00e9nyzet \u00e9gett d\u00e9lut\u00e1n k\u00e9t hekt\u00e1rnyi ter\u00fcleten, L\u00e1batlan k\u00fclter\u00fclet\u00e9n. A nyerges\u00fajfalui \u00e9s bajnai hivat\u00e1sos t\u0171zolt\u00f3k egy v\u00edzsug\u00e1rral, h\u00e1ti avarolt\u00f3kkal \u00e9s k\u00e9ziszersz\u00e1mokkal oltott\u00e1k el a t\u00fczet. A<\/p>\n","protected":false},"author":1,"featured_media":0,"comment_status":"closed","ping_status":"closed","sticky":false,"template":"","format":"standard","meta":{"ngg_post_thumbnail":0,"footnotes":""},"categories":[38,3,39],"tags":[42,175,489,2939,40,365,65],"class_list":{"0":"post-64597","1":"post","2":"type-post","3":"status-publish","4":"format-standard","6":"category-esztergom","7":"category-hirek","8":"category-kek-hirek","9":"tag-esztergom","10":"tag-katasztrofavedelem","11":"tag-labatlan","12":"tag-szabadteri-tuz","13":"tag-tuz","14":"tag-tuzeset","15":"tag-tuzoltosag"},"yoast_head":"<!-- This site is optimized with the Yoast SEO plugin v27.4 - https:\/\/yoast.com\/product\/yoast-seo-wordpress\/ -->\n<title>H\u00e9tf\u0151n szabadt\u00e9ri t\u00fczekhez riasztott\u00e1k t\u00e9rs\u00e9g\u00fcnk t\u0171zolt\u00f3it<\/title>\n<meta name=\"robots\" content=\"index, follow, max-snippet:-1, max-image-preview:large, max-video-preview:-1\" \/>\n<link rel=\"canonical\" href=\"https:\/\/dorogimedence.hu\/index.php\/2024\/09\/04\/hetfon-szabadteri-tuzekhez-riasztottak-tersegunk-tuzoltoit\/\" class=\"yoast-seo-meta-tag\" \/>\n<meta property=\"og:locale\" content=\"hu_HU\" class=\"yoast-seo-meta-tag\" \/>\n<meta property=\"og:type\" content=\"article\" class=\"yoast-seo-meta-tag\" \/>\n<meta property=\"og:title\" content=\"H\u00e9tf\u0151n szabadt\u00e9ri t\u00fczekhez riasztott\u00e1k t\u00e9rs\u00e9g\u00fcnk t\u0171zolt\u00f3it\" class=\"yoast-seo-meta-tag\" \/>\n<meta property=\"og:description\" content=\"Szeptember 3-\u00e1n, h\u00e9tf\u0151n szabadt\u00e9ri t\u00fczekhez riasztott\u00e1k a l\u00e1nglovagokat Esztergomba \u00e9s L\u00e1batlanra. Egy kiv\u00e1gott fa csonkja izzott Esztergomban, a Nagy-Duna s\u00e9t\u00e1nyon. Az esztergomi hivat\u00e1sos t\u0171zolt\u00f3k egy v\u00edzsug\u00e1rral megsz\u00fcntett\u00e9k az izz\u00e1st. Sz\u00e1raz aljn\u00f6v\u00e9nyzet \u00e9gett d\u00e9lut\u00e1n k\u00e9t hekt\u00e1rnyi ter\u00fcleten, L\u00e1batlan k\u00fclter\u00fclet\u00e9n. A nyerges\u00fajfalui \u00e9s bajnai hivat\u00e1sos t\u0171zolt\u00f3k egy v\u00edzsug\u00e1rral, h\u00e1ti avarolt\u00f3kkal \u00e9s k\u00e9ziszersz\u00e1mokkal oltott\u00e1k el a t\u00fczet. A\" class=\"yoast-seo-meta-tag\" \/>\n<meta property=\"og:url\" content=\"https:\/\/dorogimedence.hu\/index.php\/2024\/09\/04\/hetfon-szabadteri-tuzekhez-riasztottak-tersegunk-tuzoltoit\/\" class=\"yoast-seo-meta-tag\" \/>\n<meta property=\"og:site_name\" content=\"Dorogi-medence Region\u00e1lis H\u00edrport\u00e1l\" class=\"yoast-seo-meta-tag\" \/>\n<meta property=\"article:publisher\" content=\"https:\/\/www.facebook.com\/dorogimedence\/\" class=\"yoast-seo-meta-tag\" \/>\n<meta property=\"article:published_time\" content=\"2024-09-04T09:59:02+00:00\" class=\"yoast-seo-meta-tag\" \/>\n<meta property=\"article:modified_time\" content=\"2024-09-04T10:00:19+00:00\" class=\"yoast-seo-meta-tag\" \/>\n<meta property=\"og:image\" content=\"https:\/\/dorogimedence.hu\/wp-content\/uploads\/2024\/02\/tuzolto.jpg\" class=\"yoast-seo-meta-tag\" \/>\n\t<meta property=\"og:image:width\" content=\"1920\" class=\"yoast-seo-meta-tag\" \/>\n\t<meta property=\"og:image:height\" content=\"1280\" class=\"yoast-seo-meta-tag\" \/>\n\t<meta property=\"og:image:type\" content=\"image\/jpeg\" class=\"yoast-seo-meta-tag\" \/>\n<meta name=\"author\" content=\"dorogimedence.hu\" class=\"yoast-seo-meta-tag\" \/>\n<meta name=\"twitter:card\" content=\"summary_large_image\" class=\"yoast-seo-meta-tag\" \/>\n<meta name=\"twitter:label1\" content=\"Szerz\u0151:\" class=\"yoast-seo-meta-tag\" \/>\n\t<meta name=\"twitter:data1\" content=\"dorogimedence.hu\" class=\"yoast-seo-meta-tag\" \/>\n\t<meta name=\"twitter:label2\" content=\"Becs\u00fclt olvas\u00e1si id\u0151\" class=\"yoast-seo-meta-tag\" \/>\n\t<meta name=\"twitter:data2\" content=\"1 perc\" class=\"yoast-seo-meta-tag\" \/>\n<script type=\"application\/ld+json\" class=\"yoast-schema-graph\">{\"@context\":\"https:\\\/\\\/schema.org\",\"@graph\":[{\"@type\":\"Article\",\"@id\":\"https:\\\/\\\/dorogimedence.hu\\\/index.php\\\/2024\\\/09\\\/04\\\/hetfon-szabadteri-tuzekhez-riasztottak-tersegunk-tuzoltoit\\\/#article\",\"isPartOf\":{\"@id\":\"https:\\\/\\\/dorogimedence.hu\\\/index.php\\\/2024\\\/09\\\/04\\\/hetfon-szabadteri-tuzekhez-riasztottak-tersegunk-tuzoltoit\\\/\"},\"author\":{\"name\":\"dorogimedence.hu\",\"@id\":\"https:\\\/\\\/dorogimedence.hu\\\/#\\\/schema\\\/person\\\/ce6091eeb7e95ecdc87890d6aa8e0fd4\"},\"headline\":\"H\u00e9tf\u0151n szabadt\u00e9ri t\u00fczekhez riasztott\u00e1k t\u00e9rs\u00e9g\u00fcnk t\u0171zolt\u00f3it\",\"datePublished\":\"2024-09-04T09:59:02+00:00\",\"dateModified\":\"2024-09-04T10:00:19+00:00\",\"mainEntityOfPage\":{\"@id\":\"https:\\\/\\\/dorogimedence.hu\\\/index.php\\\/2024\\\/09\\\/04\\\/hetfon-szabadteri-tuzekhez-riasztottak-tersegunk-tuzoltoit\\\/\"},\"wordCount\":214,\"publisher\":{\"@id\":\"https:\\\/\\\/dorogimedence.hu\\\/#organization\"},\"keywords\":[\"esztergom\",\"katasztr\u00f3fav\u00e9delem\",\"L\u00e1batlan\",\"szabadt\u00e9ri t\u0171z\",\"t\u0171z\",\"t\u0171zeset\",\"t\u0171zolt\u00f3s\u00e1g\"],\"articleSection\":[\"Esztergom\",\"H\u00edrek\",\"K\u00e9k h\u00edrek\"],\"inLanguage\":\"hu\"},{\"@type\":\"WebPage\",\"@id\":\"https:\\\/\\\/dorogimedence.hu\\\/index.php\\\/2024\\\/09\\\/04\\\/hetfon-szabadteri-tuzekhez-riasztottak-tersegunk-tuzoltoit\\\/\",\"url\":\"https:\\\/\\\/dorogimedence.hu\\\/index.php\\\/2024\\\/09\\\/04\\\/hetfon-szabadteri-tuzekhez-riasztottak-tersegunk-tuzoltoit\\\/\",\"name\":\"H\u00e9tf\u0151n szabadt\u00e9ri t\u00fczekhez riasztott\u00e1k t\u00e9rs\u00e9g\u00fcnk t\u0171zolt\u00f3it\",\"isPartOf\":{\"@id\":\"https:\\\/\\\/dorogimedence.hu\\\/#website\"},\"datePublished\":\"2024-09-04T09:59:02+00:00\",\"dateModified\":\"2024-09-04T10:00:19+00:00\",\"breadcrumb\":{\"@id\":\"https:\\\/\\\/dorogimedence.hu\\\/index.php\\\/2024\\\/09\\\/04\\\/hetfon-szabadteri-tuzekhez-riasztottak-tersegunk-tuzoltoit\\\/#breadcrumb\"},\"inLanguage\":\"hu\",\"potentialAction\":[{\"@type\":\"ReadAction\",\"target\":[\"https:\\\/\\\/dorogimedence.hu\\\/index.php\\\/2024\\\/09\\\/04\\\/hetfon-szabadteri-tuzekhez-riasztottak-tersegunk-tuzoltoit\\\/\"]}]},{\"@type\":\"BreadcrumbList\",\"@id\":\"https:\\\/\\\/dorogimedence.hu\\\/index.php\\\/2024\\\/09\\\/04\\\/hetfon-szabadteri-tuzekhez-riasztottak-tersegunk-tuzoltoit\\\/#breadcrumb\",\"itemListElement\":[{\"@type\":\"ListItem\",\"position\":1,\"name\":\"Kezd\u0151lap\",\"item\":\"https:\\\/\\\/dorogimedence.hu\\\/\"},{\"@type\":\"ListItem\",\"position\":2,\"name\":\"H\u00e9tf\u0151n szabadt\u00e9ri t\u00fczekhez riasztott\u00e1k t\u00e9rs\u00e9g\u00fcnk t\u0171zolt\u00f3it\"}]},{\"@type\":\"WebSite\",\"@id\":\"https:\\\/\\\/dorogimedence.hu\\\/#website\",\"url\":\"https:\\\/\\\/dorogimedence.hu\\\/\",\"name\":\"Dorogi-medence Region\u00e1lis H\u00edrport\u00e1l\",\"description\":\"Dorog, Keszt\u00f6lc, Le\u00e1nyv\u00e1r, Piliscs\u00e9v, Tokod, Tokodalt\u00e1r\u00f3, Csolnok, Esztergom-kertv\u00e1ros: h\u00edrek, programok\",\"publisher\":{\"@id\":\"https:\\\/\\\/dorogimedence.hu\\\/#organization\"},\"potentialAction\":[{\"@type\":\"SearchAction\",\"target\":{\"@type\":\"EntryPoint\",\"urlTemplate\":\"https:\\\/\\\/dorogimedence.hu\\\/?s={search_term_string}\"},\"query-input\":{\"@type\":\"PropertyValueSpecification\",\"valueRequired\":true,\"valueName\":\"search_term_string\"}}],\"inLanguage\":\"hu\"},{\"@type\":\"Organization\",\"@id\":\"https:\\\/\\\/dorogimedence.hu\\\/#organization\",\"name\":\"Dorogi-medence Region\u00e1lis H\u00edrport\u00e1l\",\"url\":\"https:\\\/\\\/dorogimedence.hu\\\/\",\"logo\":{\"@type\":\"ImageObject\",\"inLanguage\":\"hu\",\"@id\":\"https:\\\/\\\/dorogimedence.hu\\\/#\\\/schema\\\/logo\\\/image\\\/\",\"url\":\"https:\\\/\\\/dorogimedence.hu\\\/wp-content\\\/uploads\\\/2021\\\/04\\\/logo-feher-600.png\",\"contentUrl\":\"https:\\\/\\\/dorogimedence.hu\\\/wp-content\\\/uploads\\\/2021\\\/04\\\/logo-feher-600.png\",\"width\":600,\"height\":100,\"caption\":\"Dorogi-medence Region\u00e1lis H\u00edrport\u00e1l\"},\"image\":{\"@id\":\"https:\\\/\\\/dorogimedence.hu\\\/#\\\/schema\\\/logo\\\/image\\\/\"},\"sameAs\":[\"https:\\\/\\\/www.facebook.com\\\/dorogimedence\\\/\"]},{\"@type\":\"Person\",\"@id\":\"https:\\\/\\\/dorogimedence.hu\\\/#\\\/schema\\\/person\\\/ce6091eeb7e95ecdc87890d6aa8e0fd4\",\"name\":\"dorogimedence.hu\",\"image\":{\"@type\":\"ImageObject\",\"inLanguage\":\"hu\",\"@id\":\"\\\/\\\/www.gravatar.com\\\/avatar\\\/d8d45f8901aadff40a4af72c0b826f1d?s=96&#038;r=g&#038;d=mm\",\"url\":\"\\\/\\\/www.gravatar.com\\\/avatar\\\/d8d45f8901aadff40a4af72c0b826f1d?s=96&#038;r=g&#038;d=mm\",\"contentUrl\":\"\\\/\\\/www.gravatar.com\\\/avatar\\\/d8d45f8901aadff40a4af72c0b826f1d?s=96&#038;r=g&#038;d=mm\",\"caption\":\"dorogimedence.hu\"}}]}<\/script>\n<!-- \/ Yoast SEO plugin. -->","yoast_head_json":{"title":"H\u00e9tf\u0151n szabadt\u00e9ri t\u00fczekhez riasztott\u00e1k t\u00e9rs\u00e9g\u00fcnk t\u0171zolt\u00f3it","robots":{"index":"index","follow":"follow","max-snippet":"max-snippet:-1","max-image-preview":"max-image-preview:large","max-video-preview":"max-video-preview:-1"},"canonical":"https:\/\/dorogimedence.hu\/index.php\/2024\/09\/04\/hetfon-szabadteri-tuzekhez-riasztottak-tersegunk-tuzoltoit\/","og_locale":"hu_HU","og_type":"article","og_title":"H\u00e9tf\u0151n szabadt\u00e9ri t\u00fczekhez riasztott\u00e1k t\u00e9rs\u00e9g\u00fcnk t\u0171zolt\u00f3it","og_description":"Szeptember 3-\u00e1n, h\u00e9tf\u0151n szabadt\u00e9ri t\u00fczekhez riasztott\u00e1k a l\u00e1nglovagokat Esztergomba \u00e9s L\u00e1batlanra. Egy kiv\u00e1gott fa csonkja izzott Esztergomban, a Nagy-Duna s\u00e9t\u00e1nyon. Az esztergomi hivat\u00e1sos t\u0171zolt\u00f3k egy v\u00edzsug\u00e1rral megsz\u00fcntett\u00e9k az izz\u00e1st. Sz\u00e1raz aljn\u00f6v\u00e9nyzet \u00e9gett d\u00e9lut\u00e1n k\u00e9t hekt\u00e1rnyi ter\u00fcleten, L\u00e1batlan k\u00fclter\u00fclet\u00e9n. A nyerges\u00fajfalui \u00e9s bajnai hivat\u00e1sos t\u0171zolt\u00f3k egy v\u00edzsug\u00e1rral, h\u00e1ti avarolt\u00f3kkal \u00e9s k\u00e9ziszersz\u00e1mokkal oltott\u00e1k el a t\u00fczet. A","og_url":"https:\/\/dorogimedence.hu\/index.php\/2024\/09\/04\/hetfon-szabadteri-tuzekhez-riasztottak-tersegunk-tuzoltoit\/","og_site_name":"Dorogi-medence Region\u00e1lis H\u00edrport\u00e1l","article_publisher":"https:\/\/www.facebook.com\/dorogimedence\/","article_published_time":"2024-09-04T09:59:02+00:00","article_modified_time":"2024-09-04T10:00:19+00:00","og_image":[{"width":1920,"height":1280,"url":"https:\/\/dorogimedence.hu\/wp-content\/uploads\/2024\/02\/tuzolto.jpg","type":"image\/jpeg"}],"author":"dorogimedence.hu","twitter_card":"summary_large_image","twitter_misc":{"Szerz\u0151:":"dorogimedence.hu","Becs\u00fclt olvas\u00e1si id\u0151":"1 perc"},"schema":{"@context":"https:\/\/schema.org","@graph":[{"@type":"Article","@id":"https:\/\/dorogimedence.hu\/index.php\/2024\/09\/04\/hetfon-szabadteri-tuzekhez-riasztottak-tersegunk-tuzoltoit\/#article","isPartOf":{"@id":"https:\/\/dorogimedence.hu\/index.php\/2024\/09\/04\/hetfon-szabadteri-tuzekhez-riasztottak-tersegunk-tuzoltoit\/"},"author":{"name":"dorogimedence.hu","@id":"https:\/\/dorogimedence.hu\/#\/schema\/person\/ce6091eeb7e95ecdc87890d6aa8e0fd4"},"headline":"H\u00e9tf\u0151n szabadt\u00e9ri t\u00fczekhez riasztott\u00e1k t\u00e9rs\u00e9g\u00fcnk t\u0171zolt\u00f3it","datePublished":"2024-09-04T09:59:02+00:00","dateModified":"2024-09-04T10:00:19+00:00","mainEntityOfPage":{"@id":"https:\/\/dorogimedence.hu\/index.php\/2024\/09\/04\/hetfon-szabadteri-tuzekhez-riasztottak-tersegunk-tuzoltoit\/"},"wordCount":214,"publisher":{"@id":"https:\/\/dorogimedence.hu\/#organization"},"keywords":["esztergom","katasztr\u00f3fav\u00e9delem","L\u00e1batlan","szabadt\u00e9ri t\u0171z","t\u0171z","t\u0171zeset","t\u0171zolt\u00f3s\u00e1g"],"articleSection":["Esztergom","H\u00edrek","K\u00e9k h\u00edrek"],"inLanguage":"hu"},{"@type":"WebPage","@id":"https:\/\/dorogimedence.hu\/index.php\/2024\/09\/04\/hetfon-szabadteri-tuzekhez-riasztottak-tersegunk-tuzoltoit\/","url":"https:\/\/dorogimedence.hu\/index.php\/2024\/09\/04\/hetfon-szabadteri-tuzekhez-riasztottak-tersegunk-tuzoltoit\/","name":"H\u00e9tf\u0151n szabadt\u00e9ri t\u00fczekhez riasztott\u00e1k t\u00e9rs\u00e9g\u00fcnk t\u0171zolt\u00f3it","isPartOf":{"@id":"https:\/\/dorogimedence.hu\/#website"},"datePublished":"2024-09-04T09:59:02+00:00","dateModified":"2024-09-04T10:00:19+00:00","breadcrumb":{"@id":"https:\/\/dorogimedence.hu\/index.php\/2024\/09\/04\/hetfon-szabadteri-tuzekhez-riasztottak-tersegunk-tuzoltoit\/#breadcrumb"},"inLanguage":"hu","potentialAction":[{"@type":"ReadAction","target":["https:\/\/dorogimedence.hu\/index.php\/2024\/09\/04\/hetfon-szabadteri-tuzekhez-riasztottak-tersegunk-tuzoltoit\/"]}]},{"@type":"BreadcrumbList","@id":"https:\/\/dorogimedence.hu\/index.php\/2024\/09\/04\/hetfon-szabadteri-tuzekhez-riasztottak-tersegunk-tuzoltoit\/#breadcrumb","itemListElement":[{"@type":"ListItem","position":1,"name":"Kezd\u0151lap","item":"https:\/\/dorogimedence.hu\/"},{"@type":"ListItem","position":2,"name":"H\u00e9tf\u0151n szabadt\u00e9ri t\u00fczekhez riasztott\u00e1k t\u00e9rs\u00e9g\u00fcnk t\u0171zolt\u00f3it"}]},{"@type":"WebSite","@id":"https:\/\/dorogimedence.hu\/#website","url":"https:\/\/dorogimedence.hu\/","name":"Dorogi-medence Region\u00e1lis H\u00edrport\u00e1l","description":"Dorog, Keszt\u00f6lc, Le\u00e1nyv\u00e1r, Piliscs\u00e9v, Tokod, Tokodalt\u00e1r\u00f3, Csolnok, Esztergom-kertv\u00e1ros: h\u00edrek, programok","publisher":{"@id":"https:\/\/dorogimedence.hu\/#organization"},"potentialAction":[{"@type":"SearchAction","target":{"@type":"EntryPoint","urlTemplate":"https:\/\/dorogimedence.hu\/?s={search_term_string}"},"query-input":{"@type":"PropertyValueSpecification","valueRequired":true,"valueName":"search_term_string"}}],"inLanguage":"hu"},{"@type":"Organization","@id":"https:\/\/dorogimedence.hu\/#organization","name":"Dorogi-medence Region\u00e1lis H\u00edrport\u00e1l","url":"https:\/\/dorogimedence.hu\/","logo":{"@type":"ImageObject","inLanguage":"hu","@id":"https:\/\/dorogimedence.hu\/#\/schema\/logo\/image\/","url":"https:\/\/dorogimedence.hu\/wp-content\/uploads\/2021\/04\/logo-feher-600.png","contentUrl":"https:\/\/dorogimedence.hu\/wp-content\/uploads\/2021\/04\/logo-feher-600.png","width":600,"height":100,"caption":"Dorogi-medence Region\u00e1lis H\u00edrport\u00e1l"},"image":{"@id":"https:\/\/dorogimedence.hu\/#\/schema\/logo\/image\/"},"sameAs":["https:\/\/www.facebook.com\/dorogimedence\/"]},{"@type":"Person","@id":"https:\/\/dorogimedence.hu\/#\/schema\/person\/ce6091eeb7e95ecdc87890d6aa8e0fd4","name":"dorogimedence.hu","image":{"@type":"ImageObject","inLanguage":"hu","@id":"\/\/www.gravatar.com\/avatar\/d8d45f8901aadff40a4af72c0b826f1d?s=96&#038;r=g&#038;d=mm","url":"\/\/www.gravatar.com\/avatar\/d8d45f8901aadff40a4af72c0b826f1d?s=96&#038;r=g&#038;d=mm","contentUrl":"\/\/www.gravatar.com\/avatar\/d8d45f8901aadff40a4af72c0b826f1d?s=96&#038;r=g&#038;d=mm","caption":"dorogimedence.hu"}}]}},"_links":{"self":[{"href":"https:\/\/dorogimedence.hu\/index.php\/wp-json\/wp\/v2\/posts\/64597","targetHints":{"allow":["GET"]}}],"collection":[{"href":"https:\/\/dorogimedence.hu\/index.php\/wp-json\/wp\/v2\/posts"}],"about":[{"href":"https:\/\/dorogimedence.hu\/index.php\/wp-json\/wp\/v2\/types\/post"}],"author":[{"embeddable":true,"href":"https:\/\/dorogimedence.hu\/index.php\/wp-json\/wp\/v2\/users\/1"}],"replies":[{"embeddable":true,"href":"https:\/\/dorogimedence.hu\/index.php\/wp-json\/wp\/v2\/comments?post=64597"}],"version-history":[{"count":0,"href":"https:\/\/dorogimedence.hu\/index.php\/wp-json\/wp\/v2\/posts\/64597\/revisions"}],"wp:attachment":[{"href":"https:\/\/dorogimedence.hu\/index.php\/wp-json\/wp\/v2\/media?parent=64597"}],"wp:term":[{"taxonomy":"category","embeddable":true,"href":"https:\/\/dorogimedence.hu\/index.php\/wp-json\/wp\/v2\/categories?post=64597"},{"taxonomy":"post_tag","embeddable":true,"href":"https:\/\/dorogimedence.hu\/index.php\/wp-json\/wp\/v2\/tags?post=64597"}],"curies":[{"name":"wp","href":"https:\/\/api.w.org\/{rel}","templated":true}]}}