{"id":64406,"date":"2024-08-29T09:11:07","date_gmt":"2024-08-29T07:11:07","guid":{"rendered":"https:\/\/dorogimedence.hu\/?p=64406"},"modified":"2024-08-29T09:11:07","modified_gmt":"2024-08-29T07:11:07","slug":"szeptember-16-tol-budapest-es-esztergom-kozott-kalauz-nelkuli-vonatok-kozlekednek","status":"publish","type":"post","link":"https:\/\/dorogimedence.hu\/index.php\/2024\/08\/29\/szeptember-16-tol-budapest-es-esztergom-kozott-kalauz-nelkuli-vonatok-kozlekednek\/","title":{"rendered":"Szeptember 16-t\u00f3l Budapest \u00e9s Esztergom k\u00f6z\u00f6tt kalauz n\u00e9lk\u00fcli vonatok k\u00f6zlekednek"},"content":{"rendered":"<div class=\"field-lead\">\n<p><strong>A M\u00c1V-START Pilisv\u00f6r\u00f6sv\u00e1r \u00e9s R\u00e1kos k\u00f6z\u00f6tt k\u00f6zleked\u0151 S76-os vonatai pilot jelleggel jegyvizsg\u00e1l\u00f3 n\u00e9lk\u00fcl k\u00f6zlekedtek \u00e1prilis 7-t\u0151l m\u00e1jus 31-ig. A tesztel\u00e9si, majd pedig az \u00e9rt\u00e9kel\u00e9si folyamatot k\u00f6vet\u0151en sz\u00e1mos \u2013 felt\u00e9teleknek megfelel\u0151 \u2013 el\u0151v\u00e1rosi \u00e9s vid\u00e9ki vonalra is kiterjesztik a \u2013 Nyugat-Eur\u00f3p\u00e1ban \u00e9s n\u00e9h\u00e1ny t\u00e9rs\u00e9gbeli orsz\u00e1gban m\u00e1r megszokott \u2013 kalauz n\u00e9lk\u00fcli k\u00f6zleked\u00e9st.<\/strong><\/p>\n<\/div>\n<div class=\"field-body\">\n<p>A sikeres, mintegy k\u00e9th\u00f3napos pr\u00f3ba\u00fczemet a tapasztalatok szerint az utasok \u00e9s a munkav\u00e1llal\u00f3k is pozit\u00edvan fogadt\u00e1k, ez\u00e9rt d\u00f6nt\u00f6ttek \u00fagy, hogy t\u00f6bb \u00fctemben tov\u00e1bbi budapesti el\u0151v\u00e1rosi vonalra is kiterjesztik a kalauz n\u00e9lk\u00fcli k\u00f6zleked\u00e9st. Az utasok biztons\u00e1ga tov\u00e1bbra is a legfontosabb, \u00edgy csak olyan viszonylatokon vezetik be, ahol minden felt\u00e9tel adott ahhoz, hogy ne legyen \u00e1lland\u00f3 jegyvizsg\u00e1l\u00f3i jelenl\u00e9t a vonatokon.<\/p>\n<p>Szeptember 2-t\u00f3l valamennyi R\u00e1kos \u00e9s Pilisv\u00f6r\u00f6sv\u00e1r k\u00f6z\u00f6tt k\u00f6zleked\u0151 S76-os j\u00e1rat eset\u00e9ben vissza\u00e1ll a kalauz n\u00e9lk\u00fcli rendszer. K\u00f6vetkez\u0151 l\u00e9p\u00e9sk\u00e9nt szeptember 16-t\u00f3l pedig Budapest \u00e9s Esztergom k\u00f6z\u00f6tt is, valamint a Budapest\u2013Gy\u0151r vonalon a reggeli cs\u00facsid\u0151szakban Bicske \u00e9s Budapest\u2013Kelenf\u00f6ld k\u00f6z\u00f6tt k\u00f6zleked\u0151 G10-es, egy-egy D\u00e9li p\u00e1lyaudvar \u00e9s Kom\u00e1rom k\u00f6z\u00f6tti S10-es, valamint a h\u00e9tv\u00e9gente k\u00f6zleked\u0151 egyes \u2013 szeptember 2-t\u00f3l m\u00e1r R\u00e1ba InterR\u00e9gi\u00f3 elnevez\u00e9s\u0171 \u2013 vonatokon fog megval\u00f3sulni a jegyvizsg\u00e1l\u00f3 n\u00e9lk\u00fcli k\u00f6zleked\u00e9s.<\/p>\n<p>Szeptember 30-t\u00f3l a Budapest \u00e9s Sz\u00e9kesfeh\u00e9rv\u00e1r k\u00f6z\u00f6tti vonalon k\u00f6zleked\u0151 S36 \u00e9s G43-as j\u00e1ratokat, valamint a D\u00e9li p\u00e1lyaudvarr\u00f3l Sz\u00e1zhalombatt\u00e1ra \u00e9s Pusztaszabolcsra indul\u00f3 S40-es vonatokat vonj\u00e1k be az \u00faj rendszerbe.<\/p>\n<p>Okt\u00f3ber 14-t\u0151l pedig az el\u0151v\u00e1ros keleti r\u00e9sz\u00e9t is el\u00e9ri a v\u00e1ltoz\u00e1s, hiszen innent\u0151l a Nyugati p\u00e1lyaudvar \u00e9s Monor k\u00f6z\u00f6tt k\u00f6zleked\u0151 S50-esek, h\u00e9tk\u00f6znap egyes cegl\u00e9di, illetve h\u00e9tv\u00e9gente egyes szolnoki vonatok, a Keleti p\u00e1lyaudvar \u00e9s S\u00fclys\u00e1p, illetve \u00e9jszaka Nagyk\u00e1t\u00e1ra k\u00f6zleked\u0151 S60-osok \u00e9s a Keleti \u00e9s G\u00f6d\u00f6ll\u0151 k\u00f6z\u00f6tti S80-as szem\u00e9lyvonatok fognak jegyvizsg\u00e1l\u00f3 szem\u00e9lyzet n\u00e9lk\u00fcl k\u00f6zlekedni.<\/p>\n<p>Az \u00e9rintett vonalakon teszt jelleggel vezetik be a kalauz n\u00e9lk\u00fcli k\u00f6zleked\u00e9st. A kiindul\u00e1si \u00e1llom\u00e1sr\u00f3l, illetve minden nagyobb forgalm\u00fa \u00e1llom\u00e1sr\u00f3l t\u00f6rt\u00e9n\u0151 indul\u00e1st k\u00f6vet\u0151en felh\u00edvj\u00e1k az utasok figyelm\u00e9t arra, hogy az adott vonat kalauz n\u00e9lk\u00fcl k\u00f6zlekedik. Ezzel egy\u00fctt jelzik azt is, hogy v\u00e9szhelyzet eset\u00e9n haszn\u00e1lj\u00e1k az ajt\u00f3k mellett elhelyezett v\u00e9szh\u00edv\u00f3t. Ugyanis az utasok a fed\u00e9lzeten t\u00f6rt\u00e9n\u0151 rendk\u00edv\u00fcli helyzet, pl. egy utas rosszull\u00e9te vagy egy\u00e9b m\u00f3don nem \u00e9szlelhet\u0151 m\u0171szaki rendelleness\u00e9g eset\u00e9n a v\u00e9szh\u00edv\u00f3 seg\u00edts\u00e9g\u00e9vel vehetik fel a kapcsolatot a mozdonyvezet\u0151vel, aki azonnal int\u00e9zkedik. Fontos, hogy a mozdonyvezet\u0151t a v\u00e9szh\u00edv\u00f3n csak val\u00f3di v\u00e9szhelyzet eset\u00e9n h\u00edvj\u00e1k!<\/p>\n<h3>Utaz\u00e1s csak \u00e9rv\u00e9nyes menetjeggyel vagy b\u00e9rlettel<\/h3>\n<p>Az utaz\u00e1st kiz\u00e1r\u00f3lag \u00e9rv\u00e9nyes menetjeggyel vagy b\u00e9rlettel lehet megkezdni, sz\u00far\u00f3pr\u00f3baszer\u0171 jegyellen\u0151rz\u00e9sek tov\u00e1bbra is lesznek a vonatokon. Amennyiben az utas a menetjegyellen\u0151rz\u00e9s sor\u00e1n nem tudja felmutatni \u00e9rv\u00e9nyes menetjegy\u00e9t, b\u00e9rlet\u00e9t vagy kedvezm\u00e9nyes d\u00edjterm\u00e9k haszn\u00e1latakor az arra jogos\u00edt\u00f3 okm\u00e1ny\u00e1t, akkor abban az eseten a jegyellen\u0151r a menetd\u00edj mellett megemelt p\u00f3td\u00edjat sz\u00e1mol fel az utasnak.<\/p>\n<p>Kalauz n\u00e9lk\u00fcli k\u00f6zleked\u00e9s eset\u00e9n, ha az utasnak igazol\u00e1sra van sz\u00fcks\u00e9ge, akkor azt az \u00fcgyf\u00e9lszolg\u00e1latt\u00f3l ig\u00e9nyelheti. Ezek k\u00f6z\u00e9 tartozik a forgalmi akad\u00e1llyal kapcsolatos k\u00e9s\u00e9s t\u00e9ny\u00e9r\u0151l, idej\u00e9r\u0151l, csatlakoz\u00e1s elmulaszt\u00e1s\u00e1r\u00f3l, j\u00e1ratkimarad\u00e1sr\u00f3l, \u00fatmegszak\u00edt\u00e1sr\u00f3l, utaz\u00e1sr\u00f3l val\u00f3 lemond\u00e1sr\u00f3l, illetve a menetjegy fel nem haszn\u00e1l\u00e1s\u00e1r\u00f3l sz\u00f3l\u00f3 igazol\u00e1s.<\/p>\n<h3>Fogyat\u00e9kkal \u00e9l\u0151k \u00e9s mozg\u00e1sukban korl\u00e1tozottak utaz\u00e1sa<\/h3>\n<p>Ez\u00faton is k\u00e9rik at utasokat, hogy seg\u00edts\u00e9g ny\u00fajt\u00e1s ir\u00e1nti ig\u00e9ny\u00fckr\u0151l legal\u00e1bb 36 \u00f3r\u00e1val az utaz\u00e1s tervezett megkezd\u00e9se el\u0151tt \u00e9rtes\u00edts\u00e9k a vas\u00fatt\u00e1rsas\u00e1got annak \u00e9rdek\u00e9ben, hogy eleget tudjanak tenni k\u00f6telezetts\u00e9g\u00fcknek, illetve az utaz\u00e1s a legk\u00e9nyelmesebben t\u00f6rt\u00e9njen.<\/p>\n<h3>A mozdonyvezet\u0151k feladatk\u00f6re is b\u0151v\u00fcl<\/h3>\n<p>A mozdonyvezet\u0151k az eddigi feladataikon k\u00edv\u00fcl ell\u00e1tj\u00e1k az \u00e9l\u0151szavas utast\u00e1j\u00e9koztat\u00e1st a motorvonat hangosbemond\u00f3 berendez\u00e9s\u00e9n kereszt\u00fcl, amikor automatikus inform\u00e1ci\u00f3k\u00f6zl\u00e9sre nincs m\u00f3d valamilyen rendk\u00edv\u00fcli helyzet vagy forgalmi okb\u00f3l t\u00f6rt\u00e9n\u0151 meg\u00e1ll\u00e1s sor\u00e1n. Indul\u00e1s el\u0151tt a visszapillant\u00f3 t\u00fckr\u00f6k, illetve a kamerarendszer seg\u00edts\u00e9g\u00e9vel ellen\u0151rzik az utasok biztons\u00e1gos fel- \u00e9s lesz\u00e1ll\u00e1s\u00e1t. A fogyat\u00e9koss\u00e1ggal \u00e9l\u0151 vagy mozg\u00e1sukban korl\u00e1tozott utasok be- vagy lesz\u00e1ll\u00edt\u00e1s\u00e1t seg\u00edtik a kerekessz\u00e9k-emel\u0151 berendez\u00e9s kezel\u00e9s\u00e9vel. Valamint a mozdonyvezet\u0151 hat\u00e1sk\u00f6r\u00e9be tartozik a biztons\u00e1gos k\u00f6zleked\u00e9s egyes felt\u00e9teleinek ellen\u0151rz\u00e9se, mint pl. a megfelel\u0151 ajt\u00f3m\u0171k\u00f6d\u00e9s vagy az utast\u00e9r szemrev\u00e9telez\u00e9ssel t\u00f6rt\u00e9n\u0151 \u00e1tn\u00e9z\u00e9se, egyes utaz\u00e1si komfortt\u00e9nyez\u0151k (pl. belt\u00e9ri h\u0151m\u00e9rs\u00e9klet) ellen\u0151rz\u00e9se.<\/p>\n<p>Rendk\u00edv\u00fcli helyzetben, p\u00e9ld\u00e1ul baleset vagy m\u0171szaki hiba okozta fennakad\u00e1s eset\u00e9n a vas\u00fatt\u00e1rsas\u00e1g \u00e1tmenetileg jegyvizsg\u00e1l\u00f3i jelenl\u00e9ttel k\u00f6zlekedtetheti az \u00e9rintett vonatokat.<\/p>\n<p><em>Forr\u00e1s: M\u00c1V Zrt. Kommunik\u00e1ci\u00f3s Igazgat\u00f3s\u00e1g<\/em><\/p>\n<\/div>\n","protected":false},"excerpt":{"rendered":"<p>A M\u00c1V-START Pilisv\u00f6r\u00f6sv\u00e1r \u00e9s R\u00e1kos k\u00f6z\u00f6tt k\u00f6zleked\u0151 S76-os vonatai pilot jelleggel jegyvizsg\u00e1l\u00f3 n\u00e9lk\u00fcl k\u00f6zlekedtek \u00e1prilis 7-t\u0151l m\u00e1jus 31-ig. A tesztel\u00e9si, majd pedig az \u00e9rt\u00e9kel\u00e9si folyamatot k\u00f6vet\u0151en sz\u00e1mos \u2013 felt\u00e9teleknek megfelel\u0151 \u2013 el\u0151v\u00e1rosi \u00e9s vid\u00e9ki vonalra is kiterjesztik a \u2013 Nyugat-Eur\u00f3p\u00e1ban \u00e9s n\u00e9h\u00e1ny t\u00e9rs\u00e9gbeli orsz\u00e1gban m\u00e1r megszokott \u2013 kalauz n\u00e9lk\u00fcli k\u00f6zleked\u00e9st. A sikeres, mintegy k\u00e9th\u00f3napos pr\u00f3ba\u00fczemet<\/p>\n","protected":false},"author":1,"featured_media":0,"comment_status":"closed","ping_status":"closed","sticky":false,"template":"","format":"standard","meta":{"ngg_post_thumbnail":0,"footnotes":""},"categories":[3],"tags":[292,381,291],"class_list":{"0":"post-64406","1":"post","2":"type-post","3":"status-publish","4":"format-standard","6":"category-hirek","7":"tag-mav","8":"tag-vasut","9":"tag-vonat"},"yoast_head":"<!-- This site is optimized with the Yoast SEO plugin v27.5 - https:\/\/yoast.com\/product\/yoast-seo-wordpress\/ -->\n<title>Szeptember 16-t\u00f3l Budapest \u00e9s Esztergom k\u00f6z\u00f6tt kalauz n\u00e9lk\u00fcli vonatok k\u00f6zlekednek<\/title>\n<meta name=\"robots\" content=\"index, follow, max-snippet:-1, max-image-preview:large, max-video-preview:-1\" \/>\n<link rel=\"canonical\" href=\"https:\/\/dorogimedence.hu\/index.php\/2024\/08\/29\/szeptember-16-tol-budapest-es-esztergom-kozott-kalauz-nelkuli-vonatok-kozlekednek\/\" class=\"yoast-seo-meta-tag\" \/>\n<meta property=\"og:locale\" content=\"hu_HU\" class=\"yoast-seo-meta-tag\" \/>\n<meta property=\"og:type\" content=\"article\" class=\"yoast-seo-meta-tag\" \/>\n<meta property=\"og:title\" content=\"Szeptember 16-t\u00f3l Budapest \u00e9s Esztergom k\u00f6z\u00f6tt kalauz n\u00e9lk\u00fcli vonatok k\u00f6zlekednek\" class=\"yoast-seo-meta-tag\" \/>\n<meta property=\"og:description\" content=\"A M\u00c1V-START Pilisv\u00f6r\u00f6sv\u00e1r \u00e9s R\u00e1kos k\u00f6z\u00f6tt k\u00f6zleked\u0151 S76-os vonatai pilot jelleggel jegyvizsg\u00e1l\u00f3 n\u00e9lk\u00fcl k\u00f6zlekedtek \u00e1prilis 7-t\u0151l m\u00e1jus 31-ig. A tesztel\u00e9si, majd pedig az \u00e9rt\u00e9kel\u00e9si folyamatot k\u00f6vet\u0151en sz\u00e1mos \u2013 felt\u00e9teleknek megfelel\u0151 \u2013 el\u0151v\u00e1rosi \u00e9s vid\u00e9ki vonalra is kiterjesztik a \u2013 Nyugat-Eur\u00f3p\u00e1ban \u00e9s n\u00e9h\u00e1ny t\u00e9rs\u00e9gbeli orsz\u00e1gban m\u00e1r megszokott \u2013 kalauz n\u00e9lk\u00fcli k\u00f6zleked\u00e9st. A sikeres, mintegy k\u00e9th\u00f3napos pr\u00f3ba\u00fczemet\" class=\"yoast-seo-meta-tag\" \/>\n<meta property=\"og:url\" content=\"https:\/\/dorogimedence.hu\/index.php\/2024\/08\/29\/szeptember-16-tol-budapest-es-esztergom-kozott-kalauz-nelkuli-vonatok-kozlekednek\/\" class=\"yoast-seo-meta-tag\" \/>\n<meta property=\"og:site_name\" content=\"Dorogi-medence Region\u00e1lis H\u00edrport\u00e1l\" class=\"yoast-seo-meta-tag\" \/>\n<meta property=\"article:publisher\" content=\"https:\/\/www.facebook.com\/dorogimedence\/\" class=\"yoast-seo-meta-tag\" \/>\n<meta property=\"article:published_time\" content=\"2024-08-29T07:11:07+00:00\" class=\"yoast-seo-meta-tag\" \/>\n<meta property=\"og:image\" content=\"https:\/\/dorogimedence.hu\/wp-content\/uploads\/2022\/06\/jegyvizsgalo_mav-start_0.jpg\" class=\"yoast-seo-meta-tag\" \/>\n\t<meta property=\"og:image:width\" content=\"1260\" class=\"yoast-seo-meta-tag\" \/>\n\t<meta property=\"og:image:height\" content=\"840\" class=\"yoast-seo-meta-tag\" \/>\n\t<meta property=\"og:image:type\" content=\"image\/jpeg\" class=\"yoast-seo-meta-tag\" \/>\n<meta name=\"author\" content=\"dorogimedence.hu\" class=\"yoast-seo-meta-tag\" \/>\n<meta name=\"twitter:card\" content=\"summary_large_image\" class=\"yoast-seo-meta-tag\" \/>\n<meta name=\"twitter:label1\" content=\"Szerz\u0151:\" class=\"yoast-seo-meta-tag\" \/>\n\t<meta name=\"twitter:data1\" content=\"dorogimedence.hu\" class=\"yoast-seo-meta-tag\" \/>\n\t<meta name=\"twitter:label2\" content=\"Becs\u00fclt olvas\u00e1si id\u0151\" class=\"yoast-seo-meta-tag\" \/>\n\t<meta name=\"twitter:data2\" content=\"5 perc\" class=\"yoast-seo-meta-tag\" \/>\n<script type=\"application\/ld+json\" class=\"yoast-schema-graph\">{\"@context\":\"https:\\\/\\\/schema.org\",\"@graph\":[{\"@type\":\"Article\",\"@id\":\"https:\\\/\\\/dorogimedence.hu\\\/index.php\\\/2024\\\/08\\\/29\\\/szeptember-16-tol-budapest-es-esztergom-kozott-kalauz-nelkuli-vonatok-kozlekednek\\\/#article\",\"isPartOf\":{\"@id\":\"https:\\\/\\\/dorogimedence.hu\\\/index.php\\\/2024\\\/08\\\/29\\\/szeptember-16-tol-budapest-es-esztergom-kozott-kalauz-nelkuli-vonatok-kozlekednek\\\/\"},\"author\":{\"name\":\"dorogimedence.hu\",\"@id\":\"https:\\\/\\\/dorogimedence.hu\\\/#\\\/schema\\\/person\\\/ce6091eeb7e95ecdc87890d6aa8e0fd4\"},\"headline\":\"Szeptember 16-t\u00f3l Budapest \u00e9s Esztergom k\u00f6z\u00f6tt kalauz n\u00e9lk\u00fcli vonatok k\u00f6zlekednek\",\"datePublished\":\"2024-08-29T07:11:07+00:00\",\"mainEntityOfPage\":{\"@id\":\"https:\\\/\\\/dorogimedence.hu\\\/index.php\\\/2024\\\/08\\\/29\\\/szeptember-16-tol-budapest-es-esztergom-kozott-kalauz-nelkuli-vonatok-kozlekednek\\\/\"},\"wordCount\":1042,\"publisher\":{\"@id\":\"https:\\\/\\\/dorogimedence.hu\\\/#organization\"},\"keywords\":[\"m\u00e1v\",\"vas\u00fat\",\"vonat\"],\"articleSection\":[\"H\u00edrek\"],\"inLanguage\":\"hu\"},{\"@type\":\"WebPage\",\"@id\":\"https:\\\/\\\/dorogimedence.hu\\\/index.php\\\/2024\\\/08\\\/29\\\/szeptember-16-tol-budapest-es-esztergom-kozott-kalauz-nelkuli-vonatok-kozlekednek\\\/\",\"url\":\"https:\\\/\\\/dorogimedence.hu\\\/index.php\\\/2024\\\/08\\\/29\\\/szeptember-16-tol-budapest-es-esztergom-kozott-kalauz-nelkuli-vonatok-kozlekednek\\\/\",\"name\":\"Szeptember 16-t\u00f3l Budapest \u00e9s Esztergom k\u00f6z\u00f6tt kalauz n\u00e9lk\u00fcli vonatok k\u00f6zlekednek\",\"isPartOf\":{\"@id\":\"https:\\\/\\\/dorogimedence.hu\\\/#website\"},\"datePublished\":\"2024-08-29T07:11:07+00:00\",\"breadcrumb\":{\"@id\":\"https:\\\/\\\/dorogimedence.hu\\\/index.php\\\/2024\\\/08\\\/29\\\/szeptember-16-tol-budapest-es-esztergom-kozott-kalauz-nelkuli-vonatok-kozlekednek\\\/#breadcrumb\"},\"inLanguage\":\"hu\",\"potentialAction\":[{\"@type\":\"ReadAction\",\"target\":[\"https:\\\/\\\/dorogimedence.hu\\\/index.php\\\/2024\\\/08\\\/29\\\/szeptember-16-tol-budapest-es-esztergom-kozott-kalauz-nelkuli-vonatok-kozlekednek\\\/\"]}]},{\"@type\":\"BreadcrumbList\",\"@id\":\"https:\\\/\\\/dorogimedence.hu\\\/index.php\\\/2024\\\/08\\\/29\\\/szeptember-16-tol-budapest-es-esztergom-kozott-kalauz-nelkuli-vonatok-kozlekednek\\\/#breadcrumb\",\"itemListElement\":[{\"@type\":\"ListItem\",\"position\":1,\"name\":\"Kezd\u0151lap\",\"item\":\"https:\\\/\\\/dorogimedence.hu\\\/\"},{\"@type\":\"ListItem\",\"position\":2,\"name\":\"Szeptember 16-t\u00f3l Budapest \u00e9s Esztergom k\u00f6z\u00f6tt kalauz n\u00e9lk\u00fcli vonatok k\u00f6zlekednek\"}]},{\"@type\":\"WebSite\",\"@id\":\"https:\\\/\\\/dorogimedence.hu\\\/#website\",\"url\":\"https:\\\/\\\/dorogimedence.hu\\\/\",\"name\":\"Dorogi-medence Region\u00e1lis H\u00edrport\u00e1l\",\"description\":\"Dorog, Keszt\u00f6lc, Le\u00e1nyv\u00e1r, Piliscs\u00e9v, Tokod, Tokodalt\u00e1r\u00f3, Csolnok, Esztergom-kertv\u00e1ros: h\u00edrek, programok\",\"publisher\":{\"@id\":\"https:\\\/\\\/dorogimedence.hu\\\/#organization\"},\"potentialAction\":[{\"@type\":\"SearchAction\",\"target\":{\"@type\":\"EntryPoint\",\"urlTemplate\":\"https:\\\/\\\/dorogimedence.hu\\\/?s={search_term_string}\"},\"query-input\":{\"@type\":\"PropertyValueSpecification\",\"valueRequired\":true,\"valueName\":\"search_term_string\"}}],\"inLanguage\":\"hu\"},{\"@type\":\"Organization\",\"@id\":\"https:\\\/\\\/dorogimedence.hu\\\/#organization\",\"name\":\"Dorogi-medence Region\u00e1lis H\u00edrport\u00e1l\",\"url\":\"https:\\\/\\\/dorogimedence.hu\\\/\",\"logo\":{\"@type\":\"ImageObject\",\"inLanguage\":\"hu\",\"@id\":\"https:\\\/\\\/dorogimedence.hu\\\/#\\\/schema\\\/logo\\\/image\\\/\",\"url\":\"https:\\\/\\\/dorogimedence.hu\\\/wp-content\\\/uploads\\\/2021\\\/04\\\/logo-feher-600.png\",\"contentUrl\":\"https:\\\/\\\/dorogimedence.hu\\\/wp-content\\\/uploads\\\/2021\\\/04\\\/logo-feher-600.png\",\"width\":600,\"height\":100,\"caption\":\"Dorogi-medence Region\u00e1lis H\u00edrport\u00e1l\"},\"image\":{\"@id\":\"https:\\\/\\\/dorogimedence.hu\\\/#\\\/schema\\\/logo\\\/image\\\/\"},\"sameAs\":[\"https:\\\/\\\/www.facebook.com\\\/dorogimedence\\\/\"]},{\"@type\":\"Person\",\"@id\":\"https:\\\/\\\/dorogimedence.hu\\\/#\\\/schema\\\/person\\\/ce6091eeb7e95ecdc87890d6aa8e0fd4\",\"name\":\"dorogimedence.hu\",\"image\":{\"@type\":\"ImageObject\",\"inLanguage\":\"hu\",\"@id\":\"\\\/\\\/www.gravatar.com\\\/avatar\\\/d8d45f8901aadff40a4af72c0b826f1d?s=96&#038;r=g&#038;d=mm\",\"url\":\"\\\/\\\/www.gravatar.com\\\/avatar\\\/d8d45f8901aadff40a4af72c0b826f1d?s=96&#038;r=g&#038;d=mm\",\"contentUrl\":\"\\\/\\\/www.gravatar.com\\\/avatar\\\/d8d45f8901aadff40a4af72c0b826f1d?s=96&#038;r=g&#038;d=mm\",\"caption\":\"dorogimedence.hu\"}}]}<\/script>\n<!-- \/ Yoast SEO plugin. -->","yoast_head_json":{"title":"Szeptember 16-t\u00f3l Budapest \u00e9s Esztergom k\u00f6z\u00f6tt kalauz n\u00e9lk\u00fcli vonatok k\u00f6zlekednek","robots":{"index":"index","follow":"follow","max-snippet":"max-snippet:-1","max-image-preview":"max-image-preview:large","max-video-preview":"max-video-preview:-1"},"canonical":"https:\/\/dorogimedence.hu\/index.php\/2024\/08\/29\/szeptember-16-tol-budapest-es-esztergom-kozott-kalauz-nelkuli-vonatok-kozlekednek\/","og_locale":"hu_HU","og_type":"article","og_title":"Szeptember 16-t\u00f3l Budapest \u00e9s Esztergom k\u00f6z\u00f6tt kalauz n\u00e9lk\u00fcli vonatok k\u00f6zlekednek","og_description":"A M\u00c1V-START Pilisv\u00f6r\u00f6sv\u00e1r \u00e9s R\u00e1kos k\u00f6z\u00f6tt k\u00f6zleked\u0151 S76-os vonatai pilot jelleggel jegyvizsg\u00e1l\u00f3 n\u00e9lk\u00fcl k\u00f6zlekedtek \u00e1prilis 7-t\u0151l m\u00e1jus 31-ig. A tesztel\u00e9si, majd pedig az \u00e9rt\u00e9kel\u00e9si folyamatot k\u00f6vet\u0151en sz\u00e1mos \u2013 felt\u00e9teleknek megfelel\u0151 \u2013 el\u0151v\u00e1rosi \u00e9s vid\u00e9ki vonalra is kiterjesztik a \u2013 Nyugat-Eur\u00f3p\u00e1ban \u00e9s n\u00e9h\u00e1ny t\u00e9rs\u00e9gbeli orsz\u00e1gban m\u00e1r megszokott \u2013 kalauz n\u00e9lk\u00fcli k\u00f6zleked\u00e9st. A sikeres, mintegy k\u00e9th\u00f3napos pr\u00f3ba\u00fczemet","og_url":"https:\/\/dorogimedence.hu\/index.php\/2024\/08\/29\/szeptember-16-tol-budapest-es-esztergom-kozott-kalauz-nelkuli-vonatok-kozlekednek\/","og_site_name":"Dorogi-medence Region\u00e1lis H\u00edrport\u00e1l","article_publisher":"https:\/\/www.facebook.com\/dorogimedence\/","article_published_time":"2024-08-29T07:11:07+00:00","og_image":[{"width":1260,"height":840,"url":"https:\/\/dorogimedence.hu\/wp-content\/uploads\/2022\/06\/jegyvizsgalo_mav-start_0.jpg","type":"image\/jpeg"}],"author":"dorogimedence.hu","twitter_card":"summary_large_image","twitter_misc":{"Szerz\u0151:":"dorogimedence.hu","Becs\u00fclt olvas\u00e1si id\u0151":"5 perc"},"schema":{"@context":"https:\/\/schema.org","@graph":[{"@type":"Article","@id":"https:\/\/dorogimedence.hu\/index.php\/2024\/08\/29\/szeptember-16-tol-budapest-es-esztergom-kozott-kalauz-nelkuli-vonatok-kozlekednek\/#article","isPartOf":{"@id":"https:\/\/dorogimedence.hu\/index.php\/2024\/08\/29\/szeptember-16-tol-budapest-es-esztergom-kozott-kalauz-nelkuli-vonatok-kozlekednek\/"},"author":{"name":"dorogimedence.hu","@id":"https:\/\/dorogimedence.hu\/#\/schema\/person\/ce6091eeb7e95ecdc87890d6aa8e0fd4"},"headline":"Szeptember 16-t\u00f3l Budapest \u00e9s Esztergom k\u00f6z\u00f6tt kalauz n\u00e9lk\u00fcli vonatok k\u00f6zlekednek","datePublished":"2024-08-29T07:11:07+00:00","mainEntityOfPage":{"@id":"https:\/\/dorogimedence.hu\/index.php\/2024\/08\/29\/szeptember-16-tol-budapest-es-esztergom-kozott-kalauz-nelkuli-vonatok-kozlekednek\/"},"wordCount":1042,"publisher":{"@id":"https:\/\/dorogimedence.hu\/#organization"},"keywords":["m\u00e1v","vas\u00fat","vonat"],"articleSection":["H\u00edrek"],"inLanguage":"hu"},{"@type":"WebPage","@id":"https:\/\/dorogimedence.hu\/index.php\/2024\/08\/29\/szeptember-16-tol-budapest-es-esztergom-kozott-kalauz-nelkuli-vonatok-kozlekednek\/","url":"https:\/\/dorogimedence.hu\/index.php\/2024\/08\/29\/szeptember-16-tol-budapest-es-esztergom-kozott-kalauz-nelkuli-vonatok-kozlekednek\/","name":"Szeptember 16-t\u00f3l Budapest \u00e9s Esztergom k\u00f6z\u00f6tt kalauz n\u00e9lk\u00fcli vonatok k\u00f6zlekednek","isPartOf":{"@id":"https:\/\/dorogimedence.hu\/#website"},"datePublished":"2024-08-29T07:11:07+00:00","breadcrumb":{"@id":"https:\/\/dorogimedence.hu\/index.php\/2024\/08\/29\/szeptember-16-tol-budapest-es-esztergom-kozott-kalauz-nelkuli-vonatok-kozlekednek\/#breadcrumb"},"inLanguage":"hu","potentialAction":[{"@type":"ReadAction","target":["https:\/\/dorogimedence.hu\/index.php\/2024\/08\/29\/szeptember-16-tol-budapest-es-esztergom-kozott-kalauz-nelkuli-vonatok-kozlekednek\/"]}]},{"@type":"BreadcrumbList","@id":"https:\/\/dorogimedence.hu\/index.php\/2024\/08\/29\/szeptember-16-tol-budapest-es-esztergom-kozott-kalauz-nelkuli-vonatok-kozlekednek\/#breadcrumb","itemListElement":[{"@type":"ListItem","position":1,"name":"Kezd\u0151lap","item":"https:\/\/dorogimedence.hu\/"},{"@type":"ListItem","position":2,"name":"Szeptember 16-t\u00f3l Budapest \u00e9s Esztergom k\u00f6z\u00f6tt kalauz n\u00e9lk\u00fcli vonatok k\u00f6zlekednek"}]},{"@type":"WebSite","@id":"https:\/\/dorogimedence.hu\/#website","url":"https:\/\/dorogimedence.hu\/","name":"Dorogi-medence Region\u00e1lis H\u00edrport\u00e1l","description":"Dorog, Keszt\u00f6lc, Le\u00e1nyv\u00e1r, Piliscs\u00e9v, Tokod, Tokodalt\u00e1r\u00f3, Csolnok, Esztergom-kertv\u00e1ros: h\u00edrek, programok","publisher":{"@id":"https:\/\/dorogimedence.hu\/#organization"},"potentialAction":[{"@type":"SearchAction","target":{"@type":"EntryPoint","urlTemplate":"https:\/\/dorogimedence.hu\/?s={search_term_string}"},"query-input":{"@type":"PropertyValueSpecification","valueRequired":true,"valueName":"search_term_string"}}],"inLanguage":"hu"},{"@type":"Organization","@id":"https:\/\/dorogimedence.hu\/#organization","name":"Dorogi-medence Region\u00e1lis H\u00edrport\u00e1l","url":"https:\/\/dorogimedence.hu\/","logo":{"@type":"ImageObject","inLanguage":"hu","@id":"https:\/\/dorogimedence.hu\/#\/schema\/logo\/image\/","url":"https:\/\/dorogimedence.hu\/wp-content\/uploads\/2021\/04\/logo-feher-600.png","contentUrl":"https:\/\/dorogimedence.hu\/wp-content\/uploads\/2021\/04\/logo-feher-600.png","width":600,"height":100,"caption":"Dorogi-medence Region\u00e1lis H\u00edrport\u00e1l"},"image":{"@id":"https:\/\/dorogimedence.hu\/#\/schema\/logo\/image\/"},"sameAs":["https:\/\/www.facebook.com\/dorogimedence\/"]},{"@type":"Person","@id":"https:\/\/dorogimedence.hu\/#\/schema\/person\/ce6091eeb7e95ecdc87890d6aa8e0fd4","name":"dorogimedence.hu","image":{"@type":"ImageObject","inLanguage":"hu","@id":"\/\/www.gravatar.com\/avatar\/d8d45f8901aadff40a4af72c0b826f1d?s=96&#038;r=g&#038;d=mm","url":"\/\/www.gravatar.com\/avatar\/d8d45f8901aadff40a4af72c0b826f1d?s=96&#038;r=g&#038;d=mm","contentUrl":"\/\/www.gravatar.com\/avatar\/d8d45f8901aadff40a4af72c0b826f1d?s=96&#038;r=g&#038;d=mm","caption":"dorogimedence.hu"}}]}},"_links":{"self":[{"href":"https:\/\/dorogimedence.hu\/index.php\/wp-json\/wp\/v2\/posts\/64406","targetHints":{"allow":["GET"]}}],"collection":[{"href":"https:\/\/dorogimedence.hu\/index.php\/wp-json\/wp\/v2\/posts"}],"about":[{"href":"https:\/\/dorogimedence.hu\/index.php\/wp-json\/wp\/v2\/types\/post"}],"author":[{"embeddable":true,"href":"https:\/\/dorogimedence.hu\/index.php\/wp-json\/wp\/v2\/users\/1"}],"replies":[{"embeddable":true,"href":"https:\/\/dorogimedence.hu\/index.php\/wp-json\/wp\/v2\/comments?post=64406"}],"version-history":[{"count":0,"href":"https:\/\/dorogimedence.hu\/index.php\/wp-json\/wp\/v2\/posts\/64406\/revisions"}],"wp:attachment":[{"href":"https:\/\/dorogimedence.hu\/index.php\/wp-json\/wp\/v2\/media?parent=64406"}],"wp:term":[{"taxonomy":"category","embeddable":true,"href":"https:\/\/dorogimedence.hu\/index.php\/wp-json\/wp\/v2\/categories?post=64406"},{"taxonomy":"post_tag","embeddable":true,"href":"https:\/\/dorogimedence.hu\/index.php\/wp-json\/wp\/v2\/tags?post=64406"}],"curies":[{"name":"wp","href":"https:\/\/api.w.org\/{rel}","templated":true}]}}