{"id":64390,"date":"2024-08-28T17:57:32","date_gmt":"2024-08-28T15:57:32","guid":{"rendered":"https:\/\/dorogimedence.hu\/?p=64390"},"modified":"2024-08-28T17:59:59","modified_gmt":"2024-08-28T15:59:59","slug":"schmidt-sandorra-emlekeztek-dorogon-3","status":"publish","type":"post","link":"https:\/\/dorogimedence.hu\/index.php\/2024\/08\/28\/schmidt-sandorra-emlekeztek-dorogon-3\/","title":{"rendered":"Schmidt S\u00e1ndorra eml\u00e9keztek Dorogon"},"content":{"rendered":"<p><strong>Augusztus 28-\u00e1n, szerd\u00e1n d\u00e9lut\u00e1n megeml\u00e9kez\u00e9st tartottak a Schmidt-vill\u00e1n\u00e1l tal\u00e1lhat\u00f3 Schmidt S\u00e1ndor mellszoborn\u00e1l, ezzel megkezd\u0151d\u00f6tt a 74. B\u00e1ny\u00e1sznapi programsorozat.<\/strong><\/p>\n<p>\u00d6t \u00e9ve, 2019. augusztus 28-\u00e1n avatt\u00e1k fel \u00fcnnep\u00e9lyesen dr. Schmidt S\u00e1ndor b\u00e1nyam\u00e9rn\u00f6k, Dorog atyj\u00e1nak mellszobr\u00e1t a Schmidt-vill\u00e1n\u00e1l. Schmidt S\u00e1ndor els\u0151 b\u00e1nyam\u00e9rn\u00f6kk\u00e9nt szerzett doktori c\u00edmet Magyarorsz\u00e1gon. \u00dajszer\u0171 kezdem\u00e9nyez\u00e9seivel nagy hat\u00e1ssal volt a magyar sz\u00e9nb\u00e1ny\u00e1szat fejl\u0151d\u00e9s\u00e9re, eredm\u00e9nyess\u00e9g\u00e9re.<\/p>\n<p><img fetchpriority=\"high\" decoding=\"async\" class=\"alignnone size-full wp-image-64392\" src=\"https:\/\/dorogimedence.hu\/wp-content\/uploads\/2024\/08\/IMG_9647.jpg\" alt=\"\" width=\"1920\" height=\"1280\" srcset=\"https:\/\/dorogimedence.hu\/wp-content\/uploads\/2024\/08\/IMG_9647.jpg 1920w, https:\/\/dorogimedence.hu\/wp-content\/uploads\/2024\/08\/IMG_9647-600x400.jpg 600w, https:\/\/dorogimedence.hu\/wp-content\/uploads\/2024\/08\/IMG_9647-768x512.jpg 768w, https:\/\/dorogimedence.hu\/wp-content\/uploads\/2024\/08\/IMG_9647-1536x1024.jpg 1536w, https:\/\/dorogimedence.hu\/wp-content\/uploads\/2024\/08\/IMG_9647-150x100.jpg 150w, https:\/\/dorogimedence.hu\/wp-content\/uploads\/2024\/08\/IMG_9647-450x300.jpg 450w, https:\/\/dorogimedence.hu\/wp-content\/uploads\/2024\/08\/IMG_9647-1200x800.jpg 1200w, https:\/\/dorogimedence.hu\/wp-content\/uploads\/2024\/08\/IMG_9647-272x182.jpg 272w\" sizes=\"(max-width: 1920px) 100vw, 1920px\" \/><\/p>\n<p>Az \u00fcnneps\u00e9gen dr. Tittmann J\u00e1nos, Dorog polg\u00e1rmestere elmondta, hogy Schmidt S\u00e1ndort m\u00e1r t\u00f6bbf\u00e9le oldalr\u00f3l megk\u00f6zel\u00edtett\u00fck, telep\u00fcl\u00e9sfejleszt\u0151k\u00e9nt, b\u00e1nyam\u00e9rn\u00f6kk\u00e9nt, doktork\u00e9nt, illetve olyan k\u00f6z\u00f6ss\u00e9gfejleszt\u0151, k\u00f6z\u00f6ss\u00e9g\u00e9p\u00edt\u0151 szem\u00e9lyis\u00e9gk\u00e9nt, akit a dorogi eml\u00e9kezet mindig a legbecsesebb fejezeteiben fog megtartani. \u201eA b\u00e1ny\u00e1szat \u00e9s a sport egy \u00e9rdekes egybees\u00e9s, de id\u00e9n az\u00e9rt aktu\u00e1lis, mert azon t\u00falmen\u0151en, hogy Dorog v\u00e1ross\u00e1 nyilv\u00e1n\u00edt\u00e1s\u00e1nak 40. \u00e9vfordul\u00f3j\u00e1t \u00fcnnepelj\u00fck, a Dorogi Atl\u00e9tikai Club 110 \u00e9vvel ezel\u0151tt, 1914-ben alakult meg.\u201d \u2013 jegyezte meg a polg\u00e1rmester, majd a tov\u00e1bbiakban a sport \u00e9s a b\u00e1ny\u00e1szat kapcsolat\u00e1t r\u00e9szletezte.<\/p>\n<p><img decoding=\"async\" class=\"alignnone size-full wp-image-64393\" src=\"https:\/\/dorogimedence.hu\/wp-content\/uploads\/2024\/08\/IMG_9670.jpg\" alt=\"\" width=\"1920\" height=\"1280\" srcset=\"https:\/\/dorogimedence.hu\/wp-content\/uploads\/2024\/08\/IMG_9670.jpg 1920w, https:\/\/dorogimedence.hu\/wp-content\/uploads\/2024\/08\/IMG_9670-600x400.jpg 600w, https:\/\/dorogimedence.hu\/wp-content\/uploads\/2024\/08\/IMG_9670-768x512.jpg 768w, https:\/\/dorogimedence.hu\/wp-content\/uploads\/2024\/08\/IMG_9670-1536x1024.jpg 1536w, https:\/\/dorogimedence.hu\/wp-content\/uploads\/2024\/08\/IMG_9670-150x100.jpg 150w, https:\/\/dorogimedence.hu\/wp-content\/uploads\/2024\/08\/IMG_9670-450x300.jpg 450w, https:\/\/dorogimedence.hu\/wp-content\/uploads\/2024\/08\/IMG_9670-1200x800.jpg 1200w, https:\/\/dorogimedence.hu\/wp-content\/uploads\/2024\/08\/IMG_9670-272x182.jpg 272w\" sizes=\"(max-width: 1920px) 100vw, 1920px\" \/><\/p>\n<p>Er\u0151s G\u00e1bor, a t\u00e9rs\u00e9g orsz\u00e1ggy\u0171l\u00e9si k\u00e9pvisel\u0151je a nemr\u00e9giben elhunyt Glevitzky Istv\u00e1nr\u00f3l, az Orsz\u00e1gos Magyar B\u00e1ny\u00e1szati \u00e9s Koh\u00e1szati Egyes\u00fclet Dorogi Helyi Szervezet\u00e9nek kor\u00e1bbi eln\u00f6k\u00e9r\u0151l eml\u00e9kezett meg, majd Schmidt S\u00e1ndort m\u00e9ltatta: \u201eSchmidt S\u00e1ndor volt az els\u0151 b\u00e1nyam\u00e9rn\u00f6k, de enn\u00e9l az\u00e9rt j\u00f3val t\u00f6bb volt, hiszen \u0151 volt az, aki a b\u00e1nyam\u00e9rn\u00f6ki munk\u00e1ja mellett sz\u00edv\u00e9n viselte azokat, akik a b\u00e1ny\u00e1ban dolgoztak \u00e9s tett az\u00e9rt hogy szebb \u00e9s elviselhet\u0151bb k\u00f6r\u00fclm\u00e9nyek k\u00f6z\u00f6tt \u00e9ljenek\u201d \u2013 tette hozz\u00e1 a k\u00e9pvisel\u0151, majd r\u00e1vil\u00e1g\u00edtott G\u00e1thy Zolt\u00e1n \u00e9p\u00edt\u00e9sz munk\u00e1ss\u00e1g\u00e1ra, aki Schmidt S\u00e1ndor megrendel\u00e9s\u00e9re 17 \u00e9p\u00fcletet tervezett meg.<\/p>\n<p><img decoding=\"async\" class=\"alignnone size-full wp-image-64396\" src=\"https:\/\/dorogimedence.hu\/wp-content\/uploads\/2024\/08\/IMG_9677.jpg\" alt=\"\" width=\"1920\" height=\"1280\" srcset=\"https:\/\/dorogimedence.hu\/wp-content\/uploads\/2024\/08\/IMG_9677.jpg 1920w, https:\/\/dorogimedence.hu\/wp-content\/uploads\/2024\/08\/IMG_9677-600x400.jpg 600w, https:\/\/dorogimedence.hu\/wp-content\/uploads\/2024\/08\/IMG_9677-768x512.jpg 768w, https:\/\/dorogimedence.hu\/wp-content\/uploads\/2024\/08\/IMG_9677-1536x1024.jpg 1536w, https:\/\/dorogimedence.hu\/wp-content\/uploads\/2024\/08\/IMG_9677-150x100.jpg 150w, https:\/\/dorogimedence.hu\/wp-content\/uploads\/2024\/08\/IMG_9677-450x300.jpg 450w, https:\/\/dorogimedence.hu\/wp-content\/uploads\/2024\/08\/IMG_9677-1200x800.jpg 1200w, https:\/\/dorogimedence.hu\/wp-content\/uploads\/2024\/08\/IMG_9677-272x182.jpg 272w\" sizes=\"(max-width: 1920px) 100vw, 1920px\" \/><\/p>\n<p>A besz\u00e9dek ut\u00e1n a szoborn\u00e1l koszor\u00fat helyezett el Er\u0151s G\u00e1bor, a t\u00e9rs\u00e9g orsz\u00e1ggy\u0171l\u00e9si k\u00e9pvisel\u0151je, Dorog V\u00e1ros \u00d6nkorm\u00e1nyzat nev\u00e9ben dr. Tittmann J\u00e1nos, az Orsz\u00e1gos Magyar B\u00e1ny\u00e1szati \u00e9s Koh\u00e1szati Egyes\u00fclet (OMBKE) dorogi \u00e9s tatab\u00e1nyai szervezete, a Dorogi B\u00e1ny\u00e1sz Szakszervezet, a Dorogi Sz\u00e9nmedence Kult\u00far\u00e1j\u00e1\u00e9rt Alap\u00edtv\u00e1ny, valamint az \u00c9DV Zrt. k\u00e9pviselete. V\u00e9gezet\u00fcl a r\u00e9sztvev\u0151k k\u00f6z\u00f6sen el\u00e9nekelt\u00e9k a b\u00e1ny\u00e1szhimnuszt.<\/p>\n<p><img loading=\"lazy\" decoding=\"async\" class=\"alignnone size-full wp-image-64397\" src=\"https:\/\/dorogimedence.hu\/wp-content\/uploads\/2024\/08\/IMG_9685.jpg\" alt=\"\" width=\"1920\" height=\"1280\" srcset=\"https:\/\/dorogimedence.hu\/wp-content\/uploads\/2024\/08\/IMG_9685.jpg 1920w, https:\/\/dorogimedence.hu\/wp-content\/uploads\/2024\/08\/IMG_9685-600x400.jpg 600w, https:\/\/dorogimedence.hu\/wp-content\/uploads\/2024\/08\/IMG_9685-768x512.jpg 768w, https:\/\/dorogimedence.hu\/wp-content\/uploads\/2024\/08\/IMG_9685-1536x1024.jpg 1536w, https:\/\/dorogimedence.hu\/wp-content\/uploads\/2024\/08\/IMG_9685-150x100.jpg 150w, https:\/\/dorogimedence.hu\/wp-content\/uploads\/2024\/08\/IMG_9685-450x300.jpg 450w, https:\/\/dorogimedence.hu\/wp-content\/uploads\/2024\/08\/IMG_9685-1200x800.jpg 1200w, https:\/\/dorogimedence.hu\/wp-content\/uploads\/2024\/08\/IMG_9685-272x182.jpg 272w\" sizes=\"(max-width: 1920px) 100vw, 1920px\" \/><\/p>\n<p><img loading=\"lazy\" decoding=\"async\" class=\"alignnone size-full wp-image-64398\" src=\"https:\/\/dorogimedence.hu\/wp-content\/uploads\/2024\/08\/IMG_9690.jpg\" alt=\"\" width=\"1920\" height=\"1311\" srcset=\"https:\/\/dorogimedence.hu\/wp-content\/uploads\/2024\/08\/IMG_9690.jpg 1920w, https:\/\/dorogimedence.hu\/wp-content\/uploads\/2024\/08\/IMG_9690-600x410.jpg 600w, https:\/\/dorogimedence.hu\/wp-content\/uploads\/2024\/08\/IMG_9690-768x524.jpg 768w, https:\/\/dorogimedence.hu\/wp-content\/uploads\/2024\/08\/IMG_9690-1536x1049.jpg 1536w, https:\/\/dorogimedence.hu\/wp-content\/uploads\/2024\/08\/IMG_9690-150x102.jpg 150w, https:\/\/dorogimedence.hu\/wp-content\/uploads\/2024\/08\/IMG_9690-450x307.jpg 450w, https:\/\/dorogimedence.hu\/wp-content\/uploads\/2024\/08\/IMG_9690-1200x819.jpg 1200w\" sizes=\"(max-width: 1920px) 100vw, 1920px\" \/><\/p>\n","protected":false},"excerpt":{"rendered":"<p>Augusztus 28-\u00e1n, szerd\u00e1n d\u00e9lut\u00e1n megeml\u00e9kez\u00e9st tartottak a Schmidt-vill\u00e1n\u00e1l tal\u00e1lhat\u00f3 Schmidt S\u00e1ndor mellszoborn\u00e1l, ezzel megkezd\u0151d\u00f6tt a 74. B\u00e1ny\u00e1sznapi programsorozat. \u00d6t \u00e9ve, 2019. augusztus 28-\u00e1n avatt\u00e1k fel \u00fcnnep\u00e9lyesen dr. Schmidt S\u00e1ndor b\u00e1nyam\u00e9rn\u00f6k, Dorog atyj\u00e1nak mellszobr\u00e1t a Schmidt-vill\u00e1n\u00e1l. Schmidt S\u00e1ndor els\u0151 b\u00e1nyam\u00e9rn\u00f6kk\u00e9nt szerzett doktori c\u00edmet Magyarorsz\u00e1gon. \u00dajszer\u0171 kezdem\u00e9nyez\u00e9seivel nagy hat\u00e1ssal volt a magyar sz\u00e9nb\u00e1ny\u00e1szat fejl\u0151d\u00e9s\u00e9re, eredm\u00e9nyess\u00e9g\u00e9re. Az \u00fcnneps\u00e9gen<\/p>\n","protected":false},"author":1,"featured_media":64395,"comment_status":"closed","ping_status":"closed","sticky":false,"template":"","format":"standard","meta":{"ngg_post_thumbnail":0,"footnotes":""},"categories":[2,3],"tags":[1242,15,5624,3119,604],"class_list":{"0":"post-64390","1":"post","2":"type-post","3":"status-publish","4":"format-standard","5":"has-post-thumbnail","7":"category-dorog","8":"category-hirek","9":"tag-banyasznap","10":"tag-dorog","11":"tag-featured","12":"tag-schmidt-sandor","13":"tag-schmidt-villa"},"yoast_head":"<!-- This site is optimized with the Yoast SEO plugin v27.4 - https:\/\/yoast.com\/product\/yoast-seo-wordpress\/ -->\n<title>Schmidt S\u00e1ndorra eml\u00e9keztek Dorogon<\/title>\n<meta name=\"robots\" content=\"index, follow, max-snippet:-1, max-image-preview:large, max-video-preview:-1\" \/>\n<link rel=\"canonical\" href=\"https:\/\/dorogimedence.hu\/index.php\/2024\/08\/28\/schmidt-sandorra-emlekeztek-dorogon-3\/\" class=\"yoast-seo-meta-tag\" \/>\n<meta property=\"og:locale\" content=\"hu_HU\" class=\"yoast-seo-meta-tag\" \/>\n<meta property=\"og:type\" content=\"article\" class=\"yoast-seo-meta-tag\" \/>\n<meta property=\"og:title\" content=\"Schmidt S\u00e1ndorra eml\u00e9keztek Dorogon\" class=\"yoast-seo-meta-tag\" \/>\n<meta property=\"og:description\" content=\"Augusztus 28-\u00e1n, szerd\u00e1n d\u00e9lut\u00e1n megeml\u00e9kez\u00e9st tartottak a Schmidt-vill\u00e1n\u00e1l tal\u00e1lhat\u00f3 Schmidt S\u00e1ndor mellszoborn\u00e1l, ezzel megkezd\u0151d\u00f6tt a 74. B\u00e1ny\u00e1sznapi programsorozat. \u00d6t \u00e9ve, 2019. augusztus 28-\u00e1n avatt\u00e1k fel \u00fcnnep\u00e9lyesen dr. Schmidt S\u00e1ndor b\u00e1nyam\u00e9rn\u00f6k, Dorog atyj\u00e1nak mellszobr\u00e1t a Schmidt-vill\u00e1n\u00e1l. Schmidt S\u00e1ndor els\u0151 b\u00e1nyam\u00e9rn\u00f6kk\u00e9nt szerzett doktori c\u00edmet Magyarorsz\u00e1gon. \u00dajszer\u0171 kezdem\u00e9nyez\u00e9seivel nagy hat\u00e1ssal volt a magyar sz\u00e9nb\u00e1ny\u00e1szat fejl\u0151d\u00e9s\u00e9re, eredm\u00e9nyess\u00e9g\u00e9re. Az \u00fcnneps\u00e9gen\" class=\"yoast-seo-meta-tag\" \/>\n<meta property=\"og:url\" content=\"https:\/\/dorogimedence.hu\/index.php\/2024\/08\/28\/schmidt-sandorra-emlekeztek-dorogon-3\/\" class=\"yoast-seo-meta-tag\" \/>\n<meta property=\"og:site_name\" content=\"Dorogi-medence Region\u00e1lis H\u00edrport\u00e1l\" class=\"yoast-seo-meta-tag\" \/>\n<meta property=\"article:publisher\" content=\"https:\/\/www.facebook.com\/dorogimedence\/\" class=\"yoast-seo-meta-tag\" \/>\n<meta property=\"article:published_time\" content=\"2024-08-28T15:57:32+00:00\" class=\"yoast-seo-meta-tag\" \/>\n<meta property=\"article:modified_time\" content=\"2024-08-28T15:59:59+00:00\" class=\"yoast-seo-meta-tag\" \/>\n<meta property=\"og:image\" content=\"https:\/\/dorogimedence.hu\/wp-content\/uploads\/2024\/08\/schmidt.jpg\" class=\"yoast-seo-meta-tag\" \/>\n\t<meta property=\"og:image:width\" content=\"1920\" class=\"yoast-seo-meta-tag\" \/>\n\t<meta property=\"og:image:height\" content=\"1207\" class=\"yoast-seo-meta-tag\" \/>\n\t<meta property=\"og:image:type\" content=\"image\/jpeg\" class=\"yoast-seo-meta-tag\" \/>\n<meta name=\"author\" content=\"dorogimedence.hu\" class=\"yoast-seo-meta-tag\" \/>\n<meta name=\"twitter:card\" content=\"summary_large_image\" class=\"yoast-seo-meta-tag\" \/>\n<meta name=\"twitter:label1\" content=\"Szerz\u0151:\" class=\"yoast-seo-meta-tag\" \/>\n\t<meta name=\"twitter:data1\" content=\"dorogimedence.hu\" class=\"yoast-seo-meta-tag\" \/>\n\t<meta name=\"twitter:label2\" content=\"Becs\u00fclt olvas\u00e1si id\u0151\" class=\"yoast-seo-meta-tag\" \/>\n\t<meta name=\"twitter:data2\" content=\"2 perc\" class=\"yoast-seo-meta-tag\" \/>\n<script type=\"application\/ld+json\" class=\"yoast-schema-graph\">{\"@context\":\"https:\\\/\\\/schema.org\",\"@graph\":[{\"@type\":\"Article\",\"@id\":\"https:\\\/\\\/dorogimedence.hu\\\/index.php\\\/2024\\\/08\\\/28\\\/schmidt-sandorra-emlekeztek-dorogon-3\\\/#article\",\"isPartOf\":{\"@id\":\"https:\\\/\\\/dorogimedence.hu\\\/index.php\\\/2024\\\/08\\\/28\\\/schmidt-sandorra-emlekeztek-dorogon-3\\\/\"},\"author\":{\"name\":\"dorogimedence.hu\",\"@id\":\"https:\\\/\\\/dorogimedence.hu\\\/#\\\/schema\\\/person\\\/ce6091eeb7e95ecdc87890d6aa8e0fd4\"},\"headline\":\"Schmidt S\u00e1ndorra eml\u00e9keztek Dorogon\",\"datePublished\":\"2024-08-28T15:57:32+00:00\",\"dateModified\":\"2024-08-28T15:59:59+00:00\",\"mainEntityOfPage\":{\"@id\":\"https:\\\/\\\/dorogimedence.hu\\\/index.php\\\/2024\\\/08\\\/28\\\/schmidt-sandorra-emlekeztek-dorogon-3\\\/\"},\"wordCount\":477,\"publisher\":{\"@id\":\"https:\\\/\\\/dorogimedence.hu\\\/#organization\"},\"image\":{\"@id\":\"https:\\\/\\\/dorogimedence.hu\\\/index.php\\\/2024\\\/08\\\/28\\\/schmidt-sandorra-emlekeztek-dorogon-3\\\/#primaryimage\"},\"thumbnailUrl\":\"https:\\\/\\\/dorogimedence.hu\\\/wp-content\\\/uploads\\\/2024\\\/08\\\/schmidt.jpg\",\"keywords\":[\"B\u00e1ny\u00e1sznap\",\"Dorog\",\"featured\",\"Schmidt S\u00e1ndor\",\"Schmidt-villa\"],\"articleSection\":[\"Dorog\",\"H\u00edrek\"],\"inLanguage\":\"hu\"},{\"@type\":\"WebPage\",\"@id\":\"https:\\\/\\\/dorogimedence.hu\\\/index.php\\\/2024\\\/08\\\/28\\\/schmidt-sandorra-emlekeztek-dorogon-3\\\/\",\"url\":\"https:\\\/\\\/dorogimedence.hu\\\/index.php\\\/2024\\\/08\\\/28\\\/schmidt-sandorra-emlekeztek-dorogon-3\\\/\",\"name\":\"Schmidt S\u00e1ndorra eml\u00e9keztek Dorogon\",\"isPartOf\":{\"@id\":\"https:\\\/\\\/dorogimedence.hu\\\/#website\"},\"primaryImageOfPage\":{\"@id\":\"https:\\\/\\\/dorogimedence.hu\\\/index.php\\\/2024\\\/08\\\/28\\\/schmidt-sandorra-emlekeztek-dorogon-3\\\/#primaryimage\"},\"image\":{\"@id\":\"https:\\\/\\\/dorogimedence.hu\\\/index.php\\\/2024\\\/08\\\/28\\\/schmidt-sandorra-emlekeztek-dorogon-3\\\/#primaryimage\"},\"thumbnailUrl\":\"https:\\\/\\\/dorogimedence.hu\\\/wp-content\\\/uploads\\\/2024\\\/08\\\/schmidt.jpg\",\"datePublished\":\"2024-08-28T15:57:32+00:00\",\"dateModified\":\"2024-08-28T15:59:59+00:00\",\"breadcrumb\":{\"@id\":\"https:\\\/\\\/dorogimedence.hu\\\/index.php\\\/2024\\\/08\\\/28\\\/schmidt-sandorra-emlekeztek-dorogon-3\\\/#breadcrumb\"},\"inLanguage\":\"hu\",\"potentialAction\":[{\"@type\":\"ReadAction\",\"target\":[\"https:\\\/\\\/dorogimedence.hu\\\/index.php\\\/2024\\\/08\\\/28\\\/schmidt-sandorra-emlekeztek-dorogon-3\\\/\"]}]},{\"@type\":\"ImageObject\",\"inLanguage\":\"hu\",\"@id\":\"https:\\\/\\\/dorogimedence.hu\\\/index.php\\\/2024\\\/08\\\/28\\\/schmidt-sandorra-emlekeztek-dorogon-3\\\/#primaryimage\",\"url\":\"https:\\\/\\\/dorogimedence.hu\\\/wp-content\\\/uploads\\\/2024\\\/08\\\/schmidt.jpg\",\"contentUrl\":\"https:\\\/\\\/dorogimedence.hu\\\/wp-content\\\/uploads\\\/2024\\\/08\\\/schmidt.jpg\",\"width\":1920,\"height\":1207},{\"@type\":\"BreadcrumbList\",\"@id\":\"https:\\\/\\\/dorogimedence.hu\\\/index.php\\\/2024\\\/08\\\/28\\\/schmidt-sandorra-emlekeztek-dorogon-3\\\/#breadcrumb\",\"itemListElement\":[{\"@type\":\"ListItem\",\"position\":1,\"name\":\"Kezd\u0151lap\",\"item\":\"https:\\\/\\\/dorogimedence.hu\\\/\"},{\"@type\":\"ListItem\",\"position\":2,\"name\":\"Schmidt S\u00e1ndorra eml\u00e9keztek Dorogon\"}]},{\"@type\":\"WebSite\",\"@id\":\"https:\\\/\\\/dorogimedence.hu\\\/#website\",\"url\":\"https:\\\/\\\/dorogimedence.hu\\\/\",\"name\":\"Dorogi-medence Region\u00e1lis H\u00edrport\u00e1l\",\"description\":\"Dorog, Keszt\u00f6lc, Le\u00e1nyv\u00e1r, Piliscs\u00e9v, Tokod, Tokodalt\u00e1r\u00f3, Csolnok, Esztergom-kertv\u00e1ros: h\u00edrek, programok\",\"publisher\":{\"@id\":\"https:\\\/\\\/dorogimedence.hu\\\/#organization\"},\"potentialAction\":[{\"@type\":\"SearchAction\",\"target\":{\"@type\":\"EntryPoint\",\"urlTemplate\":\"https:\\\/\\\/dorogimedence.hu\\\/?s={search_term_string}\"},\"query-input\":{\"@type\":\"PropertyValueSpecification\",\"valueRequired\":true,\"valueName\":\"search_term_string\"}}],\"inLanguage\":\"hu\"},{\"@type\":\"Organization\",\"@id\":\"https:\\\/\\\/dorogimedence.hu\\\/#organization\",\"name\":\"Dorogi-medence Region\u00e1lis H\u00edrport\u00e1l\",\"url\":\"https:\\\/\\\/dorogimedence.hu\\\/\",\"logo\":{\"@type\":\"ImageObject\",\"inLanguage\":\"hu\",\"@id\":\"https:\\\/\\\/dorogimedence.hu\\\/#\\\/schema\\\/logo\\\/image\\\/\",\"url\":\"https:\\\/\\\/dorogimedence.hu\\\/wp-content\\\/uploads\\\/2021\\\/04\\\/logo-feher-600.png\",\"contentUrl\":\"https:\\\/\\\/dorogimedence.hu\\\/wp-content\\\/uploads\\\/2021\\\/04\\\/logo-feher-600.png\",\"width\":600,\"height\":100,\"caption\":\"Dorogi-medence Region\u00e1lis H\u00edrport\u00e1l\"},\"image\":{\"@id\":\"https:\\\/\\\/dorogimedence.hu\\\/#\\\/schema\\\/logo\\\/image\\\/\"},\"sameAs\":[\"https:\\\/\\\/www.facebook.com\\\/dorogimedence\\\/\"]},{\"@type\":\"Person\",\"@id\":\"https:\\\/\\\/dorogimedence.hu\\\/#\\\/schema\\\/person\\\/ce6091eeb7e95ecdc87890d6aa8e0fd4\",\"name\":\"dorogimedence.hu\",\"image\":{\"@type\":\"ImageObject\",\"inLanguage\":\"hu\",\"@id\":\"\\\/\\\/www.gravatar.com\\\/avatar\\\/d8d45f8901aadff40a4af72c0b826f1d?s=96&#038;r=g&#038;d=mm\",\"url\":\"\\\/\\\/www.gravatar.com\\\/avatar\\\/d8d45f8901aadff40a4af72c0b826f1d?s=96&#038;r=g&#038;d=mm\",\"contentUrl\":\"\\\/\\\/www.gravatar.com\\\/avatar\\\/d8d45f8901aadff40a4af72c0b826f1d?s=96&#038;r=g&#038;d=mm\",\"caption\":\"dorogimedence.hu\"}}]}<\/script>\n<!-- \/ Yoast SEO plugin. -->","yoast_head_json":{"title":"Schmidt S\u00e1ndorra eml\u00e9keztek Dorogon","robots":{"index":"index","follow":"follow","max-snippet":"max-snippet:-1","max-image-preview":"max-image-preview:large","max-video-preview":"max-video-preview:-1"},"canonical":"https:\/\/dorogimedence.hu\/index.php\/2024\/08\/28\/schmidt-sandorra-emlekeztek-dorogon-3\/","og_locale":"hu_HU","og_type":"article","og_title":"Schmidt S\u00e1ndorra eml\u00e9keztek Dorogon","og_description":"Augusztus 28-\u00e1n, szerd\u00e1n d\u00e9lut\u00e1n megeml\u00e9kez\u00e9st tartottak a Schmidt-vill\u00e1n\u00e1l tal\u00e1lhat\u00f3 Schmidt S\u00e1ndor mellszoborn\u00e1l, ezzel megkezd\u0151d\u00f6tt a 74. B\u00e1ny\u00e1sznapi programsorozat. \u00d6t \u00e9ve, 2019. augusztus 28-\u00e1n avatt\u00e1k fel \u00fcnnep\u00e9lyesen dr. Schmidt S\u00e1ndor b\u00e1nyam\u00e9rn\u00f6k, Dorog atyj\u00e1nak mellszobr\u00e1t a Schmidt-vill\u00e1n\u00e1l. Schmidt S\u00e1ndor els\u0151 b\u00e1nyam\u00e9rn\u00f6kk\u00e9nt szerzett doktori c\u00edmet Magyarorsz\u00e1gon. \u00dajszer\u0171 kezdem\u00e9nyez\u00e9seivel nagy hat\u00e1ssal volt a magyar sz\u00e9nb\u00e1ny\u00e1szat fejl\u0151d\u00e9s\u00e9re, eredm\u00e9nyess\u00e9g\u00e9re. Az \u00fcnneps\u00e9gen","og_url":"https:\/\/dorogimedence.hu\/index.php\/2024\/08\/28\/schmidt-sandorra-emlekeztek-dorogon-3\/","og_site_name":"Dorogi-medence Region\u00e1lis H\u00edrport\u00e1l","article_publisher":"https:\/\/www.facebook.com\/dorogimedence\/","article_published_time":"2024-08-28T15:57:32+00:00","article_modified_time":"2024-08-28T15:59:59+00:00","og_image":[{"width":1920,"height":1207,"url":"https:\/\/dorogimedence.hu\/wp-content\/uploads\/2024\/08\/schmidt.jpg","type":"image\/jpeg"}],"author":"dorogimedence.hu","twitter_card":"summary_large_image","twitter_misc":{"Szerz\u0151:":"dorogimedence.hu","Becs\u00fclt olvas\u00e1si id\u0151":"2 perc"},"schema":{"@context":"https:\/\/schema.org","@graph":[{"@type":"Article","@id":"https:\/\/dorogimedence.hu\/index.php\/2024\/08\/28\/schmidt-sandorra-emlekeztek-dorogon-3\/#article","isPartOf":{"@id":"https:\/\/dorogimedence.hu\/index.php\/2024\/08\/28\/schmidt-sandorra-emlekeztek-dorogon-3\/"},"author":{"name":"dorogimedence.hu","@id":"https:\/\/dorogimedence.hu\/#\/schema\/person\/ce6091eeb7e95ecdc87890d6aa8e0fd4"},"headline":"Schmidt S\u00e1ndorra eml\u00e9keztek Dorogon","datePublished":"2024-08-28T15:57:32+00:00","dateModified":"2024-08-28T15:59:59+00:00","mainEntityOfPage":{"@id":"https:\/\/dorogimedence.hu\/index.php\/2024\/08\/28\/schmidt-sandorra-emlekeztek-dorogon-3\/"},"wordCount":477,"publisher":{"@id":"https:\/\/dorogimedence.hu\/#organization"},"image":{"@id":"https:\/\/dorogimedence.hu\/index.php\/2024\/08\/28\/schmidt-sandorra-emlekeztek-dorogon-3\/#primaryimage"},"thumbnailUrl":"https:\/\/dorogimedence.hu\/wp-content\/uploads\/2024\/08\/schmidt.jpg","keywords":["B\u00e1ny\u00e1sznap","Dorog","featured","Schmidt S\u00e1ndor","Schmidt-villa"],"articleSection":["Dorog","H\u00edrek"],"inLanguage":"hu"},{"@type":"WebPage","@id":"https:\/\/dorogimedence.hu\/index.php\/2024\/08\/28\/schmidt-sandorra-emlekeztek-dorogon-3\/","url":"https:\/\/dorogimedence.hu\/index.php\/2024\/08\/28\/schmidt-sandorra-emlekeztek-dorogon-3\/","name":"Schmidt S\u00e1ndorra eml\u00e9keztek Dorogon","isPartOf":{"@id":"https:\/\/dorogimedence.hu\/#website"},"primaryImageOfPage":{"@id":"https:\/\/dorogimedence.hu\/index.php\/2024\/08\/28\/schmidt-sandorra-emlekeztek-dorogon-3\/#primaryimage"},"image":{"@id":"https:\/\/dorogimedence.hu\/index.php\/2024\/08\/28\/schmidt-sandorra-emlekeztek-dorogon-3\/#primaryimage"},"thumbnailUrl":"https:\/\/dorogimedence.hu\/wp-content\/uploads\/2024\/08\/schmidt.jpg","datePublished":"2024-08-28T15:57:32+00:00","dateModified":"2024-08-28T15:59:59+00:00","breadcrumb":{"@id":"https:\/\/dorogimedence.hu\/index.php\/2024\/08\/28\/schmidt-sandorra-emlekeztek-dorogon-3\/#breadcrumb"},"inLanguage":"hu","potentialAction":[{"@type":"ReadAction","target":["https:\/\/dorogimedence.hu\/index.php\/2024\/08\/28\/schmidt-sandorra-emlekeztek-dorogon-3\/"]}]},{"@type":"ImageObject","inLanguage":"hu","@id":"https:\/\/dorogimedence.hu\/index.php\/2024\/08\/28\/schmidt-sandorra-emlekeztek-dorogon-3\/#primaryimage","url":"https:\/\/dorogimedence.hu\/wp-content\/uploads\/2024\/08\/schmidt.jpg","contentUrl":"https:\/\/dorogimedence.hu\/wp-content\/uploads\/2024\/08\/schmidt.jpg","width":1920,"height":1207},{"@type":"BreadcrumbList","@id":"https:\/\/dorogimedence.hu\/index.php\/2024\/08\/28\/schmidt-sandorra-emlekeztek-dorogon-3\/#breadcrumb","itemListElement":[{"@type":"ListItem","position":1,"name":"Kezd\u0151lap","item":"https:\/\/dorogimedence.hu\/"},{"@type":"ListItem","position":2,"name":"Schmidt S\u00e1ndorra eml\u00e9keztek Dorogon"}]},{"@type":"WebSite","@id":"https:\/\/dorogimedence.hu\/#website","url":"https:\/\/dorogimedence.hu\/","name":"Dorogi-medence Region\u00e1lis H\u00edrport\u00e1l","description":"Dorog, Keszt\u00f6lc, Le\u00e1nyv\u00e1r, Piliscs\u00e9v, Tokod, Tokodalt\u00e1r\u00f3, Csolnok, Esztergom-kertv\u00e1ros: h\u00edrek, programok","publisher":{"@id":"https:\/\/dorogimedence.hu\/#organization"},"potentialAction":[{"@type":"SearchAction","target":{"@type":"EntryPoint","urlTemplate":"https:\/\/dorogimedence.hu\/?s={search_term_string}"},"query-input":{"@type":"PropertyValueSpecification","valueRequired":true,"valueName":"search_term_string"}}],"inLanguage":"hu"},{"@type":"Organization","@id":"https:\/\/dorogimedence.hu\/#organization","name":"Dorogi-medence Region\u00e1lis H\u00edrport\u00e1l","url":"https:\/\/dorogimedence.hu\/","logo":{"@type":"ImageObject","inLanguage":"hu","@id":"https:\/\/dorogimedence.hu\/#\/schema\/logo\/image\/","url":"https:\/\/dorogimedence.hu\/wp-content\/uploads\/2021\/04\/logo-feher-600.png","contentUrl":"https:\/\/dorogimedence.hu\/wp-content\/uploads\/2021\/04\/logo-feher-600.png","width":600,"height":100,"caption":"Dorogi-medence Region\u00e1lis H\u00edrport\u00e1l"},"image":{"@id":"https:\/\/dorogimedence.hu\/#\/schema\/logo\/image\/"},"sameAs":["https:\/\/www.facebook.com\/dorogimedence\/"]},{"@type":"Person","@id":"https:\/\/dorogimedence.hu\/#\/schema\/person\/ce6091eeb7e95ecdc87890d6aa8e0fd4","name":"dorogimedence.hu","image":{"@type":"ImageObject","inLanguage":"hu","@id":"\/\/www.gravatar.com\/avatar\/d8d45f8901aadff40a4af72c0b826f1d?s=96&#038;r=g&#038;d=mm","url":"\/\/www.gravatar.com\/avatar\/d8d45f8901aadff40a4af72c0b826f1d?s=96&#038;r=g&#038;d=mm","contentUrl":"\/\/www.gravatar.com\/avatar\/d8d45f8901aadff40a4af72c0b826f1d?s=96&#038;r=g&#038;d=mm","caption":"dorogimedence.hu"}}]}},"_links":{"self":[{"href":"https:\/\/dorogimedence.hu\/index.php\/wp-json\/wp\/v2\/posts\/64390","targetHints":{"allow":["GET"]}}],"collection":[{"href":"https:\/\/dorogimedence.hu\/index.php\/wp-json\/wp\/v2\/posts"}],"about":[{"href":"https:\/\/dorogimedence.hu\/index.php\/wp-json\/wp\/v2\/types\/post"}],"author":[{"embeddable":true,"href":"https:\/\/dorogimedence.hu\/index.php\/wp-json\/wp\/v2\/users\/1"}],"replies":[{"embeddable":true,"href":"https:\/\/dorogimedence.hu\/index.php\/wp-json\/wp\/v2\/comments?post=64390"}],"version-history":[{"count":0,"href":"https:\/\/dorogimedence.hu\/index.php\/wp-json\/wp\/v2\/posts\/64390\/revisions"}],"wp:featuredmedia":[{"embeddable":true,"href":"https:\/\/dorogimedence.hu\/index.php\/wp-json\/wp\/v2\/media\/64395"}],"wp:attachment":[{"href":"https:\/\/dorogimedence.hu\/index.php\/wp-json\/wp\/v2\/media?parent=64390"}],"wp:term":[{"taxonomy":"category","embeddable":true,"href":"https:\/\/dorogimedence.hu\/index.php\/wp-json\/wp\/v2\/categories?post=64390"},{"taxonomy":"post_tag","embeddable":true,"href":"https:\/\/dorogimedence.hu\/index.php\/wp-json\/wp\/v2\/tags?post=64390"}],"curies":[{"name":"wp","href":"https:\/\/api.w.org\/{rel}","templated":true}]}}