{"id":6425,"date":"2017-10-25T08:34:00","date_gmt":"2017-10-25T06:34:00","guid":{"rendered":"http:\/\/dorogimedence.hu\/?p=6425"},"modified":"2017-10-25T08:35:58","modified_gmt":"2017-10-25T06:35:58","slug":"ismet-szetvertek-az-esztergomi-szabadteri-kiallitast","status":"publish","type":"post","link":"https:\/\/dorogimedence.hu\/index.php\/2017\/10\/25\/ismet-szetvertek-az-esztergomi-szabadteri-kiallitast\/","title":{"rendered":"Ism\u00e9t sz\u00e9tvert\u00e9k az esztergomi szabadt\u00e9ri ki\u00e1ll\u00edt\u00e1st"},"content":{"rendered":"<p><strong>\u00dagy n\u00e9z ki, hogy nem szeretn\u00e9k az esztergomiak a szabadt\u00e9ri ki\u00e1ll\u00edt\u00e1st, hiszen csak egy napot b\u00edrt ki teljes fel\u00faj\u00edt\u00e1s ut\u00e1n \u00e9s m\u00e1ris megrong\u00e1lt\u00e1k<\/strong> <em>&#8211; \u00e9rtes\u00fclt az esetr\u0151l az <a href=\"http:\/\/www.infoesztergom.hu\/hirek\/olvas\/mar-megint-vandalok-aldozata-lett-az-esztergomi-szabadteri-kiallitas-2017-10-25-080158\" target=\"_blank\" rel=\"noopener\"><span style=\"text-decoration: underline; color: #0000ff;\">infoesztergom.hu<\/span><\/a><\/em><\/p>\n<p>Miut\u00e1n <a href=\"https:\/\/dorogimedence.hu\/index.php\/2017\/09\/24\/gyerekek-vertek-szet-esztergom-elso-szabadteri-kiallitasat\/\" target=\"_blank\" rel=\"noopener\"><span style=\"text-decoration: underline; color: #0000ff;\">gyerekek sz\u00e9tvert\u00e9k<\/span><\/a> a K\u00f6t\u0151d\u00e9s c\u00edm\u0171 ki\u00e1ll\u00edt\u00e1st, <a href=\"https:\/\/dorogimedence.hu\/index.php\/2017\/10\/21\/befejeztek-a-buntetoeljarast-a-keprongalokkal-szemben\/\" target=\"_blank\" rel=\"noopener\"><span style=\"text-decoration: underline; color: #0000ff;\">akik ellen b\u00fcntet\u0151elj\u00e1r\u00e1s<\/span><\/a> is folyt, a Szenttam\u00e1s Bar\u00e1tai Egyes\u00fclet \u00fajb\u00f3l megalkotta a szabadt\u00e9ri ki\u00e1ll\u00edt\u00e1st, amit okt\u00f3ber 21-\u00e9n nyitottak meg. Sajnos az \u00e9rdekl\u0151d\u00f6k, csak egy teljes napig tekinthett\u00e9k meg, hiszen \u00fajb\u00f3l vand\u00e1lok \u00e1ldozata lett.<\/p>\n<p><em><strong>A Szenttam\u00e1s Bar\u00e1tai Egyes\u00fclet k\u00f6zlem\u00e9nye:<\/strong><\/em><\/p>\n<p><em>&#8222;Kedves Esztergomiak!<\/em><\/p>\n<p><em>Tal\u00e1n tudtok arr\u00f3l, hogy szombaton \u00e9p\u00edtette \u00fajj\u00e1 egyes\u00fclet\u00fcnk a nemr\u00e9giben sz\u00e9trombolt szabadt\u00e9ri t\u00e1rlatot a M\u0171v\u00e9szetek ter\u00e9n. \u00d6r\u00f6mmel adtunk h\u00edrt r\u00f3la, hogy imm\u00e1r \u00fajra teljess\u00e9 v\u00e1lt az \u00e1ltalunk meg\u00e1lmodott ki\u00e1ll\u00edt\u00e1s.<\/em><\/p>\n<p><em>Egy teljes napig.<\/em><\/p>\n<p><em>Vas\u00e1rnap reggel \u00fajra arra \u00e9bredt\u00fcnk, hogy egy k\u00e9pet kir\u00e1ngattak a keret\u00e9b\u0151l \u00e9s darabokra t\u00e9pt\u00e9k.<\/em><br \/>\n<em>Nem j\u00f3 ilyen h\u00edrre \u00e9bredni. Nem j\u00f3 azzal tal\u00e1lkozni, hogy rendre sz\u00e9td\u00falj\u00e1k azt, amit fel\u00e9p\u00edtett\u00fcnk.<\/em><\/p>\n<p><em>Nem csup\u00e1n az install\u00e1ci\u00f3kr\u00f3l van sz\u00f3.<\/em><\/p>\n<p><em>Nem szeretn\u00e9nk, ha sz\u00e9tromboln\u00e1k a hit\u00fcnket abban, hogy nyugodtan \u00e1lmodhatunk a v\u00e1rosunk k\u00f6zter\u00fcleteire rendezv\u00e9nyt, ki\u00e1ll\u00edt\u00e1st, mert az id\u0151j\u00e1r\u00e1s viszontags\u00e1gain k\u00edv\u00fcl nem esik b\u00e1nt\u00f3d\u00e1sa. Nem szeretn\u00e9nk, ha sok ember gondolhatn\u00e1 azt, hogy b\u00e1rmit megtehet, ha otthonr\u00f3l elszabadul, ha azt v\u00e9ln\u00e9, hogy arctalanul maradhat \u201earcoskod\u00e1s\u201d k\u00f6zben. Nem szeretn\u00e9nk ha azok, akik k\u00fcl\u00f6n\u00f6sebb indok n\u00e9lk\u00fcl, vagy azzal, rombolni v\u00e1gynak, azt gondoln\u00e1k, hogy az \u00e9j s\u00f6t\u00e9tje \u00e9s a n\u00e9vtelens\u00e9g, vagy a t\u00e1rsaik pillanatnyi elismer\u00e9se felmenti \u0151ket a k\u00f6vetkezm\u00e9nyek visel\u00e9se al\u00f3l.<\/em><br \/>\n<em>Szeretn\u00e9nk, ha tudn\u00e1k, vagy megtanuln\u00e1k, hogy a tetteiknek van k\u00f6vetkezm\u00e9nye!<\/em><br \/>\n<em>Szeretn\u00e9nk, ha j\u00f3 lenne a k\u00f6z \u00e9rzet\u00fcnk! Szeretn\u00e9nk, ha a k\u00f6z \u00e9rzete is j\u00f3 lenne!<\/em><br \/>\n<em>Ehhez k\u00e9rj\u00fck mindenki seg\u00edts\u00e9g\u00e9t, aki olvassa ezeket a sorokat!<\/em><\/p>\n<p><em>Az els\u0151 ki\u00e1ll\u00edt\u00e1s megrong\u00e1l\u00f3t a rend\u0151rs\u00e9g rekordid\u0151 alatt felder\u00edtette. Jelenleg az \u00fcgy\u00e9szs\u00e9g v\u00e1dat emelt a n\u00e9gy elk\u00f6vet\u0151 ellen, akik 14-16 \u00e9ves fiatalok voltak.<\/em><\/p>\n<p><em>A sz\u00fcl\u0151k\u00f6n, rokons\u00e1gon k\u00edv\u00fcl k\u00e9r\u00fcnk mindenkit, aki az \u00e9rintett \u00e9s a n\u00e1luk fiatalabb koroszt\u00e1llyal int\u00e9zm\u00e9nyesen is kapcsolatban \u00e1ll, hogy besz\u00e9lgessenek el vel\u00fck! Ak\u00e1r oszt\u00e1lyf\u0151n\u00f6ki \u00f3r\u00e1n, ak\u00e1r iskolar\u00e1di\u00f3n kereszt\u00fcl, ak\u00e1r iskolagy\u0171l\u00e9sen, edz\u00e9sen, m\u0171hely, vagy szakmai gyakorlaton.<\/em><\/p>\n<p><em>Nem csup\u00e1n a mostani, benn\u00fcnket \u00e9rint\u0151 cselekm\u00e9ny miatt! H\u00e9tv\u00e9gente mintha barb\u00e1r hord\u00e1k taroln\u00e1k le a v\u00e1rost, els\u0151sorban a n\u00e9pszer\u0171 sz\u00f3rakoz\u00f3helyek k\u00f6rny\u00e9k\u00e9t. Tal\u00e1n lehetne m\u00e1sk\u00e9nt is! Ha sz\u00fcl\u0151k\u00e9nt valaki nem v\u00e1rja haza a kiskor\u00fa gyermek\u00e9t \u00e9jjel h\u00e1romkor, annak lelke rajta\u2026 Az\u00e9rt m\u00e9g nem kell m\u00e1sok nyugalm\u00e1t megzavarni, ord\u00edtozni, t\u00f6rni-z\u00fazni, testnedveket \u00e9s egy\u00e9b kiv\u00e1laszt\u00e1si term\u00e9ket a j\u00e1rd\u00e1ra, vagy ahov\u00e1 siker\u00fcl kibocs\u00e1jtani, j\u00e1rhatatlann\u00e1 tenni j\u00e1rd\u00e1t, \u00fattestet. Legyen k\u00f6vetkezm\u00e9nye annak, ha valaki nem tartja be a k\u00f6z\u00f6ss\u00e9g egy\u00fctt\u00e9l\u00e9si szab\u00e1lyait!<\/em><\/p>\n<p><em>Nagyon \u00f6r\u00fcln\u00e9nk, ha a rend\u0151rs\u00e9g mellett a polg\u00e1r\u0151rs\u00e9g, a k\u00f6zter\u00fclet fel\u00fcgyelet a j\u00f6v\u0151ben az eddigi er\u0151fesz\u00edt\u00e9seik mellett m\u00e9g fokozottabban, k\u00f6vetkezetes \u00e9s rendszeres ellen\u0151rz\u00e9ssel seg\u00edten\u00e9 a rend fenntart\u00e1s\u00e1t; tov\u00e1bb\u00e1 feltehet\u0151en jav\u00edtana a helyzeten n\u00e9h\u00e1ny t\u00e9rfigyel\u0151 kamera kihelyez\u00e9se is. Nem csak a M\u0171v\u00e9szetek tere k\u00f6rny\u00e9k\u00e9n, hanem a v\u00e1roslak\u00f3k \u00e1ltal is j\u00f3l ismert kritikus g\u00f3cpontokon.<\/em><\/p>\n<p><em>A k\u00f6vetkezetes odafigyel\u00e9s megold\u00e1s lehetne az egyre eldurvul\u00f3 k\u00f6z\u00e1llapotok jav\u00edt\u00e1s\u00e1ra.<\/em><\/p>\n<p><em>K\u00f6sz\u00f6nj\u00fck!<\/em><\/p>\n<p><em>Esztergom, 2017. okt\u00f3ber 24.<\/em><br \/>\n<em>Szenttam\u00e1s Bar\u00e1tai Egyes\u00fclet&#8221;<\/em><\/p>\n<p>Fot\u00f3: Szenttam\u00e1s Bar\u00e1tai Egyes\u00fclet<\/p>\n","protected":false},"excerpt":{"rendered":"<p>\u00dagy n\u00e9z ki, hogy nem szeretn\u00e9k az esztergomiak a szabadt\u00e9ri ki\u00e1ll\u00edt\u00e1st, hiszen csak egy napot b\u00edrt ki teljes fel\u00faj\u00edt\u00e1s ut\u00e1n \u00e9s m\u00e1ris megrong\u00e1lt\u00e1k &#8211; \u00e9rtes\u00fclt az esetr\u0151l az infoesztergom.hu Miut\u00e1n gyerekek sz\u00e9tvert\u00e9k a K\u00f6t\u0151d\u00e9s c\u00edm\u0171 ki\u00e1ll\u00edt\u00e1st, akik ellen b\u00fcntet\u0151elj\u00e1r\u00e1s is folyt, a Szenttam\u00e1s Bar\u00e1tai Egyes\u00fclet \u00fajb\u00f3l megalkotta a szabadt\u00e9ri ki\u00e1ll\u00edt\u00e1st, amit okt\u00f3ber 21-\u00e9n nyitottak meg.<\/p>\n","protected":false},"author":1,"featured_media":6426,"comment_status":"closed","ping_status":"closed","sticky":false,"template":"","format":"standard","meta":{"ngg_post_thumbnail":0,"footnotes":""},"categories":[38,3],"tags":[63,42,1751,1752],"class_list":{"0":"post-6425","1":"post","2":"type-post","3":"status-publish","4":"format-standard","5":"has-post-thumbnail","7":"category-esztergom","8":"category-hirek","9":"tag-buncselekmeny","10":"tag-esztergom","11":"tag-szabadteri-kiallitas","12":"tag-vandalok"},"yoast_head":"<!-- This site is optimized with the Yoast SEO plugin v27.4 - https:\/\/yoast.com\/product\/yoast-seo-wordpress\/ -->\n<title>Ism\u00e9t sz\u00e9tvert\u00e9k az esztergomi szabadt\u00e9ri ki\u00e1ll\u00edt\u00e1st<\/title>\n<meta name=\"robots\" content=\"index, follow, max-snippet:-1, max-image-preview:large, max-video-preview:-1\" \/>\n<link rel=\"canonical\" href=\"https:\/\/dorogimedence.hu\/index.php\/2017\/10\/25\/ismet-szetvertek-az-esztergomi-szabadteri-kiallitast\/\" class=\"yoast-seo-meta-tag\" \/>\n<meta property=\"og:locale\" content=\"hu_HU\" class=\"yoast-seo-meta-tag\" \/>\n<meta property=\"og:type\" content=\"article\" class=\"yoast-seo-meta-tag\" \/>\n<meta property=\"og:title\" content=\"Ism\u00e9t sz\u00e9tvert\u00e9k az esztergomi szabadt\u00e9ri ki\u00e1ll\u00edt\u00e1st\" class=\"yoast-seo-meta-tag\" \/>\n<meta property=\"og:description\" content=\"\u00dagy n\u00e9z ki, hogy nem szeretn\u00e9k az esztergomiak a szabadt\u00e9ri ki\u00e1ll\u00edt\u00e1st, hiszen csak egy napot b\u00edrt ki teljes fel\u00faj\u00edt\u00e1s ut\u00e1n \u00e9s m\u00e1ris megrong\u00e1lt\u00e1k &#8211; \u00e9rtes\u00fclt az esetr\u0151l az infoesztergom.hu Miut\u00e1n gyerekek sz\u00e9tvert\u00e9k a K\u00f6t\u0151d\u00e9s c\u00edm\u0171 ki\u00e1ll\u00edt\u00e1st, akik ellen b\u00fcntet\u0151elj\u00e1r\u00e1s is folyt, a Szenttam\u00e1s Bar\u00e1tai Egyes\u00fclet \u00fajb\u00f3l megalkotta a szabadt\u00e9ri ki\u00e1ll\u00edt\u00e1st, amit okt\u00f3ber 21-\u00e9n nyitottak meg.\" class=\"yoast-seo-meta-tag\" \/>\n<meta property=\"og:url\" content=\"https:\/\/dorogimedence.hu\/index.php\/2017\/10\/25\/ismet-szetvertek-az-esztergomi-szabadteri-kiallitast\/\" class=\"yoast-seo-meta-tag\" \/>\n<meta property=\"og:site_name\" content=\"Dorogi-medence Region\u00e1lis H\u00edrport\u00e1l\" class=\"yoast-seo-meta-tag\" \/>\n<meta property=\"article:publisher\" content=\"https:\/\/www.facebook.com\/dorogimedence\/\" class=\"yoast-seo-meta-tag\" \/>\n<meta property=\"article:published_time\" content=\"2017-10-25T06:34:00+00:00\" class=\"yoast-seo-meta-tag\" \/>\n<meta property=\"article:modified_time\" content=\"2017-10-25T06:35:58+00:00\" class=\"yoast-seo-meta-tag\" \/>\n<meta property=\"og:image\" content=\"https:\/\/i0.wp.com\/dorogimedence.hu\/wp-content\/uploads\/2017\/10\/szabadteri-kiallitas-vandallok-2.jpg?fit=670%2C365&ssl=1\" class=\"yoast-seo-meta-tag\" \/>\n\t<meta property=\"og:image:width\" content=\"670\" class=\"yoast-seo-meta-tag\" \/>\n\t<meta property=\"og:image:height\" content=\"365\" class=\"yoast-seo-meta-tag\" \/>\n\t<meta property=\"og:image:type\" content=\"image\/jpeg\" class=\"yoast-seo-meta-tag\" \/>\n<meta name=\"author\" content=\"dorogimedence.hu\" class=\"yoast-seo-meta-tag\" \/>\n<meta name=\"twitter:card\" content=\"summary_large_image\" class=\"yoast-seo-meta-tag\" \/>\n<meta name=\"twitter:label1\" content=\"Szerz\u0151:\" class=\"yoast-seo-meta-tag\" \/>\n\t<meta name=\"twitter:data1\" content=\"dorogimedence.hu\" class=\"yoast-seo-meta-tag\" \/>\n\t<meta name=\"twitter:label2\" content=\"Becs\u00fclt olvas\u00e1si id\u0151\" class=\"yoast-seo-meta-tag\" \/>\n\t<meta name=\"twitter:data2\" content=\"4 perc\" class=\"yoast-seo-meta-tag\" \/>\n<script type=\"application\/ld+json\" class=\"yoast-schema-graph\">{\"@context\":\"https:\\\/\\\/schema.org\",\"@graph\":[{\"@type\":\"Article\",\"@id\":\"https:\\\/\\\/dorogimedence.hu\\\/index.php\\\/2017\\\/10\\\/25\\\/ismet-szetvertek-az-esztergomi-szabadteri-kiallitast\\\/#article\",\"isPartOf\":{\"@id\":\"https:\\\/\\\/dorogimedence.hu\\\/index.php\\\/2017\\\/10\\\/25\\\/ismet-szetvertek-az-esztergomi-szabadteri-kiallitast\\\/\"},\"author\":{\"name\":\"dorogimedence.hu\",\"@id\":\"https:\\\/\\\/dorogimedence.hu\\\/#\\\/schema\\\/person\\\/ce6091eeb7e95ecdc87890d6aa8e0fd4\"},\"headline\":\"Ism\u00e9t sz\u00e9tvert\u00e9k az esztergomi szabadt\u00e9ri ki\u00e1ll\u00edt\u00e1st\",\"datePublished\":\"2017-10-25T06:34:00+00:00\",\"dateModified\":\"2017-10-25T06:35:58+00:00\",\"mainEntityOfPage\":{\"@id\":\"https:\\\/\\\/dorogimedence.hu\\\/index.php\\\/2017\\\/10\\\/25\\\/ismet-szetvertek-az-esztergomi-szabadteri-kiallitast\\\/\"},\"wordCount\":771,\"publisher\":{\"@id\":\"https:\\\/\\\/dorogimedence.hu\\\/#organization\"},\"image\":{\"@id\":\"https:\\\/\\\/dorogimedence.hu\\\/index.php\\\/2017\\\/10\\\/25\\\/ismet-szetvertek-az-esztergomi-szabadteri-kiallitast\\\/#primaryimage\"},\"thumbnailUrl\":\"https:\\\/\\\/dorogimedence.hu\\\/wp-content\\\/uploads\\\/2017\\\/10\\\/szabadteri-kiallitas-vandallok-2.jpg\",\"keywords\":[\"b\u0171ncselekm\u00e9ny\",\"esztergom\",\"szabadt\u00e9ri ki\u00e1ll\u00edt\u00e1s\",\"vand\u00e1lok\"],\"articleSection\":[\"Esztergom\",\"H\u00edrek\"],\"inLanguage\":\"hu\"},{\"@type\":\"WebPage\",\"@id\":\"https:\\\/\\\/dorogimedence.hu\\\/index.php\\\/2017\\\/10\\\/25\\\/ismet-szetvertek-az-esztergomi-szabadteri-kiallitast\\\/\",\"url\":\"https:\\\/\\\/dorogimedence.hu\\\/index.php\\\/2017\\\/10\\\/25\\\/ismet-szetvertek-az-esztergomi-szabadteri-kiallitast\\\/\",\"name\":\"Ism\u00e9t sz\u00e9tvert\u00e9k az esztergomi szabadt\u00e9ri ki\u00e1ll\u00edt\u00e1st\",\"isPartOf\":{\"@id\":\"https:\\\/\\\/dorogimedence.hu\\\/#website\"},\"primaryImageOfPage\":{\"@id\":\"https:\\\/\\\/dorogimedence.hu\\\/index.php\\\/2017\\\/10\\\/25\\\/ismet-szetvertek-az-esztergomi-szabadteri-kiallitast\\\/#primaryimage\"},\"image\":{\"@id\":\"https:\\\/\\\/dorogimedence.hu\\\/index.php\\\/2017\\\/10\\\/25\\\/ismet-szetvertek-az-esztergomi-szabadteri-kiallitast\\\/#primaryimage\"},\"thumbnailUrl\":\"https:\\\/\\\/dorogimedence.hu\\\/wp-content\\\/uploads\\\/2017\\\/10\\\/szabadteri-kiallitas-vandallok-2.jpg\",\"datePublished\":\"2017-10-25T06:34:00+00:00\",\"dateModified\":\"2017-10-25T06:35:58+00:00\",\"breadcrumb\":{\"@id\":\"https:\\\/\\\/dorogimedence.hu\\\/index.php\\\/2017\\\/10\\\/25\\\/ismet-szetvertek-az-esztergomi-szabadteri-kiallitast\\\/#breadcrumb\"},\"inLanguage\":\"hu\",\"potentialAction\":[{\"@type\":\"ReadAction\",\"target\":[\"https:\\\/\\\/dorogimedence.hu\\\/index.php\\\/2017\\\/10\\\/25\\\/ismet-szetvertek-az-esztergomi-szabadteri-kiallitast\\\/\"]}]},{\"@type\":\"ImageObject\",\"inLanguage\":\"hu\",\"@id\":\"https:\\\/\\\/dorogimedence.hu\\\/index.php\\\/2017\\\/10\\\/25\\\/ismet-szetvertek-az-esztergomi-szabadteri-kiallitast\\\/#primaryimage\",\"url\":\"https:\\\/\\\/dorogimedence.hu\\\/wp-content\\\/uploads\\\/2017\\\/10\\\/szabadteri-kiallitas-vandallok-2.jpg\",\"contentUrl\":\"https:\\\/\\\/dorogimedence.hu\\\/wp-content\\\/uploads\\\/2017\\\/10\\\/szabadteri-kiallitas-vandallok-2.jpg\",\"width\":670,\"height\":365},{\"@type\":\"BreadcrumbList\",\"@id\":\"https:\\\/\\\/dorogimedence.hu\\\/index.php\\\/2017\\\/10\\\/25\\\/ismet-szetvertek-az-esztergomi-szabadteri-kiallitast\\\/#breadcrumb\",\"itemListElement\":[{\"@type\":\"ListItem\",\"position\":1,\"name\":\"Kezd\u0151lap\",\"item\":\"https:\\\/\\\/dorogimedence.hu\\\/\"},{\"@type\":\"ListItem\",\"position\":2,\"name\":\"Ism\u00e9t sz\u00e9tvert\u00e9k az esztergomi szabadt\u00e9ri ki\u00e1ll\u00edt\u00e1st\"}]},{\"@type\":\"WebSite\",\"@id\":\"https:\\\/\\\/dorogimedence.hu\\\/#website\",\"url\":\"https:\\\/\\\/dorogimedence.hu\\\/\",\"name\":\"Dorogi-medence Region\u00e1lis H\u00edrport\u00e1l\",\"description\":\"Dorog, Keszt\u00f6lc, Le\u00e1nyv\u00e1r, Piliscs\u00e9v, Tokod, Tokodalt\u00e1r\u00f3, Csolnok, Esztergom-kertv\u00e1ros: h\u00edrek, programok\",\"publisher\":{\"@id\":\"https:\\\/\\\/dorogimedence.hu\\\/#organization\"},\"potentialAction\":[{\"@type\":\"SearchAction\",\"target\":{\"@type\":\"EntryPoint\",\"urlTemplate\":\"https:\\\/\\\/dorogimedence.hu\\\/?s={search_term_string}\"},\"query-input\":{\"@type\":\"PropertyValueSpecification\",\"valueRequired\":true,\"valueName\":\"search_term_string\"}}],\"inLanguage\":\"hu\"},{\"@type\":\"Organization\",\"@id\":\"https:\\\/\\\/dorogimedence.hu\\\/#organization\",\"name\":\"Dorogi-medence Region\u00e1lis H\u00edrport\u00e1l\",\"url\":\"https:\\\/\\\/dorogimedence.hu\\\/\",\"logo\":{\"@type\":\"ImageObject\",\"inLanguage\":\"hu\",\"@id\":\"https:\\\/\\\/dorogimedence.hu\\\/#\\\/schema\\\/logo\\\/image\\\/\",\"url\":\"https:\\\/\\\/dorogimedence.hu\\\/wp-content\\\/uploads\\\/2021\\\/04\\\/logo-feher-600.png\",\"contentUrl\":\"https:\\\/\\\/dorogimedence.hu\\\/wp-content\\\/uploads\\\/2021\\\/04\\\/logo-feher-600.png\",\"width\":600,\"height\":100,\"caption\":\"Dorogi-medence Region\u00e1lis H\u00edrport\u00e1l\"},\"image\":{\"@id\":\"https:\\\/\\\/dorogimedence.hu\\\/#\\\/schema\\\/logo\\\/image\\\/\"},\"sameAs\":[\"https:\\\/\\\/www.facebook.com\\\/dorogimedence\\\/\"]},{\"@type\":\"Person\",\"@id\":\"https:\\\/\\\/dorogimedence.hu\\\/#\\\/schema\\\/person\\\/ce6091eeb7e95ecdc87890d6aa8e0fd4\",\"name\":\"dorogimedence.hu\",\"image\":{\"@type\":\"ImageObject\",\"inLanguage\":\"hu\",\"@id\":\"\\\/\\\/www.gravatar.com\\\/avatar\\\/d8d45f8901aadff40a4af72c0b826f1d?s=96&#038;r=g&#038;d=mm\",\"url\":\"\\\/\\\/www.gravatar.com\\\/avatar\\\/d8d45f8901aadff40a4af72c0b826f1d?s=96&#038;r=g&#038;d=mm\",\"contentUrl\":\"\\\/\\\/www.gravatar.com\\\/avatar\\\/d8d45f8901aadff40a4af72c0b826f1d?s=96&#038;r=g&#038;d=mm\",\"caption\":\"dorogimedence.hu\"}}]}<\/script>\n<!-- \/ Yoast SEO plugin. -->","yoast_head_json":{"title":"Ism\u00e9t sz\u00e9tvert\u00e9k az esztergomi szabadt\u00e9ri ki\u00e1ll\u00edt\u00e1st","robots":{"index":"index","follow":"follow","max-snippet":"max-snippet:-1","max-image-preview":"max-image-preview:large","max-video-preview":"max-video-preview:-1"},"canonical":"https:\/\/dorogimedence.hu\/index.php\/2017\/10\/25\/ismet-szetvertek-az-esztergomi-szabadteri-kiallitast\/","og_locale":"hu_HU","og_type":"article","og_title":"Ism\u00e9t sz\u00e9tvert\u00e9k az esztergomi szabadt\u00e9ri ki\u00e1ll\u00edt\u00e1st","og_description":"\u00dagy n\u00e9z ki, hogy nem szeretn\u00e9k az esztergomiak a szabadt\u00e9ri ki\u00e1ll\u00edt\u00e1st, hiszen csak egy napot b\u00edrt ki teljes fel\u00faj\u00edt\u00e1s ut\u00e1n \u00e9s m\u00e1ris megrong\u00e1lt\u00e1k &#8211; \u00e9rtes\u00fclt az esetr\u0151l az infoesztergom.hu Miut\u00e1n gyerekek sz\u00e9tvert\u00e9k a K\u00f6t\u0151d\u00e9s c\u00edm\u0171 ki\u00e1ll\u00edt\u00e1st, akik ellen b\u00fcntet\u0151elj\u00e1r\u00e1s is folyt, a Szenttam\u00e1s Bar\u00e1tai Egyes\u00fclet \u00fajb\u00f3l megalkotta a szabadt\u00e9ri ki\u00e1ll\u00edt\u00e1st, amit okt\u00f3ber 21-\u00e9n nyitottak meg.","og_url":"https:\/\/dorogimedence.hu\/index.php\/2017\/10\/25\/ismet-szetvertek-az-esztergomi-szabadteri-kiallitast\/","og_site_name":"Dorogi-medence Region\u00e1lis H\u00edrport\u00e1l","article_publisher":"https:\/\/www.facebook.com\/dorogimedence\/","article_published_time":"2017-10-25T06:34:00+00:00","article_modified_time":"2017-10-25T06:35:58+00:00","og_image":[{"width":670,"height":365,"url":"https:\/\/i0.wp.com\/dorogimedence.hu\/wp-content\/uploads\/2017\/10\/szabadteri-kiallitas-vandallok-2.jpg?fit=670%2C365&ssl=1","type":"image\/jpeg"}],"author":"dorogimedence.hu","twitter_card":"summary_large_image","twitter_misc":{"Szerz\u0151:":"dorogimedence.hu","Becs\u00fclt olvas\u00e1si id\u0151":"4 perc"},"schema":{"@context":"https:\/\/schema.org","@graph":[{"@type":"Article","@id":"https:\/\/dorogimedence.hu\/index.php\/2017\/10\/25\/ismet-szetvertek-az-esztergomi-szabadteri-kiallitast\/#article","isPartOf":{"@id":"https:\/\/dorogimedence.hu\/index.php\/2017\/10\/25\/ismet-szetvertek-az-esztergomi-szabadteri-kiallitast\/"},"author":{"name":"dorogimedence.hu","@id":"https:\/\/dorogimedence.hu\/#\/schema\/person\/ce6091eeb7e95ecdc87890d6aa8e0fd4"},"headline":"Ism\u00e9t sz\u00e9tvert\u00e9k az esztergomi szabadt\u00e9ri ki\u00e1ll\u00edt\u00e1st","datePublished":"2017-10-25T06:34:00+00:00","dateModified":"2017-10-25T06:35:58+00:00","mainEntityOfPage":{"@id":"https:\/\/dorogimedence.hu\/index.php\/2017\/10\/25\/ismet-szetvertek-az-esztergomi-szabadteri-kiallitast\/"},"wordCount":771,"publisher":{"@id":"https:\/\/dorogimedence.hu\/#organization"},"image":{"@id":"https:\/\/dorogimedence.hu\/index.php\/2017\/10\/25\/ismet-szetvertek-az-esztergomi-szabadteri-kiallitast\/#primaryimage"},"thumbnailUrl":"https:\/\/dorogimedence.hu\/wp-content\/uploads\/2017\/10\/szabadteri-kiallitas-vandallok-2.jpg","keywords":["b\u0171ncselekm\u00e9ny","esztergom","szabadt\u00e9ri ki\u00e1ll\u00edt\u00e1s","vand\u00e1lok"],"articleSection":["Esztergom","H\u00edrek"],"inLanguage":"hu"},{"@type":"WebPage","@id":"https:\/\/dorogimedence.hu\/index.php\/2017\/10\/25\/ismet-szetvertek-az-esztergomi-szabadteri-kiallitast\/","url":"https:\/\/dorogimedence.hu\/index.php\/2017\/10\/25\/ismet-szetvertek-az-esztergomi-szabadteri-kiallitast\/","name":"Ism\u00e9t sz\u00e9tvert\u00e9k az esztergomi szabadt\u00e9ri ki\u00e1ll\u00edt\u00e1st","isPartOf":{"@id":"https:\/\/dorogimedence.hu\/#website"},"primaryImageOfPage":{"@id":"https:\/\/dorogimedence.hu\/index.php\/2017\/10\/25\/ismet-szetvertek-az-esztergomi-szabadteri-kiallitast\/#primaryimage"},"image":{"@id":"https:\/\/dorogimedence.hu\/index.php\/2017\/10\/25\/ismet-szetvertek-az-esztergomi-szabadteri-kiallitast\/#primaryimage"},"thumbnailUrl":"https:\/\/dorogimedence.hu\/wp-content\/uploads\/2017\/10\/szabadteri-kiallitas-vandallok-2.jpg","datePublished":"2017-10-25T06:34:00+00:00","dateModified":"2017-10-25T06:35:58+00:00","breadcrumb":{"@id":"https:\/\/dorogimedence.hu\/index.php\/2017\/10\/25\/ismet-szetvertek-az-esztergomi-szabadteri-kiallitast\/#breadcrumb"},"inLanguage":"hu","potentialAction":[{"@type":"ReadAction","target":["https:\/\/dorogimedence.hu\/index.php\/2017\/10\/25\/ismet-szetvertek-az-esztergomi-szabadteri-kiallitast\/"]}]},{"@type":"ImageObject","inLanguage":"hu","@id":"https:\/\/dorogimedence.hu\/index.php\/2017\/10\/25\/ismet-szetvertek-az-esztergomi-szabadteri-kiallitast\/#primaryimage","url":"https:\/\/dorogimedence.hu\/wp-content\/uploads\/2017\/10\/szabadteri-kiallitas-vandallok-2.jpg","contentUrl":"https:\/\/dorogimedence.hu\/wp-content\/uploads\/2017\/10\/szabadteri-kiallitas-vandallok-2.jpg","width":670,"height":365},{"@type":"BreadcrumbList","@id":"https:\/\/dorogimedence.hu\/index.php\/2017\/10\/25\/ismet-szetvertek-az-esztergomi-szabadteri-kiallitast\/#breadcrumb","itemListElement":[{"@type":"ListItem","position":1,"name":"Kezd\u0151lap","item":"https:\/\/dorogimedence.hu\/"},{"@type":"ListItem","position":2,"name":"Ism\u00e9t sz\u00e9tvert\u00e9k az esztergomi szabadt\u00e9ri ki\u00e1ll\u00edt\u00e1st"}]},{"@type":"WebSite","@id":"https:\/\/dorogimedence.hu\/#website","url":"https:\/\/dorogimedence.hu\/","name":"Dorogi-medence Region\u00e1lis H\u00edrport\u00e1l","description":"Dorog, Keszt\u00f6lc, Le\u00e1nyv\u00e1r, Piliscs\u00e9v, Tokod, Tokodalt\u00e1r\u00f3, Csolnok, Esztergom-kertv\u00e1ros: h\u00edrek, programok","publisher":{"@id":"https:\/\/dorogimedence.hu\/#organization"},"potentialAction":[{"@type":"SearchAction","target":{"@type":"EntryPoint","urlTemplate":"https:\/\/dorogimedence.hu\/?s={search_term_string}"},"query-input":{"@type":"PropertyValueSpecification","valueRequired":true,"valueName":"search_term_string"}}],"inLanguage":"hu"},{"@type":"Organization","@id":"https:\/\/dorogimedence.hu\/#organization","name":"Dorogi-medence Region\u00e1lis H\u00edrport\u00e1l","url":"https:\/\/dorogimedence.hu\/","logo":{"@type":"ImageObject","inLanguage":"hu","@id":"https:\/\/dorogimedence.hu\/#\/schema\/logo\/image\/","url":"https:\/\/dorogimedence.hu\/wp-content\/uploads\/2021\/04\/logo-feher-600.png","contentUrl":"https:\/\/dorogimedence.hu\/wp-content\/uploads\/2021\/04\/logo-feher-600.png","width":600,"height":100,"caption":"Dorogi-medence Region\u00e1lis H\u00edrport\u00e1l"},"image":{"@id":"https:\/\/dorogimedence.hu\/#\/schema\/logo\/image\/"},"sameAs":["https:\/\/www.facebook.com\/dorogimedence\/"]},{"@type":"Person","@id":"https:\/\/dorogimedence.hu\/#\/schema\/person\/ce6091eeb7e95ecdc87890d6aa8e0fd4","name":"dorogimedence.hu","image":{"@type":"ImageObject","inLanguage":"hu","@id":"\/\/www.gravatar.com\/avatar\/d8d45f8901aadff40a4af72c0b826f1d?s=96&#038;r=g&#038;d=mm","url":"\/\/www.gravatar.com\/avatar\/d8d45f8901aadff40a4af72c0b826f1d?s=96&#038;r=g&#038;d=mm","contentUrl":"\/\/www.gravatar.com\/avatar\/d8d45f8901aadff40a4af72c0b826f1d?s=96&#038;r=g&#038;d=mm","caption":"dorogimedence.hu"}}]}},"_links":{"self":[{"href":"https:\/\/dorogimedence.hu\/index.php\/wp-json\/wp\/v2\/posts\/6425","targetHints":{"allow":["GET"]}}],"collection":[{"href":"https:\/\/dorogimedence.hu\/index.php\/wp-json\/wp\/v2\/posts"}],"about":[{"href":"https:\/\/dorogimedence.hu\/index.php\/wp-json\/wp\/v2\/types\/post"}],"author":[{"embeddable":true,"href":"https:\/\/dorogimedence.hu\/index.php\/wp-json\/wp\/v2\/users\/1"}],"replies":[{"embeddable":true,"href":"https:\/\/dorogimedence.hu\/index.php\/wp-json\/wp\/v2\/comments?post=6425"}],"version-history":[{"count":0,"href":"https:\/\/dorogimedence.hu\/index.php\/wp-json\/wp\/v2\/posts\/6425\/revisions"}],"wp:featuredmedia":[{"embeddable":true,"href":"https:\/\/dorogimedence.hu\/index.php\/wp-json\/wp\/v2\/media\/6426"}],"wp:attachment":[{"href":"https:\/\/dorogimedence.hu\/index.php\/wp-json\/wp\/v2\/media?parent=6425"}],"wp:term":[{"taxonomy":"category","embeddable":true,"href":"https:\/\/dorogimedence.hu\/index.php\/wp-json\/wp\/v2\/categories?post=6425"},{"taxonomy":"post_tag","embeddable":true,"href":"https:\/\/dorogimedence.hu\/index.php\/wp-json\/wp\/v2\/tags?post=6425"}],"curies":[{"name":"wp","href":"https:\/\/api.w.org\/{rel}","templated":true}]}}