{"id":6421,"date":"2017-10-25T07:06:51","date_gmt":"2017-10-25T05:06:51","guid":{"rendered":"http:\/\/dorogimedence.hu\/?p=6421"},"modified":"2017-10-25T07:06:51","modified_gmt":"2017-10-25T05:06:51","slug":"elkezdodtek-a-bimbo-utca-rekonstrukcios-munkalatai","status":"publish","type":"post","link":"https:\/\/dorogimedence.hu\/index.php\/2017\/10\/25\/elkezdodtek-a-bimbo-utca-rekonstrukcios-munkalatai\/","title":{"rendered":"Elkezd\u0151dtek a Bimb\u00f3 utca rekonstrukci\u00f3s munk\u00e1latai"},"content":{"rendered":"<p><strong>Okt\u00f3ber 24-\u00e9n, kedden az \u00c9szak-Dun\u00e1nt\u00fali V\u00edzm\u0171 Zrt. beruh\u00e1z\u00e1s\u00e1ban \u00e9s a Thermin Kft. kivitelez\u00e9s\u00e9ben megkezd\u0151dtek a dorogi Bimb\u00f3 utca v\u00edzik\u00f6zm\u0171veinek rekonstrukci\u00f3s munk\u00e1latai.<\/strong><\/p>\n<p>A v\u00edzvezet\u00e9kek \u00e9s a szennyv\u00edzcsatorna rekonstrukci\u00f3s munk\u00e1latainak kivitelez\u00e9se v\u00e1rhat\u00f3an 40 munkanapot vesz majd ig\u00e9nybe. A munk\u00e1latokat k\u00f6vet\u0151en a j\u00f6v\u0151 \u00e9v elej\u00e9n \u00f6nkorm\u00e1nyzati beruh\u00e1z\u00e1s keret\u00e9ben elk\u00e9sz\u00fcl az utca \u00fat- \u00e9s j\u00e1rdafel\u00faj\u00edt\u00e1sa is.<\/p>\n<p><em><a href=\"https:\/\/dorogimedence.hu\/index.php\/2017\/04\/06\/iden-meg-nem-ujitjak-fel-dorogi-bimbo-utcat\/\" target=\"_blank\" rel=\"noopener\"><span style=\"text-decoration: underline; color: #0000ff;\">Mint kor\u00e1bban \u00edrtuk<\/span><\/a> az idei k\u00f6lts\u00e9gvet\u00e9sbe beker\u00fclt Bimb\u00f3 utca fel\u00faj\u00edt\u00e1s\u00e1t az\u00e9rt nem tudt\u00e1k elkezdeni az id\u00e9n, mert el\u0151tte a v\u00edz- \u00e9s csatornah\u00e1l\u00f3zat fel\u00faj\u00edt\u00e1s\u00e1t el szerette volna v\u00e9gezni a V\u00edzm\u0171.<\/em><\/p>\n<p><em>Forr\u00e1s: dorog.hu<\/em><\/p>\n","protected":false},"excerpt":{"rendered":"<p>Okt\u00f3ber 24-\u00e9n, kedden az \u00c9szak-Dun\u00e1nt\u00fali V\u00edzm\u0171 Zrt. beruh\u00e1z\u00e1s\u00e1ban \u00e9s a Thermin Kft. kivitelez\u00e9s\u00e9ben megkezd\u0151dtek a dorogi Bimb\u00f3 utca v\u00edzik\u00f6zm\u0171veinek rekonstrukci\u00f3s munk\u00e1latai. A v\u00edzvezet\u00e9kek \u00e9s a szennyv\u00edzcsatorna rekonstrukci\u00f3s munk\u00e1latainak kivitelez\u00e9se v\u00e1rhat\u00f3an 40 munkanapot vesz majd ig\u00e9nybe. A munk\u00e1latokat k\u00f6vet\u0151en a j\u00f6v\u0151 \u00e9v elej\u00e9n \u00f6nkorm\u00e1nyzati beruh\u00e1z\u00e1s keret\u00e9ben elk\u00e9sz\u00fcl az utca \u00fat- \u00e9s j\u00e1rdafel\u00faj\u00edt\u00e1sa is. Mint kor\u00e1bban \u00edrtuk<\/p>\n","protected":false},"author":1,"featured_media":2160,"comment_status":"closed","ping_status":"closed","sticky":false,"template":"","format":"standard","meta":{"ngg_post_thumbnail":0,"footnotes":""},"categories":[2,3],"tags":[1749,15,464,1750,270],"class_list":{"0":"post-6421","1":"post","2":"type-post","3":"status-publish","4":"format-standard","5":"has-post-thumbnail","7":"category-dorog","8":"category-hirek","9":"tag-bimbo-utca","10":"tag-dorog","11":"tag-felujitas","12":"tag-vizkozmu","13":"tag-vizmu"},"yoast_head":"<!-- This site is optimized with the Yoast SEO plugin v27.4 - https:\/\/yoast.com\/product\/yoast-seo-wordpress\/ -->\n<title>Elkezd\u0151dtek a Bimb\u00f3 utca rekonstrukci\u00f3s munk\u00e1latai<\/title>\n<meta name=\"robots\" content=\"index, follow, max-snippet:-1, max-image-preview:large, max-video-preview:-1\" \/>\n<link rel=\"canonical\" href=\"https:\/\/dorogimedence.hu\/index.php\/2017\/10\/25\/elkezdodtek-a-bimbo-utca-rekonstrukcios-munkalatai\/\" class=\"yoast-seo-meta-tag\" \/>\n<meta property=\"og:locale\" content=\"hu_HU\" class=\"yoast-seo-meta-tag\" \/>\n<meta property=\"og:type\" content=\"article\" class=\"yoast-seo-meta-tag\" \/>\n<meta property=\"og:title\" content=\"Elkezd\u0151dtek a Bimb\u00f3 utca rekonstrukci\u00f3s munk\u00e1latai\" class=\"yoast-seo-meta-tag\" \/>\n<meta property=\"og:description\" content=\"Okt\u00f3ber 24-\u00e9n, kedden az \u00c9szak-Dun\u00e1nt\u00fali V\u00edzm\u0171 Zrt. beruh\u00e1z\u00e1s\u00e1ban \u00e9s a Thermin Kft. kivitelez\u00e9s\u00e9ben megkezd\u0151dtek a dorogi Bimb\u00f3 utca v\u00edzik\u00f6zm\u0171veinek rekonstrukci\u00f3s munk\u00e1latai. A v\u00edzvezet\u00e9kek \u00e9s a szennyv\u00edzcsatorna rekonstrukci\u00f3s munk\u00e1latainak kivitelez\u00e9se v\u00e1rhat\u00f3an 40 munkanapot vesz majd ig\u00e9nybe. A munk\u00e1latokat k\u00f6vet\u0151en a j\u00f6v\u0151 \u00e9v elej\u00e9n \u00f6nkorm\u00e1nyzati beruh\u00e1z\u00e1s keret\u00e9ben elk\u00e9sz\u00fcl az utca \u00fat- \u00e9s j\u00e1rdafel\u00faj\u00edt\u00e1sa is. Mint kor\u00e1bban \u00edrtuk\" class=\"yoast-seo-meta-tag\" \/>\n<meta property=\"og:url\" content=\"https:\/\/dorogimedence.hu\/index.php\/2017\/10\/25\/elkezdodtek-a-bimbo-utca-rekonstrukcios-munkalatai\/\" class=\"yoast-seo-meta-tag\" \/>\n<meta property=\"og:site_name\" content=\"Dorogi-medence Region\u00e1lis H\u00edrport\u00e1l\" class=\"yoast-seo-meta-tag\" \/>\n<meta property=\"article:publisher\" content=\"https:\/\/www.facebook.com\/dorogimedence\/\" class=\"yoast-seo-meta-tag\" \/>\n<meta property=\"article:published_time\" content=\"2017-10-25T05:06:51+00:00\" class=\"yoast-seo-meta-tag\" \/>\n<meta property=\"og:image\" content=\"https:\/\/i0.wp.com\/dorogimedence.hu\/wp-content\/uploads\/2017\/04\/bimbo-utca-01.jpg?fit=670%2C365&ssl=1\" class=\"yoast-seo-meta-tag\" \/>\n\t<meta property=\"og:image:width\" content=\"670\" class=\"yoast-seo-meta-tag\" \/>\n\t<meta property=\"og:image:height\" content=\"365\" class=\"yoast-seo-meta-tag\" \/>\n\t<meta property=\"og:image:type\" content=\"image\/jpeg\" class=\"yoast-seo-meta-tag\" \/>\n<meta name=\"author\" content=\"dorogimedence.hu\" class=\"yoast-seo-meta-tag\" \/>\n<meta name=\"twitter:card\" content=\"summary_large_image\" class=\"yoast-seo-meta-tag\" \/>\n<meta name=\"twitter:label1\" content=\"Szerz\u0151:\" class=\"yoast-seo-meta-tag\" \/>\n\t<meta name=\"twitter:data1\" content=\"dorogimedence.hu\" class=\"yoast-seo-meta-tag\" \/>\n\t<meta name=\"twitter:label2\" content=\"Becs\u00fclt olvas\u00e1si id\u0151\" class=\"yoast-seo-meta-tag\" \/>\n\t<meta name=\"twitter:data2\" content=\"1 perc\" class=\"yoast-seo-meta-tag\" \/>\n<script type=\"application\/ld+json\" class=\"yoast-schema-graph\">{\"@context\":\"https:\\\/\\\/schema.org\",\"@graph\":[{\"@type\":\"Article\",\"@id\":\"https:\\\/\\\/dorogimedence.hu\\\/index.php\\\/2017\\\/10\\\/25\\\/elkezdodtek-a-bimbo-utca-rekonstrukcios-munkalatai\\\/#article\",\"isPartOf\":{\"@id\":\"https:\\\/\\\/dorogimedence.hu\\\/index.php\\\/2017\\\/10\\\/25\\\/elkezdodtek-a-bimbo-utca-rekonstrukcios-munkalatai\\\/\"},\"author\":{\"name\":\"dorogimedence.hu\",\"@id\":\"https:\\\/\\\/dorogimedence.hu\\\/#\\\/schema\\\/person\\\/ce6091eeb7e95ecdc87890d6aa8e0fd4\"},\"headline\":\"Elkezd\u0151dtek a Bimb\u00f3 utca rekonstrukci\u00f3s munk\u00e1latai\",\"datePublished\":\"2017-10-25T05:06:51+00:00\",\"mainEntityOfPage\":{\"@id\":\"https:\\\/\\\/dorogimedence.hu\\\/index.php\\\/2017\\\/10\\\/25\\\/elkezdodtek-a-bimbo-utca-rekonstrukcios-munkalatai\\\/\"},\"wordCount\":155,\"publisher\":{\"@id\":\"https:\\\/\\\/dorogimedence.hu\\\/#organization\"},\"image\":{\"@id\":\"https:\\\/\\\/dorogimedence.hu\\\/index.php\\\/2017\\\/10\\\/25\\\/elkezdodtek-a-bimbo-utca-rekonstrukcios-munkalatai\\\/#primaryimage\"},\"thumbnailUrl\":\"https:\\\/\\\/dorogimedence.hu\\\/wp-content\\\/uploads\\\/2017\\\/04\\\/bimbo-utca-01.jpg\",\"keywords\":[\"Bimb\u00f3 utca\",\"Dorog\",\"fel\u00faj\u00edt\u00e1s\",\"v\u00edzk\u00f6zm\u0171\",\"v\u00edzm\u0171\"],\"articleSection\":[\"Dorog\",\"H\u00edrek\"],\"inLanguage\":\"hu\"},{\"@type\":\"WebPage\",\"@id\":\"https:\\\/\\\/dorogimedence.hu\\\/index.php\\\/2017\\\/10\\\/25\\\/elkezdodtek-a-bimbo-utca-rekonstrukcios-munkalatai\\\/\",\"url\":\"https:\\\/\\\/dorogimedence.hu\\\/index.php\\\/2017\\\/10\\\/25\\\/elkezdodtek-a-bimbo-utca-rekonstrukcios-munkalatai\\\/\",\"name\":\"Elkezd\u0151dtek a Bimb\u00f3 utca rekonstrukci\u00f3s munk\u00e1latai\",\"isPartOf\":{\"@id\":\"https:\\\/\\\/dorogimedence.hu\\\/#website\"},\"primaryImageOfPage\":{\"@id\":\"https:\\\/\\\/dorogimedence.hu\\\/index.php\\\/2017\\\/10\\\/25\\\/elkezdodtek-a-bimbo-utca-rekonstrukcios-munkalatai\\\/#primaryimage\"},\"image\":{\"@id\":\"https:\\\/\\\/dorogimedence.hu\\\/index.php\\\/2017\\\/10\\\/25\\\/elkezdodtek-a-bimbo-utca-rekonstrukcios-munkalatai\\\/#primaryimage\"},\"thumbnailUrl\":\"https:\\\/\\\/dorogimedence.hu\\\/wp-content\\\/uploads\\\/2017\\\/04\\\/bimbo-utca-01.jpg\",\"datePublished\":\"2017-10-25T05:06:51+00:00\",\"breadcrumb\":{\"@id\":\"https:\\\/\\\/dorogimedence.hu\\\/index.php\\\/2017\\\/10\\\/25\\\/elkezdodtek-a-bimbo-utca-rekonstrukcios-munkalatai\\\/#breadcrumb\"},\"inLanguage\":\"hu\",\"potentialAction\":[{\"@type\":\"ReadAction\",\"target\":[\"https:\\\/\\\/dorogimedence.hu\\\/index.php\\\/2017\\\/10\\\/25\\\/elkezdodtek-a-bimbo-utca-rekonstrukcios-munkalatai\\\/\"]}]},{\"@type\":\"ImageObject\",\"inLanguage\":\"hu\",\"@id\":\"https:\\\/\\\/dorogimedence.hu\\\/index.php\\\/2017\\\/10\\\/25\\\/elkezdodtek-a-bimbo-utca-rekonstrukcios-munkalatai\\\/#primaryimage\",\"url\":\"https:\\\/\\\/dorogimedence.hu\\\/wp-content\\\/uploads\\\/2017\\\/04\\\/bimbo-utca-01.jpg\",\"contentUrl\":\"https:\\\/\\\/dorogimedence.hu\\\/wp-content\\\/uploads\\\/2017\\\/04\\\/bimbo-utca-01.jpg\",\"width\":670,\"height\":365},{\"@type\":\"BreadcrumbList\",\"@id\":\"https:\\\/\\\/dorogimedence.hu\\\/index.php\\\/2017\\\/10\\\/25\\\/elkezdodtek-a-bimbo-utca-rekonstrukcios-munkalatai\\\/#breadcrumb\",\"itemListElement\":[{\"@type\":\"ListItem\",\"position\":1,\"name\":\"Kezd\u0151lap\",\"item\":\"https:\\\/\\\/dorogimedence.hu\\\/\"},{\"@type\":\"ListItem\",\"position\":2,\"name\":\"Elkezd\u0151dtek a Bimb\u00f3 utca rekonstrukci\u00f3s munk\u00e1latai\"}]},{\"@type\":\"WebSite\",\"@id\":\"https:\\\/\\\/dorogimedence.hu\\\/#website\",\"url\":\"https:\\\/\\\/dorogimedence.hu\\\/\",\"name\":\"Dorogi-medence Region\u00e1lis H\u00edrport\u00e1l\",\"description\":\"Dorog, Keszt\u00f6lc, Le\u00e1nyv\u00e1r, Piliscs\u00e9v, Tokod, Tokodalt\u00e1r\u00f3, Csolnok, Esztergom-kertv\u00e1ros: h\u00edrek, programok\",\"publisher\":{\"@id\":\"https:\\\/\\\/dorogimedence.hu\\\/#organization\"},\"potentialAction\":[{\"@type\":\"SearchAction\",\"target\":{\"@type\":\"EntryPoint\",\"urlTemplate\":\"https:\\\/\\\/dorogimedence.hu\\\/?s={search_term_string}\"},\"query-input\":{\"@type\":\"PropertyValueSpecification\",\"valueRequired\":true,\"valueName\":\"search_term_string\"}}],\"inLanguage\":\"hu\"},{\"@type\":\"Organization\",\"@id\":\"https:\\\/\\\/dorogimedence.hu\\\/#organization\",\"name\":\"Dorogi-medence Region\u00e1lis H\u00edrport\u00e1l\",\"url\":\"https:\\\/\\\/dorogimedence.hu\\\/\",\"logo\":{\"@type\":\"ImageObject\",\"inLanguage\":\"hu\",\"@id\":\"https:\\\/\\\/dorogimedence.hu\\\/#\\\/schema\\\/logo\\\/image\\\/\",\"url\":\"https:\\\/\\\/dorogimedence.hu\\\/wp-content\\\/uploads\\\/2021\\\/04\\\/logo-feher-600.png\",\"contentUrl\":\"https:\\\/\\\/dorogimedence.hu\\\/wp-content\\\/uploads\\\/2021\\\/04\\\/logo-feher-600.png\",\"width\":600,\"height\":100,\"caption\":\"Dorogi-medence Region\u00e1lis H\u00edrport\u00e1l\"},\"image\":{\"@id\":\"https:\\\/\\\/dorogimedence.hu\\\/#\\\/schema\\\/logo\\\/image\\\/\"},\"sameAs\":[\"https:\\\/\\\/www.facebook.com\\\/dorogimedence\\\/\"]},{\"@type\":\"Person\",\"@id\":\"https:\\\/\\\/dorogimedence.hu\\\/#\\\/schema\\\/person\\\/ce6091eeb7e95ecdc87890d6aa8e0fd4\",\"name\":\"dorogimedence.hu\",\"image\":{\"@type\":\"ImageObject\",\"inLanguage\":\"hu\",\"@id\":\"\\\/\\\/www.gravatar.com\\\/avatar\\\/d8d45f8901aadff40a4af72c0b826f1d?s=96&#038;r=g&#038;d=mm\",\"url\":\"\\\/\\\/www.gravatar.com\\\/avatar\\\/d8d45f8901aadff40a4af72c0b826f1d?s=96&#038;r=g&#038;d=mm\",\"contentUrl\":\"\\\/\\\/www.gravatar.com\\\/avatar\\\/d8d45f8901aadff40a4af72c0b826f1d?s=96&#038;r=g&#038;d=mm\",\"caption\":\"dorogimedence.hu\"}}]}<\/script>\n<!-- \/ Yoast SEO plugin. -->","yoast_head_json":{"title":"Elkezd\u0151dtek a Bimb\u00f3 utca rekonstrukci\u00f3s munk\u00e1latai","robots":{"index":"index","follow":"follow","max-snippet":"max-snippet:-1","max-image-preview":"max-image-preview:large","max-video-preview":"max-video-preview:-1"},"canonical":"https:\/\/dorogimedence.hu\/index.php\/2017\/10\/25\/elkezdodtek-a-bimbo-utca-rekonstrukcios-munkalatai\/","og_locale":"hu_HU","og_type":"article","og_title":"Elkezd\u0151dtek a Bimb\u00f3 utca rekonstrukci\u00f3s munk\u00e1latai","og_description":"Okt\u00f3ber 24-\u00e9n, kedden az \u00c9szak-Dun\u00e1nt\u00fali V\u00edzm\u0171 Zrt. beruh\u00e1z\u00e1s\u00e1ban \u00e9s a Thermin Kft. kivitelez\u00e9s\u00e9ben megkezd\u0151dtek a dorogi Bimb\u00f3 utca v\u00edzik\u00f6zm\u0171veinek rekonstrukci\u00f3s munk\u00e1latai. A v\u00edzvezet\u00e9kek \u00e9s a szennyv\u00edzcsatorna rekonstrukci\u00f3s munk\u00e1latainak kivitelez\u00e9se v\u00e1rhat\u00f3an 40 munkanapot vesz majd ig\u00e9nybe. A munk\u00e1latokat k\u00f6vet\u0151en a j\u00f6v\u0151 \u00e9v elej\u00e9n \u00f6nkorm\u00e1nyzati beruh\u00e1z\u00e1s keret\u00e9ben elk\u00e9sz\u00fcl az utca \u00fat- \u00e9s j\u00e1rdafel\u00faj\u00edt\u00e1sa is. Mint kor\u00e1bban \u00edrtuk","og_url":"https:\/\/dorogimedence.hu\/index.php\/2017\/10\/25\/elkezdodtek-a-bimbo-utca-rekonstrukcios-munkalatai\/","og_site_name":"Dorogi-medence Region\u00e1lis H\u00edrport\u00e1l","article_publisher":"https:\/\/www.facebook.com\/dorogimedence\/","article_published_time":"2017-10-25T05:06:51+00:00","og_image":[{"width":670,"height":365,"url":"https:\/\/i0.wp.com\/dorogimedence.hu\/wp-content\/uploads\/2017\/04\/bimbo-utca-01.jpg?fit=670%2C365&ssl=1","type":"image\/jpeg"}],"author":"dorogimedence.hu","twitter_card":"summary_large_image","twitter_misc":{"Szerz\u0151:":"dorogimedence.hu","Becs\u00fclt olvas\u00e1si id\u0151":"1 perc"},"schema":{"@context":"https:\/\/schema.org","@graph":[{"@type":"Article","@id":"https:\/\/dorogimedence.hu\/index.php\/2017\/10\/25\/elkezdodtek-a-bimbo-utca-rekonstrukcios-munkalatai\/#article","isPartOf":{"@id":"https:\/\/dorogimedence.hu\/index.php\/2017\/10\/25\/elkezdodtek-a-bimbo-utca-rekonstrukcios-munkalatai\/"},"author":{"name":"dorogimedence.hu","@id":"https:\/\/dorogimedence.hu\/#\/schema\/person\/ce6091eeb7e95ecdc87890d6aa8e0fd4"},"headline":"Elkezd\u0151dtek a Bimb\u00f3 utca rekonstrukci\u00f3s munk\u00e1latai","datePublished":"2017-10-25T05:06:51+00:00","mainEntityOfPage":{"@id":"https:\/\/dorogimedence.hu\/index.php\/2017\/10\/25\/elkezdodtek-a-bimbo-utca-rekonstrukcios-munkalatai\/"},"wordCount":155,"publisher":{"@id":"https:\/\/dorogimedence.hu\/#organization"},"image":{"@id":"https:\/\/dorogimedence.hu\/index.php\/2017\/10\/25\/elkezdodtek-a-bimbo-utca-rekonstrukcios-munkalatai\/#primaryimage"},"thumbnailUrl":"https:\/\/dorogimedence.hu\/wp-content\/uploads\/2017\/04\/bimbo-utca-01.jpg","keywords":["Bimb\u00f3 utca","Dorog","fel\u00faj\u00edt\u00e1s","v\u00edzk\u00f6zm\u0171","v\u00edzm\u0171"],"articleSection":["Dorog","H\u00edrek"],"inLanguage":"hu"},{"@type":"WebPage","@id":"https:\/\/dorogimedence.hu\/index.php\/2017\/10\/25\/elkezdodtek-a-bimbo-utca-rekonstrukcios-munkalatai\/","url":"https:\/\/dorogimedence.hu\/index.php\/2017\/10\/25\/elkezdodtek-a-bimbo-utca-rekonstrukcios-munkalatai\/","name":"Elkezd\u0151dtek a Bimb\u00f3 utca rekonstrukci\u00f3s munk\u00e1latai","isPartOf":{"@id":"https:\/\/dorogimedence.hu\/#website"},"primaryImageOfPage":{"@id":"https:\/\/dorogimedence.hu\/index.php\/2017\/10\/25\/elkezdodtek-a-bimbo-utca-rekonstrukcios-munkalatai\/#primaryimage"},"image":{"@id":"https:\/\/dorogimedence.hu\/index.php\/2017\/10\/25\/elkezdodtek-a-bimbo-utca-rekonstrukcios-munkalatai\/#primaryimage"},"thumbnailUrl":"https:\/\/dorogimedence.hu\/wp-content\/uploads\/2017\/04\/bimbo-utca-01.jpg","datePublished":"2017-10-25T05:06:51+00:00","breadcrumb":{"@id":"https:\/\/dorogimedence.hu\/index.php\/2017\/10\/25\/elkezdodtek-a-bimbo-utca-rekonstrukcios-munkalatai\/#breadcrumb"},"inLanguage":"hu","potentialAction":[{"@type":"ReadAction","target":["https:\/\/dorogimedence.hu\/index.php\/2017\/10\/25\/elkezdodtek-a-bimbo-utca-rekonstrukcios-munkalatai\/"]}]},{"@type":"ImageObject","inLanguage":"hu","@id":"https:\/\/dorogimedence.hu\/index.php\/2017\/10\/25\/elkezdodtek-a-bimbo-utca-rekonstrukcios-munkalatai\/#primaryimage","url":"https:\/\/dorogimedence.hu\/wp-content\/uploads\/2017\/04\/bimbo-utca-01.jpg","contentUrl":"https:\/\/dorogimedence.hu\/wp-content\/uploads\/2017\/04\/bimbo-utca-01.jpg","width":670,"height":365},{"@type":"BreadcrumbList","@id":"https:\/\/dorogimedence.hu\/index.php\/2017\/10\/25\/elkezdodtek-a-bimbo-utca-rekonstrukcios-munkalatai\/#breadcrumb","itemListElement":[{"@type":"ListItem","position":1,"name":"Kezd\u0151lap","item":"https:\/\/dorogimedence.hu\/"},{"@type":"ListItem","position":2,"name":"Elkezd\u0151dtek a Bimb\u00f3 utca rekonstrukci\u00f3s munk\u00e1latai"}]},{"@type":"WebSite","@id":"https:\/\/dorogimedence.hu\/#website","url":"https:\/\/dorogimedence.hu\/","name":"Dorogi-medence Region\u00e1lis H\u00edrport\u00e1l","description":"Dorog, Keszt\u00f6lc, Le\u00e1nyv\u00e1r, Piliscs\u00e9v, Tokod, Tokodalt\u00e1r\u00f3, Csolnok, Esztergom-kertv\u00e1ros: h\u00edrek, programok","publisher":{"@id":"https:\/\/dorogimedence.hu\/#organization"},"potentialAction":[{"@type":"SearchAction","target":{"@type":"EntryPoint","urlTemplate":"https:\/\/dorogimedence.hu\/?s={search_term_string}"},"query-input":{"@type":"PropertyValueSpecification","valueRequired":true,"valueName":"search_term_string"}}],"inLanguage":"hu"},{"@type":"Organization","@id":"https:\/\/dorogimedence.hu\/#organization","name":"Dorogi-medence Region\u00e1lis H\u00edrport\u00e1l","url":"https:\/\/dorogimedence.hu\/","logo":{"@type":"ImageObject","inLanguage":"hu","@id":"https:\/\/dorogimedence.hu\/#\/schema\/logo\/image\/","url":"https:\/\/dorogimedence.hu\/wp-content\/uploads\/2021\/04\/logo-feher-600.png","contentUrl":"https:\/\/dorogimedence.hu\/wp-content\/uploads\/2021\/04\/logo-feher-600.png","width":600,"height":100,"caption":"Dorogi-medence Region\u00e1lis H\u00edrport\u00e1l"},"image":{"@id":"https:\/\/dorogimedence.hu\/#\/schema\/logo\/image\/"},"sameAs":["https:\/\/www.facebook.com\/dorogimedence\/"]},{"@type":"Person","@id":"https:\/\/dorogimedence.hu\/#\/schema\/person\/ce6091eeb7e95ecdc87890d6aa8e0fd4","name":"dorogimedence.hu","image":{"@type":"ImageObject","inLanguage":"hu","@id":"\/\/www.gravatar.com\/avatar\/d8d45f8901aadff40a4af72c0b826f1d?s=96&#038;r=g&#038;d=mm","url":"\/\/www.gravatar.com\/avatar\/d8d45f8901aadff40a4af72c0b826f1d?s=96&#038;r=g&#038;d=mm","contentUrl":"\/\/www.gravatar.com\/avatar\/d8d45f8901aadff40a4af72c0b826f1d?s=96&#038;r=g&#038;d=mm","caption":"dorogimedence.hu"}}]}},"_links":{"self":[{"href":"https:\/\/dorogimedence.hu\/index.php\/wp-json\/wp\/v2\/posts\/6421","targetHints":{"allow":["GET"]}}],"collection":[{"href":"https:\/\/dorogimedence.hu\/index.php\/wp-json\/wp\/v2\/posts"}],"about":[{"href":"https:\/\/dorogimedence.hu\/index.php\/wp-json\/wp\/v2\/types\/post"}],"author":[{"embeddable":true,"href":"https:\/\/dorogimedence.hu\/index.php\/wp-json\/wp\/v2\/users\/1"}],"replies":[{"embeddable":true,"href":"https:\/\/dorogimedence.hu\/index.php\/wp-json\/wp\/v2\/comments?post=6421"}],"version-history":[{"count":0,"href":"https:\/\/dorogimedence.hu\/index.php\/wp-json\/wp\/v2\/posts\/6421\/revisions"}],"wp:featuredmedia":[{"embeddable":true,"href":"https:\/\/dorogimedence.hu\/index.php\/wp-json\/wp\/v2\/media\/2160"}],"wp:attachment":[{"href":"https:\/\/dorogimedence.hu\/index.php\/wp-json\/wp\/v2\/media?parent=6421"}],"wp:term":[{"taxonomy":"category","embeddable":true,"href":"https:\/\/dorogimedence.hu\/index.php\/wp-json\/wp\/v2\/categories?post=6421"},{"taxonomy":"post_tag","embeddable":true,"href":"https:\/\/dorogimedence.hu\/index.php\/wp-json\/wp\/v2\/tags?post=6421"}],"curies":[{"name":"wp","href":"https:\/\/api.w.org\/{rel}","templated":true}]}}